{"id":73554,"date":"2022-01-26T20:13:30","date_gmt":"2022-01-26T23:13:30","guid":{"rendered":"https:\/\/webdelmaestrocmf.com\/portal\/?p=73554"},"modified":"2022-01-27T11:18:47","modified_gmt":"2022-01-27T14:18:47","slug":"el-uso-de-esteroides-en-adolescentes-puede-provocar-trastornos-y-enfermedades-graves","status":"publish","type":"post","link":"https:\/\/webdelmaestrocmf.com\/portal\/el-uso-de-esteroides-en-adolescentes-puede-provocar-trastornos-y-enfermedades-graves\/","title":{"rendered":"El uso de esteroides en adolescentes puede provocar trastornos y enfermedades graves"},"content":{"rendered":"<h5 style=\"text-align: justify;\">Muchos de los j\u00f3venes que acuden al gimnasio para\u00a0estar en forma\u00a0y mejorar su apariencia f\u00edsica optan por el consumo de hormonas sint\u00e9ticas con la intenci\u00f3n de incrementar su musculatura de forma r\u00e1pida y exagerada. Pero el uso de\u00a0<strong>esteroides en adolescentes<\/strong>\u00a0representa un serio peligro para la salud, pues puede provocar trastornos de diversa consideraci\u00f3n y enfermedades con efectos a largo plazo.<\/h5>\n<p><!--more--><\/p>\n<h5 style=\"text-align: justify;\"><strong>Qu\u00e9 son los esteroides anab\u00f3licos: <\/strong>Son versiones artificiales de la testosterona, la principal hormona sexual que produce el organismo masculino. Su funci\u00f3n consiste en desarrollar las caracter\u00edsticas propias de los hombres, como la voz profunda, el vello facial y el crecimiento de los m\u00fasculos.<\/h5>\n<p style=\"text-align: justify;\">Los esteroides anab\u00f3licos fabricados en laboratorio se usan para\u00a0<strong>el tratamiento de diversas enfermedades y problemas m\u00e9dicos<\/strong>, especialmente en las personas que no producen suficiente testosterona natural.<\/p>\n<p style=\"text-align: justify;\">Debido a que ayudan a incrementar la masa muscular, se utilizan tambi\u00e9n en casos de desnutrici\u00f3n severa, as\u00ed como para el tratamiento de anemias y ciertos tipos de c\u00e1nceres.<\/p>\n<p style=\"text-align: justify;\">No obstante, muchas personas suelen consumir estas sustancias sin ninguna necesidad m\u00e9dica real. Su \u00fanico fin es acelerar los efectos del trabajo en el gimnasio para mejorar su apariencia f\u00edsica en tiempo r\u00e9cord.<\/p>\n<p style=\"text-align: justify;\">\u201cEl prototipo de usuario de esteroides anabolizantes androg\u00e9nicos es\u00a0<strong>el var\u00f3n de 18 a 45 a\u00f1os (sobre todo de 25 a 30)<\/strong>, que trabaja a media jornada y tiene tiempo suficiente para ir al gimnasio\u201d, indica en un\u00a0<a href=\"https:\/\/aepsad.culturaydeporte.gob.es\/dam\/jcr:039f13e5-dc17-467c-b9d9-911afda2eefa\/peligro-del-uso-de-anabolizantes.pdf\" target=\"_blank\" rel=\"nofollow noopener\">art\u00edculo<\/a>\u00a0la doctora Nieves Palacios de Antu\u00f1ano, jefe de Servicio de Medicina, Endocrinolog\u00eda y Nutrici\u00f3n del Centro de Medicina del Deporte de Espa\u00f1a.<\/p>\n<h5>C\u00f3mo se suministran<\/h5>\n<p style=\"text-align: justify;\">Pueden administrarse por\u00a0<strong>v\u00eda oral, t\u00f3pica o en inyecci\u00f3n<\/strong>. Las personas que se han hecho adictas a ellos suelen usarlos de forma semanal o mensual.<\/p>\n<p style=\"text-align: justify;\">El m\u00e9todo consiste en tomar varias dosis durante un per\u00edodo determinado, descansar por un tiempo y comenzar el ciclo nuevamente. Algunos usuarios suelen mezclar distintas variantes de esta sustancia para potenciar su eficacia y, supuestamente, disminuir sus efectos negativos. Pero en realidad no logran este objetivo.<\/p>\n<h5 style=\"text-align: justify;\">Peligros del uso de esteroides en adolescentes<\/h5>\n<p style=\"text-align: justify;\">Al parecer, y seg\u00fan un\u00a0informe\u00a0del Instituto Nacional sobre el Abuso de Drogas de Estados Unidos (NIDA, por sus siglas en ingl\u00e9s), la mayor\u00eda de los estudios sobre los efectos negativos a largo plazo en el consumo de esteroides anab\u00f3licos proviene de informes cl\u00ednicos y no de investigaciones epidemiol\u00f3gicas formales.<\/p>\n<p style=\"text-align: justify;\">Aunque la incidencia de los efectos potencialmente fatales es baja, es muy probable que no se registren todos los efectos negativos graves, ya que\u00a0<strong>muchos suelen manifestarse algunos a\u00f1os m\u00e1s tarde<\/strong>.<\/p>\n<p style=\"text-align: justify;\">Seg\u00fan la citada instituci\u00f3n, la ciencia ha concluido que cuando se exponen ratones machos a estas hormonas sint\u00e9ticas en dosis similares a las que consumen los atletas, se produce un alto porcentaje de muertes prematuras.<\/p>\n<p style=\"text-align: justify;\">Ahora veamos algunos de los efectos secundarios del abuso de esteroides en adolescentes:<\/p>\n<h5 style=\"text-align: justify;\">1. Enfermedades cardiovasculares<\/h5>\n<p style=\"text-align: justify;\">Su empleo est\u00e1 relacionado con las enfermedades cardiovasculares, incluyendo\u00a0<strong>afecciones en el coraz\u00f3n y el cerebro<\/strong>. Esto se debe a que estas sustancias aumentan los niveles de las lipoprote\u00ednas del colesterol en la sangre.<\/p>\n<p style=\"text-align: justify;\">La testosterona de laboratorio, especialmente la de tipo oral, incrementa el nivel de la lipoprote\u00edna de baja densidad (el llamado colesterol malo) y disminuye el nivel de la lipoprote\u00edna de alta densidad (el bueno). La alteraci\u00f3n de estos valores eleva los riesgos de arteriosclerosis. Esta es una enfermedad grave que hace que las grasas se depositen en las arterias y alteren el flujo sangu\u00edneo.<\/p>\n<p style=\"text-align: justify;\">\u201cSi la sangre no llega al coraz\u00f3n, el resultado puede ser un ataque card\u00edaco. Si la sangre no llega al cerebro,\u00a0<strong>podr\u00eda producirse un ataque cerebral o apoplej\u00eda<\/strong>\u201d, advierten desde el NIDA.<\/p>\n<p style=\"text-align: justify;\">Adem\u00e1s, el abuso de estas versiones sint\u00e9ticas de la testosterona est\u00e1 relacionado con la formaci\u00f3n de co\u00e1gulos en los vasos sangu\u00edneos, lo que podr\u00eda interrumpir el flujo de la sangre y, por consiguiente, lesionar el m\u00fasculo card\u00edaco de manera que no la bombee de forma eficiente.<\/p>\n<h5 style=\"text-align: justify;\">2. Problemas hormonales<\/h5>\n<p style=\"text-align: justify;\">Otro de los efectos secundarios del empleo excesivo de esteroides en adolescentes es que se interrumpe la producci\u00f3n natural de hormonas, lo que ocasionar\u00eda potenciales da\u00f1os irreversibles, como la calvicie y el desarrollo de los senos en los hombres.\u00a0<strong>Tambi\u00e9n puede disminuir el tama\u00f1o de los test\u00edculos y el pene<\/strong>.<\/p>\n<p style=\"text-align: justify;\">En las mujeres causan masculinizaci\u00f3n: los senos y la grasa corporal se reducen, mientras que el cl\u00edtoris se agranda, la piel se vuelve \u00e1spera y la voz se hace m\u00e1s grave. Tambi\u00e9n existe el riesgo del aumento del vello corporal y de la p\u00e9rdida de cabello.<\/p>\n<h5 style=\"text-align: justify;\">3. Trastornos musculoesquel\u00e9ticos<\/h5>\n<p style=\"text-align: justify;\">Cuando se incrementan los niveles de testosterona de forma artificial durante la adolescencia,\u00a0<strong>se est\u00e1 enviando una se\u00f1al al organismo para que detenga el crecimiento musculoesquel\u00e9tico<\/strong>. Esto acarrea el peligro de que se acorte la estatura de la persona para toda su vida.<\/p>\n<h5 style=\"text-align: justify;\">4. Enfermedades en el h\u00edgado<\/h5>\n<p style=\"text-align: justify;\">Otro efecto adverso se asocia con la aparici\u00f3n de tumores en el h\u00edgado y una enfermedad poco com\u00fan llamada peliosis hep\u00e1tica, que produce la formaci\u00f3n de quistes llenos de sangre en este \u00f3rgano. En ocasiones,\u00a0<strong>los tumores y los quistes se revientan y generan hemorragias internas<\/strong>.<\/p>\n<h5 style=\"text-align: justify;\">5. Infecciones<\/h5>\n<p style=\"text-align: justify;\">Algunos adolescentes no toman las medidas preventivas necesarias al inyectarse los esteroides, como esterilizar las agujas y utilizar jeringas nuevas. Adem\u00e1s,\u00a0<strong>tambi\u00e9n se venden algunos fabricados ilegalmente, sin el imprescindible control sanitario<\/strong>.<\/p>\n<p style=\"text-align: justify;\">Todo esto pone a las personas en riesgo de contraer infecciones virales potencialmente mortales como el VIH y las\u00a0hepatitis\u00a0B y C. De igual forma, podr\u00edan desarrollar una endocarditis infecciosa, una afecci\u00f3n bacteriana que produce una inflamaci\u00f3n en el recubrimiento interno del coraz\u00f3n.<\/p>\n<h5 style=\"text-align: justify;\">6. Problemas en la piel<\/h5>\n<p style=\"text-align: justify;\">Los esteroides tambi\u00e9n pueden\u00a0<strong>provocar acn\u00e9 y quistes, as\u00ed como piel y cabello graso<\/strong>. Si el adolescente estaba intentando mejorar su apariencia f\u00edsica, estas reacciones cut\u00e1neas afectar\u00e1n a su imagen y podr\u00edan causarle un complejo f\u00edsico.<\/p>\n<h5 style=\"text-align: justify;\">7. Cambios de humor<\/h5>\n<p style=\"text-align: justify;\">El uso excesivo de estas sustancias tiene efectos psicol\u00f3gicos tambi\u00e9n: alteraciones del \u00e1nimo,\u00a0<strong>cambios bruscos de humor, sentimientos de hostilidad, ataques de ira, agresividad incontrolada<\/strong>, irritabilidad extrema e insomnio.<\/p>\n<h5 style=\"text-align: justify;\">Alternativas para mejorar el aspecto f\u00edsico<\/h5>\n<p style=\"text-align: justify;\">Es necesario hacerle entender a los j\u00f3venes que recurrir a estas hormonas de laboratorio para aumentar su musculatura puede\u00a0<strong>desencadenar graves enfermedades y trastornos de forma irreversible<\/strong>.<\/p>\n<p style=\"text-align: justify;\">Si desean mejorar su apariencia f\u00edsica, lo mejor ser\u00e1 optar por\u00a0h\u00e1bitos de vida saludables: hacer ejercicio \u2014ir al gimnasio y practicar, adem\u00e1s, alg\u00fan deporte de su gusto\u2014, llevar una buena alimentaci\u00f3n y evitar el consumo de drogas. Tambi\u00e9n existe la posibilidad de que acudan a un dietista si lo necesitan y contraten a un entrenador personal para maximizar los resultados del ejercicio.<\/p>\n<p style=\"text-align: justify;\">En definitiva, es necesario que los padres conozcan los peligros del uso de esteroides en adolescentes, para que puedan aconsejar bien a sus hijos mientras atraviesan por esa edad tan complicada.<\/p>\n<p>Este contenido ha sido publicado originalmente por ROME REPORTS en la siguiente direcci\u00f3n:\u00a0romereports.com<\/p>\n<p style=\"text-align: center;\">Recomendamos a la Comunidad Educativa Digital tener en cuenta que, el enlace y\/o la carpeta en donde est\u00e1n alojados los libros, recursos y\/o materiales, no es administrado por la Web del Maestro CMF, pueda ser que en cuesti\u00f3n de d\u00edas (o seg\u00fan el tiempo transcurrido desde su publicaci\u00f3n), los enlaces no funcionen y el material ya no se encuentre disponible. Gracias por su comprensi\u00f3n.<\/p>\n<h3>ENLACE DE LECTURA:<\/h3>\n<p style=\"text-align: center;\">\u00a1Comparte y as\u00ed m\u00e1s docentes utilizar\u00e1n estos recursos\u00a0gratis! Muchas gracias.<\/p>\n<p><span style=\"color: #000000;\"><a style=\"color: #000000;\" href=\"https:\/\/aepsad.culturaydeporte.gob.es\/dam\/jcr:039f13e5-dc17-467c-b9d9-911afda2eefa\/peligro-del-uso-de-anabolizantes.pdf\" target=\"_blank\" rel=\"noopener\">PELIGROS DEL USO DE ESTEROIDES ANABOLIZANTES EN PERSONAS QUE ENTRENAN<\/a><\/span><\/p>\n\t\t<div class=\"pk-inline-posts\">\n\t\t\t\n\t\t\t<div class=\"pk-inline-posts-container pk-inline-posts-template-list\"\n\t\t\t\tdata-columns=\"1\">\n\t\t\t\t\t\t<article id=\"post-118381\" class=\"post-118381 post type-post status-publish format-standard has-post-thumbnail category-bienestar-familiar category-pedagogia tag-aprendizaje tag-autonomia-3 tag-crianza-consciente tag-desarrollo-infantil tag-docentes tag-educacion-infantil tag-empatia-2 tag-funciones-ejecutivas tag-padres tag-responsabilidad cs-entry cs-video-wrap\">\n\t\t\t<div class=\"pk-post-outer\">\n\n\t\t\t\t\t\t\t\t<div class=\"pk-post-inner\">\n\t\t\t\t\t<div class=\"entry-thumbnail\">\n\t\t\t\t\t\t<div class=\"pk-overlay pk-overlay-ratio pk-ratio-landscape\">\n\t\t\t\t\t\t\t<div class=\"pk-overlay-background\">\n\t\t\t\t\t\t\t\t<a href=\"https:\/\/webdelmaestrocmf.com\/portal\/si-tu-hijo-hace-estas-3-cosas-felicidades-tienes-un-hijo-listo-para-toda-la-vida\/\" class=\"pk-overlay-link\">\n\t\t\t\t\t\t\t\t\t<img loading=\"lazy\" decoding=\"async\" width=\"300\" height=\"225\" src=\"https:\/\/webdelmaestrocmf.com\/portal\/wp-content\/uploads\/2026\/04\/1AA-Banner-1-portada-imagen-10-1-copia-3-7-300x225.webp\" class=\"attachment-pk-thumbnail size-pk-thumbnail wp-post-image\" alt=\"\" \/>\t\t\t\t\t\t\t\t<\/a>\n\t\t\t\t\t\t\t<\/div>\n\t\t\t\t\t\t<\/div>\n\t\t\t\t\t<\/div>\n\t\t\t\t<\/div>\n\t\t\t\t\n\t\t\t\t<div class=\"pk-post-inner\">\n\t\t\t\t\t<header>\n\t\t\t\t\t\t<h3 class=\"pk-title\"><a href=\"https:\/\/webdelmaestrocmf.com\/portal\/si-tu-hijo-hace-estas-3-cosas-felicidades-tienes-un-hijo-listo-para-toda-la-vida\/\" rel=\"bookmark\">Si tu hijo hace estas 3 cosas, felicidades: tienes un hijo listo para toda la vida<\/a><\/h3>\t\t\t\t\t<\/header><!-- .entry-header -->\n\t\t\t\t<\/div><!-- .post-inner -->\n\n\t\t\t<\/div><!-- .post-outer -->\n\t\t<\/article>\n\t\t\t\t<\/div>\n\t\t<\/div>\n\t\t\n","protected":false},"excerpt":{"rendered":"Muchos de los j\u00f3venes que acuden al gimnasio para\u00a0estar en forma\u00a0y mejorar su apariencia f\u00edsica optan por el&hellip;","protected":false},"author":1,"featured_media":73555,"comment_status":"open","ping_status":"closed","sticky":false,"template":"","format":"standard","meta":{"csco_display_header_overlay":false,"csco_singular_sidebar":"default","csco_page_header_type":"default","csco_page_load_nextpost":"default","csco_post_video_location":[],"csco_post_video_location_hash":"","csco_post_video_url":"","csco_post_video_bg_start_time":0,"csco_post_video_bg_end_time":0,"csco_post_video_bg_volume":false,"_jetpack_memberships_contains_paid_content":false,"footnotes":""},"categories":[464,735,13890],"tags":[441,14552,3884,14553,531,2372],"class_list":{"0":"post-73554","1":"post","2":"type-post","3":"status-publish","4":"format-standard","5":"has-post-thumbnail","7":"category-bienestar-familiar","8":"category-pedagogia","9":"category-salud","10":"tag-adolescentes","11":"tag-esteroides","12":"tag-graves","13":"tag-provocar","14":"tag-trastornos","15":"tag-uso","16":"cs-entry","17":"cs-video-wrap"},"yoast_head":"<!-- This site is optimized with the Yoast SEO plugin v27.5 - https:\/\/yoast.com\/product\/yoast-seo-wordpress\/ -->\n<title>El uso de esteroides en adolescentes puede provocar trastornos y enfermedades graves - 2026<\/title>\n<meta name=\"description\" content=\"Muchos de los j\u00f3venes que acuden al gimnasio para\u00a0estar en forma\u00a0y mejorar su apariencia f\u00edsica optan por el consumo...\" \/>\n<meta name=\"robots\" content=\"index, follow, max-snippet:-1, max-image-preview:large, max-video-preview:-1\" \/>\n<link rel=\"canonical\" href=\"https:\/\/webdelmaestrocmf.com\/portal\/el-uso-de-esteroides-en-adolescentes-puede-provocar-trastornos-y-enfermedades-graves\/\" \/>\n<meta property=\"og:locale\" content=\"es_ES\" \/>\n<meta property=\"og:type\" content=\"article\" \/>\n<meta property=\"og:title\" content=\"El uso de esteroides en adolescentes puede provocar trastornos y enfermedades graves - 2026\" \/>\n<meta property=\"og:description\" content=\"Muchos de los j\u00f3venes que acuden al gimnasio para\u00a0estar en forma\u00a0y mejorar su apariencia f\u00edsica optan por el consumo...\" \/>\n<meta property=\"og:url\" content=\"https:\/\/webdelmaestrocmf.com\/portal\/el-uso-de-esteroides-en-adolescentes-puede-provocar-trastornos-y-enfermedades-graves\/\" \/>\n<meta property=\"og:site_name\" content=\"Web del Maestro CMF\" \/>\n<meta property=\"article:publisher\" content=\"https:\/\/www.facebook.com\/WebdelMaestroCMF\/\" \/>\n<meta property=\"article:author\" content=\"https:\/\/www.facebook.com\/WebdelMaestroCMF\/\" \/>\n<meta property=\"article:published_time\" content=\"2022-01-26T23:13:30+00:00\" \/>\n<meta property=\"article:modified_time\" content=\"2022-01-27T14:18:47+00:00\" \/>\n<meta property=\"og:image\" content=\"https:\/\/i0.wp.com\/webdelmaestrocmf.com\/portal\/wp-content\/uploads\/2022\/01\/1-153.jpg?fit=1100%2C680&ssl=1\" \/>\n\t<meta property=\"og:image:width\" content=\"1100\" \/>\n\t<meta property=\"og:image:height\" content=\"680\" \/>\n\t<meta property=\"og:image:type\" content=\"image\/jpeg\" \/>\n<meta name=\"author\" content=\"Web del Maestro CMF\" \/>\n<meta name=\"twitter:card\" content=\"summary_large_image\" \/>\n<meta name=\"twitter:creator\" content=\"@cmf_w\" \/>\n<meta name=\"twitter:site\" content=\"@cmf_w\" \/>\n<script type=\"application\/ld+json\" class=\"yoast-schema-graph\">{\"@context\":\"https:\\\/\\\/schema.org\",\"@graph\":[{\"@type\":\"ScholarlyArticle\",\"@id\":\"https:\\\/\\\/webdelmaestrocmf.com\\\/portal\\\/el-uso-de-esteroides-en-adolescentes-puede-provocar-trastornos-y-enfermedades-graves\\\/#article\",\"isPartOf\":{\"@id\":\"https:\\\/\\\/webdelmaestrocmf.com\\\/portal\\\/el-uso-de-esteroides-en-adolescentes-puede-provocar-trastornos-y-enfermedades-graves\\\/\"},\"author\":{\"name\":\"Web del Maestro CMF\",\"@id\":\"https:\\\/\\\/webdelmaestrocmf.com\\\/portal\\\/#\\\/schema\\\/person\\\/1072a2ed7bd960df8ef99a551fa35dc5\"},\"headline\":\"El uso de esteroides en adolescentes puede provocar trastornos y enfermedades graves\",\"datePublished\":\"2022-01-26T23:13:30+00:00\",\"dateModified\":\"2022-01-27T14:18:47+00:00\",\"mainEntityOfPage\":{\"@id\":\"https:\\\/\\\/webdelmaestrocmf.com\\\/portal\\\/el-uso-de-esteroides-en-adolescentes-puede-provocar-trastornos-y-enfermedades-graves\\\/\"},\"wordCount\":1343,\"commentCount\":0,\"publisher\":{\"@id\":\"https:\\\/\\\/webdelmaestrocmf.com\\\/portal\\\/#organization\"},\"image\":{\"@id\":\"https:\\\/\\\/webdelmaestrocmf.com\\\/portal\\\/el-uso-de-esteroides-en-adolescentes-puede-provocar-trastornos-y-enfermedades-graves\\\/#primaryimage\"},\"thumbnailUrl\":\"https:\\\/\\\/webdelmaestrocmf.com\\\/portal\\\/wp-content\\\/uploads\\\/2022\\\/01\\\/1-153.jpg\",\"keywords\":[\"adolescentes\",\"esteroides\",\"GRAVES\",\"provocar\",\"TRASTORNOS\",\"USO\"],\"articleSection\":[\"Bienestar Familiar\",\"Recursos\",\"Salud\"],\"inLanguage\":\"es\",\"potentialAction\":[{\"@type\":\"CommentAction\",\"name\":\"Comment\",\"target\":[\"https:\\\/\\\/webdelmaestrocmf.com\\\/portal\\\/el-uso-de-esteroides-en-adolescentes-puede-provocar-trastornos-y-enfermedades-graves\\\/#respond\"]}]},{\"@type\":\"WebPage\",\"@id\":\"https:\\\/\\\/webdelmaestrocmf.com\\\/portal\\\/el-uso-de-esteroides-en-adolescentes-puede-provocar-trastornos-y-enfermedades-graves\\\/\",\"url\":\"https:\\\/\\\/webdelmaestrocmf.com\\\/portal\\\/el-uso-de-esteroides-en-adolescentes-puede-provocar-trastornos-y-enfermedades-graves\\\/\",\"name\":\"El uso de esteroides en adolescentes puede provocar trastornos y enfermedades graves - 2026\",\"isPartOf\":{\"@id\":\"https:\\\/\\\/webdelmaestrocmf.com\\\/portal\\\/#website\"},\"primaryImageOfPage\":{\"@id\":\"https:\\\/\\\/webdelmaestrocmf.com\\\/portal\\\/el-uso-de-esteroides-en-adolescentes-puede-provocar-trastornos-y-enfermedades-graves\\\/#primaryimage\"},\"image\":{\"@id\":\"https:\\\/\\\/webdelmaestrocmf.com\\\/portal\\\/el-uso-de-esteroides-en-adolescentes-puede-provocar-trastornos-y-enfermedades-graves\\\/#primaryimage\"},\"thumbnailUrl\":\"https:\\\/\\\/webdelmaestrocmf.com\\\/portal\\\/wp-content\\\/uploads\\\/2022\\\/01\\\/1-153.jpg\",\"datePublished\":\"2022-01-26T23:13:30+00:00\",\"dateModified\":\"2022-01-27T14:18:47+00:00\",\"description\":\"Muchos de los j\u00f3venes que acuden al gimnasio para\u00a0estar en forma\u00a0y mejorar su apariencia f\u00edsica optan por el consumo...\",\"breadcrumb\":{\"@id\":\"https:\\\/\\\/webdelmaestrocmf.com\\\/portal\\\/el-uso-de-esteroides-en-adolescentes-puede-provocar-trastornos-y-enfermedades-graves\\\/#breadcrumb\"},\"inLanguage\":\"es\",\"potentialAction\":[{\"@type\":\"ReadAction\",\"target\":[\"https:\\\/\\\/webdelmaestrocmf.com\\\/portal\\\/el-uso-de-esteroides-en-adolescentes-puede-provocar-trastornos-y-enfermedades-graves\\\/\"]}]},{\"@type\":\"ImageObject\",\"inLanguage\":\"es\",\"@id\":\"https:\\\/\\\/webdelmaestrocmf.com\\\/portal\\\/el-uso-de-esteroides-en-adolescentes-puede-provocar-trastornos-y-enfermedades-graves\\\/#primaryimage\",\"url\":\"https:\\\/\\\/webdelmaestrocmf.com\\\/portal\\\/wp-content\\\/uploads\\\/2022\\\/01\\\/1-153.jpg\",\"contentUrl\":\"https:\\\/\\\/webdelmaestrocmf.com\\\/portal\\\/wp-content\\\/uploads\\\/2022\\\/01\\\/1-153.jpg\",\"width\":1100,\"height\":680,\"caption\":\"New York, USA - 9 April 2020: Google Classroom website on laptop screen close up. Man using service on display, blurry background, Illustrative Editorial.\"},{\"@type\":\"BreadcrumbList\",\"@id\":\"https:\\\/\\\/webdelmaestrocmf.com\\\/portal\\\/el-uso-de-esteroides-en-adolescentes-puede-provocar-trastornos-y-enfermedades-graves\\\/#breadcrumb\",\"itemListElement\":[{\"@type\":\"ListItem\",\"position\":1,\"name\":\"Portada\",\"item\":\"https:\\\/\\\/webdelmaestrocmf.com\\\/portal\\\/\"},{\"@type\":\"ListItem\",\"position\":2,\"name\":\"Recursos\",\"item\":\"https:\\\/\\\/webdelmaestrocmf.com\\\/portal\\\/category\\\/pedagogia\\\/\"},{\"@type\":\"ListItem\",\"position\":3,\"name\":\"El uso de esteroides en adolescentes puede provocar trastornos y enfermedades graves\"}]},{\"@type\":\"WebSite\",\"@id\":\"https:\\\/\\\/webdelmaestrocmf.com\\\/portal\\\/#website\",\"url\":\"https:\\\/\\\/webdelmaestrocmf.com\\\/portal\\\/\",\"name\":\"Web del Maestro CMF\",\"description\":\"Maestros al servicio de la educaci\u00f3n\",\"publisher\":{\"@id\":\"https:\\\/\\\/webdelmaestrocmf.com\\\/portal\\\/#organization\"},\"alternateName\":\"WMCMF\",\"potentialAction\":[{\"@type\":\"SearchAction\",\"target\":{\"@type\":\"EntryPoint\",\"urlTemplate\":\"https:\\\/\\\/webdelmaestrocmf.com\\\/portal\\\/?s={search_term_string}\"},\"query-input\":{\"@type\":\"PropertyValueSpecification\",\"valueRequired\":true,\"valueName\":\"search_term_string\"}}],\"inLanguage\":\"es\"},{\"@type\":\"Organization\",\"@id\":\"https:\\\/\\\/webdelmaestrocmf.com\\\/portal\\\/#organization\",\"name\":\"Web del Maestro CMF\",\"alternateName\":\"WMCMF\",\"url\":\"https:\\\/\\\/webdelmaestrocmf.com\\\/portal\\\/\",\"logo\":{\"@type\":\"ImageObject\",\"inLanguage\":\"es\",\"@id\":\"https:\\\/\\\/webdelmaestrocmf.com\\\/portal\\\/#\\\/schema\\\/logo\\\/image\\\/\",\"url\":\"https:\\\/\\\/webdelmaestrocmf.com\\\/portal\\\/wp-content\\\/uploads\\\/2023\\\/01\\\/logo-wmcmf-2.png\",\"contentUrl\":\"https:\\\/\\\/webdelmaestrocmf.com\\\/portal\\\/wp-content\\\/uploads\\\/2023\\\/01\\\/logo-wmcmf-2.png\",\"width\":200,\"height\":60,\"caption\":\"Web del Maestro CMF\"},\"image\":{\"@id\":\"https:\\\/\\\/webdelmaestrocmf.com\\\/portal\\\/#\\\/schema\\\/logo\\\/image\\\/\"},\"sameAs\":[\"https:\\\/\\\/www.facebook.com\\\/WebdelMaestroCMF\\\/\",\"https:\\\/\\\/x.com\\\/cmf_w\",\"https:\\\/\\\/www.pinterest.com\\\/WMCMF\\\/\",\"https:\\\/\\\/www.linkedin.com\\\/company\\\/web-del-maestro-cmf\\\/\",\"https:\\\/\\\/www.instagram.com\\\/wmcmf\\\/\",\"https:\\\/\\\/www.youtube.com\\\/channel\\\/UCDPSvjbdodE5sHnC3OxutHw\",\"https:\\\/\\\/mastodon.social\\\/@wmcmf\",\"https:\\\/\\\/www.tiktok.com\\\/@webdelmaestrocmf\"]},{\"@type\":\"Person\",\"@id\":\"https:\\\/\\\/webdelmaestrocmf.com\\\/portal\\\/#\\\/schema\\\/person\\\/1072a2ed7bd960df8ef99a551fa35dc5\",\"name\":\"Web del Maestro CMF\",\"image\":{\"@type\":\"ImageObject\",\"inLanguage\":\"es\",\"@id\":\"https:\\\/\\\/secure.gravatar.com\\\/avatar\\\/23291dd5b5ae1077dcff3dbb04c3e02bd28403fa75af6d8787d5e97c5bbbe30b?s=96&d=mm&r=g\",\"url\":\"https:\\\/\\\/secure.gravatar.com\\\/avatar\\\/23291dd5b5ae1077dcff3dbb04c3e02bd28403fa75af6d8787d5e97c5bbbe30b?s=96&d=mm&r=g\",\"contentUrl\":\"https:\\\/\\\/secure.gravatar.com\\\/avatar\\\/23291dd5b5ae1077dcff3dbb04c3e02bd28403fa75af6d8787d5e97c5bbbe30b?s=96&d=mm&r=g\",\"caption\":\"Web del Maestro CMF\"},\"description\":\"Esta Web se cre\u00f3 sin fines de lucro, con fines educativos, cient\u00edficos y acad\u00e9micos, para personas que tengan dificultades y\\\/o inconvenientes en visualizar el material original. El objetivo es entregar recursos, compartir experiencias y materiales que ayuden a los padres de familia, maestros y estudiantes en su actualizaci\u00f3n y formaci\u00f3n permanente, en bien de la Educaci\u00f3n.\",\"sameAs\":[\"http:\\\/\\\/webdelmaestrocmf.com\\\/portal\",\"https:\\\/\\\/www.facebook.com\\\/WebdelMaestroCMF\\\/\",\"https:\\\/\\\/www.instagram.com\\\/wmcmf\\\/\",\"https:\\\/\\\/cl.linkedin.com\\\/company\\\/web-del-maestro-cmf\",\"https:\\\/\\\/www.pinterest.com\\\/WMCMF\\\/publicaciones\\\/\",\"https:\\\/\\\/x.com\\\/cmf_w\",\"https:\\\/\\\/www.youtube.com\\\/@WMCMF\"]}]}<\/script>\n<!-- \/ Yoast SEO plugin. -->","yoast_head_json":{"title":"El uso de esteroides en adolescentes puede provocar trastornos y enfermedades graves - 2026","description":"Muchos de los j\u00f3venes que acuden al gimnasio para\u00a0estar en forma\u00a0y mejorar su apariencia f\u00edsica optan por el consumo...","robots":{"index":"index","follow":"follow","max-snippet":"max-snippet:-1","max-image-preview":"max-image-preview:large","max-video-preview":"max-video-preview:-1"},"canonical":"https:\/\/webdelmaestrocmf.com\/portal\/el-uso-de-esteroides-en-adolescentes-puede-provocar-trastornos-y-enfermedades-graves\/","og_locale":"es_ES","og_type":"article","og_title":"El uso de esteroides en adolescentes puede provocar trastornos y enfermedades graves - 2026","og_description":"Muchos de los j\u00f3venes que acuden al gimnasio para\u00a0estar en forma\u00a0y mejorar su apariencia f\u00edsica optan por el consumo...","og_url":"https:\/\/webdelmaestrocmf.com\/portal\/el-uso-de-esteroides-en-adolescentes-puede-provocar-trastornos-y-enfermedades-graves\/","og_site_name":"Web del Maestro CMF","article_publisher":"https:\/\/www.facebook.com\/WebdelMaestroCMF\/","article_author":"https:\/\/www.facebook.com\/WebdelMaestroCMF\/","article_published_time":"2022-01-26T23:13:30+00:00","article_modified_time":"2022-01-27T14:18:47+00:00","og_image":[{"width":1100,"height":680,"url":"https:\/\/i0.wp.com\/webdelmaestrocmf.com\/portal\/wp-content\/uploads\/2022\/01\/1-153.jpg?fit=1100%2C680&ssl=1","type":"image\/jpeg"}],"author":"Web del Maestro CMF","twitter_card":"summary_large_image","twitter_creator":"@cmf_w","twitter_site":"@cmf_w","schema":{"@context":"https:\/\/schema.org","@graph":[{"@type":"ScholarlyArticle","@id":"https:\/\/webdelmaestrocmf.com\/portal\/el-uso-de-esteroides-en-adolescentes-puede-provocar-trastornos-y-enfermedades-graves\/#article","isPartOf":{"@id":"https:\/\/webdelmaestrocmf.com\/portal\/el-uso-de-esteroides-en-adolescentes-puede-provocar-trastornos-y-enfermedades-graves\/"},"author":{"name":"Web del Maestro CMF","@id":"https:\/\/webdelmaestrocmf.com\/portal\/#\/schema\/person\/1072a2ed7bd960df8ef99a551fa35dc5"},"headline":"El uso de esteroides en adolescentes puede provocar trastornos y enfermedades graves","datePublished":"2022-01-26T23:13:30+00:00","dateModified":"2022-01-27T14:18:47+00:00","mainEntityOfPage":{"@id":"https:\/\/webdelmaestrocmf.com\/portal\/el-uso-de-esteroides-en-adolescentes-puede-provocar-trastornos-y-enfermedades-graves\/"},"wordCount":1343,"commentCount":0,"publisher":{"@id":"https:\/\/webdelmaestrocmf.com\/portal\/#organization"},"image":{"@id":"https:\/\/webdelmaestrocmf.com\/portal\/el-uso-de-esteroides-en-adolescentes-puede-provocar-trastornos-y-enfermedades-graves\/#primaryimage"},"thumbnailUrl":"https:\/\/webdelmaestrocmf.com\/portal\/wp-content\/uploads\/2022\/01\/1-153.jpg","keywords":["adolescentes","esteroides","GRAVES","provocar","TRASTORNOS","USO"],"articleSection":["Bienestar Familiar","Recursos","Salud"],"inLanguage":"es","potentialAction":[{"@type":"CommentAction","name":"Comment","target":["https:\/\/webdelmaestrocmf.com\/portal\/el-uso-de-esteroides-en-adolescentes-puede-provocar-trastornos-y-enfermedades-graves\/#respond"]}]},{"@type":"WebPage","@id":"https:\/\/webdelmaestrocmf.com\/portal\/el-uso-de-esteroides-en-adolescentes-puede-provocar-trastornos-y-enfermedades-graves\/","url":"https:\/\/webdelmaestrocmf.com\/portal\/el-uso-de-esteroides-en-adolescentes-puede-provocar-trastornos-y-enfermedades-graves\/","name":"El uso de esteroides en adolescentes puede provocar trastornos y enfermedades graves - 2026","isPartOf":{"@id":"https:\/\/webdelmaestrocmf.com\/portal\/#website"},"primaryImageOfPage":{"@id":"https:\/\/webdelmaestrocmf.com\/portal\/el-uso-de-esteroides-en-adolescentes-puede-provocar-trastornos-y-enfermedades-graves\/#primaryimage"},"image":{"@id":"https:\/\/webdelmaestrocmf.com\/portal\/el-uso-de-esteroides-en-adolescentes-puede-provocar-trastornos-y-enfermedades-graves\/#primaryimage"},"thumbnailUrl":"https:\/\/webdelmaestrocmf.com\/portal\/wp-content\/uploads\/2022\/01\/1-153.jpg","datePublished":"2022-01-26T23:13:30+00:00","dateModified":"2022-01-27T14:18:47+00:00","description":"Muchos de los j\u00f3venes que acuden al gimnasio para\u00a0estar en forma\u00a0y mejorar su apariencia f\u00edsica optan por el consumo...","breadcrumb":{"@id":"https:\/\/webdelmaestrocmf.com\/portal\/el-uso-de-esteroides-en-adolescentes-puede-provocar-trastornos-y-enfermedades-graves\/#breadcrumb"},"inLanguage":"es","potentialAction":[{"@type":"ReadAction","target":["https:\/\/webdelmaestrocmf.com\/portal\/el-uso-de-esteroides-en-adolescentes-puede-provocar-trastornos-y-enfermedades-graves\/"]}]},{"@type":"ImageObject","inLanguage":"es","@id":"https:\/\/webdelmaestrocmf.com\/portal\/el-uso-de-esteroides-en-adolescentes-puede-provocar-trastornos-y-enfermedades-graves\/#primaryimage","url":"https:\/\/webdelmaestrocmf.com\/portal\/wp-content\/uploads\/2022\/01\/1-153.jpg","contentUrl":"https:\/\/webdelmaestrocmf.com\/portal\/wp-content\/uploads\/2022\/01\/1-153.jpg","width":1100,"height":680,"caption":"New York, USA - 9 April 2020: Google Classroom website on laptop screen close up. Man using service on display, blurry background, Illustrative Editorial."},{"@type":"BreadcrumbList","@id":"https:\/\/webdelmaestrocmf.com\/portal\/el-uso-de-esteroides-en-adolescentes-puede-provocar-trastornos-y-enfermedades-graves\/#breadcrumb","itemListElement":[{"@type":"ListItem","position":1,"name":"Portada","item":"https:\/\/webdelmaestrocmf.com\/portal\/"},{"@type":"ListItem","position":2,"name":"Recursos","item":"https:\/\/webdelmaestrocmf.com\/portal\/category\/pedagogia\/"},{"@type":"ListItem","position":3,"name":"El uso de esteroides en adolescentes puede provocar trastornos y enfermedades graves"}]},{"@type":"WebSite","@id":"https:\/\/webdelmaestrocmf.com\/portal\/#website","url":"https:\/\/webdelmaestrocmf.com\/portal\/","name":"Web del Maestro CMF","description":"Maestros al servicio de la educaci\u00f3n","publisher":{"@id":"https:\/\/webdelmaestrocmf.com\/portal\/#organization"},"alternateName":"WMCMF","potentialAction":[{"@type":"SearchAction","target":{"@type":"EntryPoint","urlTemplate":"https:\/\/webdelmaestrocmf.com\/portal\/?s={search_term_string}"},"query-input":{"@type":"PropertyValueSpecification","valueRequired":true,"valueName":"search_term_string"}}],"inLanguage":"es"},{"@type":"Organization","@id":"https:\/\/webdelmaestrocmf.com\/portal\/#organization","name":"Web del Maestro CMF","alternateName":"WMCMF","url":"https:\/\/webdelmaestrocmf.com\/portal\/","logo":{"@type":"ImageObject","inLanguage":"es","@id":"https:\/\/webdelmaestrocmf.com\/portal\/#\/schema\/logo\/image\/","url":"https:\/\/webdelmaestrocmf.com\/portal\/wp-content\/uploads\/2023\/01\/logo-wmcmf-2.png","contentUrl":"https:\/\/webdelmaestrocmf.com\/portal\/wp-content\/uploads\/2023\/01\/logo-wmcmf-2.png","width":200,"height":60,"caption":"Web del Maestro CMF"},"image":{"@id":"https:\/\/webdelmaestrocmf.com\/portal\/#\/schema\/logo\/image\/"},"sameAs":["https:\/\/www.facebook.com\/WebdelMaestroCMF\/","https:\/\/x.com\/cmf_w","https:\/\/www.pinterest.com\/WMCMF\/","https:\/\/www.linkedin.com\/company\/web-del-maestro-cmf\/","https:\/\/www.instagram.com\/wmcmf\/","https:\/\/www.youtube.com\/channel\/UCDPSvjbdodE5sHnC3OxutHw","https:\/\/mastodon.social\/@wmcmf","https:\/\/www.tiktok.com\/@webdelmaestrocmf"]},{"@type":"Person","@id":"https:\/\/webdelmaestrocmf.com\/portal\/#\/schema\/person\/1072a2ed7bd960df8ef99a551fa35dc5","name":"Web del Maestro CMF","image":{"@type":"ImageObject","inLanguage":"es","@id":"https:\/\/secure.gravatar.com\/avatar\/23291dd5b5ae1077dcff3dbb04c3e02bd28403fa75af6d8787d5e97c5bbbe30b?s=96&d=mm&r=g","url":"https:\/\/secure.gravatar.com\/avatar\/23291dd5b5ae1077dcff3dbb04c3e02bd28403fa75af6d8787d5e97c5bbbe30b?s=96&d=mm&r=g","contentUrl":"https:\/\/secure.gravatar.com\/avatar\/23291dd5b5ae1077dcff3dbb04c3e02bd28403fa75af6d8787d5e97c5bbbe30b?s=96&d=mm&r=g","caption":"Web del Maestro CMF"},"description":"Esta Web se cre\u00f3 sin fines de lucro, con fines educativos, cient\u00edficos y acad\u00e9micos, para personas que tengan dificultades y\/o inconvenientes en visualizar el material original. El objetivo es entregar recursos, compartir experiencias y materiales que ayuden a los padres de familia, maestros y estudiantes en su actualizaci\u00f3n y formaci\u00f3n permanente, en bien de la Educaci\u00f3n.","sameAs":["http:\/\/webdelmaestrocmf.com\/portal","https:\/\/www.facebook.com\/WebdelMaestroCMF\/","https:\/\/www.instagram.com\/wmcmf\/","https:\/\/cl.linkedin.com\/company\/web-del-maestro-cmf","https:\/\/www.pinterest.com\/WMCMF\/publicaciones\/","https:\/\/x.com\/cmf_w","https:\/\/www.youtube.com\/@WMCMF"]}]}},"jetpack_featured_media_url":"https:\/\/webdelmaestrocmf.com\/portal\/wp-content\/uploads\/2022\/01\/1-153.jpg","jetpack_sharing_enabled":true,"jetpack-related-posts":[{"id":70634,"url":"https:\/\/webdelmaestrocmf.com\/portal\/los-trastornos-mentales-no-se-notan-mucho-y-a-veces-se-confunden-con-el-propio-desarrollo-normal-del-adolescente\/","url_meta":{"origin":73554,"position":0},"title":"Montserrat Dolz Abadia: Los trastornos mentales no se notan mucho y a veces se confunden con el propio desarrollo normal del adolescente","author":"Web del Maestro CMF","date":"25 octubre, 2023","format":"video","excerpt":"Montserrat Dolz Abadia, Licenciada en Medicina por la Universidad de Barcelona (Espa\u00f1a), con la especialidad Psiquiatr\u00eda. Infantil y juvenil, se desempe\u00f1a como Jefe de Servicio de Psiquiatr\u00eda Hospital de Sant Joan de D\u00e9u (Barcelona), y coautora de soy coautora del libro \u201cUna mirada a la salud mental de los adolescentes\u201d.\u2026","rel":"","context":"En \u00abCharlas\u00bb","block_context":{"text":"Charlas","link":"https:\/\/webdelmaestrocmf.com\/portal\/category\/charlas\/"},"img":{"alt_text":"Montserrat Dolz Abadia","src":"https:\/\/i0.wp.com\/webdelmaestrocmf.com\/portal\/wp-content\/uploads\/2023\/04\/A12B3C4Dvv.jpg?resize=350%2C200&ssl=1","width":350,"height":200,"srcset":"https:\/\/i0.wp.com\/webdelmaestrocmf.com\/portal\/wp-content\/uploads\/2023\/04\/A12B3C4Dvv.jpg?resize=350%2C200&ssl=1 1x, https:\/\/i0.wp.com\/webdelmaestrocmf.com\/portal\/wp-content\/uploads\/2023\/04\/A12B3C4Dvv.jpg?resize=525%2C300&ssl=1 1.5x, https:\/\/i0.wp.com\/webdelmaestrocmf.com\/portal\/wp-content\/uploads\/2023\/04\/A12B3C4Dvv.jpg?resize=700%2C400&ssl=1 2x"},"classes":[]},{"id":8956,"url":"https:\/\/webdelmaestrocmf.com\/portal\/alerta-padres-estas-son-las-enfermedades-que-celulares-provocan-a-los-ninos-y-no-lo-sabes\/","url_meta":{"origin":73554,"position":1},"title":"Enfermedades que los celulares provocan a los ni\u00f1os","author":"Web del Maestro CMF","date":"20 febrero, 2020","format":false,"excerpt":"El uso excesivo de celulares en ni\u00f1os puede afectar su desarrollo cerebral, atenci\u00f3n, sue\u00f1o y salud mental, generando adicci\u00f3n, sedentarismo y dificultades sociales, lo que exige l\u00edmites y supervisi\u00f3n parental.","rel":"","context":"En \u00abTecnolog\u00eda\u00bb","block_context":{"text":"Tecnolog\u00eda","link":"https:\/\/webdelmaestrocmf.com\/portal\/category\/tecnologia\/"},"img":{"alt_text":"","src":"https:\/\/i0.wp.com\/webdelmaestrocmf.com\/portal\/wp-content\/uploads\/2020\/02\/Banner-1-portada-imagen-10-1-3-2.jpg?resize=350%2C200&ssl=1","width":350,"height":200,"srcset":"https:\/\/i0.wp.com\/webdelmaestrocmf.com\/portal\/wp-content\/uploads\/2020\/02\/Banner-1-portada-imagen-10-1-3-2.jpg?resize=350%2C200&ssl=1 1x, https:\/\/i0.wp.com\/webdelmaestrocmf.com\/portal\/wp-content\/uploads\/2020\/02\/Banner-1-portada-imagen-10-1-3-2.jpg?resize=525%2C300&ssl=1 1.5x, https:\/\/i0.wp.com\/webdelmaestrocmf.com\/portal\/wp-content\/uploads\/2020\/02\/Banner-1-portada-imagen-10-1-3-2.jpg?resize=700%2C400&ssl=1 2x"},"classes":[]},{"id":111652,"url":"https:\/\/webdelmaestrocmf.com\/portal\/las-sociedades-medicas-se-unen-por-primera-vez-para-instar-a-que-los-adolescentes-no-vean-mas-de-2-horas-al-dia-de-pantallas-crean-adiccion-como-las-tragaperras\/","url_meta":{"origin":73554,"position":2},"title":"Las sociedades m\u00e9dicas se unen por primera vez para instar a que los adolescentes no vean m\u00e1s de 2 horas al d\u00eda de pantallas: \u00abCrean adicci\u00f3n como las tragaperras\u00bb","author":"Web del Maestro CMF","date":"1 agosto, 2025","format":false,"excerpt":"La sobreexposici\u00f3n a pantallas est\u00e1 afectando el desarrollo cerebral, emocional y social de ni\u00f1os y adolescentes, advierten expertos en salud.","rel":"","context":"En \u00abNoticias Internacionales\u00bb","block_context":{"text":"Noticias Internacionales","link":"https:\/\/webdelmaestrocmf.com\/portal\/category\/noticias-internacionales\/"},"img":{"alt_text":"","src":"https:\/\/i0.wp.com\/webdelmaestrocmf.com\/portal\/wp-content\/uploads\/2025\/08\/1A-Banner-1-portada-imagen-10-1-copia-1.webp?resize=350%2C200&ssl=1","width":350,"height":200,"srcset":"https:\/\/i0.wp.com\/webdelmaestrocmf.com\/portal\/wp-content\/uploads\/2025\/08\/1A-Banner-1-portada-imagen-10-1-copia-1.webp?resize=350%2C200&ssl=1 1x, https:\/\/i0.wp.com\/webdelmaestrocmf.com\/portal\/wp-content\/uploads\/2025\/08\/1A-Banner-1-portada-imagen-10-1-copia-1.webp?resize=525%2C300&ssl=1 1.5x, https:\/\/i0.wp.com\/webdelmaestrocmf.com\/portal\/wp-content\/uploads\/2025\/08\/1A-Banner-1-portada-imagen-10-1-copia-1.webp?resize=700%2C400&ssl=1 2x"},"classes":[]},{"id":109143,"url":"https:\/\/webdelmaestrocmf.com\/portal\/lo-que-el-cuerpo-le-dice-al-cerebro-lo-que-todo-docente-debe-saber\/","url_meta":{"origin":73554,"position":3},"title":"Lo que el cuerpo le dice al cerebro: lo que todo docente debe saber","author":"Web del Maestro CMF","date":"3 junio, 2025","format":false,"excerpt":"La adolescencia es una etapa de transformaci\u00f3n profunda, caracterizada por cambios f\u00edsicos, hormonales y neurol\u00f3gicos. Aunque com\u00fanmente se reconocen los cambios visibles en el cuerpo, no siempre se presta suficiente atenci\u00f3n a c\u00f3mo estas modificaciones afectan el cerebro y el estado emocional. Uno de los aspectos menos abordados, pero cient\u00edficamente\u2026","rel":"","context":"En \u00abEstudiantes\u00bb","block_context":{"text":"Estudiantes","link":"https:\/\/webdelmaestrocmf.com\/portal\/category\/pedagogia\/estudiantes\/"},"img":{"alt_text":"","src":"https:\/\/i0.wp.com\/webdelmaestrocmf.com\/portal\/wp-content\/uploads\/2025\/06\/1A-Banner-1-portada-imagen-10-1-8.jpg?resize=350%2C200&ssl=1","width":350,"height":200,"srcset":"https:\/\/i0.wp.com\/webdelmaestrocmf.com\/portal\/wp-content\/uploads\/2025\/06\/1A-Banner-1-portada-imagen-10-1-8.jpg?resize=350%2C200&ssl=1 1x, https:\/\/i0.wp.com\/webdelmaestrocmf.com\/portal\/wp-content\/uploads\/2025\/06\/1A-Banner-1-portada-imagen-10-1-8.jpg?resize=525%2C300&ssl=1 1.5x, https:\/\/i0.wp.com\/webdelmaestrocmf.com\/portal\/wp-content\/uploads\/2025\/06\/1A-Banner-1-portada-imagen-10-1-8.jpg?resize=700%2C400&ssl=1 2x"},"classes":[]},{"id":6174,"url":"https:\/\/webdelmaestrocmf.com\/portal\/los-ninos-que-se-acuestan-tarde-sufren-mas-trastornos\/","url_meta":{"origin":73554,"position":4},"title":"Los ni\u00f1os que se acuestan tarde sufren m\u00e1s trastornos","author":"Web del Maestro CMF","date":"17 marzo, 2023","format":false,"excerpt":"Recuerdo haber o\u00eddo la frase \u201cvete a dormir, que si\u00a0no no creces\u201d Era una frase muy utilizada en las generaciones pasadas, pero con el fin de intimidar a los ni\u00f1os para que se acostasen pronto y se despertaran temprano sin reclamar. Seguro que tambi\u00e9n lo escuchaste cuando eras ni\u00f1o. Pues\u2026","rel":"","context":"En \u00abPadres\u00bb","block_context":{"text":"Padres","link":"https:\/\/webdelmaestrocmf.com\/portal\/category\/pedagogia\/padres\/"},"img":{"alt_text":"","src":"https:\/\/i0.wp.com\/webdelmaestrocmf.com\/portal\/wp-content\/uploads\/2023\/01\/2-7.jpg?resize=350%2C200&ssl=1","width":350,"height":200,"srcset":"https:\/\/i0.wp.com\/webdelmaestrocmf.com\/portal\/wp-content\/uploads\/2023\/01\/2-7.jpg?resize=350%2C200&ssl=1 1x, https:\/\/i0.wp.com\/webdelmaestrocmf.com\/portal\/wp-content\/uploads\/2023\/01\/2-7.jpg?resize=525%2C300&ssl=1 1.5x, https:\/\/i0.wp.com\/webdelmaestrocmf.com\/portal\/wp-content\/uploads\/2023\/01\/2-7.jpg?resize=700%2C400&ssl=1 2x"},"classes":[]},{"id":39964,"url":"https:\/\/webdelmaestrocmf.com\/portal\/estas-son-las-enfermedades-que-mas-afectan-a-los-docentes-oseo-muscular-paralisis-facial-insuficiencia-venosa-psiquicas-y-nerviosas\/","url_meta":{"origin":73554,"position":5},"title":"\u00c9stas son las enfermedades que m\u00e1s afectan a los docentes","author":"Web del Maestro CMF","date":"5 septiembre, 2019","format":false,"excerpt":"Todas las profesiones importan ciertos riesgos para la salud, y la docencia no queda al margen de ello. Los grupos numerosos y bulliciosos de ni\u00f1os o adolescentes a los que hay que ense\u00f1ar y a la vez poner l\u00edmites en su conducta cada vez m\u00e1s irrespetuosa, sumado a la cantidad\u2026","rel":"","context":"En \u00abConsejos\u00bb","block_context":{"text":"Consejos","link":"https:\/\/webdelmaestrocmf.com\/portal\/category\/pedagogia\/consejos\/"},"img":{"alt_text":"","src":"https:\/\/i0.wp.com\/webdelmaestrocmf.com\/portal\/wp-content\/uploads\/2019\/09\/1-117.jpg?resize=350%2C200&ssl=1","width":350,"height":200,"srcset":"https:\/\/i0.wp.com\/webdelmaestrocmf.com\/portal\/wp-content\/uploads\/2019\/09\/1-117.jpg?resize=350%2C200&ssl=1 1x, https:\/\/i0.wp.com\/webdelmaestrocmf.com\/portal\/wp-content\/uploads\/2019\/09\/1-117.jpg?resize=525%2C300&ssl=1 1.5x, https:\/\/i0.wp.com\/webdelmaestrocmf.com\/portal\/wp-content\/uploads\/2019\/09\/1-117.jpg?resize=700%2C400&ssl=1 2x, https:\/\/i0.wp.com\/webdelmaestrocmf.com\/portal\/wp-content\/uploads\/2019\/09\/1-117.jpg?resize=1050%2C600&ssl=1 3x"},"classes":[]}],"_links":{"self":[{"href":"https:\/\/webdelmaestrocmf.com\/portal\/wp-json\/wp\/v2\/posts\/73554","targetHints":{"allow":["GET"]}}],"collection":[{"href":"https:\/\/webdelmaestrocmf.com\/portal\/wp-json\/wp\/v2\/posts"}],"about":[{"href":"https:\/\/webdelmaestrocmf.com\/portal\/wp-json\/wp\/v2\/types\/post"}],"author":[{"embeddable":true,"href":"https:\/\/webdelmaestrocmf.com\/portal\/wp-json\/wp\/v2\/users\/1"}],"replies":[{"embeddable":true,"href":"https:\/\/webdelmaestrocmf.com\/portal\/wp-json\/wp\/v2\/comments?post=73554"}],"version-history":[{"count":0,"href":"https:\/\/webdelmaestrocmf.com\/portal\/wp-json\/wp\/v2\/posts\/73554\/revisions"}],"wp:featuredmedia":[{"embeddable":true,"href":"https:\/\/webdelmaestrocmf.com\/portal\/wp-json\/wp\/v2\/media\/73555"}],"wp:attachment":[{"href":"https:\/\/webdelmaestrocmf.com\/portal\/wp-json\/wp\/v2\/media?parent=73554"}],"wp:term":[{"taxonomy":"category","embeddable":true,"href":"https:\/\/webdelmaestrocmf.com\/portal\/wp-json\/wp\/v2\/categories?post=73554"},{"taxonomy":"post_tag","embeddable":true,"href":"https:\/\/webdelmaestrocmf.com\/portal\/wp-json\/wp\/v2\/tags?post=73554"}],"curies":[{"name":"wp","href":"https:\/\/api.w.org\/{rel}","templated":true}]}}