{"id":73484,"date":"2022-04-01T18:51:41","date_gmt":"2022-04-01T21:51:41","guid":{"rendered":"https:\/\/webdelmaestrocmf.com\/portal\/?p=73484"},"modified":"2024-01-20T19:23:34","modified_gmt":"2024-01-20T22:23:34","slug":"los-maestros-han-demostrado-su-vocacion-de-servicio-su-creatividad-su-resiliencia-y-su-amor-por-una-tarea-que-no-es-para-cualquiera","status":"publish","type":"post","link":"https:\/\/webdelmaestrocmf.com\/portal\/los-maestros-han-demostrado-su-vocacion-de-servicio-su-creatividad-su-resiliencia-y-su-amor-por-una-tarea-que-no-es-para-cualquiera\/","title":{"rendered":"Los maestros han demostrado su vocaci\u00f3n de servicio, su creatividad, su resiliencia y su amor por una tarea \u201cque no es para cualquiera\u201d"},"content":{"rendered":"<p style=\"text-align: justify;\"><strong>Desde el 5 de octubre de 1994 se ha llamado en el mundo el D\u00eda Mundial de los Docentes, con la finalidad de resaltar los desaf\u00edos que afrontan los maestros y la importante funci\u00f3n que han desempe\u00f1ado y deben desempe\u00f1ar con miras al futuro de la humanidad, seg\u00fan sugerencia de la UNESCO y la OIT. Y desde la Web del Maestro CMF, les decimos \u00a1gracias! Esta gratitud supone apoyarlos para que tengan una mejor calidad en la formaci\u00f3n inicial docente y su formaci\u00f3n permanente.<\/strong><\/p>\n<p><!--more--><\/p>\n<p style=\"text-align: justify;\">Es un d\u00eda para hacer notar la importancia de tener maestros que pertenezcan a \u201cun sistema educativo que atraiga y <strong>retenga a un personal docente motivado, eficaz, con buena formaci\u00f3n<\/strong> y en el que los hombres y las mujeres est\u00e9n equitativamente representados; &#8230;\u201d. El mundo ha sido testigo que no han hecho mella la insatisfacci\u00f3n causada por el descenso en la escala social, los bajos salarios y las dif\u00edciles condiciones de la ense\u00f1anza y el aprendizaje que se present\u00f3 a causa del cierre de las escuelas. Los maestros han demostrado su vocaci\u00f3n de servicio, su creatividad, su resiliencia y su amor por una tarea \u201cque no es para cualquiera\u201d.<\/p>\n<p style=\"text-align: justify;\">Art\u00edculo recomendado:\u00a0<a href=\"https:\/\/webdelmaestrocmf.com\/portal\/diferencia-significado-y-etimologia-de-docente-maestro-profesor-formador-instructor-y-mentor\/\" target=\"_top\" rel=\"noopener\">Diferencia, significado y etimolog\u00eda de docente, maestro, profesor, formador, instructor y mentor<\/a><\/p>\n<p style=\"text-align: justify;\">\u201cUn a\u00f1o y medio despu\u00e9s de que comenzara la pandemia de COVID-19, el D\u00eda Mundial de los Docentes 2021 har\u00e1 hincapi\u00e9 en el apoyo que se debe proporcionar a los docentes para que participen plenamente en el proceso de recuperaci\u00f3n. El tema del D\u00eda ser\u00e1 \u201c<strong><em>Los docentes en el centro de la recuperaci\u00f3n de la educaci\u00f3n<\/em><\/strong>\u201d.<\/p>\n<p style=\"text-align: justify;\">El panorama actual parece acercarse a reflexionar y tomar decisiones sobre \u201cla necesidad de <strong>mejorar la capacitaci\u00f3n, el desarrollo profesional y las competencias de liderazgo en el magisterio<\/strong>\u201d, para atenuar las desigualdades en el acceso a aprendizaje y apoyar una educaci\u00f3n integradora en todos los niveles durante la fase de recuperaci\u00f3n o el regreso a la nueva normalidad educativa, y sus etapas sucesivas. Recordemos que los maestros trabajamos con estudiantes y padres de familia, y\u00a0 solo la mitad de los pa\u00edses estudiados [por la UNESCO, UNICEF y OIT] ha \u201cproporcionado a los docentes capacitaci\u00f3n adicional sobre educaci\u00f3n a distancia y menos de la tercera parte de esas naciones les ofrecieron apoyo psicosocial para ayudarlos a hacer frente a la crisis\u201d.<\/p>\n<p><img loading=\"lazy\" decoding=\"async\" class=\"alignnone size-full wp-image-86525\" src=\"https:\/\/webdelmaestrocmf.com\/portal\/wp-content\/uploads\/2022\/04\/A12B3C4D2-68.jpg\" alt=\"\" width=\"800\" height=\"440\" srcset=\"https:\/\/webdelmaestrocmf.com\/portal\/wp-content\/uploads\/2022\/04\/A12B3C4D2-68.jpg 800w, https:\/\/webdelmaestrocmf.com\/portal\/wp-content\/uploads\/2022\/04\/A12B3C4D2-68-300x165.jpg 300w, https:\/\/webdelmaestrocmf.com\/portal\/wp-content\/uploads\/2022\/04\/A12B3C4D2-68-768x422.jpg 768w, https:\/\/webdelmaestrocmf.com\/portal\/wp-content\/uploads\/2022\/04\/A12B3C4D2-68-110x61.jpg 110w, https:\/\/webdelmaestrocmf.com\/portal\/wp-content\/uploads\/2022\/04\/A12B3C4D2-68-200x110.jpg 200w, https:\/\/webdelmaestrocmf.com\/portal\/wp-content\/uploads\/2022\/04\/A12B3C4D2-68-380x209.jpg 380w, https:\/\/webdelmaestrocmf.com\/portal\/wp-content\/uploads\/2022\/04\/A12B3C4D2-68-255x140.jpg 255w, https:\/\/webdelmaestrocmf.com\/portal\/wp-content\/uploads\/2022\/04\/A12B3C4D2-68-550x303.jpg 550w\" sizes=\"auto, (max-width: 800px) 100vw, 800px\" \/><\/p>\n<p style=\"text-align: justify;\">Para las grandes organizaciones mencionadas, esto solo ser\u00e1 efectiva y productiva cuando se planifique y proteja la inversi\u00f3n financiera de los presupuestos para la educaci\u00f3n que se orienten a\u00a0 \u201cla <strong>formaci\u00f3n inicial de calidad de los docentes y en su desarrollo profesional permanente<\/strong>\u201d. Y en este D\u00eda Mindial del Docente, tenemos la oportunidad de evaluar el camino recorrido, y unir propuestas y esfuerzos para que que no se vuelva a repetir\u00a0 la p\u00e9rdida de los bienes p\u00fablicos en mantener la burocracia \u201cde los escritorios de los ministerios y secretar\u00edas de educaci\u00f3n\u201d, que sin promover la meritocracia, han sido (y son) ocupados como pago a deudas pol\u00edticas, por amiguismos partidarios o intereses ideol\u00f3gicos de\u00a0 gobiernos que usan la educaci\u00f3n como un\u00a0 medio criminal de manipulaci\u00f3n, como sucede e algunas poartes, y que no tienen en cuenta la mertitocracia para no poner la educaci\u00f3n y el futuro de los ni\u00f1os y j\u00f3venes en manos de cualquiera.<\/p>\n<p style=\"text-align: justify;\">Art\u00edculo relacionado:\u00a0<a href=\"https:\/\/webdelmaestrocmf.com\/portal\/entrevista-a-carmen-fernandez-morante-la-importancia-de-la-formacion-inicial-docente\/\" target=\"_top\" rel=\"noopener\">Carmen Fern\u00e1ndez Morante: La importancia de la formaci\u00f3n inicial docente<\/a><\/p>\n<p style=\"text-align: justify;\">Perm\u00edtannos sugerirles encontrar un espacio de tiempo (del ya reducido con el que contamos los profesores), para reflexionar sobre nuestra necesaria <strong>formaci\u00f3n permanente, continua y motivadora<\/strong>, y la importancia que tiene el escuchar a profesionales de otras ciencias, descubrir nuestro propio itinerario pedag\u00f3gico y la gran capacidad que tenemos (por vocaci\u00f3n) para individualizar nuestro servicio educativo, porque el ser maestro es tener la \u00abintuici\u00f3n vocacional\u00bb de ayudar a los estudiantes a descubrir y desarrollar su mejor habilidad para aprender\u201d; y les recomendamos este anterior art\u00edculo:\u00a0<a href=\"https:\/\/webdelmaestrocmf.com\/portal\/libro-viaje-la-escuela-del-siglo-xxi-descarga-gratuita-proyectar-nuevas-maneras-educar\/\" target=\"_top\" rel=\"noopener\">El libro \u201cViaje a la escuela del siglo XXI\u201d (descarga gratuita), para proyectar nuevas maneras de educar<\/a><\/p>\n<p style=\"text-align: justify;\">En este a\u00f1o 2021, para \u201caprender de los que m\u00e1s saben\u201d o ser tan inteligentes como para aprender de la experiencia de otros (cf Voltaire),es bueno saber que la <strong>UNESCO y la Fundaci\u00f3n Hamdan<\/strong> han recompensado los resultados ejemplares en la mejora de la <strong>eficacia de los docentes para la consecuci\u00f3n del Objetivo de desarrollo sostenible 4 de la Agenda 2030<\/strong> (<em>garantizar una educaci\u00f3n inclusiva, equitativa y de calidad y promover las oportunidades de aprendizaje durante toda la vida para todos\u201d de aqu\u00ed a 2030<\/em>)\u00a0 a los programas siguientes:<\/p>\n<p style=\"text-align: justify;\"><strong>ESCOLAS CONECTADAS<\/strong> <strong>(Brasil)<\/strong> de la <em>Fundaci\u00f3n Telef\u00f4nica<\/em> Vivo (2015), que promueve la integraci\u00f3n de los educadores en la cultura digital y fomenta en el alumnado la adquisici\u00f3n de competencias del siglo XXI. El proyecto, que ofrece 38 cursos de educaci\u00f3n a distancia, hab\u00eda llegado en 2019 a 65.000 docentes en todo el territorio brasile\u00f1o.<\/p>\n<p style=\"text-align: justify;\"><strong>SCHOOL TRANSFORMATION JOURNEY (Egipto) <\/strong>de la <em>Fundaci\u00f3n Ed\u00facame<\/em>, de tres a\u00f1os de duraci\u00f3n, que se propone capacitar a los profesores para que lleguen a ser expertos en la pedagog\u00eda del siglo XXI, con hincapi\u00e9 en la cultura de la autonom\u00eda personal. Hasta la fecha, el programa ha llegado a unos 6.000 docentes de 430 escuelas p\u00fablicas en 07 de las 27 provincias \u00a0del pa\u00eds.<\/p>\n<p style=\"text-align: justify;\"><strong>APPS FOR GOOD (Portugal)<\/strong>, \u00a0acrago del <em>Centro de Inclusi\u00f3n Digital de Portugal en 2015<\/em>, que motiva a docentes y alumnos a elaborar aplicaciones inform\u00e1ticas para tabletas o tel\u00e9fonos de \u00faltima generaci\u00f3n y \u00a0mostrar el potencial de la tecnolog\u00eda para transformar sus comunidades. En los seis \u00faltimos a\u00f1os, el programa ha llegado a 13.080 estudiantes y 1.133 docentes de 448 escuelas, y logrando elaborar m\u00e1s de 1.000 soluciones tecnol\u00f3gicas<\/p>\n<p style=\"text-align: justify;\">La fuente de esta publicaci\u00f3n, que recomendamos leer, la encuentra completa en este enlace: <a href=\"https:\/\/es.unesco.org\/news\/63-millones-maestros-afectados-crisis-covid-19-dia-mundial-docentes-unesco-exhorta-que-se\" target=\"_blank\" rel=\"noopener\"><strong>CON 63 MILLONES DE MAESTROS AFECTADOS POR LA CRISIS DE LA COVID-19, EN EL D\u00cdA MUNDIAL DE LOS DOCENTES LA UNESCO EXHORTA A QUE SE AUMENTE LA INVERSI\u00d3N EN EL PROFESORADO A FIN DE RECUPERAR EL APRENDIZAJE<\/strong><\/a><\/p>\n<p style=\"text-align: center;\">Que nuestro homenaje y gratitud vaya con el deseo de ver\u00a0 \u00abel profesorado en el coraz\u00f3n de la recuperaci\u00f3n educativa\u00bb que nos demanda el futuro.<\/p>\n<p style=\"text-align: right;\"><strong>REDACCI\u00d3N WEB DEL MAESTRO CMF<\/strong><\/p>\n\t\t<div class=\"pk-inline-posts\">\n\t\t\t\n\t\t\t<div class=\"pk-inline-posts-container pk-inline-posts-template-list\"\n\t\t\t\tdata-columns=\"1\">\n\t\t\t\t\t\t<article id=\"post-118333\" class=\"post-118333 post type-post status-publish format-standard has-post-thumbnail category-jamb tag-apego tag-crianza tag-docentes tag-educacion tag-escuela tag-familia tag-infancia tag-responsabilidad tag-vinculo cs-entry cs-video-wrap\">\n\t\t\t<div class=\"pk-post-outer\">\n\n\t\t\t\t\t\t\t\t<div class=\"pk-post-inner\">\n\t\t\t\t\t<div class=\"entry-thumbnail\">\n\t\t\t\t\t\t<div class=\"pk-overlay pk-overlay-ratio pk-ratio-landscape\">\n\t\t\t\t\t\t\t<div class=\"pk-overlay-background\">\n\t\t\t\t\t\t\t\t<a href=\"https:\/\/webdelmaestrocmf.com\/portal\/el-sistema-nos-rompe-a-todos-y-a-los-ninos-primero\/\" class=\"pk-overlay-link\">\n\t\t\t\t\t\t\t\t\t<img loading=\"lazy\" decoding=\"async\" width=\"300\" height=\"225\" src=\"https:\/\/webdelmaestrocmf.com\/portal\/wp-content\/uploads\/2026\/04\/1AA-Banner-1-portada-imagen-10-1-copia-2-300x225.jpg\" class=\"attachment-pk-thumbnail size-pk-thumbnail wp-post-image\" alt=\"\" \/>\t\t\t\t\t\t\t\t<\/a>\n\t\t\t\t\t\t\t<\/div>\n\t\t\t\t\t\t<\/div>\n\t\t\t\t\t<\/div>\n\t\t\t\t<\/div>\n\t\t\t\t\n\t\t\t\t<div class=\"pk-post-inner\">\n\t\t\t\t\t<header>\n\t\t\t\t\t\t<h3 class=\"pk-title\"><a href=\"https:\/\/webdelmaestrocmf.com\/portal\/el-sistema-nos-rompe-a-todos-y-a-los-ninos-primero\/\" rel=\"bookmark\">El sistema nos rompe a todos\u2026 y a los ni\u00f1os primero<\/a><\/h3>\t\t\t\t\t<\/header><!-- .entry-header -->\n\t\t\t\t<\/div><!-- .post-inner -->\n\n\t\t\t<\/div><!-- .post-outer -->\n\t\t<\/article>\n\t\t\t<article id=\"post-118324\" class=\"post-118324 post type-post status-publish format-standard has-post-thumbnail category-jamb tag-administracion-educativa tag-calidad-educativa tag-comunidad-educativa tag-direccion-escolar tag-educacion-digital tag-gestion-escolar tag-innovacion-educativa tag-liderazgo-educativo tag-mejora-continua tag-planificacion-educativa cs-entry cs-video-wrap\">\n\t\t\t<div class=\"pk-post-outer\">\n\n\t\t\t\t\t\t\t\t<div class=\"pk-post-inner\">\n\t\t\t\t\t<div class=\"entry-thumbnail\">\n\t\t\t\t\t\t<div class=\"pk-overlay pk-overlay-ratio pk-ratio-landscape\">\n\t\t\t\t\t\t\t<div class=\"pk-overlay-background\">\n\t\t\t\t\t\t\t\t<a href=\"https:\/\/webdelmaestrocmf.com\/portal\/la-administracion-educativa-el-pilar-silencioso-que-sostiene-la-escuela-administrar-o-gestionar-una-comunidad-educativa-es-lo-mismo\/\" class=\"pk-overlay-link\">\n\t\t\t\t\t\t\t\t\t<img loading=\"lazy\" decoding=\"async\" width=\"300\" height=\"225\" src=\"https:\/\/webdelmaestrocmf.com\/portal\/wp-content\/uploads\/2026\/04\/1AA-Banner-1-portada-imagen-10-1-copia-6-4-300x225.webp\" class=\"attachment-pk-thumbnail size-pk-thumbnail wp-post-image\" alt=\"\" \/>\t\t\t\t\t\t\t\t<\/a>\n\t\t\t\t\t\t\t<\/div>\n\t\t\t\t\t\t<\/div>\n\t\t\t\t\t<\/div>\n\t\t\t\t<\/div>\n\t\t\t\t\n\t\t\t\t<div class=\"pk-post-inner\">\n\t\t\t\t\t<header>\n\t\t\t\t\t\t<h3 class=\"pk-title\"><a href=\"https:\/\/webdelmaestrocmf.com\/portal\/la-administracion-educativa-el-pilar-silencioso-que-sostiene-la-escuela-administrar-o-gestionar-una-comunidad-educativa-es-lo-mismo\/\" rel=\"bookmark\">La administraci\u00f3n educativa: el pilar silencioso que sostiene la escuela. \u00bfAdministrar o gestionar una comunidad educativa es lo mismo?<\/a><\/h3>\t\t\t\t\t<\/header><!-- .entry-header -->\n\t\t\t\t<\/div><!-- .post-inner -->\n\n\t\t\t<\/div><!-- .post-outer -->\n\t\t<\/article>\n\t\t\t<article id=\"post-118319\" class=\"post-118319 post type-post status-publish format-standard has-post-thumbnail category-jamb tag-bienestar-docente tag-clima-escolar tag-convivencia-escolar tag-cultura-escolar tag-direccion-escolar tag-empatia tag-gestion-escolar tag-gestion-institucional tag-laura-lewin tag-liderazgo-educativo tag-trabajo-en-equipo cs-entry cs-video-wrap\">\n\t\t\t<div class=\"pk-post-outer\">\n\n\t\t\t\t\t\t\t\t<div class=\"pk-post-inner\">\n\t\t\t\t\t<div class=\"entry-thumbnail\">\n\t\t\t\t\t\t<div class=\"pk-overlay pk-overlay-ratio pk-ratio-landscape\">\n\t\t\t\t\t\t\t<div class=\"pk-overlay-background\">\n\t\t\t\t\t\t\t\t<a href=\"https:\/\/webdelmaestrocmf.com\/portal\/el-liderazgo-directivo-entre-la-firmeza-institucional-y-la-humanidad\/\" class=\"pk-overlay-link\">\n\t\t\t\t\t\t\t\t\t<img loading=\"lazy\" decoding=\"async\" width=\"300\" height=\"225\" src=\"https:\/\/webdelmaestrocmf.com\/portal\/wp-content\/uploads\/2026\/04\/1AA-Banner-1-portada-imagen-10-1-copia-5-5-300x225.webp\" class=\"attachment-pk-thumbnail size-pk-thumbnail wp-post-image\" alt=\"\" \/>\t\t\t\t\t\t\t\t<\/a>\n\t\t\t\t\t\t\t<\/div>\n\t\t\t\t\t\t<\/div>\n\t\t\t\t\t<\/div>\n\t\t\t\t<\/div>\n\t\t\t\t\n\t\t\t\t<div class=\"pk-post-inner\">\n\t\t\t\t\t<header>\n\t\t\t\t\t\t<h3 class=\"pk-title\"><a href=\"https:\/\/webdelmaestrocmf.com\/portal\/el-liderazgo-directivo-entre-la-firmeza-institucional-y-la-humanidad\/\" rel=\"bookmark\">El liderazgo directivo: entre la firmeza institucional y la humanidad<\/a><\/h3>\t\t\t\t\t<\/header><!-- .entry-header -->\n\t\t\t\t<\/div><!-- .post-inner -->\n\n\t\t\t<\/div><!-- .post-outer -->\n\t\t<\/article>\n\t\t\t\t<\/div>\n\t\t<\/div>\n\t\t\n","protected":false},"excerpt":{"rendered":"Desde el 5 de octubre de 1994 se ha llamado en el mundo el D\u00eda Mundial de los&hellip;","protected":false},"author":1,"featured_media":73488,"comment_status":"open","ping_status":"closed","sticky":false,"template":"","format":"standard","meta":{"csco_display_header_overlay":false,"csco_singular_sidebar":"default","csco_page_header_type":"default","csco_page_load_nextpost":"default","csco_post_video_location":[],"csco_post_video_location_hash":"","csco_post_video_url":"","csco_post_video_bg_start_time":0,"csco_post_video_bg_end_time":0,"csco_post_video_bg_volume":false,"_jetpack_memberships_contains_paid_content":false,"footnotes":""},"categories":[61],"tags":[175,73,6204,14546,190,1084,3543,1253,163],"class_list":{"0":"post-73484","1":"post","2":"type-post","3":"status-publish","4":"format-standard","5":"has-post-thumbnail","7":"category-jamb","8":"tag-amor","9":"tag-creatividad","10":"tag-cualquiera","11":"tag-demostrado","12":"tag-maestros","13":"tag-resiliencia","14":"tag-servicio","15":"tag-tarea","16":"tag-vocacion","17":"cs-entry","18":"cs-video-wrap"},"yoast_head":"<!-- This site is optimized with the Yoast SEO plugin v27.5 - https:\/\/yoast.com\/product\/yoast-seo-wordpress\/ -->\n<title>Los maestros han demostrado su vocaci\u00f3n de servicio, su creatividad, su resiliencia y su amor por una tarea \u201cque no es para cualquiera\u201d - 2026<\/title>\n<meta name=\"description\" content=\"Es un d\u00eda para hacer notar la importancia de tener maestros que pertenezcan a \u201cun sistema educativo que atraiga y retenga...\" \/>\n<meta name=\"robots\" content=\"index, follow, max-snippet:-1, max-image-preview:large, max-video-preview:-1\" \/>\n<link rel=\"canonical\" href=\"https:\/\/webdelmaestrocmf.com\/portal\/los-maestros-han-demostrado-su-vocacion-de-servicio-su-creatividad-su-resiliencia-y-su-amor-por-una-tarea-que-no-es-para-cualquiera\/\" \/>\n<meta property=\"og:locale\" content=\"es_ES\" \/>\n<meta property=\"og:type\" content=\"article\" \/>\n<meta property=\"og:title\" content=\"Los maestros han demostrado su vocaci\u00f3n de servicio, su creatividad, su resiliencia y su amor por una tarea \u201cque no es para cualquiera\u201d - 2026\" \/>\n<meta property=\"og:description\" content=\"Es un d\u00eda para hacer notar la importancia de tener maestros que pertenezcan a \u201cun sistema educativo que atraiga y retenga...\" \/>\n<meta property=\"og:url\" content=\"https:\/\/webdelmaestrocmf.com\/portal\/los-maestros-han-demostrado-su-vocacion-de-servicio-su-creatividad-su-resiliencia-y-su-amor-por-una-tarea-que-no-es-para-cualquiera\/\" \/>\n<meta property=\"og:site_name\" content=\"Web del Maestro CMF\" \/>\n<meta property=\"article:publisher\" content=\"https:\/\/www.facebook.com\/WebdelMaestroCMF\/\" \/>\n<meta property=\"article:author\" content=\"https:\/\/www.facebook.com\/WebdelMaestroCMF\/\" \/>\n<meta property=\"article:published_time\" content=\"2022-04-01T21:51:41+00:00\" \/>\n<meta property=\"article:modified_time\" content=\"2024-01-20T22:23:34+00:00\" \/>\n<meta property=\"og:image\" content=\"https:\/\/webdelmaestrocmf.com\/portal\/wp-content\/uploads\/2022\/01\/1-145.jpg\" \/>\n\t<meta property=\"og:image:width\" content=\"1100\" \/>\n\t<meta property=\"og:image:height\" content=\"680\" \/>\n\t<meta property=\"og:image:type\" content=\"image\/jpeg\" \/>\n<meta name=\"author\" content=\"Web del Maestro CMF\" \/>\n<meta name=\"twitter:card\" content=\"summary_large_image\" \/>\n<meta name=\"twitter:creator\" content=\"@cmf_w\" \/>\n<meta name=\"twitter:site\" content=\"@cmf_w\" \/>\n<script type=\"application\/ld+json\" class=\"yoast-schema-graph\">{\"@context\":\"https:\\\/\\\/schema.org\",\"@graph\":[{\"@type\":\"ScholarlyArticle\",\"@id\":\"https:\\\/\\\/webdelmaestrocmf.com\\\/portal\\\/los-maestros-han-demostrado-su-vocacion-de-servicio-su-creatividad-su-resiliencia-y-su-amor-por-una-tarea-que-no-es-para-cualquiera\\\/#article\",\"isPartOf\":{\"@id\":\"https:\\\/\\\/webdelmaestrocmf.com\\\/portal\\\/los-maestros-han-demostrado-su-vocacion-de-servicio-su-creatividad-su-resiliencia-y-su-amor-por-una-tarea-que-no-es-para-cualquiera\\\/\"},\"author\":{\"name\":\"Web del Maestro CMF\",\"@id\":\"https:\\\/\\\/webdelmaestrocmf.com\\\/portal\\\/#\\\/schema\\\/person\\\/1072a2ed7bd960df8ef99a551fa35dc5\"},\"headline\":\"Los maestros han demostrado su vocaci\u00f3n de servicio, su creatividad, su resiliencia y su amor por una tarea \u201cque no es para cualquiera\u201d\",\"datePublished\":\"2022-04-01T21:51:41+00:00\",\"dateModified\":\"2024-01-20T22:23:34+00:00\",\"mainEntityOfPage\":{\"@id\":\"https:\\\/\\\/webdelmaestrocmf.com\\\/portal\\\/los-maestros-han-demostrado-su-vocacion-de-servicio-su-creatividad-su-resiliencia-y-su-amor-por-una-tarea-que-no-es-para-cualquiera\\\/\"},\"wordCount\":1101,\"commentCount\":1,\"publisher\":{\"@id\":\"https:\\\/\\\/webdelmaestrocmf.com\\\/portal\\\/#organization\"},\"image\":{\"@id\":\"https:\\\/\\\/webdelmaestrocmf.com\\\/portal\\\/los-maestros-han-demostrado-su-vocacion-de-servicio-su-creatividad-su-resiliencia-y-su-amor-por-una-tarea-que-no-es-para-cualquiera\\\/#primaryimage\"},\"thumbnailUrl\":\"https:\\\/\\\/webdelmaestrocmf.com\\\/portal\\\/wp-content\\\/uploads\\\/2022\\\/01\\\/1-145.jpg\",\"keywords\":[\"Amor\",\"creatividad\",\"cualquiera\",\"demostrado\",\"Maestros\",\"resiliencia\",\"SERVICIO\",\"TAREA\",\"Vocaci\u00f3n\"],\"articleSection\":[\"Yo opino - WMCMF\"],\"inLanguage\":\"es\",\"potentialAction\":[{\"@type\":\"CommentAction\",\"name\":\"Comment\",\"target\":[\"https:\\\/\\\/webdelmaestrocmf.com\\\/portal\\\/los-maestros-han-demostrado-su-vocacion-de-servicio-su-creatividad-su-resiliencia-y-su-amor-por-una-tarea-que-no-es-para-cualquiera\\\/#respond\"]}]},{\"@type\":\"WebPage\",\"@id\":\"https:\\\/\\\/webdelmaestrocmf.com\\\/portal\\\/los-maestros-han-demostrado-su-vocacion-de-servicio-su-creatividad-su-resiliencia-y-su-amor-por-una-tarea-que-no-es-para-cualquiera\\\/\",\"url\":\"https:\\\/\\\/webdelmaestrocmf.com\\\/portal\\\/los-maestros-han-demostrado-su-vocacion-de-servicio-su-creatividad-su-resiliencia-y-su-amor-por-una-tarea-que-no-es-para-cualquiera\\\/\",\"name\":\"Los maestros han demostrado su vocaci\u00f3n de servicio, su creatividad, su resiliencia y su amor por una tarea \u201cque no es para cualquiera\u201d - 2026\",\"isPartOf\":{\"@id\":\"https:\\\/\\\/webdelmaestrocmf.com\\\/portal\\\/#website\"},\"primaryImageOfPage\":{\"@id\":\"https:\\\/\\\/webdelmaestrocmf.com\\\/portal\\\/los-maestros-han-demostrado-su-vocacion-de-servicio-su-creatividad-su-resiliencia-y-su-amor-por-una-tarea-que-no-es-para-cualquiera\\\/#primaryimage\"},\"image\":{\"@id\":\"https:\\\/\\\/webdelmaestrocmf.com\\\/portal\\\/los-maestros-han-demostrado-su-vocacion-de-servicio-su-creatividad-su-resiliencia-y-su-amor-por-una-tarea-que-no-es-para-cualquiera\\\/#primaryimage\"},\"thumbnailUrl\":\"https:\\\/\\\/webdelmaestrocmf.com\\\/portal\\\/wp-content\\\/uploads\\\/2022\\\/01\\\/1-145.jpg\",\"datePublished\":\"2022-04-01T21:51:41+00:00\",\"dateModified\":\"2024-01-20T22:23:34+00:00\",\"description\":\"Es un d\u00eda para hacer notar la importancia de tener maestros que pertenezcan a \u201cun sistema educativo que atraiga y retenga...\",\"breadcrumb\":{\"@id\":\"https:\\\/\\\/webdelmaestrocmf.com\\\/portal\\\/los-maestros-han-demostrado-su-vocacion-de-servicio-su-creatividad-su-resiliencia-y-su-amor-por-una-tarea-que-no-es-para-cualquiera\\\/#breadcrumb\"},\"inLanguage\":\"es\",\"potentialAction\":[{\"@type\":\"ReadAction\",\"target\":[\"https:\\\/\\\/webdelmaestrocmf.com\\\/portal\\\/los-maestros-han-demostrado-su-vocacion-de-servicio-su-creatividad-su-resiliencia-y-su-amor-por-una-tarea-que-no-es-para-cualquiera\\\/\"]}]},{\"@type\":\"ImageObject\",\"inLanguage\":\"es\",\"@id\":\"https:\\\/\\\/webdelmaestrocmf.com\\\/portal\\\/los-maestros-han-demostrado-su-vocacion-de-servicio-su-creatividad-su-resiliencia-y-su-amor-por-una-tarea-que-no-es-para-cualquiera\\\/#primaryimage\",\"url\":\"https:\\\/\\\/webdelmaestrocmf.com\\\/portal\\\/wp-content\\\/uploads\\\/2022\\\/01\\\/1-145.jpg\",\"contentUrl\":\"https:\\\/\\\/webdelmaestrocmf.com\\\/portal\\\/wp-content\\\/uploads\\\/2022\\\/01\\\/1-145.jpg\",\"width\":1100,\"height\":680},{\"@type\":\"BreadcrumbList\",\"@id\":\"https:\\\/\\\/webdelmaestrocmf.com\\\/portal\\\/los-maestros-han-demostrado-su-vocacion-de-servicio-su-creatividad-su-resiliencia-y-su-amor-por-una-tarea-que-no-es-para-cualquiera\\\/#breadcrumb\",\"itemListElement\":[{\"@type\":\"ListItem\",\"position\":1,\"name\":\"Portada\",\"item\":\"https:\\\/\\\/webdelmaestrocmf.com\\\/portal\\\/\"},{\"@type\":\"ListItem\",\"position\":2,\"name\":\"Yo opino - WMCMF\",\"item\":\"https:\\\/\\\/webdelmaestrocmf.com\\\/portal\\\/category\\\/jamb\\\/\"},{\"@type\":\"ListItem\",\"position\":3,\"name\":\"Los maestros han demostrado su vocaci\u00f3n de servicio, su creatividad, su resiliencia y su amor por una tarea \u201cque no es para cualquiera\u201d\"}]},{\"@type\":\"WebSite\",\"@id\":\"https:\\\/\\\/webdelmaestrocmf.com\\\/portal\\\/#website\",\"url\":\"https:\\\/\\\/webdelmaestrocmf.com\\\/portal\\\/\",\"name\":\"Web del Maestro CMF\",\"description\":\"Maestros al servicio de la educaci\u00f3n\",\"publisher\":{\"@id\":\"https:\\\/\\\/webdelmaestrocmf.com\\\/portal\\\/#organization\"},\"alternateName\":\"WMCMF\",\"potentialAction\":[{\"@type\":\"SearchAction\",\"target\":{\"@type\":\"EntryPoint\",\"urlTemplate\":\"https:\\\/\\\/webdelmaestrocmf.com\\\/portal\\\/?s={search_term_string}\"},\"query-input\":{\"@type\":\"PropertyValueSpecification\",\"valueRequired\":true,\"valueName\":\"search_term_string\"}}],\"inLanguage\":\"es\"},{\"@type\":\"Organization\",\"@id\":\"https:\\\/\\\/webdelmaestrocmf.com\\\/portal\\\/#organization\",\"name\":\"Web del Maestro CMF\",\"alternateName\":\"WMCMF\",\"url\":\"https:\\\/\\\/webdelmaestrocmf.com\\\/portal\\\/\",\"logo\":{\"@type\":\"ImageObject\",\"inLanguage\":\"es\",\"@id\":\"https:\\\/\\\/webdelmaestrocmf.com\\\/portal\\\/#\\\/schema\\\/logo\\\/image\\\/\",\"url\":\"https:\\\/\\\/webdelmaestrocmf.com\\\/portal\\\/wp-content\\\/uploads\\\/2023\\\/01\\\/logo-wmcmf-2.png\",\"contentUrl\":\"https:\\\/\\\/webdelmaestrocmf.com\\\/portal\\\/wp-content\\\/uploads\\\/2023\\\/01\\\/logo-wmcmf-2.png\",\"width\":200,\"height\":60,\"caption\":\"Web del Maestro CMF\"},\"image\":{\"@id\":\"https:\\\/\\\/webdelmaestrocmf.com\\\/portal\\\/#\\\/schema\\\/logo\\\/image\\\/\"},\"sameAs\":[\"https:\\\/\\\/www.facebook.com\\\/WebdelMaestroCMF\\\/\",\"https:\\\/\\\/x.com\\\/cmf_w\",\"https:\\\/\\\/www.pinterest.com\\\/WMCMF\\\/\",\"https:\\\/\\\/www.linkedin.com\\\/company\\\/web-del-maestro-cmf\\\/\",\"https:\\\/\\\/www.instagram.com\\\/wmcmf\\\/\",\"https:\\\/\\\/www.youtube.com\\\/channel\\\/UCDPSvjbdodE5sHnC3OxutHw\",\"https:\\\/\\\/mastodon.social\\\/@wmcmf\",\"https:\\\/\\\/www.tiktok.com\\\/@webdelmaestrocmf\"]},{\"@type\":\"Person\",\"@id\":\"https:\\\/\\\/webdelmaestrocmf.com\\\/portal\\\/#\\\/schema\\\/person\\\/1072a2ed7bd960df8ef99a551fa35dc5\",\"name\":\"Web del Maestro CMF\",\"image\":{\"@type\":\"ImageObject\",\"inLanguage\":\"es\",\"@id\":\"https:\\\/\\\/secure.gravatar.com\\\/avatar\\\/23291dd5b5ae1077dcff3dbb04c3e02bd28403fa75af6d8787d5e97c5bbbe30b?s=96&d=mm&r=g\",\"url\":\"https:\\\/\\\/secure.gravatar.com\\\/avatar\\\/23291dd5b5ae1077dcff3dbb04c3e02bd28403fa75af6d8787d5e97c5bbbe30b?s=96&d=mm&r=g\",\"contentUrl\":\"https:\\\/\\\/secure.gravatar.com\\\/avatar\\\/23291dd5b5ae1077dcff3dbb04c3e02bd28403fa75af6d8787d5e97c5bbbe30b?s=96&d=mm&r=g\",\"caption\":\"Web del Maestro CMF\"},\"description\":\"Esta Web se cre\u00f3 sin fines de lucro, con fines educativos, cient\u00edficos y acad\u00e9micos, para personas que tengan dificultades y\\\/o inconvenientes en visualizar el material original. El objetivo es entregar recursos, compartir experiencias y materiales que ayuden a los padres de familia, maestros y estudiantes en su actualizaci\u00f3n y formaci\u00f3n permanente, en bien de la Educaci\u00f3n.\",\"sameAs\":[\"http:\\\/\\\/webdelmaestrocmf.com\\\/portal\",\"https:\\\/\\\/www.facebook.com\\\/WebdelMaestroCMF\\\/\",\"https:\\\/\\\/www.instagram.com\\\/wmcmf\\\/\",\"https:\\\/\\\/cl.linkedin.com\\\/company\\\/web-del-maestro-cmf\",\"https:\\\/\\\/www.pinterest.com\\\/WMCMF\\\/publicaciones\\\/\",\"https:\\\/\\\/x.com\\\/cmf_w\",\"https:\\\/\\\/www.youtube.com\\\/@WMCMF\"]}]}<\/script>\n<!-- \/ Yoast SEO plugin. -->","yoast_head_json":{"title":"Los maestros han demostrado su vocaci\u00f3n de servicio, su creatividad, su resiliencia y su amor por una tarea \u201cque no es para cualquiera\u201d - 2026","description":"Es un d\u00eda para hacer notar la importancia de tener maestros que pertenezcan a \u201cun sistema educativo que atraiga y retenga...","robots":{"index":"index","follow":"follow","max-snippet":"max-snippet:-1","max-image-preview":"max-image-preview:large","max-video-preview":"max-video-preview:-1"},"canonical":"https:\/\/webdelmaestrocmf.com\/portal\/los-maestros-han-demostrado-su-vocacion-de-servicio-su-creatividad-su-resiliencia-y-su-amor-por-una-tarea-que-no-es-para-cualquiera\/","og_locale":"es_ES","og_type":"article","og_title":"Los maestros han demostrado su vocaci\u00f3n de servicio, su creatividad, su resiliencia y su amor por una tarea \u201cque no es para cualquiera\u201d - 2026","og_description":"Es un d\u00eda para hacer notar la importancia de tener maestros que pertenezcan a \u201cun sistema educativo que atraiga y retenga...","og_url":"https:\/\/webdelmaestrocmf.com\/portal\/los-maestros-han-demostrado-su-vocacion-de-servicio-su-creatividad-su-resiliencia-y-su-amor-por-una-tarea-que-no-es-para-cualquiera\/","og_site_name":"Web del Maestro CMF","article_publisher":"https:\/\/www.facebook.com\/WebdelMaestroCMF\/","article_author":"https:\/\/www.facebook.com\/WebdelMaestroCMF\/","article_published_time":"2022-04-01T21:51:41+00:00","article_modified_time":"2024-01-20T22:23:34+00:00","og_image":[{"width":1100,"height":680,"url":"https:\/\/webdelmaestrocmf.com\/portal\/wp-content\/uploads\/2022\/01\/1-145.jpg","type":"image\/jpeg"}],"author":"Web del Maestro CMF","twitter_card":"summary_large_image","twitter_creator":"@cmf_w","twitter_site":"@cmf_w","schema":{"@context":"https:\/\/schema.org","@graph":[{"@type":"ScholarlyArticle","@id":"https:\/\/webdelmaestrocmf.com\/portal\/los-maestros-han-demostrado-su-vocacion-de-servicio-su-creatividad-su-resiliencia-y-su-amor-por-una-tarea-que-no-es-para-cualquiera\/#article","isPartOf":{"@id":"https:\/\/webdelmaestrocmf.com\/portal\/los-maestros-han-demostrado-su-vocacion-de-servicio-su-creatividad-su-resiliencia-y-su-amor-por-una-tarea-que-no-es-para-cualquiera\/"},"author":{"name":"Web del Maestro CMF","@id":"https:\/\/webdelmaestrocmf.com\/portal\/#\/schema\/person\/1072a2ed7bd960df8ef99a551fa35dc5"},"headline":"Los maestros han demostrado su vocaci\u00f3n de servicio, su creatividad, su resiliencia y su amor por una tarea \u201cque no es para cualquiera\u201d","datePublished":"2022-04-01T21:51:41+00:00","dateModified":"2024-01-20T22:23:34+00:00","mainEntityOfPage":{"@id":"https:\/\/webdelmaestrocmf.com\/portal\/los-maestros-han-demostrado-su-vocacion-de-servicio-su-creatividad-su-resiliencia-y-su-amor-por-una-tarea-que-no-es-para-cualquiera\/"},"wordCount":1101,"commentCount":1,"publisher":{"@id":"https:\/\/webdelmaestrocmf.com\/portal\/#organization"},"image":{"@id":"https:\/\/webdelmaestrocmf.com\/portal\/los-maestros-han-demostrado-su-vocacion-de-servicio-su-creatividad-su-resiliencia-y-su-amor-por-una-tarea-que-no-es-para-cualquiera\/#primaryimage"},"thumbnailUrl":"https:\/\/webdelmaestrocmf.com\/portal\/wp-content\/uploads\/2022\/01\/1-145.jpg","keywords":["Amor","creatividad","cualquiera","demostrado","Maestros","resiliencia","SERVICIO","TAREA","Vocaci\u00f3n"],"articleSection":["Yo opino - WMCMF"],"inLanguage":"es","potentialAction":[{"@type":"CommentAction","name":"Comment","target":["https:\/\/webdelmaestrocmf.com\/portal\/los-maestros-han-demostrado-su-vocacion-de-servicio-su-creatividad-su-resiliencia-y-su-amor-por-una-tarea-que-no-es-para-cualquiera\/#respond"]}]},{"@type":"WebPage","@id":"https:\/\/webdelmaestrocmf.com\/portal\/los-maestros-han-demostrado-su-vocacion-de-servicio-su-creatividad-su-resiliencia-y-su-amor-por-una-tarea-que-no-es-para-cualquiera\/","url":"https:\/\/webdelmaestrocmf.com\/portal\/los-maestros-han-demostrado-su-vocacion-de-servicio-su-creatividad-su-resiliencia-y-su-amor-por-una-tarea-que-no-es-para-cualquiera\/","name":"Los maestros han demostrado su vocaci\u00f3n de servicio, su creatividad, su resiliencia y su amor por una tarea \u201cque no es para cualquiera\u201d - 2026","isPartOf":{"@id":"https:\/\/webdelmaestrocmf.com\/portal\/#website"},"primaryImageOfPage":{"@id":"https:\/\/webdelmaestrocmf.com\/portal\/los-maestros-han-demostrado-su-vocacion-de-servicio-su-creatividad-su-resiliencia-y-su-amor-por-una-tarea-que-no-es-para-cualquiera\/#primaryimage"},"image":{"@id":"https:\/\/webdelmaestrocmf.com\/portal\/los-maestros-han-demostrado-su-vocacion-de-servicio-su-creatividad-su-resiliencia-y-su-amor-por-una-tarea-que-no-es-para-cualquiera\/#primaryimage"},"thumbnailUrl":"https:\/\/webdelmaestrocmf.com\/portal\/wp-content\/uploads\/2022\/01\/1-145.jpg","datePublished":"2022-04-01T21:51:41+00:00","dateModified":"2024-01-20T22:23:34+00:00","description":"Es un d\u00eda para hacer notar la importancia de tener maestros que pertenezcan a \u201cun sistema educativo que atraiga y retenga...","breadcrumb":{"@id":"https:\/\/webdelmaestrocmf.com\/portal\/los-maestros-han-demostrado-su-vocacion-de-servicio-su-creatividad-su-resiliencia-y-su-amor-por-una-tarea-que-no-es-para-cualquiera\/#breadcrumb"},"inLanguage":"es","potentialAction":[{"@type":"ReadAction","target":["https:\/\/webdelmaestrocmf.com\/portal\/los-maestros-han-demostrado-su-vocacion-de-servicio-su-creatividad-su-resiliencia-y-su-amor-por-una-tarea-que-no-es-para-cualquiera\/"]}]},{"@type":"ImageObject","inLanguage":"es","@id":"https:\/\/webdelmaestrocmf.com\/portal\/los-maestros-han-demostrado-su-vocacion-de-servicio-su-creatividad-su-resiliencia-y-su-amor-por-una-tarea-que-no-es-para-cualquiera\/#primaryimage","url":"https:\/\/webdelmaestrocmf.com\/portal\/wp-content\/uploads\/2022\/01\/1-145.jpg","contentUrl":"https:\/\/webdelmaestrocmf.com\/portal\/wp-content\/uploads\/2022\/01\/1-145.jpg","width":1100,"height":680},{"@type":"BreadcrumbList","@id":"https:\/\/webdelmaestrocmf.com\/portal\/los-maestros-han-demostrado-su-vocacion-de-servicio-su-creatividad-su-resiliencia-y-su-amor-por-una-tarea-que-no-es-para-cualquiera\/#breadcrumb","itemListElement":[{"@type":"ListItem","position":1,"name":"Portada","item":"https:\/\/webdelmaestrocmf.com\/portal\/"},{"@type":"ListItem","position":2,"name":"Yo opino - WMCMF","item":"https:\/\/webdelmaestrocmf.com\/portal\/category\/jamb\/"},{"@type":"ListItem","position":3,"name":"Los maestros han demostrado su vocaci\u00f3n de servicio, su creatividad, su resiliencia y su amor por una tarea \u201cque no es para cualquiera\u201d"}]},{"@type":"WebSite","@id":"https:\/\/webdelmaestrocmf.com\/portal\/#website","url":"https:\/\/webdelmaestrocmf.com\/portal\/","name":"Web del Maestro CMF","description":"Maestros al servicio de la educaci\u00f3n","publisher":{"@id":"https:\/\/webdelmaestrocmf.com\/portal\/#organization"},"alternateName":"WMCMF","potentialAction":[{"@type":"SearchAction","target":{"@type":"EntryPoint","urlTemplate":"https:\/\/webdelmaestrocmf.com\/portal\/?s={search_term_string}"},"query-input":{"@type":"PropertyValueSpecification","valueRequired":true,"valueName":"search_term_string"}}],"inLanguage":"es"},{"@type":"Organization","@id":"https:\/\/webdelmaestrocmf.com\/portal\/#organization","name":"Web del Maestro CMF","alternateName":"WMCMF","url":"https:\/\/webdelmaestrocmf.com\/portal\/","logo":{"@type":"ImageObject","inLanguage":"es","@id":"https:\/\/webdelmaestrocmf.com\/portal\/#\/schema\/logo\/image\/","url":"https:\/\/webdelmaestrocmf.com\/portal\/wp-content\/uploads\/2023\/01\/logo-wmcmf-2.png","contentUrl":"https:\/\/webdelmaestrocmf.com\/portal\/wp-content\/uploads\/2023\/01\/logo-wmcmf-2.png","width":200,"height":60,"caption":"Web del Maestro CMF"},"image":{"@id":"https:\/\/webdelmaestrocmf.com\/portal\/#\/schema\/logo\/image\/"},"sameAs":["https:\/\/www.facebook.com\/WebdelMaestroCMF\/","https:\/\/x.com\/cmf_w","https:\/\/www.pinterest.com\/WMCMF\/","https:\/\/www.linkedin.com\/company\/web-del-maestro-cmf\/","https:\/\/www.instagram.com\/wmcmf\/","https:\/\/www.youtube.com\/channel\/UCDPSvjbdodE5sHnC3OxutHw","https:\/\/mastodon.social\/@wmcmf","https:\/\/www.tiktok.com\/@webdelmaestrocmf"]},{"@type":"Person","@id":"https:\/\/webdelmaestrocmf.com\/portal\/#\/schema\/person\/1072a2ed7bd960df8ef99a551fa35dc5","name":"Web del Maestro CMF","image":{"@type":"ImageObject","inLanguage":"es","@id":"https:\/\/secure.gravatar.com\/avatar\/23291dd5b5ae1077dcff3dbb04c3e02bd28403fa75af6d8787d5e97c5bbbe30b?s=96&d=mm&r=g","url":"https:\/\/secure.gravatar.com\/avatar\/23291dd5b5ae1077dcff3dbb04c3e02bd28403fa75af6d8787d5e97c5bbbe30b?s=96&d=mm&r=g","contentUrl":"https:\/\/secure.gravatar.com\/avatar\/23291dd5b5ae1077dcff3dbb04c3e02bd28403fa75af6d8787d5e97c5bbbe30b?s=96&d=mm&r=g","caption":"Web del Maestro CMF"},"description":"Esta Web se cre\u00f3 sin fines de lucro, con fines educativos, cient\u00edficos y acad\u00e9micos, para personas que tengan dificultades y\/o inconvenientes en visualizar el material original. El objetivo es entregar recursos, compartir experiencias y materiales que ayuden a los padres de familia, maestros y estudiantes en su actualizaci\u00f3n y formaci\u00f3n permanente, en bien de la Educaci\u00f3n.","sameAs":["http:\/\/webdelmaestrocmf.com\/portal","https:\/\/www.facebook.com\/WebdelMaestroCMF\/","https:\/\/www.instagram.com\/wmcmf\/","https:\/\/cl.linkedin.com\/company\/web-del-maestro-cmf","https:\/\/www.pinterest.com\/WMCMF\/publicaciones\/","https:\/\/x.com\/cmf_w","https:\/\/www.youtube.com\/@WMCMF"]}]}},"jetpack_featured_media_url":"https:\/\/webdelmaestrocmf.com\/portal\/wp-content\/uploads\/2022\/01\/1-145.jpg","jetpack_sharing_enabled":true,"jetpack-related-posts":[{"id":80778,"url":"https:\/\/webdelmaestrocmf.com\/portal\/dia-internacional-del-maestro-gracias-a-los-maestros-que-apoyaron-la-formacion-academica-de-sus-estudiantes-y-al-uso-de-nuevas-rutas-educativas\/","url_meta":{"origin":73484,"position":0},"title":"D\u00eda Internacional del Maestro: Gracias a los maestros que apoyaron la formaci\u00f3n acad\u00e9mica de sus estudiantes y al uso de nuevas rutas educativas","author":"Web del Maestro CMF","date":"5 octubre, 2022","format":false,"excerpt":"La UNESCO y la Organizaci\u00f3n Internacional del Trabajo (OIT) en 1994 estableci\u00f3 el 05 de octubre para celebrar el D\u00eda Mundial de los Docentes, con la finalidad y el objetivo de hacer m\u00e1s actual, visible y consciente una de las profesiones m\u00e1s valiosas dentro de la sociedad. Su singular vocaci\u00f3n\u2026","rel":"","context":"En \u00abYo opino - WMCMF\u00bb","block_context":{"text":"Yo opino - WMCMF","link":"https:\/\/webdelmaestrocmf.com\/portal\/category\/jamb\/"},"img":{"alt_text":"","src":"https:\/\/i0.wp.com\/webdelmaestrocmf.com\/portal\/wp-content\/uploads\/2022\/10\/1a-2.jpg?resize=350%2C200&ssl=1","width":350,"height":200,"srcset":"https:\/\/i0.wp.com\/webdelmaestrocmf.com\/portal\/wp-content\/uploads\/2022\/10\/1a-2.jpg?resize=350%2C200&ssl=1 1x, https:\/\/i0.wp.com\/webdelmaestrocmf.com\/portal\/wp-content\/uploads\/2022\/10\/1a-2.jpg?resize=525%2C300&ssl=1 1.5x, https:\/\/i0.wp.com\/webdelmaestrocmf.com\/portal\/wp-content\/uploads\/2022\/10\/1a-2.jpg?resize=700%2C400&ssl=1 2x"},"classes":[]},{"id":107024,"url":"https:\/\/webdelmaestrocmf.com\/portal\/senales-de-que-eres-un-buen-maestro-o-una-buena-maestra\/","url_meta":{"origin":73484,"position":1},"title":"Se\u00f1ales de que eres un buen maestro o una buena maestra","author":"Web del Maestro CMF","date":"29 noviembre, 2024","format":false,"excerpt":"Ser maestra o maestro es una vocaci\u00f3n que va mucho m\u00e1s all\u00e1 de impartir conocimientos. Es una labor que requiere dedicaci\u00f3n, paciencia y un profundo amor por ense\u00f1ar. Ser docente no es simplemente un trabajo; es una misi\u00f3n que transforma vidas y deja huellas imborrables en quienes te rodean. Aunque\u2026","rel":"","context":"En \u00abDocentes\u00bb","block_context":{"text":"Docentes","link":"https:\/\/webdelmaestrocmf.com\/portal\/category\/pedagogia\/docentes\/"},"img":{"alt_text":"","src":"https:\/\/i0.wp.com\/webdelmaestrocmf.com\/portal\/wp-content\/uploads\/2024\/11\/Banner-1-portada-imagen-10-1-19.jpg?resize=350%2C200&ssl=1","width":350,"height":200,"srcset":"https:\/\/i0.wp.com\/webdelmaestrocmf.com\/portal\/wp-content\/uploads\/2024\/11\/Banner-1-portada-imagen-10-1-19.jpg?resize=350%2C200&ssl=1 1x, https:\/\/i0.wp.com\/webdelmaestrocmf.com\/portal\/wp-content\/uploads\/2024\/11\/Banner-1-portada-imagen-10-1-19.jpg?resize=525%2C300&ssl=1 1.5x, https:\/\/i0.wp.com\/webdelmaestrocmf.com\/portal\/wp-content\/uploads\/2024\/11\/Banner-1-portada-imagen-10-1-19.jpg?resize=700%2C400&ssl=1 2x"},"classes":[]},{"id":22693,"url":"https:\/\/webdelmaestrocmf.com\/portal\/maestros-memoria-agradecida-deseos-seguir-aprendiendo-sembradores-suenos\/","url_meta":{"origin":73484,"position":2},"title":"Ser maestros con memoria agradecida, con deseos de seguir aprendiendo y sembradores de sue\u00f1os","author":"Web del Maestro CMF","date":"19 junio, 2022","format":false,"excerpt":"So\u00f1ar, tener ilusiones, con los ojos abiertos y a la luz del sol, - pidi\u00f3 el Papa Francisco a los universitarios de Bologna (Italia)- para enriquecer la cultura, cultivar la esperanza y alcanzar la paz. Y considero, que es una hermosa invitaci\u00f3n para todos nosotros los que estamos en este\u2026","rel":"","context":"En \u00abYo opino - WMCMF\u00bb","block_context":{"text":"Yo opino - WMCMF","link":"https:\/\/webdelmaestrocmf.com\/portal\/category\/jamb\/"},"img":{"alt_text":"","src":"https:\/\/i0.wp.com\/webdelmaestrocmf.com\/portal\/wp-content\/uploads\/2022\/06\/1a.jpeg?resize=350%2C200&ssl=1","width":350,"height":200,"srcset":"https:\/\/i0.wp.com\/webdelmaestrocmf.com\/portal\/wp-content\/uploads\/2022\/06\/1a.jpeg?resize=350%2C200&ssl=1 1x, https:\/\/i0.wp.com\/webdelmaestrocmf.com\/portal\/wp-content\/uploads\/2022\/06\/1a.jpeg?resize=525%2C300&ssl=1 1.5x, https:\/\/i0.wp.com\/webdelmaestrocmf.com\/portal\/wp-content\/uploads\/2022\/06\/1a.jpeg?resize=700%2C400&ssl=1 2x"},"classes":[]},{"id":105178,"url":"https:\/\/webdelmaestrocmf.com\/portal\/para-ser-profesor-se-debe-tener-vocacion-resiliencia-y-resistencia\/","url_meta":{"origin":73484,"position":3},"title":"Para ser maestro se deben tener tres cosas: vocaci\u00f3n, resiliencia y resistencia","author":"Web del Maestro CMF","date":"28 abril, 2024","format":false,"excerpt":"Nos dirigimos a ustedes para reflexionar sobre tres cualidades esenciales para el ejercicio exitoso de la docencia: vocaci\u00f3n, resiliencia y resistencia. Ser docente no se trata solo de impartir conocimientos, sino de inspirar, motivar y guiar a nuestros estudiantes en su camino de aprendizaje. Requiere de una pasi\u00f3n profunda por\u2026","rel":"","context":"En \u00abDocentes\u00bb","block_context":{"text":"Docentes","link":"https:\/\/webdelmaestrocmf.com\/portal\/category\/pedagogia\/docentes\/"},"img":{"alt_text":"vocaci\u00f3n resiliencia resistencia","src":"https:\/\/i0.wp.com\/webdelmaestrocmf.com\/portal\/wp-content\/uploads\/2024\/04\/Banner-1-portada-imagen-10-1-47.jpg?resize=350%2C200&ssl=1","width":350,"height":200,"srcset":"https:\/\/i0.wp.com\/webdelmaestrocmf.com\/portal\/wp-content\/uploads\/2024\/04\/Banner-1-portada-imagen-10-1-47.jpg?resize=350%2C200&ssl=1 1x, https:\/\/i0.wp.com\/webdelmaestrocmf.com\/portal\/wp-content\/uploads\/2024\/04\/Banner-1-portada-imagen-10-1-47.jpg?resize=525%2C300&ssl=1 1.5x, https:\/\/i0.wp.com\/webdelmaestrocmf.com\/portal\/wp-content\/uploads\/2024\/04\/Banner-1-portada-imagen-10-1-47.jpg?resize=700%2C400&ssl=1 2x"},"classes":[]},{"id":106494,"url":"https:\/\/webdelmaestrocmf.com\/portal\/elena-santa-cruz-no-me-importa-donde-trabaja-si-le-pagan-o-no-esos-estudiantes-estan-en-sus-manos\/","url_meta":{"origin":73484,"position":4},"title":"Elena Santa Cruz: No me importa d\u00f3nde trabaja, si le pagan o no, esos estudiantes est\u00e1n en sus manos","author":"Web del Maestro CMF","date":"28 junio, 2025","format":false,"excerpt":"Para ella, m\u00e1s all\u00e1 del lugar o el salario, la esencia del maestro es acompa\u00f1ar y cuidar con sensibilidad y respeto a estudiantes que dependen de su mirada atenta y su coraz\u00f3n comprometido.","rel":"","context":"En \u00abEntrevistas\u00bb","block_context":{"text":"Entrevistas","link":"https:\/\/webdelmaestrocmf.com\/portal\/category\/noticias\/entrevistas\/"},"img":{"alt_text":"","src":"https:\/\/i0.wp.com\/webdelmaestrocmf.com\/portal\/wp-content\/uploads\/2024\/10\/Banner-1-portada-imagen-10-1-19.jpg?resize=350%2C200&ssl=1","width":350,"height":200,"srcset":"https:\/\/i0.wp.com\/webdelmaestrocmf.com\/portal\/wp-content\/uploads\/2024\/10\/Banner-1-portada-imagen-10-1-19.jpg?resize=350%2C200&ssl=1 1x, https:\/\/i0.wp.com\/webdelmaestrocmf.com\/portal\/wp-content\/uploads\/2024\/10\/Banner-1-portada-imagen-10-1-19.jpg?resize=525%2C300&ssl=1 1.5x, https:\/\/i0.wp.com\/webdelmaestrocmf.com\/portal\/wp-content\/uploads\/2024\/10\/Banner-1-portada-imagen-10-1-19.jpg?resize=700%2C400&ssl=1 2x"},"classes":[]},{"id":22517,"url":"https:\/\/webdelmaestrocmf.com\/portal\/valoremos-publicamente-trabajo-docente\/","url_meta":{"origin":73484,"position":5},"title":"VALOREMOS P\u00daBLICAMENTE EL TRABAJO DOCENTE","author":"Web del Maestro CMF","date":"27 septiembre, 2017","format":false,"excerpt":"Antoine De Saint-Exup\u00e9ry afirma que la vocaci\u00f3n es el nacimiento de un \u00e1rbol y no hallazgo de una f\u00f3rmula, po\u00e9ticamente nos dice que no es f\u00e1cil tener clara la vocaci\u00f3n, como ese llamado interior, esa Inclinaci\u00f3n o inter\u00e9s que se siente en el interior para dedicarse a una determinada forma\u2026","rel":"","context":"En \u00abSin categor\u00eda\u00bb","block_context":{"text":"Sin categor\u00eda","link":"https:\/\/webdelmaestrocmf.com\/portal\/category\/sin-categoria-es\/"},"img":{"alt_text":"","src":"https:\/\/i0.wp.com\/webdelmaestrocmf.com\/portal\/wp-content\/uploads\/2017\/09\/Beatrice-A%CC%81valos.jpg?resize=350%2C200&ssl=1","width":350,"height":200,"srcset":"https:\/\/i0.wp.com\/webdelmaestrocmf.com\/portal\/wp-content\/uploads\/2017\/09\/Beatrice-A%CC%81valos.jpg?resize=350%2C200&ssl=1 1x, https:\/\/i0.wp.com\/webdelmaestrocmf.com\/portal\/wp-content\/uploads\/2017\/09\/Beatrice-A%CC%81valos.jpg?resize=525%2C300&ssl=1 1.5x, https:\/\/i0.wp.com\/webdelmaestrocmf.com\/portal\/wp-content\/uploads\/2017\/09\/Beatrice-A%CC%81valos.jpg?resize=700%2C400&ssl=1 2x"},"classes":[]}],"_links":{"self":[{"href":"https:\/\/webdelmaestrocmf.com\/portal\/wp-json\/wp\/v2\/posts\/73484","targetHints":{"allow":["GET"]}}],"collection":[{"href":"https:\/\/webdelmaestrocmf.com\/portal\/wp-json\/wp\/v2\/posts"}],"about":[{"href":"https:\/\/webdelmaestrocmf.com\/portal\/wp-json\/wp\/v2\/types\/post"}],"author":[{"embeddable":true,"href":"https:\/\/webdelmaestrocmf.com\/portal\/wp-json\/wp\/v2\/users\/1"}],"replies":[{"embeddable":true,"href":"https:\/\/webdelmaestrocmf.com\/portal\/wp-json\/wp\/v2\/comments?post=73484"}],"version-history":[{"count":0,"href":"https:\/\/webdelmaestrocmf.com\/portal\/wp-json\/wp\/v2\/posts\/73484\/revisions"}],"wp:featuredmedia":[{"embeddable":true,"href":"https:\/\/webdelmaestrocmf.com\/portal\/wp-json\/wp\/v2\/media\/73488"}],"wp:attachment":[{"href":"https:\/\/webdelmaestrocmf.com\/portal\/wp-json\/wp\/v2\/media?parent=73484"}],"wp:term":[{"taxonomy":"category","embeddable":true,"href":"https:\/\/webdelmaestrocmf.com\/portal\/wp-json\/wp\/v2\/categories?post=73484"},{"taxonomy":"post_tag","embeddable":true,"href":"https:\/\/webdelmaestrocmf.com\/portal\/wp-json\/wp\/v2\/tags?post=73484"}],"curies":[{"name":"wp","href":"https:\/\/api.w.org\/{rel}","templated":true}]}}