{"id":73144,"date":"2022-05-06T22:44:58","date_gmt":"2022-05-07T02:44:58","guid":{"rendered":"https:\/\/webdelmaestrocmf.com\/portal\/?p=73144"},"modified":"2022-11-19T14:02:50","modified_gmt":"2022-11-19T17:02:50","slug":"la-manera-mas-eficaz-para-que-los-ninos-hagan-sus-tareas-a-tiempo","status":"publish","type":"post","link":"https:\/\/webdelmaestrocmf.com\/portal\/la-manera-mas-eficaz-para-que-los-ninos-hagan-sus-tareas-a-tiempo\/","title":{"rendered":"La manera m\u00e1s eficaz para que los ni\u00f1os hagan sus tareas a tiempo"},"content":{"rendered":"<h5 style=\"text-align: justify;\">\u00abJorge, date prisa que a las 8 salimos de casa\u00bb, \u00abClara, tienes 15 minutos para desayunar\u00bb. Son frases que decimos a nuestros hijos sin pesta\u00f1ear, ni tan siquiera plantearnos si nuestros hijos conocen las horas, tienen un reloj a mano o entienden el\u00a0concepto del tiempo.<\/h5>\n<p><!--more--><\/p>\n<h5 style=\"text-align: justify;\">Somos nosotros quienes organizamos las\u00a0rutinas de los ni\u00f1os\u00a0y nosotros tambi\u00e9n quienes nos enfadamos porque tardan 25 minutos en ducharse, cuando quer\u00edamos que lo hicieran en 10.\u00a0<strong>\u00bfNo ser\u00e1 m\u00e1s f\u00e1cil darles las herramientas para que puedan hacer sus rutinas en el tiempo que nosotros esperamos?<\/strong>\u00a0Este truco para que los ni\u00f1os hagan sus tareas a tiempo puede ayudarte a conseguirlo.<\/h5>\n<p style=\"text-align: justify;\">Los ni\u00f1os desarrollan el pensamiento abstracto alrededor de los\u00a0nueve a\u00f1os, antes de ese per\u00edodo su mente trabaja en un modo m\u00e1s concreto. \u00bfQu\u00e9 significa esto? Significa que para los ni\u00f1os es muy complicado conocer la diferencia entre 15 minutos y 25 minutos. Por ello,\u00a0<strong>que puedan visualizar el tiempo hace que la situaci\u00f3n pase de desastrosa a organizada.<\/strong><\/p>\n<p style=\"text-align: justify;\">Nosotros, como otros muchos padres \u00e9ramos de los que dec\u00edan cosas como:\u00a0<strong>\u00abtienes 15 minutos para desayunar\u00bb, \u00abvenga, date prisa que en 10 minutos salimos de casa\u00bb,<\/strong>\u00a0\u00ab\u00a15 minutos con las zapatillas en la mano y todav\u00eda no te las has puesto!\u00bb&#8230; En realidad est\u00e1bamos pidiendo algo que no pod\u00edas cumplir, sin\u00a0reloj\u00a0o sin forma alguna de medir el tiempo.<\/p>\n<p style=\"text-align: justify;\"><strong>La realidad es que con este tipo de \u00ab\u00f3rdenes\u00bb no consegu\u00edamos nada<\/strong>, bueno s\u00ed, llegar tarde a todas partes. Un buen d\u00eda, decidimos cambiar de estrategia y dar a los ni\u00f1os las herramientas necesarias para que fueran conscientes del tiempo que ten\u00edan para\u00a0hacer una tarea\u00a0o del tiempo que les quedaba para terminar algo. Pero, \u00bfc\u00f3mo lograrlo? Para acabar con estas peque\u00f1as batallas del d\u00eda a d\u00eda, os presento un truco que empezamos a aplicar en casa para salir por las ma\u00f1anas a tiempo y por fin&#8230; \u00a1lo conseguimos!<\/p>\n<p style=\"text-align: justify;\">Este es el\u00a0<strong>truco del reloj para que los ni\u00f1os haga sus tareas a tiempo.<\/strong>\u00a0Y lo mejor es que no hace falta que los ni\u00f1os conozcan las horas, los minutos y los segundos.<\/p>\n<p style=\"text-align: justify;\">Pod\u00e9is utilizar un\u00a0reloj grande, en los bazares los hay muy baratos, y habr\u00e9is de<strong>\u00a0dividir la base del reloj por colores, como si fueran quesitos del Trivial.<\/strong>\u00a0Cada quesito estar\u00e1 asignado a una tarea distinta y llevar\u00e1 un tiempo determinado. Cada padre puede organizarlo seg\u00fan sus necesidades. Eso s\u00ed, el reloj ha de estar colocado en un lugar visible, donde el ni\u00f1o, pueda ir viendo el tiempo que tiene para cenar, ducharse o hacer sus\u00a0tareas.<\/p>\n<p style=\"text-align: justify;\">Un truco muy sencillo que logra su objetivo. Es incre\u00edble lo que consiguen t\u00e9cnicas tan f\u00e1ciles de aplicar como \u00e9sta y c\u00f3mo\u00a0<strong>evita enfados, prisas y agobios.<\/strong><\/p>\n<p><img loading=\"lazy\" decoding=\"async\" class=\"alignnone size-large wp-image-73145\" src=\"https:\/\/webdelmaestrocmf.com\/portal\/wp-content\/uploads\/2022\/01\/1-93-1024x534.jpg\" alt=\"\" width=\"1024\" height=\"534\" srcset=\"https:\/\/webdelmaestrocmf.com\/portal\/wp-content\/uploads\/2022\/01\/1-93-1024x534.jpg 1024w, https:\/\/webdelmaestrocmf.com\/portal\/wp-content\/uploads\/2022\/01\/1-93-300x157.jpg 300w, https:\/\/webdelmaestrocmf.com\/portal\/wp-content\/uploads\/2022\/01\/1-93-768x401.jpg 768w, https:\/\/webdelmaestrocmf.com\/portal\/wp-content\/uploads\/2022\/01\/1-93-110x57.jpg 110w, https:\/\/webdelmaestrocmf.com\/portal\/wp-content\/uploads\/2022\/01\/1-93-200x104.jpg 200w, https:\/\/webdelmaestrocmf.com\/portal\/wp-content\/uploads\/2022\/01\/1-93-380x198.jpg 380w, https:\/\/webdelmaestrocmf.com\/portal\/wp-content\/uploads\/2022\/01\/1-93-255x133.jpg 255w, https:\/\/webdelmaestrocmf.com\/portal\/wp-content\/uploads\/2022\/01\/1-93-550x287.jpg 550w, https:\/\/webdelmaestrocmf.com\/portal\/wp-content\/uploads\/2022\/01\/1-93-800x417.jpg 800w, https:\/\/webdelmaestrocmf.com\/portal\/wp-content\/uploads\/2022\/01\/1-93.jpg 1100w\" sizes=\"auto, (max-width: 1024px) 100vw, 1024px\" \/><\/p>\n<h5 id=\"header1\" style=\"text-align: justify;\">Por qu\u00e9 es bueno poner un tiempo para cada tarea del ni\u00f1o<\/h5>\n<p style=\"text-align: justify;\">Vivimos en un mundo regido por el tiempo, trabajamos 8 horas (o m\u00e1s), nos levantamos a una hora determinada, tardamos 45 minutos en llegar al trabajo, tenemos que preparar la cena antes de las 8&#8230; El reloj nuestro mayor aliado (a veces tambi\u00e9n enemigo) a la hora de organizar nuestro d\u00eda a d\u00eda y poder gestionar todas nuestras tareas.<\/p>\n<p style=\"text-align: justify;\">Igual les sucede a los ni\u00f1os, sin embargo, ellos lo tienen m\u00e1s complicado porque han de aprender a realizar tareas en un tiempo determinado sin conocer el reloj y el concepto de tiempo. Por ello es recomendable ayudarles a conseguirlo con\u00a0<strong>trucos como este del reloj con colores<\/strong>. Y, \u00bfpor qu\u00e9 necesitan los ni\u00f1os tantos horarios?<\/p>\n<ul>\n<li style=\"text-align: justify;\">Desde que el beb\u00e9 nace, comenzamos a introducirle ciertas rutinas: el ba\u00f1o, las siestas, las tomas&#8230; Y es que, las rutinas <strong>aportan seguridad<\/strong>\u00a0a los beb\u00e9s y, por supuesto, a los ni\u00f1os.<\/li>\n<li style=\"text-align: justify;\"><strong>Las rutinas son un mecanismo que ayuda a los ni\u00f1os a ganar destrezas<\/strong>. Si todos los d\u00edas recogen sus juguetes, asimilar\u00e1n el h\u00e1bito de la organizaci\u00f3n; si todos los d\u00edas cepillan sus dientes, adquirir\u00e1n el h\u00e1bito de la higiene, y as\u00ed sucesivamente.<\/li>\n<li style=\"text-align: justify;\">Los h\u00e1bitos y rutinas ayudan a los ni\u00f1os a<strong>\u00a0ganar en constancia.<\/strong><\/li>\n<li style=\"text-align: justify;\">Son buenas para ayudar al ni\u00f1o a hacerse<strong>\u00a0m\u00e1s\u00a0responsable.<\/strong><\/li>\n<li style=\"text-align: justify;\">Son necesarias para que los ni\u00f1os vayan adquiriendo h\u00e1bitos de <strong>autonom\u00eda<\/strong>.<\/li>\n<\/ul>\n<p><iframe loading=\"lazy\" title=\"YouTube video player\" src=\"https:\/\/www.youtube.com\/embed\/UkCK69FPGCY\" width=\"100%\" height=\"400\" frameborder=\"0\" allowfullscreen=\"allowfullscreen\"><span data-mce-type=\"bookmark\" style=\"display: inline-block; width: 0px; overflow: hidden; line-height: 0;\" class=\"mce_SELRES_start\">\ufeff<\/span><\/iframe><\/p>\n<p><strong>Este contenido ha sido publicado originalmente por Gu\u00eda infantil en la siguiente direcci\u00f3n: <a href=\"http:\/\/guiainfantil.com\" target=\"_blank\" rel=\"noopener\">guiainfantil.com<\/a><\/strong><\/p>\n\t\t<div class=\"pk-inline-posts\">\n\t\t\t\n\t\t\t<div class=\"pk-inline-posts-container pk-inline-posts-template-list\"\n\t\t\t\tdata-columns=\"1\">\n\t\t\t\t\t\t<article id=\"post-118381\" class=\"post-118381 post type-post status-publish format-standard has-post-thumbnail category-bienestar-familiar category-pedagogia tag-aprendizaje tag-autonomia-3 tag-crianza-consciente tag-desarrollo-infantil tag-docentes tag-educacion-infantil tag-empatia-2 tag-funciones-ejecutivas tag-padres tag-responsabilidad cs-entry cs-video-wrap\">\n\t\t\t<div class=\"pk-post-outer\">\n\n\t\t\t\t\t\t\t\t<div class=\"pk-post-inner\">\n\t\t\t\t\t<div class=\"entry-thumbnail\">\n\t\t\t\t\t\t<div class=\"pk-overlay pk-overlay-ratio pk-ratio-landscape\">\n\t\t\t\t\t\t\t<div class=\"pk-overlay-background\">\n\t\t\t\t\t\t\t\t<a href=\"https:\/\/webdelmaestrocmf.com\/portal\/si-tu-hijo-hace-estas-3-cosas-felicidades-tienes-un-hijo-listo-para-toda-la-vida\/\" class=\"pk-overlay-link\">\n\t\t\t\t\t\t\t\t\t<img loading=\"lazy\" decoding=\"async\" width=\"300\" height=\"225\" src=\"https:\/\/webdelmaestrocmf.com\/portal\/wp-content\/uploads\/2026\/04\/1AA-Banner-1-portada-imagen-10-1-copia-3-7-300x225.webp\" class=\"attachment-pk-thumbnail size-pk-thumbnail wp-post-image\" alt=\"\" \/>\t\t\t\t\t\t\t\t<\/a>\n\t\t\t\t\t\t\t<\/div>\n\t\t\t\t\t\t<\/div>\n\t\t\t\t\t<\/div>\n\t\t\t\t<\/div>\n\t\t\t\t\n\t\t\t\t<div class=\"pk-post-inner\">\n\t\t\t\t\t<header>\n\t\t\t\t\t\t<h3 class=\"pk-title\"><a href=\"https:\/\/webdelmaestrocmf.com\/portal\/si-tu-hijo-hace-estas-3-cosas-felicidades-tienes-un-hijo-listo-para-toda-la-vida\/\" rel=\"bookmark\">Si tu hijo hace estas 3 cosas, felicidades: tienes un hijo listo para toda la vida<\/a><\/h3>\t\t\t\t\t<\/header><!-- .entry-header -->\n\t\t\t\t<\/div><!-- .post-inner -->\n\n\t\t\t<\/div><!-- .post-outer -->\n\t\t<\/article>\n\t\t\t\t<\/div>\n\t\t<\/div>\n\t\t\n","protected":false},"excerpt":{"rendered":"\u00abJorge, date prisa que a las 8 salimos de casa\u00bb, \u00abClara, tienes 15 minutos para desayunar\u00bb. Son frases&hellip;","protected":false},"author":1,"featured_media":73147,"comment_status":"open","ping_status":"closed","sticky":false,"template":"","format":"standard","meta":{"csco_display_header_overlay":false,"csco_singular_sidebar":"default","csco_page_header_type":"default","csco_page_load_nextpost":"default","csco_post_video_location":[],"csco_post_video_location_hash":"","csco_post_video_url":"","csco_post_video_bg_start_time":0,"csco_post_video_bg_end_time":0,"csco_post_video_bg_volume":false,"_jetpack_memberships_contains_paid_content":false,"footnotes":""},"categories":[464,442,735],"tags":[3525,5303,3523,297,633,2950],"class_list":{"0":"post-73144","1":"post","2":"type-post","3":"status-publish","4":"format-standard","5":"has-post-thumbnail","7":"category-bienestar-familiar","8":"category-educacion-pedagogia","9":"category-pedagogia","10":"tag-eficaz","11":"tag-hagan","12":"tag-manera","13":"tag-ninos","14":"tag-tareas","15":"tag-tiempo","16":"cs-entry","17":"cs-video-wrap"},"yoast_head":"<!-- This site is optimized with the Yoast SEO plugin v27.5 - https:\/\/yoast.com\/product\/yoast-seo-wordpress\/ -->\n<title>La manera m\u00e1s eficaz para que los ni\u00f1os hagan sus tareas a tiempo - 2026<\/title>\n<meta name=\"description\" content=\"&quot;Jorge, date prisa que a las 8 salimos de casa&quot;, &quot;Clara, tienes 15 minutos para desayunar&quot;. Son frases que decimos a nuestros hijos sin...\" \/>\n<meta name=\"robots\" content=\"index, follow, max-snippet:-1, max-image-preview:large, max-video-preview:-1\" \/>\n<link rel=\"canonical\" href=\"https:\/\/webdelmaestrocmf.com\/portal\/la-manera-mas-eficaz-para-que-los-ninos-hagan-sus-tareas-a-tiempo\/\" \/>\n<meta property=\"og:locale\" content=\"es_ES\" \/>\n<meta property=\"og:type\" content=\"article\" \/>\n<meta property=\"og:title\" content=\"La manera m\u00e1s eficaz para que los ni\u00f1os hagan sus tareas a tiempo - 2026\" \/>\n<meta property=\"og:description\" content=\"&quot;Jorge, date prisa que a las 8 salimos de casa&quot;, &quot;Clara, tienes 15 minutos para desayunar&quot;. Son frases que decimos a nuestros hijos sin...\" \/>\n<meta property=\"og:url\" content=\"https:\/\/webdelmaestrocmf.com\/portal\/la-manera-mas-eficaz-para-que-los-ninos-hagan-sus-tareas-a-tiempo\/\" \/>\n<meta property=\"og:site_name\" content=\"Web del Maestro CMF\" \/>\n<meta property=\"article:publisher\" content=\"https:\/\/www.facebook.com\/WebdelMaestroCMF\/\" \/>\n<meta property=\"article:author\" content=\"https:\/\/www.facebook.com\/WebdelMaestroCMF\/\" \/>\n<meta property=\"article:published_time\" content=\"2022-05-07T02:44:58+00:00\" \/>\n<meta property=\"article:modified_time\" content=\"2022-11-19T17:02:50+00:00\" \/>\n<meta property=\"og:image\" content=\"https:\/\/i0.wp.com\/webdelmaestrocmf.com\/portal\/wp-content\/uploads\/2022\/01\/1-94.jpg?fit=1100%2C680&ssl=1\" \/>\n\t<meta property=\"og:image:width\" content=\"1100\" \/>\n\t<meta property=\"og:image:height\" content=\"680\" \/>\n\t<meta property=\"og:image:type\" content=\"image\/jpeg\" \/>\n<meta name=\"author\" content=\"Web del Maestro CMF\" \/>\n<meta name=\"twitter:card\" content=\"summary_large_image\" \/>\n<meta name=\"twitter:creator\" content=\"@cmf_w\" \/>\n<meta name=\"twitter:site\" content=\"@cmf_w\" \/>\n<script type=\"application\/ld+json\" class=\"yoast-schema-graph\">{\"@context\":\"https:\\\/\\\/schema.org\",\"@graph\":[{\"@type\":\"ScholarlyArticle\",\"@id\":\"https:\\\/\\\/webdelmaestrocmf.com\\\/portal\\\/la-manera-mas-eficaz-para-que-los-ninos-hagan-sus-tareas-a-tiempo\\\/#article\",\"isPartOf\":{\"@id\":\"https:\\\/\\\/webdelmaestrocmf.com\\\/portal\\\/la-manera-mas-eficaz-para-que-los-ninos-hagan-sus-tareas-a-tiempo\\\/\"},\"author\":{\"name\":\"Web del Maestro CMF\",\"@id\":\"https:\\\/\\\/webdelmaestrocmf.com\\\/portal\\\/#\\\/schema\\\/person\\\/1072a2ed7bd960df8ef99a551fa35dc5\"},\"headline\":\"La manera m\u00e1s eficaz para que los ni\u00f1os hagan sus tareas a tiempo\",\"datePublished\":\"2022-05-07T02:44:58+00:00\",\"dateModified\":\"2022-11-19T17:02:50+00:00\",\"mainEntityOfPage\":{\"@id\":\"https:\\\/\\\/webdelmaestrocmf.com\\\/portal\\\/la-manera-mas-eficaz-para-que-los-ninos-hagan-sus-tareas-a-tiempo\\\/\"},\"wordCount\":774,\"commentCount\":0,\"publisher\":{\"@id\":\"https:\\\/\\\/webdelmaestrocmf.com\\\/portal\\\/#organization\"},\"image\":{\"@id\":\"https:\\\/\\\/webdelmaestrocmf.com\\\/portal\\\/la-manera-mas-eficaz-para-que-los-ninos-hagan-sus-tareas-a-tiempo\\\/#primaryimage\"},\"thumbnailUrl\":\"https:\\\/\\\/webdelmaestrocmf.com\\\/portal\\\/wp-content\\\/uploads\\\/2022\\\/01\\\/1-94.jpg\",\"keywords\":[\"EFICAZ\",\"hagan\",\"MANERA\",\"Ni\u00f1os\",\"TAREAS\",\"TIEMPO\"],\"articleSection\":[\"Bienestar Familiar\",\"Pedagog\u00eda\",\"Recursos\"],\"inLanguage\":\"es\",\"potentialAction\":[{\"@type\":\"CommentAction\",\"name\":\"Comment\",\"target\":[\"https:\\\/\\\/webdelmaestrocmf.com\\\/portal\\\/la-manera-mas-eficaz-para-que-los-ninos-hagan-sus-tareas-a-tiempo\\\/#respond\"]}]},{\"@type\":\"WebPage\",\"@id\":\"https:\\\/\\\/webdelmaestrocmf.com\\\/portal\\\/la-manera-mas-eficaz-para-que-los-ninos-hagan-sus-tareas-a-tiempo\\\/\",\"url\":\"https:\\\/\\\/webdelmaestrocmf.com\\\/portal\\\/la-manera-mas-eficaz-para-que-los-ninos-hagan-sus-tareas-a-tiempo\\\/\",\"name\":\"La manera m\u00e1s eficaz para que los ni\u00f1os hagan sus tareas a tiempo - 2026\",\"isPartOf\":{\"@id\":\"https:\\\/\\\/webdelmaestrocmf.com\\\/portal\\\/#website\"},\"primaryImageOfPage\":{\"@id\":\"https:\\\/\\\/webdelmaestrocmf.com\\\/portal\\\/la-manera-mas-eficaz-para-que-los-ninos-hagan-sus-tareas-a-tiempo\\\/#primaryimage\"},\"image\":{\"@id\":\"https:\\\/\\\/webdelmaestrocmf.com\\\/portal\\\/la-manera-mas-eficaz-para-que-los-ninos-hagan-sus-tareas-a-tiempo\\\/#primaryimage\"},\"thumbnailUrl\":\"https:\\\/\\\/webdelmaestrocmf.com\\\/portal\\\/wp-content\\\/uploads\\\/2022\\\/01\\\/1-94.jpg\",\"datePublished\":\"2022-05-07T02:44:58+00:00\",\"dateModified\":\"2022-11-19T17:02:50+00:00\",\"description\":\"\\\"Jorge, date prisa que a las 8 salimos de casa\\\", \\\"Clara, tienes 15 minutos para desayunar\\\". Son frases que decimos a nuestros hijos sin...\",\"breadcrumb\":{\"@id\":\"https:\\\/\\\/webdelmaestrocmf.com\\\/portal\\\/la-manera-mas-eficaz-para-que-los-ninos-hagan-sus-tareas-a-tiempo\\\/#breadcrumb\"},\"inLanguage\":\"es\",\"potentialAction\":[{\"@type\":\"ReadAction\",\"target\":[\"https:\\\/\\\/webdelmaestrocmf.com\\\/portal\\\/la-manera-mas-eficaz-para-que-los-ninos-hagan-sus-tareas-a-tiempo\\\/\"]}]},{\"@type\":\"ImageObject\",\"inLanguage\":\"es\",\"@id\":\"https:\\\/\\\/webdelmaestrocmf.com\\\/portal\\\/la-manera-mas-eficaz-para-que-los-ninos-hagan-sus-tareas-a-tiempo\\\/#primaryimage\",\"url\":\"https:\\\/\\\/webdelmaestrocmf.com\\\/portal\\\/wp-content\\\/uploads\\\/2022\\\/01\\\/1-94.jpg\",\"contentUrl\":\"https:\\\/\\\/webdelmaestrocmf.com\\\/portal\\\/wp-content\\\/uploads\\\/2022\\\/01\\\/1-94.jpg\",\"width\":1100,\"height\":680,\"caption\":\"Actividades para preescolar o inicial\"},{\"@type\":\"BreadcrumbList\",\"@id\":\"https:\\\/\\\/webdelmaestrocmf.com\\\/portal\\\/la-manera-mas-eficaz-para-que-los-ninos-hagan-sus-tareas-a-tiempo\\\/#breadcrumb\",\"itemListElement\":[{\"@type\":\"ListItem\",\"position\":1,\"name\":\"Portada\",\"item\":\"https:\\\/\\\/webdelmaestrocmf.com\\\/portal\\\/\"},{\"@type\":\"ListItem\",\"position\":2,\"name\":\"Recursos\",\"item\":\"https:\\\/\\\/webdelmaestrocmf.com\\\/portal\\\/category\\\/pedagogia\\\/\"},{\"@type\":\"ListItem\",\"position\":3,\"name\":\"La manera m\u00e1s eficaz para que los ni\u00f1os hagan sus tareas a tiempo\"}]},{\"@type\":\"WebSite\",\"@id\":\"https:\\\/\\\/webdelmaestrocmf.com\\\/portal\\\/#website\",\"url\":\"https:\\\/\\\/webdelmaestrocmf.com\\\/portal\\\/\",\"name\":\"Web del Maestro CMF\",\"description\":\"Maestros al servicio de la educaci\u00f3n\",\"publisher\":{\"@id\":\"https:\\\/\\\/webdelmaestrocmf.com\\\/portal\\\/#organization\"},\"alternateName\":\"WMCMF\",\"potentialAction\":[{\"@type\":\"SearchAction\",\"target\":{\"@type\":\"EntryPoint\",\"urlTemplate\":\"https:\\\/\\\/webdelmaestrocmf.com\\\/portal\\\/?s={search_term_string}\"},\"query-input\":{\"@type\":\"PropertyValueSpecification\",\"valueRequired\":true,\"valueName\":\"search_term_string\"}}],\"inLanguage\":\"es\"},{\"@type\":\"Organization\",\"@id\":\"https:\\\/\\\/webdelmaestrocmf.com\\\/portal\\\/#organization\",\"name\":\"Web del Maestro CMF\",\"alternateName\":\"WMCMF\",\"url\":\"https:\\\/\\\/webdelmaestrocmf.com\\\/portal\\\/\",\"logo\":{\"@type\":\"ImageObject\",\"inLanguage\":\"es\",\"@id\":\"https:\\\/\\\/webdelmaestrocmf.com\\\/portal\\\/#\\\/schema\\\/logo\\\/image\\\/\",\"url\":\"https:\\\/\\\/webdelmaestrocmf.com\\\/portal\\\/wp-content\\\/uploads\\\/2023\\\/01\\\/logo-wmcmf-2.png\",\"contentUrl\":\"https:\\\/\\\/webdelmaestrocmf.com\\\/portal\\\/wp-content\\\/uploads\\\/2023\\\/01\\\/logo-wmcmf-2.png\",\"width\":200,\"height\":60,\"caption\":\"Web del Maestro CMF\"},\"image\":{\"@id\":\"https:\\\/\\\/webdelmaestrocmf.com\\\/portal\\\/#\\\/schema\\\/logo\\\/image\\\/\"},\"sameAs\":[\"https:\\\/\\\/www.facebook.com\\\/WebdelMaestroCMF\\\/\",\"https:\\\/\\\/x.com\\\/cmf_w\",\"https:\\\/\\\/www.pinterest.com\\\/WMCMF\\\/\",\"https:\\\/\\\/www.linkedin.com\\\/company\\\/web-del-maestro-cmf\\\/\",\"https:\\\/\\\/www.instagram.com\\\/wmcmf\\\/\",\"https:\\\/\\\/www.youtube.com\\\/channel\\\/UCDPSvjbdodE5sHnC3OxutHw\",\"https:\\\/\\\/mastodon.social\\\/@wmcmf\",\"https:\\\/\\\/www.tiktok.com\\\/@webdelmaestrocmf\"]},{\"@type\":\"Person\",\"@id\":\"https:\\\/\\\/webdelmaestrocmf.com\\\/portal\\\/#\\\/schema\\\/person\\\/1072a2ed7bd960df8ef99a551fa35dc5\",\"name\":\"Web del Maestro CMF\",\"image\":{\"@type\":\"ImageObject\",\"inLanguage\":\"es\",\"@id\":\"https:\\\/\\\/secure.gravatar.com\\\/avatar\\\/23291dd5b5ae1077dcff3dbb04c3e02bd28403fa75af6d8787d5e97c5bbbe30b?s=96&d=mm&r=g\",\"url\":\"https:\\\/\\\/secure.gravatar.com\\\/avatar\\\/23291dd5b5ae1077dcff3dbb04c3e02bd28403fa75af6d8787d5e97c5bbbe30b?s=96&d=mm&r=g\",\"contentUrl\":\"https:\\\/\\\/secure.gravatar.com\\\/avatar\\\/23291dd5b5ae1077dcff3dbb04c3e02bd28403fa75af6d8787d5e97c5bbbe30b?s=96&d=mm&r=g\",\"caption\":\"Web del Maestro CMF\"},\"description\":\"Esta Web se cre\u00f3 sin fines de lucro, con fines educativos, cient\u00edficos y acad\u00e9micos, para personas que tengan dificultades y\\\/o inconvenientes en visualizar el material original. El objetivo es entregar recursos, compartir experiencias y materiales que ayuden a los padres de familia, maestros y estudiantes en su actualizaci\u00f3n y formaci\u00f3n permanente, en bien de la Educaci\u00f3n.\",\"sameAs\":[\"http:\\\/\\\/webdelmaestrocmf.com\\\/portal\",\"https:\\\/\\\/www.facebook.com\\\/WebdelMaestroCMF\\\/\",\"https:\\\/\\\/www.instagram.com\\\/wmcmf\\\/\",\"https:\\\/\\\/cl.linkedin.com\\\/company\\\/web-del-maestro-cmf\",\"https:\\\/\\\/www.pinterest.com\\\/WMCMF\\\/publicaciones\\\/\",\"https:\\\/\\\/x.com\\\/cmf_w\",\"https:\\\/\\\/www.youtube.com\\\/@WMCMF\"]}]}<\/script>\n<!-- \/ Yoast SEO plugin. -->","yoast_head_json":{"title":"La manera m\u00e1s eficaz para que los ni\u00f1os hagan sus tareas a tiempo - 2026","description":"\"Jorge, date prisa que a las 8 salimos de casa\", \"Clara, tienes 15 minutos para desayunar\". Son frases que decimos a nuestros hijos sin...","robots":{"index":"index","follow":"follow","max-snippet":"max-snippet:-1","max-image-preview":"max-image-preview:large","max-video-preview":"max-video-preview:-1"},"canonical":"https:\/\/webdelmaestrocmf.com\/portal\/la-manera-mas-eficaz-para-que-los-ninos-hagan-sus-tareas-a-tiempo\/","og_locale":"es_ES","og_type":"article","og_title":"La manera m\u00e1s eficaz para que los ni\u00f1os hagan sus tareas a tiempo - 2026","og_description":"\"Jorge, date prisa que a las 8 salimos de casa\", \"Clara, tienes 15 minutos para desayunar\". Son frases que decimos a nuestros hijos sin...","og_url":"https:\/\/webdelmaestrocmf.com\/portal\/la-manera-mas-eficaz-para-que-los-ninos-hagan-sus-tareas-a-tiempo\/","og_site_name":"Web del Maestro CMF","article_publisher":"https:\/\/www.facebook.com\/WebdelMaestroCMF\/","article_author":"https:\/\/www.facebook.com\/WebdelMaestroCMF\/","article_published_time":"2022-05-07T02:44:58+00:00","article_modified_time":"2022-11-19T17:02:50+00:00","og_image":[{"width":1100,"height":680,"url":"https:\/\/i0.wp.com\/webdelmaestrocmf.com\/portal\/wp-content\/uploads\/2022\/01\/1-94.jpg?fit=1100%2C680&ssl=1","type":"image\/jpeg"}],"author":"Web del Maestro CMF","twitter_card":"summary_large_image","twitter_creator":"@cmf_w","twitter_site":"@cmf_w","schema":{"@context":"https:\/\/schema.org","@graph":[{"@type":"ScholarlyArticle","@id":"https:\/\/webdelmaestrocmf.com\/portal\/la-manera-mas-eficaz-para-que-los-ninos-hagan-sus-tareas-a-tiempo\/#article","isPartOf":{"@id":"https:\/\/webdelmaestrocmf.com\/portal\/la-manera-mas-eficaz-para-que-los-ninos-hagan-sus-tareas-a-tiempo\/"},"author":{"name":"Web del Maestro CMF","@id":"https:\/\/webdelmaestrocmf.com\/portal\/#\/schema\/person\/1072a2ed7bd960df8ef99a551fa35dc5"},"headline":"La manera m\u00e1s eficaz para que los ni\u00f1os hagan sus tareas a tiempo","datePublished":"2022-05-07T02:44:58+00:00","dateModified":"2022-11-19T17:02:50+00:00","mainEntityOfPage":{"@id":"https:\/\/webdelmaestrocmf.com\/portal\/la-manera-mas-eficaz-para-que-los-ninos-hagan-sus-tareas-a-tiempo\/"},"wordCount":774,"commentCount":0,"publisher":{"@id":"https:\/\/webdelmaestrocmf.com\/portal\/#organization"},"image":{"@id":"https:\/\/webdelmaestrocmf.com\/portal\/la-manera-mas-eficaz-para-que-los-ninos-hagan-sus-tareas-a-tiempo\/#primaryimage"},"thumbnailUrl":"https:\/\/webdelmaestrocmf.com\/portal\/wp-content\/uploads\/2022\/01\/1-94.jpg","keywords":["EFICAZ","hagan","MANERA","Ni\u00f1os","TAREAS","TIEMPO"],"articleSection":["Bienestar Familiar","Pedagog\u00eda","Recursos"],"inLanguage":"es","potentialAction":[{"@type":"CommentAction","name":"Comment","target":["https:\/\/webdelmaestrocmf.com\/portal\/la-manera-mas-eficaz-para-que-los-ninos-hagan-sus-tareas-a-tiempo\/#respond"]}]},{"@type":"WebPage","@id":"https:\/\/webdelmaestrocmf.com\/portal\/la-manera-mas-eficaz-para-que-los-ninos-hagan-sus-tareas-a-tiempo\/","url":"https:\/\/webdelmaestrocmf.com\/portal\/la-manera-mas-eficaz-para-que-los-ninos-hagan-sus-tareas-a-tiempo\/","name":"La manera m\u00e1s eficaz para que los ni\u00f1os hagan sus tareas a tiempo - 2026","isPartOf":{"@id":"https:\/\/webdelmaestrocmf.com\/portal\/#website"},"primaryImageOfPage":{"@id":"https:\/\/webdelmaestrocmf.com\/portal\/la-manera-mas-eficaz-para-que-los-ninos-hagan-sus-tareas-a-tiempo\/#primaryimage"},"image":{"@id":"https:\/\/webdelmaestrocmf.com\/portal\/la-manera-mas-eficaz-para-que-los-ninos-hagan-sus-tareas-a-tiempo\/#primaryimage"},"thumbnailUrl":"https:\/\/webdelmaestrocmf.com\/portal\/wp-content\/uploads\/2022\/01\/1-94.jpg","datePublished":"2022-05-07T02:44:58+00:00","dateModified":"2022-11-19T17:02:50+00:00","description":"\"Jorge, date prisa que a las 8 salimos de casa\", \"Clara, tienes 15 minutos para desayunar\". Son frases que decimos a nuestros hijos sin...","breadcrumb":{"@id":"https:\/\/webdelmaestrocmf.com\/portal\/la-manera-mas-eficaz-para-que-los-ninos-hagan-sus-tareas-a-tiempo\/#breadcrumb"},"inLanguage":"es","potentialAction":[{"@type":"ReadAction","target":["https:\/\/webdelmaestrocmf.com\/portal\/la-manera-mas-eficaz-para-que-los-ninos-hagan-sus-tareas-a-tiempo\/"]}]},{"@type":"ImageObject","inLanguage":"es","@id":"https:\/\/webdelmaestrocmf.com\/portal\/la-manera-mas-eficaz-para-que-los-ninos-hagan-sus-tareas-a-tiempo\/#primaryimage","url":"https:\/\/webdelmaestrocmf.com\/portal\/wp-content\/uploads\/2022\/01\/1-94.jpg","contentUrl":"https:\/\/webdelmaestrocmf.com\/portal\/wp-content\/uploads\/2022\/01\/1-94.jpg","width":1100,"height":680,"caption":"Actividades para preescolar o inicial"},{"@type":"BreadcrumbList","@id":"https:\/\/webdelmaestrocmf.com\/portal\/la-manera-mas-eficaz-para-que-los-ninos-hagan-sus-tareas-a-tiempo\/#breadcrumb","itemListElement":[{"@type":"ListItem","position":1,"name":"Portada","item":"https:\/\/webdelmaestrocmf.com\/portal\/"},{"@type":"ListItem","position":2,"name":"Recursos","item":"https:\/\/webdelmaestrocmf.com\/portal\/category\/pedagogia\/"},{"@type":"ListItem","position":3,"name":"La manera m\u00e1s eficaz para que los ni\u00f1os hagan sus tareas a tiempo"}]},{"@type":"WebSite","@id":"https:\/\/webdelmaestrocmf.com\/portal\/#website","url":"https:\/\/webdelmaestrocmf.com\/portal\/","name":"Web del Maestro CMF","description":"Maestros al servicio de la educaci\u00f3n","publisher":{"@id":"https:\/\/webdelmaestrocmf.com\/portal\/#organization"},"alternateName":"WMCMF","potentialAction":[{"@type":"SearchAction","target":{"@type":"EntryPoint","urlTemplate":"https:\/\/webdelmaestrocmf.com\/portal\/?s={search_term_string}"},"query-input":{"@type":"PropertyValueSpecification","valueRequired":true,"valueName":"search_term_string"}}],"inLanguage":"es"},{"@type":"Organization","@id":"https:\/\/webdelmaestrocmf.com\/portal\/#organization","name":"Web del Maestro CMF","alternateName":"WMCMF","url":"https:\/\/webdelmaestrocmf.com\/portal\/","logo":{"@type":"ImageObject","inLanguage":"es","@id":"https:\/\/webdelmaestrocmf.com\/portal\/#\/schema\/logo\/image\/","url":"https:\/\/webdelmaestrocmf.com\/portal\/wp-content\/uploads\/2023\/01\/logo-wmcmf-2.png","contentUrl":"https:\/\/webdelmaestrocmf.com\/portal\/wp-content\/uploads\/2023\/01\/logo-wmcmf-2.png","width":200,"height":60,"caption":"Web del Maestro CMF"},"image":{"@id":"https:\/\/webdelmaestrocmf.com\/portal\/#\/schema\/logo\/image\/"},"sameAs":["https:\/\/www.facebook.com\/WebdelMaestroCMF\/","https:\/\/x.com\/cmf_w","https:\/\/www.pinterest.com\/WMCMF\/","https:\/\/www.linkedin.com\/company\/web-del-maestro-cmf\/","https:\/\/www.instagram.com\/wmcmf\/","https:\/\/www.youtube.com\/channel\/UCDPSvjbdodE5sHnC3OxutHw","https:\/\/mastodon.social\/@wmcmf","https:\/\/www.tiktok.com\/@webdelmaestrocmf"]},{"@type":"Person","@id":"https:\/\/webdelmaestrocmf.com\/portal\/#\/schema\/person\/1072a2ed7bd960df8ef99a551fa35dc5","name":"Web del Maestro CMF","image":{"@type":"ImageObject","inLanguage":"es","@id":"https:\/\/secure.gravatar.com\/avatar\/23291dd5b5ae1077dcff3dbb04c3e02bd28403fa75af6d8787d5e97c5bbbe30b?s=96&d=mm&r=g","url":"https:\/\/secure.gravatar.com\/avatar\/23291dd5b5ae1077dcff3dbb04c3e02bd28403fa75af6d8787d5e97c5bbbe30b?s=96&d=mm&r=g","contentUrl":"https:\/\/secure.gravatar.com\/avatar\/23291dd5b5ae1077dcff3dbb04c3e02bd28403fa75af6d8787d5e97c5bbbe30b?s=96&d=mm&r=g","caption":"Web del Maestro CMF"},"description":"Esta Web se cre\u00f3 sin fines de lucro, con fines educativos, cient\u00edficos y acad\u00e9micos, para personas que tengan dificultades y\/o inconvenientes en visualizar el material original. El objetivo es entregar recursos, compartir experiencias y materiales que ayuden a los padres de familia, maestros y estudiantes en su actualizaci\u00f3n y formaci\u00f3n permanente, en bien de la Educaci\u00f3n.","sameAs":["http:\/\/webdelmaestrocmf.com\/portal","https:\/\/www.facebook.com\/WebdelMaestroCMF\/","https:\/\/www.instagram.com\/wmcmf\/","https:\/\/cl.linkedin.com\/company\/web-del-maestro-cmf","https:\/\/www.pinterest.com\/WMCMF\/publicaciones\/","https:\/\/x.com\/cmf_w","https:\/\/www.youtube.com\/@WMCMF"]}]}},"jetpack_featured_media_url":"https:\/\/webdelmaestrocmf.com\/portal\/wp-content\/uploads\/2022\/01\/1-94.jpg","jetpack_sharing_enabled":true,"jetpack-related-posts":[{"id":105246,"url":"https:\/\/webdelmaestrocmf.com\/portal\/cuantas-horas-de-tarea-escolar-debe-hacer-un-nino-o-adolescente-en-casa\/","url_meta":{"origin":73144,"position":0},"title":"Cu\u00e1ntas horas de tarea escolar debe hacer un ni\u00f1o o adolescente en casa","author":"Web del Maestro CMF","date":"1 mayo, 2024","format":false,"excerpt":"En el mundo actual lleno de actividades extracurriculares, responsabilidades familiares y demandas sociales, la tarea escolar puede convertirse en una fuente de estr\u00e9s y ansiedad para ni\u00f1os y adolescentes. En este art\u00edculo, exploraremos la cantidad adecuada de tarea para diferentes grupos de edad, los signos de que un ni\u00f1o o\u2026","rel":"","context":"En \u00abRecursos\u00bb","block_context":{"text":"Recursos","link":"https:\/\/webdelmaestrocmf.com\/portal\/category\/pedagogia\/"},"img":{"alt_text":"","src":"https:\/\/i0.wp.com\/webdelmaestrocmf.com\/portal\/wp-content\/uploads\/2024\/05\/Banner-1-portada-imagen-10-1-62.jpg?resize=350%2C200&ssl=1","width":350,"height":200,"srcset":"https:\/\/i0.wp.com\/webdelmaestrocmf.com\/portal\/wp-content\/uploads\/2024\/05\/Banner-1-portada-imagen-10-1-62.jpg?resize=350%2C200&ssl=1 1x, https:\/\/i0.wp.com\/webdelmaestrocmf.com\/portal\/wp-content\/uploads\/2024\/05\/Banner-1-portada-imagen-10-1-62.jpg?resize=525%2C300&ssl=1 1.5x, https:\/\/i0.wp.com\/webdelmaestrocmf.com\/portal\/wp-content\/uploads\/2024\/05\/Banner-1-portada-imagen-10-1-62.jpg?resize=700%2C400&ssl=1 2x"},"classes":[]},{"id":88017,"url":"https:\/\/webdelmaestrocmf.com\/portal\/tengo-alumnos-con-problemas-con-la-memoria-funcional-que-puedo-hacer\/","url_meta":{"origin":73144,"position":1},"title":"Tengo alumnos con problemas con la memoria funcional \u00bfQu\u00e9 puedo hacer?","author":"Web del Maestro CMF","date":"13 junio, 2023","format":false,"excerpt":"La memoria funcional implica tener en mente la informaci\u00f3n necesaria para completar una tarea. Los problemas con la memoria funcional pueden afectar a los ni\u00f1os dentro y fuera de la escuela. Pero los padres pueden ayudar, al ense\u00f1ar a los ni\u00f1os estrategias que mejoren la memoria funcional. Cuando los ni\u00f1os\u2026","rel":"","context":"En \u00abMemoria\u00bb","block_context":{"text":"Memoria","link":"https:\/\/webdelmaestrocmf.com\/portal\/category\/pedagogia\/memoria\/"},"img":{"alt_text":"","src":"https:\/\/i0.wp.com\/webdelmaestrocmf.com\/portal\/wp-content\/uploads\/2023\/04\/A12B3C4D-32.jpg?resize=350%2C200&ssl=1","width":350,"height":200,"srcset":"https:\/\/i0.wp.com\/webdelmaestrocmf.com\/portal\/wp-content\/uploads\/2023\/04\/A12B3C4D-32.jpg?resize=350%2C200&ssl=1 1x, https:\/\/i0.wp.com\/webdelmaestrocmf.com\/portal\/wp-content\/uploads\/2023\/04\/A12B3C4D-32.jpg?resize=525%2C300&ssl=1 1.5x, https:\/\/i0.wp.com\/webdelmaestrocmf.com\/portal\/wp-content\/uploads\/2023\/04\/A12B3C4D-32.jpg?resize=700%2C400&ssl=1 2x"},"classes":[]},{"id":42677,"url":"https:\/\/webdelmaestrocmf.com\/portal\/los-ninos-necesitan-en-vacaciones-mas-tiempo-en-familia-y-menos-tareas-o-juguetes\/","url_meta":{"origin":73144,"position":2},"title":"Los ni\u00f1os necesitan en vacaciones m\u00e1s tiempo en familia y menos tareas o juguetes","author":"Web del Maestro CMF","date":"12 diciembre, 2019","format":false,"excerpt":"Las vacaciones son un momento en la vida de nuestros ni\u00f1os y ni\u00f1as en el que la rutina que entrega el a\u00f1o escolar se ve interrumpida de forma importante. El levantarse temprano todos los d\u00edas para ir al jard\u00edn o al colegio, almorzar en el establecimiento educacional, el compartir con\u2026","rel":"","context":"En \u00abINTER\u00c9S\u00bb","block_context":{"text":"INTER\u00c9S","link":"https:\/\/webdelmaestrocmf.com\/portal\/category\/noticias-educacion\/"},"img":{"alt_text":"","src":"https:\/\/i0.wp.com\/webdelmaestrocmf.com\/portal\/wp-content\/uploads\/2019\/12\/2-11.jpg?resize=350%2C200&ssl=1","width":350,"height":200,"srcset":"https:\/\/i0.wp.com\/webdelmaestrocmf.com\/portal\/wp-content\/uploads\/2019\/12\/2-11.jpg?resize=350%2C200&ssl=1 1x, https:\/\/i0.wp.com\/webdelmaestrocmf.com\/portal\/wp-content\/uploads\/2019\/12\/2-11.jpg?resize=525%2C300&ssl=1 1.5x, https:\/\/i0.wp.com\/webdelmaestrocmf.com\/portal\/wp-content\/uploads\/2019\/12\/2-11.jpg?resize=700%2C400&ssl=1 2x, https:\/\/i0.wp.com\/webdelmaestrocmf.com\/portal\/wp-content\/uploads\/2019\/12\/2-11.jpg?resize=1050%2C600&ssl=1 3x"},"classes":[]},{"id":114625,"url":"https:\/\/webdelmaestrocmf.com\/portal\/madre-de-familia-se-declara-en-contra-de-las-tareas-escolares-las-tareas-escolares-les-quitan-tiempo-a-los-ninos-para-jugar-y-pasar-tiempo-con-sus-padres\/","url_meta":{"origin":73144,"position":3},"title":"Madre de familia se declara en contra de las tareas escolares: \u201cLas tareas escolares les quitan tiempo a los ni\u00f1os para jugar y pasar tiempo con sus padres\u201d","author":"Web del Maestro CMF","date":"7 enero, 2026","format":false,"excerpt":"Madre cuestiona la carga de tareas escolares y reabre el debate sobre el tiempo infantil","rel":"","context":"En \u00abNoticias Internacionales\u00bb","block_context":{"text":"Noticias Internacionales","link":"https:\/\/webdelmaestrocmf.com\/portal\/category\/noticias-internacionales\/"},"img":{"alt_text":"","src":"https:\/\/i0.wp.com\/webdelmaestrocmf.com\/portal\/wp-content\/uploads\/2026\/01\/1AA-Banner-1-portada-imagen-10-1-copia-18.webp?resize=350%2C200&ssl=1","width":350,"height":200,"srcset":"https:\/\/i0.wp.com\/webdelmaestrocmf.com\/portal\/wp-content\/uploads\/2026\/01\/1AA-Banner-1-portada-imagen-10-1-copia-18.webp?resize=350%2C200&ssl=1 1x, https:\/\/i0.wp.com\/webdelmaestrocmf.com\/portal\/wp-content\/uploads\/2026\/01\/1AA-Banner-1-portada-imagen-10-1-copia-18.webp?resize=525%2C300&ssl=1 1.5x, https:\/\/i0.wp.com\/webdelmaestrocmf.com\/portal\/wp-content\/uploads\/2026\/01\/1AA-Banner-1-portada-imagen-10-1-copia-18.webp?resize=700%2C400&ssl=1 2x, https:\/\/i0.wp.com\/webdelmaestrocmf.com\/portal\/wp-content\/uploads\/2026\/01\/1AA-Banner-1-portada-imagen-10-1-copia-18.webp?resize=1050%2C600&ssl=1 3x"},"classes":[]},{"id":76047,"url":"https:\/\/webdelmaestrocmf.com\/portal\/conozca-rutinas-y-sistemas-de-incentivos-para-ayudar-a-los-ninos-con-las-tareas-escolares\/","url_meta":{"origin":73144,"position":4},"title":"Sistemas de rutinas para ayudar a los ni\u00f1os con las tareas escolares","author":"Web del Maestro CMF","date":"13 mayo, 2022","format":false,"excerpt":"Esta es la mejor gu\u00eda que hemos visto para ayudar a los ni\u00f1os a hacer las tareas escolares con \u00e9xito, publicada en el sitio web de la National Association of School Psychologists, NASPonline.org\u00a0(p\u00e1gina en ingl\u00e9s). Nuestro agradecimiento a NASP por compartirla con nosotros. Hay dos estrategias clave que los padres\u2026","rel":"","context":"En \u00abRecursos\u00bb","block_context":{"text":"Recursos","link":"https:\/\/webdelmaestrocmf.com\/portal\/category\/pedagogia\/"},"img":{"alt_text":"","src":"https:\/\/i0.wp.com\/webdelmaestrocmf.com\/portal\/wp-content\/uploads\/2022\/04\/1-6.jpeg?resize=350%2C200&ssl=1","width":350,"height":200,"srcset":"https:\/\/i0.wp.com\/webdelmaestrocmf.com\/portal\/wp-content\/uploads\/2022\/04\/1-6.jpeg?resize=350%2C200&ssl=1 1x, https:\/\/i0.wp.com\/webdelmaestrocmf.com\/portal\/wp-content\/uploads\/2022\/04\/1-6.jpeg?resize=525%2C300&ssl=1 1.5x, https:\/\/i0.wp.com\/webdelmaestrocmf.com\/portal\/wp-content\/uploads\/2022\/04\/1-6.jpeg?resize=700%2C400&ssl=1 2x, https:\/\/i0.wp.com\/webdelmaestrocmf.com\/portal\/wp-content\/uploads\/2022\/04\/1-6.jpeg?resize=1050%2C600&ssl=1 3x"},"classes":[]},{"id":5824,"url":"https:\/\/webdelmaestrocmf.com\/portal\/onu-propone-prohibir-tareas-escolares-en-todo-el-mundo\/","url_meta":{"origin":73144,"position":5},"title":"Propuestas sobre las tareas escolares: \u00bfQu\u00e9 opina?","author":"Web del Maestro CMF","date":"5 abril, 2025","format":false,"excerpt":"Recientemente Harris Cooper, prestigiado profesor de la Universidad de Duke declar\u00f3: \"No hemos encontrado evidencia de que las tareas ayuden a los ni\u00f1o a ser mejor estudiantes\". A continuaci\u00f3n te dejamos con la explicaci\u00f3n. Desde el Kinder los ni\u00f1os puede usar las tareas como una ayuda a para crear un\u2026","rel":"","context":"En \u00abRecursos\u00bb","block_context":{"text":"Recursos","link":"https:\/\/webdelmaestrocmf.com\/portal\/category\/pedagogia\/"},"img":{"alt_text":"","src":"https:\/\/i0.wp.com\/webdelmaestrocmf.com\/portal\/wp-content\/uploads\/2016\/05\/1A-Banner-1-portada-imagen-10-1.jpg?resize=350%2C200&ssl=1","width":350,"height":200,"srcset":"https:\/\/i0.wp.com\/webdelmaestrocmf.com\/portal\/wp-content\/uploads\/2016\/05\/1A-Banner-1-portada-imagen-10-1.jpg?resize=350%2C200&ssl=1 1x, https:\/\/i0.wp.com\/webdelmaestrocmf.com\/portal\/wp-content\/uploads\/2016\/05\/1A-Banner-1-portada-imagen-10-1.jpg?resize=525%2C300&ssl=1 1.5x, https:\/\/i0.wp.com\/webdelmaestrocmf.com\/portal\/wp-content\/uploads\/2016\/05\/1A-Banner-1-portada-imagen-10-1.jpg?resize=700%2C400&ssl=1 2x"},"classes":[]}],"_links":{"self":[{"href":"https:\/\/webdelmaestrocmf.com\/portal\/wp-json\/wp\/v2\/posts\/73144","targetHints":{"allow":["GET"]}}],"collection":[{"href":"https:\/\/webdelmaestrocmf.com\/portal\/wp-json\/wp\/v2\/posts"}],"about":[{"href":"https:\/\/webdelmaestrocmf.com\/portal\/wp-json\/wp\/v2\/types\/post"}],"author":[{"embeddable":true,"href":"https:\/\/webdelmaestrocmf.com\/portal\/wp-json\/wp\/v2\/users\/1"}],"replies":[{"embeddable":true,"href":"https:\/\/webdelmaestrocmf.com\/portal\/wp-json\/wp\/v2\/comments?post=73144"}],"version-history":[{"count":0,"href":"https:\/\/webdelmaestrocmf.com\/portal\/wp-json\/wp\/v2\/posts\/73144\/revisions"}],"wp:featuredmedia":[{"embeddable":true,"href":"https:\/\/webdelmaestrocmf.com\/portal\/wp-json\/wp\/v2\/media\/73147"}],"wp:attachment":[{"href":"https:\/\/webdelmaestrocmf.com\/portal\/wp-json\/wp\/v2\/media?parent=73144"}],"wp:term":[{"taxonomy":"category","embeddable":true,"href":"https:\/\/webdelmaestrocmf.com\/portal\/wp-json\/wp\/v2\/categories?post=73144"},{"taxonomy":"post_tag","embeddable":true,"href":"https:\/\/webdelmaestrocmf.com\/portal\/wp-json\/wp\/v2\/tags?post=73144"}],"curies":[{"name":"wp","href":"https:\/\/api.w.org\/{rel}","templated":true}]}}