{"id":72991,"date":"2022-01-12T23:26:45","date_gmt":"2022-01-13T02:26:45","guid":{"rendered":"https:\/\/webdelmaestrocmf.com\/portal\/?p=72991"},"modified":"2022-01-14T18:44:43","modified_gmt":"2022-01-14T21:44:43","slug":"como-esta-afectando-la-pandemia-de-coronavirus-al-cerebro-de-bebes-y-ninos","status":"publish","type":"post","link":"https:\/\/webdelmaestrocmf.com\/portal\/como-esta-afectando-la-pandemia-de-coronavirus-al-cerebro-de-bebes-y-ninos\/","title":{"rendered":"\u00bfC\u00f3mo est\u00e1 afectando la pandemia de coronavirus al cerebro de bebes y ni\u00f1os?"},"content":{"rendered":"<h5 style=\"text-align: justify;\">Investigaciones internacionales se\u00f1alan que hay enormes diferencias entre la forma en que se desarrollaban los menores antes de la pandemia y la manera en que lo hacen hoy.<\/h5>\n<p><!--more--><\/p>\n<h5 style=\"text-align: justify;\">La periodista cient\u00edfica Melinda Wenner Moyer ha publicado un art\u00edculo en la\u00a0<a href=\"https:\/\/www.nature.com\/articles\/d41586-022-00027-4#ref-CR6\" target=\"_blank\" rel=\"noopener\">revista Nature<\/a>\u00a0para explicar de qu\u00e9 manera\u00a0la pandemia\u00a0ha perjudicado\u00a0<b>el desarrollo cerebral de los bebes y los ni\u00f1os\u00a0<\/b>en un contexto de aislamiento, estr\u00e9s y nuevas costumbres. En el manuscrito, mencion\u00f3 algunas investigaciones que demuestran cambios significativos en el comportamiento de esos grupos etarios despu\u00e9s de que se desatara la crisis sanitaria entre el 2019 y 2020.<\/h5>\n<p class=\"\" style=\"text-align: justify;\">Al principio de la pandemia, apunta Wenner, el pediatra Dumitriu y su equipo del New York-Presbyterian Morgan Stanley Children\u2019s Hospital en Nueva York se sintieron aliviados porque la mayor parte de beb\u00e9s expuestos a\u00a0la COVID-19\u00a0parec\u00edan no sufrir las consecuencias; sin embargo, m\u00e1s adelante se comprob\u00f3 lo contrario.<\/p>\n<p class=\"\" style=\"text-align: justify;\">Dumitriu le pidi\u00f3 a Morgan Firestein, investigadora posdoctoral de la Universidad de Columbia, que comparara datos recopilados \u2014desde fines de 2017\u2014 de habilidades motoras de bebes de hasta seis meses con resultados de beb\u00e9s reci\u00e9n nacidos poco antes y luego de la pandemia. \u00bfCu\u00e1l era el estado neurol\u00f3gico de esos grupos?, se preguntaron. Los resultados pueden ser revisados en<a href=\"https:\/\/jamanetwork.com\/journals\/jamapediatrics\/fullarticle\/2787479\" target=\"_blank\" rel=\"noopener\">\u00a0JAMA Pediatrics<\/a>.<\/p>\n<p class=\"\" style=\"text-align: justify;\">\u201cLos infantes nacidos durante la pandemia obtuvieron puntajes, en promedio, m\u00e1s bajos en las pruebas de motricidad gruesa, motricidad fina y habilidades de comunicaci\u00f3n en comparaci\u00f3n con los nacidos antes\u201d, escribi\u00f3 Wenner Moyer, tambi\u00e9n colaboradora de la revista de divulgaci\u00f3n Scientific American. Ella resalt\u00f3 que no importaba si los padres ya hab\u00edan sufrido una infecci\u00f3n.<\/p>\n<p class=\"\" style=\"text-align: justify;\">Y esto estar\u00eda relacionado con el estr\u00e9s de los progenitores, lo cual afectar\u00eda negativamente\u00a0<b>la evoluci\u00f3n cerebral del feto<\/b>. Otra propuesta, en cuanto a los ni\u00f1os, es que en el entorno familiar habr\u00eda menos interacci\u00f3n; la reducci\u00f3n del tiempo de juego tambi\u00e9n se suma a la hip\u00f3tesis.<\/p>\n<p class=\"\" style=\"text-align: justify;\">Para Moriah Thomason, psic\u00f3loga de ni\u00f1os y adolescentes de la Escuela de Medicina Grossman de la Universidad de Nueva York, estas condiciones tendr\u00edan una fecha de caducidad. Una vez superados los obst\u00e1culos, no encontraremos heridas o secuelas producto del cambio de actitud por el coronavirus, sugiri\u00f3.<\/p>\n<p class=\"\" style=\"text-align: justify;\">Sean Deoni, un biof\u00edsico m\u00e9dico, se concentr\u00f3 junto con sus colegas en estudiar c\u00f3mo los factores ambientales dan forma al desarrollo del cerebro en los beb\u00e9s dentro del laboratorio de im\u00e1genes avanzadas (resonancia magn\u00e9tica) de la Universidad de Brown en Providence.<\/p>\n<p class=\"\" style=\"text-align: justify;\">Deoni realiz\u00f3 el seguimiento de un estudio efectuado durante siete a\u00f1os por los Institutos Nacionales de Salud acerca de habilidades motoras, visuales y del lenguaje en la primera infancia. Como otros expertos le comentaron que los beb\u00e9s decayeron en las mediciones, llamadas puntuaciones de desarrollo neurol\u00f3gico, contrast\u00f3 los promedios anuales con los datos pand\u00e9micos y observ\u00f3 un \u201cdesmoronamiento\u201d entre finales del 2020 y 2021.<\/p>\n<p class=\"\" style=\"text-align: justify;\">Una investigaci\u00f3n diferente, en el Reino Unido, publicada el 21 de mayo de 2021 por\u00a0<a href=\"https:\/\/onlinelibrary.wiley.com\/doi\/10.1002\/icd.2241\" target=\"_blank\" rel=\"noopener\">Infant and Child Development<\/a>\u00a0muestra que\u00a0<mark class=\"hl_yellow\">la poca interacci\u00f3n entre ni\u00f1os y las nulas atenciones grupales podr\u00edan estar frenando el desarrollo del liderazgo y el lenguaje.<\/mark>\u00a0En total, los firmantes del art\u00edculo encuestaron a 189 padres de familia, cuyos hijos ten\u00edan edades de entre 8 meses y 3 a\u00f1os.<\/p>\n<p class=\"\" style=\"text-align: justify;\">El 27 de abril de 2021, mediante un paper de la Universidad de Oxford en\u00a0<a href=\"https:\/\/www.pnas.org\/content\/118\/17\/e2022376118\" target=\"_blank\" rel=\"noopener\">PNAS<\/a>, se supo de una ca\u00edda en picada con respecto a las evaluaciones nacionales para ni\u00f1os en 2020, en comparaci\u00f3n con las de los tres a\u00f1os anteriores.<\/p>\n<p class=\"\" style=\"text-align: justify;\">Adem\u00e1s, Melinda Wenner Moyer incluy\u00f3 las consecuencias del uso de\u00a0<b>mascarillas faciales<\/b>, protecci\u00f3n que ya se ha convertido en un h\u00e1bito. \u00bfSi los padres ocultan su rostro a sus ni\u00f1os, ellos dejar\u00e1n de expresar mejor sus emociones?, se cuestion\u00f3 la periodista.<\/p>\n<p class=\"\" style=\"text-align: justify;\">Un estudio subido a la web de Developmental Science, el 3 de mayo de 2021, inform\u00f3 que ni\u00f1os de dos a\u00f1os entend\u00edan la mayor\u00eda de palabras pronunciadas por sus padres, quienes utilizaban barbijos opacos. As\u00ed lo ratific\u00f3 Leher Singh, psic\u00f3loga de la Universidad Nacional de Singapur. La conclusi\u00f3n se repite en\u00a0<a href=\"https:\/\/journals.plos.org\/plosone\/article?id=10.1371\/journal.pone.0243708\" target=\"_blank\" rel=\"noopener\">PLOS ONE<\/a>\u00a0a trav\u00e9s de otro paper del Departamento de Psicolog\u00eda y Centro Waisman en la Universidad de Wisconsin.<\/p>\n<h5 style=\"text-align: justify;\">El estr\u00e9s de los beb\u00e9s dentro del \u00fatero materno<\/h5>\n<p class=\"\" style=\"text-align: justify;\">Catherine Lebel, psic\u00f3loga que dirige el Laboratorio de Neuroimagen del Desarrollo en la Universidad de Calgary en Canad\u00e1, y un equipo de investigadores encuestaron a\u00a0<b>8.000 mujeres embarazadas\u00a0<\/b>durante el periodo de pandemia. La mitad declar\u00f3 haber tenido ansiedad y un tercio, s\u00edntomas de depresi\u00f3n, valores m\u00e1s altos si se examinan con los datos anteriores a la crisis sanitaria.<\/p>\n<p class=\"\" style=\"text-align: justify;\">Con el objetivo de conocer c\u00f3mo perjudic\u00f3 esto a los beb\u00e9s en el vientre,\u00a0<a href=\"https:\/\/www.medrxiv.org\/content\/10.1101\/2021.10.04.21264536v1\" target=\"_blank\" rel=\"noopener\">escanearon 75 cerebros a tres meses del nacimiento<\/a>. En el preprint de la plataforma medrxiv, se demostr\u00f3 que las conexiones del principal \u00f3rgano del sistema nervioso variaron en peque\u00f1os cuyas madres informaron angustia prenatal.<\/p>\n<figure id=\"attachment_72992\" aria-describedby=\"caption-attachment-72992\" style=\"width: 1024px\" class=\"wp-caption alignnone\"><img loading=\"lazy\" decoding=\"async\" class=\"wp-image-72992 size-large\" src=\"https:\/\/webdelmaestrocmf.com\/portal\/wp-content\/uploads\/2022\/01\/Captura-de-Pantalla-2022-01-12-a-las-23.15.22-1024x987.png\" alt=\"\" width=\"1024\" height=\"987\" srcset=\"https:\/\/webdelmaestrocmf.com\/portal\/wp-content\/uploads\/2022\/01\/Captura-de-Pantalla-2022-01-12-a-las-23.15.22-1024x987.png 1024w, https:\/\/webdelmaestrocmf.com\/portal\/wp-content\/uploads\/2022\/01\/Captura-de-Pantalla-2022-01-12-a-las-23.15.22-300x289.png 300w, https:\/\/webdelmaestrocmf.com\/portal\/wp-content\/uploads\/2022\/01\/Captura-de-Pantalla-2022-01-12-a-las-23.15.22-768x740.png 768w, https:\/\/webdelmaestrocmf.com\/portal\/wp-content\/uploads\/2022\/01\/Captura-de-Pantalla-2022-01-12-a-las-23.15.22-110x106.png 110w, https:\/\/webdelmaestrocmf.com\/portal\/wp-content\/uploads\/2022\/01\/Captura-de-Pantalla-2022-01-12-a-las-23.15.22-200x193.png 200w, https:\/\/webdelmaestrocmf.com\/portal\/wp-content\/uploads\/2022\/01\/Captura-de-Pantalla-2022-01-12-a-las-23.15.22-380x366.png 380w, https:\/\/webdelmaestrocmf.com\/portal\/wp-content\/uploads\/2022\/01\/Captura-de-Pantalla-2022-01-12-a-las-23.15.22-255x246.png 255w, https:\/\/webdelmaestrocmf.com\/portal\/wp-content\/uploads\/2022\/01\/Captura-de-Pantalla-2022-01-12-a-las-23.15.22-550x530.png 550w, https:\/\/webdelmaestrocmf.com\/portal\/wp-content\/uploads\/2022\/01\/Captura-de-Pantalla-2022-01-12-a-las-23.15.22-800x771.png 800w, https:\/\/webdelmaestrocmf.com\/portal\/wp-content\/uploads\/2022\/01\/Captura-de-Pantalla-2022-01-12-a-las-23.15.22.png 1042w\" sizes=\"auto, (max-width: 1024px) 100vw, 1024px\" \/><figcaption id=\"caption-attachment-72992\" class=\"wp-caption-text\">Esc\u00e1neres cerebrales que muestran patrones de conectividad promedio entre la am\u00edgdala y otras regiones en beb\u00e9s. Foto: Kathryn Manning<\/figcaption><\/figure>\n<p class=\"\" style=\"text-align: justify;\">Seg\u00fan Livio Provenzi, psic\u00f3logo de la Fundaci\u00f3n IRCCS Mondino en Pav\u00eda, Italia, el estr\u00e9s y ansiedad en el transcurso del embarazado tambi\u00e9n se relaciona con la regulaci\u00f3n de emociones y la atenci\u00f3n a los est\u00edmulos sociales en beb\u00e9s de tres meses. Esto lo comprob\u00f3 con su conjunto de colaboradores en la revista\u00a0<a href=\"https:\/\/www.cambridge.org\/core\/journals\/development-and-psychopathology\/article\/abs\/prenatal-maternal-stress-during-the-covid19-pandemic-and-infant-regulatory-capacity-at-3-months-a-longitudinal-study\/385653DFA5CBA9A81C64835A2DF87E77\" target=\"_blank\" rel=\"noopener\">Development and Psychopathology<\/a>.<\/p>\n<p class=\"\" style=\"text-align: justify;\">Aunque hay cierta cantidad de indagaciones sobre los denominados\u00a0<b>\u2018beb\u00e9s pand\u00e9micos\u2019<\/b>, de acuerdo al art\u00edculo de Nature, los cient\u00edficos sostienen que es pronto para \u201csacar interpretaciones significativas\u201d debido a que los primeros hallazgos suelen presentar sesgos.<\/p>\n<p><strong>Este contenido ha sido publicado originalmente por La Rep\u00fablica (Per\u00fa) en la siguiente direcci\u00f3n: <a href=\"http:\/\/diariocorreo.pe\" target=\"_blank\" rel=\"noopener\">diariocorreo.pe<\/a><\/strong><\/p>\n\t\t<div class=\"pk-inline-posts\">\n\t\t\t\n\t\t\t<div class=\"pk-inline-posts-container pk-inline-posts-template-list\"\n\t\t\t\tdata-columns=\"1\">\n\t\t\t\t\t\t<article id=\"post-114355\" class=\"post-114355 post type-post status-publish format-standard has-post-thumbnail category-docentes category-noticias-pedagogia category-pedagogia tag-derechos-del-nino tag-docentes-en-redes-sociales tag-educacion-responsable tag-etica-docente tag-legislacion-educativa tag-privacidad-infantil tag-profesores-influencers tag-proteccion-de-datos tag-uso-de-imagen cs-entry cs-video-wrap\">\n\t\t\t<div class=\"pk-post-outer\">\n\n\t\t\t\t\t\t\t\t<div class=\"pk-post-inner\">\n\t\t\t\t\t<div class=\"entry-thumbnail\">\n\t\t\t\t\t\t<div class=\"pk-overlay pk-overlay-ratio pk-ratio-landscape\">\n\t\t\t\t\t\t\t<div class=\"pk-overlay-background\">\n\t\t\t\t\t\t\t\t<a href=\"https:\/\/webdelmaestrocmf.com\/portal\/atencion-profesores-tiktokers-por-que-no-pueden-usar-imagenes-fotos-de-sus-estudiantes-en-redes-sociales-personales\/\" class=\"pk-overlay-link\">\n\t\t\t\t\t\t\t\t\t<img loading=\"lazy\" decoding=\"async\" width=\"300\" height=\"225\" src=\"https:\/\/webdelmaestrocmf.com\/portal\/wp-content\/uploads\/2025\/12\/1A-Banner-1-portada-imagen-10-1-copia-1-18-300x225.webp\" class=\"attachment-pk-thumbnail size-pk-thumbnail wp-post-image\" alt=\"\" \/>\t\t\t\t\t\t\t\t<\/a>\n\t\t\t\t\t\t\t<\/div>\n\t\t\t\t\t\t<\/div>\n\t\t\t\t\t<\/div>\n\t\t\t\t<\/div>\n\t\t\t\t\n\t\t\t\t<div class=\"pk-post-inner\">\n\t\t\t\t\t<header>\n\t\t\t\t\t\t<h3 class=\"pk-title\"><a href=\"https:\/\/webdelmaestrocmf.com\/portal\/atencion-profesores-tiktokers-por-que-no-pueden-usar-imagenes-fotos-de-sus-estudiantes-en-redes-sociales-personales\/\" rel=\"bookmark\">Atenci\u00f3n, profesores tiktokers: por qu\u00e9 no pueden usar im\u00e1genes (fotos) de sus estudiantes en redes sociales personales<\/a><\/h3>\t\t\t\t\t<\/header><!-- .entry-header -->\n\t\t\t\t<\/div><!-- .post-inner -->\n\n\t\t\t<\/div><!-- .post-outer -->\n\t\t<\/article>\n\t\t\t\t<\/div>\n\t\t<\/div>\n\t\t\n","protected":false},"excerpt":{"rendered":"Investigaciones internacionales se\u00f1alan que hay enormes diferencias entre la forma en que se desarrollaban los menores antes de&hellip;","protected":false},"author":1,"featured_media":72993,"comment_status":"open","ping_status":"closed","sticky":false,"template":"","format":"standard","meta":{"_jetpack_newsletter_access":"","_jetpack_dont_email_post_to_subs":false,"_jetpack_newsletter_tier_id":0,"_jetpack_memberships_contains_paywalled_content":false,"csco_display_header_overlay":false,"csco_singular_sidebar":"default","csco_page_header_type":"default","csco_page_load_nextpost":"default","csco_post_video_location":[],"csco_post_video_location_hash":"","csco_post_video_url":"","csco_post_video_bg_start_time":0,"csco_post_video_bg_end_time":0,"csco_post_video_bg_volume":false,"_jetpack_feature_clip_id":0,"_jetpack_memberships_contains_paid_content":false,"footnotes":"","jetpack_post_was_ever_published":false},"categories":[5375,735],"tags":[5434,1794,662,4734,297,4863],"class_list":["post-72991","post","type-post","status-publish","format-standard","has-post-thumbnail","category-noticias-pedagogia","category-pedagogia","tag-afectando","tag-bebes","tag-cerebro","tag-coronavirus","tag-ninos","tag-pandemia","cs-entry","cs-video-wrap"],"yoast_head":"<!-- This site is optimized with the Yoast SEO plugin v28.1 - https:\/\/yoast.com\/product\/yoast-seo-wordpress\/ -->\n<title>\u00bfC\u00f3mo est\u00e1 afectando la pandemia de coronavirus al cerebro de bebes y ni\u00f1os? - 2026<\/title>\n<meta name=\"description\" content=\"Investigaciones internacionales se\u00f1alan que hay enormes diferencias entre la forma en que se desarrollaban los menores antes de...\" \/>\n<meta name=\"robots\" content=\"index, follow, max-snippet:-1, max-image-preview:large, max-video-preview:-1\" \/>\n<link rel=\"canonical\" href=\"https:\/\/webdelmaestrocmf.com\/portal\/como-esta-afectando-la-pandemia-de-coronavirus-al-cerebro-de-bebes-y-ninos\/\" \/>\n<meta property=\"og:locale\" content=\"es_ES\" \/>\n<meta property=\"og:type\" content=\"article\" \/>\n<meta property=\"og:title\" content=\"\u00bfC\u00f3mo est\u00e1 afectando la pandemia de coronavirus al cerebro de bebes y ni\u00f1os? - 2026\" \/>\n<meta property=\"og:description\" content=\"Investigaciones internacionales se\u00f1alan que hay enormes diferencias entre la forma en que se desarrollaban los menores antes de...\" \/>\n<meta property=\"og:url\" content=\"https:\/\/webdelmaestrocmf.com\/portal\/como-esta-afectando-la-pandemia-de-coronavirus-al-cerebro-de-bebes-y-ninos\/\" \/>\n<meta property=\"og:site_name\" content=\"Web del Maestro CMF\" \/>\n<meta property=\"article:publisher\" content=\"https:\/\/www.facebook.com\/WebdelMaestroCMF\/\" \/>\n<meta property=\"article:author\" content=\"https:\/\/www.facebook.com\/WebdelMaestroCMF\/\" \/>\n<meta property=\"article:published_time\" content=\"2022-01-13T02:26:45+00:00\" \/>\n<meta property=\"article:modified_time\" content=\"2022-01-14T21:44:43+00:00\" \/>\n<meta property=\"og:image\" content=\"https:\/\/i0.wp.com\/webdelmaestrocmf.com\/portal\/wp-content\/uploads\/2022\/01\/1-64.jpg?fit=1100%2C680&ssl=1\" \/>\n\t<meta property=\"og:image:width\" content=\"1100\" \/>\n\t<meta property=\"og:image:height\" content=\"680\" \/>\n\t<meta property=\"og:image:type\" content=\"image\/jpeg\" \/>\n<meta name=\"author\" content=\"Web del Maestro CMF\" \/>\n<meta name=\"twitter:card\" content=\"summary_large_image\" \/>\n<meta name=\"twitter:creator\" content=\"@cmf_w\" \/>\n<meta name=\"twitter:site\" content=\"@cmf_w\" \/>\n<script type=\"application\/ld+json\" class=\"yoast-schema-graph\">{\"@context\":\"https:\\\/\\\/schema.org\",\"@graph\":[{\"@type\":\"ScholarlyArticle\",\"@id\":\"https:\\\/\\\/webdelmaestrocmf.com\\\/portal\\\/como-esta-afectando-la-pandemia-de-coronavirus-al-cerebro-de-bebes-y-ninos\\\/#article\",\"isPartOf\":{\"@id\":\"https:\\\/\\\/webdelmaestrocmf.com\\\/portal\\\/como-esta-afectando-la-pandemia-de-coronavirus-al-cerebro-de-bebes-y-ninos\\\/\"},\"author\":{\"name\":\"Web del Maestro CMF\",\"@id\":\"https:\\\/\\\/webdelmaestrocmf.com\\\/portal\\\/#\\\/schema\\\/person\\\/1072a2ed7bd960df8ef99a551fa35dc5\"},\"headline\":\"\u00bfC\u00f3mo est\u00e1 afectando la pandemia de coronavirus al cerebro de bebes y ni\u00f1os?\",\"datePublished\":\"2022-01-13T02:26:45+00:00\",\"dateModified\":\"2022-01-14T21:44:43+00:00\",\"mainEntityOfPage\":{\"@id\":\"https:\\\/\\\/webdelmaestrocmf.com\\\/portal\\\/como-esta-afectando-la-pandemia-de-coronavirus-al-cerebro-de-bebes-y-ninos\\\/\"},\"wordCount\":1025,\"commentCount\":0,\"publisher\":{\"@id\":\"https:\\\/\\\/webdelmaestrocmf.com\\\/portal\\\/#organization\"},\"image\":{\"@id\":\"https:\\\/\\\/webdelmaestrocmf.com\\\/portal\\\/como-esta-afectando-la-pandemia-de-coronavirus-al-cerebro-de-bebes-y-ninos\\\/#primaryimage\"},\"thumbnailUrl\":\"https:\\\/\\\/webdelmaestrocmf.com\\\/portal\\\/wp-content\\\/uploads\\\/2022\\\/01\\\/1-64.jpg\",\"keywords\":[\"afectando\",\"BEB\u00c9S\",\"Cerebro\",\"coronavirus\",\"Ni\u00f1os\",\"pandemia\"],\"articleSection\":[\"Noticias\",\"Recursos\"],\"inLanguage\":\"es\",\"potentialAction\":[{\"@type\":\"CommentAction\",\"name\":\"Comment\",\"target\":[\"https:\\\/\\\/webdelmaestrocmf.com\\\/portal\\\/como-esta-afectando-la-pandemia-de-coronavirus-al-cerebro-de-bebes-y-ninos\\\/#respond\"]}]},{\"@type\":\"WebPage\",\"@id\":\"https:\\\/\\\/webdelmaestrocmf.com\\\/portal\\\/como-esta-afectando-la-pandemia-de-coronavirus-al-cerebro-de-bebes-y-ninos\\\/\",\"url\":\"https:\\\/\\\/webdelmaestrocmf.com\\\/portal\\\/como-esta-afectando-la-pandemia-de-coronavirus-al-cerebro-de-bebes-y-ninos\\\/\",\"name\":\"\u00bfC\u00f3mo est\u00e1 afectando la pandemia de coronavirus al cerebro de bebes y ni\u00f1os? - 2026\",\"isPartOf\":{\"@id\":\"https:\\\/\\\/webdelmaestrocmf.com\\\/portal\\\/#website\"},\"primaryImageOfPage\":{\"@id\":\"https:\\\/\\\/webdelmaestrocmf.com\\\/portal\\\/como-esta-afectando-la-pandemia-de-coronavirus-al-cerebro-de-bebes-y-ninos\\\/#primaryimage\"},\"image\":{\"@id\":\"https:\\\/\\\/webdelmaestrocmf.com\\\/portal\\\/como-esta-afectando-la-pandemia-de-coronavirus-al-cerebro-de-bebes-y-ninos\\\/#primaryimage\"},\"thumbnailUrl\":\"https:\\\/\\\/webdelmaestrocmf.com\\\/portal\\\/wp-content\\\/uploads\\\/2022\\\/01\\\/1-64.jpg\",\"datePublished\":\"2022-01-13T02:26:45+00:00\",\"dateModified\":\"2022-01-14T21:44:43+00:00\",\"description\":\"Investigaciones internacionales se\u00f1alan que hay enormes diferencias entre la forma en que se desarrollaban los menores antes de...\",\"breadcrumb\":{\"@id\":\"https:\\\/\\\/webdelmaestrocmf.com\\\/portal\\\/como-esta-afectando-la-pandemia-de-coronavirus-al-cerebro-de-bebes-y-ninos\\\/#breadcrumb\"},\"inLanguage\":\"es\",\"potentialAction\":[{\"@type\":\"ReadAction\",\"target\":[\"https:\\\/\\\/webdelmaestrocmf.com\\\/portal\\\/como-esta-afectando-la-pandemia-de-coronavirus-al-cerebro-de-bebes-y-ninos\\\/\"]}]},{\"@type\":\"ImageObject\",\"inLanguage\":\"es\",\"@id\":\"https:\\\/\\\/webdelmaestrocmf.com\\\/portal\\\/como-esta-afectando-la-pandemia-de-coronavirus-al-cerebro-de-bebes-y-ninos\\\/#primaryimage\",\"url\":\"https:\\\/\\\/webdelmaestrocmf.com\\\/portal\\\/wp-content\\\/uploads\\\/2022\\\/01\\\/1-64.jpg\",\"contentUrl\":\"https:\\\/\\\/webdelmaestrocmf.com\\\/portal\\\/wp-content\\\/uploads\\\/2022\\\/01\\\/1-64.jpg\",\"width\":1100,\"height\":680},{\"@type\":\"BreadcrumbList\",\"@id\":\"https:\\\/\\\/webdelmaestrocmf.com\\\/portal\\\/como-esta-afectando-la-pandemia-de-coronavirus-al-cerebro-de-bebes-y-ninos\\\/#breadcrumb\",\"itemListElement\":[{\"@type\":\"ListItem\",\"position\":1,\"name\":\"Portada\",\"item\":\"https:\\\/\\\/webdelmaestrocmf.com\\\/portal\\\/\"},{\"@type\":\"ListItem\",\"position\":2,\"name\":\"Recursos\",\"item\":\"https:\\\/\\\/webdelmaestrocmf.com\\\/portal\\\/category\\\/pedagogia\\\/\"},{\"@type\":\"ListItem\",\"position\":3,\"name\":\"\u00bfC\u00f3mo est\u00e1 afectando la pandemia de coronavirus al cerebro de bebes y ni\u00f1os?\"}]},{\"@type\":\"WebSite\",\"@id\":\"https:\\\/\\\/webdelmaestrocmf.com\\\/portal\\\/#website\",\"url\":\"https:\\\/\\\/webdelmaestrocmf.com\\\/portal\\\/\",\"name\":\"Web del Maestro CMF\",\"description\":\"Maestros al servicio de la educaci\u00f3n\",\"publisher\":{\"@id\":\"https:\\\/\\\/webdelmaestrocmf.com\\\/portal\\\/#organization\"},\"alternateName\":\"WMCMF\",\"potentialAction\":[{\"@type\":\"SearchAction\",\"target\":{\"@type\":\"EntryPoint\",\"urlTemplate\":\"https:\\\/\\\/webdelmaestrocmf.com\\\/portal\\\/?s={search_term_string}\"},\"query-input\":{\"@type\":\"PropertyValueSpecification\",\"valueRequired\":true,\"valueName\":\"search_term_string\"}}],\"inLanguage\":\"es\"},{\"@type\":\"Organization\",\"@id\":\"https:\\\/\\\/webdelmaestrocmf.com\\\/portal\\\/#organization\",\"name\":\"Web del Maestro CMF\",\"alternateName\":\"WMCMF\",\"url\":\"https:\\\/\\\/webdelmaestrocmf.com\\\/portal\\\/\",\"logo\":{\"@type\":\"ImageObject\",\"inLanguage\":\"es\",\"@id\":\"https:\\\/\\\/webdelmaestrocmf.com\\\/portal\\\/#\\\/schema\\\/logo\\\/image\\\/\",\"url\":\"https:\\\/\\\/webdelmaestrocmf.com\\\/portal\\\/wp-content\\\/uploads\\\/2023\\\/01\\\/logo-wmcmf-2.png\",\"contentUrl\":\"https:\\\/\\\/webdelmaestrocmf.com\\\/portal\\\/wp-content\\\/uploads\\\/2023\\\/01\\\/logo-wmcmf-2.png\",\"width\":200,\"height\":60,\"caption\":\"Web del Maestro CMF\"},\"image\":{\"@id\":\"https:\\\/\\\/webdelmaestrocmf.com\\\/portal\\\/#\\\/schema\\\/logo\\\/image\\\/\"},\"sameAs\":[\"https:\\\/\\\/www.facebook.com\\\/WebdelMaestroCMF\\\/\",\"https:\\\/\\\/x.com\\\/cmf_w\",\"https:\\\/\\\/www.pinterest.com\\\/WMCMF\\\/\",\"https:\\\/\\\/www.linkedin.com\\\/company\\\/web-del-maestro-cmf\\\/\",\"https:\\\/\\\/www.instagram.com\\\/wmcmf\\\/\",\"https:\\\/\\\/www.youtube.com\\\/channel\\\/UCDPSvjbdodE5sHnC3OxutHw\",\"https:\\\/\\\/mastodon.social\\\/@wmcmf\",\"https:\\\/\\\/www.tiktok.com\\\/@webdelmaestrocmf\"]},{\"@type\":\"Person\",\"@id\":\"https:\\\/\\\/webdelmaestrocmf.com\\\/portal\\\/#\\\/schema\\\/person\\\/1072a2ed7bd960df8ef99a551fa35dc5\",\"name\":\"Web del Maestro CMF\",\"image\":{\"@type\":\"ImageObject\",\"inLanguage\":\"es\",\"@id\":\"https:\\\/\\\/secure.gravatar.com\\\/avatar\\\/23291dd5b5ae1077dcff3dbb04c3e02bd28403fa75af6d8787d5e97c5bbbe30b?s=96&d=mm&r=g\",\"url\":\"https:\\\/\\\/secure.gravatar.com\\\/avatar\\\/23291dd5b5ae1077dcff3dbb04c3e02bd28403fa75af6d8787d5e97c5bbbe30b?s=96&d=mm&r=g\",\"contentUrl\":\"https:\\\/\\\/secure.gravatar.com\\\/avatar\\\/23291dd5b5ae1077dcff3dbb04c3e02bd28403fa75af6d8787d5e97c5bbbe30b?s=96&d=mm&r=g\",\"caption\":\"Web del Maestro CMF\"},\"description\":\"Esta Web se cre\u00f3 sin fines de lucro, con fines educativos, cient\u00edficos y acad\u00e9micos, para personas que tengan dificultades y\\\/o inconvenientes en visualizar el material original. El objetivo es entregar recursos, compartir experiencias y materiales que ayuden a los padres de familia, maestros y estudiantes en su actualizaci\u00f3n y formaci\u00f3n permanente, en bien de la Educaci\u00f3n.\",\"sameAs\":[\"http:\\\/\\\/webdelmaestrocmf.com\\\/portal\",\"https:\\\/\\\/www.facebook.com\\\/WebdelMaestroCMF\\\/\",\"https:\\\/\\\/www.instagram.com\\\/wmcmf\\\/\",\"https:\\\/\\\/cl.linkedin.com\\\/company\\\/web-del-maestro-cmf\",\"https:\\\/\\\/www.pinterest.com\\\/WMCMF\\\/publicaciones\\\/\",\"https:\\\/\\\/x.com\\\/cmf_w\",\"https:\\\/\\\/www.youtube.com\\\/@WMCMF\"]}]}<\/script>\n<!-- \/ Yoast SEO plugin. -->","yoast_head_json":{"title":"\u00bfC\u00f3mo est\u00e1 afectando la pandemia de coronavirus al cerebro de bebes y ni\u00f1os? - 2026","description":"Investigaciones internacionales se\u00f1alan que hay enormes diferencias entre la forma en que se desarrollaban los menores antes de...","robots":{"index":"index","follow":"follow","max-snippet":"max-snippet:-1","max-image-preview":"max-image-preview:large","max-video-preview":"max-video-preview:-1"},"canonical":"https:\/\/webdelmaestrocmf.com\/portal\/como-esta-afectando-la-pandemia-de-coronavirus-al-cerebro-de-bebes-y-ninos\/","og_locale":"es_ES","og_type":"article","og_title":"\u00bfC\u00f3mo est\u00e1 afectando la pandemia de coronavirus al cerebro de bebes y ni\u00f1os? - 2026","og_description":"Investigaciones internacionales se\u00f1alan que hay enormes diferencias entre la forma en que se desarrollaban los menores antes de...","og_url":"https:\/\/webdelmaestrocmf.com\/portal\/como-esta-afectando-la-pandemia-de-coronavirus-al-cerebro-de-bebes-y-ninos\/","og_site_name":"Web del Maestro CMF","article_publisher":"https:\/\/www.facebook.com\/WebdelMaestroCMF\/","article_author":"https:\/\/www.facebook.com\/WebdelMaestroCMF\/","article_published_time":"2022-01-13T02:26:45+00:00","article_modified_time":"2022-01-14T21:44:43+00:00","og_image":[{"width":1100,"height":680,"url":"https:\/\/i0.wp.com\/webdelmaestrocmf.com\/portal\/wp-content\/uploads\/2022\/01\/1-64.jpg?fit=1100%2C680&ssl=1","type":"image\/jpeg"}],"author":"Web del Maestro CMF","twitter_card":"summary_large_image","twitter_creator":"@cmf_w","twitter_site":"@cmf_w","schema":{"@context":"https:\/\/schema.org","@graph":[{"@type":"ScholarlyArticle","@id":"https:\/\/webdelmaestrocmf.com\/portal\/como-esta-afectando-la-pandemia-de-coronavirus-al-cerebro-de-bebes-y-ninos\/#article","isPartOf":{"@id":"https:\/\/webdelmaestrocmf.com\/portal\/como-esta-afectando-la-pandemia-de-coronavirus-al-cerebro-de-bebes-y-ninos\/"},"author":{"name":"Web del Maestro CMF","@id":"https:\/\/webdelmaestrocmf.com\/portal\/#\/schema\/person\/1072a2ed7bd960df8ef99a551fa35dc5"},"headline":"\u00bfC\u00f3mo est\u00e1 afectando la pandemia de coronavirus al cerebro de bebes y ni\u00f1os?","datePublished":"2022-01-13T02:26:45+00:00","dateModified":"2022-01-14T21:44:43+00:00","mainEntityOfPage":{"@id":"https:\/\/webdelmaestrocmf.com\/portal\/como-esta-afectando-la-pandemia-de-coronavirus-al-cerebro-de-bebes-y-ninos\/"},"wordCount":1025,"commentCount":0,"publisher":{"@id":"https:\/\/webdelmaestrocmf.com\/portal\/#organization"},"image":{"@id":"https:\/\/webdelmaestrocmf.com\/portal\/como-esta-afectando-la-pandemia-de-coronavirus-al-cerebro-de-bebes-y-ninos\/#primaryimage"},"thumbnailUrl":"https:\/\/webdelmaestrocmf.com\/portal\/wp-content\/uploads\/2022\/01\/1-64.jpg","keywords":["afectando","BEB\u00c9S","Cerebro","coronavirus","Ni\u00f1os","pandemia"],"articleSection":["Noticias","Recursos"],"inLanguage":"es","potentialAction":[{"@type":"CommentAction","name":"Comment","target":["https:\/\/webdelmaestrocmf.com\/portal\/como-esta-afectando-la-pandemia-de-coronavirus-al-cerebro-de-bebes-y-ninos\/#respond"]}]},{"@type":"WebPage","@id":"https:\/\/webdelmaestrocmf.com\/portal\/como-esta-afectando-la-pandemia-de-coronavirus-al-cerebro-de-bebes-y-ninos\/","url":"https:\/\/webdelmaestrocmf.com\/portal\/como-esta-afectando-la-pandemia-de-coronavirus-al-cerebro-de-bebes-y-ninos\/","name":"\u00bfC\u00f3mo est\u00e1 afectando la pandemia de coronavirus al cerebro de bebes y ni\u00f1os? - 2026","isPartOf":{"@id":"https:\/\/webdelmaestrocmf.com\/portal\/#website"},"primaryImageOfPage":{"@id":"https:\/\/webdelmaestrocmf.com\/portal\/como-esta-afectando-la-pandemia-de-coronavirus-al-cerebro-de-bebes-y-ninos\/#primaryimage"},"image":{"@id":"https:\/\/webdelmaestrocmf.com\/portal\/como-esta-afectando-la-pandemia-de-coronavirus-al-cerebro-de-bebes-y-ninos\/#primaryimage"},"thumbnailUrl":"https:\/\/webdelmaestrocmf.com\/portal\/wp-content\/uploads\/2022\/01\/1-64.jpg","datePublished":"2022-01-13T02:26:45+00:00","dateModified":"2022-01-14T21:44:43+00:00","description":"Investigaciones internacionales se\u00f1alan que hay enormes diferencias entre la forma en que se desarrollaban los menores antes de...","breadcrumb":{"@id":"https:\/\/webdelmaestrocmf.com\/portal\/como-esta-afectando-la-pandemia-de-coronavirus-al-cerebro-de-bebes-y-ninos\/#breadcrumb"},"inLanguage":"es","potentialAction":[{"@type":"ReadAction","target":["https:\/\/webdelmaestrocmf.com\/portal\/como-esta-afectando-la-pandemia-de-coronavirus-al-cerebro-de-bebes-y-ninos\/"]}]},{"@type":"ImageObject","inLanguage":"es","@id":"https:\/\/webdelmaestrocmf.com\/portal\/como-esta-afectando-la-pandemia-de-coronavirus-al-cerebro-de-bebes-y-ninos\/#primaryimage","url":"https:\/\/webdelmaestrocmf.com\/portal\/wp-content\/uploads\/2022\/01\/1-64.jpg","contentUrl":"https:\/\/webdelmaestrocmf.com\/portal\/wp-content\/uploads\/2022\/01\/1-64.jpg","width":1100,"height":680},{"@type":"BreadcrumbList","@id":"https:\/\/webdelmaestrocmf.com\/portal\/como-esta-afectando-la-pandemia-de-coronavirus-al-cerebro-de-bebes-y-ninos\/#breadcrumb","itemListElement":[{"@type":"ListItem","position":1,"name":"Portada","item":"https:\/\/webdelmaestrocmf.com\/portal\/"},{"@type":"ListItem","position":2,"name":"Recursos","item":"https:\/\/webdelmaestrocmf.com\/portal\/category\/pedagogia\/"},{"@type":"ListItem","position":3,"name":"\u00bfC\u00f3mo est\u00e1 afectando la pandemia de coronavirus al cerebro de bebes y ni\u00f1os?"}]},{"@type":"WebSite","@id":"https:\/\/webdelmaestrocmf.com\/portal\/#website","url":"https:\/\/webdelmaestrocmf.com\/portal\/","name":"Web del Maestro CMF","description":"Maestros al servicio de la educaci\u00f3n","publisher":{"@id":"https:\/\/webdelmaestrocmf.com\/portal\/#organization"},"alternateName":"WMCMF","potentialAction":[{"@type":"SearchAction","target":{"@type":"EntryPoint","urlTemplate":"https:\/\/webdelmaestrocmf.com\/portal\/?s={search_term_string}"},"query-input":{"@type":"PropertyValueSpecification","valueRequired":true,"valueName":"search_term_string"}}],"inLanguage":"es"},{"@type":"Organization","@id":"https:\/\/webdelmaestrocmf.com\/portal\/#organization","name":"Web del Maestro CMF","alternateName":"WMCMF","url":"https:\/\/webdelmaestrocmf.com\/portal\/","logo":{"@type":"ImageObject","inLanguage":"es","@id":"https:\/\/webdelmaestrocmf.com\/portal\/#\/schema\/logo\/image\/","url":"https:\/\/webdelmaestrocmf.com\/portal\/wp-content\/uploads\/2023\/01\/logo-wmcmf-2.png","contentUrl":"https:\/\/webdelmaestrocmf.com\/portal\/wp-content\/uploads\/2023\/01\/logo-wmcmf-2.png","width":200,"height":60,"caption":"Web del Maestro CMF"},"image":{"@id":"https:\/\/webdelmaestrocmf.com\/portal\/#\/schema\/logo\/image\/"},"sameAs":["https:\/\/www.facebook.com\/WebdelMaestroCMF\/","https:\/\/x.com\/cmf_w","https:\/\/www.pinterest.com\/WMCMF\/","https:\/\/www.linkedin.com\/company\/web-del-maestro-cmf\/","https:\/\/www.instagram.com\/wmcmf\/","https:\/\/www.youtube.com\/channel\/UCDPSvjbdodE5sHnC3OxutHw","https:\/\/mastodon.social\/@wmcmf","https:\/\/www.tiktok.com\/@webdelmaestrocmf"]},{"@type":"Person","@id":"https:\/\/webdelmaestrocmf.com\/portal\/#\/schema\/person\/1072a2ed7bd960df8ef99a551fa35dc5","name":"Web del Maestro CMF","image":{"@type":"ImageObject","inLanguage":"es","@id":"https:\/\/secure.gravatar.com\/avatar\/23291dd5b5ae1077dcff3dbb04c3e02bd28403fa75af6d8787d5e97c5bbbe30b?s=96&d=mm&r=g","url":"https:\/\/secure.gravatar.com\/avatar\/23291dd5b5ae1077dcff3dbb04c3e02bd28403fa75af6d8787d5e97c5bbbe30b?s=96&d=mm&r=g","contentUrl":"https:\/\/secure.gravatar.com\/avatar\/23291dd5b5ae1077dcff3dbb04c3e02bd28403fa75af6d8787d5e97c5bbbe30b?s=96&d=mm&r=g","caption":"Web del Maestro CMF"},"description":"Esta Web se cre\u00f3 sin fines de lucro, con fines educativos, cient\u00edficos y acad\u00e9micos, para personas que tengan dificultades y\/o inconvenientes en visualizar el material original. El objetivo es entregar recursos, compartir experiencias y materiales que ayuden a los padres de familia, maestros y estudiantes en su actualizaci\u00f3n y formaci\u00f3n permanente, en bien de la Educaci\u00f3n.","sameAs":["http:\/\/webdelmaestrocmf.com\/portal","https:\/\/www.facebook.com\/WebdelMaestroCMF\/","https:\/\/www.instagram.com\/wmcmf\/","https:\/\/cl.linkedin.com\/company\/web-del-maestro-cmf","https:\/\/www.pinterest.com\/WMCMF\/publicaciones\/","https:\/\/x.com\/cmf_w","https:\/\/www.youtube.com\/@WMCMF"]}]}},"jetpack_featured_media_url":"https:\/\/webdelmaestrocmf.com\/portal\/wp-content\/uploads\/2022\/01\/1-64.jpg","jetpack_sharing_enabled":true,"jetpack-related-posts":[{"id":61679,"url":"https:\/\/webdelmaestrocmf.com\/portal\/doctoranytime-la-pandemia-por-coronavirus-puede-afectar-la-concentracion-de-los-ninos\/","url_meta":{"origin":72991,"position":0},"title":"[Doctoranytime] \u00bfLa pandemia por coronavirus puede afectar la concentraci\u00f3n de los ni\u00f1os?","author":"Web del Maestro CMF","date":"13 abril, 2021","format":false,"excerpt":"Sabemos que la pandemia por el nuevo coronavirus (SARS-COV-2) ha afectado a muchas personas en muchos aspectos tanto en la salud f\u00edsica por la infecci\u00f3n contra\u00edda como en la salud mental por el miedo de contagiarse o el estr\u00e9s de la existencia del virus. Sin embargo, generalmente las mam\u00e1s que\u2026","rel":"","context":"En \u00abZ-Colaboradores\u00bb","block_context":{"text":"Z-Colaboradores","link":"https:\/\/webdelmaestrocmf.com\/portal\/category\/colaborador\/"},"img":{"alt_text":"","src":"https:\/\/i0.wp.com\/webdelmaestrocmf.com\/portal\/wp-content\/uploads\/2021\/04\/1-copia-9.jpg?resize=350%2C200&ssl=1","width":350,"height":200,"srcset":"https:\/\/i0.wp.com\/webdelmaestrocmf.com\/portal\/wp-content\/uploads\/2021\/04\/1-copia-9.jpg?resize=350%2C200&ssl=1 1x, https:\/\/i0.wp.com\/webdelmaestrocmf.com\/portal\/wp-content\/uploads\/2021\/04\/1-copia-9.jpg?resize=525%2C300&ssl=1 1.5x, https:\/\/i0.wp.com\/webdelmaestrocmf.com\/portal\/wp-content\/uploads\/2021\/04\/1-copia-9.jpg?resize=700%2C400&ssl=1 2x, https:\/\/i0.wp.com\/webdelmaestrocmf.com\/portal\/wp-content\/uploads\/2021\/04\/1-copia-9.jpg?resize=1050%2C600&ssl=1 3x"},"classes":[]},{"id":76027,"url":"https:\/\/webdelmaestrocmf.com\/portal\/rosy-cisneros-secuelas-de-la-pandemia-impacto-de-uso-de-mascarillas\/","url_meta":{"origin":72991,"position":1},"title":"[Rosy Cisneros] Secuelas de la pandemia: impacto de uso de mascarillas","author":"Web del Maestro CMF","date":"6 abril, 2022","format":false,"excerpt":"Entre las m\u00faltiples secuelas que la pandemia ha dejado, entre ellas la deserci\u00f3n escolar, bajo nivel acad\u00e9mico, evidenciar los niveles socioecon\u00f3micos que no permiten el acceso a una educaci\u00f3n de calidad para toda la poblaci\u00f3n, los conflictos emocionales\u00a0generados por el encierro y la falta de actividades tan importantes para el\u2026","rel":"","context":"En \u00abZ-Colaboradores\u00bb","block_context":{"text":"Z-Colaboradores","link":"https:\/\/webdelmaestrocmf.com\/portal\/category\/colaborador\/"},"img":{"alt_text":"","src":"https:\/\/i0.wp.com\/webdelmaestrocmf.com\/portal\/wp-content\/uploads\/2022\/04\/1-8.jpg?resize=350%2C200&ssl=1","width":350,"height":200,"srcset":"https:\/\/i0.wp.com\/webdelmaestrocmf.com\/portal\/wp-content\/uploads\/2022\/04\/1-8.jpg?resize=350%2C200&ssl=1 1x, https:\/\/i0.wp.com\/webdelmaestrocmf.com\/portal\/wp-content\/uploads\/2022\/04\/1-8.jpg?resize=525%2C300&ssl=1 1.5x, https:\/\/i0.wp.com\/webdelmaestrocmf.com\/portal\/wp-content\/uploads\/2022\/04\/1-8.jpg?resize=700%2C400&ssl=1 2x, https:\/\/i0.wp.com\/webdelmaestrocmf.com\/portal\/wp-content\/uploads\/2022\/04\/1-8.jpg?resize=1050%2C600&ssl=1 3x"},"classes":[]},{"id":80887,"url":"https:\/\/webdelmaestrocmf.com\/portal\/a-pesar-de-las-enormes-conexiones-virtuales-los-estudiantes-mas-solos-que-cualquier-otra-generacion-pre-pandemia\/","url_meta":{"origin":72991,"position":2},"title":"\u00bfA pesar de las enormes conexiones virtuales, los estudiantes m\u00e1s solos que cualquier otra generaci\u00f3n pre pandemia?","author":"Web del Maestro CMF","date":"10 octubre, 2022","format":false,"excerpt":"El escritor y periodista estadounidense Matt Richtel pas\u00f3 m\u00e1s de un a\u00f1o entrevistando a adolescentes y sus familias sobre la crisis de la salud mental, y como resultado ha podido verificar un serio declive de la salud mental de los adolescentes desde antes de la pandemia; pero que \u201cahora, es\u2026","rel":"","context":"En \u00abYo opino - WMCMF\u00bb","block_context":{"text":"Yo opino - WMCMF","link":"https:\/\/webdelmaestrocmf.com\/portal\/category\/jamb\/"},"img":{"alt_text":"","src":"https:\/\/i0.wp.com\/webdelmaestrocmf.com\/portal\/wp-content\/uploads\/2022\/10\/1a-18.jpg?resize=350%2C200&ssl=1","width":350,"height":200,"srcset":"https:\/\/i0.wp.com\/webdelmaestrocmf.com\/portal\/wp-content\/uploads\/2022\/10\/1a-18.jpg?resize=350%2C200&ssl=1 1x, https:\/\/i0.wp.com\/webdelmaestrocmf.com\/portal\/wp-content\/uploads\/2022\/10\/1a-18.jpg?resize=525%2C300&ssl=1 1.5x, https:\/\/i0.wp.com\/webdelmaestrocmf.com\/portal\/wp-content\/uploads\/2022\/10\/1a-18.jpg?resize=700%2C400&ssl=1 2x"},"classes":[]},{"id":59103,"url":"https:\/\/webdelmaestrocmf.com\/portal\/fatigados-tristes-y-solitarios-como-la-pandemia-afecto-a-los-ninos\/","url_meta":{"origin":72991,"position":3},"title":"Fatigados, tristes y solitarios: c\u00f3mo la pandemia afect\u00f3 a los ni\u00f1os","author":"Web del Maestro CMF","date":"8 febrero, 2021","format":false,"excerpt":"A ra\u00edz de lo que estamos viviendo en el mundo por la contingencia sanitaria, los m\u00e1s peque\u00f1os de la casa se est\u00e1n viendo afectados por el encierro y el estr\u00e9s que conlleva en la familia el sobrellevar este per\u00edodo de confinamiento. El mal dormir es una de las consecuencias. La\u2026","rel":"","context":"En \u00abNoticias\u00bb","block_context":{"text":"Noticias","link":"https:\/\/webdelmaestrocmf.com\/portal\/category\/pedagogia\/noticias-pedagogia\/"},"img":{"alt_text":"","src":"https:\/\/i0.wp.com\/webdelmaestrocmf.com\/portal\/wp-content\/uploads\/2021\/02\/2-8.jpg?resize=350%2C200&ssl=1","width":350,"height":200,"srcset":"https:\/\/i0.wp.com\/webdelmaestrocmf.com\/portal\/wp-content\/uploads\/2021\/02\/2-8.jpg?resize=350%2C200&ssl=1 1x, https:\/\/i0.wp.com\/webdelmaestrocmf.com\/portal\/wp-content\/uploads\/2021\/02\/2-8.jpg?resize=525%2C300&ssl=1 1.5x, https:\/\/i0.wp.com\/webdelmaestrocmf.com\/portal\/wp-content\/uploads\/2021\/02\/2-8.jpg?resize=700%2C400&ssl=1 2x, https:\/\/i0.wp.com\/webdelmaestrocmf.com\/portal\/wp-content\/uploads\/2021\/02\/2-8.jpg?resize=1050%2C600&ssl=1 3x"},"classes":[]},{"id":66162,"url":"https:\/\/webdelmaestrocmf.com\/portal\/daniel-goleman-el-lugar-de-trabajo-actual-tiene-un-nivel-de-estres-mucho-mayor-que-antes\/","url_meta":{"origin":72991,"position":4},"title":"Daniel Goleman: \u201cEl lugar de trabajo actual tiene un nivel de estr\u00e9s mucho mayor que antes\u201d","author":"Web del Maestro CMF","date":"3 agosto, 2021","format":false,"excerpt":"El doctor y sic\u00f3logo, mundialmente conocido por su bestseller \u201cInteligencia emocional\u201d, convers\u00f3 sobre pandemia y c\u00f3mo esta ha afectado la salud mental de los trabajadores, en la previa a su participaci\u00f3n en la charla Innovaci\u00f3n 2050 que se desarrollar\u00e1 de manera online el pr\u00f3ximo 4 de agosto. Sic\u00f3logo, columnista del\u2026","rel":"","context":"En \u00abEntrevistas\u00bb","block_context":{"text":"Entrevistas","link":"https:\/\/webdelmaestrocmf.com\/portal\/category\/noticias\/entrevistas\/"},"img":{"alt_text":"","src":"https:\/\/i0.wp.com\/webdelmaestrocmf.com\/portal\/wp-content\/uploads\/2021\/08\/2.jpg?resize=350%2C200&ssl=1","width":350,"height":200,"srcset":"https:\/\/i0.wp.com\/webdelmaestrocmf.com\/portal\/wp-content\/uploads\/2021\/08\/2.jpg?resize=350%2C200&ssl=1 1x, https:\/\/i0.wp.com\/webdelmaestrocmf.com\/portal\/wp-content\/uploads\/2021\/08\/2.jpg?resize=525%2C300&ssl=1 1.5x, https:\/\/i0.wp.com\/webdelmaestrocmf.com\/portal\/wp-content\/uploads\/2021\/08\/2.jpg?resize=700%2C400&ssl=1 2x, https:\/\/i0.wp.com\/webdelmaestrocmf.com\/portal\/wp-content\/uploads\/2021\/08\/2.jpg?resize=1050%2C600&ssl=1 3x"},"classes":[]},{"id":46776,"url":"https:\/\/webdelmaestrocmf.com\/portal\/jack-ma-la-mejor-manera-de-ayudar-a-los-ninos-es-ayudar-a-sus-maestros\/","url_meta":{"origin":72991,"position":5},"title":"Jack Ma: La mejor manera de ayudar a los ni\u00f1os es ayudar a sus maestros","author":"Web del Maestro CMF","date":"22 octubre, 2024","format":false,"excerpt":"La empresaria y periodista espa\u00f1ola Elena Cu\u00e9 (1972) \u200b entrevist\u00f3 para el diario ABC (Blogs) al profesor chino Jack Ma (1964), quien cre\u00f3 la empresa de tecnolog\u00eda m\u00e1s grande de China: Alibaba, ahora conocida como el \"Amazon de Oriente\". Ma opina que \u201cla mejor manera de ayudar a los ni\u00f1os\u2026","rel":"","context":"En \u00abEntrevistas\u00bb","block_context":{"text":"Entrevistas","link":"https:\/\/webdelmaestrocmf.com\/portal\/category\/noticias\/entrevistas\/"},"img":{"alt_text":"","src":"https:\/\/i0.wp.com\/webdelmaestrocmf.com\/portal\/wp-content\/uploads\/2020\/12\/Banner-1-portada-imagen-10-1-49.jpg?resize=350%2C200&ssl=1","width":350,"height":200,"srcset":"https:\/\/i0.wp.com\/webdelmaestrocmf.com\/portal\/wp-content\/uploads\/2020\/12\/Banner-1-portada-imagen-10-1-49.jpg?resize=350%2C200&ssl=1 1x, https:\/\/i0.wp.com\/webdelmaestrocmf.com\/portal\/wp-content\/uploads\/2020\/12\/Banner-1-portada-imagen-10-1-49.jpg?resize=525%2C300&ssl=1 1.5x, https:\/\/i0.wp.com\/webdelmaestrocmf.com\/portal\/wp-content\/uploads\/2020\/12\/Banner-1-portada-imagen-10-1-49.jpg?resize=700%2C400&ssl=1 2x"},"classes":[]}],"_links":{"self":[{"href":"https:\/\/webdelmaestrocmf.com\/portal\/wp-json\/wp\/v2\/posts\/72991","targetHints":{"allow":["GET"]}}],"collection":[{"href":"https:\/\/webdelmaestrocmf.com\/portal\/wp-json\/wp\/v2\/posts"}],"about":[{"href":"https:\/\/webdelmaestrocmf.com\/portal\/wp-json\/wp\/v2\/types\/post"}],"author":[{"embeddable":true,"href":"https:\/\/webdelmaestrocmf.com\/portal\/wp-json\/wp\/v2\/users\/1"}],"replies":[{"embeddable":true,"href":"https:\/\/webdelmaestrocmf.com\/portal\/wp-json\/wp\/v2\/comments?post=72991"}],"version-history":[{"count":0,"href":"https:\/\/webdelmaestrocmf.com\/portal\/wp-json\/wp\/v2\/posts\/72991\/revisions"}],"wp:featuredmedia":[{"embeddable":true,"href":"https:\/\/webdelmaestrocmf.com\/portal\/wp-json\/wp\/v2\/media\/72993"}],"wp:attachment":[{"href":"https:\/\/webdelmaestrocmf.com\/portal\/wp-json\/wp\/v2\/media?parent=72991"}],"wp:term":[{"taxonomy":"category","embeddable":true,"href":"https:\/\/webdelmaestrocmf.com\/portal\/wp-json\/wp\/v2\/categories?post=72991"},{"taxonomy":"post_tag","embeddable":true,"href":"https:\/\/webdelmaestrocmf.com\/portal\/wp-json\/wp\/v2\/tags?post=72991"}],"curies":[{"name":"wp","href":"https:\/\/api.w.org\/{rel}","templated":true}]}}