{"id":72834,"date":"2022-01-09T20:48:56","date_gmt":"2022-01-09T23:48:56","guid":{"rendered":"https:\/\/webdelmaestrocmf.com\/portal\/?p=72834"},"modified":"2022-01-10T10:45:22","modified_gmt":"2022-01-10T13:45:22","slug":"como-elegir-la-escuela-o-centro-educativo-mas-conveniente-para-nuestros-hijos","status":"publish","type":"post","link":"https:\/\/webdelmaestrocmf.com\/portal\/como-elegir-la-escuela-o-centro-educativo-mas-conveniente-para-nuestros-hijos\/","title":{"rendered":"C\u00f3mo elegir la escuela o centro educativo m\u00e1s conveniente para nuestros hijos en tiempo de Covid"},"content":{"rendered":"<h5 style=\"text-align: justify;\">En su distrito escolar usted puede seleccionar la escuela a donde asistir\u00e1 su hijo. Adem\u00e1s de las escuelas p\u00fablicas, tambi\u00e9n pueden haber escuelas privadas o parroquiales donde su hijo puede asistir por un costo adicional. Es importante que se familiarice con las escuelas que ha elegido para hacer su selecci\u00f3n.<\/h5>\n<p><!--more--><\/p>\n<h5 style=\"text-align: justify;\">Cuando comprenda cu\u00e1les son las diferencias entre cada una de las escuelas, podr\u00e1 tomar una mejor decisi\u00f3n informada. Ninguna escuela es perfecta para cada ni\u00f1o. Es importante contar con informaci\u00f3n sobre la escuela de su hijo, tanto para prepararle para el a\u00f1o que le toca cursar como para prepararle a usted para el trabajo que debe hacer con la escuela como defensor de su hijo, para asegurarse que reciba la mejor educaci\u00f3n posible.<\/h5>\n<p style=\"text-align: justify;\">Las escuelas primarias normalmente incluyen de kindergarten a sexto grado (K-6) o de kindergarten a octavo grado (K-8). Recientemente, los ni\u00f1os se han agrupado de distintas maneras para acomodar sus necesidades de desarrollo, as\u00ed como para hacer mejor uso de los recursos del distrito escolar. En algunos distritos los estudiantes pueden asistir a escuelas con estructuras K-2, K-4, K-5, o una combinaci\u00f3n de 3-4-5.<\/p>\n<p style=\"text-align: justify;\">Los educadores tambi\u00e9n est\u00e1n cada vez m\u00e1s conscientes de que los preadolescentes y adolescentes precoces (entre los diez y los trece a\u00f1os de edad) tienen necesidades educativas espec\u00edficas. Estos j\u00f3venes pueden beneficiarse con m\u00e1s autonom\u00eda y m\u00e1s habilidad para experimentar que las que tienen la mayor\u00eda de escuelas primarias, y al mismo tiempo necesitan un entorno m\u00e1s estructurado y de m\u00e1s protecci\u00f3n que el entorno de la escuela secundaria com\u00fan y corriente. Los programas educativos para estos ni\u00f1os, llamados escuela secundaria, se est\u00e1n convirtiendo en una especialidad \u00fanica, con estudiantes agrupados en las combinaciones de los grados 5-6-7-8, 6-7-8, 7-8 o 7-8-9.<\/p>\n<h5 style=\"text-align: justify;\" align=\"left\">1. Lo que hay que buscar<\/h5>\n<p style=\"text-align: justify;\">Cuando seleccione la escuela de su hijo, a continuaci\u00f3n se detallan algunas preguntas que puede hacer y la informaci\u00f3n que debe obtener.<\/p>\n<p style=\"text-align: justify; padding-left: 40px;\"><b>Expectativas. <\/b>Cu\u00e1les son las expectativas acad\u00e9micas, atl\u00e9ticas y sociales para los estudiantes que est\u00e1n en el grado de su hijo?<\/p>\n<p style=\"text-align: justify; padding-left: 40px;\"><b>Individualidad. <\/b>\u00bfEl aprendizaje es individualizado? Es decir, \u00bflos maestros toman en cuenta las necesidades y destrezas individuales de cada ni\u00f1o, o aprende toda la clase con el mismo material, al mismo ritmo y al mismo tiempo? A algunos ni\u00f1os simplemente no les va bien en una atm\u00f3sfera de mucha presi\u00f3n y sumamente organizada, mientras a otros les cae de maravilla. Usted necesita evaluar cu\u00e1l es el mejor entorno para su hijo. Mant\u00e9ngalo alejado de situaciones dentro del sal\u00f3n de clases que le puedan frustrar, que le hagan tener un mal rendimiento y que hagan que no le guste la escuela y el aprendizaje.<\/p>\n<p style=\"text-align: justify; padding-left: 40px;\"><b>Discapacidades y necesidades especiales. <\/b>\u00bfPuede la escuela satisfacer las necesidades especiales de su hijo de acuerdo con los estatutos federales que protegen a las personas con discapacidades? \u00bfHay servicios de educaci\u00f3n especial que est\u00e9n disponibles? Lo que es m\u00e1s importante, \u00bfsiente que su escuela acoge a los ni\u00f1os con distintas necesidades f\u00edsicas, educativas y emocionales?<\/p>\n<p style=\"text-align: justify; padding-left: 40px;\"><b>\u00abAgrupaci\u00f3n\u00bb. <\/b>\u00bfSe agrupa a los ni\u00f1os por habilidad o todas las clases tienen ni\u00f1os de distintos niveles?<\/p>\n<p style=\"text-align: justify; padding-left: 40px;\"><b>\u00abAmbiente\u00bb. <\/b>\u00bfCu\u00e1l es el ambiente en la escuela? Si usted visita la escuela durante el a\u00f1o escolar, aprender\u00e1 muchas cosas. \u00bfSe tratan con respecto los alumnos y maestros? \u00bfLos maestros transmiten su amor y motivaci\u00f3n por ense\u00f1ar y aprender? \u00bfTiene la escuela un ambiente disciplinado, sin ser represivo? \u00bfSe comportan bien los ni\u00f1os y se les permite ser personas alegres? \u00bfSe exhibe el trabajo de los alumnos en las paredes del sal\u00f3n de clases y en las pizarras informativas, para demostrarles aprecio por el esfuerzo realizado? \u00bfSon constantes los elogios de los maestros? \u00bfPercibe la existencia de una relaci\u00f3n positiva entre la escuela y la comunidad que le rodea?<\/p>\n<p style=\"text-align: justify; padding-left: 40px;\"><b>Variedad cultural. <\/b>\u00bfCu\u00e1l es la composici\u00f3n racial, \u00e9tnica y socioecon\u00f3mica de la escuela? Existen muchas lecciones que un ni\u00f1o puede aprender al desarrollar amistades con los ni\u00f1os de distintos or\u00edgenes y culturas. \u00bfConsidera la escuela que las diferencias de raza, religi\u00f3n y cultura son aspectos valiosos de los cuales todos deben sentirse orgullosos? \u00bfTrata la escuela con sensibilidad las distintas celebraciones religiosas?<\/p>\n<p style=\"text-align: justify; padding-left: 40px;\">\u00bfExisten programas que estudian minuciosamente las distintas culturas (unidades de curriculum, viajes educativos apropiados)? \u00bfSe les brinda a los alumnos oportunidades para relacionarse con otros alumnos de distintos or\u00edgenes mediante visitas, amistades por correspondencia entre escuelas y cosas similares? \u00bfEst\u00e1n interesados en trabajar conjuntamente los padres de los alumnos de la escuela para que sus hijos tengan estas experiencias?<\/p>\n<p style=\"text-align: justify; padding-left: 40px;\">\u00bfSe les brinda igual trato a los ni\u00f1os, sin importar cu\u00e1les sean sus ingresos familiares? Por ejemplo, \u00bfvan los ni\u00f1os a excursiones sin importar si tienen o no la capacidad para pagar el viaje? \u00bfSe le indica a los ni\u00f1os que reciben almuerzos gratuitos o a precio especial que hagan una fila aparte?<\/p>\n<p style=\"text-align: justify; padding-left: 40px;\"><b>El Director. <\/b>\u00bfEl director tiene presencia visible en la escuela? \u00bfLo ve recibir a los ni\u00f1os por las ma\u00f1anas, visitar los salones de clases o caminar por los pasillos de la escuela? El liderazgo del director es uno de los factores m\u00e1s importantes que contribuyen a la efectividad de una escuela y que marca la pauta y los est\u00e1ndares de la escuela.<\/p>\n<p style=\"text-align: justify; padding-left: 40px;\"><b>Relaci\u00f3n alumno-maestro. <\/b>\u00bfCu\u00e1l es la relaci\u00f3n alumno-maestro? La mayor\u00eda de educadores cree que para los grados que van desde kindergarten hasta quinto, lo adecuado es veinticinco a uno o menos. Cuando la relaci\u00f3n excede treinta a uno, la capacidad para ense\u00f1ar se puede ver gravemente afectada. A\u00fan as\u00ed, no es solo cuesti\u00f3n de n\u00fameros: En una clase con muchos ni\u00f1os que necesitan una cantidad significativa de atenci\u00f3n individualizada para ayudar a controlar su conducta, una relaci\u00f3n tan baja como de quince a uno todav\u00eda puede ser muy alta y se puede mejorar, por ejemplo, si hay un maestro auxiliar. Por otro lado, si la mayor\u00eda de ni\u00f1os tienen la capacidad de trabajar independientemente, entonces una relaci\u00f3n m\u00e1s alta se torna aceptable.<\/p>\n<p style=\"text-align: justify; padding-left: 40px;\"><b>Maestros. <\/b>\u00bfC\u00f3mo se relacionan los maestros y los ni\u00f1os? \u00bfPasan los maestros la mayor\u00eda del tiempo de clases dando la lecci\u00f3n? \u00bfO dirige el maestro el aprendizaje de los alumnos, al dividir el d\u00eda escolar en una mezcla de pl\u00e1ticas donde los alumnos pueden aportar ideas e informaci\u00f3n? \u00bfSe motivan las actividades en grupos peque\u00f1os con o sin la participaci\u00f3n activa del maestro? Los alumnos pueden aprender mucho cuando se ayudan entre s\u00ed dentro de un ambiente estructurado.<\/p>\n<p style=\"text-align: justify; padding-left: 40px;\"><b>Recursos. <\/b>Adem\u00e1s del aspecto acad\u00e9mico, \u00bfcu\u00e1l es la calidad de los otros aspectos de la escuela, como la biblioteca o el centro de recursos, las clases de arte y m\u00fasica, gu\u00eda y orientaci\u00f3n y programas de educaci\u00f3n f\u00edsica? \u00bfExiste acceso a las computadoras e Internet? Las clases de educaci\u00f3n f\u00edsica deben ser mucho m\u00e1s que un momento para tomar aire. Deber\u00eda existir un equilibrio entre las actividades f\u00edsicas y el desarrollo de destrezas. En algunas escuelas, los maestros del sal\u00f3n de clases son responsables de las clases de educaci\u00f3n f\u00edsica, mientras en otras escuelas, donde se brinda instrucci\u00f3n formal de educaci\u00f3n f\u00edsica, los maestros del sal\u00f3n de clases pueden complementar la clase con actividades coordinadas dise\u00f1adas por el maestro de educaci\u00f3n f\u00edsica.<\/p>\n<p style=\"text-align: justify; padding-left: 40px;\">En sus actividades atl\u00e9ticas, \u00bfenfatiza la escuela la cooperaci\u00f3n o fomenta una atm\u00f3sfera competitiva? \u00bfEnfatiza la escuela la obtenci\u00f3n de los primeros lugares o la participaci\u00f3n? Si la competencia es muy intensa, puede ocasionar lesiones o estr\u00e9s emocional.<\/p>\n<p style=\"text-align: justify; padding-left: 40px;\">Con las reducciones de los presupuestos de las escuelas, los programas de educaci\u00f3n f\u00edsica a menudo son una de las primeras \u00e1reas en sufrir recortes o incluso en ser eliminadas. En las escuelas donde esto\u00a0est\u00e1 ocurriendo, los maestros del sal\u00f3n de clases a menudo han adquirido m\u00e1s responsabilidad en lo que respecta a estos programas, particularmente aquellos maestros que ya cuentan con el entrenamiento adecuado. Adem\u00e1s, los padres se han unido en grupos despu\u00e9s de la escuela para organizar actividades f\u00edsicas.<\/p>\n<p style=\"text-align: justify; padding-left: 40px;\"><b>Nutrici\u00f3n. <\/b>\u00bfToma la escuela con seriedad el tema de la buena nutrici\u00f3n? \u00bfEs la comida que se sirve en la cafeter\u00eda consistente con los principios nutricionales ense\u00f1ados dentro del sal\u00f3n de clases? Desafortunadamente, esto puede ser dif\u00edcil de lograr. La abundancia de comida que est\u00e1 a la disposici\u00f3n de las escuelas a precio de descuento a menudo es rica en grasa y tiene un alto contenido de sal; en cambio, los vegetales frescos para las barras de ensaladas tienden a costar m\u00e1s, a ser dif\u00edciles de mantener y a requerir m\u00e1s tiempo de preparaci\u00f3n.<\/p>\n<p style=\"text-align: justify; padding-left: 40px;\">Sin embargo con el apoyo de los padres y la comunidad, muchas escuelas han implementado programas novedosos y econ\u00f3micos para reducir el contenido de grasa y sal en las comidas de la cafeter\u00eda. Por ejemplo, las escuelas han reducido el n\u00famero de veces que sirven comidas fritas durante la semana. Han puesto a la disposici\u00f3n de los alumnos leche baja en grasa. Muchos distritos escolares se han unido para comprar frutas y verduras frescas a granel a precios m\u00e1s bajos. Las escuelas tambi\u00e9n han motivado a los alumnos a traer bocadillos m\u00e1s sanos a la escuela cuando hay celebraciones y cumplea\u00f1os dentro del sal\u00f3n de clases.<\/p>\n<p style=\"text-align: justify; padding-left: 40px;\">Algunas escuelas han iniciado un programa de desayuno financiado por el gobierno para ayudar a las familias de bajos ingresos a complementar la nutrici\u00f3n de sus hijos. La presencia de este tipo de programa puede indicar el compromiso de la escuela para con las necesidades nutricionales de los alumnos.<\/p>\n<p><iframe loading=\"lazy\" title=\"YouTube video player\" src=\"https:\/\/www.youtube.com\/embed\/QqE-DQCsjso?start=28\" width=\"100%\" height=\"400\" frameborder=\"0\" allowfullscreen=\"allowfullscreen\"><span data-mce-type=\"bookmark\" style=\"display: inline-block; width: 0px; overflow: hidden; line-height: 0;\" class=\"mce_SELRES_start\">\ufeff<\/span><\/iframe><\/p>\n<h5 style=\"text-align: justify;\" align=\"left\">2. Escuelas continuas<\/h5>\n<p style=\"text-align: justify;\">Como una manera de incrementar el rendimiento acad\u00e9mico, algunos distritos escolares est\u00e1n experimentando con un aumento de 180 d\u00edas a 220 d\u00edas escolares al a\u00f1o. Estos distritos est\u00e1n intentando evitar que los alumnos pierdan destrezas y la oportunidad de aprender durante las vacaciones de verano de diez semanas de duraci\u00f3n. Este experimento es diferente al de las escuelas que est\u00e1n reorganizando sus horarios para mantenerse abiertas todo el a\u00f1o para no tener una superpoblaci\u00f3n, pero manteniendo un programa de 180 d\u00edas al a\u00f1o por estudiante.<\/p>\n<p style=\"text-align: justify;\">El mayor problema del programa de 220 d\u00edas es financiero. Los maestros tienen que devengar un salario mayor por el incremento de trabajo. En un momento en que muchos distritos escolares ya tienen problemas financieros, estos costos adicionales no son viables.<\/p>\n<p style=\"text-align: justify;\">Sin importar qu\u00e9 ocurra con este movimiento, los padres deben pensar en ayudar a sus hijos a mantener sus destrezas durante el verano, especialmente si sus hijos tienen dificultades en la escuela. A pesar de que existen programas formales en los que podr\u00eda inscribir a su hijo, para la mayor\u00eda de los ni\u00f1os es suficiente leer regularmente y jugar juegos num\u00e9ricos con sus padres. (Por ejemplo, \u00bfcu\u00e1nto costar\u00e1 esta vacaci\u00f3n? \u00bfCu\u00e1ntas millas recorreremos en este viaje, de ida y de regreso? \u00bfQu\u00e9 porcentaje del viaje realizaremos hoy? \u00bfCu\u00e1l es el monto total de dinero que gastaremos en compras el d\u00eda de hoy?)<\/p>\n<p style=\"text-align: justify; padding-left: 40px;\"><b>Seguridad. <\/b>\u00bfEst\u00e1n los ni\u00f1os seguros f\u00edsicamente en la escuela? La seguridad debe ser una preocupaci\u00f3n primordial en los salones de clases, \u00e1reas de juegos, cocinas y estacionamientos. Muchas escuelas mantienen un registro diario de lesiones y accidentes sufridos en el equipo del \u00e1rea de juego y en otros lugares de la escuela y revisan estos registros para tratar de implementar programas que incrementen la seguridad.<\/p>\n<p style=\"text-align: justify; padding-left: 40px;\">Pregunte sobre otros aspectos de seguridad y ambientales. \u00bfExiste una pol\u00edtica que proh\u00edbe fumar en los edificios de la escuela? \u00bfLos materiales de la clase de arte y manualidades son seguros para los ni\u00f1os? \u00bfHay ventilaci\u00f3n adecuada y se mantienen las temperaturas de los salones a un nivel moderado? Si corresponde, \u00bfse han evaluado los niveles de rad\u00f3n en los edificios de la escuela, y se a examinado el agua para determinar si contiene plomo? Se han tratado correctamente los techos y paredes de los salones de clase que tienen asbesto?<\/p>\n<p style=\"text-align: justify; padding-left: 40px;\">\u00bfC\u00f3mo se brindan los servicios de salud en la escuela? \u00bfQui\u00e9n proporciona los primeros auxilios en caso de emergencia? \u00bfComo obtienen acceso los ni\u00f1os o padres al auxiliar de salud o enfermero? \u00bfHay una cl\u00ednica en la escuela? \u00bfExiste alg\u00fan programa de evaluaci\u00f3n dental disponible? \u00bfCu\u00e1l es la pol\u00edtica de la escuela para crear un entorno seguro? \u00bfSe esfuerza la escuela por convertirse en un modelo de instituci\u00f3n promotora de salud?<\/p>\n<p style=\"text-align: justify; padding-left: 40px;\"><b>Programas extracurriculares. <\/b>\u00bfHay programas extracurriculares disponibles antes y despu\u00e9s de la escuela? Si no los hay, existen recursos escolares para ayudar a los padres a encontrar este cuidado infantil necesario? Si no hay tantos programas en su comunidad, considere agruparse con otros padres y asistir a YMCA u otras agencias para solicitar que inauguren un programa para despu\u00e9s de la escuela.<\/p>\n<p style=\"text-align: justify;\">Si sus esfuerzos por averiguar m\u00e1s cosas acerca de alguna escuela, p\u00fablica o privada, no son acogidos o no responden a la mayor\u00eda de sus preguntas, no permita que le intimiden o desalienten. Si muestra algo de flexibilidad, como hacer una cita para un d\u00eda que no sea tan ocupado, el personal de la escuela deber\u00eda poder acomodar su visita. De hecho, la mayor\u00eda de directores se enorgullecer\u00e1 al mostrarle su escuela y acoger\u00e1 su inter\u00e9s y participaci\u00f3n en la educaci\u00f3n de su hijo.<\/p>\n<h5 style=\"text-align: justify;\" align=\"left\">3. Nuevas estructuras de aprendizaje<\/h5>\n<p style=\"text-align: justify;\">Mantenga la mente abierta a las situaciones de aprendizaje que no conozca. Por ejemplo, algunas escuelas tienen una estructura abierta, en donde las clases est\u00e1n todas bajo un techo sin que haya paredes dividi\u00e9ndolas. Los maestros pueden tener su propio estilo para ense\u00f1ar. Mientras algunos prefieren tener a sus alumnos en asientos asignados, otros trabajan mejor con un enfoque menos estructurado, donde los estudiantes tienen libertad de desplazarse por el sal\u00f3n cuando realizan algunas tareas. Algunos maestros utilizan centros de aprendizaje para aprendizaje independiente o estudio en solitud. En alguna medida, el \u00e9xito de su hijo radicar\u00e1 en la concordancia entre su necesidad de estructura y elecci\u00f3n, y el enfoque de ense\u00f1anza del maestro. Aunque su hijo est\u00e1 creciendo en un entorno bastante estructurado dentro de su hogar, puede sorprenderse al darse cuenta que le va muy bien en un entorno de sal\u00f3n de clases relativamente poco estructurado. En cualquier situaci\u00f3n, un maestro de alta calidad adaptar\u00e1 su propio estilo de ense\u00f1anza para que sus alumnos aprendan m\u00e1s.<\/p>\n<p style=\"text-align: justify;\">Adem\u00e1s de su estilo de ense\u00f1anza, eval\u00fae la manera en que el maestro de su hijo se comunica y resuelve conflictos. Adem\u00e1s, \u00bfcu\u00e1les son las \u00e1reas de inter\u00e9s o aptitud especial del maestro?<\/p>\n<p style=\"text-align: justify;\">Si hay escuelas im\u00e1n disponibles en su comunidad, consid\u00e9relas como otra opci\u00f3n. Como lo indica su nombre, estas escuelas atraen a los alumnos de las \u00e1reas aleda\u00f1as. Tienden a enfatizar un \u00e1rea espec\u00edfica del curr\u00edculum, como el \u00e1rea de ciencias, arte, idiomas extranjeros, y los estudiantes pueden escogerlas cuando tienen alg\u00fan inter\u00e9s o talento en especial. En algunos distritos escolares, se asigna a los alumnos a estas escuelas im\u00e1n. Es probable que haya transporte gratuito.<\/p>\n<p><strong>Fuente:\u00a0<\/strong><span id=\"ctl00_cphPageContent_lblSource\">Caring for Your School-Age Child: Ages 5 to 12 (Copyright \u00a9 2004 American Academy of Pediatrics)<\/span><\/p>\n<h5>4. Elegir escuela en tiempos del Covid<\/h5>\n<p style=\"text-align: justify;\"><span style=\"font-weight: 400;\">Sin importar si es k\u00ednder, primaria, secundaria, preparatoria o universidad, elegir una escuela no es f\u00e1cil, y menos en medio de una <\/span><b>pandemia <\/b><span style=\"font-weight: 400;\">como la de <\/span><b>Covid-19<\/b><span style=\"font-weight: 400;\">, que se vive desde el a\u00f1o pasado.<\/span><\/p>\n<p style=\"text-align: justify;\"><span style=\"font-weight: 400;\">Decidir en d\u00f3nde estudiar\u00e1n los hijos implica revisar p\u00e1ginas de <\/span><b>internet<\/b><span style=\"font-weight: 400;\">, as\u00ed como visitar las que m\u00e1s se ajusten a las necesidades de la familia, a fin de determinar su cercan\u00eda, el <\/span><b>nivel o programa acad\u00e9mico<\/b><span style=\"font-weight: 400;\">, as\u00ed como si el monto de la colegiatura se adapta al presupuesto.<\/span><\/p>\n<p style=\"text-align: justify;\"><span style=\"font-weight: 400;\">En caso de optar por una opci\u00f3n de<\/span><b> escuela p\u00fablica<\/b><span style=\"font-weight: 400;\">, tambi\u00e9n es importante estar al pendiente de las fechas de ex\u00e1menes de admisi\u00f3n, as\u00ed como solicitar referencias sobre el nivel acad\u00e9mico de la instituci\u00f3n, entre otros.<\/span><\/p>\n<p style=\"text-align: justify;\"><span style=\"font-weight: 400;\">En todos los casos, la \u201cnueva normalidad\u201d llevar\u00e1 a los padres a investigar los servicios que una escuela ofrecer\u00e1 en l\u00ednea, el uso de <\/span><b>plataformas para la ense\u00f1anza <\/b><span style=\"font-weight: 400;\">y si se cuenta con el equipo de c\u00f3mputo necesario para estudiar desde casa.<\/span><\/p>\n<p style=\"text-align: justify;\"><span style=\"font-weight: 400;\">Para aquellos padres que, ante la pandemia, pretenden que sus hijos sigan estudiando a distancia, la plataforma educativa UNOi aconseja buscar escuelas con aulas h\u00edbridas, es decir, en las cuales convivan las clases presenciales y a trav\u00e9s de alguna <\/span><b>plataforma digital.<\/b><\/p>\n<p style=\"text-align: justify;\"><span style=\"font-weight: 400;\">Detalla que hay un plan piloto de <\/span><b>aulas h\u00edbridas<\/b><span style=\"font-weight: 400;\"> para escuelas p\u00fablicas de los estados de <\/span><b>Guanajuato <\/b><span style=\"font-weight: 400;\">y <\/span><b>Puebla<\/b><span style=\"font-weight: 400;\">.<\/span><\/p>\n<p style=\"text-align: justify;\"><span style=\"font-weight: 400;\">En M\u00e9xico ya varias escuelas privadas instalaron c\u00e1maras, proyectores y dieron tablets a los profesores para impartir clases h\u00edbridas, pues hay padres que s\u00ed enviar\u00e1n a sus hijos a la escuela, mientras que otros preferir\u00e1n que estudien desde casa.<\/span><\/p>\n<p style=\"text-align: justify;\"><span style=\"font-weight: 400;\">Por su cuenta, la Asociaci\u00f3n Nacional de Escuelas Particulares, que preside<\/span><b> Alfredo Villar<\/b><span style=\"font-weight: 400;\">, recomienda para el siguiente ciclo escolar, 2021-2022 considerar las siguientes recomendaciones:<\/span><\/p>\n<ol>\n<li style=\"text-align: justify;\"><span style=\"font-weight: 400;\">Buscar las escuelas que tomen en cuenta y pongan en pr\u00e1ctica todas las <\/span><b>medidas y protocolos sanitarios<\/b><span style=\"font-weight: 400;\"> para evitar los contagios de Covid-19, porque con el regreso a clases se tendr\u00e1n que desinfectar con mayor frecuencia las instalaciones.<\/span><\/li>\n<li style=\"text-align: justify;\"><span style=\"font-weight: 400;\">Los padres de familia deben decidir si quieren una escuela cerca de sus hogares, o si prefieren la que est\u00e9 cercana a sus trabajos. Esto incluye preguntar horarios, la existencia de clubes de tareas, o estancias para que los ni\u00f1os permanezcan hasta tarde o la noche.<\/span><\/li>\n<li style=\"text-align: justify;\"><span style=\"font-weight: 400;\">Es importante considerar la <\/span><b>educaci\u00f3n presencial<\/b><span style=\"font-weight: 400;\">, para favorecer la <\/span><b>socializaci\u00f3n<\/b><span style=\"font-weight: 400;\">, el desarrollo de los estudiantes, se mejoren los h\u00e1bitos alimenticios y se practique m\u00e1s deporte.<\/span><\/li>\n<li style=\"text-align: justify;\"><span style=\"font-weight: 400;\">En caso de que no se pueda pagar la totalidad de la inscripci\u00f3n o la mensualidad, es posible pedir una cita con la direcci\u00f3n para llegar a un acuerdo que puede consistir en porcentajes de descuento, plazos o <\/span><b>reducci\u00f3n de adeudos<\/b><span style=\"font-weight: 400;\">, entre muchas otras opciones.<\/span><\/li>\n<li style=\"text-align: justify;\"><span style=\"font-weight: 400;\">Buscar escuelas que se ajusten a los ingresos de las familias o con opciones de <\/span><b>becas<\/b><span style=\"font-weight: 400;\">. Lo anterior, incluye considerar uniformes, libros, pagos de plataformas educativas, as\u00ed como todas las erogaciones que se requiera realizar.<\/span><\/li>\n<li style=\"text-align: justify;\"><span style=\"font-weight: 400;\">Los padres de familia y alumnos tienen el derecho a recibir la documentaci\u00f3n, aunque haya adeudos con la instituci\u00f3n educativa.<\/span><\/li>\n<li style=\"text-align: justify;\"><span style=\"font-weight: 400;\">Ante los retrasos en los tr\u00e1mites por parte de la<\/span><b> Secretar\u00eda de Educaci\u00f3n P\u00fablica<\/b><span style=\"font-weight: 400;\">, los padres de familia pueden acudir directamente a la dependencia para solicitar documentos.<\/span><\/li>\n<\/ol>\n<p><strong>Este contenido ha sido publicado originalmente por: <a href=\"http:\/\/healthychildren.org\" target=\"_blank\" rel=\"noopener\">healthychildren.org<\/a> y <a href=\"http:\/\/eluniversal.com.m\" target=\"_blank\" rel=\"noopener\">eluniversal.com.mx<\/a><\/strong><\/p>\n\t\t<div class=\"pk-inline-posts\">\n\t\t\t\n\t\t\t<div class=\"pk-inline-posts-container pk-inline-posts-template-list\"\n\t\t\t\tdata-columns=\"1\">\n\t\t\t\t\t\t<article id=\"post-44992\" class=\"post-44992 post type-post status-publish format-standard has-post-thumbnail category-educacion-pedagogia category-pedagogia category-tecnicas tag-ensenanza tag-estudiantes tag-mejorar tag-motivacion tag-tecnicas cs-entry cs-video-wrap\">\n\t\t\t<div class=\"pk-post-outer\">\n\n\t\t\t\t\t\t\t\t<div class=\"pk-post-inner\">\n\t\t\t\t\t<div class=\"entry-thumbnail\">\n\t\t\t\t\t\t<div class=\"pk-overlay pk-overlay-ratio pk-ratio-landscape\">\n\t\t\t\t\t\t\t<div class=\"pk-overlay-background\">\n\t\t\t\t\t\t\t\t<a href=\"https:\/\/webdelmaestrocmf.com\/portal\/tecnicas-de-ensenanza-para-mejorar-la-motivacion-de-los-estudiantes\/\" class=\"pk-overlay-link\">\n\t\t\t\t\t\t\t\t\t<img loading=\"lazy\" decoding=\"async\" width=\"300\" height=\"225\" src=\"https:\/\/webdelmaestrocmf.com\/portal\/wp-content\/uploads\/2023\/11\/1AA-Banner-1-portada-imagen-10-1-copia-9-300x225.webp\" class=\"attachment-pk-thumbnail size-pk-thumbnail wp-post-image\" alt=\"\" \/>\t\t\t\t\t\t\t\t<\/a>\n\t\t\t\t\t\t\t<\/div>\n\t\t\t\t\t\t<\/div>\n\t\t\t\t\t<\/div>\n\t\t\t\t<\/div>\n\t\t\t\t\n\t\t\t\t<div class=\"pk-post-inner\">\n\t\t\t\t\t<header>\n\t\t\t\t\t\t<h3 class=\"pk-title\"><a href=\"https:\/\/webdelmaestrocmf.com\/portal\/tecnicas-de-ensenanza-para-mejorar-la-motivacion-de-los-estudiantes\/\" rel=\"bookmark\">T\u00e9cnicas de ense\u00f1anza para crear un ambiente de aprendizaje efectivo<\/a><\/h3>\t\t\t\t\t<\/header><!-- .entry-header -->\n\t\t\t\t<\/div><!-- .post-inner -->\n\n\t\t\t<\/div><!-- .post-outer -->\n\t\t<\/article>\n\t\t\t\t<\/div>\n\t\t<\/div>\n\t\t\n","protected":false},"excerpt":{"rendered":"En su distrito escolar usted puede seleccionar la escuela a donde asistir\u00e1 su hijo. Adem\u00e1s de las escuelas&hellip;","protected":false},"author":1,"featured_media":72840,"comment_status":"open","ping_status":"closed","sticky":false,"template":"","format":"standard","meta":{"csco_display_header_overlay":false,"csco_singular_sidebar":"default","csco_page_header_type":"default","csco_page_load_nextpost":"default","csco_post_video_location":[],"csco_post_video_location_hash":"","csco_post_video_url":"","csco_post_video_bg_start_time":0,"csco_post_video_bg_end_time":0,"csco_post_video_bg_volume":false,"_jetpack_memberships_contains_paid_content":false,"footnotes":""},"categories":[442,735],"tags":[14488,828,1953,228,311,3122,14487],"class_list":{"0":"post-72834","1":"post","2":"type-post","3":"status-publish","4":"format-standard","5":"has-post-thumbnail","7":"category-educacion-pedagogia","8":"category-pedagogia","9":"tag-conveniente","10":"tag-educativo","11":"tag-elegir","12":"tag-escuela","13":"tag-hijos","14":"tag-nuestros","15":"tag-o-centro","16":"cs-entry","17":"cs-video-wrap"},"yoast_head":"<!-- This site is optimized with the Yoast SEO plugin v27.5 - https:\/\/yoast.com\/product\/yoast-seo-wordpress\/ -->\n<title>C\u00f3mo elegir la escuela o centro educativo m\u00e1s conveniente para nuestros hijos en tiempo de Covid - 2026<\/title>\n<meta name=\"description\" content=\"En su distrito escolar usted puede seleccionar la escuela a donde asistir\u00e1 su hijo. Adem\u00e1s de las escuelas p\u00fablicas, tambi\u00e9n pueden...\" \/>\n<meta name=\"robots\" content=\"index, follow, max-snippet:-1, max-image-preview:large, max-video-preview:-1\" \/>\n<link rel=\"canonical\" href=\"https:\/\/webdelmaestrocmf.com\/portal\/como-elegir-la-escuela-o-centro-educativo-mas-conveniente-para-nuestros-hijos\/\" \/>\n<meta property=\"og:locale\" content=\"es_ES\" \/>\n<meta property=\"og:type\" content=\"article\" \/>\n<meta property=\"og:title\" content=\"C\u00f3mo elegir la escuela o centro educativo m\u00e1s conveniente para nuestros hijos en tiempo de Covid - 2026\" \/>\n<meta property=\"og:description\" content=\"En su distrito escolar usted puede seleccionar la escuela a donde asistir\u00e1 su hijo. Adem\u00e1s de las escuelas p\u00fablicas, tambi\u00e9n pueden...\" \/>\n<meta property=\"og:url\" content=\"https:\/\/webdelmaestrocmf.com\/portal\/como-elegir-la-escuela-o-centro-educativo-mas-conveniente-para-nuestros-hijos\/\" \/>\n<meta property=\"og:site_name\" content=\"Web del Maestro CMF\" \/>\n<meta property=\"article:publisher\" content=\"https:\/\/www.facebook.com\/WebdelMaestroCMF\/\" \/>\n<meta property=\"article:author\" content=\"https:\/\/www.facebook.com\/WebdelMaestroCMF\/\" \/>\n<meta property=\"article:published_time\" content=\"2022-01-09T23:48:56+00:00\" \/>\n<meta property=\"article:modified_time\" content=\"2022-01-10T13:45:22+00:00\" \/>\n<meta property=\"og:image\" content=\"https:\/\/i0.wp.com\/webdelmaestrocmf.com\/portal\/wp-content\/uploads\/2022\/01\/1-41.jpg?fit=1100%2C680&ssl=1\" \/>\n\t<meta property=\"og:image:width\" content=\"1100\" \/>\n\t<meta property=\"og:image:height\" content=\"680\" \/>\n\t<meta property=\"og:image:type\" content=\"image\/jpeg\" \/>\n<meta name=\"author\" content=\"Web del Maestro CMF\" \/>\n<meta name=\"twitter:card\" content=\"summary_large_image\" \/>\n<meta name=\"twitter:creator\" content=\"@cmf_w\" \/>\n<meta name=\"twitter:site\" content=\"@cmf_w\" \/>\n<script type=\"application\/ld+json\" class=\"yoast-schema-graph\">{\"@context\":\"https:\\\/\\\/schema.org\",\"@graph\":[{\"@type\":\"ScholarlyArticle\",\"@id\":\"https:\\\/\\\/webdelmaestrocmf.com\\\/portal\\\/como-elegir-la-escuela-o-centro-educativo-mas-conveniente-para-nuestros-hijos\\\/#article\",\"isPartOf\":{\"@id\":\"https:\\\/\\\/webdelmaestrocmf.com\\\/portal\\\/como-elegir-la-escuela-o-centro-educativo-mas-conveniente-para-nuestros-hijos\\\/\"},\"author\":{\"name\":\"Web del Maestro CMF\",\"@id\":\"https:\\\/\\\/webdelmaestrocmf.com\\\/portal\\\/#\\\/schema\\\/person\\\/1072a2ed7bd960df8ef99a551fa35dc5\"},\"headline\":\"C\u00f3mo elegir la escuela o centro educativo m\u00e1s conveniente para nuestros hijos en tiempo de Covid\",\"datePublished\":\"2022-01-09T23:48:56+00:00\",\"dateModified\":\"2022-01-10T13:45:22+00:00\",\"mainEntityOfPage\":{\"@id\":\"https:\\\/\\\/webdelmaestrocmf.com\\\/portal\\\/como-elegir-la-escuela-o-centro-educativo-mas-conveniente-para-nuestros-hijos\\\/\"},\"wordCount\":3277,\"commentCount\":0,\"publisher\":{\"@id\":\"https:\\\/\\\/webdelmaestrocmf.com\\\/portal\\\/#organization\"},\"image\":{\"@id\":\"https:\\\/\\\/webdelmaestrocmf.com\\\/portal\\\/como-elegir-la-escuela-o-centro-educativo-mas-conveniente-para-nuestros-hijos\\\/#primaryimage\"},\"thumbnailUrl\":\"https:\\\/\\\/webdelmaestrocmf.com\\\/portal\\\/wp-content\\\/uploads\\\/2022\\\/01\\\/1-41.jpg\",\"keywords\":[\"conveniente\",\"EDUCATIVO\",\"ELEGIR\",\"escuela\",\"hijos\",\"NUESTROS\",\"o centro\"],\"articleSection\":[\"Pedagog\u00eda\",\"Recursos\"],\"inLanguage\":\"es\",\"potentialAction\":[{\"@type\":\"CommentAction\",\"name\":\"Comment\",\"target\":[\"https:\\\/\\\/webdelmaestrocmf.com\\\/portal\\\/como-elegir-la-escuela-o-centro-educativo-mas-conveniente-para-nuestros-hijos\\\/#respond\"]}]},{\"@type\":\"WebPage\",\"@id\":\"https:\\\/\\\/webdelmaestrocmf.com\\\/portal\\\/como-elegir-la-escuela-o-centro-educativo-mas-conveniente-para-nuestros-hijos\\\/\",\"url\":\"https:\\\/\\\/webdelmaestrocmf.com\\\/portal\\\/como-elegir-la-escuela-o-centro-educativo-mas-conveniente-para-nuestros-hijos\\\/\",\"name\":\"C\u00f3mo elegir la escuela o centro educativo m\u00e1s conveniente para nuestros hijos en tiempo de Covid - 2026\",\"isPartOf\":{\"@id\":\"https:\\\/\\\/webdelmaestrocmf.com\\\/portal\\\/#website\"},\"primaryImageOfPage\":{\"@id\":\"https:\\\/\\\/webdelmaestrocmf.com\\\/portal\\\/como-elegir-la-escuela-o-centro-educativo-mas-conveniente-para-nuestros-hijos\\\/#primaryimage\"},\"image\":{\"@id\":\"https:\\\/\\\/webdelmaestrocmf.com\\\/portal\\\/como-elegir-la-escuela-o-centro-educativo-mas-conveniente-para-nuestros-hijos\\\/#primaryimage\"},\"thumbnailUrl\":\"https:\\\/\\\/webdelmaestrocmf.com\\\/portal\\\/wp-content\\\/uploads\\\/2022\\\/01\\\/1-41.jpg\",\"datePublished\":\"2022-01-09T23:48:56+00:00\",\"dateModified\":\"2022-01-10T13:45:22+00:00\",\"description\":\"En su distrito escolar usted puede seleccionar la escuela a donde asistir\u00e1 su hijo. Adem\u00e1s de las escuelas p\u00fablicas, tambi\u00e9n pueden...\",\"breadcrumb\":{\"@id\":\"https:\\\/\\\/webdelmaestrocmf.com\\\/portal\\\/como-elegir-la-escuela-o-centro-educativo-mas-conveniente-para-nuestros-hijos\\\/#breadcrumb\"},\"inLanguage\":\"es\",\"potentialAction\":[{\"@type\":\"ReadAction\",\"target\":[\"https:\\\/\\\/webdelmaestrocmf.com\\\/portal\\\/como-elegir-la-escuela-o-centro-educativo-mas-conveniente-para-nuestros-hijos\\\/\"]}]},{\"@type\":\"ImageObject\",\"inLanguage\":\"es\",\"@id\":\"https:\\\/\\\/webdelmaestrocmf.com\\\/portal\\\/como-elegir-la-escuela-o-centro-educativo-mas-conveniente-para-nuestros-hijos\\\/#primaryimage\",\"url\":\"https:\\\/\\\/webdelmaestrocmf.com\\\/portal\\\/wp-content\\\/uploads\\\/2022\\\/01\\\/1-41.jpg\",\"contentUrl\":\"https:\\\/\\\/webdelmaestrocmf.com\\\/portal\\\/wp-content\\\/uploads\\\/2022\\\/01\\\/1-41.jpg\",\"width\":1100,\"height\":680},{\"@type\":\"BreadcrumbList\",\"@id\":\"https:\\\/\\\/webdelmaestrocmf.com\\\/portal\\\/como-elegir-la-escuela-o-centro-educativo-mas-conveniente-para-nuestros-hijos\\\/#breadcrumb\",\"itemListElement\":[{\"@type\":\"ListItem\",\"position\":1,\"name\":\"Portada\",\"item\":\"https:\\\/\\\/webdelmaestrocmf.com\\\/portal\\\/\"},{\"@type\":\"ListItem\",\"position\":2,\"name\":\"Recursos\",\"item\":\"https:\\\/\\\/webdelmaestrocmf.com\\\/portal\\\/category\\\/pedagogia\\\/\"},{\"@type\":\"ListItem\",\"position\":3,\"name\":\"C\u00f3mo elegir la escuela o centro educativo m\u00e1s conveniente para nuestros hijos en tiempo de Covid\"}]},{\"@type\":\"WebSite\",\"@id\":\"https:\\\/\\\/webdelmaestrocmf.com\\\/portal\\\/#website\",\"url\":\"https:\\\/\\\/webdelmaestrocmf.com\\\/portal\\\/\",\"name\":\"Web del Maestro CMF\",\"description\":\"Maestros al servicio de la educaci\u00f3n\",\"publisher\":{\"@id\":\"https:\\\/\\\/webdelmaestrocmf.com\\\/portal\\\/#organization\"},\"alternateName\":\"WMCMF\",\"potentialAction\":[{\"@type\":\"SearchAction\",\"target\":{\"@type\":\"EntryPoint\",\"urlTemplate\":\"https:\\\/\\\/webdelmaestrocmf.com\\\/portal\\\/?s={search_term_string}\"},\"query-input\":{\"@type\":\"PropertyValueSpecification\",\"valueRequired\":true,\"valueName\":\"search_term_string\"}}],\"inLanguage\":\"es\"},{\"@type\":\"Organization\",\"@id\":\"https:\\\/\\\/webdelmaestrocmf.com\\\/portal\\\/#organization\",\"name\":\"Web del Maestro CMF\",\"alternateName\":\"WMCMF\",\"url\":\"https:\\\/\\\/webdelmaestrocmf.com\\\/portal\\\/\",\"logo\":{\"@type\":\"ImageObject\",\"inLanguage\":\"es\",\"@id\":\"https:\\\/\\\/webdelmaestrocmf.com\\\/portal\\\/#\\\/schema\\\/logo\\\/image\\\/\",\"url\":\"https:\\\/\\\/webdelmaestrocmf.com\\\/portal\\\/wp-content\\\/uploads\\\/2023\\\/01\\\/logo-wmcmf-2.png\",\"contentUrl\":\"https:\\\/\\\/webdelmaestrocmf.com\\\/portal\\\/wp-content\\\/uploads\\\/2023\\\/01\\\/logo-wmcmf-2.png\",\"width\":200,\"height\":60,\"caption\":\"Web del Maestro CMF\"},\"image\":{\"@id\":\"https:\\\/\\\/webdelmaestrocmf.com\\\/portal\\\/#\\\/schema\\\/logo\\\/image\\\/\"},\"sameAs\":[\"https:\\\/\\\/www.facebook.com\\\/WebdelMaestroCMF\\\/\",\"https:\\\/\\\/x.com\\\/cmf_w\",\"https:\\\/\\\/www.pinterest.com\\\/WMCMF\\\/\",\"https:\\\/\\\/www.linkedin.com\\\/company\\\/web-del-maestro-cmf\\\/\",\"https:\\\/\\\/www.instagram.com\\\/wmcmf\\\/\",\"https:\\\/\\\/www.youtube.com\\\/channel\\\/UCDPSvjbdodE5sHnC3OxutHw\",\"https:\\\/\\\/mastodon.social\\\/@wmcmf\",\"https:\\\/\\\/www.tiktok.com\\\/@webdelmaestrocmf\"]},{\"@type\":\"Person\",\"@id\":\"https:\\\/\\\/webdelmaestrocmf.com\\\/portal\\\/#\\\/schema\\\/person\\\/1072a2ed7bd960df8ef99a551fa35dc5\",\"name\":\"Web del Maestro CMF\",\"image\":{\"@type\":\"ImageObject\",\"inLanguage\":\"es\",\"@id\":\"https:\\\/\\\/secure.gravatar.com\\\/avatar\\\/23291dd5b5ae1077dcff3dbb04c3e02bd28403fa75af6d8787d5e97c5bbbe30b?s=96&d=mm&r=g\",\"url\":\"https:\\\/\\\/secure.gravatar.com\\\/avatar\\\/23291dd5b5ae1077dcff3dbb04c3e02bd28403fa75af6d8787d5e97c5bbbe30b?s=96&d=mm&r=g\",\"contentUrl\":\"https:\\\/\\\/secure.gravatar.com\\\/avatar\\\/23291dd5b5ae1077dcff3dbb04c3e02bd28403fa75af6d8787d5e97c5bbbe30b?s=96&d=mm&r=g\",\"caption\":\"Web del Maestro CMF\"},\"description\":\"Esta Web se cre\u00f3 sin fines de lucro, con fines educativos, cient\u00edficos y acad\u00e9micos, para personas que tengan dificultades y\\\/o inconvenientes en visualizar el material original. El objetivo es entregar recursos, compartir experiencias y materiales que ayuden a los padres de familia, maestros y estudiantes en su actualizaci\u00f3n y formaci\u00f3n permanente, en bien de la Educaci\u00f3n.\",\"sameAs\":[\"http:\\\/\\\/webdelmaestrocmf.com\\\/portal\",\"https:\\\/\\\/www.facebook.com\\\/WebdelMaestroCMF\\\/\",\"https:\\\/\\\/www.instagram.com\\\/wmcmf\\\/\",\"https:\\\/\\\/cl.linkedin.com\\\/company\\\/web-del-maestro-cmf\",\"https:\\\/\\\/www.pinterest.com\\\/WMCMF\\\/publicaciones\\\/\",\"https:\\\/\\\/x.com\\\/cmf_w\",\"https:\\\/\\\/www.youtube.com\\\/@WMCMF\"]}]}<\/script>\n<!-- \/ Yoast SEO plugin. -->","yoast_head_json":{"title":"C\u00f3mo elegir la escuela o centro educativo m\u00e1s conveniente para nuestros hijos en tiempo de Covid - 2026","description":"En su distrito escolar usted puede seleccionar la escuela a donde asistir\u00e1 su hijo. Adem\u00e1s de las escuelas p\u00fablicas, tambi\u00e9n pueden...","robots":{"index":"index","follow":"follow","max-snippet":"max-snippet:-1","max-image-preview":"max-image-preview:large","max-video-preview":"max-video-preview:-1"},"canonical":"https:\/\/webdelmaestrocmf.com\/portal\/como-elegir-la-escuela-o-centro-educativo-mas-conveniente-para-nuestros-hijos\/","og_locale":"es_ES","og_type":"article","og_title":"C\u00f3mo elegir la escuela o centro educativo m\u00e1s conveniente para nuestros hijos en tiempo de Covid - 2026","og_description":"En su distrito escolar usted puede seleccionar la escuela a donde asistir\u00e1 su hijo. Adem\u00e1s de las escuelas p\u00fablicas, tambi\u00e9n pueden...","og_url":"https:\/\/webdelmaestrocmf.com\/portal\/como-elegir-la-escuela-o-centro-educativo-mas-conveniente-para-nuestros-hijos\/","og_site_name":"Web del Maestro CMF","article_publisher":"https:\/\/www.facebook.com\/WebdelMaestroCMF\/","article_author":"https:\/\/www.facebook.com\/WebdelMaestroCMF\/","article_published_time":"2022-01-09T23:48:56+00:00","article_modified_time":"2022-01-10T13:45:22+00:00","og_image":[{"width":1100,"height":680,"url":"https:\/\/i0.wp.com\/webdelmaestrocmf.com\/portal\/wp-content\/uploads\/2022\/01\/1-41.jpg?fit=1100%2C680&ssl=1","type":"image\/jpeg"}],"author":"Web del Maestro CMF","twitter_card":"summary_large_image","twitter_creator":"@cmf_w","twitter_site":"@cmf_w","schema":{"@context":"https:\/\/schema.org","@graph":[{"@type":"ScholarlyArticle","@id":"https:\/\/webdelmaestrocmf.com\/portal\/como-elegir-la-escuela-o-centro-educativo-mas-conveniente-para-nuestros-hijos\/#article","isPartOf":{"@id":"https:\/\/webdelmaestrocmf.com\/portal\/como-elegir-la-escuela-o-centro-educativo-mas-conveniente-para-nuestros-hijos\/"},"author":{"name":"Web del Maestro CMF","@id":"https:\/\/webdelmaestrocmf.com\/portal\/#\/schema\/person\/1072a2ed7bd960df8ef99a551fa35dc5"},"headline":"C\u00f3mo elegir la escuela o centro educativo m\u00e1s conveniente para nuestros hijos en tiempo de Covid","datePublished":"2022-01-09T23:48:56+00:00","dateModified":"2022-01-10T13:45:22+00:00","mainEntityOfPage":{"@id":"https:\/\/webdelmaestrocmf.com\/portal\/como-elegir-la-escuela-o-centro-educativo-mas-conveniente-para-nuestros-hijos\/"},"wordCount":3277,"commentCount":0,"publisher":{"@id":"https:\/\/webdelmaestrocmf.com\/portal\/#organization"},"image":{"@id":"https:\/\/webdelmaestrocmf.com\/portal\/como-elegir-la-escuela-o-centro-educativo-mas-conveniente-para-nuestros-hijos\/#primaryimage"},"thumbnailUrl":"https:\/\/webdelmaestrocmf.com\/portal\/wp-content\/uploads\/2022\/01\/1-41.jpg","keywords":["conveniente","EDUCATIVO","ELEGIR","escuela","hijos","NUESTROS","o centro"],"articleSection":["Pedagog\u00eda","Recursos"],"inLanguage":"es","potentialAction":[{"@type":"CommentAction","name":"Comment","target":["https:\/\/webdelmaestrocmf.com\/portal\/como-elegir-la-escuela-o-centro-educativo-mas-conveniente-para-nuestros-hijos\/#respond"]}]},{"@type":"WebPage","@id":"https:\/\/webdelmaestrocmf.com\/portal\/como-elegir-la-escuela-o-centro-educativo-mas-conveniente-para-nuestros-hijos\/","url":"https:\/\/webdelmaestrocmf.com\/portal\/como-elegir-la-escuela-o-centro-educativo-mas-conveniente-para-nuestros-hijos\/","name":"C\u00f3mo elegir la escuela o centro educativo m\u00e1s conveniente para nuestros hijos en tiempo de Covid - 2026","isPartOf":{"@id":"https:\/\/webdelmaestrocmf.com\/portal\/#website"},"primaryImageOfPage":{"@id":"https:\/\/webdelmaestrocmf.com\/portal\/como-elegir-la-escuela-o-centro-educativo-mas-conveniente-para-nuestros-hijos\/#primaryimage"},"image":{"@id":"https:\/\/webdelmaestrocmf.com\/portal\/como-elegir-la-escuela-o-centro-educativo-mas-conveniente-para-nuestros-hijos\/#primaryimage"},"thumbnailUrl":"https:\/\/webdelmaestrocmf.com\/portal\/wp-content\/uploads\/2022\/01\/1-41.jpg","datePublished":"2022-01-09T23:48:56+00:00","dateModified":"2022-01-10T13:45:22+00:00","description":"En su distrito escolar usted puede seleccionar la escuela a donde asistir\u00e1 su hijo. Adem\u00e1s de las escuelas p\u00fablicas, tambi\u00e9n pueden...","breadcrumb":{"@id":"https:\/\/webdelmaestrocmf.com\/portal\/como-elegir-la-escuela-o-centro-educativo-mas-conveniente-para-nuestros-hijos\/#breadcrumb"},"inLanguage":"es","potentialAction":[{"@type":"ReadAction","target":["https:\/\/webdelmaestrocmf.com\/portal\/como-elegir-la-escuela-o-centro-educativo-mas-conveniente-para-nuestros-hijos\/"]}]},{"@type":"ImageObject","inLanguage":"es","@id":"https:\/\/webdelmaestrocmf.com\/portal\/como-elegir-la-escuela-o-centro-educativo-mas-conveniente-para-nuestros-hijos\/#primaryimage","url":"https:\/\/webdelmaestrocmf.com\/portal\/wp-content\/uploads\/2022\/01\/1-41.jpg","contentUrl":"https:\/\/webdelmaestrocmf.com\/portal\/wp-content\/uploads\/2022\/01\/1-41.jpg","width":1100,"height":680},{"@type":"BreadcrumbList","@id":"https:\/\/webdelmaestrocmf.com\/portal\/como-elegir-la-escuela-o-centro-educativo-mas-conveniente-para-nuestros-hijos\/#breadcrumb","itemListElement":[{"@type":"ListItem","position":1,"name":"Portada","item":"https:\/\/webdelmaestrocmf.com\/portal\/"},{"@type":"ListItem","position":2,"name":"Recursos","item":"https:\/\/webdelmaestrocmf.com\/portal\/category\/pedagogia\/"},{"@type":"ListItem","position":3,"name":"C\u00f3mo elegir la escuela o centro educativo m\u00e1s conveniente para nuestros hijos en tiempo de Covid"}]},{"@type":"WebSite","@id":"https:\/\/webdelmaestrocmf.com\/portal\/#website","url":"https:\/\/webdelmaestrocmf.com\/portal\/","name":"Web del Maestro CMF","description":"Maestros al servicio de la educaci\u00f3n","publisher":{"@id":"https:\/\/webdelmaestrocmf.com\/portal\/#organization"},"alternateName":"WMCMF","potentialAction":[{"@type":"SearchAction","target":{"@type":"EntryPoint","urlTemplate":"https:\/\/webdelmaestrocmf.com\/portal\/?s={search_term_string}"},"query-input":{"@type":"PropertyValueSpecification","valueRequired":true,"valueName":"search_term_string"}}],"inLanguage":"es"},{"@type":"Organization","@id":"https:\/\/webdelmaestrocmf.com\/portal\/#organization","name":"Web del Maestro CMF","alternateName":"WMCMF","url":"https:\/\/webdelmaestrocmf.com\/portal\/","logo":{"@type":"ImageObject","inLanguage":"es","@id":"https:\/\/webdelmaestrocmf.com\/portal\/#\/schema\/logo\/image\/","url":"https:\/\/webdelmaestrocmf.com\/portal\/wp-content\/uploads\/2023\/01\/logo-wmcmf-2.png","contentUrl":"https:\/\/webdelmaestrocmf.com\/portal\/wp-content\/uploads\/2023\/01\/logo-wmcmf-2.png","width":200,"height":60,"caption":"Web del Maestro CMF"},"image":{"@id":"https:\/\/webdelmaestrocmf.com\/portal\/#\/schema\/logo\/image\/"},"sameAs":["https:\/\/www.facebook.com\/WebdelMaestroCMF\/","https:\/\/x.com\/cmf_w","https:\/\/www.pinterest.com\/WMCMF\/","https:\/\/www.linkedin.com\/company\/web-del-maestro-cmf\/","https:\/\/www.instagram.com\/wmcmf\/","https:\/\/www.youtube.com\/channel\/UCDPSvjbdodE5sHnC3OxutHw","https:\/\/mastodon.social\/@wmcmf","https:\/\/www.tiktok.com\/@webdelmaestrocmf"]},{"@type":"Person","@id":"https:\/\/webdelmaestrocmf.com\/portal\/#\/schema\/person\/1072a2ed7bd960df8ef99a551fa35dc5","name":"Web del Maestro CMF","image":{"@type":"ImageObject","inLanguage":"es","@id":"https:\/\/secure.gravatar.com\/avatar\/23291dd5b5ae1077dcff3dbb04c3e02bd28403fa75af6d8787d5e97c5bbbe30b?s=96&d=mm&r=g","url":"https:\/\/secure.gravatar.com\/avatar\/23291dd5b5ae1077dcff3dbb04c3e02bd28403fa75af6d8787d5e97c5bbbe30b?s=96&d=mm&r=g","contentUrl":"https:\/\/secure.gravatar.com\/avatar\/23291dd5b5ae1077dcff3dbb04c3e02bd28403fa75af6d8787d5e97c5bbbe30b?s=96&d=mm&r=g","caption":"Web del Maestro CMF"},"description":"Esta Web se cre\u00f3 sin fines de lucro, con fines educativos, cient\u00edficos y acad\u00e9micos, para personas que tengan dificultades y\/o inconvenientes en visualizar el material original. El objetivo es entregar recursos, compartir experiencias y materiales que ayuden a los padres de familia, maestros y estudiantes en su actualizaci\u00f3n y formaci\u00f3n permanente, en bien de la Educaci\u00f3n.","sameAs":["http:\/\/webdelmaestrocmf.com\/portal","https:\/\/www.facebook.com\/WebdelMaestroCMF\/","https:\/\/www.instagram.com\/wmcmf\/","https:\/\/cl.linkedin.com\/company\/web-del-maestro-cmf","https:\/\/www.pinterest.com\/WMCMF\/publicaciones\/","https:\/\/x.com\/cmf_w","https:\/\/www.youtube.com\/@WMCMF"]}]}},"jetpack_featured_media_url":"https:\/\/webdelmaestrocmf.com\/portal\/wp-content\/uploads\/2022\/01\/1-41.jpg","jetpack_sharing_enabled":true,"jetpack-related-posts":[{"id":117866,"url":"https:\/\/webdelmaestrocmf.com\/portal\/padre-de-familia-escribe-una-polemica-carta-al-profesor-de-su-hijo-la-educacion-de-mi-hijo-es-su-trabajo\/","url_meta":{"origin":72834,"position":0},"title":"Padre de familia escribe una pol\u00e9mica carta al profesor de su hijo: \u201cLa educaci\u00f3n de mi hijo es su trabajo\u201d","author":"Web del Maestro CMF","date":"16 abril, 2026","format":false,"excerpt":"La educaci\u00f3n no es responsabilidad exclusiva del docente. Sin el compromiso de la familia, el aprendizaje se debilita. Educar exige corresponsabilidad, respeto mutuo y una alianza s\u00f3lida entre hogar y escuela.","rel":"","context":"En \u00abNoticias Internacionales\u00bb","block_context":{"text":"Noticias Internacionales","link":"https:\/\/webdelmaestrocmf.com\/portal\/category\/noticias-internacionales\/"},"img":{"alt_text":"","src":"https:\/\/i0.wp.com\/webdelmaestrocmf.com\/portal\/wp-content\/uploads\/2026\/04\/1AA-Banner-1-portada-imagen-10-1-copia-24.webp?resize=350%2C200&ssl=1","width":350,"height":200,"srcset":"https:\/\/i0.wp.com\/webdelmaestrocmf.com\/portal\/wp-content\/uploads\/2026\/04\/1AA-Banner-1-portada-imagen-10-1-copia-24.webp?resize=350%2C200&ssl=1 1x, https:\/\/i0.wp.com\/webdelmaestrocmf.com\/portal\/wp-content\/uploads\/2026\/04\/1AA-Banner-1-portada-imagen-10-1-copia-24.webp?resize=525%2C300&ssl=1 1.5x, https:\/\/i0.wp.com\/webdelmaestrocmf.com\/portal\/wp-content\/uploads\/2026\/04\/1AA-Banner-1-portada-imagen-10-1-copia-24.webp?resize=700%2C400&ssl=1 2x, https:\/\/i0.wp.com\/webdelmaestrocmf.com\/portal\/wp-content\/uploads\/2026\/04\/1AA-Banner-1-portada-imagen-10-1-copia-24.webp?resize=1050%2C600&ssl=1 3x"},"classes":[]},{"id":108679,"url":"https:\/\/webdelmaestrocmf.com\/portal\/por-que-es-importante-la-escuela-de-padres-en-estos-tiempos\/","url_meta":{"origin":72834,"position":1},"title":"\u00bfPor qu\u00e9 es importante la Escuela de Padres en estos tiempos?","author":"Web del Maestro CMF","date":"6 abril, 2025","format":false,"excerpt":"En la actualidad, la escuela enfrenta retos cada vez m\u00e1s complejos. No solo debe transmitir conocimientos, sino tambi\u00e9n sostener emocionalmente a estudiantes que muchas veces llegan al aula con historias de abandono, violencia, consumo problem\u00e1tico, conflictos judiciales y exclusi\u00f3n social. Frente a este panorama, surge una necesidad urgente: volver a\u2026","rel":"","context":"En \u00abEscuela de adres\u00bb","block_context":{"text":"Escuela de adres","link":"https:\/\/webdelmaestrocmf.com\/portal\/category\/pedagogia\/escuela-de-adres\/"},"img":{"alt_text":"","src":"https:\/\/i0.wp.com\/webdelmaestrocmf.com\/portal\/wp-content\/uploads\/2025\/04\/1A-Banner-1-portada-imagen-10-1-43.jpg?resize=350%2C200&ssl=1","width":350,"height":200,"srcset":"https:\/\/i0.wp.com\/webdelmaestrocmf.com\/portal\/wp-content\/uploads\/2025\/04\/1A-Banner-1-portada-imagen-10-1-43.jpg?resize=350%2C200&ssl=1 1x, https:\/\/i0.wp.com\/webdelmaestrocmf.com\/portal\/wp-content\/uploads\/2025\/04\/1A-Banner-1-portada-imagen-10-1-43.jpg?resize=525%2C300&ssl=1 1.5x, https:\/\/i0.wp.com\/webdelmaestrocmf.com\/portal\/wp-content\/uploads\/2025\/04\/1A-Banner-1-portada-imagen-10-1-43.jpg?resize=700%2C400&ssl=1 2x"},"classes":[]},{"id":114364,"url":"https:\/\/webdelmaestrocmf.com\/portal\/erika-di-martino-madre-de-5-hijos-ninguno-de-ellos-ha-ido-nunca-a-la-escuela-porque-es-un-sistema-anacronico-que-no-tiene-en-cuenta-la-vida-real\/","url_meta":{"origin":72834,"position":2},"title":"Erika di Martino, madre de 5 hijos: \u201cNinguno de ellos ha ido nunca a la escuela porque es un sistema anacr\u00f3nico que no tiene en cuenta la vida real\u201d","author":"Web del Maestro CMF","date":"29 diciembre, 2025","format":false,"excerpt":"Erika di Martino defiende la educaci\u00f3n en casa y cuestiona la escuela tradicional por alejarse de la vida real infantil.","rel":"","context":"En \u00abEntrevistas\u00bb","block_context":{"text":"Entrevistas","link":"https:\/\/webdelmaestrocmf.com\/portal\/category\/noticias\/entrevistas\/"},"img":{"alt_text":"","src":"https:\/\/i0.wp.com\/webdelmaestrocmf.com\/portal\/wp-content\/uploads\/2025\/12\/1A-Banner-1-portada-imagen-10-1-copia-4-3.webp?resize=350%2C200&ssl=1","width":350,"height":200,"srcset":"https:\/\/i0.wp.com\/webdelmaestrocmf.com\/portal\/wp-content\/uploads\/2025\/12\/1A-Banner-1-portada-imagen-10-1-copia-4-3.webp?resize=350%2C200&ssl=1 1x, https:\/\/i0.wp.com\/webdelmaestrocmf.com\/portal\/wp-content\/uploads\/2025\/12\/1A-Banner-1-portada-imagen-10-1-copia-4-3.webp?resize=525%2C300&ssl=1 1.5x, https:\/\/i0.wp.com\/webdelmaestrocmf.com\/portal\/wp-content\/uploads\/2025\/12\/1A-Banner-1-portada-imagen-10-1-copia-4-3.webp?resize=700%2C400&ssl=1 2x"},"classes":[]},{"id":112795,"url":"https:\/\/webdelmaestrocmf.com\/portal\/hijos-huerfanos-de-padres-vivos-una-herida-silenciosa-en-la-escuela\/","url_meta":{"origin":72834,"position":3},"title":"Hijos hu\u00e9rfanos de padres vivos: una herida silenciosa en la escuela","author":"Web del Maestro CMF","date":"22 octubre, 2025","format":false,"excerpt":"Muchos ni\u00f1os hoy tienen padres vivos, pero ausentes. Llegan a la escuela buscando el afecto, la atenci\u00f3n y los l\u00edmites que en casa no encuentran.","rel":"","context":"En \u00abYo opino - WMCMF\u00bb","block_context":{"text":"Yo opino - WMCMF","link":"https:\/\/webdelmaestrocmf.com\/portal\/category\/jamb\/"},"img":{"alt_text":"","src":"https:\/\/i0.wp.com\/webdelmaestrocmf.com\/portal\/wp-content\/uploads\/2025\/10\/dsvs.jpg?resize=350%2C200&ssl=1","width":350,"height":200,"srcset":"https:\/\/i0.wp.com\/webdelmaestrocmf.com\/portal\/wp-content\/uploads\/2025\/10\/dsvs.jpg?resize=350%2C200&ssl=1 1x, https:\/\/i0.wp.com\/webdelmaestrocmf.com\/portal\/wp-content\/uploads\/2025\/10\/dsvs.jpg?resize=525%2C300&ssl=1 1.5x, https:\/\/i0.wp.com\/webdelmaestrocmf.com\/portal\/wp-content\/uploads\/2025\/10\/dsvs.jpg?resize=700%2C400&ssl=1 2x"},"classes":[]},{"id":116473,"url":"https:\/\/webdelmaestrocmf.com\/portal\/maestra-llama-la-atencion-a-los-padres-y-les-dice-esperas-que-el-maestro-de-el-100-por-tu-hijo-entonces-da-tu-tambien-el-100-como-padre\/","url_meta":{"origin":72834,"position":4},"title":"Maestra llama la atenci\u00f3n a los padres y les dice: \u00bfEsperas que el maestro d\u00e9 el 100% por tu hijo? Entonces da t\u00fa tambi\u00e9n el 100% como padre","author":"Web del Maestro CMF","date":"14 marzo, 2026","format":false,"excerpt":"Una maestra advierte que la educaci\u00f3n requiere compromiso real de los padres. Sin participaci\u00f3n familiar, reuniones atendidas y acompa\u00f1amiento en casa, el trabajo docente se debilita y quienes terminan perjudicados son los estudiantes.","rel":"","context":"En \u00abNoticias Internacionales\u00bb","block_context":{"text":"Noticias Internacionales","link":"https:\/\/webdelmaestrocmf.com\/portal\/category\/noticias-internacionales\/"},"img":{"alt_text":"","src":"https:\/\/i0.wp.com\/webdelmaestrocmf.com\/portal\/wp-content\/uploads\/2026\/03\/image-1.png?resize=350%2C200&ssl=1","width":350,"height":200,"srcset":"https:\/\/i0.wp.com\/webdelmaestrocmf.com\/portal\/wp-content\/uploads\/2026\/03\/image-1.png?resize=350%2C200&ssl=1 1x, https:\/\/i0.wp.com\/webdelmaestrocmf.com\/portal\/wp-content\/uploads\/2026\/03\/image-1.png?resize=525%2C300&ssl=1 1.5x"},"classes":[]},{"id":117574,"url":"https:\/\/webdelmaestrocmf.com\/portal\/docente-lanza-un-mensaje-firme-a-los-padres-de-familia-que-tu-hijo-tenga-una-cuenta-de-tiktok-a-los-10-anos-no-es-culpa-de-la-escuela\/","url_meta":{"origin":72834,"position":5},"title":"Docente lanza un mensaje firme a los padres de familia: Que tu hijo tenga una cuenta de TikTok a los 10 a\u00f1os NO es culpa de la escuela","author":"Web del Maestro CMF","date":"9 abril, 2026","format":false,"excerpt":"Jordi Mart\u00ed advierte que la escuela no reemplaza a la familia. El uso temprano de tecnolog\u00eda es responsabilidad parental. Educar implica coherencia: asumir roles claros y no delegar lo esencial.","rel":"","context":"En \u00abNoticias Internacionales\u00bb","block_context":{"text":"Noticias Internacionales","link":"https:\/\/webdelmaestrocmf.com\/portal\/category\/noticias-internacionales\/"},"img":{"alt_text":"","src":"https:\/\/i0.wp.com\/webdelmaestrocmf.com\/portal\/wp-content\/uploads\/2026\/04\/1AA-Banner-1-portada-imagen-10-1-copia-2-2.webp?resize=350%2C200&ssl=1","width":350,"height":200,"srcset":"https:\/\/i0.wp.com\/webdelmaestrocmf.com\/portal\/wp-content\/uploads\/2026\/04\/1AA-Banner-1-portada-imagen-10-1-copia-2-2.webp?resize=350%2C200&ssl=1 1x, https:\/\/i0.wp.com\/webdelmaestrocmf.com\/portal\/wp-content\/uploads\/2026\/04\/1AA-Banner-1-portada-imagen-10-1-copia-2-2.webp?resize=525%2C300&ssl=1 1.5x, https:\/\/i0.wp.com\/webdelmaestrocmf.com\/portal\/wp-content\/uploads\/2026\/04\/1AA-Banner-1-portada-imagen-10-1-copia-2-2.webp?resize=700%2C400&ssl=1 2x, https:\/\/i0.wp.com\/webdelmaestrocmf.com\/portal\/wp-content\/uploads\/2026\/04\/1AA-Banner-1-portada-imagen-10-1-copia-2-2.webp?resize=1050%2C600&ssl=1 3x"},"classes":[]}],"_links":{"self":[{"href":"https:\/\/webdelmaestrocmf.com\/portal\/wp-json\/wp\/v2\/posts\/72834","targetHints":{"allow":["GET"]}}],"collection":[{"href":"https:\/\/webdelmaestrocmf.com\/portal\/wp-json\/wp\/v2\/posts"}],"about":[{"href":"https:\/\/webdelmaestrocmf.com\/portal\/wp-json\/wp\/v2\/types\/post"}],"author":[{"embeddable":true,"href":"https:\/\/webdelmaestrocmf.com\/portal\/wp-json\/wp\/v2\/users\/1"}],"replies":[{"embeddable":true,"href":"https:\/\/webdelmaestrocmf.com\/portal\/wp-json\/wp\/v2\/comments?post=72834"}],"version-history":[{"count":0,"href":"https:\/\/webdelmaestrocmf.com\/portal\/wp-json\/wp\/v2\/posts\/72834\/revisions"}],"wp:featuredmedia":[{"embeddable":true,"href":"https:\/\/webdelmaestrocmf.com\/portal\/wp-json\/wp\/v2\/media\/72840"}],"wp:attachment":[{"href":"https:\/\/webdelmaestrocmf.com\/portal\/wp-json\/wp\/v2\/media?parent=72834"}],"wp:term":[{"taxonomy":"category","embeddable":true,"href":"https:\/\/webdelmaestrocmf.com\/portal\/wp-json\/wp\/v2\/categories?post=72834"},{"taxonomy":"post_tag","embeddable":true,"href":"https:\/\/webdelmaestrocmf.com\/portal\/wp-json\/wp\/v2\/tags?post=72834"}],"curies":[{"name":"wp","href":"https:\/\/api.w.org\/{rel}","templated":true}]}}