{"id":72703,"date":"2022-01-04T23:29:04","date_gmt":"2022-01-05T02:29:04","guid":{"rendered":"https:\/\/webdelmaestrocmf.com\/portal\/?p=72703"},"modified":"2022-11-03T22:37:08","modified_gmt":"2022-11-04T01:37:08","slug":"fernando-savater-si-el-profesor-esta-inspirado-la-filosofia-se-puede-convertir-en-la-mejor-asignatura","status":"publish","type":"post","link":"https:\/\/webdelmaestrocmf.com\/portal\/fernando-savater-si-el-profesor-esta-inspirado-la-filosofia-se-puede-convertir-en-la-mejor-asignatura\/","title":{"rendered":"Fernando Savater: Si el profesor est\u00e1 inspirado, la filosof\u00eda se puede convertir en la mejor asignatura"},"content":{"rendered":"<h5 style=\"text-align: justify;\">El profesor de Filosof\u00eda y escritor espa\u00f1ol, Fernando Fern\u00e1ndez-Savater Mart\u00edn (1947), estudi\u00f3 de Filosof\u00eda y Letras en Madrid en la Universidad Complutense de Madrid, y fue incorporado como profesor de Historia de la Filosof\u00eda en la Facultad de Ciencias Pol\u00edticas en la Universidad Aut\u00f3noma de Madrid, de la que fue expulsado por su actitud cr\u00edtica contra el r\u00e9gimen franquista. Posteriormente fue profesor de \u00c9tica y Sociolog\u00eda en la Universidad a Distancia (UNED) y, desde 1980, profesor de \u00c9tica en la Universidad del Pa\u00eds Vasco, en San Sebasti\u00e1n. Es considerado un destacado en el campo del ensayo y el art\u00edculo period\u00edstico, y ha cultivado tambi\u00e9n la novela y el g\u00e9nero dram\u00e1tico.<\/h5>\n<p><!--more--><\/p>\n<p style=\"text-align: justify;\">Ha sido investido con varios doctorados honoris causa otorgados por universidades de Espa\u00f1a, Europa y Am\u00e9rica, y ha recibido diversas condecoraciones. Obtuvo el Premio S\u00e1jarov para la Libertad de Conciencia en el a\u00f1o 2000. Ha sido galardonado con el Premio per la Cultura Mediterr\u00e1nea en 2014, el Premio Internacional Eulalio Ferrer en 2015 y el Premio Taurino Ciudad de Sevilla en 2019. Sus libros han sido traducidos a m\u00e1s de veinte idiomas.<\/p>\n<p>Publicaci\u00f3n recomendada:<\/p>\n<p><iframe loading=\"lazy\" class=\"wp-embedded-content\" title=\"\u00abFernando Savater: La educaci\u00f3n es un servicio caro, complejo y que genera todo tipo de dificultades en muchos pa\u00edses\u00bb \u2014 Web del Maestro CMF\" src=\"https:\/\/webdelmaestrocmf.com\/portal\/fernando-savater-la-educacion-es-un-servicio-caro-complejo-y-que-genera-todo-tipo-de-dificultades-en-muchos-paises\/embed\/\" width=\"100%\" height=\"100\" frameborder=\"0\" marginwidth=\"0\" marginheight=\"0\" scrolling=\"no\" sandbox=\"allow-scripts\"><span data-mce-type=\"bookmark\" style=\"display: inline-block; width: 0px; overflow: hidden; line-height: 0;\" class=\"mce_SELRES_start\">\ufeff<\/span><\/iframe><\/p>\n<p style=\"text-align: justify;\">Teniendo como fuente su \u00faltima obra Solo integral, de la Editorial Ariel, el redactor Miguel Manso de Lucas, entrevist\u00f3 al pensador Savater para Nius, haciendo un interesante repaso a temas como el amor, la familia, la educaci\u00f3n, la autoayuda, el feminismo o el animalismo, &#8230; que responde con <strong>frases cortas, pero que invitan a una reflexi\u00f3n posterior &#8211;<\/strong>y la lectura de sus obras y art\u00edculos- , porque son <strong>temas que \u201cagitan conciencias y levantan pol\u00e9micas\u201d, poniendo a prueba la revisi\u00f3n de nuestros conceptos.<\/strong> Por eso hemos escogido el t\u00edtulo, que quiere ser una propuesta a leer la literatura que hay en los enlaces y las redes sobre el profesor Savater, quien nos dice que \u201csi hay <strong>maestros suficientes que est\u00e9n preparados para brindar una educaci\u00f3n buena y erradicar la educaci\u00f3n que por a\u00f1os se ha estado brindado \u201cla educaci\u00f3n mala\u201d<\/strong>, una educaci\u00f3n a medias que los mismo gobernantes han preferido ya que, temen a que la sociedad mejor preparada les cuestione\u201d.<\/p>\n<h5>\u00c9TICA PARA ENSE\u00d1AR (27\u00b4 16\u201d)<\/h5>\n<p><iframe loading=\"lazy\" title=\"YouTube video player\" src=\"https:\/\/www.youtube.com\/embed\/CbN_TZvaONE\" width=\"100%\" height=\"400\" frameborder=\"0\" allowfullscreen=\"allowfullscreen\"><span data-mce-type=\"bookmark\" style=\"display: inline-block; width: 0px; overflow: hidden; line-height: 0;\" class=\"mce_SELRES_start\">\ufeff<\/span><\/iframe><\/p>\n<p style=\"text-align: justify;\">La Web del Maestro CMF, por motivos \u00fanicamente educativos y de formaci\u00f3n permanente, comparte partes de la entrevista, sugiri\u00e9ndoles leer el di\u00e1logo completo en el enlace que indicamos al final de este art\u00edculo, y teniendo en cuenta que algunas de las letras en negritas son nuestras. Tambi\u00e9n un video que puede apoyar nuestra reflexi\u00f3n sobre la tarea educativa y su objetivo de \u201chacer crecer, sacar de uno\u201d. Recordemos que seg\u00fan el profesor Savater <strong>la tarea de los educadores \u00abconsiste ante todo en fomentar e ilustrar el uso de la raz\u00f3n, <\/strong>esa capacidad que observa, abstrae, deduce, argumenta y concluye l\u00f3gicamente\u00bb; y uno de cuyos objetivos es cultivar a la sociedad, porque educar \u2013 como nos dice en el video- es <strong>ense\u00f1ar a nadar antes que caiga el estudiante al agua<\/strong>.<\/p>\n<p><a href=\"https:\/\/webdelmaestrocmf.com\/portal\/wp-content\/uploads\/2022\/01\/1-23.jpg\"><img loading=\"lazy\" decoding=\"async\" class=\"alignnone size-large wp-image-72709\" src=\"https:\/\/webdelmaestrocmf.com\/portal\/wp-content\/uploads\/2022\/01\/1-23-1024x633.jpg\" alt=\"\" width=\"1024\" height=\"633\" srcset=\"https:\/\/webdelmaestrocmf.com\/portal\/wp-content\/uploads\/2022\/01\/1-23-1024x633.jpg 1024w, https:\/\/webdelmaestrocmf.com\/portal\/wp-content\/uploads\/2022\/01\/1-23-300x185.jpg 300w, https:\/\/webdelmaestrocmf.com\/portal\/wp-content\/uploads\/2022\/01\/1-23-768x475.jpg 768w, https:\/\/webdelmaestrocmf.com\/portal\/wp-content\/uploads\/2022\/01\/1-23-110x68.jpg 110w, https:\/\/webdelmaestrocmf.com\/portal\/wp-content\/uploads\/2022\/01\/1-23-200x124.jpg 200w, https:\/\/webdelmaestrocmf.com\/portal\/wp-content\/uploads\/2022\/01\/1-23-380x235.jpg 380w, https:\/\/webdelmaestrocmf.com\/portal\/wp-content\/uploads\/2022\/01\/1-23-255x158.jpg 255w, https:\/\/webdelmaestrocmf.com\/portal\/wp-content\/uploads\/2022\/01\/1-23-550x340.jpg 550w, https:\/\/webdelmaestrocmf.com\/portal\/wp-content\/uploads\/2022\/01\/1-23-800x495.jpg 800w, https:\/\/webdelmaestrocmf.com\/portal\/wp-content\/uploads\/2022\/01\/1-23.jpg 1100w\" sizes=\"auto, (max-width: 1024px) 100vw, 1024px\" \/><\/a><\/p>\n<h5>MIGUEL MANSO: &#8230; \u00bfla filosof\u00eda no vale para nada?<\/h5>\n<p style=\"text-align: justify;\">Fernando Savater: \u201cLa filosof\u00eda no es \u00fatil. No nos ense\u00f1a a pensar, eso es una tonter\u00eda. Uno ya <strong>piensa por s\u00ed mismo<\/strong>. Pero <strong>lo que s\u00ed ense\u00f1a la filosof\u00eda es a pensar de una manera no instrumental<\/strong>: qui\u00e9nes somos, qu\u00e9 es el tiempo, etc.\u201d.<\/p>\n<h5>MIGUEL MANSO: La asignatura se ha recuperado en bachillerato.<\/h5>\n<p style=\"text-align: justify;\">Fernando Savater: \u201cS\u00ed, pero <strong>depende mucho de qui\u00e9n la ense\u00f1e<\/strong>. Si <strong>el profesor est\u00e1 inspirado<\/strong>, la filosof\u00eda se puede convertir en la mejor asignatura. Pero si es un pelma no. Y hay mucho pelmazo. Y no te digo ya si lo que ense\u00f1an es <strong>la autodeterminaci\u00f3n de g\u00e9nero<\/strong>. Eso es peor. Eso es directamente no explicar la verdad\u201d.<\/p>\n<h5>MIGUEL MANSO: No le convence la autoayuda, eso de \u201caprende a ser t\u00fa mismo\u201d.<\/h5>\n<p style=\"text-align: justify;\">Fernando Savater: \u201cEso no es filosof\u00eda. <strong>La filosof\u00eda no est\u00e1 hecha para resolver problemas, sino para plante\u00e1rselos<\/strong>. No est\u00e1 hecha para salir de dudas, sino para entrar en esas dudas. Los libros de autoayuda <strong>te dan soluciones<\/strong>, cosas pr\u00e1cticas, es lo contrario de la filosof\u00eda\u201d.<\/p>\n<h5>MIGUEL MANSO: Critica que esos libros acudan a la neurociencia para despejar la inc\u00f3gnita de la libertad.<\/h5>\n<p style=\"text-align: justify;\">Fernando Savater: \u201cS\u00ed, la libertad y la responsabilidad se refieren a lo mismo. Una es antes de la acci\u00f3n y otra es posterior. <strong>El hombre es sujeto de acciones<\/strong>: es libre antes de hacerlas y es responsable despu\u00e9s\u201d.<\/p>\n<h5>MIGUEL MANSO: \u00bfPonemos muchas excusas a nuestra libertad?<\/h5>\n<p style=\"text-align: justify;\">Fernando Savater: \u201cS\u00ed. <strong>Cuando alguien ha hecho algo malo se echa la culpa a la familia o a una borrachera.<\/strong> Pero uno se echa flores si le han dado el <strong>premio Nobel<\/strong>\u201d.<\/p>\n<p>Art\u00edculo relacionado:<\/p>\n<p><iframe loading=\"lazy\" class=\"wp-embedded-content\" title=\"\u00ab25 frases de Fernando Savater, para reflexionar sobre la educaci\u00f3n, la filosof\u00eda y los valores\u00bb \u2014 Web del Maestro CMF\" src=\"https:\/\/webdelmaestrocmf.com\/portal\/25-frases-de-fernando-savater-para-reflexionar-sobre-la-educacion-la-filosofia-y-los-valores\/embed\/\" width=\"100%\" height=\"100\" frameborder=\"0\" marginwidth=\"0\" marginheight=\"0\" scrolling=\"no\" sandbox=\"allow-scripts\"><span data-mce-type=\"bookmark\" style=\"display: inline-block; width: 0px; overflow: hidden; line-height: 0;\" class=\"mce_SELRES_start\">\ufeff<\/span><\/iframe><\/p>\n<h5>MIGUEL MANSO: Reivindica el concepto de familia.<\/h5>\n<p style=\"text-align: justify;\">Fernando Savater: \u201cQuienes menosprecian o marginan la familia son enemigos de la <strong>felicidad humana<\/strong>. Los amigos de la felicidad humana refuerzan la familia.<\/p>\n<h5>MIGUEL MANSO: \u201cSin la posibilidad del amor, estamos lejos de nosotros mismos\u201d, leo.<\/h5>\n<p style=\"text-align: justify;\">Fernando Savater: \u201cEl amor es lo que <strong>cambia el rumbo<\/strong> de la vida. Muchas veces la vida est\u00e1 enfocada hacia algo (gloria, dinero, sexo, \u00e9xito), pero cuando te enamoras esa vida va hacia alguien. La mayor distinci\u00f3n entre las personas es quienes <strong>viven para algo<\/strong> y quienes <strong>viven para alguien<\/strong>\u201d.<\/p>\n<h5>MIGUEL MANSO: Cita a Berlanga: \u201cSoy tan ego\u00edsta que lucho para la felicidad de los dem\u00e1s, para que no me molesten\u201d.<\/h5>\n<p style=\"text-align: justify;\">Fernando Savater: \u201cLa gente feliz es la que menos da la lata. Ya lo dec\u00eda <strong>S\u00f3crates<\/strong>: nadie racional quiere estar rodeado de gente corrupta, ladrona o mentirosa. Seamos buenos o malos, <strong>todos preferimos que los que est\u00e9n alrededor sean buenos<\/strong>. Siempre sacamos m\u00e1s ventaja\u201d.<\/p>\n<h5>MIGUEL MANSO: Cierto odio es saludable, confiesa.<\/h5>\n<p style=\"text-align: justify;\">Fernando Savater: \u201cDepende de a qu\u00e9. Si el odio est\u00e1 orientado hacia pr\u00e1cticas, s\u00ed: odiar el racismo, la violencia contra los d\u00e9biles, etc. Son <strong>odios que mejoran<\/strong> a las personas. <strong>Lo malo es cuando odias a una persona, porque \u00e9sta siempre tiene capacidad de regeneraci\u00f3n.<\/strong> Podemos detestar su conducta, pero tenemos que apreciar a la persona\u201d.<\/p>\n<h5>MIGUEL MANSO: Los afectos. Reconoce que cada vez tiene menos.<\/h5>\n<p style=\"text-align: justify;\">Fernando Savater: \u201cS\u00ed. Ahora me doy cuenta de que <strong>tengo desafe<\/strong>cto a muchas cosas que he considerado como propias\u201d.<\/p>\n<p>Art\u00edculo recomendado:<\/p>\n<p><iframe loading=\"lazy\" class=\"wp-embedded-content\" title=\"\u00abFernando Savater: Los sabios son malos profesores porque no entienden la ignorancia de los dem\u00e1s\u00bb \u2014 Web del Maestro CMF\" src=\"https:\/\/webdelmaestrocmf.com\/portal\/los-sabios-malos-profesores-no-entienden-la-ignorancia-los-demas\/embed\/\" width=\"100%\" height=\"100\" frameborder=\"0\" marginwidth=\"0\" marginheight=\"0\" scrolling=\"no\" sandbox=\"allow-scripts\"><span data-mce-type=\"bookmark\" style=\"display: inline-block; width: 0px; overflow: hidden; line-height: 0;\" class=\"mce_SELRES_start\">\ufeff<\/span><\/iframe><\/p>\n<p><strong>MIGUEL MANSO: Dos palabras que se escuchan ahora mucho. La primera, el identitarismo.<\/strong><\/p>\n<p style=\"text-align: justify;\">Fernando Savater: \u201cTodos tenemos muchas identidades: padres, amantes, trabajadores. Pero luego <strong>hay identidades devoradoras, o criminales<\/strong>. <strong>Eliminan todo lo dem\u00e1s<\/strong>: te dicen como tienes que ser, \u00e9tica, pol\u00edtica y laboralmente. Ocupan todo. Y eso <strong>es peligroso<\/strong>\u201d.<\/p>\n<p><strong>MIGUEL MANSO: La segunda, el sentimentalismo.<\/strong><\/p>\n<p style=\"text-align: justify;\">Fernando Savater:\u00a0 \u201cEs una de las <strong>plagas<\/strong> que tenemos ahora. Es una especie de <strong>reblandecimiento intelectual.<\/strong> Considerar que la raz\u00f3n es una cosa fr\u00eda y mala y el sentimiento es un arrebato delicioso. A la gente que tiene vitaminado el cerebro no le pasan esas cosas\u201d.<\/p>\n<h5 style=\"text-align: left;\">MIGUEL MANSO: Kant \u2013para usted un referente- reconoc\u00eda que Dios se nos escapa.<\/h5>\n<p style=\"text-align: justify;\">Fernando Savater: \u201cHay que ocuparse de lo que la raz\u00f3n abarca. <strong>Nuestra raz\u00f3n tiene un alcance limitado.<\/strong> Fuera de eso, poco puedes hacer. Si tienes una <strong>visi\u00f3n divina<\/strong>, suerte que tienes. Pero <strong>a los dem\u00e1s no nos puedes pedir que nos pase igual<\/strong>\u201d.<\/p>\n<h5>MIGUEL MANSO: &#8230; la educaci\u00f3n de los hijos no es propiedad de los padres.<\/h5>\n<p style=\"text-align: justify;\">Fernando Savater: \u201c<strong>La educaci\u00f3n debe dar una alternativa a los prejuicios de los padres.<\/strong> Quiz\u00e1 el ni\u00f1o tenga unos padres b\u00e1rbaros: yo vengo de una parte de Espa\u00f1a donde los padres dec\u00edan a sus hijos que hab\u00eda que <strong>matar a los guardias civiles<\/strong>. Eso no sirve como educaci\u00f3n. A los ni\u00f1os se les educa no solo para vivir<strong> en familia<\/strong>, tambi\u00e9n para <strong>vivir en sociedad<\/strong>, y ah\u00ed <strong>quiz\u00e1 los padres sean los m\u00e1s incompetentes<\/strong>\u201d.<\/p>\n<h5>MIGUEL MANSO: \u201cLa mayor gratificaci\u00f3n de la vida es la alegr\u00eda\u201d, conclu\u00eda usted hace 30 a\u00f1os en \u201c\u00c9tica para Amador\u201d (Ed. Ariel). \u00bfSigue pensando lo mismo?<\/h5>\n<p style=\"text-align: justify;\">Fernando Savater:<strong> \u201c<\/strong>S\u00ed. <strong>La alegr\u00eda es un bien en s\u00ed mismo<\/strong>. No sirve para otra cosa. Estar alegre es un premio y una recompensa en s\u00ed mismo.<\/p>\n<p>La entrevista completa la encuentra usted en este enlace:<a href=\"https:\/\/www.niusdiario.es\/cultura\/libros\/entrevista-fernando-savater-libro-solo-integral-articulos-prensa-hay-senores-suben-avion-asustan-vacunas-covid_18_3244772003.html\" target=\"_blank\" rel=\"noopener\"><strong> FERNANDO SAVATER: \u00abQUIENES MENOSPRECIAN A LA FAMILIA SON ENEMIGOS DE LA FELICIDAD HUMANA\u00bb<\/strong><\/a><\/p>\n<p style=\"text-align: center;\"><em>\u201cEn la soluci\u00f3n de todos los problemas hay un elemento de educaci\u00f3n. El elemento de educaci\u00f3n esencial es la posibilidad de hacer que la persona pueda intervenir razonadamente, comprensivamente en el proceso social\u201d.<\/em><\/p>\n<p><strong>NOTA DE REDACCI\u00d3N:<\/strong><\/p>\n<p style=\"text-align: center;\">Las ideas y opiniones expresadas en esta entrevista no son necesariamente las de la Web del Maestro CMF, y no comprometen en modo alguno sus pol\u00edticas de formaci\u00f3n permanente y revalorizaci\u00f3n de la tarea docente. Hemos publicado los textos originales y sugerimos a nuestros lectores conocer la identidad de la fuente o de su autor o autores, para tener mayores elementos de juicio y la pertinencia que ayude a su reflexi\u00f3n desde su realidad educativa.<\/p>\n<p style=\"text-align: right;\"><strong>REDACCI\u00d3N WEB DEL MAESTRO CMF<\/strong><\/p>\n\t\t<div class=\"pk-inline-posts\">\n\t\t\t\n\t\t\t<div class=\"pk-inline-posts-container pk-inline-posts-template-list\"\n\t\t\t\tdata-columns=\"1\">\n\t\t\t\t\t\t<article id=\"post-118480\" class=\"post-118480 post type-post status-publish format-standard has-post-thumbnail category-entrevistas category-noticias tag-aprendizaje tag-autonomia-3 tag-desarrollo tag-docentes tag-educacion-2 tag-ensenanza-2 tag-escuela tag-infancia tag-juego tag-pedagogia-2 cs-entry cs-video-wrap\">\n\t\t\t<div class=\"pk-post-outer\">\n\n\t\t\t\t\t\t\t\t<div class=\"pk-post-inner\">\n\t\t\t\t\t<div class=\"entry-thumbnail\">\n\t\t\t\t\t\t<div class=\"pk-overlay pk-overlay-ratio pk-ratio-landscape\">\n\t\t\t\t\t\t\t<div class=\"pk-overlay-background\">\n\t\t\t\t\t\t\t\t<a href=\"https:\/\/webdelmaestrocmf.com\/portal\/francesco-tonucci-hoy-la-escuela-esta-asumiendo-un-error-fatal-que-es-hacer-mas-un-papel-de-ninera-que-de-estructura-educativa\/\" class=\"pk-overlay-link\">\n\t\t\t\t\t\t\t\t\t<img loading=\"lazy\" decoding=\"async\" width=\"300\" height=\"225\" src=\"https:\/\/webdelmaestrocmf.com\/portal\/wp-content\/uploads\/2026\/04\/1AA-Banner-1-portada-imagen-10-1-copia-2-9-300x225.webp\" class=\"attachment-pk-thumbnail size-pk-thumbnail wp-post-image\" alt=\"\" \/>\t\t\t\t\t\t\t\t<\/a>\n\t\t\t\t\t\t\t<\/div>\n\t\t\t\t\t\t<\/div>\n\t\t\t\t\t<\/div>\n\t\t\t\t<\/div>\n\t\t\t\t\n\t\t\t\t<div class=\"pk-post-inner\">\n\t\t\t\t\t<header>\n\t\t\t\t\t\t<h3 class=\"pk-title\"><a href=\"https:\/\/webdelmaestrocmf.com\/portal\/francesco-tonucci-hoy-la-escuela-esta-asumiendo-un-error-fatal-que-es-hacer-mas-un-papel-de-ninera-que-de-estructura-educativa\/\" rel=\"bookmark\">Francesco Tonucci: Hoy la escuela est\u00e1 asumiendo un error fatal que es hacer m\u00e1s un papel de ni\u00f1era que de estructura educativa<\/a><\/h3>\t\t\t\t\t<\/header><!-- .entry-header -->\n\t\t\t\t<\/div><!-- .post-inner -->\n\n\t\t\t<\/div><!-- .post-outer -->\n\t\t<\/article>\n\t\t\t\t<\/div>\n\t\t<\/div>\n\t\t\n","protected":false},"excerpt":{"rendered":"El profesor de Filosof\u00eda y escritor espa\u00f1ol, Fernando Fern\u00e1ndez-Savater Mart\u00edn (1947), estudi\u00f3 de Filosof\u00eda y Letras en Madrid&hellip;","protected":false},"author":1,"featured_media":72710,"comment_status":"open","ping_status":"closed","sticky":false,"template":"","format":"standard","meta":{"csco_display_header_overlay":false,"csco_singular_sidebar":"disabled","csco_page_header_type":"standard","csco_page_load_nextpost":"default","csco_post_video_location":[],"csco_post_video_location_hash":"","csco_post_video_url":"","csco_post_video_bg_start_time":0,"csco_post_video_bg_end_time":0,"csco_post_video_bg_volume":false,"_jetpack_memberships_contains_paid_content":false,"footnotes":""},"categories":[48,47],"tags":[2726,774,54,2515,14480,1719,342,3555],"class_list":{"0":"post-72703","1":"post","2":"type-post","3":"status-publish","4":"format-standard","5":"has-post-thumbnail","7":"category-entrevistas","8":"category-noticias","9":"tag-asignatura","10":"tag-convertir","11":"tag-fernando-savater","12":"tag-filosofia","13":"tag-inspirado","14":"tag-mejor","15":"tag-profesor","16":"tag-puede","17":"cs-entry","18":"cs-video-wrap"},"yoast_head":"<!-- This site is optimized with the Yoast SEO plugin v27.5 - https:\/\/yoast.com\/product\/yoast-seo-wordpress\/ -->\n<title>Fernando Savater: Si el profesor est\u00e1 inspirado, la filosof\u00eda se puede convertir en la mejor asignatura - 2026<\/title>\n<meta name=\"description\" content=\"El profesor de Filosof\u00eda y escritor espa\u00f1ol, Fernando Fern\u00e1ndez-Savater Mart\u00edn (1947), estudi\u00f3 de Filosof\u00eda y Letras en Madrid en la...\" \/>\n<meta name=\"robots\" content=\"index, follow, max-snippet:-1, max-image-preview:large, max-video-preview:-1\" \/>\n<link rel=\"canonical\" href=\"https:\/\/webdelmaestrocmf.com\/portal\/fernando-savater-si-el-profesor-esta-inspirado-la-filosofia-se-puede-convertir-en-la-mejor-asignatura\/\" \/>\n<meta property=\"og:locale\" content=\"es_ES\" \/>\n<meta property=\"og:type\" content=\"article\" \/>\n<meta property=\"og:title\" content=\"Fernando Savater: Si el profesor est\u00e1 inspirado, la filosof\u00eda se puede convertir en la mejor asignatura - 2026\" \/>\n<meta property=\"og:description\" content=\"El profesor de Filosof\u00eda y escritor espa\u00f1ol, Fernando Fern\u00e1ndez-Savater Mart\u00edn (1947), estudi\u00f3 de Filosof\u00eda y Letras en Madrid en la...\" \/>\n<meta property=\"og:url\" content=\"https:\/\/webdelmaestrocmf.com\/portal\/fernando-savater-si-el-profesor-esta-inspirado-la-filosofia-se-puede-convertir-en-la-mejor-asignatura\/\" \/>\n<meta property=\"og:site_name\" content=\"Web del Maestro CMF\" \/>\n<meta property=\"article:publisher\" content=\"https:\/\/www.facebook.com\/WebdelMaestroCMF\/\" \/>\n<meta property=\"article:author\" content=\"https:\/\/www.facebook.com\/WebdelMaestroCMF\/\" \/>\n<meta property=\"article:published_time\" content=\"2022-01-05T02:29:04+00:00\" \/>\n<meta property=\"article:modified_time\" content=\"2022-11-04T01:37:08+00:00\" \/>\n<meta property=\"og:image\" content=\"https:\/\/i0.wp.com\/webdelmaestrocmf.com\/portal\/wp-content\/uploads\/2022\/01\/1-11.jpeg?fit=1100%2C680&ssl=1\" \/>\n\t<meta property=\"og:image:width\" content=\"1100\" \/>\n\t<meta property=\"og:image:height\" content=\"680\" \/>\n\t<meta property=\"og:image:type\" content=\"image\/jpeg\" \/>\n<meta name=\"author\" content=\"Web del Maestro CMF\" \/>\n<meta name=\"twitter:card\" content=\"summary_large_image\" \/>\n<meta name=\"twitter:creator\" content=\"@cmf_w\" \/>\n<meta name=\"twitter:site\" content=\"@cmf_w\" \/>\n<script type=\"application\/ld+json\" class=\"yoast-schema-graph\">{\"@context\":\"https:\\\/\\\/schema.org\",\"@graph\":[{\"@type\":\"ScholarlyArticle\",\"@id\":\"https:\\\/\\\/webdelmaestrocmf.com\\\/portal\\\/fernando-savater-si-el-profesor-esta-inspirado-la-filosofia-se-puede-convertir-en-la-mejor-asignatura\\\/#article\",\"isPartOf\":{\"@id\":\"https:\\\/\\\/webdelmaestrocmf.com\\\/portal\\\/fernando-savater-si-el-profesor-esta-inspirado-la-filosofia-se-puede-convertir-en-la-mejor-asignatura\\\/\"},\"author\":{\"name\":\"Web del Maestro CMF\",\"@id\":\"https:\\\/\\\/webdelmaestrocmf.com\\\/portal\\\/#\\\/schema\\\/person\\\/1072a2ed7bd960df8ef99a551fa35dc5\"},\"headline\":\"Fernando Savater: Si el profesor est\u00e1 inspirado, la filosof\u00eda se puede convertir en la mejor asignatura\",\"datePublished\":\"2022-01-05T02:29:04+00:00\",\"dateModified\":\"2022-11-04T01:37:08+00:00\",\"mainEntityOfPage\":{\"@id\":\"https:\\\/\\\/webdelmaestrocmf.com\\\/portal\\\/fernando-savater-si-el-profesor-esta-inspirado-la-filosofia-se-puede-convertir-en-la-mejor-asignatura\\\/\"},\"wordCount\":1564,\"commentCount\":0,\"publisher\":{\"@id\":\"https:\\\/\\\/webdelmaestrocmf.com\\\/portal\\\/#organization\"},\"image\":{\"@id\":\"https:\\\/\\\/webdelmaestrocmf.com\\\/portal\\\/fernando-savater-si-el-profesor-esta-inspirado-la-filosofia-se-puede-convertir-en-la-mejor-asignatura\\\/#primaryimage\"},\"thumbnailUrl\":\"https:\\\/\\\/webdelmaestrocmf.com\\\/portal\\\/wp-content\\\/uploads\\\/2022\\\/01\\\/1-11.jpeg\",\"keywords\":[\"ASIGNATURA\",\"Convertir\",\"FERNANDO SAVATER\",\"FILOSOF\u00cdA\",\"inspirado\",\"MEJOR\",\"profesor\",\"PUEDE\"],\"articleSection\":[\"Entrevistas\",\"Noticias\"],\"inLanguage\":\"es\",\"potentialAction\":[{\"@type\":\"CommentAction\",\"name\":\"Comment\",\"target\":[\"https:\\\/\\\/webdelmaestrocmf.com\\\/portal\\\/fernando-savater-si-el-profesor-esta-inspirado-la-filosofia-se-puede-convertir-en-la-mejor-asignatura\\\/#respond\"]}]},{\"@type\":\"WebPage\",\"@id\":\"https:\\\/\\\/webdelmaestrocmf.com\\\/portal\\\/fernando-savater-si-el-profesor-esta-inspirado-la-filosofia-se-puede-convertir-en-la-mejor-asignatura\\\/\",\"url\":\"https:\\\/\\\/webdelmaestrocmf.com\\\/portal\\\/fernando-savater-si-el-profesor-esta-inspirado-la-filosofia-se-puede-convertir-en-la-mejor-asignatura\\\/\",\"name\":\"Fernando Savater: Si el profesor est\u00e1 inspirado, la filosof\u00eda se puede convertir en la mejor asignatura - 2026\",\"isPartOf\":{\"@id\":\"https:\\\/\\\/webdelmaestrocmf.com\\\/portal\\\/#website\"},\"primaryImageOfPage\":{\"@id\":\"https:\\\/\\\/webdelmaestrocmf.com\\\/portal\\\/fernando-savater-si-el-profesor-esta-inspirado-la-filosofia-se-puede-convertir-en-la-mejor-asignatura\\\/#primaryimage\"},\"image\":{\"@id\":\"https:\\\/\\\/webdelmaestrocmf.com\\\/portal\\\/fernando-savater-si-el-profesor-esta-inspirado-la-filosofia-se-puede-convertir-en-la-mejor-asignatura\\\/#primaryimage\"},\"thumbnailUrl\":\"https:\\\/\\\/webdelmaestrocmf.com\\\/portal\\\/wp-content\\\/uploads\\\/2022\\\/01\\\/1-11.jpeg\",\"datePublished\":\"2022-01-05T02:29:04+00:00\",\"dateModified\":\"2022-11-04T01:37:08+00:00\",\"description\":\"El profesor de Filosof\u00eda y escritor espa\u00f1ol, Fernando Fern\u00e1ndez-Savater Mart\u00edn (1947), estudi\u00f3 de Filosof\u00eda y Letras en Madrid en la...\",\"breadcrumb\":{\"@id\":\"https:\\\/\\\/webdelmaestrocmf.com\\\/portal\\\/fernando-savater-si-el-profesor-esta-inspirado-la-filosofia-se-puede-convertir-en-la-mejor-asignatura\\\/#breadcrumb\"},\"inLanguage\":\"es\",\"potentialAction\":[{\"@type\":\"ReadAction\",\"target\":[\"https:\\\/\\\/webdelmaestrocmf.com\\\/portal\\\/fernando-savater-si-el-profesor-esta-inspirado-la-filosofia-se-puede-convertir-en-la-mejor-asignatura\\\/\"]}]},{\"@type\":\"ImageObject\",\"inLanguage\":\"es\",\"@id\":\"https:\\\/\\\/webdelmaestrocmf.com\\\/portal\\\/fernando-savater-si-el-profesor-esta-inspirado-la-filosofia-se-puede-convertir-en-la-mejor-asignatura\\\/#primaryimage\",\"url\":\"https:\\\/\\\/webdelmaestrocmf.com\\\/portal\\\/wp-content\\\/uploads\\\/2022\\\/01\\\/1-11.jpeg\",\"contentUrl\":\"https:\\\/\\\/webdelmaestrocmf.com\\\/portal\\\/wp-content\\\/uploads\\\/2022\\\/01\\\/1-11.jpeg\",\"width\":1100,\"height\":680},{\"@type\":\"BreadcrumbList\",\"@id\":\"https:\\\/\\\/webdelmaestrocmf.com\\\/portal\\\/fernando-savater-si-el-profesor-esta-inspirado-la-filosofia-se-puede-convertir-en-la-mejor-asignatura\\\/#breadcrumb\",\"itemListElement\":[{\"@type\":\"ListItem\",\"position\":1,\"name\":\"Portada\",\"item\":\"https:\\\/\\\/webdelmaestrocmf.com\\\/portal\\\/\"},{\"@type\":\"ListItem\",\"position\":2,\"name\":\"Noticias\",\"item\":\"https:\\\/\\\/webdelmaestrocmf.com\\\/portal\\\/category\\\/noticias\\\/\"},{\"@type\":\"ListItem\",\"position\":3,\"name\":\"Fernando Savater: Si el profesor est\u00e1 inspirado, la filosof\u00eda se puede convertir en la mejor asignatura\"}]},{\"@type\":\"WebSite\",\"@id\":\"https:\\\/\\\/webdelmaestrocmf.com\\\/portal\\\/#website\",\"url\":\"https:\\\/\\\/webdelmaestrocmf.com\\\/portal\\\/\",\"name\":\"Web del Maestro CMF\",\"description\":\"Maestros al servicio de la educaci\u00f3n\",\"publisher\":{\"@id\":\"https:\\\/\\\/webdelmaestrocmf.com\\\/portal\\\/#organization\"},\"alternateName\":\"WMCMF\",\"potentialAction\":[{\"@type\":\"SearchAction\",\"target\":{\"@type\":\"EntryPoint\",\"urlTemplate\":\"https:\\\/\\\/webdelmaestrocmf.com\\\/portal\\\/?s={search_term_string}\"},\"query-input\":{\"@type\":\"PropertyValueSpecification\",\"valueRequired\":true,\"valueName\":\"search_term_string\"}}],\"inLanguage\":\"es\"},{\"@type\":\"Organization\",\"@id\":\"https:\\\/\\\/webdelmaestrocmf.com\\\/portal\\\/#organization\",\"name\":\"Web del Maestro CMF\",\"alternateName\":\"WMCMF\",\"url\":\"https:\\\/\\\/webdelmaestrocmf.com\\\/portal\\\/\",\"logo\":{\"@type\":\"ImageObject\",\"inLanguage\":\"es\",\"@id\":\"https:\\\/\\\/webdelmaestrocmf.com\\\/portal\\\/#\\\/schema\\\/logo\\\/image\\\/\",\"url\":\"https:\\\/\\\/webdelmaestrocmf.com\\\/portal\\\/wp-content\\\/uploads\\\/2023\\\/01\\\/logo-wmcmf-2.png\",\"contentUrl\":\"https:\\\/\\\/webdelmaestrocmf.com\\\/portal\\\/wp-content\\\/uploads\\\/2023\\\/01\\\/logo-wmcmf-2.png\",\"width\":200,\"height\":60,\"caption\":\"Web del Maestro CMF\"},\"image\":{\"@id\":\"https:\\\/\\\/webdelmaestrocmf.com\\\/portal\\\/#\\\/schema\\\/logo\\\/image\\\/\"},\"sameAs\":[\"https:\\\/\\\/www.facebook.com\\\/WebdelMaestroCMF\\\/\",\"https:\\\/\\\/x.com\\\/cmf_w\",\"https:\\\/\\\/www.pinterest.com\\\/WMCMF\\\/\",\"https:\\\/\\\/www.linkedin.com\\\/company\\\/web-del-maestro-cmf\\\/\",\"https:\\\/\\\/www.instagram.com\\\/wmcmf\\\/\",\"https:\\\/\\\/www.youtube.com\\\/channel\\\/UCDPSvjbdodE5sHnC3OxutHw\",\"https:\\\/\\\/mastodon.social\\\/@wmcmf\",\"https:\\\/\\\/www.tiktok.com\\\/@webdelmaestrocmf\"]},{\"@type\":\"Person\",\"@id\":\"https:\\\/\\\/webdelmaestrocmf.com\\\/portal\\\/#\\\/schema\\\/person\\\/1072a2ed7bd960df8ef99a551fa35dc5\",\"name\":\"Web del Maestro CMF\",\"image\":{\"@type\":\"ImageObject\",\"inLanguage\":\"es\",\"@id\":\"https:\\\/\\\/secure.gravatar.com\\\/avatar\\\/23291dd5b5ae1077dcff3dbb04c3e02bd28403fa75af6d8787d5e97c5bbbe30b?s=96&d=mm&r=g\",\"url\":\"https:\\\/\\\/secure.gravatar.com\\\/avatar\\\/23291dd5b5ae1077dcff3dbb04c3e02bd28403fa75af6d8787d5e97c5bbbe30b?s=96&d=mm&r=g\",\"contentUrl\":\"https:\\\/\\\/secure.gravatar.com\\\/avatar\\\/23291dd5b5ae1077dcff3dbb04c3e02bd28403fa75af6d8787d5e97c5bbbe30b?s=96&d=mm&r=g\",\"caption\":\"Web del Maestro CMF\"},\"description\":\"Esta Web se cre\u00f3 sin fines de lucro, con fines educativos, cient\u00edficos y acad\u00e9micos, para personas que tengan dificultades y\\\/o inconvenientes en visualizar el material original. El objetivo es entregar recursos, compartir experiencias y materiales que ayuden a los padres de familia, maestros y estudiantes en su actualizaci\u00f3n y formaci\u00f3n permanente, en bien de la Educaci\u00f3n.\",\"sameAs\":[\"http:\\\/\\\/webdelmaestrocmf.com\\\/portal\",\"https:\\\/\\\/www.facebook.com\\\/WebdelMaestroCMF\\\/\",\"https:\\\/\\\/www.instagram.com\\\/wmcmf\\\/\",\"https:\\\/\\\/cl.linkedin.com\\\/company\\\/web-del-maestro-cmf\",\"https:\\\/\\\/www.pinterest.com\\\/WMCMF\\\/publicaciones\\\/\",\"https:\\\/\\\/x.com\\\/cmf_w\",\"https:\\\/\\\/www.youtube.com\\\/@WMCMF\"]}]}<\/script>\n<!-- \/ Yoast SEO plugin. -->","yoast_head_json":{"title":"Fernando Savater: Si el profesor est\u00e1 inspirado, la filosof\u00eda se puede convertir en la mejor asignatura - 2026","description":"El profesor de Filosof\u00eda y escritor espa\u00f1ol, Fernando Fern\u00e1ndez-Savater Mart\u00edn (1947), estudi\u00f3 de Filosof\u00eda y Letras en Madrid en la...","robots":{"index":"index","follow":"follow","max-snippet":"max-snippet:-1","max-image-preview":"max-image-preview:large","max-video-preview":"max-video-preview:-1"},"canonical":"https:\/\/webdelmaestrocmf.com\/portal\/fernando-savater-si-el-profesor-esta-inspirado-la-filosofia-se-puede-convertir-en-la-mejor-asignatura\/","og_locale":"es_ES","og_type":"article","og_title":"Fernando Savater: Si el profesor est\u00e1 inspirado, la filosof\u00eda se puede convertir en la mejor asignatura - 2026","og_description":"El profesor de Filosof\u00eda y escritor espa\u00f1ol, Fernando Fern\u00e1ndez-Savater Mart\u00edn (1947), estudi\u00f3 de Filosof\u00eda y Letras en Madrid en la...","og_url":"https:\/\/webdelmaestrocmf.com\/portal\/fernando-savater-si-el-profesor-esta-inspirado-la-filosofia-se-puede-convertir-en-la-mejor-asignatura\/","og_site_name":"Web del Maestro CMF","article_publisher":"https:\/\/www.facebook.com\/WebdelMaestroCMF\/","article_author":"https:\/\/www.facebook.com\/WebdelMaestroCMF\/","article_published_time":"2022-01-05T02:29:04+00:00","article_modified_time":"2022-11-04T01:37:08+00:00","og_image":[{"width":1100,"height":680,"url":"https:\/\/i0.wp.com\/webdelmaestrocmf.com\/portal\/wp-content\/uploads\/2022\/01\/1-11.jpeg?fit=1100%2C680&ssl=1","type":"image\/jpeg"}],"author":"Web del Maestro CMF","twitter_card":"summary_large_image","twitter_creator":"@cmf_w","twitter_site":"@cmf_w","schema":{"@context":"https:\/\/schema.org","@graph":[{"@type":"ScholarlyArticle","@id":"https:\/\/webdelmaestrocmf.com\/portal\/fernando-savater-si-el-profesor-esta-inspirado-la-filosofia-se-puede-convertir-en-la-mejor-asignatura\/#article","isPartOf":{"@id":"https:\/\/webdelmaestrocmf.com\/portal\/fernando-savater-si-el-profesor-esta-inspirado-la-filosofia-se-puede-convertir-en-la-mejor-asignatura\/"},"author":{"name":"Web del Maestro CMF","@id":"https:\/\/webdelmaestrocmf.com\/portal\/#\/schema\/person\/1072a2ed7bd960df8ef99a551fa35dc5"},"headline":"Fernando Savater: Si el profesor est\u00e1 inspirado, la filosof\u00eda se puede convertir en la mejor asignatura","datePublished":"2022-01-05T02:29:04+00:00","dateModified":"2022-11-04T01:37:08+00:00","mainEntityOfPage":{"@id":"https:\/\/webdelmaestrocmf.com\/portal\/fernando-savater-si-el-profesor-esta-inspirado-la-filosofia-se-puede-convertir-en-la-mejor-asignatura\/"},"wordCount":1564,"commentCount":0,"publisher":{"@id":"https:\/\/webdelmaestrocmf.com\/portal\/#organization"},"image":{"@id":"https:\/\/webdelmaestrocmf.com\/portal\/fernando-savater-si-el-profesor-esta-inspirado-la-filosofia-se-puede-convertir-en-la-mejor-asignatura\/#primaryimage"},"thumbnailUrl":"https:\/\/webdelmaestrocmf.com\/portal\/wp-content\/uploads\/2022\/01\/1-11.jpeg","keywords":["ASIGNATURA","Convertir","FERNANDO SAVATER","FILOSOF\u00cdA","inspirado","MEJOR","profesor","PUEDE"],"articleSection":["Entrevistas","Noticias"],"inLanguage":"es","potentialAction":[{"@type":"CommentAction","name":"Comment","target":["https:\/\/webdelmaestrocmf.com\/portal\/fernando-savater-si-el-profesor-esta-inspirado-la-filosofia-se-puede-convertir-en-la-mejor-asignatura\/#respond"]}]},{"@type":"WebPage","@id":"https:\/\/webdelmaestrocmf.com\/portal\/fernando-savater-si-el-profesor-esta-inspirado-la-filosofia-se-puede-convertir-en-la-mejor-asignatura\/","url":"https:\/\/webdelmaestrocmf.com\/portal\/fernando-savater-si-el-profesor-esta-inspirado-la-filosofia-se-puede-convertir-en-la-mejor-asignatura\/","name":"Fernando Savater: Si el profesor est\u00e1 inspirado, la filosof\u00eda se puede convertir en la mejor asignatura - 2026","isPartOf":{"@id":"https:\/\/webdelmaestrocmf.com\/portal\/#website"},"primaryImageOfPage":{"@id":"https:\/\/webdelmaestrocmf.com\/portal\/fernando-savater-si-el-profesor-esta-inspirado-la-filosofia-se-puede-convertir-en-la-mejor-asignatura\/#primaryimage"},"image":{"@id":"https:\/\/webdelmaestrocmf.com\/portal\/fernando-savater-si-el-profesor-esta-inspirado-la-filosofia-se-puede-convertir-en-la-mejor-asignatura\/#primaryimage"},"thumbnailUrl":"https:\/\/webdelmaestrocmf.com\/portal\/wp-content\/uploads\/2022\/01\/1-11.jpeg","datePublished":"2022-01-05T02:29:04+00:00","dateModified":"2022-11-04T01:37:08+00:00","description":"El profesor de Filosof\u00eda y escritor espa\u00f1ol, Fernando Fern\u00e1ndez-Savater Mart\u00edn (1947), estudi\u00f3 de Filosof\u00eda y Letras en Madrid en la...","breadcrumb":{"@id":"https:\/\/webdelmaestrocmf.com\/portal\/fernando-savater-si-el-profesor-esta-inspirado-la-filosofia-se-puede-convertir-en-la-mejor-asignatura\/#breadcrumb"},"inLanguage":"es","potentialAction":[{"@type":"ReadAction","target":["https:\/\/webdelmaestrocmf.com\/portal\/fernando-savater-si-el-profesor-esta-inspirado-la-filosofia-se-puede-convertir-en-la-mejor-asignatura\/"]}]},{"@type":"ImageObject","inLanguage":"es","@id":"https:\/\/webdelmaestrocmf.com\/portal\/fernando-savater-si-el-profesor-esta-inspirado-la-filosofia-se-puede-convertir-en-la-mejor-asignatura\/#primaryimage","url":"https:\/\/webdelmaestrocmf.com\/portal\/wp-content\/uploads\/2022\/01\/1-11.jpeg","contentUrl":"https:\/\/webdelmaestrocmf.com\/portal\/wp-content\/uploads\/2022\/01\/1-11.jpeg","width":1100,"height":680},{"@type":"BreadcrumbList","@id":"https:\/\/webdelmaestrocmf.com\/portal\/fernando-savater-si-el-profesor-esta-inspirado-la-filosofia-se-puede-convertir-en-la-mejor-asignatura\/#breadcrumb","itemListElement":[{"@type":"ListItem","position":1,"name":"Portada","item":"https:\/\/webdelmaestrocmf.com\/portal\/"},{"@type":"ListItem","position":2,"name":"Noticias","item":"https:\/\/webdelmaestrocmf.com\/portal\/category\/noticias\/"},{"@type":"ListItem","position":3,"name":"Fernando Savater: Si el profesor est\u00e1 inspirado, la filosof\u00eda se puede convertir en la mejor asignatura"}]},{"@type":"WebSite","@id":"https:\/\/webdelmaestrocmf.com\/portal\/#website","url":"https:\/\/webdelmaestrocmf.com\/portal\/","name":"Web del Maestro CMF","description":"Maestros al servicio de la educaci\u00f3n","publisher":{"@id":"https:\/\/webdelmaestrocmf.com\/portal\/#organization"},"alternateName":"WMCMF","potentialAction":[{"@type":"SearchAction","target":{"@type":"EntryPoint","urlTemplate":"https:\/\/webdelmaestrocmf.com\/portal\/?s={search_term_string}"},"query-input":{"@type":"PropertyValueSpecification","valueRequired":true,"valueName":"search_term_string"}}],"inLanguage":"es"},{"@type":"Organization","@id":"https:\/\/webdelmaestrocmf.com\/portal\/#organization","name":"Web del Maestro CMF","alternateName":"WMCMF","url":"https:\/\/webdelmaestrocmf.com\/portal\/","logo":{"@type":"ImageObject","inLanguage":"es","@id":"https:\/\/webdelmaestrocmf.com\/portal\/#\/schema\/logo\/image\/","url":"https:\/\/webdelmaestrocmf.com\/portal\/wp-content\/uploads\/2023\/01\/logo-wmcmf-2.png","contentUrl":"https:\/\/webdelmaestrocmf.com\/portal\/wp-content\/uploads\/2023\/01\/logo-wmcmf-2.png","width":200,"height":60,"caption":"Web del Maestro CMF"},"image":{"@id":"https:\/\/webdelmaestrocmf.com\/portal\/#\/schema\/logo\/image\/"},"sameAs":["https:\/\/www.facebook.com\/WebdelMaestroCMF\/","https:\/\/x.com\/cmf_w","https:\/\/www.pinterest.com\/WMCMF\/","https:\/\/www.linkedin.com\/company\/web-del-maestro-cmf\/","https:\/\/www.instagram.com\/wmcmf\/","https:\/\/www.youtube.com\/channel\/UCDPSvjbdodE5sHnC3OxutHw","https:\/\/mastodon.social\/@wmcmf","https:\/\/www.tiktok.com\/@webdelmaestrocmf"]},{"@type":"Person","@id":"https:\/\/webdelmaestrocmf.com\/portal\/#\/schema\/person\/1072a2ed7bd960df8ef99a551fa35dc5","name":"Web del Maestro CMF","image":{"@type":"ImageObject","inLanguage":"es","@id":"https:\/\/secure.gravatar.com\/avatar\/23291dd5b5ae1077dcff3dbb04c3e02bd28403fa75af6d8787d5e97c5bbbe30b?s=96&d=mm&r=g","url":"https:\/\/secure.gravatar.com\/avatar\/23291dd5b5ae1077dcff3dbb04c3e02bd28403fa75af6d8787d5e97c5bbbe30b?s=96&d=mm&r=g","contentUrl":"https:\/\/secure.gravatar.com\/avatar\/23291dd5b5ae1077dcff3dbb04c3e02bd28403fa75af6d8787d5e97c5bbbe30b?s=96&d=mm&r=g","caption":"Web del Maestro CMF"},"description":"Esta Web se cre\u00f3 sin fines de lucro, con fines educativos, cient\u00edficos y acad\u00e9micos, para personas que tengan dificultades y\/o inconvenientes en visualizar el material original. El objetivo es entregar recursos, compartir experiencias y materiales que ayuden a los padres de familia, maestros y estudiantes en su actualizaci\u00f3n y formaci\u00f3n permanente, en bien de la Educaci\u00f3n.","sameAs":["http:\/\/webdelmaestrocmf.com\/portal","https:\/\/www.facebook.com\/WebdelMaestroCMF\/","https:\/\/www.instagram.com\/wmcmf\/","https:\/\/cl.linkedin.com\/company\/web-del-maestro-cmf","https:\/\/www.pinterest.com\/WMCMF\/publicaciones\/","https:\/\/x.com\/cmf_w","https:\/\/www.youtube.com\/@WMCMF"]}]}},"jetpack_featured_media_url":"https:\/\/webdelmaestrocmf.com\/portal\/wp-content\/uploads\/2022\/01\/1-11.jpeg","jetpack_sharing_enabled":true,"jetpack-related-posts":[{"id":26432,"url":"https:\/\/webdelmaestrocmf.com\/portal\/25-frases-de-fernando-savater-para-reflexionar-sobre-la-educacion-la-filosofia-y-los-valores\/","url_meta":{"origin":72703,"position":0},"title":"25 frases de Fernando Savater, para reflexionar sobre la educaci\u00f3n, la filosof\u00eda y los valores","author":"Web del Maestro CMF","date":"18 mayo, 2019","format":false,"excerpt":"Para quienes estamos en el mundo de la educaci\u00f3n ya sea por ser padres de familia y\/o profesores, habremos escuchado sobre la necesidad de una \u201ceducaci\u00f3n en valores\u201d para evitar las \u201ccrisis de valores\u201d y no caer en el \u201crelativismo moral\u201d exagerado. \u201cSi todo vale o si nadie puede establecer\u2026","rel":"","context":"En \u00abEntrevistas\u00bb","block_context":{"text":"Entrevistas","link":"https:\/\/webdelmaestrocmf.com\/portal\/category\/noticias\/entrevistas\/"},"img":{"alt_text":"","src":"https:\/\/i0.wp.com\/webdelmaestrocmf.com\/portal\/wp-content\/uploads\/2018\/02\/3-3.jpg?resize=350%2C200&ssl=1","width":350,"height":200,"srcset":"https:\/\/i0.wp.com\/webdelmaestrocmf.com\/portal\/wp-content\/uploads\/2018\/02\/3-3.jpg?resize=350%2C200&ssl=1 1x, https:\/\/i0.wp.com\/webdelmaestrocmf.com\/portal\/wp-content\/uploads\/2018\/02\/3-3.jpg?resize=525%2C300&ssl=1 1.5x, https:\/\/i0.wp.com\/webdelmaestrocmf.com\/portal\/wp-content\/uploads\/2018\/02\/3-3.jpg?resize=700%2C400&ssl=1 2x, https:\/\/i0.wp.com\/webdelmaestrocmf.com\/portal\/wp-content\/uploads\/2018\/02\/3-3.jpg?resize=1050%2C600&ssl=1 3x"},"classes":[]},{"id":47127,"url":"https:\/\/webdelmaestrocmf.com\/portal\/fernando-savater-la-educacion-es-un-servicio-caro-complejo-y-que-genera-todo-tipo-de-dificultades-en-muchos-paises\/","url_meta":{"origin":72703,"position":1},"title":"Fernando Savater: La educaci\u00f3n es un servicio caro, complejo y que genera todo tipo de dificultades en muchos pa\u00edses","author":"Web del Maestro CMF","date":"4 abril, 2021","format":false,"excerpt":"La revista la Revista Ethic de la Fundaci\u00f3n BBVA, ha publicado en su ciclo Reflexiones en mitad de la crisis, una entrevista de su fundador y editor Pablo Bl\u00e1zquez al fil\u00f3sofo espa\u00f1ol Fernando Savater, de la cual compartimos (partes escogidas por nosotros) por motivos \u00fanicamente educativos y formaci\u00f3n permanente que\u2026","rel":"","context":"En \u00abEntrevistas\u00bb","block_context":{"text":"Entrevistas","link":"https:\/\/webdelmaestrocmf.com\/portal\/category\/noticias\/entrevistas\/"},"img":{"alt_text":"","src":"https:\/\/i0.wp.com\/webdelmaestrocmf.com\/portal\/wp-content\/uploads\/2021\/04\/1-copia-3.jpg?resize=350%2C200&ssl=1","width":350,"height":200,"srcset":"https:\/\/i0.wp.com\/webdelmaestrocmf.com\/portal\/wp-content\/uploads\/2021\/04\/1-copia-3.jpg?resize=350%2C200&ssl=1 1x, https:\/\/i0.wp.com\/webdelmaestrocmf.com\/portal\/wp-content\/uploads\/2021\/04\/1-copia-3.jpg?resize=525%2C300&ssl=1 1.5x, https:\/\/i0.wp.com\/webdelmaestrocmf.com\/portal\/wp-content\/uploads\/2021\/04\/1-copia-3.jpg?resize=700%2C400&ssl=1 2x, https:\/\/i0.wp.com\/webdelmaestrocmf.com\/portal\/wp-content\/uploads\/2021\/04\/1-copia-3.jpg?resize=1050%2C600&ssl=1 3x"},"classes":[]},{"id":18779,"url":"https:\/\/webdelmaestrocmf.com\/portal\/docente-la-literatura-sirve-multiplicar-nuestra-alma\/","url_meta":{"origin":72703,"position":2},"title":"Maestro, la literatura sirve para multiplicar nuestra alma","author":"Web del Maestro CMF","date":"28 mayo, 2017","format":false,"excerpt":"Para Fernando Savater la educaci\u00f3n es lo que lucha contra esa fatalidad que hace que el pobre siempre tenga que tener hijos pobres y que el ignorante siempre tenga que tener hijos ignorantes. Compartimos con fines \u00fanicamente educativos - pastorales la siguiente entrada que ha sido publicada en La Jornada\u2026","rel":"","context":"En \u00abLeer\u00bb","block_context":{"text":"Leer","link":"https:\/\/webdelmaestrocmf.com\/portal\/category\/pedagogia\/leer\/"},"img":{"alt_text":"","src":"https:\/\/i0.wp.com\/webdelmaestrocmf.com\/portal\/wp-content\/uploads\/2017\/05\/Banner-Facebook-2023-9.jpg?resize=350%2C200&ssl=1","width":350,"height":200,"srcset":"https:\/\/i0.wp.com\/webdelmaestrocmf.com\/portal\/wp-content\/uploads\/2017\/05\/Banner-Facebook-2023-9.jpg?resize=350%2C200&ssl=1 1x, https:\/\/i0.wp.com\/webdelmaestrocmf.com\/portal\/wp-content\/uploads\/2017\/05\/Banner-Facebook-2023-9.jpg?resize=525%2C300&ssl=1 1.5x, https:\/\/i0.wp.com\/webdelmaestrocmf.com\/portal\/wp-content\/uploads\/2017\/05\/Banner-Facebook-2023-9.jpg?resize=700%2C400&ssl=1 2x"},"classes":[]},{"id":23973,"url":"https:\/\/webdelmaestrocmf.com\/portal\/los-sabios-malos-profesores-no-entienden-la-ignorancia-los-demas\/","url_meta":{"origin":72703,"position":3},"title":"Fernando Savater: Los sabios son malos profesores porque no entienden la ignorancia de los dem\u00e1s","author":"Web del Maestro CMF","date":"28 diciembre, 2023","format":false,"excerpt":"Yo comprendo muy bien lo que no comprenden los dem\u00e1s.","rel":"","context":"En \u00abEntrevistas\u00bb","block_context":{"text":"Entrevistas","link":"https:\/\/webdelmaestrocmf.com\/portal\/category\/noticias\/entrevistas\/"},"img":{"alt_text":"","src":"https:\/\/i0.wp.com\/webdelmaestrocmf.com\/portal\/wp-content\/uploads\/2017\/12\/1-11.jpeg?resize=350%2C200&ssl=1","width":350,"height":200,"srcset":"https:\/\/i0.wp.com\/webdelmaestrocmf.com\/portal\/wp-content\/uploads\/2017\/12\/1-11.jpeg?resize=350%2C200&ssl=1 1x, https:\/\/i0.wp.com\/webdelmaestrocmf.com\/portal\/wp-content\/uploads\/2017\/12\/1-11.jpeg?resize=525%2C300&ssl=1 1.5x, https:\/\/i0.wp.com\/webdelmaestrocmf.com\/portal\/wp-content\/uploads\/2017\/12\/1-11.jpeg?resize=700%2C400&ssl=1 2x, https:\/\/i0.wp.com\/webdelmaestrocmf.com\/portal\/wp-content\/uploads\/2017\/12\/1-11.jpeg?resize=1050%2C600&ssl=1 3x"},"classes":[]},{"id":72418,"url":"https:\/\/webdelmaestrocmf.com\/portal\/jordi-nomen-los-profesores-debemos-ser-un-modelo-de-pensamiento-riguroso-tenemos-que-demostrar-que-nosotros-tambien-nos-interrogamos\/","url_meta":{"origin":72703,"position":4},"title":"Jordi Nomen: Los profesores debemos ser un modelo de pensamiento riguroso, tenemos que demostrar que nosotros tambi\u00e9n nos interrogamos","author":"Web del Maestro CMF","date":"27 diciembre, 2021","format":false,"excerpt":"El profesor de filosof\u00eda y ciencias sociales, Jordi Nomen (1965), es licenciado en Historia Contempor\u00e1nea por la Universidad de Barcelona (Espa\u00f1a) y tiene un posgrado de Ciudadan\u00eda Activa en la misma universidad y un m\u00e1ster en Filosof\u00eda por la Universidad de Gerona (Espa\u00f1a), es autor de El ni\u00f1o fil\u00f3sofo (2018)\u2026","rel":"","context":"En \u00abEntrevistas\u00bb","block_context":{"text":"Entrevistas","link":"https:\/\/webdelmaestrocmf.com\/portal\/category\/noticias\/entrevistas\/"},"img":{"alt_text":"","src":"https:\/\/i0.wp.com\/webdelmaestrocmf.com\/portal\/wp-content\/uploads\/2021\/12\/2-2.jpg?resize=350%2C200&ssl=1","width":350,"height":200,"srcset":"https:\/\/i0.wp.com\/webdelmaestrocmf.com\/portal\/wp-content\/uploads\/2021\/12\/2-2.jpg?resize=350%2C200&ssl=1 1x, https:\/\/i0.wp.com\/webdelmaestrocmf.com\/portal\/wp-content\/uploads\/2021\/12\/2-2.jpg?resize=525%2C300&ssl=1 1.5x, https:\/\/i0.wp.com\/webdelmaestrocmf.com\/portal\/wp-content\/uploads\/2021\/12\/2-2.jpg?resize=700%2C400&ssl=1 2x, https:\/\/i0.wp.com\/webdelmaestrocmf.com\/portal\/wp-content\/uploads\/2021\/12\/2-2.jpg?resize=1050%2C600&ssl=1 3x"},"classes":[]},{"id":633,"url":"https:\/\/webdelmaestrocmf.com\/portal\/fernando-savater-la-educacion-debe-formar-ciudadanos-no-empleados\/","url_meta":{"origin":72703,"position":5},"title":"Fernando Savater: \u201cLa educaci\u00f3n debe formar ciudadanos, no empleados\u201d","author":"Web del Maestro CMF","date":"23 mayo, 2018","format":false,"excerpt":"Anda lejos Fernando Savaterde las posiciones extremas y pesimistas. Nunca las ha tenido, mucho menos ahora que toca poner manos a la obra, al menos en lo que a educaci\u00f3n respecta. Humanista a contrarreloj \u2013se reparte entre las columnas de prensa, el ensayo y la docencia- , Fernando Savater\u00a0ha intentado\u2026","rel":"","context":"En \u00abEntrevistas\u00bb","block_context":{"text":"Entrevistas","link":"https:\/\/webdelmaestrocmf.com\/portal\/category\/noticias\/entrevistas\/"},"img":{"alt_text":"","src":"https:\/\/i0.wp.com\/webdelmaestrocmf.com\/portal\/wp-content\/uploads\/2018\/05\/1A-Banner-1-portada-imagen-10-1-copia-2.webp?resize=350%2C200&ssl=1","width":350,"height":200,"srcset":"https:\/\/i0.wp.com\/webdelmaestrocmf.com\/portal\/wp-content\/uploads\/2018\/05\/1A-Banner-1-portada-imagen-10-1-copia-2.webp?resize=350%2C200&ssl=1 1x, https:\/\/i0.wp.com\/webdelmaestrocmf.com\/portal\/wp-content\/uploads\/2018\/05\/1A-Banner-1-portada-imagen-10-1-copia-2.webp?resize=525%2C300&ssl=1 1.5x, https:\/\/i0.wp.com\/webdelmaestrocmf.com\/portal\/wp-content\/uploads\/2018\/05\/1A-Banner-1-portada-imagen-10-1-copia-2.webp?resize=700%2C400&ssl=1 2x"},"classes":[]}],"_links":{"self":[{"href":"https:\/\/webdelmaestrocmf.com\/portal\/wp-json\/wp\/v2\/posts\/72703","targetHints":{"allow":["GET"]}}],"collection":[{"href":"https:\/\/webdelmaestrocmf.com\/portal\/wp-json\/wp\/v2\/posts"}],"about":[{"href":"https:\/\/webdelmaestrocmf.com\/portal\/wp-json\/wp\/v2\/types\/post"}],"author":[{"embeddable":true,"href":"https:\/\/webdelmaestrocmf.com\/portal\/wp-json\/wp\/v2\/users\/1"}],"replies":[{"embeddable":true,"href":"https:\/\/webdelmaestrocmf.com\/portal\/wp-json\/wp\/v2\/comments?post=72703"}],"version-history":[{"count":0,"href":"https:\/\/webdelmaestrocmf.com\/portal\/wp-json\/wp\/v2\/posts\/72703\/revisions"}],"wp:featuredmedia":[{"embeddable":true,"href":"https:\/\/webdelmaestrocmf.com\/portal\/wp-json\/wp\/v2\/media\/72710"}],"wp:attachment":[{"href":"https:\/\/webdelmaestrocmf.com\/portal\/wp-json\/wp\/v2\/media?parent=72703"}],"wp:term":[{"taxonomy":"category","embeddable":true,"href":"https:\/\/webdelmaestrocmf.com\/portal\/wp-json\/wp\/v2\/categories?post=72703"},{"taxonomy":"post_tag","embeddable":true,"href":"https:\/\/webdelmaestrocmf.com\/portal\/wp-json\/wp\/v2\/tags?post=72703"}],"curies":[{"name":"wp","href":"https:\/\/api.w.org\/{rel}","templated":true}]}}