{"id":72691,"date":"2022-01-04T20:44:12","date_gmt":"2022-01-04T23:44:12","guid":{"rendered":"https:\/\/webdelmaestrocmf.com\/portal\/?p=72691"},"modified":"2023-09-05T00:03:32","modified_gmt":"2023-09-05T03:03:32","slug":"estos-son-los-3-retos-para-todos-los-maestros-en-el-2022","status":"publish","type":"post","link":"https:\/\/webdelmaestrocmf.com\/portal\/estos-son-los-3-retos-para-todos-los-maestros-en-el-2022\/","title":{"rendered":"3 retos para todos los maestros para el nuevo inicio acad\u00e9mico"},"content":{"rendered":"<p style=\"text-align: justify;\"><strong>Am\u00e9rica Latina est\u00e1 en un momento crucial y de inflexi\u00f3n para recuperar terreno y ponerse a la vanguardia en implementaci\u00f3n de nuevos modelos educativos. Es una regi\u00f3n que, hoy por hoy, se encuentra rezagada con respecto a Norteam\u00e9rica o Europa, donde el uso de aplicaciones digitales en clase es muy com\u00fan pero a su vez presenta muchos retos.<\/strong><\/p>\n<p><strong><!--more--><\/strong><\/p>\n<p style=\"text-align: justify;\">Adem\u00e1s, la brecha en educaci\u00f3n, comparada con otros pa\u00edses como Jap\u00f3n, es bastante grande; algo que se refleja con mayor claridad en el mundo corporativo de hoy, donde cualquier profesional se ve obligado a trabajar con alguien que puede estar al otro lado del mundo. Por ello, Latinoam\u00e9rica debe estar a la par en conocimiento y rigor entre los estudiantes.<\/p>\n<p style=\"text-align: justify;\">\u201cEl uso de aplicaciones digitales es esencial para enfrentar los nuevos desaf\u00edos que impone la educaci\u00f3n, ya que estas les permiten a los profesores crear clases m\u00e1s interesantes y envolventes, le brinda a las instituciones la posibilidad de tener docentes m\u00e1s capacitado y un p\u00e9nsum atractivo, pero a la vez, les ofrece a los estudiantes mantener el inter\u00e9s y obtener un aprendizaje real\u201d, explica Dario Llorente, Head of Latam Channel Sales en Adobe.<\/p>\n<p style=\"text-align: justify;\">Frente a este panorama, Adobe viene cumpliendo un rol importante impulsando la gesti\u00f3n educativa a trav\u00e9s de <a href=\"https:\/\/esp.adobe-educa.com\/\" target=\"_blank\" rel=\"noopener\">Adobe Educa<\/a>, una plataforma con m\u00e1s de 65.000 docentes registrados en toda Latinoam\u00e9rica que apoya los procesos de ense\u00f1anza que permite a los profesores, sin importar si son afines al mundo creativo o no, que identifiquen espacios para la generaci\u00f3n de contenido de manera sencilla y optimizada.<\/p>\n<p><img loading=\"lazy\" decoding=\"async\" class=\"alignnone size-large wp-image-91016\" src=\"https:\/\/webdelmaestrocmf.com\/portal\/wp-content\/uploads\/2022\/01\/maxresdefault-1-1024x576.jpg\" alt=\"retos\" width=\"1024\" height=\"576\" srcset=\"https:\/\/webdelmaestrocmf.com\/portal\/wp-content\/uploads\/2022\/01\/maxresdefault-1-1024x576.jpg 1024w, https:\/\/webdelmaestrocmf.com\/portal\/wp-content\/uploads\/2022\/01\/maxresdefault-1-300x169.jpg 300w, https:\/\/webdelmaestrocmf.com\/portal\/wp-content\/uploads\/2022\/01\/maxresdefault-1-768x432.jpg 768w, https:\/\/webdelmaestrocmf.com\/portal\/wp-content\/uploads\/2022\/01\/maxresdefault-1-110x62.jpg 110w, https:\/\/webdelmaestrocmf.com\/portal\/wp-content\/uploads\/2022\/01\/maxresdefault-1-200x113.jpg 200w, https:\/\/webdelmaestrocmf.com\/portal\/wp-content\/uploads\/2022\/01\/maxresdefault-1-380x214.jpg 380w, https:\/\/webdelmaestrocmf.com\/portal\/wp-content\/uploads\/2022\/01\/maxresdefault-1-255x143.jpg 255w, https:\/\/webdelmaestrocmf.com\/portal\/wp-content\/uploads\/2022\/01\/maxresdefault-1-550x309.jpg 550w, https:\/\/webdelmaestrocmf.com\/portal\/wp-content\/uploads\/2022\/01\/maxresdefault-1-800x450.jpg 800w, https:\/\/webdelmaestrocmf.com\/portal\/wp-content\/uploads\/2022\/01\/maxresdefault-1-1160x653.jpg 1160w, https:\/\/webdelmaestrocmf.com\/portal\/wp-content\/uploads\/2022\/01\/maxresdefault-1.jpg 1280w\" sizes=\"auto, (max-width: 1024px) 100vw, 1024px\" \/><\/p>\n<p style=\"text-align: justify;\">Con una proyecci\u00f3n que busca alcanzar una cobertura superior a los 100.000 alumnos en toda la regi\u00f3n. Adobe, a trav\u00e9s de su plataforma<a href=\"https:\/\/esp.adobe-educa.com\/\" target=\"_blank\" rel=\"noopener\"> Adobe Educa<\/a>, presenta los tres retos que tendr\u00e1 la educaci\u00f3n en toda Latinoam\u00e9rica durante 2022:<\/p>\n<h5 style=\"text-align: justify; padding-left: 40px;\">1. Uso y apropiaci\u00f3n de aplicaciones digitales<\/h5>\n<p style=\"text-align: justify; padding-left: 40px;\">Con la experiencia que vamos recogiendo d\u00eda a d\u00eda, tanto con los profesores que est\u00e1n trabajando en la plataforma como con las distintas autoridades, nos damos cuenta de que tenemos varios temas pendientes en Latinoam\u00e9rica. Uno de esos desaf\u00edos es la brecha de conocimiento de las herramientas digitales, los profesores a ra\u00edz de la pandemia tuvieron un momento de shock donde se vieron obligados a reaccionar r\u00e1pidamente para aprender a utilizar distintas herramientas y adem\u00e1s integrarlas dentro de su trabajo.<\/p>\n<h5 style=\"text-align: justify; padding-left: 40px;\">2. Generaci\u00f3n de contenido multimedial<\/h5>\n<p style=\"text-align: justify; padding-left: 40px;\">Otro de los temas que les preocupa bastante a las instituciones es poder generar contenido de manera atractiva para que sus alumnos tengan una experiencia de clase rica y sus profesores o equipos acad\u00e9micos sean eficientes a la hora de producir contenido. Se requieren no solamente gr\u00e1ficas, tambi\u00e9n piezas audiovisuales, trabajo con audio e integrar una serie de medios para hacer una clase lo m\u00e1s multimedia y rica posible.<\/p>\n<h5 style=\"text-align: justify; padding-left: 40px;\">3. Desarrollo de clases creativas<\/h5>\n<p style=\"text-align: justify; padding-left: 40px;\">Por otro lado, la ense\u00f1anza en este formato virtual necesita ser altamente creativa, por lo tanto, hay un trabajo m\u00e1s colaborativo. Hemos visto instituciones en distintas carreras y carreras incluso que no son afines al mundo creativo (como historia o comunicaciones t\u00e9cnicas), haci\u00e9ndolo. Esto sirve para que los alumnos sean m\u00e1s aut\u00f3nomos en el aprendizaje, que es algo que tambi\u00e9n es necesario en esta \u00e9poca.<\/p>\n<p style=\"text-align: justify; padding-left: 40px;\">Enfrentar estos desaf\u00edos ya no es opcional y todos los actores del sector educativo est\u00e1n obligados a aportar en el avance de la educaci\u00f3n en Latinoam\u00e9rica, aunque el proceso ya empez\u00f3. \u201cExiste un reto esencial que viene desde el lado docente, pues necesita dar vuelta a las clases tradicionales tradicional (donde el profesor era el que entregaba la informaci\u00f3n y el alumno escuchaba), a este proceso que es mucho m\u00e1s colaborativo, con mayor acercamiento e informaci\u00f3n relevante, para hacer de esta experiencia algo enriquecedor y entretenido\u201d puntualiza Dar\u00edo Llorente<\/p>\n<h5 class=\"title style-scope ytd-video-primary-info-renderer\">Tres retos para todos los profesores en el 2022<\/h5>\n<p style=\"text-align: justify;\">El profesor <strong>Fernando<\/strong> del Canal de YouTube \u00ab<a href=\"https:\/\/www.youtube.com\/channel\/UCoKMQsyILhRoLv5_Po3W6LQ\" target=\"_blank\" rel=\"noopener\">Cerebrote<\/a>\u00bb nos comenta 3 retos para todos los profesores en el 2022. No se pierdan el video, est\u00e1 muy bueno.<\/p>\n<p><iframe loading=\"lazy\" title=\"YouTube video player\" src=\"https:\/\/www.youtube.com\/embed\/3E5shCF6Nyg\" width=\"100%\" height=\"400\" frameborder=\"0\" allowfullscreen=\"allowfullscreen\"><span data-mce-type=\"bookmark\" style=\"display: inline-block; width: 0px; overflow: hidden; line-height: 0;\" class=\"mce_SELRES_start\">\ufeff<\/span><\/iframe><\/p>\n<p><strong>Este contenido ha sido publicado originalmente por Diario Estrategia en la siguiente direcci\u00f3n: <a href=\"http:\/\/diarioestrategia.cl\" target=\"_blank\" rel=\"noopener\">diarioestrategia.cl<\/a><\/strong><\/p>\n<p style=\"text-align: center;\">Recomendamos a la Comunidad Educativa Digital tener en cuenta que, el enlace y\/o la carpeta en donde est\u00e1n alojados los libros, recursos y\/o materiales, no es administrado por la Web del Maestro CMF, pueda ser que en cuesti\u00f3n de d\u00edas (o seg\u00fan el tiempo transcurrido desde su publicaci\u00f3n), los enlaces no funcionen y el material ya no se encuentre disponible. Gracias por su comprensi\u00f3n.<\/p>\n<h3>ENLACE DE LECTURA:<\/h3>\n<p style=\"text-align: center;\">\u00a1Comparte y as\u00ed m\u00e1s docentes utilizar\u00e1n estos recursos\u00a0gratis! Muchas gracias.<\/p>\n<p style=\"text-align: center;\"><a href=\"https:\/\/esp.adobe-educa.com\/\" target=\"_blank\" rel=\"noopener\">ENLACE ADOBE EDUCA<\/a><\/p>\n\t\t<div class=\"pk-inline-posts\">\n\t\t\t\n\t\t\t<div class=\"pk-inline-posts-container pk-inline-posts-template-list\"\n\t\t\t\tdata-columns=\"1\">\n\t\t\t\t\t\t<article id=\"post-28153\" class=\"post-28153 post type-post status-publish format-standard has-post-thumbnail category-consejos category-docentes category-pedagogia tag-adaptacion-a-diversidad tag-adaptacion-curricular tag-aprendizaje-activo tag-clases tag-diseno-curricular tag-diseno-de-actividades tag-diseno-de-lecciones tag-diseno-de-unidades-didacticas tag-eficiente tag-enfoque-centrado-en-el-estudiante tag-estrategias-de-ensenanza tag-estrategias-de-ensenanza-efectiva tag-estrategias-de-instruccion tag-estrategias-de-participacion tag-evaluacion-autentica tag-evaluacion-del-aprendizaje tag-evaluacion-formativa tag-evaluacion-sumativa tag-instruccion-diferenciada tag-manera tag-medicion-del-progreso tag-metodologia-educativa tag-motivacion-del-estudiante tag-objetivos-de-aprendizaje tag-planificacion-a-corto-plazo tag-planificacion-a-largo-plazo tag-planificacion-de-clases tag-planificar tag-recursos-didacticos tag-retroalimentacion-formativa tag-secuencia-didactica tag-taxonomia-de-bloom tag-tecnicas-de-organizacion tag-uso-de-tecnologia-educativa cs-entry cs-video-wrap\">\n\t\t\t<div class=\"pk-post-outer\">\n\n\t\t\t\t\t\t\t\t<div class=\"pk-post-inner\">\n\t\t\t\t\t<div class=\"entry-thumbnail\">\n\t\t\t\t\t\t<div class=\"pk-overlay pk-overlay-ratio pk-ratio-landscape\">\n\t\t\t\t\t\t\t<div class=\"pk-overlay-background\">\n\t\t\t\t\t\t\t\t<a href=\"https:\/\/webdelmaestrocmf.com\/portal\/como-planificar-las-clases-de-manera-eficiente\/\" class=\"pk-overlay-link\">\n\t\t\t\t\t\t\t\t\t<img loading=\"lazy\" decoding=\"async\" width=\"300\" height=\"225\" src=\"https:\/\/webdelmaestrocmf.com\/portal\/wp-content\/uploads\/2026\/02\/1AA-Banner-1-portada-imagen-10-1-copia-16-300x225.webp\" class=\"attachment-pk-thumbnail size-pk-thumbnail wp-post-image\" alt=\"\" \/>\t\t\t\t\t\t\t\t<\/a>\n\t\t\t\t\t\t\t<\/div>\n\t\t\t\t\t\t<\/div>\n\t\t\t\t\t<\/div>\n\t\t\t\t<\/div>\n\t\t\t\t\n\t\t\t\t<div class=\"pk-post-inner\">\n\t\t\t\t\t<header>\n\t\t\t\t\t\t<h3 class=\"pk-title\"><a href=\"https:\/\/webdelmaestrocmf.com\/portal\/como-planificar-las-clases-de-manera-eficiente\/\" rel=\"bookmark\">C\u00f3mo planificar las clases de manera eficiente: descarga las mejores plantillas de planificaci\u00f3n de clases<\/a><\/h3>\t\t\t\t\t<\/header><!-- .entry-header -->\n\t\t\t\t<\/div><!-- .post-inner -->\n\n\t\t\t<\/div><!-- .post-outer -->\n\t\t<\/article>\n\t\t\t\t<\/div>\n\t\t<\/div>\n\t\t\n","protected":false},"excerpt":{"rendered":"Am\u00e9rica Latina est\u00e1 en un momento crucial y de inflexi\u00f3n para recuperar terreno y ponerse a la vanguardia&hellip;","protected":false},"author":1,"featured_media":72694,"comment_status":"open","ping_status":"closed","sticky":false,"template":"","format":"standard","meta":{"csco_display_header_overlay":false,"csco_singular_sidebar":"default","csco_page_header_type":"default","csco_page_load_nextpost":"default","csco_post_video_location":[],"csco_post_video_location_hash":"","csco_post_video_url":"","csco_post_video_bg_start_time":0,"csco_post_video_bg_end_time":0,"csco_post_video_bg_volume":false,"_jetpack_memberships_contains_paid_content":false,"footnotes":""},"categories":[570,442,735],"tags":[13767,190,671,3469,2898],"class_list":{"0":"post-72691","1":"post","2":"type-post","3":"status-publish","4":"format-standard","5":"has-post-thumbnail","7":"category-docentes","8":"category-educacion-pedagogia","9":"category-pedagogia","10":"tag-13767","11":"tag-maestros","12":"tag-retos","13":"tag-todos","14":"tag-tres","15":"cs-entry","16":"cs-video-wrap"},"yoast_head":"<!-- This site is optimized with the Yoast SEO plugin v27.5 - https:\/\/yoast.com\/product\/yoast-seo-wordpress\/ -->\n<title>3 retos para todos los maestros para el nuevo inicio acad\u00e9mico - 2026<\/title>\n<meta name=\"description\" content=\"Adobe, a trav\u00e9s de su plataforma Adobe Educa, presenta los tres retos que tendr\u00e1 la educaci\u00f3n en toda Latinoam\u00e9rica.\" \/>\n<meta name=\"robots\" content=\"index, follow, max-snippet:-1, max-image-preview:large, max-video-preview:-1\" \/>\n<link rel=\"canonical\" href=\"https:\/\/webdelmaestrocmf.com\/portal\/estos-son-los-3-retos-para-todos-los-maestros-en-el-2022\/\" \/>\n<meta property=\"og:locale\" content=\"es_ES\" \/>\n<meta property=\"og:type\" content=\"article\" \/>\n<meta property=\"og:title\" content=\"3 retos para todos los maestros para el nuevo inicio acad\u00e9mico - 2026\" \/>\n<meta property=\"og:description\" content=\"Adobe, a trav\u00e9s de su plataforma Adobe Educa, presenta los tres retos que tendr\u00e1 la educaci\u00f3n en toda Latinoam\u00e9rica.\" \/>\n<meta property=\"og:url\" content=\"https:\/\/webdelmaestrocmf.com\/portal\/estos-son-los-3-retos-para-todos-los-maestros-en-el-2022\/\" \/>\n<meta property=\"og:site_name\" content=\"Web del Maestro CMF\" \/>\n<meta property=\"article:publisher\" content=\"https:\/\/www.facebook.com\/WebdelMaestroCMF\/\" \/>\n<meta property=\"article:author\" content=\"https:\/\/www.facebook.com\/WebdelMaestroCMF\/\" \/>\n<meta property=\"article:published_time\" content=\"2022-01-04T23:44:12+00:00\" \/>\n<meta property=\"article:modified_time\" content=\"2023-09-05T03:03:32+00:00\" \/>\n<meta property=\"og:image\" content=\"https:\/\/i0.wp.com\/webdelmaestrocmf.com\/portal\/wp-content\/uploads\/2022\/01\/1-21.jpg?fit=1100%2C680&ssl=1\" \/>\n\t<meta property=\"og:image:width\" content=\"1100\" \/>\n\t<meta property=\"og:image:height\" content=\"680\" \/>\n\t<meta property=\"og:image:type\" content=\"image\/jpeg\" \/>\n<meta name=\"author\" content=\"Web del Maestro CMF\" \/>\n<meta name=\"twitter:card\" content=\"summary_large_image\" \/>\n<meta name=\"twitter:creator\" content=\"@cmf_w\" \/>\n<meta name=\"twitter:site\" content=\"@cmf_w\" \/>\n<script type=\"application\/ld+json\" class=\"yoast-schema-graph\">{\"@context\":\"https:\\\/\\\/schema.org\",\"@graph\":[{\"@type\":\"ScholarlyArticle\",\"@id\":\"https:\\\/\\\/webdelmaestrocmf.com\\\/portal\\\/estos-son-los-3-retos-para-todos-los-maestros-en-el-2022\\\/#article\",\"isPartOf\":{\"@id\":\"https:\\\/\\\/webdelmaestrocmf.com\\\/portal\\\/estos-son-los-3-retos-para-todos-los-maestros-en-el-2022\\\/\"},\"author\":{\"name\":\"Web del Maestro CMF\",\"@id\":\"https:\\\/\\\/webdelmaestrocmf.com\\\/portal\\\/#\\\/schema\\\/person\\\/1072a2ed7bd960df8ef99a551fa35dc5\"},\"headline\":\"3 retos para todos los maestros para el nuevo inicio acad\u00e9mico\",\"datePublished\":\"2022-01-04T23:44:12+00:00\",\"dateModified\":\"2023-09-05T03:03:32+00:00\",\"mainEntityOfPage\":{\"@id\":\"https:\\\/\\\/webdelmaestrocmf.com\\\/portal\\\/estos-son-los-3-retos-para-todos-los-maestros-en-el-2022\\\/\"},\"wordCount\":817,\"commentCount\":0,\"publisher\":{\"@id\":\"https:\\\/\\\/webdelmaestrocmf.com\\\/portal\\\/#organization\"},\"image\":{\"@id\":\"https:\\\/\\\/webdelmaestrocmf.com\\\/portal\\\/estos-son-los-3-retos-para-todos-los-maestros-en-el-2022\\\/#primaryimage\"},\"thumbnailUrl\":\"https:\\\/\\\/webdelmaestrocmf.com\\\/portal\\\/wp-content\\\/uploads\\\/2022\\\/01\\\/1-21.jpg\",\"keywords\":[\"2022\",\"Maestros\",\"RETOS\",\"TODOS\",\"TRES\"],\"articleSection\":[\"Docentes\",\"Pedagog\u00eda\",\"Recursos\"],\"inLanguage\":\"es\",\"potentialAction\":[{\"@type\":\"CommentAction\",\"name\":\"Comment\",\"target\":[\"https:\\\/\\\/webdelmaestrocmf.com\\\/portal\\\/estos-son-los-3-retos-para-todos-los-maestros-en-el-2022\\\/#respond\"]}]},{\"@type\":\"WebPage\",\"@id\":\"https:\\\/\\\/webdelmaestrocmf.com\\\/portal\\\/estos-son-los-3-retos-para-todos-los-maestros-en-el-2022\\\/\",\"url\":\"https:\\\/\\\/webdelmaestrocmf.com\\\/portal\\\/estos-son-los-3-retos-para-todos-los-maestros-en-el-2022\\\/\",\"name\":\"3 retos para todos los maestros para el nuevo inicio acad\u00e9mico - 2026\",\"isPartOf\":{\"@id\":\"https:\\\/\\\/webdelmaestrocmf.com\\\/portal\\\/#website\"},\"primaryImageOfPage\":{\"@id\":\"https:\\\/\\\/webdelmaestrocmf.com\\\/portal\\\/estos-son-los-3-retos-para-todos-los-maestros-en-el-2022\\\/#primaryimage\"},\"image\":{\"@id\":\"https:\\\/\\\/webdelmaestrocmf.com\\\/portal\\\/estos-son-los-3-retos-para-todos-los-maestros-en-el-2022\\\/#primaryimage\"},\"thumbnailUrl\":\"https:\\\/\\\/webdelmaestrocmf.com\\\/portal\\\/wp-content\\\/uploads\\\/2022\\\/01\\\/1-21.jpg\",\"datePublished\":\"2022-01-04T23:44:12+00:00\",\"dateModified\":\"2023-09-05T03:03:32+00:00\",\"description\":\"Adobe, a trav\u00e9s de su plataforma Adobe Educa, presenta los tres retos que tendr\u00e1 la educaci\u00f3n en toda Latinoam\u00e9rica.\",\"breadcrumb\":{\"@id\":\"https:\\\/\\\/webdelmaestrocmf.com\\\/portal\\\/estos-son-los-3-retos-para-todos-los-maestros-en-el-2022\\\/#breadcrumb\"},\"inLanguage\":\"es\",\"potentialAction\":[{\"@type\":\"ReadAction\",\"target\":[\"https:\\\/\\\/webdelmaestrocmf.com\\\/portal\\\/estos-son-los-3-retos-para-todos-los-maestros-en-el-2022\\\/\"]}]},{\"@type\":\"ImageObject\",\"inLanguage\":\"es\",\"@id\":\"https:\\\/\\\/webdelmaestrocmf.com\\\/portal\\\/estos-son-los-3-retos-para-todos-los-maestros-en-el-2022\\\/#primaryimage\",\"url\":\"https:\\\/\\\/webdelmaestrocmf.com\\\/portal\\\/wp-content\\\/uploads\\\/2022\\\/01\\\/1-21.jpg\",\"contentUrl\":\"https:\\\/\\\/webdelmaestrocmf.com\\\/portal\\\/wp-content\\\/uploads\\\/2022\\\/01\\\/1-21.jpg\",\"width\":1100,\"height\":680,\"caption\":\"retos\"},{\"@type\":\"BreadcrumbList\",\"@id\":\"https:\\\/\\\/webdelmaestrocmf.com\\\/portal\\\/estos-son-los-3-retos-para-todos-los-maestros-en-el-2022\\\/#breadcrumb\",\"itemListElement\":[{\"@type\":\"ListItem\",\"position\":1,\"name\":\"Portada\",\"item\":\"https:\\\/\\\/webdelmaestrocmf.com\\\/portal\\\/\"},{\"@type\":\"ListItem\",\"position\":2,\"name\":\"Recursos\",\"item\":\"https:\\\/\\\/webdelmaestrocmf.com\\\/portal\\\/category\\\/pedagogia\\\/\"},{\"@type\":\"ListItem\",\"position\":3,\"name\":\"3 retos para todos los maestros para el nuevo inicio acad\u00e9mico\"}]},{\"@type\":\"WebSite\",\"@id\":\"https:\\\/\\\/webdelmaestrocmf.com\\\/portal\\\/#website\",\"url\":\"https:\\\/\\\/webdelmaestrocmf.com\\\/portal\\\/\",\"name\":\"Web del Maestro CMF\",\"description\":\"Maestros al servicio de la educaci\u00f3n\",\"publisher\":{\"@id\":\"https:\\\/\\\/webdelmaestrocmf.com\\\/portal\\\/#organization\"},\"alternateName\":\"WMCMF\",\"potentialAction\":[{\"@type\":\"SearchAction\",\"target\":{\"@type\":\"EntryPoint\",\"urlTemplate\":\"https:\\\/\\\/webdelmaestrocmf.com\\\/portal\\\/?s={search_term_string}\"},\"query-input\":{\"@type\":\"PropertyValueSpecification\",\"valueRequired\":true,\"valueName\":\"search_term_string\"}}],\"inLanguage\":\"es\"},{\"@type\":\"Organization\",\"@id\":\"https:\\\/\\\/webdelmaestrocmf.com\\\/portal\\\/#organization\",\"name\":\"Web del Maestro CMF\",\"alternateName\":\"WMCMF\",\"url\":\"https:\\\/\\\/webdelmaestrocmf.com\\\/portal\\\/\",\"logo\":{\"@type\":\"ImageObject\",\"inLanguage\":\"es\",\"@id\":\"https:\\\/\\\/webdelmaestrocmf.com\\\/portal\\\/#\\\/schema\\\/logo\\\/image\\\/\",\"url\":\"https:\\\/\\\/webdelmaestrocmf.com\\\/portal\\\/wp-content\\\/uploads\\\/2023\\\/01\\\/logo-wmcmf-2.png\",\"contentUrl\":\"https:\\\/\\\/webdelmaestrocmf.com\\\/portal\\\/wp-content\\\/uploads\\\/2023\\\/01\\\/logo-wmcmf-2.png\",\"width\":200,\"height\":60,\"caption\":\"Web del Maestro CMF\"},\"image\":{\"@id\":\"https:\\\/\\\/webdelmaestrocmf.com\\\/portal\\\/#\\\/schema\\\/logo\\\/image\\\/\"},\"sameAs\":[\"https:\\\/\\\/www.facebook.com\\\/WebdelMaestroCMF\\\/\",\"https:\\\/\\\/x.com\\\/cmf_w\",\"https:\\\/\\\/www.pinterest.com\\\/WMCMF\\\/\",\"https:\\\/\\\/www.linkedin.com\\\/company\\\/web-del-maestro-cmf\\\/\",\"https:\\\/\\\/www.instagram.com\\\/wmcmf\\\/\",\"https:\\\/\\\/www.youtube.com\\\/channel\\\/UCDPSvjbdodE5sHnC3OxutHw\",\"https:\\\/\\\/mastodon.social\\\/@wmcmf\",\"https:\\\/\\\/www.tiktok.com\\\/@webdelmaestrocmf\"]},{\"@type\":\"Person\",\"@id\":\"https:\\\/\\\/webdelmaestrocmf.com\\\/portal\\\/#\\\/schema\\\/person\\\/1072a2ed7bd960df8ef99a551fa35dc5\",\"name\":\"Web del Maestro CMF\",\"image\":{\"@type\":\"ImageObject\",\"inLanguage\":\"es\",\"@id\":\"https:\\\/\\\/secure.gravatar.com\\\/avatar\\\/23291dd5b5ae1077dcff3dbb04c3e02bd28403fa75af6d8787d5e97c5bbbe30b?s=96&d=mm&r=g\",\"url\":\"https:\\\/\\\/secure.gravatar.com\\\/avatar\\\/23291dd5b5ae1077dcff3dbb04c3e02bd28403fa75af6d8787d5e97c5bbbe30b?s=96&d=mm&r=g\",\"contentUrl\":\"https:\\\/\\\/secure.gravatar.com\\\/avatar\\\/23291dd5b5ae1077dcff3dbb04c3e02bd28403fa75af6d8787d5e97c5bbbe30b?s=96&d=mm&r=g\",\"caption\":\"Web del Maestro CMF\"},\"description\":\"Esta Web se cre\u00f3 sin fines de lucro, con fines educativos, cient\u00edficos y acad\u00e9micos, para personas que tengan dificultades y\\\/o inconvenientes en visualizar el material original. El objetivo es entregar recursos, compartir experiencias y materiales que ayuden a los padres de familia, maestros y estudiantes en su actualizaci\u00f3n y formaci\u00f3n permanente, en bien de la Educaci\u00f3n.\",\"sameAs\":[\"http:\\\/\\\/webdelmaestrocmf.com\\\/portal\",\"https:\\\/\\\/www.facebook.com\\\/WebdelMaestroCMF\\\/\",\"https:\\\/\\\/www.instagram.com\\\/wmcmf\\\/\",\"https:\\\/\\\/cl.linkedin.com\\\/company\\\/web-del-maestro-cmf\",\"https:\\\/\\\/www.pinterest.com\\\/WMCMF\\\/publicaciones\\\/\",\"https:\\\/\\\/x.com\\\/cmf_w\",\"https:\\\/\\\/www.youtube.com\\\/@WMCMF\"]}]}<\/script>\n<!-- \/ Yoast SEO plugin. -->","yoast_head_json":{"title":"3 retos para todos los maestros para el nuevo inicio acad\u00e9mico - 2026","description":"Adobe, a trav\u00e9s de su plataforma Adobe Educa, presenta los tres retos que tendr\u00e1 la educaci\u00f3n en toda Latinoam\u00e9rica.","robots":{"index":"index","follow":"follow","max-snippet":"max-snippet:-1","max-image-preview":"max-image-preview:large","max-video-preview":"max-video-preview:-1"},"canonical":"https:\/\/webdelmaestrocmf.com\/portal\/estos-son-los-3-retos-para-todos-los-maestros-en-el-2022\/","og_locale":"es_ES","og_type":"article","og_title":"3 retos para todos los maestros para el nuevo inicio acad\u00e9mico - 2026","og_description":"Adobe, a trav\u00e9s de su plataforma Adobe Educa, presenta los tres retos que tendr\u00e1 la educaci\u00f3n en toda Latinoam\u00e9rica.","og_url":"https:\/\/webdelmaestrocmf.com\/portal\/estos-son-los-3-retos-para-todos-los-maestros-en-el-2022\/","og_site_name":"Web del Maestro CMF","article_publisher":"https:\/\/www.facebook.com\/WebdelMaestroCMF\/","article_author":"https:\/\/www.facebook.com\/WebdelMaestroCMF\/","article_published_time":"2022-01-04T23:44:12+00:00","article_modified_time":"2023-09-05T03:03:32+00:00","og_image":[{"width":1100,"height":680,"url":"https:\/\/i0.wp.com\/webdelmaestrocmf.com\/portal\/wp-content\/uploads\/2022\/01\/1-21.jpg?fit=1100%2C680&ssl=1","type":"image\/jpeg"}],"author":"Web del Maestro CMF","twitter_card":"summary_large_image","twitter_creator":"@cmf_w","twitter_site":"@cmf_w","schema":{"@context":"https:\/\/schema.org","@graph":[{"@type":"ScholarlyArticle","@id":"https:\/\/webdelmaestrocmf.com\/portal\/estos-son-los-3-retos-para-todos-los-maestros-en-el-2022\/#article","isPartOf":{"@id":"https:\/\/webdelmaestrocmf.com\/portal\/estos-son-los-3-retos-para-todos-los-maestros-en-el-2022\/"},"author":{"name":"Web del Maestro CMF","@id":"https:\/\/webdelmaestrocmf.com\/portal\/#\/schema\/person\/1072a2ed7bd960df8ef99a551fa35dc5"},"headline":"3 retos para todos los maestros para el nuevo inicio acad\u00e9mico","datePublished":"2022-01-04T23:44:12+00:00","dateModified":"2023-09-05T03:03:32+00:00","mainEntityOfPage":{"@id":"https:\/\/webdelmaestrocmf.com\/portal\/estos-son-los-3-retos-para-todos-los-maestros-en-el-2022\/"},"wordCount":817,"commentCount":0,"publisher":{"@id":"https:\/\/webdelmaestrocmf.com\/portal\/#organization"},"image":{"@id":"https:\/\/webdelmaestrocmf.com\/portal\/estos-son-los-3-retos-para-todos-los-maestros-en-el-2022\/#primaryimage"},"thumbnailUrl":"https:\/\/webdelmaestrocmf.com\/portal\/wp-content\/uploads\/2022\/01\/1-21.jpg","keywords":["2022","Maestros","RETOS","TODOS","TRES"],"articleSection":["Docentes","Pedagog\u00eda","Recursos"],"inLanguage":"es","potentialAction":[{"@type":"CommentAction","name":"Comment","target":["https:\/\/webdelmaestrocmf.com\/portal\/estos-son-los-3-retos-para-todos-los-maestros-en-el-2022\/#respond"]}]},{"@type":"WebPage","@id":"https:\/\/webdelmaestrocmf.com\/portal\/estos-son-los-3-retos-para-todos-los-maestros-en-el-2022\/","url":"https:\/\/webdelmaestrocmf.com\/portal\/estos-son-los-3-retos-para-todos-los-maestros-en-el-2022\/","name":"3 retos para todos los maestros para el nuevo inicio acad\u00e9mico - 2026","isPartOf":{"@id":"https:\/\/webdelmaestrocmf.com\/portal\/#website"},"primaryImageOfPage":{"@id":"https:\/\/webdelmaestrocmf.com\/portal\/estos-son-los-3-retos-para-todos-los-maestros-en-el-2022\/#primaryimage"},"image":{"@id":"https:\/\/webdelmaestrocmf.com\/portal\/estos-son-los-3-retos-para-todos-los-maestros-en-el-2022\/#primaryimage"},"thumbnailUrl":"https:\/\/webdelmaestrocmf.com\/portal\/wp-content\/uploads\/2022\/01\/1-21.jpg","datePublished":"2022-01-04T23:44:12+00:00","dateModified":"2023-09-05T03:03:32+00:00","description":"Adobe, a trav\u00e9s de su plataforma Adobe Educa, presenta los tres retos que tendr\u00e1 la educaci\u00f3n en toda Latinoam\u00e9rica.","breadcrumb":{"@id":"https:\/\/webdelmaestrocmf.com\/portal\/estos-son-los-3-retos-para-todos-los-maestros-en-el-2022\/#breadcrumb"},"inLanguage":"es","potentialAction":[{"@type":"ReadAction","target":["https:\/\/webdelmaestrocmf.com\/portal\/estos-son-los-3-retos-para-todos-los-maestros-en-el-2022\/"]}]},{"@type":"ImageObject","inLanguage":"es","@id":"https:\/\/webdelmaestrocmf.com\/portal\/estos-son-los-3-retos-para-todos-los-maestros-en-el-2022\/#primaryimage","url":"https:\/\/webdelmaestrocmf.com\/portal\/wp-content\/uploads\/2022\/01\/1-21.jpg","contentUrl":"https:\/\/webdelmaestrocmf.com\/portal\/wp-content\/uploads\/2022\/01\/1-21.jpg","width":1100,"height":680,"caption":"retos"},{"@type":"BreadcrumbList","@id":"https:\/\/webdelmaestrocmf.com\/portal\/estos-son-los-3-retos-para-todos-los-maestros-en-el-2022\/#breadcrumb","itemListElement":[{"@type":"ListItem","position":1,"name":"Portada","item":"https:\/\/webdelmaestrocmf.com\/portal\/"},{"@type":"ListItem","position":2,"name":"Recursos","item":"https:\/\/webdelmaestrocmf.com\/portal\/category\/pedagogia\/"},{"@type":"ListItem","position":3,"name":"3 retos para todos los maestros para el nuevo inicio acad\u00e9mico"}]},{"@type":"WebSite","@id":"https:\/\/webdelmaestrocmf.com\/portal\/#website","url":"https:\/\/webdelmaestrocmf.com\/portal\/","name":"Web del Maestro CMF","description":"Maestros al servicio de la educaci\u00f3n","publisher":{"@id":"https:\/\/webdelmaestrocmf.com\/portal\/#organization"},"alternateName":"WMCMF","potentialAction":[{"@type":"SearchAction","target":{"@type":"EntryPoint","urlTemplate":"https:\/\/webdelmaestrocmf.com\/portal\/?s={search_term_string}"},"query-input":{"@type":"PropertyValueSpecification","valueRequired":true,"valueName":"search_term_string"}}],"inLanguage":"es"},{"@type":"Organization","@id":"https:\/\/webdelmaestrocmf.com\/portal\/#organization","name":"Web del Maestro CMF","alternateName":"WMCMF","url":"https:\/\/webdelmaestrocmf.com\/portal\/","logo":{"@type":"ImageObject","inLanguage":"es","@id":"https:\/\/webdelmaestrocmf.com\/portal\/#\/schema\/logo\/image\/","url":"https:\/\/webdelmaestrocmf.com\/portal\/wp-content\/uploads\/2023\/01\/logo-wmcmf-2.png","contentUrl":"https:\/\/webdelmaestrocmf.com\/portal\/wp-content\/uploads\/2023\/01\/logo-wmcmf-2.png","width":200,"height":60,"caption":"Web del Maestro CMF"},"image":{"@id":"https:\/\/webdelmaestrocmf.com\/portal\/#\/schema\/logo\/image\/"},"sameAs":["https:\/\/www.facebook.com\/WebdelMaestroCMF\/","https:\/\/x.com\/cmf_w","https:\/\/www.pinterest.com\/WMCMF\/","https:\/\/www.linkedin.com\/company\/web-del-maestro-cmf\/","https:\/\/www.instagram.com\/wmcmf\/","https:\/\/www.youtube.com\/channel\/UCDPSvjbdodE5sHnC3OxutHw","https:\/\/mastodon.social\/@wmcmf","https:\/\/www.tiktok.com\/@webdelmaestrocmf"]},{"@type":"Person","@id":"https:\/\/webdelmaestrocmf.com\/portal\/#\/schema\/person\/1072a2ed7bd960df8ef99a551fa35dc5","name":"Web del Maestro CMF","image":{"@type":"ImageObject","inLanguage":"es","@id":"https:\/\/secure.gravatar.com\/avatar\/23291dd5b5ae1077dcff3dbb04c3e02bd28403fa75af6d8787d5e97c5bbbe30b?s=96&d=mm&r=g","url":"https:\/\/secure.gravatar.com\/avatar\/23291dd5b5ae1077dcff3dbb04c3e02bd28403fa75af6d8787d5e97c5bbbe30b?s=96&d=mm&r=g","contentUrl":"https:\/\/secure.gravatar.com\/avatar\/23291dd5b5ae1077dcff3dbb04c3e02bd28403fa75af6d8787d5e97c5bbbe30b?s=96&d=mm&r=g","caption":"Web del Maestro CMF"},"description":"Esta Web se cre\u00f3 sin fines de lucro, con fines educativos, cient\u00edficos y acad\u00e9micos, para personas que tengan dificultades y\/o inconvenientes en visualizar el material original. El objetivo es entregar recursos, compartir experiencias y materiales que ayuden a los padres de familia, maestros y estudiantes en su actualizaci\u00f3n y formaci\u00f3n permanente, en bien de la Educaci\u00f3n.","sameAs":["http:\/\/webdelmaestrocmf.com\/portal","https:\/\/www.facebook.com\/WebdelMaestroCMF\/","https:\/\/www.instagram.com\/wmcmf\/","https:\/\/cl.linkedin.com\/company\/web-del-maestro-cmf","https:\/\/www.pinterest.com\/WMCMF\/publicaciones\/","https:\/\/x.com\/cmf_w","https:\/\/www.youtube.com\/@WMCMF"]}]}},"jetpack_featured_media_url":"https:\/\/webdelmaestrocmf.com\/portal\/wp-content\/uploads\/2022\/01\/1-21.jpg","jetpack_sharing_enabled":true,"jetpack-related-posts":[{"id":113522,"url":"https:\/\/webdelmaestrocmf.com\/portal\/la-escuela-del-siglo-xx-ya-murio-estas-son-las-competencias-que-un-docente-debe-dominar-hoy-competencias-digitales-emocionales-y-ambientales-o-el-alumno-queda-atras\/","url_meta":{"origin":72691,"position":0},"title":"La escuela del Siglo XX ya muri\u00f3. Estas son las competencias que un docente debe dominar hoy: competencias digitales, emocionales y ambientales\u2026 o el alumno queda atr\u00e1s","author":"Web del Maestro CMF","date":"17 noviembre, 2025","format":false,"excerpt":"La educaci\u00f3n cambi\u00f3: sin competencias digitales, emocionales y ambientales, el docente se queda atr\u00e1s\u2026 y arrastra al estudiante al rezago inevitable.","rel":"","context":"En \u00abCompetencias\u00bb","block_context":{"text":"Competencias","link":"https:\/\/webdelmaestrocmf.com\/portal\/category\/pedagogia\/competencias\/"},"img":{"alt_text":"","src":"https:\/\/i0.wp.com\/webdelmaestrocmf.com\/portal\/wp-content\/uploads\/2025\/11\/1A-Banner-1-portada-imagen-10-1-copia-7-1.webp?resize=350%2C200&ssl=1","width":350,"height":200,"srcset":"https:\/\/i0.wp.com\/webdelmaestrocmf.com\/portal\/wp-content\/uploads\/2025\/11\/1A-Banner-1-portada-imagen-10-1-copia-7-1.webp?resize=350%2C200&ssl=1 1x, https:\/\/i0.wp.com\/webdelmaestrocmf.com\/portal\/wp-content\/uploads\/2025\/11\/1A-Banner-1-portada-imagen-10-1-copia-7-1.webp?resize=525%2C300&ssl=1 1.5x, https:\/\/i0.wp.com\/webdelmaestrocmf.com\/portal\/wp-content\/uploads\/2025\/11\/1A-Banner-1-portada-imagen-10-1-copia-7-1.webp?resize=700%2C400&ssl=1 2x"},"classes":[]},{"id":107411,"url":"https:\/\/webdelmaestrocmf.com\/portal\/existe-una-nueva-brecha-digital-entre-profesores-y-alumnos-en-el-uso-de-la-ia\/","url_meta":{"origin":72691,"position":1},"title":"\u00bfExiste una \u201cnueva brecha digital\u201d entre profesores y alumnos en el uso de la IA?","author":"Web del Maestro CMF","date":"9 enero, 2025","format":false,"excerpt":"\"La inteligencia artificial no viene a reemplazar al docente, sino a interpelarlo: exige actualizar nuestras pr\u00e1cticas, cerrar la nueva brecha digital que separa a maestros de alumnos, y asumir con responsabilidad \u00e9tica el reto de educar en un mundo donde pensar sigue siendo m\u00e1s valioso que solo responder.\"","rel":"","context":"En \u00abYo opino - WMCMF\u00bb","block_context":{"text":"Yo opino - WMCMF","link":"https:\/\/webdelmaestrocmf.com\/portal\/category\/jamb\/"},"img":{"alt_text":"","src":"https:\/\/i0.wp.com\/webdelmaestrocmf.com\/portal\/wp-content\/uploads\/2025\/01\/1A-Banner-1-portada-imagen-10-1-13.jpg?resize=350%2C200&ssl=1","width":350,"height":200,"srcset":"https:\/\/i0.wp.com\/webdelmaestrocmf.com\/portal\/wp-content\/uploads\/2025\/01\/1A-Banner-1-portada-imagen-10-1-13.jpg?resize=350%2C200&ssl=1 1x, https:\/\/i0.wp.com\/webdelmaestrocmf.com\/portal\/wp-content\/uploads\/2025\/01\/1A-Banner-1-portada-imagen-10-1-13.jpg?resize=525%2C300&ssl=1 1.5x, https:\/\/i0.wp.com\/webdelmaestrocmf.com\/portal\/wp-content\/uploads\/2025\/01\/1A-Banner-1-portada-imagen-10-1-13.jpg?resize=700%2C400&ssl=1 2x"},"classes":[]},{"id":70421,"url":"https:\/\/webdelmaestrocmf.com\/portal\/carlos-massuh-las-tacs-y-el-reto-en-la-formacion-docente-actual\/","url_meta":{"origin":72691,"position":2},"title":"[Carlos Massuh] Las TACS y el reto en la formaci\u00f3n docente actual","author":"Web del Maestro CMF","date":"31 octubre, 2021","format":false,"excerpt":"La pandemia nos ha obligado a una educaci\u00f3n a distancia, en el mejor de los casos desde una conexi\u00f3n a internet; en otros desde mensajes de WhatsApp y en muchos casos en fichas qu\u00e9 los docentes hacen llegar a las casas de sus estudiantes. El aula dej\u00f3 de ser el\u2026","rel":"","context":"En \u00abZ-Colaboradores\u00bb","block_context":{"text":"Z-Colaboradores","link":"https:\/\/webdelmaestrocmf.com\/portal\/category\/colaborador\/"},"img":{"alt_text":"","src":"https:\/\/i0.wp.com\/webdelmaestrocmf.com\/portal\/wp-content\/uploads\/2021\/10\/1papa-3.jpg?resize=350%2C200&ssl=1","width":350,"height":200,"srcset":"https:\/\/i0.wp.com\/webdelmaestrocmf.com\/portal\/wp-content\/uploads\/2021\/10\/1papa-3.jpg?resize=350%2C200&ssl=1 1x, https:\/\/i0.wp.com\/webdelmaestrocmf.com\/portal\/wp-content\/uploads\/2021\/10\/1papa-3.jpg?resize=525%2C300&ssl=1 1.5x, https:\/\/i0.wp.com\/webdelmaestrocmf.com\/portal\/wp-content\/uploads\/2021\/10\/1papa-3.jpg?resize=700%2C400&ssl=1 2x, https:\/\/i0.wp.com\/webdelmaestrocmf.com\/portal\/wp-content\/uploads\/2021\/10\/1papa-3.jpg?resize=1050%2C600&ssl=1 3x"},"classes":[]},{"id":111920,"url":"https:\/\/webdelmaestrocmf.com\/portal\/liliana-gonzalez-la-escuela-no-es-tiktok-instagram-o-youtube-el-desafio-entre-lectura-y-consumo-digital\/","url_meta":{"origin":72691,"position":3},"title":"Liliana Gonz\u00e1lez: \u201cLa escuela no es TikTok, Instagram o YouTube\u201d, el desaf\u00edo entre lectura y consumo digital","author":"Web del Maestro CMF","date":"19 agosto, 2025","format":false,"excerpt":"La escuela no es TikTok: los j\u00f3venes buscan inmediatez digital mientras docentes enfrentan el reto de sostener atenci\u00f3n y lectura.","rel":"","context":"En \u00abEntrevistas\u00bb","block_context":{"text":"Entrevistas","link":"https:\/\/webdelmaestrocmf.com\/portal\/category\/noticias\/entrevistas\/"},"img":{"alt_text":"","src":"https:\/\/i0.wp.com\/webdelmaestrocmf.com\/portal\/wp-content\/uploads\/2025\/08\/1A-Banner-1-portada-imagen-10-1-copia-12.webp?resize=350%2C200&ssl=1","width":350,"height":200,"srcset":"https:\/\/i0.wp.com\/webdelmaestrocmf.com\/portal\/wp-content\/uploads\/2025\/08\/1A-Banner-1-portada-imagen-10-1-copia-12.webp?resize=350%2C200&ssl=1 1x, https:\/\/i0.wp.com\/webdelmaestrocmf.com\/portal\/wp-content\/uploads\/2025\/08\/1A-Banner-1-portada-imagen-10-1-copia-12.webp?resize=525%2C300&ssl=1 1.5x, https:\/\/i0.wp.com\/webdelmaestrocmf.com\/portal\/wp-content\/uploads\/2025\/08\/1A-Banner-1-portada-imagen-10-1-copia-12.webp?resize=700%2C400&ssl=1 2x"},"classes":[]},{"id":111597,"url":"https:\/\/webdelmaestrocmf.com\/portal\/el-papa-leon-xiv-hace-el-siguiente-llamado-vayan-a-reparar-las-redes\/","url_meta":{"origin":72691,"position":4},"title":"El papa Le\u00f3n XIV hace el siguiente llamado: \u201cvayan a reparar las redes\u201d","author":"Web del Maestro CMF","date":"29 julio, 2025","format":false,"excerpt":"Construir redes de amor, reparar v\u00ednculos rotos y llevar esperanza digital: esa es la misi\u00f3n que el Papa nos conf\u00eda.","rel":"","context":"En \u00abMundo cart\u00f3lico\u00bb","block_context":{"text":"Mundo cart\u00f3lico","link":"https:\/\/webdelmaestrocmf.com\/portal\/category\/pastoral\/"},"img":{"alt_text":"","src":"https:\/\/i0.wp.com\/webdelmaestrocmf.com\/portal\/wp-content\/uploads\/2025\/07\/1A-Banner-1-portada-imagen-10-1-copia-88.webp?resize=350%2C200&ssl=1","width":350,"height":200,"srcset":"https:\/\/i0.wp.com\/webdelmaestrocmf.com\/portal\/wp-content\/uploads\/2025\/07\/1A-Banner-1-portada-imagen-10-1-copia-88.webp?resize=350%2C200&ssl=1 1x, https:\/\/i0.wp.com\/webdelmaestrocmf.com\/portal\/wp-content\/uploads\/2025\/07\/1A-Banner-1-portada-imagen-10-1-copia-88.webp?resize=525%2C300&ssl=1 1.5x, https:\/\/i0.wp.com\/webdelmaestrocmf.com\/portal\/wp-content\/uploads\/2025\/07\/1A-Banner-1-portada-imagen-10-1-copia-88.webp?resize=700%2C400&ssl=1 2x"},"classes":[]},{"id":112385,"url":"https:\/\/webdelmaestrocmf.com\/portal\/adios-al-papel-japon-permitira-el-uso-exclusivo-de-libros-de-texto-digitales-en-los-colegios-para-el-ano-2030\/","url_meta":{"origin":72691,"position":5},"title":"\u00a1Adi\u00f3s al papel! Jap\u00f3n permitir\u00e1 el uso exclusivo de libros de texto digitales en los colegios para el a\u00f1o 2030","author":"Web del Maestro CMF","date":"1 octubre, 2025","format":false,"excerpt":"El Ministerio de Educaci\u00f3n de Jap\u00f3n aprob\u00f3 una medida por la cual las escuelas p\u00fablicas podr\u00e1n usar libros de texto completamente digitales para el a\u00f1o 2030, sin necesidad de que haya versiones impresas.","rel":"","context":"En \u00abNoticias Internacionales\u00bb","block_context":{"text":"Noticias Internacionales","link":"https:\/\/webdelmaestrocmf.com\/portal\/category\/noticias-internacionales\/"},"img":{"alt_text":"","src":"https:\/\/i0.wp.com\/webdelmaestrocmf.com\/portal\/wp-content\/uploads\/2025\/10\/1A-Banner-1-portada-imagen-10-1-copia-1.webp?resize=350%2C200&ssl=1","width":350,"height":200,"srcset":"https:\/\/i0.wp.com\/webdelmaestrocmf.com\/portal\/wp-content\/uploads\/2025\/10\/1A-Banner-1-portada-imagen-10-1-copia-1.webp?resize=350%2C200&ssl=1 1x, https:\/\/i0.wp.com\/webdelmaestrocmf.com\/portal\/wp-content\/uploads\/2025\/10\/1A-Banner-1-portada-imagen-10-1-copia-1.webp?resize=525%2C300&ssl=1 1.5x, https:\/\/i0.wp.com\/webdelmaestrocmf.com\/portal\/wp-content\/uploads\/2025\/10\/1A-Banner-1-portada-imagen-10-1-copia-1.webp?resize=700%2C400&ssl=1 2x"},"classes":[]}],"_links":{"self":[{"href":"https:\/\/webdelmaestrocmf.com\/portal\/wp-json\/wp\/v2\/posts\/72691","targetHints":{"allow":["GET"]}}],"collection":[{"href":"https:\/\/webdelmaestrocmf.com\/portal\/wp-json\/wp\/v2\/posts"}],"about":[{"href":"https:\/\/webdelmaestrocmf.com\/portal\/wp-json\/wp\/v2\/types\/post"}],"author":[{"embeddable":true,"href":"https:\/\/webdelmaestrocmf.com\/portal\/wp-json\/wp\/v2\/users\/1"}],"replies":[{"embeddable":true,"href":"https:\/\/webdelmaestrocmf.com\/portal\/wp-json\/wp\/v2\/comments?post=72691"}],"version-history":[{"count":0,"href":"https:\/\/webdelmaestrocmf.com\/portal\/wp-json\/wp\/v2\/posts\/72691\/revisions"}],"wp:featuredmedia":[{"embeddable":true,"href":"https:\/\/webdelmaestrocmf.com\/portal\/wp-json\/wp\/v2\/media\/72694"}],"wp:attachment":[{"href":"https:\/\/webdelmaestrocmf.com\/portal\/wp-json\/wp\/v2\/media?parent=72691"}],"wp:term":[{"taxonomy":"category","embeddable":true,"href":"https:\/\/webdelmaestrocmf.com\/portal\/wp-json\/wp\/v2\/categories?post=72691"},{"taxonomy":"post_tag","embeddable":true,"href":"https:\/\/webdelmaestrocmf.com\/portal\/wp-json\/wp\/v2\/tags?post=72691"}],"curies":[{"name":"wp","href":"https:\/\/api.w.org\/{rel}","templated":true}]}}