{"id":72685,"date":"2023-11-20T12:40:35","date_gmt":"2023-11-20T15:40:35","guid":{"rendered":"https:\/\/webdelmaestrocmf.com\/portal\/?p=72685"},"modified":"2023-11-21T10:32:16","modified_gmt":"2023-11-21T13:32:16","slug":"que-hacer-cuando-los-alumnos-rechazan-al-docente-o-a-su-asignatura","status":"publish","type":"post","link":"https:\/\/webdelmaestrocmf.com\/portal\/que-hacer-cuando-los-alumnos-rechazan-al-docente-o-a-su-asignatura\/","title":{"rendered":"Qu\u00e9 hacer si los ni\u00f1os rechazan al docente o a su asignatura"},"content":{"rendered":"<p style=\"text-align: justify;\"><strong>Que un ni\u00f1o de tres o cuatro a\u00f1os no quiera ir al colegio puede ser bastante habitual. Pero cuando el ni\u00f1o no quiere ir solo un d\u00eda en concreto, te hace sospechar. Resulta que mi hijo comenz\u00f3 a decir que no quer\u00eda ir al colegio los mi\u00e9rcoles. Solo los mi\u00e9rcoles. No quer\u00eda explicar por qu\u00e9. Pero la noche anterior, no pod\u00eda dormir. Ten\u00eda pesadillas y lloraba desconsolado por la ma\u00f1ana.<\/strong><\/p>\n<p><!--more--><\/p>\n<p style=\"text-align: justify;\">\u00bfPero por qu\u00e9 no quer\u00eda ir solo ese d\u00eda? Y me di cuenta de que era el \u00fanico d\u00eda en el que ten\u00eda una asignatura que impart\u00eda una profesora en concreto, disciplinada y de car\u00e1cter fuerte.<\/p>\n<p>Art\u00edculo relacionado: <a title=\"Ir a WMCMF\" href=\"https:\/\/webdelmaestrocmf.com\/portal\/rechazo-antipatia-las-matematicas\/\" target=\"_top\" rel=\"noopener\">\u00bfPor qu\u00e9 el rechazo o antipat\u00eda a las matem\u00e1ticas?<\/a><\/p>\n<p style=\"text-align: justify;\">Mi hijo empezaba a odiar su asignatura, porque la profesora le daba p\u00e1nico.<\/p>\n<h2 id=\"header0\" style=\"text-align: left;\">Qu\u00e9 hacer si al ni\u00f1o no le gusta un profesor<\/h2>\n<p style=\"text-align: justify;\">Puede ser el ingl\u00e9s, las matem\u00e1ticas, la religi\u00f3n&#8230; puede ser cualquier asignatura. Si a un ni\u00f1o no le gusta estudiar algo en concreto, puede ser por dos causas:<\/p>\n<ul style=\"text-align: justify;\">\n<li>Que no le guste la persona que imparte la asignatura\u00a0o c\u00f3mo se est\u00e1 impartiendo.<\/li>\n<li>Que no le gusten los conocimientos que imparte esa asignatura.<\/li>\n<\/ul>\n<p style=\"text-align: justify;\">En ambos casos, lo m\u00e1s conveniente es <strong>hablar con el profesor<\/strong> que imparte la asignatura. Preguntarle si el ni\u00f1o se muestra indiferente en clase, si se despista con facilidad, o si se muestra\u00a0reticente a participar. <strong>Intentar encontrar el porqu\u00e9 se da ese rechazo.<\/strong> [&#8230;]\u00a0 Luego depender\u00e1 mucho de la actitud del profesor: si es receptivo a las sugerencias de los padres o si se cierra de forma en\u00e9rgica ante cualquier comentario.<\/p>\n<p style=\"text-align: justify;\">En mi caso, la \u00fanica respuesta que consegu\u00ed de la profesora de aires marciales fue un &#8216;pues c\u00e1mbiale de asignatura&#8217;.<\/p>\n<figure id=\"attachment_100655\" aria-describedby=\"caption-attachment-100655\" style=\"width: 800px\" class=\"wp-caption alignnone\"><img loading=\"lazy\" decoding=\"async\" class=\"size-full wp-image-100655\" src=\"https:\/\/webdelmaestrocmf.com\/portal\/wp-content\/uploads\/2023\/01\/AF6QYNmoW0AA4t6-22.jpg\" alt=\" ni\u00f1os rechazan al docente\" width=\"800\" height=\"418\" srcset=\"https:\/\/webdelmaestrocmf.com\/portal\/wp-content\/uploads\/2023\/01\/AF6QYNmoW0AA4t6-22.jpg 800w, https:\/\/webdelmaestrocmf.com\/portal\/wp-content\/uploads\/2023\/01\/AF6QYNmoW0AA4t6-22-300x157.jpg 300w, https:\/\/webdelmaestrocmf.com\/portal\/wp-content\/uploads\/2023\/01\/AF6QYNmoW0AA4t6-22-768x401.jpg 768w, https:\/\/webdelmaestrocmf.com\/portal\/wp-content\/uploads\/2023\/01\/AF6QYNmoW0AA4t6-22-380x199.jpg 380w, https:\/\/webdelmaestrocmf.com\/portal\/wp-content\/uploads\/2023\/01\/AF6QYNmoW0AA4t6-22-550x287.jpg 550w\" sizes=\"auto, (max-width: 800px) 100vw, 800px\" \/><figcaption id=\"caption-attachment-100655\" class=\"wp-caption-text\">ni\u00f1os rechazan al docente<\/figcaption><\/figure>\n<h2 id=\"header1\" style=\"text-align: left;\">Cuando al ni\u00f1o no le gusta una asignatura<\/h2>\n<p style=\"text-align: justify;\">Tambi\u00e9n se puede dar el caso de que el ni\u00f1o adore al profesor pero odie la asignatura. [&#8230;] Hay asignaturas que exigen razonamiento, un mayor esfuerzo o ciertas destrezas. Y hay ni\u00f1os o alumnos que desarrollan ciertas capacidades antes que otros. Por eso, los ni\u00f1os o alumnos m\u00e1s exigentes pueden sentirse &#8216;frustrados&#8217; y rechazar aquella asignatura en donde no son capaces de sobresalir.<\/p>\n<p style=\"text-align: justify;\">En este caso, lo que debemos hacer es<strong> intentar potenciar esos conocimientos de otra forma.<\/strong> Se puede aprender algo concreto de muchas formas diferentes. Si una no funciona \u00bfpor qu\u00e9 no intentar otro camino? [&#8230;]<\/p>\n<p style=\"text-align: justify;\"><strong>La clave est\u00e1 en atraer el inter\u00e9s del ni\u00f1o. Crear ilusi\u00f3n.<\/strong> Y es que, cualquier conocimiento nuevo, bien explicado, no tiene por qu\u00e9 ser aburrido.<\/p>\n<p><strong>Este contenido de la periodista Estefan\u00eda Esteban, que compartimos por motivos \u00fanicamente educativos y de formaci\u00f3n permanente, ha sido publicado originalmente por Gu\u00eda infantil, y puede usted leer \u00edntegramente en la siguiente direcci\u00f3n: <a title=\"Ir a guiainfantil\" href=\"https:\/\/www.guiainfantil.com\/blog\/educacion\/escuela-colegio\/cuando-al-nino-no-le-gusta-una-asignatura\/?fbclid=IwAR2apI9CMQ8tJaDBb9lqis0DRSBOUMyTbNijRR6DXoETLxhm-juf-5dXsBU\" target=\"_blank\" rel=\"noopener\">guiainfantil.com<\/a><\/strong><\/p>\n\t\t<div class=\"pk-inline-posts\">\n\t\t\t\n\t\t\t<div class=\"pk-inline-posts-container pk-inline-posts-template-list\"\n\t\t\t\tdata-columns=\"1\">\n\t\t\t\t\t\t<article id=\"post-118381\" class=\"post-118381 post type-post status-publish format-standard has-post-thumbnail category-bienestar-familiar category-pedagogia tag-aprendizaje tag-autonomia-3 tag-crianza-consciente tag-desarrollo-infantil tag-docentes tag-educacion-infantil tag-empatia-2 tag-funciones-ejecutivas tag-padres tag-responsabilidad cs-entry cs-video-wrap\">\n\t\t\t<div class=\"pk-post-outer\">\n\n\t\t\t\t\t\t\t\t<div class=\"pk-post-inner\">\n\t\t\t\t\t<div class=\"entry-thumbnail\">\n\t\t\t\t\t\t<div class=\"pk-overlay pk-overlay-ratio pk-ratio-landscape\">\n\t\t\t\t\t\t\t<div class=\"pk-overlay-background\">\n\t\t\t\t\t\t\t\t<a href=\"https:\/\/webdelmaestrocmf.com\/portal\/si-tu-hijo-hace-estas-3-cosas-felicidades-tienes-un-hijo-listo-para-toda-la-vida\/\" class=\"pk-overlay-link\">\n\t\t\t\t\t\t\t\t\t<img loading=\"lazy\" decoding=\"async\" width=\"300\" height=\"225\" src=\"https:\/\/webdelmaestrocmf.com\/portal\/wp-content\/uploads\/2026\/04\/1AA-Banner-1-portada-imagen-10-1-copia-3-7-300x225.webp\" class=\"attachment-pk-thumbnail size-pk-thumbnail wp-post-image\" alt=\"\" \/>\t\t\t\t\t\t\t\t<\/a>\n\t\t\t\t\t\t\t<\/div>\n\t\t\t\t\t\t<\/div>\n\t\t\t\t\t<\/div>\n\t\t\t\t<\/div>\n\t\t\t\t\n\t\t\t\t<div class=\"pk-post-inner\">\n\t\t\t\t\t<header>\n\t\t\t\t\t\t<h3 class=\"pk-title\"><a href=\"https:\/\/webdelmaestrocmf.com\/portal\/si-tu-hijo-hace-estas-3-cosas-felicidades-tienes-un-hijo-listo-para-toda-la-vida\/\" rel=\"bookmark\">Si tu hijo hace estas 3 cosas, felicidades: tienes un hijo listo para toda la vida<\/a><\/h3>\t\t\t\t\t<\/header><!-- .entry-header -->\n\t\t\t\t<\/div><!-- .post-inner -->\n\n\t\t\t<\/div><!-- .post-outer -->\n\t\t<\/article>\n\t\t\t<article id=\"post-118371\" class=\"post-118371 post type-post status-publish format-standard has-post-thumbnail category-bienestar-familiar category-pedagogia tag-aprendizaje-social tag-bienestar-infantil tag-conducta-infantil tag-crianza-consciente tag-desarrollo-infantil tag-disciplina-positiva-2 tag-educacion-emocional-3 tag-regulacion-emocional-2 tag-rol-docente tag-vinculo-afectivo-2 cs-entry cs-video-wrap\">\n\t\t\t<div class=\"pk-post-outer\">\n\n\t\t\t\t\t\t\t\t<div class=\"pk-post-inner\">\n\t\t\t\t\t<div class=\"entry-thumbnail\">\n\t\t\t\t\t\t<div class=\"pk-overlay pk-overlay-ratio pk-ratio-landscape\">\n\t\t\t\t\t\t\t<div class=\"pk-overlay-background\">\n\t\t\t\t\t\t\t\t<a href=\"https:\/\/webdelmaestrocmf.com\/portal\/no-importa-si-grita-papa-o-mama-importa-la-frecuencia-y-la-huella-que-deja-en-el-nino\/\" class=\"pk-overlay-link\">\n\t\t\t\t\t\t\t\t\t<img loading=\"lazy\" decoding=\"async\" width=\"300\" height=\"225\" src=\"https:\/\/webdelmaestrocmf.com\/portal\/wp-content\/uploads\/2026\/04\/1AA-Banner-1-portada-imagen-10-1-copia-2-8-300x225.webp\" class=\"attachment-pk-thumbnail size-pk-thumbnail wp-post-image\" alt=\"\" \/>\t\t\t\t\t\t\t\t<\/a>\n\t\t\t\t\t\t\t<\/div>\n\t\t\t\t\t\t<\/div>\n\t\t\t\t\t<\/div>\n\t\t\t\t<\/div>\n\t\t\t\t\n\t\t\t\t<div class=\"pk-post-inner\">\n\t\t\t\t\t<header>\n\t\t\t\t\t\t<h3 class=\"pk-title\"><a href=\"https:\/\/webdelmaestrocmf.com\/portal\/no-importa-si-grita-papa-o-mama-importa-la-frecuencia-y-la-huella-que-deja-en-el-nino\/\" rel=\"bookmark\">No importa si grita pap\u00e1 o mam\u00e1\u2026 importa la frecuencia y la huella que deja en el ni\u00f1o<\/a><\/h3>\t\t\t\t\t<\/header><!-- .entry-header -->\n\t\t\t\t<\/div><!-- .post-inner -->\n\n\t\t\t<\/div><!-- .post-outer -->\n\t\t<\/article>\n\t\t\t<article id=\"post-38151\" class=\"post-38151 post type-post status-publish format-standard has-post-thumbnail category-bienestar-familiar category-pedagogia tag-alumno tag-construccion tag-educar tag-ensenar tag-escuela tag-familia tag-hijo cs-entry cs-video-wrap\">\n\t\t\t<div class=\"pk-post-outer\">\n\n\t\t\t\t\t\t\t\t<div class=\"pk-post-inner\">\n\t\t\t\t\t<div class=\"entry-thumbnail\">\n\t\t\t\t\t\t<div class=\"pk-overlay pk-overlay-ratio pk-ratio-landscape\">\n\t\t\t\t\t\t\t<div class=\"pk-overlay-background\">\n\t\t\t\t\t\t\t\t<a href=\"https:\/\/webdelmaestrocmf.com\/portal\/la-construccion-de-un-hijo-alumno-la-familia-tiene-que-educar-para-que-la-escuela-pueda-ensenar\/\" class=\"pk-overlay-link\">\n\t\t\t\t\t\t\t\t\t<img loading=\"lazy\" decoding=\"async\" width=\"300\" height=\"225\" src=\"https:\/\/webdelmaestrocmf.com\/portal\/wp-content\/uploads\/2026\/04\/1AA-Banner-1-portada-imagen-10-1-copia-7-3-300x225.webp\" class=\"attachment-pk-thumbnail size-pk-thumbnail wp-post-image\" alt=\"\" \/>\t\t\t\t\t\t\t\t<\/a>\n\t\t\t\t\t\t\t<\/div>\n\t\t\t\t\t\t<\/div>\n\t\t\t\t\t<\/div>\n\t\t\t\t<\/div>\n\t\t\t\t\n\t\t\t\t<div class=\"pk-post-inner\">\n\t\t\t\t\t<header>\n\t\t\t\t\t\t<h3 class=\"pk-title\"><a href=\"https:\/\/webdelmaestrocmf.com\/portal\/la-construccion-de-un-hijo-alumno-la-familia-tiene-que-educar-para-que-la-escuela-pueda-ensenar\/\" rel=\"bookmark\">La familia tiene que educar para que la escuela pueda ense\u00f1ar<\/a><\/h3>\t\t\t\t\t<\/header><!-- .entry-header -->\n\t\t\t\t<\/div><!-- .post-inner -->\n\n\t\t\t<\/div><!-- .post-outer -->\n\t\t<\/article>\n\t\t\t\t<\/div>\n\t\t<\/div>\n\t\t\n","protected":false},"excerpt":{"rendered":"Que un ni\u00f1o de tres o cuatro a\u00f1os no quiera ir al colegio puede ser bastante habitual. Pero&hellip;","protected":false},"author":1,"featured_media":72690,"comment_status":"open","ping_status":"closed","sticky":false,"template":"","format":"standard","meta":{"csco_display_header_overlay":false,"csco_singular_sidebar":"default","csco_page_header_type":"default","csco_page_load_nextpost":"default","csco_post_video_location":[],"csco_post_video_location_hash":"","csco_post_video_url":"","csco_post_video_bg_start_time":0,"csco_post_video_bg_end_time":0,"csco_post_video_bg_volume":false,"_jetpack_memberships_contains_paid_content":false,"footnotes":""},"categories":[464,735],"tags":[299,2726,13936,23199,23200,297,342,14479,2536],"class_list":{"0":"post-72685","1":"post","2":"type-post","3":"status-publish","4":"format-standard","5":"has-post-thumbnail","7":"category-bienestar-familiar","8":"category-pedagogia","9":"tag-alumnos","10":"tag-asignatura","11":"tag-gusta","12":"tag-nino-no-le-gusta-un-profesor","13":"tag-nino-no-le-gusta-una-asignatura","14":"tag-ninos","15":"tag-profesor","16":"tag-rechazan","17":"tag-rechazo","18":"cs-entry","19":"cs-video-wrap"},"yoast_head":"<!-- This site is optimized with the Yoast SEO plugin v27.5 - https:\/\/yoast.com\/product\/yoast-seo-wordpress\/ -->\n<title>Qu\u00e9 hacer si los ni\u00f1os rechazan al docente o a su asignatura - 2026<\/title>\n<meta name=\"description\" content=\"Que un ni\u00f1o de tres o cuatro a\u00f1os\u00a0no quiera ir al colegio\u00a0puede ser bastante habitual. Pero cuando el ni\u00f1o no quiere ir s\u00f3lo un d\u00eda en...\" \/>\n<meta name=\"robots\" content=\"index, follow, max-snippet:-1, max-image-preview:large, max-video-preview:-1\" \/>\n<link rel=\"canonical\" href=\"https:\/\/webdelmaestrocmf.com\/portal\/que-hacer-cuando-los-alumnos-rechazan-al-docente-o-a-su-asignatura\/\" \/>\n<meta property=\"og:locale\" content=\"es_ES\" \/>\n<meta property=\"og:type\" content=\"article\" \/>\n<meta property=\"og:title\" content=\"Qu\u00e9 hacer si los ni\u00f1os rechazan al docente o a su asignatura - 2026\" \/>\n<meta property=\"og:description\" content=\"Que un ni\u00f1o de tres o cuatro a\u00f1os\u00a0no quiera ir al colegio\u00a0puede ser bastante habitual. Pero cuando el ni\u00f1o no quiere ir s\u00f3lo un d\u00eda en...\" \/>\n<meta property=\"og:url\" content=\"https:\/\/webdelmaestrocmf.com\/portal\/que-hacer-cuando-los-alumnos-rechazan-al-docente-o-a-su-asignatura\/\" \/>\n<meta property=\"og:site_name\" content=\"Web del Maestro CMF\" \/>\n<meta property=\"article:publisher\" content=\"https:\/\/www.facebook.com\/WebdelMaestroCMF\/\" \/>\n<meta property=\"article:author\" content=\"https:\/\/www.facebook.com\/WebdelMaestroCMF\/\" \/>\n<meta property=\"article:published_time\" content=\"2023-11-20T15:40:35+00:00\" \/>\n<meta property=\"article:modified_time\" content=\"2023-11-21T13:32:16+00:00\" \/>\n<meta property=\"og:image\" content=\"https:\/\/webdelmaestrocmf.com\/portal\/wp-content\/uploads\/2022\/01\/1-19.jpg\" \/>\n\t<meta property=\"og:image:width\" content=\"1100\" \/>\n\t<meta property=\"og:image:height\" content=\"680\" \/>\n\t<meta property=\"og:image:type\" content=\"image\/jpeg\" \/>\n<meta name=\"author\" content=\"Web del Maestro CMF\" \/>\n<meta name=\"twitter:card\" content=\"summary_large_image\" \/>\n<meta name=\"twitter:creator\" content=\"@cmf_w\" \/>\n<meta name=\"twitter:site\" content=\"@cmf_w\" \/>\n<script type=\"application\/ld+json\" class=\"yoast-schema-graph\">{\"@context\":\"https:\\\/\\\/schema.org\",\"@graph\":[{\"@type\":\"ScholarlyArticle\",\"@id\":\"https:\\\/\\\/webdelmaestrocmf.com\\\/portal\\\/que-hacer-cuando-los-alumnos-rechazan-al-docente-o-a-su-asignatura\\\/#article\",\"isPartOf\":{\"@id\":\"https:\\\/\\\/webdelmaestrocmf.com\\\/portal\\\/que-hacer-cuando-los-alumnos-rechazan-al-docente-o-a-su-asignatura\\\/\"},\"author\":{\"name\":\"Web del Maestro CMF\",\"@id\":\"https:\\\/\\\/webdelmaestrocmf.com\\\/portal\\\/#\\\/schema\\\/person\\\/1072a2ed7bd960df8ef99a551fa35dc5\"},\"headline\":\"Qu\u00e9 hacer si los ni\u00f1os rechazan al docente o a su asignatura\",\"datePublished\":\"2023-11-20T15:40:35+00:00\",\"dateModified\":\"2023-11-21T13:32:16+00:00\",\"mainEntityOfPage\":{\"@id\":\"https:\\\/\\\/webdelmaestrocmf.com\\\/portal\\\/que-hacer-cuando-los-alumnos-rechazan-al-docente-o-a-su-asignatura\\\/\"},\"wordCount\":520,\"commentCount\":0,\"publisher\":{\"@id\":\"https:\\\/\\\/webdelmaestrocmf.com\\\/portal\\\/#organization\"},\"image\":{\"@id\":\"https:\\\/\\\/webdelmaestrocmf.com\\\/portal\\\/que-hacer-cuando-los-alumnos-rechazan-al-docente-o-a-su-asignatura\\\/#primaryimage\"},\"thumbnailUrl\":\"https:\\\/\\\/webdelmaestrocmf.com\\\/portal\\\/wp-content\\\/uploads\\\/2022\\\/01\\\/1-19.jpg\",\"keywords\":[\"alumnos\",\"ASIGNATURA\",\"gusta\",\"ni\u00f1o no le gusta un profesor\",\"ni\u00f1o no le gusta una asignatura\",\"Ni\u00f1os\",\"profesor\",\"rechazan\",\"RECHAZO\"],\"articleSection\":[\"Bienestar Familiar\",\"Recursos\"],\"inLanguage\":\"es\",\"potentialAction\":[{\"@type\":\"CommentAction\",\"name\":\"Comment\",\"target\":[\"https:\\\/\\\/webdelmaestrocmf.com\\\/portal\\\/que-hacer-cuando-los-alumnos-rechazan-al-docente-o-a-su-asignatura\\\/#respond\"]}]},{\"@type\":\"WebPage\",\"@id\":\"https:\\\/\\\/webdelmaestrocmf.com\\\/portal\\\/que-hacer-cuando-los-alumnos-rechazan-al-docente-o-a-su-asignatura\\\/\",\"url\":\"https:\\\/\\\/webdelmaestrocmf.com\\\/portal\\\/que-hacer-cuando-los-alumnos-rechazan-al-docente-o-a-su-asignatura\\\/\",\"name\":\"Qu\u00e9 hacer si los ni\u00f1os rechazan al docente o a su asignatura - 2026\",\"isPartOf\":{\"@id\":\"https:\\\/\\\/webdelmaestrocmf.com\\\/portal\\\/#website\"},\"primaryImageOfPage\":{\"@id\":\"https:\\\/\\\/webdelmaestrocmf.com\\\/portal\\\/que-hacer-cuando-los-alumnos-rechazan-al-docente-o-a-su-asignatura\\\/#primaryimage\"},\"image\":{\"@id\":\"https:\\\/\\\/webdelmaestrocmf.com\\\/portal\\\/que-hacer-cuando-los-alumnos-rechazan-al-docente-o-a-su-asignatura\\\/#primaryimage\"},\"thumbnailUrl\":\"https:\\\/\\\/webdelmaestrocmf.com\\\/portal\\\/wp-content\\\/uploads\\\/2022\\\/01\\\/1-19.jpg\",\"datePublished\":\"2023-11-20T15:40:35+00:00\",\"dateModified\":\"2023-11-21T13:32:16+00:00\",\"description\":\"Que un ni\u00f1o de tres o cuatro a\u00f1os\u00a0no quiera ir al colegio\u00a0puede ser bastante habitual. Pero cuando el ni\u00f1o no quiere ir s\u00f3lo un d\u00eda en...\",\"breadcrumb\":{\"@id\":\"https:\\\/\\\/webdelmaestrocmf.com\\\/portal\\\/que-hacer-cuando-los-alumnos-rechazan-al-docente-o-a-su-asignatura\\\/#breadcrumb\"},\"inLanguage\":\"es\",\"potentialAction\":[{\"@type\":\"ReadAction\",\"target\":[\"https:\\\/\\\/webdelmaestrocmf.com\\\/portal\\\/que-hacer-cuando-los-alumnos-rechazan-al-docente-o-a-su-asignatura\\\/\"]}]},{\"@type\":\"ImageObject\",\"inLanguage\":\"es\",\"@id\":\"https:\\\/\\\/webdelmaestrocmf.com\\\/portal\\\/que-hacer-cuando-los-alumnos-rechazan-al-docente-o-a-su-asignatura\\\/#primaryimage\",\"url\":\"https:\\\/\\\/webdelmaestrocmf.com\\\/portal\\\/wp-content\\\/uploads\\\/2022\\\/01\\\/1-19.jpg\",\"contentUrl\":\"https:\\\/\\\/webdelmaestrocmf.com\\\/portal\\\/wp-content\\\/uploads\\\/2022\\\/01\\\/1-19.jpg\",\"width\":1100,\"height\":680,\"caption\":\"ni\u00f1os rechazan al docente\"},{\"@type\":\"BreadcrumbList\",\"@id\":\"https:\\\/\\\/webdelmaestrocmf.com\\\/portal\\\/que-hacer-cuando-los-alumnos-rechazan-al-docente-o-a-su-asignatura\\\/#breadcrumb\",\"itemListElement\":[{\"@type\":\"ListItem\",\"position\":1,\"name\":\"Portada\",\"item\":\"https:\\\/\\\/webdelmaestrocmf.com\\\/portal\\\/\"},{\"@type\":\"ListItem\",\"position\":2,\"name\":\"Recursos\",\"item\":\"https:\\\/\\\/webdelmaestrocmf.com\\\/portal\\\/category\\\/pedagogia\\\/\"},{\"@type\":\"ListItem\",\"position\":3,\"name\":\"Qu\u00e9 hacer si los ni\u00f1os rechazan al docente o a su asignatura\"}]},{\"@type\":\"WebSite\",\"@id\":\"https:\\\/\\\/webdelmaestrocmf.com\\\/portal\\\/#website\",\"url\":\"https:\\\/\\\/webdelmaestrocmf.com\\\/portal\\\/\",\"name\":\"Web del Maestro CMF\",\"description\":\"Maestros al servicio de la educaci\u00f3n\",\"publisher\":{\"@id\":\"https:\\\/\\\/webdelmaestrocmf.com\\\/portal\\\/#organization\"},\"alternateName\":\"WMCMF\",\"potentialAction\":[{\"@type\":\"SearchAction\",\"target\":{\"@type\":\"EntryPoint\",\"urlTemplate\":\"https:\\\/\\\/webdelmaestrocmf.com\\\/portal\\\/?s={search_term_string}\"},\"query-input\":{\"@type\":\"PropertyValueSpecification\",\"valueRequired\":true,\"valueName\":\"search_term_string\"}}],\"inLanguage\":\"es\"},{\"@type\":\"Organization\",\"@id\":\"https:\\\/\\\/webdelmaestrocmf.com\\\/portal\\\/#organization\",\"name\":\"Web del Maestro CMF\",\"alternateName\":\"WMCMF\",\"url\":\"https:\\\/\\\/webdelmaestrocmf.com\\\/portal\\\/\",\"logo\":{\"@type\":\"ImageObject\",\"inLanguage\":\"es\",\"@id\":\"https:\\\/\\\/webdelmaestrocmf.com\\\/portal\\\/#\\\/schema\\\/logo\\\/image\\\/\",\"url\":\"https:\\\/\\\/webdelmaestrocmf.com\\\/portal\\\/wp-content\\\/uploads\\\/2023\\\/01\\\/logo-wmcmf-2.png\",\"contentUrl\":\"https:\\\/\\\/webdelmaestrocmf.com\\\/portal\\\/wp-content\\\/uploads\\\/2023\\\/01\\\/logo-wmcmf-2.png\",\"width\":200,\"height\":60,\"caption\":\"Web del Maestro CMF\"},\"image\":{\"@id\":\"https:\\\/\\\/webdelmaestrocmf.com\\\/portal\\\/#\\\/schema\\\/logo\\\/image\\\/\"},\"sameAs\":[\"https:\\\/\\\/www.facebook.com\\\/WebdelMaestroCMF\\\/\",\"https:\\\/\\\/x.com\\\/cmf_w\",\"https:\\\/\\\/www.pinterest.com\\\/WMCMF\\\/\",\"https:\\\/\\\/www.linkedin.com\\\/company\\\/web-del-maestro-cmf\\\/\",\"https:\\\/\\\/www.instagram.com\\\/wmcmf\\\/\",\"https:\\\/\\\/www.youtube.com\\\/channel\\\/UCDPSvjbdodE5sHnC3OxutHw\",\"https:\\\/\\\/mastodon.social\\\/@wmcmf\",\"https:\\\/\\\/www.tiktok.com\\\/@webdelmaestrocmf\"]},{\"@type\":\"Person\",\"@id\":\"https:\\\/\\\/webdelmaestrocmf.com\\\/portal\\\/#\\\/schema\\\/person\\\/1072a2ed7bd960df8ef99a551fa35dc5\",\"name\":\"Web del Maestro CMF\",\"image\":{\"@type\":\"ImageObject\",\"inLanguage\":\"es\",\"@id\":\"https:\\\/\\\/secure.gravatar.com\\\/avatar\\\/23291dd5b5ae1077dcff3dbb04c3e02bd28403fa75af6d8787d5e97c5bbbe30b?s=96&d=mm&r=g\",\"url\":\"https:\\\/\\\/secure.gravatar.com\\\/avatar\\\/23291dd5b5ae1077dcff3dbb04c3e02bd28403fa75af6d8787d5e97c5bbbe30b?s=96&d=mm&r=g\",\"contentUrl\":\"https:\\\/\\\/secure.gravatar.com\\\/avatar\\\/23291dd5b5ae1077dcff3dbb04c3e02bd28403fa75af6d8787d5e97c5bbbe30b?s=96&d=mm&r=g\",\"caption\":\"Web del Maestro CMF\"},\"description\":\"Esta Web se cre\u00f3 sin fines de lucro, con fines educativos, cient\u00edficos y acad\u00e9micos, para personas que tengan dificultades y\\\/o inconvenientes en visualizar el material original. El objetivo es entregar recursos, compartir experiencias y materiales que ayuden a los padres de familia, maestros y estudiantes en su actualizaci\u00f3n y formaci\u00f3n permanente, en bien de la Educaci\u00f3n.\",\"sameAs\":[\"http:\\\/\\\/webdelmaestrocmf.com\\\/portal\",\"https:\\\/\\\/www.facebook.com\\\/WebdelMaestroCMF\\\/\",\"https:\\\/\\\/www.instagram.com\\\/wmcmf\\\/\",\"https:\\\/\\\/cl.linkedin.com\\\/company\\\/web-del-maestro-cmf\",\"https:\\\/\\\/www.pinterest.com\\\/WMCMF\\\/publicaciones\\\/\",\"https:\\\/\\\/x.com\\\/cmf_w\",\"https:\\\/\\\/www.youtube.com\\\/@WMCMF\"]}]}<\/script>\n<!-- \/ Yoast SEO plugin. -->","yoast_head_json":{"title":"Qu\u00e9 hacer si los ni\u00f1os rechazan al docente o a su asignatura - 2026","description":"Que un ni\u00f1o de tres o cuatro a\u00f1os\u00a0no quiera ir al colegio\u00a0puede ser bastante habitual. Pero cuando el ni\u00f1o no quiere ir s\u00f3lo un d\u00eda en...","robots":{"index":"index","follow":"follow","max-snippet":"max-snippet:-1","max-image-preview":"max-image-preview:large","max-video-preview":"max-video-preview:-1"},"canonical":"https:\/\/webdelmaestrocmf.com\/portal\/que-hacer-cuando-los-alumnos-rechazan-al-docente-o-a-su-asignatura\/","og_locale":"es_ES","og_type":"article","og_title":"Qu\u00e9 hacer si los ni\u00f1os rechazan al docente o a su asignatura - 2026","og_description":"Que un ni\u00f1o de tres o cuatro a\u00f1os\u00a0no quiera ir al colegio\u00a0puede ser bastante habitual. Pero cuando el ni\u00f1o no quiere ir s\u00f3lo un d\u00eda en...","og_url":"https:\/\/webdelmaestrocmf.com\/portal\/que-hacer-cuando-los-alumnos-rechazan-al-docente-o-a-su-asignatura\/","og_site_name":"Web del Maestro CMF","article_publisher":"https:\/\/www.facebook.com\/WebdelMaestroCMF\/","article_author":"https:\/\/www.facebook.com\/WebdelMaestroCMF\/","article_published_time":"2023-11-20T15:40:35+00:00","article_modified_time":"2023-11-21T13:32:16+00:00","og_image":[{"width":1100,"height":680,"url":"https:\/\/webdelmaestrocmf.com\/portal\/wp-content\/uploads\/2022\/01\/1-19.jpg","type":"image\/jpeg"}],"author":"Web del Maestro CMF","twitter_card":"summary_large_image","twitter_creator":"@cmf_w","twitter_site":"@cmf_w","schema":{"@context":"https:\/\/schema.org","@graph":[{"@type":"ScholarlyArticle","@id":"https:\/\/webdelmaestrocmf.com\/portal\/que-hacer-cuando-los-alumnos-rechazan-al-docente-o-a-su-asignatura\/#article","isPartOf":{"@id":"https:\/\/webdelmaestrocmf.com\/portal\/que-hacer-cuando-los-alumnos-rechazan-al-docente-o-a-su-asignatura\/"},"author":{"name":"Web del Maestro CMF","@id":"https:\/\/webdelmaestrocmf.com\/portal\/#\/schema\/person\/1072a2ed7bd960df8ef99a551fa35dc5"},"headline":"Qu\u00e9 hacer si los ni\u00f1os rechazan al docente o a su asignatura","datePublished":"2023-11-20T15:40:35+00:00","dateModified":"2023-11-21T13:32:16+00:00","mainEntityOfPage":{"@id":"https:\/\/webdelmaestrocmf.com\/portal\/que-hacer-cuando-los-alumnos-rechazan-al-docente-o-a-su-asignatura\/"},"wordCount":520,"commentCount":0,"publisher":{"@id":"https:\/\/webdelmaestrocmf.com\/portal\/#organization"},"image":{"@id":"https:\/\/webdelmaestrocmf.com\/portal\/que-hacer-cuando-los-alumnos-rechazan-al-docente-o-a-su-asignatura\/#primaryimage"},"thumbnailUrl":"https:\/\/webdelmaestrocmf.com\/portal\/wp-content\/uploads\/2022\/01\/1-19.jpg","keywords":["alumnos","ASIGNATURA","gusta","ni\u00f1o no le gusta un profesor","ni\u00f1o no le gusta una asignatura","Ni\u00f1os","profesor","rechazan","RECHAZO"],"articleSection":["Bienestar Familiar","Recursos"],"inLanguage":"es","potentialAction":[{"@type":"CommentAction","name":"Comment","target":["https:\/\/webdelmaestrocmf.com\/portal\/que-hacer-cuando-los-alumnos-rechazan-al-docente-o-a-su-asignatura\/#respond"]}]},{"@type":"WebPage","@id":"https:\/\/webdelmaestrocmf.com\/portal\/que-hacer-cuando-los-alumnos-rechazan-al-docente-o-a-su-asignatura\/","url":"https:\/\/webdelmaestrocmf.com\/portal\/que-hacer-cuando-los-alumnos-rechazan-al-docente-o-a-su-asignatura\/","name":"Qu\u00e9 hacer si los ni\u00f1os rechazan al docente o a su asignatura - 2026","isPartOf":{"@id":"https:\/\/webdelmaestrocmf.com\/portal\/#website"},"primaryImageOfPage":{"@id":"https:\/\/webdelmaestrocmf.com\/portal\/que-hacer-cuando-los-alumnos-rechazan-al-docente-o-a-su-asignatura\/#primaryimage"},"image":{"@id":"https:\/\/webdelmaestrocmf.com\/portal\/que-hacer-cuando-los-alumnos-rechazan-al-docente-o-a-su-asignatura\/#primaryimage"},"thumbnailUrl":"https:\/\/webdelmaestrocmf.com\/portal\/wp-content\/uploads\/2022\/01\/1-19.jpg","datePublished":"2023-11-20T15:40:35+00:00","dateModified":"2023-11-21T13:32:16+00:00","description":"Que un ni\u00f1o de tres o cuatro a\u00f1os\u00a0no quiera ir al colegio\u00a0puede ser bastante habitual. Pero cuando el ni\u00f1o no quiere ir s\u00f3lo un d\u00eda en...","breadcrumb":{"@id":"https:\/\/webdelmaestrocmf.com\/portal\/que-hacer-cuando-los-alumnos-rechazan-al-docente-o-a-su-asignatura\/#breadcrumb"},"inLanguage":"es","potentialAction":[{"@type":"ReadAction","target":["https:\/\/webdelmaestrocmf.com\/portal\/que-hacer-cuando-los-alumnos-rechazan-al-docente-o-a-su-asignatura\/"]}]},{"@type":"ImageObject","inLanguage":"es","@id":"https:\/\/webdelmaestrocmf.com\/portal\/que-hacer-cuando-los-alumnos-rechazan-al-docente-o-a-su-asignatura\/#primaryimage","url":"https:\/\/webdelmaestrocmf.com\/portal\/wp-content\/uploads\/2022\/01\/1-19.jpg","contentUrl":"https:\/\/webdelmaestrocmf.com\/portal\/wp-content\/uploads\/2022\/01\/1-19.jpg","width":1100,"height":680,"caption":"ni\u00f1os rechazan al docente"},{"@type":"BreadcrumbList","@id":"https:\/\/webdelmaestrocmf.com\/portal\/que-hacer-cuando-los-alumnos-rechazan-al-docente-o-a-su-asignatura\/#breadcrumb","itemListElement":[{"@type":"ListItem","position":1,"name":"Portada","item":"https:\/\/webdelmaestrocmf.com\/portal\/"},{"@type":"ListItem","position":2,"name":"Recursos","item":"https:\/\/webdelmaestrocmf.com\/portal\/category\/pedagogia\/"},{"@type":"ListItem","position":3,"name":"Qu\u00e9 hacer si los ni\u00f1os rechazan al docente o a su asignatura"}]},{"@type":"WebSite","@id":"https:\/\/webdelmaestrocmf.com\/portal\/#website","url":"https:\/\/webdelmaestrocmf.com\/portal\/","name":"Web del Maestro CMF","description":"Maestros al servicio de la educaci\u00f3n","publisher":{"@id":"https:\/\/webdelmaestrocmf.com\/portal\/#organization"},"alternateName":"WMCMF","potentialAction":[{"@type":"SearchAction","target":{"@type":"EntryPoint","urlTemplate":"https:\/\/webdelmaestrocmf.com\/portal\/?s={search_term_string}"},"query-input":{"@type":"PropertyValueSpecification","valueRequired":true,"valueName":"search_term_string"}}],"inLanguage":"es"},{"@type":"Organization","@id":"https:\/\/webdelmaestrocmf.com\/portal\/#organization","name":"Web del Maestro CMF","alternateName":"WMCMF","url":"https:\/\/webdelmaestrocmf.com\/portal\/","logo":{"@type":"ImageObject","inLanguage":"es","@id":"https:\/\/webdelmaestrocmf.com\/portal\/#\/schema\/logo\/image\/","url":"https:\/\/webdelmaestrocmf.com\/portal\/wp-content\/uploads\/2023\/01\/logo-wmcmf-2.png","contentUrl":"https:\/\/webdelmaestrocmf.com\/portal\/wp-content\/uploads\/2023\/01\/logo-wmcmf-2.png","width":200,"height":60,"caption":"Web del Maestro CMF"},"image":{"@id":"https:\/\/webdelmaestrocmf.com\/portal\/#\/schema\/logo\/image\/"},"sameAs":["https:\/\/www.facebook.com\/WebdelMaestroCMF\/","https:\/\/x.com\/cmf_w","https:\/\/www.pinterest.com\/WMCMF\/","https:\/\/www.linkedin.com\/company\/web-del-maestro-cmf\/","https:\/\/www.instagram.com\/wmcmf\/","https:\/\/www.youtube.com\/channel\/UCDPSvjbdodE5sHnC3OxutHw","https:\/\/mastodon.social\/@wmcmf","https:\/\/www.tiktok.com\/@webdelmaestrocmf"]},{"@type":"Person","@id":"https:\/\/webdelmaestrocmf.com\/portal\/#\/schema\/person\/1072a2ed7bd960df8ef99a551fa35dc5","name":"Web del Maestro CMF","image":{"@type":"ImageObject","inLanguage":"es","@id":"https:\/\/secure.gravatar.com\/avatar\/23291dd5b5ae1077dcff3dbb04c3e02bd28403fa75af6d8787d5e97c5bbbe30b?s=96&d=mm&r=g","url":"https:\/\/secure.gravatar.com\/avatar\/23291dd5b5ae1077dcff3dbb04c3e02bd28403fa75af6d8787d5e97c5bbbe30b?s=96&d=mm&r=g","contentUrl":"https:\/\/secure.gravatar.com\/avatar\/23291dd5b5ae1077dcff3dbb04c3e02bd28403fa75af6d8787d5e97c5bbbe30b?s=96&d=mm&r=g","caption":"Web del Maestro CMF"},"description":"Esta Web se cre\u00f3 sin fines de lucro, con fines educativos, cient\u00edficos y acad\u00e9micos, para personas que tengan dificultades y\/o inconvenientes en visualizar el material original. El objetivo es entregar recursos, compartir experiencias y materiales que ayuden a los padres de familia, maestros y estudiantes en su actualizaci\u00f3n y formaci\u00f3n permanente, en bien de la Educaci\u00f3n.","sameAs":["http:\/\/webdelmaestrocmf.com\/portal","https:\/\/www.facebook.com\/WebdelMaestroCMF\/","https:\/\/www.instagram.com\/wmcmf\/","https:\/\/cl.linkedin.com\/company\/web-del-maestro-cmf","https:\/\/www.pinterest.com\/WMCMF\/publicaciones\/","https:\/\/x.com\/cmf_w","https:\/\/www.youtube.com\/@WMCMF"]}]}},"jetpack_featured_media_url":"https:\/\/webdelmaestrocmf.com\/portal\/wp-content\/uploads\/2022\/01\/1-19.jpg","jetpack_sharing_enabled":true,"jetpack-related-posts":[{"id":108413,"url":"https:\/\/webdelmaestrocmf.com\/portal\/la-madre-de-un-nino-con-altas-capacidades-los-profesores-no-estan-formados-para-tratar-a-estos-alumnos\/","url_meta":{"origin":72685,"position":0},"title":"La madre de un ni\u00f1o con altas capacidades: \u00abLos profesores no est\u00e1n formados para tratar a estos alumnos\u00bb","author":"Web del Maestro CMF","date":"18 marzo, 2025","format":false,"excerpt":"El hijo de\u00a0M\u00f3nica Berd\u00fan,\u00a0de 11 a\u00f1os, comenz\u00f3 a ser\u00a0\"disruptivo\"\u00a0en la escuela\u00a0hace cuatro, cuando ten\u00eda 7. \"Era un ni\u00f1o que ten\u00eda\u00a0sed de conocimiento,\u00a0siempre quer\u00eda saber cosas y, de repente, no quer\u00eda ir al colegio\", relata la madre.\u00a0\u00c0lex es el segundo hijo de Berd\u00fan,\u00a0y ella ya ve\u00eda que hab\u00eda cosas\u00a0en las que\u2026","rel":"","context":"En \u00abNoticias Internacionales\u00bb","block_context":{"text":"Noticias Internacionales","link":"https:\/\/webdelmaestrocmf.com\/portal\/category\/noticias-internacionales\/"},"img":{"alt_text":"","src":"https:\/\/i0.wp.com\/webdelmaestrocmf.com\/portal\/wp-content\/uploads\/2025\/03\/1A-Banner-1-portada-imagen-10-1-9.jpg?resize=350%2C200&ssl=1","width":350,"height":200,"srcset":"https:\/\/i0.wp.com\/webdelmaestrocmf.com\/portal\/wp-content\/uploads\/2025\/03\/1A-Banner-1-portada-imagen-10-1-9.jpg?resize=350%2C200&ssl=1 1x, https:\/\/i0.wp.com\/webdelmaestrocmf.com\/portal\/wp-content\/uploads\/2025\/03\/1A-Banner-1-portada-imagen-10-1-9.jpg?resize=525%2C300&ssl=1 1.5x, https:\/\/i0.wp.com\/webdelmaestrocmf.com\/portal\/wp-content\/uploads\/2025\/03\/1A-Banner-1-portada-imagen-10-1-9.jpg?resize=700%2C400&ssl=1 2x"},"classes":[]},{"id":15643,"url":"https:\/\/webdelmaestrocmf.com\/portal\/cesar-bona-veces-cuesta-convencer-los-padres-lo-hacemos-lo-mejor-hijos\/","url_meta":{"origin":72685,"position":1},"title":"C\u00e9sar Bona: Cuesta convencer a los padres que lo que hacemos es lo mejor para sus hijos","author":"Web del Maestro CMF","date":"21 abril, 2023","format":false,"excerpt":"Los padres tambi\u00e9n deben asumir que el maestro es un profesional y hay que seguir sus consejos.","rel":"","context":"En \u00abEntrevistas\u00bb","block_context":{"text":"Entrevistas","link":"https:\/\/webdelmaestrocmf.com\/portal\/category\/noticias\/entrevistas\/"},"img":{"alt_text":"","src":"https:\/\/i0.wp.com\/webdelmaestrocmf.com\/portal\/wp-content\/uploads\/2017\/03\/A12B3C4D-18.jpg?resize=350%2C200&ssl=1","width":350,"height":200,"srcset":"https:\/\/i0.wp.com\/webdelmaestrocmf.com\/portal\/wp-content\/uploads\/2017\/03\/A12B3C4D-18.jpg?resize=350%2C200&ssl=1 1x, https:\/\/i0.wp.com\/webdelmaestrocmf.com\/portal\/wp-content\/uploads\/2017\/03\/A12B3C4D-18.jpg?resize=525%2C300&ssl=1 1.5x, https:\/\/i0.wp.com\/webdelmaestrocmf.com\/portal\/wp-content\/uploads\/2017\/03\/A12B3C4D-18.jpg?resize=700%2C400&ssl=1 2x"},"classes":[]},{"id":38508,"url":"https:\/\/webdelmaestrocmf.com\/portal\/el-teatro-ensena-algo-que-es-muy-importante-que-es-el-trabajo-en-equipo\/","url_meta":{"origin":72685,"position":2},"title":"El teatro ense\u00f1a algo que es muy importante, que es el trabajo en equipo","author":"Web del Maestro CMF","date":"2 noviembre, 2021","format":"video","excerpt":"Carlos L\u00f3pez Hip\u00f3lito (Madrid, 1956) es hijo de un arquitecto y una ama de casa aficionada al teatro, quien le llevaba tantas veces como pod\u00eda. Ha recibido m\u00e1s de veinte premios de gran relevancia dentro del mundo de la actuaci\u00f3n. Para \u00e9l \u201cen el teatro cl\u00e1sico se encuentra todo. El\u2026","rel":"","context":"En \u00abCharlas\u00bb","block_context":{"text":"Charlas","link":"https:\/\/webdelmaestrocmf.com\/portal\/category\/charlas\/"},"img":{"alt_text":"","src":"https:\/\/i0.wp.com\/webdelmaestrocmf.com\/portal\/wp-content\/uploads\/2021\/11\/A12B3C4D-13.jpg?resize=350%2C200&ssl=1","width":350,"height":200,"srcset":"https:\/\/i0.wp.com\/webdelmaestrocmf.com\/portal\/wp-content\/uploads\/2021\/11\/A12B3C4D-13.jpg?resize=350%2C200&ssl=1 1x, https:\/\/i0.wp.com\/webdelmaestrocmf.com\/portal\/wp-content\/uploads\/2021\/11\/A12B3C4D-13.jpg?resize=525%2C300&ssl=1 1.5x, https:\/\/i0.wp.com\/webdelmaestrocmf.com\/portal\/wp-content\/uploads\/2021\/11\/A12B3C4D-13.jpg?resize=700%2C400&ssl=1 2x"},"classes":[]},{"id":32444,"url":"https:\/\/webdelmaestrocmf.com\/portal\/la-educacion-de-las-ninas-ha-sido-aprender-a-sufrir\/","url_meta":{"origin":72685,"position":3},"title":"La educaci\u00f3n de las ni\u00f1as ha sido aprender a sufrir","author":"Web del Maestro CMF","date":"22 octubre, 2018","format":false,"excerpt":"Marina Subirats Martori (Barcelona, Espa\u00f1a 1943) es una soci\u00f3loga, gestora p\u00fablica, pol\u00edtica y fil\u00f3sofa espa\u00f1ola. Fue directora del Instituto de la Mujer (Ministerio de Asuntos Sociales). Concejala de Educaci\u00f3n y catedr\u00e1tica em\u00e9rita de Sociolog\u00eda de la Universidad Aut\u00f3noma de Barcelona, es especialista en sociolog\u00eda de la educaci\u00f3n y sociolog\u00eda de\u2026","rel":"","context":"En \u00abCharlas\u00bb","block_context":{"text":"Charlas","link":"https:\/\/webdelmaestrocmf.com\/portal\/category\/charlas\/"},"img":{"alt_text":"","src":"https:\/\/i0.wp.com\/webdelmaestrocmf.com\/portal\/wp-content\/uploads\/2018\/10\/1-45.jpg?resize=350%2C200&ssl=1","width":350,"height":200,"srcset":"https:\/\/i0.wp.com\/webdelmaestrocmf.com\/portal\/wp-content\/uploads\/2018\/10\/1-45.jpg?resize=350%2C200&ssl=1 1x, https:\/\/i0.wp.com\/webdelmaestrocmf.com\/portal\/wp-content\/uploads\/2018\/10\/1-45.jpg?resize=525%2C300&ssl=1 1.5x, https:\/\/i0.wp.com\/webdelmaestrocmf.com\/portal\/wp-content\/uploads\/2018\/10\/1-45.jpg?resize=700%2C400&ssl=1 2x, https:\/\/i0.wp.com\/webdelmaestrocmf.com\/portal\/wp-content\/uploads\/2018\/10\/1-45.jpg?resize=1050%2C600&ssl=1 3x"},"classes":[]},{"id":31953,"url":"https:\/\/webdelmaestrocmf.com\/portal\/no-nos-han-formado-como-emisores-nos-han-formado-solo-como-receptores\/","url_meta":{"origin":72685,"position":4},"title":"NO NOS HAN FORMADO COMO EMISORES, NOS HAN FORMADO SOLO COMO RECEPTORES","author":"Web del Maestro CMF","date":"1 octubre, 2018","format":false,"excerpt":"El licenciado en periodismo por la Universidad Aut\u00f3noma de Barcelona, ingeniero t\u00e9cnico industrial por la Universidad Polit\u00e9cnica de Catalu\u00f1a, y Doctor en Sociolog\u00eda (Econom\u00eda Aplicada) por la Universidad Complutense de Madrid, Manuel Campo Vidal (Huesca, Espa\u00f1a, 1951); es autor de libros como: \u201ceres lo que comunicas\u201d, \u201c\u00bfPor qu\u00e9 los profesionales\u2026","rel":"","context":"En \u00abCharlas\u00bb","block_context":{"text":"Charlas","link":"https:\/\/webdelmaestrocmf.com\/portal\/category\/charlas\/"},"img":{"alt_text":"","src":"https:\/\/i0.wp.com\/webdelmaestrocmf.com\/portal\/wp-content\/uploads\/2018\/10\/1-3.jpg?resize=350%2C200&ssl=1","width":350,"height":200,"srcset":"https:\/\/i0.wp.com\/webdelmaestrocmf.com\/portal\/wp-content\/uploads\/2018\/10\/1-3.jpg?resize=350%2C200&ssl=1 1x, https:\/\/i0.wp.com\/webdelmaestrocmf.com\/portal\/wp-content\/uploads\/2018\/10\/1-3.jpg?resize=525%2C300&ssl=1 1.5x, https:\/\/i0.wp.com\/webdelmaestrocmf.com\/portal\/wp-content\/uploads\/2018\/10\/1-3.jpg?resize=700%2C400&ssl=1 2x, https:\/\/i0.wp.com\/webdelmaestrocmf.com\/portal\/wp-content\/uploads\/2018\/10\/1-3.jpg?resize=1050%2C600&ssl=1 3x"},"classes":[]},{"id":27768,"url":"https:\/\/webdelmaestrocmf.com\/portal\/la-verdadera-educacion-es-la-que-combina-las-materias-con-las-habilidades\/","url_meta":{"origin":72685,"position":5},"title":"La verdadera educaci\u00f3n, es la que combina las materias con las habilidades","author":"Web del Maestro CMF","date":"2 marzo, 2021","format":"video","excerpt":"Eva Millet Malagarriga (Barcelona, Espa\u00f1a,1968) es periodista, licenciada en Ciencias de la Informaci\u00f3n por la Universitat Aut\u00f2noma de Barcelona. Ha trabajado en The Guardian y la BBC. Es colaboradora habitual del Magazine de La Vanguardia y de otros suplementos. Como una an\u00e9cdota personal desde el 2002 (al nacer su primer\u2026","rel":"","context":"En \u00abCharlas\u00bb","block_context":{"text":"Charlas","link":"https:\/\/webdelmaestrocmf.com\/portal\/category\/charlas\/"},"img":{"alt_text":"","src":"https:\/\/i0.wp.com\/webdelmaestrocmf.com\/portal\/wp-content\/uploads\/2018\/05\/1-154.jpg?resize=350%2C200&ssl=1","width":350,"height":200,"srcset":"https:\/\/i0.wp.com\/webdelmaestrocmf.com\/portal\/wp-content\/uploads\/2018\/05\/1-154.jpg?resize=350%2C200&ssl=1 1x, https:\/\/i0.wp.com\/webdelmaestrocmf.com\/portal\/wp-content\/uploads\/2018\/05\/1-154.jpg?resize=525%2C300&ssl=1 1.5x, https:\/\/i0.wp.com\/webdelmaestrocmf.com\/portal\/wp-content\/uploads\/2018\/05\/1-154.jpg?resize=700%2C400&ssl=1 2x, https:\/\/i0.wp.com\/webdelmaestrocmf.com\/portal\/wp-content\/uploads\/2018\/05\/1-154.jpg?resize=1050%2C600&ssl=1 3x"},"classes":[]}],"_links":{"self":[{"href":"https:\/\/webdelmaestrocmf.com\/portal\/wp-json\/wp\/v2\/posts\/72685","targetHints":{"allow":["GET"]}}],"collection":[{"href":"https:\/\/webdelmaestrocmf.com\/portal\/wp-json\/wp\/v2\/posts"}],"about":[{"href":"https:\/\/webdelmaestrocmf.com\/portal\/wp-json\/wp\/v2\/types\/post"}],"author":[{"embeddable":true,"href":"https:\/\/webdelmaestrocmf.com\/portal\/wp-json\/wp\/v2\/users\/1"}],"replies":[{"embeddable":true,"href":"https:\/\/webdelmaestrocmf.com\/portal\/wp-json\/wp\/v2\/comments?post=72685"}],"version-history":[{"count":0,"href":"https:\/\/webdelmaestrocmf.com\/portal\/wp-json\/wp\/v2\/posts\/72685\/revisions"}],"wp:featuredmedia":[{"embeddable":true,"href":"https:\/\/webdelmaestrocmf.com\/portal\/wp-json\/wp\/v2\/media\/72690"}],"wp:attachment":[{"href":"https:\/\/webdelmaestrocmf.com\/portal\/wp-json\/wp\/v2\/media?parent=72685"}],"wp:term":[{"taxonomy":"category","embeddable":true,"href":"https:\/\/webdelmaestrocmf.com\/portal\/wp-json\/wp\/v2\/categories?post=72685"},{"taxonomy":"post_tag","embeddable":true,"href":"https:\/\/webdelmaestrocmf.com\/portal\/wp-json\/wp\/v2\/tags?post=72685"}],"curies":[{"name":"wp","href":"https:\/\/api.w.org\/{rel}","templated":true}]}}