{"id":72072,"date":"2021-12-16T15:40:10","date_gmt":"2021-12-16T18:40:10","guid":{"rendered":"https:\/\/webdelmaestrocmf.com\/portal\/?p=72072"},"modified":"2021-12-16T15:43:40","modified_gmt":"2021-12-16T18:43:40","slug":"baul-del-docente-canciones-de-navidad-origen-de-las-mas-populares","status":"publish","type":"post","link":"https:\/\/webdelmaestrocmf.com\/portal\/baul-del-docente-canciones-de-navidad-origen-de-las-mas-populares\/","title":{"rendered":"[Ba\u00fal del Docente] Canciones de Navidad: Origen de las m\u00e1s populares"},"content":{"rendered":"<h5 style=\"text-align: justify;\">Estimados docentes: Los villancicos y canciones de Navidad nos conectan con el pasado, con nuestra infancia, con un mundo que ya no existe \u2013sin televisi\u00f3n, sin Google, sin WhatsApp-, nos hacen revivir las relaciones familiares como eran antes de la explosi\u00f3n cibern\u00e9tica, nos traen de vuelta la Navidad sin tantos comerciales publicitarios, sin tanto tr\u00e1fico, sin tantas tensiones sobre qu\u00e9 regalar, qu\u00e9 comer, qu\u00e9 comprar.<\/h5>\n<p><!--more--><\/p>\n<h5 style=\"text-align: justify;\">Algunas de ellas son tan antiguas que, de pensarlo nada m\u00e1s, uno se sorprende. En este post vamos a encontrar esas historias m\u00e1gicas del pasado en que una melod\u00eda bastaba para ilusionarnos con estas fechas, m\u00e1s all\u00e1 del significado religioso, por un lado, y de la fiebre por las compras y ventas, por otro, que es el que lamentablemente est\u00e1 m\u00e1s presente en los medios de comunicaci\u00f3n y hasta en las casas de la gente.<\/h5>\n<p style=\"text-align: justify;\">Noche de paz, por ejemplo, tiene m\u00e1s de 200 a\u00f1os de antig\u00fcedad y sigue sonando en tiendas, parlantes y restaurantes en estos d\u00edas de la tercera d\u00e9cada del siglo 21. Canciones como Feliz Navidad de Jos\u00e9 Feliciano o las conmovedoras canciones de Jos\u00e9 Luis Perales, fueron escritas en la d\u00e9cada de los setenta. Y as\u00ed por el estilo, nos encontramos con esta alucinante realidad de reverenciar \u2013algo que no suele ocurrir con otros g\u00e9neros musicales- composiciones de \u00e9pocas tan pasadas e inexistentes solo por el valioso hecho de activar emociones como la ilusi\u00f3n, la esperanza, la fe o el cari\u00f1o por nuestros seres queridos.<\/p>\n<p style=\"text-align: justify;\">A pocos d\u00edas de una nueva Navidad nos preguntamos \u00bfcu\u00e1les son tus canciones favoritas para estas fechas? \u00bflas compartir\u00edas con nosotros?<\/p>\n<p style=\"text-align: justify;\">Lectura recomendada: <a href=\"https:\/\/blog.derrama.org.pe\/los-villancicos-esas-canciones-siempre-nos-acompanan-navidad\/\" target=\"_blank\" rel=\"noopener\"><strong>LOS VILLANCICOS: CANCIONES QUE SIEMPRE NOS ACOMPA\u00d1AN EN NAVIDAD<\/strong><\/a><strong>\u00a0<\/strong><\/p>\n<p style=\"text-align: justify;\"><strong>EL DATO<\/strong><\/p>\n<ul style=\"text-align: justify;\">\n<li>Las canciones navide\u00f1as nos suelen traer recuerdos de la infancia, pero tambi\u00e9n evocan muchas emociones. Siempre he pensado que la navidad es la \u00e9poca en la que volvemos a ser m\u00e1s personas, a tener los sentimientos m\u00e1s a flor de piel.<\/li>\n<li>La ya mencionada Last Christmas de Wham! cumple este a\u00f1o 34 primaveras\u2026 perd\u00f3n Navidades. El single sali\u00f3 al mercado en diciembre de 1984. Pues bien, seg\u00fan un estudio de Performing Rights Society, es decir, la sociedad de autores brit\u00e1nica, Last Christmas es el villancico que m\u00e1s veces ha sonado en los \u00faltimos a\u00f1os. Incre\u00edble pero cierto. Last Christmas genera cada a\u00f1o 8 millones de euros en derechos de autor.<\/li>\n<li>El villancico m\u00e1s popular de todos los tiempos es, sin duda, Noche de Paz. Este entra\u00f1able villancico vio la luz en 1818 como \u201cStille Nacht, heilige Nacht\u201d (Noche en silencio, noche santa) de la mano del organista austriaco Franz Xaver Gruber. Se ha traducido a m\u00e1s de 300 idiomas. P<\/li>\n<\/ul>\n<p style=\"text-align: justify;\">Fuente:<\/p>\n<ul style=\"text-align: justify;\">\n<li><a href=\"https:\/\/topsigloxx.com\/canciones-de-navidad\/\" target=\"_blank\" rel=\"noopener\"><strong>TOP SIGLO XX.COM<\/strong><\/a> <a href=\"https:\/\/topsigloxx.com\/canciones-de-navidad\/\" target=\"_blank\" rel=\"noopener\"><strong>CANCIONES DE NAVIDAD<\/strong><\/a><\/li>\n<\/ul>\n<p style=\"text-align: justify;\"><strong>NOTA DE REDACCI\u00d3N: <\/strong>La Web del Maestro CMF publica los textos originales de su autor, no necesariamente coincide con lo expuesto en el tema, no se hace responsable de las opiniones expresadas, y no promociona ning\u00fan producto, servicio, marca o empresa. Sugerimos a nuestros lectores conocer la identidad de la fuente o de su autor o autores, para tener mayores elementos de juicio y la pertinencia a su realidad educativa.<\/p>\n<table class=\" alignleft\" border=\"0\" width=\"100%\" cellspacing=\"10\" cellpadding=\"10\">\n<tbody>\n<tr>\n<td style=\"text-align: center;\" width=\"30%\"><strong><img loading=\"lazy\" decoding=\"async\" class=\"size-full wp-image-62269 aligncenter\" src=\"https:\/\/webdelmaestrocmf.com\/portal\/wp-content\/uploads\/2021\/04\/1-136.jpg\" alt=\"\" width=\"200\" height=\"200\" srcset=\"https:\/\/webdelmaestrocmf.com\/portal\/wp-content\/uploads\/2021\/04\/1-136.jpg 200w, https:\/\/webdelmaestrocmf.com\/portal\/wp-content\/uploads\/2021\/04\/1-136-150x150.jpg 150w, https:\/\/webdelmaestrocmf.com\/portal\/wp-content\/uploads\/2021\/04\/1-136-80x80.jpg 80w, https:\/\/webdelmaestrocmf.com\/portal\/wp-content\/uploads\/2021\/04\/1-136-110x110.jpg 110w, https:\/\/webdelmaestrocmf.com\/portal\/wp-content\/uploads\/2021\/04\/1-136-160x160.jpg 160w\" sizes=\"auto, (max-width: 200px) 100vw, 200px\" \/><\/strong><br \/>\nEste art\u00edculo ha sido publicado en el blog Ba\u00fal del Docente, portal de recursos educativos de la Derrama Magisterial del Per\u00fa, y lo puede encontrar en este enlace: <a href=\"https:\/\/bauldocente.pe\/\" target=\"_blank\" rel=\"noopener\"><strong>BLOG BA\u00daL DEL DOCENTE<\/strong><\/a>.<br \/>\nY este es el enlace del Profesor <strong>Jorge Luis Tineo Rendon: <\/strong><a href=\"mailto:jtineo@derrama.org.pe\">jtineo@derrama.org.pe<\/a>.<strong><br \/>\n<\/strong><\/td>\n<\/tr>\n<\/tbody>\n<\/table>\n<p style=\"text-align: left;\">.<\/p>\n\t\t<div class=\"pk-inline-posts\">\n\t\t\t\n\t\t\t<div class=\"pk-inline-posts-container pk-inline-posts-template-list\"\n\t\t\t\tdata-columns=\"1\">\n\t\t\t\t\t\t<article id=\"post-106869\" class=\"post-106869 post type-post status-publish format-standard has-post-thumbnail category-colaborador category-z-colaboradores-baul-del-docente tag-baul-del-docente tag-criticas tag-exageraciones tag-prevencion tag-tecnologia cs-entry cs-video-wrap\">\n\t\t\t<div class=\"pk-post-outer\">\n\n\t\t\t\t\t\t\t\t<div class=\"pk-post-inner\">\n\t\t\t\t\t<div class=\"entry-thumbnail\">\n\t\t\t\t\t\t<div class=\"pk-overlay pk-overlay-ratio pk-ratio-landscape\">\n\t\t\t\t\t\t\t<div class=\"pk-overlay-background\">\n\t\t\t\t\t\t\t\t<a href=\"https:\/\/webdelmaestrocmf.com\/portal\/baul-del-docente-criticas-a-la-tecnologia-prevencion-o-exageraciones\/\" class=\"pk-overlay-link\">\n\t\t\t\t\t\t\t\t\t<img loading=\"lazy\" decoding=\"async\" width=\"300\" height=\"225\" src=\"https:\/\/webdelmaestrocmf.com\/portal\/wp-content\/uploads\/2024\/11\/Banner-1-portada-imagen-10-1-30-300x225.jpg\" class=\"attachment-pk-thumbnail size-pk-thumbnail wp-post-image\" alt=\"\" \/>\t\t\t\t\t\t\t\t<\/a>\n\t\t\t\t\t\t\t<\/div>\n\t\t\t\t\t\t<\/div>\n\t\t\t\t\t<\/div>\n\t\t\t\t<\/div>\n\t\t\t\t\n\t\t\t\t<div class=\"pk-post-inner\">\n\t\t\t\t\t<header>\n\t\t\t\t\t\t<h3 class=\"pk-title\"><a href=\"https:\/\/webdelmaestrocmf.com\/portal\/baul-del-docente-criticas-a-la-tecnologia-prevencion-o-exageraciones\/\" rel=\"bookmark\">[Ba\u00fal del docente] Cr\u00edticas a la tecnolog\u00eda: \u00bfPrevenci\u00f3n o exageraciones?<\/a><\/h3>\t\t\t\t\t<\/header><!-- .entry-header -->\n\t\t\t\t<\/div><!-- .post-inner -->\n\n\t\t\t<\/div><!-- .post-outer -->\n\t\t<\/article>\n\t\t\t\t<\/div>\n\t\t<\/div>\n\t\t\n","protected":false},"excerpt":{"rendered":"Estimados docentes: Los villancicos y canciones de Navidad nos conectan con el pasado, con nuestra infancia, con un&hellip;","protected":false},"author":1,"featured_media":72073,"comment_status":"open","ping_status":"closed","sticky":false,"template":"","format":"standard","meta":{"csco_display_header_overlay":false,"csco_singular_sidebar":"default","csco_page_header_type":"default","csco_page_load_nextpost":"default","csco_post_video_location":[],"csco_post_video_location_hash":"","csco_post_video_url":"","csco_post_video_bg_start_time":0,"csco_post_video_bg_end_time":0,"csco_post_video_bg_volume":false,"_jetpack_memberships_contains_paid_content":false,"footnotes":""},"categories":[1790,6829],"tags":[6867,1176,1582,6875,14416],"class_list":{"0":"post-72072","1":"post","2":"type-post","3":"status-publish","4":"format-standard","5":"has-post-thumbnail","7":"category-colaborador","8":"category-z-colaboradores-baul-del-docente","9":"tag-baul-del-docente","10":"tag-canciones","11":"tag-navidad","12":"tag-origen","13":"tag-populares","14":"cs-entry","15":"cs-video-wrap"},"yoast_head":"<!-- This site is optimized with the Yoast SEO plugin v27.5 - https:\/\/yoast.com\/product\/yoast-seo-wordpress\/ -->\n<title>[Ba\u00fal del Docente] Canciones de Navidad: Origen de las m\u00e1s populares - 2026<\/title>\n<meta name=\"description\" content=\"Estimados docentes: Los villancicos y canciones de Navidad nos conectan con el pasado, con nuestra infancia, con un mundo...\" \/>\n<meta name=\"robots\" content=\"index, follow, max-snippet:-1, max-image-preview:large, max-video-preview:-1\" \/>\n<link rel=\"canonical\" href=\"https:\/\/webdelmaestrocmf.com\/portal\/baul-del-docente-canciones-de-navidad-origen-de-las-mas-populares\/\" \/>\n<meta property=\"og:locale\" content=\"es_ES\" \/>\n<meta property=\"og:type\" content=\"article\" \/>\n<meta property=\"og:title\" content=\"[Ba\u00fal del Docente] Canciones de Navidad: Origen de las m\u00e1s populares - 2026\" \/>\n<meta property=\"og:description\" content=\"Estimados docentes: Los villancicos y canciones de Navidad nos conectan con el pasado, con nuestra infancia, con un mundo...\" \/>\n<meta property=\"og:url\" content=\"https:\/\/webdelmaestrocmf.com\/portal\/baul-del-docente-canciones-de-navidad-origen-de-las-mas-populares\/\" \/>\n<meta property=\"og:site_name\" content=\"Web del Maestro CMF\" \/>\n<meta property=\"article:publisher\" content=\"https:\/\/www.facebook.com\/WebdelMaestroCMF\/\" \/>\n<meta property=\"article:author\" content=\"https:\/\/www.facebook.com\/WebdelMaestroCMF\/\" \/>\n<meta property=\"article:published_time\" content=\"2021-12-16T18:40:10+00:00\" \/>\n<meta property=\"article:modified_time\" content=\"2021-12-16T18:43:40+00:00\" \/>\n<meta property=\"og:image\" content=\"https:\/\/i0.wp.com\/webdelmaestrocmf.com\/portal\/wp-content\/uploads\/2021\/12\/1-27.jpg?fit=1100%2C680&ssl=1\" \/>\n\t<meta property=\"og:image:width\" content=\"1100\" \/>\n\t<meta property=\"og:image:height\" content=\"680\" \/>\n\t<meta property=\"og:image:type\" content=\"image\/jpeg\" \/>\n<meta name=\"author\" content=\"Web del Maestro CMF\" \/>\n<meta name=\"twitter:card\" content=\"summary_large_image\" \/>\n<meta name=\"twitter:creator\" content=\"@cmf_w\" \/>\n<meta name=\"twitter:site\" content=\"@cmf_w\" \/>\n<script type=\"application\/ld+json\" class=\"yoast-schema-graph\">{\"@context\":\"https:\\\/\\\/schema.org\",\"@graph\":[{\"@type\":\"ScholarlyArticle\",\"@id\":\"https:\\\/\\\/webdelmaestrocmf.com\\\/portal\\\/baul-del-docente-canciones-de-navidad-origen-de-las-mas-populares\\\/#article\",\"isPartOf\":{\"@id\":\"https:\\\/\\\/webdelmaestrocmf.com\\\/portal\\\/baul-del-docente-canciones-de-navidad-origen-de-las-mas-populares\\\/\"},\"author\":{\"name\":\"Web del Maestro CMF\",\"@id\":\"https:\\\/\\\/webdelmaestrocmf.com\\\/portal\\\/#\\\/schema\\\/person\\\/1072a2ed7bd960df8ef99a551fa35dc5\"},\"headline\":\"[Ba\u00fal del Docente] Canciones de Navidad: Origen de las m\u00e1s populares\",\"datePublished\":\"2021-12-16T18:40:10+00:00\",\"dateModified\":\"2021-12-16T18:43:40+00:00\",\"mainEntityOfPage\":{\"@id\":\"https:\\\/\\\/webdelmaestrocmf.com\\\/portal\\\/baul-del-docente-canciones-de-navidad-origen-de-las-mas-populares\\\/\"},\"wordCount\":614,\"commentCount\":0,\"publisher\":{\"@id\":\"https:\\\/\\\/webdelmaestrocmf.com\\\/portal\\\/#organization\"},\"image\":{\"@id\":\"https:\\\/\\\/webdelmaestrocmf.com\\\/portal\\\/baul-del-docente-canciones-de-navidad-origen-de-las-mas-populares\\\/#primaryimage\"},\"thumbnailUrl\":\"https:\\\/\\\/webdelmaestrocmf.com\\\/portal\\\/wp-content\\\/uploads\\\/2021\\\/12\\\/1-27.jpg\",\"keywords\":[\"Ba\u00fal del Docente\",\"Canciones\",\"NAVIDAD\",\"origen\",\"populares\"],\"articleSection\":[\"Z-Colaboradores\",\"Z-Colaboradores-Ba\u00fal-del-Docente\"],\"inLanguage\":\"es\",\"potentialAction\":[{\"@type\":\"CommentAction\",\"name\":\"Comment\",\"target\":[\"https:\\\/\\\/webdelmaestrocmf.com\\\/portal\\\/baul-del-docente-canciones-de-navidad-origen-de-las-mas-populares\\\/#respond\"]}]},{\"@type\":\"WebPage\",\"@id\":\"https:\\\/\\\/webdelmaestrocmf.com\\\/portal\\\/baul-del-docente-canciones-de-navidad-origen-de-las-mas-populares\\\/\",\"url\":\"https:\\\/\\\/webdelmaestrocmf.com\\\/portal\\\/baul-del-docente-canciones-de-navidad-origen-de-las-mas-populares\\\/\",\"name\":\"[Ba\u00fal del Docente] Canciones de Navidad: Origen de las m\u00e1s populares - 2026\",\"isPartOf\":{\"@id\":\"https:\\\/\\\/webdelmaestrocmf.com\\\/portal\\\/#website\"},\"primaryImageOfPage\":{\"@id\":\"https:\\\/\\\/webdelmaestrocmf.com\\\/portal\\\/baul-del-docente-canciones-de-navidad-origen-de-las-mas-populares\\\/#primaryimage\"},\"image\":{\"@id\":\"https:\\\/\\\/webdelmaestrocmf.com\\\/portal\\\/baul-del-docente-canciones-de-navidad-origen-de-las-mas-populares\\\/#primaryimage\"},\"thumbnailUrl\":\"https:\\\/\\\/webdelmaestrocmf.com\\\/portal\\\/wp-content\\\/uploads\\\/2021\\\/12\\\/1-27.jpg\",\"datePublished\":\"2021-12-16T18:40:10+00:00\",\"dateModified\":\"2021-12-16T18:43:40+00:00\",\"description\":\"Estimados docentes: Los villancicos y canciones de Navidad nos conectan con el pasado, con nuestra infancia, con un mundo...\",\"breadcrumb\":{\"@id\":\"https:\\\/\\\/webdelmaestrocmf.com\\\/portal\\\/baul-del-docente-canciones-de-navidad-origen-de-las-mas-populares\\\/#breadcrumb\"},\"inLanguage\":\"es\",\"potentialAction\":[{\"@type\":\"ReadAction\",\"target\":[\"https:\\\/\\\/webdelmaestrocmf.com\\\/portal\\\/baul-del-docente-canciones-de-navidad-origen-de-las-mas-populares\\\/\"]}]},{\"@type\":\"ImageObject\",\"inLanguage\":\"es\",\"@id\":\"https:\\\/\\\/webdelmaestrocmf.com\\\/portal\\\/baul-del-docente-canciones-de-navidad-origen-de-las-mas-populares\\\/#primaryimage\",\"url\":\"https:\\\/\\\/webdelmaestrocmf.com\\\/portal\\\/wp-content\\\/uploads\\\/2021\\\/12\\\/1-27.jpg\",\"contentUrl\":\"https:\\\/\\\/webdelmaestrocmf.com\\\/portal\\\/wp-content\\\/uploads\\\/2021\\\/12\\\/1-27.jpg\",\"width\":1100,\"height\":680},{\"@type\":\"BreadcrumbList\",\"@id\":\"https:\\\/\\\/webdelmaestrocmf.com\\\/portal\\\/baul-del-docente-canciones-de-navidad-origen-de-las-mas-populares\\\/#breadcrumb\",\"itemListElement\":[{\"@type\":\"ListItem\",\"position\":1,\"name\":\"Portada\",\"item\":\"https:\\\/\\\/webdelmaestrocmf.com\\\/portal\\\/\"},{\"@type\":\"ListItem\",\"position\":2,\"name\":\"Z-Colaboradores\",\"item\":\"https:\\\/\\\/webdelmaestrocmf.com\\\/portal\\\/category\\\/colaborador\\\/\"},{\"@type\":\"ListItem\",\"position\":3,\"name\":\"[Ba\u00fal del Docente] Canciones de Navidad: Origen de las m\u00e1s populares\"}]},{\"@type\":\"WebSite\",\"@id\":\"https:\\\/\\\/webdelmaestrocmf.com\\\/portal\\\/#website\",\"url\":\"https:\\\/\\\/webdelmaestrocmf.com\\\/portal\\\/\",\"name\":\"Web del Maestro CMF\",\"description\":\"Maestros al servicio de la educaci\u00f3n\",\"publisher\":{\"@id\":\"https:\\\/\\\/webdelmaestrocmf.com\\\/portal\\\/#organization\"},\"alternateName\":\"WMCMF\",\"potentialAction\":[{\"@type\":\"SearchAction\",\"target\":{\"@type\":\"EntryPoint\",\"urlTemplate\":\"https:\\\/\\\/webdelmaestrocmf.com\\\/portal\\\/?s={search_term_string}\"},\"query-input\":{\"@type\":\"PropertyValueSpecification\",\"valueRequired\":true,\"valueName\":\"search_term_string\"}}],\"inLanguage\":\"es\"},{\"@type\":\"Organization\",\"@id\":\"https:\\\/\\\/webdelmaestrocmf.com\\\/portal\\\/#organization\",\"name\":\"Web del Maestro CMF\",\"alternateName\":\"WMCMF\",\"url\":\"https:\\\/\\\/webdelmaestrocmf.com\\\/portal\\\/\",\"logo\":{\"@type\":\"ImageObject\",\"inLanguage\":\"es\",\"@id\":\"https:\\\/\\\/webdelmaestrocmf.com\\\/portal\\\/#\\\/schema\\\/logo\\\/image\\\/\",\"url\":\"https:\\\/\\\/webdelmaestrocmf.com\\\/portal\\\/wp-content\\\/uploads\\\/2023\\\/01\\\/logo-wmcmf-2.png\",\"contentUrl\":\"https:\\\/\\\/webdelmaestrocmf.com\\\/portal\\\/wp-content\\\/uploads\\\/2023\\\/01\\\/logo-wmcmf-2.png\",\"width\":200,\"height\":60,\"caption\":\"Web del Maestro CMF\"},\"image\":{\"@id\":\"https:\\\/\\\/webdelmaestrocmf.com\\\/portal\\\/#\\\/schema\\\/logo\\\/image\\\/\"},\"sameAs\":[\"https:\\\/\\\/www.facebook.com\\\/WebdelMaestroCMF\\\/\",\"https:\\\/\\\/x.com\\\/cmf_w\",\"https:\\\/\\\/www.pinterest.com\\\/WMCMF\\\/\",\"https:\\\/\\\/www.linkedin.com\\\/company\\\/web-del-maestro-cmf\\\/\",\"https:\\\/\\\/www.instagram.com\\\/wmcmf\\\/\",\"https:\\\/\\\/www.youtube.com\\\/channel\\\/UCDPSvjbdodE5sHnC3OxutHw\",\"https:\\\/\\\/mastodon.social\\\/@wmcmf\",\"https:\\\/\\\/www.tiktok.com\\\/@webdelmaestrocmf\"]},{\"@type\":\"Person\",\"@id\":\"https:\\\/\\\/webdelmaestrocmf.com\\\/portal\\\/#\\\/schema\\\/person\\\/1072a2ed7bd960df8ef99a551fa35dc5\",\"name\":\"Web del Maestro CMF\",\"image\":{\"@type\":\"ImageObject\",\"inLanguage\":\"es\",\"@id\":\"https:\\\/\\\/secure.gravatar.com\\\/avatar\\\/23291dd5b5ae1077dcff3dbb04c3e02bd28403fa75af6d8787d5e97c5bbbe30b?s=96&d=mm&r=g\",\"url\":\"https:\\\/\\\/secure.gravatar.com\\\/avatar\\\/23291dd5b5ae1077dcff3dbb04c3e02bd28403fa75af6d8787d5e97c5bbbe30b?s=96&d=mm&r=g\",\"contentUrl\":\"https:\\\/\\\/secure.gravatar.com\\\/avatar\\\/23291dd5b5ae1077dcff3dbb04c3e02bd28403fa75af6d8787d5e97c5bbbe30b?s=96&d=mm&r=g\",\"caption\":\"Web del Maestro CMF\"},\"description\":\"Esta Web se cre\u00f3 sin fines de lucro, con fines educativos, cient\u00edficos y acad\u00e9micos, para personas que tengan dificultades y\\\/o inconvenientes en visualizar el material original. El objetivo es entregar recursos, compartir experiencias y materiales que ayuden a los padres de familia, maestros y estudiantes en su actualizaci\u00f3n y formaci\u00f3n permanente, en bien de la Educaci\u00f3n.\",\"sameAs\":[\"http:\\\/\\\/webdelmaestrocmf.com\\\/portal\",\"https:\\\/\\\/www.facebook.com\\\/WebdelMaestroCMF\\\/\",\"https:\\\/\\\/www.instagram.com\\\/wmcmf\\\/\",\"https:\\\/\\\/cl.linkedin.com\\\/company\\\/web-del-maestro-cmf\",\"https:\\\/\\\/www.pinterest.com\\\/WMCMF\\\/publicaciones\\\/\",\"https:\\\/\\\/x.com\\\/cmf_w\",\"https:\\\/\\\/www.youtube.com\\\/@WMCMF\"]}]}<\/script>\n<!-- \/ Yoast SEO plugin. -->","yoast_head_json":{"title":"[Ba\u00fal del Docente] Canciones de Navidad: Origen de las m\u00e1s populares - 2026","description":"Estimados docentes: Los villancicos y canciones de Navidad nos conectan con el pasado, con nuestra infancia, con un mundo...","robots":{"index":"index","follow":"follow","max-snippet":"max-snippet:-1","max-image-preview":"max-image-preview:large","max-video-preview":"max-video-preview:-1"},"canonical":"https:\/\/webdelmaestrocmf.com\/portal\/baul-del-docente-canciones-de-navidad-origen-de-las-mas-populares\/","og_locale":"es_ES","og_type":"article","og_title":"[Ba\u00fal del Docente] Canciones de Navidad: Origen de las m\u00e1s populares - 2026","og_description":"Estimados docentes: Los villancicos y canciones de Navidad nos conectan con el pasado, con nuestra infancia, con un mundo...","og_url":"https:\/\/webdelmaestrocmf.com\/portal\/baul-del-docente-canciones-de-navidad-origen-de-las-mas-populares\/","og_site_name":"Web del Maestro CMF","article_publisher":"https:\/\/www.facebook.com\/WebdelMaestroCMF\/","article_author":"https:\/\/www.facebook.com\/WebdelMaestroCMF\/","article_published_time":"2021-12-16T18:40:10+00:00","article_modified_time":"2021-12-16T18:43:40+00:00","og_image":[{"width":1100,"height":680,"url":"https:\/\/i0.wp.com\/webdelmaestrocmf.com\/portal\/wp-content\/uploads\/2021\/12\/1-27.jpg?fit=1100%2C680&ssl=1","type":"image\/jpeg"}],"author":"Web del Maestro CMF","twitter_card":"summary_large_image","twitter_creator":"@cmf_w","twitter_site":"@cmf_w","schema":{"@context":"https:\/\/schema.org","@graph":[{"@type":"ScholarlyArticle","@id":"https:\/\/webdelmaestrocmf.com\/portal\/baul-del-docente-canciones-de-navidad-origen-de-las-mas-populares\/#article","isPartOf":{"@id":"https:\/\/webdelmaestrocmf.com\/portal\/baul-del-docente-canciones-de-navidad-origen-de-las-mas-populares\/"},"author":{"name":"Web del Maestro CMF","@id":"https:\/\/webdelmaestrocmf.com\/portal\/#\/schema\/person\/1072a2ed7bd960df8ef99a551fa35dc5"},"headline":"[Ba\u00fal del Docente] Canciones de Navidad: Origen de las m\u00e1s populares","datePublished":"2021-12-16T18:40:10+00:00","dateModified":"2021-12-16T18:43:40+00:00","mainEntityOfPage":{"@id":"https:\/\/webdelmaestrocmf.com\/portal\/baul-del-docente-canciones-de-navidad-origen-de-las-mas-populares\/"},"wordCount":614,"commentCount":0,"publisher":{"@id":"https:\/\/webdelmaestrocmf.com\/portal\/#organization"},"image":{"@id":"https:\/\/webdelmaestrocmf.com\/portal\/baul-del-docente-canciones-de-navidad-origen-de-las-mas-populares\/#primaryimage"},"thumbnailUrl":"https:\/\/webdelmaestrocmf.com\/portal\/wp-content\/uploads\/2021\/12\/1-27.jpg","keywords":["Ba\u00fal del Docente","Canciones","NAVIDAD","origen","populares"],"articleSection":["Z-Colaboradores","Z-Colaboradores-Ba\u00fal-del-Docente"],"inLanguage":"es","potentialAction":[{"@type":"CommentAction","name":"Comment","target":["https:\/\/webdelmaestrocmf.com\/portal\/baul-del-docente-canciones-de-navidad-origen-de-las-mas-populares\/#respond"]}]},{"@type":"WebPage","@id":"https:\/\/webdelmaestrocmf.com\/portal\/baul-del-docente-canciones-de-navidad-origen-de-las-mas-populares\/","url":"https:\/\/webdelmaestrocmf.com\/portal\/baul-del-docente-canciones-de-navidad-origen-de-las-mas-populares\/","name":"[Ba\u00fal del Docente] Canciones de Navidad: Origen de las m\u00e1s populares - 2026","isPartOf":{"@id":"https:\/\/webdelmaestrocmf.com\/portal\/#website"},"primaryImageOfPage":{"@id":"https:\/\/webdelmaestrocmf.com\/portal\/baul-del-docente-canciones-de-navidad-origen-de-las-mas-populares\/#primaryimage"},"image":{"@id":"https:\/\/webdelmaestrocmf.com\/portal\/baul-del-docente-canciones-de-navidad-origen-de-las-mas-populares\/#primaryimage"},"thumbnailUrl":"https:\/\/webdelmaestrocmf.com\/portal\/wp-content\/uploads\/2021\/12\/1-27.jpg","datePublished":"2021-12-16T18:40:10+00:00","dateModified":"2021-12-16T18:43:40+00:00","description":"Estimados docentes: Los villancicos y canciones de Navidad nos conectan con el pasado, con nuestra infancia, con un mundo...","breadcrumb":{"@id":"https:\/\/webdelmaestrocmf.com\/portal\/baul-del-docente-canciones-de-navidad-origen-de-las-mas-populares\/#breadcrumb"},"inLanguage":"es","potentialAction":[{"@type":"ReadAction","target":["https:\/\/webdelmaestrocmf.com\/portal\/baul-del-docente-canciones-de-navidad-origen-de-las-mas-populares\/"]}]},{"@type":"ImageObject","inLanguage":"es","@id":"https:\/\/webdelmaestrocmf.com\/portal\/baul-del-docente-canciones-de-navidad-origen-de-las-mas-populares\/#primaryimage","url":"https:\/\/webdelmaestrocmf.com\/portal\/wp-content\/uploads\/2021\/12\/1-27.jpg","contentUrl":"https:\/\/webdelmaestrocmf.com\/portal\/wp-content\/uploads\/2021\/12\/1-27.jpg","width":1100,"height":680},{"@type":"BreadcrumbList","@id":"https:\/\/webdelmaestrocmf.com\/portal\/baul-del-docente-canciones-de-navidad-origen-de-las-mas-populares\/#breadcrumb","itemListElement":[{"@type":"ListItem","position":1,"name":"Portada","item":"https:\/\/webdelmaestrocmf.com\/portal\/"},{"@type":"ListItem","position":2,"name":"Z-Colaboradores","item":"https:\/\/webdelmaestrocmf.com\/portal\/category\/colaborador\/"},{"@type":"ListItem","position":3,"name":"[Ba\u00fal del Docente] Canciones de Navidad: Origen de las m\u00e1s populares"}]},{"@type":"WebSite","@id":"https:\/\/webdelmaestrocmf.com\/portal\/#website","url":"https:\/\/webdelmaestrocmf.com\/portal\/","name":"Web del Maestro CMF","description":"Maestros al servicio de la educaci\u00f3n","publisher":{"@id":"https:\/\/webdelmaestrocmf.com\/portal\/#organization"},"alternateName":"WMCMF","potentialAction":[{"@type":"SearchAction","target":{"@type":"EntryPoint","urlTemplate":"https:\/\/webdelmaestrocmf.com\/portal\/?s={search_term_string}"},"query-input":{"@type":"PropertyValueSpecification","valueRequired":true,"valueName":"search_term_string"}}],"inLanguage":"es"},{"@type":"Organization","@id":"https:\/\/webdelmaestrocmf.com\/portal\/#organization","name":"Web del Maestro CMF","alternateName":"WMCMF","url":"https:\/\/webdelmaestrocmf.com\/portal\/","logo":{"@type":"ImageObject","inLanguage":"es","@id":"https:\/\/webdelmaestrocmf.com\/portal\/#\/schema\/logo\/image\/","url":"https:\/\/webdelmaestrocmf.com\/portal\/wp-content\/uploads\/2023\/01\/logo-wmcmf-2.png","contentUrl":"https:\/\/webdelmaestrocmf.com\/portal\/wp-content\/uploads\/2023\/01\/logo-wmcmf-2.png","width":200,"height":60,"caption":"Web del Maestro CMF"},"image":{"@id":"https:\/\/webdelmaestrocmf.com\/portal\/#\/schema\/logo\/image\/"},"sameAs":["https:\/\/www.facebook.com\/WebdelMaestroCMF\/","https:\/\/x.com\/cmf_w","https:\/\/www.pinterest.com\/WMCMF\/","https:\/\/www.linkedin.com\/company\/web-del-maestro-cmf\/","https:\/\/www.instagram.com\/wmcmf\/","https:\/\/www.youtube.com\/channel\/UCDPSvjbdodE5sHnC3OxutHw","https:\/\/mastodon.social\/@wmcmf","https:\/\/www.tiktok.com\/@webdelmaestrocmf"]},{"@type":"Person","@id":"https:\/\/webdelmaestrocmf.com\/portal\/#\/schema\/person\/1072a2ed7bd960df8ef99a551fa35dc5","name":"Web del Maestro CMF","image":{"@type":"ImageObject","inLanguage":"es","@id":"https:\/\/secure.gravatar.com\/avatar\/23291dd5b5ae1077dcff3dbb04c3e02bd28403fa75af6d8787d5e97c5bbbe30b?s=96&d=mm&r=g","url":"https:\/\/secure.gravatar.com\/avatar\/23291dd5b5ae1077dcff3dbb04c3e02bd28403fa75af6d8787d5e97c5bbbe30b?s=96&d=mm&r=g","contentUrl":"https:\/\/secure.gravatar.com\/avatar\/23291dd5b5ae1077dcff3dbb04c3e02bd28403fa75af6d8787d5e97c5bbbe30b?s=96&d=mm&r=g","caption":"Web del Maestro CMF"},"description":"Esta Web se cre\u00f3 sin fines de lucro, con fines educativos, cient\u00edficos y acad\u00e9micos, para personas que tengan dificultades y\/o inconvenientes en visualizar el material original. El objetivo es entregar recursos, compartir experiencias y materiales que ayuden a los padres de familia, maestros y estudiantes en su actualizaci\u00f3n y formaci\u00f3n permanente, en bien de la Educaci\u00f3n.","sameAs":["http:\/\/webdelmaestrocmf.com\/portal","https:\/\/www.facebook.com\/WebdelMaestroCMF\/","https:\/\/www.instagram.com\/wmcmf\/","https:\/\/cl.linkedin.com\/company\/web-del-maestro-cmf","https:\/\/www.pinterest.com\/WMCMF\/publicaciones\/","https:\/\/x.com\/cmf_w","https:\/\/www.youtube.com\/@WMCMF"]}]}},"jetpack_featured_media_url":"https:\/\/webdelmaestrocmf.com\/portal\/wp-content\/uploads\/2021\/12\/1-27.jpg","jetpack_sharing_enabled":true,"jetpack-related-posts":[{"id":101969,"url":"https:\/\/webdelmaestrocmf.com\/portal\/baul-del-docente-por-que-celebramos-el-ano-nuevo\/","url_meta":{"origin":72072,"position":0},"title":"[Ba\u00fal del Docente] \u00bfPor qu\u00e9 celebramos el A\u00f1o Nuevo?","author":"Web del Maestro CMF","date":"28 diciembre, 2023","format":false,"excerpt":"Estimados docentes: El domingo 31 por la noche, cuando lleguen las doce, muchos de nosotros nos apuraremos en comer doce uvas para que la buena suerte nos acompa\u00f1e en cada uno de los doce meses del nuevo a\u00f1o que comienza. Otros saldremos a correr una vuelta a la manzana abrazados\u2026","rel":"","context":"En \u00abZ-Colaboradores\u00bb","block_context":{"text":"Z-Colaboradores","link":"https:\/\/webdelmaestrocmf.com\/portal\/category\/colaborador\/"},"img":{"alt_text":"","src":"https:\/\/i0.wp.com\/webdelmaestrocmf.com\/portal\/wp-content\/uploads\/2023\/12\/A12B3C4D-2-5.jpg?resize=350%2C200&ssl=1","width":350,"height":200,"srcset":"https:\/\/i0.wp.com\/webdelmaestrocmf.com\/portal\/wp-content\/uploads\/2023\/12\/A12B3C4D-2-5.jpg?resize=350%2C200&ssl=1 1x, https:\/\/i0.wp.com\/webdelmaestrocmf.com\/portal\/wp-content\/uploads\/2023\/12\/A12B3C4D-2-5.jpg?resize=525%2C300&ssl=1 1.5x, https:\/\/i0.wp.com\/webdelmaestrocmf.com\/portal\/wp-content\/uploads\/2023\/12\/A12B3C4D-2-5.jpg?resize=700%2C400&ssl=1 2x"},"classes":[]},{"id":72276,"url":"https:\/\/webdelmaestrocmf.com\/portal\/baul-del-docente-navidad-entre-la-reflexion-el-duelo-y-el-consumismo\/","url_meta":{"origin":72072,"position":1},"title":"[Ba\u00fal del Docente] Navidad: Entre la reflexi\u00f3n, el duelo y el consumismo","author":"Web del Maestro CMF","date":"23 diciembre, 2021","format":false,"excerpt":"Estimados docentes: La pandemia, por segundo a\u00f1o consecutivo, nos propone un nuevo nivel de reflexi\u00f3n en estas Navidades. A la usual dicotom\u00eda entre el esp\u00edritu religioso asociado a su original sentido -el nacimiento de Jesucristo- y el salvaje consumismo que se impulsa desde la publicidad -regalos, cenas, adornos, etc.-, tenemos\u2026","rel":"","context":"En \u00abZ-Colaboradores\u00bb","block_context":{"text":"Z-Colaboradores","link":"https:\/\/webdelmaestrocmf.com\/portal\/category\/colaborador\/"},"img":{"alt_text":"","src":"https:\/\/i0.wp.com\/webdelmaestrocmf.com\/portal\/wp-content\/uploads\/2021\/12\/1-EWQ.jpg?resize=350%2C200&ssl=1","width":350,"height":200,"srcset":"https:\/\/i0.wp.com\/webdelmaestrocmf.com\/portal\/wp-content\/uploads\/2021\/12\/1-EWQ.jpg?resize=350%2C200&ssl=1 1x, https:\/\/i0.wp.com\/webdelmaestrocmf.com\/portal\/wp-content\/uploads\/2021\/12\/1-EWQ.jpg?resize=525%2C300&ssl=1 1.5x, https:\/\/i0.wp.com\/webdelmaestrocmf.com\/portal\/wp-content\/uploads\/2021\/12\/1-EWQ.jpg?resize=700%2C400&ssl=1 2x, https:\/\/i0.wp.com\/webdelmaestrocmf.com\/portal\/wp-content\/uploads\/2021\/12\/1-EWQ.jpg?resize=1050%2C600&ssl=1 3x"},"classes":[]},{"id":104289,"url":"https:\/\/webdelmaestrocmf.com\/portal\/baul-del-docente-el-amor-en-tiempos-de-internet-y-redes\/","url_meta":{"origin":72072,"position":2},"title":"[Ba\u00fal del Docente] El amor en tiempos de internet y redes","author":"Web del Maestro CMF","date":"25 febrero, 2024","format":false,"excerpt":"Estimados docentes: Uno de los aspectos m\u00e1s delicados y trascendentales, para los docentes de Secundaria -e inclusive, en las \u00faltimas d\u00e9cadas, en el nivel Primaria tambi\u00e9n con mucha m\u00e1s fuerza que antes- es aprender a lidiar con las penas amorosas de sus alumnos. Ya sea que est\u00e9n trabajando en instituciones\u2026","rel":"","context":"En \u00abZ-Colaboradores\u00bb","block_context":{"text":"Z-Colaboradores","link":"https:\/\/webdelmaestrocmf.com\/portal\/category\/colaborador\/"},"img":{"alt_text":"","src":"https:\/\/i0.wp.com\/webdelmaestrocmf.com\/portal\/wp-content\/uploads\/2024\/02\/Banner-1-portada-imagen-10-1-51.jpg?resize=350%2C200&ssl=1","width":350,"height":200,"srcset":"https:\/\/i0.wp.com\/webdelmaestrocmf.com\/portal\/wp-content\/uploads\/2024\/02\/Banner-1-portada-imagen-10-1-51.jpg?resize=350%2C200&ssl=1 1x, https:\/\/i0.wp.com\/webdelmaestrocmf.com\/portal\/wp-content\/uploads\/2024\/02\/Banner-1-portada-imagen-10-1-51.jpg?resize=525%2C300&ssl=1 1.5x, https:\/\/i0.wp.com\/webdelmaestrocmf.com\/portal\/wp-content\/uploads\/2024\/02\/Banner-1-portada-imagen-10-1-51.jpg?resize=700%2C400&ssl=1 2x"},"classes":[]},{"id":73063,"url":"https:\/\/webdelmaestrocmf.com\/portal\/baul-del-docente-joan-baez-cuando-la-cancion-defendia-derechos\/","url_meta":{"origin":72072,"position":3},"title":"[Ba\u00fal del Docente] Joan Baez: Cuando la canci\u00f3n defend\u00eda derechos","author":"Web del Maestro CMF","date":"14 enero, 2022","format":false,"excerpt":"Estimados docentes: Una de las voces m\u00e1s representativas de su generaci\u00f3n, Joan Baez alcanz\u00f3 el \u00e9xito con canciones que hablaban de la solidaridad, la justicia social, los derechos civiles, en una \u00e9poca muy cargada de idealismo juvenil y participaci\u00f3n ciudadana. Una artista como ella, con una voz hermosa, una actitud\u2026","rel":"","context":"En \u00abZ-Colaboradores\u00bb","block_context":{"text":"Z-Colaboradores","link":"https:\/\/webdelmaestrocmf.com\/portal\/category\/colaborador\/"},"img":{"alt_text":"","src":"https:\/\/i0.wp.com\/webdelmaestrocmf.com\/portal\/wp-content\/uploads\/2022\/01\/1-80.jpg?resize=350%2C200&ssl=1","width":350,"height":200,"srcset":"https:\/\/i0.wp.com\/webdelmaestrocmf.com\/portal\/wp-content\/uploads\/2022\/01\/1-80.jpg?resize=350%2C200&ssl=1 1x, https:\/\/i0.wp.com\/webdelmaestrocmf.com\/portal\/wp-content\/uploads\/2022\/01\/1-80.jpg?resize=525%2C300&ssl=1 1.5x, https:\/\/i0.wp.com\/webdelmaestrocmf.com\/portal\/wp-content\/uploads\/2022\/01\/1-80.jpg?resize=700%2C400&ssl=1 2x, https:\/\/i0.wp.com\/webdelmaestrocmf.com\/portal\/wp-content\/uploads\/2022\/01\/1-80.jpg?resize=1050%2C600&ssl=1 3x"},"classes":[]},{"id":104079,"url":"https:\/\/webdelmaestrocmf.com\/portal\/baul-del-docente-campana-como-recuperamos-los-valores\/","url_meta":{"origin":72072,"position":4},"title":"[Ba\u00fal del Docente] Campa\u00f1a: \u00bfC\u00f3mo recuperamos los valores?","author":"Web del Maestro CMF","date":"19 febrero, 2024","format":false,"excerpt":"Estimados docentes: Recuperar los valores es una tarea tit\u00e1nica en el mundo entero. Las nociones de respeto, pudor, correcci\u00f3n, legalidad, lealtad y dem\u00e1s est\u00e1n, hoy en d\u00eda, devaluadas y no forman parte del proyecto de vida de grandes mayor\u00edas que han mal entendido, a trav\u00e9s de m\u00faltiples ejemplos, que no\u2026","rel":"","context":"En \u00abZ-Colaboradores\u00bb","block_context":{"text":"Z-Colaboradores","link":"https:\/\/webdelmaestrocmf.com\/portal\/category\/colaborador\/"},"img":{"alt_text":"","src":"https:\/\/i0.wp.com\/webdelmaestrocmf.com\/portal\/wp-content\/uploads\/2024\/02\/Banner-1-portada-imagen-10-1-21-1.jpg?resize=350%2C200&ssl=1","width":350,"height":200,"srcset":"https:\/\/i0.wp.com\/webdelmaestrocmf.com\/portal\/wp-content\/uploads\/2024\/02\/Banner-1-portada-imagen-10-1-21-1.jpg?resize=350%2C200&ssl=1 1x, https:\/\/i0.wp.com\/webdelmaestrocmf.com\/portal\/wp-content\/uploads\/2024\/02\/Banner-1-portada-imagen-10-1-21-1.jpg?resize=525%2C300&ssl=1 1.5x, https:\/\/i0.wp.com\/webdelmaestrocmf.com\/portal\/wp-content\/uploads\/2024\/02\/Banner-1-portada-imagen-10-1-21-1.jpg?resize=700%2C400&ssl=1 2x"},"classes":[]},{"id":73543,"url":"https:\/\/webdelmaestrocmf.com\/portal\/baul-del-docente-mozart-el-genio-cumple-266-anos\/","url_meta":{"origin":72072,"position":5},"title":"[Ba\u00fal del Docente] Mozart: El genio cumple 266 a\u00f1os","author":"Web del Maestro CMF","date":"26 enero, 2022","format":false,"excerpt":"Estimados docentes: \u00bfEn qu\u00e9 piensan nuestros alumnos cuando escuchan la palabra \u201cm\u00fasica\u201d? A partir de esta simple pregunta podemos construir una clase -o un ciclo de clases- acerca de este fascinante y ampl\u00edsimo tema. Lo m\u00e1s probable, aunque nunca es bueno generalizar, es que las respuestas de ni\u00f1os y adolescentes,\u2026","rel":"","context":"En \u00abZ-Colaboradores\u00bb","block_context":{"text":"Z-Colaboradores","link":"https:\/\/webdelmaestrocmf.com\/portal\/category\/colaborador\/"},"img":{"alt_text":"","src":"https:\/\/i0.wp.com\/webdelmaestrocmf.com\/portal\/wp-content\/uploads\/2022\/01\/1-151.jpg?resize=350%2C200&ssl=1","width":350,"height":200,"srcset":"https:\/\/i0.wp.com\/webdelmaestrocmf.com\/portal\/wp-content\/uploads\/2022\/01\/1-151.jpg?resize=350%2C200&ssl=1 1x, https:\/\/i0.wp.com\/webdelmaestrocmf.com\/portal\/wp-content\/uploads\/2022\/01\/1-151.jpg?resize=525%2C300&ssl=1 1.5x, https:\/\/i0.wp.com\/webdelmaestrocmf.com\/portal\/wp-content\/uploads\/2022\/01\/1-151.jpg?resize=700%2C400&ssl=1 2x, https:\/\/i0.wp.com\/webdelmaestrocmf.com\/portal\/wp-content\/uploads\/2022\/01\/1-151.jpg?resize=1050%2C600&ssl=1 3x"},"classes":[]}],"_links":{"self":[{"href":"https:\/\/webdelmaestrocmf.com\/portal\/wp-json\/wp\/v2\/posts\/72072","targetHints":{"allow":["GET"]}}],"collection":[{"href":"https:\/\/webdelmaestrocmf.com\/portal\/wp-json\/wp\/v2\/posts"}],"about":[{"href":"https:\/\/webdelmaestrocmf.com\/portal\/wp-json\/wp\/v2\/types\/post"}],"author":[{"embeddable":true,"href":"https:\/\/webdelmaestrocmf.com\/portal\/wp-json\/wp\/v2\/users\/1"}],"replies":[{"embeddable":true,"href":"https:\/\/webdelmaestrocmf.com\/portal\/wp-json\/wp\/v2\/comments?post=72072"}],"version-history":[{"count":0,"href":"https:\/\/webdelmaestrocmf.com\/portal\/wp-json\/wp\/v2\/posts\/72072\/revisions"}],"wp:featuredmedia":[{"embeddable":true,"href":"https:\/\/webdelmaestrocmf.com\/portal\/wp-json\/wp\/v2\/media\/72073"}],"wp:attachment":[{"href":"https:\/\/webdelmaestrocmf.com\/portal\/wp-json\/wp\/v2\/media?parent=72072"}],"wp:term":[{"taxonomy":"category","embeddable":true,"href":"https:\/\/webdelmaestrocmf.com\/portal\/wp-json\/wp\/v2\/categories?post=72072"},{"taxonomy":"post_tag","embeddable":true,"href":"https:\/\/webdelmaestrocmf.com\/portal\/wp-json\/wp\/v2\/tags?post=72072"}],"curies":[{"name":"wp","href":"https:\/\/api.w.org\/{rel}","templated":true}]}}