{"id":72009,"date":"2022-05-06T22:00:31","date_gmt":"2022-05-07T02:00:31","guid":{"rendered":"https:\/\/webdelmaestrocmf.com\/portal\/?p=72009"},"modified":"2022-05-06T23:34:11","modified_gmt":"2022-05-07T03:34:11","slug":"programa-de-tutorias-contra-el-rezago-y-el-abandono-escolar-2021","status":"publish","type":"post","link":"https:\/\/webdelmaestrocmf.com\/portal\/programa-de-tutorias-contra-el-rezago-y-el-abandono-escolar-2021\/","title":{"rendered":"Programa de tutor\u00edas contra el rezago y el abandono escolar"},"content":{"rendered":"<h5 style=\"text-align: justify;\">Es tiempo de ayudar. Miles de estudiantes de escuelas p\u00fablicas con rezago acad\u00e9mico requieren tutor\u00edas para concluir su a\u00f1o escolar. Con solo dos horas a la semana desde casa puedes ayudar a entre 4 y 5 alumnos.<\/h5>\n<p><!--more--><\/p>\n<h5 style=\"text-align: justify;\">Y si quieres ayudar aun m\u00e1s, tambi\u00e9n puedes ayudar a coordinar las tutor\u00edas de una escuela.<\/h5>\n<p style=\"text-align: justify;\">\u00a1Acerquemos a M\u00e9xico y hag\u00e1mosles saber que cuando nos unimos, podemos!<\/p>\n<h5 style=\"text-align: justify;\">Programa de tutor\u00edas contra el rezago acad\u00e9mico y el abandono escolar<\/h5>\n<p style=\"text-align: justify;\">Recuerda que todos podemos ayudar:<\/p>\n<ul style=\"text-align: justify;\">\n<li>Si estudias bachillerato o tienes mayor grado acad\u00e9mico, puedes hacerlo.<\/li>\n<li>No necesitas ser experto en matem\u00e1ticas o tener experiencia dando clases.<\/li>\n<li>Puedes ayudar como lo har\u00edas con alguien de tu familia.<\/li>\n<li>Desde tu casa y de acuerdo a tu disponibilidad de horarios.<\/li>\n<li>Te ayudaremos con materiales, estrategias educativas y acompa\u00f1amiento.<\/li>\n<\/ul>\n<p style=\"text-align: justify;\">Con las siguientes preguntas queremos saber acerca de ti y de tu disponibilidad, para que de acuerdo con tu perfil, podamos asignarte un peque\u00f1o grupo de estudiantes.<\/p>\n<p style=\"text-align: justify;\">O si te interesa ayudar como coordinador de tutor\u00edas, dando seguimiento acad\u00e9mico a escuelas y tutores, ind\u00edcanoslo y nosotros nos comunicaremos contigo.<\/p>\n<p style=\"text-align: justify;\">Somos un grupo de mexicanos independientes a cualquier partido pol\u00edtico o grupo religioso.<\/p>\n<p><img loading=\"lazy\" decoding=\"async\" class=\"alignnone size-large wp-image-72010\" src=\"https:\/\/webdelmaestrocmf.com\/portal\/wp-content\/uploads\/2021\/12\/FGk55j5XoA00bI5-1024x788.jpg\" alt=\"\" width=\"1024\" height=\"788\" srcset=\"https:\/\/webdelmaestrocmf.com\/portal\/wp-content\/uploads\/2021\/12\/FGk55j5XoA00bI5-1024x788.jpg 1024w, https:\/\/webdelmaestrocmf.com\/portal\/wp-content\/uploads\/2021\/12\/FGk55j5XoA00bI5-300x231.jpg 300w, https:\/\/webdelmaestrocmf.com\/portal\/wp-content\/uploads\/2021\/12\/FGk55j5XoA00bI5-768x591.jpg 768w, https:\/\/webdelmaestrocmf.com\/portal\/wp-content\/uploads\/2021\/12\/FGk55j5XoA00bI5-1536x1182.jpg 1536w, https:\/\/webdelmaestrocmf.com\/portal\/wp-content\/uploads\/2021\/12\/FGk55j5XoA00bI5-110x85.jpg 110w, https:\/\/webdelmaestrocmf.com\/portal\/wp-content\/uploads\/2021\/12\/FGk55j5XoA00bI5-200x154.jpg 200w, https:\/\/webdelmaestrocmf.com\/portal\/wp-content\/uploads\/2021\/12\/FGk55j5XoA00bI5-380x292.jpg 380w, https:\/\/webdelmaestrocmf.com\/portal\/wp-content\/uploads\/2021\/12\/FGk55j5XoA00bI5-255x196.jpg 255w, https:\/\/webdelmaestrocmf.com\/portal\/wp-content\/uploads\/2021\/12\/FGk55j5XoA00bI5-550x423.jpg 550w, https:\/\/webdelmaestrocmf.com\/portal\/wp-content\/uploads\/2021\/12\/FGk55j5XoA00bI5-800x616.jpg 800w, https:\/\/webdelmaestrocmf.com\/portal\/wp-content\/uploads\/2021\/12\/FGk55j5XoA00bI5-1160x893.jpg 1160w, https:\/\/webdelmaestrocmf.com\/portal\/wp-content\/uploads\/2021\/12\/FGk55j5XoA00bI5.jpg 2048w\" sizes=\"auto, (max-width: 1024px) 100vw, 1024px\" \/><\/p>\n<p style=\"text-align: center;\">Recomendamos a la Comunidad Educativa Digital tener en cuenta que, el enlace y\/o la carpeta en donde est\u00e1n alojados los libros, recursos y\/o materiales, no es administrado por la Web del Maestro CMF, pueda ser que en cuesti\u00f3n de d\u00edas (o seg\u00fan el tiempo transcurrido desde su publicaci\u00f3n), los enlaces no funcionen y el material ya no se encuentre disponible. Gracias por su comprensi\u00f3n.<\/p>\n<h3>ENLACE DE LECTURA:<\/h3>\n<p style=\"text-align: center;\">\u00a1Comparte y as\u00ed m\u00e1s docentes utilizar\u00e1n estos recursos\u00a0gratis! Muchas gracias.<\/p>\n<p style=\"text-align: center;\"><span style=\"color: #000000;\"><a style=\"color: #000000;\" href=\"https:\/\/docs.google.com\/forms\/d\/e\/1FAIpQLScMY8iaT_Ecpsojfl90el4HAUUkeTGX0o6Fw5J8rwke6ATkmw\/viewform?fbclid=IwAR2BFKgFG9w-O8eHoE7UGUkbpFIxperKDaRSOx1M092Fwv5FBg1BLeEEsL8\" target=\"_blank\" rel=\"noopener\">FORMULARIO PARA REGISTRARSE<\/a><\/span><\/p>\n\t\t<div class=\"pk-inline-posts\">\n\t\t\t\n\t\t\t<div class=\"pk-inline-posts-container pk-inline-posts-template-list\"\n\t\t\t\tdata-columns=\"1\">\n\t\t\t\t\t\t<article id=\"post-114355\" class=\"post-114355 post type-post status-publish format-standard has-post-thumbnail category-docentes category-noticias-pedagogia category-pedagogia tag-derechos-del-nino tag-docentes-en-redes-sociales tag-educacion-responsable tag-etica-docente tag-legislacion-educativa tag-privacidad-infantil tag-profesores-influencers tag-proteccion-de-datos tag-uso-de-imagen cs-entry cs-video-wrap\">\n\t\t\t<div class=\"pk-post-outer\">\n\n\t\t\t\t\t\t\t\t<div class=\"pk-post-inner\">\n\t\t\t\t\t<div class=\"entry-thumbnail\">\n\t\t\t\t\t\t<div class=\"pk-overlay pk-overlay-ratio pk-ratio-landscape\">\n\t\t\t\t\t\t\t<div class=\"pk-overlay-background\">\n\t\t\t\t\t\t\t\t<a href=\"https:\/\/webdelmaestrocmf.com\/portal\/atencion-profesores-tiktokers-por-que-no-pueden-usar-imagenes-fotos-de-sus-estudiantes-en-redes-sociales-personales\/\" class=\"pk-overlay-link\">\n\t\t\t\t\t\t\t\t\t<img loading=\"lazy\" decoding=\"async\" width=\"300\" height=\"225\" src=\"https:\/\/webdelmaestrocmf.com\/portal\/wp-content\/uploads\/2025\/12\/1A-Banner-1-portada-imagen-10-1-copia-1-18-300x225.webp\" class=\"attachment-pk-thumbnail size-pk-thumbnail wp-post-image\" alt=\"\" \/>\t\t\t\t\t\t\t\t<\/a>\n\t\t\t\t\t\t\t<\/div>\n\t\t\t\t\t\t<\/div>\n\t\t\t\t\t<\/div>\n\t\t\t\t<\/div>\n\t\t\t\t\n\t\t\t\t<div class=\"pk-post-inner\">\n\t\t\t\t\t<header>\n\t\t\t\t\t\t<h3 class=\"pk-title\"><a href=\"https:\/\/webdelmaestrocmf.com\/portal\/atencion-profesores-tiktokers-por-que-no-pueden-usar-imagenes-fotos-de-sus-estudiantes-en-redes-sociales-personales\/\" rel=\"bookmark\">Atenci\u00f3n, profesores tiktokers: por qu\u00e9 no pueden usar im\u00e1genes (fotos) de sus estudiantes en redes sociales personales<\/a><\/h3>\t\t\t\t\t<\/header><!-- .entry-header -->\n\t\t\t\t<\/div><!-- .post-inner -->\n\n\t\t\t<\/div><!-- .post-outer -->\n\t\t<\/article>\n\t\t\t\t<\/div>\n\t\t<\/div>\n\t\t\n","protected":false},"excerpt":{"rendered":"Es tiempo de ayudar. Miles de estudiantes de escuelas p\u00fablicas con rezago acad\u00e9mico requieren tutor\u00edas para concluir su&hellip;","protected":false},"author":1,"featured_media":72011,"comment_status":"open","ping_status":"closed","sticky":false,"template":"","format":"standard","meta":{"csco_display_header_overlay":false,"csco_singular_sidebar":"default","csco_page_header_type":"default","csco_page_load_nextpost":"default","csco_post_video_location":[],"csco_post_video_location_hash":"","csco_post_video_url":"","csco_post_video_bg_start_time":0,"csco_post_video_bg_end_time":0,"csco_post_video_bg_volume":false,"_jetpack_memberships_contains_paid_content":false,"footnotes":""},"categories":[5375,735],"tags":[14411,1525,608,1817,3098,6885],"class_list":{"0":"post-72009","1":"post","2":"type-post","3":"status-publish","4":"format-standard","5":"has-post-thumbnail","7":"category-noticias-pedagogia","8":"category-pedagogia","9":"tag-abandono","10":"tag-contra","11":"tag-escolar","12":"tag-programa","13":"tag-rezago","14":"tag-tutorias","15":"cs-entry","16":"cs-video-wrap"},"yoast_head":"<!-- This site is optimized with the Yoast SEO plugin v27.5 - https:\/\/yoast.com\/product\/yoast-seo-wordpress\/ -->\n<title>Programa de tutor\u00edas contra el rezago y el abandono escolar - 2026<\/title>\n<meta name=\"description\" content=\"Es tiempo de ayudar. Miles de estudiantes de escuelas p\u00fablicas con rezago acad\u00e9mico requieren tutor\u00edas para concluir su a\u00f1o escolar.\" \/>\n<meta name=\"robots\" content=\"index, follow, max-snippet:-1, max-image-preview:large, max-video-preview:-1\" \/>\n<link rel=\"canonical\" href=\"https:\/\/webdelmaestrocmf.com\/portal\/programa-de-tutorias-contra-el-rezago-y-el-abandono-escolar-2021\/\" \/>\n<meta property=\"og:locale\" content=\"es_ES\" \/>\n<meta property=\"og:type\" content=\"article\" \/>\n<meta property=\"og:title\" content=\"Programa de tutor\u00edas contra el rezago y el abandono escolar - 2026\" \/>\n<meta property=\"og:description\" content=\"Es tiempo de ayudar. Miles de estudiantes de escuelas p\u00fablicas con rezago acad\u00e9mico requieren tutor\u00edas para concluir su a\u00f1o escolar.\" \/>\n<meta property=\"og:url\" content=\"https:\/\/webdelmaestrocmf.com\/portal\/programa-de-tutorias-contra-el-rezago-y-el-abandono-escolar-2021\/\" \/>\n<meta property=\"og:site_name\" content=\"Web del Maestro CMF\" \/>\n<meta property=\"article:publisher\" content=\"https:\/\/www.facebook.com\/WebdelMaestroCMF\/\" \/>\n<meta property=\"article:author\" content=\"https:\/\/www.facebook.com\/WebdelMaestroCMF\/\" \/>\n<meta property=\"article:published_time\" content=\"2022-05-07T02:00:31+00:00\" \/>\n<meta property=\"article:modified_time\" content=\"2022-05-07T03:34:11+00:00\" \/>\n<meta property=\"og:image\" content=\"https:\/\/i0.wp.com\/webdelmaestrocmf.com\/portal\/wp-content\/uploads\/2021\/12\/1WEDRT-4.jpg?fit=1100%2C680&ssl=1\" \/>\n\t<meta property=\"og:image:width\" content=\"1100\" \/>\n\t<meta property=\"og:image:height\" content=\"680\" \/>\n\t<meta property=\"og:image:type\" content=\"image\/jpeg\" \/>\n<meta name=\"author\" content=\"Web del Maestro CMF\" \/>\n<meta name=\"twitter:card\" content=\"summary_large_image\" \/>\n<meta name=\"twitter:creator\" content=\"@cmf_w\" \/>\n<meta name=\"twitter:site\" content=\"@cmf_w\" \/>\n<script type=\"application\/ld+json\" class=\"yoast-schema-graph\">{\"@context\":\"https:\\\/\\\/schema.org\",\"@graph\":[{\"@type\":\"ScholarlyArticle\",\"@id\":\"https:\\\/\\\/webdelmaestrocmf.com\\\/portal\\\/programa-de-tutorias-contra-el-rezago-y-el-abandono-escolar-2021\\\/#article\",\"isPartOf\":{\"@id\":\"https:\\\/\\\/webdelmaestrocmf.com\\\/portal\\\/programa-de-tutorias-contra-el-rezago-y-el-abandono-escolar-2021\\\/\"},\"author\":{\"name\":\"Web del Maestro CMF\",\"@id\":\"https:\\\/\\\/webdelmaestrocmf.com\\\/portal\\\/#\\\/schema\\\/person\\\/1072a2ed7bd960df8ef99a551fa35dc5\"},\"headline\":\"Programa de tutor\u00edas contra el rezago y el abandono escolar\",\"datePublished\":\"2022-05-07T02:00:31+00:00\",\"dateModified\":\"2022-05-07T03:34:11+00:00\",\"mainEntityOfPage\":{\"@id\":\"https:\\\/\\\/webdelmaestrocmf.com\\\/portal\\\/programa-de-tutorias-contra-el-rezago-y-el-abandono-escolar-2021\\\/\"},\"wordCount\":314,\"commentCount\":0,\"publisher\":{\"@id\":\"https:\\\/\\\/webdelmaestrocmf.com\\\/portal\\\/#organization\"},\"image\":{\"@id\":\"https:\\\/\\\/webdelmaestrocmf.com\\\/portal\\\/programa-de-tutorias-contra-el-rezago-y-el-abandono-escolar-2021\\\/#primaryimage\"},\"thumbnailUrl\":\"https:\\\/\\\/webdelmaestrocmf.com\\\/portal\\\/wp-content\\\/uploads\\\/2021\\\/12\\\/1WEDRT-4.jpg\",\"keywords\":[\"abandono\",\"CONTRA\",\"ESCOLAR\",\"PROGRAMA\",\"REZAGO\",\"Tutor\u00edas\"],\"articleSection\":[\"Noticias\",\"Recursos\"],\"inLanguage\":\"es\",\"potentialAction\":[{\"@type\":\"CommentAction\",\"name\":\"Comment\",\"target\":[\"https:\\\/\\\/webdelmaestrocmf.com\\\/portal\\\/programa-de-tutorias-contra-el-rezago-y-el-abandono-escolar-2021\\\/#respond\"]}]},{\"@type\":\"WebPage\",\"@id\":\"https:\\\/\\\/webdelmaestrocmf.com\\\/portal\\\/programa-de-tutorias-contra-el-rezago-y-el-abandono-escolar-2021\\\/\",\"url\":\"https:\\\/\\\/webdelmaestrocmf.com\\\/portal\\\/programa-de-tutorias-contra-el-rezago-y-el-abandono-escolar-2021\\\/\",\"name\":\"Programa de tutor\u00edas contra el rezago y el abandono escolar - 2026\",\"isPartOf\":{\"@id\":\"https:\\\/\\\/webdelmaestrocmf.com\\\/portal\\\/#website\"},\"primaryImageOfPage\":{\"@id\":\"https:\\\/\\\/webdelmaestrocmf.com\\\/portal\\\/programa-de-tutorias-contra-el-rezago-y-el-abandono-escolar-2021\\\/#primaryimage\"},\"image\":{\"@id\":\"https:\\\/\\\/webdelmaestrocmf.com\\\/portal\\\/programa-de-tutorias-contra-el-rezago-y-el-abandono-escolar-2021\\\/#primaryimage\"},\"thumbnailUrl\":\"https:\\\/\\\/webdelmaestrocmf.com\\\/portal\\\/wp-content\\\/uploads\\\/2021\\\/12\\\/1WEDRT-4.jpg\",\"datePublished\":\"2022-05-07T02:00:31+00:00\",\"dateModified\":\"2022-05-07T03:34:11+00:00\",\"description\":\"Es tiempo de ayudar. Miles de estudiantes de escuelas p\u00fablicas con rezago acad\u00e9mico requieren tutor\u00edas para concluir su a\u00f1o escolar.\",\"breadcrumb\":{\"@id\":\"https:\\\/\\\/webdelmaestrocmf.com\\\/portal\\\/programa-de-tutorias-contra-el-rezago-y-el-abandono-escolar-2021\\\/#breadcrumb\"},\"inLanguage\":\"es\",\"potentialAction\":[{\"@type\":\"ReadAction\",\"target\":[\"https:\\\/\\\/webdelmaestrocmf.com\\\/portal\\\/programa-de-tutorias-contra-el-rezago-y-el-abandono-escolar-2021\\\/\"]}]},{\"@type\":\"ImageObject\",\"inLanguage\":\"es\",\"@id\":\"https:\\\/\\\/webdelmaestrocmf.com\\\/portal\\\/programa-de-tutorias-contra-el-rezago-y-el-abandono-escolar-2021\\\/#primaryimage\",\"url\":\"https:\\\/\\\/webdelmaestrocmf.com\\\/portal\\\/wp-content\\\/uploads\\\/2021\\\/12\\\/1WEDRT-4.jpg\",\"contentUrl\":\"https:\\\/\\\/webdelmaestrocmf.com\\\/portal\\\/wp-content\\\/uploads\\\/2021\\\/12\\\/1WEDRT-4.jpg\",\"width\":1100,\"height\":680},{\"@type\":\"BreadcrumbList\",\"@id\":\"https:\\\/\\\/webdelmaestrocmf.com\\\/portal\\\/programa-de-tutorias-contra-el-rezago-y-el-abandono-escolar-2021\\\/#breadcrumb\",\"itemListElement\":[{\"@type\":\"ListItem\",\"position\":1,\"name\":\"Portada\",\"item\":\"https:\\\/\\\/webdelmaestrocmf.com\\\/portal\\\/\"},{\"@type\":\"ListItem\",\"position\":2,\"name\":\"Recursos\",\"item\":\"https:\\\/\\\/webdelmaestrocmf.com\\\/portal\\\/category\\\/pedagogia\\\/\"},{\"@type\":\"ListItem\",\"position\":3,\"name\":\"Programa de tutor\u00edas contra el rezago y el abandono escolar\"}]},{\"@type\":\"WebSite\",\"@id\":\"https:\\\/\\\/webdelmaestrocmf.com\\\/portal\\\/#website\",\"url\":\"https:\\\/\\\/webdelmaestrocmf.com\\\/portal\\\/\",\"name\":\"Web del Maestro CMF\",\"description\":\"Maestros al servicio de la educaci\u00f3n\",\"publisher\":{\"@id\":\"https:\\\/\\\/webdelmaestrocmf.com\\\/portal\\\/#organization\"},\"alternateName\":\"WMCMF\",\"potentialAction\":[{\"@type\":\"SearchAction\",\"target\":{\"@type\":\"EntryPoint\",\"urlTemplate\":\"https:\\\/\\\/webdelmaestrocmf.com\\\/portal\\\/?s={search_term_string}\"},\"query-input\":{\"@type\":\"PropertyValueSpecification\",\"valueRequired\":true,\"valueName\":\"search_term_string\"}}],\"inLanguage\":\"es\"},{\"@type\":\"Organization\",\"@id\":\"https:\\\/\\\/webdelmaestrocmf.com\\\/portal\\\/#organization\",\"name\":\"Web del Maestro CMF\",\"alternateName\":\"WMCMF\",\"url\":\"https:\\\/\\\/webdelmaestrocmf.com\\\/portal\\\/\",\"logo\":{\"@type\":\"ImageObject\",\"inLanguage\":\"es\",\"@id\":\"https:\\\/\\\/webdelmaestrocmf.com\\\/portal\\\/#\\\/schema\\\/logo\\\/image\\\/\",\"url\":\"https:\\\/\\\/webdelmaestrocmf.com\\\/portal\\\/wp-content\\\/uploads\\\/2023\\\/01\\\/logo-wmcmf-2.png\",\"contentUrl\":\"https:\\\/\\\/webdelmaestrocmf.com\\\/portal\\\/wp-content\\\/uploads\\\/2023\\\/01\\\/logo-wmcmf-2.png\",\"width\":200,\"height\":60,\"caption\":\"Web del Maestro CMF\"},\"image\":{\"@id\":\"https:\\\/\\\/webdelmaestrocmf.com\\\/portal\\\/#\\\/schema\\\/logo\\\/image\\\/\"},\"sameAs\":[\"https:\\\/\\\/www.facebook.com\\\/WebdelMaestroCMF\\\/\",\"https:\\\/\\\/x.com\\\/cmf_w\",\"https:\\\/\\\/www.pinterest.com\\\/WMCMF\\\/\",\"https:\\\/\\\/www.linkedin.com\\\/company\\\/web-del-maestro-cmf\\\/\",\"https:\\\/\\\/www.instagram.com\\\/wmcmf\\\/\",\"https:\\\/\\\/www.youtube.com\\\/channel\\\/UCDPSvjbdodE5sHnC3OxutHw\",\"https:\\\/\\\/mastodon.social\\\/@wmcmf\",\"https:\\\/\\\/www.tiktok.com\\\/@webdelmaestrocmf\"]},{\"@type\":\"Person\",\"@id\":\"https:\\\/\\\/webdelmaestrocmf.com\\\/portal\\\/#\\\/schema\\\/person\\\/1072a2ed7bd960df8ef99a551fa35dc5\",\"name\":\"Web del Maestro CMF\",\"image\":{\"@type\":\"ImageObject\",\"inLanguage\":\"es\",\"@id\":\"https:\\\/\\\/secure.gravatar.com\\\/avatar\\\/23291dd5b5ae1077dcff3dbb04c3e02bd28403fa75af6d8787d5e97c5bbbe30b?s=96&d=mm&r=g\",\"url\":\"https:\\\/\\\/secure.gravatar.com\\\/avatar\\\/23291dd5b5ae1077dcff3dbb04c3e02bd28403fa75af6d8787d5e97c5bbbe30b?s=96&d=mm&r=g\",\"contentUrl\":\"https:\\\/\\\/secure.gravatar.com\\\/avatar\\\/23291dd5b5ae1077dcff3dbb04c3e02bd28403fa75af6d8787d5e97c5bbbe30b?s=96&d=mm&r=g\",\"caption\":\"Web del Maestro CMF\"},\"description\":\"Esta Web se cre\u00f3 sin fines de lucro, con fines educativos, cient\u00edficos y acad\u00e9micos, para personas que tengan dificultades y\\\/o inconvenientes en visualizar el material original. El objetivo es entregar recursos, compartir experiencias y materiales que ayuden a los padres de familia, maestros y estudiantes en su actualizaci\u00f3n y formaci\u00f3n permanente, en bien de la Educaci\u00f3n.\",\"sameAs\":[\"http:\\\/\\\/webdelmaestrocmf.com\\\/portal\",\"https:\\\/\\\/www.facebook.com\\\/WebdelMaestroCMF\\\/\",\"https:\\\/\\\/www.instagram.com\\\/wmcmf\\\/\",\"https:\\\/\\\/cl.linkedin.com\\\/company\\\/web-del-maestro-cmf\",\"https:\\\/\\\/www.pinterest.com\\\/WMCMF\\\/publicaciones\\\/\",\"https:\\\/\\\/x.com\\\/cmf_w\",\"https:\\\/\\\/www.youtube.com\\\/@WMCMF\"]}]}<\/script>\n<!-- \/ Yoast SEO plugin. -->","yoast_head_json":{"title":"Programa de tutor\u00edas contra el rezago y el abandono escolar - 2026","description":"Es tiempo de ayudar. Miles de estudiantes de escuelas p\u00fablicas con rezago acad\u00e9mico requieren tutor\u00edas para concluir su a\u00f1o escolar.","robots":{"index":"index","follow":"follow","max-snippet":"max-snippet:-1","max-image-preview":"max-image-preview:large","max-video-preview":"max-video-preview:-1"},"canonical":"https:\/\/webdelmaestrocmf.com\/portal\/programa-de-tutorias-contra-el-rezago-y-el-abandono-escolar-2021\/","og_locale":"es_ES","og_type":"article","og_title":"Programa de tutor\u00edas contra el rezago y el abandono escolar - 2026","og_description":"Es tiempo de ayudar. Miles de estudiantes de escuelas p\u00fablicas con rezago acad\u00e9mico requieren tutor\u00edas para concluir su a\u00f1o escolar.","og_url":"https:\/\/webdelmaestrocmf.com\/portal\/programa-de-tutorias-contra-el-rezago-y-el-abandono-escolar-2021\/","og_site_name":"Web del Maestro CMF","article_publisher":"https:\/\/www.facebook.com\/WebdelMaestroCMF\/","article_author":"https:\/\/www.facebook.com\/WebdelMaestroCMF\/","article_published_time":"2022-05-07T02:00:31+00:00","article_modified_time":"2022-05-07T03:34:11+00:00","og_image":[{"width":1100,"height":680,"url":"https:\/\/i0.wp.com\/webdelmaestrocmf.com\/portal\/wp-content\/uploads\/2021\/12\/1WEDRT-4.jpg?fit=1100%2C680&ssl=1","type":"image\/jpeg"}],"author":"Web del Maestro CMF","twitter_card":"summary_large_image","twitter_creator":"@cmf_w","twitter_site":"@cmf_w","schema":{"@context":"https:\/\/schema.org","@graph":[{"@type":"ScholarlyArticle","@id":"https:\/\/webdelmaestrocmf.com\/portal\/programa-de-tutorias-contra-el-rezago-y-el-abandono-escolar-2021\/#article","isPartOf":{"@id":"https:\/\/webdelmaestrocmf.com\/portal\/programa-de-tutorias-contra-el-rezago-y-el-abandono-escolar-2021\/"},"author":{"name":"Web del Maestro CMF","@id":"https:\/\/webdelmaestrocmf.com\/portal\/#\/schema\/person\/1072a2ed7bd960df8ef99a551fa35dc5"},"headline":"Programa de tutor\u00edas contra el rezago y el abandono escolar","datePublished":"2022-05-07T02:00:31+00:00","dateModified":"2022-05-07T03:34:11+00:00","mainEntityOfPage":{"@id":"https:\/\/webdelmaestrocmf.com\/portal\/programa-de-tutorias-contra-el-rezago-y-el-abandono-escolar-2021\/"},"wordCount":314,"commentCount":0,"publisher":{"@id":"https:\/\/webdelmaestrocmf.com\/portal\/#organization"},"image":{"@id":"https:\/\/webdelmaestrocmf.com\/portal\/programa-de-tutorias-contra-el-rezago-y-el-abandono-escolar-2021\/#primaryimage"},"thumbnailUrl":"https:\/\/webdelmaestrocmf.com\/portal\/wp-content\/uploads\/2021\/12\/1WEDRT-4.jpg","keywords":["abandono","CONTRA","ESCOLAR","PROGRAMA","REZAGO","Tutor\u00edas"],"articleSection":["Noticias","Recursos"],"inLanguage":"es","potentialAction":[{"@type":"CommentAction","name":"Comment","target":["https:\/\/webdelmaestrocmf.com\/portal\/programa-de-tutorias-contra-el-rezago-y-el-abandono-escolar-2021\/#respond"]}]},{"@type":"WebPage","@id":"https:\/\/webdelmaestrocmf.com\/portal\/programa-de-tutorias-contra-el-rezago-y-el-abandono-escolar-2021\/","url":"https:\/\/webdelmaestrocmf.com\/portal\/programa-de-tutorias-contra-el-rezago-y-el-abandono-escolar-2021\/","name":"Programa de tutor\u00edas contra el rezago y el abandono escolar - 2026","isPartOf":{"@id":"https:\/\/webdelmaestrocmf.com\/portal\/#website"},"primaryImageOfPage":{"@id":"https:\/\/webdelmaestrocmf.com\/portal\/programa-de-tutorias-contra-el-rezago-y-el-abandono-escolar-2021\/#primaryimage"},"image":{"@id":"https:\/\/webdelmaestrocmf.com\/portal\/programa-de-tutorias-contra-el-rezago-y-el-abandono-escolar-2021\/#primaryimage"},"thumbnailUrl":"https:\/\/webdelmaestrocmf.com\/portal\/wp-content\/uploads\/2021\/12\/1WEDRT-4.jpg","datePublished":"2022-05-07T02:00:31+00:00","dateModified":"2022-05-07T03:34:11+00:00","description":"Es tiempo de ayudar. Miles de estudiantes de escuelas p\u00fablicas con rezago acad\u00e9mico requieren tutor\u00edas para concluir su a\u00f1o escolar.","breadcrumb":{"@id":"https:\/\/webdelmaestrocmf.com\/portal\/programa-de-tutorias-contra-el-rezago-y-el-abandono-escolar-2021\/#breadcrumb"},"inLanguage":"es","potentialAction":[{"@type":"ReadAction","target":["https:\/\/webdelmaestrocmf.com\/portal\/programa-de-tutorias-contra-el-rezago-y-el-abandono-escolar-2021\/"]}]},{"@type":"ImageObject","inLanguage":"es","@id":"https:\/\/webdelmaestrocmf.com\/portal\/programa-de-tutorias-contra-el-rezago-y-el-abandono-escolar-2021\/#primaryimage","url":"https:\/\/webdelmaestrocmf.com\/portal\/wp-content\/uploads\/2021\/12\/1WEDRT-4.jpg","contentUrl":"https:\/\/webdelmaestrocmf.com\/portal\/wp-content\/uploads\/2021\/12\/1WEDRT-4.jpg","width":1100,"height":680},{"@type":"BreadcrumbList","@id":"https:\/\/webdelmaestrocmf.com\/portal\/programa-de-tutorias-contra-el-rezago-y-el-abandono-escolar-2021\/#breadcrumb","itemListElement":[{"@type":"ListItem","position":1,"name":"Portada","item":"https:\/\/webdelmaestrocmf.com\/portal\/"},{"@type":"ListItem","position":2,"name":"Recursos","item":"https:\/\/webdelmaestrocmf.com\/portal\/category\/pedagogia\/"},{"@type":"ListItem","position":3,"name":"Programa de tutor\u00edas contra el rezago y el abandono escolar"}]},{"@type":"WebSite","@id":"https:\/\/webdelmaestrocmf.com\/portal\/#website","url":"https:\/\/webdelmaestrocmf.com\/portal\/","name":"Web del Maestro CMF","description":"Maestros al servicio de la educaci\u00f3n","publisher":{"@id":"https:\/\/webdelmaestrocmf.com\/portal\/#organization"},"alternateName":"WMCMF","potentialAction":[{"@type":"SearchAction","target":{"@type":"EntryPoint","urlTemplate":"https:\/\/webdelmaestrocmf.com\/portal\/?s={search_term_string}"},"query-input":{"@type":"PropertyValueSpecification","valueRequired":true,"valueName":"search_term_string"}}],"inLanguage":"es"},{"@type":"Organization","@id":"https:\/\/webdelmaestrocmf.com\/portal\/#organization","name":"Web del Maestro CMF","alternateName":"WMCMF","url":"https:\/\/webdelmaestrocmf.com\/portal\/","logo":{"@type":"ImageObject","inLanguage":"es","@id":"https:\/\/webdelmaestrocmf.com\/portal\/#\/schema\/logo\/image\/","url":"https:\/\/webdelmaestrocmf.com\/portal\/wp-content\/uploads\/2023\/01\/logo-wmcmf-2.png","contentUrl":"https:\/\/webdelmaestrocmf.com\/portal\/wp-content\/uploads\/2023\/01\/logo-wmcmf-2.png","width":200,"height":60,"caption":"Web del Maestro CMF"},"image":{"@id":"https:\/\/webdelmaestrocmf.com\/portal\/#\/schema\/logo\/image\/"},"sameAs":["https:\/\/www.facebook.com\/WebdelMaestroCMF\/","https:\/\/x.com\/cmf_w","https:\/\/www.pinterest.com\/WMCMF\/","https:\/\/www.linkedin.com\/company\/web-del-maestro-cmf\/","https:\/\/www.instagram.com\/wmcmf\/","https:\/\/www.youtube.com\/channel\/UCDPSvjbdodE5sHnC3OxutHw","https:\/\/mastodon.social\/@wmcmf","https:\/\/www.tiktok.com\/@webdelmaestrocmf"]},{"@type":"Person","@id":"https:\/\/webdelmaestrocmf.com\/portal\/#\/schema\/person\/1072a2ed7bd960df8ef99a551fa35dc5","name":"Web del Maestro CMF","image":{"@type":"ImageObject","inLanguage":"es","@id":"https:\/\/secure.gravatar.com\/avatar\/23291dd5b5ae1077dcff3dbb04c3e02bd28403fa75af6d8787d5e97c5bbbe30b?s=96&d=mm&r=g","url":"https:\/\/secure.gravatar.com\/avatar\/23291dd5b5ae1077dcff3dbb04c3e02bd28403fa75af6d8787d5e97c5bbbe30b?s=96&d=mm&r=g","contentUrl":"https:\/\/secure.gravatar.com\/avatar\/23291dd5b5ae1077dcff3dbb04c3e02bd28403fa75af6d8787d5e97c5bbbe30b?s=96&d=mm&r=g","caption":"Web del Maestro CMF"},"description":"Esta Web se cre\u00f3 sin fines de lucro, con fines educativos, cient\u00edficos y acad\u00e9micos, para personas que tengan dificultades y\/o inconvenientes en visualizar el material original. El objetivo es entregar recursos, compartir experiencias y materiales que ayuden a los padres de familia, maestros y estudiantes en su actualizaci\u00f3n y formaci\u00f3n permanente, en bien de la Educaci\u00f3n.","sameAs":["http:\/\/webdelmaestrocmf.com\/portal","https:\/\/www.facebook.com\/WebdelMaestroCMF\/","https:\/\/www.instagram.com\/wmcmf\/","https:\/\/cl.linkedin.com\/company\/web-del-maestro-cmf","https:\/\/www.pinterest.com\/WMCMF\/publicaciones\/","https:\/\/x.com\/cmf_w","https:\/\/www.youtube.com\/@WMCMF"]}]}},"jetpack_featured_media_url":"https:\/\/webdelmaestrocmf.com\/portal\/wp-content\/uploads\/2021\/12\/1WEDRT-4.jpg","jetpack_sharing_enabled":true,"jetpack-related-posts":[{"id":22018,"url":"https:\/\/webdelmaestrocmf.com\/portal\/manual-una-mejor-tutoria-orientacion-educativa\/","url_meta":{"origin":72009,"position":0},"title":"Manual para una mejor tutor\u00eda y orientaci\u00f3n educativa + Plan tutorial de Inicial, Primaria y Secundaria","author":"Web del Maestro CMF","date":"18 mayo, 2019","format":false,"excerpt":"La necesidad de generar una gu\u00eda pr\u00e1ctica para una tutor\u00eda efectiva, surge de la inquietud\u00a0de intervenir en el fen\u00f3meno del Abandono Escolar desde la perspectiva de la acci\u00f3n de acompa\u00f1amiento directo y personal de estudiantes que presentan riesgo acad\u00e9mico por reprobaci\u00f3n. La importancia del binomio reprobaci\u00f3n-abandono escolar plantea una serie\u2026","rel":"","context":"En \u00abRecursos\u00bb","block_context":{"text":"Recursos","link":"https:\/\/webdelmaestrocmf.com\/portal\/category\/pedagogia\/"},"img":{"alt_text":"","src":"https:\/\/i0.wp.com\/webdelmaestrocmf.com\/portal\/wp-content\/uploads\/2019\/05\/1-copia-6.jpg?resize=350%2C200&ssl=1","width":350,"height":200,"srcset":"https:\/\/i0.wp.com\/webdelmaestrocmf.com\/portal\/wp-content\/uploads\/2019\/05\/1-copia-6.jpg?resize=350%2C200&ssl=1 1x, https:\/\/i0.wp.com\/webdelmaestrocmf.com\/portal\/wp-content\/uploads\/2019\/05\/1-copia-6.jpg?resize=525%2C300&ssl=1 1.5x, https:\/\/i0.wp.com\/webdelmaestrocmf.com\/portal\/wp-content\/uploads\/2019\/05\/1-copia-6.jpg?resize=700%2C400&ssl=1 2x, https:\/\/i0.wp.com\/webdelmaestrocmf.com\/portal\/wp-content\/uploads\/2019\/05\/1-copia-6.jpg?resize=1050%2C600&ssl=1 3x"},"classes":[]},{"id":104928,"url":"https:\/\/webdelmaestrocmf.com\/portal\/materiales-programaciones-sesiones-para-tutoria\/","url_meta":{"origin":72009,"position":1},"title":"Materiales, Programaciones y sesiones para Tutor\u00eda","author":"Web del Maestro CMF","date":"15 marzo, 2024","format":false,"excerpt":"La tutor\u00eda juega un papel fundamental en el desarrollo integral de los estudiantes, brind\u00e1ndoles apoyo y orientaci\u00f3n en su proceso educativo y personal. Para que la labor tutorial sea efectiva, es fundamental contar con los materiales, programaciones y sesiones adecuadas. Art\u00edculo relacionado: Ayuda Docente: 133 actividades para las horas de\u2026","rel":"","context":"En \u00abRecursos\u00bb","block_context":{"text":"Recursos","link":"https:\/\/webdelmaestrocmf.com\/portal\/category\/pedagogia\/"},"img":{"alt_text":"","src":"https:\/\/i0.wp.com\/webdelmaestrocmf.com\/portal\/wp-content\/uploads\/2024\/03\/Banner-1-portada-imagen-10-1-13-1.jpg?resize=350%2C200&ssl=1","width":350,"height":200,"srcset":"https:\/\/i0.wp.com\/webdelmaestrocmf.com\/portal\/wp-content\/uploads\/2024\/03\/Banner-1-portada-imagen-10-1-13-1.jpg?resize=350%2C200&ssl=1 1x, https:\/\/i0.wp.com\/webdelmaestrocmf.com\/portal\/wp-content\/uploads\/2024\/03\/Banner-1-portada-imagen-10-1-13-1.jpg?resize=525%2C300&ssl=1 1.5x, https:\/\/i0.wp.com\/webdelmaestrocmf.com\/portal\/wp-content\/uploads\/2024\/03\/Banner-1-portada-imagen-10-1-13-1.jpg?resize=700%2C400&ssl=1 2x"},"classes":[]},{"id":103641,"url":"https:\/\/webdelmaestrocmf.com\/portal\/plan-anual-de-tutoria-desarrollado-orientacion-educativa-y-convivencia-escolar-2024\/","url_meta":{"origin":72009,"position":2},"title":"Plan Anual de Tutor\u00eda (Desarrollado), Orientaci\u00f3n Educativa y Convivencia Escolar 2024","author":"Web del Maestro CMF","date":"9 febrero, 2024","format":false,"excerpt":"El plan de tutor\u00eda es un documento que contiene los objetivos, estrategias y actividades de tutor\u00eda para un determinado periodo de tiempo. Es un instrumento fundamental para la planificaci\u00f3n y ejecuci\u00f3n de la tutor\u00eda. El Plan Anual de TOECE 2024 es un instrumento fundamental para la gesti\u00f3n y organizaci\u00f3n de\u2026","rel":"","context":"En \u00abRecursos\u00bb","block_context":{"text":"Recursos","link":"https:\/\/webdelmaestrocmf.com\/portal\/category\/pedagogia\/"},"img":{"alt_text":"tutoria","src":"https:\/\/i0.wp.com\/webdelmaestrocmf.com\/portal\/wp-content\/uploads\/2024\/02\/Banner-1-portada-imagen-10-1-15.jpg?resize=350%2C200&ssl=1","width":350,"height":200,"srcset":"https:\/\/i0.wp.com\/webdelmaestrocmf.com\/portal\/wp-content\/uploads\/2024\/02\/Banner-1-portada-imagen-10-1-15.jpg?resize=350%2C200&ssl=1 1x, https:\/\/i0.wp.com\/webdelmaestrocmf.com\/portal\/wp-content\/uploads\/2024\/02\/Banner-1-portada-imagen-10-1-15.jpg?resize=525%2C300&ssl=1 1.5x, https:\/\/i0.wp.com\/webdelmaestrocmf.com\/portal\/wp-content\/uploads\/2024\/02\/Banner-1-portada-imagen-10-1-15.jpg?resize=700%2C400&ssl=1 2x"},"classes":[]},{"id":100013,"url":"https:\/\/webdelmaestrocmf.com\/portal\/su-hijo-esta-por-repetir-el-ano-escolar-que-hacer\/","url_meta":{"origin":72009,"position":3},"title":"\u00bfSu hijo, est\u00e1 por repetir el a\u00f1o escolar? \u00bfQu\u00e9 hacer?","author":"Web del Maestro CMF","date":"12 noviembre, 2023","format":false,"excerpt":"La experiencia de que un hijo est\u00e9 a punto de repetir el a\u00f1o escolar puede ser desafiante y emotiva para cualquier padre. Aunque es natural sentir preocupaci\u00f3n, es crucial abordar la situaci\u00f3n con una mentalidad proactiva y orientada a soluciones. En este contexto, es fundamental comprender las razones detr\u00e1s de\u2026","rel":"","context":"En \u00abPadres\u00bb","block_context":{"text":"Padres","link":"https:\/\/webdelmaestrocmf.com\/portal\/category\/pedagogia\/padres\/"},"img":{"alt_text":"repetir el a\u00f1o escolar","src":"https:\/\/i0.wp.com\/webdelmaestrocmf.com\/portal\/wp-content\/uploads\/2023\/11\/A12B3C4D-7-1.jpg?resize=350%2C200&ssl=1","width":350,"height":200,"srcset":"https:\/\/i0.wp.com\/webdelmaestrocmf.com\/portal\/wp-content\/uploads\/2023\/11\/A12B3C4D-7-1.jpg?resize=350%2C200&ssl=1 1x, https:\/\/i0.wp.com\/webdelmaestrocmf.com\/portal\/wp-content\/uploads\/2023\/11\/A12B3C4D-7-1.jpg?resize=525%2C300&ssl=1 1.5x, https:\/\/i0.wp.com\/webdelmaestrocmf.com\/portal\/wp-content\/uploads\/2023\/11\/A12B3C4D-7-1.jpg?resize=700%2C400&ssl=1 2x"},"classes":[]},{"id":102928,"url":"https:\/\/webdelmaestrocmf.com\/portal\/nuevas-funciones-del-coordinador-de-tutoria-y-orientacion-educativa\/","url_meta":{"origin":72009,"position":4},"title":"Nuevas funciones del coordinador de tutor\u00eda y orientaci\u00f3n educativa","author":"Web del Maestro CMF","date":"21 enero, 2024","format":false,"excerpt":"En el din\u00e1mico escenario educativo, la figura del coordinador de tutor\u00eda y orientaci\u00f3n educativa adquiere mayor relevancia gracias a las recientes actualizaciones establecidas en la RVM N\u00b0 106-2023-MINEDU. Este marco regulatorio ha delineado funciones generales y espec\u00edficas que impulsan una mayor implicaci\u00f3n y liderazgo de estos profesionales en las instituciones\u2026","rel":"","context":"En \u00abRecursos\u00bb","block_context":{"text":"Recursos","link":"https:\/\/webdelmaestrocmf.com\/portal\/category\/pedagogia\/"},"img":{"alt_text":"","src":"https:\/\/i0.wp.com\/webdelmaestrocmf.com\/portal\/wp-content\/uploads\/2024\/01\/Banner-1-portada-imagen-10-6-1.jpg?resize=350%2C200&ssl=1","width":350,"height":200,"srcset":"https:\/\/i0.wp.com\/webdelmaestrocmf.com\/portal\/wp-content\/uploads\/2024\/01\/Banner-1-portada-imagen-10-6-1.jpg?resize=350%2C200&ssl=1 1x, https:\/\/i0.wp.com\/webdelmaestrocmf.com\/portal\/wp-content\/uploads\/2024\/01\/Banner-1-portada-imagen-10-6-1.jpg?resize=525%2C300&ssl=1 1.5x, https:\/\/i0.wp.com\/webdelmaestrocmf.com\/portal\/wp-content\/uploads\/2024\/01\/Banner-1-portada-imagen-10-6-1.jpg?resize=700%2C400&ssl=1 2x"},"classes":[]},{"id":36754,"url":"https:\/\/webdelmaestrocmf.com\/portal\/plan-de-tutoria-de-marzo-a-diciembre-2019\/","url_meta":{"origin":72009,"position":5},"title":"Plan de tutor\u00eda, Orientaci\u00f3n educativa y Convivencia escolar","author":"Web del Maestro CMF","date":"11 marzo, 2020","format":false,"excerpt":"La heterogeneidad del alumnado actual, el aumento de la optatividad en los nuevos planes de estudio, el impacto de la reformas en estos planes, junto a la necesidad de una mejor atenci\u00f3n al estudiante y un trato m\u00e1s personal y directo, constituyen aspectos que hacen imprescindible el establecimiento de las\u2026","rel":"","context":"En \u00abRecursos\u00bb","block_context":{"text":"Recursos","link":"https:\/\/webdelmaestrocmf.com\/portal\/category\/pedagogia\/"},"img":{"alt_text":"","src":"https:\/\/i0.wp.com\/webdelmaestrocmf.com\/portal\/wp-content\/uploads\/2019\/09\/3c.jpg?resize=350%2C200&ssl=1","width":350,"height":200,"srcset":"https:\/\/i0.wp.com\/webdelmaestrocmf.com\/portal\/wp-content\/uploads\/2019\/09\/3c.jpg?resize=350%2C200&ssl=1 1x, https:\/\/i0.wp.com\/webdelmaestrocmf.com\/portal\/wp-content\/uploads\/2019\/09\/3c.jpg?resize=525%2C300&ssl=1 1.5x, https:\/\/i0.wp.com\/webdelmaestrocmf.com\/portal\/wp-content\/uploads\/2019\/09\/3c.jpg?resize=700%2C400&ssl=1 2x, https:\/\/i0.wp.com\/webdelmaestrocmf.com\/portal\/wp-content\/uploads\/2019\/09\/3c.jpg?resize=1050%2C600&ssl=1 3x"},"classes":[]}],"_links":{"self":[{"href":"https:\/\/webdelmaestrocmf.com\/portal\/wp-json\/wp\/v2\/posts\/72009","targetHints":{"allow":["GET"]}}],"collection":[{"href":"https:\/\/webdelmaestrocmf.com\/portal\/wp-json\/wp\/v2\/posts"}],"about":[{"href":"https:\/\/webdelmaestrocmf.com\/portal\/wp-json\/wp\/v2\/types\/post"}],"author":[{"embeddable":true,"href":"https:\/\/webdelmaestrocmf.com\/portal\/wp-json\/wp\/v2\/users\/1"}],"replies":[{"embeddable":true,"href":"https:\/\/webdelmaestrocmf.com\/portal\/wp-json\/wp\/v2\/comments?post=72009"}],"version-history":[{"count":0,"href":"https:\/\/webdelmaestrocmf.com\/portal\/wp-json\/wp\/v2\/posts\/72009\/revisions"}],"wp:featuredmedia":[{"embeddable":true,"href":"https:\/\/webdelmaestrocmf.com\/portal\/wp-json\/wp\/v2\/media\/72011"}],"wp:attachment":[{"href":"https:\/\/webdelmaestrocmf.com\/portal\/wp-json\/wp\/v2\/media?parent=72009"}],"wp:term":[{"taxonomy":"category","embeddable":true,"href":"https:\/\/webdelmaestrocmf.com\/portal\/wp-json\/wp\/v2\/categories?post=72009"},{"taxonomy":"post_tag","embeddable":true,"href":"https:\/\/webdelmaestrocmf.com\/portal\/wp-json\/wp\/v2\/tags?post=72009"}],"curies":[{"name":"wp","href":"https:\/\/api.w.org\/{rel}","templated":true}]}}