{"id":71895,"date":"2021-12-09T23:04:45","date_gmt":"2021-12-10T02:04:45","guid":{"rendered":"https:\/\/webdelmaestrocmf.com\/portal\/?p=71895"},"modified":"2022-04-29T20:16:59","modified_gmt":"2022-04-30T00:16:59","slug":"alike-un-corto-para-reflexionar-sobre-como-se-destruye-la-creatividad-de-los-ninos","status":"publish","type":"post","link":"https:\/\/webdelmaestrocmf.com\/portal\/alike-un-corto-para-reflexionar-sobre-como-se-destruye-la-creatividad-de-los-ninos\/","title":{"rendered":"Alike, un corto para trabajar las emociones: \u00bfTu hijo es un copy-paste de ti mismo?"},"content":{"rendered":"<h5 class=\"paragraph\" style=\"text-align: justify;\">\u00abLa educaci\u00f3n infantil para ni\u00f1os menores de 7 a\u00f1os est\u00e1 excesivamente centrada en lo que sucede en la escuela: la lectura, la escritura y el aprendizaje de ingl\u00e9s\u00bb. Las palabras son de Daniel Mart\u00ednez Lara, director espa\u00f1ol de cine que logr\u00f3 m\u00e1s de 5 millones de reproducciones con su corto\u00a0<strong>Alike<\/strong>, publicado en canales masivos como YouTube y Vimeo.<\/h5>\n<p><!--more--><\/p>\n<h5 class=\"paragraph\" style=\"text-align: justify;\">El cortometraje que dura 8 minutos plantea la relaci\u00f3n de un padre (Copi) y su hijo (Paste), en medio de una vor\u00e1gine de reglas establecidas y normas que impone la rutina. Al convertirse en padre, el director Daniel Mart\u00ednez Lara empez\u00f3 a plantearse qu\u00e9 es lo que m\u00e1s conviene a los hijos en sus primeros a\u00f1os de vida. El relato, protagonizado por personajes lo m\u00e1s asexuados posible y sin raza concreta y ambientado en un lugar sin patria definida, intenta ser universal en todos los sentidos.<\/h5>\n<p class=\"paragraph\" style=\"text-align: justify;\">\u00abLos conocimientos adquiridos en la escuela son muy importantes, pero quiz\u00e1 a esa edad deber\u00edan estar aprendiendo a ser creativos, a c\u00f3mo vivir en grupo y otros valores m\u00e1s necesarios que saber los n\u00fameros en ingl\u00e9s\u00bb, se\u00f1al\u00f3 Mart\u00ednez.<\/p>\n<p><iframe loading=\"lazy\" title=\"vimeo-player\" src=\"https:\/\/player.vimeo.com\/video\/194276412?h=9d8d9bfc7b\" width=\"100%\" height=\"400\" frameborder=\"0\" allowfullscreen=\"allowfullscreen\"><span data-mce-type=\"bookmark\" style=\"display: inline-block; width: 0px; overflow: hidden; line-height: 0;\" class=\"mce_SELRES_start\">\ufeff<\/span><\/iframe><\/p>\n<p class=\"paragraph\" style=\"text-align: justify;\"><span style=\"font-family: -apple-system, BlinkMacSystemFont, 'segoe ui', Roboto, 'helvetica neue', Arial, 'noto sans', sans-serif, 'apple color emoji', 'segoe ui emoji', 'segoe ui symbol', 'noto color emoji';\">En la historia expuesta, Alike plantea una reflexi\u00f3n que no conoce fronteras y que, sin buscar adoctrinar, s\u00ed tiene como objetivo remarcar la importancia de las relaciones familiares, atendiendo los reclamos y necesidades de los ni\u00f1os, quienes muchas veces expresan sus sentimientos y pensamientos de modo poco ortodoxos.<\/span><\/p>\n<p style=\"text-align: justify;\"><img loading=\"lazy\" decoding=\"async\" class=\"alignnone wp-image-71896\" src=\"https:\/\/webdelmaestrocmf.com\/portal\/wp-content\/uploads\/2021\/12\/1-8.jpeg\" alt=\"\" width=\"759\" height=\"443\" srcset=\"https:\/\/webdelmaestrocmf.com\/portal\/wp-content\/uploads\/2021\/12\/1-8.jpeg 560w, https:\/\/webdelmaestrocmf.com\/portal\/wp-content\/uploads\/2021\/12\/1-8-300x175.jpeg 300w, https:\/\/webdelmaestrocmf.com\/portal\/wp-content\/uploads\/2021\/12\/1-8-110x64.jpeg 110w, https:\/\/webdelmaestrocmf.com\/portal\/wp-content\/uploads\/2021\/12\/1-8-200x117.jpeg 200w, https:\/\/webdelmaestrocmf.com\/portal\/wp-content\/uploads\/2021\/12\/1-8-380x222.jpeg 380w, https:\/\/webdelmaestrocmf.com\/portal\/wp-content\/uploads\/2021\/12\/1-8-255x149.jpeg 255w, https:\/\/webdelmaestrocmf.com\/portal\/wp-content\/uploads\/2021\/12\/1-8-550x321.jpeg 550w\" sizes=\"auto, (max-width: 759px) 100vw, 759px\" \/><\/p>\n<p style=\"text-align: justify;\">Alike gan\u00f3 el Goya como mejor cortometraje de animaci\u00f3n de 2016, aunque por ese entonces las visitas al material eran escasas. \u00abEn ese momento nos felicitaban por haber ganado un premio; ahora que la gente ha podido acceder a la pel\u00edcula, nos felicitan por su calidad\u00bb, apunta Rafael Cano M\u00e9ndez, quien acompa\u00f1\u00f3 a Mart\u00ednez en la direcci\u00f3n del corto espa\u00f1ol.<\/p>\n<p style=\"text-align: justify;\">En Espa\u00f1a, el corto se ha cedido a la base de datos del Ministerio de Educaci\u00f3n para que los profesores puedan acceder a \u00e9l de forma gratuita y se lo muestren a sus alumnos. \u00abEra una forma de prolongar ese sentimiento de comunidad que nos hemos encontrado en Internet\u00bb, comentan los dos padres del proyecto.<\/p>\n<p><strong>Este contenido ha sido publicado originalmente por Infobae en la siguiente direcci\u00f3n: <a href=\"http:\/\/infobae.com\" target=\"_blank\" rel=\"noopener\">infobae.com<\/a><\/strong><\/p>\n\t\t<div class=\"pk-inline-posts\">\n\t\t\t\n\t\t\t<div class=\"pk-inline-posts-container pk-inline-posts-template-list\"\n\t\t\t\tdata-columns=\"1\">\n\t\t\t\t\t\t<article id=\"post-66850\" class=\"post-66850 post type-post status-publish format-standard has-post-thumbnail category-peliculas category-pedagogia tag-aqui-estamos tag-escuchar tag-hermosa tag-invita tag-pelicula tag-planeta tag-tierra cs-entry cs-video-wrap\">\n\t\t\t<div class=\"pk-post-outer\">\n\n\t\t\t\t\t\t\t\t<div class=\"pk-post-inner\">\n\t\t\t\t\t<div class=\"entry-thumbnail\">\n\t\t\t\t\t\t<div class=\"pk-overlay pk-overlay-ratio pk-ratio-landscape\">\n\t\t\t\t\t\t\t<div class=\"pk-overlay-background\">\n\t\t\t\t\t\t\t\t<a href=\"https:\/\/webdelmaestrocmf.com\/portal\/aqui-estamos-una-hermosa-pelicula-que-nos-invita-a-escuchar-al-planeta-tierra\/\" class=\"pk-overlay-link\">\n\t\t\t\t\t\t\t\t\t<img loading=\"lazy\" decoding=\"async\" width=\"300\" height=\"225\" src=\"https:\/\/webdelmaestrocmf.com\/portal\/wp-content\/uploads\/2021\/08\/1a-15-300x225.jpg\" class=\"attachment-pk-thumbnail size-pk-thumbnail wp-post-image\" alt=\"\" srcset=\"https:\/\/webdelmaestrocmf.com\/portal\/wp-content\/uploads\/2021\/08\/1a-15-300x225.jpg 300w, https:\/\/webdelmaestrocmf.com\/portal\/wp-content\/uploads\/2021\/08\/1a-15-600x450.jpg 600w\" sizes=\"auto, (max-width: 300px) 100vw, 300px\" \/>\t\t\t\t\t\t\t\t<\/a>\n\t\t\t\t\t\t\t<\/div>\n\t\t\t\t\t\t<\/div>\n\t\t\t\t\t<\/div>\n\t\t\t\t<\/div>\n\t\t\t\t\n\t\t\t\t<div class=\"pk-post-inner\">\n\t\t\t\t\t<header>\n\t\t\t\t\t\t<h3 class=\"pk-title\"><a href=\"https:\/\/webdelmaestrocmf.com\/portal\/aqui-estamos-una-hermosa-pelicula-que-nos-invita-a-escuchar-al-planeta-tierra\/\" rel=\"bookmark\">\u00abAqu\u00ed estamos\u00bb, una hermosa pel\u00edcula que nos invita a escuchar al planeta Tierra | Descarga las 50 fichas para colorear en el d\u00eda de la tierra<\/a><\/h3>\t\t\t\t\t<\/header><!-- .entry-header -->\n\t\t\t\t<\/div><!-- .post-inner -->\n\n\t\t\t<\/div><!-- .post-outer -->\n\t\t<\/article>\n\t\t\t\t<\/div>\n\t\t<\/div>\n\t\t\n","protected":false},"excerpt":{"rendered":"\u00abLa educaci\u00f3n infantil para ni\u00f1os menores de 7 a\u00f1os est\u00e1 excesivamente centrada en lo que sucede en la&hellip;","protected":false},"author":1,"featured_media":71898,"comment_status":"open","ping_status":"closed","sticky":false,"template":"","format":"standard","meta":{"csco_display_header_overlay":false,"csco_singular_sidebar":"default","csco_page_header_type":"default","csco_page_load_nextpost":"default","csco_post_video_location":[],"csco_post_video_location_hash":"","csco_post_video_url":"","csco_post_video_bg_start_time":0,"csco_post_video_bg_end_time":0,"csco_post_video_bg_volume":false,"_jetpack_memberships_contains_paid_content":false,"footnotes":""},"categories":[644,735],"tags":[14399,2665,1011,73,14400,297,223],"class_list":{"0":"post-71895","1":"post","2":"type-post","3":"status-publish","4":"format-standard","5":"has-post-thumbnail","7":"category-peliculas","8":"category-pedagogia","9":"tag-alike","10":"tag-como","11":"tag-corto","12":"tag-creatividad","13":"tag-destruye","14":"tag-ninos","15":"tag-reflexionar","16":"cs-entry","17":"cs-video-wrap"},"yoast_head":"<!-- This site is optimized with the Yoast SEO plugin v27.5 - https:\/\/yoast.com\/product\/yoast-seo-wordpress\/ -->\n<title>Alike, un corto para trabajar las emociones: \u00bfTu hijo es un copy-paste de ti mismo? - 2026<\/title>\n<meta name=\"description\" content=\"&quot;La educaci\u00f3n infantil para ni\u00f1os menores de 7 a\u00f1os est\u00e1 excesivamente centrada en lo que sucede en la escuela: la lectura...\" \/>\n<meta name=\"robots\" content=\"index, follow, max-snippet:-1, max-image-preview:large, max-video-preview:-1\" \/>\n<link rel=\"canonical\" href=\"https:\/\/webdelmaestrocmf.com\/portal\/alike-un-corto-para-reflexionar-sobre-como-se-destruye-la-creatividad-de-los-ninos\/\" \/>\n<meta property=\"og:locale\" content=\"es_ES\" \/>\n<meta property=\"og:type\" content=\"article\" \/>\n<meta property=\"og:title\" content=\"Alike, un corto para trabajar las emociones: \u00bfTu hijo es un copy-paste de ti mismo? - 2026\" \/>\n<meta property=\"og:description\" content=\"&quot;La educaci\u00f3n infantil para ni\u00f1os menores de 7 a\u00f1os est\u00e1 excesivamente centrada en lo que sucede en la escuela: la lectura...\" \/>\n<meta property=\"og:url\" content=\"https:\/\/webdelmaestrocmf.com\/portal\/alike-un-corto-para-reflexionar-sobre-como-se-destruye-la-creatividad-de-los-ninos\/\" \/>\n<meta property=\"og:site_name\" content=\"Web del Maestro CMF\" \/>\n<meta property=\"article:publisher\" content=\"https:\/\/www.facebook.com\/WebdelMaestroCMF\/\" \/>\n<meta property=\"article:author\" content=\"https:\/\/www.facebook.com\/WebdelMaestroCMF\/\" \/>\n<meta property=\"article:published_time\" content=\"2021-12-10T02:04:45+00:00\" \/>\n<meta property=\"article:modified_time\" content=\"2022-04-30T00:16:59+00:00\" \/>\n<meta property=\"og:image\" content=\"https:\/\/i0.wp.com\/webdelmaestrocmf.com\/portal\/wp-content\/uploads\/2021\/12\/1-18.jpg?fit=1100%2C680&ssl=1\" \/>\n\t<meta property=\"og:image:width\" content=\"1100\" \/>\n\t<meta property=\"og:image:height\" content=\"680\" \/>\n\t<meta property=\"og:image:type\" content=\"image\/jpeg\" \/>\n<meta name=\"author\" content=\"Web del Maestro CMF\" \/>\n<meta name=\"twitter:card\" content=\"summary_large_image\" \/>\n<meta name=\"twitter:creator\" content=\"@cmf_w\" \/>\n<meta name=\"twitter:site\" content=\"@cmf_w\" \/>\n<script type=\"application\/ld+json\" class=\"yoast-schema-graph\">{\"@context\":\"https:\\\/\\\/schema.org\",\"@graph\":[{\"@type\":\"ScholarlyArticle\",\"@id\":\"https:\\\/\\\/webdelmaestrocmf.com\\\/portal\\\/alike-un-corto-para-reflexionar-sobre-como-se-destruye-la-creatividad-de-los-ninos\\\/#article\",\"isPartOf\":{\"@id\":\"https:\\\/\\\/webdelmaestrocmf.com\\\/portal\\\/alike-un-corto-para-reflexionar-sobre-como-se-destruye-la-creatividad-de-los-ninos\\\/\"},\"author\":{\"name\":\"Web del Maestro CMF\",\"@id\":\"https:\\\/\\\/webdelmaestrocmf.com\\\/portal\\\/#\\\/schema\\\/person\\\/1072a2ed7bd960df8ef99a551fa35dc5\"},\"headline\":\"Alike, un corto para trabajar las emociones: \u00bfTu hijo es un copy-paste de ti mismo?\",\"datePublished\":\"2021-12-10T02:04:45+00:00\",\"dateModified\":\"2022-04-30T00:16:59+00:00\",\"mainEntityOfPage\":{\"@id\":\"https:\\\/\\\/webdelmaestrocmf.com\\\/portal\\\/alike-un-corto-para-reflexionar-sobre-como-se-destruye-la-creatividad-de-los-ninos\\\/\"},\"wordCount\":404,\"commentCount\":0,\"publisher\":{\"@id\":\"https:\\\/\\\/webdelmaestrocmf.com\\\/portal\\\/#organization\"},\"image\":{\"@id\":\"https:\\\/\\\/webdelmaestrocmf.com\\\/portal\\\/alike-un-corto-para-reflexionar-sobre-como-se-destruye-la-creatividad-de-los-ninos\\\/#primaryimage\"},\"thumbnailUrl\":\"https:\\\/\\\/webdelmaestrocmf.com\\\/portal\\\/wp-content\\\/uploads\\\/2021\\\/12\\\/1-18.jpg\",\"keywords\":[\"Alike\",\"C\u00d3MO\",\"CORTO\",\"creatividad\",\"destruye\",\"Ni\u00f1os\",\"REFLEXIONAR\"],\"articleSection\":[\"Pel\u00edculas\",\"Recursos\"],\"inLanguage\":\"es\",\"potentialAction\":[{\"@type\":\"CommentAction\",\"name\":\"Comment\",\"target\":[\"https:\\\/\\\/webdelmaestrocmf.com\\\/portal\\\/alike-un-corto-para-reflexionar-sobre-como-se-destruye-la-creatividad-de-los-ninos\\\/#respond\"]}]},{\"@type\":\"WebPage\",\"@id\":\"https:\\\/\\\/webdelmaestrocmf.com\\\/portal\\\/alike-un-corto-para-reflexionar-sobre-como-se-destruye-la-creatividad-de-los-ninos\\\/\",\"url\":\"https:\\\/\\\/webdelmaestrocmf.com\\\/portal\\\/alike-un-corto-para-reflexionar-sobre-como-se-destruye-la-creatividad-de-los-ninos\\\/\",\"name\":\"Alike, un corto para trabajar las emociones: \u00bfTu hijo es un copy-paste de ti mismo? - 2026\",\"isPartOf\":{\"@id\":\"https:\\\/\\\/webdelmaestrocmf.com\\\/portal\\\/#website\"},\"primaryImageOfPage\":{\"@id\":\"https:\\\/\\\/webdelmaestrocmf.com\\\/portal\\\/alike-un-corto-para-reflexionar-sobre-como-se-destruye-la-creatividad-de-los-ninos\\\/#primaryimage\"},\"image\":{\"@id\":\"https:\\\/\\\/webdelmaestrocmf.com\\\/portal\\\/alike-un-corto-para-reflexionar-sobre-como-se-destruye-la-creatividad-de-los-ninos\\\/#primaryimage\"},\"thumbnailUrl\":\"https:\\\/\\\/webdelmaestrocmf.com\\\/portal\\\/wp-content\\\/uploads\\\/2021\\\/12\\\/1-18.jpg\",\"datePublished\":\"2021-12-10T02:04:45+00:00\",\"dateModified\":\"2022-04-30T00:16:59+00:00\",\"description\":\"\\\"La educaci\u00f3n infantil para ni\u00f1os menores de 7 a\u00f1os est\u00e1 excesivamente centrada en lo que sucede en la escuela: la lectura...\",\"breadcrumb\":{\"@id\":\"https:\\\/\\\/webdelmaestrocmf.com\\\/portal\\\/alike-un-corto-para-reflexionar-sobre-como-se-destruye-la-creatividad-de-los-ninos\\\/#breadcrumb\"},\"inLanguage\":\"es\",\"potentialAction\":[{\"@type\":\"ReadAction\",\"target\":[\"https:\\\/\\\/webdelmaestrocmf.com\\\/portal\\\/alike-un-corto-para-reflexionar-sobre-como-se-destruye-la-creatividad-de-los-ninos\\\/\"]}]},{\"@type\":\"ImageObject\",\"inLanguage\":\"es\",\"@id\":\"https:\\\/\\\/webdelmaestrocmf.com\\\/portal\\\/alike-un-corto-para-reflexionar-sobre-como-se-destruye-la-creatividad-de-los-ninos\\\/#primaryimage\",\"url\":\"https:\\\/\\\/webdelmaestrocmf.com\\\/portal\\\/wp-content\\\/uploads\\\/2021\\\/12\\\/1-18.jpg\",\"contentUrl\":\"https:\\\/\\\/webdelmaestrocmf.com\\\/portal\\\/wp-content\\\/uploads\\\/2021\\\/12\\\/1-18.jpg\",\"width\":1100,\"height\":680},{\"@type\":\"BreadcrumbList\",\"@id\":\"https:\\\/\\\/webdelmaestrocmf.com\\\/portal\\\/alike-un-corto-para-reflexionar-sobre-como-se-destruye-la-creatividad-de-los-ninos\\\/#breadcrumb\",\"itemListElement\":[{\"@type\":\"ListItem\",\"position\":1,\"name\":\"Portada\",\"item\":\"https:\\\/\\\/webdelmaestrocmf.com\\\/portal\\\/\"},{\"@type\":\"ListItem\",\"position\":2,\"name\":\"Recursos\",\"item\":\"https:\\\/\\\/webdelmaestrocmf.com\\\/portal\\\/category\\\/pedagogia\\\/\"},{\"@type\":\"ListItem\",\"position\":3,\"name\":\"Alike, un corto para trabajar las emociones: \u00bfTu hijo es un copy-paste de ti mismo?\"}]},{\"@type\":\"WebSite\",\"@id\":\"https:\\\/\\\/webdelmaestrocmf.com\\\/portal\\\/#website\",\"url\":\"https:\\\/\\\/webdelmaestrocmf.com\\\/portal\\\/\",\"name\":\"Web del Maestro CMF\",\"description\":\"Maestros al servicio de la educaci\u00f3n\",\"publisher\":{\"@id\":\"https:\\\/\\\/webdelmaestrocmf.com\\\/portal\\\/#organization\"},\"alternateName\":\"WMCMF\",\"potentialAction\":[{\"@type\":\"SearchAction\",\"target\":{\"@type\":\"EntryPoint\",\"urlTemplate\":\"https:\\\/\\\/webdelmaestrocmf.com\\\/portal\\\/?s={search_term_string}\"},\"query-input\":{\"@type\":\"PropertyValueSpecification\",\"valueRequired\":true,\"valueName\":\"search_term_string\"}}],\"inLanguage\":\"es\"},{\"@type\":\"Organization\",\"@id\":\"https:\\\/\\\/webdelmaestrocmf.com\\\/portal\\\/#organization\",\"name\":\"Web del Maestro CMF\",\"alternateName\":\"WMCMF\",\"url\":\"https:\\\/\\\/webdelmaestrocmf.com\\\/portal\\\/\",\"logo\":{\"@type\":\"ImageObject\",\"inLanguage\":\"es\",\"@id\":\"https:\\\/\\\/webdelmaestrocmf.com\\\/portal\\\/#\\\/schema\\\/logo\\\/image\\\/\",\"url\":\"https:\\\/\\\/webdelmaestrocmf.com\\\/portal\\\/wp-content\\\/uploads\\\/2023\\\/01\\\/logo-wmcmf-2.png\",\"contentUrl\":\"https:\\\/\\\/webdelmaestrocmf.com\\\/portal\\\/wp-content\\\/uploads\\\/2023\\\/01\\\/logo-wmcmf-2.png\",\"width\":200,\"height\":60,\"caption\":\"Web del Maestro CMF\"},\"image\":{\"@id\":\"https:\\\/\\\/webdelmaestrocmf.com\\\/portal\\\/#\\\/schema\\\/logo\\\/image\\\/\"},\"sameAs\":[\"https:\\\/\\\/www.facebook.com\\\/WebdelMaestroCMF\\\/\",\"https:\\\/\\\/x.com\\\/cmf_w\",\"https:\\\/\\\/www.pinterest.com\\\/WMCMF\\\/\",\"https:\\\/\\\/www.linkedin.com\\\/company\\\/web-del-maestro-cmf\\\/\",\"https:\\\/\\\/www.instagram.com\\\/wmcmf\\\/\",\"https:\\\/\\\/www.youtube.com\\\/channel\\\/UCDPSvjbdodE5sHnC3OxutHw\",\"https:\\\/\\\/mastodon.social\\\/@wmcmf\",\"https:\\\/\\\/www.tiktok.com\\\/@webdelmaestrocmf\"]},{\"@type\":\"Person\",\"@id\":\"https:\\\/\\\/webdelmaestrocmf.com\\\/portal\\\/#\\\/schema\\\/person\\\/1072a2ed7bd960df8ef99a551fa35dc5\",\"name\":\"Web del Maestro CMF\",\"image\":{\"@type\":\"ImageObject\",\"inLanguage\":\"es\",\"@id\":\"https:\\\/\\\/secure.gravatar.com\\\/avatar\\\/23291dd5b5ae1077dcff3dbb04c3e02bd28403fa75af6d8787d5e97c5bbbe30b?s=96&d=mm&r=g\",\"url\":\"https:\\\/\\\/secure.gravatar.com\\\/avatar\\\/23291dd5b5ae1077dcff3dbb04c3e02bd28403fa75af6d8787d5e97c5bbbe30b?s=96&d=mm&r=g\",\"contentUrl\":\"https:\\\/\\\/secure.gravatar.com\\\/avatar\\\/23291dd5b5ae1077dcff3dbb04c3e02bd28403fa75af6d8787d5e97c5bbbe30b?s=96&d=mm&r=g\",\"caption\":\"Web del Maestro CMF\"},\"description\":\"Esta Web se cre\u00f3 sin fines de lucro, con fines educativos, cient\u00edficos y acad\u00e9micos, para personas que tengan dificultades y\\\/o inconvenientes en visualizar el material original. El objetivo es entregar recursos, compartir experiencias y materiales que ayuden a los padres de familia, maestros y estudiantes en su actualizaci\u00f3n y formaci\u00f3n permanente, en bien de la Educaci\u00f3n.\",\"sameAs\":[\"http:\\\/\\\/webdelmaestrocmf.com\\\/portal\",\"https:\\\/\\\/www.facebook.com\\\/WebdelMaestroCMF\\\/\",\"https:\\\/\\\/www.instagram.com\\\/wmcmf\\\/\",\"https:\\\/\\\/cl.linkedin.com\\\/company\\\/web-del-maestro-cmf\",\"https:\\\/\\\/www.pinterest.com\\\/WMCMF\\\/publicaciones\\\/\",\"https:\\\/\\\/x.com\\\/cmf_w\",\"https:\\\/\\\/www.youtube.com\\\/@WMCMF\"]}]}<\/script>\n<!-- \/ Yoast SEO plugin. -->","yoast_head_json":{"title":"Alike, un corto para trabajar las emociones: \u00bfTu hijo es un copy-paste de ti mismo? - 2026","description":"\"La educaci\u00f3n infantil para ni\u00f1os menores de 7 a\u00f1os est\u00e1 excesivamente centrada en lo que sucede en la escuela: la lectura...","robots":{"index":"index","follow":"follow","max-snippet":"max-snippet:-1","max-image-preview":"max-image-preview:large","max-video-preview":"max-video-preview:-1"},"canonical":"https:\/\/webdelmaestrocmf.com\/portal\/alike-un-corto-para-reflexionar-sobre-como-se-destruye-la-creatividad-de-los-ninos\/","og_locale":"es_ES","og_type":"article","og_title":"Alike, un corto para trabajar las emociones: \u00bfTu hijo es un copy-paste de ti mismo? - 2026","og_description":"\"La educaci\u00f3n infantil para ni\u00f1os menores de 7 a\u00f1os est\u00e1 excesivamente centrada en lo que sucede en la escuela: la lectura...","og_url":"https:\/\/webdelmaestrocmf.com\/portal\/alike-un-corto-para-reflexionar-sobre-como-se-destruye-la-creatividad-de-los-ninos\/","og_site_name":"Web del Maestro CMF","article_publisher":"https:\/\/www.facebook.com\/WebdelMaestroCMF\/","article_author":"https:\/\/www.facebook.com\/WebdelMaestroCMF\/","article_published_time":"2021-12-10T02:04:45+00:00","article_modified_time":"2022-04-30T00:16:59+00:00","og_image":[{"width":1100,"height":680,"url":"https:\/\/i0.wp.com\/webdelmaestrocmf.com\/portal\/wp-content\/uploads\/2021\/12\/1-18.jpg?fit=1100%2C680&ssl=1","type":"image\/jpeg"}],"author":"Web del Maestro CMF","twitter_card":"summary_large_image","twitter_creator":"@cmf_w","twitter_site":"@cmf_w","schema":{"@context":"https:\/\/schema.org","@graph":[{"@type":"ScholarlyArticle","@id":"https:\/\/webdelmaestrocmf.com\/portal\/alike-un-corto-para-reflexionar-sobre-como-se-destruye-la-creatividad-de-los-ninos\/#article","isPartOf":{"@id":"https:\/\/webdelmaestrocmf.com\/portal\/alike-un-corto-para-reflexionar-sobre-como-se-destruye-la-creatividad-de-los-ninos\/"},"author":{"name":"Web del Maestro CMF","@id":"https:\/\/webdelmaestrocmf.com\/portal\/#\/schema\/person\/1072a2ed7bd960df8ef99a551fa35dc5"},"headline":"Alike, un corto para trabajar las emociones: \u00bfTu hijo es un copy-paste de ti mismo?","datePublished":"2021-12-10T02:04:45+00:00","dateModified":"2022-04-30T00:16:59+00:00","mainEntityOfPage":{"@id":"https:\/\/webdelmaestrocmf.com\/portal\/alike-un-corto-para-reflexionar-sobre-como-se-destruye-la-creatividad-de-los-ninos\/"},"wordCount":404,"commentCount":0,"publisher":{"@id":"https:\/\/webdelmaestrocmf.com\/portal\/#organization"},"image":{"@id":"https:\/\/webdelmaestrocmf.com\/portal\/alike-un-corto-para-reflexionar-sobre-como-se-destruye-la-creatividad-de-los-ninos\/#primaryimage"},"thumbnailUrl":"https:\/\/webdelmaestrocmf.com\/portal\/wp-content\/uploads\/2021\/12\/1-18.jpg","keywords":["Alike","C\u00d3MO","CORTO","creatividad","destruye","Ni\u00f1os","REFLEXIONAR"],"articleSection":["Pel\u00edculas","Recursos"],"inLanguage":"es","potentialAction":[{"@type":"CommentAction","name":"Comment","target":["https:\/\/webdelmaestrocmf.com\/portal\/alike-un-corto-para-reflexionar-sobre-como-se-destruye-la-creatividad-de-los-ninos\/#respond"]}]},{"@type":"WebPage","@id":"https:\/\/webdelmaestrocmf.com\/portal\/alike-un-corto-para-reflexionar-sobre-como-se-destruye-la-creatividad-de-los-ninos\/","url":"https:\/\/webdelmaestrocmf.com\/portal\/alike-un-corto-para-reflexionar-sobre-como-se-destruye-la-creatividad-de-los-ninos\/","name":"Alike, un corto para trabajar las emociones: \u00bfTu hijo es un copy-paste de ti mismo? - 2026","isPartOf":{"@id":"https:\/\/webdelmaestrocmf.com\/portal\/#website"},"primaryImageOfPage":{"@id":"https:\/\/webdelmaestrocmf.com\/portal\/alike-un-corto-para-reflexionar-sobre-como-se-destruye-la-creatividad-de-los-ninos\/#primaryimage"},"image":{"@id":"https:\/\/webdelmaestrocmf.com\/portal\/alike-un-corto-para-reflexionar-sobre-como-se-destruye-la-creatividad-de-los-ninos\/#primaryimage"},"thumbnailUrl":"https:\/\/webdelmaestrocmf.com\/portal\/wp-content\/uploads\/2021\/12\/1-18.jpg","datePublished":"2021-12-10T02:04:45+00:00","dateModified":"2022-04-30T00:16:59+00:00","description":"\"La educaci\u00f3n infantil para ni\u00f1os menores de 7 a\u00f1os est\u00e1 excesivamente centrada en lo que sucede en la escuela: la lectura...","breadcrumb":{"@id":"https:\/\/webdelmaestrocmf.com\/portal\/alike-un-corto-para-reflexionar-sobre-como-se-destruye-la-creatividad-de-los-ninos\/#breadcrumb"},"inLanguage":"es","potentialAction":[{"@type":"ReadAction","target":["https:\/\/webdelmaestrocmf.com\/portal\/alike-un-corto-para-reflexionar-sobre-como-se-destruye-la-creatividad-de-los-ninos\/"]}]},{"@type":"ImageObject","inLanguage":"es","@id":"https:\/\/webdelmaestrocmf.com\/portal\/alike-un-corto-para-reflexionar-sobre-como-se-destruye-la-creatividad-de-los-ninos\/#primaryimage","url":"https:\/\/webdelmaestrocmf.com\/portal\/wp-content\/uploads\/2021\/12\/1-18.jpg","contentUrl":"https:\/\/webdelmaestrocmf.com\/portal\/wp-content\/uploads\/2021\/12\/1-18.jpg","width":1100,"height":680},{"@type":"BreadcrumbList","@id":"https:\/\/webdelmaestrocmf.com\/portal\/alike-un-corto-para-reflexionar-sobre-como-se-destruye-la-creatividad-de-los-ninos\/#breadcrumb","itemListElement":[{"@type":"ListItem","position":1,"name":"Portada","item":"https:\/\/webdelmaestrocmf.com\/portal\/"},{"@type":"ListItem","position":2,"name":"Recursos","item":"https:\/\/webdelmaestrocmf.com\/portal\/category\/pedagogia\/"},{"@type":"ListItem","position":3,"name":"Alike, un corto para trabajar las emociones: \u00bfTu hijo es un copy-paste de ti mismo?"}]},{"@type":"WebSite","@id":"https:\/\/webdelmaestrocmf.com\/portal\/#website","url":"https:\/\/webdelmaestrocmf.com\/portal\/","name":"Web del Maestro CMF","description":"Maestros al servicio de la educaci\u00f3n","publisher":{"@id":"https:\/\/webdelmaestrocmf.com\/portal\/#organization"},"alternateName":"WMCMF","potentialAction":[{"@type":"SearchAction","target":{"@type":"EntryPoint","urlTemplate":"https:\/\/webdelmaestrocmf.com\/portal\/?s={search_term_string}"},"query-input":{"@type":"PropertyValueSpecification","valueRequired":true,"valueName":"search_term_string"}}],"inLanguage":"es"},{"@type":"Organization","@id":"https:\/\/webdelmaestrocmf.com\/portal\/#organization","name":"Web del Maestro CMF","alternateName":"WMCMF","url":"https:\/\/webdelmaestrocmf.com\/portal\/","logo":{"@type":"ImageObject","inLanguage":"es","@id":"https:\/\/webdelmaestrocmf.com\/portal\/#\/schema\/logo\/image\/","url":"https:\/\/webdelmaestrocmf.com\/portal\/wp-content\/uploads\/2023\/01\/logo-wmcmf-2.png","contentUrl":"https:\/\/webdelmaestrocmf.com\/portal\/wp-content\/uploads\/2023\/01\/logo-wmcmf-2.png","width":200,"height":60,"caption":"Web del Maestro CMF"},"image":{"@id":"https:\/\/webdelmaestrocmf.com\/portal\/#\/schema\/logo\/image\/"},"sameAs":["https:\/\/www.facebook.com\/WebdelMaestroCMF\/","https:\/\/x.com\/cmf_w","https:\/\/www.pinterest.com\/WMCMF\/","https:\/\/www.linkedin.com\/company\/web-del-maestro-cmf\/","https:\/\/www.instagram.com\/wmcmf\/","https:\/\/www.youtube.com\/channel\/UCDPSvjbdodE5sHnC3OxutHw","https:\/\/mastodon.social\/@wmcmf","https:\/\/www.tiktok.com\/@webdelmaestrocmf"]},{"@type":"Person","@id":"https:\/\/webdelmaestrocmf.com\/portal\/#\/schema\/person\/1072a2ed7bd960df8ef99a551fa35dc5","name":"Web del Maestro CMF","image":{"@type":"ImageObject","inLanguage":"es","@id":"https:\/\/secure.gravatar.com\/avatar\/23291dd5b5ae1077dcff3dbb04c3e02bd28403fa75af6d8787d5e97c5bbbe30b?s=96&d=mm&r=g","url":"https:\/\/secure.gravatar.com\/avatar\/23291dd5b5ae1077dcff3dbb04c3e02bd28403fa75af6d8787d5e97c5bbbe30b?s=96&d=mm&r=g","contentUrl":"https:\/\/secure.gravatar.com\/avatar\/23291dd5b5ae1077dcff3dbb04c3e02bd28403fa75af6d8787d5e97c5bbbe30b?s=96&d=mm&r=g","caption":"Web del Maestro CMF"},"description":"Esta Web se cre\u00f3 sin fines de lucro, con fines educativos, cient\u00edficos y acad\u00e9micos, para personas que tengan dificultades y\/o inconvenientes en visualizar el material original. El objetivo es entregar recursos, compartir experiencias y materiales que ayuden a los padres de familia, maestros y estudiantes en su actualizaci\u00f3n y formaci\u00f3n permanente, en bien de la Educaci\u00f3n.","sameAs":["http:\/\/webdelmaestrocmf.com\/portal","https:\/\/www.facebook.com\/WebdelMaestroCMF\/","https:\/\/www.instagram.com\/wmcmf\/","https:\/\/cl.linkedin.com\/company\/web-del-maestro-cmf","https:\/\/www.pinterest.com\/WMCMF\/publicaciones\/","https:\/\/x.com\/cmf_w","https:\/\/www.youtube.com\/@WMCMF"]}]}},"jetpack_featured_media_url":"https:\/\/webdelmaestrocmf.com\/portal\/wp-content\/uploads\/2021\/12\/1-18.jpg","jetpack_sharing_enabled":true,"jetpack-related-posts":[{"id":29991,"url":"https:\/\/webdelmaestrocmf.com\/portal\/ya-empezo-a-incluirse-la-asignatura-de-la-felicidad-en-el-curriculo-2018-2019\/","url_meta":{"origin":71895,"position":0},"title":"[Nueva Delhi] Incluyen la \u00abasignatura de la felicidad\u00bb en el curr\u00edculo 2018 &#8211; 2019","author":"Web del Maestro CMF","date":"7 agosto, 2018","format":false,"excerpt":"Delhi forma el 'Territorio de la Capital Nacional' de la Rep\u00fablica de la India, sede de la mayor\u00eda de las instituciones administrativas del gobierno nacional y es considerada formalmente la capital. El sistema educativo en la India se divide en primaria, primaria superior, secundaria y secundaria superior. En general la\u2026","rel":"","context":"En \u00abYo opino - WMCMF\u00bb","block_context":{"text":"Yo opino - WMCMF","link":"https:\/\/webdelmaestrocmf.com\/portal\/category\/jamb\/"},"img":{"alt_text":"","src":"https:\/\/i0.wp.com\/webdelmaestrocmf.com\/portal\/wp-content\/uploads\/2018\/08\/1-28.jpg?resize=350%2C200&ssl=1","width":350,"height":200,"srcset":"https:\/\/i0.wp.com\/webdelmaestrocmf.com\/portal\/wp-content\/uploads\/2018\/08\/1-28.jpg?resize=350%2C200&ssl=1 1x, https:\/\/i0.wp.com\/webdelmaestrocmf.com\/portal\/wp-content\/uploads\/2018\/08\/1-28.jpg?resize=525%2C300&ssl=1 1.5x, https:\/\/i0.wp.com\/webdelmaestrocmf.com\/portal\/wp-content\/uploads\/2018\/08\/1-28.jpg?resize=700%2C400&ssl=1 2x, https:\/\/i0.wp.com\/webdelmaestrocmf.com\/portal\/wp-content\/uploads\/2018\/08\/1-28.jpg?resize=1050%2C600&ssl=1 3x"},"classes":[]},{"id":67726,"url":"https:\/\/webdelmaestrocmf.com\/portal\/80-historias-cortas-para-educar-en-valores-a-los-ninos\/","url_meta":{"origin":71895,"position":1},"title":"80 historias cortas para educar en valores a los ni\u00f1os","author":"Web del Maestro CMF","date":"5 noviembre, 2024","format":false,"excerpt":"Cuando los ni\u00f1os nacen no son ni buenos ni malos. Es con la ayuda de sus padres, educadores, y de los que conviven con ellos, como aprender\u00e1n lo que est\u00e1 bien y lo que est\u00e1 mal decir, hacer, actuar, vivir. Los cortos educativos para ni\u00f1os nos pueden servir para trabajar\u2026","rel":"","context":"En \u00abPel\u00edculas\u00bb","block_context":{"text":"Pel\u00edculas","link":"https:\/\/webdelmaestrocmf.com\/portal\/category\/pedagogia\/peliculas\/"},"img":{"alt_text":"","src":"https:\/\/i0.wp.com\/webdelmaestrocmf.com\/portal\/wp-content\/uploads\/2022\/02\/Banner-1-portada-imagen-10-1-23.jpg?resize=350%2C200&ssl=1","width":350,"height":200,"srcset":"https:\/\/i0.wp.com\/webdelmaestrocmf.com\/portal\/wp-content\/uploads\/2022\/02\/Banner-1-portada-imagen-10-1-23.jpg?resize=350%2C200&ssl=1 1x, https:\/\/i0.wp.com\/webdelmaestrocmf.com\/portal\/wp-content\/uploads\/2022\/02\/Banner-1-portada-imagen-10-1-23.jpg?resize=525%2C300&ssl=1 1.5x, https:\/\/i0.wp.com\/webdelmaestrocmf.com\/portal\/wp-content\/uploads\/2022\/02\/Banner-1-portada-imagen-10-1-23.jpg?resize=700%2C400&ssl=1 2x"},"classes":[]},{"id":32853,"url":"https:\/\/webdelmaestrocmf.com\/portal\/53-hermosos-nuevos-cortos-para-trabajar-la-inteligencia-emocional-en-clases-y-en-casa\/","url_meta":{"origin":71895,"position":2},"title":"53 hermosos nuevos cortos para trabajar la inteligencia emocional en clases y en casa","author":"Web del Maestro CMF","date":"9 noviembre, 2018","format":false,"excerpt":"La inteligencia emocional es la capacidad que nos permite reconocer, expresar y gestionar las emociones propias, lo cual modifica la manera en la que entendemos y convivimos con los dem\u00e1s. Por eso trabajar la inteligencia y las competencias emocionales debe ser parte de la educaci\u00f3n diaria de los ni\u00f1os. En\u2026","rel":"","context":"En \u00abPel\u00edculas\u00bb","block_context":{"text":"Pel\u00edculas","link":"https:\/\/webdelmaestrocmf.com\/portal\/category\/pedagogia\/peliculas\/"},"img":{"alt_text":"","src":"https:\/\/i0.wp.com\/webdelmaestrocmf.com\/portal\/wp-content\/uploads\/2018\/11\/1-74.jpg?resize=350%2C200&ssl=1","width":350,"height":200,"srcset":"https:\/\/i0.wp.com\/webdelmaestrocmf.com\/portal\/wp-content\/uploads\/2018\/11\/1-74.jpg?resize=350%2C200&ssl=1 1x, https:\/\/i0.wp.com\/webdelmaestrocmf.com\/portal\/wp-content\/uploads\/2018\/11\/1-74.jpg?resize=525%2C300&ssl=1 1.5x, https:\/\/i0.wp.com\/webdelmaestrocmf.com\/portal\/wp-content\/uploads\/2018\/11\/1-74.jpg?resize=700%2C400&ssl=1 2x, https:\/\/i0.wp.com\/webdelmaestrocmf.com\/portal\/wp-content\/uploads\/2018\/11\/1-74.jpg?resize=1050%2C600&ssl=1 3x"},"classes":[]},{"id":18331,"url":"https:\/\/webdelmaestrocmf.com\/portal\/estan-los-maestros-preparados-observar-los-ninos-sobresalientes\/","url_meta":{"origin":71895,"position":3},"title":"\u00bfEst\u00e1n los maestros preparados para observar a los ni\u00f1os sobresalientes?","author":"Web del Maestro CMF","date":"29 abril, 2023","format":false,"excerpt":"La atenci\u00f3n a la diversidad en el aula es esencial en la educaci\u00f3n actual, pero \u00bfest\u00e1n los maestros preparados para observar a los ni\u00f1os sobresalientes? En un mundo donde cada estudiante es \u00fanico, es fundamental cuestionarnos si nuestros docentes est\u00e1n listos para identificar y apoyar a aquellos que destacan de\u2026","rel":"","context":"En \u00abNoticias\u00bb","block_context":{"text":"Noticias","link":"https:\/\/webdelmaestrocmf.com\/portal\/category\/pedagogia\/noticias-pedagogia\/"},"img":{"alt_text":"","src":"https:\/\/i0.wp.com\/webdelmaestrocmf.com\/portal\/wp-content\/uploads\/2017\/05\/1REW.jpg?resize=350%2C200&ssl=1","width":350,"height":200,"srcset":"https:\/\/i0.wp.com\/webdelmaestrocmf.com\/portal\/wp-content\/uploads\/2017\/05\/1REW.jpg?resize=350%2C200&ssl=1 1x, https:\/\/i0.wp.com\/webdelmaestrocmf.com\/portal\/wp-content\/uploads\/2017\/05\/1REW.jpg?resize=525%2C300&ssl=1 1.5x, https:\/\/i0.wp.com\/webdelmaestrocmf.com\/portal\/wp-content\/uploads\/2017\/05\/1REW.jpg?resize=700%2C400&ssl=1 2x, https:\/\/i0.wp.com\/webdelmaestrocmf.com\/portal\/wp-content\/uploads\/2017\/05\/1REW.jpg?resize=1050%2C600&ssl=1 3x"},"classes":[]},{"id":25857,"url":"https:\/\/webdelmaestrocmf.com\/portal\/la-luna-corto-reflexionar-papel-padres-docentes-defiende-ensenar-los-ninos-pensar-creativos\/","url_meta":{"origin":71895,"position":4},"title":"\u201cLa luna\u201d un fant\u00e1stico corto para reflexionar sobre el papel de los padres y docentes en la formaci\u00f3n de la creatividad de los ni\u00f1os","author":"Web del Maestro CMF","date":"8 mayo, 2020","format":"video","excerpt":"No ense\u00f1es a los ni\u00f1os qu\u00e9 pensar, ens\u00e9\u00f1ales a pensar por s\u00ed mismos. Esta es la moraleja del corto \u2018La luna\u2019 de Pixar, un v\u00eddeo de cuatro minutos que defiende la filosof\u00eda de caer y levantarse, y de aprender a resolver problemas por nosotros mismos para aprender a vivir. Desde\u2026","rel":"","context":"En \u00abCORTO\u00bb","block_context":{"text":"CORTO","link":"https:\/\/webdelmaestrocmf.com\/portal\/category\/video\/corto\/"},"img":{"alt_text":"Corto","src":"https:\/\/i0.wp.com\/webdelmaestrocmf.com\/portal\/wp-content\/uploads\/2018\/01\/1-23.jpg?resize=350%2C200&ssl=1","width":350,"height":200,"srcset":"https:\/\/i0.wp.com\/webdelmaestrocmf.com\/portal\/wp-content\/uploads\/2018\/01\/1-23.jpg?resize=350%2C200&ssl=1 1x, https:\/\/i0.wp.com\/webdelmaestrocmf.com\/portal\/wp-content\/uploads\/2018\/01\/1-23.jpg?resize=525%2C300&ssl=1 1.5x, https:\/\/i0.wp.com\/webdelmaestrocmf.com\/portal\/wp-content\/uploads\/2018\/01\/1-23.jpg?resize=700%2C400&ssl=1 2x"},"classes":[]},{"id":85931,"url":"https:\/\/webdelmaestrocmf.com\/portal\/los-teloneros-un-emotivo-corto-animado-que-ensena-a-los-padres-a-no-descuidarse-de-sus-hijos\/","url_meta":{"origin":71895,"position":5},"title":"Los teloneros: importancia de estar ah\u00ed para apoyar a los hijos","author":"Web del Maestro CMF","date":"20 marzo, 2023","format":false,"excerpt":"La temporada navide\u00f1a trae consigo no solo luces brillantes y regalos festivos, sino tambi\u00e9n historias conmovedoras que nos recuerdan la importancia de la familia y la conexi\u00f3n humana. La BBC nos regala un cortometraje animado, \"The Supporting Act\" o \"Los Teloneros\" en espa\u00f1ol, que no solo entretiene sino que tambi\u00e9n\u2026","rel":"","context":"En \u00abPel\u00edculas\u00bb","block_context":{"text":"Pel\u00edculas","link":"https:\/\/webdelmaestrocmf.com\/portal\/category\/pedagogia\/peliculas\/"},"img":{"alt_text":"Los teloneros","src":"https:\/\/i0.wp.com\/webdelmaestrocmf.com\/portal\/wp-content\/uploads\/2023\/03\/A12B3C4D-27.jpg?resize=350%2C200&ssl=1","width":350,"height":200,"srcset":"https:\/\/i0.wp.com\/webdelmaestrocmf.com\/portal\/wp-content\/uploads\/2023\/03\/A12B3C4D-27.jpg?resize=350%2C200&ssl=1 1x, https:\/\/i0.wp.com\/webdelmaestrocmf.com\/portal\/wp-content\/uploads\/2023\/03\/A12B3C4D-27.jpg?resize=525%2C300&ssl=1 1.5x, https:\/\/i0.wp.com\/webdelmaestrocmf.com\/portal\/wp-content\/uploads\/2023\/03\/A12B3C4D-27.jpg?resize=700%2C400&ssl=1 2x"},"classes":[]}],"_links":{"self":[{"href":"https:\/\/webdelmaestrocmf.com\/portal\/wp-json\/wp\/v2\/posts\/71895","targetHints":{"allow":["GET"]}}],"collection":[{"href":"https:\/\/webdelmaestrocmf.com\/portal\/wp-json\/wp\/v2\/posts"}],"about":[{"href":"https:\/\/webdelmaestrocmf.com\/portal\/wp-json\/wp\/v2\/types\/post"}],"author":[{"embeddable":true,"href":"https:\/\/webdelmaestrocmf.com\/portal\/wp-json\/wp\/v2\/users\/1"}],"replies":[{"embeddable":true,"href":"https:\/\/webdelmaestrocmf.com\/portal\/wp-json\/wp\/v2\/comments?post=71895"}],"version-history":[{"count":0,"href":"https:\/\/webdelmaestrocmf.com\/portal\/wp-json\/wp\/v2\/posts\/71895\/revisions"}],"wp:featuredmedia":[{"embeddable":true,"href":"https:\/\/webdelmaestrocmf.com\/portal\/wp-json\/wp\/v2\/media\/71898"}],"wp:attachment":[{"href":"https:\/\/webdelmaestrocmf.com\/portal\/wp-json\/wp\/v2\/media?parent=71895"}],"wp:term":[{"taxonomy":"category","embeddable":true,"href":"https:\/\/webdelmaestrocmf.com\/portal\/wp-json\/wp\/v2\/categories?post=71895"},{"taxonomy":"post_tag","embeddable":true,"href":"https:\/\/webdelmaestrocmf.com\/portal\/wp-json\/wp\/v2\/tags?post=71895"}],"curies":[{"name":"wp","href":"https:\/\/api.w.org\/{rel}","templated":true}]}}