{"id":71444,"date":"2022-02-05T22:55:21","date_gmt":"2022-02-06T01:55:21","guid":{"rendered":"https:\/\/webdelmaestrocmf.com\/portal\/?p=71444"},"modified":"2022-02-08T23:20:12","modified_gmt":"2022-02-09T02:20:12","slug":"normalmente-vivimos-aturdidos-por-tantos-mensajes-palabras-sonidos-imagenes-y-necesitamos-un-tiempo-de-digestion","status":"publish","type":"post","link":"https:\/\/webdelmaestrocmf.com\/portal\/normalmente-vivimos-aturdidos-por-tantos-mensajes-palabras-sonidos-imagenes-y-necesitamos-un-tiempo-de-digestion\/","title":{"rendered":"Normalmente vivimos aturdidos por tantos mensajes, palabras, sonidos, im\u00e1genes\u2026 Y necesitamos un tiempo de digesti\u00f3n"},"content":{"rendered":"<h5 style=\"text-align: justify;\">Pablo d\u00b4Ors (Madrid, 1963) es escritor, sacerdote y fundador de la red de meditadores \u201cAmigos del desierto\u201d. Estudi\u00f3 Filosof\u00eda y Teolog\u00eda en Roma, Praga y Viena.\u00a0 y en 1991 Ha compaginado su trabajo pastoral con su labor docente y con una prol\u00edfica carrera como escritor. Es autor de once t\u00edtulos: una colecci\u00f3n de relatos, dos ensayos y ocho novelas. En la actualidad, Pablo d\u2019Ors vive dedicado al ministerio del silencio e imparte conferencias y retiros de meditaci\u00f3n por todo el mundo. Tras graduarse en Nueva York, se doctor\u00f3 en Roma en 1996.<\/h5>\n<p><!--more--><\/p>\n<p style=\"text-align: justify;\">Publicaci\u00f3n recomendada:<\/p>\n<p style=\"text-align: justify;\"><iframe loading=\"lazy\" class=\"wp-embedded-content\" title=\"\u00abPablo d\u2019Ors: Estamos en un momento de mirar mucho hacia afuera y hace falta volver a casa, volver al interior\u00bb \u2014 Web del Maestro CMF\" src=\"https:\/\/webdelmaestrocmf.com\/portal\/pablo-dors-estamos-en-un-momento-de-mirar-mucho-hacia-afuera-y-hace-falta-volver-a-casa-volver-al-interior\/embed\/\" width=\"100%\" height=\"100\" frameborder=\"0\" marginwidth=\"0\" marginheight=\"0\" scrolling=\"no\" sandbox=\"allow-scripts\"><span data-mce-type=\"bookmark\" style=\"display: inline-block; width: 0px; overflow: hidden; line-height: 0;\" class=\"mce_SELRES_start\">\ufeff<\/span><\/iframe><\/p>\n<p style=\"text-align: justify;\">Gracias a la publicaci\u00f3n Aprendemos Juntos, de El Pa\u00eds (Espa\u00f1a), BBVA y Editorial Santillana, compartimos con fines \u00fanicamente educativos y de formaci\u00f3n permanente, partes del di\u00e1logo entre la profesora Carolina Huerta, especialista en coaching personal y ejecutivo, es Licenciada en CCEE, consultora educativa y formadora de Disciplina Positiva y Comunicaci\u00f3n, y \u00a0Pablo d\u00b4Ors, quienes dialogan sobre la meditaci\u00f3n, el silencio interior, la toma de decisiones, la escucha, el disfrutar, el miedo, las emociones, benevolencia y ternura, la soledad, la felicidad, la influencia de grandes personalidad y el dilema, entre otros temas que nos pueden ser \u00fatiles en nuestra tarea educativa, y como insumos para las reuniones con padres de familia, estudiantes y colegas; y sin duda, muy <strong>buenos recursos para la vida personal<\/strong>.<\/p>\n<p style=\"text-align: justify;\">En esta publicaci\u00f3n compartimos los enlaces de tres videos, as\u00ed como partes del di\u00e1logo, que <strong>recomendamos leer \u00edntegramente en el enlace que indicamos al final del art\u00edculo<\/strong>. Es nuestro prop\u00f3sito que esta publicaci\u00f3n sea una invitaci\u00f3n a seguir entusiasmados en nuestra formaci\u00f3n permanente, conociendo los aportes y la experiencia de especialistas cercanos al mundo educativo. Hacemos presente que las letras en negritas y cursivas son nuestras.<\/p>\n<p style=\"text-align: justify;\"><strong>CAROLINA HUERTA: &#8230; \u00bfnos puedes comentar qu\u00e9 te ha aportado a ti la meditaci\u00f3n y que nos puede aportar a los que no la practicamos?<\/strong><\/p>\n<p style=\"text-align: justify;\"><strong>PABLO D\u00b4ORS: <\/strong>\u201cYo <strong>no conozco un camino m\u00e1s radical y m\u00e1s, incluso dir\u00eda salvaje y directo de conocimiento de uno mismo que la pr\u00e1ctica de la meditaci\u00f3n.<\/strong> O, si quieres, la pr\u00e1ctica del silenciamiento interior. Normalmente vivimos aturdidos por tantos mensajes, palabras, sonidos, im\u00e1genes\u2026 Y necesitamos un tiempo de digesti\u00f3n. Y <strong>la meditaci\u00f3n es una pr\u00e1ctica de silenciamiento, consiste simplemente en sentarse<\/strong>, si es posible, todos los d\u00edas, para que sea significativa; en silencio y en quietud, con la espalda erguida y simplemente tomar consciencia del propio cuerpo, seguir el ritmo, la respiraci\u00f3n. [&#8230;] el primer fruto que me ha regalado ha sido una mayor <strong>claridad<\/strong>, [&#8230;] Quedarse quieto es dif\u00edcil, cuando nos quedamos quietos descubrimos que estamos inquietos. [&#8230;] Segundo, una gran distracci\u00f3n mental, es decir, estamos con un gran <strong>parloteo interior<\/strong>. [&#8230;] Y tercero, nos encontramos con nuestras sombras, <strong>con el inconsciente<\/strong> [&#8230;] tantas veces <strong>si no actuamos es porque tenemos miedo,<\/strong> porque no lo vemos claro, [&#8230;] primero luz y luego coraje, como frutos de la meditaci\u00f3n\u201d.<\/p>\n<p style=\"text-align: justify;\"><strong>TRES CONSEJOS PARA ENSE\u00d1AR A NUESTROS HIJOS A ESCUCHAR CON ATENCI\u00d3N <\/strong>(MOMENTO DESTACADO 05\u00b4 48\u201d)<\/p>\n<p style=\"text-align: justify;\"><iframe loading=\"lazy\" title=\"YouTube video player\" src=\"https:\/\/www.youtube.com\/embed\/zgmf-viM3II\" width=\"100%\" height=\"400\" frameborder=\"0\" allowfullscreen=\"allowfullscreen\"><span data-mce-type=\"bookmark\" style=\"display: inline-block; width: 0px; overflow: hidden; line-height: 0;\" class=\"mce_SELRES_start\">\ufeff<\/span><\/iframe><\/p>\n<p style=\"text-align: justify;\"><strong>CAROLINA HUERTA: &#8230; \u00bfqu\u00e9 consejo, \u00bfqu\u00e9 me puedes plantear que haga con mis hijos para que ellos aprendan a escucharse, a mirarse a ellos mismos? <\/strong><\/p>\n<p style=\"text-align: justify;\"><strong>PABLO D\u00b4ORS: <\/strong>\u201cUna cosa que se me ocurre <strong>de entrada es hablar bajo<\/strong>. Porque cuando hablas bajo, el otro <strong>necesariamente se acerca<\/strong> para intentar\u2026 Y \u00e9l mismo tambi\u00e9n habla bajo. Entonces, eso <strong>nos coloca en un territorio no tan comanche<\/strong>, sino m\u00e1s de intimidad. [&#8230;] contenerse las ganas de hablar. Y casi siempre que hay que hacer este ejercicio, yo lo hago con frecuencia, tengo ganas de intervenir y no intervengo, al cabo <strong>descubro que es mucho mejor no haber intervenido<\/strong>. [&#8230;]\u00a0Yo suelo hablar de que tenemos <strong>el mito del pensamiento y de la acci\u00f3n<\/strong>. Es decir, vemos un problema, vemos una situaci\u00f3n, inmediatamente pensamos en qu\u00e9 hay que hacer [&#8230;]\u00a0antes de actuar <strong>hay que contemplar, hay que mirar, hay que escuchar, hay que dejar que la realidad te toque.<\/strong> Y que te toque significa que eres\u2026 es pasi\u00f3n, eres pasivo. Dejas que te toque. Pasi\u00f3n en sentido de pasividad y de padecimiento, [&#8230;] el mundo no est\u00e1 en primera instancia para ser transformado, sino que en primera instancia est\u00e1 para ser recibido y para ser disfrutado. [&#8230;]\u00a0mucho de nuestra actuaci\u00f3n, es muy violento. [&#8230;] <strong>las pausas en la comunicaci\u00f3n son fundamentales<\/strong>. Esto quiere decir que silencio y palabra, blanco y negro son las dos caras de la misma moneda. [&#8230;]\u201d.<\/p>\n<p style=\"text-align: justify;\">Publicaci\u00f3n relacionada:<\/p>\n<p style=\"text-align: justify;\"><iframe loading=\"lazy\" class=\"wp-embedded-content\" title=\"\u00abEl silencio como recurso para el aprendizaje\u00bb \u2014 Web del Maestro CMF\" src=\"https:\/\/webdelmaestrocmf.com\/portal\/el-silencio-como-recurso-para-el-aprendizaje\/embed\/\" width=\"100%\" height=\"100\" frameborder=\"0\" marginwidth=\"0\" marginheight=\"0\" scrolling=\"no\" sandbox=\"allow-scripts\"><span data-mce-type=\"bookmark\" style=\"display: inline-block; width: 0px; overflow: hidden; line-height: 0;\" class=\"mce_SELRES_start\">\ufeff<\/span><\/iframe><\/p>\n<p style=\"text-align: justify;\"><strong>CAROLINA HUERTA: &#8230; \u00bfC\u00f3mo nos ayudan la meditaci\u00f3n, el silencio, a transitar, a gestionar esas emociones que no siempre son agradables?<\/strong><\/p>\n<p style=\"text-align: justify;\"><strong>PABLO D\u00b4ORS: <\/strong>\u201cSolemos tener <strong>una idea un tanto id\u00edlica de la meditaci\u00f3n<\/strong> como el encuentro con la paz, con lo profundo. [&#8230;] no somos solamente verdad, belleza y bien, como nos gustar\u00eda, sino que tambi\u00e9n <strong>somos codicia, ambici\u00f3n y vanidad<\/strong>. Codicia en el tener, ambici\u00f3n en el poder y vanidad en el aparentar. [&#8230;] \u00bfPor qu\u00e9 nos cuesta meditar? Porque <strong>no nos gusta ver eso que somos,<\/strong> preferimos saltarlo. [&#8230;]\u00a0Estamos escapando permanentemente, huyendo de las cosas que no nos gustan. [&#8230;]\u00a0<strong>Estamos escapando permanentemente, huyendo de las cosas que no nos gustan<\/strong>. [&#8230;] \u201cLos \u00e9xitos son el fruto de muchos fracasos\u201d. [&#8230;] los \u00e9xitos es lo que ven los dem\u00e1s, los fracasos son lo que vemos nosotros mismos. Pero la perseverancia en el fracaso, ese es el aut\u00e9ntico \u00e9xito. [&#8230;]\u00a0<strong>el dolor es nuestro principal maestro<\/strong>. [&#8230;]\u201d.<\/p>\n<p style=\"text-align: justify;\"><strong>LA MEDITACI\u00d3N ES UN CAMINO RADICAL PARA EL AUTOCONOCIMIENTO <\/strong>(MOMENTO DESTACADO 06\u00b4 04\u201d)<\/p>\n<p style=\"text-align: justify;\"><iframe loading=\"lazy\" title=\"YouTube video player\" src=\"https:\/\/www.youtube.com\/embed\/pG7mMRYTP6Q\" width=\"100%\" height=\"400\" frameborder=\"0\" allowfullscreen=\"allowfullscreen\"><span data-mce-type=\"bookmark\" style=\"display: inline-block; width: 0px; overflow: hidden; line-height: 0;\" class=\"mce_SELRES_start\">\ufeff<\/span><\/iframe><\/p>\n<p style=\"text-align: justify;\"><strong>CAROLINA HUERTA:\u00a0 &#8230; \u00bfC\u00f3mo podemos vivir la soledad de una manera que nos aporte? \u00bfQu\u00e9 es para ti? <\/strong><\/p>\n<p style=\"text-align: justify;\"><strong>PABLO D\u00b4ORS: <\/strong>\u201c[&#8230;] soledad y compa\u00f1\u00eda tambi\u00e9n son las dos caras de la misma moneda. [&#8230;] <strong>La mejor escuela para aprender a estar con los dem\u00e1s, aunque pueda parecer una iron\u00eda, es estar solo.<\/strong> Y la mejor escuela para estar solo, fecundamente, es aprender a estar con los dem\u00e1s. Es decir, que van en correlaci\u00f3n. [&#8230;]\u00a0Es lo mismo que el silencio, <strong>aprendemos a meditar, a sentarnos en silencio y en quietud en un entrenamiento paulatino, guiado, acompa\u00f1ado.<\/strong> Porque de lo contrario, pues nos resulta muy arduo. En el desierto, acabamos perdidos o muertos. [&#8230;] a lo mejor <strong>si no has estado solo nunca, pues no te vayas una semana t\u00fa solo al monte, porque entonces te vas a morir de asco.<\/strong> Pero a lo mejor puedes decir: \u201cVoy a estar una hora solo, a ver qu\u00e9 pasa, sin recurso, sin tel\u00e9fono\u201d. Poco a poco, entren\u00e1ndose. [&#8230;] yo creo que la soledad, el silencio, no son palabras que est\u00e9n en valor y que se consideren algo apetecible o algo a lo que uno pueda aspirar. Y yo eso lo entiendo, porque es que en realidad lo hermoso <strong>no es el silencio en s\u00ed mismo, sino aquello donde te conduce, a la receptividad, a la iluminaci\u00f3n, el disfrute.<\/strong> Es decir, que <strong>no se trata de vender la purificaci\u00f3n<\/strong> que supone todo esto, sino de vender la iluminaci\u00f3n. Esta es la cuesti\u00f3n. [&#8230;] Entonces, yo creo que <strong>educar<\/strong>, que es lo que planteas, <strong>es mantener las dos cosas, mantener el horizonte y la realidad.<\/strong> [&#8230;] educar es eso. Es mostrar un camino. Mostrar un camino. En la medida en la que estamos en un camino, estamos bien. <strong>Si perdemos un camino, no estamos bien<\/strong>. [&#8230;].<\/p>\n<p style=\"text-align: justify;\"><strong>EL EJERCICIO LENTO DE LO COTIDIANO <\/strong>(Entrevista completa)<\/p>\n<p style=\"text-align: justify;\"><iframe loading=\"lazy\" title=\"YouTube video player\" src=\"https:\/\/www.youtube.com\/embed\/y8AawdSWnIY\" width=\"100%\" height=\"400\" frameborder=\"0\" allowfullscreen=\"allowfullscreen\"><span data-mce-type=\"bookmark\" style=\"display: inline-block; width: 0px; overflow: hidden; line-height: 0;\" class=\"mce_SELRES_start\">\ufeff<\/span><\/iframe><\/p>\n<p style=\"text-align: justify;\"><strong>CAROLINA HUERTA: &#8230; \u00bfqu\u00e9 entendemos por felicidad? \u00bfQu\u00e9 es para ti la felicidad, Pablo? <\/strong><\/p>\n<p style=\"text-align: justify;\"><strong>PABLO D\u00b4ORS: <\/strong>\u201c[&#8230;] Me preguntabas. Pues significa ser yo mismo. O sea: \u201c\u00bfT\u00fa a qu\u00e9 aspiras, Pablo d\u2019Ors?\u201d. \u201cYo aspiro a ser yo\u201d. Es decir, <strong>escuchar la palabra que me habita dentro,<\/strong> llegar al fondo, al territorio de mi identidad m\u00e1s profunda y desplegarlo. <strong>Realizar aquello para lo que he venido a este mundo<\/strong>. Eso es lo que te va a dar plenitud, eso es lo que te va a dar la verdadera felicidad. [&#8230;] Si estamos recitando un guion, si estamos repitiendo una cosa de memoria, no nos va a hacer felices. [&#8230;]\u201d.<\/p>\n<p style=\"text-align: justify;\"><strong>CAROLINA HUERTA: &#8230; Y el miedo, \u00bfc\u00f3mo nos puede ayudar la meditaci\u00f3n a nosotros, padres, madres, educadores, a gestionar el miedo y ayudar a nuestros hijos a transitarlo de una manera saludable? <\/strong><\/p>\n<p style=\"text-align: justify;\"><strong>PABLO D\u00b4ORS<\/strong>: \u201c[&#8230;] Yo suelo decir que el miedo es el c\u00e1ncer del futuro, el apego es el c\u00e1ncer del presente y la culpa es el c\u00e1ncer del pasado. Es decir, <strong>todo lo que no hemos digerido de lo que hemos vivido, del pasado, con lo que no nos hemos reconciliado, cae sobre nosotros en forma de culpa.<\/strong> Todo lo que no\u2026 Todo aquello con lo que no nos relacionamos bien en el presente, porque dependemos de ello, relaciones dependientes, tantas cosas, <strong>eso se llama apego<\/strong>. [&#8230;]\u00a0Y el miedo es el c\u00e1ncer del futuro y frente a \u00e9l solo hay un ant\u00eddoto, que es la confianza. Pero <strong>la confianza, como he dicho, no es simplemente un ideal, sino que es una tarea.<\/strong> [&#8230;]\u201d.<\/p>\n<p style=\"text-align: justify;\"><strong>CAROLINA HUERTA: T\u00fa dices en tu libro, Pablo, en \u2018La biograf\u00eda del silencio\u2019, que de todos los dilemas que conoces, el m\u00e1s grande es el de la vida. \u00bfCu\u00e1l es este dilema para ti?<\/strong><\/p>\n<p style=\"text-align: justify;\"><strong>PABLO D\u00b4ORS: <\/strong>\u201cLo m\u00e1s inteligente que puedo decir es que no lo s\u00e9. <strong>No lo s\u00e9.<\/strong> Lo que s\u00ed s\u00e9 es que ese dilema de la vida no cabe en palabras. [&#8230;] Quiero decir, que <strong>tantas de nuestras preguntas nos alejan de la vida, <\/strong>en lugar de meternos en ella\u2026 Tantos de nuestros discursos intelectuales son paralizantes en lugar de movilizadores\u2026 [&#8230;]\u00a0<strong>el dilema de la vida te lo vas a ir respondiendo en la vida misma<\/strong>. [&#8230;] Yo dir\u00eda que el dilema de la vida es la muerte. Es decir, que <strong>vivimos en la medida en la que somos conscientes de que estamos muriendo<\/strong>. [&#8230;] es la consciencia de nuestra temporalidad, nuestra fugacidad, nuestra caducidad, la que te da verdadera intensidad. [&#8230;] En definitiva, lo que la vida nos pregunta a cada instante es: \u201c\u00bfTe entregas o no? \u00bfO te reservas?\u201d. Entonces, el dilema de la vida es: entr\u00e9gate\u201d.<\/p>\n<p style=\"text-align: justify;\">Publicaci\u00f3n recomendada: <strong>JORGE NORO: NO HAY EDUCACI\u00d3N SIN FORMACI\u00d3N ACTITUDES, SIN CONTENIDOS ACTITUDINALES<\/strong><\/p>\n<p><iframe loading=\"lazy\" class=\"wp-embedded-content\" title=\"\u00abJorge Noro: No hay educaci\u00f3n sin formaci\u00f3n de actitudes, sin contenidos actitudinales\u00bb \u2014 Web del Maestro CMF\" src=\"https:\/\/webdelmaestrocmf.com\/portal\/no-educacion-sin-formacion-actitudes-sin-contenidos-actitudinales\/embed\/\" width=\"100%\" height=\"100\" frameborder=\"0\" marginwidth=\"0\" marginheight=\"0\" scrolling=\"no\" sandbox=\"allow-scripts\"><span data-mce-type=\"bookmark\" style=\"display: inline-block; width: 0px; overflow: hidden; line-height: 0;\" class=\"mce_SELRES_start\">\ufeff<\/span><\/iframe><\/p>\n<p style=\"text-align: justify;\">La transcripci\u00f3n completa de este di\u00e1logo, que les sugerimos visualizar y leer completa, lo puede Usted leer aqu\u00ed<strong>:<\/strong> <a href=\"https:\/\/aprendemosjuntos.elpais.com\/especial\/la-meditacion-es-un-camino-radical-para-el-autoconocimiento-pablo-dors\/\" target=\"_blank\" rel=\"noopener\"><strong>TRES CONSEJOS PARA ENSE\u00d1AR A NUESTROS HIJOS A ESCUCHAR CON ATENCI\u00d3N<\/strong><\/a><\/p>\n<p style=\"text-align: justify;\">Esta publicaci\u00f3n corresponde a<a href=\"http:\/\/webdelmaestrocmf.com\/portal\/serie-de-videos-aprendamos-juntos-para-sumar-por-la-educacion\/\" target=\"_blank\" rel=\"noopener\"><strong> SERIE DE VIDEOS: APRENDAMOS JUNTOS, PARA SUMAR POR LA EDUCACI\u00d3N<\/strong><\/a><\/p>\n<p style=\"text-align: center;\">\u00abLo sustancial es mirar a la pandemia a los ojos y mantener ah\u00ed\u0301 la mirada. Esta oscuridad hemos de atravesarla para llegar al otro lado, donde se esconde y nos espera la luz. No estoy hablando de nada esot\u00e9rico, sino de la necesidad de contemplar. La contemplaci\u00f3n tiene su lugar ante esta situaci\u00f3n que nos ha tocado vivir, no solo el pensamiento y la acci\u00f3n. Es ah\u00ed\u0301 donde yo cifro mi esperanza y donde se\u0301 positivamente que la podremos encontrar\u00bb.<\/p>\n<p style=\"text-align: right;\"><strong>REDACCI\u00d3N WEB DEL MAESTRO CMF<\/strong><\/p>\n\t\t<div class=\"pk-inline-posts\">\n\t\t\t\n\t\t\t<div class=\"pk-inline-posts-container pk-inline-posts-template-list\"\n\t\t\t\tdata-columns=\"1\">\n\t\t\t\t\t\t<article id=\"post-95717\" class=\"post-95717 post type-post status-publish format-video has-post-thumbnail category-charlas tag-aprendamos-juntos tag-aprendemos-juntos-2030 tag-aprender tag-aprendizaje tag-bbva tag-calificacion-por-notas tag-cerebro tag-compresion tag-descanso tag-dislexia tag-dormir tag-entrevista tag-error tag-escritura tag-fonologia tag-lectura tag-lenguaje-oral tag-matematica tag-memoria tag-neurociencia tag-neurona tag-para-sumar-por-la-educacion tag-pensamiento tag-sinapsis tag-stanislas-dehaene tag-sueno tag-tecnologia tag-videos post_format-post-format-video cs-entry cs-video-wrap\">\n\t\t\t<div class=\"pk-post-outer\">\n\n\t\t\t\t\t\t\t\t<div class=\"pk-post-inner\">\n\t\t\t\t\t<div class=\"entry-thumbnail\">\n\t\t\t\t\t\t<div class=\"pk-overlay pk-overlay-ratio pk-ratio-landscape\">\n\t\t\t\t\t\t\t<div class=\"pk-overlay-background\">\n\t\t\t\t\t\t\t\t<a href=\"https:\/\/webdelmaestrocmf.com\/portal\/stanislas-dehaene-el-mayor-talento-de-un-profesor-es-ser-capaz-de-dirigir-la-atencion-del-alumno-hacia-el-nivel-correcto\/\" class=\"pk-overlay-link\">\n\t\t\t\t\t\t\t\t\t<img loading=\"lazy\" decoding=\"async\" width=\"300\" height=\"225\" src=\"https:\/\/webdelmaestrocmf.com\/portal\/wp-content\/uploads\/2024\/02\/1AA-Banner-1-portada-imagen-10-1-copia-300x225.webp\" class=\"attachment-pk-thumbnail size-pk-thumbnail wp-post-image\" alt=\"\" \/>\t\t\t\t\t\t\t\t<\/a>\n\t\t\t\t\t\t\t<\/div>\n\t\t\t\t\t\t<\/div>\n\t\t\t\t\t<\/div>\n\t\t\t\t<\/div>\n\t\t\t\t\n\t\t\t\t<div class=\"pk-post-inner\">\n\t\t\t\t\t<header>\n\t\t\t\t\t\t<h3 class=\"pk-title\"><a href=\"https:\/\/webdelmaestrocmf.com\/portal\/stanislas-dehaene-el-mayor-talento-de-un-profesor-es-ser-capaz-de-dirigir-la-atencion-del-alumno-hacia-el-nivel-correcto\/\" rel=\"bookmark\">Stanislas Dehaene: El mayor talento de un profesor es ser capaz de dirigir la atenci\u00f3n del alumno, hacia el nivel correcto<\/a><\/h3>\t\t\t\t\t<\/header><!-- .entry-header -->\n\t\t\t\t<\/div><!-- .post-inner -->\n\n\t\t\t<\/div><!-- .post-outer -->\n\t\t<\/article>\n\t\t\t\t<\/div>\n\t\t<\/div>\n\t\t\n","protected":false},"excerpt":{"rendered":"Pablo d\u00b4Ors (Madrid, 1963) es escritor, sacerdote y fundador de la red de meditadores \u201cAmigos del desierto\u201d. Estudi\u00f3&hellip;","protected":false},"author":1,"featured_media":71447,"comment_status":"open","ping_status":"closed","sticky":false,"template":"","format":"video","meta":{"csco_display_header_overlay":false,"csco_singular_sidebar":"disabled","csco_page_header_type":"standard","csco_page_load_nextpost":"default","csco_post_video_location":[],"csco_post_video_location_hash":"","csco_post_video_url":"","csco_post_video_bg_start_time":0,"csco_post_video_bg_end_time":0,"csco_post_video_bg_volume":false,"_jetpack_memberships_contains_paid_content":false,"footnotes":""},"categories":[3453],"tags":[3455,3465,3459,6478,4428,2258,55,284,3432,1987,3981,3456,419,4497,585,6473,3462,1015,2773],"class_list":{"0":"post-71444","1":"post","2":"type-post","3":"status-publish","4":"format-video","5":"has-post-thumbnail","7":"category-charlas","8":"tag-aprendamos","9":"tag-aprendemos","10":"tag-bbva","11":"tag-compasion","12":"tag-dilema","13":"tag-dolor","14":"tag-educacion","15":"tag-entrevista","16":"tag-escuchar","17":"tag-felicidad","18":"tag-interior","19":"tag-juntos","20":"tag-meditacion","21":"tag-pablo-dors","22":"tag-silencio","23":"tag-soledad","24":"tag-sumar","25":"tag-vida","26":"tag-videos","27":"post_format-post-format-video","28":"cs-entry","29":"cs-video-wrap"},"yoast_head":"<!-- This site is optimized with the Yoast SEO plugin v27.5 - https:\/\/yoast.com\/product\/yoast-seo-wordpress\/ -->\n<title>Normalmente vivimos aturdidos por tantos mensajes, palabras, sonidos, im\u00e1genes\u2026 Y necesitamos un tiempo de digesti\u00f3n - 2026<\/title>\n<meta name=\"description\" content=\"Pablo d\u00b4Ors (Madrid, 1963) es escritor, sacerdote y fundador de la red de meditadores \u201cAmigos del desierto\u201d.\" \/>\n<meta name=\"robots\" content=\"index, follow, max-snippet:-1, max-image-preview:large, max-video-preview:-1\" \/>\n<link rel=\"canonical\" href=\"https:\/\/webdelmaestrocmf.com\/portal\/normalmente-vivimos-aturdidos-por-tantos-mensajes-palabras-sonidos-imagenes-y-necesitamos-un-tiempo-de-digestion\/\" \/>\n<meta property=\"og:locale\" content=\"es_ES\" \/>\n<meta property=\"og:type\" content=\"article\" \/>\n<meta property=\"og:title\" content=\"Normalmente vivimos aturdidos por tantos mensajes, palabras, sonidos, im\u00e1genes\u2026 Y necesitamos un tiempo de digesti\u00f3n - 2026\" \/>\n<meta property=\"og:description\" content=\"Pablo d\u00b4Ors (Madrid, 1963) es escritor, sacerdote y fundador de la red de meditadores \u201cAmigos del desierto\u201d.\" \/>\n<meta property=\"og:url\" content=\"https:\/\/webdelmaestrocmf.com\/portal\/normalmente-vivimos-aturdidos-por-tantos-mensajes-palabras-sonidos-imagenes-y-necesitamos-un-tiempo-de-digestion\/\" \/>\n<meta property=\"og:site_name\" content=\"Web del Maestro CMF\" \/>\n<meta property=\"article:publisher\" content=\"https:\/\/www.facebook.com\/WebdelMaestroCMF\/\" \/>\n<meta property=\"article:author\" content=\"https:\/\/www.facebook.com\/WebdelMaestroCMF\/\" \/>\n<meta property=\"article:published_time\" content=\"2022-02-06T01:55:21+00:00\" \/>\n<meta property=\"article:modified_time\" content=\"2022-02-09T02:20:12+00:00\" \/>\n<meta property=\"og:image\" content=\"https:\/\/i0.wp.com\/webdelmaestrocmf.com\/portal\/wp-content\/uploads\/2021\/11\/1-50.jpg?fit=1100%2C680&ssl=1\" \/>\n\t<meta property=\"og:image:width\" content=\"1100\" \/>\n\t<meta property=\"og:image:height\" content=\"680\" \/>\n\t<meta property=\"og:image:type\" content=\"image\/jpeg\" \/>\n<meta name=\"author\" content=\"Web del Maestro CMF\" \/>\n<meta name=\"twitter:card\" content=\"summary_large_image\" \/>\n<meta name=\"twitter:creator\" content=\"@cmf_w\" \/>\n<meta name=\"twitter:site\" content=\"@cmf_w\" \/>\n<script type=\"application\/ld+json\" class=\"yoast-schema-graph\">{\"@context\":\"https:\\\/\\\/schema.org\",\"@graph\":[{\"@type\":\"ScholarlyArticle\",\"@id\":\"https:\\\/\\\/webdelmaestrocmf.com\\\/portal\\\/normalmente-vivimos-aturdidos-por-tantos-mensajes-palabras-sonidos-imagenes-y-necesitamos-un-tiempo-de-digestion\\\/#article\",\"isPartOf\":{\"@id\":\"https:\\\/\\\/webdelmaestrocmf.com\\\/portal\\\/normalmente-vivimos-aturdidos-por-tantos-mensajes-palabras-sonidos-imagenes-y-necesitamos-un-tiempo-de-digestion\\\/\"},\"author\":{\"name\":\"Web del Maestro CMF\",\"@id\":\"https:\\\/\\\/webdelmaestrocmf.com\\\/portal\\\/#\\\/schema\\\/person\\\/1072a2ed7bd960df8ef99a551fa35dc5\"},\"headline\":\"Normalmente vivimos aturdidos por tantos mensajes, palabras, sonidos, im\u00e1genes\u2026 Y necesitamos un tiempo de digesti\u00f3n\",\"datePublished\":\"2022-02-06T01:55:21+00:00\",\"dateModified\":\"2022-02-09T02:20:12+00:00\",\"mainEntityOfPage\":{\"@id\":\"https:\\\/\\\/webdelmaestrocmf.com\\\/portal\\\/normalmente-vivimos-aturdidos-por-tantos-mensajes-palabras-sonidos-imagenes-y-necesitamos-un-tiempo-de-digestion\\\/\"},\"wordCount\":1883,\"commentCount\":0,\"publisher\":{\"@id\":\"https:\\\/\\\/webdelmaestrocmf.com\\\/portal\\\/#organization\"},\"image\":{\"@id\":\"https:\\\/\\\/webdelmaestrocmf.com\\\/portal\\\/normalmente-vivimos-aturdidos-por-tantos-mensajes-palabras-sonidos-imagenes-y-necesitamos-un-tiempo-de-digestion\\\/#primaryimage\"},\"thumbnailUrl\":\"https:\\\/\\\/webdelmaestrocmf.com\\\/portal\\\/wp-content\\\/uploads\\\/2021\\\/11\\\/1-50.jpg\",\"keywords\":[\"APRENDAMOS\",\"APRENDEMOS\",\"BBVA\",\"COMPASI\u00d3N\",\"dilema\",\"DOLOR\",\"EDUCACI\u00d3N\",\"Entrevista\",\"ESCUCHAR\",\"FELICIDAD\",\"INTERIOR\",\"JUNTOS\",\"Meditaci\u00f3n\",\"Pablo d'Ors\",\"SILENCIO\",\"SOLEDAD\",\"SUMAR\",\"vida\",\"VIDEOS\"],\"articleSection\":[\"Charlas\"],\"inLanguage\":\"es\",\"potentialAction\":[{\"@type\":\"CommentAction\",\"name\":\"Comment\",\"target\":[\"https:\\\/\\\/webdelmaestrocmf.com\\\/portal\\\/normalmente-vivimos-aturdidos-por-tantos-mensajes-palabras-sonidos-imagenes-y-necesitamos-un-tiempo-de-digestion\\\/#respond\"]}]},{\"@type\":\"WebPage\",\"@id\":\"https:\\\/\\\/webdelmaestrocmf.com\\\/portal\\\/normalmente-vivimos-aturdidos-por-tantos-mensajes-palabras-sonidos-imagenes-y-necesitamos-un-tiempo-de-digestion\\\/\",\"url\":\"https:\\\/\\\/webdelmaestrocmf.com\\\/portal\\\/normalmente-vivimos-aturdidos-por-tantos-mensajes-palabras-sonidos-imagenes-y-necesitamos-un-tiempo-de-digestion\\\/\",\"name\":\"Normalmente vivimos aturdidos por tantos mensajes, palabras, sonidos, im\u00e1genes\u2026 Y necesitamos un tiempo de digesti\u00f3n - 2026\",\"isPartOf\":{\"@id\":\"https:\\\/\\\/webdelmaestrocmf.com\\\/portal\\\/#website\"},\"primaryImageOfPage\":{\"@id\":\"https:\\\/\\\/webdelmaestrocmf.com\\\/portal\\\/normalmente-vivimos-aturdidos-por-tantos-mensajes-palabras-sonidos-imagenes-y-necesitamos-un-tiempo-de-digestion\\\/#primaryimage\"},\"image\":{\"@id\":\"https:\\\/\\\/webdelmaestrocmf.com\\\/portal\\\/normalmente-vivimos-aturdidos-por-tantos-mensajes-palabras-sonidos-imagenes-y-necesitamos-un-tiempo-de-digestion\\\/#primaryimage\"},\"thumbnailUrl\":\"https:\\\/\\\/webdelmaestrocmf.com\\\/portal\\\/wp-content\\\/uploads\\\/2021\\\/11\\\/1-50.jpg\",\"datePublished\":\"2022-02-06T01:55:21+00:00\",\"dateModified\":\"2022-02-09T02:20:12+00:00\",\"description\":\"Pablo d\u00b4Ors (Madrid, 1963) es escritor, sacerdote y fundador de la red de meditadores \u201cAmigos del desierto\u201d.\",\"breadcrumb\":{\"@id\":\"https:\\\/\\\/webdelmaestrocmf.com\\\/portal\\\/normalmente-vivimos-aturdidos-por-tantos-mensajes-palabras-sonidos-imagenes-y-necesitamos-un-tiempo-de-digestion\\\/#breadcrumb\"},\"inLanguage\":\"es\",\"potentialAction\":[{\"@type\":\"ReadAction\",\"target\":[\"https:\\\/\\\/webdelmaestrocmf.com\\\/portal\\\/normalmente-vivimos-aturdidos-por-tantos-mensajes-palabras-sonidos-imagenes-y-necesitamos-un-tiempo-de-digestion\\\/\"]}]},{\"@type\":\"ImageObject\",\"inLanguage\":\"es\",\"@id\":\"https:\\\/\\\/webdelmaestrocmf.com\\\/portal\\\/normalmente-vivimos-aturdidos-por-tantos-mensajes-palabras-sonidos-imagenes-y-necesitamos-un-tiempo-de-digestion\\\/#primaryimage\",\"url\":\"https:\\\/\\\/webdelmaestrocmf.com\\\/portal\\\/wp-content\\\/uploads\\\/2021\\\/11\\\/1-50.jpg\",\"contentUrl\":\"https:\\\/\\\/webdelmaestrocmf.com\\\/portal\\\/wp-content\\\/uploads\\\/2021\\\/11\\\/1-50.jpg\",\"width\":1100,\"height\":680},{\"@type\":\"BreadcrumbList\",\"@id\":\"https:\\\/\\\/webdelmaestrocmf.com\\\/portal\\\/normalmente-vivimos-aturdidos-por-tantos-mensajes-palabras-sonidos-imagenes-y-necesitamos-un-tiempo-de-digestion\\\/#breadcrumb\",\"itemListElement\":[{\"@type\":\"ListItem\",\"position\":1,\"name\":\"Portada\",\"item\":\"https:\\\/\\\/webdelmaestrocmf.com\\\/portal\\\/\"},{\"@type\":\"ListItem\",\"position\":2,\"name\":\"Charlas\",\"item\":\"https:\\\/\\\/webdelmaestrocmf.com\\\/portal\\\/category\\\/charlas\\\/\"},{\"@type\":\"ListItem\",\"position\":3,\"name\":\"Normalmente vivimos aturdidos por tantos mensajes, palabras, sonidos, im\u00e1genes\u2026 Y necesitamos un tiempo de digesti\u00f3n\"}]},{\"@type\":\"WebSite\",\"@id\":\"https:\\\/\\\/webdelmaestrocmf.com\\\/portal\\\/#website\",\"url\":\"https:\\\/\\\/webdelmaestrocmf.com\\\/portal\\\/\",\"name\":\"Web del Maestro CMF\",\"description\":\"Maestros al servicio de la educaci\u00f3n\",\"publisher\":{\"@id\":\"https:\\\/\\\/webdelmaestrocmf.com\\\/portal\\\/#organization\"},\"alternateName\":\"WMCMF\",\"potentialAction\":[{\"@type\":\"SearchAction\",\"target\":{\"@type\":\"EntryPoint\",\"urlTemplate\":\"https:\\\/\\\/webdelmaestrocmf.com\\\/portal\\\/?s={search_term_string}\"},\"query-input\":{\"@type\":\"PropertyValueSpecification\",\"valueRequired\":true,\"valueName\":\"search_term_string\"}}],\"inLanguage\":\"es\"},{\"@type\":\"Organization\",\"@id\":\"https:\\\/\\\/webdelmaestrocmf.com\\\/portal\\\/#organization\",\"name\":\"Web del Maestro CMF\",\"alternateName\":\"WMCMF\",\"url\":\"https:\\\/\\\/webdelmaestrocmf.com\\\/portal\\\/\",\"logo\":{\"@type\":\"ImageObject\",\"inLanguage\":\"es\",\"@id\":\"https:\\\/\\\/webdelmaestrocmf.com\\\/portal\\\/#\\\/schema\\\/logo\\\/image\\\/\",\"url\":\"https:\\\/\\\/webdelmaestrocmf.com\\\/portal\\\/wp-content\\\/uploads\\\/2023\\\/01\\\/logo-wmcmf-2.png\",\"contentUrl\":\"https:\\\/\\\/webdelmaestrocmf.com\\\/portal\\\/wp-content\\\/uploads\\\/2023\\\/01\\\/logo-wmcmf-2.png\",\"width\":200,\"height\":60,\"caption\":\"Web del Maestro CMF\"},\"image\":{\"@id\":\"https:\\\/\\\/webdelmaestrocmf.com\\\/portal\\\/#\\\/schema\\\/logo\\\/image\\\/\"},\"sameAs\":[\"https:\\\/\\\/www.facebook.com\\\/WebdelMaestroCMF\\\/\",\"https:\\\/\\\/x.com\\\/cmf_w\",\"https:\\\/\\\/www.pinterest.com\\\/WMCMF\\\/\",\"https:\\\/\\\/www.linkedin.com\\\/company\\\/web-del-maestro-cmf\\\/\",\"https:\\\/\\\/www.instagram.com\\\/wmcmf\\\/\",\"https:\\\/\\\/www.youtube.com\\\/channel\\\/UCDPSvjbdodE5sHnC3OxutHw\",\"https:\\\/\\\/mastodon.social\\\/@wmcmf\",\"https:\\\/\\\/www.tiktok.com\\\/@webdelmaestrocmf\"]},{\"@type\":\"Person\",\"@id\":\"https:\\\/\\\/webdelmaestrocmf.com\\\/portal\\\/#\\\/schema\\\/person\\\/1072a2ed7bd960df8ef99a551fa35dc5\",\"name\":\"Web del Maestro CMF\",\"image\":{\"@type\":\"ImageObject\",\"inLanguage\":\"es\",\"@id\":\"https:\\\/\\\/secure.gravatar.com\\\/avatar\\\/23291dd5b5ae1077dcff3dbb04c3e02bd28403fa75af6d8787d5e97c5bbbe30b?s=96&d=mm&r=g\",\"url\":\"https:\\\/\\\/secure.gravatar.com\\\/avatar\\\/23291dd5b5ae1077dcff3dbb04c3e02bd28403fa75af6d8787d5e97c5bbbe30b?s=96&d=mm&r=g\",\"contentUrl\":\"https:\\\/\\\/secure.gravatar.com\\\/avatar\\\/23291dd5b5ae1077dcff3dbb04c3e02bd28403fa75af6d8787d5e97c5bbbe30b?s=96&d=mm&r=g\",\"caption\":\"Web del Maestro CMF\"},\"description\":\"Esta Web se cre\u00f3 sin fines de lucro, con fines educativos, cient\u00edficos y acad\u00e9micos, para personas que tengan dificultades y\\\/o inconvenientes en visualizar el material original. El objetivo es entregar recursos, compartir experiencias y materiales que ayuden a los padres de familia, maestros y estudiantes en su actualizaci\u00f3n y formaci\u00f3n permanente, en bien de la Educaci\u00f3n.\",\"sameAs\":[\"http:\\\/\\\/webdelmaestrocmf.com\\\/portal\",\"https:\\\/\\\/www.facebook.com\\\/WebdelMaestroCMF\\\/\",\"https:\\\/\\\/www.instagram.com\\\/wmcmf\\\/\",\"https:\\\/\\\/cl.linkedin.com\\\/company\\\/web-del-maestro-cmf\",\"https:\\\/\\\/www.pinterest.com\\\/WMCMF\\\/publicaciones\\\/\",\"https:\\\/\\\/x.com\\\/cmf_w\",\"https:\\\/\\\/www.youtube.com\\\/@WMCMF\"]}]}<\/script>\n<!-- \/ Yoast SEO plugin. -->","yoast_head_json":{"title":"Normalmente vivimos aturdidos por tantos mensajes, palabras, sonidos, im\u00e1genes\u2026 Y necesitamos un tiempo de digesti\u00f3n - 2026","description":"Pablo d\u00b4Ors (Madrid, 1963) es escritor, sacerdote y fundador de la red de meditadores \u201cAmigos del desierto\u201d.","robots":{"index":"index","follow":"follow","max-snippet":"max-snippet:-1","max-image-preview":"max-image-preview:large","max-video-preview":"max-video-preview:-1"},"canonical":"https:\/\/webdelmaestrocmf.com\/portal\/normalmente-vivimos-aturdidos-por-tantos-mensajes-palabras-sonidos-imagenes-y-necesitamos-un-tiempo-de-digestion\/","og_locale":"es_ES","og_type":"article","og_title":"Normalmente vivimos aturdidos por tantos mensajes, palabras, sonidos, im\u00e1genes\u2026 Y necesitamos un tiempo de digesti\u00f3n - 2026","og_description":"Pablo d\u00b4Ors (Madrid, 1963) es escritor, sacerdote y fundador de la red de meditadores \u201cAmigos del desierto\u201d.","og_url":"https:\/\/webdelmaestrocmf.com\/portal\/normalmente-vivimos-aturdidos-por-tantos-mensajes-palabras-sonidos-imagenes-y-necesitamos-un-tiempo-de-digestion\/","og_site_name":"Web del Maestro CMF","article_publisher":"https:\/\/www.facebook.com\/WebdelMaestroCMF\/","article_author":"https:\/\/www.facebook.com\/WebdelMaestroCMF\/","article_published_time":"2022-02-06T01:55:21+00:00","article_modified_time":"2022-02-09T02:20:12+00:00","og_image":[{"width":1100,"height":680,"url":"https:\/\/i0.wp.com\/webdelmaestrocmf.com\/portal\/wp-content\/uploads\/2021\/11\/1-50.jpg?fit=1100%2C680&ssl=1","type":"image\/jpeg"}],"author":"Web del Maestro CMF","twitter_card":"summary_large_image","twitter_creator":"@cmf_w","twitter_site":"@cmf_w","schema":{"@context":"https:\/\/schema.org","@graph":[{"@type":"ScholarlyArticle","@id":"https:\/\/webdelmaestrocmf.com\/portal\/normalmente-vivimos-aturdidos-por-tantos-mensajes-palabras-sonidos-imagenes-y-necesitamos-un-tiempo-de-digestion\/#article","isPartOf":{"@id":"https:\/\/webdelmaestrocmf.com\/portal\/normalmente-vivimos-aturdidos-por-tantos-mensajes-palabras-sonidos-imagenes-y-necesitamos-un-tiempo-de-digestion\/"},"author":{"name":"Web del Maestro CMF","@id":"https:\/\/webdelmaestrocmf.com\/portal\/#\/schema\/person\/1072a2ed7bd960df8ef99a551fa35dc5"},"headline":"Normalmente vivimos aturdidos por tantos mensajes, palabras, sonidos, im\u00e1genes\u2026 Y necesitamos un tiempo de digesti\u00f3n","datePublished":"2022-02-06T01:55:21+00:00","dateModified":"2022-02-09T02:20:12+00:00","mainEntityOfPage":{"@id":"https:\/\/webdelmaestrocmf.com\/portal\/normalmente-vivimos-aturdidos-por-tantos-mensajes-palabras-sonidos-imagenes-y-necesitamos-un-tiempo-de-digestion\/"},"wordCount":1883,"commentCount":0,"publisher":{"@id":"https:\/\/webdelmaestrocmf.com\/portal\/#organization"},"image":{"@id":"https:\/\/webdelmaestrocmf.com\/portal\/normalmente-vivimos-aturdidos-por-tantos-mensajes-palabras-sonidos-imagenes-y-necesitamos-un-tiempo-de-digestion\/#primaryimage"},"thumbnailUrl":"https:\/\/webdelmaestrocmf.com\/portal\/wp-content\/uploads\/2021\/11\/1-50.jpg","keywords":["APRENDAMOS","APRENDEMOS","BBVA","COMPASI\u00d3N","dilema","DOLOR","EDUCACI\u00d3N","Entrevista","ESCUCHAR","FELICIDAD","INTERIOR","JUNTOS","Meditaci\u00f3n","Pablo d'Ors","SILENCIO","SOLEDAD","SUMAR","vida","VIDEOS"],"articleSection":["Charlas"],"inLanguage":"es","potentialAction":[{"@type":"CommentAction","name":"Comment","target":["https:\/\/webdelmaestrocmf.com\/portal\/normalmente-vivimos-aturdidos-por-tantos-mensajes-palabras-sonidos-imagenes-y-necesitamos-un-tiempo-de-digestion\/#respond"]}]},{"@type":"WebPage","@id":"https:\/\/webdelmaestrocmf.com\/portal\/normalmente-vivimos-aturdidos-por-tantos-mensajes-palabras-sonidos-imagenes-y-necesitamos-un-tiempo-de-digestion\/","url":"https:\/\/webdelmaestrocmf.com\/portal\/normalmente-vivimos-aturdidos-por-tantos-mensajes-palabras-sonidos-imagenes-y-necesitamos-un-tiempo-de-digestion\/","name":"Normalmente vivimos aturdidos por tantos mensajes, palabras, sonidos, im\u00e1genes\u2026 Y necesitamos un tiempo de digesti\u00f3n - 2026","isPartOf":{"@id":"https:\/\/webdelmaestrocmf.com\/portal\/#website"},"primaryImageOfPage":{"@id":"https:\/\/webdelmaestrocmf.com\/portal\/normalmente-vivimos-aturdidos-por-tantos-mensajes-palabras-sonidos-imagenes-y-necesitamos-un-tiempo-de-digestion\/#primaryimage"},"image":{"@id":"https:\/\/webdelmaestrocmf.com\/portal\/normalmente-vivimos-aturdidos-por-tantos-mensajes-palabras-sonidos-imagenes-y-necesitamos-un-tiempo-de-digestion\/#primaryimage"},"thumbnailUrl":"https:\/\/webdelmaestrocmf.com\/portal\/wp-content\/uploads\/2021\/11\/1-50.jpg","datePublished":"2022-02-06T01:55:21+00:00","dateModified":"2022-02-09T02:20:12+00:00","description":"Pablo d\u00b4Ors (Madrid, 1963) es escritor, sacerdote y fundador de la red de meditadores \u201cAmigos del desierto\u201d.","breadcrumb":{"@id":"https:\/\/webdelmaestrocmf.com\/portal\/normalmente-vivimos-aturdidos-por-tantos-mensajes-palabras-sonidos-imagenes-y-necesitamos-un-tiempo-de-digestion\/#breadcrumb"},"inLanguage":"es","potentialAction":[{"@type":"ReadAction","target":["https:\/\/webdelmaestrocmf.com\/portal\/normalmente-vivimos-aturdidos-por-tantos-mensajes-palabras-sonidos-imagenes-y-necesitamos-un-tiempo-de-digestion\/"]}]},{"@type":"ImageObject","inLanguage":"es","@id":"https:\/\/webdelmaestrocmf.com\/portal\/normalmente-vivimos-aturdidos-por-tantos-mensajes-palabras-sonidos-imagenes-y-necesitamos-un-tiempo-de-digestion\/#primaryimage","url":"https:\/\/webdelmaestrocmf.com\/portal\/wp-content\/uploads\/2021\/11\/1-50.jpg","contentUrl":"https:\/\/webdelmaestrocmf.com\/portal\/wp-content\/uploads\/2021\/11\/1-50.jpg","width":1100,"height":680},{"@type":"BreadcrumbList","@id":"https:\/\/webdelmaestrocmf.com\/portal\/normalmente-vivimos-aturdidos-por-tantos-mensajes-palabras-sonidos-imagenes-y-necesitamos-un-tiempo-de-digestion\/#breadcrumb","itemListElement":[{"@type":"ListItem","position":1,"name":"Portada","item":"https:\/\/webdelmaestrocmf.com\/portal\/"},{"@type":"ListItem","position":2,"name":"Charlas","item":"https:\/\/webdelmaestrocmf.com\/portal\/category\/charlas\/"},{"@type":"ListItem","position":3,"name":"Normalmente vivimos aturdidos por tantos mensajes, palabras, sonidos, im\u00e1genes\u2026 Y necesitamos un tiempo de digesti\u00f3n"}]},{"@type":"WebSite","@id":"https:\/\/webdelmaestrocmf.com\/portal\/#website","url":"https:\/\/webdelmaestrocmf.com\/portal\/","name":"Web del Maestro CMF","description":"Maestros al servicio de la educaci\u00f3n","publisher":{"@id":"https:\/\/webdelmaestrocmf.com\/portal\/#organization"},"alternateName":"WMCMF","potentialAction":[{"@type":"SearchAction","target":{"@type":"EntryPoint","urlTemplate":"https:\/\/webdelmaestrocmf.com\/portal\/?s={search_term_string}"},"query-input":{"@type":"PropertyValueSpecification","valueRequired":true,"valueName":"search_term_string"}}],"inLanguage":"es"},{"@type":"Organization","@id":"https:\/\/webdelmaestrocmf.com\/portal\/#organization","name":"Web del Maestro CMF","alternateName":"WMCMF","url":"https:\/\/webdelmaestrocmf.com\/portal\/","logo":{"@type":"ImageObject","inLanguage":"es","@id":"https:\/\/webdelmaestrocmf.com\/portal\/#\/schema\/logo\/image\/","url":"https:\/\/webdelmaestrocmf.com\/portal\/wp-content\/uploads\/2023\/01\/logo-wmcmf-2.png","contentUrl":"https:\/\/webdelmaestrocmf.com\/portal\/wp-content\/uploads\/2023\/01\/logo-wmcmf-2.png","width":200,"height":60,"caption":"Web del Maestro CMF"},"image":{"@id":"https:\/\/webdelmaestrocmf.com\/portal\/#\/schema\/logo\/image\/"},"sameAs":["https:\/\/www.facebook.com\/WebdelMaestroCMF\/","https:\/\/x.com\/cmf_w","https:\/\/www.pinterest.com\/WMCMF\/","https:\/\/www.linkedin.com\/company\/web-del-maestro-cmf\/","https:\/\/www.instagram.com\/wmcmf\/","https:\/\/www.youtube.com\/channel\/UCDPSvjbdodE5sHnC3OxutHw","https:\/\/mastodon.social\/@wmcmf","https:\/\/www.tiktok.com\/@webdelmaestrocmf"]},{"@type":"Person","@id":"https:\/\/webdelmaestrocmf.com\/portal\/#\/schema\/person\/1072a2ed7bd960df8ef99a551fa35dc5","name":"Web del Maestro CMF","image":{"@type":"ImageObject","inLanguage":"es","@id":"https:\/\/secure.gravatar.com\/avatar\/23291dd5b5ae1077dcff3dbb04c3e02bd28403fa75af6d8787d5e97c5bbbe30b?s=96&d=mm&r=g","url":"https:\/\/secure.gravatar.com\/avatar\/23291dd5b5ae1077dcff3dbb04c3e02bd28403fa75af6d8787d5e97c5bbbe30b?s=96&d=mm&r=g","contentUrl":"https:\/\/secure.gravatar.com\/avatar\/23291dd5b5ae1077dcff3dbb04c3e02bd28403fa75af6d8787d5e97c5bbbe30b?s=96&d=mm&r=g","caption":"Web del Maestro CMF"},"description":"Esta Web se cre\u00f3 sin fines de lucro, con fines educativos, cient\u00edficos y acad\u00e9micos, para personas que tengan dificultades y\/o inconvenientes en visualizar el material original. El objetivo es entregar recursos, compartir experiencias y materiales que ayuden a los padres de familia, maestros y estudiantes en su actualizaci\u00f3n y formaci\u00f3n permanente, en bien de la Educaci\u00f3n.","sameAs":["http:\/\/webdelmaestrocmf.com\/portal","https:\/\/www.facebook.com\/WebdelMaestroCMF\/","https:\/\/www.instagram.com\/wmcmf\/","https:\/\/cl.linkedin.com\/company\/web-del-maestro-cmf","https:\/\/www.pinterest.com\/WMCMF\/publicaciones\/","https:\/\/x.com\/cmf_w","https:\/\/www.youtube.com\/@WMCMF"]}]}},"jetpack_featured_media_url":"https:\/\/webdelmaestrocmf.com\/portal\/wp-content\/uploads\/2021\/11\/1-50.jpg","jetpack_sharing_enabled":true,"jetpack-related-posts":[{"id":41684,"url":"https:\/\/webdelmaestrocmf.com\/portal\/pablo-dors-estamos-en-un-momento-de-mirar-mucho-hacia-afuera-y-hace-falta-volver-a-casa-volver-al-interior\/","url_meta":{"origin":71444,"position":0},"title":"Pablo d&#8217;Ors: Estamos en un momento de mirar mucho hacia afuera y hace falta volver a casa, volver al interior","author":"Web del Maestro CMF","date":"15 noviembre, 2019","format":false,"excerpt":"Dec\u00edamos en un art\u00edculo anterior que pedir a nuestros estudiantes silencio en el aula no es tan f\u00e1cil, pues resulta (a veces) inc\u00f3modo para algunos, comienza el aburrimiento, los propios pensamientos no son (en algunos casos) soportados o bien aceptados\u201d; y quiz\u00e1 porque pedir \u201corden en el aula\u201d para el\u2026","rel":"","context":"En \u00abEntrevistas\u00bb","block_context":{"text":"Entrevistas","link":"https:\/\/webdelmaestrocmf.com\/portal\/category\/noticias\/entrevistas\/"},"img":{"alt_text":"","src":"https:\/\/i0.wp.com\/webdelmaestrocmf.com\/portal\/wp-content\/uploads\/2019\/11\/2-21.jpg?resize=350%2C200&ssl=1","width":350,"height":200,"srcset":"https:\/\/i0.wp.com\/webdelmaestrocmf.com\/portal\/wp-content\/uploads\/2019\/11\/2-21.jpg?resize=350%2C200&ssl=1 1x, https:\/\/i0.wp.com\/webdelmaestrocmf.com\/portal\/wp-content\/uploads\/2019\/11\/2-21.jpg?resize=525%2C300&ssl=1 1.5x, https:\/\/i0.wp.com\/webdelmaestrocmf.com\/portal\/wp-content\/uploads\/2019\/11\/2-21.jpg?resize=700%2C400&ssl=1 2x, https:\/\/i0.wp.com\/webdelmaestrocmf.com\/portal\/wp-content\/uploads\/2019\/11\/2-21.jpg?resize=1050%2C600&ssl=1 3x"},"classes":[]},{"id":110945,"url":"https:\/\/webdelmaestrocmf.com\/portal\/mario-alonso-puig-por-que-y-para-que-sirve-la-meditacion\/","url_meta":{"origin":71444,"position":1},"title":"Mario Alonso Puig: \u00bfPor qu\u00e9 y para qu\u00e9 sirve la meditaci\u00f3n?","author":"Web del Maestro CMF","date":"6 julio, 2025","format":"video","excerpt":"Un viaje al silencio que transforma la mente, el cuerpo y el coraz\u00f3n","rel":"","context":"En \u00abCharlas\u00bb","block_context":{"text":"Charlas","link":"https:\/\/webdelmaestrocmf.com\/portal\/category\/charlas\/"},"img":{"alt_text":"","src":"https:\/\/i0.wp.com\/webdelmaestrocmf.com\/portal\/wp-content\/uploads\/2025\/07\/1A-Banner-1-portada-imagen-10-1-copia-31.webp?resize=350%2C200&ssl=1","width":350,"height":200,"srcset":"https:\/\/i0.wp.com\/webdelmaestrocmf.com\/portal\/wp-content\/uploads\/2025\/07\/1A-Banner-1-portada-imagen-10-1-copia-31.webp?resize=350%2C200&ssl=1 1x, https:\/\/i0.wp.com\/webdelmaestrocmf.com\/portal\/wp-content\/uploads\/2025\/07\/1A-Banner-1-portada-imagen-10-1-copia-31.webp?resize=525%2C300&ssl=1 1.5x, https:\/\/i0.wp.com\/webdelmaestrocmf.com\/portal\/wp-content\/uploads\/2025\/07\/1A-Banner-1-portada-imagen-10-1-copia-31.webp?resize=700%2C400&ssl=1 2x"},"classes":[]},{"id":33710,"url":"https:\/\/webdelmaestrocmf.com\/portal\/la-vida-emocional-de-los-ninos-afecta-la-habilidad-para-aprender\/","url_meta":{"origin":71444,"position":2},"title":"Daniel Goleman: La vida emocional de los ni\u00f1os afecta la habilidad para aprender","author":"Web del Maestro CMF","date":"10 mayo, 2019","format":false,"excerpt":"El mindfulness se ha convertido, para algunos, en el \u00abremedio para todo\u00bb desde la salud f\u00edsica y espiritual, como el objetivo en la vida, pasando inevitablemente por la educaci\u00f3n, en la cual ha suscitado \u201chip\u00f3tesis acerca de su utilidad o beneficio tanto para aprender y memorizar mejor, como para ense\u00f1ar\u2026","rel":"","context":"En \u00abEntrevistas\u00bb","block_context":{"text":"Entrevistas","link":"https:\/\/webdelmaestrocmf.com\/portal\/category\/noticias\/entrevistas\/"},"img":{"alt_text":"","src":"https:\/\/i0.wp.com\/webdelmaestrocmf.com\/portal\/wp-content\/uploads\/2018\/12\/2-13.jpg?resize=350%2C200&ssl=1","width":350,"height":200,"srcset":"https:\/\/i0.wp.com\/webdelmaestrocmf.com\/portal\/wp-content\/uploads\/2018\/12\/2-13.jpg?resize=350%2C200&ssl=1 1x, https:\/\/i0.wp.com\/webdelmaestrocmf.com\/portal\/wp-content\/uploads\/2018\/12\/2-13.jpg?resize=525%2C300&ssl=1 1.5x, https:\/\/i0.wp.com\/webdelmaestrocmf.com\/portal\/wp-content\/uploads\/2018\/12\/2-13.jpg?resize=700%2C400&ssl=1 2x, https:\/\/i0.wp.com\/webdelmaestrocmf.com\/portal\/wp-content\/uploads\/2018\/12\/2-13.jpg?resize=1050%2C600&ssl=1 3x"},"classes":[]},{"id":15955,"url":"https:\/\/webdelmaestrocmf.com\/portal\/papa-francisco-hoy-hacen-falta-buenos-samaritanos\/","url_meta":{"origin":71444,"position":3},"title":"Papa Francisco: hoy hacen falta buenos samaritanos","author":"Web del Maestro CMF","date":"12 marzo, 2017","format":false,"excerpt":"Para que la Misericordia de Dios sea eficaz y cure todas las heridas de la humanidad es necesario que haya personas que la personifiquen, ap\u00f3stoles de la misericordia. Este ha sido el mensaje que Francisco ha lanzado en el domingo dedicado a la Divina Misericordia. FRANCISCO\u00a0 \"El Evangelio de la\u2026","rel":"","context":"En \u00abMundo cart\u00f3lico\u00bb","block_context":{"text":"Mundo cart\u00f3lico","link":"https:\/\/webdelmaestrocmf.com\/portal\/category\/pastoral\/"},"img":{"alt_text":"","src":"https:\/\/i0.wp.com\/webdelmaestrocmf.com\/portal\/wp-content\/uploads\/2017\/10\/1ss.jpg?resize=350%2C200&ssl=1","width":350,"height":200,"srcset":"https:\/\/i0.wp.com\/webdelmaestrocmf.com\/portal\/wp-content\/uploads\/2017\/10\/1ss.jpg?resize=350%2C200&ssl=1 1x, https:\/\/i0.wp.com\/webdelmaestrocmf.com\/portal\/wp-content\/uploads\/2017\/10\/1ss.jpg?resize=525%2C300&ssl=1 1.5x"},"classes":[]},{"id":62927,"url":"https:\/\/webdelmaestrocmf.com\/portal\/alexander-ortiz-como-vivir-una-vida-plena\/","url_meta":{"origin":71444,"position":4},"title":"[Alexander Ortiz] C\u00f3mo vivir una vida plena","author":"Web del Maestro CMF","date":"13 mayo, 2021","format":false,"excerpt":"\u00bfTe gustar\u00eda vivir una vida plena, sin dolor ni sufrimiento? L\u00e9eme. Para vivir una vida plena, sin dolor ni sufrimiento es necesario detener tu mente revoltosa. A esto llegar\u00e1s si te entrenas. Si no entrenas te puedes enga\u00f1ar. Mientras m\u00e1s entrenas a prestar atenci\u00f3n a los pensamientos y a cuestionarlos,\u2026","rel":"","context":"En \u00abZ-Colaboradores\u00bb","block_context":{"text":"Z-Colaboradores","link":"https:\/\/webdelmaestrocmf.com\/portal\/category\/colaborador\/"},"img":{"alt_text":"","src":"https:\/\/i0.wp.com\/webdelmaestrocmf.com\/portal\/wp-content\/uploads\/2021\/05\/1-copia-17.jpg?resize=350%2C200&ssl=1","width":350,"height":200,"srcset":"https:\/\/i0.wp.com\/webdelmaestrocmf.com\/portal\/wp-content\/uploads\/2021\/05\/1-copia-17.jpg?resize=350%2C200&ssl=1 1x, https:\/\/i0.wp.com\/webdelmaestrocmf.com\/portal\/wp-content\/uploads\/2021\/05\/1-copia-17.jpg?resize=525%2C300&ssl=1 1.5x, https:\/\/i0.wp.com\/webdelmaestrocmf.com\/portal\/wp-content\/uploads\/2021\/05\/1-copia-17.jpg?resize=700%2C400&ssl=1 2x, https:\/\/i0.wp.com\/webdelmaestrocmf.com\/portal\/wp-content\/uploads\/2021\/05\/1-copia-17.jpg?resize=1050%2C600&ssl=1 3x"},"classes":[]},{"id":72604,"url":"https:\/\/webdelmaestrocmf.com\/portal\/nuestro-cerebro-tiene-ochenta-y-seis-mil-millones-de-neuronas-la-neurociencia-estudia-el-comportamiento-lo-que-hacen-conjuntos-de-millones-de-neuronas\/","url_meta":{"origin":71444,"position":5},"title":"Nuestro cerebro tiene ochenta y seis mil millones de neuronas. La neurociencia estudia el comportamiento, lo que hacen conjuntos de millones de neuronas","author":"Web del Maestro CMF","date":"2 enero, 2022","format":"video","excerpt":"La doctora Nazareth Castellanos se gradu\u00f3 en F\u00edsica te\u00f3rica y en Neurociencia por la Universidad Aut\u00f3noma de Madrid (Espa\u00f1a), y se ha especializado en los estudios sobre la relaci\u00f3n cerebro-cuerpo, los mecanismos neuronales implicados en la atenci\u00f3n, la regulaci\u00f3n emocional y la pr\u00e1ctica de la meditaci\u00f3n. Desde hace varios a\u00f1os\u2026","rel":"","context":"En \u00abCharlas\u00bb","block_context":{"text":"Charlas","link":"https:\/\/webdelmaestrocmf.com\/portal\/category\/charlas\/"},"img":{"alt_text":"","src":"https:\/\/i0.wp.com\/webdelmaestrocmf.com\/portal\/wp-content\/uploads\/2022\/01\/1-52.jpg?resize=350%2C200&ssl=1","width":350,"height":200,"srcset":"https:\/\/i0.wp.com\/webdelmaestrocmf.com\/portal\/wp-content\/uploads\/2022\/01\/1-52.jpg?resize=350%2C200&ssl=1 1x, https:\/\/i0.wp.com\/webdelmaestrocmf.com\/portal\/wp-content\/uploads\/2022\/01\/1-52.jpg?resize=525%2C300&ssl=1 1.5x, https:\/\/i0.wp.com\/webdelmaestrocmf.com\/portal\/wp-content\/uploads\/2022\/01\/1-52.jpg?resize=700%2C400&ssl=1 2x, https:\/\/i0.wp.com\/webdelmaestrocmf.com\/portal\/wp-content\/uploads\/2022\/01\/1-52.jpg?resize=1050%2C600&ssl=1 3x"},"classes":[]}],"_links":{"self":[{"href":"https:\/\/webdelmaestrocmf.com\/portal\/wp-json\/wp\/v2\/posts\/71444","targetHints":{"allow":["GET"]}}],"collection":[{"href":"https:\/\/webdelmaestrocmf.com\/portal\/wp-json\/wp\/v2\/posts"}],"about":[{"href":"https:\/\/webdelmaestrocmf.com\/portal\/wp-json\/wp\/v2\/types\/post"}],"author":[{"embeddable":true,"href":"https:\/\/webdelmaestrocmf.com\/portal\/wp-json\/wp\/v2\/users\/1"}],"replies":[{"embeddable":true,"href":"https:\/\/webdelmaestrocmf.com\/portal\/wp-json\/wp\/v2\/comments?post=71444"}],"version-history":[{"count":0,"href":"https:\/\/webdelmaestrocmf.com\/portal\/wp-json\/wp\/v2\/posts\/71444\/revisions"}],"wp:featuredmedia":[{"embeddable":true,"href":"https:\/\/webdelmaestrocmf.com\/portal\/wp-json\/wp\/v2\/media\/71447"}],"wp:attachment":[{"href":"https:\/\/webdelmaestrocmf.com\/portal\/wp-json\/wp\/v2\/media?parent=71444"}],"wp:term":[{"taxonomy":"category","embeddable":true,"href":"https:\/\/webdelmaestrocmf.com\/portal\/wp-json\/wp\/v2\/categories?post=71444"},{"taxonomy":"post_tag","embeddable":true,"href":"https:\/\/webdelmaestrocmf.com\/portal\/wp-json\/wp\/v2\/tags?post=71444"}],"curies":[{"name":"wp","href":"https:\/\/api.w.org\/{rel}","templated":true}]}}