{"id":71391,"date":"2021-11-21T19:57:58","date_gmt":"2021-11-21T22:57:58","guid":{"rendered":"https:\/\/webdelmaestrocmf.com\/portal\/?p=71391"},"modified":"2023-11-14T00:40:06","modified_gmt":"2023-11-14T03:40:06","slug":"carpetas-de-recuperacion-2022-primaria-secundaria","status":"publish","type":"post","link":"https:\/\/webdelmaestrocmf.com\/portal\/carpetas-de-recuperacion-2022-primaria-secundaria\/","title":{"rendered":"Carpetas de Recuperaci\u00f3n: Primaria y Secundaria"},"content":{"rendered":"<h5 style=\"text-align: justify;\">\u00bfCu\u00e1l es el prop\u00f3sito\/finalidad del periodo de recuperaci\u00f3n? <span style=\"font-weight: 400;\">Tiene por prop\u00f3sito\/finalidad brindar a los estudiantes mayor tiempo y oportunidades para desarrollar aprendizajes que les permitan lograr los niveles esperados para el grado cursado en el 2021, para as\u00ed continuar con el desarrollo de sus competencias en el 2022 y, con ello, evitar la interrupci\u00f3n de su proceso de aprendizaje.<\/span><\/h5>\n<p><!--more--><\/p>\n<h5 style=\"text-align: justify;\">Caracter\u00edsticas del periodo de recuperaci\u00f3n<\/h5>\n<p style=\"text-align: justify;\"><span style=\"font-weight: 400;\">Inicia con la evaluaci\u00f3n de la situaci\u00f3n final de las necesidades de aprendizaje de los estudiantes para la planificaci\u00f3n y dise\u00f1o de carpetas de recuperaci\u00f3n.<\/span><\/p>\n<p style=\"text-align: justify;\"><span style=\"font-weight: 400;\">Se da informaci\u00f3n a los estudiantes y sus familias para que sean conscientes de los aprendizajes que se esperan y del material que se les proporciona, el cual les permitir\u00e1 progresar en sus competencias y, a la vez, servir\u00e1 para recoger las evidencias.<\/span><\/p>\n<p style=\"text-align: justify;\"><span style=\"font-weight: 400;\">Tiene una duraci\u00f3n de 8 semanas, entre los meses de enero y febrero.<\/span><\/p>\n<p style=\"text-align: justify;\"><span style=\"font-weight: 400;\">Se realiza sin acompa\u00f1amiento ni mediaci\u00f3n del docente.<\/span><\/p>\n<p style=\"text-align: justify;\"><span style=\"font-weight: 400;\">El estudiante que se encuentran en proceso de desarrollo de la autonom\u00eda afronta este periodo de forma aut\u00f3noma, mientras que, en el caso de los estudiantes que est\u00e1n inici\u00e1ndose en la autonom\u00eda, requieren del acompa\u00f1amiento de la familia o de voluntarios.<\/span><\/p>\n<p style=\"text-align: justify;\"><span style=\"font-weight: 400;\">Se realiza utilizando un material educativo (Carpeta pedag\u00f3gica) elaborado por el docente sobre la base de las caracter\u00edsticas y necesidades del estudiante, que propicie el desarrollo de aprendizajes para alcanzar los niveles esperados en las competencias.<\/span><\/p>\n<p><img loading=\"lazy\" decoding=\"async\" class=\"alignnone size-large wp-image-71392\" src=\"https:\/\/webdelmaestrocmf.com\/portal\/wp-content\/uploads\/2021\/11\/1QfER-12-1024x534.jpg\" alt=\"\" width=\"1024\" height=\"534\" srcset=\"https:\/\/webdelmaestrocmf.com\/portal\/wp-content\/uploads\/2021\/11\/1QfER-12-1024x534.jpg 1024w, https:\/\/webdelmaestrocmf.com\/portal\/wp-content\/uploads\/2021\/11\/1QfER-12-300x157.jpg 300w, https:\/\/webdelmaestrocmf.com\/portal\/wp-content\/uploads\/2021\/11\/1QfER-12-768x401.jpg 768w, https:\/\/webdelmaestrocmf.com\/portal\/wp-content\/uploads\/2021\/11\/1QfER-12-110x57.jpg 110w, https:\/\/webdelmaestrocmf.com\/portal\/wp-content\/uploads\/2021\/11\/1QfER-12-200x104.jpg 200w, https:\/\/webdelmaestrocmf.com\/portal\/wp-content\/uploads\/2021\/11\/1QfER-12-380x198.jpg 380w, https:\/\/webdelmaestrocmf.com\/portal\/wp-content\/uploads\/2021\/11\/1QfER-12-255x133.jpg 255w, https:\/\/webdelmaestrocmf.com\/portal\/wp-content\/uploads\/2021\/11\/1QfER-12-550x287.jpg 550w, https:\/\/webdelmaestrocmf.com\/portal\/wp-content\/uploads\/2021\/11\/1QfER-12-800x417.jpg 800w, https:\/\/webdelmaestrocmf.com\/portal\/wp-content\/uploads\/2021\/11\/1QfER-12.jpg 1100w\" sizes=\"auto, (max-width: 1024px) 100vw, 1024px\" \/><\/p>\n<h5 style=\"text-align: justify;\">\u00bfQui\u00e9nes participan en el periodo de recuperaci\u00f3n?<\/h5>\n<p style=\"text-align: justify;\"><span style=\"font-weight: 400;\">Los estudiantes que podr\u00edan formar parte del periodo de recuperaci\u00f3n son los que se encuentran entre el segundo grado del nivel primaria hasta el cuarto grado del nivel de educaci\u00f3n secundaria, que cuenten con las siguientes caracter\u00edsticas:<\/span><\/p>\n<p style=\"text-align: justify;\"><span style=\"font-weight: 400;\">Se encuentren en inicio (\u201cC\u201d) en el desarrollo de sus competencias.<\/span><\/p>\n<p style=\"text-align: justify;\"><span style=\"font-weight: 400;\">Que no tengan evidencias de sus avances por abandono, matr\u00edcula tard\u00eda, asistencia no continua. Estudiantes que se hayan encontrado imposibilitados de una participaci\u00f3n regular por alguna barrera que lo haya impedido: estudia y trabaja, enfermedad, discapacidad permanente o temporal, entre otros impedimentos.<\/span><\/p>\n<p style=\"text-align: justify;\"><span style=\"font-weight: 400;\">Est\u00e9n en proceso (\u201cB\u201d), si el docente lo considera necesario.<\/span><\/p>\n<p><strong>Este contenido ha sido publicado originalmente por El rinc\u00f3n de los maestros en la siguiente direcci\u00f3n: <a href=\"https:\/\/elrincondlosmaestros.blogspot.com\/2021\/11\/carpetas-de-recuperacion-2022-primaria.html?fbclid=IwAR3Lbcxl3XXVmEN1Sn6r6138OvlG3QlMm9hip3WLj3QTFOswpqGTHzdUkBY\" target=\"_blank\" rel=\"noopener\">elrincondlosmaestros.blogspot.com<\/a><\/strong><\/p>\n<p style=\"text-align: center;\">Recomendamos a la Comunidad Educativa Digital tener en cuenta que, el enlace y\/o la carpeta en donde est\u00e1n alojados los libros, recursos y\/o materiales, no es administrado por la Web del Maestro CMF, pueda ser que en cuesti\u00f3n de d\u00edas (o seg\u00fan el tiempo transcurrido desde su publicaci\u00f3n), los enlaces no funcionen y el material ya no se encuentre disponible. Gracias por su comprensi\u00f3n.<\/p>\n<h3>ENLACE DE LECTURA:<\/h3>\n<p style=\"text-align: center;\">\u00a1Comparte y as\u00ed m\u00e1s docentes utilizar\u00e1n estos recursos\u00a0gratis! Muchas gracias.<\/p>\n<p style=\"text-align: center;\"><a href=\"https:\/\/elrincondlosmaestros.blogspot.com\/2021\/11\/carpeta-de-recuperacion-2022-aprendo-en.html\" target=\"_blank\" rel=\"noopener\">PRIMARIA\u00a0<\/a><br \/>\n<a href=\"https:\/\/elrincondlosmaestros.blogspot.com\/2021\/11\/carpetas-de-recuperacion-2022.html\" target=\"_blank\" rel=\"noopener\">SECUNDARIA<\/a><\/p>\n\t\t<div class=\"pk-inline-posts\">\n\t\t\t\n\t\t\t<div class=\"pk-inline-posts-container pk-inline-posts-template-list\"\n\t\t\t\tdata-columns=\"1\">\n\t\t\t\t\t\t<article id=\"post-50332\" class=\"post-50332 post type-post status-publish format-standard has-post-thumbnail category-descargas-manuales-pdf category-pedagogia tag-aprender tag-escalera tag-escalera-de-la-metacognicion tag-metacognicion tag-pensar cs-entry cs-video-wrap\">\n\t\t\t<div class=\"pk-post-outer\">\n\n\t\t\t\t\t\t\t\t<div class=\"pk-post-inner\">\n\t\t\t\t\t<div class=\"entry-thumbnail\">\n\t\t\t\t\t\t<div class=\"pk-overlay pk-overlay-ratio pk-ratio-landscape\">\n\t\t\t\t\t\t\t<div class=\"pk-overlay-background\">\n\t\t\t\t\t\t\t\t<a href=\"https:\/\/webdelmaestrocmf.com\/portal\/la-escalera-de-la-metacognicion-aprender-a-pensar\/\" class=\"pk-overlay-link\">\n\t\t\t\t\t\t\t\t\t<img loading=\"lazy\" decoding=\"async\" width=\"300\" height=\"225\" src=\"https:\/\/webdelmaestrocmf.com\/portal\/wp-content\/uploads\/2023\/11\/Banner-1-portada-imagen-10-30-300x225.jpg\" class=\"attachment-pk-thumbnail size-pk-thumbnail wp-post-image\" alt=\"escalera de la metacognici\u00f3nv\" \/>\t\t\t\t\t\t\t\t<\/a>\n\t\t\t\t\t\t\t<\/div>\n\t\t\t\t\t\t<\/div>\n\t\t\t\t\t<\/div>\n\t\t\t\t<\/div>\n\t\t\t\t\n\t\t\t\t<div class=\"pk-post-inner\">\n\t\t\t\t\t<header>\n\t\t\t\t\t\t<h3 class=\"pk-title\"><a href=\"https:\/\/webdelmaestrocmf.com\/portal\/la-escalera-de-la-metacognicion-aprender-a-pensar\/\" rel=\"bookmark\">La escalera de la metacognici\u00f3n aprender a pensar: Descarga las fichas para trabajar en el aula<\/a><\/h3>\t\t\t\t\t<\/header><!-- .entry-header -->\n\t\t\t\t<\/div><!-- .post-inner -->\n\n\t\t\t<\/div><!-- .post-outer -->\n\t\t<\/article>\n\t\t\t\t<\/div>\n\t\t<\/div>\n\t\t\n","protected":false},"excerpt":{"rendered":"\u00bfCu\u00e1l es el prop\u00f3sito\/finalidad del periodo de recuperaci\u00f3n? Tiene por prop\u00f3sito\/finalidad brindar a los estudiantes mayor tiempo y&hellip;","protected":false},"author":1,"featured_media":71394,"comment_status":"open","ping_status":"closed","sticky":false,"template":"","format":"standard","meta":{"csco_display_header_overlay":false,"csco_singular_sidebar":"default","csco_page_header_type":"default","csco_page_load_nextpost":"default","csco_post_video_location":[],"csco_post_video_location_hash":"","csco_post_video_url":"","csco_post_video_bg_start_time":0,"csco_post_video_bg_end_time":0,"csco_post_video_bg_volume":false,"_jetpack_memberships_contains_paid_content":false,"footnotes":""},"categories":[2004,735],"tags":[13767,6413,2587,6414,714],"class_list":{"0":"post-71391","1":"post","2":"type-post","3":"status-publish","4":"format-standard","5":"has-post-thumbnail","7":"category-descargas-manuales-pdf","8":"category-pedagogia","9":"tag-13767","10":"tag-carpetas","11":"tag-primaria","12":"tag-recuperacion","13":"tag-secundaria","14":"cs-entry","15":"cs-video-wrap"},"yoast_head":"<!-- This site is optimized with the Yoast SEO plugin v27.5 - https:\/\/yoast.com\/product\/yoast-seo-wordpress\/ -->\n<title>Carpetas de Recuperaci\u00f3n: Primaria y Secundaria - 2026<\/title>\n<meta name=\"description\" content=\"\u00bfCu\u00e1l es el prop\u00f3sito\/finalidad del periodo de recuperaci\u00f3n? Tiene por prop\u00f3sito\/finalidad brindar a los estudiantes...\" \/>\n<meta name=\"robots\" content=\"index, follow, max-snippet:-1, max-image-preview:large, max-video-preview:-1\" \/>\n<link rel=\"canonical\" href=\"https:\/\/webdelmaestrocmf.com\/portal\/carpetas-de-recuperacion-2022-primaria-secundaria\/\" \/>\n<meta property=\"og:locale\" content=\"es_ES\" \/>\n<meta property=\"og:type\" content=\"article\" \/>\n<meta property=\"og:title\" content=\"Carpetas de Recuperaci\u00f3n: Primaria y Secundaria - 2026\" \/>\n<meta property=\"og:description\" content=\"\u00bfCu\u00e1l es el prop\u00f3sito\/finalidad del periodo de recuperaci\u00f3n? Tiene por prop\u00f3sito\/finalidad brindar a los estudiantes...\" \/>\n<meta property=\"og:url\" content=\"https:\/\/webdelmaestrocmf.com\/portal\/carpetas-de-recuperacion-2022-primaria-secundaria\/\" \/>\n<meta property=\"og:site_name\" content=\"Web del Maestro CMF\" \/>\n<meta property=\"article:publisher\" content=\"https:\/\/www.facebook.com\/WebdelMaestroCMF\/\" \/>\n<meta property=\"article:author\" content=\"https:\/\/www.facebook.com\/WebdelMaestroCMF\/\" \/>\n<meta property=\"article:published_time\" content=\"2021-11-21T22:57:58+00:00\" \/>\n<meta property=\"article:modified_time\" content=\"2023-11-14T03:40:06+00:00\" \/>\n<meta property=\"og:image\" content=\"https:\/\/webdelmaestrocmf.com\/portal\/wp-content\/uploads\/2021\/11\/1QfER-13.jpg\" \/>\n\t<meta property=\"og:image:width\" content=\"1100\" \/>\n\t<meta property=\"og:image:height\" content=\"680\" \/>\n\t<meta property=\"og:image:type\" content=\"image\/jpeg\" \/>\n<meta name=\"author\" content=\"Web del Maestro CMF\" \/>\n<meta name=\"twitter:card\" content=\"summary_large_image\" \/>\n<meta name=\"twitter:creator\" content=\"@cmf_w\" \/>\n<meta name=\"twitter:site\" content=\"@cmf_w\" \/>\n<script type=\"application\/ld+json\" class=\"yoast-schema-graph\">{\"@context\":\"https:\\\/\\\/schema.org\",\"@graph\":[{\"@type\":\"ScholarlyArticle\",\"@id\":\"https:\\\/\\\/webdelmaestrocmf.com\\\/portal\\\/carpetas-de-recuperacion-2022-primaria-secundaria\\\/#article\",\"isPartOf\":{\"@id\":\"https:\\\/\\\/webdelmaestrocmf.com\\\/portal\\\/carpetas-de-recuperacion-2022-primaria-secundaria\\\/\"},\"author\":{\"name\":\"Web del Maestro CMF\",\"@id\":\"https:\\\/\\\/webdelmaestrocmf.com\\\/portal\\\/#\\\/schema\\\/person\\\/1072a2ed7bd960df8ef99a551fa35dc5\"},\"headline\":\"Carpetas de Recuperaci\u00f3n: Primaria y Secundaria\",\"datePublished\":\"2021-11-21T22:57:58+00:00\",\"dateModified\":\"2023-11-14T03:40:06+00:00\",\"mainEntityOfPage\":{\"@id\":\"https:\\\/\\\/webdelmaestrocmf.com\\\/portal\\\/carpetas-de-recuperacion-2022-primaria-secundaria\\\/\"},\"wordCount\":490,\"commentCount\":0,\"publisher\":{\"@id\":\"https:\\\/\\\/webdelmaestrocmf.com\\\/portal\\\/#organization\"},\"image\":{\"@id\":\"https:\\\/\\\/webdelmaestrocmf.com\\\/portal\\\/carpetas-de-recuperacion-2022-primaria-secundaria\\\/#primaryimage\"},\"thumbnailUrl\":\"https:\\\/\\\/webdelmaestrocmf.com\\\/portal\\\/wp-content\\\/uploads\\\/2021\\\/11\\\/1QfER-13.jpg\",\"keywords\":[\"2022\",\"Carpetas\",\"PRIMARIA\",\"recuperaci\u00f3n\",\"SECUNDARIA\"],\"articleSection\":[\"Descargas Manuales PDF\",\"Recursos\"],\"inLanguage\":\"es\",\"potentialAction\":[{\"@type\":\"CommentAction\",\"name\":\"Comment\",\"target\":[\"https:\\\/\\\/webdelmaestrocmf.com\\\/portal\\\/carpetas-de-recuperacion-2022-primaria-secundaria\\\/#respond\"]}]},{\"@type\":\"WebPage\",\"@id\":\"https:\\\/\\\/webdelmaestrocmf.com\\\/portal\\\/carpetas-de-recuperacion-2022-primaria-secundaria\\\/\",\"url\":\"https:\\\/\\\/webdelmaestrocmf.com\\\/portal\\\/carpetas-de-recuperacion-2022-primaria-secundaria\\\/\",\"name\":\"Carpetas de Recuperaci\u00f3n: Primaria y Secundaria - 2026\",\"isPartOf\":{\"@id\":\"https:\\\/\\\/webdelmaestrocmf.com\\\/portal\\\/#website\"},\"primaryImageOfPage\":{\"@id\":\"https:\\\/\\\/webdelmaestrocmf.com\\\/portal\\\/carpetas-de-recuperacion-2022-primaria-secundaria\\\/#primaryimage\"},\"image\":{\"@id\":\"https:\\\/\\\/webdelmaestrocmf.com\\\/portal\\\/carpetas-de-recuperacion-2022-primaria-secundaria\\\/#primaryimage\"},\"thumbnailUrl\":\"https:\\\/\\\/webdelmaestrocmf.com\\\/portal\\\/wp-content\\\/uploads\\\/2021\\\/11\\\/1QfER-13.jpg\",\"datePublished\":\"2021-11-21T22:57:58+00:00\",\"dateModified\":\"2023-11-14T03:40:06+00:00\",\"description\":\"\u00bfCu\u00e1l es el prop\u00f3sito\\\/finalidad del periodo de recuperaci\u00f3n? Tiene por prop\u00f3sito\\\/finalidad brindar a los estudiantes...\",\"breadcrumb\":{\"@id\":\"https:\\\/\\\/webdelmaestrocmf.com\\\/portal\\\/carpetas-de-recuperacion-2022-primaria-secundaria\\\/#breadcrumb\"},\"inLanguage\":\"es\",\"potentialAction\":[{\"@type\":\"ReadAction\",\"target\":[\"https:\\\/\\\/webdelmaestrocmf.com\\\/portal\\\/carpetas-de-recuperacion-2022-primaria-secundaria\\\/\"]}]},{\"@type\":\"ImageObject\",\"inLanguage\":\"es\",\"@id\":\"https:\\\/\\\/webdelmaestrocmf.com\\\/portal\\\/carpetas-de-recuperacion-2022-primaria-secundaria\\\/#primaryimage\",\"url\":\"https:\\\/\\\/webdelmaestrocmf.com\\\/portal\\\/wp-content\\\/uploads\\\/2021\\\/11\\\/1QfER-13.jpg\",\"contentUrl\":\"https:\\\/\\\/webdelmaestrocmf.com\\\/portal\\\/wp-content\\\/uploads\\\/2021\\\/11\\\/1QfER-13.jpg\",\"width\":1100,\"height\":680,\"caption\":\"Folder icon in color drawing. Computer office files binder add\"},{\"@type\":\"BreadcrumbList\",\"@id\":\"https:\\\/\\\/webdelmaestrocmf.com\\\/portal\\\/carpetas-de-recuperacion-2022-primaria-secundaria\\\/#breadcrumb\",\"itemListElement\":[{\"@type\":\"ListItem\",\"position\":1,\"name\":\"Portada\",\"item\":\"https:\\\/\\\/webdelmaestrocmf.com\\\/portal\\\/\"},{\"@type\":\"ListItem\",\"position\":2,\"name\":\"Recursos\",\"item\":\"https:\\\/\\\/webdelmaestrocmf.com\\\/portal\\\/category\\\/pedagogia\\\/\"},{\"@type\":\"ListItem\",\"position\":3,\"name\":\"Carpetas de Recuperaci\u00f3n: Primaria y Secundaria\"}]},{\"@type\":\"WebSite\",\"@id\":\"https:\\\/\\\/webdelmaestrocmf.com\\\/portal\\\/#website\",\"url\":\"https:\\\/\\\/webdelmaestrocmf.com\\\/portal\\\/\",\"name\":\"Web del Maestro CMF\",\"description\":\"Maestros al servicio de la educaci\u00f3n\",\"publisher\":{\"@id\":\"https:\\\/\\\/webdelmaestrocmf.com\\\/portal\\\/#organization\"},\"alternateName\":\"WMCMF\",\"potentialAction\":[{\"@type\":\"SearchAction\",\"target\":{\"@type\":\"EntryPoint\",\"urlTemplate\":\"https:\\\/\\\/webdelmaestrocmf.com\\\/portal\\\/?s={search_term_string}\"},\"query-input\":{\"@type\":\"PropertyValueSpecification\",\"valueRequired\":true,\"valueName\":\"search_term_string\"}}],\"inLanguage\":\"es\"},{\"@type\":\"Organization\",\"@id\":\"https:\\\/\\\/webdelmaestrocmf.com\\\/portal\\\/#organization\",\"name\":\"Web del Maestro CMF\",\"alternateName\":\"WMCMF\",\"url\":\"https:\\\/\\\/webdelmaestrocmf.com\\\/portal\\\/\",\"logo\":{\"@type\":\"ImageObject\",\"inLanguage\":\"es\",\"@id\":\"https:\\\/\\\/webdelmaestrocmf.com\\\/portal\\\/#\\\/schema\\\/logo\\\/image\\\/\",\"url\":\"https:\\\/\\\/webdelmaestrocmf.com\\\/portal\\\/wp-content\\\/uploads\\\/2023\\\/01\\\/logo-wmcmf-2.png\",\"contentUrl\":\"https:\\\/\\\/webdelmaestrocmf.com\\\/portal\\\/wp-content\\\/uploads\\\/2023\\\/01\\\/logo-wmcmf-2.png\",\"width\":200,\"height\":60,\"caption\":\"Web del Maestro CMF\"},\"image\":{\"@id\":\"https:\\\/\\\/webdelmaestrocmf.com\\\/portal\\\/#\\\/schema\\\/logo\\\/image\\\/\"},\"sameAs\":[\"https:\\\/\\\/www.facebook.com\\\/WebdelMaestroCMF\\\/\",\"https:\\\/\\\/x.com\\\/cmf_w\",\"https:\\\/\\\/www.pinterest.com\\\/WMCMF\\\/\",\"https:\\\/\\\/www.linkedin.com\\\/company\\\/web-del-maestro-cmf\\\/\",\"https:\\\/\\\/www.instagram.com\\\/wmcmf\\\/\",\"https:\\\/\\\/www.youtube.com\\\/channel\\\/UCDPSvjbdodE5sHnC3OxutHw\",\"https:\\\/\\\/mastodon.social\\\/@wmcmf\",\"https:\\\/\\\/www.tiktok.com\\\/@webdelmaestrocmf\"]},{\"@type\":\"Person\",\"@id\":\"https:\\\/\\\/webdelmaestrocmf.com\\\/portal\\\/#\\\/schema\\\/person\\\/1072a2ed7bd960df8ef99a551fa35dc5\",\"name\":\"Web del Maestro CMF\",\"image\":{\"@type\":\"ImageObject\",\"inLanguage\":\"es\",\"@id\":\"https:\\\/\\\/secure.gravatar.com\\\/avatar\\\/23291dd5b5ae1077dcff3dbb04c3e02bd28403fa75af6d8787d5e97c5bbbe30b?s=96&d=mm&r=g\",\"url\":\"https:\\\/\\\/secure.gravatar.com\\\/avatar\\\/23291dd5b5ae1077dcff3dbb04c3e02bd28403fa75af6d8787d5e97c5bbbe30b?s=96&d=mm&r=g\",\"contentUrl\":\"https:\\\/\\\/secure.gravatar.com\\\/avatar\\\/23291dd5b5ae1077dcff3dbb04c3e02bd28403fa75af6d8787d5e97c5bbbe30b?s=96&d=mm&r=g\",\"caption\":\"Web del Maestro CMF\"},\"description\":\"Esta Web se cre\u00f3 sin fines de lucro, con fines educativos, cient\u00edficos y acad\u00e9micos, para personas que tengan dificultades y\\\/o inconvenientes en visualizar el material original. El objetivo es entregar recursos, compartir experiencias y materiales que ayuden a los padres de familia, maestros y estudiantes en su actualizaci\u00f3n y formaci\u00f3n permanente, en bien de la Educaci\u00f3n.\",\"sameAs\":[\"http:\\\/\\\/webdelmaestrocmf.com\\\/portal\",\"https:\\\/\\\/www.facebook.com\\\/WebdelMaestroCMF\\\/\",\"https:\\\/\\\/www.instagram.com\\\/wmcmf\\\/\",\"https:\\\/\\\/cl.linkedin.com\\\/company\\\/web-del-maestro-cmf\",\"https:\\\/\\\/www.pinterest.com\\\/WMCMF\\\/publicaciones\\\/\",\"https:\\\/\\\/x.com\\\/cmf_w\",\"https:\\\/\\\/www.youtube.com\\\/@WMCMF\"]}]}<\/script>\n<!-- \/ Yoast SEO plugin. -->","yoast_head_json":{"title":"Carpetas de Recuperaci\u00f3n: Primaria y Secundaria - 2026","description":"\u00bfCu\u00e1l es el prop\u00f3sito\/finalidad del periodo de recuperaci\u00f3n? Tiene por prop\u00f3sito\/finalidad brindar a los estudiantes...","robots":{"index":"index","follow":"follow","max-snippet":"max-snippet:-1","max-image-preview":"max-image-preview:large","max-video-preview":"max-video-preview:-1"},"canonical":"https:\/\/webdelmaestrocmf.com\/portal\/carpetas-de-recuperacion-2022-primaria-secundaria\/","og_locale":"es_ES","og_type":"article","og_title":"Carpetas de Recuperaci\u00f3n: Primaria y Secundaria - 2026","og_description":"\u00bfCu\u00e1l es el prop\u00f3sito\/finalidad del periodo de recuperaci\u00f3n? Tiene por prop\u00f3sito\/finalidad brindar a los estudiantes...","og_url":"https:\/\/webdelmaestrocmf.com\/portal\/carpetas-de-recuperacion-2022-primaria-secundaria\/","og_site_name":"Web del Maestro CMF","article_publisher":"https:\/\/www.facebook.com\/WebdelMaestroCMF\/","article_author":"https:\/\/www.facebook.com\/WebdelMaestroCMF\/","article_published_time":"2021-11-21T22:57:58+00:00","article_modified_time":"2023-11-14T03:40:06+00:00","og_image":[{"width":1100,"height":680,"url":"https:\/\/webdelmaestrocmf.com\/portal\/wp-content\/uploads\/2021\/11\/1QfER-13.jpg","type":"image\/jpeg"}],"author":"Web del Maestro CMF","twitter_card":"summary_large_image","twitter_creator":"@cmf_w","twitter_site":"@cmf_w","schema":{"@context":"https:\/\/schema.org","@graph":[{"@type":"ScholarlyArticle","@id":"https:\/\/webdelmaestrocmf.com\/portal\/carpetas-de-recuperacion-2022-primaria-secundaria\/#article","isPartOf":{"@id":"https:\/\/webdelmaestrocmf.com\/portal\/carpetas-de-recuperacion-2022-primaria-secundaria\/"},"author":{"name":"Web del Maestro CMF","@id":"https:\/\/webdelmaestrocmf.com\/portal\/#\/schema\/person\/1072a2ed7bd960df8ef99a551fa35dc5"},"headline":"Carpetas de Recuperaci\u00f3n: Primaria y Secundaria","datePublished":"2021-11-21T22:57:58+00:00","dateModified":"2023-11-14T03:40:06+00:00","mainEntityOfPage":{"@id":"https:\/\/webdelmaestrocmf.com\/portal\/carpetas-de-recuperacion-2022-primaria-secundaria\/"},"wordCount":490,"commentCount":0,"publisher":{"@id":"https:\/\/webdelmaestrocmf.com\/portal\/#organization"},"image":{"@id":"https:\/\/webdelmaestrocmf.com\/portal\/carpetas-de-recuperacion-2022-primaria-secundaria\/#primaryimage"},"thumbnailUrl":"https:\/\/webdelmaestrocmf.com\/portal\/wp-content\/uploads\/2021\/11\/1QfER-13.jpg","keywords":["2022","Carpetas","PRIMARIA","recuperaci\u00f3n","SECUNDARIA"],"articleSection":["Descargas Manuales PDF","Recursos"],"inLanguage":"es","potentialAction":[{"@type":"CommentAction","name":"Comment","target":["https:\/\/webdelmaestrocmf.com\/portal\/carpetas-de-recuperacion-2022-primaria-secundaria\/#respond"]}]},{"@type":"WebPage","@id":"https:\/\/webdelmaestrocmf.com\/portal\/carpetas-de-recuperacion-2022-primaria-secundaria\/","url":"https:\/\/webdelmaestrocmf.com\/portal\/carpetas-de-recuperacion-2022-primaria-secundaria\/","name":"Carpetas de Recuperaci\u00f3n: Primaria y Secundaria - 2026","isPartOf":{"@id":"https:\/\/webdelmaestrocmf.com\/portal\/#website"},"primaryImageOfPage":{"@id":"https:\/\/webdelmaestrocmf.com\/portal\/carpetas-de-recuperacion-2022-primaria-secundaria\/#primaryimage"},"image":{"@id":"https:\/\/webdelmaestrocmf.com\/portal\/carpetas-de-recuperacion-2022-primaria-secundaria\/#primaryimage"},"thumbnailUrl":"https:\/\/webdelmaestrocmf.com\/portal\/wp-content\/uploads\/2021\/11\/1QfER-13.jpg","datePublished":"2021-11-21T22:57:58+00:00","dateModified":"2023-11-14T03:40:06+00:00","description":"\u00bfCu\u00e1l es el prop\u00f3sito\/finalidad del periodo de recuperaci\u00f3n? Tiene por prop\u00f3sito\/finalidad brindar a los estudiantes...","breadcrumb":{"@id":"https:\/\/webdelmaestrocmf.com\/portal\/carpetas-de-recuperacion-2022-primaria-secundaria\/#breadcrumb"},"inLanguage":"es","potentialAction":[{"@type":"ReadAction","target":["https:\/\/webdelmaestrocmf.com\/portal\/carpetas-de-recuperacion-2022-primaria-secundaria\/"]}]},{"@type":"ImageObject","inLanguage":"es","@id":"https:\/\/webdelmaestrocmf.com\/portal\/carpetas-de-recuperacion-2022-primaria-secundaria\/#primaryimage","url":"https:\/\/webdelmaestrocmf.com\/portal\/wp-content\/uploads\/2021\/11\/1QfER-13.jpg","contentUrl":"https:\/\/webdelmaestrocmf.com\/portal\/wp-content\/uploads\/2021\/11\/1QfER-13.jpg","width":1100,"height":680,"caption":"Folder icon in color drawing. Computer office files binder add"},{"@type":"BreadcrumbList","@id":"https:\/\/webdelmaestrocmf.com\/portal\/carpetas-de-recuperacion-2022-primaria-secundaria\/#breadcrumb","itemListElement":[{"@type":"ListItem","position":1,"name":"Portada","item":"https:\/\/webdelmaestrocmf.com\/portal\/"},{"@type":"ListItem","position":2,"name":"Recursos","item":"https:\/\/webdelmaestrocmf.com\/portal\/category\/pedagogia\/"},{"@type":"ListItem","position":3,"name":"Carpetas de Recuperaci\u00f3n: Primaria y Secundaria"}]},{"@type":"WebSite","@id":"https:\/\/webdelmaestrocmf.com\/portal\/#website","url":"https:\/\/webdelmaestrocmf.com\/portal\/","name":"Web del Maestro CMF","description":"Maestros al servicio de la educaci\u00f3n","publisher":{"@id":"https:\/\/webdelmaestrocmf.com\/portal\/#organization"},"alternateName":"WMCMF","potentialAction":[{"@type":"SearchAction","target":{"@type":"EntryPoint","urlTemplate":"https:\/\/webdelmaestrocmf.com\/portal\/?s={search_term_string}"},"query-input":{"@type":"PropertyValueSpecification","valueRequired":true,"valueName":"search_term_string"}}],"inLanguage":"es"},{"@type":"Organization","@id":"https:\/\/webdelmaestrocmf.com\/portal\/#organization","name":"Web del Maestro CMF","alternateName":"WMCMF","url":"https:\/\/webdelmaestrocmf.com\/portal\/","logo":{"@type":"ImageObject","inLanguage":"es","@id":"https:\/\/webdelmaestrocmf.com\/portal\/#\/schema\/logo\/image\/","url":"https:\/\/webdelmaestrocmf.com\/portal\/wp-content\/uploads\/2023\/01\/logo-wmcmf-2.png","contentUrl":"https:\/\/webdelmaestrocmf.com\/portal\/wp-content\/uploads\/2023\/01\/logo-wmcmf-2.png","width":200,"height":60,"caption":"Web del Maestro CMF"},"image":{"@id":"https:\/\/webdelmaestrocmf.com\/portal\/#\/schema\/logo\/image\/"},"sameAs":["https:\/\/www.facebook.com\/WebdelMaestroCMF\/","https:\/\/x.com\/cmf_w","https:\/\/www.pinterest.com\/WMCMF\/","https:\/\/www.linkedin.com\/company\/web-del-maestro-cmf\/","https:\/\/www.instagram.com\/wmcmf\/","https:\/\/www.youtube.com\/channel\/UCDPSvjbdodE5sHnC3OxutHw","https:\/\/mastodon.social\/@wmcmf","https:\/\/www.tiktok.com\/@webdelmaestrocmf"]},{"@type":"Person","@id":"https:\/\/webdelmaestrocmf.com\/portal\/#\/schema\/person\/1072a2ed7bd960df8ef99a551fa35dc5","name":"Web del Maestro CMF","image":{"@type":"ImageObject","inLanguage":"es","@id":"https:\/\/secure.gravatar.com\/avatar\/23291dd5b5ae1077dcff3dbb04c3e02bd28403fa75af6d8787d5e97c5bbbe30b?s=96&d=mm&r=g","url":"https:\/\/secure.gravatar.com\/avatar\/23291dd5b5ae1077dcff3dbb04c3e02bd28403fa75af6d8787d5e97c5bbbe30b?s=96&d=mm&r=g","contentUrl":"https:\/\/secure.gravatar.com\/avatar\/23291dd5b5ae1077dcff3dbb04c3e02bd28403fa75af6d8787d5e97c5bbbe30b?s=96&d=mm&r=g","caption":"Web del Maestro CMF"},"description":"Esta Web se cre\u00f3 sin fines de lucro, con fines educativos, cient\u00edficos y acad\u00e9micos, para personas que tengan dificultades y\/o inconvenientes en visualizar el material original. El objetivo es entregar recursos, compartir experiencias y materiales que ayuden a los padres de familia, maestros y estudiantes en su actualizaci\u00f3n y formaci\u00f3n permanente, en bien de la Educaci\u00f3n.","sameAs":["http:\/\/webdelmaestrocmf.com\/portal","https:\/\/www.facebook.com\/WebdelMaestroCMF\/","https:\/\/www.instagram.com\/wmcmf\/","https:\/\/cl.linkedin.com\/company\/web-del-maestro-cmf","https:\/\/www.pinterest.com\/WMCMF\/publicaciones\/","https:\/\/x.com\/cmf_w","https:\/\/www.youtube.com\/@WMCMF"]}]}},"jetpack_featured_media_url":"https:\/\/webdelmaestrocmf.com\/portal\/wp-content\/uploads\/2021\/11\/1QfER-13.jpg","jetpack_sharing_enabled":true,"jetpack-related-posts":[{"id":71608,"url":"https:\/\/webdelmaestrocmf.com\/portal\/orientaciones-para-la-recuperacion-pedagogica\/","url_meta":{"origin":71391,"position":0},"title":"Orientaciones para la recuperaci\u00f3n pedag\u00f3gica","author":"Web del Maestro CMF","date":"11 junio, 2022","format":false,"excerpt":"Estimada y estimado docente, como parte de la continuidad de los aprendizajes, hemos procurado generar condiciones que propicien el desarrollo de las competencias de los estudiantes, ya sea a distancia o de forma semipresencial, en diversos contextos, con mayores o menores oportunidades de interacci\u00f3n con el docente y con los\u2026","rel":"","context":"En \u00abDescargas Manuales PDF\u00bb","block_context":{"text":"Descargas Manuales PDF","link":"https:\/\/webdelmaestrocmf.com\/portal\/category\/pedagogia\/descargas-manuales-pdf\/"},"img":{"alt_text":"","src":"https:\/\/i0.wp.com\/webdelmaestrocmf.com\/portal\/wp-content\/uploads\/2021\/11\/1-53.jpg?resize=350%2C200&ssl=1","width":350,"height":200,"srcset":"https:\/\/i0.wp.com\/webdelmaestrocmf.com\/portal\/wp-content\/uploads\/2021\/11\/1-53.jpg?resize=350%2C200&ssl=1 1x, https:\/\/i0.wp.com\/webdelmaestrocmf.com\/portal\/wp-content\/uploads\/2021\/11\/1-53.jpg?resize=525%2C300&ssl=1 1.5x, https:\/\/i0.wp.com\/webdelmaestrocmf.com\/portal\/wp-content\/uploads\/2021\/11\/1-53.jpg?resize=700%2C400&ssl=1 2x, https:\/\/i0.wp.com\/webdelmaestrocmf.com\/portal\/wp-content\/uploads\/2021\/11\/1-53.jpg?resize=1050%2C600&ssl=1 3x"},"classes":[]},{"id":57607,"url":"https:\/\/webdelmaestrocmf.com\/portal\/carpetas-de-recuperacion-para-el-reforzamiento-los-aprendizajes-de-los-meses-de-enero-y-febrero-2021\/","url_meta":{"origin":71391,"position":1},"title":"Carpetas de recuperaci\u00f3n para el  reforzamiento los aprendizajes","author":"Web del Maestro CMF","date":"16 noviembre, 2022","format":false,"excerpt":"Se inici\u00f3 la distribuci\u00f3n de la Carpeta de recuperaci\u00f3n, que tiene como prop\u00f3sito promover la inclusi\u00f3n en el sistema educativo de aquellos estudiantes que tuvieron problemas de conexi\u00f3n, ingresaron de manera tard\u00eda o que no lograron avanzar en el desarrollo de sus competencias. Desde el 01 de diciembre la Carpeta\u2026","rel":"","context":"En \u00abDescargas Manuales PDF\u00bb","block_context":{"text":"Descargas Manuales PDF","link":"https:\/\/webdelmaestrocmf.com\/portal\/category\/pedagogia\/descargas-manuales-pdf\/"},"img":{"alt_text":"recuperaci\u00f3n","src":"https:\/\/i0.wp.com\/webdelmaestrocmf.com\/portal\/wp-content\/uploads\/2021\/01\/1-copia-88.jpg?resize=350%2C200&ssl=1","width":350,"height":200,"srcset":"https:\/\/i0.wp.com\/webdelmaestrocmf.com\/portal\/wp-content\/uploads\/2021\/01\/1-copia-88.jpg?resize=350%2C200&ssl=1 1x, https:\/\/i0.wp.com\/webdelmaestrocmf.com\/portal\/wp-content\/uploads\/2021\/01\/1-copia-88.jpg?resize=525%2C300&ssl=1 1.5x, https:\/\/i0.wp.com\/webdelmaestrocmf.com\/portal\/wp-content\/uploads\/2021\/01\/1-copia-88.jpg?resize=700%2C400&ssl=1 2x, https:\/\/i0.wp.com\/webdelmaestrocmf.com\/portal\/wp-content\/uploads\/2021\/01\/1-copia-88.jpg?resize=1050%2C600&ssl=1 3x"},"classes":[]},{"id":83227,"url":"https:\/\/webdelmaestrocmf.com\/portal\/carpetas-de-recuperacion-2023-todas-las-areas\/","url_meta":{"origin":71391,"position":2},"title":"Carpetas de Recuperaci\u00f3n &#8211; Todas las \u00e1reas","author":"Web del Maestro CMF","date":"23 enero, 2023","format":false,"excerpt":"Estimados docentes, les brindamos excelentes carpetas de recuperaci\u00f3n, esperando que les sea de mucha ayuda y utilidad en vuestro trabajo, sabiendo que munchos de los estudiantes no lograron a cumplir con los objetivos. Se inici\u00f3 la distribuci\u00f3n de la Carpeta de recuperaci\u00f3n, que tiene como prop\u00f3sito promover la inclusi\u00f3n en\u2026","rel":"","context":"En \u00abDescargas Manuales PDF\u00bb","block_context":{"text":"Descargas Manuales PDF","link":"https:\/\/webdelmaestrocmf.com\/portal\/category\/pedagogia\/descargas-manuales-pdf\/"},"img":{"alt_text":"Carpetas de Recuperaci\u00f3n","src":"https:\/\/i0.wp.com\/webdelmaestrocmf.com\/portal\/wp-content\/uploads\/2023\/01\/Banner-1-portada-imagen-10-1.jpg?resize=350%2C200&ssl=1","width":350,"height":200,"srcset":"https:\/\/i0.wp.com\/webdelmaestrocmf.com\/portal\/wp-content\/uploads\/2023\/01\/Banner-1-portada-imagen-10-1.jpg?resize=350%2C200&ssl=1 1x, https:\/\/i0.wp.com\/webdelmaestrocmf.com\/portal\/wp-content\/uploads\/2023\/01\/Banner-1-portada-imagen-10-1.jpg?resize=525%2C300&ssl=1 1.5x, https:\/\/i0.wp.com\/webdelmaestrocmf.com\/portal\/wp-content\/uploads\/2023\/01\/Banner-1-portada-imagen-10-1.jpg?resize=700%2C400&ssl=1 2x"},"classes":[]},{"id":72342,"url":"https:\/\/webdelmaestrocmf.com\/portal\/formatos-de-informes-de-finalizacion-del-ano-escolar-2021\/","url_meta":{"origin":71391,"position":3},"title":"Formatos de informes de finalizaci\u00f3n del a\u00f1o escolar","author":"Web del Maestro CMF","date":"10 diciembre, 2023","format":false,"excerpt":"En el cierre anual escolar, la presentaci\u00f3n de informes reviste una importancia significativa. Los informes de finalizaci\u00f3n del a\u00f1o escolar no solo reflejan el progreso acad\u00e9mico de los estudiantes, sino que tambi\u00e9n proporcionan una visi\u00f3n integral del rendimiento y logros alcanzados a lo largo del a\u00f1o. Estos informes, meticulosamente estructurados,\u2026","rel":"","context":"En \u00abDescargas Manuales PDF\u00bb","block_context":{"text":"Descargas Manuales PDF","link":"https:\/\/webdelmaestrocmf.com\/portal\/category\/pedagogia\/descargas-manuales-pdf\/"},"img":{"alt_text":"informes de finalizaci\u00f3n","src":"https:\/\/i0.wp.com\/webdelmaestrocmf.com\/portal\/wp-content\/uploads\/2021\/12\/1-35.jpg?resize=350%2C200&ssl=1","width":350,"height":200,"srcset":"https:\/\/i0.wp.com\/webdelmaestrocmf.com\/portal\/wp-content\/uploads\/2021\/12\/1-35.jpg?resize=350%2C200&ssl=1 1x, https:\/\/i0.wp.com\/webdelmaestrocmf.com\/portal\/wp-content\/uploads\/2021\/12\/1-35.jpg?resize=525%2C300&ssl=1 1.5x, https:\/\/i0.wp.com\/webdelmaestrocmf.com\/portal\/wp-content\/uploads\/2021\/12\/1-35.jpg?resize=700%2C400&ssl=1 2x, https:\/\/i0.wp.com\/webdelmaestrocmf.com\/portal\/wp-content\/uploads\/2021\/12\/1-35.jpg?resize=1050%2C600&ssl=1 3x"},"classes":[]},{"id":103694,"url":"https:\/\/webdelmaestrocmf.com\/portal\/3-plantillas-de-carpeta-pedagogica-para-educacion-primaria\/","url_meta":{"origin":71391,"position":4},"title":"3 plantillas de Carpeta Pedag\u00f3gica para Educaci\u00f3n Primaria","author":"Web del Maestro CMF","date":"11 febrero, 2024","format":false,"excerpt":"La carpeta pedag\u00f3gica es un instrumento fundamental para la planificaci\u00f3n y organizaci\u00f3n del proceso educativo en el nivel primario. Se trata de un repositorio que re\u00fane informaci\u00f3n vital sobre la planificaci\u00f3n curricular, las estrategias de ense\u00f1anza, el seguimiento del aprendizaje de los alumnos y la evaluaci\u00f3n de su progreso. Esta\u2026","rel":"","context":"En \u00abCarpeta\u00bb","block_context":{"text":"Carpeta","link":"https:\/\/webdelmaestrocmf.com\/portal\/category\/pedagogia\/carpeta\/"},"img":{"alt_text":"carpeta pedag\u00f3gica primaria","src":"https:\/\/i0.wp.com\/webdelmaestrocmf.com\/portal\/wp-content\/uploads\/2024\/02\/Banner-1-portada-imagen-10-1-11.jpg?resize=350%2C200&ssl=1","width":350,"height":200,"srcset":"https:\/\/i0.wp.com\/webdelmaestrocmf.com\/portal\/wp-content\/uploads\/2024\/02\/Banner-1-portada-imagen-10-1-11.jpg?resize=350%2C200&ssl=1 1x, https:\/\/i0.wp.com\/webdelmaestrocmf.com\/portal\/wp-content\/uploads\/2024\/02\/Banner-1-portada-imagen-10-1-11.jpg?resize=525%2C300&ssl=1 1.5x, https:\/\/i0.wp.com\/webdelmaestrocmf.com\/portal\/wp-content\/uploads\/2024\/02\/Banner-1-portada-imagen-10-1-11.jpg?resize=700%2C400&ssl=1 2x"},"classes":[]},{"id":102677,"url":"https:\/\/webdelmaestrocmf.com\/portal\/tutoriales-siagie-v5-0-2024-para-docentes\/","url_meta":{"origin":71391,"position":5},"title":"Tutoriales SIAGIE v5.0 &#8211; 2024 para docentes","author":"Web del Maestro CMF","date":"16 enero, 2024","format":false,"excerpt":"El SIAGIE, o Sistema de Informaci\u00f3n de Apoyo a la Gesti\u00f3n de la Instituci\u00f3n Educativa, es un aplicativo web que el Ministerio de Educaci\u00f3n del Per\u00fa (MINEDU) pone a disposici\u00f3n de todas las instituciones educativas p\u00fablicas y privadas del pa\u00eds. Este aplicativo permite gestionar la informaci\u00f3n de los procesos de\u2026","rel":"","context":"En \u00abRecursos\u00bb","block_context":{"text":"Recursos","link":"https:\/\/webdelmaestrocmf.com\/portal\/category\/pedagogia\/"},"img":{"alt_text":"SIAGIE","src":"https:\/\/i0.wp.com\/webdelmaestrocmf.com\/portal\/wp-content\/uploads\/2024\/01\/Banner-1-portada-imagen-5.jpg?resize=350%2C200&ssl=1","width":350,"height":200,"srcset":"https:\/\/i0.wp.com\/webdelmaestrocmf.com\/portal\/wp-content\/uploads\/2024\/01\/Banner-1-portada-imagen-5.jpg?resize=350%2C200&ssl=1 1x, https:\/\/i0.wp.com\/webdelmaestrocmf.com\/portal\/wp-content\/uploads\/2024\/01\/Banner-1-portada-imagen-5.jpg?resize=525%2C300&ssl=1 1.5x, https:\/\/i0.wp.com\/webdelmaestrocmf.com\/portal\/wp-content\/uploads\/2024\/01\/Banner-1-portada-imagen-5.jpg?resize=700%2C400&ssl=1 2x"},"classes":[]}],"_links":{"self":[{"href":"https:\/\/webdelmaestrocmf.com\/portal\/wp-json\/wp\/v2\/posts\/71391","targetHints":{"allow":["GET"]}}],"collection":[{"href":"https:\/\/webdelmaestrocmf.com\/portal\/wp-json\/wp\/v2\/posts"}],"about":[{"href":"https:\/\/webdelmaestrocmf.com\/portal\/wp-json\/wp\/v2\/types\/post"}],"author":[{"embeddable":true,"href":"https:\/\/webdelmaestrocmf.com\/portal\/wp-json\/wp\/v2\/users\/1"}],"replies":[{"embeddable":true,"href":"https:\/\/webdelmaestrocmf.com\/portal\/wp-json\/wp\/v2\/comments?post=71391"}],"version-history":[{"count":0,"href":"https:\/\/webdelmaestrocmf.com\/portal\/wp-json\/wp\/v2\/posts\/71391\/revisions"}],"wp:featuredmedia":[{"embeddable":true,"href":"https:\/\/webdelmaestrocmf.com\/portal\/wp-json\/wp\/v2\/media\/71394"}],"wp:attachment":[{"href":"https:\/\/webdelmaestrocmf.com\/portal\/wp-json\/wp\/v2\/media?parent=71391"}],"wp:term":[{"taxonomy":"category","embeddable":true,"href":"https:\/\/webdelmaestrocmf.com\/portal\/wp-json\/wp\/v2\/categories?post=71391"},{"taxonomy":"post_tag","embeddable":true,"href":"https:\/\/webdelmaestrocmf.com\/portal\/wp-json\/wp\/v2\/tags?post=71391"}],"curies":[{"name":"wp","href":"https:\/\/api.w.org\/{rel}","templated":true}]}}