{"id":71016,"date":"2021-11-11T20:47:34","date_gmt":"2021-11-11T23:47:34","guid":{"rendered":"https:\/\/webdelmaestrocmf.com\/portal\/?p=71016"},"modified":"2021-11-12T10:11:13","modified_gmt":"2021-11-12T13:11:13","slug":"dia-mundial-de-la-diabetes-2021-acceso-a-la-atencion-de-la-diabetes","status":"publish","type":"post","link":"https:\/\/webdelmaestrocmf.com\/portal\/dia-mundial-de-la-diabetes-2021-acceso-a-la-atencion-de-la-diabetes\/","title":{"rendered":"D\u00eda Mundial de la Diabetes 2021: Acceso a la atenci\u00f3n de la diabetes"},"content":{"rendered":"<h5 style=\"text-align: justify;\">El D\u00eda Mundial de la Diabetes fue establecido en 1991 a propuesta de la Federaci\u00f3n Internacional de Diabetes (FID) y la Organizaci\u00f3n Mundial de la Salud (OMS), y se fij\u00f3 el 14 de noviembre coincidiendo con el aniversario del nacimiento del m\u00e9dico canadiense Frederick Grant Banting (1891), galardonado con el 1923 el Premio Nobel de Fisiolog\u00eda y Medicina (1923); quien cont\u00f3 con la valiosa colaboraci\u00f3n del Charles Bes (1899) para lograr aislar por primera vez la hormona insulina que segrega el p\u00e1ncreas.<\/h5>\n<p><!--more--><\/p>\n<p style=\"text-align: justify;\">Posteriormente la introducci\u00f3n de insulina en el tratamiento de la diabetes mellitus represent\u00f3 un impacto cl\u00ednicosocial, similar al de la antibioterapia. Hacia mediados del siglo XX, los pacientes con instauraci\u00f3n de la diabetes mellitus (DM) a los 10 a\u00f1os de edad hab\u00edan prolongado su esperanza de vida en 34 a\u00f1os adicionales; en 26 a\u00f1os para aquellos pacientes diab\u00e9ticos diagnosticados a la edad de 30 a\u00f1os, y, finalmente, en 8 a\u00f1os adicionales, para aquellos otros con el diagn\u00f3stico inicial a los 50 a\u00f1os de edad. <a href=\"https:\/\/www.elsevier.es\/es-revista-endocrinologia-nutricion-12-articulo-el-descubrimiento-insulina-continuan-las-S1575092211003172\" target=\"_blank\" rel=\"noopener\"><strong>EL DESCUBRIMIENTO DE LA INSULINA: CONTIN\u00daAN LAS CONTROVERSIAS DESPU\u00c9S DE NOVENTA A\u00d1OS<\/strong><\/a><\/p>\n<h5 style=\"text-align: justify;\">100 A\u00d1OS LLENOS DE RECUERDOS (03\u00b4 59\u201d)<\/h5>\n<p style=\"text-align: justify;\"><iframe loading=\"lazy\" title=\"YouTube video player\" src=\"https:\/\/www.youtube.com\/embed\/TOXav-IG9E4\" width=\"100%\" height=\"400\" frameborder=\"0\" allowfullscreen=\"allowfullscreen\"><span data-mce-type=\"bookmark\" style=\"display: inline-block; width: 0px; overflow: hidden; line-height: 0;\" class=\"mce_SELRES_start\">\ufeff<\/span><\/iframe><\/p>\n<h5 style=\"text-align: justify;\">\u00bfQu\u00e9 es la diabetes?<\/h5>\n<p style=\"text-align: justify;\">La diabetes es una <strong>enfermedad cr\u00f3nica que aparece cuando el p\u00e1ncreas no produce insulina suficiente o cuando el organismo no utiliza eficazmente la insulina que produce<\/strong>. En el 2017 caus\u00f3 4 millones de muertes en 2017. Hoy se calcula que son alrededor de 425 millones de adultos padec\u00edan diabetes en 2017, frente a los 108 millones de 1980. <strong>En Am\u00e9rica Latina es la cuarta causa de muerte en el \u00e1rea<\/strong>. \u201cTodos los tipos de diabetes pueden provocar complicaciones en diversas partes del organismo e incrementar el riesgo de muerte prematura. Adem\u00e1s, provoca el aumento de factores de riesgo conexos, como el sobrepeso o la obesidad. <strong>Gran parte de los casos y sus complicaciones podr\u00edan prevenirse<\/strong> manteniendo una dieta saludable, una actividad f\u00edsica regular y un peso corporal normal, y evitando el consumo de tabaco\u201d.<\/p>\n<h5 style=\"text-align: justify;\">PREVENCI\u00d3N DE LA DIABETES (02\u00b4 46\u201d)<\/h5>\n<p style=\"text-align: justify;\"><iframe loading=\"lazy\" title=\"YouTube video player\" src=\"https:\/\/www.youtube.com\/embed\/QTMk06iR-KQ\" width=\"100%\" height=\"400\" frameborder=\"0\" allowfullscreen=\"allowfullscreen\"><span data-mce-type=\"bookmark\" style=\"display: inline-block; width: 0px; overflow: hidden; line-height: 0;\" class=\"mce_SELRES_start\">\ufeff<\/span><\/iframe><\/p>\n<h5 style=\"text-align: justify;\">Acceso a la insulina<\/h5>\n<p style=\"text-align: justify;\">\u201cCien a\u00f1os despu\u00e9s del descubrimiento de la insulina, <strong>millones de personas con diabetes en todo el mundo no pueden acceder a la atenci\u00f3n que necesitan<\/strong>. Los diab\u00e9ticos requieren supervisi\u00f3n y apoyo continuos para controlar su afecci\u00f3n y evitar complicaciones.<\/p>\n<p style=\"text-align: justify;\"><strong>El centenario del descubrimiento de la insulina<\/strong> presenta una oportunidad \u00fanica para lograr un cambio significativo para los m\u00e1s de 460 millones de personas que viven con diabetes y los millones m\u00e1s que est\u00e1n en riesgo. Unida, la comunidad mundial vinculada al problema de la diabetes tiene los n\u00fameros, la influencia y la determinaci\u00f3n para lograr un cambio significativo. Solo necesitamos asumir el desaf\u00edo\u201d.<\/p>\n<p style=\"text-align: justify;\">Publicaci\u00f3n recomendada:<\/p>\n<p style=\"text-align: justify;\"><iframe loading=\"lazy\" class=\"wp-embedded-content\" title=\"\u00ab\u00bfCu\u00e1nto sabemos los profesores sobre la diabetes en los ni\u00f1os?\u00bb \u2014 Web del Maestro CMF\" src=\"https:\/\/webdelmaestrocmf.com\/portal\/cuanto-sabemos-los-profesores-sobre-la-diabetes\/embed\/\" width=\"100%\" height=\"100\" frameborder=\"0\" marginwidth=\"0\" marginheight=\"0\" scrolling=\"no\" sandbox=\"allow-scripts\"><span data-mce-type=\"bookmark\" style=\"display: inline-block; width: 0px; overflow: hidden; line-height: 0;\" class=\"mce_SELRES_start\">\ufeff<\/span><\/iframe><\/p>\n<h5 style=\"text-align: justify;\">Tipos de diabetes<\/h5>\n<ul>\n<li style=\"text-align: justify;\"><strong>La diabetes de tipo 1<\/strong> (anteriormente denominada diabetes insulinodependiente o juvenil) se caracteriza por la ausencia de s\u00edntesis de insulina.<\/li>\n<li style=\"text-align: justify;\"><strong>La diabetes de tipo 2<\/strong> (llamada anteriormente diabetes no insulinodependiente o del adulto) tiene su origen en la incapacidad del cuerpo para utilizar eficazmente la insulina, lo que a menudo es consecuencia del exceso de peso o la inactividad f\u00edsica.<\/li>\n<li style=\"text-align: justify;\"><strong>La diabetes gestacional<\/strong> corresponde a una hiperglicemia que se detecta por primera vez durante el embarazo.<\/li>\n<\/ul>\n<h5 style=\"text-align: justify;\">Importancia de conocer y ense\u00f1ar lo que es la diabetes en las escuelas<\/h5>\n<p style=\"text-align: justify;\">El 14 de noviembre pretende ser un d\u00eda en que se acent\u00fae la <strong>campa\u00f1a de sensibilizaci\u00f3n sobre diabetes del mundo,<\/strong> La campa\u00f1a intenta llamar la atenci\u00f3n hacia la prevenci\u00f3n, tratamiento y corresponsabilidad social de todo el mundo el mundo con el Objetivo de Salud y Bienestar de la Agenda 2030 para el Desarrollo Sostenible, que reclama que se garantice una vida sana para todos en todas las edades\u201d. <a href=\"https:\/\/www.un.org\/es\/observances\/diabetes-day\" target=\"_blank\" rel=\"noopener\"><strong>D\u00cdA MUNDIAL DE LA DIABETES 14 DE NOVIEMBRE<\/strong><\/a><\/p>\n<h5 style=\"text-align: justify;\">DIABETES EN LA ESCUELA (05\u00b4 45\u201d)<\/h5>\n<p style=\"text-align: justify;\"><iframe loading=\"lazy\" title=\"YouTube video player\" src=\"https:\/\/www.youtube.com\/embed\/D_HrOBitS7g\" width=\"100%\" height=\"400\" frameborder=\"0\" allowfullscreen=\"allowfullscreen\"><span data-mce-type=\"bookmark\" style=\"display: inline-block; width: 0px; overflow: hidden; line-height: 0;\" class=\"mce_SELRES_start\">\ufeff<\/span><\/iframe><\/p>\n<p style=\"text-align: justify;\">Ojal\u00e1 que este a\u00f1o 2021, en medio de la pandemia del Covid 19, a\u00fan no vencida por la ciencia, la tarea de los profesores y padres de familia asuma la responsabilidad de actuar para aumentar la inversi\u00f3n en cuidados y prevenci\u00f3n de la diabetes, y garantizar que todas las personas que vivimos con ella podamos acceder a los cuidados que necesitamos. Si no ahora, \u00bfcu\u00e1ndo? cf <a href=\"https:\/\/diabetesabordo.blogspot.com\/2021\/11\/dmd-2021-acceso-los-cuidados-de-la.html?fbclid=IwAR2chAfxjddcJvukVBIjl_4Ll-K41fE31YTlM2W1x77d-Pf3ujze_NLr1qQ\" target=\"_blank\" rel=\"noopener\"><strong>DMD 2021: ACCESO A LOS CUIDADOS DE LA DIABETES<\/strong><\/a><\/p>\n<p style=\"text-align: justify;\">Publicaci\u00f3n relacionada y recomendada:<\/p>\n<p style=\"text-align: justify;\"><iframe loading=\"lazy\" class=\"wp-embedded-content\" title=\"\u00ab\u00bfESTUDIANTES CON DIABETES EN LA ESCUELA? \u00bfQU\u00c9 NECESIDADES TIENEN?\u00bb \u2014 Web del Maestro CMF\" src=\"https:\/\/webdelmaestrocmf.com\/portal\/estudiantes-con-diabetes-en-la-escuela-que-necesidades-tienen\/embed\/\" width=\"100%\" height=\"100\" frameborder=\"0\" marginwidth=\"0\" marginheight=\"0\" scrolling=\"no\" sandbox=\"allow-scripts\"><span data-mce-type=\"bookmark\" style=\"display: inline-block; width: 0px; overflow: hidden; line-height: 0;\" class=\"mce_SELRES_start\">\ufeff<\/span><\/iframe><\/p>\n<p style=\"text-align: justify;\">Un siglo despu\u00e9s del descubrimiento de la insulina, en el D\u00eda Mundial de la Diabetes, se nos presenta \u201cuna <strong>oportunidad para resaltar la urgente necesidad de incrementar el acceso al diagn\u00f3stico y tratamiento de la diabetes, para disminuir sus complicaciones y mejorar la calidad de vida de las personas que viven con diabetes.<\/strong> La pandemia de COVID-19, sigue generando, muchos desaf\u00edos en el cuidado de la salud, especialmente para asegurar el acceso a los servicios y los medicamentos esenciales de las personas que viven con diabetes en los pa\u00edses de la Regi\u00f3n.\u201d <a href=\"https:\/\/www.paho.org\/es\/campanas\/dia-mundial-diabetes-2021\" target=\"_blank\" rel=\"noopener\"><strong>14 DE NOVIEMBRE DE 2021<\/strong><\/a><\/p>\n<p style=\"text-align: justify;\">La celebraci\u00f3n de jornada por el D\u00eda de la Diabetes 2021, \u201ces la culminaci\u00f3n de un a\u00f1o intenso de actividades de concienciaci\u00f3n sobre esta enfermedad en todo el mundo. La Organizaci\u00f3n Mundial de la Salud (OMS) y sus asociados han aprovechado el centenario del descubrimiento de la insulina <strong>para poner de relieve la enorme brecha que separa a las personas que tienen a su alcance este medicamento necesario para controlar su diabetes<\/strong> y, tambi\u00e9n, aparatos b\u00e1sicos como los gluc\u00f3metros y las tiras reactivas, de aquellas que no disfrutan de este acceso.<\/p>\n<p style=\"text-align: justify;\">Adem\u00e1s, este D\u00eda llega en un momento en que el mundo contin\u00faa haciendo frente a la pandemia de COVID 19, que, adem\u00e1s de causar la hospitalizaci\u00f3n de muchas personas con diabetes, que constituyen una proporci\u00f3n elevada de las personas afectadas por esta enfermedad v\u00edrica y de los pacientes ingresados con manifestaciones graves, ha provocado tambi\u00e9n interrupciones graves de los servicios de atenci\u00f3n a la diabetes.\u00a0 [&#8230; y que exige encontrar] \u201csoluciones que permiten ampliar el acceso a la atenci\u00f3n y a los medicamentos antidiab\u00e9ticos<strong>\u201d.<a href=\"https:\/\/www.who.int\/es\/campaigns\/world-diabetes-day\/2021\" target=\"_blank\" rel=\"noopener\"> DAR ACCESO A LA ATENCI\u00d3N Y LOS MEDICAMENTOS PARA LA DIABETES<\/a><\/strong><\/p>\n<p style=\"text-align: justify;\">Como ya lo hemos compartido en el video del Gobierno de Canarias (Espa\u00f1a) para el <strong>Perfeccionamiento del Profesorado,<\/strong> ojal\u00e1 los nuevos medios tecnol\u00f3gicos a los que hemos accedido y perfeccionado con la educaci\u00f3n a distancia, nos ayuden a lograr que <strong>las nuevas Tecnolog\u00edas de la Informaci\u00f3n y la Comunicaci\u00f3n sean un recurso educativo <\/strong>para educar los h\u00e1bitos de vida que\u00a0 permita crear conciencia, en todos los sectores de la sociedad, sobre la importancia de <strong>una educaci\u00f3n integral,\u00a0 sobre el conocimiento de esta enfermedad, su prevenci\u00f3n y el compromiso para promover la asistencia<\/strong> a todas las personas que viven con diabetes.<\/p>\n<p style=\"text-align: justify;\"><strong>ENLACES RECOMENDADOS Y \u00daTILES<\/strong>:<\/p>\n<ul style=\"text-align: justify;\">\n<li>DIABETES:\u00a0<a href=\"https:\/\/www.paho.org\/es\/temas\/diabetes\" target=\"_blank\" rel=\"noopener\">paho.org<\/a><\/li>\n<li>CELEBRAMOS JUNTOS LOS 100 A\u00d1OS DEL DESCUBRIMIENTO DE LA INSULINA <a href=\"https:\/\/www.fundaciondiabetes.org\/general\/articulo\/301\/celebramos-juntos-los-100-anos-del-descubrimiento-de-la-insulina\" target=\"_blank\" rel=\"noopener\">fundaciondiabetes.org<\/a><\/li>\n<li>DIABETES A BORDO: MI MONTA\u00d1A RUSA <a href=\"https:\/\/www.facebook.com\/diabetesabordo\/\" target=\"_blank\" rel=\"noopener\">facebook.com<\/a><\/li>\n<li>AMERICAN DIABETES ASSOCIATION <a href=\"https:\/\/w1.buysub.com\/pubs\/AD\/PM1\/diabetes_pro_join_us_intro_v2.jsp?cds_mag_code=PM1&amp;cds_page_id=237788&amp;cds_response_key=I0BSS1\" target=\"_blank\" rel=\"noopener\">w1.buysub.com<\/a><\/li>\n<\/ul>\n<p style=\"text-align: center;\"><em>\u201cEs hora que la diabetes salga de las sombras y que la comunidad global reconozca la enormidad de la epidemia que supone esta enfermedad\u201d.\u00a0 <\/em>(Mart\u00edn Silink)<\/p>\n<p style=\"text-align: right;\"><strong>REDACCI\u00d3N WEB DEL MAESTRO CMF<\/strong><\/p>\n\t\t<div class=\"pk-inline-posts\">\n\t\t\t\n\t\t\t<div class=\"pk-inline-posts-container pk-inline-posts-template-list\"\n\t\t\t\tdata-columns=\"1\">\n\t\t\t\t\t\t<article id=\"post-118333\" class=\"post-118333 post type-post status-publish format-standard has-post-thumbnail category-jamb tag-apego tag-crianza tag-docentes tag-educacion tag-escuela tag-familia tag-infancia tag-responsabilidad tag-vinculo cs-entry cs-video-wrap\">\n\t\t\t<div class=\"pk-post-outer\">\n\n\t\t\t\t\t\t\t\t<div class=\"pk-post-inner\">\n\t\t\t\t\t<div class=\"entry-thumbnail\">\n\t\t\t\t\t\t<div class=\"pk-overlay pk-overlay-ratio pk-ratio-landscape\">\n\t\t\t\t\t\t\t<div class=\"pk-overlay-background\">\n\t\t\t\t\t\t\t\t<a href=\"https:\/\/webdelmaestrocmf.com\/portal\/el-sistema-nos-rompe-a-todos-y-a-los-ninos-primero\/\" class=\"pk-overlay-link\">\n\t\t\t\t\t\t\t\t\t<img loading=\"lazy\" decoding=\"async\" width=\"300\" height=\"225\" src=\"https:\/\/webdelmaestrocmf.com\/portal\/wp-content\/uploads\/2026\/04\/1AA-Banner-1-portada-imagen-10-1-copia-2-300x225.jpg\" class=\"attachment-pk-thumbnail size-pk-thumbnail wp-post-image\" alt=\"\" \/>\t\t\t\t\t\t\t\t<\/a>\n\t\t\t\t\t\t\t<\/div>\n\t\t\t\t\t\t<\/div>\n\t\t\t\t\t<\/div>\n\t\t\t\t<\/div>\n\t\t\t\t\n\t\t\t\t<div class=\"pk-post-inner\">\n\t\t\t\t\t<header>\n\t\t\t\t\t\t<h3 class=\"pk-title\"><a href=\"https:\/\/webdelmaestrocmf.com\/portal\/el-sistema-nos-rompe-a-todos-y-a-los-ninos-primero\/\" rel=\"bookmark\">El sistema nos rompe a todos\u2026 y a los ni\u00f1os primero<\/a><\/h3>\t\t\t\t\t<\/header><!-- .entry-header -->\n\t\t\t\t<\/div><!-- .post-inner -->\n\n\t\t\t<\/div><!-- .post-outer -->\n\t\t<\/article>\n\t\t\t\t<\/div>\n\t\t<\/div>\n\t\t\n","protected":false},"excerpt":{"rendered":"El D\u00eda Mundial de la Diabetes fue establecido en 1991 a propuesta de la Federaci\u00f3n Internacional de Diabetes&hellip;","protected":false},"author":1,"featured_media":71017,"comment_status":"open","ping_status":"closed","sticky":false,"template":"","format":"standard","meta":{"csco_display_header_overlay":false,"csco_singular_sidebar":"default","csco_page_header_type":"default","csco_page_load_nextpost":"default","csco_post_video_location":[],"csco_post_video_location_hash":"","csco_post_video_url":"","csco_post_video_bg_start_time":0,"csco_post_video_bg_end_time":0,"csco_post_video_bg_volume":false,"_jetpack_memberships_contains_paid_content":false,"footnotes":""},"categories":[61],"tags":[5288,1853,3628,1996],"class_list":{"0":"post-71016","1":"post","2":"type-post","3":"status-publish","4":"format-standard","5":"has-post-thumbnail","7":"category-jamb","8":"tag-5288","9":"tag-dia","10":"tag-diabetes","11":"tag-mundial","12":"cs-entry","13":"cs-video-wrap"},"yoast_head":"<!-- This site is optimized with the Yoast SEO plugin v27.5 - https:\/\/yoast.com\/product\/yoast-seo-wordpress\/ -->\n<title>D\u00eda Mundial de la Diabetes 2021: Acceso a la atenci\u00f3n de la diabetes - 2026<\/title>\n<meta name=\"description\" content=\"Comunidad de Maestros, Docentes y Profesores, en donde encontrar\u00e1s material, informaci\u00f3n y noticias del \u00e1mbito nacional y mundial.\" \/>\n<meta name=\"robots\" content=\"index, follow, max-snippet:-1, max-image-preview:large, max-video-preview:-1\" \/>\n<link rel=\"canonical\" href=\"https:\/\/webdelmaestrocmf.com\/portal\/dia-mundial-de-la-diabetes-2021-acceso-a-la-atencion-de-la-diabetes\/\" \/>\n<meta property=\"og:locale\" content=\"es_ES\" \/>\n<meta property=\"og:type\" content=\"article\" \/>\n<meta property=\"og:title\" content=\"D\u00eda Mundial de la Diabetes 2021: Acceso a la atenci\u00f3n de la diabetes - 2026\" \/>\n<meta property=\"og:description\" content=\"Comunidad de Maestros, Docentes y Profesores, en donde encontrar\u00e1s material, informaci\u00f3n y noticias del \u00e1mbito nacional y mundial.\" \/>\n<meta property=\"og:url\" content=\"https:\/\/webdelmaestrocmf.com\/portal\/dia-mundial-de-la-diabetes-2021-acceso-a-la-atencion-de-la-diabetes\/\" \/>\n<meta property=\"og:site_name\" content=\"Web del Maestro CMF\" \/>\n<meta property=\"article:publisher\" content=\"https:\/\/www.facebook.com\/WebdelMaestroCMF\/\" \/>\n<meta property=\"article:author\" content=\"https:\/\/www.facebook.com\/WebdelMaestroCMF\/\" \/>\n<meta property=\"article:published_time\" content=\"2021-11-11T23:47:34+00:00\" \/>\n<meta property=\"article:modified_time\" content=\"2021-11-12T13:11:13+00:00\" \/>\n<meta property=\"og:image\" content=\"https:\/\/i0.wp.com\/webdelmaestrocmf.com\/portal\/wp-content\/uploads\/2021\/11\/z1-45-29.jpg?fit=1100%2C680&ssl=1\" \/>\n\t<meta property=\"og:image:width\" content=\"1100\" \/>\n\t<meta property=\"og:image:height\" content=\"680\" \/>\n\t<meta property=\"og:image:type\" content=\"image\/jpeg\" \/>\n<meta name=\"author\" content=\"Web del Maestro CMF\" \/>\n<meta name=\"twitter:card\" content=\"summary_large_image\" \/>\n<meta name=\"twitter:creator\" content=\"@cmf_w\" \/>\n<meta name=\"twitter:site\" content=\"@cmf_w\" \/>\n<script type=\"application\/ld+json\" class=\"yoast-schema-graph\">{\"@context\":\"https:\\\/\\\/schema.org\",\"@graph\":[{\"@type\":\"ScholarlyArticle\",\"@id\":\"https:\\\/\\\/webdelmaestrocmf.com\\\/portal\\\/dia-mundial-de-la-diabetes-2021-acceso-a-la-atencion-de-la-diabetes\\\/#article\",\"isPartOf\":{\"@id\":\"https:\\\/\\\/webdelmaestrocmf.com\\\/portal\\\/dia-mundial-de-la-diabetes-2021-acceso-a-la-atencion-de-la-diabetes\\\/\"},\"author\":{\"name\":\"Web del Maestro CMF\",\"@id\":\"https:\\\/\\\/webdelmaestrocmf.com\\\/portal\\\/#\\\/schema\\\/person\\\/1072a2ed7bd960df8ef99a551fa35dc5\"},\"headline\":\"D\u00eda Mundial de la Diabetes 2021: Acceso a la atenci\u00f3n de la diabetes\",\"datePublished\":\"2021-11-11T23:47:34+00:00\",\"dateModified\":\"2021-11-12T13:11:13+00:00\",\"mainEntityOfPage\":{\"@id\":\"https:\\\/\\\/webdelmaestrocmf.com\\\/portal\\\/dia-mundial-de-la-diabetes-2021-acceso-a-la-atencion-de-la-diabetes\\\/\"},\"wordCount\":1214,\"commentCount\":1,\"publisher\":{\"@id\":\"https:\\\/\\\/webdelmaestrocmf.com\\\/portal\\\/#organization\"},\"image\":{\"@id\":\"https:\\\/\\\/webdelmaestrocmf.com\\\/portal\\\/dia-mundial-de-la-diabetes-2021-acceso-a-la-atencion-de-la-diabetes\\\/#primaryimage\"},\"thumbnailUrl\":\"https:\\\/\\\/webdelmaestrocmf.com\\\/portal\\\/wp-content\\\/uploads\\\/2021\\\/11\\\/z1-45-29.jpg\",\"keywords\":[\"2021\",\"DIA\",\"DIABETES\",\"MUNDIAL\"],\"articleSection\":[\"Yo opino - WMCMF\"],\"inLanguage\":\"es\",\"potentialAction\":[{\"@type\":\"CommentAction\",\"name\":\"Comment\",\"target\":[\"https:\\\/\\\/webdelmaestrocmf.com\\\/portal\\\/dia-mundial-de-la-diabetes-2021-acceso-a-la-atencion-de-la-diabetes\\\/#respond\"]}]},{\"@type\":\"WebPage\",\"@id\":\"https:\\\/\\\/webdelmaestrocmf.com\\\/portal\\\/dia-mundial-de-la-diabetes-2021-acceso-a-la-atencion-de-la-diabetes\\\/\",\"url\":\"https:\\\/\\\/webdelmaestrocmf.com\\\/portal\\\/dia-mundial-de-la-diabetes-2021-acceso-a-la-atencion-de-la-diabetes\\\/\",\"name\":\"D\u00eda Mundial de la Diabetes 2021: Acceso a la atenci\u00f3n de la diabetes - 2026\",\"isPartOf\":{\"@id\":\"https:\\\/\\\/webdelmaestrocmf.com\\\/portal\\\/#website\"},\"primaryImageOfPage\":{\"@id\":\"https:\\\/\\\/webdelmaestrocmf.com\\\/portal\\\/dia-mundial-de-la-diabetes-2021-acceso-a-la-atencion-de-la-diabetes\\\/#primaryimage\"},\"image\":{\"@id\":\"https:\\\/\\\/webdelmaestrocmf.com\\\/portal\\\/dia-mundial-de-la-diabetes-2021-acceso-a-la-atencion-de-la-diabetes\\\/#primaryimage\"},\"thumbnailUrl\":\"https:\\\/\\\/webdelmaestrocmf.com\\\/portal\\\/wp-content\\\/uploads\\\/2021\\\/11\\\/z1-45-29.jpg\",\"datePublished\":\"2021-11-11T23:47:34+00:00\",\"dateModified\":\"2021-11-12T13:11:13+00:00\",\"description\":\"Comunidad de Maestros, Docentes y Profesores, en donde encontrar\u00e1s material, informaci\u00f3n y noticias del \u00e1mbito nacional y mundial.\",\"breadcrumb\":{\"@id\":\"https:\\\/\\\/webdelmaestrocmf.com\\\/portal\\\/dia-mundial-de-la-diabetes-2021-acceso-a-la-atencion-de-la-diabetes\\\/#breadcrumb\"},\"inLanguage\":\"es\",\"potentialAction\":[{\"@type\":\"ReadAction\",\"target\":[\"https:\\\/\\\/webdelmaestrocmf.com\\\/portal\\\/dia-mundial-de-la-diabetes-2021-acceso-a-la-atencion-de-la-diabetes\\\/\"]}]},{\"@type\":\"ImageObject\",\"inLanguage\":\"es\",\"@id\":\"https:\\\/\\\/webdelmaestrocmf.com\\\/portal\\\/dia-mundial-de-la-diabetes-2021-acceso-a-la-atencion-de-la-diabetes\\\/#primaryimage\",\"url\":\"https:\\\/\\\/webdelmaestrocmf.com\\\/portal\\\/wp-content\\\/uploads\\\/2021\\\/11\\\/z1-45-29.jpg\",\"contentUrl\":\"https:\\\/\\\/webdelmaestrocmf.com\\\/portal\\\/wp-content\\\/uploads\\\/2021\\\/11\\\/z1-45-29.jpg\",\"width\":1100,\"height\":680},{\"@type\":\"BreadcrumbList\",\"@id\":\"https:\\\/\\\/webdelmaestrocmf.com\\\/portal\\\/dia-mundial-de-la-diabetes-2021-acceso-a-la-atencion-de-la-diabetes\\\/#breadcrumb\",\"itemListElement\":[{\"@type\":\"ListItem\",\"position\":1,\"name\":\"Portada\",\"item\":\"https:\\\/\\\/webdelmaestrocmf.com\\\/portal\\\/\"},{\"@type\":\"ListItem\",\"position\":2,\"name\":\"Yo opino - WMCMF\",\"item\":\"https:\\\/\\\/webdelmaestrocmf.com\\\/portal\\\/category\\\/jamb\\\/\"},{\"@type\":\"ListItem\",\"position\":3,\"name\":\"D\u00eda Mundial de la Diabetes 2021: Acceso a la atenci\u00f3n de la diabetes\"}]},{\"@type\":\"WebSite\",\"@id\":\"https:\\\/\\\/webdelmaestrocmf.com\\\/portal\\\/#website\",\"url\":\"https:\\\/\\\/webdelmaestrocmf.com\\\/portal\\\/\",\"name\":\"Web del Maestro CMF\",\"description\":\"Maestros al servicio de la educaci\u00f3n\",\"publisher\":{\"@id\":\"https:\\\/\\\/webdelmaestrocmf.com\\\/portal\\\/#organization\"},\"alternateName\":\"WMCMF\",\"potentialAction\":[{\"@type\":\"SearchAction\",\"target\":{\"@type\":\"EntryPoint\",\"urlTemplate\":\"https:\\\/\\\/webdelmaestrocmf.com\\\/portal\\\/?s={search_term_string}\"},\"query-input\":{\"@type\":\"PropertyValueSpecification\",\"valueRequired\":true,\"valueName\":\"search_term_string\"}}],\"inLanguage\":\"es\"},{\"@type\":\"Organization\",\"@id\":\"https:\\\/\\\/webdelmaestrocmf.com\\\/portal\\\/#organization\",\"name\":\"Web del Maestro CMF\",\"alternateName\":\"WMCMF\",\"url\":\"https:\\\/\\\/webdelmaestrocmf.com\\\/portal\\\/\",\"logo\":{\"@type\":\"ImageObject\",\"inLanguage\":\"es\",\"@id\":\"https:\\\/\\\/webdelmaestrocmf.com\\\/portal\\\/#\\\/schema\\\/logo\\\/image\\\/\",\"url\":\"https:\\\/\\\/webdelmaestrocmf.com\\\/portal\\\/wp-content\\\/uploads\\\/2023\\\/01\\\/logo-wmcmf-2.png\",\"contentUrl\":\"https:\\\/\\\/webdelmaestrocmf.com\\\/portal\\\/wp-content\\\/uploads\\\/2023\\\/01\\\/logo-wmcmf-2.png\",\"width\":200,\"height\":60,\"caption\":\"Web del Maestro CMF\"},\"image\":{\"@id\":\"https:\\\/\\\/webdelmaestrocmf.com\\\/portal\\\/#\\\/schema\\\/logo\\\/image\\\/\"},\"sameAs\":[\"https:\\\/\\\/www.facebook.com\\\/WebdelMaestroCMF\\\/\",\"https:\\\/\\\/x.com\\\/cmf_w\",\"https:\\\/\\\/www.pinterest.com\\\/WMCMF\\\/\",\"https:\\\/\\\/www.linkedin.com\\\/company\\\/web-del-maestro-cmf\\\/\",\"https:\\\/\\\/www.instagram.com\\\/wmcmf\\\/\",\"https:\\\/\\\/www.youtube.com\\\/channel\\\/UCDPSvjbdodE5sHnC3OxutHw\",\"https:\\\/\\\/mastodon.social\\\/@wmcmf\",\"https:\\\/\\\/www.tiktok.com\\\/@webdelmaestrocmf\"]},{\"@type\":\"Person\",\"@id\":\"https:\\\/\\\/webdelmaestrocmf.com\\\/portal\\\/#\\\/schema\\\/person\\\/1072a2ed7bd960df8ef99a551fa35dc5\",\"name\":\"Web del Maestro CMF\",\"image\":{\"@type\":\"ImageObject\",\"inLanguage\":\"es\",\"@id\":\"https:\\\/\\\/secure.gravatar.com\\\/avatar\\\/23291dd5b5ae1077dcff3dbb04c3e02bd28403fa75af6d8787d5e97c5bbbe30b?s=96&d=mm&r=g\",\"url\":\"https:\\\/\\\/secure.gravatar.com\\\/avatar\\\/23291dd5b5ae1077dcff3dbb04c3e02bd28403fa75af6d8787d5e97c5bbbe30b?s=96&d=mm&r=g\",\"contentUrl\":\"https:\\\/\\\/secure.gravatar.com\\\/avatar\\\/23291dd5b5ae1077dcff3dbb04c3e02bd28403fa75af6d8787d5e97c5bbbe30b?s=96&d=mm&r=g\",\"caption\":\"Web del Maestro CMF\"},\"description\":\"Esta Web se cre\u00f3 sin fines de lucro, con fines educativos, cient\u00edficos y acad\u00e9micos, para personas que tengan dificultades y\\\/o inconvenientes en visualizar el material original. El objetivo es entregar recursos, compartir experiencias y materiales que ayuden a los padres de familia, maestros y estudiantes en su actualizaci\u00f3n y formaci\u00f3n permanente, en bien de la Educaci\u00f3n.\",\"sameAs\":[\"http:\\\/\\\/webdelmaestrocmf.com\\\/portal\",\"https:\\\/\\\/www.facebook.com\\\/WebdelMaestroCMF\\\/\",\"https:\\\/\\\/www.instagram.com\\\/wmcmf\\\/\",\"https:\\\/\\\/cl.linkedin.com\\\/company\\\/web-del-maestro-cmf\",\"https:\\\/\\\/www.pinterest.com\\\/WMCMF\\\/publicaciones\\\/\",\"https:\\\/\\\/x.com\\\/cmf_w\",\"https:\\\/\\\/www.youtube.com\\\/@WMCMF\"]}]}<\/script>\n<!-- \/ Yoast SEO plugin. -->","yoast_head_json":{"title":"D\u00eda Mundial de la Diabetes 2021: Acceso a la atenci\u00f3n de la diabetes - 2026","description":"Comunidad de Maestros, Docentes y Profesores, en donde encontrar\u00e1s material, informaci\u00f3n y noticias del \u00e1mbito nacional y mundial.","robots":{"index":"index","follow":"follow","max-snippet":"max-snippet:-1","max-image-preview":"max-image-preview:large","max-video-preview":"max-video-preview:-1"},"canonical":"https:\/\/webdelmaestrocmf.com\/portal\/dia-mundial-de-la-diabetes-2021-acceso-a-la-atencion-de-la-diabetes\/","og_locale":"es_ES","og_type":"article","og_title":"D\u00eda Mundial de la Diabetes 2021: Acceso a la atenci\u00f3n de la diabetes - 2026","og_description":"Comunidad de Maestros, Docentes y Profesores, en donde encontrar\u00e1s material, informaci\u00f3n y noticias del \u00e1mbito nacional y mundial.","og_url":"https:\/\/webdelmaestrocmf.com\/portal\/dia-mundial-de-la-diabetes-2021-acceso-a-la-atencion-de-la-diabetes\/","og_site_name":"Web del Maestro CMF","article_publisher":"https:\/\/www.facebook.com\/WebdelMaestroCMF\/","article_author":"https:\/\/www.facebook.com\/WebdelMaestroCMF\/","article_published_time":"2021-11-11T23:47:34+00:00","article_modified_time":"2021-11-12T13:11:13+00:00","og_image":[{"width":1100,"height":680,"url":"https:\/\/i0.wp.com\/webdelmaestrocmf.com\/portal\/wp-content\/uploads\/2021\/11\/z1-45-29.jpg?fit=1100%2C680&ssl=1","type":"image\/jpeg"}],"author":"Web del Maestro CMF","twitter_card":"summary_large_image","twitter_creator":"@cmf_w","twitter_site":"@cmf_w","schema":{"@context":"https:\/\/schema.org","@graph":[{"@type":"ScholarlyArticle","@id":"https:\/\/webdelmaestrocmf.com\/portal\/dia-mundial-de-la-diabetes-2021-acceso-a-la-atencion-de-la-diabetes\/#article","isPartOf":{"@id":"https:\/\/webdelmaestrocmf.com\/portal\/dia-mundial-de-la-diabetes-2021-acceso-a-la-atencion-de-la-diabetes\/"},"author":{"name":"Web del Maestro CMF","@id":"https:\/\/webdelmaestrocmf.com\/portal\/#\/schema\/person\/1072a2ed7bd960df8ef99a551fa35dc5"},"headline":"D\u00eda Mundial de la Diabetes 2021: Acceso a la atenci\u00f3n de la diabetes","datePublished":"2021-11-11T23:47:34+00:00","dateModified":"2021-11-12T13:11:13+00:00","mainEntityOfPage":{"@id":"https:\/\/webdelmaestrocmf.com\/portal\/dia-mundial-de-la-diabetes-2021-acceso-a-la-atencion-de-la-diabetes\/"},"wordCount":1214,"commentCount":1,"publisher":{"@id":"https:\/\/webdelmaestrocmf.com\/portal\/#organization"},"image":{"@id":"https:\/\/webdelmaestrocmf.com\/portal\/dia-mundial-de-la-diabetes-2021-acceso-a-la-atencion-de-la-diabetes\/#primaryimage"},"thumbnailUrl":"https:\/\/webdelmaestrocmf.com\/portal\/wp-content\/uploads\/2021\/11\/z1-45-29.jpg","keywords":["2021","DIA","DIABETES","MUNDIAL"],"articleSection":["Yo opino - WMCMF"],"inLanguage":"es","potentialAction":[{"@type":"CommentAction","name":"Comment","target":["https:\/\/webdelmaestrocmf.com\/portal\/dia-mundial-de-la-diabetes-2021-acceso-a-la-atencion-de-la-diabetes\/#respond"]}]},{"@type":"WebPage","@id":"https:\/\/webdelmaestrocmf.com\/portal\/dia-mundial-de-la-diabetes-2021-acceso-a-la-atencion-de-la-diabetes\/","url":"https:\/\/webdelmaestrocmf.com\/portal\/dia-mundial-de-la-diabetes-2021-acceso-a-la-atencion-de-la-diabetes\/","name":"D\u00eda Mundial de la Diabetes 2021: Acceso a la atenci\u00f3n de la diabetes - 2026","isPartOf":{"@id":"https:\/\/webdelmaestrocmf.com\/portal\/#website"},"primaryImageOfPage":{"@id":"https:\/\/webdelmaestrocmf.com\/portal\/dia-mundial-de-la-diabetes-2021-acceso-a-la-atencion-de-la-diabetes\/#primaryimage"},"image":{"@id":"https:\/\/webdelmaestrocmf.com\/portal\/dia-mundial-de-la-diabetes-2021-acceso-a-la-atencion-de-la-diabetes\/#primaryimage"},"thumbnailUrl":"https:\/\/webdelmaestrocmf.com\/portal\/wp-content\/uploads\/2021\/11\/z1-45-29.jpg","datePublished":"2021-11-11T23:47:34+00:00","dateModified":"2021-11-12T13:11:13+00:00","description":"Comunidad de Maestros, Docentes y Profesores, en donde encontrar\u00e1s material, informaci\u00f3n y noticias del \u00e1mbito nacional y mundial.","breadcrumb":{"@id":"https:\/\/webdelmaestrocmf.com\/portal\/dia-mundial-de-la-diabetes-2021-acceso-a-la-atencion-de-la-diabetes\/#breadcrumb"},"inLanguage":"es","potentialAction":[{"@type":"ReadAction","target":["https:\/\/webdelmaestrocmf.com\/portal\/dia-mundial-de-la-diabetes-2021-acceso-a-la-atencion-de-la-diabetes\/"]}]},{"@type":"ImageObject","inLanguage":"es","@id":"https:\/\/webdelmaestrocmf.com\/portal\/dia-mundial-de-la-diabetes-2021-acceso-a-la-atencion-de-la-diabetes\/#primaryimage","url":"https:\/\/webdelmaestrocmf.com\/portal\/wp-content\/uploads\/2021\/11\/z1-45-29.jpg","contentUrl":"https:\/\/webdelmaestrocmf.com\/portal\/wp-content\/uploads\/2021\/11\/z1-45-29.jpg","width":1100,"height":680},{"@type":"BreadcrumbList","@id":"https:\/\/webdelmaestrocmf.com\/portal\/dia-mundial-de-la-diabetes-2021-acceso-a-la-atencion-de-la-diabetes\/#breadcrumb","itemListElement":[{"@type":"ListItem","position":1,"name":"Portada","item":"https:\/\/webdelmaestrocmf.com\/portal\/"},{"@type":"ListItem","position":2,"name":"Yo opino - WMCMF","item":"https:\/\/webdelmaestrocmf.com\/portal\/category\/jamb\/"},{"@type":"ListItem","position":3,"name":"D\u00eda Mundial de la Diabetes 2021: Acceso a la atenci\u00f3n de la diabetes"}]},{"@type":"WebSite","@id":"https:\/\/webdelmaestrocmf.com\/portal\/#website","url":"https:\/\/webdelmaestrocmf.com\/portal\/","name":"Web del Maestro CMF","description":"Maestros al servicio de la educaci\u00f3n","publisher":{"@id":"https:\/\/webdelmaestrocmf.com\/portal\/#organization"},"alternateName":"WMCMF","potentialAction":[{"@type":"SearchAction","target":{"@type":"EntryPoint","urlTemplate":"https:\/\/webdelmaestrocmf.com\/portal\/?s={search_term_string}"},"query-input":{"@type":"PropertyValueSpecification","valueRequired":true,"valueName":"search_term_string"}}],"inLanguage":"es"},{"@type":"Organization","@id":"https:\/\/webdelmaestrocmf.com\/portal\/#organization","name":"Web del Maestro CMF","alternateName":"WMCMF","url":"https:\/\/webdelmaestrocmf.com\/portal\/","logo":{"@type":"ImageObject","inLanguage":"es","@id":"https:\/\/webdelmaestrocmf.com\/portal\/#\/schema\/logo\/image\/","url":"https:\/\/webdelmaestrocmf.com\/portal\/wp-content\/uploads\/2023\/01\/logo-wmcmf-2.png","contentUrl":"https:\/\/webdelmaestrocmf.com\/portal\/wp-content\/uploads\/2023\/01\/logo-wmcmf-2.png","width":200,"height":60,"caption":"Web del Maestro CMF"},"image":{"@id":"https:\/\/webdelmaestrocmf.com\/portal\/#\/schema\/logo\/image\/"},"sameAs":["https:\/\/www.facebook.com\/WebdelMaestroCMF\/","https:\/\/x.com\/cmf_w","https:\/\/www.pinterest.com\/WMCMF\/","https:\/\/www.linkedin.com\/company\/web-del-maestro-cmf\/","https:\/\/www.instagram.com\/wmcmf\/","https:\/\/www.youtube.com\/channel\/UCDPSvjbdodE5sHnC3OxutHw","https:\/\/mastodon.social\/@wmcmf","https:\/\/www.tiktok.com\/@webdelmaestrocmf"]},{"@type":"Person","@id":"https:\/\/webdelmaestrocmf.com\/portal\/#\/schema\/person\/1072a2ed7bd960df8ef99a551fa35dc5","name":"Web del Maestro CMF","image":{"@type":"ImageObject","inLanguage":"es","@id":"https:\/\/secure.gravatar.com\/avatar\/23291dd5b5ae1077dcff3dbb04c3e02bd28403fa75af6d8787d5e97c5bbbe30b?s=96&d=mm&r=g","url":"https:\/\/secure.gravatar.com\/avatar\/23291dd5b5ae1077dcff3dbb04c3e02bd28403fa75af6d8787d5e97c5bbbe30b?s=96&d=mm&r=g","contentUrl":"https:\/\/secure.gravatar.com\/avatar\/23291dd5b5ae1077dcff3dbb04c3e02bd28403fa75af6d8787d5e97c5bbbe30b?s=96&d=mm&r=g","caption":"Web del Maestro CMF"},"description":"Esta Web se cre\u00f3 sin fines de lucro, con fines educativos, cient\u00edficos y acad\u00e9micos, para personas que tengan dificultades y\/o inconvenientes en visualizar el material original. El objetivo es entregar recursos, compartir experiencias y materiales que ayuden a los padres de familia, maestros y estudiantes en su actualizaci\u00f3n y formaci\u00f3n permanente, en bien de la Educaci\u00f3n.","sameAs":["http:\/\/webdelmaestrocmf.com\/portal","https:\/\/www.facebook.com\/WebdelMaestroCMF\/","https:\/\/www.instagram.com\/wmcmf\/","https:\/\/cl.linkedin.com\/company\/web-del-maestro-cmf","https:\/\/www.pinterest.com\/WMCMF\/publicaciones\/","https:\/\/x.com\/cmf_w","https:\/\/www.youtube.com\/@WMCMF"]}]}},"jetpack_featured_media_url":"https:\/\/webdelmaestrocmf.com\/portal\/wp-content\/uploads\/2021\/11\/z1-45-29.jpg","jetpack_sharing_enabled":true,"jetpack-related-posts":[{"id":28884,"url":"https:\/\/webdelmaestrocmf.com\/portal\/estudiantes-con-diabetes-en-la-escuela-que-necesidades-tienen\/","url_meta":{"origin":71016,"position":0},"title":"\u00bfEstudiantes con diabetes en la escuela? \u00bfQu\u00e9 necesidades tienen?","author":"Web del Maestro CMF","date":"19 junio, 2018","format":false,"excerpt":"La mayor\u00eda de nuestros estudiantes entre los 5 y 16 a\u00f1os est\u00e1n cursando estudios en nuestras escuelas, aparentemente sus padres cuidan de su salud f\u00edsica y mental, y nosotros colaboramos con ellos por medio de la comunicaci\u00f3n permanente y orientadora. Sin embargo, como profesores, es muy importante que sepamos que\u2026","rel":"","context":"En \u00abINTER\u00c9S\u00bb","block_context":{"text":"INTER\u00c9S","link":"https:\/\/webdelmaestrocmf.com\/portal\/category\/noticias-educacion\/"},"img":{"alt_text":"","src":"https:\/\/i0.wp.com\/webdelmaestrocmf.com\/portal\/wp-content\/uploads\/2018\/06\/1-29.jpg?resize=350%2C200&ssl=1","width":350,"height":200,"srcset":"https:\/\/i0.wp.com\/webdelmaestrocmf.com\/portal\/wp-content\/uploads\/2018\/06\/1-29.jpg?resize=350%2C200&ssl=1 1x, https:\/\/i0.wp.com\/webdelmaestrocmf.com\/portal\/wp-content\/uploads\/2018\/06\/1-29.jpg?resize=525%2C300&ssl=1 1.5x, https:\/\/i0.wp.com\/webdelmaestrocmf.com\/portal\/wp-content\/uploads\/2018\/06\/1-29.jpg?resize=700%2C400&ssl=1 2x, https:\/\/i0.wp.com\/webdelmaestrocmf.com\/portal\/wp-content\/uploads\/2018\/06\/1-29.jpg?resize=1050%2C600&ssl=1 3x"},"classes":[]},{"id":33026,"url":"https:\/\/webdelmaestrocmf.com\/portal\/cuanto-sabemos-los-profesores-sobre-la-diabetes\/","url_meta":{"origin":71016,"position":1},"title":"\u00bfCu\u00e1nto sabemos los profesores sobre la diabetes en los ni\u00f1os?","author":"Web del Maestro CMF","date":"22 octubre, 2020","format":false,"excerpt":"La diabetes, hasta hace algunos a\u00f1os, se cre\u00eda que era una enfermedad propia de adultos. Personalmente mi familia tuvo la experiencia con mi sobrina Katy, cuando ten\u00eda cinco a\u00f1os, a quien los m\u00e9dicos le encontraban otras posibles enfermedades, menos la diabetes. Fue un largo pasar de un pediatra a otro,\u2026","rel":"","context":"En \u00abDocentes\u00bb","block_context":{"text":"Docentes","link":"https:\/\/webdelmaestrocmf.com\/portal\/category\/pedagogia\/docentes\/"},"img":{"alt_text":"","src":"https:\/\/i0.wp.com\/webdelmaestrocmf.com\/portal\/wp-content\/uploads\/2018\/11\/1-117.jpg?resize=350%2C200&ssl=1","width":350,"height":200,"srcset":"https:\/\/i0.wp.com\/webdelmaestrocmf.com\/portal\/wp-content\/uploads\/2018\/11\/1-117.jpg?resize=350%2C200&ssl=1 1x, https:\/\/i0.wp.com\/webdelmaestrocmf.com\/portal\/wp-content\/uploads\/2018\/11\/1-117.jpg?resize=525%2C300&ssl=1 1.5x, https:\/\/i0.wp.com\/webdelmaestrocmf.com\/portal\/wp-content\/uploads\/2018\/11\/1-117.jpg?resize=700%2C400&ssl=1 2x, https:\/\/i0.wp.com\/webdelmaestrocmf.com\/portal\/wp-content\/uploads\/2018\/11\/1-117.jpg?resize=1050%2C600&ssl=1 3x"},"classes":[]},{"id":75430,"url":"https:\/\/webdelmaestrocmf.com\/portal\/turning-red-pelicula-completa-en-espanol-una-bella-sensible-y-divertida-historia-sobre-el-confuso-y-fascinante-paso-de-la-ninez-a-la-adolescencia\/","url_meta":{"origin":71016,"position":2},"title":"Turning red: una bella, sensible y divertida historia sobre el confuso y fascinante paso de la ni\u00f1ez a la adolescencia","author":"Web del Maestro CMF","date":"13 marzo, 2022","format":false,"excerpt":"\u201cTurning red\u201d cuenta la historia de Mei Lee, una ni\u00f1a de 13 a\u00f1os que logra excelentes resultados acad\u00e9micos en el colegio, es un poco rara y tiene un grupo de amigas de las que solo se separa para cumplir con lo que pide su sobreprotectora madre, cuya rutina se ve\u2026","rel":"","context":"En \u00abPel\u00edculas\u00bb","block_context":{"text":"Pel\u00edculas","link":"https:\/\/webdelmaestrocmf.com\/portal\/category\/pedagogia\/peliculas\/"},"img":{"alt_text":"","src":"https:\/\/i0.wp.com\/webdelmaestrocmf.com\/portal\/wp-content\/uploads\/2022\/03\/1ss-25.jpg?resize=350%2C200&ssl=1","width":350,"height":200,"srcset":"https:\/\/i0.wp.com\/webdelmaestrocmf.com\/portal\/wp-content\/uploads\/2022\/03\/1ss-25.jpg?resize=350%2C200&ssl=1 1x, https:\/\/i0.wp.com\/webdelmaestrocmf.com\/portal\/wp-content\/uploads\/2022\/03\/1ss-25.jpg?resize=525%2C300&ssl=1 1.5x, https:\/\/i0.wp.com\/webdelmaestrocmf.com\/portal\/wp-content\/uploads\/2022\/03\/1ss-25.jpg?resize=700%2C400&ssl=1 2x, https:\/\/i0.wp.com\/webdelmaestrocmf.com\/portal\/wp-content\/uploads\/2022\/03\/1ss-25.jpg?resize=1050%2C600&ssl=1 3x"},"classes":[]},{"id":37497,"url":"https:\/\/webdelmaestrocmf.com\/portal\/guia-para-ninos-sobre-la-diabetes-tipo-1\/","url_meta":{"origin":71016,"position":3},"title":"Gu\u00eda para ni\u00f1os, sobre la Diabetes tipo 1","author":"Web del Maestro CMF","date":"13 junio, 2019","format":false,"excerpt":"En nuestras escuelas y quiz\u00e1 en nuestras familias haya alguno de nuestros miembros que tenga diabetes, sin embargo, no es frecuente ver al Director o a los padres de familia supervisar los alimentos que consumen nuestros estudiantes dentro o en las afueras de las escuelas. La prevenci\u00f3n es la mejor\u2026","rel":"","context":"En \u00abINTER\u00c9S\u00bb","block_context":{"text":"INTER\u00c9S","link":"https:\/\/webdelmaestrocmf.com\/portal\/category\/noticias-educacion\/"},"img":{"alt_text":"","src":"https:\/\/i0.wp.com\/webdelmaestrocmf.com\/portal\/wp-content\/uploads\/2019\/06\/1-14.jpg?resize=350%2C200&ssl=1","width":350,"height":200,"srcset":"https:\/\/i0.wp.com\/webdelmaestrocmf.com\/portal\/wp-content\/uploads\/2019\/06\/1-14.jpg?resize=350%2C200&ssl=1 1x, https:\/\/i0.wp.com\/webdelmaestrocmf.com\/portal\/wp-content\/uploads\/2019\/06\/1-14.jpg?resize=525%2C300&ssl=1 1.5x, https:\/\/i0.wp.com\/webdelmaestrocmf.com\/portal\/wp-content\/uploads\/2019\/06\/1-14.jpg?resize=700%2C400&ssl=1 2x, https:\/\/i0.wp.com\/webdelmaestrocmf.com\/portal\/wp-content\/uploads\/2019\/06\/1-14.jpg?resize=1050%2C600&ssl=1 3x"},"classes":[]},{"id":109302,"url":"https:\/\/webdelmaestrocmf.com\/portal\/docentes-bajo-amenaza-la-salud-del-magisterio-latinoamericano-en-crisis\/","url_meta":{"origin":71016,"position":4},"title":"Docentes bajo amenaza: la salud del magisterio latinoamericano en crisis","author":"Web del Maestro CMF","date":"9 junio, 2025","format":false,"excerpt":"En 2025, un informe regional encendi\u00f3 las alarmas: la salud del magisterio en Am\u00e9rica Latina est\u00e1 en crisis. Docentes de pa\u00edses como M\u00e9xico, Chile, Argentina, Colombia y Per\u00fa est\u00e1n enfrentando una creciente incidencia de enfermedades cr\u00f3nicas, un marcado envejecimiento laboral y graves fallas en los sistemas de salud que deber\u00edan\u2026","rel":"","context":"En \u00abNoticias Internacionales\u00bb","block_context":{"text":"Noticias Internacionales","link":"https:\/\/webdelmaestrocmf.com\/portal\/category\/noticias-internacionales\/"},"img":{"alt_text":"","src":"https:\/\/i0.wp.com\/webdelmaestrocmf.com\/portal\/wp-content\/uploads\/2025\/06\/1A-Banner-1-portada-imagen-10-1-28.jpg?resize=350%2C200&ssl=1","width":350,"height":200,"srcset":"https:\/\/i0.wp.com\/webdelmaestrocmf.com\/portal\/wp-content\/uploads\/2025\/06\/1A-Banner-1-portada-imagen-10-1-28.jpg?resize=350%2C200&ssl=1 1x, https:\/\/i0.wp.com\/webdelmaestrocmf.com\/portal\/wp-content\/uploads\/2025\/06\/1A-Banner-1-portada-imagen-10-1-28.jpg?resize=525%2C300&ssl=1 1.5x, https:\/\/i0.wp.com\/webdelmaestrocmf.com\/portal\/wp-content\/uploads\/2025\/06\/1A-Banner-1-portada-imagen-10-1-28.jpg?resize=700%2C400&ssl=1 2x"},"classes":[]},{"id":103180,"url":"https:\/\/webdelmaestrocmf.com\/portal\/niveles-de-investigacion\/","url_meta":{"origin":71016,"position":5},"title":"Niveles de investigaci\u00f3n","author":"Web del Maestro CMF","date":"28 enero, 2024","format":false,"excerpt":"La clasificaci\u00f3n de los estudios en niveles se convierte en un gu\u00eda esencial para entender los distintos momentos que atraviesa el desarrollo de una l\u00ednea de investigaci\u00f3n. Imagina una l\u00ednea como una sucesi\u00f3n continua de estudios, un viaje que comienza con la identificaci\u00f3n de un problema y culmina con la\u2026","rel":"","context":"En \u00abInvestigaci\u00f3n\u00bb","block_context":{"text":"Investigaci\u00f3n","link":"https:\/\/webdelmaestrocmf.com\/portal\/category\/pedagogia\/investigacion\/"},"img":{"alt_text":"Niveles de investigaci\u00f3n","src":"https:\/\/i0.wp.com\/webdelmaestrocmf.com\/portal\/wp-content\/uploads\/2024\/01\/Banner-1-portada-imagen-10-20-1.jpg?resize=350%2C200&ssl=1","width":350,"height":200,"srcset":"https:\/\/i0.wp.com\/webdelmaestrocmf.com\/portal\/wp-content\/uploads\/2024\/01\/Banner-1-portada-imagen-10-20-1.jpg?resize=350%2C200&ssl=1 1x, https:\/\/i0.wp.com\/webdelmaestrocmf.com\/portal\/wp-content\/uploads\/2024\/01\/Banner-1-portada-imagen-10-20-1.jpg?resize=525%2C300&ssl=1 1.5x, https:\/\/i0.wp.com\/webdelmaestrocmf.com\/portal\/wp-content\/uploads\/2024\/01\/Banner-1-portada-imagen-10-20-1.jpg?resize=700%2C400&ssl=1 2x"},"classes":[]}],"_links":{"self":[{"href":"https:\/\/webdelmaestrocmf.com\/portal\/wp-json\/wp\/v2\/posts\/71016","targetHints":{"allow":["GET"]}}],"collection":[{"href":"https:\/\/webdelmaestrocmf.com\/portal\/wp-json\/wp\/v2\/posts"}],"about":[{"href":"https:\/\/webdelmaestrocmf.com\/portal\/wp-json\/wp\/v2\/types\/post"}],"author":[{"embeddable":true,"href":"https:\/\/webdelmaestrocmf.com\/portal\/wp-json\/wp\/v2\/users\/1"}],"replies":[{"embeddable":true,"href":"https:\/\/webdelmaestrocmf.com\/portal\/wp-json\/wp\/v2\/comments?post=71016"}],"version-history":[{"count":0,"href":"https:\/\/webdelmaestrocmf.com\/portal\/wp-json\/wp\/v2\/posts\/71016\/revisions"}],"wp:featuredmedia":[{"embeddable":true,"href":"https:\/\/webdelmaestrocmf.com\/portal\/wp-json\/wp\/v2\/media\/71017"}],"wp:attachment":[{"href":"https:\/\/webdelmaestrocmf.com\/portal\/wp-json\/wp\/v2\/media?parent=71016"}],"wp:term":[{"taxonomy":"category","embeddable":true,"href":"https:\/\/webdelmaestrocmf.com\/portal\/wp-json\/wp\/v2\/categories?post=71016"},{"taxonomy":"post_tag","embeddable":true,"href":"https:\/\/webdelmaestrocmf.com\/portal\/wp-json\/wp\/v2\/tags?post=71016"}],"curies":[{"name":"wp","href":"https:\/\/api.w.org\/{rel}","templated":true}]}}