{"id":70098,"date":"2021-10-27T15:24:47","date_gmt":"2021-10-27T18:24:47","guid":{"rendered":"https:\/\/webdelmaestrocmf.com\/portal\/?p=70098"},"modified":"2021-10-27T16:02:02","modified_gmt":"2021-10-27T19:02:02","slug":"heriberto-prieto-las-salas-de-computo-acaso-seguiran-siendo-viables-contar-con-ellas-en-las-escuelas","status":"publish","type":"post","link":"https:\/\/webdelmaestrocmf.com\/portal\/heriberto-prieto-las-salas-de-computo-acaso-seguiran-siendo-viables-contar-con-ellas-en-las-escuelas\/","title":{"rendered":"[Heriberto Prieto] Las Salas de C\u00f3mputo: \u00bfAcaso seguir\u00e1n siendo viables contar con ellas en las Escuelas?"},"content":{"rendered":"<h5 style=\"text-align: justify;\">Durante el confinamiento debido\u00a0 a la primera y segunda ola de la pandemia del Covid-19 las escuelas cerraron con ellas las salas de c\u00f3mputo.<\/h5>\n<p><!--more--><\/p>\n<h5 style=\"text-align: justify;\">Una de las dificultades que atravesaron los docentes y las familias fue invertir econ\u00f3micamente en adquisici\u00f3n de equipos tecnol\u00f3gicos y la renta del servicio de internet. Esto propici\u00f3 el crecimiento en Dispositivos M\u00f3viles (Smartphones y Tablets), Computadoras Fijas y M\u00f3viles (Laptop), as\u00ed como la recargas de saldo de datos de internet m\u00f3vil principalmente. En el que la tendencia del mercado es adquirir smartphone (celulares) con pantallas mas grandes.<\/h5>\n<p style=\"text-align: justify;\">La accesibilidad y la conectividad es una necesidad obligada en la nueva normalidad que vivimos tras la pandemia. Es por ello que retornar las clases presenciales en su modalidad educativa h\u00edbrida implica la pregunta \u00bfse requiere las salas de c\u00f3mputo?<\/p>\n<p style=\"text-align: justify;\">En todas las escuelas la gran preocupaci\u00f3n es contar con los equipos y el servicio de internet para las labores administrativas y acad\u00e9micas. Lo que origina que contactar con los espacios para las clases de computaci\u00f3n o inform\u00e1tica para el aprendizaje de las habilidades digitales era un lugar en espec\u00edfico en todo el plantel. Ya no es exclusivo de una clase con tantos recursos digitales para el aprendizaje.<\/p>\n<p style=\"text-align: justify;\">En las escuelas antes de la pandemia se prohib\u00eda el portar o usar celulares en el sal\u00f3n de clases para\u00a0 evitar actos indebidos contra los propios alumnos y docentes. Pero otros docentes se animaban a usar las tecnolog\u00edas pese a una llamada de atenci\u00f3n por parte de los directivos. Pero en las clases en l\u00ednea el usar estos dispositivos como tener las apps para la interacci\u00f3n con los alumnos se volvi\u00f3 una constante.<\/p>\n<p style=\"text-align: justify;\">En fin retornamos a la escuela presencial y con equipos que quedaron obsoletos o sin\u00a0 energ\u00eda el\u00e9ctrica e internet ya que fueron vandalizadas y robadas.<\/p>\n<p style=\"text-align: justify;\">\u00bfSer\u00e1 necesario invertir en equipar un aula o todas las aulas tendr\u00e1n que estar equipadas?<\/p>\n<p style=\"text-align: justify;\">Seguramente no, la prioridad ser\u00e1 contar con la conectividad ya que con los dispositivos m\u00f3viles que en fue el principal medio de trabajo para las clases online, lo que pone en la prioridad el que los proveedores de servicios de internet den la cobertura y la calidad de la banda ancha.<\/p>\n<p style=\"text-align: justify;\">\u00bfAcaso tendr\u00e1n que invertir los docentes, padres y los alumnos m\u00e1s en adquirir equipos?<\/p>\n<p style=\"text-align: justify;\">S\u00ed, la tecnolog\u00eda de los equipos est\u00e1n hechos con programaci\u00f3n en obsolescencia, as\u00ed como el apag\u00f3n digital para las versiones m\u00e1s antiguas. Es por ello que los gobiernos deben de\u00a0 generar programas para financiar la dotaci\u00f3n de equipos que les permitan reducir la brecha digital para los aprendizajes.<\/p>\n<p style=\"text-align: justify;\">Mantener en operaci\u00f3n la sala de c\u00f3mputo\u00a0 implica gastos en los equipos, adem\u00e1s las medidas de sana distancia y sanitizaci\u00f3n. El cambio entre otros grupos requerir\u00eda satinar cada uno de los componentes a los que se tiene contacto lo que origina invertir tiempo y personal.<\/p>\n<p style=\"text-align: justify;\">Ante un panorama d\u00f3nde la omisi\u00f3n de la necesidad de contar en clases presenciales de equipos e internet para interactuar, hace imprescindible un cambio cultural en la manera que ten\u00edamos concebida a la escuela.<\/p>\n<ul>\n<li style=\"text-align: justify;\">#escuelas<\/li>\n<li style=\"text-align: justify;\">#politicaeducativa<\/li>\n<li style=\"text-align: justify;\">#politicadigital<\/li>\n<li style=\"text-align: justify;\">#agendaeducativadigital<\/li>\n<li style=\"text-align: justify;\">#tecnologiaysociedad<\/li>\n<li style=\"text-align: justify;\">#tecnologiaeducativa<\/li>\n<li style=\"text-align: justify;\">#competenciadigitalcero<\/li>\n<li style=\"text-align: justify;\">#formadoresdelcambio<\/li>\n<\/ul>\n<p style=\"text-align: justify;\"><strong>NOTA DE REDACCI\u00d3N<\/strong>: La Web del Maestro CMF publica los textos originales de su autor, no necesariamente coincide con lo expuesto en el tema, no se hace responsable de las opiniones expresadas, y no promociona ning\u00fan producto, servicio, marca o empresa. Sugerimos a nuestros lectores conocer la identidad de la fuente o de su autor o autores, para tener mayores elementos de juicio y la pertinencia a su realidad educativa.<\/p>\n<table class=\" alignleft\" border=\"0\" width=\"100%\" cellspacing=\"10\" cellpadding=\"10\">\n<tbody>\n<tr>\n<td style=\"text-align: center;\" width=\"30%\"><strong><img loading=\"lazy\" decoding=\"async\" class=\"size-full wp-image-53975 aligncenter\" src=\"https:\/\/webdelmaestrocmf.com\/portal\/wp-content\/uploads\/2020\/11\/2-copia.jpg\" alt=\"\" width=\"200\" height=\"200\" srcset=\"https:\/\/webdelmaestrocmf.com\/portal\/wp-content\/uploads\/2020\/11\/2-copia.jpg 200w, https:\/\/webdelmaestrocmf.com\/portal\/wp-content\/uploads\/2020\/11\/2-copia-150x150.jpg 150w, https:\/\/webdelmaestrocmf.com\/portal\/wp-content\/uploads\/2020\/11\/2-copia-80x80.jpg 80w, https:\/\/webdelmaestrocmf.com\/portal\/wp-content\/uploads\/2020\/11\/2-copia-110x110.jpg 110w, https:\/\/webdelmaestrocmf.com\/portal\/wp-content\/uploads\/2020\/11\/2-copia-160x160.jpg 160w\" sizes=\"auto, (max-width: 200px) 100vw, 200px\" \/><br \/>\nAutor: <\/strong>Heriberto Prieto Zamudio. Orizaba, Veracruz, M\u00e9xico<strong><br \/>\nProfesor <\/strong>de Bachillerato General Estatal en la Mixteca Poblana.<strong><br \/>\n<\/strong>Administrador del Grupo de Facebook Formadores del Cambio.<br \/>\n<strong>Co-Fundador <\/strong>de la iniciativa social iberoamericana <strong><a href=\"http:\/\/www.competenciadigitalcero.com\/\" target=\"_blank\" rel=\"noopener noreferrer\">www.CompetenciaDigitalCero.com<\/a><\/strong>, que conforma una comunidad de pr\u00e1ctica solidaria para reducir la brecha en el uso de tecnolog\u00edas digitales en los espacios educativos.<strong><br \/>\nEmail: <\/strong><a href=\"mailto:heribertopz21@gmail.com\">heribertopz21@gmail.com<\/a><a href=\"mailto:heribertopz21@gmail.com\"><br \/>\n<\/a><strong>Web:<\/strong> <a href=\"https:\/\/heribertoprietozamudio.wordpress.com\/\">heribertoprietozamudio.wordpress.com<\/a><br \/>\n<strong>Twitter:\u00a0<\/strong><a href=\"https:\/\/twitter.com\/@heribertopz21\" target=\"_blank\" rel=\"noopener noreferrer\">@heribertopz21<\/a><strong><br \/>\n<\/strong><\/td>\n<\/tr>\n<\/tbody>\n<\/table>\n<p style=\"text-align: left;\">.<\/p>\n\t\t<div class=\"pk-inline-posts\">\n\t\t\t\n\t\t\t<div class=\"pk-inline-posts-container pk-inline-posts-template-list\"\n\t\t\t\tdata-columns=\"1\">\n\t\t\t\t\t\t<article id=\"post-73710\" class=\"post-73710 post type-post status-publish format-standard has-post-thumbnail category-z-colaborador-heriberto-prieto category-colaborador tag-acaso tag-correcto tag-evaluas tag-heriberto-prieto tag-redes tag-sociales tag-voto cs-entry cs-video-wrap\">\n\t\t\t<div class=\"pk-post-outer\">\n\n\t\t\t\t\t\t\t\t<div class=\"pk-post-inner\">\n\t\t\t\t\t<div class=\"entry-thumbnail\">\n\t\t\t\t\t\t<div class=\"pk-overlay pk-overlay-ratio pk-ratio-landscape\">\n\t\t\t\t\t\t\t<div class=\"pk-overlay-background\">\n\t\t\t\t\t\t\t\t<a href=\"https:\/\/webdelmaestrocmf.com\/portal\/heriberto-prieto-evaluas-por-voto-en-redes-sociales-acaso-es-correcto\/\" class=\"pk-overlay-link\">\n\t\t\t\t\t\t\t\t\t<img loading=\"lazy\" decoding=\"async\" width=\"300\" height=\"225\" src=\"https:\/\/webdelmaestrocmf.com\/portal\/wp-content\/uploads\/2022\/01\/1-173-300x225.jpg\" class=\"attachment-pk-thumbnail size-pk-thumbnail wp-post-image\" alt=\"\" \/>\t\t\t\t\t\t\t\t<\/a>\n\t\t\t\t\t\t\t<\/div>\n\t\t\t\t\t\t<\/div>\n\t\t\t\t\t<\/div>\n\t\t\t\t<\/div>\n\t\t\t\t\n\t\t\t\t<div class=\"pk-post-inner\">\n\t\t\t\t\t<header>\n\t\t\t\t\t\t<h3 class=\"pk-title\"><a href=\"https:\/\/webdelmaestrocmf.com\/portal\/heriberto-prieto-evaluas-por-voto-en-redes-sociales-acaso-es-correcto\/\" rel=\"bookmark\">[Heriberto Prieto] Eval\u00faas por Voto en Redes Sociales. \u00bfAcaso es correcto?<\/a><\/h3>\t\t\t\t\t<\/header><!-- .entry-header -->\n\t\t\t\t<\/div><!-- .post-inner -->\n\n\t\t\t<\/div><!-- .post-outer -->\n\t\t<\/article>\n\t\t\t\t<\/div>\n\t\t<\/div>\n\t\t\n","protected":false},"excerpt":{"rendered":"Durante el confinamiento debido\u00a0 a la primera y segunda ola de la pandemia del Covid-19 las escuelas cerraron&hellip;","protected":false},"author":1,"featured_media":70099,"comment_status":"open","ping_status":"closed","sticky":false,"template":"","format":"standard","meta":{"csco_display_header_overlay":false,"csco_singular_sidebar":"default","csco_page_header_type":"default","csco_page_load_nextpost":"default","csco_post_video_location":[],"csco_post_video_location_hash":"","csco_post_video_url":"","csco_post_video_bg_start_time":0,"csco_post_video_bg_end_time":0,"csco_post_video_bg_volume":false,"_jetpack_memberships_contains_paid_content":false,"footnotes":""},"categories":[2043,1790],"tags":[14279,14278,621,14283,155,2038,13584,14280,14281,14282],"class_list":{"0":"post-70098","1":"post","2":"type-post","3":"status-publish","4":"format-standard","5":"has-post-thumbnail","7":"category-z-colaborador-heriberto-prieto","8":"category-colaborador","9":"tag-acaso","10":"tag-computo","11":"tag-contar","12":"tag-ellas","13":"tag-escuelas","14":"tag-heriberto-prieto","15":"tag-salas","16":"tag-seguiran","17":"tag-siendo","18":"tag-viables","19":"cs-entry","20":"cs-video-wrap"},"yoast_head":"<!-- This site is optimized with the Yoast SEO plugin v27.5 - https:\/\/yoast.com\/product\/yoast-seo-wordpress\/ -->\n<title>[Heriberto Prieto] Las Salas de C\u00f3mputo: \u00bfAcaso seguir\u00e1n siendo viables contar con ellas en las Escuelas? - 2026<\/title>\n<meta name=\"description\" content=\"Durante el confinamiento debido\u00a0 a la primera y segunda ola de la pandemia del Covid-19 las escuelas cerraron con ellas las salas de c\u00f3mputo.\" \/>\n<meta name=\"robots\" content=\"index, follow, max-snippet:-1, max-image-preview:large, max-video-preview:-1\" \/>\n<link rel=\"canonical\" href=\"https:\/\/webdelmaestrocmf.com\/portal\/heriberto-prieto-las-salas-de-computo-acaso-seguiran-siendo-viables-contar-con-ellas-en-las-escuelas\/\" \/>\n<meta property=\"og:locale\" content=\"es_ES\" \/>\n<meta property=\"og:type\" content=\"article\" \/>\n<meta property=\"og:title\" content=\"[Heriberto Prieto] Las Salas de C\u00f3mputo: \u00bfAcaso seguir\u00e1n siendo viables contar con ellas en las Escuelas? - 2026\" \/>\n<meta property=\"og:description\" content=\"Durante el confinamiento debido\u00a0 a la primera y segunda ola de la pandemia del Covid-19 las escuelas cerraron con ellas las salas de c\u00f3mputo.\" \/>\n<meta property=\"og:url\" content=\"https:\/\/webdelmaestrocmf.com\/portal\/heriberto-prieto-las-salas-de-computo-acaso-seguiran-siendo-viables-contar-con-ellas-en-las-escuelas\/\" \/>\n<meta property=\"og:site_name\" content=\"Web del Maestro CMF\" \/>\n<meta property=\"article:publisher\" content=\"https:\/\/www.facebook.com\/WebdelMaestroCMF\/\" \/>\n<meta property=\"article:author\" content=\"https:\/\/www.facebook.com\/WebdelMaestroCMF\/\" \/>\n<meta property=\"article:published_time\" content=\"2021-10-27T18:24:47+00:00\" \/>\n<meta property=\"article:modified_time\" content=\"2021-10-27T19:02:02+00:00\" \/>\n<meta property=\"og:image\" content=\"https:\/\/i0.wp.com\/webdelmaestrocmf.com\/portal\/wp-content\/uploads\/2021\/10\/1-121.jpg?fit=1100%2C680&ssl=1\" \/>\n\t<meta property=\"og:image:width\" content=\"1100\" \/>\n\t<meta property=\"og:image:height\" content=\"680\" \/>\n\t<meta property=\"og:image:type\" content=\"image\/jpeg\" \/>\n<meta name=\"author\" content=\"Web del Maestro CMF\" \/>\n<meta name=\"twitter:card\" content=\"summary_large_image\" \/>\n<meta name=\"twitter:creator\" content=\"@cmf_w\" \/>\n<meta name=\"twitter:site\" content=\"@cmf_w\" \/>\n<script type=\"application\/ld+json\" class=\"yoast-schema-graph\">{\"@context\":\"https:\\\/\\\/schema.org\",\"@graph\":[{\"@type\":\"ScholarlyArticle\",\"@id\":\"https:\\\/\\\/webdelmaestrocmf.com\\\/portal\\\/heriberto-prieto-las-salas-de-computo-acaso-seguiran-siendo-viables-contar-con-ellas-en-las-escuelas\\\/#article\",\"isPartOf\":{\"@id\":\"https:\\\/\\\/webdelmaestrocmf.com\\\/portal\\\/heriberto-prieto-las-salas-de-computo-acaso-seguiran-siendo-viables-contar-con-ellas-en-las-escuelas\\\/\"},\"author\":{\"name\":\"Web del Maestro CMF\",\"@id\":\"https:\\\/\\\/webdelmaestrocmf.com\\\/portal\\\/#\\\/schema\\\/person\\\/1072a2ed7bd960df8ef99a551fa35dc5\"},\"headline\":\"[Heriberto Prieto] Las Salas de C\u00f3mputo: \u00bfAcaso seguir\u00e1n siendo viables contar con ellas en las Escuelas?\",\"datePublished\":\"2021-10-27T18:24:47+00:00\",\"dateModified\":\"2021-10-27T19:02:02+00:00\",\"mainEntityOfPage\":{\"@id\":\"https:\\\/\\\/webdelmaestrocmf.com\\\/portal\\\/heriberto-prieto-las-salas-de-computo-acaso-seguiran-siendo-viables-contar-con-ellas-en-las-escuelas\\\/\"},\"wordCount\":712,\"commentCount\":0,\"publisher\":{\"@id\":\"https:\\\/\\\/webdelmaestrocmf.com\\\/portal\\\/#organization\"},\"image\":{\"@id\":\"https:\\\/\\\/webdelmaestrocmf.com\\\/portal\\\/heriberto-prieto-las-salas-de-computo-acaso-seguiran-siendo-viables-contar-con-ellas-en-las-escuelas\\\/#primaryimage\"},\"thumbnailUrl\":\"https:\\\/\\\/webdelmaestrocmf.com\\\/portal\\\/wp-content\\\/uploads\\\/2021\\\/10\\\/1-121.jpg\",\"keywords\":[\"Acaso\",\"C\u00f3mputo\",\"CONTAR\",\"ellas\",\"ESCUELAS\",\"HERIBERTO PRIETO\",\"Salas\",\"seguir\u00e1n\",\"siendo\",\"viables\"],\"articleSection\":[\"Z-Colaborador-Heriberto-Prieto\",\"Z-Colaboradores\"],\"inLanguage\":\"es\",\"potentialAction\":[{\"@type\":\"CommentAction\",\"name\":\"Comment\",\"target\":[\"https:\\\/\\\/webdelmaestrocmf.com\\\/portal\\\/heriberto-prieto-las-salas-de-computo-acaso-seguiran-siendo-viables-contar-con-ellas-en-las-escuelas\\\/#respond\"]}]},{\"@type\":\"WebPage\",\"@id\":\"https:\\\/\\\/webdelmaestrocmf.com\\\/portal\\\/heriberto-prieto-las-salas-de-computo-acaso-seguiran-siendo-viables-contar-con-ellas-en-las-escuelas\\\/\",\"url\":\"https:\\\/\\\/webdelmaestrocmf.com\\\/portal\\\/heriberto-prieto-las-salas-de-computo-acaso-seguiran-siendo-viables-contar-con-ellas-en-las-escuelas\\\/\",\"name\":\"[Heriberto Prieto] Las Salas de C\u00f3mputo: \u00bfAcaso seguir\u00e1n siendo viables contar con ellas en las Escuelas? - 2026\",\"isPartOf\":{\"@id\":\"https:\\\/\\\/webdelmaestrocmf.com\\\/portal\\\/#website\"},\"primaryImageOfPage\":{\"@id\":\"https:\\\/\\\/webdelmaestrocmf.com\\\/portal\\\/heriberto-prieto-las-salas-de-computo-acaso-seguiran-siendo-viables-contar-con-ellas-en-las-escuelas\\\/#primaryimage\"},\"image\":{\"@id\":\"https:\\\/\\\/webdelmaestrocmf.com\\\/portal\\\/heriberto-prieto-las-salas-de-computo-acaso-seguiran-siendo-viables-contar-con-ellas-en-las-escuelas\\\/#primaryimage\"},\"thumbnailUrl\":\"https:\\\/\\\/webdelmaestrocmf.com\\\/portal\\\/wp-content\\\/uploads\\\/2021\\\/10\\\/1-121.jpg\",\"datePublished\":\"2021-10-27T18:24:47+00:00\",\"dateModified\":\"2021-10-27T19:02:02+00:00\",\"description\":\"Durante el confinamiento debido\u00a0 a la primera y segunda ola de la pandemia del Covid-19 las escuelas cerraron con ellas las salas de c\u00f3mputo.\",\"breadcrumb\":{\"@id\":\"https:\\\/\\\/webdelmaestrocmf.com\\\/portal\\\/heriberto-prieto-las-salas-de-computo-acaso-seguiran-siendo-viables-contar-con-ellas-en-las-escuelas\\\/#breadcrumb\"},\"inLanguage\":\"es\",\"potentialAction\":[{\"@type\":\"ReadAction\",\"target\":[\"https:\\\/\\\/webdelmaestrocmf.com\\\/portal\\\/heriberto-prieto-las-salas-de-computo-acaso-seguiran-siendo-viables-contar-con-ellas-en-las-escuelas\\\/\"]}]},{\"@type\":\"ImageObject\",\"inLanguage\":\"es\",\"@id\":\"https:\\\/\\\/webdelmaestrocmf.com\\\/portal\\\/heriberto-prieto-las-salas-de-computo-acaso-seguiran-siendo-viables-contar-con-ellas-en-las-escuelas\\\/#primaryimage\",\"url\":\"https:\\\/\\\/webdelmaestrocmf.com\\\/portal\\\/wp-content\\\/uploads\\\/2021\\\/10\\\/1-121.jpg\",\"contentUrl\":\"https:\\\/\\\/webdelmaestrocmf.com\\\/portal\\\/wp-content\\\/uploads\\\/2021\\\/10\\\/1-121.jpg\",\"width\":1100,\"height\":680},{\"@type\":\"BreadcrumbList\",\"@id\":\"https:\\\/\\\/webdelmaestrocmf.com\\\/portal\\\/heriberto-prieto-las-salas-de-computo-acaso-seguiran-siendo-viables-contar-con-ellas-en-las-escuelas\\\/#breadcrumb\",\"itemListElement\":[{\"@type\":\"ListItem\",\"position\":1,\"name\":\"Portada\",\"item\":\"https:\\\/\\\/webdelmaestrocmf.com\\\/portal\\\/\"},{\"@type\":\"ListItem\",\"position\":2,\"name\":\"Z-Colaboradores\",\"item\":\"https:\\\/\\\/webdelmaestrocmf.com\\\/portal\\\/category\\\/colaborador\\\/\"},{\"@type\":\"ListItem\",\"position\":3,\"name\":\"[Heriberto Prieto] Las Salas de C\u00f3mputo: \u00bfAcaso seguir\u00e1n siendo viables contar con ellas en las Escuelas?\"}]},{\"@type\":\"WebSite\",\"@id\":\"https:\\\/\\\/webdelmaestrocmf.com\\\/portal\\\/#website\",\"url\":\"https:\\\/\\\/webdelmaestrocmf.com\\\/portal\\\/\",\"name\":\"Web del Maestro CMF\",\"description\":\"Maestros al servicio de la educaci\u00f3n\",\"publisher\":{\"@id\":\"https:\\\/\\\/webdelmaestrocmf.com\\\/portal\\\/#organization\"},\"alternateName\":\"WMCMF\",\"potentialAction\":[{\"@type\":\"SearchAction\",\"target\":{\"@type\":\"EntryPoint\",\"urlTemplate\":\"https:\\\/\\\/webdelmaestrocmf.com\\\/portal\\\/?s={search_term_string}\"},\"query-input\":{\"@type\":\"PropertyValueSpecification\",\"valueRequired\":true,\"valueName\":\"search_term_string\"}}],\"inLanguage\":\"es\"},{\"@type\":\"Organization\",\"@id\":\"https:\\\/\\\/webdelmaestrocmf.com\\\/portal\\\/#organization\",\"name\":\"Web del Maestro CMF\",\"alternateName\":\"WMCMF\",\"url\":\"https:\\\/\\\/webdelmaestrocmf.com\\\/portal\\\/\",\"logo\":{\"@type\":\"ImageObject\",\"inLanguage\":\"es\",\"@id\":\"https:\\\/\\\/webdelmaestrocmf.com\\\/portal\\\/#\\\/schema\\\/logo\\\/image\\\/\",\"url\":\"https:\\\/\\\/webdelmaestrocmf.com\\\/portal\\\/wp-content\\\/uploads\\\/2023\\\/01\\\/logo-wmcmf-2.png\",\"contentUrl\":\"https:\\\/\\\/webdelmaestrocmf.com\\\/portal\\\/wp-content\\\/uploads\\\/2023\\\/01\\\/logo-wmcmf-2.png\",\"width\":200,\"height\":60,\"caption\":\"Web del Maestro CMF\"},\"image\":{\"@id\":\"https:\\\/\\\/webdelmaestrocmf.com\\\/portal\\\/#\\\/schema\\\/logo\\\/image\\\/\"},\"sameAs\":[\"https:\\\/\\\/www.facebook.com\\\/WebdelMaestroCMF\\\/\",\"https:\\\/\\\/x.com\\\/cmf_w\",\"https:\\\/\\\/www.pinterest.com\\\/WMCMF\\\/\",\"https:\\\/\\\/www.linkedin.com\\\/company\\\/web-del-maestro-cmf\\\/\",\"https:\\\/\\\/www.instagram.com\\\/wmcmf\\\/\",\"https:\\\/\\\/www.youtube.com\\\/channel\\\/UCDPSvjbdodE5sHnC3OxutHw\",\"https:\\\/\\\/mastodon.social\\\/@wmcmf\",\"https:\\\/\\\/www.tiktok.com\\\/@webdelmaestrocmf\"]},{\"@type\":\"Person\",\"@id\":\"https:\\\/\\\/webdelmaestrocmf.com\\\/portal\\\/#\\\/schema\\\/person\\\/1072a2ed7bd960df8ef99a551fa35dc5\",\"name\":\"Web del Maestro CMF\",\"image\":{\"@type\":\"ImageObject\",\"inLanguage\":\"es\",\"@id\":\"https:\\\/\\\/secure.gravatar.com\\\/avatar\\\/23291dd5b5ae1077dcff3dbb04c3e02bd28403fa75af6d8787d5e97c5bbbe30b?s=96&d=mm&r=g\",\"url\":\"https:\\\/\\\/secure.gravatar.com\\\/avatar\\\/23291dd5b5ae1077dcff3dbb04c3e02bd28403fa75af6d8787d5e97c5bbbe30b?s=96&d=mm&r=g\",\"contentUrl\":\"https:\\\/\\\/secure.gravatar.com\\\/avatar\\\/23291dd5b5ae1077dcff3dbb04c3e02bd28403fa75af6d8787d5e97c5bbbe30b?s=96&d=mm&r=g\",\"caption\":\"Web del Maestro CMF\"},\"description\":\"Esta Web se cre\u00f3 sin fines de lucro, con fines educativos, cient\u00edficos y acad\u00e9micos, para personas que tengan dificultades y\\\/o inconvenientes en visualizar el material original. El objetivo es entregar recursos, compartir experiencias y materiales que ayuden a los padres de familia, maestros y estudiantes en su actualizaci\u00f3n y formaci\u00f3n permanente, en bien de la Educaci\u00f3n.\",\"sameAs\":[\"http:\\\/\\\/webdelmaestrocmf.com\\\/portal\",\"https:\\\/\\\/www.facebook.com\\\/WebdelMaestroCMF\\\/\",\"https:\\\/\\\/www.instagram.com\\\/wmcmf\\\/\",\"https:\\\/\\\/cl.linkedin.com\\\/company\\\/web-del-maestro-cmf\",\"https:\\\/\\\/www.pinterest.com\\\/WMCMF\\\/publicaciones\\\/\",\"https:\\\/\\\/x.com\\\/cmf_w\",\"https:\\\/\\\/www.youtube.com\\\/@WMCMF\"]}]}<\/script>\n<!-- \/ Yoast SEO plugin. -->","yoast_head_json":{"title":"[Heriberto Prieto] Las Salas de C\u00f3mputo: \u00bfAcaso seguir\u00e1n siendo viables contar con ellas en las Escuelas? - 2026","description":"Durante el confinamiento debido\u00a0 a la primera y segunda ola de la pandemia del Covid-19 las escuelas cerraron con ellas las salas de c\u00f3mputo.","robots":{"index":"index","follow":"follow","max-snippet":"max-snippet:-1","max-image-preview":"max-image-preview:large","max-video-preview":"max-video-preview:-1"},"canonical":"https:\/\/webdelmaestrocmf.com\/portal\/heriberto-prieto-las-salas-de-computo-acaso-seguiran-siendo-viables-contar-con-ellas-en-las-escuelas\/","og_locale":"es_ES","og_type":"article","og_title":"[Heriberto Prieto] Las Salas de C\u00f3mputo: \u00bfAcaso seguir\u00e1n siendo viables contar con ellas en las Escuelas? - 2026","og_description":"Durante el confinamiento debido\u00a0 a la primera y segunda ola de la pandemia del Covid-19 las escuelas cerraron con ellas las salas de c\u00f3mputo.","og_url":"https:\/\/webdelmaestrocmf.com\/portal\/heriberto-prieto-las-salas-de-computo-acaso-seguiran-siendo-viables-contar-con-ellas-en-las-escuelas\/","og_site_name":"Web del Maestro CMF","article_publisher":"https:\/\/www.facebook.com\/WebdelMaestroCMF\/","article_author":"https:\/\/www.facebook.com\/WebdelMaestroCMF\/","article_published_time":"2021-10-27T18:24:47+00:00","article_modified_time":"2021-10-27T19:02:02+00:00","og_image":[{"width":1100,"height":680,"url":"https:\/\/i0.wp.com\/webdelmaestrocmf.com\/portal\/wp-content\/uploads\/2021\/10\/1-121.jpg?fit=1100%2C680&ssl=1","type":"image\/jpeg"}],"author":"Web del Maestro CMF","twitter_card":"summary_large_image","twitter_creator":"@cmf_w","twitter_site":"@cmf_w","schema":{"@context":"https:\/\/schema.org","@graph":[{"@type":"ScholarlyArticle","@id":"https:\/\/webdelmaestrocmf.com\/portal\/heriberto-prieto-las-salas-de-computo-acaso-seguiran-siendo-viables-contar-con-ellas-en-las-escuelas\/#article","isPartOf":{"@id":"https:\/\/webdelmaestrocmf.com\/portal\/heriberto-prieto-las-salas-de-computo-acaso-seguiran-siendo-viables-contar-con-ellas-en-las-escuelas\/"},"author":{"name":"Web del Maestro CMF","@id":"https:\/\/webdelmaestrocmf.com\/portal\/#\/schema\/person\/1072a2ed7bd960df8ef99a551fa35dc5"},"headline":"[Heriberto Prieto] Las Salas de C\u00f3mputo: \u00bfAcaso seguir\u00e1n siendo viables contar con ellas en las Escuelas?","datePublished":"2021-10-27T18:24:47+00:00","dateModified":"2021-10-27T19:02:02+00:00","mainEntityOfPage":{"@id":"https:\/\/webdelmaestrocmf.com\/portal\/heriberto-prieto-las-salas-de-computo-acaso-seguiran-siendo-viables-contar-con-ellas-en-las-escuelas\/"},"wordCount":712,"commentCount":0,"publisher":{"@id":"https:\/\/webdelmaestrocmf.com\/portal\/#organization"},"image":{"@id":"https:\/\/webdelmaestrocmf.com\/portal\/heriberto-prieto-las-salas-de-computo-acaso-seguiran-siendo-viables-contar-con-ellas-en-las-escuelas\/#primaryimage"},"thumbnailUrl":"https:\/\/webdelmaestrocmf.com\/portal\/wp-content\/uploads\/2021\/10\/1-121.jpg","keywords":["Acaso","C\u00f3mputo","CONTAR","ellas","ESCUELAS","HERIBERTO PRIETO","Salas","seguir\u00e1n","siendo","viables"],"articleSection":["Z-Colaborador-Heriberto-Prieto","Z-Colaboradores"],"inLanguage":"es","potentialAction":[{"@type":"CommentAction","name":"Comment","target":["https:\/\/webdelmaestrocmf.com\/portal\/heriberto-prieto-las-salas-de-computo-acaso-seguiran-siendo-viables-contar-con-ellas-en-las-escuelas\/#respond"]}]},{"@type":"WebPage","@id":"https:\/\/webdelmaestrocmf.com\/portal\/heriberto-prieto-las-salas-de-computo-acaso-seguiran-siendo-viables-contar-con-ellas-en-las-escuelas\/","url":"https:\/\/webdelmaestrocmf.com\/portal\/heriberto-prieto-las-salas-de-computo-acaso-seguiran-siendo-viables-contar-con-ellas-en-las-escuelas\/","name":"[Heriberto Prieto] Las Salas de C\u00f3mputo: \u00bfAcaso seguir\u00e1n siendo viables contar con ellas en las Escuelas? - 2026","isPartOf":{"@id":"https:\/\/webdelmaestrocmf.com\/portal\/#website"},"primaryImageOfPage":{"@id":"https:\/\/webdelmaestrocmf.com\/portal\/heriberto-prieto-las-salas-de-computo-acaso-seguiran-siendo-viables-contar-con-ellas-en-las-escuelas\/#primaryimage"},"image":{"@id":"https:\/\/webdelmaestrocmf.com\/portal\/heriberto-prieto-las-salas-de-computo-acaso-seguiran-siendo-viables-contar-con-ellas-en-las-escuelas\/#primaryimage"},"thumbnailUrl":"https:\/\/webdelmaestrocmf.com\/portal\/wp-content\/uploads\/2021\/10\/1-121.jpg","datePublished":"2021-10-27T18:24:47+00:00","dateModified":"2021-10-27T19:02:02+00:00","description":"Durante el confinamiento debido\u00a0 a la primera y segunda ola de la pandemia del Covid-19 las escuelas cerraron con ellas las salas de c\u00f3mputo.","breadcrumb":{"@id":"https:\/\/webdelmaestrocmf.com\/portal\/heriberto-prieto-las-salas-de-computo-acaso-seguiran-siendo-viables-contar-con-ellas-en-las-escuelas\/#breadcrumb"},"inLanguage":"es","potentialAction":[{"@type":"ReadAction","target":["https:\/\/webdelmaestrocmf.com\/portal\/heriberto-prieto-las-salas-de-computo-acaso-seguiran-siendo-viables-contar-con-ellas-en-las-escuelas\/"]}]},{"@type":"ImageObject","inLanguage":"es","@id":"https:\/\/webdelmaestrocmf.com\/portal\/heriberto-prieto-las-salas-de-computo-acaso-seguiran-siendo-viables-contar-con-ellas-en-las-escuelas\/#primaryimage","url":"https:\/\/webdelmaestrocmf.com\/portal\/wp-content\/uploads\/2021\/10\/1-121.jpg","contentUrl":"https:\/\/webdelmaestrocmf.com\/portal\/wp-content\/uploads\/2021\/10\/1-121.jpg","width":1100,"height":680},{"@type":"BreadcrumbList","@id":"https:\/\/webdelmaestrocmf.com\/portal\/heriberto-prieto-las-salas-de-computo-acaso-seguiran-siendo-viables-contar-con-ellas-en-las-escuelas\/#breadcrumb","itemListElement":[{"@type":"ListItem","position":1,"name":"Portada","item":"https:\/\/webdelmaestrocmf.com\/portal\/"},{"@type":"ListItem","position":2,"name":"Z-Colaboradores","item":"https:\/\/webdelmaestrocmf.com\/portal\/category\/colaborador\/"},{"@type":"ListItem","position":3,"name":"[Heriberto Prieto] Las Salas de C\u00f3mputo: \u00bfAcaso seguir\u00e1n siendo viables contar con ellas en las Escuelas?"}]},{"@type":"WebSite","@id":"https:\/\/webdelmaestrocmf.com\/portal\/#website","url":"https:\/\/webdelmaestrocmf.com\/portal\/","name":"Web del Maestro CMF","description":"Maestros al servicio de la educaci\u00f3n","publisher":{"@id":"https:\/\/webdelmaestrocmf.com\/portal\/#organization"},"alternateName":"WMCMF","potentialAction":[{"@type":"SearchAction","target":{"@type":"EntryPoint","urlTemplate":"https:\/\/webdelmaestrocmf.com\/portal\/?s={search_term_string}"},"query-input":{"@type":"PropertyValueSpecification","valueRequired":true,"valueName":"search_term_string"}}],"inLanguage":"es"},{"@type":"Organization","@id":"https:\/\/webdelmaestrocmf.com\/portal\/#organization","name":"Web del Maestro CMF","alternateName":"WMCMF","url":"https:\/\/webdelmaestrocmf.com\/portal\/","logo":{"@type":"ImageObject","inLanguage":"es","@id":"https:\/\/webdelmaestrocmf.com\/portal\/#\/schema\/logo\/image\/","url":"https:\/\/webdelmaestrocmf.com\/portal\/wp-content\/uploads\/2023\/01\/logo-wmcmf-2.png","contentUrl":"https:\/\/webdelmaestrocmf.com\/portal\/wp-content\/uploads\/2023\/01\/logo-wmcmf-2.png","width":200,"height":60,"caption":"Web del Maestro CMF"},"image":{"@id":"https:\/\/webdelmaestrocmf.com\/portal\/#\/schema\/logo\/image\/"},"sameAs":["https:\/\/www.facebook.com\/WebdelMaestroCMF\/","https:\/\/x.com\/cmf_w","https:\/\/www.pinterest.com\/WMCMF\/","https:\/\/www.linkedin.com\/company\/web-del-maestro-cmf\/","https:\/\/www.instagram.com\/wmcmf\/","https:\/\/www.youtube.com\/channel\/UCDPSvjbdodE5sHnC3OxutHw","https:\/\/mastodon.social\/@wmcmf","https:\/\/www.tiktok.com\/@webdelmaestrocmf"]},{"@type":"Person","@id":"https:\/\/webdelmaestrocmf.com\/portal\/#\/schema\/person\/1072a2ed7bd960df8ef99a551fa35dc5","name":"Web del Maestro CMF","image":{"@type":"ImageObject","inLanguage":"es","@id":"https:\/\/secure.gravatar.com\/avatar\/23291dd5b5ae1077dcff3dbb04c3e02bd28403fa75af6d8787d5e97c5bbbe30b?s=96&d=mm&r=g","url":"https:\/\/secure.gravatar.com\/avatar\/23291dd5b5ae1077dcff3dbb04c3e02bd28403fa75af6d8787d5e97c5bbbe30b?s=96&d=mm&r=g","contentUrl":"https:\/\/secure.gravatar.com\/avatar\/23291dd5b5ae1077dcff3dbb04c3e02bd28403fa75af6d8787d5e97c5bbbe30b?s=96&d=mm&r=g","caption":"Web del Maestro CMF"},"description":"Esta Web se cre\u00f3 sin fines de lucro, con fines educativos, cient\u00edficos y acad\u00e9micos, para personas que tengan dificultades y\/o inconvenientes en visualizar el material original. El objetivo es entregar recursos, compartir experiencias y materiales que ayuden a los padres de familia, maestros y estudiantes en su actualizaci\u00f3n y formaci\u00f3n permanente, en bien de la Educaci\u00f3n.","sameAs":["http:\/\/webdelmaestrocmf.com\/portal","https:\/\/www.facebook.com\/WebdelMaestroCMF\/","https:\/\/www.instagram.com\/wmcmf\/","https:\/\/cl.linkedin.com\/company\/web-del-maestro-cmf","https:\/\/www.pinterest.com\/WMCMF\/publicaciones\/","https:\/\/x.com\/cmf_w","https:\/\/www.youtube.com\/@WMCMF"]}]}},"jetpack_featured_media_url":"https:\/\/webdelmaestrocmf.com\/portal\/wp-content\/uploads\/2021\/10\/1-121.jpg","jetpack_sharing_enabled":true,"jetpack-related-posts":[{"id":54506,"url":"https:\/\/webdelmaestrocmf.com\/portal\/heriberto-prieto-que-pasa-con-los-estudios-con-la-educacion-a-distancia\/","url_meta":{"origin":70098,"position":0},"title":"[Heriberto Prieto] \u00bfQu\u00e9 pasa con los estudios con la educaci\u00f3n a distancia?","author":"Web del Maestro CMF","date":"13 noviembre, 2020","format":false,"excerpt":"La situaci\u00f3n que actualmente surgi\u00f3 en el sistema escolarizado de pasar de la modalidad educativa presencial a distancia se debe a la pandemia del COVID-19, motivo por el cual la gran mayor\u00eda realiza sus estudios en la modalidad online,\u00a0 en los cuales existen preguntas como por ejemplo \u00bfQu\u00e9 tecnolog\u00edas digitales\u2026","rel":"","context":"En \u00abZ-Colaborador-Heriberto-Prieto\u00bb","block_context":{"text":"Z-Colaborador-Heriberto-Prieto","link":"https:\/\/webdelmaestrocmf.com\/portal\/category\/colaborador\/z-colaborador-heriberto-prieto\/"},"img":{"alt_text":"","src":"https:\/\/i0.wp.com\/webdelmaestrocmf.com\/portal\/wp-content\/uploads\/2020\/11\/1-copia-41.jpg?resize=350%2C200&ssl=1","width":350,"height":200,"srcset":"https:\/\/i0.wp.com\/webdelmaestrocmf.com\/portal\/wp-content\/uploads\/2020\/11\/1-copia-41.jpg?resize=350%2C200&ssl=1 1x, https:\/\/i0.wp.com\/webdelmaestrocmf.com\/portal\/wp-content\/uploads\/2020\/11\/1-copia-41.jpg?resize=525%2C300&ssl=1 1.5x, https:\/\/i0.wp.com\/webdelmaestrocmf.com\/portal\/wp-content\/uploads\/2020\/11\/1-copia-41.jpg?resize=700%2C400&ssl=1 2x, https:\/\/i0.wp.com\/webdelmaestrocmf.com\/portal\/wp-content\/uploads\/2020\/11\/1-copia-41.jpg?resize=1050%2C600&ssl=1 3x"},"classes":[]},{"id":56902,"url":"https:\/\/webdelmaestrocmf.com\/portal\/heriberto-prieto-reciben-beca-en-media-superior-cuidado-con-las-estafas\/","url_meta":{"origin":70098,"position":1},"title":"[Heriberto Prieto] Reciben Beca en Media Superior: Cuidado con las Estafas","author":"Web del Maestro CMF","date":"4 enero, 2021","format":false,"excerpt":"[M\u00e9xico] El recibir la beca se ha convertido en el momento m\u00e1s esperado para los estudiantes de nivel medio superior durante esta pandemia por el COVIT-19.\u00a0 Pero \u00bfqu\u00e9 cuidados se deben tener para no ser v\u00edctima de la delincuencia cibern\u00e9tica? Como alumno es un momento de gran alegr\u00eda saber que\u2026","rel":"","context":"En \u00abZ-Colaborador-Heriberto-Prieto\u00bb","block_context":{"text":"Z-Colaborador-Heriberto-Prieto","link":"https:\/\/webdelmaestrocmf.com\/portal\/category\/colaborador\/z-colaborador-heriberto-prieto\/"},"img":{"alt_text":"","src":"https:\/\/i0.wp.com\/webdelmaestrocmf.com\/portal\/wp-content\/uploads\/2021\/01\/1-copia-18.jpg?resize=350%2C200&ssl=1","width":350,"height":200,"srcset":"https:\/\/i0.wp.com\/webdelmaestrocmf.com\/portal\/wp-content\/uploads\/2021\/01\/1-copia-18.jpg?resize=350%2C200&ssl=1 1x, https:\/\/i0.wp.com\/webdelmaestrocmf.com\/portal\/wp-content\/uploads\/2021\/01\/1-copia-18.jpg?resize=525%2C300&ssl=1 1.5x, https:\/\/i0.wp.com\/webdelmaestrocmf.com\/portal\/wp-content\/uploads\/2021\/01\/1-copia-18.jpg?resize=700%2C400&ssl=1 2x, https:\/\/i0.wp.com\/webdelmaestrocmf.com\/portal\/wp-content\/uploads\/2021\/01\/1-copia-18.jpg?resize=1050%2C600&ssl=1 3x"},"classes":[]},{"id":28809,"url":"https:\/\/webdelmaestrocmf.com\/portal\/heriberto-prieto-exigencia-de-una-escuela-o-exigencia-para-la-vida\/","url_meta":{"origin":70098,"position":2},"title":"[Heriberto Prieto] exigencia de una escuela o exigencia para la vida","author":"Web del Maestro CMF","date":"12 junio, 2018","format":false,"excerpt":"Las escuelas se hab\u00edan convertido en centros te\u00f3ricos y de limitadas pr\u00e1cticas debido a la falta de actualizaci\u00f3n en equipamiento, renovaci\u00f3n de planes y programas de estudio. En muchos de los estudiantes quedaba la atemorizante situaci\u00f3n que despu\u00e9s de terminar sus estudios, aprender\u00eda sobre la pr\u00e1ctica laboral. Pero esto nunca\u2026","rel":"","context":"En \u00abZ-Colaborador-Heriberto-Prieto\u00bb","block_context":{"text":"Z-Colaborador-Heriberto-Prieto","link":"https:\/\/webdelmaestrocmf.com\/portal\/category\/colaborador\/z-colaborador-heriberto-prieto\/"},"img":{"alt_text":"","src":"https:\/\/i0.wp.com\/webdelmaestrocmf.com\/portal\/wp-content\/uploads\/2018\/06\/1-21.jpg?resize=350%2C200&ssl=1","width":350,"height":200,"srcset":"https:\/\/i0.wp.com\/webdelmaestrocmf.com\/portal\/wp-content\/uploads\/2018\/06\/1-21.jpg?resize=350%2C200&ssl=1 1x, https:\/\/i0.wp.com\/webdelmaestrocmf.com\/portal\/wp-content\/uploads\/2018\/06\/1-21.jpg?resize=525%2C300&ssl=1 1.5x, https:\/\/i0.wp.com\/webdelmaestrocmf.com\/portal\/wp-content\/uploads\/2018\/06\/1-21.jpg?resize=700%2C400&ssl=1 2x, https:\/\/i0.wp.com\/webdelmaestrocmf.com\/portal\/wp-content\/uploads\/2018\/06\/1-21.jpg?resize=1050%2C600&ssl=1 3x"},"classes":[]},{"id":59358,"url":"https:\/\/webdelmaestrocmf.com\/portal\/heriberto-prieto-habia-una-vez-un-virus-videojuego-de-aprendizaje-del-coronavirus\/","url_meta":{"origin":70098,"position":3},"title":"[Heriberto Prieto] Hab\u00eda una vez un Virus: Videojuego de Aprendizaje del Coronavirus","author":"Web del Maestro CMF","date":"15 febrero, 2021","format":false,"excerpt":"El Coronavirus vino a cambiar nuestro modo de vida, al quedarnos en el confinamiento. Las alternativas de aprendizaje que se dieron fue el uso de los medios de comunicaci\u00f3n y el internet en el que todo parec\u00eda estar en un sal\u00f3n de clases pero sentado por largo periodo desde casa.\u2026","rel":"","context":"En \u00abZ-Colaborador-Heriberto-Prieto\u00bb","block_context":{"text":"Z-Colaborador-Heriberto-Prieto","link":"https:\/\/webdelmaestrocmf.com\/portal\/category\/colaborador\/z-colaborador-heriberto-prieto\/"},"img":{"alt_text":"","src":"https:\/\/i0.wp.com\/webdelmaestrocmf.com\/portal\/wp-content\/uploads\/2021\/02\/1-copia-46.jpg?resize=350%2C200&ssl=1","width":350,"height":200,"srcset":"https:\/\/i0.wp.com\/webdelmaestrocmf.com\/portal\/wp-content\/uploads\/2021\/02\/1-copia-46.jpg?resize=350%2C200&ssl=1 1x, https:\/\/i0.wp.com\/webdelmaestrocmf.com\/portal\/wp-content\/uploads\/2021\/02\/1-copia-46.jpg?resize=525%2C300&ssl=1 1.5x, https:\/\/i0.wp.com\/webdelmaestrocmf.com\/portal\/wp-content\/uploads\/2021\/02\/1-copia-46.jpg?resize=700%2C400&ssl=1 2x, https:\/\/i0.wp.com\/webdelmaestrocmf.com\/portal\/wp-content\/uploads\/2021\/02\/1-copia-46.jpg?resize=1050%2C600&ssl=1 3x"},"classes":[]},{"id":73710,"url":"https:\/\/webdelmaestrocmf.com\/portal\/heriberto-prieto-evaluas-por-voto-en-redes-sociales-acaso-es-correcto\/","url_meta":{"origin":70098,"position":4},"title":"[Heriberto Prieto] Eval\u00faas por Voto en Redes Sociales. \u00bfAcaso es correcto?","author":"Web del Maestro CMF","date":"31 enero, 2022","format":false,"excerpt":"La popularidad no es sin\u00f3nimo de eficiencia. Cada d\u00eda los profesores someten a votaci\u00f3n en redes sociales el trabajo de sus alumnos, otorgando la calificaci\u00f3n m\u00e1s alta al que tiene m\u00e1s likes y comentarios, dejando de lado la calidad del trabajo que cumple los criterios evaluatorios. \u00bfSe est\u00e1 privilegiando el\u2026","rel":"","context":"En \u00abZ-Colaborador-Heriberto-Prieto\u00bb","block_context":{"text":"Z-Colaborador-Heriberto-Prieto","link":"https:\/\/webdelmaestrocmf.com\/portal\/category\/colaborador\/z-colaborador-heriberto-prieto\/"},"img":{"alt_text":"","src":"https:\/\/i0.wp.com\/webdelmaestrocmf.com\/portal\/wp-content\/uploads\/2022\/01\/1-173.jpg?resize=350%2C200&ssl=1","width":350,"height":200,"srcset":"https:\/\/i0.wp.com\/webdelmaestrocmf.com\/portal\/wp-content\/uploads\/2022\/01\/1-173.jpg?resize=350%2C200&ssl=1 1x, https:\/\/i0.wp.com\/webdelmaestrocmf.com\/portal\/wp-content\/uploads\/2022\/01\/1-173.jpg?resize=525%2C300&ssl=1 1.5x, https:\/\/i0.wp.com\/webdelmaestrocmf.com\/portal\/wp-content\/uploads\/2022\/01\/1-173.jpg?resize=700%2C400&ssl=1 2x, https:\/\/i0.wp.com\/webdelmaestrocmf.com\/portal\/wp-content\/uploads\/2022\/01\/1-173.jpg?resize=1050%2C600&ssl=1 3x"},"classes":[]},{"id":73306,"url":"https:\/\/webdelmaestrocmf.com\/portal\/heriberto-prieto-atado-a-los-datos-captura-continua-de-las-escuelas\/","url_meta":{"origin":70098,"position":5},"title":"[Heriberto Prieto] Atado a los Datos: Captura Continua de las Escuelas","author":"Web del Maestro CMF","date":"19 enero, 2022","format":false,"excerpt":"En un mundo hiperconectado el personal docente de los centros educativos est\u00e1n atados a las captura de datos, trabajo indirecto que resta a los procesos de ense\u00f1anza aprendizaje. El personal de las escuelas d\u00eda a d\u00eda tiene que recabar y registrar o captar datos sobre asistencia, programas sociales, salud, incidencias\u2026","rel":"","context":"En \u00abZ-Colaborador-Heriberto-Prieto\u00bb","block_context":{"text":"Z-Colaborador-Heriberto-Prieto","link":"https:\/\/webdelmaestrocmf.com\/portal\/category\/colaborador\/z-colaborador-heriberto-prieto\/"},"img":{"alt_text":"","src":"https:\/\/i0.wp.com\/webdelmaestrocmf.com\/portal\/wp-content\/uploads\/2022\/01\/1-125.jpg?resize=350%2C200&ssl=1","width":350,"height":200,"srcset":"https:\/\/i0.wp.com\/webdelmaestrocmf.com\/portal\/wp-content\/uploads\/2022\/01\/1-125.jpg?resize=350%2C200&ssl=1 1x, https:\/\/i0.wp.com\/webdelmaestrocmf.com\/portal\/wp-content\/uploads\/2022\/01\/1-125.jpg?resize=525%2C300&ssl=1 1.5x, https:\/\/i0.wp.com\/webdelmaestrocmf.com\/portal\/wp-content\/uploads\/2022\/01\/1-125.jpg?resize=700%2C400&ssl=1 2x, https:\/\/i0.wp.com\/webdelmaestrocmf.com\/portal\/wp-content\/uploads\/2022\/01\/1-125.jpg?resize=1050%2C600&ssl=1 3x"},"classes":[]}],"_links":{"self":[{"href":"https:\/\/webdelmaestrocmf.com\/portal\/wp-json\/wp\/v2\/posts\/70098","targetHints":{"allow":["GET"]}}],"collection":[{"href":"https:\/\/webdelmaestrocmf.com\/portal\/wp-json\/wp\/v2\/posts"}],"about":[{"href":"https:\/\/webdelmaestrocmf.com\/portal\/wp-json\/wp\/v2\/types\/post"}],"author":[{"embeddable":true,"href":"https:\/\/webdelmaestrocmf.com\/portal\/wp-json\/wp\/v2\/users\/1"}],"replies":[{"embeddable":true,"href":"https:\/\/webdelmaestrocmf.com\/portal\/wp-json\/wp\/v2\/comments?post=70098"}],"version-history":[{"count":0,"href":"https:\/\/webdelmaestrocmf.com\/portal\/wp-json\/wp\/v2\/posts\/70098\/revisions"}],"wp:featuredmedia":[{"embeddable":true,"href":"https:\/\/webdelmaestrocmf.com\/portal\/wp-json\/wp\/v2\/media\/70099"}],"wp:attachment":[{"href":"https:\/\/webdelmaestrocmf.com\/portal\/wp-json\/wp\/v2\/media?parent=70098"}],"wp:term":[{"taxonomy":"category","embeddable":true,"href":"https:\/\/webdelmaestrocmf.com\/portal\/wp-json\/wp\/v2\/categories?post=70098"},{"taxonomy":"post_tag","embeddable":true,"href":"https:\/\/webdelmaestrocmf.com\/portal\/wp-json\/wp\/v2\/tags?post=70098"}],"curies":[{"name":"wp","href":"https:\/\/api.w.org\/{rel}","templated":true}]}}