{"id":69599,"date":"2021-10-23T15:36:42","date_gmt":"2021-10-23T18:36:42","guid":{"rendered":"https:\/\/webdelmaestrocmf.com\/portal\/?p=69599"},"modified":"2021-10-23T15:40:50","modified_gmt":"2021-10-23T18:40:50","slug":"ernesto-gonzalez-no-importa-toma-los-mios","status":"publish","type":"post","link":"https:\/\/webdelmaestrocmf.com\/portal\/ernesto-gonzalez-no-importa-toma-los-mios\/","title":{"rendered":"[Ernesto Gonz\u00e1lez] \u00a1No importa toma los m\u00edos\u2026!"},"content":{"rendered":"<h5 style=\"text-align: justify;\">El poema <em>\u201cLos zapaticos de rosa\u201d,<\/em> cuyo autor Jos\u00e9 Mart\u00ed<a href=\"#_ftn1\" name=\"_ftnref1\">[1]<\/a>, aborda la situaci\u00f3n de una ni\u00f1a llamada Pilar que se dirige a la orilla del mar a estrenar su sombrero de pluma, donde la madre (padres adinerados) le indica que tenga cuidado no mancharse o mojarse en la arena sus zapaticos de rosa \u2013 asumiendo el color rosado de los mismos -, \u00bfQu\u00e9 sucede? Extraigo para ello, algunos de los fragmentos del poema.<\/h5>\n<p><!--more--><\/p>\n<p style=\"text-align: justify;\">Dicen que suenan las olas<br \/>\nmejor all\u00e1 en la barranca,<br \/>\ny que la arena es muy blanca<br \/>\ndonde est\u00e1n las ni\u00f1as solas.<\/p>\n<p style=\"text-align: justify;\">Pilar corre a su mam\u00e1:<br \/>\n\u00ab\u00a1Mam\u00e1, yo voy a ser buena;<br \/>\nd\u00e9jame ir sola a la arena;<br \/>\nall\u00e1, t\u00fa me ves, all\u00e1!\u00bb<\/p>\n<p style=\"text-align: justify;\">\u00a1Se va all\u00e1, donde \u00a1muy lejos!<br \/>\nlas aguas son m\u00e1s salobres,<br \/>\ndonde se sientan los pobres,<br \/>\ndonde se sientan los viejos!<\/p>\n<p style=\"text-align: justify;\">Se fue la ni\u00f1a a jugar,<br \/>\nla espuma blanca baj\u00f3,<br \/>\ny pas\u00f3 el tiempo, y pas\u00f3<br \/>\nun \u00e1guila por el mar.<\/p>\n<p style=\"text-align: justify;\">Trabaja mucho, trabaja,<br \/>\npara andar: \u00bfqu\u00e9 es lo que tiene<br \/>\nPilar que anda as\u00ed, que viene<br \/>\ncon la cabecita baja?<\/p>\n<p style=\"text-align: justify;\">Bien sabe la madre hermosa<br \/>\npor qu\u00e9 le cuesta el andar:<\/p>\n<p style=\"text-align: justify;\">\u00ab\u00bfY los zapatos, Pilar,<br \/>\nlos zapaticos de rosa?\u00bb<br \/>\n\u00ab\u00a1Ah, loca! \u00bfen d\u00f3nde estar\u00e1n?<\/p>\n<p style=\"text-align: justify;\">\u00a1Di d\u00f3nde Pilar!\u00bb \u00abSe\u00f1ora\u00bb,<br \/>\ndice una mujer que llora:<br \/>\n\u00ab\u00a1est\u00e1n conmigo, aqu\u00ed est\u00e1n!\u00bb<\/p>\n<p style=\"text-align: justify;\">\u00abYo tengo una ni\u00f1a enferma<br \/>\nque llora en el cuarto oscuro<br \/>\ny la traigo al aire puro,<br \/>\na ver el sol, y a que duerma\u00bb.<\/p>\n<p style=\"text-align: justify;\">\u00abCon sus dos brazos menudos<br \/>\nestaba como abrasando;<br \/>\ny yo mirando, mirando<br \/>\nsus piececitos desnudos\u00bb.<\/p>\n<p style=\"text-align: justify;\">\u00abMe lleg\u00f3 al cuerpo la espuma.<br \/>\nAlc\u00e9 los ojos y vi<br \/>\nesta ni\u00f1a frente a m\u00ed<br \/>\ncon su sombrero de pluma\u00bb.<\/p>\n<p style=\"text-align: justify;\">\u00ab\u00a1Se parece a los retratos<br \/>\ntu ni\u00f1a! dijo: \u00bfEs de cera?<br \/>\n\u00bfquiere jugar? \u00a1si quisiera!&#8230;<br \/>\n\u00bfy por qu\u00e9 est\u00e1 sin zapatos?\u00bb<\/p>\n<p style=\"text-align: justify;\">\u00abMira, \u00a1la mano le abrasa,<br \/>\ny tiene los pies tan fr\u00edos!<br \/>\n\u00a1oh, toma, toma los m\u00edos,<br \/>\nyo tengo m\u00e1s en mi casa!\u00bb<\/p>\n<p style=\"text-align: justify;\">\u00abNo s\u00e9 bien, se\u00f1ora hermosa,<br \/>\nlo que sucedi\u00f3 despu\u00e9s;<br \/>\n\u00a1Le vi a mi hijita en los pies<br \/>\nlos zapaticos de rosa!\u00bb<\/p>\n<p style=\"text-align: justify;\">Abri\u00f3 la madre los brazos,<br \/>\nse ech\u00f3 Pilar en su pecho,<br \/>\ny sac\u00f3 el traje deshecho,<br \/>\nsin adornos y sin lazos.<\/p>\n<p style=\"text-align: justify;\">Todo lo quiere saber<br \/>\nde la enferma la se\u00f1ora:<br \/>\n\u00a1No quiere saber que llora<br \/>\nde pobreza una mujer!<\/p>\n<p style=\"text-align: justify;\">\u00ab\u00a1S\u00ed, Pilar, \u00a1d\u00e1selo! \u00a1y eso<br \/>\ntambi\u00e9n! \u00a1tu manta! \u00a1tu anillo!\u00bb<br \/>\nY ella le dio su bolsillo,<br \/>\nle dio el clavel, le dio un beso.<\/p>\n<p style=\"text-align: justify;\">\u00bfQu\u00e9 hizo Pilar?; \u00bfcu\u00e1l fue la actitud de su mam\u00e1?; \u00bfQu\u00e9 valores se pusieron de manifiesto en lo le\u00eddo? \u00a0Si uno de los seleccionados \u2013 como valor &#8211; fue la Humildad, est\u00e1s en lo correcto.<\/p>\n<p style=\"text-align: justify;\">\u00bfQue entendemos por humildad? \u201cVirtud humana atribuida a quien ha desarrollado conciencia de sus propias limitaciones y debilidades, y obra en consecuencia, reconoce la igual dignidad de cada ser humano en tanto que todos vienen \u00abde la tierra\u201d.<\/p>\n<p style=\"text-align: justify;\">Una persona que act\u00faa con humildad no tiene complejos de superioridad ni tiene la necesidad de recordar constantemente a los dem\u00e1s sus \u00e9xitos y logros; mucho menos los usa para pisotear a las personas de su entorno; adem\u00e1s act\u00faa con modestia, sencillez y mesura; percibe las relaciones sociales desde la horizontalidad; escucha a los dem\u00e1s y toma en cuenta dichas opiniones; respeta genuinamente a los dem\u00e1s.<\/p>\n<p style=\"text-align: justify;\">Por cierto, analiza si en alguna ocasi\u00f3n, lo has sido o eres. \u00bfSugerencia? Es una bella cualidad o valor, apr\u00e9ndela y desarr\u00f3llala.<\/p>\n<p style=\"text-align: justify;\"><strong>NOTA DE REDACCI\u00d3N: <\/strong>La Web del Maestro CMF publica los textos originales de su autor, no necesariamente coincide con lo expuesto en el tema, no se hace responsable de las opiniones expresadas, y no promociona ning\u00fan producto, servicio, marca o empresa. Sugerimos a nuestros lectores conocer la identidad de la fuente o de su autor o autores, para tener mayores elementos de juicio y la pertinencia a su realidad educativa.<\/p>\n<p style=\"text-align: justify;\"><a href=\"#_ftnref1\" name=\"_ftn1\">[1]<\/a> Jos\u00e9 Mart\u00ed (1853 \u2013 1895). Poeta cubano, considerado el iniciador del modernismo literario en Hispanoam\u00e9rica.\u00a0 En este poema Mart\u00ed hace hincapi\u00e9 en los sentimientos humanos y en los valores universales que deben regir la conducta humana- El poema forma parte del libro la Edad de Oro, publicado por primera vez en 1889.<\/p>\n<p style=\"text-align: justify;\"><strong>NOTA DE REDACCI\u00d3N: <\/strong>La Web del Maestro CMF publica los textos originales de su autor, no necesariamente coincide con lo expuesto en el tema, no se hace responsable de las opiniones expresadas, y no promociona ning\u00fan producto, servicio, marca o empresa. Sugerimos a nuestros lectores conocer la identidad de la fuente o de su autor o autores, para tener mayores elementos de juicio y la pertinencia a su realidad educativa.<\/p>\n<table class=\" alignleft\" border=\"0\" width=\"100%\" cellspacing=\"10\" cellpadding=\"10\">\n<tbody>\n<tr>\n<td style=\"text-align: center;\" width=\"30%\"><strong><img loading=\"lazy\" decoding=\"async\" class=\"size-full wp-image-35086 aligncenter\" src=\"http:\/\/webdelmaestrocmf.com\/portal\/wp-content\/uploads\/2019\/02\/1-6.jpg\" alt=\"\" width=\"200\" height=\"200\" srcset=\"https:\/\/webdelmaestrocmf.com\/portal\/wp-content\/uploads\/2019\/02\/1-6.jpg 200w, https:\/\/webdelmaestrocmf.com\/portal\/wp-content\/uploads\/2019\/02\/1-6-150x150.jpg 150w, https:\/\/webdelmaestrocmf.com\/portal\/wp-content\/uploads\/2019\/02\/1-6-109x109.jpg 109w, https:\/\/webdelmaestrocmf.com\/portal\/wp-content\/uploads\/2019\/02\/1-6-100x100.jpg 100w, https:\/\/webdelmaestrocmf.com\/portal\/wp-content\/uploads\/2019\/02\/1-6-65x65.jpg 65w\" sizes=\"auto, (max-width: 200px) 100vw, 200px\" \/><br \/>\nAutor: <\/strong>Ernesto Gonzalez , ciudadano nicarag\u00fcense, nacido en Cuba.<strong><br \/>\nExperiencia laboral:<\/strong> Lic. en Ciencias Pedag\u00f3gicas con menci\u00f3n en qu\u00edmica. 40 a\u00f1os de experiencia como docente en los niveles de educaci\u00f3n media y superior; cursos de posgrado propios de la especialidad y en pedagog\u00eda; autor de libros de texto para la ense\u00f1anza media tanto en ciencias naturales, como sociales. Articulista para los peri\u00f3dicos La Prensa, El Nuevo Diario (nicarag\u00fcenses 2000-2008), actualmente para el peri\u00f3dico El Siglo 21 guatemalteco.<strong><br \/>\nCorreo electr\u00f3nico:<\/strong> <a href=\"mailto:eglezvaldes@gmail.com\">eglezvaldes@gmail.com<\/a><br \/>\n<strong>Cuenta de twitter:<\/strong> <a href=\"https:\/\/twitter.com\/search?q=%40gonzlez_ernesto&amp;src=typd\" target=\"_blank\" rel=\"noopener noreferrer\">@gonzlez_ernesto<\/a><\/td>\n<\/tr>\n<\/tbody>\n<\/table>\n<p style=\"text-align: left;\">.<\/p>\n\t\t<div class=\"pk-inline-posts\">\n\t\t\t\n\t\t\t<div class=\"pk-inline-posts-container pk-inline-posts-template-list\"\n\t\t\t\tdata-columns=\"1\">\n\t\t\t\t\t\t<article id=\"post-83656\" class=\"post-83656 post type-post status-publish format-standard has-post-thumbnail category-colaborador category-z-colaboradores-ernesto-gonzalez tag-blandas tag-competencias tag-ernesto-gonzalez cs-entry cs-video-wrap\">\n\t\t\t<div class=\"pk-post-outer\">\n\n\t\t\t\t\t\t\t\t<div class=\"pk-post-inner\">\n\t\t\t\t\t<div class=\"entry-thumbnail\">\n\t\t\t\t\t\t<div class=\"pk-overlay pk-overlay-ratio pk-ratio-landscape\">\n\t\t\t\t\t\t\t<div class=\"pk-overlay-background\">\n\t\t\t\t\t\t\t\t<a href=\"https:\/\/webdelmaestrocmf.com\/portal\/ernesto-gonzalezcompetencias-blandas\/\" class=\"pk-overlay-link\">\n\t\t\t\t\t\t\t\t\t<img loading=\"lazy\" decoding=\"async\" width=\"300\" height=\"225\" src=\"https:\/\/webdelmaestrocmf.com\/portal\/wp-content\/uploads\/2023\/02\/1-1-300x225.jpg\" class=\"attachment-pk-thumbnail size-pk-thumbnail wp-post-image\" alt=\"\" srcset=\"https:\/\/webdelmaestrocmf.com\/portal\/wp-content\/uploads\/2023\/02\/1-1-300x225.jpg 300w, https:\/\/webdelmaestrocmf.com\/portal\/wp-content\/uploads\/2023\/02\/1-1-200x150.jpg 200w, https:\/\/webdelmaestrocmf.com\/portal\/wp-content\/uploads\/2023\/02\/1-1-260x195.jpg 260w\" sizes=\"auto, (max-width: 300px) 100vw, 300px\" \/>\t\t\t\t\t\t\t\t<\/a>\n\t\t\t\t\t\t\t<\/div>\n\t\t\t\t\t\t<\/div>\n\t\t\t\t\t<\/div>\n\t\t\t\t<\/div>\n\t\t\t\t\n\t\t\t\t<div class=\"pk-post-inner\">\n\t\t\t\t\t<header>\n\t\t\t\t\t\t<h3 class=\"pk-title\"><a href=\"https:\/\/webdelmaestrocmf.com\/portal\/ernesto-gonzalezcompetencias-blandas\/\" rel=\"bookmark\">[Ernesto Gonz\u00e1lez]\u00bfCompetencias blandas?<\/a><\/h3>\t\t\t\t\t<\/header><!-- .entry-header -->\n\t\t\t\t<\/div><!-- .post-inner -->\n\n\t\t\t<\/div><!-- .post-outer -->\n\t\t<\/article>\n\t\t\t\t<\/div>\n\t\t<\/div>\n\t\t\n","protected":false},"excerpt":{"rendered":"El poema \u201cLos zapaticos de rosa\u201d, cuyo autor Jos\u00e9 Mart\u00ed[1], aborda la situaci\u00f3n de una ni\u00f1a llamada Pilar&hellip;","protected":false},"author":1,"featured_media":69602,"comment_status":"open","ping_status":"closed","sticky":false,"template":"","format":"standard","meta":{"csco_display_header_overlay":false,"csco_singular_sidebar":"default","csco_page_header_type":"default","csco_page_load_nextpost":"default","csco_post_video_location":[],"csco_post_video_location_hash":"","csco_post_video_url":"","csco_post_video_bg_start_time":0,"csco_post_video_bg_end_time":0,"csco_post_video_bg_volume":false,"_jetpack_memberships_contains_paid_content":false,"footnotes":""},"categories":[1790,4122],"tags":[4123,14211,14253,14254],"class_list":{"0":"post-69599","1":"post","2":"type-post","3":"status-publish","4":"format-standard","5":"has-post-thumbnail","7":"category-colaborador","8":"category-z-colaboradores-ernesto-gonzalez","9":"tag-ernesto-gonzalez","10":"tag-mios","11":"tag-no-importa","12":"tag-toma","13":"cs-entry","14":"cs-video-wrap"},"yoast_head":"<!-- This site is optimized with the Yoast SEO plugin v27.5 - https:\/\/yoast.com\/product\/yoast-seo-wordpress\/ -->\n<title>[Ernesto Gonz\u00e1lez] \u00a1No importa toma los m\u00edos\u2026! - 2026<\/title>\n<meta name=\"description\" content=\"El poema \u201cLos zapaticos de rosa\u201d, cuyo autor Jos\u00e9 Mart\u00ed[1], aborda la situaci\u00f3n de una ni\u00f1a llamada Pilar que se dirige a la orilla...\" \/>\n<meta name=\"robots\" content=\"index, follow, max-snippet:-1, max-image-preview:large, max-video-preview:-1\" \/>\n<link rel=\"canonical\" href=\"https:\/\/webdelmaestrocmf.com\/portal\/ernesto-gonzalez-no-importa-toma-los-mios\/\" \/>\n<meta property=\"og:locale\" content=\"es_ES\" \/>\n<meta property=\"og:type\" content=\"article\" \/>\n<meta property=\"og:title\" content=\"[Ernesto Gonz\u00e1lez] \u00a1No importa toma los m\u00edos\u2026! - 2026\" \/>\n<meta property=\"og:description\" content=\"El poema \u201cLos zapaticos de rosa\u201d, cuyo autor Jos\u00e9 Mart\u00ed[1], aborda la situaci\u00f3n de una ni\u00f1a llamada Pilar que se dirige a la orilla...\" \/>\n<meta property=\"og:url\" content=\"https:\/\/webdelmaestrocmf.com\/portal\/ernesto-gonzalez-no-importa-toma-los-mios\/\" \/>\n<meta property=\"og:site_name\" content=\"Web del Maestro CMF\" \/>\n<meta property=\"article:publisher\" content=\"https:\/\/www.facebook.com\/WebdelMaestroCMF\/\" \/>\n<meta property=\"article:author\" content=\"https:\/\/www.facebook.com\/WebdelMaestroCMF\/\" \/>\n<meta property=\"article:published_time\" content=\"2021-10-23T18:36:42+00:00\" \/>\n<meta property=\"article:modified_time\" content=\"2021-10-23T18:40:50+00:00\" \/>\n<meta property=\"og:image\" content=\"https:\/\/i0.wp.com\/webdelmaestrocmf.com\/portal\/wp-content\/uploads\/2021\/10\/1-96.jpg?fit=1100%2C680&ssl=1\" \/>\n\t<meta property=\"og:image:width\" content=\"1100\" \/>\n\t<meta property=\"og:image:height\" content=\"680\" \/>\n\t<meta property=\"og:image:type\" content=\"image\/jpeg\" \/>\n<meta name=\"author\" content=\"Web del Maestro CMF\" \/>\n<meta name=\"twitter:card\" content=\"summary_large_image\" \/>\n<meta name=\"twitter:creator\" content=\"@cmf_w\" \/>\n<meta name=\"twitter:site\" content=\"@cmf_w\" \/>\n<script type=\"application\/ld+json\" class=\"yoast-schema-graph\">{\"@context\":\"https:\\\/\\\/schema.org\",\"@graph\":[{\"@type\":\"ScholarlyArticle\",\"@id\":\"https:\\\/\\\/webdelmaestrocmf.com\\\/portal\\\/ernesto-gonzalez-no-importa-toma-los-mios\\\/#article\",\"isPartOf\":{\"@id\":\"https:\\\/\\\/webdelmaestrocmf.com\\\/portal\\\/ernesto-gonzalez-no-importa-toma-los-mios\\\/\"},\"author\":{\"name\":\"Web del Maestro CMF\",\"@id\":\"https:\\\/\\\/webdelmaestrocmf.com\\\/portal\\\/#\\\/schema\\\/person\\\/1072a2ed7bd960df8ef99a551fa35dc5\"},\"headline\":\"[Ernesto Gonz\u00e1lez] \u00a1No importa toma los m\u00edos\u2026!\",\"datePublished\":\"2021-10-23T18:36:42+00:00\",\"dateModified\":\"2021-10-23T18:40:50+00:00\",\"mainEntityOfPage\":{\"@id\":\"https:\\\/\\\/webdelmaestrocmf.com\\\/portal\\\/ernesto-gonzalez-no-importa-toma-los-mios\\\/\"},\"wordCount\":899,\"commentCount\":0,\"publisher\":{\"@id\":\"https:\\\/\\\/webdelmaestrocmf.com\\\/portal\\\/#organization\"},\"image\":{\"@id\":\"https:\\\/\\\/webdelmaestrocmf.com\\\/portal\\\/ernesto-gonzalez-no-importa-toma-los-mios\\\/#primaryimage\"},\"thumbnailUrl\":\"https:\\\/\\\/webdelmaestrocmf.com\\\/portal\\\/wp-content\\\/uploads\\\/2021\\\/10\\\/1-96.jpg\",\"keywords\":[\"ERNESTO GONZALEZ\",\"m\u00edos\",\"No importa\",\"toma\"],\"articleSection\":[\"Z-Colaboradores\",\"Z-Colaboradores-Ernesto-Gonzalez\"],\"inLanguage\":\"es\",\"potentialAction\":[{\"@type\":\"CommentAction\",\"name\":\"Comment\",\"target\":[\"https:\\\/\\\/webdelmaestrocmf.com\\\/portal\\\/ernesto-gonzalez-no-importa-toma-los-mios\\\/#respond\"]}]},{\"@type\":\"WebPage\",\"@id\":\"https:\\\/\\\/webdelmaestrocmf.com\\\/portal\\\/ernesto-gonzalez-no-importa-toma-los-mios\\\/\",\"url\":\"https:\\\/\\\/webdelmaestrocmf.com\\\/portal\\\/ernesto-gonzalez-no-importa-toma-los-mios\\\/\",\"name\":\"[Ernesto Gonz\u00e1lez] \u00a1No importa toma los m\u00edos\u2026! - 2026\",\"isPartOf\":{\"@id\":\"https:\\\/\\\/webdelmaestrocmf.com\\\/portal\\\/#website\"},\"primaryImageOfPage\":{\"@id\":\"https:\\\/\\\/webdelmaestrocmf.com\\\/portal\\\/ernesto-gonzalez-no-importa-toma-los-mios\\\/#primaryimage\"},\"image\":{\"@id\":\"https:\\\/\\\/webdelmaestrocmf.com\\\/portal\\\/ernesto-gonzalez-no-importa-toma-los-mios\\\/#primaryimage\"},\"thumbnailUrl\":\"https:\\\/\\\/webdelmaestrocmf.com\\\/portal\\\/wp-content\\\/uploads\\\/2021\\\/10\\\/1-96.jpg\",\"datePublished\":\"2021-10-23T18:36:42+00:00\",\"dateModified\":\"2021-10-23T18:40:50+00:00\",\"description\":\"El poema \u201cLos zapaticos de rosa\u201d, cuyo autor Jos\u00e9 Mart\u00ed[1], aborda la situaci\u00f3n de una ni\u00f1a llamada Pilar que se dirige a la orilla...\",\"breadcrumb\":{\"@id\":\"https:\\\/\\\/webdelmaestrocmf.com\\\/portal\\\/ernesto-gonzalez-no-importa-toma-los-mios\\\/#breadcrumb\"},\"inLanguage\":\"es\",\"potentialAction\":[{\"@type\":\"ReadAction\",\"target\":[\"https:\\\/\\\/webdelmaestrocmf.com\\\/portal\\\/ernesto-gonzalez-no-importa-toma-los-mios\\\/\"]}]},{\"@type\":\"ImageObject\",\"inLanguage\":\"es\",\"@id\":\"https:\\\/\\\/webdelmaestrocmf.com\\\/portal\\\/ernesto-gonzalez-no-importa-toma-los-mios\\\/#primaryimage\",\"url\":\"https:\\\/\\\/webdelmaestrocmf.com\\\/portal\\\/wp-content\\\/uploads\\\/2021\\\/10\\\/1-96.jpg\",\"contentUrl\":\"https:\\\/\\\/webdelmaestrocmf.com\\\/portal\\\/wp-content\\\/uploads\\\/2021\\\/10\\\/1-96.jpg\",\"width\":1100,\"height\":680},{\"@type\":\"BreadcrumbList\",\"@id\":\"https:\\\/\\\/webdelmaestrocmf.com\\\/portal\\\/ernesto-gonzalez-no-importa-toma-los-mios\\\/#breadcrumb\",\"itemListElement\":[{\"@type\":\"ListItem\",\"position\":1,\"name\":\"Portada\",\"item\":\"https:\\\/\\\/webdelmaestrocmf.com\\\/portal\\\/\"},{\"@type\":\"ListItem\",\"position\":2,\"name\":\"Z-Colaboradores\",\"item\":\"https:\\\/\\\/webdelmaestrocmf.com\\\/portal\\\/category\\\/colaborador\\\/\"},{\"@type\":\"ListItem\",\"position\":3,\"name\":\"[Ernesto Gonz\u00e1lez] \u00a1No importa toma los m\u00edos\u2026!\"}]},{\"@type\":\"WebSite\",\"@id\":\"https:\\\/\\\/webdelmaestrocmf.com\\\/portal\\\/#website\",\"url\":\"https:\\\/\\\/webdelmaestrocmf.com\\\/portal\\\/\",\"name\":\"Web del Maestro CMF\",\"description\":\"Maestros al servicio de la educaci\u00f3n\",\"publisher\":{\"@id\":\"https:\\\/\\\/webdelmaestrocmf.com\\\/portal\\\/#organization\"},\"alternateName\":\"WMCMF\",\"potentialAction\":[{\"@type\":\"SearchAction\",\"target\":{\"@type\":\"EntryPoint\",\"urlTemplate\":\"https:\\\/\\\/webdelmaestrocmf.com\\\/portal\\\/?s={search_term_string}\"},\"query-input\":{\"@type\":\"PropertyValueSpecification\",\"valueRequired\":true,\"valueName\":\"search_term_string\"}}],\"inLanguage\":\"es\"},{\"@type\":\"Organization\",\"@id\":\"https:\\\/\\\/webdelmaestrocmf.com\\\/portal\\\/#organization\",\"name\":\"Web del Maestro CMF\",\"alternateName\":\"WMCMF\",\"url\":\"https:\\\/\\\/webdelmaestrocmf.com\\\/portal\\\/\",\"logo\":{\"@type\":\"ImageObject\",\"inLanguage\":\"es\",\"@id\":\"https:\\\/\\\/webdelmaestrocmf.com\\\/portal\\\/#\\\/schema\\\/logo\\\/image\\\/\",\"url\":\"https:\\\/\\\/webdelmaestrocmf.com\\\/portal\\\/wp-content\\\/uploads\\\/2023\\\/01\\\/logo-wmcmf-2.png\",\"contentUrl\":\"https:\\\/\\\/webdelmaestrocmf.com\\\/portal\\\/wp-content\\\/uploads\\\/2023\\\/01\\\/logo-wmcmf-2.png\",\"width\":200,\"height\":60,\"caption\":\"Web del Maestro CMF\"},\"image\":{\"@id\":\"https:\\\/\\\/webdelmaestrocmf.com\\\/portal\\\/#\\\/schema\\\/logo\\\/image\\\/\"},\"sameAs\":[\"https:\\\/\\\/www.facebook.com\\\/WebdelMaestroCMF\\\/\",\"https:\\\/\\\/x.com\\\/cmf_w\",\"https:\\\/\\\/www.pinterest.com\\\/WMCMF\\\/\",\"https:\\\/\\\/www.linkedin.com\\\/company\\\/web-del-maestro-cmf\\\/\",\"https:\\\/\\\/www.instagram.com\\\/wmcmf\\\/\",\"https:\\\/\\\/www.youtube.com\\\/channel\\\/UCDPSvjbdodE5sHnC3OxutHw\",\"https:\\\/\\\/mastodon.social\\\/@wmcmf\",\"https:\\\/\\\/www.tiktok.com\\\/@webdelmaestrocmf\"]},{\"@type\":\"Person\",\"@id\":\"https:\\\/\\\/webdelmaestrocmf.com\\\/portal\\\/#\\\/schema\\\/person\\\/1072a2ed7bd960df8ef99a551fa35dc5\",\"name\":\"Web del Maestro CMF\",\"image\":{\"@type\":\"ImageObject\",\"inLanguage\":\"es\",\"@id\":\"https:\\\/\\\/secure.gravatar.com\\\/avatar\\\/23291dd5b5ae1077dcff3dbb04c3e02bd28403fa75af6d8787d5e97c5bbbe30b?s=96&d=mm&r=g\",\"url\":\"https:\\\/\\\/secure.gravatar.com\\\/avatar\\\/23291dd5b5ae1077dcff3dbb04c3e02bd28403fa75af6d8787d5e97c5bbbe30b?s=96&d=mm&r=g\",\"contentUrl\":\"https:\\\/\\\/secure.gravatar.com\\\/avatar\\\/23291dd5b5ae1077dcff3dbb04c3e02bd28403fa75af6d8787d5e97c5bbbe30b?s=96&d=mm&r=g\",\"caption\":\"Web del Maestro CMF\"},\"description\":\"Esta Web se cre\u00f3 sin fines de lucro, con fines educativos, cient\u00edficos y acad\u00e9micos, para personas que tengan dificultades y\\\/o inconvenientes en visualizar el material original. El objetivo es entregar recursos, compartir experiencias y materiales que ayuden a los padres de familia, maestros y estudiantes en su actualizaci\u00f3n y formaci\u00f3n permanente, en bien de la Educaci\u00f3n.\",\"sameAs\":[\"http:\\\/\\\/webdelmaestrocmf.com\\\/portal\",\"https:\\\/\\\/www.facebook.com\\\/WebdelMaestroCMF\\\/\",\"https:\\\/\\\/www.instagram.com\\\/wmcmf\\\/\",\"https:\\\/\\\/cl.linkedin.com\\\/company\\\/web-del-maestro-cmf\",\"https:\\\/\\\/www.pinterest.com\\\/WMCMF\\\/publicaciones\\\/\",\"https:\\\/\\\/x.com\\\/cmf_w\",\"https:\\\/\\\/www.youtube.com\\\/@WMCMF\"]}]}<\/script>\n<!-- \/ Yoast SEO plugin. -->","yoast_head_json":{"title":"[Ernesto Gonz\u00e1lez] \u00a1No importa toma los m\u00edos\u2026! - 2026","description":"El poema \u201cLos zapaticos de rosa\u201d, cuyo autor Jos\u00e9 Mart\u00ed[1], aborda la situaci\u00f3n de una ni\u00f1a llamada Pilar que se dirige a la orilla...","robots":{"index":"index","follow":"follow","max-snippet":"max-snippet:-1","max-image-preview":"max-image-preview:large","max-video-preview":"max-video-preview:-1"},"canonical":"https:\/\/webdelmaestrocmf.com\/portal\/ernesto-gonzalez-no-importa-toma-los-mios\/","og_locale":"es_ES","og_type":"article","og_title":"[Ernesto Gonz\u00e1lez] \u00a1No importa toma los m\u00edos\u2026! - 2026","og_description":"El poema \u201cLos zapaticos de rosa\u201d, cuyo autor Jos\u00e9 Mart\u00ed[1], aborda la situaci\u00f3n de una ni\u00f1a llamada Pilar que se dirige a la orilla...","og_url":"https:\/\/webdelmaestrocmf.com\/portal\/ernesto-gonzalez-no-importa-toma-los-mios\/","og_site_name":"Web del Maestro CMF","article_publisher":"https:\/\/www.facebook.com\/WebdelMaestroCMF\/","article_author":"https:\/\/www.facebook.com\/WebdelMaestroCMF\/","article_published_time":"2021-10-23T18:36:42+00:00","article_modified_time":"2021-10-23T18:40:50+00:00","og_image":[{"width":1100,"height":680,"url":"https:\/\/i0.wp.com\/webdelmaestrocmf.com\/portal\/wp-content\/uploads\/2021\/10\/1-96.jpg?fit=1100%2C680&ssl=1","type":"image\/jpeg"}],"author":"Web del Maestro CMF","twitter_card":"summary_large_image","twitter_creator":"@cmf_w","twitter_site":"@cmf_w","schema":{"@context":"https:\/\/schema.org","@graph":[{"@type":"ScholarlyArticle","@id":"https:\/\/webdelmaestrocmf.com\/portal\/ernesto-gonzalez-no-importa-toma-los-mios\/#article","isPartOf":{"@id":"https:\/\/webdelmaestrocmf.com\/portal\/ernesto-gonzalez-no-importa-toma-los-mios\/"},"author":{"name":"Web del Maestro CMF","@id":"https:\/\/webdelmaestrocmf.com\/portal\/#\/schema\/person\/1072a2ed7bd960df8ef99a551fa35dc5"},"headline":"[Ernesto Gonz\u00e1lez] \u00a1No importa toma los m\u00edos\u2026!","datePublished":"2021-10-23T18:36:42+00:00","dateModified":"2021-10-23T18:40:50+00:00","mainEntityOfPage":{"@id":"https:\/\/webdelmaestrocmf.com\/portal\/ernesto-gonzalez-no-importa-toma-los-mios\/"},"wordCount":899,"commentCount":0,"publisher":{"@id":"https:\/\/webdelmaestrocmf.com\/portal\/#organization"},"image":{"@id":"https:\/\/webdelmaestrocmf.com\/portal\/ernesto-gonzalez-no-importa-toma-los-mios\/#primaryimage"},"thumbnailUrl":"https:\/\/webdelmaestrocmf.com\/portal\/wp-content\/uploads\/2021\/10\/1-96.jpg","keywords":["ERNESTO GONZALEZ","m\u00edos","No importa","toma"],"articleSection":["Z-Colaboradores","Z-Colaboradores-Ernesto-Gonzalez"],"inLanguage":"es","potentialAction":[{"@type":"CommentAction","name":"Comment","target":["https:\/\/webdelmaestrocmf.com\/portal\/ernesto-gonzalez-no-importa-toma-los-mios\/#respond"]}]},{"@type":"WebPage","@id":"https:\/\/webdelmaestrocmf.com\/portal\/ernesto-gonzalez-no-importa-toma-los-mios\/","url":"https:\/\/webdelmaestrocmf.com\/portal\/ernesto-gonzalez-no-importa-toma-los-mios\/","name":"[Ernesto Gonz\u00e1lez] \u00a1No importa toma los m\u00edos\u2026! - 2026","isPartOf":{"@id":"https:\/\/webdelmaestrocmf.com\/portal\/#website"},"primaryImageOfPage":{"@id":"https:\/\/webdelmaestrocmf.com\/portal\/ernesto-gonzalez-no-importa-toma-los-mios\/#primaryimage"},"image":{"@id":"https:\/\/webdelmaestrocmf.com\/portal\/ernesto-gonzalez-no-importa-toma-los-mios\/#primaryimage"},"thumbnailUrl":"https:\/\/webdelmaestrocmf.com\/portal\/wp-content\/uploads\/2021\/10\/1-96.jpg","datePublished":"2021-10-23T18:36:42+00:00","dateModified":"2021-10-23T18:40:50+00:00","description":"El poema \u201cLos zapaticos de rosa\u201d, cuyo autor Jos\u00e9 Mart\u00ed[1], aborda la situaci\u00f3n de una ni\u00f1a llamada Pilar que se dirige a la orilla...","breadcrumb":{"@id":"https:\/\/webdelmaestrocmf.com\/portal\/ernesto-gonzalez-no-importa-toma-los-mios\/#breadcrumb"},"inLanguage":"es","potentialAction":[{"@type":"ReadAction","target":["https:\/\/webdelmaestrocmf.com\/portal\/ernesto-gonzalez-no-importa-toma-los-mios\/"]}]},{"@type":"ImageObject","inLanguage":"es","@id":"https:\/\/webdelmaestrocmf.com\/portal\/ernesto-gonzalez-no-importa-toma-los-mios\/#primaryimage","url":"https:\/\/webdelmaestrocmf.com\/portal\/wp-content\/uploads\/2021\/10\/1-96.jpg","contentUrl":"https:\/\/webdelmaestrocmf.com\/portal\/wp-content\/uploads\/2021\/10\/1-96.jpg","width":1100,"height":680},{"@type":"BreadcrumbList","@id":"https:\/\/webdelmaestrocmf.com\/portal\/ernesto-gonzalez-no-importa-toma-los-mios\/#breadcrumb","itemListElement":[{"@type":"ListItem","position":1,"name":"Portada","item":"https:\/\/webdelmaestrocmf.com\/portal\/"},{"@type":"ListItem","position":2,"name":"Z-Colaboradores","item":"https:\/\/webdelmaestrocmf.com\/portal\/category\/colaborador\/"},{"@type":"ListItem","position":3,"name":"[Ernesto Gonz\u00e1lez] \u00a1No importa toma los m\u00edos\u2026!"}]},{"@type":"WebSite","@id":"https:\/\/webdelmaestrocmf.com\/portal\/#website","url":"https:\/\/webdelmaestrocmf.com\/portal\/","name":"Web del Maestro CMF","description":"Maestros al servicio de la educaci\u00f3n","publisher":{"@id":"https:\/\/webdelmaestrocmf.com\/portal\/#organization"},"alternateName":"WMCMF","potentialAction":[{"@type":"SearchAction","target":{"@type":"EntryPoint","urlTemplate":"https:\/\/webdelmaestrocmf.com\/portal\/?s={search_term_string}"},"query-input":{"@type":"PropertyValueSpecification","valueRequired":true,"valueName":"search_term_string"}}],"inLanguage":"es"},{"@type":"Organization","@id":"https:\/\/webdelmaestrocmf.com\/portal\/#organization","name":"Web del Maestro CMF","alternateName":"WMCMF","url":"https:\/\/webdelmaestrocmf.com\/portal\/","logo":{"@type":"ImageObject","inLanguage":"es","@id":"https:\/\/webdelmaestrocmf.com\/portal\/#\/schema\/logo\/image\/","url":"https:\/\/webdelmaestrocmf.com\/portal\/wp-content\/uploads\/2023\/01\/logo-wmcmf-2.png","contentUrl":"https:\/\/webdelmaestrocmf.com\/portal\/wp-content\/uploads\/2023\/01\/logo-wmcmf-2.png","width":200,"height":60,"caption":"Web del Maestro CMF"},"image":{"@id":"https:\/\/webdelmaestrocmf.com\/portal\/#\/schema\/logo\/image\/"},"sameAs":["https:\/\/www.facebook.com\/WebdelMaestroCMF\/","https:\/\/x.com\/cmf_w","https:\/\/www.pinterest.com\/WMCMF\/","https:\/\/www.linkedin.com\/company\/web-del-maestro-cmf\/","https:\/\/www.instagram.com\/wmcmf\/","https:\/\/www.youtube.com\/channel\/UCDPSvjbdodE5sHnC3OxutHw","https:\/\/mastodon.social\/@wmcmf","https:\/\/www.tiktok.com\/@webdelmaestrocmf"]},{"@type":"Person","@id":"https:\/\/webdelmaestrocmf.com\/portal\/#\/schema\/person\/1072a2ed7bd960df8ef99a551fa35dc5","name":"Web del Maestro CMF","image":{"@type":"ImageObject","inLanguage":"es","@id":"https:\/\/secure.gravatar.com\/avatar\/23291dd5b5ae1077dcff3dbb04c3e02bd28403fa75af6d8787d5e97c5bbbe30b?s=96&d=mm&r=g","url":"https:\/\/secure.gravatar.com\/avatar\/23291dd5b5ae1077dcff3dbb04c3e02bd28403fa75af6d8787d5e97c5bbbe30b?s=96&d=mm&r=g","contentUrl":"https:\/\/secure.gravatar.com\/avatar\/23291dd5b5ae1077dcff3dbb04c3e02bd28403fa75af6d8787d5e97c5bbbe30b?s=96&d=mm&r=g","caption":"Web del Maestro CMF"},"description":"Esta Web se cre\u00f3 sin fines de lucro, con fines educativos, cient\u00edficos y acad\u00e9micos, para personas que tengan dificultades y\/o inconvenientes en visualizar el material original. El objetivo es entregar recursos, compartir experiencias y materiales que ayuden a los padres de familia, maestros y estudiantes en su actualizaci\u00f3n y formaci\u00f3n permanente, en bien de la Educaci\u00f3n.","sameAs":["http:\/\/webdelmaestrocmf.com\/portal","https:\/\/www.facebook.com\/WebdelMaestroCMF\/","https:\/\/www.instagram.com\/wmcmf\/","https:\/\/cl.linkedin.com\/company\/web-del-maestro-cmf","https:\/\/www.pinterest.com\/WMCMF\/publicaciones\/","https:\/\/x.com\/cmf_w","https:\/\/www.youtube.com\/@WMCMF"]}]}},"jetpack_featured_media_url":"https:\/\/webdelmaestrocmf.com\/portal\/wp-content\/uploads\/2021\/10\/1-96.jpg","jetpack_sharing_enabled":true,"jetpack-related-posts":[{"id":68884,"url":"https:\/\/webdelmaestrocmf.com\/portal\/coherencia-educativa-entre-mama-y-papa\/","url_meta":{"origin":69599,"position":0},"title":"[Ernesto Gonz\u00e1lez] \u00bfCoherencia educativa entre mam\u00e1 y pap\u00e1?","author":"Web del Maestro CMF","date":"6 octubre, 2021","format":false,"excerpt":"No es justo... pap\u00e1 siempre me deja ver la tele antes de hacer los deberes y t\u00fa nunca... no te quiero...\u201d, \u201cmam\u00e1 dice que lo que tu quieras...\u201d dice Alberto a su padre momentos despu\u00e9s de que su madre le negara ir a casa de su amigo. Esto es lo\u2026","rel":"","context":"En \u00abZ-Colaboradores\u00bb","block_context":{"text":"Z-Colaboradores","link":"https:\/\/webdelmaestrocmf.com\/portal\/category\/colaborador\/"},"img":{"alt_text":"","src":"https:\/\/i0.wp.com\/webdelmaestrocmf.com\/portal\/wp-content\/uploads\/2021\/10\/1-38.jpg?resize=350%2C200&ssl=1","width":350,"height":200,"srcset":"https:\/\/i0.wp.com\/webdelmaestrocmf.com\/portal\/wp-content\/uploads\/2021\/10\/1-38.jpg?resize=350%2C200&ssl=1 1x, https:\/\/i0.wp.com\/webdelmaestrocmf.com\/portal\/wp-content\/uploads\/2021\/10\/1-38.jpg?resize=525%2C300&ssl=1 1.5x, https:\/\/i0.wp.com\/webdelmaestrocmf.com\/portal\/wp-content\/uploads\/2021\/10\/1-38.jpg?resize=700%2C400&ssl=1 2x, https:\/\/i0.wp.com\/webdelmaestrocmf.com\/portal\/wp-content\/uploads\/2021\/10\/1-38.jpg?resize=1050%2C600&ssl=1 3x"},"classes":[]},{"id":47190,"url":"https:\/\/webdelmaestrocmf.com\/portal\/ernesto-gonzalez-una-obra-en-varios-actos\/","url_meta":{"origin":69599,"position":1},"title":"[Ernesto Gonz\u00e1lez] Una obra en varios actos","author":"Web del Maestro CMF","date":"14 mayo, 2020","format":false,"excerpt":"Introducci\u00f3n: en varios art\u00edculos de diferentes fuentes period\u00edsticas internacionales, sobre el uso de los celulares y las edades de los usuarios encontramos lo siguiente: a los 11 a\u00f1os, m\u00e1s de la mitad de los ni\u00f1os suelen tener su propio tel\u00e9fono inteligente; a los 12 a\u00f1os, m\u00e1s de dos tercios lo\u2026","rel":"","context":"En \u00abZ-Colaboradores\u00bb","block_context":{"text":"Z-Colaboradores","link":"https:\/\/webdelmaestrocmf.com\/portal\/category\/colaborador\/"},"img":{"alt_text":"","src":"https:\/\/i0.wp.com\/webdelmaestrocmf.com\/portal\/wp-content\/uploads\/2020\/05\/2a-11.jpg?resize=350%2C200&ssl=1","width":350,"height":200,"srcset":"https:\/\/i0.wp.com\/webdelmaestrocmf.com\/portal\/wp-content\/uploads\/2020\/05\/2a-11.jpg?resize=350%2C200&ssl=1 1x, https:\/\/i0.wp.com\/webdelmaestrocmf.com\/portal\/wp-content\/uploads\/2020\/05\/2a-11.jpg?resize=525%2C300&ssl=1 1.5x, https:\/\/i0.wp.com\/webdelmaestrocmf.com\/portal\/wp-content\/uploads\/2020\/05\/2a-11.jpg?resize=700%2C400&ssl=1 2x, https:\/\/i0.wp.com\/webdelmaestrocmf.com\/portal\/wp-content\/uploads\/2020\/05\/2a-11.jpg?resize=1050%2C600&ssl=1 3x"},"classes":[]},{"id":74219,"url":"https:\/\/webdelmaestrocmf.com\/portal\/ernesto-gonzalez-la-barra-de-atras\/","url_meta":{"origin":69599,"position":2},"title":"[Ernesto Gonz\u00e1lez] La barra de atr\u00e1s","author":"Web del Maestro CMF","date":"11 febrero, 2022","format":false,"excerpt":"Hace varios a\u00f1os, escrib\u00ed justamente una columna con este mismo nombre. \u00bfPor qu\u00e9 otra vez, se preguntar\u00e1? Por la existencia de un catalizador, como es la tecnolog\u00eda de la informaci\u00f3n y la comunicaci\u00f3n y en particular: la computadora. \u00bfQu\u00e9 significado encontramos en nuestro amigo el diccionario, sobre la palabra barra?\u2026","rel":"","context":"En \u00abZ-Colaboradores\u00bb","block_context":{"text":"Z-Colaboradores","link":"https:\/\/webdelmaestrocmf.com\/portal\/category\/colaborador\/"},"img":{"alt_text":"","src":"https:\/\/i0.wp.com\/webdelmaestrocmf.com\/portal\/wp-content\/uploads\/2022\/02\/1-67.jpg?resize=350%2C200&ssl=1","width":350,"height":200,"srcset":"https:\/\/i0.wp.com\/webdelmaestrocmf.com\/portal\/wp-content\/uploads\/2022\/02\/1-67.jpg?resize=350%2C200&ssl=1 1x, https:\/\/i0.wp.com\/webdelmaestrocmf.com\/portal\/wp-content\/uploads\/2022\/02\/1-67.jpg?resize=525%2C300&ssl=1 1.5x, https:\/\/i0.wp.com\/webdelmaestrocmf.com\/portal\/wp-content\/uploads\/2022\/02\/1-67.jpg?resize=700%2C400&ssl=1 2x, https:\/\/i0.wp.com\/webdelmaestrocmf.com\/portal\/wp-content\/uploads\/2022\/02\/1-67.jpg?resize=1050%2C600&ssl=1 3x"},"classes":[]},{"id":59487,"url":"https:\/\/webdelmaestrocmf.com\/portal\/ernesto-gonzalez-el-ser-ordenado-es-una-virtud\/","url_meta":{"origin":69599,"position":3},"title":"[Ernesto Gonz\u00e1lez] El ser ordenado, \u00bfes una virtud?","author":"Web del Maestro CMF","date":"18 febrero, 2021","format":false,"excerpt":"El principio de cada actividad tiene su momento en el d\u00eda o en la semana... y cada objeto su sitio. Todo tendr\u00e1 sentido si ponemos orden. Existe en la disciplina de F\u00edsica, un t\u00e9rmino que se estudia en termodin\u00e1mica denominado Entrop\u00eda, y el mismo se define como la tendencia al\u2026","rel":"","context":"En \u00abZ-Colaboradores\u00bb","block_context":{"text":"Z-Colaboradores","link":"https:\/\/webdelmaestrocmf.com\/portal\/category\/colaborador\/"},"img":{"alt_text":"","src":"https:\/\/i0.wp.com\/webdelmaestrocmf.com\/portal\/wp-content\/uploads\/2021\/02\/1-copia-52.jpg?resize=350%2C200&ssl=1","width":350,"height":200,"srcset":"https:\/\/i0.wp.com\/webdelmaestrocmf.com\/portal\/wp-content\/uploads\/2021\/02\/1-copia-52.jpg?resize=350%2C200&ssl=1 1x, https:\/\/i0.wp.com\/webdelmaestrocmf.com\/portal\/wp-content\/uploads\/2021\/02\/1-copia-52.jpg?resize=525%2C300&ssl=1 1.5x, https:\/\/i0.wp.com\/webdelmaestrocmf.com\/portal\/wp-content\/uploads\/2021\/02\/1-copia-52.jpg?resize=700%2C400&ssl=1 2x, https:\/\/i0.wp.com\/webdelmaestrocmf.com\/portal\/wp-content\/uploads\/2021\/02\/1-copia-52.jpg?resize=1050%2C600&ssl=1 3x"},"classes":[]},{"id":42016,"url":"https:\/\/webdelmaestrocmf.com\/portal\/ernesto-gonzalez-ah-la-familia\/","url_meta":{"origin":69599,"position":4},"title":"[Ernesto Gonz\u00e1lez] Ah, \u00a1la familia!","author":"Web del Maestro CMF","date":"22 noviembre, 2019","format":false,"excerpt":"Parto de la premisa, que siempre es bueno recordar y sobre todo aquello que nos transmiten las mejores experiencias y aprendizajes, que de ser viables ser transmitido a hijos, nietos, padres, docentes, de aqu\u00ed la siguiente an\u00e9cdota. Un amigo de la infancia, vecino sol\u00edamos jugar bien en mi casa o\u2026","rel":"","context":"En \u00abZ-Colaboradores\u00bb","block_context":{"text":"Z-Colaboradores","link":"https:\/\/webdelmaestrocmf.com\/portal\/category\/colaborador\/"},"img":{"alt_text":"","src":"https:\/\/i0.wp.com\/webdelmaestrocmf.com\/portal\/wp-content\/uploads\/2019\/11\/1-78.jpg?resize=350%2C200&ssl=1","width":350,"height":200,"srcset":"https:\/\/i0.wp.com\/webdelmaestrocmf.com\/portal\/wp-content\/uploads\/2019\/11\/1-78.jpg?resize=350%2C200&ssl=1 1x, https:\/\/i0.wp.com\/webdelmaestrocmf.com\/portal\/wp-content\/uploads\/2019\/11\/1-78.jpg?resize=525%2C300&ssl=1 1.5x, https:\/\/i0.wp.com\/webdelmaestrocmf.com\/portal\/wp-content\/uploads\/2019\/11\/1-78.jpg?resize=700%2C400&ssl=1 2x, https:\/\/i0.wp.com\/webdelmaestrocmf.com\/portal\/wp-content\/uploads\/2019\/11\/1-78.jpg?resize=1050%2C600&ssl=1 3x"},"classes":[]},{"id":43762,"url":"https:\/\/webdelmaestrocmf.com\/portal\/ernesto-gonzalez-por-que-los-ninos-y-ninas-demuestran-inseguridad\/","url_meta":{"origin":69599,"position":5},"title":"[Ernesto Gonz\u00e1lez] \u00bfPor qu\u00e9 los ni\u00f1os y ni\u00f1as demuestran inseguridad?","author":"Web del Maestro CMF","date":"28 enero, 2020","format":false,"excerpt":"La seguridad en uno mismo no es una cualidad innata que poseen algunas personas. M\u00e1s bien es una consecuencia del nivel de autoestima conseguido. \u00bfDe qu\u00e9 factores depende la autoestima en un ni\u00f1o?, \u00bfC\u00f3mo podemos los padres incrementar el nivel de autoestima de nuestros hijos? Es posible que haya usted\u2026","rel":"","context":"En \u00abZ-Colaboradores\u00bb","block_context":{"text":"Z-Colaboradores","link":"https:\/\/webdelmaestrocmf.com\/portal\/category\/colaborador\/"},"img":{"alt_text":"","src":"https:\/\/i0.wp.com\/webdelmaestrocmf.com\/portal\/wp-content\/uploads\/2020\/01\/1-70.jpg?resize=350%2C200&ssl=1","width":350,"height":200,"srcset":"https:\/\/i0.wp.com\/webdelmaestrocmf.com\/portal\/wp-content\/uploads\/2020\/01\/1-70.jpg?resize=350%2C200&ssl=1 1x, https:\/\/i0.wp.com\/webdelmaestrocmf.com\/portal\/wp-content\/uploads\/2020\/01\/1-70.jpg?resize=525%2C300&ssl=1 1.5x, https:\/\/i0.wp.com\/webdelmaestrocmf.com\/portal\/wp-content\/uploads\/2020\/01\/1-70.jpg?resize=700%2C400&ssl=1 2x, https:\/\/i0.wp.com\/webdelmaestrocmf.com\/portal\/wp-content\/uploads\/2020\/01\/1-70.jpg?resize=1050%2C600&ssl=1 3x"},"classes":[]}],"_links":{"self":[{"href":"https:\/\/webdelmaestrocmf.com\/portal\/wp-json\/wp\/v2\/posts\/69599","targetHints":{"allow":["GET"]}}],"collection":[{"href":"https:\/\/webdelmaestrocmf.com\/portal\/wp-json\/wp\/v2\/posts"}],"about":[{"href":"https:\/\/webdelmaestrocmf.com\/portal\/wp-json\/wp\/v2\/types\/post"}],"author":[{"embeddable":true,"href":"https:\/\/webdelmaestrocmf.com\/portal\/wp-json\/wp\/v2\/users\/1"}],"replies":[{"embeddable":true,"href":"https:\/\/webdelmaestrocmf.com\/portal\/wp-json\/wp\/v2\/comments?post=69599"}],"version-history":[{"count":0,"href":"https:\/\/webdelmaestrocmf.com\/portal\/wp-json\/wp\/v2\/posts\/69599\/revisions"}],"wp:featuredmedia":[{"embeddable":true,"href":"https:\/\/webdelmaestrocmf.com\/portal\/wp-json\/wp\/v2\/media\/69602"}],"wp:attachment":[{"href":"https:\/\/webdelmaestrocmf.com\/portal\/wp-json\/wp\/v2\/media?parent=69599"}],"wp:term":[{"taxonomy":"category","embeddable":true,"href":"https:\/\/webdelmaestrocmf.com\/portal\/wp-json\/wp\/v2\/categories?post=69599"},{"taxonomy":"post_tag","embeddable":true,"href":"https:\/\/webdelmaestrocmf.com\/portal\/wp-json\/wp\/v2\/tags?post=69599"}],"curies":[{"name":"wp","href":"https:\/\/api.w.org\/{rel}","templated":true}]}}