{"id":68813,"date":"2022-04-05T17:07:56","date_gmt":"2022-04-05T21:07:56","guid":{"rendered":"https:\/\/webdelmaestrocmf.com\/portal\/?p=68813"},"modified":"2023-08-04T23:18:59","modified_gmt":"2023-08-05T03:18:59","slug":"5-habitos-para-promover-el-bienestar-emocional-de-los-estudiantes-en-el-aula","status":"publish","type":"post","link":"https:\/\/webdelmaestrocmf.com\/portal\/5-habitos-para-promover-el-bienestar-emocional-de-los-estudiantes-en-el-aula\/","title":{"rendered":"5 h\u00e1bitos para promover el bienestar emocional de los estudiantes en el aula"},"content":{"rendered":"<h5 style=\"text-align: justify;\">Durante la pandemia se increment\u00f3 el n\u00famero de estudiantes que expresan tener emociones negativas que afectan su desempe\u00f1o escolar, su relaci\u00f3n familiar y con sus amistades. El temor por contagiarse por COVID-19, el aislamiento social o la p\u00e9rdida de un ser querido, puede traer consigo sentimientos de angustia, estr\u00e9s, tristeza y depresi\u00f3n con mayor presencia entre los j\u00f3venes. Para quienes atraviesan situaciones similares es crucial hacerles saber que no est\u00e1n solos.<strong> El bienestar de las personas es resultado de procesos complejos en los que participan m\u00faltiples agentes, mismos que van cambiando conforme el individuo va creciendo.<\/strong> <strong>Mientras en edades tempranas el desarrollo emocional recae fundamentalmente en la familia, esto cambia en la adolescencia y la juventud<\/strong>, etapas en las que los c\u00edrculos de amistades, el entorno escolar y los agentes que de este participan toman un rol m\u00e1s determinante (Fern\u00e1ndez, Fallas y Garc\u00eda, 2020).<\/h5>\n<p><!--more--><\/p>\n<p class=\"\" style=\"text-align: justify;\">La salud emocional usualmente se relaciona con la labor que realizan los psic\u00f3logos, sin embargo, agentes sociales como la familia y las instituciones educativas son un gran apoyo.\u00a0Es por ello por lo que, <strong>los profesores somos una pieza fundamental para el desarrollo integral de nuestros estudiantes<\/strong>, ya que pasan gran parte del tiempo en los centros educativos. <strong>Lo que sucede en el aula presencial o virtual es determinante para la percepci\u00f3n que tienen los alumnos de su entorno y c\u00f3mo interact\u00faan como parte de este. <\/strong><\/p>\n<p class=\"\" style=\"text-align: justify;\">Sumando el esfuerzo de todos podemos contribuir a mejorar el bienestar mental de los estudiantes. Si eres docente, en este art\u00edculo te comparto cinco pr\u00e1cticas que puedes hacer en el aula f\u00edsica o virtual para cuidar la salud emocional de tus estudiantes.<\/p>\n<div class=\"pk-content-block pk-block-bg pk-block-bg-light\" style=\"text-align: center;\">\u201cDe esta pr\u00e1ctica he podido apoyar a estudiantes deriv\u00e1ndolos con especialistas del \u00e1rea de bienestar y consejer\u00eda para temas de orientaci\u00f3n vocacional, situaciones de violencia de g\u00e9nero y atenci\u00f3n emocional\u201d.<\/div>\n<h5 style=\"text-align: justify;\">El estudiante en el centro de nuestra labor docente<\/h5>\n<p class=\"\" style=\"text-align: justify;\">Si la vivencia estudiantil no es enriquecedora o no promueve un equilibrio entre los diferentes \u00e1mbitos de la vida de los j\u00f3venes, dif\u00edcilmente desarrollar\u00e1n un compromiso con el curso. Seg\u00fan Alejandro Adler (2017), en su texto <em>Educaci\u00f3n Positiva: Educando para el \u00e9xito acad\u00e9mico y para la vida plena<\/em>, los procesos educativos deben tener claridad sobre la manera en que contribuyen al desarrollo de los estudiantes, lo que no solo debe enfocarse en la transmisi\u00f3n de conocimientos y habilidades, sino tambi\u00e9n en buscar su bienestar integral. <strong>Aunque las instituciones educativas suelen enfocarse en el desarrollo profesional, no deben pasar por alto que los futuros profesionistas tambi\u00e9n son personas<\/strong> que en el futuro ser\u00e1n ciudadanos, padres, cuidadores, vecinos o miembros activos de nuestra sociedad.<\/p>\n<p class=\"\" style=\"text-align: justify;\">Durante los \u00faltimos tres a\u00f1os me he enfocado en desarrollar pr\u00e1cticas para hacer de mis clases entornos seguros y saludables emocionalmente, por medio de sencillas acciones que he compartido con colegas de otras materias y que tambi\u00e9n les ha dado buenos resultados, mismos que se reflejan en la encuesta de opini\u00f3n del curso realizadas por los alumnos. En el caso de nuestra instituci\u00f3n, el Tecnol\u00f3gico de Monterrey por medio de su \u00e1rea de Liderazgo y Formaci\u00f3n Estudiantil (LIFE, 2021), emprende m\u00faltiples intervenciones buscando ofrecer espacios de escucha y reflexi\u00f3n, que detonen el desarrollo integral de las y los estudiantes. Sin embargo, \u00bfQu\u00e9 es lo que nosotros como profesores podemos hacer para contribuir al bienestar de nuestros estudiantes desde nuestras aulas? <strong>El desarrollo y cuidado emocional de los estudiantes, debe ser algo que compartamos como docentes, sin importar si nuestras clases son te\u00f3ricas, pr\u00e1cticas, formativas o profesionalizantes.<\/strong><\/p>\n<h5 style=\"text-align: justify;\">5 h\u00e1bitos para promover el bienestar de los estudiantes en el aula<\/h5>\n<h5 style=\"text-align: justify;\">1. Preg\u00fantales \u00bfC\u00f3mo se sienten?<\/h5>\n<p class=\"\" style=\"text-align: justify;\">Podr\u00e1 sonar muy simple, pero si al inicio de cada clase lo incluyes como parte de tu rutina preguntar a tus estudiantes c\u00f3mo se sienten, notar\u00e1s que poco a poco se familiarizan con expresar su sentir; y con ello, lo que les gusta, sienten o les molesta. <strong>Haz una encuesta sencilla en alguna aplicaci\u00f3n como la que ofrece Zoom o Menti, dando tres o cuatro opciones de categor\u00edas de emociones comunes<\/strong>, por ejemplo:<\/p>\n<ol style=\"text-align: justify;\">\n<li>En calma, relajaci\u00f3n, serenidad;<\/li>\n<li>Cansado, desanimado, con flojera;<\/li>\n<li>Con nerviosismo, enojo, frustraci\u00f3n o miedo;<\/li>\n<li>Con alegr\u00eda, emoci\u00f3n y entusiasmo.<\/li>\n<\/ol>\n<p class=\"\" style=\"text-align: justify;\">Despu\u00e9s de hacer este sencillo sondeo contar\u00e1s con informaci\u00f3n relevante sobre el estado de \u00e1nimo del grupo, tendr\u00e1s la oportunidad de preguntarles la raz\u00f3n de sus emociones, y descubrir\u00e1s si la situaci\u00f3n es por un buen d\u00eda o mal d\u00eda, o tiene que ver con algo repetitivo que puede afectar el desarrollo de tu clase. Por ejemplo: que lleguen con hambre, el horario de clase o que tengan una clase antes que la tuya que les deja agotados. <strong>Lo importante es tener informaci\u00f3n que te permita emprender acciones para mejorar el estado de \u00e1nimo del grupo <\/strong>para tu clase, y sobre todo que tus estudiantes perciban que te interesa realmente saber c\u00f3mo se sienten y hacer algo al respecto.<\/p>\n<h5 style=\"text-align: justify;\">2. Mu\u00e9strales que te interesa conocerlos<\/h5>\n<p class=\"\" style=\"text-align: justify;\">Desde los primeros d\u00edas de clase invierte un tiempo para hacerles saber que te interesa conocerlos. No esperes todo el semestre para descubrir quienes son y qu\u00e9 les importa, ya que esto puede ser fundamental para detonar el compromiso de tus estudiantes con tu clase. Preg\u00fantales c\u00f3mo les gustar\u00eda que te dirijas hacia cada uno de ellos, identifica quienes son for\u00e1neos, de que carreras son, e incluso, cu\u00e1ndo es su cumplea\u00f1os. <strong>Conocer esta sencilla informaci\u00f3n te permitir\u00e1 entablar una relaci\u00f3n m\u00e1s cercana con ellos, fortaleciendo su v\u00ednculo con el grupo. <\/strong>Me gusta dedicar un momento de cada clase para felicitar a los cumplea\u00f1eros de la semana, lo que les hace saber que estoy al tanto de quienes son y que esto es importante para m\u00ed.<\/p>\n<h5 style=\"text-align: justify;\">3. Considera sus necesidades<\/h5>\n<p class=\"\" style=\"text-align: justify;\"><strong>Un error en el que solemos caer es creer que los estudiantes son quienes deben adaptarse a nuestros tiempos y nuestras agendas de forma exclusiva, cayendo en un grado de incomprensi\u00f3n de sus necesidades y posibilidades.<\/strong> Recordemos que los estudiantes no tienen \u00fanicamente nuestra clase, por lo que debemos respetar sus propios procesos de distribuci\u00f3n de tiempo y agenda de actividades. Para este punto, te sugiero que tu curso est\u00e9 lo m\u00e1s estructurado posible desde el inicio del semestre, que plantees las reglas de forma clara y que tus estudiantes sepan qu\u00e9 actividades realizar\u00e1n en el periodo y cuando son las fechas de entrega. En mi caso, no es raro que haya estudiantes que adelanten tareas o evidencias en las primeras semanas del semestre, buscando prevenir aquellos momentos en que se les carga el trabajo en otros cursos. Con este tipo de acciones, tus estudiantes podr\u00e1n adaptar sus entregables a sus tiempos, respetando l\u00edmites, pero pudiendo programarse seg\u00fan sus necesidades.<\/p>\n<h5 style=\"text-align: justify;\">4. Promueve que se conozcan entre los compa\u00f1eros<\/h5>\n<p class=\"\" style=\"text-align: justify;\">Si algo nos ha quitado la pandemia, es la oportunidad del contacto humano. Recordemos que las instituciones educativas son espacios de aprendizaje y tambi\u00e9n son entornos de socializaci\u00f3n, por lo que es muy importante que, dentro de una visi\u00f3n integral, promovamos que los estudiantes se relacionen, platiquen, interact\u00faen y construyan redes sociales. Una pr\u00e1ctica que llevo a cabo en mis grupos es que al inicio de la clase dos personas se pregunten algo sobre sus <em>hobbies<\/em>, gustos o intereses, as\u00ed como promover que los primeros minutos de los trabajos colaborativos, se dediquen a conocerse un poco. <strong>Una competencia relevante para todo profesionista es poder entablar relaciones sociales saludables, por lo que nuestras aulas pueden ser espacios id\u00f3neos para desarrollar estas habilidades.<\/strong><\/p>\n<h5 style=\"text-align: justify;\">5. Retro, retro, retro<\/h5>\n<p class=\"\" style=\"text-align: justify;\">Una parte fundamental de toda clase son los momentos de retroalimentaci\u00f3n que tenemos con nuestros estudiantes, sin embargo, debemos promover que estos espacios de di\u00e1logo no sean \u00fanicamente para dar informaci\u00f3n sobre un entregable o una tarea, sino que tambi\u00e9n, sean parte de un entorno de charla e interacci\u00f3n entre nosotros como profesores y nuestros alumnos. No es extra\u00f1o que los estudiantes sientan confianza con algunos profesores para preguntarles cosas sobre su futuro o platicarles algo que les est\u00e1 pasando, exponiendo la necesidad que a veces tienen de expresar c\u00f3mo se sienten y hablar con alguien con quien sienten seguridad.<strong> Es importante se\u00f1alar que con esta pr\u00e1ctica no pretendo promover que nos metamos en la vida de nuestros estudiantes y sus problemas, sino m\u00e1s bien, que tengamos apertura de escuchar lo que tienen que decirnos y si es necesario derivarlos con alguien que pueda ayudarles en sus necesidades. <\/strong>Personalmente mis estudiantes saben que pueden pedirme asesor\u00edas cuando ellos gusten, las cuales pueden ser sobre la clase o para platicarme lo que quieran. <strong>De esta pr\u00e1ctica he podido apoyar a estudiantes deriv\u00e1ndolos con especialistas del \u00e1rea de bienestar y consejer\u00eda para temas de orientaci\u00f3n vocacional, situaciones de violencia de g\u00e9nero y atenci\u00f3n emocional.<\/strong><\/p>\n<h5 style=\"text-align: justify;\">Reflexi\u00f3n<\/h5>\n<p class=\"\" style=\"text-align: justify;\">Como te habr\u00e1s dado cuenta, los h\u00e1bitos que te sugiero no se relacionan con una clase o con un tema en concreto. M\u00e1s que acciones, son una invitaci\u00f3n para cambiar la actitud que tenemos sobre algunos procesos que llevamos a cabo en nuestras clases. Frecuentemente, buscamos un compromiso de nuestros estudiantes con nuestra clase por medio de preguntas como: \u00bfQu\u00e9 podemos hacer para que nuestra clase sea mejor?, cuando <strong>la primera pregunta que deber\u00edamos hacernos es \u00bfQu\u00e9 puedo hacer yo para que esta clase sea mejor?<\/strong> Consideremos que el nuevo modelo educativo nos invita a cambiar el rol que desempe\u00f1amos, poniendo en el centro a nuestros estudiantes y siendo nosotros quienes los acompa\u00f1emos en el proceso formativo de su vida. Tambi\u00e9n te comparto un infogr\u00e1fico relacionado con el contenido de este art\u00edculo que puedes utilizar.<\/p>\n<p class=\"\" style=\"text-align: justify;\">Te invito a adoptar estas pr\u00e1cticas y te aseguro que tus estudiantes te lo agradecer\u00e1n. Posteriormente no olvides compartirnos tu experiencia para seguir mejorando juntos la educaci\u00f3n.<\/p>\n<p style=\"text-align: justify;\"><img loading=\"lazy\" decoding=\"async\" class=\"alignnone wp-image-68814\" src=\"https:\/\/webdelmaestrocmf.com\/portal\/wp-content\/uploads\/2021\/10\/1-7-410x1024.png\" alt=\"\" width=\"772\" height=\"1928\" srcset=\"https:\/\/webdelmaestrocmf.com\/portal\/wp-content\/uploads\/2021\/10\/1-7-410x1024.png 410w, https:\/\/webdelmaestrocmf.com\/portal\/wp-content\/uploads\/2021\/10\/1-7-120x300.png 120w, https:\/\/webdelmaestrocmf.com\/portal\/wp-content\/uploads\/2021\/10\/1-7-110x275.png 110w, https:\/\/webdelmaestrocmf.com\/portal\/wp-content\/uploads\/2021\/10\/1-7-200x500.png 200w, https:\/\/webdelmaestrocmf.com\/portal\/wp-content\/uploads\/2021\/10\/1-7-380x950.png 380w, https:\/\/webdelmaestrocmf.com\/portal\/wp-content\/uploads\/2021\/10\/1-7-255x638.png 255w, https:\/\/webdelmaestrocmf.com\/portal\/wp-content\/uploads\/2021\/10\/1-7-300x750.png 300w, https:\/\/webdelmaestrocmf.com\/portal\/wp-content\/uploads\/2021\/10\/1-7-550x1375.png 550w, https:\/\/webdelmaestrocmf.com\/portal\/wp-content\/uploads\/2021\/10\/1-7-220x550.png 220w, https:\/\/webdelmaestrocmf.com\/portal\/wp-content\/uploads\/2021\/10\/1-7-400x1000.png 400w, https:\/\/webdelmaestrocmf.com\/portal\/wp-content\/uploads\/2021\/10\/1-7-510x1275.png 510w, https:\/\/webdelmaestrocmf.com\/portal\/wp-content\/uploads\/2021\/10\/1-7-240x600.png 240w\" sizes=\"auto, (max-width: 772px) 100vw, 772px\" \/><\/p>\n<p class=\"\" style=\"text-align: justify;\">Imagen: 5 h\u00e1bitos para promover el bienestar emocional de los estudiantes en el aula (V\u00e1zquez, 2021).<\/p>\n<h5 style=\"text-align: justify;\">Acerca del autor<\/h5>\n<p class=\"\" style=\"text-align: justify;\">El <strong>Dr. Jos\u00e9 Carlos V\u00e1zquez Parra<\/strong> es Licenciado en Psicolog\u00eda, Maestro en Educaci\u00f3n y Doctor en Estudios Human\u00edsticos. Cuenta con m\u00e1s de cien publicaciones sobre temas de \u00e9tica, racionalidad humana y estudios de g\u00e9nero. Fue reconocido como Doctor Honoris Causa por la Organizaci\u00f3n Internacional para la Inclusi\u00f3n y Calidad Educativa (OIICE) en 2021, as\u00ed como con el Premio a Profesor Inspirador Nacional 2018 por el Tecnol\u00f3gico de Monterrey. Actualmente es Profesor-investigador de la Escuela de Humanidades y Educaci\u00f3n.<\/p>\n<h5 style=\"text-align: justify;\">Referencias<\/h5>\n<p>Adler, A. (2017). Educaci\u00f3n Positiva: Educando para el \u00c9xito Acad\u00e9mico y para la Vida Plena. Papeles del Psic\u00f3logo, 38(1), 50-57.<\/p>\n<p>Fern\u00e1ndez, N., Fallas, M., &amp; Garc\u00eda, J. (2020). Voces protag\u00f3nicas para el bienestar en la escuela: an\u00e1lisis cualitativo de la perspectiva de los agentes implicados. Voces y Silencias. Revista Latinoamericana de Educaci\u00f3n, 11(2), 49-66. doi: https:\/\/doi.org\/10.18175\/VyS11.2.2020.3<\/p>\n<p>LIFE. (2021). Liderazgo y Formaci\u00f3n Estudiantil. Obtenido de Tecnol\u00f3gico de Monterrey: <a href=\"http:\/\/www.cem.itesm.mx\/life\/\" target=\"_blank\" rel=\"noopener\">http:\/\/www.cem.itesm.mx\/life\/<\/a><\/p>\n<p><strong>Este contenido ha sido publicado originalmente por El Observatorio en la siguiente direcci\u00f3n: <a href=\"http:\/\/observatorio.tec.mx\" target=\"_blank\" rel=\"noopener\">observatorio.tec.mx<\/a><\/strong><\/p>\n\t\t<div class=\"pk-inline-posts\">\n\t\t\t\n\t\t\t<div class=\"pk-inline-posts-container pk-inline-posts-template-list\"\n\t\t\t\tdata-columns=\"1\">\n\t\t\t\t\t\t<article id=\"post-98052\" class=\"post-98052 post type-post status-publish format-standard has-post-thumbnail category-educacion-emocional category-libros category-pedagogia tag-aula tag-beneficios-de-la-educacion-emocional tag-como-ensenar-educacion-emocional tag-educacion-emocional tag-educacion-emocional-en-el-aula tag-educacion-emocional-en-primaria tag-secundaria cs-entry cs-video-wrap\">\n\t\t\t<div class=\"pk-post-outer\">\n\n\t\t\t\t\t\t\t\t<div class=\"pk-post-inner\">\n\t\t\t\t\t<div class=\"entry-thumbnail\">\n\t\t\t\t\t\t<div class=\"pk-overlay pk-overlay-ratio pk-ratio-landscape\">\n\t\t\t\t\t\t\t<div class=\"pk-overlay-background\">\n\t\t\t\t\t\t\t\t<a href=\"https:\/\/webdelmaestrocmf.com\/portal\/educacion-emocional-por-que-es-importante-y-como-implementarla-en-primaria-y-secundaria\/\" class=\"pk-overlay-link\">\n\t\t\t\t\t\t\t\t\t<img loading=\"lazy\" decoding=\"async\" width=\"300\" height=\"225\" src=\"https:\/\/webdelmaestrocmf.com\/portal\/wp-content\/uploads\/2026\/03\/1AA-Banner-1-portada-imagen-10-1-copia-1-6-300x225.webp\" class=\"attachment-pk-thumbnail size-pk-thumbnail wp-post-image\" alt=\"\" \/>\t\t\t\t\t\t\t\t<\/a>\n\t\t\t\t\t\t\t<\/div>\n\t\t\t\t\t\t<\/div>\n\t\t\t\t\t<\/div>\n\t\t\t\t<\/div>\n\t\t\t\t\n\t\t\t\t<div class=\"pk-post-inner\">\n\t\t\t\t\t<header>\n\t\t\t\t\t\t<h3 class=\"pk-title\"><a href=\"https:\/\/webdelmaestrocmf.com\/portal\/educacion-emocional-por-que-es-importante-y-como-implementarla-en-primaria-y-secundaria\/\" rel=\"bookmark\">Educaci\u00f3n emocional: descarga el cuaderno de regulaci\u00f3n emocional para primaria, herramientas pr\u00e1cticas para secundaria y una gu\u00eda completa para el docente<\/a><\/h3>\t\t\t\t\t<\/header><!-- .entry-header -->\n\t\t\t\t<\/div><!-- .post-inner -->\n\n\t\t\t<\/div><!-- .post-outer -->\n\t\t<\/article>\n\t\t\t\t<\/div>\n\t\t<\/div>\n\t\t\n","protected":false},"excerpt":{"rendered":"Durante la pandemia se increment\u00f3 el n\u00famero de estudiantes que expresan tener emociones negativas que afectan su desempe\u00f1o&hellip;","protected":false},"author":1,"featured_media":68817,"comment_status":"open","ping_status":"closed","sticky":false,"template":"","format":"standard","meta":{"csco_display_header_overlay":false,"csco_singular_sidebar":"default","csco_page_header_type":"default","csco_page_load_nextpost":"default","csco_post_video_location":[],"csco_post_video_location_hash":"","csco_post_video_url":"","csco_post_video_bg_start_time":0,"csco_post_video_bg_end_time":0,"csco_post_video_bg_volume":false,"_jetpack_memberships_contains_paid_content":false,"footnotes":""},"categories":[13914,735],"tags":[596,3927,399,96,2210,2301],"class_list":{"0":"post-68813","1":"post","2":"type-post","3":"status-publish","4":"format-standard","5":"has-post-thumbnail","7":"category-educacion-emocional","8":"category-pedagogia","9":"tag-aula","10":"tag-bienestar","11":"tag-emocional","12":"tag-estudiantes","13":"tag-habitos","14":"tag-promover","15":"cs-entry","16":"cs-video-wrap"},"yoast_head":"<!-- This site is optimized with the Yoast SEO plugin v27.5 - https:\/\/yoast.com\/product\/yoast-seo-wordpress\/ -->\n<title>5 h\u00e1bitos para promover el bienestar emocional de los estudiantes en el aula - 2026<\/title>\n<meta name=\"description\" content=\"Comunidad de Maestros, Docentes y Profesores, en donde encontrar\u00e1s material, informaci\u00f3n y noticias del \u00e1mbito nacional y mundial.\" \/>\n<meta name=\"robots\" content=\"index, follow, max-snippet:-1, max-image-preview:large, max-video-preview:-1\" \/>\n<link rel=\"canonical\" href=\"https:\/\/webdelmaestrocmf.com\/portal\/5-habitos-para-promover-el-bienestar-emocional-de-los-estudiantes-en-el-aula\/\" \/>\n<meta property=\"og:locale\" content=\"es_ES\" \/>\n<meta property=\"og:type\" content=\"article\" \/>\n<meta property=\"og:title\" content=\"5 h\u00e1bitos para promover el bienestar emocional de los estudiantes en el aula - 2026\" \/>\n<meta property=\"og:description\" content=\"Comunidad de Maestros, Docentes y Profesores, en donde encontrar\u00e1s material, informaci\u00f3n y noticias del \u00e1mbito nacional y mundial.\" \/>\n<meta property=\"og:url\" content=\"https:\/\/webdelmaestrocmf.com\/portal\/5-habitos-para-promover-el-bienestar-emocional-de-los-estudiantes-en-el-aula\/\" \/>\n<meta property=\"og:site_name\" content=\"Web del Maestro CMF\" \/>\n<meta property=\"article:publisher\" content=\"https:\/\/www.facebook.com\/WebdelMaestroCMF\/\" \/>\n<meta property=\"article:author\" content=\"https:\/\/www.facebook.com\/WebdelMaestroCMF\/\" \/>\n<meta property=\"article:published_time\" content=\"2022-04-05T21:07:56+00:00\" \/>\n<meta property=\"article:modified_time\" content=\"2023-08-05T03:18:59+00:00\" \/>\n<meta property=\"og:image\" content=\"https:\/\/i0.wp.com\/webdelmaestrocmf.com\/portal\/wp-content\/uploads\/2021\/10\/1-26.jpg?fit=1100%2C680&ssl=1\" \/>\n\t<meta property=\"og:image:width\" content=\"1100\" \/>\n\t<meta property=\"og:image:height\" content=\"680\" \/>\n\t<meta property=\"og:image:type\" content=\"image\/jpeg\" \/>\n<meta name=\"author\" content=\"Web del Maestro CMF\" \/>\n<meta name=\"twitter:card\" content=\"summary_large_image\" \/>\n<meta name=\"twitter:creator\" content=\"@cmf_w\" \/>\n<meta name=\"twitter:site\" content=\"@cmf_w\" \/>\n<script type=\"application\/ld+json\" class=\"yoast-schema-graph\">{\"@context\":\"https:\\\/\\\/schema.org\",\"@graph\":[{\"@type\":\"ScholarlyArticle\",\"@id\":\"https:\\\/\\\/webdelmaestrocmf.com\\\/portal\\\/5-habitos-para-promover-el-bienestar-emocional-de-los-estudiantes-en-el-aula\\\/#article\",\"isPartOf\":{\"@id\":\"https:\\\/\\\/webdelmaestrocmf.com\\\/portal\\\/5-habitos-para-promover-el-bienestar-emocional-de-los-estudiantes-en-el-aula\\\/\"},\"author\":{\"name\":\"Web del Maestro CMF\",\"@id\":\"https:\\\/\\\/webdelmaestrocmf.com\\\/portal\\\/#\\\/schema\\\/person\\\/1072a2ed7bd960df8ef99a551fa35dc5\"},\"headline\":\"5 h\u00e1bitos para promover el bienestar emocional de los estudiantes en el aula\",\"datePublished\":\"2022-04-05T21:07:56+00:00\",\"dateModified\":\"2023-08-05T03:18:59+00:00\",\"mainEntityOfPage\":{\"@id\":\"https:\\\/\\\/webdelmaestrocmf.com\\\/portal\\\/5-habitos-para-promover-el-bienestar-emocional-de-los-estudiantes-en-el-aula\\\/\"},\"wordCount\":1937,\"commentCount\":0,\"publisher\":{\"@id\":\"https:\\\/\\\/webdelmaestrocmf.com\\\/portal\\\/#organization\"},\"image\":{\"@id\":\"https:\\\/\\\/webdelmaestrocmf.com\\\/portal\\\/5-habitos-para-promover-el-bienestar-emocional-de-los-estudiantes-en-el-aula\\\/#primaryimage\"},\"thumbnailUrl\":\"https:\\\/\\\/webdelmaestrocmf.com\\\/portal\\\/wp-content\\\/uploads\\\/2021\\\/10\\\/1-26.jpg\",\"keywords\":[\"aula\",\"BIENESTAR\",\"EMOCIONAL\",\"estudiantes\",\"H\u00c1BITOS\",\"PROMOVER\"],\"articleSection\":[\"Educaci\u00f3n Emocional\",\"Recursos\"],\"inLanguage\":\"es\",\"potentialAction\":[{\"@type\":\"CommentAction\",\"name\":\"Comment\",\"target\":[\"https:\\\/\\\/webdelmaestrocmf.com\\\/portal\\\/5-habitos-para-promover-el-bienestar-emocional-de-los-estudiantes-en-el-aula\\\/#respond\"]}]},{\"@type\":\"WebPage\",\"@id\":\"https:\\\/\\\/webdelmaestrocmf.com\\\/portal\\\/5-habitos-para-promover-el-bienestar-emocional-de-los-estudiantes-en-el-aula\\\/\",\"url\":\"https:\\\/\\\/webdelmaestrocmf.com\\\/portal\\\/5-habitos-para-promover-el-bienestar-emocional-de-los-estudiantes-en-el-aula\\\/\",\"name\":\"5 h\u00e1bitos para promover el bienestar emocional de los estudiantes en el aula - 2026\",\"isPartOf\":{\"@id\":\"https:\\\/\\\/webdelmaestrocmf.com\\\/portal\\\/#website\"},\"primaryImageOfPage\":{\"@id\":\"https:\\\/\\\/webdelmaestrocmf.com\\\/portal\\\/5-habitos-para-promover-el-bienestar-emocional-de-los-estudiantes-en-el-aula\\\/#primaryimage\"},\"image\":{\"@id\":\"https:\\\/\\\/webdelmaestrocmf.com\\\/portal\\\/5-habitos-para-promover-el-bienestar-emocional-de-los-estudiantes-en-el-aula\\\/#primaryimage\"},\"thumbnailUrl\":\"https:\\\/\\\/webdelmaestrocmf.com\\\/portal\\\/wp-content\\\/uploads\\\/2021\\\/10\\\/1-26.jpg\",\"datePublished\":\"2022-04-05T21:07:56+00:00\",\"dateModified\":\"2023-08-05T03:18:59+00:00\",\"description\":\"Comunidad de Maestros, Docentes y Profesores, en donde encontrar\u00e1s material, informaci\u00f3n y noticias del \u00e1mbito nacional y mundial.\",\"breadcrumb\":{\"@id\":\"https:\\\/\\\/webdelmaestrocmf.com\\\/portal\\\/5-habitos-para-promover-el-bienestar-emocional-de-los-estudiantes-en-el-aula\\\/#breadcrumb\"},\"inLanguage\":\"es\",\"potentialAction\":[{\"@type\":\"ReadAction\",\"target\":[\"https:\\\/\\\/webdelmaestrocmf.com\\\/portal\\\/5-habitos-para-promover-el-bienestar-emocional-de-los-estudiantes-en-el-aula\\\/\"]}]},{\"@type\":\"ImageObject\",\"inLanguage\":\"es\",\"@id\":\"https:\\\/\\\/webdelmaestrocmf.com\\\/portal\\\/5-habitos-para-promover-el-bienestar-emocional-de-los-estudiantes-en-el-aula\\\/#primaryimage\",\"url\":\"https:\\\/\\\/webdelmaestrocmf.com\\\/portal\\\/wp-content\\\/uploads\\\/2021\\\/10\\\/1-26.jpg\",\"contentUrl\":\"https:\\\/\\\/webdelmaestrocmf.com\\\/portal\\\/wp-content\\\/uploads\\\/2021\\\/10\\\/1-26.jpg\",\"width\":1100,\"height\":680},{\"@type\":\"BreadcrumbList\",\"@id\":\"https:\\\/\\\/webdelmaestrocmf.com\\\/portal\\\/5-habitos-para-promover-el-bienestar-emocional-de-los-estudiantes-en-el-aula\\\/#breadcrumb\",\"itemListElement\":[{\"@type\":\"ListItem\",\"position\":1,\"name\":\"Portada\",\"item\":\"https:\\\/\\\/webdelmaestrocmf.com\\\/portal\\\/\"},{\"@type\":\"ListItem\",\"position\":2,\"name\":\"Recursos\",\"item\":\"https:\\\/\\\/webdelmaestrocmf.com\\\/portal\\\/category\\\/pedagogia\\\/\"},{\"@type\":\"ListItem\",\"position\":3,\"name\":\"Educaci\u00f3n Emocional\",\"item\":\"https:\\\/\\\/webdelmaestrocmf.com\\\/portal\\\/category\\\/pedagogia\\\/educacion-emocional\\\/\"},{\"@type\":\"ListItem\",\"position\":4,\"name\":\"5 h\u00e1bitos para promover el bienestar emocional de los estudiantes en el aula\"}]},{\"@type\":\"WebSite\",\"@id\":\"https:\\\/\\\/webdelmaestrocmf.com\\\/portal\\\/#website\",\"url\":\"https:\\\/\\\/webdelmaestrocmf.com\\\/portal\\\/\",\"name\":\"Web del Maestro CMF\",\"description\":\"Maestros al servicio de la educaci\u00f3n\",\"publisher\":{\"@id\":\"https:\\\/\\\/webdelmaestrocmf.com\\\/portal\\\/#organization\"},\"alternateName\":\"WMCMF\",\"potentialAction\":[{\"@type\":\"SearchAction\",\"target\":{\"@type\":\"EntryPoint\",\"urlTemplate\":\"https:\\\/\\\/webdelmaestrocmf.com\\\/portal\\\/?s={search_term_string}\"},\"query-input\":{\"@type\":\"PropertyValueSpecification\",\"valueRequired\":true,\"valueName\":\"search_term_string\"}}],\"inLanguage\":\"es\"},{\"@type\":\"Organization\",\"@id\":\"https:\\\/\\\/webdelmaestrocmf.com\\\/portal\\\/#organization\",\"name\":\"Web del Maestro CMF\",\"alternateName\":\"WMCMF\",\"url\":\"https:\\\/\\\/webdelmaestrocmf.com\\\/portal\\\/\",\"logo\":{\"@type\":\"ImageObject\",\"inLanguage\":\"es\",\"@id\":\"https:\\\/\\\/webdelmaestrocmf.com\\\/portal\\\/#\\\/schema\\\/logo\\\/image\\\/\",\"url\":\"https:\\\/\\\/webdelmaestrocmf.com\\\/portal\\\/wp-content\\\/uploads\\\/2023\\\/01\\\/logo-wmcmf-2.png\",\"contentUrl\":\"https:\\\/\\\/webdelmaestrocmf.com\\\/portal\\\/wp-content\\\/uploads\\\/2023\\\/01\\\/logo-wmcmf-2.png\",\"width\":200,\"height\":60,\"caption\":\"Web del Maestro CMF\"},\"image\":{\"@id\":\"https:\\\/\\\/webdelmaestrocmf.com\\\/portal\\\/#\\\/schema\\\/logo\\\/image\\\/\"},\"sameAs\":[\"https:\\\/\\\/www.facebook.com\\\/WebdelMaestroCMF\\\/\",\"https:\\\/\\\/x.com\\\/cmf_w\",\"https:\\\/\\\/www.pinterest.com\\\/WMCMF\\\/\",\"https:\\\/\\\/www.linkedin.com\\\/company\\\/web-del-maestro-cmf\\\/\",\"https:\\\/\\\/www.instagram.com\\\/wmcmf\\\/\",\"https:\\\/\\\/www.youtube.com\\\/channel\\\/UCDPSvjbdodE5sHnC3OxutHw\",\"https:\\\/\\\/mastodon.social\\\/@wmcmf\",\"https:\\\/\\\/www.tiktok.com\\\/@webdelmaestrocmf\"]},{\"@type\":\"Person\",\"@id\":\"https:\\\/\\\/webdelmaestrocmf.com\\\/portal\\\/#\\\/schema\\\/person\\\/1072a2ed7bd960df8ef99a551fa35dc5\",\"name\":\"Web del Maestro CMF\",\"image\":{\"@type\":\"ImageObject\",\"inLanguage\":\"es\",\"@id\":\"https:\\\/\\\/secure.gravatar.com\\\/avatar\\\/23291dd5b5ae1077dcff3dbb04c3e02bd28403fa75af6d8787d5e97c5bbbe30b?s=96&d=mm&r=g\",\"url\":\"https:\\\/\\\/secure.gravatar.com\\\/avatar\\\/23291dd5b5ae1077dcff3dbb04c3e02bd28403fa75af6d8787d5e97c5bbbe30b?s=96&d=mm&r=g\",\"contentUrl\":\"https:\\\/\\\/secure.gravatar.com\\\/avatar\\\/23291dd5b5ae1077dcff3dbb04c3e02bd28403fa75af6d8787d5e97c5bbbe30b?s=96&d=mm&r=g\",\"caption\":\"Web del Maestro CMF\"},\"description\":\"Esta Web se cre\u00f3 sin fines de lucro, con fines educativos, cient\u00edficos y acad\u00e9micos, para personas que tengan dificultades y\\\/o inconvenientes en visualizar el material original. El objetivo es entregar recursos, compartir experiencias y materiales que ayuden a los padres de familia, maestros y estudiantes en su actualizaci\u00f3n y formaci\u00f3n permanente, en bien de la Educaci\u00f3n.\",\"sameAs\":[\"http:\\\/\\\/webdelmaestrocmf.com\\\/portal\",\"https:\\\/\\\/www.facebook.com\\\/WebdelMaestroCMF\\\/\",\"https:\\\/\\\/www.instagram.com\\\/wmcmf\\\/\",\"https:\\\/\\\/cl.linkedin.com\\\/company\\\/web-del-maestro-cmf\",\"https:\\\/\\\/www.pinterest.com\\\/WMCMF\\\/publicaciones\\\/\",\"https:\\\/\\\/x.com\\\/cmf_w\",\"https:\\\/\\\/www.youtube.com\\\/@WMCMF\"]}]}<\/script>\n<!-- \/ Yoast SEO plugin. -->","yoast_head_json":{"title":"5 h\u00e1bitos para promover el bienestar emocional de los estudiantes en el aula - 2026","description":"Comunidad de Maestros, Docentes y Profesores, en donde encontrar\u00e1s material, informaci\u00f3n y noticias del \u00e1mbito nacional y mundial.","robots":{"index":"index","follow":"follow","max-snippet":"max-snippet:-1","max-image-preview":"max-image-preview:large","max-video-preview":"max-video-preview:-1"},"canonical":"https:\/\/webdelmaestrocmf.com\/portal\/5-habitos-para-promover-el-bienestar-emocional-de-los-estudiantes-en-el-aula\/","og_locale":"es_ES","og_type":"article","og_title":"5 h\u00e1bitos para promover el bienestar emocional de los estudiantes en el aula - 2026","og_description":"Comunidad de Maestros, Docentes y Profesores, en donde encontrar\u00e1s material, informaci\u00f3n y noticias del \u00e1mbito nacional y mundial.","og_url":"https:\/\/webdelmaestrocmf.com\/portal\/5-habitos-para-promover-el-bienestar-emocional-de-los-estudiantes-en-el-aula\/","og_site_name":"Web del Maestro CMF","article_publisher":"https:\/\/www.facebook.com\/WebdelMaestroCMF\/","article_author":"https:\/\/www.facebook.com\/WebdelMaestroCMF\/","article_published_time":"2022-04-05T21:07:56+00:00","article_modified_time":"2023-08-05T03:18:59+00:00","og_image":[{"width":1100,"height":680,"url":"https:\/\/i0.wp.com\/webdelmaestrocmf.com\/portal\/wp-content\/uploads\/2021\/10\/1-26.jpg?fit=1100%2C680&ssl=1","type":"image\/jpeg"}],"author":"Web del Maestro CMF","twitter_card":"summary_large_image","twitter_creator":"@cmf_w","twitter_site":"@cmf_w","schema":{"@context":"https:\/\/schema.org","@graph":[{"@type":"ScholarlyArticle","@id":"https:\/\/webdelmaestrocmf.com\/portal\/5-habitos-para-promover-el-bienestar-emocional-de-los-estudiantes-en-el-aula\/#article","isPartOf":{"@id":"https:\/\/webdelmaestrocmf.com\/portal\/5-habitos-para-promover-el-bienestar-emocional-de-los-estudiantes-en-el-aula\/"},"author":{"name":"Web del Maestro CMF","@id":"https:\/\/webdelmaestrocmf.com\/portal\/#\/schema\/person\/1072a2ed7bd960df8ef99a551fa35dc5"},"headline":"5 h\u00e1bitos para promover el bienestar emocional de los estudiantes en el aula","datePublished":"2022-04-05T21:07:56+00:00","dateModified":"2023-08-05T03:18:59+00:00","mainEntityOfPage":{"@id":"https:\/\/webdelmaestrocmf.com\/portal\/5-habitos-para-promover-el-bienestar-emocional-de-los-estudiantes-en-el-aula\/"},"wordCount":1937,"commentCount":0,"publisher":{"@id":"https:\/\/webdelmaestrocmf.com\/portal\/#organization"},"image":{"@id":"https:\/\/webdelmaestrocmf.com\/portal\/5-habitos-para-promover-el-bienestar-emocional-de-los-estudiantes-en-el-aula\/#primaryimage"},"thumbnailUrl":"https:\/\/webdelmaestrocmf.com\/portal\/wp-content\/uploads\/2021\/10\/1-26.jpg","keywords":["aula","BIENESTAR","EMOCIONAL","estudiantes","H\u00c1BITOS","PROMOVER"],"articleSection":["Educaci\u00f3n Emocional","Recursos"],"inLanguage":"es","potentialAction":[{"@type":"CommentAction","name":"Comment","target":["https:\/\/webdelmaestrocmf.com\/portal\/5-habitos-para-promover-el-bienestar-emocional-de-los-estudiantes-en-el-aula\/#respond"]}]},{"@type":"WebPage","@id":"https:\/\/webdelmaestrocmf.com\/portal\/5-habitos-para-promover-el-bienestar-emocional-de-los-estudiantes-en-el-aula\/","url":"https:\/\/webdelmaestrocmf.com\/portal\/5-habitos-para-promover-el-bienestar-emocional-de-los-estudiantes-en-el-aula\/","name":"5 h\u00e1bitos para promover el bienestar emocional de los estudiantes en el aula - 2026","isPartOf":{"@id":"https:\/\/webdelmaestrocmf.com\/portal\/#website"},"primaryImageOfPage":{"@id":"https:\/\/webdelmaestrocmf.com\/portal\/5-habitos-para-promover-el-bienestar-emocional-de-los-estudiantes-en-el-aula\/#primaryimage"},"image":{"@id":"https:\/\/webdelmaestrocmf.com\/portal\/5-habitos-para-promover-el-bienestar-emocional-de-los-estudiantes-en-el-aula\/#primaryimage"},"thumbnailUrl":"https:\/\/webdelmaestrocmf.com\/portal\/wp-content\/uploads\/2021\/10\/1-26.jpg","datePublished":"2022-04-05T21:07:56+00:00","dateModified":"2023-08-05T03:18:59+00:00","description":"Comunidad de Maestros, Docentes y Profesores, en donde encontrar\u00e1s material, informaci\u00f3n y noticias del \u00e1mbito nacional y mundial.","breadcrumb":{"@id":"https:\/\/webdelmaestrocmf.com\/portal\/5-habitos-para-promover-el-bienestar-emocional-de-los-estudiantes-en-el-aula\/#breadcrumb"},"inLanguage":"es","potentialAction":[{"@type":"ReadAction","target":["https:\/\/webdelmaestrocmf.com\/portal\/5-habitos-para-promover-el-bienestar-emocional-de-los-estudiantes-en-el-aula\/"]}]},{"@type":"ImageObject","inLanguage":"es","@id":"https:\/\/webdelmaestrocmf.com\/portal\/5-habitos-para-promover-el-bienestar-emocional-de-los-estudiantes-en-el-aula\/#primaryimage","url":"https:\/\/webdelmaestrocmf.com\/portal\/wp-content\/uploads\/2021\/10\/1-26.jpg","contentUrl":"https:\/\/webdelmaestrocmf.com\/portal\/wp-content\/uploads\/2021\/10\/1-26.jpg","width":1100,"height":680},{"@type":"BreadcrumbList","@id":"https:\/\/webdelmaestrocmf.com\/portal\/5-habitos-para-promover-el-bienestar-emocional-de-los-estudiantes-en-el-aula\/#breadcrumb","itemListElement":[{"@type":"ListItem","position":1,"name":"Portada","item":"https:\/\/webdelmaestrocmf.com\/portal\/"},{"@type":"ListItem","position":2,"name":"Recursos","item":"https:\/\/webdelmaestrocmf.com\/portal\/category\/pedagogia\/"},{"@type":"ListItem","position":3,"name":"Educaci\u00f3n Emocional","item":"https:\/\/webdelmaestrocmf.com\/portal\/category\/pedagogia\/educacion-emocional\/"},{"@type":"ListItem","position":4,"name":"5 h\u00e1bitos para promover el bienestar emocional de los estudiantes en el aula"}]},{"@type":"WebSite","@id":"https:\/\/webdelmaestrocmf.com\/portal\/#website","url":"https:\/\/webdelmaestrocmf.com\/portal\/","name":"Web del Maestro CMF","description":"Maestros al servicio de la educaci\u00f3n","publisher":{"@id":"https:\/\/webdelmaestrocmf.com\/portal\/#organization"},"alternateName":"WMCMF","potentialAction":[{"@type":"SearchAction","target":{"@type":"EntryPoint","urlTemplate":"https:\/\/webdelmaestrocmf.com\/portal\/?s={search_term_string}"},"query-input":{"@type":"PropertyValueSpecification","valueRequired":true,"valueName":"search_term_string"}}],"inLanguage":"es"},{"@type":"Organization","@id":"https:\/\/webdelmaestrocmf.com\/portal\/#organization","name":"Web del Maestro CMF","alternateName":"WMCMF","url":"https:\/\/webdelmaestrocmf.com\/portal\/","logo":{"@type":"ImageObject","inLanguage":"es","@id":"https:\/\/webdelmaestrocmf.com\/portal\/#\/schema\/logo\/image\/","url":"https:\/\/webdelmaestrocmf.com\/portal\/wp-content\/uploads\/2023\/01\/logo-wmcmf-2.png","contentUrl":"https:\/\/webdelmaestrocmf.com\/portal\/wp-content\/uploads\/2023\/01\/logo-wmcmf-2.png","width":200,"height":60,"caption":"Web del Maestro CMF"},"image":{"@id":"https:\/\/webdelmaestrocmf.com\/portal\/#\/schema\/logo\/image\/"},"sameAs":["https:\/\/www.facebook.com\/WebdelMaestroCMF\/","https:\/\/x.com\/cmf_w","https:\/\/www.pinterest.com\/WMCMF\/","https:\/\/www.linkedin.com\/company\/web-del-maestro-cmf\/","https:\/\/www.instagram.com\/wmcmf\/","https:\/\/www.youtube.com\/channel\/UCDPSvjbdodE5sHnC3OxutHw","https:\/\/mastodon.social\/@wmcmf","https:\/\/www.tiktok.com\/@webdelmaestrocmf"]},{"@type":"Person","@id":"https:\/\/webdelmaestrocmf.com\/portal\/#\/schema\/person\/1072a2ed7bd960df8ef99a551fa35dc5","name":"Web del Maestro CMF","image":{"@type":"ImageObject","inLanguage":"es","@id":"https:\/\/secure.gravatar.com\/avatar\/23291dd5b5ae1077dcff3dbb04c3e02bd28403fa75af6d8787d5e97c5bbbe30b?s=96&d=mm&r=g","url":"https:\/\/secure.gravatar.com\/avatar\/23291dd5b5ae1077dcff3dbb04c3e02bd28403fa75af6d8787d5e97c5bbbe30b?s=96&d=mm&r=g","contentUrl":"https:\/\/secure.gravatar.com\/avatar\/23291dd5b5ae1077dcff3dbb04c3e02bd28403fa75af6d8787d5e97c5bbbe30b?s=96&d=mm&r=g","caption":"Web del Maestro CMF"},"description":"Esta Web se cre\u00f3 sin fines de lucro, con fines educativos, cient\u00edficos y acad\u00e9micos, para personas que tengan dificultades y\/o inconvenientes en visualizar el material original. El objetivo es entregar recursos, compartir experiencias y materiales que ayuden a los padres de familia, maestros y estudiantes en su actualizaci\u00f3n y formaci\u00f3n permanente, en bien de la Educaci\u00f3n.","sameAs":["http:\/\/webdelmaestrocmf.com\/portal","https:\/\/www.facebook.com\/WebdelMaestroCMF\/","https:\/\/www.instagram.com\/wmcmf\/","https:\/\/cl.linkedin.com\/company\/web-del-maestro-cmf","https:\/\/www.pinterest.com\/WMCMF\/publicaciones\/","https:\/\/x.com\/cmf_w","https:\/\/www.youtube.com\/@WMCMF"]}]}},"jetpack_featured_media_url":"https:\/\/webdelmaestrocmf.com\/portal\/wp-content\/uploads\/2021\/10\/1-26.jpg","jetpack_sharing_enabled":true,"jetpack-related-posts":[{"id":116478,"url":"https:\/\/webdelmaestrocmf.com\/portal\/como-va-la-salud-mental-de-sus-padres-de-familia-y-estudiantes-iii-parte\/","url_meta":{"origin":68813,"position":0},"title":"\u00bfC\u00f3mo va la salud mental y emocional de sus padres de familia y estudiantes? (III Parte)","author":"Web del Maestro CMF","date":"14 marzo, 2026","format":false,"excerpt":"Ninguna metodolog\u00eda, por innovadora que sea, puede reemplazar el equilibrio emocional que deber\u00eda formarse primero en la familia. Sin esa base, ense\u00f1ar se vuelve mucho m\u00e1s dif\u00edcil.","rel":"","context":"En \u00abYo opino - WMCMF\u00bb","block_context":{"text":"Yo opino - WMCMF","link":"https:\/\/webdelmaestrocmf.com\/portal\/category\/jamb\/"},"img":{"alt_text":"","src":"https:\/\/i0.wp.com\/webdelmaestrocmf.com\/portal\/wp-content\/uploads\/2026\/03\/1AA-Banner-1-portada-imagen-10-1-copia-2-3.webp?resize=350%2C200&ssl=1","width":350,"height":200,"srcset":"https:\/\/i0.wp.com\/webdelmaestrocmf.com\/portal\/wp-content\/uploads\/2026\/03\/1AA-Banner-1-portada-imagen-10-1-copia-2-3.webp?resize=350%2C200&ssl=1 1x, https:\/\/i0.wp.com\/webdelmaestrocmf.com\/portal\/wp-content\/uploads\/2026\/03\/1AA-Banner-1-portada-imagen-10-1-copia-2-3.webp?resize=525%2C300&ssl=1 1.5x, https:\/\/i0.wp.com\/webdelmaestrocmf.com\/portal\/wp-content\/uploads\/2026\/03\/1AA-Banner-1-portada-imagen-10-1-copia-2-3.webp?resize=700%2C400&ssl=1 2x, https:\/\/i0.wp.com\/webdelmaestrocmf.com\/portal\/wp-content\/uploads\/2026\/03\/1AA-Banner-1-portada-imagen-10-1-copia-2-3.webp?resize=1050%2C600&ssl=1 3x"},"classes":[]},{"id":116671,"url":"https:\/\/webdelmaestrocmf.com\/portal\/descarga-la-guia-practica-para-comprender-mejor-las-emociones-en-la-etapa-adolescente\/","url_meta":{"origin":68813,"position":1},"title":"Descarga la \u00abGu\u00eda pr\u00e1ctica para comprender mejor las emociones en la etapa adolescente\u00bb","author":"Web del Maestro CMF","date":"20 marzo, 2026","format":false,"excerpt":"Gu\u00eda pr\u00e1ctica que ayuda a docentes a comprender y gestionar las emociones adolescentes, promoviendo empat\u00eda, autorregulaci\u00f3n y bienestar emocional, claves para mejorar la convivencia y el aprendizaje significativo en el aula.","rel":"","context":"En \u00abLibros\u00bb","block_context":{"text":"Libros","link":"https:\/\/webdelmaestrocmf.com\/portal\/category\/pedagogia\/libros\/"},"img":{"alt_text":"","src":"https:\/\/i0.wp.com\/webdelmaestrocmf.com\/portal\/wp-content\/uploads\/2026\/03\/1AA-Banner-1-portada-imagen-10-1-copia-6-1.webp?resize=350%2C200&ssl=1","width":350,"height":200,"srcset":"https:\/\/i0.wp.com\/webdelmaestrocmf.com\/portal\/wp-content\/uploads\/2026\/03\/1AA-Banner-1-portada-imagen-10-1-copia-6-1.webp?resize=350%2C200&ssl=1 1x, https:\/\/i0.wp.com\/webdelmaestrocmf.com\/portal\/wp-content\/uploads\/2026\/03\/1AA-Banner-1-portada-imagen-10-1-copia-6-1.webp?resize=525%2C300&ssl=1 1.5x, https:\/\/i0.wp.com\/webdelmaestrocmf.com\/portal\/wp-content\/uploads\/2026\/03\/1AA-Banner-1-portada-imagen-10-1-copia-6-1.webp?resize=700%2C400&ssl=1 2x, https:\/\/i0.wp.com\/webdelmaestrocmf.com\/portal\/wp-content\/uploads\/2026\/03\/1AA-Banner-1-portada-imagen-10-1-copia-6-1.webp?resize=1050%2C600&ssl=1 3x"},"classes":[]},{"id":106933,"url":"https:\/\/webdelmaestrocmf.com\/portal\/la-tecnica-del-semaforo-una-luz-verde-para-la-gestion-emocional-en-el-aula\/","url_meta":{"origin":68813,"position":2},"title":"La t\u00e9cnica del sem\u00e1foro: una luz verde para la gesti\u00f3n emocional en el aula | Descarga la t\u00e9cnica para imprimir y colorear con tus alumnos","author":"Web del Maestro CMF","date":"17 diciembre, 2025","format":false,"excerpt":"La t\u00e9cnica del sem\u00e1foro sirve para desarrollar la autorregulaci\u00f3n emocional y conductual, especialmente en ni\u00f1os y adolescentes, aunque tambi\u00e9n es \u00fatil para docentes y adultos.","rel":"","context":"En \u00abEstrategias\u00bb","block_context":{"text":"Estrategias","link":"https:\/\/webdelmaestrocmf.com\/portal\/category\/pedagogia\/estrategias\/"},"img":{"alt_text":"","src":"https:\/\/i0.wp.com\/webdelmaestrocmf.com\/portal\/wp-content\/uploads\/2025\/12\/Portada-descarga-1.jpg?resize=350%2C200&ssl=1","width":350,"height":200,"srcset":"https:\/\/i0.wp.com\/webdelmaestrocmf.com\/portal\/wp-content\/uploads\/2025\/12\/Portada-descarga-1.jpg?resize=350%2C200&ssl=1 1x, https:\/\/i0.wp.com\/webdelmaestrocmf.com\/portal\/wp-content\/uploads\/2025\/12\/Portada-descarga-1.jpg?resize=525%2C300&ssl=1 1.5x, https:\/\/i0.wp.com\/webdelmaestrocmf.com\/portal\/wp-content\/uploads\/2025\/12\/Portada-descarga-1.jpg?resize=700%2C400&ssl=1 2x"},"classes":[]},{"id":107822,"url":"https:\/\/webdelmaestrocmf.com\/portal\/caja-de-herramientas-para-promover-la-empatia-en-el-aula-guia-para-docentes\/","url_meta":{"origin":68813,"position":3},"title":"Caja de herramientas para promover la empat\u00eda en el aula: gu\u00eda para docentes","author":"Web del Maestro CMF","date":"3 febrero, 2025","format":false,"excerpt":"La Caja de Herramientas para Promover la Empat\u00eda en los Colegios es un recurso desarrollado por Ashoka, una organizaci\u00f3n global que impulsa el cambio social a trav\u00e9s del emprendimiento. Su prop\u00f3sito es ayudar a docentes a integrar la empat\u00eda en el aula, mejorando la convivencia escolar y preparando a los\u2026","rel":"","context":"En \u00abDescargas Manuales PDF\u00bb","block_context":{"text":"Descargas Manuales PDF","link":"https:\/\/webdelmaestrocmf.com\/portal\/category\/pedagogia\/descargas-manuales-pdf\/"},"img":{"alt_text":"","src":"https:\/\/i0.wp.com\/webdelmaestrocmf.com\/portal\/wp-content\/uploads\/2025\/02\/1A-Banner-1-portada-imagen-10-1-54.jpg?resize=350%2C200&ssl=1","width":350,"height":200,"srcset":"https:\/\/i0.wp.com\/webdelmaestrocmf.com\/portal\/wp-content\/uploads\/2025\/02\/1A-Banner-1-portada-imagen-10-1-54.jpg?resize=350%2C200&ssl=1 1x, https:\/\/i0.wp.com\/webdelmaestrocmf.com\/portal\/wp-content\/uploads\/2025\/02\/1A-Banner-1-portada-imagen-10-1-54.jpg?resize=525%2C300&ssl=1 1.5x, https:\/\/i0.wp.com\/webdelmaestrocmf.com\/portal\/wp-content\/uploads\/2025\/02\/1A-Banner-1-portada-imagen-10-1-54.jpg?resize=700%2C400&ssl=1 2x"},"classes":[]},{"id":104452,"url":"https:\/\/webdelmaestrocmf.com\/portal\/nueva-guia-del-minedu-pasos-para-gestionar-emociones\/","url_meta":{"origin":68813,"position":4},"title":"Nueva gu\u00eda del MINEDU: Pasos para gestionar emociones","author":"Web del Maestro CMF","date":"30 julio, 2025","format":false,"excerpt":"Mi mochila de herramientas para el bienestar, elaborada para contribuir al fortalecimiento de tu salud f\u00edsica y socioemocional.","rel":"","context":"En \u00abDescargas Manuales PDF\u00bb","block_context":{"text":"Descargas Manuales PDF","link":"https:\/\/webdelmaestrocmf.com\/portal\/category\/pedagogia\/descargas-manuales-pdf\/"},"img":{"alt_text":"","src":"https:\/\/i0.wp.com\/webdelmaestrocmf.com\/portal\/wp-content\/uploads\/2024\/03\/Banner-1-portada-imagen-10-1-3.jpg?resize=350%2C200&ssl=1","width":350,"height":200,"srcset":"https:\/\/i0.wp.com\/webdelmaestrocmf.com\/portal\/wp-content\/uploads\/2024\/03\/Banner-1-portada-imagen-10-1-3.jpg?resize=350%2C200&ssl=1 1x, https:\/\/i0.wp.com\/webdelmaestrocmf.com\/portal\/wp-content\/uploads\/2024\/03\/Banner-1-portada-imagen-10-1-3.jpg?resize=525%2C300&ssl=1 1.5x, https:\/\/i0.wp.com\/webdelmaestrocmf.com\/portal\/wp-content\/uploads\/2024\/03\/Banner-1-portada-imagen-10-1-3.jpg?resize=700%2C400&ssl=1 2x"},"classes":[]},{"id":89703,"url":"https:\/\/webdelmaestrocmf.com\/portal\/la-sostenibilidad-emocional-en-la-escuela-frente-al-proceso-cognitivo-la-memoria-la-inteligencia-y-las-cualidades-racionales\/","url_meta":{"origin":68813,"position":5},"title":"La sostenibilidad emocional en la escuela, frente al proceso cognitivo, la memoria, la inteligencia y las cualidades racionales","author":"Web del Maestro CMF","date":"31 mayo, 2023","format":false,"excerpt":"El t\u00e9rmino sostenibilidad, entendido como adjetivo indica que algo que se puede mantener durante largo tiempo sin agotar los recursos o causar grave da\u00f1o, y aunque mayormente est\u00e1n referidos al medio ambiente, tambi\u00e9n podemos usarlo con una visi\u00f3n educativa a nivel personal, relacionado \u201ca un cambio interior que determine un\u2026","rel":"","context":"En \u00abYo opino - WMCMF\u00bb","block_context":{"text":"Yo opino - WMCMF","link":"https:\/\/webdelmaestrocmf.com\/portal\/category\/jamb\/"},"img":{"alt_text":"","src":"https:\/\/i0.wp.com\/webdelmaestrocmf.com\/portal\/wp-content\/uploads\/2023\/05\/A12B3C4D-2023-05-31T230229.240.jpg?resize=350%2C200&ssl=1","width":350,"height":200,"srcset":"https:\/\/i0.wp.com\/webdelmaestrocmf.com\/portal\/wp-content\/uploads\/2023\/05\/A12B3C4D-2023-05-31T230229.240.jpg?resize=350%2C200&ssl=1 1x, https:\/\/i0.wp.com\/webdelmaestrocmf.com\/portal\/wp-content\/uploads\/2023\/05\/A12B3C4D-2023-05-31T230229.240.jpg?resize=525%2C300&ssl=1 1.5x, https:\/\/i0.wp.com\/webdelmaestrocmf.com\/portal\/wp-content\/uploads\/2023\/05\/A12B3C4D-2023-05-31T230229.240.jpg?resize=700%2C400&ssl=1 2x"},"classes":[]}],"_links":{"self":[{"href":"https:\/\/webdelmaestrocmf.com\/portal\/wp-json\/wp\/v2\/posts\/68813","targetHints":{"allow":["GET"]}}],"collection":[{"href":"https:\/\/webdelmaestrocmf.com\/portal\/wp-json\/wp\/v2\/posts"}],"about":[{"href":"https:\/\/webdelmaestrocmf.com\/portal\/wp-json\/wp\/v2\/types\/post"}],"author":[{"embeddable":true,"href":"https:\/\/webdelmaestrocmf.com\/portal\/wp-json\/wp\/v2\/users\/1"}],"replies":[{"embeddable":true,"href":"https:\/\/webdelmaestrocmf.com\/portal\/wp-json\/wp\/v2\/comments?post=68813"}],"version-history":[{"count":0,"href":"https:\/\/webdelmaestrocmf.com\/portal\/wp-json\/wp\/v2\/posts\/68813\/revisions"}],"wp:featuredmedia":[{"embeddable":true,"href":"https:\/\/webdelmaestrocmf.com\/portal\/wp-json\/wp\/v2\/media\/68817"}],"wp:attachment":[{"href":"https:\/\/webdelmaestrocmf.com\/portal\/wp-json\/wp\/v2\/media?parent=68813"}],"wp:term":[{"taxonomy":"category","embeddable":true,"href":"https:\/\/webdelmaestrocmf.com\/portal\/wp-json\/wp\/v2\/categories?post=68813"},{"taxonomy":"post_tag","embeddable":true,"href":"https:\/\/webdelmaestrocmf.com\/portal\/wp-json\/wp\/v2\/tags?post=68813"}],"curies":[{"name":"wp","href":"https:\/\/api.w.org\/{rel}","templated":true}]}}