{"id":6869,"date":"2022-03-20T21:24:45","date_gmt":"2022-03-21T00:24:45","guid":{"rendered":"http:\/\/webdelmaestrocmf.com\/inicio\/?p=6869"},"modified":"2022-03-20T23:33:01","modified_gmt":"2022-03-21T02:33:01","slug":"juan-melendez-si-no-consigues-encender-la-bombilla-del-alumno-estas-perdido","status":"publish","type":"post","link":"https:\/\/webdelmaestrocmf.com\/portal\/juan-melendez-si-no-consigues-encender-la-bombilla-del-alumno-estas-perdido\/","title":{"rendered":"Juan Mel\u00e9ndez: \u201csi no consigues encender la bombilla del alumno estas perdido\u201d"},"content":{"rendered":"<h5 style=\"text-align: justify;\">Juan Mel\u00e9ndez S\u00e1nchez (\u00c1vila, 1964) se licenci\u00f3 en F\u00edsica por la Universidad de Salamanca y realiz\u00f3 su tesis doctoral en el CSIC. En la actualidad es profesor de la Universidad Carlos III de Madrid (UC3M), donde combina sus investigaciones en el Laboratorio de Sensores, Teledetecci\u00f3n e Imagen en el Infrarrojo con la docencia en el seno del departamento de F\u00edsica y una de sus grandes pasiones: la divulgaci\u00f3n cient\u00edfica. De hecho, lleva m\u00e1s de una d\u00e9cada impartiendo cursos sobre historia y filosof\u00eda de la ciencia y ha publicado recientemente un libro con el objetivo de entender el mundo en que vivimos: \u201cDe Tales a Newton: ciencia para personas inteligentes\u201d (Ellago Ediciones, 2013). Una obra que est\u00e1 en continua evoluci\u00f3n en el\u00a0<a href=\"http:\/\/detalesanewton.wordpress.com\/\">blog<\/a>\u00a0que lleva ese mismo t\u00edtulo.<\/h5>\n<p><!--more--><\/p>\n<p style=\"text-align: justify;\"><strong>Juan Mel\u00e9ndez<\/strong> comenta en la entrevista\u00a0<em><a href=\"http:\/\/portal.uc3m.es\/portal\/page\/portal\/actualidad_cientifica\/noticias\/entrevista_juan_melendez\" target=\"_blank\" rel=\"noopener noreferrer\">\u00abLo que mata la curiosidad cient\u00edfica es precisamente la ense\u00f1anza\u00bb<\/a><\/em>\u00a0que la\u00a0ciencia es para las personas que tienen esa inquietud y yo creo que eso es algo que tenemos todos de ni\u00f1os, cuando todo es nuevo para nosotros y lo vemos como un misterio. S\u00f3lo que somos demasiado peque\u00f1os para tener el sentido cr\u00edtico y la capacidad de razonar que requiere la ciencia. Y cuando somos suficientemente mayores para tenerlos, muchas veces lo que hemos perdido es la curiosidad\u2026<\/p>\n<p style=\"text-align: justify;\">A continuaci\u00f3n compartimos con fines educativos &#8211; pastorales la entrevista publicada en el <strong>Portal Educativo <a href=\"http:\/\/blog.tiching.com\/juan-melendez-si-consigues-encender-la-bombilla-del-alumno-estas-perdido\/\" target=\"_blank\" rel=\"noopener noreferrer\">Tiching<\/a><\/strong> realizada por\u00a0<strong>Bertha Eugenia Campuzano <\/strong>al Doctor <strong>Juan Mel\u00e9ndez S\u00e1nchez, <\/strong>esperamos que la siguiente entrevista sea de utilidad para la comunidad docente.<\/p>\n<h5>\u00bfCu\u00e1les son las caracter\u00edsticas de un buen cient\u00edfico?<\/h5>\n<p style=\"text-align: justify;\">Yo creo que ser un cerebrito, como mucha gente piensa, no es lo m\u00e1s importante. Lo primordial es tener curiosidad \u00a1y que no te la hayan estropeado! Tambi\u00e9n es importante tener cierto rigor en la manera de pensar, \u00a0no conformarse con la primera explicaci\u00f3n que le viene a uno, sino ser cr\u00edtico y no quedarse con respuestas superficiales. Las influencias de profesores, lecturas, experiencias, tambi\u00e9n puede resultar determinantes a veces, pero no siempre: hay gente a la que le gusta la ciencia sin motivo aparente.<\/p>\n<p><a href=\"https:\/\/webdelmaestrocmf.com\/portal\/wp-content\/uploads\/2018\/09\/1-148.jpg\"><img loading=\"lazy\" decoding=\"async\" class=\"alignnone size-full wp-image-75689\" src=\"https:\/\/webdelmaestrocmf.com\/portal\/wp-content\/uploads\/2018\/09\/1-148.jpg\" alt=\"\" width=\"1100\" height=\"680\" srcset=\"https:\/\/webdelmaestrocmf.com\/portal\/wp-content\/uploads\/2018\/09\/1-148.jpg 1100w, https:\/\/webdelmaestrocmf.com\/portal\/wp-content\/uploads\/2018\/09\/1-148-300x185.jpg 300w, https:\/\/webdelmaestrocmf.com\/portal\/wp-content\/uploads\/2018\/09\/1-148-1024x633.jpg 1024w, https:\/\/webdelmaestrocmf.com\/portal\/wp-content\/uploads\/2018\/09\/1-148-768x475.jpg 768w, https:\/\/webdelmaestrocmf.com\/portal\/wp-content\/uploads\/2018\/09\/1-148-110x68.jpg 110w, https:\/\/webdelmaestrocmf.com\/portal\/wp-content\/uploads\/2018\/09\/1-148-200x124.jpg 200w, https:\/\/webdelmaestrocmf.com\/portal\/wp-content\/uploads\/2018\/09\/1-148-380x235.jpg 380w, https:\/\/webdelmaestrocmf.com\/portal\/wp-content\/uploads\/2018\/09\/1-148-255x158.jpg 255w, https:\/\/webdelmaestrocmf.com\/portal\/wp-content\/uploads\/2018\/09\/1-148-550x340.jpg 550w, https:\/\/webdelmaestrocmf.com\/portal\/wp-content\/uploads\/2018\/09\/1-148-800x495.jpg 800w\" sizes=\"auto, (max-width: 1100px) 100vw, 1100px\" \/><\/a><\/p>\n<h5>A veces se piensa que para llegar a ser cient\u00edfico hay que tener superpoderes\u2026<\/h5>\n<p style=\"text-align: justify;\">La ciencia est\u00e1 mitificada porque la gente piensa que es algo dif\u00edcil o complicado de \u00a0entender, pero al fin y al cabo un cient\u00edfico necesita las mismas caracter\u00edsticas que una persona que quiera dedicarse a realizar una carrera intelectual, sea cual sea la disciplina.<\/p>\n<h5>\u00bfQu\u00e9 crees que es lo que m\u00e1s atrae de la ciencia a grandes y peque\u00f1os?<\/h5>\n<p style=\"text-align: justify;\">Creo que lo m\u00e1s atractivo de la ciencia es la sensaci\u00f3n de entender algo por ti mismo. No es lo espectacular de algunos experimentos como a veces se piensa. Sencillamente, obtener una respuesta a una pregunta que te has planteado y que te ha requerido un esfuerzo poder responder de forma satisfactoria.<\/p>\n<h5>\u00bfPorque crees que en determinadas personas crea animadversi\u00f3n?<\/h5>\n<p style=\"text-align: justify;\">Quiz\u00e1 es por la manera como se ense\u00f1a. Por ejemplo: las matem\u00e1ticas est\u00e1n muy centradas en las operaciones. Claro que hay que saber las tablas de multiplicar, y las reglas matem\u00e1ticas, pero tambi\u00e9n se necesitan est\u00edmulos que lo hagan interesante, se tienen que ver las aplicaciones intuitivas.<\/p>\n<h5>\u00bfPor ejemplo?<\/h5>\n<p style=\"text-align: justify;\">Mi hija hac\u00eda un ejercicio el otro d\u00eda para calcular el n\u00famero de cuadraditos que salen en una matriz y en un cubo. Si tu a los chicos les explicas que el resultado que obtienen multiplicando base por altura crece con el lado elevado a 2 para el rect\u00e1ngulo y con lado elevado a 3 para el cubo, que de ah\u00ed vienen lo de 2D y 3D, que son conceptos con los que est\u00e1n familiarizados porque est\u00e1n en su entorno, les haces los ejercicios m\u00e1s atractivos.<\/p>\n<h5>\u00bfEs determinante el papel y la actitud del profesor en el aprendizaje de las ciencias?<\/h5>\n<p style=\"text-align: justify;\">Yo creo que s\u00ed, incluso m\u00e1s que en otras disciplinas. A las ciencias hay que encontrarles la gracia y a menudo depende mucho del profesor. Lo normal es que la ciencia no forma parte de tu vida espont\u00e1nea y por lo tanto viene muy bien que alguien te haga de cicerone, pero puede ser un profesor, un libro, una peli, etc.<\/p>\n<h5>En las escuelas se esfuerzan por hacer la ciencia divertida.<\/h5>\n<p style=\"text-align: justify;\">Cierto, y la intenci\u00f3n puede ser buena, pero lo que conseguimos con esto puede ser contraproducente. Damos una imagen muy superficial de la ciencia, porque no todo es hacer saltar por los aires espumas de colores.<\/p>\n<p style=\"text-align: justify;\">Tambi\u00e9n hay padres que se empe\u00f1an en regalar juguetes cient\u00edficos para estimular su curiosidad pero al final lo que logran es curar de espanto antes de hora a sus hijos y estos ya no experimentan la sensaci\u00f3n de asombro con nada. No es necesario introducir las ciencias de forma precoz, lo que es importante es ense\u00f1ar a pensar a los ni\u00f1os.<\/p>\n<h5>\u00bfCrees que las escuelas deber\u00edan plantear las ciencias de otra forma?<\/h5>\n<p style=\"text-align: justify;\">Los colegios est\u00e1n muy presionados por cubrir un programa y rellenar el expediente. Esto tambi\u00e9n limita el margen de maniobra de los profesores. Por ejemplo, en los libros de f\u00edsica y qu\u00edmica que se utilizan en la ESO est\u00e1n muy cuidados los aspectos superficiales como las ilustraciones, pero lo esencial, la l\u00f3gica de plantear preguntas y ense\u00f1ar a alcanzar las respuestas,\u00a0no lo est\u00e1. Y los temarios, por lo que veo en f\u00edsica y qu\u00edmica al menos, muchas veces no est\u00e1n bien dise\u00f1ados.<\/p>\n<h5>\u00bfD\u00f3nde est\u00e1 la clave entonces?<\/h5>\n<p style=\"text-align: justify;\">Lo estimulante de las ciencias es entender el porqu\u00e9 de lo que sucede. A veces explicamos a los alumnos el porqu\u00e9 antes de tiempo y as\u00ed matamos el inter\u00e9s de descubrirlo por uno mismo. Si no consigues que al alumno se le encienda la bombilla alg\u00fan d\u00eda est\u00e1s perdido, porque entonces no le va a gustar la ciencia nunca.<\/p>\n<h5>\u00bfLa pasi\u00f3n por las ciencias se transmite?<\/h5>\n<p style=\"text-align: justify;\">Si. Hoy hay mucha tendencia a transmitirla de forma recreativa, pero es m\u00e1s interesante hacer preguntas y despertar la curiosidad por dar buenas respuestas a esas preguntas. Los ni\u00f1os son peque\u00f1os cient\u00edficos, tienen toda la curiosidad que necesitan, les falta disciplina mental y les falta la capacidad de discernir una buena explicaci\u00f3n de una mala.<\/p>\n<h5>\u00bfQu\u00e9 papel pueden jugar las nuevas tecnolog\u00edas en el aprendizaje e ciencias?\u00bfQu\u00e9 posibilidades nuevas ves?<\/h5>\n<p style=\"text-align: justify;\">Creo que como todas las herramientas pueden tener un papel positivo o negativo y solo depende de qui\u00e9n las utilice. Hay cosas que son muy \u00fatiles en internet, por ejemplo, las que te permiten hacer simulaciones. Est\u00e1 muy bien para saber por ejemplo c\u00f3mo se comportan los objetos en mec\u00e1nica o para tener una idea de c\u00f3mo funciona el sistema solar. Pero en estos t\u00e9rminos el profesor debe tener claro que va a tener que trabajar m\u00e1s y esforzarse con creces para saber emplear cada recurso de la forma m\u00e1s adecuada para cada curso, incluso para cada alumno. Lo esencial es tener muy claro qu\u00e9 es lo que se quiere, y s\u00f3lo despu\u00e9s buscar la herramienta adecuada: no poner el carro delante de los bueyes, que es lo que se hace demasiado a menudo.<a href=\"http:\/\/webdelmaestrocmf.com\/inicio\/wp-content\/uploads\/2016\/06\/grafika2.png\" rel=\"attachment wp-att-6871\"><br \/>\n<\/a><\/p>\n<p><strong><strong class=\"last-child first-child\"><span class=\"last-child first-child\">Este contenido ha sido publicado originalmente por Blog de Educaci\u00f3n Tiching\u00a0en la siguiente direcci\u00f3n:\u00a0<\/span><\/strong><a href=\"http:\/\/blog.tiching.com\/\" target=\"_blank\" rel=\"noopener noreferrer\">blog.tiching.com<\/a><\/strong><\/p>\n\t\t<div class=\"pk-inline-posts\">\n\t\t\t\n\t\t\t<div class=\"pk-inline-posts-container pk-inline-posts-template-list\"\n\t\t\t\tdata-columns=\"1\">\n\t\t\t\t\t\t<article id=\"post-118480\" class=\"post-118480 post type-post status-publish format-standard has-post-thumbnail category-entrevistas category-noticias tag-aprendizaje tag-autonomia-3 tag-desarrollo tag-docentes tag-educacion-2 tag-ensenanza-2 tag-escuela tag-infancia tag-juego tag-pedagogia-2 cs-entry cs-video-wrap\">\n\t\t\t<div class=\"pk-post-outer\">\n\n\t\t\t\t\t\t\t\t<div class=\"pk-post-inner\">\n\t\t\t\t\t<div class=\"entry-thumbnail\">\n\t\t\t\t\t\t<div class=\"pk-overlay pk-overlay-ratio pk-ratio-landscape\">\n\t\t\t\t\t\t\t<div class=\"pk-overlay-background\">\n\t\t\t\t\t\t\t\t<a href=\"https:\/\/webdelmaestrocmf.com\/portal\/francesco-tonucci-hoy-la-escuela-esta-asumiendo-un-error-fatal-que-es-hacer-mas-un-papel-de-ninera-que-de-estructura-educativa\/\" class=\"pk-overlay-link\">\n\t\t\t\t\t\t\t\t\t<img loading=\"lazy\" decoding=\"async\" width=\"300\" height=\"225\" src=\"https:\/\/webdelmaestrocmf.com\/portal\/wp-content\/uploads\/2026\/04\/1AA-Banner-1-portada-imagen-10-1-copia-2-9-300x225.webp\" class=\"attachment-pk-thumbnail size-pk-thumbnail wp-post-image\" alt=\"\" \/>\t\t\t\t\t\t\t\t<\/a>\n\t\t\t\t\t\t\t<\/div>\n\t\t\t\t\t\t<\/div>\n\t\t\t\t\t<\/div>\n\t\t\t\t<\/div>\n\t\t\t\t\n\t\t\t\t<div class=\"pk-post-inner\">\n\t\t\t\t\t<header>\n\t\t\t\t\t\t<h3 class=\"pk-title\"><a href=\"https:\/\/webdelmaestrocmf.com\/portal\/francesco-tonucci-hoy-la-escuela-esta-asumiendo-un-error-fatal-que-es-hacer-mas-un-papel-de-ninera-que-de-estructura-educativa\/\" rel=\"bookmark\">Francesco Tonucci: Hoy la escuela est\u00e1 asumiendo un error fatal que es hacer m\u00e1s un papel de ni\u00f1era que de estructura educativa<\/a><\/h3>\t\t\t\t\t<\/header><!-- .entry-header -->\n\t\t\t\t<\/div><!-- .post-inner -->\n\n\t\t\t<\/div><!-- .post-outer -->\n\t\t<\/article>\n\t\t\t\t<\/div>\n\t\t<\/div>\n\t\t\n","protected":false},"excerpt":{"rendered":"Juan Mel\u00e9ndez S\u00e1nchez (\u00c1vila, 1964) se licenci\u00f3 en F\u00edsica por la Universidad de Salamanca y realiz\u00f3 su tesis&hellip;","protected":false},"author":1,"featured_media":75690,"comment_status":"open","ping_status":"open","sticky":false,"template":"","format":"standard","meta":{"csco_display_header_overlay":false,"csco_singular_sidebar":"disabled","csco_page_header_type":"standard","csco_page_load_nextpost":"default","csco_post_video_location":[],"csco_post_video_location_hash":"","csco_post_video_url":"","csco_post_video_bg_start_time":0,"csco_post_video_bg_end_time":0,"csco_post_video_bg_volume":false,"_jetpack_memberships_contains_paid_content":false,"footnotes":""},"categories":[48,47],"tags":[288,289,290,291],"class_list":{"0":"post-6869","1":"post","2":"type-post","3":"status-publish","4":"format-standard","5":"has-post-thumbnail","7":"category-entrevistas","8":"category-noticias","9":"tag-alumno","10":"tag-bombilla","11":"tag-encender","12":"tag-juan-melendez","13":"cs-entry","14":"cs-video-wrap"},"yoast_head":"<!-- This site is optimized with the Yoast SEO plugin v27.5 - https:\/\/yoast.com\/product\/yoast-seo-wordpress\/ -->\n<title>Juan Mel\u00e9ndez: \u201csi no consigues encender la bombilla del alumno estas perdido\u201d<\/title>\n<meta name=\"description\" content=\"Hoy hay mucha tendencia a transmitirla de forma recreativa, pero es m\u00e1s interesante hacer preguntas y despertar la curiosidad...\" \/>\n<meta name=\"robots\" content=\"index, follow, max-snippet:-1, max-image-preview:large, max-video-preview:-1\" \/>\n<link rel=\"canonical\" href=\"https:\/\/webdelmaestrocmf.com\/portal\/juan-melendez-si-no-consigues-encender-la-bombilla-del-alumno-estas-perdido\/\" \/>\n<meta property=\"og:locale\" content=\"es_ES\" \/>\n<meta property=\"og:type\" content=\"article\" \/>\n<meta property=\"og:title\" content=\"Juan Mel\u00e9ndez: \u201csi no consigues encender la bombilla del alumno estas perdido\u201d\" \/>\n<meta property=\"og:description\" content=\"Hoy hay mucha tendencia a transmitirla de forma recreativa, pero es m\u00e1s interesante hacer preguntas y despertar la curiosidad...\" \/>\n<meta property=\"og:url\" content=\"https:\/\/webdelmaestrocmf.com\/portal\/juan-melendez-si-no-consigues-encender-la-bombilla-del-alumno-estas-perdido\/\" \/>\n<meta property=\"og:site_name\" content=\"Web del Maestro CMF\" \/>\n<meta property=\"article:publisher\" content=\"https:\/\/www.facebook.com\/WebdelMaestroCMF\/\" \/>\n<meta property=\"article:author\" content=\"https:\/\/www.facebook.com\/WebdelMaestroCMF\/\" \/>\n<meta property=\"article:published_time\" content=\"2022-03-21T00:24:45+00:00\" \/>\n<meta property=\"article:modified_time\" content=\"2022-03-21T02:33:01+00:00\" \/>\n<meta property=\"og:image\" content=\"https:\/\/i0.wp.com\/webdelmaestrocmf.com\/portal\/wp-content\/uploads\/2018\/09\/2-46.jpg?fit=1100%2C680&ssl=1\" \/>\n\t<meta property=\"og:image:width\" content=\"1100\" \/>\n\t<meta property=\"og:image:height\" content=\"680\" \/>\n\t<meta property=\"og:image:type\" content=\"image\/jpeg\" \/>\n<meta name=\"author\" content=\"Web del Maestro CMF\" \/>\n<meta name=\"twitter:card\" content=\"summary_large_image\" \/>\n<meta name=\"twitter:creator\" content=\"@cmf_w\" \/>\n<meta name=\"twitter:site\" content=\"@cmf_w\" \/>\n<script type=\"application\/ld+json\" class=\"yoast-schema-graph\">{\"@context\":\"https:\\\/\\\/schema.org\",\"@graph\":[{\"@type\":\"ScholarlyArticle\",\"@id\":\"https:\\\/\\\/webdelmaestrocmf.com\\\/portal\\\/juan-melendez-si-no-consigues-encender-la-bombilla-del-alumno-estas-perdido\\\/#article\",\"isPartOf\":{\"@id\":\"https:\\\/\\\/webdelmaestrocmf.com\\\/portal\\\/juan-melendez-si-no-consigues-encender-la-bombilla-del-alumno-estas-perdido\\\/\"},\"author\":{\"name\":\"Web del Maestro CMF\",\"@id\":\"https:\\\/\\\/webdelmaestrocmf.com\\\/portal\\\/#\\\/schema\\\/person\\\/1072a2ed7bd960df8ef99a551fa35dc5\"},\"headline\":\"Juan Mel\u00e9ndez: \u201csi no consigues encender la bombilla del alumno estas perdido\u201d\",\"datePublished\":\"2022-03-21T00:24:45+00:00\",\"dateModified\":\"2022-03-21T02:33:01+00:00\",\"mainEntityOfPage\":{\"@id\":\"https:\\\/\\\/webdelmaestrocmf.com\\\/portal\\\/juan-melendez-si-no-consigues-encender-la-bombilla-del-alumno-estas-perdido\\\/\"},\"wordCount\":1291,\"commentCount\":0,\"publisher\":{\"@id\":\"https:\\\/\\\/webdelmaestrocmf.com\\\/portal\\\/#organization\"},\"image\":{\"@id\":\"https:\\\/\\\/webdelmaestrocmf.com\\\/portal\\\/juan-melendez-si-no-consigues-encender-la-bombilla-del-alumno-estas-perdido\\\/#primaryimage\"},\"thumbnailUrl\":\"https:\\\/\\\/webdelmaestrocmf.com\\\/portal\\\/wp-content\\\/uploads\\\/2018\\\/09\\\/2-46.jpg\",\"keywords\":[\"alumno\",\"BOMBILLA\",\"ENCENDER\",\"JUAN MEL\u00c9NDEZ\"],\"articleSection\":[\"Entrevistas\",\"Noticias\"],\"inLanguage\":\"es\",\"potentialAction\":[{\"@type\":\"CommentAction\",\"name\":\"Comment\",\"target\":[\"https:\\\/\\\/webdelmaestrocmf.com\\\/portal\\\/juan-melendez-si-no-consigues-encender-la-bombilla-del-alumno-estas-perdido\\\/#respond\"]}]},{\"@type\":\"WebPage\",\"@id\":\"https:\\\/\\\/webdelmaestrocmf.com\\\/portal\\\/juan-melendez-si-no-consigues-encender-la-bombilla-del-alumno-estas-perdido\\\/\",\"url\":\"https:\\\/\\\/webdelmaestrocmf.com\\\/portal\\\/juan-melendez-si-no-consigues-encender-la-bombilla-del-alumno-estas-perdido\\\/\",\"name\":\"Juan Mel\u00e9ndez: \u201csi no consigues encender la bombilla del alumno estas perdido\u201d\",\"isPartOf\":{\"@id\":\"https:\\\/\\\/webdelmaestrocmf.com\\\/portal\\\/#website\"},\"primaryImageOfPage\":{\"@id\":\"https:\\\/\\\/webdelmaestrocmf.com\\\/portal\\\/juan-melendez-si-no-consigues-encender-la-bombilla-del-alumno-estas-perdido\\\/#primaryimage\"},\"image\":{\"@id\":\"https:\\\/\\\/webdelmaestrocmf.com\\\/portal\\\/juan-melendez-si-no-consigues-encender-la-bombilla-del-alumno-estas-perdido\\\/#primaryimage\"},\"thumbnailUrl\":\"https:\\\/\\\/webdelmaestrocmf.com\\\/portal\\\/wp-content\\\/uploads\\\/2018\\\/09\\\/2-46.jpg\",\"datePublished\":\"2022-03-21T00:24:45+00:00\",\"dateModified\":\"2022-03-21T02:33:01+00:00\",\"description\":\"Hoy hay mucha tendencia a transmitirla de forma recreativa, pero es m\u00e1s interesante hacer preguntas y despertar la curiosidad...\",\"breadcrumb\":{\"@id\":\"https:\\\/\\\/webdelmaestrocmf.com\\\/portal\\\/juan-melendez-si-no-consigues-encender-la-bombilla-del-alumno-estas-perdido\\\/#breadcrumb\"},\"inLanguage\":\"es\",\"potentialAction\":[{\"@type\":\"ReadAction\",\"target\":[\"https:\\\/\\\/webdelmaestrocmf.com\\\/portal\\\/juan-melendez-si-no-consigues-encender-la-bombilla-del-alumno-estas-perdido\\\/\"]}]},{\"@type\":\"ImageObject\",\"inLanguage\":\"es\",\"@id\":\"https:\\\/\\\/webdelmaestrocmf.com\\\/portal\\\/juan-melendez-si-no-consigues-encender-la-bombilla-del-alumno-estas-perdido\\\/#primaryimage\",\"url\":\"https:\\\/\\\/webdelmaestrocmf.com\\\/portal\\\/wp-content\\\/uploads\\\/2018\\\/09\\\/2-46.jpg\",\"contentUrl\":\"https:\\\/\\\/webdelmaestrocmf.com\\\/portal\\\/wp-content\\\/uploads\\\/2018\\\/09\\\/2-46.jpg\",\"width\":1100,\"height\":680},{\"@type\":\"BreadcrumbList\",\"@id\":\"https:\\\/\\\/webdelmaestrocmf.com\\\/portal\\\/juan-melendez-si-no-consigues-encender-la-bombilla-del-alumno-estas-perdido\\\/#breadcrumb\",\"itemListElement\":[{\"@type\":\"ListItem\",\"position\":1,\"name\":\"Portada\",\"item\":\"https:\\\/\\\/webdelmaestrocmf.com\\\/portal\\\/\"},{\"@type\":\"ListItem\",\"position\":2,\"name\":\"Noticias\",\"item\":\"https:\\\/\\\/webdelmaestrocmf.com\\\/portal\\\/category\\\/noticias\\\/\"},{\"@type\":\"ListItem\",\"position\":3,\"name\":\"Juan Mel\u00e9ndez: \u201csi no consigues encender la bombilla del alumno estas perdido\u201d\"}]},{\"@type\":\"WebSite\",\"@id\":\"https:\\\/\\\/webdelmaestrocmf.com\\\/portal\\\/#website\",\"url\":\"https:\\\/\\\/webdelmaestrocmf.com\\\/portal\\\/\",\"name\":\"Web del Maestro CMF\",\"description\":\"Maestros al servicio de la educaci\u00f3n\",\"publisher\":{\"@id\":\"https:\\\/\\\/webdelmaestrocmf.com\\\/portal\\\/#organization\"},\"alternateName\":\"WMCMF\",\"potentialAction\":[{\"@type\":\"SearchAction\",\"target\":{\"@type\":\"EntryPoint\",\"urlTemplate\":\"https:\\\/\\\/webdelmaestrocmf.com\\\/portal\\\/?s={search_term_string}\"},\"query-input\":{\"@type\":\"PropertyValueSpecification\",\"valueRequired\":true,\"valueName\":\"search_term_string\"}}],\"inLanguage\":\"es\"},{\"@type\":\"Organization\",\"@id\":\"https:\\\/\\\/webdelmaestrocmf.com\\\/portal\\\/#organization\",\"name\":\"Web del Maestro CMF\",\"alternateName\":\"WMCMF\",\"url\":\"https:\\\/\\\/webdelmaestrocmf.com\\\/portal\\\/\",\"logo\":{\"@type\":\"ImageObject\",\"inLanguage\":\"es\",\"@id\":\"https:\\\/\\\/webdelmaestrocmf.com\\\/portal\\\/#\\\/schema\\\/logo\\\/image\\\/\",\"url\":\"https:\\\/\\\/webdelmaestrocmf.com\\\/portal\\\/wp-content\\\/uploads\\\/2023\\\/01\\\/logo-wmcmf-2.png\",\"contentUrl\":\"https:\\\/\\\/webdelmaestrocmf.com\\\/portal\\\/wp-content\\\/uploads\\\/2023\\\/01\\\/logo-wmcmf-2.png\",\"width\":200,\"height\":60,\"caption\":\"Web del Maestro CMF\"},\"image\":{\"@id\":\"https:\\\/\\\/webdelmaestrocmf.com\\\/portal\\\/#\\\/schema\\\/logo\\\/image\\\/\"},\"sameAs\":[\"https:\\\/\\\/www.facebook.com\\\/WebdelMaestroCMF\\\/\",\"https:\\\/\\\/x.com\\\/cmf_w\",\"https:\\\/\\\/www.pinterest.com\\\/WMCMF\\\/\",\"https:\\\/\\\/www.linkedin.com\\\/company\\\/web-del-maestro-cmf\\\/\",\"https:\\\/\\\/www.instagram.com\\\/wmcmf\\\/\",\"https:\\\/\\\/www.youtube.com\\\/channel\\\/UCDPSvjbdodE5sHnC3OxutHw\",\"https:\\\/\\\/mastodon.social\\\/@wmcmf\",\"https:\\\/\\\/www.tiktok.com\\\/@webdelmaestrocmf\"]},{\"@type\":\"Person\",\"@id\":\"https:\\\/\\\/webdelmaestrocmf.com\\\/portal\\\/#\\\/schema\\\/person\\\/1072a2ed7bd960df8ef99a551fa35dc5\",\"name\":\"Web del Maestro CMF\",\"image\":{\"@type\":\"ImageObject\",\"inLanguage\":\"es\",\"@id\":\"https:\\\/\\\/secure.gravatar.com\\\/avatar\\\/23291dd5b5ae1077dcff3dbb04c3e02bd28403fa75af6d8787d5e97c5bbbe30b?s=96&d=mm&r=g\",\"url\":\"https:\\\/\\\/secure.gravatar.com\\\/avatar\\\/23291dd5b5ae1077dcff3dbb04c3e02bd28403fa75af6d8787d5e97c5bbbe30b?s=96&d=mm&r=g\",\"contentUrl\":\"https:\\\/\\\/secure.gravatar.com\\\/avatar\\\/23291dd5b5ae1077dcff3dbb04c3e02bd28403fa75af6d8787d5e97c5bbbe30b?s=96&d=mm&r=g\",\"caption\":\"Web del Maestro CMF\"},\"description\":\"Esta Web se cre\u00f3 sin fines de lucro, con fines educativos, cient\u00edficos y acad\u00e9micos, para personas que tengan dificultades y\\\/o inconvenientes en visualizar el material original. El objetivo es entregar recursos, compartir experiencias y materiales que ayuden a los padres de familia, maestros y estudiantes en su actualizaci\u00f3n y formaci\u00f3n permanente, en bien de la Educaci\u00f3n.\",\"sameAs\":[\"http:\\\/\\\/webdelmaestrocmf.com\\\/portal\",\"https:\\\/\\\/www.facebook.com\\\/WebdelMaestroCMF\\\/\",\"https:\\\/\\\/www.instagram.com\\\/wmcmf\\\/\",\"https:\\\/\\\/cl.linkedin.com\\\/company\\\/web-del-maestro-cmf\",\"https:\\\/\\\/www.pinterest.com\\\/WMCMF\\\/publicaciones\\\/\",\"https:\\\/\\\/x.com\\\/cmf_w\",\"https:\\\/\\\/www.youtube.com\\\/@WMCMF\"]}]}<\/script>\n<!-- \/ Yoast SEO plugin. -->","yoast_head_json":{"title":"Juan Mel\u00e9ndez: \u201csi no consigues encender la bombilla del alumno estas perdido\u201d","description":"Hoy hay mucha tendencia a transmitirla de forma recreativa, pero es m\u00e1s interesante hacer preguntas y despertar la curiosidad...","robots":{"index":"index","follow":"follow","max-snippet":"max-snippet:-1","max-image-preview":"max-image-preview:large","max-video-preview":"max-video-preview:-1"},"canonical":"https:\/\/webdelmaestrocmf.com\/portal\/juan-melendez-si-no-consigues-encender-la-bombilla-del-alumno-estas-perdido\/","og_locale":"es_ES","og_type":"article","og_title":"Juan Mel\u00e9ndez: \u201csi no consigues encender la bombilla del alumno estas perdido\u201d","og_description":"Hoy hay mucha tendencia a transmitirla de forma recreativa, pero es m\u00e1s interesante hacer preguntas y despertar la curiosidad...","og_url":"https:\/\/webdelmaestrocmf.com\/portal\/juan-melendez-si-no-consigues-encender-la-bombilla-del-alumno-estas-perdido\/","og_site_name":"Web del Maestro CMF","article_publisher":"https:\/\/www.facebook.com\/WebdelMaestroCMF\/","article_author":"https:\/\/www.facebook.com\/WebdelMaestroCMF\/","article_published_time":"2022-03-21T00:24:45+00:00","article_modified_time":"2022-03-21T02:33:01+00:00","og_image":[{"width":1100,"height":680,"url":"https:\/\/i0.wp.com\/webdelmaestrocmf.com\/portal\/wp-content\/uploads\/2018\/09\/2-46.jpg?fit=1100%2C680&ssl=1","type":"image\/jpeg"}],"author":"Web del Maestro CMF","twitter_card":"summary_large_image","twitter_creator":"@cmf_w","twitter_site":"@cmf_w","schema":{"@context":"https:\/\/schema.org","@graph":[{"@type":"ScholarlyArticle","@id":"https:\/\/webdelmaestrocmf.com\/portal\/juan-melendez-si-no-consigues-encender-la-bombilla-del-alumno-estas-perdido\/#article","isPartOf":{"@id":"https:\/\/webdelmaestrocmf.com\/portal\/juan-melendez-si-no-consigues-encender-la-bombilla-del-alumno-estas-perdido\/"},"author":{"name":"Web del Maestro CMF","@id":"https:\/\/webdelmaestrocmf.com\/portal\/#\/schema\/person\/1072a2ed7bd960df8ef99a551fa35dc5"},"headline":"Juan Mel\u00e9ndez: \u201csi no consigues encender la bombilla del alumno estas perdido\u201d","datePublished":"2022-03-21T00:24:45+00:00","dateModified":"2022-03-21T02:33:01+00:00","mainEntityOfPage":{"@id":"https:\/\/webdelmaestrocmf.com\/portal\/juan-melendez-si-no-consigues-encender-la-bombilla-del-alumno-estas-perdido\/"},"wordCount":1291,"commentCount":0,"publisher":{"@id":"https:\/\/webdelmaestrocmf.com\/portal\/#organization"},"image":{"@id":"https:\/\/webdelmaestrocmf.com\/portal\/juan-melendez-si-no-consigues-encender-la-bombilla-del-alumno-estas-perdido\/#primaryimage"},"thumbnailUrl":"https:\/\/webdelmaestrocmf.com\/portal\/wp-content\/uploads\/2018\/09\/2-46.jpg","keywords":["alumno","BOMBILLA","ENCENDER","JUAN MEL\u00c9NDEZ"],"articleSection":["Entrevistas","Noticias"],"inLanguage":"es","potentialAction":[{"@type":"CommentAction","name":"Comment","target":["https:\/\/webdelmaestrocmf.com\/portal\/juan-melendez-si-no-consigues-encender-la-bombilla-del-alumno-estas-perdido\/#respond"]}]},{"@type":"WebPage","@id":"https:\/\/webdelmaestrocmf.com\/portal\/juan-melendez-si-no-consigues-encender-la-bombilla-del-alumno-estas-perdido\/","url":"https:\/\/webdelmaestrocmf.com\/portal\/juan-melendez-si-no-consigues-encender-la-bombilla-del-alumno-estas-perdido\/","name":"Juan Mel\u00e9ndez: \u201csi no consigues encender la bombilla del alumno estas perdido\u201d","isPartOf":{"@id":"https:\/\/webdelmaestrocmf.com\/portal\/#website"},"primaryImageOfPage":{"@id":"https:\/\/webdelmaestrocmf.com\/portal\/juan-melendez-si-no-consigues-encender-la-bombilla-del-alumno-estas-perdido\/#primaryimage"},"image":{"@id":"https:\/\/webdelmaestrocmf.com\/portal\/juan-melendez-si-no-consigues-encender-la-bombilla-del-alumno-estas-perdido\/#primaryimage"},"thumbnailUrl":"https:\/\/webdelmaestrocmf.com\/portal\/wp-content\/uploads\/2018\/09\/2-46.jpg","datePublished":"2022-03-21T00:24:45+00:00","dateModified":"2022-03-21T02:33:01+00:00","description":"Hoy hay mucha tendencia a transmitirla de forma recreativa, pero es m\u00e1s interesante hacer preguntas y despertar la curiosidad...","breadcrumb":{"@id":"https:\/\/webdelmaestrocmf.com\/portal\/juan-melendez-si-no-consigues-encender-la-bombilla-del-alumno-estas-perdido\/#breadcrumb"},"inLanguage":"es","potentialAction":[{"@type":"ReadAction","target":["https:\/\/webdelmaestrocmf.com\/portal\/juan-melendez-si-no-consigues-encender-la-bombilla-del-alumno-estas-perdido\/"]}]},{"@type":"ImageObject","inLanguage":"es","@id":"https:\/\/webdelmaestrocmf.com\/portal\/juan-melendez-si-no-consigues-encender-la-bombilla-del-alumno-estas-perdido\/#primaryimage","url":"https:\/\/webdelmaestrocmf.com\/portal\/wp-content\/uploads\/2018\/09\/2-46.jpg","contentUrl":"https:\/\/webdelmaestrocmf.com\/portal\/wp-content\/uploads\/2018\/09\/2-46.jpg","width":1100,"height":680},{"@type":"BreadcrumbList","@id":"https:\/\/webdelmaestrocmf.com\/portal\/juan-melendez-si-no-consigues-encender-la-bombilla-del-alumno-estas-perdido\/#breadcrumb","itemListElement":[{"@type":"ListItem","position":1,"name":"Portada","item":"https:\/\/webdelmaestrocmf.com\/portal\/"},{"@type":"ListItem","position":2,"name":"Noticias","item":"https:\/\/webdelmaestrocmf.com\/portal\/category\/noticias\/"},{"@type":"ListItem","position":3,"name":"Juan Mel\u00e9ndez: \u201csi no consigues encender la bombilla del alumno estas perdido\u201d"}]},{"@type":"WebSite","@id":"https:\/\/webdelmaestrocmf.com\/portal\/#website","url":"https:\/\/webdelmaestrocmf.com\/portal\/","name":"Web del Maestro CMF","description":"Maestros al servicio de la educaci\u00f3n","publisher":{"@id":"https:\/\/webdelmaestrocmf.com\/portal\/#organization"},"alternateName":"WMCMF","potentialAction":[{"@type":"SearchAction","target":{"@type":"EntryPoint","urlTemplate":"https:\/\/webdelmaestrocmf.com\/portal\/?s={search_term_string}"},"query-input":{"@type":"PropertyValueSpecification","valueRequired":true,"valueName":"search_term_string"}}],"inLanguage":"es"},{"@type":"Organization","@id":"https:\/\/webdelmaestrocmf.com\/portal\/#organization","name":"Web del Maestro CMF","alternateName":"WMCMF","url":"https:\/\/webdelmaestrocmf.com\/portal\/","logo":{"@type":"ImageObject","inLanguage":"es","@id":"https:\/\/webdelmaestrocmf.com\/portal\/#\/schema\/logo\/image\/","url":"https:\/\/webdelmaestrocmf.com\/portal\/wp-content\/uploads\/2023\/01\/logo-wmcmf-2.png","contentUrl":"https:\/\/webdelmaestrocmf.com\/portal\/wp-content\/uploads\/2023\/01\/logo-wmcmf-2.png","width":200,"height":60,"caption":"Web del Maestro CMF"},"image":{"@id":"https:\/\/webdelmaestrocmf.com\/portal\/#\/schema\/logo\/image\/"},"sameAs":["https:\/\/www.facebook.com\/WebdelMaestroCMF\/","https:\/\/x.com\/cmf_w","https:\/\/www.pinterest.com\/WMCMF\/","https:\/\/www.linkedin.com\/company\/web-del-maestro-cmf\/","https:\/\/www.instagram.com\/wmcmf\/","https:\/\/www.youtube.com\/channel\/UCDPSvjbdodE5sHnC3OxutHw","https:\/\/mastodon.social\/@wmcmf","https:\/\/www.tiktok.com\/@webdelmaestrocmf"]},{"@type":"Person","@id":"https:\/\/webdelmaestrocmf.com\/portal\/#\/schema\/person\/1072a2ed7bd960df8ef99a551fa35dc5","name":"Web del Maestro CMF","image":{"@type":"ImageObject","inLanguage":"es","@id":"https:\/\/secure.gravatar.com\/avatar\/23291dd5b5ae1077dcff3dbb04c3e02bd28403fa75af6d8787d5e97c5bbbe30b?s=96&d=mm&r=g","url":"https:\/\/secure.gravatar.com\/avatar\/23291dd5b5ae1077dcff3dbb04c3e02bd28403fa75af6d8787d5e97c5bbbe30b?s=96&d=mm&r=g","contentUrl":"https:\/\/secure.gravatar.com\/avatar\/23291dd5b5ae1077dcff3dbb04c3e02bd28403fa75af6d8787d5e97c5bbbe30b?s=96&d=mm&r=g","caption":"Web del Maestro CMF"},"description":"Esta Web se cre\u00f3 sin fines de lucro, con fines educativos, cient\u00edficos y acad\u00e9micos, para personas que tengan dificultades y\/o inconvenientes en visualizar el material original. El objetivo es entregar recursos, compartir experiencias y materiales que ayuden a los padres de familia, maestros y estudiantes en su actualizaci\u00f3n y formaci\u00f3n permanente, en bien de la Educaci\u00f3n.","sameAs":["http:\/\/webdelmaestrocmf.com\/portal","https:\/\/www.facebook.com\/WebdelMaestroCMF\/","https:\/\/www.instagram.com\/wmcmf\/","https:\/\/cl.linkedin.com\/company\/web-del-maestro-cmf","https:\/\/www.pinterest.com\/WMCMF\/publicaciones\/","https:\/\/x.com\/cmf_w","https:\/\/www.youtube.com\/@WMCMF"]}]}},"jetpack_featured_media_url":"https:\/\/webdelmaestrocmf.com\/portal\/wp-content\/uploads\/2018\/09\/2-46.jpg","jetpack_sharing_enabled":true,"jetpack-related-posts":[{"id":32095,"url":"https:\/\/webdelmaestrocmf.com\/portal\/parte-del-fracaso-escolar-se-deberia-atribuir-a-una-disminucion-en-el-tiempo-de-sueno\/","url_meta":{"origin":6869,"position":0},"title":"PARTE DEL FRACASO ESCOLAR SE DEBER\u00cdA ATRIBUIR A UNA DISMINUCI\u00d3N EN EL TIEMPO DE SUE\u00d1O","author":"Web del Maestro CMF","date":"8 octubre, 2018","format":false,"excerpt":"Juan Antonio Madrid P\u00e9rez (Cartagena, Espa\u00f1a 1957), es Catedr\u00e1tico de Fisiolog\u00eda, Director del Laboratorio de Cronobiolog\u00eda en Universidad de Murcia (Espa\u00f1a), recibi\u00f3 el Grado de Doctor en Ciencias Biol\u00f3gicas y Licenciatura en Ciencias Biol\u00f3gicas por la Universidad de Granada (Espa\u00f1a) y es Especialista Universitario en Cronobiolog\u00eda por Universit\u00e9 Pierre et\u2026","rel":"","context":"En \u00abCharlas\u00bb","block_context":{"text":"Charlas","link":"https:\/\/webdelmaestrocmf.com\/portal\/category\/charlas\/"},"img":{"alt_text":"","src":"https:\/\/i0.wp.com\/webdelmaestrocmf.com\/portal\/wp-content\/uploads\/2018\/10\/1-10.jpg?resize=350%2C200&ssl=1","width":350,"height":200,"srcset":"https:\/\/i0.wp.com\/webdelmaestrocmf.com\/portal\/wp-content\/uploads\/2018\/10\/1-10.jpg?resize=350%2C200&ssl=1 1x, https:\/\/i0.wp.com\/webdelmaestrocmf.com\/portal\/wp-content\/uploads\/2018\/10\/1-10.jpg?resize=525%2C300&ssl=1 1.5x, https:\/\/i0.wp.com\/webdelmaestrocmf.com\/portal\/wp-content\/uploads\/2018\/10\/1-10.jpg?resize=700%2C400&ssl=1 2x, https:\/\/i0.wp.com\/webdelmaestrocmf.com\/portal\/wp-content\/uploads\/2018\/10\/1-10.jpg?resize=1050%2C600&ssl=1 3x"},"classes":[]},{"id":53915,"url":"https:\/\/webdelmaestrocmf.com\/portal\/peru-se-pagaran-horas-extras-si-no-se-respeta-desconexion\/","url_meta":{"origin":6869,"position":1},"title":"[Per\u00fa] Se pagar\u00e1n horas extras si no se respeta desconexi\u00f3n","author":"Web del Maestro CMF","date":"3 noviembre, 2020","format":false,"excerpt":"Trabajo remoto. Solo se podr\u00e1 estar conectado durante la jornada laboral. Multas llegar\u00edan hasta m\u00e1s de S\/ 225.000 si empleador no respeta este derecho laboral. Lo que ha dispuesto el Ejecutivo es que se respete el derecho a la desconexi\u00f3n digital, es decir, que fuera del horario de trabajo no\u2026","rel":"","context":"En \u00abNoticias\u00bb","block_context":{"text":"Noticias","link":"https:\/\/webdelmaestrocmf.com\/portal\/category\/pedagogia\/noticias-pedagogia\/"},"img":{"alt_text":"","src":"https:\/\/i0.wp.com\/webdelmaestrocmf.com\/portal\/wp-content\/uploads\/2020\/11\/1-21.jpg?resize=350%2C200&ssl=1","width":350,"height":200,"srcset":"https:\/\/i0.wp.com\/webdelmaestrocmf.com\/portal\/wp-content\/uploads\/2020\/11\/1-21.jpg?resize=350%2C200&ssl=1 1x, https:\/\/i0.wp.com\/webdelmaestrocmf.com\/portal\/wp-content\/uploads\/2020\/11\/1-21.jpg?resize=525%2C300&ssl=1 1.5x, https:\/\/i0.wp.com\/webdelmaestrocmf.com\/portal\/wp-content\/uploads\/2020\/11\/1-21.jpg?resize=700%2C400&ssl=1 2x, https:\/\/i0.wp.com\/webdelmaestrocmf.com\/portal\/wp-content\/uploads\/2020\/11\/1-21.jpg?resize=1050%2C600&ssl=1 3x"},"classes":[]},{"id":26242,"url":"https:\/\/webdelmaestrocmf.com\/portal\/manual-con-70-experimentos-divertidos-para-el-aula\/","url_meta":{"origin":6869,"position":2},"title":"Manuales con experimentos de ciencia para primaria y secundaria","author":"Web del Maestro CMF","date":"5 febrero, 2018","format":false,"excerpt":"Compartimos esta fabulosa colecci\u00f3n de 70\u00a0experimentos para primaria que sera de gran ayuda para la comunidad docente.\u00a0La curiosidad es una caracter\u00edstica innata en todos los ni\u00f1os, es lo que nos anima a aprender. A trav\u00e9s de ella nos atrevemos a probar, a descubrir y a experimentar. \u00bfPodr\u00edamos haber descubierto la\u2026","rel":"","context":"En \u00abDescargas Manuales PDF\u00bb","block_context":{"text":"Descargas Manuales PDF","link":"https:\/\/webdelmaestrocmf.com\/portal\/category\/pedagogia\/descargas-manuales-pdf\/"},"img":{"alt_text":"","src":"https:\/\/i0.wp.com\/webdelmaestrocmf.com\/portal\/wp-content\/uploads\/2018\/02\/Banner-1-portada-imagen-10-1-39.jpg?resize=350%2C200&ssl=1","width":350,"height":200,"srcset":"https:\/\/i0.wp.com\/webdelmaestrocmf.com\/portal\/wp-content\/uploads\/2018\/02\/Banner-1-portada-imagen-10-1-39.jpg?resize=350%2C200&ssl=1 1x, https:\/\/i0.wp.com\/webdelmaestrocmf.com\/portal\/wp-content\/uploads\/2018\/02\/Banner-1-portada-imagen-10-1-39.jpg?resize=525%2C300&ssl=1 1.5x, https:\/\/i0.wp.com\/webdelmaestrocmf.com\/portal\/wp-content\/uploads\/2018\/02\/Banner-1-portada-imagen-10-1-39.jpg?resize=700%2C400&ssl=1 2x"},"classes":[]},{"id":47545,"url":"https:\/\/webdelmaestrocmf.com\/portal\/el-buen-doctor-una-serie-que-nos-ayudara-a-visibilizar-el-tea-a-ser-mas-tolerantes-y-empaticos-con-las-personas-con-autismo\/","url_meta":{"origin":6869,"position":3},"title":"El buen doctor, una serie que nos ayudar\u00e1 a visibilizar el TEA, a ser tolerantes y emp\u00e1ticos con las personas con autismo","author":"Web del Maestro CMF","date":"1 junio, 2020","format":"video","excerpt":"Un cirujano joven y autista que padece el s\u00edndrome del sabio empieza a trabajar en un hospital prestigioso. All\u00e1 tendr\u00e1 que vencer el escepticismo con el que sus colegas lo reciben. Basado en un drama de\u00a0Corea del Sur,\u00a0The Good Doctor\u00a0est\u00e1 protagonizada por el actor de la serie\u00a0Bates Motel,\u00a0Freddie Highmore\u00a0como el\u2026","rel":"","context":"En \u00abPel\u00edculas\u00bb","block_context":{"text":"Pel\u00edculas","link":"https:\/\/webdelmaestrocmf.com\/portal\/category\/pedagogia\/peliculas\/"},"img":{"alt_text":"","src":"https:\/\/i0.wp.com\/webdelmaestrocmf.com\/portal\/wp-content\/uploads\/2020\/06\/2-2.jpg?resize=350%2C200&ssl=1","width":350,"height":200,"srcset":"https:\/\/i0.wp.com\/webdelmaestrocmf.com\/portal\/wp-content\/uploads\/2020\/06\/2-2.jpg?resize=350%2C200&ssl=1 1x, https:\/\/i0.wp.com\/webdelmaestrocmf.com\/portal\/wp-content\/uploads\/2020\/06\/2-2.jpg?resize=525%2C300&ssl=1 1.5x, https:\/\/i0.wp.com\/webdelmaestrocmf.com\/portal\/wp-content\/uploads\/2020\/06\/2-2.jpg?resize=700%2C400&ssl=1 2x, https:\/\/i0.wp.com\/webdelmaestrocmf.com\/portal\/wp-content\/uploads\/2020\/06\/2-2.jpg?resize=1050%2C600&ssl=1 3x"},"classes":[]},{"id":18986,"url":"https:\/\/webdelmaestrocmf.com\/portal\/profesora-ensena-los-ninos-dano-provoca-bullying-usando-manzanas\/","url_meta":{"origin":6869,"position":4},"title":"C\u00f3mo puede ense\u00f1ar a los ni\u00f1os el da\u00f1o que provoca el bullying usando manzanas","author":"Web del Maestro CMF","date":"16 diciembre, 2020","format":false,"excerpt":"Aunque los adultos estamos muy concienciados contra\u00a0el bullying y el acoso escolar, los ni\u00f1os de ciertas edades no son capaces de comprender la gravedad\u00a0de este problema.\u00a0Por suerte, Rosie Dutton,\u00a0monitora\u00a0infantil del programa contra conductas violentas\u00a0Relax Kids\u00a0de Tamworth, Reino Unido, lleva a\u00f1os explicando\u00a0a los ni\u00f1os el efecto que el tormento f\u00edsico y\u2026","rel":"","context":"En \u00abRecursos\u00bb","block_context":{"text":"Recursos","link":"https:\/\/webdelmaestrocmf.com\/portal\/category\/pedagogia\/"},"img":{"alt_text":"","src":"https:\/\/i0.wp.com\/webdelmaestrocmf.com\/portal\/wp-content\/uploads\/2020\/12\/1-copia-104.jpg?resize=350%2C200&ssl=1","width":350,"height":200,"srcset":"https:\/\/i0.wp.com\/webdelmaestrocmf.com\/portal\/wp-content\/uploads\/2020\/12\/1-copia-104.jpg?resize=350%2C200&ssl=1 1x, https:\/\/i0.wp.com\/webdelmaestrocmf.com\/portal\/wp-content\/uploads\/2020\/12\/1-copia-104.jpg?resize=525%2C300&ssl=1 1.5x, https:\/\/i0.wp.com\/webdelmaestrocmf.com\/portal\/wp-content\/uploads\/2020\/12\/1-copia-104.jpg?resize=700%2C400&ssl=1 2x, https:\/\/i0.wp.com\/webdelmaestrocmf.com\/portal\/wp-content\/uploads\/2020\/12\/1-copia-104.jpg?resize=1050%2C600&ssl=1 3x"},"classes":[]},{"id":108783,"url":"https:\/\/webdelmaestrocmf.com\/portal\/finlandia-incorpora-la-argumentacion-en-clases-de-matematicas-y-fisica\/","url_meta":{"origin":6869,"position":5},"title":"Finlandia incorpora la argumentaci\u00f3n en clases de Matem\u00e1ticas y F\u00edsica","author":"Web del Maestro CMF","date":"24 abril, 2025","format":false,"excerpt":"Aunque ha sido reconocido como uno de los modelos educativos m\u00e1s eficientes del mundo, los finlandeses admiten que sus aciertos actuales no son un recurso infinito. A la luz de los desaf\u00edos del futuro, optaron por modificar el curriculum y hoy trabajan con un sistema que apunta a formar ni\u00f1os\u2026","rel":"","context":"En \u00abFinlandia\u00bb","block_context":{"text":"Finlandia","link":"https:\/\/webdelmaestrocmf.com\/portal\/category\/pedagogia\/finlandia\/"},"img":{"alt_text":"","src":"https:\/\/i0.wp.com\/webdelmaestrocmf.com\/portal\/wp-content\/uploads\/2025\/04\/1A-Banner-1-portada-imagen-10-1-12.jpg?resize=350%2C200&ssl=1","width":350,"height":200,"srcset":"https:\/\/i0.wp.com\/webdelmaestrocmf.com\/portal\/wp-content\/uploads\/2025\/04\/1A-Banner-1-portada-imagen-10-1-12.jpg?resize=350%2C200&ssl=1 1x, https:\/\/i0.wp.com\/webdelmaestrocmf.com\/portal\/wp-content\/uploads\/2025\/04\/1A-Banner-1-portada-imagen-10-1-12.jpg?resize=525%2C300&ssl=1 1.5x, https:\/\/i0.wp.com\/webdelmaestrocmf.com\/portal\/wp-content\/uploads\/2025\/04\/1A-Banner-1-portada-imagen-10-1-12.jpg?resize=700%2C400&ssl=1 2x"},"classes":[]}],"_links":{"self":[{"href":"https:\/\/webdelmaestrocmf.com\/portal\/wp-json\/wp\/v2\/posts\/6869","targetHints":{"allow":["GET"]}}],"collection":[{"href":"https:\/\/webdelmaestrocmf.com\/portal\/wp-json\/wp\/v2\/posts"}],"about":[{"href":"https:\/\/webdelmaestrocmf.com\/portal\/wp-json\/wp\/v2\/types\/post"}],"author":[{"embeddable":true,"href":"https:\/\/webdelmaestrocmf.com\/portal\/wp-json\/wp\/v2\/users\/1"}],"replies":[{"embeddable":true,"href":"https:\/\/webdelmaestrocmf.com\/portal\/wp-json\/wp\/v2\/comments?post=6869"}],"version-history":[{"count":0,"href":"https:\/\/webdelmaestrocmf.com\/portal\/wp-json\/wp\/v2\/posts\/6869\/revisions"}],"wp:featuredmedia":[{"embeddable":true,"href":"https:\/\/webdelmaestrocmf.com\/portal\/wp-json\/wp\/v2\/media\/75690"}],"wp:attachment":[{"href":"https:\/\/webdelmaestrocmf.com\/portal\/wp-json\/wp\/v2\/media?parent=6869"}],"wp:term":[{"taxonomy":"category","embeddable":true,"href":"https:\/\/webdelmaestrocmf.com\/portal\/wp-json\/wp\/v2\/categories?post=6869"},{"taxonomy":"post_tag","embeddable":true,"href":"https:\/\/webdelmaestrocmf.com\/portal\/wp-json\/wp\/v2\/tags?post=6869"}],"curies":[{"name":"wp","href":"https:\/\/api.w.org\/{rel}","templated":true}]}}