{"id":68351,"date":"2021-09-22T20:54:57","date_gmt":"2021-09-22T23:54:57","guid":{"rendered":"https:\/\/webdelmaestrocmf.com\/portal\/?p=68351"},"modified":"2022-03-11T13:18:47","modified_gmt":"2022-03-11T16:18:47","slug":"material-para-educacion-artistica-guias-fichas-cuadernillos-de-trabajo-cuentos-etc","status":"publish","type":"post","link":"https:\/\/webdelmaestrocmf.com\/portal\/material-para-educacion-artistica-guias-fichas-cuadernillos-de-trabajo-cuentos-etc\/","title":{"rendered":"Material para Educaci\u00f3n art\u00edstica: gu\u00edas, fichas, cuadernillos de trabajo, cuentos, etc"},"content":{"rendered":"<h5 style=\"text-align: justify;\">La Educaci\u00f3n Art\u00edstica en la etapa de desarrollo ayuda a los estudiantes a canalizar sus emociones y contribuye a su crecimiento. Por ello, investigar en nuevos recursos para introducir en el aula supone un aumento de la motivaci\u00f3n por parte del alumnado y alimentan al artista que llevan dentro. Gracias a esta selecci\u00f3n, las ideas para recrear nuevas formas de dar esta asignatura florecer\u00e1n r\u00e1pidamente.<\/h5>\n<p><!--more--><\/p>\n<h5 style=\"text-align: justify;\">\u201cLa gente piensa en la creatividad como la clase de pl\u00e1stica y en pl\u00e1stica como manualidades. Eso no es arte, no est\u00e1s manejando emociones ni expres\u00e1ndote. Creo que hay mucho desconocimiento y, cuando se entiende, se ven las ventajas que tiene para nuestros hijos\u201d, comenta Pascual.<\/h5>\n<p style=\"text-align: justify;\">Sobre esas ventajas, hablamos de desarrollo personal, emocional y f\u00edsico. \u201cSomos un ser integral, no podemos separarnos en ojo, mano, cabeza\u2026 todo lo que vives a trav\u00e9s de tus experiencias significativas te impacta y se fija en tu cabeza\u201d, es la sinapsis neuronal. Para que la sinapsis se consolide y cree nuevos caminos, la experiencia debe repetirse aunque se viva de formas diferentes. Por ejemplo, ir a un museo es positivo pero si el ni\u00f1o va solo una vez, terminar\u00e1 por borrarse de su cabeza, no se afianzar\u00e1 la experiencia ni podr\u00e1 desarrollar su visi\u00f3n cr\u00edtica.<\/p>\n<p style=\"text-align: justify;\">Esa visi\u00f3n es una de las principales ventajas.\u00a0<strong>Cada vez m\u00e1s estudios afirman que la curiosidad y el juego son los motores del aprendizaje.<\/strong>\u00a0As\u00ed que la clave como padres es activar ese motor, motivar, conseguir una activaci\u00f3n emocional. Y no tiene por qu\u00e9 ser una emoci\u00f3n positiva, puede ser asco o enfado hacia algo. Si hay motor emocional y\u00a0luego esa persona puede practicar y jugar, retendr\u00e1 ese mensaje.<\/p>\n<p><img loading=\"lazy\" decoding=\"async\" class=\"alignnone size-large wp-image-68352\" src=\"https:\/\/webdelmaestrocmf.com\/portal\/wp-content\/uploads\/2021\/09\/1-149-1024x1024.jpg\" alt=\"\" width=\"1024\" height=\"1024\" srcset=\"https:\/\/webdelmaestrocmf.com\/portal\/wp-content\/uploads\/2021\/09\/1-149-1024x1024.jpg 1024w, https:\/\/webdelmaestrocmf.com\/portal\/wp-content\/uploads\/2021\/09\/1-149-300x300.jpg 300w, https:\/\/webdelmaestrocmf.com\/portal\/wp-content\/uploads\/2021\/09\/1-149-150x150.jpg 150w, https:\/\/webdelmaestrocmf.com\/portal\/wp-content\/uploads\/2021\/09\/1-149-768x768.jpg 768w, https:\/\/webdelmaestrocmf.com\/portal\/wp-content\/uploads\/2021\/09\/1-149-80x80.jpg 80w, https:\/\/webdelmaestrocmf.com\/portal\/wp-content\/uploads\/2021\/09\/1-149-110x110.jpg 110w, https:\/\/webdelmaestrocmf.com\/portal\/wp-content\/uploads\/2021\/09\/1-149-200x200.jpg 200w, https:\/\/webdelmaestrocmf.com\/portal\/wp-content\/uploads\/2021\/09\/1-149-380x380.jpg 380w, https:\/\/webdelmaestrocmf.com\/portal\/wp-content\/uploads\/2021\/09\/1-149-255x255.jpg 255w, https:\/\/webdelmaestrocmf.com\/portal\/wp-content\/uploads\/2021\/09\/1-149-550x550.jpg 550w, https:\/\/webdelmaestrocmf.com\/portal\/wp-content\/uploads\/2021\/09\/1-149-800x800.jpg 800w, https:\/\/webdelmaestrocmf.com\/portal\/wp-content\/uploads\/2021\/09\/1-149-1160x1160.jpg 1160w, https:\/\/webdelmaestrocmf.com\/portal\/wp-content\/uploads\/2021\/09\/1-149-160x160.jpg 160w, https:\/\/webdelmaestrocmf.com\/portal\/wp-content\/uploads\/2021\/09\/1-149-220x220.jpg 220w, https:\/\/webdelmaestrocmf.com\/portal\/wp-content\/uploads\/2021\/09\/1-149-400x400.jpg 400w, https:\/\/webdelmaestrocmf.com\/portal\/wp-content\/uploads\/2021\/09\/1-149-760x760.jpg 760w, https:\/\/webdelmaestrocmf.com\/portal\/wp-content\/uploads\/2021\/09\/1-149-510x510.jpg 510w, https:\/\/webdelmaestrocmf.com\/portal\/wp-content\/uploads\/2021\/09\/1-149-600x600.jpg 600w, https:\/\/webdelmaestrocmf.com\/portal\/wp-content\/uploads\/2021\/09\/1-149-1100x1100.jpg 1100w, https:\/\/webdelmaestrocmf.com\/portal\/wp-content\/uploads\/2021\/09\/1-149.jpg 1440w\" sizes=\"auto, (max-width: 1024px) 100vw, 1024px\" \/><\/p>\n<p style=\"text-align: justify;\">\u201cEl arte es una herramienta buen\u00edsima para despertar ese inter\u00e9s. Ver con tu hijo la obra de Ai Wei Wei con mil bicicletas puede abrir un debate sobre ecolog\u00eda. Me gustar\u00eda conseguir que los padres sepan que existe ese camino y que valoren la capacidad de asombro para aprender. Quitarse el miedo al arte y desmontar estereotipos\u201d, afirma apostando por democratizar el arte.<\/p>\n<p style=\"text-align: justify;\">Adem\u00e1s, muchas de esas artes potencian precisamente algo que los ni\u00f1os necesitan: la educaci\u00f3n emocional y la gesti\u00f3n de emociones. \u201cLa gesti\u00f3n de emociones deber\u00eda formar parte de nuestra educaci\u00f3n como personas.\u00a0<strong>Con las artes desarrollas educaci\u00f3n emocional porque no solo te conoces m\u00e1s a ti mismo sino que empatizas con el otro.<\/strong>\u00a0Tambi\u00e9n te aporta experiencias con las que desarrollar la empat\u00eda\u201d. Sobre la gesti\u00f3n \u2013y generaci\u00f3n\u2013 de emociones, apunta sobre todo a la m\u00fasica. Y a la etapa de confinamiento como una fase en la que se ha subrayado su importancia. De hecho, las im\u00e1genes de balcones y ventanas llenas de instrumentos han recorrido muchos telediarios.<\/p>\n<p style=\"text-align: justify;\"><strong>La m\u00fasica es el lenguaje universal, ya que inspira y evoca emociones profundas y despierta nuestra imaginaci\u00f3n<\/strong>, abriendo nuevas v\u00edas creativas. La m\u00fasica se utiliza para alcanzar estados psicol\u00f3gicos concretos, modifica o gestiona un comportamiento; adem\u00e1s, participar en coros, orquestas y bandas crea v\u00ednculos, promueve la cooperaci\u00f3n y el trabajo en equipo.<\/p>\n<p style=\"text-align: center;\">Recomendamos a la Comunidad Educativa Digital tener en cuenta que, el enlace y\/o la carpeta en donde est\u00e1n alojados los libros, recursos y\/o materiales, no es administrado por la Web del Maestro CMF, pueda ser que en cuesti\u00f3n de d\u00edas (o seg\u00fan el tiempo transcurrido desde su publicaci\u00f3n), los enlaces no funcionen y el material ya no se encuentre disponible. Gracias por su comprensi\u00f3n.<\/p>\n<h3>ENLACE DE LECTURA:<\/h3>\n<p style=\"text-align: center;\">\u00a1Comparte y as\u00ed m\u00e1s docentes utilizar\u00e1n estos recursos\u00a0gratis! Muchas gracias.<\/p>\n<p style=\"text-align: center;\"><span style=\"color: #000000;\"><a style=\"color: #000000;\" href=\"https:\/\/mega.nz\/folder\/ProG2CRb#PKN3h9rxB1vKvgsnrWUakA\" target=\"_blank\" rel=\"noopener\">MATERIAL PARA EDUCACI\u00d3N ART\u00cdSTICA: GU\u00cdAS, FICHAS, CUADERNILLOS DE TRABAJO, CUENTOS, ETC<\/a><\/span><\/p>\n\t\t<div class=\"pk-inline-posts\">\n\t\t\t\n\t\t\t<div class=\"pk-inline-posts-container pk-inline-posts-template-list\"\n\t\t\t\tdata-columns=\"1\">\n\t\t\t\t\t\t<article id=\"post-74833\" class=\"post-74833 post type-post status-publish format-standard has-post-thumbnail category-arte category-pedagogia tag-aplicarlo tag-arteterapia tag-aula tag-educacion tag-rol cs-entry cs-video-wrap\">\n\t\t\t<div class=\"pk-post-outer\">\n\n\t\t\t\t\t\t\t\t<div class=\"pk-post-inner\">\n\t\t\t\t\t<div class=\"entry-thumbnail\">\n\t\t\t\t\t\t<div class=\"pk-overlay pk-overlay-ratio pk-ratio-landscape\">\n\t\t\t\t\t\t\t<div class=\"pk-overlay-background\">\n\t\t\t\t\t\t\t\t<a href=\"https:\/\/webdelmaestrocmf.com\/portal\/que-es-el-arteterapia-y-cual-es-su-rol-en-la-educacion-y-como-aplicarlo-en-el-aula\/\" class=\"pk-overlay-link\">\n\t\t\t\t\t\t\t\t\t<img loading=\"lazy\" decoding=\"async\" width=\"300\" height=\"225\" src=\"https:\/\/webdelmaestrocmf.com\/portal\/wp-content\/uploads\/2022\/02\/1a12-DESKTOP-DLIPULV-13-300x225.jpg\" class=\"attachment-pk-thumbnail size-pk-thumbnail wp-post-image\" alt=\"\" \/>\t\t\t\t\t\t\t\t<\/a>\n\t\t\t\t\t\t\t<\/div>\n\t\t\t\t\t\t<\/div>\n\t\t\t\t\t<\/div>\n\t\t\t\t<\/div>\n\t\t\t\t\n\t\t\t\t<div class=\"pk-post-inner\">\n\t\t\t\t\t<header>\n\t\t\t\t\t\t<h3 class=\"pk-title\"><a href=\"https:\/\/webdelmaestrocmf.com\/portal\/que-es-el-arteterapia-y-cual-es-su-rol-en-la-educacion-y-como-aplicarlo-en-el-aula\/\" rel=\"bookmark\">Qu\u00e9 es la arteterapia y cu\u00e1l es su rol en la educaci\u00f3n y c\u00f3mo aplicarlo en el aula<\/a><\/h3>\t\t\t\t\t<\/header><!-- .entry-header -->\n\t\t\t\t<\/div><!-- .post-inner -->\n\n\t\t\t<\/div><!-- .post-outer -->\n\t\t<\/article>\n\t\t\t\t<\/div>\n\t\t<\/div>\n\t\t\n","protected":false},"excerpt":{"rendered":"La Educaci\u00f3n Art\u00edstica en la etapa de desarrollo ayuda a los estudiantes a canalizar sus emociones y contribuye&hellip;","protected":false},"author":1,"featured_media":68353,"comment_status":"open","ping_status":"closed","sticky":false,"template":"","format":"standard","meta":{"csco_display_header_overlay":false,"csco_singular_sidebar":"default","csco_page_header_type":"default","csco_page_load_nextpost":"default","csco_post_video_location":[],"csco_post_video_location_hash":"","csco_post_video_url":"","csco_post_video_bg_start_time":0,"csco_post_video_bg_end_time":0,"csco_post_video_bg_volume":false,"_jetpack_memberships_contains_paid_content":false,"footnotes":""},"categories":[13806,735],"tags":[3740,3097,1142,55,5801,2214,2019,85],"class_list":{"0":"post-68351","1":"post","2":"type-post","3":"status-publish","4":"format-standard","5":"has-post-thumbnail","7":"category-arte","8":"category-pedagogia","9":"tag-artistica","10":"tag-cuadernillos","11":"tag-cuentos","12":"tag-educacion","13":"tag-etc","14":"tag-fichas","15":"tag-guias","16":"tag-trabajo","17":"cs-entry","18":"cs-video-wrap"},"yoast_head":"<!-- This site is optimized with the Yoast SEO plugin v27.5 - https:\/\/yoast.com\/product\/yoast-seo-wordpress\/ -->\n<title>Material para Educaci\u00f3n art\u00edstica: gu\u00edas, fichas, cuadernillos de trabajo, cuentos, etc - 2026<\/title>\n<meta name=\"description\" content=\"La Educaci\u00f3n Art\u00edstica en la etapa de desarrollo ayuda a los estudiantes a canalizar sus emociones y contribuye a su crecimiento.\" \/>\n<meta name=\"robots\" content=\"index, follow, max-snippet:-1, max-image-preview:large, max-video-preview:-1\" \/>\n<link rel=\"canonical\" href=\"https:\/\/webdelmaestrocmf.com\/portal\/material-para-educacion-artistica-guias-fichas-cuadernillos-de-trabajo-cuentos-etc\/\" \/>\n<meta property=\"og:locale\" content=\"es_ES\" \/>\n<meta property=\"og:type\" content=\"article\" \/>\n<meta property=\"og:title\" content=\"Material para Educaci\u00f3n art\u00edstica: gu\u00edas, fichas, cuadernillos de trabajo, cuentos, etc - 2026\" \/>\n<meta property=\"og:description\" content=\"La Educaci\u00f3n Art\u00edstica en la etapa de desarrollo ayuda a los estudiantes a canalizar sus emociones y contribuye a su crecimiento.\" \/>\n<meta property=\"og:url\" content=\"https:\/\/webdelmaestrocmf.com\/portal\/material-para-educacion-artistica-guias-fichas-cuadernillos-de-trabajo-cuentos-etc\/\" \/>\n<meta property=\"og:site_name\" content=\"Web del Maestro CMF\" \/>\n<meta property=\"article:publisher\" content=\"https:\/\/www.facebook.com\/WebdelMaestroCMF\/\" \/>\n<meta property=\"article:author\" content=\"https:\/\/www.facebook.com\/WebdelMaestroCMF\/\" \/>\n<meta property=\"article:published_time\" content=\"2021-09-22T23:54:57+00:00\" \/>\n<meta property=\"article:modified_time\" content=\"2022-03-11T16:18:47+00:00\" \/>\n<meta property=\"og:image\" content=\"https:\/\/i0.wp.com\/webdelmaestrocmf.com\/portal\/wp-content\/uploads\/2021\/09\/1-150.jpg?fit=1100%2C680&ssl=1\" \/>\n\t<meta property=\"og:image:width\" content=\"1100\" \/>\n\t<meta property=\"og:image:height\" content=\"680\" \/>\n\t<meta property=\"og:image:type\" content=\"image\/jpeg\" \/>\n<meta name=\"author\" content=\"Web del Maestro CMF\" \/>\n<meta name=\"twitter:card\" content=\"summary_large_image\" \/>\n<meta name=\"twitter:creator\" content=\"@cmf_w\" \/>\n<meta name=\"twitter:site\" content=\"@cmf_w\" \/>\n<script type=\"application\/ld+json\" class=\"yoast-schema-graph\">{\"@context\":\"https:\\\/\\\/schema.org\",\"@graph\":[{\"@type\":\"ScholarlyArticle\",\"@id\":\"https:\\\/\\\/webdelmaestrocmf.com\\\/portal\\\/material-para-educacion-artistica-guias-fichas-cuadernillos-de-trabajo-cuentos-etc\\\/#article\",\"isPartOf\":{\"@id\":\"https:\\\/\\\/webdelmaestrocmf.com\\\/portal\\\/material-para-educacion-artistica-guias-fichas-cuadernillos-de-trabajo-cuentos-etc\\\/\"},\"author\":{\"name\":\"Web del Maestro CMF\",\"@id\":\"https:\\\/\\\/webdelmaestrocmf.com\\\/portal\\\/#\\\/schema\\\/person\\\/1072a2ed7bd960df8ef99a551fa35dc5\"},\"headline\":\"Material para Educaci\u00f3n art\u00edstica: gu\u00edas, fichas, cuadernillos de trabajo, cuentos, etc\",\"datePublished\":\"2021-09-22T23:54:57+00:00\",\"dateModified\":\"2022-03-11T16:18:47+00:00\",\"mainEntityOfPage\":{\"@id\":\"https:\\\/\\\/webdelmaestrocmf.com\\\/portal\\\/material-para-educacion-artistica-guias-fichas-cuadernillos-de-trabajo-cuentos-etc\\\/\"},\"wordCount\":664,\"commentCount\":0,\"publisher\":{\"@id\":\"https:\\\/\\\/webdelmaestrocmf.com\\\/portal\\\/#organization\"},\"image\":{\"@id\":\"https:\\\/\\\/webdelmaestrocmf.com\\\/portal\\\/material-para-educacion-artistica-guias-fichas-cuadernillos-de-trabajo-cuentos-etc\\\/#primaryimage\"},\"thumbnailUrl\":\"https:\\\/\\\/webdelmaestrocmf.com\\\/portal\\\/wp-content\\\/uploads\\\/2021\\\/09\\\/1-150.jpg\",\"keywords\":[\"ART\u00cdSTICA\",\"CUADERNILLOS\",\"CUENTOS\",\"EDUCACI\u00d3N\",\"etc\",\"FICHAS\",\"GU\u00cdAS\",\"trabajo\"],\"articleSection\":[\"Arte\",\"Recursos\"],\"inLanguage\":\"es\",\"potentialAction\":[{\"@type\":\"CommentAction\",\"name\":\"Comment\",\"target\":[\"https:\\\/\\\/webdelmaestrocmf.com\\\/portal\\\/material-para-educacion-artistica-guias-fichas-cuadernillos-de-trabajo-cuentos-etc\\\/#respond\"]}]},{\"@type\":\"WebPage\",\"@id\":\"https:\\\/\\\/webdelmaestrocmf.com\\\/portal\\\/material-para-educacion-artistica-guias-fichas-cuadernillos-de-trabajo-cuentos-etc\\\/\",\"url\":\"https:\\\/\\\/webdelmaestrocmf.com\\\/portal\\\/material-para-educacion-artistica-guias-fichas-cuadernillos-de-trabajo-cuentos-etc\\\/\",\"name\":\"Material para Educaci\u00f3n art\u00edstica: gu\u00edas, fichas, cuadernillos de trabajo, cuentos, etc - 2026\",\"isPartOf\":{\"@id\":\"https:\\\/\\\/webdelmaestrocmf.com\\\/portal\\\/#website\"},\"primaryImageOfPage\":{\"@id\":\"https:\\\/\\\/webdelmaestrocmf.com\\\/portal\\\/material-para-educacion-artistica-guias-fichas-cuadernillos-de-trabajo-cuentos-etc\\\/#primaryimage\"},\"image\":{\"@id\":\"https:\\\/\\\/webdelmaestrocmf.com\\\/portal\\\/material-para-educacion-artistica-guias-fichas-cuadernillos-de-trabajo-cuentos-etc\\\/#primaryimage\"},\"thumbnailUrl\":\"https:\\\/\\\/webdelmaestrocmf.com\\\/portal\\\/wp-content\\\/uploads\\\/2021\\\/09\\\/1-150.jpg\",\"datePublished\":\"2021-09-22T23:54:57+00:00\",\"dateModified\":\"2022-03-11T16:18:47+00:00\",\"description\":\"La Educaci\u00f3n Art\u00edstica en la etapa de desarrollo ayuda a los estudiantes a canalizar sus emociones y contribuye a su crecimiento.\",\"breadcrumb\":{\"@id\":\"https:\\\/\\\/webdelmaestrocmf.com\\\/portal\\\/material-para-educacion-artistica-guias-fichas-cuadernillos-de-trabajo-cuentos-etc\\\/#breadcrumb\"},\"inLanguage\":\"es\",\"potentialAction\":[{\"@type\":\"ReadAction\",\"target\":[\"https:\\\/\\\/webdelmaestrocmf.com\\\/portal\\\/material-para-educacion-artistica-guias-fichas-cuadernillos-de-trabajo-cuentos-etc\\\/\"]}]},{\"@type\":\"ImageObject\",\"inLanguage\":\"es\",\"@id\":\"https:\\\/\\\/webdelmaestrocmf.com\\\/portal\\\/material-para-educacion-artistica-guias-fichas-cuadernillos-de-trabajo-cuentos-etc\\\/#primaryimage\",\"url\":\"https:\\\/\\\/webdelmaestrocmf.com\\\/portal\\\/wp-content\\\/uploads\\\/2021\\\/09\\\/1-150.jpg\",\"contentUrl\":\"https:\\\/\\\/webdelmaestrocmf.com\\\/portal\\\/wp-content\\\/uploads\\\/2021\\\/09\\\/1-150.jpg\",\"width\":1100,\"height\":680},{\"@type\":\"BreadcrumbList\",\"@id\":\"https:\\\/\\\/webdelmaestrocmf.com\\\/portal\\\/material-para-educacion-artistica-guias-fichas-cuadernillos-de-trabajo-cuentos-etc\\\/#breadcrumb\",\"itemListElement\":[{\"@type\":\"ListItem\",\"position\":1,\"name\":\"Portada\",\"item\":\"https:\\\/\\\/webdelmaestrocmf.com\\\/portal\\\/\"},{\"@type\":\"ListItem\",\"position\":2,\"name\":\"Recursos\",\"item\":\"https:\\\/\\\/webdelmaestrocmf.com\\\/portal\\\/category\\\/pedagogia\\\/\"},{\"@type\":\"ListItem\",\"position\":3,\"name\":\"Material para Educaci\u00f3n art\u00edstica: gu\u00edas, fichas, cuadernillos de trabajo, cuentos, etc\"}]},{\"@type\":\"WebSite\",\"@id\":\"https:\\\/\\\/webdelmaestrocmf.com\\\/portal\\\/#website\",\"url\":\"https:\\\/\\\/webdelmaestrocmf.com\\\/portal\\\/\",\"name\":\"Web del Maestro CMF\",\"description\":\"Maestros al servicio de la educaci\u00f3n\",\"publisher\":{\"@id\":\"https:\\\/\\\/webdelmaestrocmf.com\\\/portal\\\/#organization\"},\"alternateName\":\"WMCMF\",\"potentialAction\":[{\"@type\":\"SearchAction\",\"target\":{\"@type\":\"EntryPoint\",\"urlTemplate\":\"https:\\\/\\\/webdelmaestrocmf.com\\\/portal\\\/?s={search_term_string}\"},\"query-input\":{\"@type\":\"PropertyValueSpecification\",\"valueRequired\":true,\"valueName\":\"search_term_string\"}}],\"inLanguage\":\"es\"},{\"@type\":\"Organization\",\"@id\":\"https:\\\/\\\/webdelmaestrocmf.com\\\/portal\\\/#organization\",\"name\":\"Web del Maestro CMF\",\"alternateName\":\"WMCMF\",\"url\":\"https:\\\/\\\/webdelmaestrocmf.com\\\/portal\\\/\",\"logo\":{\"@type\":\"ImageObject\",\"inLanguage\":\"es\",\"@id\":\"https:\\\/\\\/webdelmaestrocmf.com\\\/portal\\\/#\\\/schema\\\/logo\\\/image\\\/\",\"url\":\"https:\\\/\\\/webdelmaestrocmf.com\\\/portal\\\/wp-content\\\/uploads\\\/2023\\\/01\\\/logo-wmcmf-2.png\",\"contentUrl\":\"https:\\\/\\\/webdelmaestrocmf.com\\\/portal\\\/wp-content\\\/uploads\\\/2023\\\/01\\\/logo-wmcmf-2.png\",\"width\":200,\"height\":60,\"caption\":\"Web del Maestro CMF\"},\"image\":{\"@id\":\"https:\\\/\\\/webdelmaestrocmf.com\\\/portal\\\/#\\\/schema\\\/logo\\\/image\\\/\"},\"sameAs\":[\"https:\\\/\\\/www.facebook.com\\\/WebdelMaestroCMF\\\/\",\"https:\\\/\\\/x.com\\\/cmf_w\",\"https:\\\/\\\/www.pinterest.com\\\/WMCMF\\\/\",\"https:\\\/\\\/www.linkedin.com\\\/company\\\/web-del-maestro-cmf\\\/\",\"https:\\\/\\\/www.instagram.com\\\/wmcmf\\\/\",\"https:\\\/\\\/www.youtube.com\\\/channel\\\/UCDPSvjbdodE5sHnC3OxutHw\",\"https:\\\/\\\/mastodon.social\\\/@wmcmf\",\"https:\\\/\\\/www.tiktok.com\\\/@webdelmaestrocmf\"]},{\"@type\":\"Person\",\"@id\":\"https:\\\/\\\/webdelmaestrocmf.com\\\/portal\\\/#\\\/schema\\\/person\\\/1072a2ed7bd960df8ef99a551fa35dc5\",\"name\":\"Web del Maestro CMF\",\"image\":{\"@type\":\"ImageObject\",\"inLanguage\":\"es\",\"@id\":\"https:\\\/\\\/secure.gravatar.com\\\/avatar\\\/23291dd5b5ae1077dcff3dbb04c3e02bd28403fa75af6d8787d5e97c5bbbe30b?s=96&d=mm&r=g\",\"url\":\"https:\\\/\\\/secure.gravatar.com\\\/avatar\\\/23291dd5b5ae1077dcff3dbb04c3e02bd28403fa75af6d8787d5e97c5bbbe30b?s=96&d=mm&r=g\",\"contentUrl\":\"https:\\\/\\\/secure.gravatar.com\\\/avatar\\\/23291dd5b5ae1077dcff3dbb04c3e02bd28403fa75af6d8787d5e97c5bbbe30b?s=96&d=mm&r=g\",\"caption\":\"Web del Maestro CMF\"},\"description\":\"Esta Web se cre\u00f3 sin fines de lucro, con fines educativos, cient\u00edficos y acad\u00e9micos, para personas que tengan dificultades y\\\/o inconvenientes en visualizar el material original. El objetivo es entregar recursos, compartir experiencias y materiales que ayuden a los padres de familia, maestros y estudiantes en su actualizaci\u00f3n y formaci\u00f3n permanente, en bien de la Educaci\u00f3n.\",\"sameAs\":[\"http:\\\/\\\/webdelmaestrocmf.com\\\/portal\",\"https:\\\/\\\/www.facebook.com\\\/WebdelMaestroCMF\\\/\",\"https:\\\/\\\/www.instagram.com\\\/wmcmf\\\/\",\"https:\\\/\\\/cl.linkedin.com\\\/company\\\/web-del-maestro-cmf\",\"https:\\\/\\\/www.pinterest.com\\\/WMCMF\\\/publicaciones\\\/\",\"https:\\\/\\\/x.com\\\/cmf_w\",\"https:\\\/\\\/www.youtube.com\\\/@WMCMF\"]}]}<\/script>\n<!-- \/ Yoast SEO plugin. -->","yoast_head_json":{"title":"Material para Educaci\u00f3n art\u00edstica: gu\u00edas, fichas, cuadernillos de trabajo, cuentos, etc - 2026","description":"La Educaci\u00f3n Art\u00edstica en la etapa de desarrollo ayuda a los estudiantes a canalizar sus emociones y contribuye a su crecimiento.","robots":{"index":"index","follow":"follow","max-snippet":"max-snippet:-1","max-image-preview":"max-image-preview:large","max-video-preview":"max-video-preview:-1"},"canonical":"https:\/\/webdelmaestrocmf.com\/portal\/material-para-educacion-artistica-guias-fichas-cuadernillos-de-trabajo-cuentos-etc\/","og_locale":"es_ES","og_type":"article","og_title":"Material para Educaci\u00f3n art\u00edstica: gu\u00edas, fichas, cuadernillos de trabajo, cuentos, etc - 2026","og_description":"La Educaci\u00f3n Art\u00edstica en la etapa de desarrollo ayuda a los estudiantes a canalizar sus emociones y contribuye a su crecimiento.","og_url":"https:\/\/webdelmaestrocmf.com\/portal\/material-para-educacion-artistica-guias-fichas-cuadernillos-de-trabajo-cuentos-etc\/","og_site_name":"Web del Maestro CMF","article_publisher":"https:\/\/www.facebook.com\/WebdelMaestroCMF\/","article_author":"https:\/\/www.facebook.com\/WebdelMaestroCMF\/","article_published_time":"2021-09-22T23:54:57+00:00","article_modified_time":"2022-03-11T16:18:47+00:00","og_image":[{"width":1100,"height":680,"url":"https:\/\/i0.wp.com\/webdelmaestrocmf.com\/portal\/wp-content\/uploads\/2021\/09\/1-150.jpg?fit=1100%2C680&ssl=1","type":"image\/jpeg"}],"author":"Web del Maestro CMF","twitter_card":"summary_large_image","twitter_creator":"@cmf_w","twitter_site":"@cmf_w","schema":{"@context":"https:\/\/schema.org","@graph":[{"@type":"ScholarlyArticle","@id":"https:\/\/webdelmaestrocmf.com\/portal\/material-para-educacion-artistica-guias-fichas-cuadernillos-de-trabajo-cuentos-etc\/#article","isPartOf":{"@id":"https:\/\/webdelmaestrocmf.com\/portal\/material-para-educacion-artistica-guias-fichas-cuadernillos-de-trabajo-cuentos-etc\/"},"author":{"name":"Web del Maestro CMF","@id":"https:\/\/webdelmaestrocmf.com\/portal\/#\/schema\/person\/1072a2ed7bd960df8ef99a551fa35dc5"},"headline":"Material para Educaci\u00f3n art\u00edstica: gu\u00edas, fichas, cuadernillos de trabajo, cuentos, etc","datePublished":"2021-09-22T23:54:57+00:00","dateModified":"2022-03-11T16:18:47+00:00","mainEntityOfPage":{"@id":"https:\/\/webdelmaestrocmf.com\/portal\/material-para-educacion-artistica-guias-fichas-cuadernillos-de-trabajo-cuentos-etc\/"},"wordCount":664,"commentCount":0,"publisher":{"@id":"https:\/\/webdelmaestrocmf.com\/portal\/#organization"},"image":{"@id":"https:\/\/webdelmaestrocmf.com\/portal\/material-para-educacion-artistica-guias-fichas-cuadernillos-de-trabajo-cuentos-etc\/#primaryimage"},"thumbnailUrl":"https:\/\/webdelmaestrocmf.com\/portal\/wp-content\/uploads\/2021\/09\/1-150.jpg","keywords":["ART\u00cdSTICA","CUADERNILLOS","CUENTOS","EDUCACI\u00d3N","etc","FICHAS","GU\u00cdAS","trabajo"],"articleSection":["Arte","Recursos"],"inLanguage":"es","potentialAction":[{"@type":"CommentAction","name":"Comment","target":["https:\/\/webdelmaestrocmf.com\/portal\/material-para-educacion-artistica-guias-fichas-cuadernillos-de-trabajo-cuentos-etc\/#respond"]}]},{"@type":"WebPage","@id":"https:\/\/webdelmaestrocmf.com\/portal\/material-para-educacion-artistica-guias-fichas-cuadernillos-de-trabajo-cuentos-etc\/","url":"https:\/\/webdelmaestrocmf.com\/portal\/material-para-educacion-artistica-guias-fichas-cuadernillos-de-trabajo-cuentos-etc\/","name":"Material para Educaci\u00f3n art\u00edstica: gu\u00edas, fichas, cuadernillos de trabajo, cuentos, etc - 2026","isPartOf":{"@id":"https:\/\/webdelmaestrocmf.com\/portal\/#website"},"primaryImageOfPage":{"@id":"https:\/\/webdelmaestrocmf.com\/portal\/material-para-educacion-artistica-guias-fichas-cuadernillos-de-trabajo-cuentos-etc\/#primaryimage"},"image":{"@id":"https:\/\/webdelmaestrocmf.com\/portal\/material-para-educacion-artistica-guias-fichas-cuadernillos-de-trabajo-cuentos-etc\/#primaryimage"},"thumbnailUrl":"https:\/\/webdelmaestrocmf.com\/portal\/wp-content\/uploads\/2021\/09\/1-150.jpg","datePublished":"2021-09-22T23:54:57+00:00","dateModified":"2022-03-11T16:18:47+00:00","description":"La Educaci\u00f3n Art\u00edstica en la etapa de desarrollo ayuda a los estudiantes a canalizar sus emociones y contribuye a su crecimiento.","breadcrumb":{"@id":"https:\/\/webdelmaestrocmf.com\/portal\/material-para-educacion-artistica-guias-fichas-cuadernillos-de-trabajo-cuentos-etc\/#breadcrumb"},"inLanguage":"es","potentialAction":[{"@type":"ReadAction","target":["https:\/\/webdelmaestrocmf.com\/portal\/material-para-educacion-artistica-guias-fichas-cuadernillos-de-trabajo-cuentos-etc\/"]}]},{"@type":"ImageObject","inLanguage":"es","@id":"https:\/\/webdelmaestrocmf.com\/portal\/material-para-educacion-artistica-guias-fichas-cuadernillos-de-trabajo-cuentos-etc\/#primaryimage","url":"https:\/\/webdelmaestrocmf.com\/portal\/wp-content\/uploads\/2021\/09\/1-150.jpg","contentUrl":"https:\/\/webdelmaestrocmf.com\/portal\/wp-content\/uploads\/2021\/09\/1-150.jpg","width":1100,"height":680},{"@type":"BreadcrumbList","@id":"https:\/\/webdelmaestrocmf.com\/portal\/material-para-educacion-artistica-guias-fichas-cuadernillos-de-trabajo-cuentos-etc\/#breadcrumb","itemListElement":[{"@type":"ListItem","position":1,"name":"Portada","item":"https:\/\/webdelmaestrocmf.com\/portal\/"},{"@type":"ListItem","position":2,"name":"Recursos","item":"https:\/\/webdelmaestrocmf.com\/portal\/category\/pedagogia\/"},{"@type":"ListItem","position":3,"name":"Material para Educaci\u00f3n art\u00edstica: gu\u00edas, fichas, cuadernillos de trabajo, cuentos, etc"}]},{"@type":"WebSite","@id":"https:\/\/webdelmaestrocmf.com\/portal\/#website","url":"https:\/\/webdelmaestrocmf.com\/portal\/","name":"Web del Maestro CMF","description":"Maestros al servicio de la educaci\u00f3n","publisher":{"@id":"https:\/\/webdelmaestrocmf.com\/portal\/#organization"},"alternateName":"WMCMF","potentialAction":[{"@type":"SearchAction","target":{"@type":"EntryPoint","urlTemplate":"https:\/\/webdelmaestrocmf.com\/portal\/?s={search_term_string}"},"query-input":{"@type":"PropertyValueSpecification","valueRequired":true,"valueName":"search_term_string"}}],"inLanguage":"es"},{"@type":"Organization","@id":"https:\/\/webdelmaestrocmf.com\/portal\/#organization","name":"Web del Maestro CMF","alternateName":"WMCMF","url":"https:\/\/webdelmaestrocmf.com\/portal\/","logo":{"@type":"ImageObject","inLanguage":"es","@id":"https:\/\/webdelmaestrocmf.com\/portal\/#\/schema\/logo\/image\/","url":"https:\/\/webdelmaestrocmf.com\/portal\/wp-content\/uploads\/2023\/01\/logo-wmcmf-2.png","contentUrl":"https:\/\/webdelmaestrocmf.com\/portal\/wp-content\/uploads\/2023\/01\/logo-wmcmf-2.png","width":200,"height":60,"caption":"Web del Maestro CMF"},"image":{"@id":"https:\/\/webdelmaestrocmf.com\/portal\/#\/schema\/logo\/image\/"},"sameAs":["https:\/\/www.facebook.com\/WebdelMaestroCMF\/","https:\/\/x.com\/cmf_w","https:\/\/www.pinterest.com\/WMCMF\/","https:\/\/www.linkedin.com\/company\/web-del-maestro-cmf\/","https:\/\/www.instagram.com\/wmcmf\/","https:\/\/www.youtube.com\/channel\/UCDPSvjbdodE5sHnC3OxutHw","https:\/\/mastodon.social\/@wmcmf","https:\/\/www.tiktok.com\/@webdelmaestrocmf"]},{"@type":"Person","@id":"https:\/\/webdelmaestrocmf.com\/portal\/#\/schema\/person\/1072a2ed7bd960df8ef99a551fa35dc5","name":"Web del Maestro CMF","image":{"@type":"ImageObject","inLanguage":"es","@id":"https:\/\/secure.gravatar.com\/avatar\/23291dd5b5ae1077dcff3dbb04c3e02bd28403fa75af6d8787d5e97c5bbbe30b?s=96&d=mm&r=g","url":"https:\/\/secure.gravatar.com\/avatar\/23291dd5b5ae1077dcff3dbb04c3e02bd28403fa75af6d8787d5e97c5bbbe30b?s=96&d=mm&r=g","contentUrl":"https:\/\/secure.gravatar.com\/avatar\/23291dd5b5ae1077dcff3dbb04c3e02bd28403fa75af6d8787d5e97c5bbbe30b?s=96&d=mm&r=g","caption":"Web del Maestro CMF"},"description":"Esta Web se cre\u00f3 sin fines de lucro, con fines educativos, cient\u00edficos y acad\u00e9micos, para personas que tengan dificultades y\/o inconvenientes en visualizar el material original. El objetivo es entregar recursos, compartir experiencias y materiales que ayuden a los padres de familia, maestros y estudiantes en su actualizaci\u00f3n y formaci\u00f3n permanente, en bien de la Educaci\u00f3n.","sameAs":["http:\/\/webdelmaestrocmf.com\/portal","https:\/\/www.facebook.com\/WebdelMaestroCMF\/","https:\/\/www.instagram.com\/wmcmf\/","https:\/\/cl.linkedin.com\/company\/web-del-maestro-cmf","https:\/\/www.pinterest.com\/WMCMF\/publicaciones\/","https:\/\/x.com\/cmf_w","https:\/\/www.youtube.com\/@WMCMF"]}]}},"jetpack_featured_media_url":"https:\/\/webdelmaestrocmf.com\/portal\/wp-content\/uploads\/2021\/09\/1-150.jpg","jetpack_sharing_enabled":true,"jetpack-related-posts":[{"id":97022,"url":"https:\/\/webdelmaestrocmf.com\/portal\/cuadernillos-y-fichas-con-actividades-que-ayudan-a-los-padres-a-alfabetizar-y-reforzar-a-sus-hijos\/","url_meta":{"origin":68351,"position":0},"title":"Cuadernillos y fichas con actividades que ayudan a los padres a alfabetizar y reforzar a sus hijos","author":"Web del Maestro CMF","date":"9 octubre, 2023","format":false,"excerpt":"En la b\u00fasqueda constante de recursos que faciliten la labor de los padres en la alfabetizaci\u00f3n y el refuerzo educativo de sus hijos, se presenta con entusiasmo la colecci\u00f3n de Cuadernillos de Actividades de Aprendiendo Juntos. Esta compilaci\u00f3n re\u00fane los materiales m\u00e1s solicitados, tanto en la consulta como a trav\u00e9s\u2026","rel":"","context":"En \u00abCuadernillos\u00bb","block_context":{"text":"Cuadernillos","link":"https:\/\/webdelmaestrocmf.com\/portal\/category\/pedagogia\/cuadernillos\/"},"img":{"alt_text":"cuadernillos","src":"https:\/\/i0.wp.com\/webdelmaestrocmf.com\/portal\/wp-content\/uploads\/2023\/10\/A12B3C4D-25.jpg?resize=350%2C200&ssl=1","width":350,"height":200,"srcset":"https:\/\/i0.wp.com\/webdelmaestrocmf.com\/portal\/wp-content\/uploads\/2023\/10\/A12B3C4D-25.jpg?resize=350%2C200&ssl=1 1x, https:\/\/i0.wp.com\/webdelmaestrocmf.com\/portal\/wp-content\/uploads\/2023\/10\/A12B3C4D-25.jpg?resize=525%2C300&ssl=1 1.5x, https:\/\/i0.wp.com\/webdelmaestrocmf.com\/portal\/wp-content\/uploads\/2023\/10\/A12B3C4D-25.jpg?resize=700%2C400&ssl=1 2x"},"classes":[]},{"id":65207,"url":"https:\/\/webdelmaestrocmf.com\/portal\/apps-para-trabajar-educacion-artistica\/","url_meta":{"origin":68351,"position":1},"title":"13 Apps para desarrollar la educaci\u00f3n Art\u00edstica","author":"Web del Maestro CMF","date":"14 julio, 2021","format":false,"excerpt":"Como padres so\u00f1amos con que nuestros hijos tengan\u00a0buenos h\u00e1bitos de lectura, que les guste alg\u00fan deporte, que se diviertan aprendiendo en el colegio y que adem\u00e1s, si es posible, desarrollen un talento relacionado al arte o a la m\u00fasica. Todo esto ser\u00eda ideal, pero la mayor\u00eda no sabemos por d\u00f3nde\u2026","rel":"","context":"En \u00abArte\u00bb","block_context":{"text":"Arte","link":"https:\/\/webdelmaestrocmf.com\/portal\/category\/pedagogia\/arte\/"},"img":{"alt_text":"","src":"https:\/\/i0.wp.com\/webdelmaestrocmf.com\/portal\/wp-content\/uploads\/2021\/07\/1-54.jpg?resize=350%2C200&ssl=1","width":350,"height":200,"srcset":"https:\/\/i0.wp.com\/webdelmaestrocmf.com\/portal\/wp-content\/uploads\/2021\/07\/1-54.jpg?resize=350%2C200&ssl=1 1x, https:\/\/i0.wp.com\/webdelmaestrocmf.com\/portal\/wp-content\/uploads\/2021\/07\/1-54.jpg?resize=525%2C300&ssl=1 1.5x, https:\/\/i0.wp.com\/webdelmaestrocmf.com\/portal\/wp-content\/uploads\/2021\/07\/1-54.jpg?resize=700%2C400&ssl=1 2x, https:\/\/i0.wp.com\/webdelmaestrocmf.com\/portal\/wp-content\/uploads\/2021\/07\/1-54.jpg?resize=1050%2C600&ssl=1 3x"},"classes":[]},{"id":112240,"url":"https:\/\/webdelmaestrocmf.com\/portal\/descarga-el-recurso-mi-registro-diario-de-emociones\/","url_meta":{"origin":68351,"position":2},"title":"Descarga el recurso: \u00abMi registro diario de emociones\u00bb y \u00abMejora tu comunicaci\u00f3n con el modelo de los cinco dedos\u00bb","author":"Web del Maestro CMF","date":"27 marzo, 2026","format":false,"excerpt":"El documento MI REGISTRO DIARIO DE EMOCIONES ayuda a los estudiantes a identificar, expresar y gestionar sus emociones, fortaleciendo su bienestar y aprendizaje.","rel":"","context":"En \u00abEmociones\u00bb","block_context":{"text":"Emociones","link":"https:\/\/webdelmaestrocmf.com\/portal\/category\/pedagogia\/emociones\/"},"img":{"alt_text":"","src":"https:\/\/i0.wp.com\/webdelmaestrocmf.com\/portal\/wp-content\/uploads\/2025\/09\/1A-Banner-1-portada-imagen-10-1-copia-3.jpg?resize=350%2C200&ssl=1","width":350,"height":200,"srcset":"https:\/\/i0.wp.com\/webdelmaestrocmf.com\/portal\/wp-content\/uploads\/2025\/09\/1A-Banner-1-portada-imagen-10-1-copia-3.jpg?resize=350%2C200&ssl=1 1x, https:\/\/i0.wp.com\/webdelmaestrocmf.com\/portal\/wp-content\/uploads\/2025\/09\/1A-Banner-1-portada-imagen-10-1-copia-3.jpg?resize=525%2C300&ssl=1 1.5x, https:\/\/i0.wp.com\/webdelmaestrocmf.com\/portal\/wp-content\/uploads\/2025\/09\/1A-Banner-1-portada-imagen-10-1-copia-3.jpg?resize=700%2C400&ssl=1 2x"},"classes":[]},{"id":103885,"url":"https:\/\/webdelmaestrocmf.com\/portal\/cuadernillo-de-conteo-con-imagenes-numeros-frutas-letras-etc\/","url_meta":{"origin":68351,"position":3},"title":"Cuadernillo de conteo con Im\u00e1genes: N\u00fameros, frutas, letras, etc","author":"Web del Maestro CMF","date":"15 febrero, 2024","format":false,"excerpt":"\u00a1Hola a todos los padres y educadores interesados en el aprendizaje temprano de los ni\u00f1os! Estoy emocionado de presentarles nuestro nuevo cuadernillo: \"Conteo con Im\u00e1genes: Actividades de N\u00fameros para Infantil\". En la fascinante traves\u00eda del aprendizaje num\u00e9rico, sabemos lo crucial que es captar la atenci\u00f3n y el inter\u00e9s de los\u2026","rel":"","context":"En \u00abCuadernillos\u00bb","block_context":{"text":"Cuadernillos","link":"https:\/\/webdelmaestrocmf.com\/portal\/category\/pedagogia\/cuadernillos\/"},"img":{"alt_text":"","src":"https:\/\/i0.wp.com\/webdelmaestrocmf.com\/portal\/wp-content\/uploads\/2024\/02\/Banner-1-portada-imagen-10-1-10-1.jpg?resize=350%2C200&ssl=1","width":350,"height":200,"srcset":"https:\/\/i0.wp.com\/webdelmaestrocmf.com\/portal\/wp-content\/uploads\/2024\/02\/Banner-1-portada-imagen-10-1-10-1.jpg?resize=350%2C200&ssl=1 1x, https:\/\/i0.wp.com\/webdelmaestrocmf.com\/portal\/wp-content\/uploads\/2024\/02\/Banner-1-portada-imagen-10-1-10-1.jpg?resize=525%2C300&ssl=1 1.5x, https:\/\/i0.wp.com\/webdelmaestrocmf.com\/portal\/wp-content\/uploads\/2024\/02\/Banner-1-portada-imagen-10-1-10-1.jpg?resize=700%2C400&ssl=1 2x"},"classes":[]},{"id":96684,"url":"https:\/\/webdelmaestrocmf.com\/portal\/cuadernillo-y-fichas-aprendo-silabas-coloreando-para-preescolar-y-primaria\/","url_meta":{"origin":68351,"position":4},"title":"Cuadernillo y fichas de aprendizaje de s\u00edlabas para colorear: niveles de preescolar y primaria","author":"Web del Maestro CMF","date":"5 octubre, 2023","format":false,"excerpt":"En el emocionante mundo de la educaci\u00f3n infantil, la b\u00fasqueda de m\u00e9todos efectivos y atractivos para ense\u00f1ar conceptos fundamentales como las s\u00edlabas es una prioridad constante. Los ni\u00f1os, con su curiosidad innata y deseos de aprender, merecen herramientas educativas que no solo les ense\u00f1en, sino que tambi\u00e9n les hagan disfrutar\u2026","rel":"","context":"En \u00abCuadernillos\u00bb","block_context":{"text":"Cuadernillos","link":"https:\/\/webdelmaestrocmf.com\/portal\/category\/pedagogia\/cuadernillos\/"},"img":{"alt_text":"s\u00edlabas","src":"https:\/\/i0.wp.com\/webdelmaestrocmf.com\/portal\/wp-content\/uploads\/2023\/10\/A12B3C4D-13-1.jpg?resize=350%2C200&ssl=1","width":350,"height":200,"srcset":"https:\/\/i0.wp.com\/webdelmaestrocmf.com\/portal\/wp-content\/uploads\/2023\/10\/A12B3C4D-13-1.jpg?resize=350%2C200&ssl=1 1x, https:\/\/i0.wp.com\/webdelmaestrocmf.com\/portal\/wp-content\/uploads\/2023\/10\/A12B3C4D-13-1.jpg?resize=525%2C300&ssl=1 1.5x, https:\/\/i0.wp.com\/webdelmaestrocmf.com\/portal\/wp-content\/uploads\/2023\/10\/A12B3C4D-13-1.jpg?resize=700%2C400&ssl=1 2x"},"classes":[]},{"id":108026,"url":"https:\/\/webdelmaestrocmf.com\/portal\/como-implementar-la-transversalidad-guia-para-docentes\/","url_meta":{"origin":68351,"position":5},"title":"C\u00f3mo implementar la transversalidad: Gu\u00eda para docentes","author":"Web del Maestro CMF","date":"18 febrero, 2025","format":false,"excerpt":"La transversalidad es un pilar fundamental en la educaci\u00f3n actual, pues permite conectar conocimientos, metodolog\u00edas y experiencias para lograr un aprendizaje m\u00e1s significativo e integral. En este contexto, la Comisi\u00f3n Nacional para la Mejora Continua de la Educaci\u00f3n (Mejoredu) ha desarrollado una serie de cinco cuadernillos dirigidos a docentes y\u2026","rel":"","context":"En \u00abDescargas Manuales PDF\u00bb","block_context":{"text":"Descargas Manuales PDF","link":"https:\/\/webdelmaestrocmf.com\/portal\/category\/pedagogia\/descargas-manuales-pdf\/"},"img":{"alt_text":"","src":"https:\/\/i0.wp.com\/webdelmaestrocmf.com\/portal\/wp-content\/uploads\/2025\/02\/1A-Banner-1-portada-imagen-10-1-77.jpg?resize=350%2C200&ssl=1","width":350,"height":200,"srcset":"https:\/\/i0.wp.com\/webdelmaestrocmf.com\/portal\/wp-content\/uploads\/2025\/02\/1A-Banner-1-portada-imagen-10-1-77.jpg?resize=350%2C200&ssl=1 1x, https:\/\/i0.wp.com\/webdelmaestrocmf.com\/portal\/wp-content\/uploads\/2025\/02\/1A-Banner-1-portada-imagen-10-1-77.jpg?resize=525%2C300&ssl=1 1.5x, https:\/\/i0.wp.com\/webdelmaestrocmf.com\/portal\/wp-content\/uploads\/2025\/02\/1A-Banner-1-portada-imagen-10-1-77.jpg?resize=700%2C400&ssl=1 2x"},"classes":[]}],"_links":{"self":[{"href":"https:\/\/webdelmaestrocmf.com\/portal\/wp-json\/wp\/v2\/posts\/68351","targetHints":{"allow":["GET"]}}],"collection":[{"href":"https:\/\/webdelmaestrocmf.com\/portal\/wp-json\/wp\/v2\/posts"}],"about":[{"href":"https:\/\/webdelmaestrocmf.com\/portal\/wp-json\/wp\/v2\/types\/post"}],"author":[{"embeddable":true,"href":"https:\/\/webdelmaestrocmf.com\/portal\/wp-json\/wp\/v2\/users\/1"}],"replies":[{"embeddable":true,"href":"https:\/\/webdelmaestrocmf.com\/portal\/wp-json\/wp\/v2\/comments?post=68351"}],"version-history":[{"count":0,"href":"https:\/\/webdelmaestrocmf.com\/portal\/wp-json\/wp\/v2\/posts\/68351\/revisions"}],"wp:featuredmedia":[{"embeddable":true,"href":"https:\/\/webdelmaestrocmf.com\/portal\/wp-json\/wp\/v2\/media\/68353"}],"wp:attachment":[{"href":"https:\/\/webdelmaestrocmf.com\/portal\/wp-json\/wp\/v2\/media?parent=68351"}],"wp:term":[{"taxonomy":"category","embeddable":true,"href":"https:\/\/webdelmaestrocmf.com\/portal\/wp-json\/wp\/v2\/categories?post=68351"},{"taxonomy":"post_tag","embeddable":true,"href":"https:\/\/webdelmaestrocmf.com\/portal\/wp-json\/wp\/v2\/tags?post=68351"}],"curies":[{"name":"wp","href":"https:\/\/api.w.org\/{rel}","templated":true}]}}