{"id":67762,"date":"2026-03-10T11:48:00","date_gmt":"2026-03-10T14:48:00","guid":{"rendered":"https:\/\/webdelmaestrocmf.com\/portal\/?p=67762"},"modified":"2026-04-18T14:43:29","modified_gmt":"2026-04-18T18:43:29","slug":"50-preguntas-para-fomentar-pensamiento-critico-en-los-alumnos","status":"publish","type":"post","link":"https:\/\/webdelmaestrocmf.com\/portal\/50-preguntas-para-fomentar-pensamiento-critico-en-los-alumnos\/","title":{"rendered":"50 preguntas para fomentar Pensamiento Cr\u00edtico en los alumnos: descarga el manual del Pensamiento cr\u00edtico"},"content":{"rendered":"\n<p>Cuestionarse a s\u00ed mismo acerca de lo que nos rodea nos ha permitido comprender de manera m\u00e1s amplia, o bien, nos ha llevado a explorar el conocimiento en busca de respuestas acertadas, l\u00f3gicas y razonables. Entre varios aspectos, las preguntas pueden encender nuestra imaginaci\u00f3n, evocar emociones y relacionar experiencias vividas para responder, adem\u00e1s en ciertos casos, suscitan m\u00e1s preguntas que a\u00f1aden profundidad al tema que pensamos.<\/p>\n\n\n\n<!--more-->\n\n\n\n<p>Si trasladamos la reflexi\u00f3n al nivel educativo, podemos inferir que los estudiantes, si realmente se cuestionan acerca de lo que viven, de lo que aprenden y obtienen, pueden encontrar respuestas que complemente su formaci\u00f3n, pues de esta manera se consolidan las lecciones que han aprendido al reflexionar en la utilidad y el aprovechamiento del conocimiento que se ha obtenido.<\/p>\n\n\n\n<p>La siguiente lista de preguntas contiene temas de diferentes \u00e1reas de conocimiento, sin embargo se tratan de cuestiones filos\u00f3ficamente desafiantes que pueden aplicarse a cualquier entorno de aprendizaje.<\/p>\n\n\n\n<h2 class=\"wp-block-heading\"><strong>Preguntas l\u00f3gicas<\/strong><\/h2>\n\n\n\n<p>Comencemos con las preguntas de car\u00e1cter l\u00f3gico, debemos tener en cuenta que la reflexi\u00f3n de este cuestionamiento nos ayuda a mejorar el pensamiento cr\u00edtico, adem\u00e1s que los principios b\u00e1sicos de esta \u00e1rea nos ayudar\u00e1n a crear una comprensi\u00f3n s\u00f3lida en la cual podamos construir mayores niveles de conocimiento.<\/p>\n\n\n\n<h3 class=\"wp-block-heading\"><strong>Reflexi\u00f3n y colaboraci\u00f3n:<\/strong><\/h3>\n\n\n\n<ol class=\"wp-block-list\">\n<li>\n<ol class=\"wp-block-list\">\n<li>\u00bfQu\u00e9 piensas acerca de lo que se dijo?<\/li>\n\n\n\n<li>\u00bfC\u00f3mo estar\u00edas de acuerdo o desacuerdo con esto?<\/li>\n\n\n\n<li>\u00bfExiste respuestas similares o con otras alternativas que puedas pensar?<\/li>\n\n\n\n<li>\u00bfAlguien m\u00e1s quiere a\u00f1adir algo a la respuesta?<\/li>\n\n\n\n<li>\u00bfC\u00f3mo puedes convencer a los dem\u00e1s de que tu respuesta es la mejor?<\/li>\n<\/ol>\n<\/li>\n<\/ol>\n\n\n\n<h3 class=\"wp-block-heading\"><strong>Auto-reflexi\u00f3n:<\/strong><\/h3>\n\n\n\n<ol class=\"wp-block-list\">\n<li>\n<ol class=\"wp-block-list\">\n<li>\u00bfC\u00f3mo determinas que esto es verdad?<\/li>\n\n\n\n<li>\u00bfPor qu\u00e9 no consideraste otra alternativa para el problema?<\/li>\n\n\n\n<li>\u00bfPor qu\u00e9 esa respuesta tiene sentido para ti?<\/li>\n\n\n\n<li>(en contraargumentaci\u00f3n\u2026) \u00bfY si digo que esto no es verdad?<\/li>\n\n\n\n<li>\u00bfHay alguna manera de mostrar lo que quieres decir con eso?<\/li>\n<\/ol>\n<\/li>\n<\/ol>\n\n\n\n<h3 class=\"wp-block-heading\"><strong>Razonamiento:<\/strong><\/h3>\n\n\n\n<ol class=\"wp-block-list\">\n<li>\n<ol class=\"wp-block-list\">\n<li>\u00bfPor qu\u00e9 crees que esto funciona? \u00bfSiempre lo hace? \u00bfPor qu\u00e9?<\/li>\n\n\n\n<li>\u00bfC\u00f3mo puedes comprobar que es cierto?<\/li>\n\n\n\n<li>\u00bfC\u00f3mo puedes probarlo?<\/li>\n\n\n\n<li>\u00bfPor qu\u00e9 asumir esto?<\/li>\n\n\n\n<li>\u00bfC\u00f3mo puedes argumentar en contra de esto?<\/li>\n<\/ol>\n<\/li>\n<\/ol>\n\n\n\n<h3 class=\"wp-block-heading\"><strong>An\u00e1lisis:<\/strong><\/h3>\n\n\n\n<ol class=\"wp-block-list\">\n<li>\n<ol class=\"wp-block-list\">\n<li>\u00bfC\u00f3mo puedes mostrar las diferencias y similitudes?<\/li>\n\n\n\n<li>\u00bfQu\u00e9 puede llevarte a una respuesta alternativa?<\/li>\n\n\n\n<li>\u00bfCu\u00e1ntas posibilidades puedes pensar y por qu\u00e9?<\/li>\n\n\n\n<li>\u00bfPueden predecirse un mayor n\u00famero de resultados?<\/li>\n<\/ol>\n<\/li>\n<\/ol>\n\n\n\n<h3 class=\"wp-block-heading\"><strong>Conexiones:<\/strong><\/h3>\n\n\n\n<ol class=\"wp-block-list\">\n<li>\n<ol class=\"wp-block-list\">\n<li>\u00bfC\u00f3mo puede relacionarse con las ocurrencias diarias?<\/li>\n\n\n\n<li>\u00bfQu\u00e9 ideas tienen m\u00e1s sentido y por qu\u00e9?<\/li>\n\n\n\n<li>\u00bfQu\u00e9 problemas te resultan familiares y por qu\u00e9?<\/li>\n\n\n\n<li>\u00bfC\u00f3mo se relaciona esto con eventos actuales?<\/li>\n\n\n\n<li>\u00bfQu\u00e9 ejemplos pueden hacer que este problema sea viable?<\/li>\n\n\n\n<li>\u00bfQu\u00e9 otros problemas encajan en este tipo de ejemplo?<\/li>\n<\/ol>\n<\/li>\n<\/ol>\n\n\n\n<h3 class=\"wp-block-heading\"><strong>Preguntas literarias<\/strong><\/h3>\n\n\n\n<p>Esta secci\u00f3n es de preguntas que nos permiten relacionarnos con el tema y las circunstancias que se cuestionan, es decir, que podemos adentrarnos al caso o a la problem\u00e1tica y poder tomar el rol de personaje para responder con base en experiencias o significados m\u00e1s profundos.<\/p>\n\n\n\n<ol class=\"wp-block-list\">\n<li>\u00bfAlguno de los personajes o eventos te record\u00f3 a ti? \u00bfPor qu\u00e9?<\/li>\n\n\n\n<li>\u00bfC\u00f3mo te afectaron las acciones del personaje? Explica.<\/li>\n\n\n\n<li>Si tu fueras el personaje, \u00bfc\u00f3mo cambiar\u00eda la historia?<\/li>\n\n\n\n<li>\u00bfQu\u00e9 te sorprendi\u00f3 o confundi\u00f3 acerca del personaje o los eventos? Explica.<\/li>\n\n\n\n<li>\u00bfPor qu\u00e9 crees que el autor escribi\u00f3 desde el punto de vista de ese personaje?<\/li>\n\n\n\n<li>\u00bfQu\u00e9 consideras que el autor trata de lograr?<\/li>\n\n\n\n<li>\u00bfQu\u00e9 crees que el autor piensa sobre el mundo?<\/li>\n\n\n\n<li>\u00bfC\u00f3mo cambiar\u00eda la historia desde el punto de vista de otro personaje?<\/li>\n\n\n\n<li>\u00bfCrees que esta historia pueda ocurrir en la actualidad?<\/li>\n\n\n\n<li>\u00bfEsta historia puede ense\u00f1arte algo sobre nuestras vidas?<\/li>\n\n\n\n<li>\u00bfC\u00f3mo crees que los personajes resolvieron el mayor conflicto en la historia?<\/li>\n\n\n\n<li>\u00bfC\u00f3mo lo habr\u00edas resuelto t\u00fa?<\/li>\n\n\n\n<li>\u00bfC\u00f3mo cambiar\u00eda el final de la historia y por qu\u00e9?<\/li>\n<\/ol>\n\n\n\n<figure class=\"wp-block-image size-full\"><img loading=\"lazy\" decoding=\"async\" width=\"1000\" height=\"667\" src=\"https:\/\/webdelmaestrocmf.com\/portal\/wp-content\/uploads\/2025\/10\/Descarga-gratis-las-Actividades-de-Estimulacion-Cognitiva-con-Fichas-un-recurso-de-Neuroeducacion-para-aplicar-en-el-aula1.png\" alt=\"\" class=\"wp-image-113150\" srcset=\"https:\/\/webdelmaestrocmf.com\/portal\/wp-content\/uploads\/2025\/10\/Descarga-gratis-las-Actividades-de-Estimulacion-Cognitiva-con-Fichas-un-recurso-de-Neuroeducacion-para-aplicar-en-el-aula1.png 1000w, https:\/\/webdelmaestrocmf.com\/portal\/wp-content\/uploads\/2025\/10\/Descarga-gratis-las-Actividades-de-Estimulacion-Cognitiva-con-Fichas-un-recurso-de-Neuroeducacion-para-aplicar-en-el-aula1-300x200.png 300w, https:\/\/webdelmaestrocmf.com\/portal\/wp-content\/uploads\/2025\/10\/Descarga-gratis-las-Actividades-de-Estimulacion-Cognitiva-con-Fichas-un-recurso-de-Neuroeducacion-para-aplicar-en-el-aula1-768x512.png 768w, https:\/\/webdelmaestrocmf.com\/portal\/wp-content\/uploads\/2025\/10\/Descarga-gratis-las-Actividades-de-Estimulacion-Cognitiva-con-Fichas-un-recurso-de-Neuroeducacion-para-aplicar-en-el-aula1-332x221.png 332w, https:\/\/webdelmaestrocmf.com\/portal\/wp-content\/uploads\/2025\/10\/Descarga-gratis-las-Actividades-de-Estimulacion-Cognitiva-con-Fichas-un-recurso-de-Neuroeducacion-para-aplicar-en-el-aula1-664x443.png 664w, https:\/\/webdelmaestrocmf.com\/portal\/wp-content\/uploads\/2025\/10\/Descarga-gratis-las-Actividades-de-Estimulacion-Cognitiva-con-Fichas-un-recurso-de-Neuroeducacion-para-aplicar-en-el-aula1-688x459.png 688w\" sizes=\"auto, (max-width: 1000px) 100vw, 1000px\" \/><\/figure>\n\n\n\n<h3 class=\"wp-block-heading\"><strong>Ciencia y cuestiones sociales<\/strong><\/h3>\n\n\n\n<p>Aunque en la perspectiva del m\u00e9todo cient\u00edfico, la hip\u00f3tesis es el planteamiento principal, quedan otras preguntas m\u00e1s que se deben realizar para resolver un objetivo. Seguramente al cuestionarnos podemos llegar a explorar otros temas y profundizar en ellos, por ello debemos reflexionar en las siguientes preguntas:<\/p>\n\n\n\n<ol class=\"wp-block-list\">\n<li>\u00bfCu\u00e1l es el prop\u00f3sito de este experimento o argumento?<\/li>\n\n\n\n<li>\u00bfSe puede explicar el prop\u00f3sito de esto?<\/li>\n\n\n\n<li>\u00bfQu\u00e9 problemas se pueden ver aqu\u00ed?<\/li>\n\n\n\n<li>\u00bfQu\u00e9 evidencia o datos ayudan a que sea viable?<\/li>\n\n\n\n<li>\u00bfQu\u00e9 complicaciones podemos considerar?<\/li>\n\n\n\n<li>\u00bfQu\u00e9 conceptos ayudan a organizar los datos o las experiencias?<\/li>\n\n\n\n<li>\u00bfC\u00f3mo se puede justificar la informaci\u00f3n?<\/li>\n\n\n\n<li>\u00bfC\u00f3mo se verifican o comprueban estos datos?<\/li>\n\n\n\n<li>\u00bfQu\u00e9 detalles se pueden agregar para complementar la informaci\u00f3n?<\/li>\n\n\n\n<li>\u00bfQu\u00e9 conjunto de datos es m\u00e1s relevante o importante?<\/li>\n\n\n\n<li>\u00bfC\u00f3mo puede ser consistente o no?<\/li>\n\n\n\n<li>\u00bfDe qu\u00e9 manera veo la informaci\u00f3n: objetiva o subjetivamente? \u00bfDebo cambiar mi punto de vista?<\/li>\n<\/ol>\n\n\n\n<figure class=\"wp-block-image\"><a href=\"https:\/\/webdelmaestrocmf.com\/portal\/wp-content\/uploads\/2021\/09\/1-62.jpg\"><img loading=\"lazy\" decoding=\"async\" width=\"662\" height=\"920\" src=\"https:\/\/webdelmaestrocmf.com\/portal\/wp-content\/uploads\/2021\/09\/1-62.jpg\" alt=\"preguntas\" class=\"wp-image-67763\" srcset=\"https:\/\/webdelmaestrocmf.com\/portal\/wp-content\/uploads\/2021\/09\/1-62.jpg 662w, https:\/\/webdelmaestrocmf.com\/portal\/wp-content\/uploads\/2021\/09\/1-62-216x300.jpg 216w, https:\/\/webdelmaestrocmf.com\/portal\/wp-content\/uploads\/2021\/09\/1-62-110x153.jpg 110w, https:\/\/webdelmaestrocmf.com\/portal\/wp-content\/uploads\/2021\/09\/1-62-200x278.jpg 200w, https:\/\/webdelmaestrocmf.com\/portal\/wp-content\/uploads\/2021\/09\/1-62-380x528.jpg 380w, https:\/\/webdelmaestrocmf.com\/portal\/wp-content\/uploads\/2021\/09\/1-62-255x354.jpg 255w, https:\/\/webdelmaestrocmf.com\/portal\/wp-content\/uploads\/2021\/09\/1-62-300x417.jpg 300w, https:\/\/webdelmaestrocmf.com\/portal\/wp-content\/uploads\/2021\/09\/1-62-550x764.jpg 550w, https:\/\/webdelmaestrocmf.com\/portal\/wp-content\/uploads\/2021\/09\/1-62-220x306.jpg 220w, https:\/\/webdelmaestrocmf.com\/portal\/wp-content\/uploads\/2021\/09\/1-62-400x556.jpg 400w, https:\/\/webdelmaestrocmf.com\/portal\/wp-content\/uploads\/2021\/09\/1-62-510x709.jpg 510w, https:\/\/webdelmaestrocmf.com\/portal\/wp-content\/uploads\/2021\/09\/1-62-600x834.jpg 600w, https:\/\/webdelmaestrocmf.com\/portal\/wp-content\/uploads\/2021\/09\/1-62-432x600.jpg 432w\" sizes=\"auto, (max-width: 662px) 100vw, 662px\" \/><\/a><\/figure>\n\n\n\n<h1 class=\"wp-block-heading\"><strong>El C\u00edrculo del Pensamiento Cr\u00edtico: un camino para aprender a pensar mejor<\/strong><\/h1>\n\n\n\n<p>El pensamiento cr\u00edtico no es una habilidad que se adquiere de una sola vez, sino un proceso continuo que invita a observar, cuestionar, reflexionar y mejorar constantemente. La propuesta del <strong data-start=\"381\" data-end=\"416\">C\u00edrculo del Pensamiento Cr\u00edtico<\/strong> nos recuerda que aprender a pensar de forma cr\u00edtica es un viaje sin fin que fortalece la toma de decisiones, la autonom\u00eda intelectual y la capacidad de resolver problemas en la vida cotidiana y en el aula.<\/p>\n\n\n\n<h3 class=\"wp-block-heading\"><strong>1. Observar<\/strong><\/h3>\n\n\n\n<p>Todo comienza con una mente curiosa. Observar con atenci\u00f3n nos permite detectar detalles, fen\u00f3menos y situaciones que muchas veces pasan desapercibidos. Este primer paso despierta el inter\u00e9s y abre la puerta al aprendizaje.<\/p>\n\n\n\n<h3 class=\"wp-block-heading\"><strong>2. Cuestionar<\/strong><\/h3>\n\n\n\n<p>Preguntar para comprender es la clave. Formular preguntas inteligentes ayuda a ir m\u00e1s all\u00e1 de lo superficial, cuestionar lo establecido y abrirse a nuevas perspectivas. El docente puede estimular esta etapa con din\u00e1micas de debate y preguntas abiertas.<\/p>\n\n\n\n<h3 class=\"wp-block-heading\"><strong>3. Recoger informaci\u00f3n<\/strong><\/h3>\n\n\n\n<p>Buscar conocimiento en profundidad exige indagar en distintas fuentes, comparar datos y ampliar el horizonte. No basta con aceptar lo primero que aparece, sino que hay que reunir evidencia suficiente para sostener un juicio cr\u00edtico.<\/p>\n\n\n\n<h3 class=\"wp-block-heading\"><strong>4. Analizar<\/strong><\/h3>\n\n\n\n<p>Analizar significa desglosar la informaci\u00f3n, separar las partes y entender c\u00f3mo funcionan. En el aula, los estudiantes pueden aprender a identificar causas, consecuencias y relaciones, lo que los ayuda a construir un pensamiento m\u00e1s ordenado.<\/p>\n\n\n\n<h3 class=\"wp-block-heading\"><strong>5. Sintetizar<\/strong><\/h3>\n\n\n\n<p>Conectar las ideas y unir los puntos es fundamental. En esta fase se integran los elementos analizados, se descubren patrones y se elaboran conclusiones coherentes. Es el momento en que la informaci\u00f3n cobra sentido.<\/p>\n\n\n\n<h3 class=\"wp-block-heading\"><strong>6. Decidir<\/strong><\/h3>\n\n\n\n<p>El pensamiento cr\u00edtico tambi\u00e9n implica acci\u00f3n. Tomar decisiones con convicci\u00f3n, basadas en la evidencia y el an\u00e1lisis, permite avanzar con confianza. Aqu\u00ed los estudiantes aprenden a defender sus posturas con argumentos s\u00f3lidos.<\/p>\n\n\n\n<h3 class=\"wp-block-heading\"><strong>7. Reflexionar<\/strong><\/h3>\n\n\n\n<p>Mirar hacia atr\u00e1s para avanzar es esencial. Reflexionar ayuda a reconocer errores, aciertos y aprendizajes, lo que fortalece la metacognici\u00f3n: pensar sobre c\u00f3mo pensamos. Es un ejercicio de humildad intelectual y mejora continua.<\/p>\n\n\n\n<h3 class=\"wp-block-heading\"><strong>8. Re-evaluar<\/strong><\/h3>\n\n\n\n<p>Finalmente, el c\u00edrculo se completa ajustando y mejorando. Re-evaluar no significa volver a empezar desde cero, sino retomar el proceso con nuevas perspectivas, enriqueciendo cada paso y haci\u00e9ndolo m\u00e1s s\u00f3lido.<\/p>\n\n\n\n<h2 class=\"wp-block-heading\"><strong>Un proceso para la vida<\/strong><\/h2>\n\n\n\n<p>El <strong data-start=\"2663\" data-end=\"2698\">C\u00edrculo del Pensamiento Cr\u00edtico<\/strong> no es solo una herramienta acad\u00e9mica, sino una competencia vital. Ense\u00f1a a los estudiantes a observar con curiosidad, preguntar con profundidad, decidir con argumentos y mejorar continuamente. Para los docentes, es un mapa pr\u00e1ctico que pueden aplicar en sus clases para fomentar la autonom\u00eda, el razonamiento y la creatividad.<\/p>\n\n\n\n<h2 class=\"wp-block-heading\"><strong>Manual del Pensamiento cr\u00edtico<\/strong><\/h2>\n\n\n\n<p>Esta gu\u00eda, <strong data-start=\"11\" data-end=\"58\"><em data-start=\"13\" data-end=\"56\" data-is-only-node=\"\">\u201cPensamiento cr\u00edtico para el aprendizaje\u201d<\/em><\/strong>, coordinada por <strong data-start=\"75\" data-end=\"107\">Luis Miguel Garc\u00eda Vel\u00e1zquez<\/strong> y <strong data-start=\"110\" data-end=\"142\">Julieta Arisbe L\u00f3pez V\u00e1zquez<\/strong>, brinda al docente herramientas pr\u00e1cticas para desarrollar en sus estudiantes habilidades esenciales como la reflexi\u00f3n, la argumentaci\u00f3n y la toma de decisiones fundamentadas. A trav\u00e9s de ejemplos, estrategias y escenarios aplicables al aula, los autores promueven un aprendizaje m\u00e1s profundo y participativo, basado en la duda razonada, la empat\u00eda y la comprensi\u00f3n de distintos puntos de vista. Este material invita a los maestros a transformar sus clases en espacios de pensamiento activo, donde los alumnos aprendan a analizar, cuestionar y construir conocimiento con sentido. <strong data-start=\"723\" data-end=\"825\">Desc\u00e1rgala, apl\u00edcala en tus clases y potencia el pensamiento cr\u00edtico de tus estudiantes desde hoy.<\/strong><\/p>\n\n\n\n<iframe loading=\"lazy\" src=\"https:\/\/drive.google.com\/file\/d\/1153ZnWwkz2f-Hvt3p7OM1OWnRBiKFf37\/preview\" width=\"100%\" height=\"400\"><\/iframe>\n\n\n\n<p>Recomendamos a la Comunidad Educativa Digital tener en cuenta que, el enlace y\/o la carpeta en donde est\u00e1n alojados los libros, recursos y\/o materiales, no es administrado por la Web del Maestro CMF, pueda ser que en cuesti\u00f3n de d\u00edas (o seg\u00fan el tiempo transcurrido desde su publicaci\u00f3n), los enlaces no funcionen y el material ya no se encuentre disponible. Gracias por su comprensi\u00f3n.<\/p>\n\n\n\n<p class=\"has-text-align-center\">ENLACE DE LECTURA: <span style=\"color: #000000;\">1. <\/span><a href=\"https:\/\/drive.google.com\/drive\/u\/2\/folders\/1IeWl-_fOraY_KCWyzi0BMSapqGVYDKUG\" target=\"_blank\" rel=\"noreferrer noopener\">DESCARGA LAS 20 TARJETAS, EL MANUAL Y LAS 48 PREGUNTASD DEL PENSAMIENTO CRITICO<\/a><\/p>\n\n\n\t\t<div class=\"pk-inline-posts\">\n\t\t\t\n\t\t\t<div class=\"pk-inline-posts-container pk-inline-posts-template-list\"\n\t\t\t\tdata-columns=\"1\">\n\t\t\t\t\t\t<article id=\"post-118056\" class=\"post-118056 post type-post status-publish format-standard has-post-thumbnail category-juegos category-pensamiento-critico category-pedagogia tag-ajedrez-educativo tag-aprendizaje tag-crianza tag-desarrollo-cognitivo tag-docentes tag-educacion-infantil tag-habilidades-emocionales tag-neuroeducacion tag-pensamiento-critico-2 tag-uso-de-pantallas cs-entry cs-video-wrap\">\n\t\t\t<div class=\"pk-post-outer\">\n\n\t\t\t\t\t\t\t\t<div class=\"pk-post-inner\">\n\t\t\t\t\t<div class=\"entry-thumbnail\">\n\t\t\t\t\t\t<div class=\"pk-overlay pk-overlay-ratio pk-ratio-landscape\">\n\t\t\t\t\t\t\t<div class=\"pk-overlay-background\">\n\t\t\t\t\t\t\t\t<a href=\"https:\/\/webdelmaestrocmf.com\/portal\/padres-cambien-el-movil-la-tablet-y-la-playstation-por-el-ajedrez-u-otros-juegos-que-desarrollen-la-creatividad-el-pensamiento-critico-la-estrategia-y-el-pensamiento-lateral\/\" class=\"pk-overlay-link\">\n\t\t\t\t\t\t\t\t\t<img loading=\"lazy\" decoding=\"async\" width=\"300\" height=\"225\" src=\"https:\/\/webdelmaestrocmf.com\/portal\/wp-content\/uploads\/2026\/04\/1AA-Banner-1-portada-imagen-10-1-copia-3-4-300x225.webp\" class=\"attachment-pk-thumbnail size-pk-thumbnail wp-post-image\" alt=\"\" \/>\t\t\t\t\t\t\t\t<\/a>\n\t\t\t\t\t\t\t<\/div>\n\t\t\t\t\t\t<\/div>\n\t\t\t\t\t<\/div>\n\t\t\t\t<\/div>\n\t\t\t\t\n\t\t\t\t<div class=\"pk-post-inner\">\n\t\t\t\t\t<header>\n\t\t\t\t\t\t<h3 class=\"pk-title\"><a href=\"https:\/\/webdelmaestrocmf.com\/portal\/padres-cambien-el-movil-la-tablet-y-la-playstation-por-el-ajedrez-u-otros-juegos-que-desarrollen-la-creatividad-el-pensamiento-critico-la-estrategia-y-el-pensamiento-lateral\/\" rel=\"bookmark\">Padres: cambien el m\u00f3vil, la tablet y la PlayStation por el ajedrez u otros juegos que desarrollen la creatividad, el pensamiento cr\u00edtico, la estrategia y el pensamiento lateral<\/a><\/h3>\t\t\t\t\t<\/header><!-- .entry-header -->\n\t\t\t\t<\/div><!-- .post-inner -->\n\n\t\t\t<\/div><!-- .post-outer -->\n\t\t<\/article>\n\t\t\t<article id=\"post-111600\" class=\"post-111600 post type-post status-publish format-standard has-post-thumbnail category-pensamiento-critico category-pedagogia category-taxonomia-de-bloom tag-pensamiento-critico-2 tag-taxonomia-de-bloom cs-entry cs-video-wrap\">\n\t\t\t<div class=\"pk-post-outer\">\n\n\t\t\t\t\t\t\t\t<div class=\"pk-post-inner\">\n\t\t\t\t\t<div class=\"entry-thumbnail\">\n\t\t\t\t\t\t<div class=\"pk-overlay pk-overlay-ratio pk-ratio-landscape\">\n\t\t\t\t\t\t\t<div class=\"pk-overlay-background\">\n\t\t\t\t\t\t\t\t<a href=\"https:\/\/webdelmaestrocmf.com\/portal\/6-claves-para-desarrollar-el-pensamiento-critico-en-el-aula-segun-la-taxonomia-de-bloom\/\" class=\"pk-overlay-link\">\n\t\t\t\t\t\t\t\t\t<img loading=\"lazy\" decoding=\"async\" width=\"300\" height=\"225\" src=\"https:\/\/webdelmaestrocmf.com\/portal\/wp-content\/uploads\/2025\/07\/1A-Banner-1-portada-imagen-10-1-copia-2-1-300x225.webp\" class=\"attachment-pk-thumbnail size-pk-thumbnail wp-post-image\" alt=\"\" \/>\t\t\t\t\t\t\t\t<\/a>\n\t\t\t\t\t\t\t<\/div>\n\t\t\t\t\t\t<\/div>\n\t\t\t\t\t<\/div>\n\t\t\t\t<\/div>\n\t\t\t\t\n\t\t\t\t<div class=\"pk-post-inner\">\n\t\t\t\t\t<header>\n\t\t\t\t\t\t<h3 class=\"pk-title\"><a href=\"https:\/\/webdelmaestrocmf.com\/portal\/6-claves-para-desarrollar-el-pensamiento-critico-en-el-aula-segun-la-taxonomia-de-bloom\/\" rel=\"bookmark\">6 claves para desarrollar el pensamiento cr\u00edtico en el aula seg\u00fan la taxonom\u00eda de Bloom<\/a><\/h3>\t\t\t\t\t<\/header><!-- .entry-header -->\n\t\t\t\t<\/div><!-- .post-inner -->\n\n\t\t\t<\/div><!-- .post-outer -->\n\t\t<\/article>\n\t\t\t<article id=\"post-108624\" class=\"post-108624 post type-post status-publish format-standard has-post-thumbnail category-pensamiento-critico category-pedagogia tag-aristotelico tag-estilo tag-pensamiento-critico cs-entry cs-video-wrap\">\n\t\t\t<div class=\"pk-post-outer\">\n\n\t\t\t\t\t\t\t\t<div class=\"pk-post-inner\">\n\t\t\t\t\t<div class=\"entry-thumbnail\">\n\t\t\t\t\t\t<div class=\"pk-overlay pk-overlay-ratio pk-ratio-landscape\">\n\t\t\t\t\t\t\t<div class=\"pk-overlay-background\">\n\t\t\t\t\t\t\t\t<a href=\"https:\/\/webdelmaestrocmf.com\/portal\/pensamiento-critico-que-es-ejemplos-y-claves-para-desarrollarlo-al-estilo-aristotelico\/\" class=\"pk-overlay-link\">\n\t\t\t\t\t\t\t\t\t<img loading=\"lazy\" decoding=\"async\" width=\"300\" height=\"225\" src=\"https:\/\/webdelmaestrocmf.com\/portal\/wp-content\/uploads\/2025\/04\/1A-Banner-1-portada-imagen-10-1-2-300x225.jpg\" class=\"attachment-pk-thumbnail size-pk-thumbnail wp-post-image\" alt=\"\" \/>\t\t\t\t\t\t\t\t<\/a>\n\t\t\t\t\t\t\t<\/div>\n\t\t\t\t\t\t<\/div>\n\t\t\t\t\t<\/div>\n\t\t\t\t<\/div>\n\t\t\t\t\n\t\t\t\t<div class=\"pk-post-inner\">\n\t\t\t\t\t<header>\n\t\t\t\t\t\t<h3 class=\"pk-title\"><a href=\"https:\/\/webdelmaestrocmf.com\/portal\/pensamiento-critico-que-es-ejemplos-y-claves-para-desarrollarlo-al-estilo-aristotelico\/\" rel=\"bookmark\">Pensamiento cr\u00edtico: qu\u00e9 es, ejemplos y claves para desarrollarlo al estilo aristot\u00e9lico<\/a><\/h3>\t\t\t\t\t<\/header><!-- .entry-header -->\n\t\t\t\t<\/div><!-- .post-inner -->\n\n\t\t\t<\/div><!-- .post-outer -->\n\t\t<\/article>\n\t\t\t\t<\/div>\n\t\t<\/div>\n\t\t\n","protected":false},"excerpt":{"rendered":"Este manual, \u201cPensamiento cr\u00edtico para el aprendizaje\u201d, brinda al docente herramientas pr\u00e1cticas para desarrollar en sus estudiantes habilidades esenciales como la reflexi\u00f3n, la argumentaci\u00f3n y la toma de decisiones fundamentadas.","protected":false},"author":1,"featured_media":113151,"comment_status":"open","ping_status":"closed","sticky":false,"template":"","format":"standard","meta":{"csco_display_header_overlay":false,"csco_singular_sidebar":"default","csco_page_header_type":"default","csco_page_load_nextpost":"default","csco_post_video_location":[],"csco_post_video_location_hash":"","csco_post_video_url":"","csco_post_video_bg_start_time":0,"csco_post_video_bg_end_time":0,"csco_post_video_bg_volume":false,"_jetpack_memberships_contains_paid_content":false,"footnotes":""},"categories":[13792,735],"tags":[299,1215,14111,1845],"class_list":{"0":"post-67762","1":"post","2":"type-post","3":"status-publish","4":"format-standard","5":"has-post-thumbnail","7":"category-pensamiento-critico","8":"category-pedagogia","9":"tag-alumnos","10":"tag-critico","11":"tag-fomentar-pensamiento","12":"tag-preguntas","13":"cs-entry","14":"cs-video-wrap"},"yoast_head":"<!-- This site is optimized with the Yoast SEO plugin v27.5 - https:\/\/yoast.com\/product\/yoast-seo-wordpress\/ -->\n<title>50 preguntas para fomentar Pensamiento Cr\u00edtico en los alumnos: descarga el manual del Pensamiento cr\u00edtico - 2026<\/title>\n<meta name=\"description\" content=\"Cuestionarse a s\u00ed mismo acerca de lo que nos rodea nos ha permitido comprender de manera m\u00e1s amplia, o bien, nos ha llevado...\" \/>\n<meta name=\"robots\" content=\"index, follow, max-snippet:-1, max-image-preview:large, max-video-preview:-1\" \/>\n<link rel=\"canonical\" href=\"https:\/\/webdelmaestrocmf.com\/portal\/50-preguntas-para-fomentar-pensamiento-critico-en-los-alumnos\/\" \/>\n<meta property=\"og:locale\" content=\"es_ES\" \/>\n<meta property=\"og:type\" content=\"article\" \/>\n<meta property=\"og:title\" content=\"50 preguntas para fomentar Pensamiento Cr\u00edtico en los alumnos: descarga el manual del Pensamiento cr\u00edtico - 2026\" \/>\n<meta property=\"og:description\" content=\"Cuestionarse a s\u00ed mismo acerca de lo que nos rodea nos ha permitido comprender de manera m\u00e1s amplia, o bien, nos ha llevado...\" \/>\n<meta property=\"og:url\" content=\"https:\/\/webdelmaestrocmf.com\/portal\/50-preguntas-para-fomentar-pensamiento-critico-en-los-alumnos\/\" \/>\n<meta property=\"og:site_name\" content=\"Web del Maestro CMF\" \/>\n<meta property=\"article:publisher\" content=\"https:\/\/www.facebook.com\/WebdelMaestroCMF\/\" \/>\n<meta property=\"article:author\" content=\"https:\/\/www.facebook.com\/WebdelMaestroCMF\/\" \/>\n<meta property=\"article:published_time\" content=\"2026-03-10T14:48:00+00:00\" \/>\n<meta property=\"article:modified_time\" content=\"2026-04-18T18:43:29+00:00\" \/>\n<meta property=\"og:image\" content=\"https:\/\/webdelmaestrocmf.com\/portal\/wp-content\/uploads\/2025\/10\/Descarga-gratis-las-Actividades-de-Estimulacion-Cognitiva-con-Fichas2.png\" \/>\n\t<meta property=\"og:image:width\" content=\"1000\" \/>\n\t<meta property=\"og:image:height\" content=\"667\" \/>\n\t<meta property=\"og:image:type\" content=\"image\/png\" \/>\n<meta name=\"author\" content=\"Web del Maestro CMF\" \/>\n<meta name=\"twitter:card\" content=\"summary_large_image\" \/>\n<meta name=\"twitter:creator\" content=\"@cmf_w\" \/>\n<meta name=\"twitter:site\" content=\"@cmf_w\" \/>\n<script type=\"application\/ld+json\" class=\"yoast-schema-graph\">{\"@context\":\"https:\\\/\\\/schema.org\",\"@graph\":[{\"@type\":\"ScholarlyArticle\",\"@id\":\"https:\\\/\\\/webdelmaestrocmf.com\\\/portal\\\/50-preguntas-para-fomentar-pensamiento-critico-en-los-alumnos\\\/#article\",\"isPartOf\":{\"@id\":\"https:\\\/\\\/webdelmaestrocmf.com\\\/portal\\\/50-preguntas-para-fomentar-pensamiento-critico-en-los-alumnos\\\/\"},\"author\":{\"name\":\"Web del Maestro CMF\",\"@id\":\"https:\\\/\\\/webdelmaestrocmf.com\\\/portal\\\/#\\\/schema\\\/person\\\/1072a2ed7bd960df8ef99a551fa35dc5\"},\"headline\":\"50 preguntas para fomentar Pensamiento Cr\u00edtico en los alumnos: descarga el manual del Pensamiento cr\u00edtico\",\"datePublished\":\"2026-03-10T14:48:00+00:00\",\"dateModified\":\"2026-04-18T18:43:29+00:00\",\"mainEntityOfPage\":{\"@id\":\"https:\\\/\\\/webdelmaestrocmf.com\\\/portal\\\/50-preguntas-para-fomentar-pensamiento-critico-en-los-alumnos\\\/\"},\"wordCount\":1501,\"commentCount\":4,\"publisher\":{\"@id\":\"https:\\\/\\\/webdelmaestrocmf.com\\\/portal\\\/#organization\"},\"image\":{\"@id\":\"https:\\\/\\\/webdelmaestrocmf.com\\\/portal\\\/50-preguntas-para-fomentar-pensamiento-critico-en-los-alumnos\\\/#primaryimage\"},\"thumbnailUrl\":\"https:\\\/\\\/webdelmaestrocmf.com\\\/portal\\\/wp-content\\\/uploads\\\/2025\\\/10\\\/Descarga-gratis-las-Actividades-de-Estimulacion-Cognitiva-con-Fichas2.png\",\"keywords\":[\"alumnos\",\"CR\u00cdTICO\",\"fomentar Pensamiento\",\"PREGUNTAS\"],\"articleSection\":[\"Pensamiento critico\",\"Recursos\"],\"inLanguage\":\"es\",\"potentialAction\":[{\"@type\":\"CommentAction\",\"name\":\"Comment\",\"target\":[\"https:\\\/\\\/webdelmaestrocmf.com\\\/portal\\\/50-preguntas-para-fomentar-pensamiento-critico-en-los-alumnos\\\/#respond\"]}]},{\"@type\":\"WebPage\",\"@id\":\"https:\\\/\\\/webdelmaestrocmf.com\\\/portal\\\/50-preguntas-para-fomentar-pensamiento-critico-en-los-alumnos\\\/\",\"url\":\"https:\\\/\\\/webdelmaestrocmf.com\\\/portal\\\/50-preguntas-para-fomentar-pensamiento-critico-en-los-alumnos\\\/\",\"name\":\"50 preguntas para fomentar Pensamiento Cr\u00edtico en los alumnos: descarga el manual del Pensamiento cr\u00edtico - 2026\",\"isPartOf\":{\"@id\":\"https:\\\/\\\/webdelmaestrocmf.com\\\/portal\\\/#website\"},\"primaryImageOfPage\":{\"@id\":\"https:\\\/\\\/webdelmaestrocmf.com\\\/portal\\\/50-preguntas-para-fomentar-pensamiento-critico-en-los-alumnos\\\/#primaryimage\"},\"image\":{\"@id\":\"https:\\\/\\\/webdelmaestrocmf.com\\\/portal\\\/50-preguntas-para-fomentar-pensamiento-critico-en-los-alumnos\\\/#primaryimage\"},\"thumbnailUrl\":\"https:\\\/\\\/webdelmaestrocmf.com\\\/portal\\\/wp-content\\\/uploads\\\/2025\\\/10\\\/Descarga-gratis-las-Actividades-de-Estimulacion-Cognitiva-con-Fichas2.png\",\"datePublished\":\"2026-03-10T14:48:00+00:00\",\"dateModified\":\"2026-04-18T18:43:29+00:00\",\"description\":\"Cuestionarse a s\u00ed mismo acerca de lo que nos rodea nos ha permitido comprender de manera m\u00e1s amplia, o bien, nos ha llevado...\",\"breadcrumb\":{\"@id\":\"https:\\\/\\\/webdelmaestrocmf.com\\\/portal\\\/50-preguntas-para-fomentar-pensamiento-critico-en-los-alumnos\\\/#breadcrumb\"},\"inLanguage\":\"es\",\"potentialAction\":[{\"@type\":\"ReadAction\",\"target\":[\"https:\\\/\\\/webdelmaestrocmf.com\\\/portal\\\/50-preguntas-para-fomentar-pensamiento-critico-en-los-alumnos\\\/\"]}]},{\"@type\":\"ImageObject\",\"inLanguage\":\"es\",\"@id\":\"https:\\\/\\\/webdelmaestrocmf.com\\\/portal\\\/50-preguntas-para-fomentar-pensamiento-critico-en-los-alumnos\\\/#primaryimage\",\"url\":\"https:\\\/\\\/webdelmaestrocmf.com\\\/portal\\\/wp-content\\\/uploads\\\/2025\\\/10\\\/Descarga-gratis-las-Actividades-de-Estimulacion-Cognitiva-con-Fichas2.png\",\"contentUrl\":\"https:\\\/\\\/webdelmaestrocmf.com\\\/portal\\\/wp-content\\\/uploads\\\/2025\\\/10\\\/Descarga-gratis-las-Actividades-de-Estimulacion-Cognitiva-con-Fichas2.png\",\"width\":1000,\"height\":667},{\"@type\":\"BreadcrumbList\",\"@id\":\"https:\\\/\\\/webdelmaestrocmf.com\\\/portal\\\/50-preguntas-para-fomentar-pensamiento-critico-en-los-alumnos\\\/#breadcrumb\",\"itemListElement\":[{\"@type\":\"ListItem\",\"position\":1,\"name\":\"Portada\",\"item\":\"https:\\\/\\\/webdelmaestrocmf.com\\\/portal\\\/\"},{\"@type\":\"ListItem\",\"position\":2,\"name\":\"Recursos\",\"item\":\"https:\\\/\\\/webdelmaestrocmf.com\\\/portal\\\/category\\\/pedagogia\\\/\"},{\"@type\":\"ListItem\",\"position\":3,\"name\":\"50 preguntas para fomentar Pensamiento Cr\u00edtico en los alumnos: descarga el manual del Pensamiento cr\u00edtico\"}]},{\"@type\":\"WebSite\",\"@id\":\"https:\\\/\\\/webdelmaestrocmf.com\\\/portal\\\/#website\",\"url\":\"https:\\\/\\\/webdelmaestrocmf.com\\\/portal\\\/\",\"name\":\"Web del Maestro CMF\",\"description\":\"Maestros al servicio de la educaci\u00f3n\",\"publisher\":{\"@id\":\"https:\\\/\\\/webdelmaestrocmf.com\\\/portal\\\/#organization\"},\"alternateName\":\"WMCMF\",\"potentialAction\":[{\"@type\":\"SearchAction\",\"target\":{\"@type\":\"EntryPoint\",\"urlTemplate\":\"https:\\\/\\\/webdelmaestrocmf.com\\\/portal\\\/?s={search_term_string}\"},\"query-input\":{\"@type\":\"PropertyValueSpecification\",\"valueRequired\":true,\"valueName\":\"search_term_string\"}}],\"inLanguage\":\"es\"},{\"@type\":\"Organization\",\"@id\":\"https:\\\/\\\/webdelmaestrocmf.com\\\/portal\\\/#organization\",\"name\":\"Web del Maestro CMF\",\"alternateName\":\"WMCMF\",\"url\":\"https:\\\/\\\/webdelmaestrocmf.com\\\/portal\\\/\",\"logo\":{\"@type\":\"ImageObject\",\"inLanguage\":\"es\",\"@id\":\"https:\\\/\\\/webdelmaestrocmf.com\\\/portal\\\/#\\\/schema\\\/logo\\\/image\\\/\",\"url\":\"https:\\\/\\\/webdelmaestrocmf.com\\\/portal\\\/wp-content\\\/uploads\\\/2023\\\/01\\\/logo-wmcmf-2.png\",\"contentUrl\":\"https:\\\/\\\/webdelmaestrocmf.com\\\/portal\\\/wp-content\\\/uploads\\\/2023\\\/01\\\/logo-wmcmf-2.png\",\"width\":200,\"height\":60,\"caption\":\"Web del Maestro CMF\"},\"image\":{\"@id\":\"https:\\\/\\\/webdelmaestrocmf.com\\\/portal\\\/#\\\/schema\\\/logo\\\/image\\\/\"},\"sameAs\":[\"https:\\\/\\\/www.facebook.com\\\/WebdelMaestroCMF\\\/\",\"https:\\\/\\\/x.com\\\/cmf_w\",\"https:\\\/\\\/www.pinterest.com\\\/WMCMF\\\/\",\"https:\\\/\\\/www.linkedin.com\\\/company\\\/web-del-maestro-cmf\\\/\",\"https:\\\/\\\/www.instagram.com\\\/wmcmf\\\/\",\"https:\\\/\\\/www.youtube.com\\\/channel\\\/UCDPSvjbdodE5sHnC3OxutHw\",\"https:\\\/\\\/mastodon.social\\\/@wmcmf\",\"https:\\\/\\\/www.tiktok.com\\\/@webdelmaestrocmf\"]},{\"@type\":\"Person\",\"@id\":\"https:\\\/\\\/webdelmaestrocmf.com\\\/portal\\\/#\\\/schema\\\/person\\\/1072a2ed7bd960df8ef99a551fa35dc5\",\"name\":\"Web del Maestro CMF\",\"image\":{\"@type\":\"ImageObject\",\"inLanguage\":\"es\",\"@id\":\"https:\\\/\\\/secure.gravatar.com\\\/avatar\\\/23291dd5b5ae1077dcff3dbb04c3e02bd28403fa75af6d8787d5e97c5bbbe30b?s=96&d=mm&r=g\",\"url\":\"https:\\\/\\\/secure.gravatar.com\\\/avatar\\\/23291dd5b5ae1077dcff3dbb04c3e02bd28403fa75af6d8787d5e97c5bbbe30b?s=96&d=mm&r=g\",\"contentUrl\":\"https:\\\/\\\/secure.gravatar.com\\\/avatar\\\/23291dd5b5ae1077dcff3dbb04c3e02bd28403fa75af6d8787d5e97c5bbbe30b?s=96&d=mm&r=g\",\"caption\":\"Web del Maestro CMF\"},\"description\":\"Esta Web se cre\u00f3 sin fines de lucro, con fines educativos, cient\u00edficos y acad\u00e9micos, para personas que tengan dificultades y\\\/o inconvenientes en visualizar el material original. El objetivo es entregar recursos, compartir experiencias y materiales que ayuden a los padres de familia, maestros y estudiantes en su actualizaci\u00f3n y formaci\u00f3n permanente, en bien de la Educaci\u00f3n.\",\"sameAs\":[\"http:\\\/\\\/webdelmaestrocmf.com\\\/portal\",\"https:\\\/\\\/www.facebook.com\\\/WebdelMaestroCMF\\\/\",\"https:\\\/\\\/www.instagram.com\\\/wmcmf\\\/\",\"https:\\\/\\\/cl.linkedin.com\\\/company\\\/web-del-maestro-cmf\",\"https:\\\/\\\/www.pinterest.com\\\/WMCMF\\\/publicaciones\\\/\",\"https:\\\/\\\/x.com\\\/cmf_w\",\"https:\\\/\\\/www.youtube.com\\\/@WMCMF\"]}]}<\/script>\n<!-- \/ Yoast SEO plugin. -->","yoast_head_json":{"title":"50 preguntas para fomentar Pensamiento Cr\u00edtico en los alumnos: descarga el manual del Pensamiento cr\u00edtico - 2026","description":"Cuestionarse a s\u00ed mismo acerca de lo que nos rodea nos ha permitido comprender de manera m\u00e1s amplia, o bien, nos ha llevado...","robots":{"index":"index","follow":"follow","max-snippet":"max-snippet:-1","max-image-preview":"max-image-preview:large","max-video-preview":"max-video-preview:-1"},"canonical":"https:\/\/webdelmaestrocmf.com\/portal\/50-preguntas-para-fomentar-pensamiento-critico-en-los-alumnos\/","og_locale":"es_ES","og_type":"article","og_title":"50 preguntas para fomentar Pensamiento Cr\u00edtico en los alumnos: descarga el manual del Pensamiento cr\u00edtico - 2026","og_description":"Cuestionarse a s\u00ed mismo acerca de lo que nos rodea nos ha permitido comprender de manera m\u00e1s amplia, o bien, nos ha llevado...","og_url":"https:\/\/webdelmaestrocmf.com\/portal\/50-preguntas-para-fomentar-pensamiento-critico-en-los-alumnos\/","og_site_name":"Web del Maestro CMF","article_publisher":"https:\/\/www.facebook.com\/WebdelMaestroCMF\/","article_author":"https:\/\/www.facebook.com\/WebdelMaestroCMF\/","article_published_time":"2026-03-10T14:48:00+00:00","article_modified_time":"2026-04-18T18:43:29+00:00","og_image":[{"width":1000,"height":667,"url":"https:\/\/webdelmaestrocmf.com\/portal\/wp-content\/uploads\/2025\/10\/Descarga-gratis-las-Actividades-de-Estimulacion-Cognitiva-con-Fichas2.png","type":"image\/png"}],"author":"Web del Maestro CMF","twitter_card":"summary_large_image","twitter_creator":"@cmf_w","twitter_site":"@cmf_w","schema":{"@context":"https:\/\/schema.org","@graph":[{"@type":"ScholarlyArticle","@id":"https:\/\/webdelmaestrocmf.com\/portal\/50-preguntas-para-fomentar-pensamiento-critico-en-los-alumnos\/#article","isPartOf":{"@id":"https:\/\/webdelmaestrocmf.com\/portal\/50-preguntas-para-fomentar-pensamiento-critico-en-los-alumnos\/"},"author":{"name":"Web del Maestro CMF","@id":"https:\/\/webdelmaestrocmf.com\/portal\/#\/schema\/person\/1072a2ed7bd960df8ef99a551fa35dc5"},"headline":"50 preguntas para fomentar Pensamiento Cr\u00edtico en los alumnos: descarga el manual del Pensamiento cr\u00edtico","datePublished":"2026-03-10T14:48:00+00:00","dateModified":"2026-04-18T18:43:29+00:00","mainEntityOfPage":{"@id":"https:\/\/webdelmaestrocmf.com\/portal\/50-preguntas-para-fomentar-pensamiento-critico-en-los-alumnos\/"},"wordCount":1501,"commentCount":4,"publisher":{"@id":"https:\/\/webdelmaestrocmf.com\/portal\/#organization"},"image":{"@id":"https:\/\/webdelmaestrocmf.com\/portal\/50-preguntas-para-fomentar-pensamiento-critico-en-los-alumnos\/#primaryimage"},"thumbnailUrl":"https:\/\/webdelmaestrocmf.com\/portal\/wp-content\/uploads\/2025\/10\/Descarga-gratis-las-Actividades-de-Estimulacion-Cognitiva-con-Fichas2.png","keywords":["alumnos","CR\u00cdTICO","fomentar Pensamiento","PREGUNTAS"],"articleSection":["Pensamiento critico","Recursos"],"inLanguage":"es","potentialAction":[{"@type":"CommentAction","name":"Comment","target":["https:\/\/webdelmaestrocmf.com\/portal\/50-preguntas-para-fomentar-pensamiento-critico-en-los-alumnos\/#respond"]}]},{"@type":"WebPage","@id":"https:\/\/webdelmaestrocmf.com\/portal\/50-preguntas-para-fomentar-pensamiento-critico-en-los-alumnos\/","url":"https:\/\/webdelmaestrocmf.com\/portal\/50-preguntas-para-fomentar-pensamiento-critico-en-los-alumnos\/","name":"50 preguntas para fomentar Pensamiento Cr\u00edtico en los alumnos: descarga el manual del Pensamiento cr\u00edtico - 2026","isPartOf":{"@id":"https:\/\/webdelmaestrocmf.com\/portal\/#website"},"primaryImageOfPage":{"@id":"https:\/\/webdelmaestrocmf.com\/portal\/50-preguntas-para-fomentar-pensamiento-critico-en-los-alumnos\/#primaryimage"},"image":{"@id":"https:\/\/webdelmaestrocmf.com\/portal\/50-preguntas-para-fomentar-pensamiento-critico-en-los-alumnos\/#primaryimage"},"thumbnailUrl":"https:\/\/webdelmaestrocmf.com\/portal\/wp-content\/uploads\/2025\/10\/Descarga-gratis-las-Actividades-de-Estimulacion-Cognitiva-con-Fichas2.png","datePublished":"2026-03-10T14:48:00+00:00","dateModified":"2026-04-18T18:43:29+00:00","description":"Cuestionarse a s\u00ed mismo acerca de lo que nos rodea nos ha permitido comprender de manera m\u00e1s amplia, o bien, nos ha llevado...","breadcrumb":{"@id":"https:\/\/webdelmaestrocmf.com\/portal\/50-preguntas-para-fomentar-pensamiento-critico-en-los-alumnos\/#breadcrumb"},"inLanguage":"es","potentialAction":[{"@type":"ReadAction","target":["https:\/\/webdelmaestrocmf.com\/portal\/50-preguntas-para-fomentar-pensamiento-critico-en-los-alumnos\/"]}]},{"@type":"ImageObject","inLanguage":"es","@id":"https:\/\/webdelmaestrocmf.com\/portal\/50-preguntas-para-fomentar-pensamiento-critico-en-los-alumnos\/#primaryimage","url":"https:\/\/webdelmaestrocmf.com\/portal\/wp-content\/uploads\/2025\/10\/Descarga-gratis-las-Actividades-de-Estimulacion-Cognitiva-con-Fichas2.png","contentUrl":"https:\/\/webdelmaestrocmf.com\/portal\/wp-content\/uploads\/2025\/10\/Descarga-gratis-las-Actividades-de-Estimulacion-Cognitiva-con-Fichas2.png","width":1000,"height":667},{"@type":"BreadcrumbList","@id":"https:\/\/webdelmaestrocmf.com\/portal\/50-preguntas-para-fomentar-pensamiento-critico-en-los-alumnos\/#breadcrumb","itemListElement":[{"@type":"ListItem","position":1,"name":"Portada","item":"https:\/\/webdelmaestrocmf.com\/portal\/"},{"@type":"ListItem","position":2,"name":"Recursos","item":"https:\/\/webdelmaestrocmf.com\/portal\/category\/pedagogia\/"},{"@type":"ListItem","position":3,"name":"50 preguntas para fomentar Pensamiento Cr\u00edtico en los alumnos: descarga el manual del Pensamiento cr\u00edtico"}]},{"@type":"WebSite","@id":"https:\/\/webdelmaestrocmf.com\/portal\/#website","url":"https:\/\/webdelmaestrocmf.com\/portal\/","name":"Web del Maestro CMF","description":"Maestros al servicio de la educaci\u00f3n","publisher":{"@id":"https:\/\/webdelmaestrocmf.com\/portal\/#organization"},"alternateName":"WMCMF","potentialAction":[{"@type":"SearchAction","target":{"@type":"EntryPoint","urlTemplate":"https:\/\/webdelmaestrocmf.com\/portal\/?s={search_term_string}"},"query-input":{"@type":"PropertyValueSpecification","valueRequired":true,"valueName":"search_term_string"}}],"inLanguage":"es"},{"@type":"Organization","@id":"https:\/\/webdelmaestrocmf.com\/portal\/#organization","name":"Web del Maestro CMF","alternateName":"WMCMF","url":"https:\/\/webdelmaestrocmf.com\/portal\/","logo":{"@type":"ImageObject","inLanguage":"es","@id":"https:\/\/webdelmaestrocmf.com\/portal\/#\/schema\/logo\/image\/","url":"https:\/\/webdelmaestrocmf.com\/portal\/wp-content\/uploads\/2023\/01\/logo-wmcmf-2.png","contentUrl":"https:\/\/webdelmaestrocmf.com\/portal\/wp-content\/uploads\/2023\/01\/logo-wmcmf-2.png","width":200,"height":60,"caption":"Web del Maestro CMF"},"image":{"@id":"https:\/\/webdelmaestrocmf.com\/portal\/#\/schema\/logo\/image\/"},"sameAs":["https:\/\/www.facebook.com\/WebdelMaestroCMF\/","https:\/\/x.com\/cmf_w","https:\/\/www.pinterest.com\/WMCMF\/","https:\/\/www.linkedin.com\/company\/web-del-maestro-cmf\/","https:\/\/www.instagram.com\/wmcmf\/","https:\/\/www.youtube.com\/channel\/UCDPSvjbdodE5sHnC3OxutHw","https:\/\/mastodon.social\/@wmcmf","https:\/\/www.tiktok.com\/@webdelmaestrocmf"]},{"@type":"Person","@id":"https:\/\/webdelmaestrocmf.com\/portal\/#\/schema\/person\/1072a2ed7bd960df8ef99a551fa35dc5","name":"Web del Maestro CMF","image":{"@type":"ImageObject","inLanguage":"es","@id":"https:\/\/secure.gravatar.com\/avatar\/23291dd5b5ae1077dcff3dbb04c3e02bd28403fa75af6d8787d5e97c5bbbe30b?s=96&d=mm&r=g","url":"https:\/\/secure.gravatar.com\/avatar\/23291dd5b5ae1077dcff3dbb04c3e02bd28403fa75af6d8787d5e97c5bbbe30b?s=96&d=mm&r=g","contentUrl":"https:\/\/secure.gravatar.com\/avatar\/23291dd5b5ae1077dcff3dbb04c3e02bd28403fa75af6d8787d5e97c5bbbe30b?s=96&d=mm&r=g","caption":"Web del Maestro CMF"},"description":"Esta Web se cre\u00f3 sin fines de lucro, con fines educativos, cient\u00edficos y acad\u00e9micos, para personas que tengan dificultades y\/o inconvenientes en visualizar el material original. El objetivo es entregar recursos, compartir experiencias y materiales que ayuden a los padres de familia, maestros y estudiantes en su actualizaci\u00f3n y formaci\u00f3n permanente, en bien de la Educaci\u00f3n.","sameAs":["http:\/\/webdelmaestrocmf.com\/portal","https:\/\/www.facebook.com\/WebdelMaestroCMF\/","https:\/\/www.instagram.com\/wmcmf\/","https:\/\/cl.linkedin.com\/company\/web-del-maestro-cmf","https:\/\/www.pinterest.com\/WMCMF\/publicaciones\/","https:\/\/x.com\/cmf_w","https:\/\/www.youtube.com\/@WMCMF"]}]}},"jetpack_featured_media_url":"https:\/\/webdelmaestrocmf.com\/portal\/wp-content\/uploads\/2025\/10\/Descarga-gratis-las-Actividades-de-Estimulacion-Cognitiva-con-Fichas2.png","jetpack_sharing_enabled":true,"jetpack-related-posts":[{"id":105290,"url":"https:\/\/webdelmaestrocmf.com\/portal\/preguntas-abiertas-y-poderosas-dentro-del-aula\/","url_meta":{"origin":67762,"position":0},"title":"Preguntas abiertas y \u00abpoderosas\u00bb dentro del aula","author":"Web del Maestro CMF","date":"6 octubre, 2024","format":false,"excerpt":"Las preguntas son el coraz\u00f3n del proceso de ense\u00f1anza y aprendizaje. A trav\u00e9s de ellas, los docentes pueden guiar a sus alumnos hacia la comprensi\u00f3n de conceptos, el desarrollo del pensamiento cr\u00edtico y la expresi\u00f3n de sus ideas. Sin embargo, no todas las preguntas son creadas iguales. En este art\u00edculo,\u2026","rel":"","context":"En \u00abDescargas Manuales PDF\u00bb","block_context":{"text":"Descargas Manuales PDF","link":"https:\/\/webdelmaestrocmf.com\/portal\/category\/pedagogia\/descargas-manuales-pdf\/"},"img":{"alt_text":"","src":"https:\/\/i0.wp.com\/webdelmaestrocmf.com\/portal\/wp-content\/uploads\/2024\/05\/Banner-1-portada-imagen-10-1-70.jpg?resize=350%2C200&ssl=1","width":350,"height":200,"srcset":"https:\/\/i0.wp.com\/webdelmaestrocmf.com\/portal\/wp-content\/uploads\/2024\/05\/Banner-1-portada-imagen-10-1-70.jpg?resize=350%2C200&ssl=1 1x, https:\/\/i0.wp.com\/webdelmaestrocmf.com\/portal\/wp-content\/uploads\/2024\/05\/Banner-1-portada-imagen-10-1-70.jpg?resize=525%2C300&ssl=1 1.5x, https:\/\/i0.wp.com\/webdelmaestrocmf.com\/portal\/wp-content\/uploads\/2024\/05\/Banner-1-portada-imagen-10-1-70.jpg?resize=700%2C400&ssl=1 2x"},"classes":[]},{"id":86299,"url":"https:\/\/webdelmaestrocmf.com\/portal\/metodologias-para-promover-el-pensamiento-critico-y-el-razonamiento\/","url_meta":{"origin":67762,"position":1},"title":"Metodolog\u00edas para promover el pensamiento cr\u00edtico y el razonamiento","author":"Web del Maestro CMF","date":"29 mayo, 2023","format":false,"excerpt":"Actualmente, existen sistemas educativos en los que prevalece la formaci\u00f3n mec\u00e1nica y rutinaria enfocadas en estimular la memoria; las metodolog\u00edas pasivas aplicadas en el proceso de ense\u00f1anza, la falta de atenci\u00f3n a las habilidades de reflexi\u00f3n y an\u00e1lisis en los procesos de aprendizaje, y la escasez de oportunidades para la\u2026","rel":"","context":"En \u00abAprendizaje basado en problemas\u00bb","block_context":{"text":"Aprendizaje basado en problemas","link":"https:\/\/webdelmaestrocmf.com\/portal\/category\/pedagogia\/aprendizaje-basado-en-problemas\/"},"img":{"alt_text":"","src":"https:\/\/i0.wp.com\/webdelmaestrocmf.com\/portal\/wp-content\/uploads\/2023\/05\/Banner-1-portada-imagen-10-1-2.jpg?resize=350%2C200&ssl=1","width":350,"height":200,"srcset":"https:\/\/i0.wp.com\/webdelmaestrocmf.com\/portal\/wp-content\/uploads\/2023\/05\/Banner-1-portada-imagen-10-1-2.jpg?resize=350%2C200&ssl=1 1x, https:\/\/i0.wp.com\/webdelmaestrocmf.com\/portal\/wp-content\/uploads\/2023\/05\/Banner-1-portada-imagen-10-1-2.jpg?resize=525%2C300&ssl=1 1.5x, https:\/\/i0.wp.com\/webdelmaestrocmf.com\/portal\/wp-content\/uploads\/2023\/05\/Banner-1-portada-imagen-10-1-2.jpg?resize=700%2C400&ssl=1 2x"},"classes":[]},{"id":97976,"url":"https:\/\/webdelmaestrocmf.com\/portal\/como-crear-un-aula-de-pensamiento-critico-y-creativo\/","url_meta":{"origin":67762,"position":2},"title":"C\u00f3mo fomentar en el aula el pensamiento cr\u00edtico y creativo","author":"Web del Maestro CMF","date":"19 octubre, 2023","format":false,"excerpt":"La informaci\u00f3n digital, los ni\u00f1os y j\u00f3venes est\u00e1n expuestos constantemente a un flujo incesante de datos, provenientes de una variedad de fuentes, desde YouTube hasta Wikipedia. Ante este aluvi\u00f3n de informaci\u00f3n, es fundamental equipar a los estudiantes con las herramientas necesarias para analizar y discernir los contenidos a los que\u2026","rel":"","context":"En \u00abPensamiento critico\u00bb","block_context":{"text":"Pensamiento critico","link":"https:\/\/webdelmaestrocmf.com\/portal\/category\/pedagogia\/pensamiento-critico\/"},"img":{"alt_text":"","src":"https:\/\/i0.wp.com\/webdelmaestrocmf.com\/portal\/wp-content\/uploads\/2023\/10\/Banner-1-portada-imagen-10-1-17.jpg?resize=350%2C200&ssl=1","width":350,"height":200,"srcset":"https:\/\/i0.wp.com\/webdelmaestrocmf.com\/portal\/wp-content\/uploads\/2023\/10\/Banner-1-portada-imagen-10-1-17.jpg?resize=350%2C200&ssl=1 1x, https:\/\/i0.wp.com\/webdelmaestrocmf.com\/portal\/wp-content\/uploads\/2023\/10\/Banner-1-portada-imagen-10-1-17.jpg?resize=525%2C300&ssl=1 1.5x, https:\/\/i0.wp.com\/webdelmaestrocmf.com\/portal\/wp-content\/uploads\/2023\/10\/Banner-1-portada-imagen-10-1-17.jpg?resize=700%2C400&ssl=1 2x"},"classes":[]},{"id":107926,"url":"https:\/\/webdelmaestrocmf.com\/portal\/lo-que-se-quiere-es-que-la-ia-no-sustituya-la-capacidad-de-pensamiento-critico-de-los-estudiantes\/","url_meta":{"origin":67762,"position":3},"title":"Lo que se quiere es que la IA no sustituya la capacidad de pensamiento cr\u00edtico de los estudiantes","author":"Web del Maestro CMF","date":"10 febrero, 2025","format":false,"excerpt":"La Inteligencia Artificial ha irrumpido en la educaci\u00f3n con un impacto irreversible. Su uso en el aula puede potenciar el aprendizaje, pero tambi\u00e9n puede despojar a los estudiantes de su capacidad de pensar de manera cr\u00edtica y creativa. Como docentes, la pregunta no es si la IA debe estar presente\u2026","rel":"","context":"En \u00abIA\u00bb","block_context":{"text":"IA","link":"https:\/\/webdelmaestrocmf.com\/portal\/category\/tecnologia\/ia\/"},"img":{"alt_text":"","src":"https:\/\/i0.wp.com\/webdelmaestrocmf.com\/portal\/wp-content\/uploads\/2025\/02\/1A-Banner-1-portada-imagen-10-1-63.jpg?resize=350%2C200&ssl=1","width":350,"height":200,"srcset":"https:\/\/i0.wp.com\/webdelmaestrocmf.com\/portal\/wp-content\/uploads\/2025\/02\/1A-Banner-1-portada-imagen-10-1-63.jpg?resize=350%2C200&ssl=1 1x, https:\/\/i0.wp.com\/webdelmaestrocmf.com\/portal\/wp-content\/uploads\/2025\/02\/1A-Banner-1-portada-imagen-10-1-63.jpg?resize=525%2C300&ssl=1 1.5x, https:\/\/i0.wp.com\/webdelmaestrocmf.com\/portal\/wp-content\/uploads\/2025\/02\/1A-Banner-1-portada-imagen-10-1-63.jpg?resize=700%2C400&ssl=1 2x"},"classes":[]},{"id":89451,"url":"https:\/\/webdelmaestrocmf.com\/portal\/como-evaluar-el-pensamiento-critico-como-medir-y-evaluar-las-habilidades-de-los-estudiantes\/","url_meta":{"origin":67762,"position":4},"title":"C\u00f3mo evaluar el pensamiento cr\u00edtico","author":"Web del Maestro CMF","date":"14 noviembre, 2023","format":false,"excerpt":"El pensamiento cr\u00edtico es un proceso mental que implica analizar, evaluar y cuestionar de manera objetiva la informaci\u00f3n, los argumentos y las ideas que se presentan. Se trata de una habilidad cognitiva que permite tomar decisiones informadas, resolver problemas, formar opiniones fundamentadas y desarrollar un razonamiento l\u00f3gico. Durante el aprendizaje\u2026","rel":"","context":"En \u00abPensamiento critico\u00bb","block_context":{"text":"Pensamiento critico","link":"https:\/\/webdelmaestrocmf.com\/portal\/category\/pedagogia\/pensamiento-critico\/"},"img":{"alt_text":"","src":"https:\/\/i0.wp.com\/webdelmaestrocmf.com\/portal\/wp-content\/uploads\/2023\/04\/Banner-1-portada-imagen-10-54.jpg?resize=350%2C200&ssl=1","width":350,"height":200,"srcset":"https:\/\/i0.wp.com\/webdelmaestrocmf.com\/portal\/wp-content\/uploads\/2023\/04\/Banner-1-portada-imagen-10-54.jpg?resize=350%2C200&ssl=1 1x, https:\/\/i0.wp.com\/webdelmaestrocmf.com\/portal\/wp-content\/uploads\/2023\/04\/Banner-1-portada-imagen-10-54.jpg?resize=525%2C300&ssl=1 1.5x, https:\/\/i0.wp.com\/webdelmaestrocmf.com\/portal\/wp-content\/uploads\/2023\/04\/Banner-1-portada-imagen-10-54.jpg?resize=700%2C400&ssl=1 2x"},"classes":[]},{"id":99656,"url":"https:\/\/webdelmaestrocmf.com\/portal\/fomentando-el-pensamiento-critico-en-el-aula-con-chatgpt\/","url_meta":{"origin":67762,"position":5},"title":"Fomentando el Pensamiento Cr\u00edtico en el Aula con ChatGPT","author":"Web del Maestro CMF","date":"9 noviembre, 2023","format":false,"excerpt":"El pensamiento cr\u00edtico es fundamental en la educaci\u00f3n contempor\u00e1nea. En este art\u00edculo, exploraremos c\u00f3mo utilizar ChatGPT en el aula para promover el desarrollo de estas habilidades en los estudiantes, potenciando su capacidad para analizar, evaluar y cuestionar la informaci\u00f3n de manera reflexiva. En esta oportunidad, exploramos nueve emocionantes formas de\u2026","rel":"","context":"En \u00abChatGPT\u00bb","block_context":{"text":"ChatGPT","link":"https:\/\/webdelmaestrocmf.com\/portal\/category\/tecnologia\/chatgpt\/"},"img":{"alt_text":"Pensamiento Cr\u00edtico con ChatGPT","src":"https:\/\/i0.wp.com\/webdelmaestrocmf.com\/portal\/wp-content\/uploads\/2023\/11\/A12B3C4D-24.jpg?resize=350%2C200&ssl=1","width":350,"height":200,"srcset":"https:\/\/i0.wp.com\/webdelmaestrocmf.com\/portal\/wp-content\/uploads\/2023\/11\/A12B3C4D-24.jpg?resize=350%2C200&ssl=1 1x, https:\/\/i0.wp.com\/webdelmaestrocmf.com\/portal\/wp-content\/uploads\/2023\/11\/A12B3C4D-24.jpg?resize=525%2C300&ssl=1 1.5x, https:\/\/i0.wp.com\/webdelmaestrocmf.com\/portal\/wp-content\/uploads\/2023\/11\/A12B3C4D-24.jpg?resize=700%2C400&ssl=1 2x"},"classes":[]}],"_links":{"self":[{"href":"https:\/\/webdelmaestrocmf.com\/portal\/wp-json\/wp\/v2\/posts\/67762","targetHints":{"allow":["GET"]}}],"collection":[{"href":"https:\/\/webdelmaestrocmf.com\/portal\/wp-json\/wp\/v2\/posts"}],"about":[{"href":"https:\/\/webdelmaestrocmf.com\/portal\/wp-json\/wp\/v2\/types\/post"}],"author":[{"embeddable":true,"href":"https:\/\/webdelmaestrocmf.com\/portal\/wp-json\/wp\/v2\/users\/1"}],"replies":[{"embeddable":true,"href":"https:\/\/webdelmaestrocmf.com\/portal\/wp-json\/wp\/v2\/comments?post=67762"}],"version-history":[{"count":11,"href":"https:\/\/webdelmaestrocmf.com\/portal\/wp-json\/wp\/v2\/posts\/67762\/revisions"}],"predecessor-version":[{"id":117942,"href":"https:\/\/webdelmaestrocmf.com\/portal\/wp-json\/wp\/v2\/posts\/67762\/revisions\/117942"}],"wp:featuredmedia":[{"embeddable":true,"href":"https:\/\/webdelmaestrocmf.com\/portal\/wp-json\/wp\/v2\/media\/113151"}],"wp:attachment":[{"href":"https:\/\/webdelmaestrocmf.com\/portal\/wp-json\/wp\/v2\/media?parent=67762"}],"wp:term":[{"taxonomy":"category","embeddable":true,"href":"https:\/\/webdelmaestrocmf.com\/portal\/wp-json\/wp\/v2\/categories?post=67762"},{"taxonomy":"post_tag","embeddable":true,"href":"https:\/\/webdelmaestrocmf.com\/portal\/wp-json\/wp\/v2\/tags?post=67762"}],"curies":[{"name":"wp","href":"https:\/\/api.w.org\/{rel}","templated":true}]}}