{"id":67707,"date":"2021-09-09T16:19:08","date_gmt":"2021-09-09T19:19:08","guid":{"rendered":"https:\/\/webdelmaestrocmf.com\/portal\/?p=67707"},"modified":"2021-09-09T16:35:34","modified_gmt":"2021-09-09T19:35:34","slug":"matilde-alvino-eva-una-oportunidad-para-innovar","status":"publish","type":"post","link":"https:\/\/webdelmaestrocmf.com\/portal\/matilde-alvino-eva-una-oportunidad-para-innovar\/","title":{"rendered":"[Matilde Alvino] EVA, una oportunidad para innovar"},"content":{"rendered":"<h5 style=\"text-align: justify;\">El desarrollo acelerado de la tecnolog\u00eda ha irrumpido en la educaci\u00f3n para innovarla, desarrollarla y complementarla.<\/h5>\n<p><!--more--><\/p>\n<h5 style=\"text-align: justify;\">La incursi\u00f3n de las TIC (Tecnolog\u00edas de la Informaci\u00f3n y Comunicaci\u00f3n) junto a los sistemas de gesti\u00f3n de aprendizaje LMS (Learning Management Systems), ha variado el escenario de la ense\u00f1anza-aprendizaje del modelo socio-constructivista, traslad\u00e1ndola a otros espacios informales de formaci\u00f3n: de la escuela o centro educativo formal a la casa o a cualquier lugar que haga posible un aprendizaje.<\/h5>\n<p style=\"text-align: justify;\">\u00c9ste cambio de escenario, demanda al docente mucha creatividad, pero sobre todo una capacitaci\u00f3n constante, al ritmo de los \u00faltimos avances tecnol\u00f3gicos, que le permitan crear entornos virtuales innovadores, que aseguren un aprendizaje significativo en sus estudiantes.<\/p>\n<p style=\"text-align: justify;\">Entonces, las preguntas se asoman: \u00bfqu\u00e9 son los <em>entornos virtuales de aprendizaje<\/em> (<strong>EVA<\/strong>) y en qu\u00e9 consisten? Y si preguntamos \u00bfqui\u00e9n es EVA? . Podr\u00edamos decir, que del mismo modo que \u201cEva fue la primera mujer en la creaci\u00f3n del mundo\u201d, hoy aparece EVA primero, en la creaci\u00f3n del mundo virtual de la educaci\u00f3n, trabajando a favor de la construcci\u00f3n social del conocimiento.<\/p>\n<p style=\"text-align: justify;\">De ah\u00ed el t\u00edtulo de este ensayo: <strong>\u201cEva, una oportunidad para innovar\u201d<\/strong>, porque como veremos en adelante, nos ofrecer\u00e1 la posibilidad de innovar en nuestras clases haci\u00e9ndolas m\u00e1s atractivas para nuestros estudiantes.<\/p>\n<p style=\"text-align: justify;\">EVA, significa Entorno Virtual de Aprendizaje que nace como complemento id\u00f3neo de la ense\u00f1anza presencial y de las clases on line.<\/p>\n<p style=\"text-align: justify;\">El Entorno Virtual de Aprendizaje, es un espacio educativo ubicado en una plataforma Web, que permite a los estudiantes buscar informaci\u00f3n, participar en foros, leer, conversar y desarrollar tareas de clase, sin que medie la interacci\u00f3n f\u00edsica con el docente.<\/p>\n<p style=\"text-align: justify;\">Si tenemos en cuenta que, nuestros alumnos pertenecen a las generaciones de los llamados \u201cnativos digitales\u201d, tendr\u00edamos que cuestionarnos \u00bfc\u00f3mo podemos ense\u00f1arles en el espacio que ellos dominan y en el que nosotros s\u00f3lo somos inmigrantes?<\/p>\n<p style=\"text-align: justify;\">La clave de la respuesta est\u00e1 en las nuevas metodolog\u00edas de ense\u00f1anza, que tomando en cuenta los estilos de aprendizajes de nuestros alumnos, puedan plantear entornos personalizados de aprendizaje para que les sea significativo. La identificaci\u00f3n de los rasgos particulares de los individuos en un proceso de ense\u00f1anza-aprendizaje (Brusilovky &amp; Millan, 2007) conllevar\u00e1 a la generaci\u00f3n de estrategias educativas adaptadas (Mej\u00eda, 2013).<\/p>\n<p style=\"text-align: justify;\">Una ense\u00f1anza virtual, requiere otro tipo de t\u00e9cnicas y herramientas diferentes a la de la educaci\u00f3n presencial y exige al docente reinventarse continuamente, para saber adaptar las herramientas que ofrece la tecnolog\u00eda y crear nuevas t\u00e1cticas de ense\u00f1anza que desarrollen competencias en el alumno y le brinden una formaci\u00f3n de calidad.<\/p>\n<p style=\"text-align: justify;\">Un EVA, trata de aprovechar, en beneficio de la educaci\u00f3n, el espacio que la inform\u00e1tica y las telecomunicaciones hacen posible, (Duart y Sangr\u00e1, 2000). Pues ofrece el soporte tecnol\u00f3gico\u00a0 para la planificaci\u00f3n, implementaci\u00f3n, desarrollo y evaluaci\u00f3n del proceso de ense\u00f1anza-aprendizaje.<\/p>\n<p style=\"text-align: justify;\">Los entornos de aprendizaje tambi\u00e9n, se constituyen en espacios de socializaci\u00f3n,\u00a0 porque permiten las interacciones con otras personas, alumnos, docentes, especialistas; incluyen la comunicaci\u00f3n sincr\u00f3nica y asincr\u00f3nica y la posibilidad de compartir espacios grupales. Las interacciones sociales son necesarias para reducir la sensaci\u00f3n de aislamiento y aumentar la colaboraci\u00f3n entre los participantes del curso (Contreras, Favela, P\u00e9rez, 2004). Es sabido que, se aprende en interacci\u00f3n con otros y el \u00e9xito del grupo, se constituye en el logro personal de cada miembro; adem\u00e1s, muchas veces los miembros menos sociables o con menos habilidades, se sienten apoyados y refuerzan su aprendizaje con el resto del grupo. Es necesario entonces, una fuerte presencia social que permita al estudiante sentirse identificado y comprometido con el grupo (Wallace 2001; Garrison y Anderson, 2005). As\u00ed, un entorno social adecuado aumenta la motivaci\u00f3n, activa la participaci\u00f3n y permite construir comunidades de aprendizaje. Consecuentemente, el conocimiento es m\u00e1s din\u00e1mico y cambiante.<\/p>\n<p style=\"text-align: justify;\">En estos espacios, el rol del docente se fortalece, adem\u00e1s de ser el gran facilitador, se convierte en un gran dise\u00f1ador de experiencias formativas virtuales\u00a0 y el animador de la interacci\u00f3n social.<\/p>\n<p style=\"text-align: justify;\">Implementar un EVA, no necesariamente resuelve la innovaci\u00f3n y el cambio en la educaci\u00f3n de manera efectiva, la transformaci\u00f3n debe ser m\u00e1s profunda tanto como considerar en renovar los modelos pedag\u00f3gicos. Y esa transformaci\u00f3n requerir\u00e1 :<\/p>\n<ol>\n<li>Implementar planes con metodolog\u00edas asociadas a la construcci\u00f3n social del conocimiento.<\/li>\n<li>Desarrollar competencias del docente en el uso tecnol\u00f3gico de los espacios, as\u00ed como su funci\u00f3n de dise\u00f1ador de experiencias formativas virtuales y animador social.<\/li>\n<li>Contar con el apoyo institucional para que provea los recursos tecnol\u00f3gicos y humanos que le permitan trabajar al docente.<\/li>\n<li>Contar con un equipo de profesionales t\u00e9cnicos, gr\u00e1ficos y pedag\u00f3gicos, que apoyen al docente en el dise\u00f1o, implementaci\u00f3n y administraci\u00f3n del EVA.<\/li>\n<li>Crear comunidades de pr\u00e1ctica que le permitan al docente compartir la experiencia.<\/li>\n<li>Utilizar metodolog\u00edas en las que los participantes asuman roles activos dentro del proceso de ense\u00f1anza-aprendizaje.<\/li>\n<\/ol>\n<p style=\"text-align: justify;\">As\u00ed, los EVA se convierten en espacios que dan vida a diferentes expresiones, interacciones sociales y pedag\u00f3gicas, as\u00ed como espacios de trabajo docente y de los participantes (Silva, 2009).<\/p>\n<p style=\"text-align: justify;\">Los EVA, brindan escenarios donde coexisten nativos con inmigrantes digitales en pro de la construcci\u00f3n social del conocimiento.<\/p>\n<p style=\"text-align: justify;\">En este punto, los estudiantes y los docentes se hacen socios. El docente promoviendo el compromiso del estudiante con su aprendizaje\u00a0 y el alumno esforz\u00e1ndose por interiorizar el contenido que pueda aplicar luego en su vida diaria. As\u00ed, ambos trabajan por un aprendizaje significativo y aut\u00f3nomo.<\/p>\n<p style=\"text-align: justify;\">Entonces, todos los elementos que interact\u00faan en el entorno virtual: docentes, estudiantes, el estudio materia del curso y el contexto de aprendizaje, se constituyen en las llamadas Estrategias de Aprendizaje y Estrategias de Ense\u00f1anza. Las primeras que, tienen que ver con todos los procedimientos que el alumno emplea para aprender significativamente y de manera aut\u00f3noma y las segundas, ofrecidas por el docente para facilitar un procesamiento profundo de la informaci\u00f3n o contenido nuevo.<\/p>\n<p style=\"text-align: justify;\">Los blogs, las comunidades o foros, el chat, el correo electr\u00f3nico, el M-Learning, el E- Training; son 6 de las estrategias m\u00e1s exitosas que existen , pero son much\u00edsimas: la recuperaci\u00f3n de informaci\u00f3n, el trabajo con material multimedia, las pr\u00e1cticas, las actividades de creaci\u00f3n de ensayos, los organizadores gr\u00e1ficos, la lluvia de ideas, las s\u00edntesis, la resoluci\u00f3n de desaf\u00edos y problemas del mundo real, la elaboraci\u00f3n de proyectos, las preguntas al grupo, las mesas redondas, las puestas en com\u00fan, las entrevistas, la tutor\u00eda, la valoraci\u00f3n de decisiones, la elaboraci\u00f3n de hip\u00f3tesis, las controversias estructuradas, el estudio de casos, los afiches, los mapas mentales, los juegos y roles, los trabajos de investigaci\u00f3n con retroalimentaci\u00f3n; todas son estrategias que abonan en una ense\u00f1anza virtual efectiva, de calidad, que promueve el trabajo colaborativo y el aprendizaje aut\u00f3nomo y significativo, verdadero logro de la ense\u00f1anza-aprendizaje actual.\u00a0 Pero todas estas estrategias no son efectivas por s\u00ed mismas, s\u00f3lo son posibles de generar un aprendizaje y ense\u00f1anza de calidad con un eficiente mediador, una audiencia \u00e1vida por aprender y una plataforma web s\u00f3lida.<\/p>\n<p style=\"text-align: justify;\">Las evaluaciones en un entorno virtual tambi\u00e9n son de mucha importancia , los instrumentos que se usen para evaluar deber\u00e1n ser seleccionados con el mayor cuidado, ya que dar\u00e1n raz\u00f3n del progreso de aprendizaje de nuestros alumnos y no debe darse ninguna oportunidad al error. Lo imperativo entonces, es tener en cuenta que el prop\u00f3sito de la evaluaci\u00f3n es favorecer el aprendizaje, estimular la mejora continua, desarrollar habilidades de reflexi\u00f3n y potenciar el talento de nuestros alumnos. As\u00ed mismo, la retroalimentaci\u00f3n permanente cumple un papel fundamental en la motivaci\u00f3n intr\u00ednseca del alumno y en el empoderamiento de conocimiento en un ambiente vivo de aprendizaje (IACC, 2020).<\/p>\n<p style=\"text-align: justify;\">Innovar en las t\u00e9cnicas de aprendizaje es la clave (Senge, 2020).<\/p>\n<h5 style=\"text-align: justify;\">Conclusiones<\/h5>\n<ol style=\"text-align: justify;\">\n<li>Los <strong>EVA <\/strong>se han convertido en el mayor desaf\u00edo que el docente del siglo XXI debe enfrentar. Porque le exige ense\u00f1ar en ambientes que son dominados por los estudiantes y d\u00f3nde \u00e9l es s\u00f3lo un inmigrante.<\/li>\n<li>La implementaci\u00f3n de un <strong>EVA<\/strong> en la ense\u00f1anza-aprendizaje actual, supone un espacio favorable para la consolidaci\u00f3n del aprendizaje centrado en el estudiante, el intercambio de roles de docentes y estudiantes, el uso potencial de las TIC y la construcci\u00f3n de comunidades del conocimiento.<\/li>\n<li>Los <strong>EVA <\/strong>ofrecen a los docentes la oportunidad de innovar en sus aulas presenciales y virtuales y fuera de ellas, como aporte trascendental en las bases de una transformaci\u00f3n profunda del sistema educativo actual.<\/li>\n<\/ol>\n<p style=\"text-align: justify;\"><em>\u201cEva fue la primera mujer en la creaci\u00f3n del mundo, hoy aparece EVA primero, \u00a0\u00a0 en la creaci\u00f3n del mundo virtual de la educaci\u00f3n, trabajando a favor de la construcci\u00f3n social del conocimiento\u201d.<\/em><\/p>\n<p style=\"text-align: justify;\"><strong>NOTA DE REDACCI\u00d3N: <\/strong>La Web del Maestro CMF publica los textos originales de su autor, no necesariamente coincide con lo expuesto en el tema, no se hace responsable de las opiniones expresadas, y no promociona ning\u00fan producto, servicio, marca o empresa.<\/p>\n<table class=\" alignleft\" border=\"0\" width=\"100%\" cellspacing=\"10\" cellpadding=\"10\">\n<tbody>\n<tr>\n<td style=\"text-align: center;\" width=\"30%\"><strong><img loading=\"lazy\" decoding=\"async\" class=\"size-full wp-image-58973 aligncenter\" src=\"https:\/\/webdelmaestrocmf.com\/portal\/wp-content\/uploads\/2021\/02\/2-copia-2.jpg\" alt=\"\" width=\"200\" height=\"200\" srcset=\"https:\/\/webdelmaestrocmf.com\/portal\/wp-content\/uploads\/2021\/02\/2-copia-2.jpg 200w, https:\/\/webdelmaestrocmf.com\/portal\/wp-content\/uploads\/2021\/02\/2-copia-2-150x150.jpg 150w, https:\/\/webdelmaestrocmf.com\/portal\/wp-content\/uploads\/2021\/02\/2-copia-2-80x80.jpg 80w, https:\/\/webdelmaestrocmf.com\/portal\/wp-content\/uploads\/2021\/02\/2-copia-2-110x110.jpg 110w, https:\/\/webdelmaestrocmf.com\/portal\/wp-content\/uploads\/2021\/02\/2-copia-2-160x160.jpg 160w\" sizes=\"auto, (max-width: 200px) 100vw, 200px\" \/><br \/>\nAutor:<\/strong>\u00a0Matilde Alvino, ciudadana peruana, nacida en Lima Per\u00fa.<br \/>\n<strong>Experiencia Laboral:<\/strong> Soy Comunicadora Social de la Universidad de Lima con especialidad en Comunicaci\u00f3n Organizacional , Producci\u00f3n de TV y Periodismo Televisivo y Radial; con Pos grado en Direcci\u00f3n de TV en la Pontificia Universidad Cat\u00f3lica del Per\u00fa, con 27 a\u00f1os de experiencia en el medio televisivo, actualmente soy Directora General del programa educativo La Pre Aprendo en Casa del Ministerio de Educaci\u00f3n que se pasa por televisi\u00f3n nacional. Con 5 a\u00f1os de experiencia en Educaci\u00f3n Superior en los cursos de Periodismo Televisivo para la facultad de Ciencia de la Comunicaci\u00f3n de la Universidad Tecnol\u00f3gica del Per\u00fa (UTP) y directora del canal universitario de TV, capacitadora en programas para gente que trabaja en televisi\u00f3n, Asesora Externa del \u00e1rea de Comunicaciones de Desarrollo Urbano de Lima, Gerente General de Markcom Per\u00fa emprendimiento propio.<br \/>\nActualmente cursando la maestr\u00eda en Docencia Universitaria y Gesti\u00f3n Educativa en la UTP.<br \/>\n<strong>E-mail:<\/strong> <a href=\"mailto:matildealvino@gmail.com\">matildealvino@gmail.com<\/a><br \/>\n<strong>Twitter:<\/strong> <a href=\"https:\/\/twitter.com\/Matialvino\" target=\"_blank\" rel=\"noopener\">@matialvino<\/a><\/td>\n<\/tr>\n<\/tbody>\n<\/table>\n<p style=\"text-align: justify;\">.<\/p>\n\t\t<div class=\"pk-inline-posts\">\n\t\t\t\n\t\t\t<div class=\"pk-inline-posts-container pk-inline-posts-template-list\"\n\t\t\t\tdata-columns=\"1\">\n\t\t\t\t\t\t<article id=\"post-64733\" class=\"post-64733 post type-post status-publish format-standard has-post-thumbnail category-colaborador category-z-colaboradores-matilde-alvino tag-aplicable tag-bolonia tag-latinoamericana tag-matilde-alvino tag-medida tag-nacional tag-plan tag-realidad cs-entry cs-video-wrap\">\n\t\t\t<div class=\"pk-post-outer\">\n\n\t\t\t\t\t\t\t\t<div class=\"pk-post-inner\">\n\t\t\t\t\t<div class=\"entry-thumbnail\">\n\t\t\t\t\t\t<div class=\"pk-overlay pk-overlay-ratio pk-ratio-landscape\">\n\t\t\t\t\t\t\t<div class=\"pk-overlay-background\">\n\t\t\t\t\t\t\t\t<a href=\"https:\/\/webdelmaestrocmf.com\/portal\/matilde-alvino-en-que-medida-es-aplicable-el-plan-bolonia-a-la-realidad-nacional-y-o-latinoamericana\/\" class=\"pk-overlay-link\">\n\t\t\t\t\t\t\t\t\t<img loading=\"lazy\" decoding=\"async\" width=\"300\" height=\"225\" src=\"https:\/\/webdelmaestrocmf.com\/portal\/wp-content\/uploads\/2021\/07\/1-7-300x225.jpg\" class=\"attachment-pk-thumbnail size-pk-thumbnail wp-post-image\" alt=\"\" srcset=\"https:\/\/webdelmaestrocmf.com\/portal\/wp-content\/uploads\/2021\/07\/1-7-300x225.jpg 300w, https:\/\/webdelmaestrocmf.com\/portal\/wp-content\/uploads\/2021\/07\/1-7-600x450.jpg 600w\" sizes=\"auto, (max-width: 300px) 100vw, 300px\" \/>\t\t\t\t\t\t\t\t<\/a>\n\t\t\t\t\t\t\t<\/div>\n\t\t\t\t\t\t<\/div>\n\t\t\t\t\t<\/div>\n\t\t\t\t<\/div>\n\t\t\t\t\n\t\t\t\t<div class=\"pk-post-inner\">\n\t\t\t\t\t<header>\n\t\t\t\t\t\t<h3 class=\"pk-title\"><a href=\"https:\/\/webdelmaestrocmf.com\/portal\/matilde-alvino-en-que-medida-es-aplicable-el-plan-bolonia-a-la-realidad-nacional-y-o-latinoamericana\/\" rel=\"bookmark\">[Matilde Alvino] \u00bfEn qu\u00e9 medida es aplicable el Plan Bolonia a la realidad peruana y\/o latinoamericana?<\/a><\/h3>\t\t\t\t\t<\/header><!-- .entry-header -->\n\t\t\t\t<\/div><!-- .post-inner -->\n\n\t\t\t<\/div><!-- .post-outer -->\n\t\t<\/article>\n\t\t\t\t<\/div>\n\t\t<\/div>\n\t\t\n","protected":false},"excerpt":{"rendered":"El desarrollo acelerado de la tecnolog\u00eda ha irrumpido en la educaci\u00f3n para innovarla, desarrollarla y complementarla.","protected":false},"author":1,"featured_media":67709,"comment_status":"open","ping_status":"closed","sticky":false,"template":"","format":"standard","meta":{"csco_display_header_overlay":false,"csco_singular_sidebar":"default","csco_page_header_type":"default","csco_page_load_nextpost":"default","csco_post_video_location":[],"csco_post_video_location_hash":"","csco_post_video_url":"","csco_post_video_bg_start_time":0,"csco_post_video_bg_end_time":0,"csco_post_video_bg_volume":false,"_jetpack_memberships_contains_paid_content":false,"footnotes":""},"categories":[1790,6536],"tags":[6521,2118,6520,2141],"class_list":{"0":"post-67707","1":"post","2":"type-post","3":"status-publish","4":"format-standard","5":"has-post-thumbnail","7":"category-colaborador","8":"category-z-colaboradores-matilde-alvino","9":"tag-eva","10":"tag-innovar","11":"tag-matilde-alvino","12":"tag-oportunidad","13":"cs-entry","14":"cs-video-wrap"},"yoast_head":"<!-- This site is optimized with the Yoast SEO plugin v27.5 - https:\/\/yoast.com\/product\/yoast-seo-wordpress\/ -->\n<title>[Matilde Alvino] EVA, una oportunidad para innovar - 2026<\/title>\n<meta name=\"description\" content=\"El desarrollo acelerado de la tecnolog\u00eda ha irrumpido en la educaci\u00f3n para innovarla, desarrollarla y complementarla.\" \/>\n<meta name=\"robots\" content=\"index, follow, max-snippet:-1, max-image-preview:large, max-video-preview:-1\" \/>\n<link rel=\"canonical\" href=\"https:\/\/webdelmaestrocmf.com\/portal\/matilde-alvino-eva-una-oportunidad-para-innovar\/\" \/>\n<meta property=\"og:locale\" content=\"es_ES\" \/>\n<meta property=\"og:type\" content=\"article\" \/>\n<meta property=\"og:title\" content=\"[Matilde Alvino] EVA, una oportunidad para innovar - 2026\" \/>\n<meta property=\"og:description\" content=\"El desarrollo acelerado de la tecnolog\u00eda ha irrumpido en la educaci\u00f3n para innovarla, desarrollarla y complementarla.\" \/>\n<meta property=\"og:url\" content=\"https:\/\/webdelmaestrocmf.com\/portal\/matilde-alvino-eva-una-oportunidad-para-innovar\/\" \/>\n<meta property=\"og:site_name\" content=\"Web del Maestro CMF\" \/>\n<meta property=\"article:publisher\" content=\"https:\/\/www.facebook.com\/WebdelMaestroCMF\/\" \/>\n<meta property=\"article:author\" content=\"https:\/\/www.facebook.com\/WebdelMaestroCMF\/\" \/>\n<meta property=\"article:published_time\" content=\"2021-09-09T19:19:08+00:00\" \/>\n<meta property=\"article:modified_time\" content=\"2021-09-09T19:35:34+00:00\" \/>\n<meta property=\"og:image\" content=\"https:\/\/i0.wp.com\/webdelmaestrocmf.com\/portal\/wp-content\/uploads\/2021\/09\/1-54.jpg?fit=1100%2C680&ssl=1\" \/>\n\t<meta property=\"og:image:width\" content=\"1100\" \/>\n\t<meta property=\"og:image:height\" content=\"680\" \/>\n\t<meta property=\"og:image:type\" content=\"image\/jpeg\" \/>\n<meta name=\"author\" content=\"Web del Maestro CMF\" \/>\n<meta name=\"twitter:card\" content=\"summary_large_image\" \/>\n<meta name=\"twitter:creator\" content=\"@cmf_w\" \/>\n<meta name=\"twitter:site\" content=\"@cmf_w\" \/>\n<script type=\"application\/ld+json\" class=\"yoast-schema-graph\">{\"@context\":\"https:\\\/\\\/schema.org\",\"@graph\":[{\"@type\":\"ScholarlyArticle\",\"@id\":\"https:\\\/\\\/webdelmaestrocmf.com\\\/portal\\\/matilde-alvino-eva-una-oportunidad-para-innovar\\\/#article\",\"isPartOf\":{\"@id\":\"https:\\\/\\\/webdelmaestrocmf.com\\\/portal\\\/matilde-alvino-eva-una-oportunidad-para-innovar\\\/\"},\"author\":{\"name\":\"Web del Maestro CMF\",\"@id\":\"https:\\\/\\\/webdelmaestrocmf.com\\\/portal\\\/#\\\/schema\\\/person\\\/1072a2ed7bd960df8ef99a551fa35dc5\"},\"headline\":\"[Matilde Alvino] EVA, una oportunidad para innovar\",\"datePublished\":\"2021-09-09T19:19:08+00:00\",\"dateModified\":\"2021-09-09T19:35:34+00:00\",\"mainEntityOfPage\":{\"@id\":\"https:\\\/\\\/webdelmaestrocmf.com\\\/portal\\\/matilde-alvino-eva-una-oportunidad-para-innovar\\\/\"},\"wordCount\":1741,\"commentCount\":0,\"publisher\":{\"@id\":\"https:\\\/\\\/webdelmaestrocmf.com\\\/portal\\\/#organization\"},\"image\":{\"@id\":\"https:\\\/\\\/webdelmaestrocmf.com\\\/portal\\\/matilde-alvino-eva-una-oportunidad-para-innovar\\\/#primaryimage\"},\"thumbnailUrl\":\"https:\\\/\\\/webdelmaestrocmf.com\\\/portal\\\/wp-content\\\/uploads\\\/2021\\\/09\\\/1-54.jpg\",\"keywords\":[\"EVA\",\"INNOVAR\",\"Matilde Alvino\",\"OPORTUNIDAD\"],\"articleSection\":[\"Z-Colaboradores\",\"Z-Colaboradores-Matilde-Alvino\"],\"inLanguage\":\"es\",\"potentialAction\":[{\"@type\":\"CommentAction\",\"name\":\"Comment\",\"target\":[\"https:\\\/\\\/webdelmaestrocmf.com\\\/portal\\\/matilde-alvino-eva-una-oportunidad-para-innovar\\\/#respond\"]}]},{\"@type\":\"WebPage\",\"@id\":\"https:\\\/\\\/webdelmaestrocmf.com\\\/portal\\\/matilde-alvino-eva-una-oportunidad-para-innovar\\\/\",\"url\":\"https:\\\/\\\/webdelmaestrocmf.com\\\/portal\\\/matilde-alvino-eva-una-oportunidad-para-innovar\\\/\",\"name\":\"[Matilde Alvino] EVA, una oportunidad para innovar - 2026\",\"isPartOf\":{\"@id\":\"https:\\\/\\\/webdelmaestrocmf.com\\\/portal\\\/#website\"},\"primaryImageOfPage\":{\"@id\":\"https:\\\/\\\/webdelmaestrocmf.com\\\/portal\\\/matilde-alvino-eva-una-oportunidad-para-innovar\\\/#primaryimage\"},\"image\":{\"@id\":\"https:\\\/\\\/webdelmaestrocmf.com\\\/portal\\\/matilde-alvino-eva-una-oportunidad-para-innovar\\\/#primaryimage\"},\"thumbnailUrl\":\"https:\\\/\\\/webdelmaestrocmf.com\\\/portal\\\/wp-content\\\/uploads\\\/2021\\\/09\\\/1-54.jpg\",\"datePublished\":\"2021-09-09T19:19:08+00:00\",\"dateModified\":\"2021-09-09T19:35:34+00:00\",\"description\":\"El desarrollo acelerado de la tecnolog\u00eda ha irrumpido en la educaci\u00f3n para innovarla, desarrollarla y complementarla.\",\"breadcrumb\":{\"@id\":\"https:\\\/\\\/webdelmaestrocmf.com\\\/portal\\\/matilde-alvino-eva-una-oportunidad-para-innovar\\\/#breadcrumb\"},\"inLanguage\":\"es\",\"potentialAction\":[{\"@type\":\"ReadAction\",\"target\":[\"https:\\\/\\\/webdelmaestrocmf.com\\\/portal\\\/matilde-alvino-eva-una-oportunidad-para-innovar\\\/\"]}]},{\"@type\":\"ImageObject\",\"inLanguage\":\"es\",\"@id\":\"https:\\\/\\\/webdelmaestrocmf.com\\\/portal\\\/matilde-alvino-eva-una-oportunidad-para-innovar\\\/#primaryimage\",\"url\":\"https:\\\/\\\/webdelmaestrocmf.com\\\/portal\\\/wp-content\\\/uploads\\\/2021\\\/09\\\/1-54.jpg\",\"contentUrl\":\"https:\\\/\\\/webdelmaestrocmf.com\\\/portal\\\/wp-content\\\/uploads\\\/2021\\\/09\\\/1-54.jpg\",\"width\":1100,\"height\":680},{\"@type\":\"BreadcrumbList\",\"@id\":\"https:\\\/\\\/webdelmaestrocmf.com\\\/portal\\\/matilde-alvino-eva-una-oportunidad-para-innovar\\\/#breadcrumb\",\"itemListElement\":[{\"@type\":\"ListItem\",\"position\":1,\"name\":\"Portada\",\"item\":\"https:\\\/\\\/webdelmaestrocmf.com\\\/portal\\\/\"},{\"@type\":\"ListItem\",\"position\":2,\"name\":\"Z-Colaboradores\",\"item\":\"https:\\\/\\\/webdelmaestrocmf.com\\\/portal\\\/category\\\/colaborador\\\/\"},{\"@type\":\"ListItem\",\"position\":3,\"name\":\"[Matilde Alvino] EVA, una oportunidad para innovar\"}]},{\"@type\":\"WebSite\",\"@id\":\"https:\\\/\\\/webdelmaestrocmf.com\\\/portal\\\/#website\",\"url\":\"https:\\\/\\\/webdelmaestrocmf.com\\\/portal\\\/\",\"name\":\"Web del Maestro CMF\",\"description\":\"Maestros al servicio de la educaci\u00f3n\",\"publisher\":{\"@id\":\"https:\\\/\\\/webdelmaestrocmf.com\\\/portal\\\/#organization\"},\"alternateName\":\"WMCMF\",\"potentialAction\":[{\"@type\":\"SearchAction\",\"target\":{\"@type\":\"EntryPoint\",\"urlTemplate\":\"https:\\\/\\\/webdelmaestrocmf.com\\\/portal\\\/?s={search_term_string}\"},\"query-input\":{\"@type\":\"PropertyValueSpecification\",\"valueRequired\":true,\"valueName\":\"search_term_string\"}}],\"inLanguage\":\"es\"},{\"@type\":\"Organization\",\"@id\":\"https:\\\/\\\/webdelmaestrocmf.com\\\/portal\\\/#organization\",\"name\":\"Web del Maestro CMF\",\"alternateName\":\"WMCMF\",\"url\":\"https:\\\/\\\/webdelmaestrocmf.com\\\/portal\\\/\",\"logo\":{\"@type\":\"ImageObject\",\"inLanguage\":\"es\",\"@id\":\"https:\\\/\\\/webdelmaestrocmf.com\\\/portal\\\/#\\\/schema\\\/logo\\\/image\\\/\",\"url\":\"https:\\\/\\\/webdelmaestrocmf.com\\\/portal\\\/wp-content\\\/uploads\\\/2023\\\/01\\\/logo-wmcmf-2.png\",\"contentUrl\":\"https:\\\/\\\/webdelmaestrocmf.com\\\/portal\\\/wp-content\\\/uploads\\\/2023\\\/01\\\/logo-wmcmf-2.png\",\"width\":200,\"height\":60,\"caption\":\"Web del Maestro CMF\"},\"image\":{\"@id\":\"https:\\\/\\\/webdelmaestrocmf.com\\\/portal\\\/#\\\/schema\\\/logo\\\/image\\\/\"},\"sameAs\":[\"https:\\\/\\\/www.facebook.com\\\/WebdelMaestroCMF\\\/\",\"https:\\\/\\\/x.com\\\/cmf_w\",\"https:\\\/\\\/www.pinterest.com\\\/WMCMF\\\/\",\"https:\\\/\\\/www.linkedin.com\\\/company\\\/web-del-maestro-cmf\\\/\",\"https:\\\/\\\/www.instagram.com\\\/wmcmf\\\/\",\"https:\\\/\\\/www.youtube.com\\\/channel\\\/UCDPSvjbdodE5sHnC3OxutHw\",\"https:\\\/\\\/mastodon.social\\\/@wmcmf\",\"https:\\\/\\\/www.tiktok.com\\\/@webdelmaestrocmf\"]},{\"@type\":\"Person\",\"@id\":\"https:\\\/\\\/webdelmaestrocmf.com\\\/portal\\\/#\\\/schema\\\/person\\\/1072a2ed7bd960df8ef99a551fa35dc5\",\"name\":\"Web del Maestro CMF\",\"image\":{\"@type\":\"ImageObject\",\"inLanguage\":\"es\",\"@id\":\"https:\\\/\\\/secure.gravatar.com\\\/avatar\\\/23291dd5b5ae1077dcff3dbb04c3e02bd28403fa75af6d8787d5e97c5bbbe30b?s=96&d=mm&r=g\",\"url\":\"https:\\\/\\\/secure.gravatar.com\\\/avatar\\\/23291dd5b5ae1077dcff3dbb04c3e02bd28403fa75af6d8787d5e97c5bbbe30b?s=96&d=mm&r=g\",\"contentUrl\":\"https:\\\/\\\/secure.gravatar.com\\\/avatar\\\/23291dd5b5ae1077dcff3dbb04c3e02bd28403fa75af6d8787d5e97c5bbbe30b?s=96&d=mm&r=g\",\"caption\":\"Web del Maestro CMF\"},\"description\":\"Esta Web se cre\u00f3 sin fines de lucro, con fines educativos, cient\u00edficos y acad\u00e9micos, para personas que tengan dificultades y\\\/o inconvenientes en visualizar el material original. El objetivo es entregar recursos, compartir experiencias y materiales que ayuden a los padres de familia, maestros y estudiantes en su actualizaci\u00f3n y formaci\u00f3n permanente, en bien de la Educaci\u00f3n.\",\"sameAs\":[\"http:\\\/\\\/webdelmaestrocmf.com\\\/portal\",\"https:\\\/\\\/www.facebook.com\\\/WebdelMaestroCMF\\\/\",\"https:\\\/\\\/www.instagram.com\\\/wmcmf\\\/\",\"https:\\\/\\\/cl.linkedin.com\\\/company\\\/web-del-maestro-cmf\",\"https:\\\/\\\/www.pinterest.com\\\/WMCMF\\\/publicaciones\\\/\",\"https:\\\/\\\/x.com\\\/cmf_w\",\"https:\\\/\\\/www.youtube.com\\\/@WMCMF\"]}]}<\/script>\n<!-- \/ Yoast SEO plugin. -->","yoast_head_json":{"title":"[Matilde Alvino] EVA, una oportunidad para innovar - 2026","description":"El desarrollo acelerado de la tecnolog\u00eda ha irrumpido en la educaci\u00f3n para innovarla, desarrollarla y complementarla.","robots":{"index":"index","follow":"follow","max-snippet":"max-snippet:-1","max-image-preview":"max-image-preview:large","max-video-preview":"max-video-preview:-1"},"canonical":"https:\/\/webdelmaestrocmf.com\/portal\/matilde-alvino-eva-una-oportunidad-para-innovar\/","og_locale":"es_ES","og_type":"article","og_title":"[Matilde Alvino] EVA, una oportunidad para innovar - 2026","og_description":"El desarrollo acelerado de la tecnolog\u00eda ha irrumpido en la educaci\u00f3n para innovarla, desarrollarla y complementarla.","og_url":"https:\/\/webdelmaestrocmf.com\/portal\/matilde-alvino-eva-una-oportunidad-para-innovar\/","og_site_name":"Web del Maestro CMF","article_publisher":"https:\/\/www.facebook.com\/WebdelMaestroCMF\/","article_author":"https:\/\/www.facebook.com\/WebdelMaestroCMF\/","article_published_time":"2021-09-09T19:19:08+00:00","article_modified_time":"2021-09-09T19:35:34+00:00","og_image":[{"width":1100,"height":680,"url":"https:\/\/i0.wp.com\/webdelmaestrocmf.com\/portal\/wp-content\/uploads\/2021\/09\/1-54.jpg?fit=1100%2C680&ssl=1","type":"image\/jpeg"}],"author":"Web del Maestro CMF","twitter_card":"summary_large_image","twitter_creator":"@cmf_w","twitter_site":"@cmf_w","schema":{"@context":"https:\/\/schema.org","@graph":[{"@type":"ScholarlyArticle","@id":"https:\/\/webdelmaestrocmf.com\/portal\/matilde-alvino-eva-una-oportunidad-para-innovar\/#article","isPartOf":{"@id":"https:\/\/webdelmaestrocmf.com\/portal\/matilde-alvino-eva-una-oportunidad-para-innovar\/"},"author":{"name":"Web del Maestro CMF","@id":"https:\/\/webdelmaestrocmf.com\/portal\/#\/schema\/person\/1072a2ed7bd960df8ef99a551fa35dc5"},"headline":"[Matilde Alvino] EVA, una oportunidad para innovar","datePublished":"2021-09-09T19:19:08+00:00","dateModified":"2021-09-09T19:35:34+00:00","mainEntityOfPage":{"@id":"https:\/\/webdelmaestrocmf.com\/portal\/matilde-alvino-eva-una-oportunidad-para-innovar\/"},"wordCount":1741,"commentCount":0,"publisher":{"@id":"https:\/\/webdelmaestrocmf.com\/portal\/#organization"},"image":{"@id":"https:\/\/webdelmaestrocmf.com\/portal\/matilde-alvino-eva-una-oportunidad-para-innovar\/#primaryimage"},"thumbnailUrl":"https:\/\/webdelmaestrocmf.com\/portal\/wp-content\/uploads\/2021\/09\/1-54.jpg","keywords":["EVA","INNOVAR","Matilde Alvino","OPORTUNIDAD"],"articleSection":["Z-Colaboradores","Z-Colaboradores-Matilde-Alvino"],"inLanguage":"es","potentialAction":[{"@type":"CommentAction","name":"Comment","target":["https:\/\/webdelmaestrocmf.com\/portal\/matilde-alvino-eva-una-oportunidad-para-innovar\/#respond"]}]},{"@type":"WebPage","@id":"https:\/\/webdelmaestrocmf.com\/portal\/matilde-alvino-eva-una-oportunidad-para-innovar\/","url":"https:\/\/webdelmaestrocmf.com\/portal\/matilde-alvino-eva-una-oportunidad-para-innovar\/","name":"[Matilde Alvino] EVA, una oportunidad para innovar - 2026","isPartOf":{"@id":"https:\/\/webdelmaestrocmf.com\/portal\/#website"},"primaryImageOfPage":{"@id":"https:\/\/webdelmaestrocmf.com\/portal\/matilde-alvino-eva-una-oportunidad-para-innovar\/#primaryimage"},"image":{"@id":"https:\/\/webdelmaestrocmf.com\/portal\/matilde-alvino-eva-una-oportunidad-para-innovar\/#primaryimage"},"thumbnailUrl":"https:\/\/webdelmaestrocmf.com\/portal\/wp-content\/uploads\/2021\/09\/1-54.jpg","datePublished":"2021-09-09T19:19:08+00:00","dateModified":"2021-09-09T19:35:34+00:00","description":"El desarrollo acelerado de la tecnolog\u00eda ha irrumpido en la educaci\u00f3n para innovarla, desarrollarla y complementarla.","breadcrumb":{"@id":"https:\/\/webdelmaestrocmf.com\/portal\/matilde-alvino-eva-una-oportunidad-para-innovar\/#breadcrumb"},"inLanguage":"es","potentialAction":[{"@type":"ReadAction","target":["https:\/\/webdelmaestrocmf.com\/portal\/matilde-alvino-eva-una-oportunidad-para-innovar\/"]}]},{"@type":"ImageObject","inLanguage":"es","@id":"https:\/\/webdelmaestrocmf.com\/portal\/matilde-alvino-eva-una-oportunidad-para-innovar\/#primaryimage","url":"https:\/\/webdelmaestrocmf.com\/portal\/wp-content\/uploads\/2021\/09\/1-54.jpg","contentUrl":"https:\/\/webdelmaestrocmf.com\/portal\/wp-content\/uploads\/2021\/09\/1-54.jpg","width":1100,"height":680},{"@type":"BreadcrumbList","@id":"https:\/\/webdelmaestrocmf.com\/portal\/matilde-alvino-eva-una-oportunidad-para-innovar\/#breadcrumb","itemListElement":[{"@type":"ListItem","position":1,"name":"Portada","item":"https:\/\/webdelmaestrocmf.com\/portal\/"},{"@type":"ListItem","position":2,"name":"Z-Colaboradores","item":"https:\/\/webdelmaestrocmf.com\/portal\/category\/colaborador\/"},{"@type":"ListItem","position":3,"name":"[Matilde Alvino] EVA, una oportunidad para innovar"}]},{"@type":"WebSite","@id":"https:\/\/webdelmaestrocmf.com\/portal\/#website","url":"https:\/\/webdelmaestrocmf.com\/portal\/","name":"Web del Maestro CMF","description":"Maestros al servicio de la educaci\u00f3n","publisher":{"@id":"https:\/\/webdelmaestrocmf.com\/portal\/#organization"},"alternateName":"WMCMF","potentialAction":[{"@type":"SearchAction","target":{"@type":"EntryPoint","urlTemplate":"https:\/\/webdelmaestrocmf.com\/portal\/?s={search_term_string}"},"query-input":{"@type":"PropertyValueSpecification","valueRequired":true,"valueName":"search_term_string"}}],"inLanguage":"es"},{"@type":"Organization","@id":"https:\/\/webdelmaestrocmf.com\/portal\/#organization","name":"Web del Maestro CMF","alternateName":"WMCMF","url":"https:\/\/webdelmaestrocmf.com\/portal\/","logo":{"@type":"ImageObject","inLanguage":"es","@id":"https:\/\/webdelmaestrocmf.com\/portal\/#\/schema\/logo\/image\/","url":"https:\/\/webdelmaestrocmf.com\/portal\/wp-content\/uploads\/2023\/01\/logo-wmcmf-2.png","contentUrl":"https:\/\/webdelmaestrocmf.com\/portal\/wp-content\/uploads\/2023\/01\/logo-wmcmf-2.png","width":200,"height":60,"caption":"Web del Maestro CMF"},"image":{"@id":"https:\/\/webdelmaestrocmf.com\/portal\/#\/schema\/logo\/image\/"},"sameAs":["https:\/\/www.facebook.com\/WebdelMaestroCMF\/","https:\/\/x.com\/cmf_w","https:\/\/www.pinterest.com\/WMCMF\/","https:\/\/www.linkedin.com\/company\/web-del-maestro-cmf\/","https:\/\/www.instagram.com\/wmcmf\/","https:\/\/www.youtube.com\/channel\/UCDPSvjbdodE5sHnC3OxutHw","https:\/\/mastodon.social\/@wmcmf","https:\/\/www.tiktok.com\/@webdelmaestrocmf"]},{"@type":"Person","@id":"https:\/\/webdelmaestrocmf.com\/portal\/#\/schema\/person\/1072a2ed7bd960df8ef99a551fa35dc5","name":"Web del Maestro CMF","image":{"@type":"ImageObject","inLanguage":"es","@id":"https:\/\/secure.gravatar.com\/avatar\/23291dd5b5ae1077dcff3dbb04c3e02bd28403fa75af6d8787d5e97c5bbbe30b?s=96&d=mm&r=g","url":"https:\/\/secure.gravatar.com\/avatar\/23291dd5b5ae1077dcff3dbb04c3e02bd28403fa75af6d8787d5e97c5bbbe30b?s=96&d=mm&r=g","contentUrl":"https:\/\/secure.gravatar.com\/avatar\/23291dd5b5ae1077dcff3dbb04c3e02bd28403fa75af6d8787d5e97c5bbbe30b?s=96&d=mm&r=g","caption":"Web del Maestro CMF"},"description":"Esta Web se cre\u00f3 sin fines de lucro, con fines educativos, cient\u00edficos y acad\u00e9micos, para personas que tengan dificultades y\/o inconvenientes en visualizar el material original. El objetivo es entregar recursos, compartir experiencias y materiales que ayuden a los padres de familia, maestros y estudiantes en su actualizaci\u00f3n y formaci\u00f3n permanente, en bien de la Educaci\u00f3n.","sameAs":["http:\/\/webdelmaestrocmf.com\/portal","https:\/\/www.facebook.com\/WebdelMaestroCMF\/","https:\/\/www.instagram.com\/wmcmf\/","https:\/\/cl.linkedin.com\/company\/web-del-maestro-cmf","https:\/\/www.pinterest.com\/WMCMF\/publicaciones\/","https:\/\/x.com\/cmf_w","https:\/\/www.youtube.com\/@WMCMF"]}]}},"jetpack_featured_media_url":"https:\/\/webdelmaestrocmf.com\/portal\/wp-content\/uploads\/2021\/09\/1-54.jpg","jetpack_sharing_enabled":true,"jetpack-related-posts":[{"id":58952,"url":"https:\/\/webdelmaestrocmf.com\/portal\/matilde-alvino-por-que-son-tan-importantes-los-eva-entornos-virtuales-de-aprendizaje-en-la-educacion-superior\/","url_meta":{"origin":67707,"position":0},"title":"[Matilde Alvino] \u00bfPor qu\u00e9 son tan importantes los EVA (Entornos Virtuales de Aprendizaje) en la educaci\u00f3n superior?","author":"Web del Maestro CMF","date":"6 febrero, 2021","format":false,"excerpt":"La educaci\u00f3n se est\u00e1 transformando no s\u00f3lo en nuestro pa\u00eds sino en todo el mundo, debido\u00a0 al gran impacto que le est\u00e1 causando el desarrollo de\u00a0 la\u00a0 tecnolog\u00eda y la ciencia, que por estos tiempos, crece de\u00a0 manera acelerada. La tecnolog\u00eda nos ofrece nuevas herramientas favorables a la ense\u00f1anza-aprendizaje, que\u2026","rel":"","context":"En \u00abZ-Colaboradores\u00bb","block_context":{"text":"Z-Colaboradores","link":"https:\/\/webdelmaestrocmf.com\/portal\/category\/colaborador\/"},"img":{"alt_text":"","src":"https:\/\/i0.wp.com\/webdelmaestrocmf.com\/portal\/wp-content\/uploads\/2021\/02\/1-copia-20.jpg?resize=350%2C200&ssl=1","width":350,"height":200,"srcset":"https:\/\/i0.wp.com\/webdelmaestrocmf.com\/portal\/wp-content\/uploads\/2021\/02\/1-copia-20.jpg?resize=350%2C200&ssl=1 1x, https:\/\/i0.wp.com\/webdelmaestrocmf.com\/portal\/wp-content\/uploads\/2021\/02\/1-copia-20.jpg?resize=525%2C300&ssl=1 1.5x, https:\/\/i0.wp.com\/webdelmaestrocmf.com\/portal\/wp-content\/uploads\/2021\/02\/1-copia-20.jpg?resize=700%2C400&ssl=1 2x, https:\/\/i0.wp.com\/webdelmaestrocmf.com\/portal\/wp-content\/uploads\/2021\/02\/1-copia-20.jpg?resize=1050%2C600&ssl=1 3x"},"classes":[]},{"id":59364,"url":"https:\/\/webdelmaestrocmf.com\/portal\/matilde-alvino-aprendizaje-humano-parte-ii\/","url_meta":{"origin":67707,"position":1},"title":"[Matilde Alvino] Aprendizaje Humano (Parte II)","author":"Web del Maestro CMF","date":"15 febrero, 2021","format":false,"excerpt":"Habl\u00e1bamos de c\u00f3mo se produce el aprendizaje humano. Para la neurociencia actual, tenemos un \u00fanico sistema integrado: el sistema cognitivo-afectivo y explica que las emociones afectan el aprendizaje. Por cuanto, un estado afectivo puede regular, inhibir o distorsionar un proceso cognitivo (Mart\u00ednez, 2008). Ahora se sabe tambi\u00e9n, que es de\u2026","rel":"","context":"En \u00abZ-Colaboradores\u00bb","block_context":{"text":"Z-Colaboradores","link":"https:\/\/webdelmaestrocmf.com\/portal\/category\/colaborador\/"},"img":{"alt_text":"","src":"https:\/\/i0.wp.com\/webdelmaestrocmf.com\/portal\/wp-content\/uploads\/2021\/02\/1-copia-47.jpg?resize=350%2C200&ssl=1","width":350,"height":200,"srcset":"https:\/\/i0.wp.com\/webdelmaestrocmf.com\/portal\/wp-content\/uploads\/2021\/02\/1-copia-47.jpg?resize=350%2C200&ssl=1 1x, https:\/\/i0.wp.com\/webdelmaestrocmf.com\/portal\/wp-content\/uploads\/2021\/02\/1-copia-47.jpg?resize=525%2C300&ssl=1 1.5x, https:\/\/i0.wp.com\/webdelmaestrocmf.com\/portal\/wp-content\/uploads\/2021\/02\/1-copia-47.jpg?resize=700%2C400&ssl=1 2x, https:\/\/i0.wp.com\/webdelmaestrocmf.com\/portal\/wp-content\/uploads\/2021\/02\/1-copia-47.jpg?resize=1050%2C600&ssl=1 3x"},"classes":[]},{"id":59166,"url":"https:\/\/webdelmaestrocmf.com\/portal\/matilde-alvino-aprendizaje-humano-parte-i\/","url_meta":{"origin":67707,"position":2},"title":"[Matilde Alvino] Aprendizaje Humano (Parte I)","author":"Web del Maestro CMF","date":"10 febrero, 2021","format":false,"excerpt":"El actual modelo educativo socioconstructivista que nos plantea el desaf\u00edo de desarrollar capacidades y actitudes en el estudiante, que lo lleven a construir su propio aprendizaje, demanda que seamos mejores maestros cada vez. Para ser mejores maestros, debemos empezar por conocer mejor a nuestros alumnos y saber c\u00f3mo aprenden y\u2026","rel":"","context":"En \u00abZ-Colaboradores\u00bb","block_context":{"text":"Z-Colaboradores","link":"https:\/\/webdelmaestrocmf.com\/portal\/category\/colaborador\/"},"img":{"alt_text":"","src":"https:\/\/i0.wp.com\/webdelmaestrocmf.com\/portal\/wp-content\/uploads\/2021\/02\/1-copia-35.jpg?resize=350%2C200&ssl=1","width":350,"height":200,"srcset":"https:\/\/i0.wp.com\/webdelmaestrocmf.com\/portal\/wp-content\/uploads\/2021\/02\/1-copia-35.jpg?resize=350%2C200&ssl=1 1x, https:\/\/i0.wp.com\/webdelmaestrocmf.com\/portal\/wp-content\/uploads\/2021\/02\/1-copia-35.jpg?resize=525%2C300&ssl=1 1.5x, https:\/\/i0.wp.com\/webdelmaestrocmf.com\/portal\/wp-content\/uploads\/2021\/02\/1-copia-35.jpg?resize=700%2C400&ssl=1 2x, https:\/\/i0.wp.com\/webdelmaestrocmf.com\/portal\/wp-content\/uploads\/2021\/02\/1-copia-35.jpg?resize=1050%2C600&ssl=1 3x"},"classes":[]},{"id":64733,"url":"https:\/\/webdelmaestrocmf.com\/portal\/matilde-alvino-en-que-medida-es-aplicable-el-plan-bolonia-a-la-realidad-nacional-y-o-latinoamericana\/","url_meta":{"origin":67707,"position":3},"title":"[Matilde Alvino] \u00bfEn qu\u00e9 medida es aplicable el Plan Bolonia a la realidad peruana y\/o latinoamericana?","author":"Web del Maestro CMF","date":"4 julio, 2021","format":false,"excerpt":"Si pensamos en el Plan Bolonia de educaci\u00f3n universitaria de Europa, como un modelo aplicable a Per\u00fa o a los pa\u00edses de la regi\u00f3n, debemos tener en cuenta que, como dec\u00eda Einstein todo es relativo y nada es absoluto, porque nuestra realidad y la realidad latinoamericana son muy diferentes, sus\u2026","rel":"","context":"En \u00abZ-Colaboradores\u00bb","block_context":{"text":"Z-Colaboradores","link":"https:\/\/webdelmaestrocmf.com\/portal\/category\/colaborador\/"},"img":{"alt_text":"","src":"https:\/\/i0.wp.com\/webdelmaestrocmf.com\/portal\/wp-content\/uploads\/2021\/07\/1-7.jpg?resize=350%2C200&ssl=1","width":350,"height":200,"srcset":"https:\/\/i0.wp.com\/webdelmaestrocmf.com\/portal\/wp-content\/uploads\/2021\/07\/1-7.jpg?resize=350%2C200&ssl=1 1x, https:\/\/i0.wp.com\/webdelmaestrocmf.com\/portal\/wp-content\/uploads\/2021\/07\/1-7.jpg?resize=525%2C300&ssl=1 1.5x, https:\/\/i0.wp.com\/webdelmaestrocmf.com\/portal\/wp-content\/uploads\/2021\/07\/1-7.jpg?resize=700%2C400&ssl=1 2x, https:\/\/i0.wp.com\/webdelmaestrocmf.com\/portal\/wp-content\/uploads\/2021\/07\/1-7.jpg?resize=1050%2C600&ssl=1 3x"},"classes":[]},{"id":105554,"url":"https:\/\/webdelmaestrocmf.com\/portal\/david-auris-ciencia-tecnologia-e-innovacion-para-el-desarrollo\/","url_meta":{"origin":67707,"position":4},"title":"[David Auris] Ciencia, tecnolog\u00eda e innovaci\u00f3n para el desarrollo","author":"Web del Maestro CMF","date":"18 mayo, 2024","format":false,"excerpt":"Impulsar la curiosidad cient\u00edfica en los estudiantes, es clave para desarrollar la ciencia, la tecnolog\u00eda e innovaci\u00f3n con la finalidad de desarrollar a nuestros pa\u00edses. Esta educaci\u00f3n cient\u00edfica es una poderosa herramienta que permite explotar el infinito potencial del cerebro humano. Al ver la vida desde un enfoque innovador, ampl\u00eda\u2026","rel":"","context":"En \u00abZ-Colaborador-David-Auris\u00bb","block_context":{"text":"Z-Colaborador-David-Auris","link":"https:\/\/webdelmaestrocmf.com\/portal\/category\/colaborador\/z-colaborador-david-auris\/"},"img":{"alt_text":"","src":"https:\/\/i0.wp.com\/webdelmaestrocmf.com\/portal\/wp-content\/uploads\/2024\/05\/Banner-1-portada-imagen-10-1-2024-05-18T195037.633.jpg?resize=350%2C200&ssl=1","width":350,"height":200,"srcset":"https:\/\/i0.wp.com\/webdelmaestrocmf.com\/portal\/wp-content\/uploads\/2024\/05\/Banner-1-portada-imagen-10-1-2024-05-18T195037.633.jpg?resize=350%2C200&ssl=1 1x, https:\/\/i0.wp.com\/webdelmaestrocmf.com\/portal\/wp-content\/uploads\/2024\/05\/Banner-1-portada-imagen-10-1-2024-05-18T195037.633.jpg?resize=525%2C300&ssl=1 1.5x, https:\/\/i0.wp.com\/webdelmaestrocmf.com\/portal\/wp-content\/uploads\/2024\/05\/Banner-1-portada-imagen-10-1-2024-05-18T195037.633.jpg?resize=700%2C400&ssl=1 2x"},"classes":[]},{"id":110895,"url":"https:\/\/webdelmaestrocmf.com\/portal\/competencias-digitales-docentes-claves-para-ensenar-en-la-era-de-la-ia\/","url_meta":{"origin":67707,"position":5},"title":"Competencias digitales docentes: claves para ense\u00f1ar en la era de la IA","author":"Web del Maestro CMF","date":"5 julio, 2025","format":false,"excerpt":"Un marco esencial para potenciar la ense\u00f1anza, la innovaci\u00f3n pedag\u00f3gica y la ciudadan\u00eda digital en la escuela de hoy","rel":"","context":"En \u00abInformativo\u00bb","block_context":{"text":"Informativo","link":"https:\/\/webdelmaestrocmf.com\/portal\/category\/tecnologia\/informativo-tecnologia\/"},"img":{"alt_text":"","src":"https:\/\/i0.wp.com\/webdelmaestrocmf.com\/portal\/wp-content\/uploads\/2025\/07\/1A-Banner-1-portada-imagen-10-1-copia-49.jpg?resize=350%2C200&ssl=1","width":350,"height":200,"srcset":"https:\/\/i0.wp.com\/webdelmaestrocmf.com\/portal\/wp-content\/uploads\/2025\/07\/1A-Banner-1-portada-imagen-10-1-copia-49.jpg?resize=350%2C200&ssl=1 1x, https:\/\/i0.wp.com\/webdelmaestrocmf.com\/portal\/wp-content\/uploads\/2025\/07\/1A-Banner-1-portada-imagen-10-1-copia-49.jpg?resize=525%2C300&ssl=1 1.5x, https:\/\/i0.wp.com\/webdelmaestrocmf.com\/portal\/wp-content\/uploads\/2025\/07\/1A-Banner-1-portada-imagen-10-1-copia-49.jpg?resize=700%2C400&ssl=1 2x"},"classes":[]}],"_links":{"self":[{"href":"https:\/\/webdelmaestrocmf.com\/portal\/wp-json\/wp\/v2\/posts\/67707","targetHints":{"allow":["GET"]}}],"collection":[{"href":"https:\/\/webdelmaestrocmf.com\/portal\/wp-json\/wp\/v2\/posts"}],"about":[{"href":"https:\/\/webdelmaestrocmf.com\/portal\/wp-json\/wp\/v2\/types\/post"}],"author":[{"embeddable":true,"href":"https:\/\/webdelmaestrocmf.com\/portal\/wp-json\/wp\/v2\/users\/1"}],"replies":[{"embeddable":true,"href":"https:\/\/webdelmaestrocmf.com\/portal\/wp-json\/wp\/v2\/comments?post=67707"}],"version-history":[{"count":0,"href":"https:\/\/webdelmaestrocmf.com\/portal\/wp-json\/wp\/v2\/posts\/67707\/revisions"}],"wp:featuredmedia":[{"embeddable":true,"href":"https:\/\/webdelmaestrocmf.com\/portal\/wp-json\/wp\/v2\/media\/67709"}],"wp:attachment":[{"href":"https:\/\/webdelmaestrocmf.com\/portal\/wp-json\/wp\/v2\/media?parent=67707"}],"wp:term":[{"taxonomy":"category","embeddable":true,"href":"https:\/\/webdelmaestrocmf.com\/portal\/wp-json\/wp\/v2\/categories?post=67707"},{"taxonomy":"post_tag","embeddable":true,"href":"https:\/\/webdelmaestrocmf.com\/portal\/wp-json\/wp\/v2\/tags?post=67707"}],"curies":[{"name":"wp","href":"https:\/\/api.w.org\/{rel}","templated":true}]}}