{"id":67432,"date":"2021-11-28T18:19:30","date_gmt":"2021-11-28T21:19:30","guid":{"rendered":"https:\/\/webdelmaestrocmf.com\/portal\/?p=67432"},"modified":"2023-10-26T22:16:02","modified_gmt":"2023-10-27T01:16:02","slug":"for-the-birds-un-corto-con-un-importante-mensaje-sobre-inclusion-y-aceptacion-incluye-ficha-de-trabajo-para-el-docente","status":"publish","type":"post","link":"https:\/\/webdelmaestrocmf.com\/portal\/for-the-birds-un-corto-con-un-importante-mensaje-sobre-inclusion-y-aceptacion-incluye-ficha-de-trabajo-para-el-docente\/","title":{"rendered":"For the Birds: un cortometraje sobre la importancia de la inclusi\u00f3n y la aceptaci\u00f3n"},"content":{"rendered":"<p style=\"text-align: justify;\" data-sourcepos=\"3:1-3:313\"><strong>En un mundo donde la diversidad es cada vez m\u00e1s visible, es importante recordar que todos somos iguales, independientemente de nuestras diferencias. El cortometraje \u00abFor the Birds\u00bb de Pixar nos ense\u00f1a una importante lecci\u00f3n sobre la inclusi\u00f3n y la aceptaci\u00f3n, a trav\u00e9s de una historia simple pero conmovedora.<\/strong><!--more--><\/p>\n<p style=\"text-align: justify;\">15 aves id\u00e9nticas nos muestran por qu\u00e9 integrar y aceptar a pesar de las diferencias, es fundamental. Un grupo de 15 peque\u00f1as aves, todas id\u00e9nticas, empiezan a posarse sobre un cable de tel\u00e9fono. De repente, una ave m\u00e1s grande, pintoresca y diferente a ellas se aproxima y saluda entusiasmada. Las dem\u00e1s aves, confundidas por su aparici\u00f3n, se burlan de su apariencia ri\u00e9ndose a carcajadas mientras la imitan.<\/p>\n<p>Art\u00edculo relaionado: <a href=\"https:\/\/webdelmaestrocmf.com\/portal\/ian-un-corto-ganador-de-muchos-premios-que-puede-ayudar-a-estimular-la-inclusion-educativa-en-tus-alumnos\/\" target=\"_top\" rel=\"noopener\">Ian: Un corto que ayudar\u00e1 a estimular la inclusi\u00f3n educativa<\/a><\/p>\n<p style=\"text-align: justify;\">Pero esta llamativa ave no se rinde\u2026 vuelve a sonre\u00edr, esperando aceptaci\u00f3n por parte del grupo, logrando s\u00f3lo que ellas se alejen m\u00e1s.<\/p>\n<blockquote>\n<div class=\"pk-content-block pk-block-bg pk-block-bg-inverse\"><em>Pero el p\u00e1jaro grande parece muy amable y sigue comport\u00e1ndose de una forma muy amigable.<\/em><\/div>\n<\/blockquote>\n<p style=\"text-align: justify;\">Entonces se posa en el cable junto a ellos. El\u00a0problema\u00a0es que pesa tanto, que pone en riesgo la seguridad de las otras aves. Alteradas, las 15 aves hacen hasta lo imposible para que ella se caiga. Pero las cosas no salen como lo esperaban y a ra\u00edz de esto aprenden una importante lecci\u00f3n.<\/p>\n<p style=\"text-align: justify;\">Aunque la reacci\u00f3n final del ave grande no es la m\u00e1s esperada ni adecuada (pues luego es ella quien se burla), la historia del corto nos evidencia de una forma corta y concisa la importancia de aprender a convivir y aceptar al otro a pesar de las\u00a0diferencias. Adem\u00e1s, es una oportunidad para abrir la conversaci\u00f3n de un tema muy pertinente en la escuela analizando lo que est\u00e1 bien y lo que est\u00e1 mal con respecto a las diversas reacciones que tienen las aves de la historia.<\/p>\n<p style=\"text-align: justify;\"><iframe loading=\"lazy\" title=\"myFrame\" src=\"https:\/\/www.youtube.com\/embed\/lK13SW0QW04\" width=\"100%\" height=\"400\" allowfullscreen=\"allowfullscreen\" data-mce-fragment=\"1\"><span data-mce-type=\"bookmark\" style=\"display: inline-block; width: 0px; overflow: hidden; line-height: 0;\" class=\"mce_SELRES_start\">\ufeff<\/span><span data-mce-type=\"bookmark\" style=\"display: inline-block; width: 0px; overflow: hidden; line-height: 0;\" class=\"mce_SELRES_start\">\ufeff<\/span><\/iframe><\/p>\n<div class=\"pk-content-block pk-block-bg pk-block-bg-inverse\" style=\"text-align: justify;\">Este\u00a0corto\u00a0de Pixar tiene los ingredientes necesarios para divertir, pero sobretodo, para<strong>\u00a0abrir reflexiones en clase sobre la inclusi\u00f3n, el respeto y la aceptaci\u00f3n<\/strong>\u00a0como elementos fundamentales de la convivencia\u2026<\/div>\n<p style=\"text-align: justify;\">La convivencia como hecho fundamental en el desarrollo de las habilidades sociales de los estudiantes. En una \u00e9poca donde el\u00a0bullying\u00a0y la integraci\u00f3n de ni\u00f1os que vienen de todas partes del mundo son una realidad, resulta indispensable abordar estas tem\u00e1ticas y ense\u00f1ar a los ni\u00f1os valores tan b\u00e1sicos e indispensables como el respeto. S\u00f3lo as\u00ed, las salas de clase se convertir\u00e1n en espacios ricos en tolerancia, entendimiento y relaciones saludables.<\/p>\n<p><img loading=\"lazy\" decoding=\"async\" class=\"alignnone wp-image-67433 size-large\" src=\"https:\/\/webdelmaestrocmf.com\/portal\/wp-content\/uploads\/2021\/09\/1-12-1024x534.jpg\" alt=\"For the Birds\" width=\"1024\" height=\"534\" srcset=\"https:\/\/webdelmaestrocmf.com\/portal\/wp-content\/uploads\/2021\/09\/1-12-1024x534.jpg 1024w, https:\/\/webdelmaestrocmf.com\/portal\/wp-content\/uploads\/2021\/09\/1-12-300x157.jpg 300w, https:\/\/webdelmaestrocmf.com\/portal\/wp-content\/uploads\/2021\/09\/1-12-768x401.jpg 768w, https:\/\/webdelmaestrocmf.com\/portal\/wp-content\/uploads\/2021\/09\/1-12-110x57.jpg 110w, https:\/\/webdelmaestrocmf.com\/portal\/wp-content\/uploads\/2021\/09\/1-12-200x104.jpg 200w, https:\/\/webdelmaestrocmf.com\/portal\/wp-content\/uploads\/2021\/09\/1-12-380x198.jpg 380w, https:\/\/webdelmaestrocmf.com\/portal\/wp-content\/uploads\/2021\/09\/1-12-255x133.jpg 255w, https:\/\/webdelmaestrocmf.com\/portal\/wp-content\/uploads\/2021\/09\/1-12-550x287.jpg 550w, https:\/\/webdelmaestrocmf.com\/portal\/wp-content\/uploads\/2021\/09\/1-12-800x417.jpg 800w, https:\/\/webdelmaestrocmf.com\/portal\/wp-content\/uploads\/2021\/09\/1-12-220x115.jpg 220w, https:\/\/webdelmaestrocmf.com\/portal\/wp-content\/uploads\/2021\/09\/1-12-400x209.jpg 400w, https:\/\/webdelmaestrocmf.com\/portal\/wp-content\/uploads\/2021\/09\/1-12-760x397.jpg 760w, https:\/\/webdelmaestrocmf.com\/portal\/wp-content\/uploads\/2021\/09\/1-12-510x266.jpg 510w, https:\/\/webdelmaestrocmf.com\/portal\/wp-content\/uploads\/2021\/09\/1-12-600x313.jpg 600w, https:\/\/webdelmaestrocmf.com\/portal\/wp-content\/uploads\/2021\/09\/1-12.jpg 1100w\" sizes=\"auto, (max-width: 1024px) 100vw, 1024px\" \/><\/p>\n<p><strong>Este contenido ha sido publicado originalmente por Elige educar en la siguiente direcci\u00f3n: <a href=\"http:\/\/eligeeducar.cl\" target=\"_blank\" rel=\"noopener\">eligeeducar.cl<\/a><\/strong><\/p>\n<p style=\"text-align: center;\">Recomendamos a la Comunidad Educativa Digital tener en cuenta que, el enlace y\/o la carpeta en donde est\u00e1n alojados los libros, recursos y\/o materiales, no es administrado por la Web del Maestro CMF, pueda ser que en cuesti\u00f3n de d\u00edas (o seg\u00fan el tiempo transcurrido desde su publicaci\u00f3n), los enlaces no funcionen y el material ya no se encuentre disponible. Gracias por su comprensi\u00f3n.<\/p>\n<p style=\"text-align: center;\"><strong>ENLACE DE LECTURA:<\/strong> <a href=\"https:\/\/mega.nz\/folder\/O6ZkmJbY#601ZugagdGDe1FSuvSG4CA\" target=\"_blank\" rel=\"noopener\">FOR THE BIDS &#8211; FICHA DE TRABAJO\u00a0<\/a><\/p>\n\t\t<div class=\"pk-inline-posts\">\n\t\t\t\n\t\t\t<div class=\"pk-inline-posts-container pk-inline-posts-template-list\"\n\t\t\t\tdata-columns=\"1\">\n\t\t\t\t\t\t<article id=\"post-66850\" class=\"post-66850 post type-post status-publish format-standard has-post-thumbnail category-peliculas category-pedagogia tag-aqui-estamos tag-escuchar tag-hermosa tag-invita tag-pelicula tag-planeta tag-tierra cs-entry cs-video-wrap\">\n\t\t\t<div class=\"pk-post-outer\">\n\n\t\t\t\t\t\t\t\t<div class=\"pk-post-inner\">\n\t\t\t\t\t<div class=\"entry-thumbnail\">\n\t\t\t\t\t\t<div class=\"pk-overlay pk-overlay-ratio pk-ratio-landscape\">\n\t\t\t\t\t\t\t<div class=\"pk-overlay-background\">\n\t\t\t\t\t\t\t\t<a href=\"https:\/\/webdelmaestrocmf.com\/portal\/aqui-estamos-una-hermosa-pelicula-que-nos-invita-a-escuchar-al-planeta-tierra\/\" class=\"pk-overlay-link\">\n\t\t\t\t\t\t\t\t\t<img loading=\"lazy\" decoding=\"async\" width=\"300\" height=\"225\" src=\"https:\/\/webdelmaestrocmf.com\/portal\/wp-content\/uploads\/2021\/08\/1a-15-300x225.jpg\" class=\"attachment-pk-thumbnail size-pk-thumbnail wp-post-image\" alt=\"\" srcset=\"https:\/\/webdelmaestrocmf.com\/portal\/wp-content\/uploads\/2021\/08\/1a-15-300x225.jpg 300w, https:\/\/webdelmaestrocmf.com\/portal\/wp-content\/uploads\/2021\/08\/1a-15-600x450.jpg 600w\" sizes=\"auto, (max-width: 300px) 100vw, 300px\" \/>\t\t\t\t\t\t\t\t<\/a>\n\t\t\t\t\t\t\t<\/div>\n\t\t\t\t\t\t<\/div>\n\t\t\t\t\t<\/div>\n\t\t\t\t<\/div>\n\t\t\t\t\n\t\t\t\t<div class=\"pk-post-inner\">\n\t\t\t\t\t<header>\n\t\t\t\t\t\t<h3 class=\"pk-title\"><a href=\"https:\/\/webdelmaestrocmf.com\/portal\/aqui-estamos-una-hermosa-pelicula-que-nos-invita-a-escuchar-al-planeta-tierra\/\" rel=\"bookmark\">\u00abAqu\u00ed estamos\u00bb, una hermosa pel\u00edcula que nos invita a escuchar al planeta Tierra | Descarga las 50 fichas para colorear en el d\u00eda de la tierra<\/a><\/h3>\t\t\t\t\t<\/header><!-- .entry-header -->\n\t\t\t\t<\/div><!-- .post-inner -->\n\n\t\t\t<\/div><!-- .post-outer -->\n\t\t<\/article>\n\t\t\t<article id=\"post-12231\" class=\"post-12231 post type-post status-publish format-video has-post-thumbnail category-peliculas category-pedagogia tag-10-peliculas tag-educacion tag-educador tag-estudiante tag-peliculas-para-docentes tag-peliculas-sobre-educacion tag-peliculas-sobre-pedagogia post_format-post-format-video cs-entry cs-video-wrap\">\n\t\t\t<div class=\"pk-post-outer\">\n\n\t\t\t\t\t\t\t\t<div class=\"pk-post-inner\">\n\t\t\t\t\t<div class=\"entry-thumbnail\">\n\t\t\t\t\t\t<div class=\"pk-overlay pk-overlay-ratio pk-ratio-landscape\">\n\t\t\t\t\t\t\t<div class=\"pk-overlay-background\">\n\t\t\t\t\t\t\t\t<a href=\"https:\/\/webdelmaestrocmf.com\/portal\/10-peliculas-que-todo-educador-y-estudiante-de-educacion-tiene-que-ver\/\" class=\"pk-overlay-link\">\n\t\t\t\t\t\t\t\t\t<img loading=\"lazy\" decoding=\"async\" width=\"300\" height=\"225\" src=\"https:\/\/webdelmaestrocmf.com\/portal\/wp-content\/uploads\/2021\/07\/Banner-1-portada-imagen-10-14-300x225.jpg\" class=\"attachment-pk-thumbnail size-pk-thumbnail wp-post-image\" alt=\"pel\u00edculas\" \/>\t\t\t\t\t\t\t\t<\/a>\n\t\t\t\t\t\t\t<\/div>\n\t\t\t\t\t\t<\/div>\n\t\t\t\t\t<\/div>\n\t\t\t\t<\/div>\n\t\t\t\t\n\t\t\t\t<div class=\"pk-post-inner\">\n\t\t\t\t\t<header>\n\t\t\t\t\t\t<h3 class=\"pk-title\"><a href=\"https:\/\/webdelmaestrocmf.com\/portal\/10-peliculas-que-todo-educador-y-estudiante-de-educacion-tiene-que-ver\/\" rel=\"bookmark\">36 pel\u00edculas que todo educador y estudiante tienen que ver<\/a><\/h3>\t\t\t\t\t<\/header><!-- .entry-header -->\n\t\t\t\t<\/div><!-- .post-inner -->\n\n\t\t\t<\/div><!-- .post-outer -->\n\t\t<\/article>\n\t\t\t<article id=\"post-106946\" class=\"post-106946 post type-post status-publish format-standard has-post-thumbnail category-peliculas category-pedagogia tag-la-ola tag-pelicula cs-entry cs-video-wrap\">\n\t\t\t<div class=\"pk-post-outer\">\n\n\t\t\t\t\t\t\t\t<div class=\"pk-post-inner\">\n\t\t\t\t\t<div class=\"entry-thumbnail\">\n\t\t\t\t\t\t<div class=\"pk-overlay pk-overlay-ratio pk-ratio-landscape\">\n\t\t\t\t\t\t\t<div class=\"pk-overlay-background\">\n\t\t\t\t\t\t\t\t<a href=\"https:\/\/webdelmaestrocmf.com\/portal\/la-ola-pelicula-para-docentes-sobre-los-riesgos-de-perder-el-contro\/\" class=\"pk-overlay-link\">\n\t\t\t\t\t\t\t\t\t<img loading=\"lazy\" decoding=\"async\" width=\"300\" height=\"225\" src=\"https:\/\/webdelmaestrocmf.com\/portal\/wp-content\/uploads\/2024\/11\/Banner-1-portada-imagen-10-1-11-300x225.jpg\" class=\"attachment-pk-thumbnail size-pk-thumbnail wp-post-image\" alt=\"\" \/>\t\t\t\t\t\t\t\t<\/a>\n\t\t\t\t\t\t\t<\/div>\n\t\t\t\t\t\t<\/div>\n\t\t\t\t\t<\/div>\n\t\t\t\t<\/div>\n\t\t\t\t\n\t\t\t\t<div class=\"pk-post-inner\">\n\t\t\t\t\t<header>\n\t\t\t\t\t\t<h3 class=\"pk-title\"><a href=\"https:\/\/webdelmaestrocmf.com\/portal\/la-ola-pelicula-para-docentes-sobre-los-riesgos-de-perder-el-contro\/\" rel=\"bookmark\">\u00abLa ola\u00bb pel\u00edcula para docentes sobre los riesgos de perder el control<\/a><\/h3>\t\t\t\t\t<\/header><!-- .entry-header -->\n\t\t\t\t<\/div><!-- .post-inner -->\n\n\t\t\t<\/div><!-- .post-outer -->\n\t\t<\/article>\n\t\t\t\t<\/div>\n\t\t<\/div>\n\t\t\n","protected":false},"excerpt":{"rendered":"En un mundo donde la diversidad es cada vez m\u00e1s visible, es importante recordar que todos somos iguales,&hellip;","protected":false},"author":1,"featured_media":67434,"comment_status":"open","ping_status":"closed","sticky":false,"template":"","format":"standard","meta":{"csco_display_header_overlay":false,"csco_singular_sidebar":"default","csco_page_header_type":"default","csco_page_load_nextpost":"default","csco_post_video_location":[],"csco_post_video_location_hash":"","csco_post_video_url":"","csco_post_video_bg_start_time":0,"csco_post_video_bg_end_time":0,"csco_post_video_bg_volume":false,"_jetpack_memberships_contains_paid_content":false,"footnotes":""},"categories":[644,735],"tags":[6321,1011,14082,4633,4005,423,3226],"class_list":{"0":"post-67432","1":"post","2":"type-post","3":"status-publish","4":"format-standard","5":"has-post-thumbnail","7":"category-peliculas","8":"category-pedagogia","9":"tag-aceptacion","10":"tag-corto","11":"tag-for-the-birds","12":"tag-importante","13":"tag-inclusion","14":"tag-mensaje","15":"tag-sobre","16":"cs-entry","17":"cs-video-wrap"},"yoast_head":"<!-- This site is optimized with the Yoast SEO plugin v27.5 - https:\/\/yoast.com\/product\/yoast-seo-wordpress\/ -->\n<title>For the Birds: un cortometraje sobre la importancia de la inclusi\u00f3n y la aceptaci\u00f3n - 2026<\/title>\n<meta name=\"description\" content=\"El cortometraje &quot;For the Birds&quot; de Pixar nos ense\u00f1a una importante lecci\u00f3n sobre la inclusi\u00f3n y la aceptaci\u00f3n, a trav\u00e9s de una historia...\" \/>\n<meta name=\"robots\" content=\"index, follow, max-snippet:-1, max-image-preview:large, max-video-preview:-1\" \/>\n<link rel=\"canonical\" href=\"https:\/\/webdelmaestrocmf.com\/portal\/for-the-birds-un-corto-con-un-importante-mensaje-sobre-inclusion-y-aceptacion-incluye-ficha-de-trabajo-para-el-docente\/\" \/>\n<meta property=\"og:locale\" content=\"es_ES\" \/>\n<meta property=\"og:type\" content=\"article\" \/>\n<meta property=\"og:title\" content=\"For the Birds: un cortometraje sobre la importancia de la inclusi\u00f3n y la aceptaci\u00f3n - 2026\" \/>\n<meta property=\"og:description\" content=\"El cortometraje &quot;For the Birds&quot; de Pixar nos ense\u00f1a una importante lecci\u00f3n sobre la inclusi\u00f3n y la aceptaci\u00f3n, a trav\u00e9s de una historia...\" \/>\n<meta property=\"og:url\" content=\"https:\/\/webdelmaestrocmf.com\/portal\/for-the-birds-un-corto-con-un-importante-mensaje-sobre-inclusion-y-aceptacion-incluye-ficha-de-trabajo-para-el-docente\/\" \/>\n<meta property=\"og:site_name\" content=\"Web del Maestro CMF\" \/>\n<meta property=\"article:publisher\" content=\"https:\/\/www.facebook.com\/WebdelMaestroCMF\/\" \/>\n<meta property=\"article:author\" content=\"https:\/\/www.facebook.com\/WebdelMaestroCMF\/\" \/>\n<meta property=\"article:published_time\" content=\"2021-11-28T21:19:30+00:00\" \/>\n<meta property=\"article:modified_time\" content=\"2023-10-27T01:16:02+00:00\" \/>\n<meta property=\"og:image\" content=\"https:\/\/webdelmaestrocmf.com\/portal\/wp-content\/uploads\/2021\/09\/1-13.jpg\" \/>\n\t<meta property=\"og:image:width\" content=\"1100\" \/>\n\t<meta property=\"og:image:height\" content=\"680\" \/>\n\t<meta property=\"og:image:type\" content=\"image\/jpeg\" \/>\n<meta name=\"author\" content=\"Web del Maestro CMF\" \/>\n<meta name=\"twitter:card\" content=\"summary_large_image\" \/>\n<meta name=\"twitter:creator\" content=\"@cmf_w\" \/>\n<meta name=\"twitter:site\" content=\"@cmf_w\" \/>\n<script type=\"application\/ld+json\" class=\"yoast-schema-graph\">{\"@context\":\"https:\\\/\\\/schema.org\",\"@graph\":[{\"@type\":\"ScholarlyArticle\",\"@id\":\"https:\\\/\\\/webdelmaestrocmf.com\\\/portal\\\/for-the-birds-un-corto-con-un-importante-mensaje-sobre-inclusion-y-aceptacion-incluye-ficha-de-trabajo-para-el-docente\\\/#article\",\"isPartOf\":{\"@id\":\"https:\\\/\\\/webdelmaestrocmf.com\\\/portal\\\/for-the-birds-un-corto-con-un-importante-mensaje-sobre-inclusion-y-aceptacion-incluye-ficha-de-trabajo-para-el-docente\\\/\"},\"author\":{\"name\":\"Web del Maestro CMF\",\"@id\":\"https:\\\/\\\/webdelmaestrocmf.com\\\/portal\\\/#\\\/schema\\\/person\\\/1072a2ed7bd960df8ef99a551fa35dc5\"},\"headline\":\"For the Birds: un cortometraje sobre la importancia de la inclusi\u00f3n y la aceptaci\u00f3n\",\"datePublished\":\"2021-11-28T21:19:30+00:00\",\"dateModified\":\"2023-10-27T01:16:02+00:00\",\"mainEntityOfPage\":{\"@id\":\"https:\\\/\\\/webdelmaestrocmf.com\\\/portal\\\/for-the-birds-un-corto-con-un-importante-mensaje-sobre-inclusion-y-aceptacion-incluye-ficha-de-trabajo-para-el-docente\\\/\"},\"wordCount\":561,\"commentCount\":0,\"publisher\":{\"@id\":\"https:\\\/\\\/webdelmaestrocmf.com\\\/portal\\\/#organization\"},\"image\":{\"@id\":\"https:\\\/\\\/webdelmaestrocmf.com\\\/portal\\\/for-the-birds-un-corto-con-un-importante-mensaje-sobre-inclusion-y-aceptacion-incluye-ficha-de-trabajo-para-el-docente\\\/#primaryimage\"},\"thumbnailUrl\":\"https:\\\/\\\/webdelmaestrocmf.com\\\/portal\\\/wp-content\\\/uploads\\\/2021\\\/09\\\/1-13.jpg\",\"keywords\":[\"ACEPTACI\u00d3N\",\"CORTO\",\"For the birds\",\"importante\",\"INCLUSI\u00d3N\",\"MENSAJE\",\"SOBRE\"],\"articleSection\":[\"Pel\u00edculas\",\"Recursos\"],\"inLanguage\":\"es\",\"potentialAction\":[{\"@type\":\"CommentAction\",\"name\":\"Comment\",\"target\":[\"https:\\\/\\\/webdelmaestrocmf.com\\\/portal\\\/for-the-birds-un-corto-con-un-importante-mensaje-sobre-inclusion-y-aceptacion-incluye-ficha-de-trabajo-para-el-docente\\\/#respond\"]}]},{\"@type\":\"WebPage\",\"@id\":\"https:\\\/\\\/webdelmaestrocmf.com\\\/portal\\\/for-the-birds-un-corto-con-un-importante-mensaje-sobre-inclusion-y-aceptacion-incluye-ficha-de-trabajo-para-el-docente\\\/\",\"url\":\"https:\\\/\\\/webdelmaestrocmf.com\\\/portal\\\/for-the-birds-un-corto-con-un-importante-mensaje-sobre-inclusion-y-aceptacion-incluye-ficha-de-trabajo-para-el-docente\\\/\",\"name\":\"For the Birds: un cortometraje sobre la importancia de la inclusi\u00f3n y la aceptaci\u00f3n - 2026\",\"isPartOf\":{\"@id\":\"https:\\\/\\\/webdelmaestrocmf.com\\\/portal\\\/#website\"},\"primaryImageOfPage\":{\"@id\":\"https:\\\/\\\/webdelmaestrocmf.com\\\/portal\\\/for-the-birds-un-corto-con-un-importante-mensaje-sobre-inclusion-y-aceptacion-incluye-ficha-de-trabajo-para-el-docente\\\/#primaryimage\"},\"image\":{\"@id\":\"https:\\\/\\\/webdelmaestrocmf.com\\\/portal\\\/for-the-birds-un-corto-con-un-importante-mensaje-sobre-inclusion-y-aceptacion-incluye-ficha-de-trabajo-para-el-docente\\\/#primaryimage\"},\"thumbnailUrl\":\"https:\\\/\\\/webdelmaestrocmf.com\\\/portal\\\/wp-content\\\/uploads\\\/2021\\\/09\\\/1-13.jpg\",\"datePublished\":\"2021-11-28T21:19:30+00:00\",\"dateModified\":\"2023-10-27T01:16:02+00:00\",\"description\":\"El cortometraje \\\"For the Birds\\\" de Pixar nos ense\u00f1a una importante lecci\u00f3n sobre la inclusi\u00f3n y la aceptaci\u00f3n, a trav\u00e9s de una historia...\",\"breadcrumb\":{\"@id\":\"https:\\\/\\\/webdelmaestrocmf.com\\\/portal\\\/for-the-birds-un-corto-con-un-importante-mensaje-sobre-inclusion-y-aceptacion-incluye-ficha-de-trabajo-para-el-docente\\\/#breadcrumb\"},\"inLanguage\":\"es\",\"potentialAction\":[{\"@type\":\"ReadAction\",\"target\":[\"https:\\\/\\\/webdelmaestrocmf.com\\\/portal\\\/for-the-birds-un-corto-con-un-importante-mensaje-sobre-inclusion-y-aceptacion-incluye-ficha-de-trabajo-para-el-docente\\\/\"]}]},{\"@type\":\"ImageObject\",\"inLanguage\":\"es\",\"@id\":\"https:\\\/\\\/webdelmaestrocmf.com\\\/portal\\\/for-the-birds-un-corto-con-un-importante-mensaje-sobre-inclusion-y-aceptacion-incluye-ficha-de-trabajo-para-el-docente\\\/#primaryimage\",\"url\":\"https:\\\/\\\/webdelmaestrocmf.com\\\/portal\\\/wp-content\\\/uploads\\\/2021\\\/09\\\/1-13.jpg\",\"contentUrl\":\"https:\\\/\\\/webdelmaestrocmf.com\\\/portal\\\/wp-content\\\/uploads\\\/2021\\\/09\\\/1-13.jpg\",\"width\":1100,\"height\":680,\"caption\":\"For the Birds\"},{\"@type\":\"BreadcrumbList\",\"@id\":\"https:\\\/\\\/webdelmaestrocmf.com\\\/portal\\\/for-the-birds-un-corto-con-un-importante-mensaje-sobre-inclusion-y-aceptacion-incluye-ficha-de-trabajo-para-el-docente\\\/#breadcrumb\",\"itemListElement\":[{\"@type\":\"ListItem\",\"position\":1,\"name\":\"Portada\",\"item\":\"https:\\\/\\\/webdelmaestrocmf.com\\\/portal\\\/\"},{\"@type\":\"ListItem\",\"position\":2,\"name\":\"Recursos\",\"item\":\"https:\\\/\\\/webdelmaestrocmf.com\\\/portal\\\/category\\\/pedagogia\\\/\"},{\"@type\":\"ListItem\",\"position\":3,\"name\":\"For the Birds: un cortometraje sobre la importancia de la inclusi\u00f3n y la aceptaci\u00f3n\"}]},{\"@type\":\"WebSite\",\"@id\":\"https:\\\/\\\/webdelmaestrocmf.com\\\/portal\\\/#website\",\"url\":\"https:\\\/\\\/webdelmaestrocmf.com\\\/portal\\\/\",\"name\":\"Web del Maestro CMF\",\"description\":\"Maestros al servicio de la educaci\u00f3n\",\"publisher\":{\"@id\":\"https:\\\/\\\/webdelmaestrocmf.com\\\/portal\\\/#organization\"},\"alternateName\":\"WMCMF\",\"potentialAction\":[{\"@type\":\"SearchAction\",\"target\":{\"@type\":\"EntryPoint\",\"urlTemplate\":\"https:\\\/\\\/webdelmaestrocmf.com\\\/portal\\\/?s={search_term_string}\"},\"query-input\":{\"@type\":\"PropertyValueSpecification\",\"valueRequired\":true,\"valueName\":\"search_term_string\"}}],\"inLanguage\":\"es\"},{\"@type\":\"Organization\",\"@id\":\"https:\\\/\\\/webdelmaestrocmf.com\\\/portal\\\/#organization\",\"name\":\"Web del Maestro CMF\",\"alternateName\":\"WMCMF\",\"url\":\"https:\\\/\\\/webdelmaestrocmf.com\\\/portal\\\/\",\"logo\":{\"@type\":\"ImageObject\",\"inLanguage\":\"es\",\"@id\":\"https:\\\/\\\/webdelmaestrocmf.com\\\/portal\\\/#\\\/schema\\\/logo\\\/image\\\/\",\"url\":\"https:\\\/\\\/webdelmaestrocmf.com\\\/portal\\\/wp-content\\\/uploads\\\/2023\\\/01\\\/logo-wmcmf-2.png\",\"contentUrl\":\"https:\\\/\\\/webdelmaestrocmf.com\\\/portal\\\/wp-content\\\/uploads\\\/2023\\\/01\\\/logo-wmcmf-2.png\",\"width\":200,\"height\":60,\"caption\":\"Web del Maestro CMF\"},\"image\":{\"@id\":\"https:\\\/\\\/webdelmaestrocmf.com\\\/portal\\\/#\\\/schema\\\/logo\\\/image\\\/\"},\"sameAs\":[\"https:\\\/\\\/www.facebook.com\\\/WebdelMaestroCMF\\\/\",\"https:\\\/\\\/x.com\\\/cmf_w\",\"https:\\\/\\\/www.pinterest.com\\\/WMCMF\\\/\",\"https:\\\/\\\/www.linkedin.com\\\/company\\\/web-del-maestro-cmf\\\/\",\"https:\\\/\\\/www.instagram.com\\\/wmcmf\\\/\",\"https:\\\/\\\/www.youtube.com\\\/channel\\\/UCDPSvjbdodE5sHnC3OxutHw\",\"https:\\\/\\\/mastodon.social\\\/@wmcmf\",\"https:\\\/\\\/www.tiktok.com\\\/@webdelmaestrocmf\"]},{\"@type\":\"Person\",\"@id\":\"https:\\\/\\\/webdelmaestrocmf.com\\\/portal\\\/#\\\/schema\\\/person\\\/1072a2ed7bd960df8ef99a551fa35dc5\",\"name\":\"Web del Maestro CMF\",\"image\":{\"@type\":\"ImageObject\",\"inLanguage\":\"es\",\"@id\":\"https:\\\/\\\/secure.gravatar.com\\\/avatar\\\/23291dd5b5ae1077dcff3dbb04c3e02bd28403fa75af6d8787d5e97c5bbbe30b?s=96&d=mm&r=g\",\"url\":\"https:\\\/\\\/secure.gravatar.com\\\/avatar\\\/23291dd5b5ae1077dcff3dbb04c3e02bd28403fa75af6d8787d5e97c5bbbe30b?s=96&d=mm&r=g\",\"contentUrl\":\"https:\\\/\\\/secure.gravatar.com\\\/avatar\\\/23291dd5b5ae1077dcff3dbb04c3e02bd28403fa75af6d8787d5e97c5bbbe30b?s=96&d=mm&r=g\",\"caption\":\"Web del Maestro CMF\"},\"description\":\"Esta Web se cre\u00f3 sin fines de lucro, con fines educativos, cient\u00edficos y acad\u00e9micos, para personas que tengan dificultades y\\\/o inconvenientes en visualizar el material original. El objetivo es entregar recursos, compartir experiencias y materiales que ayuden a los padres de familia, maestros y estudiantes en su actualizaci\u00f3n y formaci\u00f3n permanente, en bien de la Educaci\u00f3n.\",\"sameAs\":[\"http:\\\/\\\/webdelmaestrocmf.com\\\/portal\",\"https:\\\/\\\/www.facebook.com\\\/WebdelMaestroCMF\\\/\",\"https:\\\/\\\/www.instagram.com\\\/wmcmf\\\/\",\"https:\\\/\\\/cl.linkedin.com\\\/company\\\/web-del-maestro-cmf\",\"https:\\\/\\\/www.pinterest.com\\\/WMCMF\\\/publicaciones\\\/\",\"https:\\\/\\\/x.com\\\/cmf_w\",\"https:\\\/\\\/www.youtube.com\\\/@WMCMF\"]}]}<\/script>\n<!-- \/ Yoast SEO plugin. -->","yoast_head_json":{"title":"For the Birds: un cortometraje sobre la importancia de la inclusi\u00f3n y la aceptaci\u00f3n - 2026","description":"El cortometraje \"For the Birds\" de Pixar nos ense\u00f1a una importante lecci\u00f3n sobre la inclusi\u00f3n y la aceptaci\u00f3n, a trav\u00e9s de una historia...","robots":{"index":"index","follow":"follow","max-snippet":"max-snippet:-1","max-image-preview":"max-image-preview:large","max-video-preview":"max-video-preview:-1"},"canonical":"https:\/\/webdelmaestrocmf.com\/portal\/for-the-birds-un-corto-con-un-importante-mensaje-sobre-inclusion-y-aceptacion-incluye-ficha-de-trabajo-para-el-docente\/","og_locale":"es_ES","og_type":"article","og_title":"For the Birds: un cortometraje sobre la importancia de la inclusi\u00f3n y la aceptaci\u00f3n - 2026","og_description":"El cortometraje \"For the Birds\" de Pixar nos ense\u00f1a una importante lecci\u00f3n sobre la inclusi\u00f3n y la aceptaci\u00f3n, a trav\u00e9s de una historia...","og_url":"https:\/\/webdelmaestrocmf.com\/portal\/for-the-birds-un-corto-con-un-importante-mensaje-sobre-inclusion-y-aceptacion-incluye-ficha-de-trabajo-para-el-docente\/","og_site_name":"Web del Maestro CMF","article_publisher":"https:\/\/www.facebook.com\/WebdelMaestroCMF\/","article_author":"https:\/\/www.facebook.com\/WebdelMaestroCMF\/","article_published_time":"2021-11-28T21:19:30+00:00","article_modified_time":"2023-10-27T01:16:02+00:00","og_image":[{"width":1100,"height":680,"url":"https:\/\/webdelmaestrocmf.com\/portal\/wp-content\/uploads\/2021\/09\/1-13.jpg","type":"image\/jpeg"}],"author":"Web del Maestro CMF","twitter_card":"summary_large_image","twitter_creator":"@cmf_w","twitter_site":"@cmf_w","schema":{"@context":"https:\/\/schema.org","@graph":[{"@type":"ScholarlyArticle","@id":"https:\/\/webdelmaestrocmf.com\/portal\/for-the-birds-un-corto-con-un-importante-mensaje-sobre-inclusion-y-aceptacion-incluye-ficha-de-trabajo-para-el-docente\/#article","isPartOf":{"@id":"https:\/\/webdelmaestrocmf.com\/portal\/for-the-birds-un-corto-con-un-importante-mensaje-sobre-inclusion-y-aceptacion-incluye-ficha-de-trabajo-para-el-docente\/"},"author":{"name":"Web del Maestro CMF","@id":"https:\/\/webdelmaestrocmf.com\/portal\/#\/schema\/person\/1072a2ed7bd960df8ef99a551fa35dc5"},"headline":"For the Birds: un cortometraje sobre la importancia de la inclusi\u00f3n y la aceptaci\u00f3n","datePublished":"2021-11-28T21:19:30+00:00","dateModified":"2023-10-27T01:16:02+00:00","mainEntityOfPage":{"@id":"https:\/\/webdelmaestrocmf.com\/portal\/for-the-birds-un-corto-con-un-importante-mensaje-sobre-inclusion-y-aceptacion-incluye-ficha-de-trabajo-para-el-docente\/"},"wordCount":561,"commentCount":0,"publisher":{"@id":"https:\/\/webdelmaestrocmf.com\/portal\/#organization"},"image":{"@id":"https:\/\/webdelmaestrocmf.com\/portal\/for-the-birds-un-corto-con-un-importante-mensaje-sobre-inclusion-y-aceptacion-incluye-ficha-de-trabajo-para-el-docente\/#primaryimage"},"thumbnailUrl":"https:\/\/webdelmaestrocmf.com\/portal\/wp-content\/uploads\/2021\/09\/1-13.jpg","keywords":["ACEPTACI\u00d3N","CORTO","For the birds","importante","INCLUSI\u00d3N","MENSAJE","SOBRE"],"articleSection":["Pel\u00edculas","Recursos"],"inLanguage":"es","potentialAction":[{"@type":"CommentAction","name":"Comment","target":["https:\/\/webdelmaestrocmf.com\/portal\/for-the-birds-un-corto-con-un-importante-mensaje-sobre-inclusion-y-aceptacion-incluye-ficha-de-trabajo-para-el-docente\/#respond"]}]},{"@type":"WebPage","@id":"https:\/\/webdelmaestrocmf.com\/portal\/for-the-birds-un-corto-con-un-importante-mensaje-sobre-inclusion-y-aceptacion-incluye-ficha-de-trabajo-para-el-docente\/","url":"https:\/\/webdelmaestrocmf.com\/portal\/for-the-birds-un-corto-con-un-importante-mensaje-sobre-inclusion-y-aceptacion-incluye-ficha-de-trabajo-para-el-docente\/","name":"For the Birds: un cortometraje sobre la importancia de la inclusi\u00f3n y la aceptaci\u00f3n - 2026","isPartOf":{"@id":"https:\/\/webdelmaestrocmf.com\/portal\/#website"},"primaryImageOfPage":{"@id":"https:\/\/webdelmaestrocmf.com\/portal\/for-the-birds-un-corto-con-un-importante-mensaje-sobre-inclusion-y-aceptacion-incluye-ficha-de-trabajo-para-el-docente\/#primaryimage"},"image":{"@id":"https:\/\/webdelmaestrocmf.com\/portal\/for-the-birds-un-corto-con-un-importante-mensaje-sobre-inclusion-y-aceptacion-incluye-ficha-de-trabajo-para-el-docente\/#primaryimage"},"thumbnailUrl":"https:\/\/webdelmaestrocmf.com\/portal\/wp-content\/uploads\/2021\/09\/1-13.jpg","datePublished":"2021-11-28T21:19:30+00:00","dateModified":"2023-10-27T01:16:02+00:00","description":"El cortometraje \"For the Birds\" de Pixar nos ense\u00f1a una importante lecci\u00f3n sobre la inclusi\u00f3n y la aceptaci\u00f3n, a trav\u00e9s de una historia...","breadcrumb":{"@id":"https:\/\/webdelmaestrocmf.com\/portal\/for-the-birds-un-corto-con-un-importante-mensaje-sobre-inclusion-y-aceptacion-incluye-ficha-de-trabajo-para-el-docente\/#breadcrumb"},"inLanguage":"es","potentialAction":[{"@type":"ReadAction","target":["https:\/\/webdelmaestrocmf.com\/portal\/for-the-birds-un-corto-con-un-importante-mensaje-sobre-inclusion-y-aceptacion-incluye-ficha-de-trabajo-para-el-docente\/"]}]},{"@type":"ImageObject","inLanguage":"es","@id":"https:\/\/webdelmaestrocmf.com\/portal\/for-the-birds-un-corto-con-un-importante-mensaje-sobre-inclusion-y-aceptacion-incluye-ficha-de-trabajo-para-el-docente\/#primaryimage","url":"https:\/\/webdelmaestrocmf.com\/portal\/wp-content\/uploads\/2021\/09\/1-13.jpg","contentUrl":"https:\/\/webdelmaestrocmf.com\/portal\/wp-content\/uploads\/2021\/09\/1-13.jpg","width":1100,"height":680,"caption":"For the Birds"},{"@type":"BreadcrumbList","@id":"https:\/\/webdelmaestrocmf.com\/portal\/for-the-birds-un-corto-con-un-importante-mensaje-sobre-inclusion-y-aceptacion-incluye-ficha-de-trabajo-para-el-docente\/#breadcrumb","itemListElement":[{"@type":"ListItem","position":1,"name":"Portada","item":"https:\/\/webdelmaestrocmf.com\/portal\/"},{"@type":"ListItem","position":2,"name":"Recursos","item":"https:\/\/webdelmaestrocmf.com\/portal\/category\/pedagogia\/"},{"@type":"ListItem","position":3,"name":"For the Birds: un cortometraje sobre la importancia de la inclusi\u00f3n y la aceptaci\u00f3n"}]},{"@type":"WebSite","@id":"https:\/\/webdelmaestrocmf.com\/portal\/#website","url":"https:\/\/webdelmaestrocmf.com\/portal\/","name":"Web del Maestro CMF","description":"Maestros al servicio de la educaci\u00f3n","publisher":{"@id":"https:\/\/webdelmaestrocmf.com\/portal\/#organization"},"alternateName":"WMCMF","potentialAction":[{"@type":"SearchAction","target":{"@type":"EntryPoint","urlTemplate":"https:\/\/webdelmaestrocmf.com\/portal\/?s={search_term_string}"},"query-input":{"@type":"PropertyValueSpecification","valueRequired":true,"valueName":"search_term_string"}}],"inLanguage":"es"},{"@type":"Organization","@id":"https:\/\/webdelmaestrocmf.com\/portal\/#organization","name":"Web del Maestro CMF","alternateName":"WMCMF","url":"https:\/\/webdelmaestrocmf.com\/portal\/","logo":{"@type":"ImageObject","inLanguage":"es","@id":"https:\/\/webdelmaestrocmf.com\/portal\/#\/schema\/logo\/image\/","url":"https:\/\/webdelmaestrocmf.com\/portal\/wp-content\/uploads\/2023\/01\/logo-wmcmf-2.png","contentUrl":"https:\/\/webdelmaestrocmf.com\/portal\/wp-content\/uploads\/2023\/01\/logo-wmcmf-2.png","width":200,"height":60,"caption":"Web del Maestro CMF"},"image":{"@id":"https:\/\/webdelmaestrocmf.com\/portal\/#\/schema\/logo\/image\/"},"sameAs":["https:\/\/www.facebook.com\/WebdelMaestroCMF\/","https:\/\/x.com\/cmf_w","https:\/\/www.pinterest.com\/WMCMF\/","https:\/\/www.linkedin.com\/company\/web-del-maestro-cmf\/","https:\/\/www.instagram.com\/wmcmf\/","https:\/\/www.youtube.com\/channel\/UCDPSvjbdodE5sHnC3OxutHw","https:\/\/mastodon.social\/@wmcmf","https:\/\/www.tiktok.com\/@webdelmaestrocmf"]},{"@type":"Person","@id":"https:\/\/webdelmaestrocmf.com\/portal\/#\/schema\/person\/1072a2ed7bd960df8ef99a551fa35dc5","name":"Web del Maestro CMF","image":{"@type":"ImageObject","inLanguage":"es","@id":"https:\/\/secure.gravatar.com\/avatar\/23291dd5b5ae1077dcff3dbb04c3e02bd28403fa75af6d8787d5e97c5bbbe30b?s=96&d=mm&r=g","url":"https:\/\/secure.gravatar.com\/avatar\/23291dd5b5ae1077dcff3dbb04c3e02bd28403fa75af6d8787d5e97c5bbbe30b?s=96&d=mm&r=g","contentUrl":"https:\/\/secure.gravatar.com\/avatar\/23291dd5b5ae1077dcff3dbb04c3e02bd28403fa75af6d8787d5e97c5bbbe30b?s=96&d=mm&r=g","caption":"Web del Maestro CMF"},"description":"Esta Web se cre\u00f3 sin fines de lucro, con fines educativos, cient\u00edficos y acad\u00e9micos, para personas que tengan dificultades y\/o inconvenientes en visualizar el material original. El objetivo es entregar recursos, compartir experiencias y materiales que ayuden a los padres de familia, maestros y estudiantes en su actualizaci\u00f3n y formaci\u00f3n permanente, en bien de la Educaci\u00f3n.","sameAs":["http:\/\/webdelmaestrocmf.com\/portal","https:\/\/www.facebook.com\/WebdelMaestroCMF\/","https:\/\/www.instagram.com\/wmcmf\/","https:\/\/cl.linkedin.com\/company\/web-del-maestro-cmf","https:\/\/www.pinterest.com\/WMCMF\/publicaciones\/","https:\/\/x.com\/cmf_w","https:\/\/www.youtube.com\/@WMCMF"]}]}},"jetpack_featured_media_url":"https:\/\/webdelmaestrocmf.com\/portal\/wp-content\/uploads\/2021\/09\/1-13.jpg","jetpack_sharing_enabled":true,"jetpack-related-posts":[{"id":68859,"url":"https:\/\/webdelmaestrocmf.com\/portal\/cortos-animados-increibles-para-trabajar-las-emociones\/","url_meta":{"origin":67432,"position":0},"title":"Cortos animados incre\u00edbles para trabajar las emociones","author":"Web del Maestro CMF","date":"5 octubre, 2021","format":false,"excerpt":"Para lograr el desarrollo integral de nuestros estudiantes, es fundamental ense\u00f1arles a manejar sus emociones. Abordar el tema no es f\u00e1cil pero con estos 8 cortos animados seguro resultar\u00e1 incre\u00edble. La inteligencia emocional, concepto que se hizo popular gracias al psic\u00f3logo estadounidense\u00a0Daniel Goleman, se ha definido como\u00a0la capacidad que tiene\u2026","rel":"","context":"En \u00abPel\u00edculas\u00bb","block_context":{"text":"Pel\u00edculas","link":"https:\/\/webdelmaestrocmf.com\/portal\/category\/pedagogia\/peliculas\/"},"img":{"alt_text":"","src":"https:\/\/i0.wp.com\/webdelmaestrocmf.com\/portal\/wp-content\/uploads\/2021\/10\/1-36.jpg?resize=350%2C200&ssl=1","width":350,"height":200,"srcset":"https:\/\/i0.wp.com\/webdelmaestrocmf.com\/portal\/wp-content\/uploads\/2021\/10\/1-36.jpg?resize=350%2C200&ssl=1 1x, https:\/\/i0.wp.com\/webdelmaestrocmf.com\/portal\/wp-content\/uploads\/2021\/10\/1-36.jpg?resize=525%2C300&ssl=1 1.5x, https:\/\/i0.wp.com\/webdelmaestrocmf.com\/portal\/wp-content\/uploads\/2021\/10\/1-36.jpg?resize=700%2C400&ssl=1 2x, https:\/\/i0.wp.com\/webdelmaestrocmf.com\/portal\/wp-content\/uploads\/2021\/10\/1-36.jpg?resize=1050%2C600&ssl=1 3x"},"classes":[]},{"id":47513,"url":"https:\/\/webdelmaestrocmf.com\/portal\/the-present-un-hermoso-y-conmovedor-cortometraje-para-hablar-de-emociones-empatia-e-inclusion\/","url_meta":{"origin":67432,"position":1},"title":"\u201cEl presente\u201d, un tierno corto para hablar de emociones, empat\u00eda e inclusi\u00f3n","author":"Web del Maestro CMF","date":"31 mayo, 2021","format":"video","excerpt":"Esta emotiva historia nos muestra a un ni\u00f1o que no se despega del televisor por estar embelesado con un videojuego, su madre llega con una caja y le insiste en que abra el regalo. Finalmente \u00e9l accede y se emociona cuando ve a un perrito, sin embargo le hace falta\u2026","rel":"","context":"En \u00abPel\u00edculas\u00bb","block_context":{"text":"Pel\u00edculas","link":"https:\/\/webdelmaestrocmf.com\/portal\/category\/pedagogia\/peliculas\/"},"img":{"alt_text":"","src":"https:\/\/i0.wp.com\/webdelmaestrocmf.com\/portal\/wp-content\/uploads\/2020\/05\/2-20.jpg?resize=350%2C200&ssl=1","width":350,"height":200,"srcset":"https:\/\/i0.wp.com\/webdelmaestrocmf.com\/portal\/wp-content\/uploads\/2020\/05\/2-20.jpg?resize=350%2C200&ssl=1 1x, https:\/\/i0.wp.com\/webdelmaestrocmf.com\/portal\/wp-content\/uploads\/2020\/05\/2-20.jpg?resize=525%2C300&ssl=1 1.5x, https:\/\/i0.wp.com\/webdelmaestrocmf.com\/portal\/wp-content\/uploads\/2020\/05\/2-20.jpg?resize=700%2C400&ssl=1 2x, https:\/\/i0.wp.com\/webdelmaestrocmf.com\/portal\/wp-content\/uploads\/2020\/05\/2-20.jpg?resize=1050%2C600&ssl=1 3x"},"classes":[]},{"id":55428,"url":"https:\/\/webdelmaestrocmf.com\/portal\/la-importancia-de-la-empatia-y-la-inclusion-en-un-tierno-cortometraje\/","url_meta":{"origin":67432,"position":2},"title":"La importancia de la empat\u00eda y la inclusi\u00f3n en un tierno cortometraje","author":"Web del Maestro CMF","date":"1 diciembre, 2020","format":false,"excerpt":"A trav\u00e9s del corto animado, \u201cRat\u00f3n en venta\u201d, podr\u00e1s facilitar el aprendizaje de valores de una forma atractiva. \u201cRat\u00f3n en venta\u201d cuenta la historia de Snicker, un tierno rat\u00f3n solitario que vive en una tienda para mascotas y espera \u2013entusiasmado\u2013 por ser adoptado.\u00a0El tierno corto animado fue escrito\u00a0y dirigido por\u2026","rel":"","context":"En \u00abPel\u00edculas\u00bb","block_context":{"text":"Pel\u00edculas","link":"https:\/\/webdelmaestrocmf.com\/portal\/category\/pedagogia\/peliculas\/"},"img":{"alt_text":"","src":"https:\/\/i0.wp.com\/webdelmaestrocmf.com\/portal\/wp-content\/uploads\/2020\/12\/1-copia-1.jpg?resize=350%2C200&ssl=1","width":350,"height":200,"srcset":"https:\/\/i0.wp.com\/webdelmaestrocmf.com\/portal\/wp-content\/uploads\/2020\/12\/1-copia-1.jpg?resize=350%2C200&ssl=1 1x, https:\/\/i0.wp.com\/webdelmaestrocmf.com\/portal\/wp-content\/uploads\/2020\/12\/1-copia-1.jpg?resize=525%2C300&ssl=1 1.5x, https:\/\/i0.wp.com\/webdelmaestrocmf.com\/portal\/wp-content\/uploads\/2020\/12\/1-copia-1.jpg?resize=700%2C400&ssl=1 2x, https:\/\/i0.wp.com\/webdelmaestrocmf.com\/portal\/wp-content\/uploads\/2020\/12\/1-copia-1.jpg?resize=1050%2C600&ssl=1 3x"},"classes":[]},{"id":89741,"url":"https:\/\/webdelmaestrocmf.com\/portal\/inclusion-educativa-que-es-y-como-se-aplica\/","url_meta":{"origin":67432,"position":3},"title":"Inclusi\u00f3n educativa \u00bfQu\u00e9 es y c\u00f3mo se aplica? Descarga las Herramientas de inclusi\u00f3n educativa para aulas diversas","author":"Web del Maestro CMF","date":"1 junio, 2023","format":false,"excerpt":"La inclusi\u00f3n educativa es un enfoque pedag\u00f3gico que busca garantizar que todos los estudiantes, independientemente de sus caracter\u00edsticas, necesidades o habilidades, tengan acceso equitativo a la educaci\u00f3n y participen plenamente en el proceso de ense\u00f1anza-aprendizaje. En un entorno inclusivo, se valora y respeta la diversidad, se promueve la igualdad de\u2026","rel":"","context":"En \u00abInclusi\u00f3n educativa\u00bb","block_context":{"text":"Inclusi\u00f3n educativa","link":"https:\/\/webdelmaestrocmf.com\/portal\/category\/pedagogia\/inclusion-educativa\/"},"img":{"alt_text":"","src":"https:\/\/i0.wp.com\/webdelmaestrocmf.com\/portal\/wp-content\/uploads\/2023\/06\/1A-Banner-1-portada-imagen-10-1-copia-2-1.jpg?resize=350%2C200&ssl=1","width":350,"height":200,"srcset":"https:\/\/i0.wp.com\/webdelmaestrocmf.com\/portal\/wp-content\/uploads\/2023\/06\/1A-Banner-1-portada-imagen-10-1-copia-2-1.jpg?resize=350%2C200&ssl=1 1x, https:\/\/i0.wp.com\/webdelmaestrocmf.com\/portal\/wp-content\/uploads\/2023\/06\/1A-Banner-1-portada-imagen-10-1-copia-2-1.jpg?resize=525%2C300&ssl=1 1.5x, https:\/\/i0.wp.com\/webdelmaestrocmf.com\/portal\/wp-content\/uploads\/2023\/06\/1A-Banner-1-portada-imagen-10-1-copia-2-1.jpg?resize=700%2C400&ssl=1 2x"},"classes":[]},{"id":33925,"url":"https:\/\/webdelmaestrocmf.com\/portal\/ian-un-corto-ganador-de-muchos-premios-que-puede-ayudar-a-estimular-la-inclusion-educativa-en-tus-alumnos\/","url_meta":{"origin":67432,"position":4},"title":"Ian: Un corto que ayudar\u00e1 a estimular la inclusi\u00f3n educativa","author":"Web del Maestro CMF","date":"26 noviembre, 2020","format":false,"excerpt":"Como comunidad educativa, y conscientes de nuestra tarea de instruir integralmente y formar en valores, no debemos dejar pasar la oportunidad que de aprovechar todos los recursos que consoliden el respeto, la responsabilidad, la tolerancia, la lealtad, la empat\u00eda, la solidaridad, ..., y que nos permitan educar en la inclusi\u00f3n\u2026","rel":"","context":"En \u00abPel\u00edculas\u00bb","block_context":{"text":"Pel\u00edculas","link":"https:\/\/webdelmaestrocmf.com\/portal\/category\/pedagogia\/peliculas\/"},"img":{"alt_text":"","src":"https:\/\/i0.wp.com\/webdelmaestrocmf.com\/portal\/wp-content\/uploads\/2018\/12\/1-copia.jpg?resize=350%2C200&ssl=1","width":350,"height":200,"srcset":"https:\/\/i0.wp.com\/webdelmaestrocmf.com\/portal\/wp-content\/uploads\/2018\/12\/1-copia.jpg?resize=350%2C200&ssl=1 1x, https:\/\/i0.wp.com\/webdelmaestrocmf.com\/portal\/wp-content\/uploads\/2018\/12\/1-copia.jpg?resize=525%2C300&ssl=1 1.5x, https:\/\/i0.wp.com\/webdelmaestrocmf.com\/portal\/wp-content\/uploads\/2018\/12\/1-copia.jpg?resize=700%2C400&ssl=1 2x, https:\/\/i0.wp.com\/webdelmaestrocmf.com\/portal\/wp-content\/uploads\/2018\/12\/1-copia.jpg?resize=1050%2C600&ssl=1 3x"},"classes":[]},{"id":41814,"url":"https:\/\/webdelmaestrocmf.com\/portal\/cuerdas-un-hermoso-corto-sobre-la-inclusion-social-respeto-amor-y-vocacion\/","url_meta":{"origin":67432,"position":5},"title":"Cuerdas: Un hermoso corto sobre la inclusi\u00f3n social, respeto, amor y vocaci\u00f3n","author":"Web del Maestro CMF","date":"17 noviembre, 2019","format":false,"excerpt":"Cuerdas es un corto de animaci\u00f3n espa\u00f1ol, escrito y dirigido por Pedro Sol\u00eds Garc\u00eda y producido por La fiesta P.C. Obtuvo el Premio Goya. Es el segundo premio Goya recibido por su director tras recibir el mismo galard\u00f3n por su cortometraje La Bruxa, en el a\u00f1o 2011. \"Cuerdas\" es un\u2026","rel":"","context":"En \u00abPel\u00edculas\u00bb","block_context":{"text":"Pel\u00edculas","link":"https:\/\/webdelmaestrocmf.com\/portal\/category\/pedagogia\/peliculas\/"},"img":{"alt_text":"cuerdas","src":"https:\/\/i0.wp.com\/webdelmaestrocmf.com\/portal\/wp-content\/uploads\/2019\/11\/1-58.jpg?resize=350%2C200&ssl=1","width":350,"height":200,"srcset":"https:\/\/i0.wp.com\/webdelmaestrocmf.com\/portal\/wp-content\/uploads\/2019\/11\/1-58.jpg?resize=350%2C200&ssl=1 1x, https:\/\/i0.wp.com\/webdelmaestrocmf.com\/portal\/wp-content\/uploads\/2019\/11\/1-58.jpg?resize=525%2C300&ssl=1 1.5x, https:\/\/i0.wp.com\/webdelmaestrocmf.com\/portal\/wp-content\/uploads\/2019\/11\/1-58.jpg?resize=700%2C400&ssl=1 2x, https:\/\/i0.wp.com\/webdelmaestrocmf.com\/portal\/wp-content\/uploads\/2019\/11\/1-58.jpg?resize=1050%2C600&ssl=1 3x"},"classes":[]}],"_links":{"self":[{"href":"https:\/\/webdelmaestrocmf.com\/portal\/wp-json\/wp\/v2\/posts\/67432","targetHints":{"allow":["GET"]}}],"collection":[{"href":"https:\/\/webdelmaestrocmf.com\/portal\/wp-json\/wp\/v2\/posts"}],"about":[{"href":"https:\/\/webdelmaestrocmf.com\/portal\/wp-json\/wp\/v2\/types\/post"}],"author":[{"embeddable":true,"href":"https:\/\/webdelmaestrocmf.com\/portal\/wp-json\/wp\/v2\/users\/1"}],"replies":[{"embeddable":true,"href":"https:\/\/webdelmaestrocmf.com\/portal\/wp-json\/wp\/v2\/comments?post=67432"}],"version-history":[{"count":0,"href":"https:\/\/webdelmaestrocmf.com\/portal\/wp-json\/wp\/v2\/posts\/67432\/revisions"}],"wp:featuredmedia":[{"embeddable":true,"href":"https:\/\/webdelmaestrocmf.com\/portal\/wp-json\/wp\/v2\/media\/67434"}],"wp:attachment":[{"href":"https:\/\/webdelmaestrocmf.com\/portal\/wp-json\/wp\/v2\/media?parent=67432"}],"wp:term":[{"taxonomy":"category","embeddable":true,"href":"https:\/\/webdelmaestrocmf.com\/portal\/wp-json\/wp\/v2\/categories?post=67432"},{"taxonomy":"post_tag","embeddable":true,"href":"https:\/\/webdelmaestrocmf.com\/portal\/wp-json\/wp\/v2\/tags?post=67432"}],"curies":[{"name":"wp","href":"https:\/\/api.w.org\/{rel}","templated":true}]}}