{"id":67419,"date":"2021-09-02T17:15:32","date_gmt":"2021-09-02T21:15:32","guid":{"rendered":"https:\/\/webdelmaestrocmf.com\/portal\/?p=67419"},"modified":"2021-09-03T10:49:34","modified_gmt":"2021-09-03T14:49:34","slug":"guia-para-el-regreso-responsable-a-las-escuelas-para-el-ciclo-escolar-2021-2022","status":"publish","type":"post","link":"https:\/\/webdelmaestrocmf.com\/portal\/guia-para-el-regreso-responsable-a-las-escuelas-para-el-ciclo-escolar-2021-2022\/","title":{"rendered":"Gu\u00eda para el regreso responsable a las escuelas para el Ciclo escolar 2021 &#8211; 2022"},"content":{"rendered":"<h5 style=\"text-align: justify;\">Gu\u00eda para el regreso responsable y ordenado a las escuelas. Ciclo escolar 2021-2022, es un documento que fue elaborado de manera conjunta por la Secretar\u00eda de Salud y la Secretar\u00eda de Educaci\u00f3n P\u00fablica. Recoge aportaciones de las autoridades educativas locales y de organizaciones nacionales e internacionales.<\/h5>\n<p><!--more--><\/p>\n<h5 style=\"text-align: justify;\">La SEP y la Secretar\u00eda de Salud\u00a0emitieron una \u201cGu\u00eda para el regreso responsable a las escuelas. Ciclo escolar 2021-22\u201c, en la cual se establece que\u00a0<strong>no se permitir\u00e1 que los alumnos acudan con un cubrebocas con v\u00e1lvulas, pero s\u00ed podr\u00e1n hacerlo con uno casero.<\/strong><\/h5>\n<p style=\"text-align: justify;\">Estos son los puntos que establece respecto al uso de cubrebocas:<\/p>\n<ul>\n<li style=\"text-align: justify;\">El alumnado debe llevar un cubreboca de repuesto, para cambiarlo durante la jornada escolar.<\/li>\n<li style=\"text-align: justify;\">Las escuelas, con el apoyo de las madres, padres de familia o tutores, deben contar con cubreboca de reserva para NNA que se presenten sin este aditamento en la escuela.<\/li>\n<li style=\"text-align: justify;\">Las medidas de protecci\u00f3n, como el uso del cubreboca, deben ser seguidos no s\u00f3lo en el interior de la escuela, sino que se debe portar de manera correcta en el transporte que se utilice.<\/li>\n<li style=\"text-align: justify;\">El cubreboca con v\u00e1lvulas de respiraci\u00f3n o ventilaci\u00f3n no est\u00e1 permitido, ya que el orificio presente en el material podr\u00eda permitir que las gotas de saliva salgan y lleguen a otras personas.\u00a0Tampoco se debe utilizar mascarilla N95 ya que su uso est\u00e1 reservado para el personal de salud.<\/li>\n<li style=\"text-align: justify;\">No se debe sustituir el cubreboca por careta, protectores faciales o lentes protectores ya que no son eficaces para proteger a la persona que lo porta ni a las personas que la rodean.<\/li>\n<\/ul>\n<p><img loading=\"lazy\" decoding=\"async\" class=\"alignnone size-large wp-image-67420\" src=\"https:\/\/webdelmaestrocmf.com\/portal\/wp-content\/uploads\/2021\/09\/1-8-1024x534.jpg\" alt=\"\" width=\"1024\" height=\"534\" srcset=\"https:\/\/webdelmaestrocmf.com\/portal\/wp-content\/uploads\/2021\/09\/1-8-1024x534.jpg 1024w, https:\/\/webdelmaestrocmf.com\/portal\/wp-content\/uploads\/2021\/09\/1-8-300x157.jpg 300w, https:\/\/webdelmaestrocmf.com\/portal\/wp-content\/uploads\/2021\/09\/1-8-768x401.jpg 768w, https:\/\/webdelmaestrocmf.com\/portal\/wp-content\/uploads\/2021\/09\/1-8-110x57.jpg 110w, https:\/\/webdelmaestrocmf.com\/portal\/wp-content\/uploads\/2021\/09\/1-8-200x104.jpg 200w, https:\/\/webdelmaestrocmf.com\/portal\/wp-content\/uploads\/2021\/09\/1-8-380x198.jpg 380w, https:\/\/webdelmaestrocmf.com\/portal\/wp-content\/uploads\/2021\/09\/1-8-255x133.jpg 255w, https:\/\/webdelmaestrocmf.com\/portal\/wp-content\/uploads\/2021\/09\/1-8-550x287.jpg 550w, https:\/\/webdelmaestrocmf.com\/portal\/wp-content\/uploads\/2021\/09\/1-8-800x417.jpg 800w, https:\/\/webdelmaestrocmf.com\/portal\/wp-content\/uploads\/2021\/09\/1-8-220x115.jpg 220w, https:\/\/webdelmaestrocmf.com\/portal\/wp-content\/uploads\/2021\/09\/1-8-400x209.jpg 400w, https:\/\/webdelmaestrocmf.com\/portal\/wp-content\/uploads\/2021\/09\/1-8-760x397.jpg 760w, https:\/\/webdelmaestrocmf.com\/portal\/wp-content\/uploads\/2021\/09\/1-8-510x266.jpg 510w, https:\/\/webdelmaestrocmf.com\/portal\/wp-content\/uploads\/2021\/09\/1-8-600x313.jpg 600w, https:\/\/webdelmaestrocmf.com\/portal\/wp-content\/uploads\/2021\/09\/1-8.jpg 1100w\" sizes=\"auto, (max-width: 1024px) 100vw, 1024px\" \/><\/p>\n<p style=\"text-align: center;\">Recomendamos a la Comunidad Educativa Digital tener en cuenta que, el enlace y\/o la carpeta en donde est\u00e1n alojados los libros, recursos y\/o materiales, no es administrado por la Web del Maestro CMF, pueda ser que en cuesti\u00f3n de d\u00edas (o seg\u00fan el tiempo transcurrido desde su publicaci\u00f3n), los enlaces no funcionen y el material ya no se encuentre disponible. Gracias por su comprensi\u00f3n.<\/p>\n<h3>ENLACE DE LECTURA:<\/h3>\n<p style=\"text-align: center;\">\u00a1Comparte y as\u00ed m\u00e1s docentes utilizar\u00e1n estos recursos\u00a0gratis! Muchas gracias.<\/p>\n<p><span style=\"color: #000000;\"><a style=\"color: #000000;\" href=\"https:\/\/coronavirus.gob.mx\/wp-content\/uploads\/2021\/08\/GuiaAperturaEscolar-SEP-20agosto202119hrs.pdf\" target=\"_blank\" rel=\"noopener\">GU\u00cdA PARA EL REGRESO RESPONSABLE A LAS ESCUELAS PARA EL CICLO ESCOLAR 2021 &#8211; 2022<\/a><\/span><\/p>\n\t\t<div class=\"pk-inline-posts\">\n\t\t\t\n\t\t\t<div class=\"pk-inline-posts-container pk-inline-posts-template-list\"\n\t\t\t\tdata-columns=\"1\">\n\t\t\t\t\t\t<article id=\"post-101267\" class=\"post-101267 post type-post status-publish format-standard has-post-thumbnail category-calculo category-descargas-manuales-pdf category-pedagogia tag-calculo tag-desarrollar tag-guia tag-mental tag-ninos cs-entry cs-video-wrap\">\n\t\t\t<div class=\"pk-post-outer\">\n\n\t\t\t\t\t\t\t\t<div class=\"pk-post-inner\">\n\t\t\t\t\t<div class=\"entry-thumbnail\">\n\t\t\t\t\t\t<div class=\"pk-overlay pk-overlay-ratio pk-ratio-landscape\">\n\t\t\t\t\t\t\t<div class=\"pk-overlay-background\">\n\t\t\t\t\t\t\t\t<a href=\"https:\/\/webdelmaestrocmf.com\/portal\/guia-para-desarrollar-el-calculo-mental-en-ninos\/\" class=\"pk-overlay-link\">\n\t\t\t\t\t\t\t\t\t<img loading=\"lazy\" decoding=\"async\" width=\"300\" height=\"225\" src=\"https:\/\/webdelmaestrocmf.com\/portal\/wp-content\/uploads\/2023\/11\/1AA-Banner-1-portada-imagen-10-1-copia-1-300x225.webp\" class=\"attachment-pk-thumbnail size-pk-thumbnail wp-post-image\" alt=\"\" \/>\t\t\t\t\t\t\t\t<\/a>\n\t\t\t\t\t\t\t<\/div>\n\t\t\t\t\t\t<\/div>\n\t\t\t\t\t<\/div>\n\t\t\t\t<\/div>\n\t\t\t\t\n\t\t\t\t<div class=\"pk-post-inner\">\n\t\t\t\t\t<header>\n\t\t\t\t\t\t<h3 class=\"pk-title\"><a href=\"https:\/\/webdelmaestrocmf.com\/portal\/guia-para-desarrollar-el-calculo-mental-en-ninos\/\" rel=\"bookmark\">Gu\u00eda pr\u00e1ctica para desarrollar el c\u00e1lculo mental en ni\u00f1os: descarga los tres cuadernillos de c\u00e1lculo mental<\/a><\/h3>\t\t\t\t\t<\/header><!-- .entry-header -->\n\t\t\t\t<\/div><!-- .post-inner -->\n\n\t\t\t<\/div><!-- .post-outer -->\n\t\t<\/article>\n\t\t\t\t<\/div>\n\t\t<\/div>\n\t\t\n","protected":false},"excerpt":{"rendered":"Gu\u00eda para el regreso responsable y ordenado a las escuelas. Ciclo escolar 2021-2022, es un documento que fue&hellip;","protected":false},"author":1,"featured_media":67421,"comment_status":"open","ping_status":"closed","sticky":false,"template":"","format":"standard","meta":{"csco_display_header_overlay":false,"csco_singular_sidebar":"default","csco_page_header_type":"default","csco_page_load_nextpost":"default","csco_post_video_location":[],"csco_post_video_location_hash":"","csco_post_video_url":"","csco_post_video_bg_start_time":0,"csco_post_video_bg_end_time":0,"csco_post_video_bg_volume":false,"_jetpack_memberships_contains_paid_content":false,"footnotes":""},"categories":[13992,2004,735],"tags":[3687,4787,4798,14081,608,155,3440],"class_list":{"0":"post-67419","1":"post","2":"type-post","3":"status-publish","4":"format-standard","5":"has-post-thumbnail","7":"category-covid","8":"category-descargas-manuales-pdf","9":"category-pedagogia","10":"tag-ciclo","11":"tag-covid","12":"tag-covid-19","13":"tag-egreso","14":"tag-escolar","15":"tag-escuelas","16":"tag-responsable","17":"cs-entry","18":"cs-video-wrap"},"yoast_head":"<!-- This site is optimized with the Yoast SEO plugin v27.5 - https:\/\/yoast.com\/product\/yoast-seo-wordpress\/ -->\n<title>Gu\u00eda para el regreso responsable a las escuelas para el Ciclo escolar 2021 - 2022 - 2026<\/title>\n<meta name=\"description\" content=\"Gu\u00eda para el regreso responsable y ordenado a las escuelas. Ciclo escolar 2021-2022, es un documento que fue elaborado de manera conjunta...\" \/>\n<meta name=\"robots\" content=\"index, follow, max-snippet:-1, max-image-preview:large, max-video-preview:-1\" \/>\n<link rel=\"canonical\" href=\"https:\/\/webdelmaestrocmf.com\/portal\/guia-para-el-regreso-responsable-a-las-escuelas-para-el-ciclo-escolar-2021-2022\/\" \/>\n<meta property=\"og:locale\" content=\"es_ES\" \/>\n<meta property=\"og:type\" content=\"article\" \/>\n<meta property=\"og:title\" content=\"Gu\u00eda para el regreso responsable a las escuelas para el Ciclo escolar 2021 - 2022 - 2026\" \/>\n<meta property=\"og:description\" content=\"Gu\u00eda para el regreso responsable y ordenado a las escuelas. Ciclo escolar 2021-2022, es un documento que fue elaborado de manera conjunta...\" \/>\n<meta property=\"og:url\" content=\"https:\/\/webdelmaestrocmf.com\/portal\/guia-para-el-regreso-responsable-a-las-escuelas-para-el-ciclo-escolar-2021-2022\/\" \/>\n<meta property=\"og:site_name\" content=\"Web del Maestro CMF\" \/>\n<meta property=\"article:publisher\" content=\"https:\/\/www.facebook.com\/WebdelMaestroCMF\/\" \/>\n<meta property=\"article:author\" content=\"https:\/\/www.facebook.com\/WebdelMaestroCMF\/\" \/>\n<meta property=\"article:published_time\" content=\"2021-09-02T21:15:32+00:00\" \/>\n<meta property=\"article:modified_time\" content=\"2021-09-03T14:49:34+00:00\" \/>\n<meta property=\"og:image\" content=\"https:\/\/i0.wp.com\/webdelmaestrocmf.com\/portal\/wp-content\/uploads\/2021\/09\/1-9.jpg?fit=1100%2C680&ssl=1\" \/>\n\t<meta property=\"og:image:width\" content=\"1100\" \/>\n\t<meta property=\"og:image:height\" content=\"680\" \/>\n\t<meta property=\"og:image:type\" content=\"image\/jpeg\" \/>\n<meta name=\"author\" content=\"Web del Maestro CMF\" \/>\n<meta name=\"twitter:card\" content=\"summary_large_image\" \/>\n<meta name=\"twitter:creator\" content=\"@cmf_w\" \/>\n<meta name=\"twitter:site\" content=\"@cmf_w\" \/>\n<script type=\"application\/ld+json\" class=\"yoast-schema-graph\">{\"@context\":\"https:\\\/\\\/schema.org\",\"@graph\":[{\"@type\":\"ScholarlyArticle\",\"@id\":\"https:\\\/\\\/webdelmaestrocmf.com\\\/portal\\\/guia-para-el-regreso-responsable-a-las-escuelas-para-el-ciclo-escolar-2021-2022\\\/#article\",\"isPartOf\":{\"@id\":\"https:\\\/\\\/webdelmaestrocmf.com\\\/portal\\\/guia-para-el-regreso-responsable-a-las-escuelas-para-el-ciclo-escolar-2021-2022\\\/\"},\"author\":{\"name\":\"Web del Maestro CMF\",\"@id\":\"https:\\\/\\\/webdelmaestrocmf.com\\\/portal\\\/#\\\/schema\\\/person\\\/1072a2ed7bd960df8ef99a551fa35dc5\"},\"headline\":\"Gu\u00eda para el regreso responsable a las escuelas para el Ciclo escolar 2021 &#8211; 2022\",\"datePublished\":\"2021-09-02T21:15:32+00:00\",\"dateModified\":\"2021-09-03T14:49:34+00:00\",\"mainEntityOfPage\":{\"@id\":\"https:\\\/\\\/webdelmaestrocmf.com\\\/portal\\\/guia-para-el-regreso-responsable-a-las-escuelas-para-el-ciclo-escolar-2021-2022\\\/\"},\"wordCount\":395,\"commentCount\":0,\"publisher\":{\"@id\":\"https:\\\/\\\/webdelmaestrocmf.com\\\/portal\\\/#organization\"},\"image\":{\"@id\":\"https:\\\/\\\/webdelmaestrocmf.com\\\/portal\\\/guia-para-el-regreso-responsable-a-las-escuelas-para-el-ciclo-escolar-2021-2022\\\/#primaryimage\"},\"thumbnailUrl\":\"https:\\\/\\\/webdelmaestrocmf.com\\\/portal\\\/wp-content\\\/uploads\\\/2021\\\/09\\\/1-9.jpg\",\"keywords\":[\"CICLO\",\"Covid\",\"Covid 19\",\"egreso\",\"ESCOLAR\",\"ESCUELAS\",\"RESPONSABLE\"],\"articleSection\":[\"Covid\",\"Descargas Manuales PDF\",\"Recursos\"],\"inLanguage\":\"es\",\"potentialAction\":[{\"@type\":\"CommentAction\",\"name\":\"Comment\",\"target\":[\"https:\\\/\\\/webdelmaestrocmf.com\\\/portal\\\/guia-para-el-regreso-responsable-a-las-escuelas-para-el-ciclo-escolar-2021-2022\\\/#respond\"]}]},{\"@type\":\"WebPage\",\"@id\":\"https:\\\/\\\/webdelmaestrocmf.com\\\/portal\\\/guia-para-el-regreso-responsable-a-las-escuelas-para-el-ciclo-escolar-2021-2022\\\/\",\"url\":\"https:\\\/\\\/webdelmaestrocmf.com\\\/portal\\\/guia-para-el-regreso-responsable-a-las-escuelas-para-el-ciclo-escolar-2021-2022\\\/\",\"name\":\"Gu\u00eda para el regreso responsable a las escuelas para el Ciclo escolar 2021 - 2022 - 2026\",\"isPartOf\":{\"@id\":\"https:\\\/\\\/webdelmaestrocmf.com\\\/portal\\\/#website\"},\"primaryImageOfPage\":{\"@id\":\"https:\\\/\\\/webdelmaestrocmf.com\\\/portal\\\/guia-para-el-regreso-responsable-a-las-escuelas-para-el-ciclo-escolar-2021-2022\\\/#primaryimage\"},\"image\":{\"@id\":\"https:\\\/\\\/webdelmaestrocmf.com\\\/portal\\\/guia-para-el-regreso-responsable-a-las-escuelas-para-el-ciclo-escolar-2021-2022\\\/#primaryimage\"},\"thumbnailUrl\":\"https:\\\/\\\/webdelmaestrocmf.com\\\/portal\\\/wp-content\\\/uploads\\\/2021\\\/09\\\/1-9.jpg\",\"datePublished\":\"2021-09-02T21:15:32+00:00\",\"dateModified\":\"2021-09-03T14:49:34+00:00\",\"description\":\"Gu\u00eda para el regreso responsable y ordenado a las escuelas. Ciclo escolar 2021-2022, es un documento que fue elaborado de manera conjunta...\",\"breadcrumb\":{\"@id\":\"https:\\\/\\\/webdelmaestrocmf.com\\\/portal\\\/guia-para-el-regreso-responsable-a-las-escuelas-para-el-ciclo-escolar-2021-2022\\\/#breadcrumb\"},\"inLanguage\":\"es\",\"potentialAction\":[{\"@type\":\"ReadAction\",\"target\":[\"https:\\\/\\\/webdelmaestrocmf.com\\\/portal\\\/guia-para-el-regreso-responsable-a-las-escuelas-para-el-ciclo-escolar-2021-2022\\\/\"]}]},{\"@type\":\"ImageObject\",\"inLanguage\":\"es\",\"@id\":\"https:\\\/\\\/webdelmaestrocmf.com\\\/portal\\\/guia-para-el-regreso-responsable-a-las-escuelas-para-el-ciclo-escolar-2021-2022\\\/#primaryimage\",\"url\":\"https:\\\/\\\/webdelmaestrocmf.com\\\/portal\\\/wp-content\\\/uploads\\\/2021\\\/09\\\/1-9.jpg\",\"contentUrl\":\"https:\\\/\\\/webdelmaestrocmf.com\\\/portal\\\/wp-content\\\/uploads\\\/2021\\\/09\\\/1-9.jpg\",\"width\":1100,\"height\":680},{\"@type\":\"BreadcrumbList\",\"@id\":\"https:\\\/\\\/webdelmaestrocmf.com\\\/portal\\\/guia-para-el-regreso-responsable-a-las-escuelas-para-el-ciclo-escolar-2021-2022\\\/#breadcrumb\",\"itemListElement\":[{\"@type\":\"ListItem\",\"position\":1,\"name\":\"Portada\",\"item\":\"https:\\\/\\\/webdelmaestrocmf.com\\\/portal\\\/\"},{\"@type\":\"ListItem\",\"position\":2,\"name\":\"Recursos\",\"item\":\"https:\\\/\\\/webdelmaestrocmf.com\\\/portal\\\/category\\\/pedagogia\\\/\"},{\"@type\":\"ListItem\",\"position\":3,\"name\":\"Gu\u00eda para el regreso responsable a las escuelas para el Ciclo escolar 2021 &#8211; 2022\"}]},{\"@type\":\"WebSite\",\"@id\":\"https:\\\/\\\/webdelmaestrocmf.com\\\/portal\\\/#website\",\"url\":\"https:\\\/\\\/webdelmaestrocmf.com\\\/portal\\\/\",\"name\":\"Web del Maestro CMF\",\"description\":\"Maestros al servicio de la educaci\u00f3n\",\"publisher\":{\"@id\":\"https:\\\/\\\/webdelmaestrocmf.com\\\/portal\\\/#organization\"},\"alternateName\":\"WMCMF\",\"potentialAction\":[{\"@type\":\"SearchAction\",\"target\":{\"@type\":\"EntryPoint\",\"urlTemplate\":\"https:\\\/\\\/webdelmaestrocmf.com\\\/portal\\\/?s={search_term_string}\"},\"query-input\":{\"@type\":\"PropertyValueSpecification\",\"valueRequired\":true,\"valueName\":\"search_term_string\"}}],\"inLanguage\":\"es\"},{\"@type\":\"Organization\",\"@id\":\"https:\\\/\\\/webdelmaestrocmf.com\\\/portal\\\/#organization\",\"name\":\"Web del Maestro CMF\",\"alternateName\":\"WMCMF\",\"url\":\"https:\\\/\\\/webdelmaestrocmf.com\\\/portal\\\/\",\"logo\":{\"@type\":\"ImageObject\",\"inLanguage\":\"es\",\"@id\":\"https:\\\/\\\/webdelmaestrocmf.com\\\/portal\\\/#\\\/schema\\\/logo\\\/image\\\/\",\"url\":\"https:\\\/\\\/webdelmaestrocmf.com\\\/portal\\\/wp-content\\\/uploads\\\/2023\\\/01\\\/logo-wmcmf-2.png\",\"contentUrl\":\"https:\\\/\\\/webdelmaestrocmf.com\\\/portal\\\/wp-content\\\/uploads\\\/2023\\\/01\\\/logo-wmcmf-2.png\",\"width\":200,\"height\":60,\"caption\":\"Web del Maestro CMF\"},\"image\":{\"@id\":\"https:\\\/\\\/webdelmaestrocmf.com\\\/portal\\\/#\\\/schema\\\/logo\\\/image\\\/\"},\"sameAs\":[\"https:\\\/\\\/www.facebook.com\\\/WebdelMaestroCMF\\\/\",\"https:\\\/\\\/x.com\\\/cmf_w\",\"https:\\\/\\\/www.pinterest.com\\\/WMCMF\\\/\",\"https:\\\/\\\/www.linkedin.com\\\/company\\\/web-del-maestro-cmf\\\/\",\"https:\\\/\\\/www.instagram.com\\\/wmcmf\\\/\",\"https:\\\/\\\/www.youtube.com\\\/channel\\\/UCDPSvjbdodE5sHnC3OxutHw\",\"https:\\\/\\\/mastodon.social\\\/@wmcmf\",\"https:\\\/\\\/www.tiktok.com\\\/@webdelmaestrocmf\"]},{\"@type\":\"Person\",\"@id\":\"https:\\\/\\\/webdelmaestrocmf.com\\\/portal\\\/#\\\/schema\\\/person\\\/1072a2ed7bd960df8ef99a551fa35dc5\",\"name\":\"Web del Maestro CMF\",\"image\":{\"@type\":\"ImageObject\",\"inLanguage\":\"es\",\"@id\":\"https:\\\/\\\/secure.gravatar.com\\\/avatar\\\/23291dd5b5ae1077dcff3dbb04c3e02bd28403fa75af6d8787d5e97c5bbbe30b?s=96&d=mm&r=g\",\"url\":\"https:\\\/\\\/secure.gravatar.com\\\/avatar\\\/23291dd5b5ae1077dcff3dbb04c3e02bd28403fa75af6d8787d5e97c5bbbe30b?s=96&d=mm&r=g\",\"contentUrl\":\"https:\\\/\\\/secure.gravatar.com\\\/avatar\\\/23291dd5b5ae1077dcff3dbb04c3e02bd28403fa75af6d8787d5e97c5bbbe30b?s=96&d=mm&r=g\",\"caption\":\"Web del Maestro CMF\"},\"description\":\"Esta Web se cre\u00f3 sin fines de lucro, con fines educativos, cient\u00edficos y acad\u00e9micos, para personas que tengan dificultades y\\\/o inconvenientes en visualizar el material original. El objetivo es entregar recursos, compartir experiencias y materiales que ayuden a los padres de familia, maestros y estudiantes en su actualizaci\u00f3n y formaci\u00f3n permanente, en bien de la Educaci\u00f3n.\",\"sameAs\":[\"http:\\\/\\\/webdelmaestrocmf.com\\\/portal\",\"https:\\\/\\\/www.facebook.com\\\/WebdelMaestroCMF\\\/\",\"https:\\\/\\\/www.instagram.com\\\/wmcmf\\\/\",\"https:\\\/\\\/cl.linkedin.com\\\/company\\\/web-del-maestro-cmf\",\"https:\\\/\\\/www.pinterest.com\\\/WMCMF\\\/publicaciones\\\/\",\"https:\\\/\\\/x.com\\\/cmf_w\",\"https:\\\/\\\/www.youtube.com\\\/@WMCMF\"]}]}<\/script>\n<!-- \/ Yoast SEO plugin. -->","yoast_head_json":{"title":"Gu\u00eda para el regreso responsable a las escuelas para el Ciclo escolar 2021 - 2022 - 2026","description":"Gu\u00eda para el regreso responsable y ordenado a las escuelas. Ciclo escolar 2021-2022, es un documento que fue elaborado de manera conjunta...","robots":{"index":"index","follow":"follow","max-snippet":"max-snippet:-1","max-image-preview":"max-image-preview:large","max-video-preview":"max-video-preview:-1"},"canonical":"https:\/\/webdelmaestrocmf.com\/portal\/guia-para-el-regreso-responsable-a-las-escuelas-para-el-ciclo-escolar-2021-2022\/","og_locale":"es_ES","og_type":"article","og_title":"Gu\u00eda para el regreso responsable a las escuelas para el Ciclo escolar 2021 - 2022 - 2026","og_description":"Gu\u00eda para el regreso responsable y ordenado a las escuelas. Ciclo escolar 2021-2022, es un documento que fue elaborado de manera conjunta...","og_url":"https:\/\/webdelmaestrocmf.com\/portal\/guia-para-el-regreso-responsable-a-las-escuelas-para-el-ciclo-escolar-2021-2022\/","og_site_name":"Web del Maestro CMF","article_publisher":"https:\/\/www.facebook.com\/WebdelMaestroCMF\/","article_author":"https:\/\/www.facebook.com\/WebdelMaestroCMF\/","article_published_time":"2021-09-02T21:15:32+00:00","article_modified_time":"2021-09-03T14:49:34+00:00","og_image":[{"width":1100,"height":680,"url":"https:\/\/i0.wp.com\/webdelmaestrocmf.com\/portal\/wp-content\/uploads\/2021\/09\/1-9.jpg?fit=1100%2C680&ssl=1","type":"image\/jpeg"}],"author":"Web del Maestro CMF","twitter_card":"summary_large_image","twitter_creator":"@cmf_w","twitter_site":"@cmf_w","schema":{"@context":"https:\/\/schema.org","@graph":[{"@type":"ScholarlyArticle","@id":"https:\/\/webdelmaestrocmf.com\/portal\/guia-para-el-regreso-responsable-a-las-escuelas-para-el-ciclo-escolar-2021-2022\/#article","isPartOf":{"@id":"https:\/\/webdelmaestrocmf.com\/portal\/guia-para-el-regreso-responsable-a-las-escuelas-para-el-ciclo-escolar-2021-2022\/"},"author":{"name":"Web del Maestro CMF","@id":"https:\/\/webdelmaestrocmf.com\/portal\/#\/schema\/person\/1072a2ed7bd960df8ef99a551fa35dc5"},"headline":"Gu\u00eda para el regreso responsable a las escuelas para el Ciclo escolar 2021 &#8211; 2022","datePublished":"2021-09-02T21:15:32+00:00","dateModified":"2021-09-03T14:49:34+00:00","mainEntityOfPage":{"@id":"https:\/\/webdelmaestrocmf.com\/portal\/guia-para-el-regreso-responsable-a-las-escuelas-para-el-ciclo-escolar-2021-2022\/"},"wordCount":395,"commentCount":0,"publisher":{"@id":"https:\/\/webdelmaestrocmf.com\/portal\/#organization"},"image":{"@id":"https:\/\/webdelmaestrocmf.com\/portal\/guia-para-el-regreso-responsable-a-las-escuelas-para-el-ciclo-escolar-2021-2022\/#primaryimage"},"thumbnailUrl":"https:\/\/webdelmaestrocmf.com\/portal\/wp-content\/uploads\/2021\/09\/1-9.jpg","keywords":["CICLO","Covid","Covid 19","egreso","ESCOLAR","ESCUELAS","RESPONSABLE"],"articleSection":["Covid","Descargas Manuales PDF","Recursos"],"inLanguage":"es","potentialAction":[{"@type":"CommentAction","name":"Comment","target":["https:\/\/webdelmaestrocmf.com\/portal\/guia-para-el-regreso-responsable-a-las-escuelas-para-el-ciclo-escolar-2021-2022\/#respond"]}]},{"@type":"WebPage","@id":"https:\/\/webdelmaestrocmf.com\/portal\/guia-para-el-regreso-responsable-a-las-escuelas-para-el-ciclo-escolar-2021-2022\/","url":"https:\/\/webdelmaestrocmf.com\/portal\/guia-para-el-regreso-responsable-a-las-escuelas-para-el-ciclo-escolar-2021-2022\/","name":"Gu\u00eda para el regreso responsable a las escuelas para el Ciclo escolar 2021 - 2022 - 2026","isPartOf":{"@id":"https:\/\/webdelmaestrocmf.com\/portal\/#website"},"primaryImageOfPage":{"@id":"https:\/\/webdelmaestrocmf.com\/portal\/guia-para-el-regreso-responsable-a-las-escuelas-para-el-ciclo-escolar-2021-2022\/#primaryimage"},"image":{"@id":"https:\/\/webdelmaestrocmf.com\/portal\/guia-para-el-regreso-responsable-a-las-escuelas-para-el-ciclo-escolar-2021-2022\/#primaryimage"},"thumbnailUrl":"https:\/\/webdelmaestrocmf.com\/portal\/wp-content\/uploads\/2021\/09\/1-9.jpg","datePublished":"2021-09-02T21:15:32+00:00","dateModified":"2021-09-03T14:49:34+00:00","description":"Gu\u00eda para el regreso responsable y ordenado a las escuelas. Ciclo escolar 2021-2022, es un documento que fue elaborado de manera conjunta...","breadcrumb":{"@id":"https:\/\/webdelmaestrocmf.com\/portal\/guia-para-el-regreso-responsable-a-las-escuelas-para-el-ciclo-escolar-2021-2022\/#breadcrumb"},"inLanguage":"es","potentialAction":[{"@type":"ReadAction","target":["https:\/\/webdelmaestrocmf.com\/portal\/guia-para-el-regreso-responsable-a-las-escuelas-para-el-ciclo-escolar-2021-2022\/"]}]},{"@type":"ImageObject","inLanguage":"es","@id":"https:\/\/webdelmaestrocmf.com\/portal\/guia-para-el-regreso-responsable-a-las-escuelas-para-el-ciclo-escolar-2021-2022\/#primaryimage","url":"https:\/\/webdelmaestrocmf.com\/portal\/wp-content\/uploads\/2021\/09\/1-9.jpg","contentUrl":"https:\/\/webdelmaestrocmf.com\/portal\/wp-content\/uploads\/2021\/09\/1-9.jpg","width":1100,"height":680},{"@type":"BreadcrumbList","@id":"https:\/\/webdelmaestrocmf.com\/portal\/guia-para-el-regreso-responsable-a-las-escuelas-para-el-ciclo-escolar-2021-2022\/#breadcrumb","itemListElement":[{"@type":"ListItem","position":1,"name":"Portada","item":"https:\/\/webdelmaestrocmf.com\/portal\/"},{"@type":"ListItem","position":2,"name":"Recursos","item":"https:\/\/webdelmaestrocmf.com\/portal\/category\/pedagogia\/"},{"@type":"ListItem","position":3,"name":"Gu\u00eda para el regreso responsable a las escuelas para el Ciclo escolar 2021 &#8211; 2022"}]},{"@type":"WebSite","@id":"https:\/\/webdelmaestrocmf.com\/portal\/#website","url":"https:\/\/webdelmaestrocmf.com\/portal\/","name":"Web del Maestro CMF","description":"Maestros al servicio de la educaci\u00f3n","publisher":{"@id":"https:\/\/webdelmaestrocmf.com\/portal\/#organization"},"alternateName":"WMCMF","potentialAction":[{"@type":"SearchAction","target":{"@type":"EntryPoint","urlTemplate":"https:\/\/webdelmaestrocmf.com\/portal\/?s={search_term_string}"},"query-input":{"@type":"PropertyValueSpecification","valueRequired":true,"valueName":"search_term_string"}}],"inLanguage":"es"},{"@type":"Organization","@id":"https:\/\/webdelmaestrocmf.com\/portal\/#organization","name":"Web del Maestro CMF","alternateName":"WMCMF","url":"https:\/\/webdelmaestrocmf.com\/portal\/","logo":{"@type":"ImageObject","inLanguage":"es","@id":"https:\/\/webdelmaestrocmf.com\/portal\/#\/schema\/logo\/image\/","url":"https:\/\/webdelmaestrocmf.com\/portal\/wp-content\/uploads\/2023\/01\/logo-wmcmf-2.png","contentUrl":"https:\/\/webdelmaestrocmf.com\/portal\/wp-content\/uploads\/2023\/01\/logo-wmcmf-2.png","width":200,"height":60,"caption":"Web del Maestro CMF"},"image":{"@id":"https:\/\/webdelmaestrocmf.com\/portal\/#\/schema\/logo\/image\/"},"sameAs":["https:\/\/www.facebook.com\/WebdelMaestroCMF\/","https:\/\/x.com\/cmf_w","https:\/\/www.pinterest.com\/WMCMF\/","https:\/\/www.linkedin.com\/company\/web-del-maestro-cmf\/","https:\/\/www.instagram.com\/wmcmf\/","https:\/\/www.youtube.com\/channel\/UCDPSvjbdodE5sHnC3OxutHw","https:\/\/mastodon.social\/@wmcmf","https:\/\/www.tiktok.com\/@webdelmaestrocmf"]},{"@type":"Person","@id":"https:\/\/webdelmaestrocmf.com\/portal\/#\/schema\/person\/1072a2ed7bd960df8ef99a551fa35dc5","name":"Web del Maestro CMF","image":{"@type":"ImageObject","inLanguage":"es","@id":"https:\/\/secure.gravatar.com\/avatar\/23291dd5b5ae1077dcff3dbb04c3e02bd28403fa75af6d8787d5e97c5bbbe30b?s=96&d=mm&r=g","url":"https:\/\/secure.gravatar.com\/avatar\/23291dd5b5ae1077dcff3dbb04c3e02bd28403fa75af6d8787d5e97c5bbbe30b?s=96&d=mm&r=g","contentUrl":"https:\/\/secure.gravatar.com\/avatar\/23291dd5b5ae1077dcff3dbb04c3e02bd28403fa75af6d8787d5e97c5bbbe30b?s=96&d=mm&r=g","caption":"Web del Maestro CMF"},"description":"Esta Web se cre\u00f3 sin fines de lucro, con fines educativos, cient\u00edficos y acad\u00e9micos, para personas que tengan dificultades y\/o inconvenientes en visualizar el material original. El objetivo es entregar recursos, compartir experiencias y materiales que ayuden a los padres de familia, maestros y estudiantes en su actualizaci\u00f3n y formaci\u00f3n permanente, en bien de la Educaci\u00f3n.","sameAs":["http:\/\/webdelmaestrocmf.com\/portal","https:\/\/www.facebook.com\/WebdelMaestroCMF\/","https:\/\/www.instagram.com\/wmcmf\/","https:\/\/cl.linkedin.com\/company\/web-del-maestro-cmf","https:\/\/www.pinterest.com\/WMCMF\/publicaciones\/","https:\/\/x.com\/cmf_w","https:\/\/www.youtube.com\/@WMCMF"]}]}},"jetpack_featured_media_url":"https:\/\/webdelmaestrocmf.com\/portal\/wp-content\/uploads\/2021\/09\/1-9.jpg","jetpack_sharing_enabled":true,"jetpack-related-posts":[{"id":49680,"url":"https:\/\/webdelmaestrocmf.com\/portal\/mexico-el-inicio-del-ciclo-escolar-sera-el-24-de-agosto-a-distancia-y-por-television\/","url_meta":{"origin":67419,"position":0},"title":"M\u00e9xico: El inicio del ciclo escolar ser\u00e1 el 24 de agosto a distancia y por televisi\u00f3n","author":"Web del Maestro CMF","date":"3 agosto, 2020","format":false,"excerpt":"El titular de la Secretar\u00eda de Educaci\u00f3n P\u00fablica (SEP)\u00a0Esteban Moctezuma Barrag\u00e1n\u00a0confirm\u00f3 que el ciclo escolar 2020-2021 comenzar\u00e1 el pr\u00f3ximo lunes\u00a024 de agosto. Las\u00a0clases\u00a0dar\u00e1n inicio\u00a0a distancia\u00a0con el apoyo de las principales televisoras del pa\u00eds al no existir condiciones de salubridad para iniciar de forma presencial. En conferencia de prensa desde Palacio\u2026","rel":"","context":"En \u00abNoticias\u00bb","block_context":{"text":"Noticias","link":"https:\/\/webdelmaestrocmf.com\/portal\/category\/pedagogia\/noticias-pedagogia\/"},"img":{"alt_text":"","src":"https:\/\/i0.wp.com\/webdelmaestrocmf.com\/portal\/wp-content\/uploads\/2020\/08\/1-9.jpg?resize=350%2C200&ssl=1","width":350,"height":200,"srcset":"https:\/\/i0.wp.com\/webdelmaestrocmf.com\/portal\/wp-content\/uploads\/2020\/08\/1-9.jpg?resize=350%2C200&ssl=1 1x, https:\/\/i0.wp.com\/webdelmaestrocmf.com\/portal\/wp-content\/uploads\/2020\/08\/1-9.jpg?resize=525%2C300&ssl=1 1.5x, https:\/\/i0.wp.com\/webdelmaestrocmf.com\/portal\/wp-content\/uploads\/2020\/08\/1-9.jpg?resize=700%2C400&ssl=1 2x, https:\/\/i0.wp.com\/webdelmaestrocmf.com\/portal\/wp-content\/uploads\/2020\/08\/1-9.jpg?resize=1050%2C600&ssl=1 3x"},"classes":[]},{"id":49054,"url":"https:\/\/webdelmaestrocmf.com\/portal\/sector-educativo-protocolo-de-accion-ante-covid-19-para-el-inicio-del-ciclo-escolar-2020-2021\/","url_meta":{"origin":67419,"position":1},"title":"Sector Educativo: Protocolo de acci\u00f3n ante Covid para el inicio del Ciclo Escolar","author":"Web del Maestro CMF","date":"13 julio, 2020","format":false,"excerpt":"Ning\u00fan sistema educativo estaba preparado para la pandemia que estamos viviendo. La necesidad imperiosa de cerrar planteles educativos y de transitar a diversas modalidades de educaci\u00f3n a distancia a fin de contener la propagaci\u00f3n del COVID 19 nos tom\u00f3 de sorpresa a todos. La pandemia provoc\u00f3 que este a\u00f1o 2.4\u2026","rel":"","context":"En \u00abDescargas Manuales PDF\u00bb","block_context":{"text":"Descargas Manuales PDF","link":"https:\/\/webdelmaestrocmf.com\/portal\/category\/pedagogia\/descargas-manuales-pdf\/"},"img":{"alt_text":"","src":"https:\/\/i0.wp.com\/webdelmaestrocmf.com\/portal\/wp-content\/uploads\/2020\/07\/1-45.jpg?resize=350%2C200&ssl=1","width":350,"height":200,"srcset":"https:\/\/i0.wp.com\/webdelmaestrocmf.com\/portal\/wp-content\/uploads\/2020\/07\/1-45.jpg?resize=350%2C200&ssl=1 1x, https:\/\/i0.wp.com\/webdelmaestrocmf.com\/portal\/wp-content\/uploads\/2020\/07\/1-45.jpg?resize=525%2C300&ssl=1 1.5x, https:\/\/i0.wp.com\/webdelmaestrocmf.com\/portal\/wp-content\/uploads\/2020\/07\/1-45.jpg?resize=700%2C400&ssl=1 2x, https:\/\/i0.wp.com\/webdelmaestrocmf.com\/portal\/wp-content\/uploads\/2020\/07\/1-45.jpg?resize=1050%2C600&ssl=1 3x"},"classes":[]},{"id":67278,"url":"https:\/\/webdelmaestrocmf.com\/portal\/maestra-se-quita-cubrebocas-para-leer-y-contagio-de-covid-19-a-mas-de-la-mitad-de-sus-alumnos\/","url_meta":{"origin":67419,"position":2},"title":"Maestra se quita cubrebocas para leer y contagi\u00f3 de covid-19 a m\u00e1s de la mitad de sus alumnos","author":"Web del Maestro CMF","date":"30 agosto, 2021","format":false,"excerpt":"Una maestra de primaria no vacunada que se quit\u00f3 la mascarilla para leer a sus alumnos acab\u00f3 infectando a m\u00e1s de la mitad de ellos el pasado mes de mayo, y estos a su vez contagiaron a otros estudiantes, familiares y miembros de la comunidad, seg\u00fan informaron el viernes las\u2026","rel":"","context":"En \u00abNoticias\u00bb","block_context":{"text":"Noticias","link":"https:\/\/webdelmaestrocmf.com\/portal\/category\/pedagogia\/noticias-pedagogia\/"},"img":{"alt_text":"","src":"https:\/\/i0.wp.com\/webdelmaestrocmf.com\/portal\/wp-content\/uploads\/2021\/08\/1-214.jpg?resize=350%2C200&ssl=1","width":350,"height":200,"srcset":"https:\/\/i0.wp.com\/webdelmaestrocmf.com\/portal\/wp-content\/uploads\/2021\/08\/1-214.jpg?resize=350%2C200&ssl=1 1x, https:\/\/i0.wp.com\/webdelmaestrocmf.com\/portal\/wp-content\/uploads\/2021\/08\/1-214.jpg?resize=525%2C300&ssl=1 1.5x, https:\/\/i0.wp.com\/webdelmaestrocmf.com\/portal\/wp-content\/uploads\/2021\/08\/1-214.jpg?resize=700%2C400&ssl=1 2x, https:\/\/i0.wp.com\/webdelmaestrocmf.com\/portal\/wp-content\/uploads\/2021\/08\/1-214.jpg?resize=1050%2C600&ssl=1 3x"},"classes":[]},{"id":64317,"url":"https:\/\/webdelmaestrocmf.com\/portal\/fallecen-de-covid-cuatro-maestros-que-estaban-vacunados-sus-colegas-afirman-que-no-hay-condiciones-para-el-comienzo-de-las-clases-presenciales\/","url_meta":{"origin":67419,"position":3},"title":"Fallecen de Covid cuatro maestros que estaban vacunados","author":"Web del Maestro CMF","date":"23 junio, 2021","format":false,"excerpt":"Chilpancingo, M\u00e9xico.- La Coordinadora Estatal de Trabajadores de la Educaci\u00f3n en Guerrero (Ceteg)\u00a0denunci\u00f3 que han muerto cuatro profesores con\u00a0s\u00edntomas de Covid-19, pese a estar vacunados. Asimismo rechazaron que se retomen las clases presenciales sin que toda la poblaci\u00f3n est\u00e9 vacunada. El martes, el gobernador H\u00e9ctor Astudillo Flores\u00a0instal\u00f3 el Comit\u00e9 Estatal\u2026","rel":"","context":"En \u00abNoticias\u00bb","block_context":{"text":"Noticias","link":"https:\/\/webdelmaestrocmf.com\/portal\/category\/pedagogia\/noticias-pedagogia\/"},"img":{"alt_text":"","src":"https:\/\/i0.wp.com\/webdelmaestrocmf.com\/portal\/wp-content\/uploads\/2021\/02\/luto.jpg?resize=350%2C200&ssl=1","width":350,"height":200,"srcset":"https:\/\/i0.wp.com\/webdelmaestrocmf.com\/portal\/wp-content\/uploads\/2021\/02\/luto.jpg?resize=350%2C200&ssl=1 1x, https:\/\/i0.wp.com\/webdelmaestrocmf.com\/portal\/wp-content\/uploads\/2021\/02\/luto.jpg?resize=525%2C300&ssl=1 1.5x, https:\/\/i0.wp.com\/webdelmaestrocmf.com\/portal\/wp-content\/uploads\/2021\/02\/luto.jpg?resize=700%2C400&ssl=1 2x, https:\/\/i0.wp.com\/webdelmaestrocmf.com\/portal\/wp-content\/uploads\/2021\/02\/luto.jpg?resize=1050%2C600&ssl=1 3x"},"classes":[]},{"id":47708,"url":"https:\/\/webdelmaestrocmf.com\/portal\/sesion-ordinaria-de-cierre-del-ciclo-escolar-ante-covid-19-fichero-criterios-de-acreditacion-promocion-y-certificacion\/","url_meta":{"origin":67419,"position":4},"title":"Sesi\u00f3n Ordinaria de Cierre del Ciclo Escolar ante COVID-19: Fichero, Criterios de acreditaci\u00f3n, promoci\u00f3n y certificaci\u00f3n","author":"Web del Maestro CMF","date":"6 junio, 2020","format":false,"excerpt":"Consejo T\u00e9cnico Escolar. Sesi\u00f3n Ordinaria de cierre del ciclo escolar 2019-2020 ante COVID-19. Educaci\u00f3n B\u00e1sica. La Gu\u00eda de trabajo fue elaborada por la Direcci\u00f3n General de Desarrollo de la Gesti\u00f3n Educativa, de la Subsecretar\u00eda de Educaci\u00f3n B\u00e1sica, de la Secretar\u00eda de Educaci\u00f3n P\u00fablica - M\u00e9xico. Por acuerdo del Consejo Nacional\u2026","rel":"","context":"En \u00abDescargas Manuales PDF\u00bb","block_context":{"text":"Descargas Manuales PDF","link":"https:\/\/webdelmaestrocmf.com\/portal\/category\/pedagogia\/descargas-manuales-pdf\/"},"img":{"alt_text":"","src":"https:\/\/i0.wp.com\/webdelmaestrocmf.com\/portal\/wp-content\/uploads\/2020\/06\/1-35.jpg?resize=350%2C200&ssl=1","width":350,"height":200,"srcset":"https:\/\/i0.wp.com\/webdelmaestrocmf.com\/portal\/wp-content\/uploads\/2020\/06\/1-35.jpg?resize=350%2C200&ssl=1 1x, https:\/\/i0.wp.com\/webdelmaestrocmf.com\/portal\/wp-content\/uploads\/2020\/06\/1-35.jpg?resize=525%2C300&ssl=1 1.5x, https:\/\/i0.wp.com\/webdelmaestrocmf.com\/portal\/wp-content\/uploads\/2020\/06\/1-35.jpg?resize=700%2C400&ssl=1 2x, https:\/\/i0.wp.com\/webdelmaestrocmf.com\/portal\/wp-content\/uploads\/2020\/06\/1-35.jpg?resize=1050%2C600&ssl=1 3x"},"classes":[]},{"id":55411,"url":"https:\/\/webdelmaestrocmf.com\/portal\/hong-kong-vuelve-a-cerrar-sus-escuelas-por-el-covid-19\/","url_meta":{"origin":67419,"position":5},"title":"Hong Kong vuelve a cerrar sus escuelas para intentar frenar la cuarta oleada de COVID-19","author":"Web del Maestro CMF","date":"30 noviembre, 2020","format":false,"excerpt":"Las escuelas hongkonesas suspendieron las clases presenciales a primeros de febrero, pero se reanudaron brevemente en el verano asi\u00e1tico, para detenerse de nuevo en julio, cuando se dispar\u00f3 una tercera ola de infecciones de la COVID-19.\u00a0 En setiembre de este a\u00f1o (2020), Hong Kong se finaliz\u00f3 el retorno a las\u2026","rel":"","context":"En \u00abYo opino - WMCMF\u00bb","block_context":{"text":"Yo opino - WMCMF","link":"https:\/\/webdelmaestrocmf.com\/portal\/category\/jamb\/"},"img":{"alt_text":"","src":"https:\/\/i0.wp.com\/webdelmaestrocmf.com\/portal\/wp-content\/uploads\/2020\/11\/1-copia-84.jpg?resize=350%2C200&ssl=1","width":350,"height":200,"srcset":"https:\/\/i0.wp.com\/webdelmaestrocmf.com\/portal\/wp-content\/uploads\/2020\/11\/1-copia-84.jpg?resize=350%2C200&ssl=1 1x, https:\/\/i0.wp.com\/webdelmaestrocmf.com\/portal\/wp-content\/uploads\/2020\/11\/1-copia-84.jpg?resize=525%2C300&ssl=1 1.5x, https:\/\/i0.wp.com\/webdelmaestrocmf.com\/portal\/wp-content\/uploads\/2020\/11\/1-copia-84.jpg?resize=700%2C400&ssl=1 2x, https:\/\/i0.wp.com\/webdelmaestrocmf.com\/portal\/wp-content\/uploads\/2020\/11\/1-copia-84.jpg?resize=1050%2C600&ssl=1 3x"},"classes":[]}],"_links":{"self":[{"href":"https:\/\/webdelmaestrocmf.com\/portal\/wp-json\/wp\/v2\/posts\/67419","targetHints":{"allow":["GET"]}}],"collection":[{"href":"https:\/\/webdelmaestrocmf.com\/portal\/wp-json\/wp\/v2\/posts"}],"about":[{"href":"https:\/\/webdelmaestrocmf.com\/portal\/wp-json\/wp\/v2\/types\/post"}],"author":[{"embeddable":true,"href":"https:\/\/webdelmaestrocmf.com\/portal\/wp-json\/wp\/v2\/users\/1"}],"replies":[{"embeddable":true,"href":"https:\/\/webdelmaestrocmf.com\/portal\/wp-json\/wp\/v2\/comments?post=67419"}],"version-history":[{"count":0,"href":"https:\/\/webdelmaestrocmf.com\/portal\/wp-json\/wp\/v2\/posts\/67419\/revisions"}],"wp:featuredmedia":[{"embeddable":true,"href":"https:\/\/webdelmaestrocmf.com\/portal\/wp-json\/wp\/v2\/media\/67421"}],"wp:attachment":[{"href":"https:\/\/webdelmaestrocmf.com\/portal\/wp-json\/wp\/v2\/media?parent=67419"}],"wp:term":[{"taxonomy":"category","embeddable":true,"href":"https:\/\/webdelmaestrocmf.com\/portal\/wp-json\/wp\/v2\/categories?post=67419"},{"taxonomy":"post_tag","embeddable":true,"href":"https:\/\/webdelmaestrocmf.com\/portal\/wp-json\/wp\/v2\/tags?post=67419"}],"curies":[{"name":"wp","href":"https:\/\/api.w.org\/{rel}","templated":true}]}}