{"id":67013,"date":"2021-08-24T14:42:51","date_gmt":"2021-08-24T18:42:51","guid":{"rendered":"https:\/\/webdelmaestrocmf.com\/portal\/?p=67013"},"modified":"2021-08-24T14:47:52","modified_gmt":"2021-08-24T18:47:52","slug":"fernando-gamarra-plazas-de-profesor-que-accedieron-por-designacion-a-cargos-en-el-area-de-gestion-institucional-del-peru","status":"publish","type":"post","link":"https:\/\/webdelmaestrocmf.com\/portal\/fernando-gamarra-plazas-de-profesor-que-accedieron-por-designacion-a-cargos-en-el-area-de-gestion-institucional-del-peru\/","title":{"rendered":"[Fernando Gamarra] Plazas de profesor que accedieron por designaci\u00f3n a cargos en el \u00e1rea de gesti\u00f3n institucional del Per\u00fa"},"content":{"rendered":"<h5 style=\"text-align: justify;\">1v\u00baEl art\u00edculo 12 de la Ley de Reforma Magisterial (LRM), se refiere a las \u00e1reas de desempe\u00f1o laboral, en la cual reconoce cuatro (04) \u00e1reas: a) Gesti\u00f3n pedag\u00f3gica, b) Gesti\u00f3n institucional, c) Formaci\u00f3n docente y d) Innovaci\u00f3n e investigaci\u00f3n.<\/h5>\n<p><!--more--><\/p>\n<h5 style=\"text-align: justify;\">El art\u00edculo 33 de la LRM modificado por la\u00a0Ley 30541\u00a0(publicado el 23\u00b702\u00b72017) estipula lo siguiente: \u00abEl profesor puede acceder a otros cargos de las \u00e1reas de desempe\u00f1o laboral por concurso y por un periodo de cuatro a\u00f1os. Al t\u00e9rmino del periodo de gesti\u00f3n es evaluado para determinar su continuidad en el cargo\u00a0<strong><u>HASTA<\/u><\/strong>\u00a0por un periodo adicional,\u00a0<strong><u>o su retorno al cargo docente<\/u><\/strong>\u00a0(&#8230;)\u00bb.<\/h5>\n<p style=\"text-align: justify;\">De la Ley de Reforma Magisterial claramente se deduce que la evaluaci\u00f3n en el desempe\u00f1o del cargo, en cualquiera de las \u00e1reas laborales, para su continuidad solo es por un periodo adicional m\u00e1s, de all\u00ed tendr\u00e1n que concursar nuevamente, este sistema de evaluaci\u00f3n en el desempe\u00f1o del cargo pr\u00e1cticamente es m\u00e1s id\u00f3neo.<\/p>\n<p style=\"text-align: justify;\">El art\u00edculo 31.3 del Reglamento de la LRM modificado por el\u00a0D.S. N\u00ba 005-2017-MINEDU\u00a0(publicado el 19\u00b705\u00b72017) especifica: \u00abEl cargo inicial de profesor que accede a otros cargos\u00a0<strong><u>es reservado<\/u><\/strong>\u00a0durante su primer periodo de designaci\u00f3n y es cubierto mediante\u00a0<strong>contrato o destaque<\/strong>. De ser ratificado por un periodo adicional, luego de la respectiva evaluaci\u00f3n,\u00a0<strong><u>pierde la reserva<\/u><\/strong>\u00a0y el cargo se cobertura mediante\u00a0<strong>nombramiento, contrato, destaque o reasignaci\u00f3n<\/strong>\u00ab.<\/p>\n<p style=\"text-align: justify;\">Asimismo el D.S. N\u00ba 014-2019-MINEDU (publicado el 24\u00b709\u00b72019) modifica el numeral 62.3 del art\u00edculo 62 de la LRM, referente a la evaluaci\u00f3n de desempe\u00f1o en el cargo, e indica: \u00abLa ratificaci\u00f3n del profesor por un periodo adicional est\u00e1 sujeta a la evaluaci\u00f3n de desempe\u00f1o en el cargo. El profesor que no es ratificado en cualquiera de los cargos a los que accedi\u00f3 por concurso,\u00a0<strong>retorna al cargo inicial de carrera en la instituci\u00f3n educativa de origen o a una geogr\u00e1ficamente cercana<\/strong>. Igual tratamiento corresponde al profesor que renuncia al cargo por decisi\u00f3n personal\u00bb.<\/p>\n<p style=\"text-align: justify;\">De igual manera, el D.S. N\u00ba 001-2020-MINEDU (publicado el 18\u00b701\u00b72020) modifica\u00a0 el numeral 62.4 del art\u00edculo 62, e indica: \u201cEl profesor designado, al t\u00e9rmino de su periodo de ratificaci\u00f3n, retorna al cargo de profesor de acuerdo al nivel y modalidad del t\u00edtulo pedag\u00f3gico, bajo las siguientes condiciones:<\/p>\n<ol style=\"text-align: justify;\">\n<li>a) La UGEL o DRE, en el primer mes del \u00faltimo a\u00f1o de su periodo de ratificaci\u00f3n, le reserva una plaza en la instituci\u00f3n educativa donde labor\u00f3 como nombrado o en una geogr\u00e1ficamente cercana, debiendo comunicar por escrito al profesor.<\/li>\n<li>b) Recibida la comunicaci\u00f3n de parte de la UGEL, y el profesor decida que la reserva se haga en una instituci\u00f3n educativa del lugar donde culmina su designaci\u00f3n, deber\u00e1 comunicar a la UGEL o DRE donde labor\u00f3 como nombrado la negativa a la reserva propuesta; debiendo asimismo comunicar su decisi\u00f3n a la UGEL o DRE donde culmina su designaci\u00f3n, para que esta le reserve la plaza dentro del mes siguiente a la comunicaci\u00f3n del profesor. c) En caso de renuncia al cargo por decisi\u00f3n personal sigue el mismo tratamiento, debiendo el profesor comunicar con dos meses de anticipaci\u00f3n d\u00f3nde se efectuar\u00e1 su retorno, siendo potestad del titular de la instancia de gesti\u00f3n educativa descentralizada la exoneraci\u00f3n del plazo.\u201d<\/li>\n<\/ol>\n<p style=\"text-align: justify;\">Este es un an\u00e1lisis y\/o comentario, salvo mejor opini\u00f3n y aporte.<\/p>\n<p style=\"text-align: justify;\"><strong>NOTA DE REDACCI\u00d3N: <\/strong>La Web del Maestro CMF publica los textos originales de su autor, no necesariamente coincide con lo expuesto en el tema, no se hace responsable de las opiniones expresadas, y no promociona ning\u00fan producto, servicio, marca o empresa.<\/p>\n<table class=\" alignleft\" border=\"0\" width=\"100%\" cellspacing=\"10\" cellpadding=\"10\">\n<tbody>\n<tr>\n<td style=\"text-align: center;\" width=\"30%\"><strong><img loading=\"lazy\" decoding=\"async\" class=\"size-full wp-image-60586 aligncenter\" src=\"https:\/\/webdelmaestrocmf.com\/portal\/wp-content\/uploads\/2021\/03\/1-copia-27.jpg\" alt=\"\" width=\"200\" height=\"200\" srcset=\"https:\/\/webdelmaestrocmf.com\/portal\/wp-content\/uploads\/2021\/03\/1-copia-27.jpg 200w, https:\/\/webdelmaestrocmf.com\/portal\/wp-content\/uploads\/2021\/03\/1-copia-27-150x150.jpg 150w, https:\/\/webdelmaestrocmf.com\/portal\/wp-content\/uploads\/2021\/03\/1-copia-27-80x80.jpg 80w, https:\/\/webdelmaestrocmf.com\/portal\/wp-content\/uploads\/2021\/03\/1-copia-27-110x110.jpg 110w, https:\/\/webdelmaestrocmf.com\/portal\/wp-content\/uploads\/2021\/03\/1-copia-27-160x160.jpg 160w\" sizes=\"auto, (max-width: 200px) 100vw, 200px\" \/><br \/>\nAutor: <\/strong>Fernando Gamarra Morales Tacna, Per\u00fa.<br \/>\nEx Secretario General del SUTEP Tacna.<br \/>\nProfesor de Matem\u00e1tica y F\u00edsica de la I.E. Guillermo Auza Arce.<strong><br \/>\nEmial:<\/strong>\u00a0<a href=\"mailto:fer_gamarra@hotmail.com\">fer_gamarra@hotmail.com<\/a><strong><br \/>\n<\/strong><\/p>\n<div>\n<div class=\"_1t_p clearfix\">\n<div class=\"_41ud\">\n<div class=\"clearfix _o46 _3erg _29_7 _8lma direction_ltr text_align_ltr\">\n<div id=\"js_39\" class=\"_3058 _ui9 _hh7 _6ybn _s1- _52mr _3oh-\" data-tooltip-content=\"domingo 16:17\" data-hover=\"tooltip\" data-tooltip-position=\"left\">\n<div class=\"_aok\" tabindex=\"0\"><span class=\"_3oh- _58nk\"><strong>Celular:<\/strong> 51952290888<\/span><\/div>\n<\/div>\n<\/div>\n<\/div>\n<\/div>\n<\/div>\n<\/td>\n<\/tr>\n<\/tbody>\n<\/table>\n<p style=\"text-align: left;\">.<\/p>\n\t\t<div class=\"pk-inline-posts\">\n\t\t\t\n\t\t\t<div class=\"pk-inline-posts-container pk-inline-posts-template-list\"\n\t\t\t\tdata-columns=\"1\">\n\t\t\t\t\t\t<article id=\"post-84497\" class=\"post-84497 post type-post status-publish format-standard has-post-thumbnail category-z-colaborador-fernando-gamarra category-colaborador tag-area tag-descanso tag-fernando-gamarra tag-gestion tag-pedagogica tag-profesores tag-vacacional cs-entry cs-video-wrap\">\n\t\t\t<div class=\"pk-post-outer\">\n\n\t\t\t\t\t\t\t\t<div class=\"pk-post-inner\">\n\t\t\t\t\t<div class=\"entry-thumbnail\">\n\t\t\t\t\t\t<div class=\"pk-overlay pk-overlay-ratio pk-ratio-landscape\">\n\t\t\t\t\t\t\t<div class=\"pk-overlay-background\">\n\t\t\t\t\t\t\t\t<a href=\"https:\/\/webdelmaestrocmf.com\/portal\/fernando-gamarra-descanso-vacacional-2023-de-los-profesores-del-area-de-gestion-pedagogica-peru\/\" class=\"pk-overlay-link\">\n\t\t\t\t\t\t\t\t\t<img loading=\"lazy\" decoding=\"async\" width=\"300\" height=\"225\" src=\"https:\/\/webdelmaestrocmf.com\/portal\/wp-content\/uploads\/2023\/02\/1abc-5-300x225.jpg\" class=\"attachment-pk-thumbnail size-pk-thumbnail wp-post-image\" alt=\"\" srcset=\"https:\/\/webdelmaestrocmf.com\/portal\/wp-content\/uploads\/2023\/02\/1abc-5-300x225.jpg 300w, https:\/\/webdelmaestrocmf.com\/portal\/wp-content\/uploads\/2023\/02\/1abc-5-200x150.jpg 200w, https:\/\/webdelmaestrocmf.com\/portal\/wp-content\/uploads\/2023\/02\/1abc-5-260x195.jpg 260w\" sizes=\"auto, (max-width: 300px) 100vw, 300px\" \/>\t\t\t\t\t\t\t\t<\/a>\n\t\t\t\t\t\t\t<\/div>\n\t\t\t\t\t\t<\/div>\n\t\t\t\t\t<\/div>\n\t\t\t\t<\/div>\n\t\t\t\t\n\t\t\t\t<div class=\"pk-post-inner\">\n\t\t\t\t\t<header>\n\t\t\t\t\t\t<h3 class=\"pk-title\"><a href=\"https:\/\/webdelmaestrocmf.com\/portal\/fernando-gamarra-descanso-vacacional-2023-de-los-profesores-del-area-de-gestion-pedagogica-peru\/\" rel=\"bookmark\">[Fernando Gamarra] Descanso vacacional 2023 de los profesores del \u00e1rea de gesti\u00f3n pedag\u00f3gica (Per\u00fa)<\/a><\/h3>\t\t\t\t\t<\/header><!-- .entry-header -->\n\t\t\t\t<\/div><!-- .post-inner -->\n\n\t\t\t<\/div><!-- .post-outer -->\n\t\t<\/article>\n\t\t\t\t<\/div>\n\t\t<\/div>\n\t\t\n","protected":false},"excerpt":{"rendered":"1v\u00baEl art\u00edculo 12 de la Ley de Reforma Magisterial (LRM), se refiere a las \u00e1reas de desempe\u00f1o laboral,&hellip;","protected":false},"author":1,"featured_media":67014,"comment_status":"open","ping_status":"closed","sticky":false,"template":"","format":"standard","meta":{"csco_display_header_overlay":false,"csco_singular_sidebar":"default","csco_page_header_type":"default","csco_page_load_nextpost":"default","csco_post_video_location":[],"csco_post_video_location_hash":"","csco_post_video_url":"","csco_post_video_bg_start_time":0,"csco_post_video_bg_end_time":0,"csco_post_video_bg_volume":false,"_jetpack_memberships_contains_paid_content":false,"footnotes":""},"categories":[1965,1790],"tags":[14037,4762,14039,14038,1966,2686,2688,169,14036,342],"class_list":{"0":"post-67013","1":"post","2":"type-post","3":"status-publish","4":"format-standard","5":"has-post-thumbnail","7":"category-z-colaborador-fernando-gamarra","8":"category-colaborador","9":"tag-accedieron","10":"tag-area","11":"tag-cargos","12":"tag-designacion","13":"tag-fernando-gamarra","14":"tag-gestion","15":"tag-institucional","16":"tag-peru","17":"tag-plazas","18":"tag-profesor","19":"cs-entry","20":"cs-video-wrap"},"yoast_head":"<!-- This site is optimized with the Yoast SEO plugin v27.5 - https:\/\/yoast.com\/product\/yoast-seo-wordpress\/ -->\n<title>[Fernando Gamarra] Plazas de profesor que accedieron por designaci\u00f3n a cargos en el \u00e1rea de gesti\u00f3n institucional del Per\u00fa - 2026<\/title>\n<meta name=\"description\" content=\"El art\u00edculo 12 de la\u00a0Ley de Reforma Magisterial (LRM), se refiere a las \u00e1reas de desempe\u00f1o laboral, en la cual reconoce cuatro...\" \/>\n<meta name=\"robots\" content=\"index, follow, max-snippet:-1, max-image-preview:large, max-video-preview:-1\" \/>\n<link rel=\"canonical\" href=\"https:\/\/webdelmaestrocmf.com\/portal\/fernando-gamarra-plazas-de-profesor-que-accedieron-por-designacion-a-cargos-en-el-area-de-gestion-institucional-del-peru\/\" \/>\n<meta property=\"og:locale\" content=\"es_ES\" \/>\n<meta property=\"og:type\" content=\"article\" \/>\n<meta property=\"og:title\" content=\"[Fernando Gamarra] Plazas de profesor que accedieron por designaci\u00f3n a cargos en el \u00e1rea de gesti\u00f3n institucional del Per\u00fa - 2026\" \/>\n<meta property=\"og:description\" content=\"El art\u00edculo 12 de la\u00a0Ley de Reforma Magisterial (LRM), se refiere a las \u00e1reas de desempe\u00f1o laboral, en la cual reconoce cuatro...\" \/>\n<meta property=\"og:url\" content=\"https:\/\/webdelmaestrocmf.com\/portal\/fernando-gamarra-plazas-de-profesor-que-accedieron-por-designacion-a-cargos-en-el-area-de-gestion-institucional-del-peru\/\" \/>\n<meta property=\"og:site_name\" content=\"Web del Maestro CMF\" \/>\n<meta property=\"article:publisher\" content=\"https:\/\/www.facebook.com\/WebdelMaestroCMF\/\" \/>\n<meta property=\"article:author\" content=\"https:\/\/www.facebook.com\/WebdelMaestroCMF\/\" \/>\n<meta property=\"article:published_time\" content=\"2021-08-24T18:42:51+00:00\" \/>\n<meta property=\"article:modified_time\" content=\"2021-08-24T18:47:52+00:00\" \/>\n<meta property=\"og:image\" content=\"https:\/\/i0.wp.com\/webdelmaestrocmf.com\/portal\/wp-content\/uploads\/2021\/08\/1-164.jpg?fit=1100%2C680&ssl=1\" \/>\n\t<meta property=\"og:image:width\" content=\"1100\" \/>\n\t<meta property=\"og:image:height\" content=\"680\" \/>\n\t<meta property=\"og:image:type\" content=\"image\/jpeg\" \/>\n<meta name=\"author\" content=\"Web del Maestro CMF\" \/>\n<meta name=\"twitter:card\" content=\"summary_large_image\" \/>\n<meta name=\"twitter:creator\" content=\"@cmf_w\" \/>\n<meta name=\"twitter:site\" content=\"@cmf_w\" \/>\n<script type=\"application\/ld+json\" class=\"yoast-schema-graph\">{\"@context\":\"https:\\\/\\\/schema.org\",\"@graph\":[{\"@type\":\"ScholarlyArticle\",\"@id\":\"https:\\\/\\\/webdelmaestrocmf.com\\\/portal\\\/fernando-gamarra-plazas-de-profesor-que-accedieron-por-designacion-a-cargos-en-el-area-de-gestion-institucional-del-peru\\\/#article\",\"isPartOf\":{\"@id\":\"https:\\\/\\\/webdelmaestrocmf.com\\\/portal\\\/fernando-gamarra-plazas-de-profesor-que-accedieron-por-designacion-a-cargos-en-el-area-de-gestion-institucional-del-peru\\\/\"},\"author\":{\"name\":\"Web del Maestro CMF\",\"@id\":\"https:\\\/\\\/webdelmaestrocmf.com\\\/portal\\\/#\\\/schema\\\/person\\\/1072a2ed7bd960df8ef99a551fa35dc5\"},\"headline\":\"[Fernando Gamarra] Plazas de profesor que accedieron por designaci\u00f3n a cargos en el \u00e1rea de gesti\u00f3n institucional del Per\u00fa\",\"datePublished\":\"2021-08-24T18:42:51+00:00\",\"dateModified\":\"2021-08-24T18:47:52+00:00\",\"mainEntityOfPage\":{\"@id\":\"https:\\\/\\\/webdelmaestrocmf.com\\\/portal\\\/fernando-gamarra-plazas-de-profesor-que-accedieron-por-designacion-a-cargos-en-el-area-de-gestion-institucional-del-peru\\\/\"},\"wordCount\":684,\"commentCount\":0,\"publisher\":{\"@id\":\"https:\\\/\\\/webdelmaestrocmf.com\\\/portal\\\/#organization\"},\"image\":{\"@id\":\"https:\\\/\\\/webdelmaestrocmf.com\\\/portal\\\/fernando-gamarra-plazas-de-profesor-que-accedieron-por-designacion-a-cargos-en-el-area-de-gestion-institucional-del-peru\\\/#primaryimage\"},\"thumbnailUrl\":\"https:\\\/\\\/webdelmaestrocmf.com\\\/portal\\\/wp-content\\\/uploads\\\/2021\\\/08\\\/1-164.jpg\",\"keywords\":[\"accedieron\",\"\u00e1rea\",\"cargos\",\"designaci\u00f3n\",\"FERNANDO GAMARRA\",\"GESTI\u00d3N\",\"INSTITUCIONAL\",\"Per\u00fa\",\"Plazas\",\"profesor\"],\"articleSection\":[\"Z-Colaborador-Fernando-Gamarra\",\"Z-Colaboradores\"],\"inLanguage\":\"es\",\"potentialAction\":[{\"@type\":\"CommentAction\",\"name\":\"Comment\",\"target\":[\"https:\\\/\\\/webdelmaestrocmf.com\\\/portal\\\/fernando-gamarra-plazas-de-profesor-que-accedieron-por-designacion-a-cargos-en-el-area-de-gestion-institucional-del-peru\\\/#respond\"]}]},{\"@type\":\"WebPage\",\"@id\":\"https:\\\/\\\/webdelmaestrocmf.com\\\/portal\\\/fernando-gamarra-plazas-de-profesor-que-accedieron-por-designacion-a-cargos-en-el-area-de-gestion-institucional-del-peru\\\/\",\"url\":\"https:\\\/\\\/webdelmaestrocmf.com\\\/portal\\\/fernando-gamarra-plazas-de-profesor-que-accedieron-por-designacion-a-cargos-en-el-area-de-gestion-institucional-del-peru\\\/\",\"name\":\"[Fernando Gamarra] Plazas de profesor que accedieron por designaci\u00f3n a cargos en el \u00e1rea de gesti\u00f3n institucional del Per\u00fa - 2026\",\"isPartOf\":{\"@id\":\"https:\\\/\\\/webdelmaestrocmf.com\\\/portal\\\/#website\"},\"primaryImageOfPage\":{\"@id\":\"https:\\\/\\\/webdelmaestrocmf.com\\\/portal\\\/fernando-gamarra-plazas-de-profesor-que-accedieron-por-designacion-a-cargos-en-el-area-de-gestion-institucional-del-peru\\\/#primaryimage\"},\"image\":{\"@id\":\"https:\\\/\\\/webdelmaestrocmf.com\\\/portal\\\/fernando-gamarra-plazas-de-profesor-que-accedieron-por-designacion-a-cargos-en-el-area-de-gestion-institucional-del-peru\\\/#primaryimage\"},\"thumbnailUrl\":\"https:\\\/\\\/webdelmaestrocmf.com\\\/portal\\\/wp-content\\\/uploads\\\/2021\\\/08\\\/1-164.jpg\",\"datePublished\":\"2021-08-24T18:42:51+00:00\",\"dateModified\":\"2021-08-24T18:47:52+00:00\",\"description\":\"El art\u00edculo 12 de la\u00a0Ley de Reforma Magisterial (LRM), se refiere a las \u00e1reas de desempe\u00f1o laboral, en la cual reconoce cuatro...\",\"breadcrumb\":{\"@id\":\"https:\\\/\\\/webdelmaestrocmf.com\\\/portal\\\/fernando-gamarra-plazas-de-profesor-que-accedieron-por-designacion-a-cargos-en-el-area-de-gestion-institucional-del-peru\\\/#breadcrumb\"},\"inLanguage\":\"es\",\"potentialAction\":[{\"@type\":\"ReadAction\",\"target\":[\"https:\\\/\\\/webdelmaestrocmf.com\\\/portal\\\/fernando-gamarra-plazas-de-profesor-que-accedieron-por-designacion-a-cargos-en-el-area-de-gestion-institucional-del-peru\\\/\"]}]},{\"@type\":\"ImageObject\",\"inLanguage\":\"es\",\"@id\":\"https:\\\/\\\/webdelmaestrocmf.com\\\/portal\\\/fernando-gamarra-plazas-de-profesor-que-accedieron-por-designacion-a-cargos-en-el-area-de-gestion-institucional-del-peru\\\/#primaryimage\",\"url\":\"https:\\\/\\\/webdelmaestrocmf.com\\\/portal\\\/wp-content\\\/uploads\\\/2021\\\/08\\\/1-164.jpg\",\"contentUrl\":\"https:\\\/\\\/webdelmaestrocmf.com\\\/portal\\\/wp-content\\\/uploads\\\/2021\\\/08\\\/1-164.jpg\",\"width\":1100,\"height\":680},{\"@type\":\"BreadcrumbList\",\"@id\":\"https:\\\/\\\/webdelmaestrocmf.com\\\/portal\\\/fernando-gamarra-plazas-de-profesor-que-accedieron-por-designacion-a-cargos-en-el-area-de-gestion-institucional-del-peru\\\/#breadcrumb\",\"itemListElement\":[{\"@type\":\"ListItem\",\"position\":1,\"name\":\"Portada\",\"item\":\"https:\\\/\\\/webdelmaestrocmf.com\\\/portal\\\/\"},{\"@type\":\"ListItem\",\"position\":2,\"name\":\"Z-Colaboradores\",\"item\":\"https:\\\/\\\/webdelmaestrocmf.com\\\/portal\\\/category\\\/colaborador\\\/\"},{\"@type\":\"ListItem\",\"position\":3,\"name\":\"[Fernando Gamarra] Plazas de profesor que accedieron por designaci\u00f3n a cargos en el \u00e1rea de gesti\u00f3n institucional del Per\u00fa\"}]},{\"@type\":\"WebSite\",\"@id\":\"https:\\\/\\\/webdelmaestrocmf.com\\\/portal\\\/#website\",\"url\":\"https:\\\/\\\/webdelmaestrocmf.com\\\/portal\\\/\",\"name\":\"Web del Maestro CMF\",\"description\":\"Maestros al servicio de la educaci\u00f3n\",\"publisher\":{\"@id\":\"https:\\\/\\\/webdelmaestrocmf.com\\\/portal\\\/#organization\"},\"alternateName\":\"WMCMF\",\"potentialAction\":[{\"@type\":\"SearchAction\",\"target\":{\"@type\":\"EntryPoint\",\"urlTemplate\":\"https:\\\/\\\/webdelmaestrocmf.com\\\/portal\\\/?s={search_term_string}\"},\"query-input\":{\"@type\":\"PropertyValueSpecification\",\"valueRequired\":true,\"valueName\":\"search_term_string\"}}],\"inLanguage\":\"es\"},{\"@type\":\"Organization\",\"@id\":\"https:\\\/\\\/webdelmaestrocmf.com\\\/portal\\\/#organization\",\"name\":\"Web del Maestro CMF\",\"alternateName\":\"WMCMF\",\"url\":\"https:\\\/\\\/webdelmaestrocmf.com\\\/portal\\\/\",\"logo\":{\"@type\":\"ImageObject\",\"inLanguage\":\"es\",\"@id\":\"https:\\\/\\\/webdelmaestrocmf.com\\\/portal\\\/#\\\/schema\\\/logo\\\/image\\\/\",\"url\":\"https:\\\/\\\/webdelmaestrocmf.com\\\/portal\\\/wp-content\\\/uploads\\\/2023\\\/01\\\/logo-wmcmf-2.png\",\"contentUrl\":\"https:\\\/\\\/webdelmaestrocmf.com\\\/portal\\\/wp-content\\\/uploads\\\/2023\\\/01\\\/logo-wmcmf-2.png\",\"width\":200,\"height\":60,\"caption\":\"Web del Maestro CMF\"},\"image\":{\"@id\":\"https:\\\/\\\/webdelmaestrocmf.com\\\/portal\\\/#\\\/schema\\\/logo\\\/image\\\/\"},\"sameAs\":[\"https:\\\/\\\/www.facebook.com\\\/WebdelMaestroCMF\\\/\",\"https:\\\/\\\/x.com\\\/cmf_w\",\"https:\\\/\\\/www.pinterest.com\\\/WMCMF\\\/\",\"https:\\\/\\\/www.linkedin.com\\\/company\\\/web-del-maestro-cmf\\\/\",\"https:\\\/\\\/www.instagram.com\\\/wmcmf\\\/\",\"https:\\\/\\\/www.youtube.com\\\/channel\\\/UCDPSvjbdodE5sHnC3OxutHw\",\"https:\\\/\\\/mastodon.social\\\/@wmcmf\",\"https:\\\/\\\/www.tiktok.com\\\/@webdelmaestrocmf\"]},{\"@type\":\"Person\",\"@id\":\"https:\\\/\\\/webdelmaestrocmf.com\\\/portal\\\/#\\\/schema\\\/person\\\/1072a2ed7bd960df8ef99a551fa35dc5\",\"name\":\"Web del Maestro CMF\",\"image\":{\"@type\":\"ImageObject\",\"inLanguage\":\"es\",\"@id\":\"https:\\\/\\\/secure.gravatar.com\\\/avatar\\\/23291dd5b5ae1077dcff3dbb04c3e02bd28403fa75af6d8787d5e97c5bbbe30b?s=96&d=mm&r=g\",\"url\":\"https:\\\/\\\/secure.gravatar.com\\\/avatar\\\/23291dd5b5ae1077dcff3dbb04c3e02bd28403fa75af6d8787d5e97c5bbbe30b?s=96&d=mm&r=g\",\"contentUrl\":\"https:\\\/\\\/secure.gravatar.com\\\/avatar\\\/23291dd5b5ae1077dcff3dbb04c3e02bd28403fa75af6d8787d5e97c5bbbe30b?s=96&d=mm&r=g\",\"caption\":\"Web del Maestro CMF\"},\"description\":\"Esta Web se cre\u00f3 sin fines de lucro, con fines educativos, cient\u00edficos y acad\u00e9micos, para personas que tengan dificultades y\\\/o inconvenientes en visualizar el material original. El objetivo es entregar recursos, compartir experiencias y materiales que ayuden a los padres de familia, maestros y estudiantes en su actualizaci\u00f3n y formaci\u00f3n permanente, en bien de la Educaci\u00f3n.\",\"sameAs\":[\"http:\\\/\\\/webdelmaestrocmf.com\\\/portal\",\"https:\\\/\\\/www.facebook.com\\\/WebdelMaestroCMF\\\/\",\"https:\\\/\\\/www.instagram.com\\\/wmcmf\\\/\",\"https:\\\/\\\/cl.linkedin.com\\\/company\\\/web-del-maestro-cmf\",\"https:\\\/\\\/www.pinterest.com\\\/WMCMF\\\/publicaciones\\\/\",\"https:\\\/\\\/x.com\\\/cmf_w\",\"https:\\\/\\\/www.youtube.com\\\/@WMCMF\"]}]}<\/script>\n<!-- \/ Yoast SEO plugin. -->","yoast_head_json":{"title":"[Fernando Gamarra] Plazas de profesor que accedieron por designaci\u00f3n a cargos en el \u00e1rea de gesti\u00f3n institucional del Per\u00fa - 2026","description":"El art\u00edculo 12 de la\u00a0Ley de Reforma Magisterial (LRM), se refiere a las \u00e1reas de desempe\u00f1o laboral, en la cual reconoce cuatro...","robots":{"index":"index","follow":"follow","max-snippet":"max-snippet:-1","max-image-preview":"max-image-preview:large","max-video-preview":"max-video-preview:-1"},"canonical":"https:\/\/webdelmaestrocmf.com\/portal\/fernando-gamarra-plazas-de-profesor-que-accedieron-por-designacion-a-cargos-en-el-area-de-gestion-institucional-del-peru\/","og_locale":"es_ES","og_type":"article","og_title":"[Fernando Gamarra] Plazas de profesor que accedieron por designaci\u00f3n a cargos en el \u00e1rea de gesti\u00f3n institucional del Per\u00fa - 2026","og_description":"El art\u00edculo 12 de la\u00a0Ley de Reforma Magisterial (LRM), se refiere a las \u00e1reas de desempe\u00f1o laboral, en la cual reconoce cuatro...","og_url":"https:\/\/webdelmaestrocmf.com\/portal\/fernando-gamarra-plazas-de-profesor-que-accedieron-por-designacion-a-cargos-en-el-area-de-gestion-institucional-del-peru\/","og_site_name":"Web del Maestro CMF","article_publisher":"https:\/\/www.facebook.com\/WebdelMaestroCMF\/","article_author":"https:\/\/www.facebook.com\/WebdelMaestroCMF\/","article_published_time":"2021-08-24T18:42:51+00:00","article_modified_time":"2021-08-24T18:47:52+00:00","og_image":[{"width":1100,"height":680,"url":"https:\/\/i0.wp.com\/webdelmaestrocmf.com\/portal\/wp-content\/uploads\/2021\/08\/1-164.jpg?fit=1100%2C680&ssl=1","type":"image\/jpeg"}],"author":"Web del Maestro CMF","twitter_card":"summary_large_image","twitter_creator":"@cmf_w","twitter_site":"@cmf_w","schema":{"@context":"https:\/\/schema.org","@graph":[{"@type":"ScholarlyArticle","@id":"https:\/\/webdelmaestrocmf.com\/portal\/fernando-gamarra-plazas-de-profesor-que-accedieron-por-designacion-a-cargos-en-el-area-de-gestion-institucional-del-peru\/#article","isPartOf":{"@id":"https:\/\/webdelmaestrocmf.com\/portal\/fernando-gamarra-plazas-de-profesor-que-accedieron-por-designacion-a-cargos-en-el-area-de-gestion-institucional-del-peru\/"},"author":{"name":"Web del Maestro CMF","@id":"https:\/\/webdelmaestrocmf.com\/portal\/#\/schema\/person\/1072a2ed7bd960df8ef99a551fa35dc5"},"headline":"[Fernando Gamarra] Plazas de profesor que accedieron por designaci\u00f3n a cargos en el \u00e1rea de gesti\u00f3n institucional del Per\u00fa","datePublished":"2021-08-24T18:42:51+00:00","dateModified":"2021-08-24T18:47:52+00:00","mainEntityOfPage":{"@id":"https:\/\/webdelmaestrocmf.com\/portal\/fernando-gamarra-plazas-de-profesor-que-accedieron-por-designacion-a-cargos-en-el-area-de-gestion-institucional-del-peru\/"},"wordCount":684,"commentCount":0,"publisher":{"@id":"https:\/\/webdelmaestrocmf.com\/portal\/#organization"},"image":{"@id":"https:\/\/webdelmaestrocmf.com\/portal\/fernando-gamarra-plazas-de-profesor-que-accedieron-por-designacion-a-cargos-en-el-area-de-gestion-institucional-del-peru\/#primaryimage"},"thumbnailUrl":"https:\/\/webdelmaestrocmf.com\/portal\/wp-content\/uploads\/2021\/08\/1-164.jpg","keywords":["accedieron","\u00e1rea","cargos","designaci\u00f3n","FERNANDO GAMARRA","GESTI\u00d3N","INSTITUCIONAL","Per\u00fa","Plazas","profesor"],"articleSection":["Z-Colaborador-Fernando-Gamarra","Z-Colaboradores"],"inLanguage":"es","potentialAction":[{"@type":"CommentAction","name":"Comment","target":["https:\/\/webdelmaestrocmf.com\/portal\/fernando-gamarra-plazas-de-profesor-que-accedieron-por-designacion-a-cargos-en-el-area-de-gestion-institucional-del-peru\/#respond"]}]},{"@type":"WebPage","@id":"https:\/\/webdelmaestrocmf.com\/portal\/fernando-gamarra-plazas-de-profesor-que-accedieron-por-designacion-a-cargos-en-el-area-de-gestion-institucional-del-peru\/","url":"https:\/\/webdelmaestrocmf.com\/portal\/fernando-gamarra-plazas-de-profesor-que-accedieron-por-designacion-a-cargos-en-el-area-de-gestion-institucional-del-peru\/","name":"[Fernando Gamarra] Plazas de profesor que accedieron por designaci\u00f3n a cargos en el \u00e1rea de gesti\u00f3n institucional del Per\u00fa - 2026","isPartOf":{"@id":"https:\/\/webdelmaestrocmf.com\/portal\/#website"},"primaryImageOfPage":{"@id":"https:\/\/webdelmaestrocmf.com\/portal\/fernando-gamarra-plazas-de-profesor-que-accedieron-por-designacion-a-cargos-en-el-area-de-gestion-institucional-del-peru\/#primaryimage"},"image":{"@id":"https:\/\/webdelmaestrocmf.com\/portal\/fernando-gamarra-plazas-de-profesor-que-accedieron-por-designacion-a-cargos-en-el-area-de-gestion-institucional-del-peru\/#primaryimage"},"thumbnailUrl":"https:\/\/webdelmaestrocmf.com\/portal\/wp-content\/uploads\/2021\/08\/1-164.jpg","datePublished":"2021-08-24T18:42:51+00:00","dateModified":"2021-08-24T18:47:52+00:00","description":"El art\u00edculo 12 de la\u00a0Ley de Reforma Magisterial (LRM), se refiere a las \u00e1reas de desempe\u00f1o laboral, en la cual reconoce cuatro...","breadcrumb":{"@id":"https:\/\/webdelmaestrocmf.com\/portal\/fernando-gamarra-plazas-de-profesor-que-accedieron-por-designacion-a-cargos-en-el-area-de-gestion-institucional-del-peru\/#breadcrumb"},"inLanguage":"es","potentialAction":[{"@type":"ReadAction","target":["https:\/\/webdelmaestrocmf.com\/portal\/fernando-gamarra-plazas-de-profesor-que-accedieron-por-designacion-a-cargos-en-el-area-de-gestion-institucional-del-peru\/"]}]},{"@type":"ImageObject","inLanguage":"es","@id":"https:\/\/webdelmaestrocmf.com\/portal\/fernando-gamarra-plazas-de-profesor-que-accedieron-por-designacion-a-cargos-en-el-area-de-gestion-institucional-del-peru\/#primaryimage","url":"https:\/\/webdelmaestrocmf.com\/portal\/wp-content\/uploads\/2021\/08\/1-164.jpg","contentUrl":"https:\/\/webdelmaestrocmf.com\/portal\/wp-content\/uploads\/2021\/08\/1-164.jpg","width":1100,"height":680},{"@type":"BreadcrumbList","@id":"https:\/\/webdelmaestrocmf.com\/portal\/fernando-gamarra-plazas-de-profesor-que-accedieron-por-designacion-a-cargos-en-el-area-de-gestion-institucional-del-peru\/#breadcrumb","itemListElement":[{"@type":"ListItem","position":1,"name":"Portada","item":"https:\/\/webdelmaestrocmf.com\/portal\/"},{"@type":"ListItem","position":2,"name":"Z-Colaboradores","item":"https:\/\/webdelmaestrocmf.com\/portal\/category\/colaborador\/"},{"@type":"ListItem","position":3,"name":"[Fernando Gamarra] Plazas de profesor que accedieron por designaci\u00f3n a cargos en el \u00e1rea de gesti\u00f3n institucional del Per\u00fa"}]},{"@type":"WebSite","@id":"https:\/\/webdelmaestrocmf.com\/portal\/#website","url":"https:\/\/webdelmaestrocmf.com\/portal\/","name":"Web del Maestro CMF","description":"Maestros al servicio de la educaci\u00f3n","publisher":{"@id":"https:\/\/webdelmaestrocmf.com\/portal\/#organization"},"alternateName":"WMCMF","potentialAction":[{"@type":"SearchAction","target":{"@type":"EntryPoint","urlTemplate":"https:\/\/webdelmaestrocmf.com\/portal\/?s={search_term_string}"},"query-input":{"@type":"PropertyValueSpecification","valueRequired":true,"valueName":"search_term_string"}}],"inLanguage":"es"},{"@type":"Organization","@id":"https:\/\/webdelmaestrocmf.com\/portal\/#organization","name":"Web del Maestro CMF","alternateName":"WMCMF","url":"https:\/\/webdelmaestrocmf.com\/portal\/","logo":{"@type":"ImageObject","inLanguage":"es","@id":"https:\/\/webdelmaestrocmf.com\/portal\/#\/schema\/logo\/image\/","url":"https:\/\/webdelmaestrocmf.com\/portal\/wp-content\/uploads\/2023\/01\/logo-wmcmf-2.png","contentUrl":"https:\/\/webdelmaestrocmf.com\/portal\/wp-content\/uploads\/2023\/01\/logo-wmcmf-2.png","width":200,"height":60,"caption":"Web del Maestro CMF"},"image":{"@id":"https:\/\/webdelmaestrocmf.com\/portal\/#\/schema\/logo\/image\/"},"sameAs":["https:\/\/www.facebook.com\/WebdelMaestroCMF\/","https:\/\/x.com\/cmf_w","https:\/\/www.pinterest.com\/WMCMF\/","https:\/\/www.linkedin.com\/company\/web-del-maestro-cmf\/","https:\/\/www.instagram.com\/wmcmf\/","https:\/\/www.youtube.com\/channel\/UCDPSvjbdodE5sHnC3OxutHw","https:\/\/mastodon.social\/@wmcmf","https:\/\/www.tiktok.com\/@webdelmaestrocmf"]},{"@type":"Person","@id":"https:\/\/webdelmaestrocmf.com\/portal\/#\/schema\/person\/1072a2ed7bd960df8ef99a551fa35dc5","name":"Web del Maestro CMF","image":{"@type":"ImageObject","inLanguage":"es","@id":"https:\/\/secure.gravatar.com\/avatar\/23291dd5b5ae1077dcff3dbb04c3e02bd28403fa75af6d8787d5e97c5bbbe30b?s=96&d=mm&r=g","url":"https:\/\/secure.gravatar.com\/avatar\/23291dd5b5ae1077dcff3dbb04c3e02bd28403fa75af6d8787d5e97c5bbbe30b?s=96&d=mm&r=g","contentUrl":"https:\/\/secure.gravatar.com\/avatar\/23291dd5b5ae1077dcff3dbb04c3e02bd28403fa75af6d8787d5e97c5bbbe30b?s=96&d=mm&r=g","caption":"Web del Maestro CMF"},"description":"Esta Web se cre\u00f3 sin fines de lucro, con fines educativos, cient\u00edficos y acad\u00e9micos, para personas que tengan dificultades y\/o inconvenientes en visualizar el material original. El objetivo es entregar recursos, compartir experiencias y materiales que ayuden a los padres de familia, maestros y estudiantes en su actualizaci\u00f3n y formaci\u00f3n permanente, en bien de la Educaci\u00f3n.","sameAs":["http:\/\/webdelmaestrocmf.com\/portal","https:\/\/www.facebook.com\/WebdelMaestroCMF\/","https:\/\/www.instagram.com\/wmcmf\/","https:\/\/cl.linkedin.com\/company\/web-del-maestro-cmf","https:\/\/www.pinterest.com\/WMCMF\/publicaciones\/","https:\/\/x.com\/cmf_w","https:\/\/www.youtube.com\/@WMCMF"]}]}},"jetpack_featured_media_url":"https:\/\/webdelmaestrocmf.com\/portal\/wp-content\/uploads\/2021\/08\/1-164.jpg","jetpack_sharing_enabled":true,"jetpack-related-posts":[{"id":76908,"url":"https:\/\/webdelmaestrocmf.com\/portal\/fernando-gamarra-concurso-excepcional-para-profesores-que-se-desempenaron-como-personal-directivo-en-ii-ee-hasta-el-ano-2014-y-que-fueron-ubicados-como-profesores-a-partir-del-ano-2015\/","url_meta":{"origin":67013,"position":0},"title":"[Fernando Gamarra] Concurso excepcional para profesores que se desempe\u00f1aron como personal directivo en II.EE. hasta el a\u00f1o 2014 y que fueron ubicados como profesores a partir del a\u00f1o 2015","author":"Web del Maestro CMF","date":"10 mayo, 2022","format":false,"excerpt":"El D.S. N\u00ba 003-2014-MINEDU (publicado el 20\u00b705\u00b72014) incorpor\u00f3 una Disposici\u00f3n Complementaria Transitoria al Reglamento de la Ley de Reforma Magisterial: \u201cDECIMA PRIMERA: Procedimiento excepcional de evaluaci\u00f3n para los profesores que se desempe\u00f1an como director o subdirector en Instituciones Educativas. Los profesores que vienen ejerciendo funciones de directivos en instituciones educativas\u2026","rel":"","context":"En \u00abZ-Colaborador-Fernando-Gamarra\u00bb","block_context":{"text":"Z-Colaborador-Fernando-Gamarra","link":"https:\/\/webdelmaestrocmf.com\/portal\/category\/colaborador\/z-colaborador-fernando-gamarra\/"},"img":{"alt_text":"","src":"https:\/\/i0.wp.com\/webdelmaestrocmf.com\/portal\/wp-content\/uploads\/2022\/05\/1-1.jpg?resize=350%2C200&ssl=1","width":350,"height":200,"srcset":"https:\/\/i0.wp.com\/webdelmaestrocmf.com\/portal\/wp-content\/uploads\/2022\/05\/1-1.jpg?resize=350%2C200&ssl=1 1x, https:\/\/i0.wp.com\/webdelmaestrocmf.com\/portal\/wp-content\/uploads\/2022\/05\/1-1.jpg?resize=525%2C300&ssl=1 1.5x, https:\/\/i0.wp.com\/webdelmaestrocmf.com\/portal\/wp-content\/uploads\/2022\/05\/1-1.jpg?resize=700%2C400&ssl=1 2x, https:\/\/i0.wp.com\/webdelmaestrocmf.com\/portal\/wp-content\/uploads\/2022\/05\/1-1.jpg?resize=1050%2C600&ssl=1 3x"},"classes":[]},{"id":74401,"url":"https:\/\/webdelmaestrocmf.com\/portal\/fernando-gamarra-vacaciones-2022-de-los-profesores-del-area-de-gestion-pedagogica-del-peru\/","url_meta":{"origin":67013,"position":1},"title":"[Fernando Gamarra] Vacaciones 2022 de los profesores del \u00e1rea de Gesti\u00f3n Pedag\u00f3gica del Per\u00fa","author":"Web del Maestro CMF","date":"17 febrero, 2022","format":false,"excerpt":"El art\u00edculo 25\u00b0 de la\u00a0Constituci\u00f3n Pol\u00edtica del Per\u00fa\u00a0establece el derecho de los trabajadores a gozar de vacaciones anuales pagadas. El principio que rige el pago de la remuneraci\u00f3n vacacional es que el trabajador debe percibir como remuneraci\u00f3n vacacional la misma que hubiera percibido habitual y regularmente. En cuanto al descanso\u2026","rel":"","context":"En \u00abZ-Colaborador-Fernando-Gamarra\u00bb","block_context":{"text":"Z-Colaborador-Fernando-Gamarra","link":"https:\/\/webdelmaestrocmf.com\/portal\/category\/colaborador\/z-colaborador-fernando-gamarra\/"},"img":{"alt_text":"","src":"https:\/\/i0.wp.com\/webdelmaestrocmf.com\/portal\/wp-content\/uploads\/2022\/02\/1-86.jpg?resize=350%2C200&ssl=1","width":350,"height":200,"srcset":"https:\/\/i0.wp.com\/webdelmaestrocmf.com\/portal\/wp-content\/uploads\/2022\/02\/1-86.jpg?resize=350%2C200&ssl=1 1x, https:\/\/i0.wp.com\/webdelmaestrocmf.com\/portal\/wp-content\/uploads\/2022\/02\/1-86.jpg?resize=525%2C300&ssl=1 1.5x, https:\/\/i0.wp.com\/webdelmaestrocmf.com\/portal\/wp-content\/uploads\/2022\/02\/1-86.jpg?resize=700%2C400&ssl=1 2x, https:\/\/i0.wp.com\/webdelmaestrocmf.com\/portal\/wp-content\/uploads\/2022\/02\/1-86.jpg?resize=1050%2C600&ssl=1 3x"},"classes":[]},{"id":63362,"url":"https:\/\/webdelmaestrocmf.com\/portal\/fernando-gamarra-algunas-precisiones-normativas-del-trabajo-remoto-en-el-peru\/","url_meta":{"origin":67013,"position":2},"title":"[Fernando Gamarra] Algunas precisiones normativas del trabajo remoto en el Per\u00fa","author":"Web del Maestro CMF","date":"24 mayo, 2021","format":false,"excerpt":"(\u2026) No es saludable mantener a los estudiantes muchas horas frente a la computadora, viendo televisi\u00f3n o haciendo tareas. El horario de estudio se organiza en per\u00edodos m\u00e1s cortos, de acuerdo con las edades, garantizando que no se agobie a los estudiantes con muchas tareas. (R.VM. N\u00ba 093-2020-MINEDU, numeral 5.2.1,\u2026","rel":"","context":"En \u00abZ-Colaborador-Fernando-Gamarra\u00bb","block_context":{"text":"Z-Colaborador-Fernando-Gamarra","link":"https:\/\/webdelmaestrocmf.com\/portal\/category\/colaborador\/z-colaborador-fernando-gamarra\/"},"img":{"alt_text":"","src":"https:\/\/i0.wp.com\/webdelmaestrocmf.com\/portal\/wp-content\/uploads\/2021\/05\/1-copia-31.jpg?resize=350%2C200&ssl=1","width":350,"height":200,"srcset":"https:\/\/i0.wp.com\/webdelmaestrocmf.com\/portal\/wp-content\/uploads\/2021\/05\/1-copia-31.jpg?resize=350%2C200&ssl=1 1x, https:\/\/i0.wp.com\/webdelmaestrocmf.com\/portal\/wp-content\/uploads\/2021\/05\/1-copia-31.jpg?resize=525%2C300&ssl=1 1.5x, https:\/\/i0.wp.com\/webdelmaestrocmf.com\/portal\/wp-content\/uploads\/2021\/05\/1-copia-31.jpg?resize=700%2C400&ssl=1 2x, https:\/\/i0.wp.com\/webdelmaestrocmf.com\/portal\/wp-content\/uploads\/2021\/05\/1-copia-31.jpg?resize=1050%2C600&ssl=1 3x"},"classes":[]},{"id":84497,"url":"https:\/\/webdelmaestrocmf.com\/portal\/fernando-gamarra-descanso-vacacional-2023-de-los-profesores-del-area-de-gestion-pedagogica-peru\/","url_meta":{"origin":67013,"position":3},"title":"[Fernando Gamarra] Descanso vacacional 2023 de los profesores del \u00e1rea de gesti\u00f3n pedag\u00f3gica (Per\u00fa)","author":"Web del Maestro CMF","date":"20 febrero, 2023","format":false,"excerpt":"En cuanto al descanso vacacional anual remunerado se trata de un derecho de reconocimiento internacional a nivel de la normativa sobre derechos humanos y, a nivel constitucional el art\u00edculo 25\u00b0 ha establecido que\u00a0\"(...) Los trabajadores tienen derecho a descanso semanal y anual remunerados. Su disfrute y compensaci\u00f3n se regulan por\u2026","rel":"","context":"En \u00abZ-Colaborador-Fernando-Gamarra\u00bb","block_context":{"text":"Z-Colaborador-Fernando-Gamarra","link":"https:\/\/webdelmaestrocmf.com\/portal\/category\/colaborador\/z-colaborador-fernando-gamarra\/"},"img":{"alt_text":"","src":"https:\/\/i0.wp.com\/webdelmaestrocmf.com\/portal\/wp-content\/uploads\/2023\/02\/1abc-5.jpg?resize=350%2C200&ssl=1","width":350,"height":200,"srcset":"https:\/\/i0.wp.com\/webdelmaestrocmf.com\/portal\/wp-content\/uploads\/2023\/02\/1abc-5.jpg?resize=350%2C200&ssl=1 1x, https:\/\/i0.wp.com\/webdelmaestrocmf.com\/portal\/wp-content\/uploads\/2023\/02\/1abc-5.jpg?resize=525%2C300&ssl=1 1.5x, https:\/\/i0.wp.com\/webdelmaestrocmf.com\/portal\/wp-content\/uploads\/2023\/02\/1abc-5.jpg?resize=700%2C400&ssl=1 2x"},"classes":[]},{"id":75521,"url":"https:\/\/webdelmaestrocmf.com\/portal\/fernando-gamarra-servicio-educativo-y-rutina-para-el-consumo-de-alimentos-en-el-peru\/","url_meta":{"origin":67013,"position":4},"title":"[Fernando Gamarra] Servicio educativo y rutina para el consumo de alimentos en el Per\u00fa","author":"Web del Maestro CMF","date":"15 marzo, 2022","format":false,"excerpt":"La jornada de trabajo del profesor que ejerce funciones de ense\u00f1anza en aula, en las diferentes modalidades, forma, niveles y ciclos educativos, la cual puede ser lectiva o no lectiva es de 30 horas pedag\u00f3gicas semanal-mensual de 45 minutos cada una, al profesor se le remunera por esas horas. Si\u2026","rel":"","context":"En \u00abZ-Colaborador-Fernando-Gamarra\u00bb","block_context":{"text":"Z-Colaborador-Fernando-Gamarra","link":"https:\/\/webdelmaestrocmf.com\/portal\/category\/colaborador\/z-colaborador-fernando-gamarra\/"},"img":{"alt_text":"","src":"https:\/\/i0.wp.com\/webdelmaestrocmf.com\/portal\/wp-content\/uploads\/2022\/03\/1-18.jpg?resize=350%2C200&ssl=1","width":350,"height":200,"srcset":"https:\/\/i0.wp.com\/webdelmaestrocmf.com\/portal\/wp-content\/uploads\/2022\/03\/1-18.jpg?resize=350%2C200&ssl=1 1x, https:\/\/i0.wp.com\/webdelmaestrocmf.com\/portal\/wp-content\/uploads\/2022\/03\/1-18.jpg?resize=525%2C300&ssl=1 1.5x, https:\/\/i0.wp.com\/webdelmaestrocmf.com\/portal\/wp-content\/uploads\/2022\/03\/1-18.jpg?resize=700%2C400&ssl=1 2x, https:\/\/i0.wp.com\/webdelmaestrocmf.com\/portal\/wp-content\/uploads\/2022\/03\/1-18.jpg?resize=1050%2C600&ssl=1 3x"},"classes":[]},{"id":62931,"url":"https:\/\/webdelmaestrocmf.com\/portal\/fernando-gamarra-semanas-de-gestion-en-el-ano-lectivo-2021-en-peru\/","url_meta":{"origin":67013,"position":5},"title":"[Fernando Gamarra] Semanas de gesti\u00f3n en el A\u00f1o Lectivo 2021 en Per\u00fa","author":"Web del Maestro CMF","date":"13 mayo, 2021","format":false,"excerpt":"El Compromiso 4: Acompa\u00f1amiento y monitoreo para la mejora de las pr\u00e1cticas pedag\u00f3gicas orientadas al logro de aprendizajes previstos en el CNEB, se\u00f1alado en el Documento Normativo \u201cOrientaciones para el Desarrollo del A\u00f1o Escolar 2021 en Instituciones Educativas y Programas Educativos de la Educaci\u00f3n B\u00e1sica\u201d, permite que el equipo directivo\u2026","rel":"","context":"En \u00abZ-Colaborador-Fernando-Gamarra\u00bb","block_context":{"text":"Z-Colaborador-Fernando-Gamarra","link":"https:\/\/webdelmaestrocmf.com\/portal\/category\/colaborador\/z-colaborador-fernando-gamarra\/"},"img":{"alt_text":"","src":"https:\/\/i0.wp.com\/webdelmaestrocmf.com\/portal\/wp-content\/uploads\/2021\/05\/1-copia-18.jpg?resize=350%2C200&ssl=1","width":350,"height":200,"srcset":"https:\/\/i0.wp.com\/webdelmaestrocmf.com\/portal\/wp-content\/uploads\/2021\/05\/1-copia-18.jpg?resize=350%2C200&ssl=1 1x, https:\/\/i0.wp.com\/webdelmaestrocmf.com\/portal\/wp-content\/uploads\/2021\/05\/1-copia-18.jpg?resize=525%2C300&ssl=1 1.5x, https:\/\/i0.wp.com\/webdelmaestrocmf.com\/portal\/wp-content\/uploads\/2021\/05\/1-copia-18.jpg?resize=700%2C400&ssl=1 2x, https:\/\/i0.wp.com\/webdelmaestrocmf.com\/portal\/wp-content\/uploads\/2021\/05\/1-copia-18.jpg?resize=1050%2C600&ssl=1 3x"},"classes":[]}],"_links":{"self":[{"href":"https:\/\/webdelmaestrocmf.com\/portal\/wp-json\/wp\/v2\/posts\/67013","targetHints":{"allow":["GET"]}}],"collection":[{"href":"https:\/\/webdelmaestrocmf.com\/portal\/wp-json\/wp\/v2\/posts"}],"about":[{"href":"https:\/\/webdelmaestrocmf.com\/portal\/wp-json\/wp\/v2\/types\/post"}],"author":[{"embeddable":true,"href":"https:\/\/webdelmaestrocmf.com\/portal\/wp-json\/wp\/v2\/users\/1"}],"replies":[{"embeddable":true,"href":"https:\/\/webdelmaestrocmf.com\/portal\/wp-json\/wp\/v2\/comments?post=67013"}],"version-history":[{"count":0,"href":"https:\/\/webdelmaestrocmf.com\/portal\/wp-json\/wp\/v2\/posts\/67013\/revisions"}],"wp:featuredmedia":[{"embeddable":true,"href":"https:\/\/webdelmaestrocmf.com\/portal\/wp-json\/wp\/v2\/media\/67014"}],"wp:attachment":[{"href":"https:\/\/webdelmaestrocmf.com\/portal\/wp-json\/wp\/v2\/media?parent=67013"}],"wp:term":[{"taxonomy":"category","embeddable":true,"href":"https:\/\/webdelmaestrocmf.com\/portal\/wp-json\/wp\/v2\/categories?post=67013"},{"taxonomy":"post_tag","embeddable":true,"href":"https:\/\/webdelmaestrocmf.com\/portal\/wp-json\/wp\/v2\/tags?post=67013"}],"curies":[{"name":"wp","href":"https:\/\/api.w.org\/{rel}","templated":true}]}}