{"id":66944,"date":"2022-01-24T21:26:12","date_gmt":"2022-01-25T00:26:12","guid":{"rendered":"https:\/\/webdelmaestrocmf.com\/portal\/?p=66944"},"modified":"2023-10-28T10:39:47","modified_gmt":"2023-10-28T13:39:47","slug":"ante-la-nueva-normalidad-educativa-los-profesores-llegamos-reinventados-y-actualizados","status":"publish","type":"post","link":"https:\/\/webdelmaestrocmf.com\/portal\/ante-la-nueva-normalidad-educativa-los-profesores-llegamos-reinventados-y-actualizados\/","title":{"rendered":"Ante la nueva normalidad educativa, los profesores llegamos reinventados y actualizados"},"content":{"rendered":"<p style=\"text-align: justify;\"><strong>\u00bfCu\u00e1ntos conocimientos hemos actualizado o aprendido en estos \u00faltimos meses los profesores? \u00bfCu\u00e1nto nos hemos actualizado y mejorado en el manejo de tantas herramientas digitales como valiosos recursos pedag\u00f3gicos? \u00bfCu\u00e1ntos hemos tomado -con algunas, tantas y diferentes- limitaciones, la oportunidad para repensar nuestro rol docente, nuestros contenidos y anticiparnos a la pr\u00f3xima nueva normalidad educativa? \u00bfCu\u00e1nto tiempo hemos invertido en analizar, pensar y dialogar sobre c\u00f3mo est\u00e1bamos y estamos transmitiendo hoy a nuestros estudiantes el aprendizaje de aprender a aprender? \u00bfSabemos que nuestros estudiantes nos siguen viendo como referentes, pero tambi\u00e9n como aliados en el desarrollo de la curr\u00edcula?<\/strong><\/p>\n<p><!--more--><\/p>\n<p style=\"text-align: justify;\">El cambio que ha sufrido la educaci\u00f3n a nivel mundial a causa de la pandemia, ha sido tan diverso como cada pa\u00eds, pues <strong>cada cual ha dado respuesta a los desaf\u00edos del cierre de las escuelas con los recursos con que fue sorprendido<\/strong>. Pero para todos se nos ha presentado la gran oportunidad para analizar nuestra respuesta y tambi\u00e9n conocer, analizar y aprender de las experiencias de los otros. Consideramos que<strong> todo aprendizaje de otras experiencias educativas, para nosotros, es ganancia, <\/strong>pues como dec\u00eda don Miguel \u00c1ngel Cornejo: \u201cel puntaje m\u00e1s alto de \u00e9l, es mi cero\u201d.<\/p>\n<h5 style=\"text-align: justify;\">EDUCACI\u00d3N EN PANDEMIA: LAS PREGUNTAS QUE NOS QUEDAN (10\u00b4 07\u201d)<\/h5>\n<p style=\"text-align: justify;\"><iframe loading=\"lazy\" title=\"YouTube video player\" src=\"https:\/\/www.youtube.com\/embed\/TBAnukTkIGI\" width=\"100%\" height=\"400\" frameborder=\"0\" allowfullscreen=\"allowfullscreen\" data-mce-fragment=\"1\"><span data-mce-type=\"bookmark\" style=\"display: inline-block; width: 0px; overflow: hidden; line-height: 0;\" class=\"mce_SELRES_start\">\ufeff<\/span><\/iframe><\/p>\n<p style=\"text-align: justify;\">Cada experiencia ha sido, en no pocos casos, <strong>una aut\u00e9ntica labor creativa de un profesor que se ha motivado y actualizado, tratando de encontrar el adaptarse al desaf\u00edo de un nuevo panorama<\/strong> con sus recursos.\u00a0 Tambi\u00e9n le ha demandado <strong>tiempo, imaginaci\u00f3n, reflexi\u00f3n, entusiasmo, perseverancia y confianza en s\u00ed mismo,<\/strong> para buscar lograr sus objetivos pedag\u00f3gicos, as\u00ed como analizar y aprender de las experiencias de otros. La exigencia de aprender tanto en tan poco tiempo nos dice que la inmensa mayor\u00eda de profesores no han desaprovechado la oportunidad para reinventarse y actualizarse.<\/p>\n<p style=\"text-align: justify;\">Los profesores sabemos que <strong>nuestra tarea es artesanal, diaria, permanente, que contribuye a mejorar el proceso ense\u00f1anza- aprendizaje <\/strong>de nuestra particular y espec\u00edfica comunidad educativa donde servimos, porque es un trabajo que suma, que envuelve y compromete a todos. Cu\u00e1nto nos ha servido el di\u00e1logo virtual y el trabajo en equipo con otros colegas; el estar siempre <strong>abiertos a la novedad de un nuevo itinerario educativo<\/strong>, a una educaci\u00f3n que se actualiza (sin temor) sabiendo que la \u00faltima palabra en educaci\u00f3n todav\u00eda no est\u00e1 dicha.<\/p>\n<p style=\"text-align: justify;\">Teniendo en cuenta la importancia de la humildad, la valent\u00eda, la tolerancia, la paciencia, la capacidad de decisi\u00f3n, de ruptura, el buen ejemplo y la capacidad de responder a la tensi\u00f3n entre la rutina y la disposici\u00f3n al cambio, porque la educaci\u00f3n es comunicaci\u00f3n, es di\u00e1logo y en ese sentido, <strong>en el proceso de adquisici\u00f3n de un conocimiento, no puede romperse la relaci\u00f3n pensamiento-lenguaje-contexto o realidad,<\/strong> infiri\u00e9ndose que en este evento no se trata de la transferencia de un saber, sino de un encuentro de interlocutores que aprenden juntos y que juntos buscan la significaci\u00f3n de los significados\u201d. <a href=\"https:\/\/webdelmaestrocmf.com\/portal\/las-cualidades-de-un-buen-docente-por-paulo-freire\/\" target=\"_top\" rel=\"noopener\">Las cualidades de un buen docente, por Paulo Freire<\/a><\/p>\n<p style=\"text-align: justify;\">Podemos estar seguros que la mayor\u00eda superaremos el estr\u00e9s y la ansiedad del confinamiento y la falta de contacto con nuestros estudiantes, padres de familia y colegas, y comprobaremos que <strong>lo hermoso de ser educador es, entre otras recompensas vocacionales, que los caminos del proceso ense\u00f1anza &#8211; aprendizaje no est\u00e1n todos ni descubiertos, ni recorridos<\/strong>. Hemos encontrados nuevos itinerarios educativos, y los vamos a aprovechar.<\/p>\n<p style=\"text-align: justify;\">Hemos \u201crejuvenecido\u201d o reinventado nuestros estudios sobre nuestra tarea docente, sobre el conocimiento y su construcci\u00f3n social, que no somos transmisores de informaci\u00f3n de datos para memorizar, \u201cque el saber da el poder\u201d, que nuestra pedagog\u00eda es liberadora, provocadora de cultivar un pensamiento cr\u00edtico, con una educaci\u00f3n no-autoritaria, ni manipuladora, ni \u201cdirectivista\u201d, &#8230; nos hemos reinventado y actualizado ante el desaf\u00edo abierto a los modelos pedag\u00f3gicos existentes -que Freire consideraba como educaci\u00f3n bancaria- \u00a0que trata (o trataba) el\u00a0 proceso de aprender a aprender como hechos aislados, ahist\u00f3ricos que deb\u00edan ser simplemente depositados en las mentes de los estudiantes, del mismo modo en que un banquero deposita fondos en su cuenta. Cf <a href=\"https:\/\/revistas.udenar.edu.co\/index.php\/rceilat\/article\/download\/3262\/4344\/#:~:text=El%20di%C3%A1logo%20es%20considerado%20por,pretende%20detentar%20todo%20el%20saber.\" target=\"_blank\" rel=\"noopener\"><strong>EL PAPEL DEL EDUCADOR EN EL PENSAMIENTO DE PAULO FREIRE<\/strong><\/a><\/p>\n<p style=\"text-align: justify;\">Tanto para nosotros como profesores, como para nuestros estudiantes, <strong>el aprendizaje digital, online o a distancia sabemos que solo es una alternativa a las clases presenciales<\/strong>, con el aprendizaje de nuevas herramientas, que nos ofrecen nuevas rutas de aprendizaje y nos permiten <strong>escoger cu\u00e1l utilizar<\/strong>. Esta etapa pre regreso a las clases semipresenciales o presenciales &#8211; con todas las seguridades sanitarias- es una <strong>experiencia de eLearning<\/strong> <strong>de alta calidad<\/strong>.<\/p>\n<p style=\"text-align: justify;\">Aunque sabemos que algunas herramientas, de las que hemos utilizado, carecen de algunas funciones de interactividad pedag\u00f3gicas, nuestro entusiasmo y creatividad nos han permitido lograr que permanezcamos conectados y colaborando en un entorno en l\u00ednea en tiempo real, y tambi\u00e9n nos ha hecho caer en la cuenta de la lamentable \u201cbrecha digital\u201d -en tantos lugares- para optimizar y hacer totalmente inclusiva la participaci\u00f3n en las clases a distancia. <a href=\"https:\/\/webdelmaestrocmf.com\/portal\/cesar-bona-hay-miles-y-miles-de-ninos-y-ninas-que-no-tienen-acceso-a-internet\/\" target=\"_top\" rel=\"noopener\">C\u00e9sar Bona: Hay miles y miles de ni\u00f1os y ni\u00f1as que no tienen acceso a internet<\/a><\/p>\n<p style=\"text-align: justify;\">El cu\u00e1nto<strong> hemos ganado con la crisis del cierre de nuestras escuelas a causa del Covid 19<\/strong>, qu\u00e9 hemos aprendido los tres actores del proceso ense\u00f1anza \u2013 aprendizaje, desde <strong>la \u201cincertidumbre\u201d como b\u00fasqueda<\/strong> -planteada por el escritor colombiano Gabriel Garc\u00eda M\u00e1rquez-, y qu\u00e9 preguntas han surgido en medio de esta \u201ccat\u00e1strofe educativa\u201d a nivel mundial, nos transmite el profesor <strong>Francesco Tonucci <\/strong>en esta charla de TEDxC\u00d3RDOBA, que les invitamos a visualizar.<\/p>\n<p style=\"text-align: justify;\">La UNICEF nos dice que somos m\u00e1s de 63 millones de profesores hemos tenido que responder con creatividad, entusiasmo y con <strong>una enorme capacidad de reinvenci\u00f3n y actualizaci\u00f3n<\/strong> -como quiz\u00e1 nunca nos hab\u00edamos imaginado- al desaf\u00edo del cierre de nuestras escuelas, y a mantenernos fieles s nuestra tarea docente en la incertidumbre de cu\u00e1ndo volver\u00edamos (o volveremos) a las aulas. Ahora estamos seguros que \u201cno hay tiempo para la indiferencia. No nos podemos lavar las manos con la distancia, con la prescindencia, con el menosprecio, la autosuficiencia, &#8230; \u00a0sumamos y aprendemos unos de otros, o seguiremos \u201cinventando la p\u00f3lvora\u201d \u00ab. (cf Papa Francisco 04\/02\/2021).<\/p>\n<p style=\"text-align: justify;\">Cada pa\u00eds ha logrado responder a los cambios educativos que origin\u00f3 la pandemia del Covid 19, de la mano de sus profesores, y que ha evidenciado la importancia de la tarea docente en el proceso de ense\u00f1anza \u2013 aprendizaje, como \u201c<strong>una de las fuerzas claves m\u00e1s s\u00f3lidas e influyentes con miras a garantizar la equidad, el acceso y la calidad de la educaci\u00f3n<\/strong>, para el desarrollo mundial sostenible. Sin embargo, como nos dice el profesor Jos\u00e9 Antonio Marina, <strong>no tenemos que confundir innovaci\u00f3n con ocurrencias improvisadas<\/strong>, lo importante es \u201cdise\u00f1ar nuevos modos de integrar las tecnolog\u00edas en las aulas\u201d, en los cuales los profesores tienen mucho que aportar. <a href=\"https:\/\/webdelmaestrocmf.com\/portal\/jose-antonio-marina-este-ano-academico-tiene-que-ser-peculiar-flexible-un-ejemplo-del-adaptative-learning\/\" target=\"_top\" rel=\"noopener\">Jos\u00e9 Antonio Marina: Este a\u00f1o acad\u00e9mico tiene que ser peculiar, flexible, un ejemplo del \u00abadaptative learning\u00bb<\/a><\/p>\n<p style=\"text-align: justify;\">La tarea docente y su influencia en el desarrollo de la civilizaci\u00f3n y el progreso de los pueblos, ya no puede dejarse para despu\u00e9s. La actuaci\u00f3n de los profesores son <strong>el punto de partida para renovar y actualizar el camino educativo recorrido. <\/strong>Estamos urgidos a trabajar con entusiasmo, emoci\u00f3n y pasi\u00f3n para conseguir <strong>con las nuevas TIC, las clases h\u00edbridas y la inteligencia artificial,<\/strong> que nuestros estudiantes sigan aprendiendo a aprender en una nueva realidad educativa, que mire al futuro del Siglo XXI.<\/p>\n<p><img loading=\"lazy\" decoding=\"async\" class=\"alignnone size-large wp-image-66950\" src=\"https:\/\/webdelmaestrocmf.com\/portal\/wp-content\/uploads\/2021\/08\/1-153-1024x534.jpg\" alt=\"\" width=\"1024\" height=\"534\" srcset=\"https:\/\/webdelmaestrocmf.com\/portal\/wp-content\/uploads\/2021\/08\/1-153-1024x534.jpg 1024w, https:\/\/webdelmaestrocmf.com\/portal\/wp-content\/uploads\/2021\/08\/1-153-300x157.jpg 300w, https:\/\/webdelmaestrocmf.com\/portal\/wp-content\/uploads\/2021\/08\/1-153-768x401.jpg 768w, https:\/\/webdelmaestrocmf.com\/portal\/wp-content\/uploads\/2021\/08\/1-153-110x57.jpg 110w, https:\/\/webdelmaestrocmf.com\/portal\/wp-content\/uploads\/2021\/08\/1-153-200x104.jpg 200w, https:\/\/webdelmaestrocmf.com\/portal\/wp-content\/uploads\/2021\/08\/1-153-380x198.jpg 380w, https:\/\/webdelmaestrocmf.com\/portal\/wp-content\/uploads\/2021\/08\/1-153-255x133.jpg 255w, https:\/\/webdelmaestrocmf.com\/portal\/wp-content\/uploads\/2021\/08\/1-153-550x287.jpg 550w, https:\/\/webdelmaestrocmf.com\/portal\/wp-content\/uploads\/2021\/08\/1-153-800x417.jpg 800w, https:\/\/webdelmaestrocmf.com\/portal\/wp-content\/uploads\/2021\/08\/1-153-220x115.jpg 220w, https:\/\/webdelmaestrocmf.com\/portal\/wp-content\/uploads\/2021\/08\/1-153-400x209.jpg 400w, https:\/\/webdelmaestrocmf.com\/portal\/wp-content\/uploads\/2021\/08\/1-153-760x397.jpg 760w, https:\/\/webdelmaestrocmf.com\/portal\/wp-content\/uploads\/2021\/08\/1-153-510x266.jpg 510w, https:\/\/webdelmaestrocmf.com\/portal\/wp-content\/uploads\/2021\/08\/1-153-600x313.jpg 600w, https:\/\/webdelmaestrocmf.com\/portal\/wp-content\/uploads\/2021\/08\/1-153.jpg 1100w\" sizes=\"auto, (max-width: 1024px) 100vw, 1024px\" \/><\/p>\n<p style=\"text-align: justify;\">Sabemos, como sostiene el profesor Francesco Tonucci, que debemos plantearnos la pregunta correcta, para lograr un <strong>proceso educativo que motive, consolide y desarrolle el necesario pensamiento cr\u00edtico<\/strong> (seg\u00fan la edad) en nuestros estudiantes, y que sean los padres de familia quienes tambi\u00e9n se actualicen, como lo han hecho hasta hoy (muchos de ellos) para apoyar la educaci\u00f3n de aprender en casa, porque esa ha sido la experiencia primera de la educaci\u00f3n a distancia: remar en la misma direcci\u00f3n los profesores y los padres de familia. Ahora <strong>necesitamos consolidar esa experiencia y ese trabajo, en equipo<\/strong> en el marco de una nueva normalidad educativa, que \u201cnada quede para despu\u00e9s, que ninguna obra o implementaci\u00f3n quede a medio terminar\u201d, porque la propuesta viene ahora de abajo hacia arriba. <a href=\"https:\/\/webdelmaestrocmf.com\/portal\/la-educacion-pos-pandemia-por-medio-de-la-nueva-normalidad-educativa-parte-i\/\" target=\"_top\" rel=\"noopener\">La educaci\u00f3n pos pandemia por medio de la nueva normalidad educativa (Parte I)<\/a><\/p>\n<p style=\"text-align: justify;\">Art\u00edculo relacionado: <a href=\"https:\/\/webdelmaestrocmf.com\/portal\/francesc-imbernon-munoz-tiene-que-haber-un-cambio-de-organizacion-de-estructura-de-curriculo-y-del-profesorado-y-de-su-formacion\/\" target=\"_top\" rel=\"noopener\">Francesc Imbernon Mu\u00f1oz: Tiene que haber un cambio de organizaci\u00f3n, de estructura, de curr\u00edculo y del profesorado y de su formaci\u00f3n<\/a><\/p>\n<p style=\"text-align: justify;\">En la tarea educativa, los profesores, en medio de esta emergencia educativa a causa del Covid 19, hemos evidenciado que seguimos siendo <strong>los guardianes privilegiados para defender las nuevas fronteras de la educaci\u00f3n, y seguir creyendo en la utop\u00eda de la educaci\u00f3n que sue\u00f1a <\/strong>hacer realidad el derecho humano fundamental que est\u00e1 indisolublemente ligado a la Declaraci\u00f3n Universal de Derechos Humanos y a muchos otros instrumentos internacionales, que permitan realizar la Agenda Mundial Educaci\u00f3n 2030. <a href=\"https:\/\/webdelmaestrocmf.com\/portal\/los-17-objetivos-de-desarrollo-sostenible-de-la-agenda-2030-explicados-con-las-canciones-de-disney\/\" target=\"_top\" rel=\"noopener\">Los 17 objetivos de desarrollo sostenible, de la agenda 2030, explicados con las canciones de Disney<\/a><\/p>\n<p style=\"text-align: justify;\">Ahora sabemos que la tecnolog\u00eda y los recursos digitales que hemos usado, no solo pueden cambiar los m\u00e9todos de ense\u00f1anza y aprendizaje, sino tambi\u00e9n <strong>mejorar nuestra tarea docente de impartir conocimientos, que permiten despertar en nuestros estudiantes el aprender de las experiencias de otros y descubrir su capacidad de ser cocreadores de otros conocimientos. <\/strong><\/p>\n<p style=\"text-align: justify;\">La tarea docente pos pandemia, poscovid o cuando llegue la nueva normalidad educativa, -como la llaman entre otras denominaciones-, la tenemos que afrontar <strong>evaluando el camino recorrido, reinventando y mejorando las metodolog\u00edas usadas, revisando las herramientas que nos sirvieron y el itinerario pedag\u00f3gico recorrido tanto por nosotros, como por otros profesores<\/strong>.<\/p>\n<p style=\"text-align: justify;\">La experiencia de la educaci\u00f3n online nos ha pulido en la tarea docente de ser acompa\u00f1antes, asesores, mentores y evaluadores de sus tareas. De manera que, al entrar en la fase de regreso a las aulas y las clases semipresenciales o presenciales, ser\u00e1 esencial que los profesores y padres de familia reflexionemos juntos sobre la tarea que hemos realizado cada uno, y <strong>reaccionar con eficacia y eficiencia <\/strong>ante un futuro que depender\u00e1 de la previsi\u00f3n, la disposici\u00f3n y la preparaci\u00f3n de los actores directos del proceso ense\u00f1anza \u2013 aprendizaje.<\/p>\n<p style=\"text-align: right;\"><strong>REDACCI\u00d3N WEB DEL MAESTRO CMF<\/strong><\/p>\n\t\t<div class=\"pk-inline-posts\">\n\t\t\t\n\t\t\t<div class=\"pk-inline-posts-container pk-inline-posts-template-list\"\n\t\t\t\tdata-columns=\"1\">\n\t\t\t\t\t\t<article id=\"post-17756\" class=\"post-17756 post type-post status-publish format-standard has-post-thumbnail category-jamb tag-dia tag-dia-del-trabajo tag-jorge-bergoglio tag-maestros tag-trabajo cs-entry cs-video-wrap\">\n\t\t\t<div class=\"pk-post-outer\">\n\n\t\t\t\t\t\t\t\t<div class=\"pk-post-inner\">\n\t\t\t\t\t<div class=\"entry-thumbnail\">\n\t\t\t\t\t\t<div class=\"pk-overlay pk-overlay-ratio pk-ratio-landscape\">\n\t\t\t\t\t\t\t<div class=\"pk-overlay-background\">\n\t\t\t\t\t\t\t\t<a href=\"https:\/\/webdelmaestrocmf.com\/portal\/dia-del-trabajo-maestros-gracias-lo-hacen\/\" class=\"pk-overlay-link\">\n\t\t\t\t\t\t\t\t\t<img loading=\"lazy\" decoding=\"async\" width=\"300\" height=\"225\" src=\"https:\/\/webdelmaestrocmf.com\/portal\/wp-content\/uploads\/2023\/05\/Banner-1-portada-imagen-10-1-55-300x225.jpg\" class=\"attachment-pk-thumbnail size-pk-thumbnail wp-post-image\" alt=\"d\u00eda del trabajo\" \/>\t\t\t\t\t\t\t\t<\/a>\n\t\t\t\t\t\t\t<\/div>\n\t\t\t\t\t\t<\/div>\n\t\t\t\t\t<\/div>\n\t\t\t\t<\/div>\n\t\t\t\t\n\t\t\t\t<div class=\"pk-post-inner\">\n\t\t\t\t\t<header>\n\t\t\t\t\t\t<h3 class=\"pk-title\"><a href=\"https:\/\/webdelmaestrocmf.com\/portal\/dia-del-trabajo-maestros-gracias-lo-hacen\/\" rel=\"bookmark\">D\u00eda Internacional de los Trabajadores: Maestros, \u00a1gracias por lo que hacen!<\/a><\/h3>\t\t\t\t\t<\/header><!-- .entry-header -->\n\t\t\t\t<\/div><!-- .post-inner -->\n\n\t\t\t<\/div><!-- .post-outer -->\n\t\t<\/article>\n\t\t\t<article id=\"post-118333\" class=\"post-118333 post type-post status-publish format-standard has-post-thumbnail category-jamb tag-apego tag-crianza tag-docentes tag-educacion tag-escuela tag-familia tag-infancia tag-responsabilidad tag-vinculo cs-entry cs-video-wrap\">\n\t\t\t<div class=\"pk-post-outer\">\n\n\t\t\t\t\t\t\t\t<div class=\"pk-post-inner\">\n\t\t\t\t\t<div class=\"entry-thumbnail\">\n\t\t\t\t\t\t<div class=\"pk-overlay pk-overlay-ratio pk-ratio-landscape\">\n\t\t\t\t\t\t\t<div class=\"pk-overlay-background\">\n\t\t\t\t\t\t\t\t<a href=\"https:\/\/webdelmaestrocmf.com\/portal\/el-sistema-nos-rompe-a-todos-y-a-los-ninos-primero\/\" class=\"pk-overlay-link\">\n\t\t\t\t\t\t\t\t\t<img loading=\"lazy\" decoding=\"async\" width=\"300\" height=\"225\" src=\"https:\/\/webdelmaestrocmf.com\/portal\/wp-content\/uploads\/2026\/04\/1AA-Banner-1-portada-imagen-10-1-copia-2-300x225.jpg\" class=\"attachment-pk-thumbnail size-pk-thumbnail wp-post-image\" alt=\"\" \/>\t\t\t\t\t\t\t\t<\/a>\n\t\t\t\t\t\t\t<\/div>\n\t\t\t\t\t\t<\/div>\n\t\t\t\t\t<\/div>\n\t\t\t\t<\/div>\n\t\t\t\t\n\t\t\t\t<div class=\"pk-post-inner\">\n\t\t\t\t\t<header>\n\t\t\t\t\t\t<h3 class=\"pk-title\"><a href=\"https:\/\/webdelmaestrocmf.com\/portal\/el-sistema-nos-rompe-a-todos-y-a-los-ninos-primero\/\" rel=\"bookmark\">El sistema nos rompe a todos\u2026 y a los ni\u00f1os primero<\/a><\/h3>\t\t\t\t\t<\/header><!-- .entry-header -->\n\t\t\t\t<\/div><!-- .post-inner -->\n\n\t\t\t<\/div><!-- .post-outer -->\n\t\t<\/article>\n\t\t\t<article id=\"post-118324\" class=\"post-118324 post type-post status-publish format-standard has-post-thumbnail category-jamb tag-administracion-educativa tag-calidad-educativa tag-comunidad-educativa tag-direccion-escolar tag-educacion-digital tag-gestion-escolar tag-innovacion-educativa tag-liderazgo-educativo tag-mejora-continua tag-planificacion-educativa cs-entry cs-video-wrap\">\n\t\t\t<div class=\"pk-post-outer\">\n\n\t\t\t\t\t\t\t\t<div class=\"pk-post-inner\">\n\t\t\t\t\t<div class=\"entry-thumbnail\">\n\t\t\t\t\t\t<div class=\"pk-overlay pk-overlay-ratio pk-ratio-landscape\">\n\t\t\t\t\t\t\t<div class=\"pk-overlay-background\">\n\t\t\t\t\t\t\t\t<a href=\"https:\/\/webdelmaestrocmf.com\/portal\/la-administracion-educativa-el-pilar-silencioso-que-sostiene-la-escuela-administrar-o-gestionar-una-comunidad-educativa-es-lo-mismo\/\" class=\"pk-overlay-link\">\n\t\t\t\t\t\t\t\t\t<img loading=\"lazy\" decoding=\"async\" width=\"300\" height=\"225\" src=\"https:\/\/webdelmaestrocmf.com\/portal\/wp-content\/uploads\/2026\/04\/1AA-Banner-1-portada-imagen-10-1-copia-6-4-300x225.webp\" class=\"attachment-pk-thumbnail size-pk-thumbnail wp-post-image\" alt=\"\" \/>\t\t\t\t\t\t\t\t<\/a>\n\t\t\t\t\t\t\t<\/div>\n\t\t\t\t\t\t<\/div>\n\t\t\t\t\t<\/div>\n\t\t\t\t<\/div>\n\t\t\t\t\n\t\t\t\t<div class=\"pk-post-inner\">\n\t\t\t\t\t<header>\n\t\t\t\t\t\t<h3 class=\"pk-title\"><a href=\"https:\/\/webdelmaestrocmf.com\/portal\/la-administracion-educativa-el-pilar-silencioso-que-sostiene-la-escuela-administrar-o-gestionar-una-comunidad-educativa-es-lo-mismo\/\" rel=\"bookmark\">La administraci\u00f3n educativa: el pilar silencioso que sostiene la escuela. \u00bfAdministrar o gestionar una comunidad educativa es lo mismo?<\/a><\/h3>\t\t\t\t\t<\/header><!-- .entry-header -->\n\t\t\t\t<\/div><!-- .post-inner -->\n\n\t\t\t<\/div><!-- .post-outer -->\n\t\t<\/article>\n\t\t\t\t<\/div>\n\t\t<\/div>\n\t\t\n","protected":false},"excerpt":{"rendered":"\u00bfCu\u00e1ntos conocimientos hemos actualizado o aprendido en estos \u00faltimos meses los profesores? \u00bfCu\u00e1nto nos hemos actualizado y mejorado&hellip;","protected":false},"author":1,"featured_media":66949,"comment_status":"open","ping_status":"closed","sticky":false,"template":"","format":"standard","meta":{"csco_display_header_overlay":false,"csco_singular_sidebar":"default","csco_page_header_type":"default","csco_page_load_nextpost":"default","csco_post_video_location":[],"csco_post_video_location_hash":"","csco_post_video_url":"","csco_post_video_bg_start_time":0,"csco_post_video_bg_end_time":0,"csco_post_video_bg_volume":false,"_jetpack_memberships_contains_paid_content":false,"footnotes":""},"categories":[61],"tags":[14027,220,14025,5195,5782,62,14026],"class_list":{"0":"post-66944","1":"post","2":"type-post","3":"status-publish","4":"format-standard","5":"has-post-thumbnail","7":"category-jamb","8":"tag-actualizados","9":"tag-educativa","10":"tag-llegamos","11":"tag-normalidad","12":"tag-nueva","13":"tag-profesores","14":"tag-reinventados","15":"cs-entry","16":"cs-video-wrap"},"yoast_head":"<!-- This site is optimized with the Yoast SEO plugin v27.5 - https:\/\/yoast.com\/product\/yoast-seo-wordpress\/ -->\n<title>Ante la nueva normalidad educativa, los profesores llegamos reinventados y actualizados - 2026<\/title>\n<meta name=\"description\" content=\"\u00bfCu\u00e1ntos conocimientos hemos actualizado o aprendido en estos \u00faltimos meses los profesores? \u00bfCu\u00e1nto nos hemos actualizado...\" \/>\n<meta name=\"robots\" content=\"index, follow, max-snippet:-1, max-image-preview:large, max-video-preview:-1\" \/>\n<link rel=\"canonical\" href=\"https:\/\/webdelmaestrocmf.com\/portal\/ante-la-nueva-normalidad-educativa-los-profesores-llegamos-reinventados-y-actualizados\/\" \/>\n<meta property=\"og:locale\" content=\"es_ES\" \/>\n<meta property=\"og:type\" content=\"article\" \/>\n<meta property=\"og:title\" content=\"Ante la nueva normalidad educativa, los profesores llegamos reinventados y actualizados - 2026\" \/>\n<meta property=\"og:description\" content=\"\u00bfCu\u00e1ntos conocimientos hemos actualizado o aprendido en estos \u00faltimos meses los profesores? \u00bfCu\u00e1nto nos hemos actualizado...\" \/>\n<meta property=\"og:url\" content=\"https:\/\/webdelmaestrocmf.com\/portal\/ante-la-nueva-normalidad-educativa-los-profesores-llegamos-reinventados-y-actualizados\/\" \/>\n<meta property=\"og:site_name\" content=\"Web del Maestro CMF\" \/>\n<meta property=\"article:publisher\" content=\"https:\/\/www.facebook.com\/WebdelMaestroCMF\/\" \/>\n<meta property=\"article:author\" content=\"https:\/\/www.facebook.com\/WebdelMaestroCMF\/\" \/>\n<meta property=\"article:published_time\" content=\"2022-01-25T00:26:12+00:00\" \/>\n<meta property=\"article:modified_time\" content=\"2023-10-28T13:39:47+00:00\" \/>\n<meta property=\"og:image\" content=\"https:\/\/webdelmaestrocmf.com\/portal\/wp-content\/uploads\/2021\/08\/1-152.jpg\" \/>\n\t<meta property=\"og:image:width\" content=\"1100\" \/>\n\t<meta property=\"og:image:height\" content=\"680\" \/>\n\t<meta property=\"og:image:type\" content=\"image\/jpeg\" \/>\n<meta name=\"author\" content=\"Web del Maestro CMF\" \/>\n<meta name=\"twitter:card\" content=\"summary_large_image\" \/>\n<meta name=\"twitter:creator\" content=\"@cmf_w\" \/>\n<meta name=\"twitter:site\" content=\"@cmf_w\" \/>\n<script type=\"application\/ld+json\" class=\"yoast-schema-graph\">{\"@context\":\"https:\\\/\\\/schema.org\",\"@graph\":[{\"@type\":\"ScholarlyArticle\",\"@id\":\"https:\\\/\\\/webdelmaestrocmf.com\\\/portal\\\/ante-la-nueva-normalidad-educativa-los-profesores-llegamos-reinventados-y-actualizados\\\/#article\",\"isPartOf\":{\"@id\":\"https:\\\/\\\/webdelmaestrocmf.com\\\/portal\\\/ante-la-nueva-normalidad-educativa-los-profesores-llegamos-reinventados-y-actualizados\\\/\"},\"author\":{\"name\":\"Web del Maestro CMF\",\"@id\":\"https:\\\/\\\/webdelmaestrocmf.com\\\/portal\\\/#\\\/schema\\\/person\\\/1072a2ed7bd960df8ef99a551fa35dc5\"},\"headline\":\"Ante la nueva normalidad educativa, los profesores llegamos reinventados y actualizados\",\"datePublished\":\"2022-01-25T00:26:12+00:00\",\"dateModified\":\"2023-10-28T13:39:47+00:00\",\"mainEntityOfPage\":{\"@id\":\"https:\\\/\\\/webdelmaestrocmf.com\\\/portal\\\/ante-la-nueva-normalidad-educativa-los-profesores-llegamos-reinventados-y-actualizados\\\/\"},\"wordCount\":1788,\"commentCount\":1,\"publisher\":{\"@id\":\"https:\\\/\\\/webdelmaestrocmf.com\\\/portal\\\/#organization\"},\"image\":{\"@id\":\"https:\\\/\\\/webdelmaestrocmf.com\\\/portal\\\/ante-la-nueva-normalidad-educativa-los-profesores-llegamos-reinventados-y-actualizados\\\/#primaryimage\"},\"thumbnailUrl\":\"https:\\\/\\\/webdelmaestrocmf.com\\\/portal\\\/wp-content\\\/uploads\\\/2021\\\/08\\\/1-152.jpg\",\"keywords\":[\"actualizados\",\"EDUCATIVA\",\"llegamos\",\"normalidad\",\"nueva\",\"profesores\",\"reinventados\"],\"articleSection\":[\"Yo opino - WMCMF\"],\"inLanguage\":\"es\",\"potentialAction\":[{\"@type\":\"CommentAction\",\"name\":\"Comment\",\"target\":[\"https:\\\/\\\/webdelmaestrocmf.com\\\/portal\\\/ante-la-nueva-normalidad-educativa-los-profesores-llegamos-reinventados-y-actualizados\\\/#respond\"]}]},{\"@type\":\"WebPage\",\"@id\":\"https:\\\/\\\/webdelmaestrocmf.com\\\/portal\\\/ante-la-nueva-normalidad-educativa-los-profesores-llegamos-reinventados-y-actualizados\\\/\",\"url\":\"https:\\\/\\\/webdelmaestrocmf.com\\\/portal\\\/ante-la-nueva-normalidad-educativa-los-profesores-llegamos-reinventados-y-actualizados\\\/\",\"name\":\"Ante la nueva normalidad educativa, los profesores llegamos reinventados y actualizados - 2026\",\"isPartOf\":{\"@id\":\"https:\\\/\\\/webdelmaestrocmf.com\\\/portal\\\/#website\"},\"primaryImageOfPage\":{\"@id\":\"https:\\\/\\\/webdelmaestrocmf.com\\\/portal\\\/ante-la-nueva-normalidad-educativa-los-profesores-llegamos-reinventados-y-actualizados\\\/#primaryimage\"},\"image\":{\"@id\":\"https:\\\/\\\/webdelmaestrocmf.com\\\/portal\\\/ante-la-nueva-normalidad-educativa-los-profesores-llegamos-reinventados-y-actualizados\\\/#primaryimage\"},\"thumbnailUrl\":\"https:\\\/\\\/webdelmaestrocmf.com\\\/portal\\\/wp-content\\\/uploads\\\/2021\\\/08\\\/1-152.jpg\",\"datePublished\":\"2022-01-25T00:26:12+00:00\",\"dateModified\":\"2023-10-28T13:39:47+00:00\",\"description\":\"\u00bfCu\u00e1ntos conocimientos hemos actualizado o aprendido en estos \u00faltimos meses los profesores? \u00bfCu\u00e1nto nos hemos actualizado...\",\"breadcrumb\":{\"@id\":\"https:\\\/\\\/webdelmaestrocmf.com\\\/portal\\\/ante-la-nueva-normalidad-educativa-los-profesores-llegamos-reinventados-y-actualizados\\\/#breadcrumb\"},\"inLanguage\":\"es\",\"potentialAction\":[{\"@type\":\"ReadAction\",\"target\":[\"https:\\\/\\\/webdelmaestrocmf.com\\\/portal\\\/ante-la-nueva-normalidad-educativa-los-profesores-llegamos-reinventados-y-actualizados\\\/\"]}]},{\"@type\":\"ImageObject\",\"inLanguage\":\"es\",\"@id\":\"https:\\\/\\\/webdelmaestrocmf.com\\\/portal\\\/ante-la-nueva-normalidad-educativa-los-profesores-llegamos-reinventados-y-actualizados\\\/#primaryimage\",\"url\":\"https:\\\/\\\/webdelmaestrocmf.com\\\/portal\\\/wp-content\\\/uploads\\\/2021\\\/08\\\/1-152.jpg\",\"contentUrl\":\"https:\\\/\\\/webdelmaestrocmf.com\\\/portal\\\/wp-content\\\/uploads\\\/2021\\\/08\\\/1-152.jpg\",\"width\":1100,\"height\":680},{\"@type\":\"BreadcrumbList\",\"@id\":\"https:\\\/\\\/webdelmaestrocmf.com\\\/portal\\\/ante-la-nueva-normalidad-educativa-los-profesores-llegamos-reinventados-y-actualizados\\\/#breadcrumb\",\"itemListElement\":[{\"@type\":\"ListItem\",\"position\":1,\"name\":\"Portada\",\"item\":\"https:\\\/\\\/webdelmaestrocmf.com\\\/portal\\\/\"},{\"@type\":\"ListItem\",\"position\":2,\"name\":\"Yo opino - WMCMF\",\"item\":\"https:\\\/\\\/webdelmaestrocmf.com\\\/portal\\\/category\\\/jamb\\\/\"},{\"@type\":\"ListItem\",\"position\":3,\"name\":\"Ante la nueva normalidad educativa, los profesores llegamos reinventados y actualizados\"}]},{\"@type\":\"WebSite\",\"@id\":\"https:\\\/\\\/webdelmaestrocmf.com\\\/portal\\\/#website\",\"url\":\"https:\\\/\\\/webdelmaestrocmf.com\\\/portal\\\/\",\"name\":\"Web del Maestro CMF\",\"description\":\"Maestros al servicio de la educaci\u00f3n\",\"publisher\":{\"@id\":\"https:\\\/\\\/webdelmaestrocmf.com\\\/portal\\\/#organization\"},\"alternateName\":\"WMCMF\",\"potentialAction\":[{\"@type\":\"SearchAction\",\"target\":{\"@type\":\"EntryPoint\",\"urlTemplate\":\"https:\\\/\\\/webdelmaestrocmf.com\\\/portal\\\/?s={search_term_string}\"},\"query-input\":{\"@type\":\"PropertyValueSpecification\",\"valueRequired\":true,\"valueName\":\"search_term_string\"}}],\"inLanguage\":\"es\"},{\"@type\":\"Organization\",\"@id\":\"https:\\\/\\\/webdelmaestrocmf.com\\\/portal\\\/#organization\",\"name\":\"Web del Maestro CMF\",\"alternateName\":\"WMCMF\",\"url\":\"https:\\\/\\\/webdelmaestrocmf.com\\\/portal\\\/\",\"logo\":{\"@type\":\"ImageObject\",\"inLanguage\":\"es\",\"@id\":\"https:\\\/\\\/webdelmaestrocmf.com\\\/portal\\\/#\\\/schema\\\/logo\\\/image\\\/\",\"url\":\"https:\\\/\\\/webdelmaestrocmf.com\\\/portal\\\/wp-content\\\/uploads\\\/2023\\\/01\\\/logo-wmcmf-2.png\",\"contentUrl\":\"https:\\\/\\\/webdelmaestrocmf.com\\\/portal\\\/wp-content\\\/uploads\\\/2023\\\/01\\\/logo-wmcmf-2.png\",\"width\":200,\"height\":60,\"caption\":\"Web del Maestro CMF\"},\"image\":{\"@id\":\"https:\\\/\\\/webdelmaestrocmf.com\\\/portal\\\/#\\\/schema\\\/logo\\\/image\\\/\"},\"sameAs\":[\"https:\\\/\\\/www.facebook.com\\\/WebdelMaestroCMF\\\/\",\"https:\\\/\\\/x.com\\\/cmf_w\",\"https:\\\/\\\/www.pinterest.com\\\/WMCMF\\\/\",\"https:\\\/\\\/www.linkedin.com\\\/company\\\/web-del-maestro-cmf\\\/\",\"https:\\\/\\\/www.instagram.com\\\/wmcmf\\\/\",\"https:\\\/\\\/www.youtube.com\\\/channel\\\/UCDPSvjbdodE5sHnC3OxutHw\",\"https:\\\/\\\/mastodon.social\\\/@wmcmf\",\"https:\\\/\\\/www.tiktok.com\\\/@webdelmaestrocmf\"]},{\"@type\":\"Person\",\"@id\":\"https:\\\/\\\/webdelmaestrocmf.com\\\/portal\\\/#\\\/schema\\\/person\\\/1072a2ed7bd960df8ef99a551fa35dc5\",\"name\":\"Web del Maestro CMF\",\"image\":{\"@type\":\"ImageObject\",\"inLanguage\":\"es\",\"@id\":\"https:\\\/\\\/secure.gravatar.com\\\/avatar\\\/23291dd5b5ae1077dcff3dbb04c3e02bd28403fa75af6d8787d5e97c5bbbe30b?s=96&d=mm&r=g\",\"url\":\"https:\\\/\\\/secure.gravatar.com\\\/avatar\\\/23291dd5b5ae1077dcff3dbb04c3e02bd28403fa75af6d8787d5e97c5bbbe30b?s=96&d=mm&r=g\",\"contentUrl\":\"https:\\\/\\\/secure.gravatar.com\\\/avatar\\\/23291dd5b5ae1077dcff3dbb04c3e02bd28403fa75af6d8787d5e97c5bbbe30b?s=96&d=mm&r=g\",\"caption\":\"Web del Maestro CMF\"},\"description\":\"Esta Web se cre\u00f3 sin fines de lucro, con fines educativos, cient\u00edficos y acad\u00e9micos, para personas que tengan dificultades y\\\/o inconvenientes en visualizar el material original. El objetivo es entregar recursos, compartir experiencias y materiales que ayuden a los padres de familia, maestros y estudiantes en su actualizaci\u00f3n y formaci\u00f3n permanente, en bien de la Educaci\u00f3n.\",\"sameAs\":[\"http:\\\/\\\/webdelmaestrocmf.com\\\/portal\",\"https:\\\/\\\/www.facebook.com\\\/WebdelMaestroCMF\\\/\",\"https:\\\/\\\/www.instagram.com\\\/wmcmf\\\/\",\"https:\\\/\\\/cl.linkedin.com\\\/company\\\/web-del-maestro-cmf\",\"https:\\\/\\\/www.pinterest.com\\\/WMCMF\\\/publicaciones\\\/\",\"https:\\\/\\\/x.com\\\/cmf_w\",\"https:\\\/\\\/www.youtube.com\\\/@WMCMF\"]}]}<\/script>\n<!-- \/ Yoast SEO plugin. -->","yoast_head_json":{"title":"Ante la nueva normalidad educativa, los profesores llegamos reinventados y actualizados - 2026","description":"\u00bfCu\u00e1ntos conocimientos hemos actualizado o aprendido en estos \u00faltimos meses los profesores? \u00bfCu\u00e1nto nos hemos actualizado...","robots":{"index":"index","follow":"follow","max-snippet":"max-snippet:-1","max-image-preview":"max-image-preview:large","max-video-preview":"max-video-preview:-1"},"canonical":"https:\/\/webdelmaestrocmf.com\/portal\/ante-la-nueva-normalidad-educativa-los-profesores-llegamos-reinventados-y-actualizados\/","og_locale":"es_ES","og_type":"article","og_title":"Ante la nueva normalidad educativa, los profesores llegamos reinventados y actualizados - 2026","og_description":"\u00bfCu\u00e1ntos conocimientos hemos actualizado o aprendido en estos \u00faltimos meses los profesores? \u00bfCu\u00e1nto nos hemos actualizado...","og_url":"https:\/\/webdelmaestrocmf.com\/portal\/ante-la-nueva-normalidad-educativa-los-profesores-llegamos-reinventados-y-actualizados\/","og_site_name":"Web del Maestro CMF","article_publisher":"https:\/\/www.facebook.com\/WebdelMaestroCMF\/","article_author":"https:\/\/www.facebook.com\/WebdelMaestroCMF\/","article_published_time":"2022-01-25T00:26:12+00:00","article_modified_time":"2023-10-28T13:39:47+00:00","og_image":[{"width":1100,"height":680,"url":"https:\/\/webdelmaestrocmf.com\/portal\/wp-content\/uploads\/2021\/08\/1-152.jpg","type":"image\/jpeg"}],"author":"Web del Maestro CMF","twitter_card":"summary_large_image","twitter_creator":"@cmf_w","twitter_site":"@cmf_w","schema":{"@context":"https:\/\/schema.org","@graph":[{"@type":"ScholarlyArticle","@id":"https:\/\/webdelmaestrocmf.com\/portal\/ante-la-nueva-normalidad-educativa-los-profesores-llegamos-reinventados-y-actualizados\/#article","isPartOf":{"@id":"https:\/\/webdelmaestrocmf.com\/portal\/ante-la-nueva-normalidad-educativa-los-profesores-llegamos-reinventados-y-actualizados\/"},"author":{"name":"Web del Maestro CMF","@id":"https:\/\/webdelmaestrocmf.com\/portal\/#\/schema\/person\/1072a2ed7bd960df8ef99a551fa35dc5"},"headline":"Ante la nueva normalidad educativa, los profesores llegamos reinventados y actualizados","datePublished":"2022-01-25T00:26:12+00:00","dateModified":"2023-10-28T13:39:47+00:00","mainEntityOfPage":{"@id":"https:\/\/webdelmaestrocmf.com\/portal\/ante-la-nueva-normalidad-educativa-los-profesores-llegamos-reinventados-y-actualizados\/"},"wordCount":1788,"commentCount":1,"publisher":{"@id":"https:\/\/webdelmaestrocmf.com\/portal\/#organization"},"image":{"@id":"https:\/\/webdelmaestrocmf.com\/portal\/ante-la-nueva-normalidad-educativa-los-profesores-llegamos-reinventados-y-actualizados\/#primaryimage"},"thumbnailUrl":"https:\/\/webdelmaestrocmf.com\/portal\/wp-content\/uploads\/2021\/08\/1-152.jpg","keywords":["actualizados","EDUCATIVA","llegamos","normalidad","nueva","profesores","reinventados"],"articleSection":["Yo opino - WMCMF"],"inLanguage":"es","potentialAction":[{"@type":"CommentAction","name":"Comment","target":["https:\/\/webdelmaestrocmf.com\/portal\/ante-la-nueva-normalidad-educativa-los-profesores-llegamos-reinventados-y-actualizados\/#respond"]}]},{"@type":"WebPage","@id":"https:\/\/webdelmaestrocmf.com\/portal\/ante-la-nueva-normalidad-educativa-los-profesores-llegamos-reinventados-y-actualizados\/","url":"https:\/\/webdelmaestrocmf.com\/portal\/ante-la-nueva-normalidad-educativa-los-profesores-llegamos-reinventados-y-actualizados\/","name":"Ante la nueva normalidad educativa, los profesores llegamos reinventados y actualizados - 2026","isPartOf":{"@id":"https:\/\/webdelmaestrocmf.com\/portal\/#website"},"primaryImageOfPage":{"@id":"https:\/\/webdelmaestrocmf.com\/portal\/ante-la-nueva-normalidad-educativa-los-profesores-llegamos-reinventados-y-actualizados\/#primaryimage"},"image":{"@id":"https:\/\/webdelmaestrocmf.com\/portal\/ante-la-nueva-normalidad-educativa-los-profesores-llegamos-reinventados-y-actualizados\/#primaryimage"},"thumbnailUrl":"https:\/\/webdelmaestrocmf.com\/portal\/wp-content\/uploads\/2021\/08\/1-152.jpg","datePublished":"2022-01-25T00:26:12+00:00","dateModified":"2023-10-28T13:39:47+00:00","description":"\u00bfCu\u00e1ntos conocimientos hemos actualizado o aprendido en estos \u00faltimos meses los profesores? \u00bfCu\u00e1nto nos hemos actualizado...","breadcrumb":{"@id":"https:\/\/webdelmaestrocmf.com\/portal\/ante-la-nueva-normalidad-educativa-los-profesores-llegamos-reinventados-y-actualizados\/#breadcrumb"},"inLanguage":"es","potentialAction":[{"@type":"ReadAction","target":["https:\/\/webdelmaestrocmf.com\/portal\/ante-la-nueva-normalidad-educativa-los-profesores-llegamos-reinventados-y-actualizados\/"]}]},{"@type":"ImageObject","inLanguage":"es","@id":"https:\/\/webdelmaestrocmf.com\/portal\/ante-la-nueva-normalidad-educativa-los-profesores-llegamos-reinventados-y-actualizados\/#primaryimage","url":"https:\/\/webdelmaestrocmf.com\/portal\/wp-content\/uploads\/2021\/08\/1-152.jpg","contentUrl":"https:\/\/webdelmaestrocmf.com\/portal\/wp-content\/uploads\/2021\/08\/1-152.jpg","width":1100,"height":680},{"@type":"BreadcrumbList","@id":"https:\/\/webdelmaestrocmf.com\/portal\/ante-la-nueva-normalidad-educativa-los-profesores-llegamos-reinventados-y-actualizados\/#breadcrumb","itemListElement":[{"@type":"ListItem","position":1,"name":"Portada","item":"https:\/\/webdelmaestrocmf.com\/portal\/"},{"@type":"ListItem","position":2,"name":"Yo opino - WMCMF","item":"https:\/\/webdelmaestrocmf.com\/portal\/category\/jamb\/"},{"@type":"ListItem","position":3,"name":"Ante la nueva normalidad educativa, los profesores llegamos reinventados y actualizados"}]},{"@type":"WebSite","@id":"https:\/\/webdelmaestrocmf.com\/portal\/#website","url":"https:\/\/webdelmaestrocmf.com\/portal\/","name":"Web del Maestro CMF","description":"Maestros al servicio de la educaci\u00f3n","publisher":{"@id":"https:\/\/webdelmaestrocmf.com\/portal\/#organization"},"alternateName":"WMCMF","potentialAction":[{"@type":"SearchAction","target":{"@type":"EntryPoint","urlTemplate":"https:\/\/webdelmaestrocmf.com\/portal\/?s={search_term_string}"},"query-input":{"@type":"PropertyValueSpecification","valueRequired":true,"valueName":"search_term_string"}}],"inLanguage":"es"},{"@type":"Organization","@id":"https:\/\/webdelmaestrocmf.com\/portal\/#organization","name":"Web del Maestro CMF","alternateName":"WMCMF","url":"https:\/\/webdelmaestrocmf.com\/portal\/","logo":{"@type":"ImageObject","inLanguage":"es","@id":"https:\/\/webdelmaestrocmf.com\/portal\/#\/schema\/logo\/image\/","url":"https:\/\/webdelmaestrocmf.com\/portal\/wp-content\/uploads\/2023\/01\/logo-wmcmf-2.png","contentUrl":"https:\/\/webdelmaestrocmf.com\/portal\/wp-content\/uploads\/2023\/01\/logo-wmcmf-2.png","width":200,"height":60,"caption":"Web del Maestro CMF"},"image":{"@id":"https:\/\/webdelmaestrocmf.com\/portal\/#\/schema\/logo\/image\/"},"sameAs":["https:\/\/www.facebook.com\/WebdelMaestroCMF\/","https:\/\/x.com\/cmf_w","https:\/\/www.pinterest.com\/WMCMF\/","https:\/\/www.linkedin.com\/company\/web-del-maestro-cmf\/","https:\/\/www.instagram.com\/wmcmf\/","https:\/\/www.youtube.com\/channel\/UCDPSvjbdodE5sHnC3OxutHw","https:\/\/mastodon.social\/@wmcmf","https:\/\/www.tiktok.com\/@webdelmaestrocmf"]},{"@type":"Person","@id":"https:\/\/webdelmaestrocmf.com\/portal\/#\/schema\/person\/1072a2ed7bd960df8ef99a551fa35dc5","name":"Web del Maestro CMF","image":{"@type":"ImageObject","inLanguage":"es","@id":"https:\/\/secure.gravatar.com\/avatar\/23291dd5b5ae1077dcff3dbb04c3e02bd28403fa75af6d8787d5e97c5bbbe30b?s=96&d=mm&r=g","url":"https:\/\/secure.gravatar.com\/avatar\/23291dd5b5ae1077dcff3dbb04c3e02bd28403fa75af6d8787d5e97c5bbbe30b?s=96&d=mm&r=g","contentUrl":"https:\/\/secure.gravatar.com\/avatar\/23291dd5b5ae1077dcff3dbb04c3e02bd28403fa75af6d8787d5e97c5bbbe30b?s=96&d=mm&r=g","caption":"Web del Maestro CMF"},"description":"Esta Web se cre\u00f3 sin fines de lucro, con fines educativos, cient\u00edficos y acad\u00e9micos, para personas que tengan dificultades y\/o inconvenientes en visualizar el material original. El objetivo es entregar recursos, compartir experiencias y materiales que ayuden a los padres de familia, maestros y estudiantes en su actualizaci\u00f3n y formaci\u00f3n permanente, en bien de la Educaci\u00f3n.","sameAs":["http:\/\/webdelmaestrocmf.com\/portal","https:\/\/www.facebook.com\/WebdelMaestroCMF\/","https:\/\/www.instagram.com\/wmcmf\/","https:\/\/cl.linkedin.com\/company\/web-del-maestro-cmf","https:\/\/www.pinterest.com\/WMCMF\/publicaciones\/","https:\/\/x.com\/cmf_w","https:\/\/www.youtube.com\/@WMCMF"]}]}},"jetpack_featured_media_url":"https:\/\/webdelmaestrocmf.com\/portal\/wp-content\/uploads\/2021\/08\/1-152.jpg","jetpack_sharing_enabled":true,"jetpack-related-posts":[{"id":71436,"url":"https:\/\/webdelmaestrocmf.com\/portal\/su-institucion-educativa-cumple-con-las-garantias-sanitarias-o-aun-no-para-el-regreso-de-clases-presenciales\/","url_meta":{"origin":66944,"position":0},"title":"Su instituci\u00f3n educativa cumpli\u00f3 con las garant\u00edas sanitarias, volvieron a las clases presenciales y \u00bfqu\u00e9 aprendieron?","author":"Web del Maestro CMF","date":"22 noviembre, 2021","format":false,"excerpt":"Especialistas en Educaci\u00f3n y Salud, as\u00ed como docentes, coinciden que el regreso a clases presenciales fueron una prioridad, muy necesaria por lo que aseguraron que cada escuela defini\u00f3 sus protocolos de acuerdo a su realidad y contexto el de la pandemia en su comunidad. Cada una se adapt\u00f3 en buscar\u2026","rel":"","context":"En \u00abNoticias\u00bb","block_context":{"text":"Noticias","link":"https:\/\/webdelmaestrocmf.com\/portal\/category\/pedagogia\/noticias-pedagogia\/"},"img":{"alt_text":"","src":"https:\/\/i0.wp.com\/webdelmaestrocmf.com\/portal\/wp-content\/uploads\/2021\/11\/1QfER-22.jpg?resize=350%2C200&ssl=1","width":350,"height":200,"srcset":"https:\/\/i0.wp.com\/webdelmaestrocmf.com\/portal\/wp-content\/uploads\/2021\/11\/1QfER-22.jpg?resize=350%2C200&ssl=1 1x, https:\/\/i0.wp.com\/webdelmaestrocmf.com\/portal\/wp-content\/uploads\/2021\/11\/1QfER-22.jpg?resize=525%2C300&ssl=1 1.5x, https:\/\/i0.wp.com\/webdelmaestrocmf.com\/portal\/wp-content\/uploads\/2021\/11\/1QfER-22.jpg?resize=700%2C400&ssl=1 2x, https:\/\/i0.wp.com\/webdelmaestrocmf.com\/portal\/wp-content\/uploads\/2021\/11\/1QfER-22.jpg?resize=1050%2C600&ssl=1 3x"},"classes":[]},{"id":86799,"url":"https:\/\/webdelmaestrocmf.com\/portal\/cinco-retos-a-los-que-me-enfrento-a-diario-como-docente\/","url_meta":{"origin":66944,"position":1},"title":"Cinco retos a los que me enfrento a diario como Docente y sus soluciones","author":"Web del Maestro CMF","date":"8 abril, 2023","format":false,"excerpt":"La \u00e9poca actual se caracteriza por estar inmersa en un constante cambio, a causa de los avances tecnol\u00f3gicos que se dan a una gran velocidad. Por eso, el profesor David Prandi Chevalier publico en su cuenta de Linkedin una lista de \"5 retos a los que se enfrenta a diario\u2026","rel":"","context":"En \u00abConsejos\u00bb","block_context":{"text":"Consejos","link":"https:\/\/webdelmaestrocmf.com\/portal\/category\/pedagogia\/consejos\/"},"img":{"alt_text":"","src":"https:\/\/i0.wp.com\/webdelmaestrocmf.com\/portal\/wp-content\/uploads\/2023\/04\/A12B3C4D-9.jpg?resize=350%2C200&ssl=1","width":350,"height":200,"srcset":"https:\/\/i0.wp.com\/webdelmaestrocmf.com\/portal\/wp-content\/uploads\/2023\/04\/A12B3C4D-9.jpg?resize=350%2C200&ssl=1 1x, https:\/\/i0.wp.com\/webdelmaestrocmf.com\/portal\/wp-content\/uploads\/2023\/04\/A12B3C4D-9.jpg?resize=525%2C300&ssl=1 1.5x, https:\/\/i0.wp.com\/webdelmaestrocmf.com\/portal\/wp-content\/uploads\/2023\/04\/A12B3C4D-9.jpg?resize=700%2C400&ssl=1 2x"},"classes":[]},{"id":23262,"url":"https:\/\/webdelmaestrocmf.com\/portal\/formar-profesores-elite\/","url_meta":{"origin":66944,"position":2},"title":"C\u00f3mo formar maestros de \u00e9lite: La escuela no es el \u00fanico factor en el \u00e9xito educativo de los alumnos","author":"Web del Maestro CMF","date":"17 agosto, 2023","format":false,"excerpt":"La formaci\u00f3n inicial docente est\u00e1 frente de un nuevo desaf\u00edo: el formar profesores de \u00e9lite para trabajar en escenarios complejos, diversos y cambiantes,\u00a0 con capacidades profesionales para un ambiente escolar\u00a0 que \u201cya no tiene el monopolio del saber, [...] que tengan en cuenta el fuerte impacto de las TICs en\u2026","rel":"","context":"En \u00abNoticias\u00bb","block_context":{"text":"Noticias","link":"https:\/\/webdelmaestrocmf.com\/portal\/category\/pedagogia\/noticias-pedagogia\/"},"img":{"alt_text":"\u00e9lite","src":"https:\/\/i0.wp.com\/webdelmaestrocmf.com\/portal\/wp-content\/uploads\/2017\/10\/1QfER-1.jpg?resize=350%2C200&ssl=1","width":350,"height":200,"srcset":"https:\/\/i0.wp.com\/webdelmaestrocmf.com\/portal\/wp-content\/uploads\/2017\/10\/1QfER-1.jpg?resize=350%2C200&ssl=1 1x, https:\/\/i0.wp.com\/webdelmaestrocmf.com\/portal\/wp-content\/uploads\/2017\/10\/1QfER-1.jpg?resize=525%2C300&ssl=1 1.5x, https:\/\/i0.wp.com\/webdelmaestrocmf.com\/portal\/wp-content\/uploads\/2017\/10\/1QfER-1.jpg?resize=700%2C400&ssl=1 2x, https:\/\/i0.wp.com\/webdelmaestrocmf.com\/portal\/wp-content\/uploads\/2017\/10\/1QfER-1.jpg?resize=1050%2C600&ssl=1 3x"},"classes":[]},{"id":52439,"url":"https:\/\/webdelmaestrocmf.com\/portal\/dia-mundial-de-los-docentes-2020-valorizar-y-honrar-la-tarea-docencia-por-su-liderazgo-y-capacidad-de-reinventar-la-educacion\/","url_meta":{"origin":66944,"position":3},"title":"Valorar y honrar la tarea docente por su liderazgo y capacidad de reinventar la educaci\u00f3n","author":"Web del Maestro CMF","date":"21 abril, 2025","format":false,"excerpt":"Por recomendaci\u00f3n conjunta de la OIT y la UNESCO, cada 5 de octubre se celebra, desde 1994, el D\u00eda Mundial de los Docentes, como una invitaci\u00f3n a revisar su situaci\u00f3n personal, a valorizar su aporte a la sociedad, a cuidarlos m\u00e1s y mejor que las armas de guerra, a capacitarlos\u2026","rel":"","context":"En \u00abYo opino - WMCMF\u00bb","block_context":{"text":"Yo opino - WMCMF","link":"https:\/\/webdelmaestrocmf.com\/portal\/category\/jamb\/"},"img":{"alt_text":"","src":"https:\/\/i0.wp.com\/webdelmaestrocmf.com\/portal\/wp-content\/uploads\/2025\/04\/1A-Banner-1-portada-imagen-10-1-9.jpg?resize=350%2C200&ssl=1","width":350,"height":200,"srcset":"https:\/\/i0.wp.com\/webdelmaestrocmf.com\/portal\/wp-content\/uploads\/2025\/04\/1A-Banner-1-portada-imagen-10-1-9.jpg?resize=350%2C200&ssl=1 1x, https:\/\/i0.wp.com\/webdelmaestrocmf.com\/portal\/wp-content\/uploads\/2025\/04\/1A-Banner-1-portada-imagen-10-1-9.jpg?resize=525%2C300&ssl=1 1.5x, https:\/\/i0.wp.com\/webdelmaestrocmf.com\/portal\/wp-content\/uploads\/2025\/04\/1A-Banner-1-portada-imagen-10-1-9.jpg?resize=700%2C400&ssl=1 2x"},"classes":[]},{"id":59298,"url":"https:\/\/webdelmaestrocmf.com\/portal\/no-debemos-regresar-a-las-aulas-si-no-hay-garantias-de-las-autoridades-sanitarias-sin-la-actualizacion-de-los-profesores-sin-la-infraestructura-escolar-apropiada-sin-todos-los-recursos-para-las-cla\/","url_meta":{"origin":66944,"position":4},"title":"No debemos regresar a las aulas si no hay garant\u00edas de las autoridades sanitarias, sin la actualizaci\u00f3n de los profesores, sin la infraestructura escolar apropiada, sin todos los recursos para las clases h\u00edbridas","author":"Web del Maestro CMF","date":"13 febrero, 2021","format":false,"excerpt":"As\u00ed como aprendimos a que no debemos pasar al siguiente tema si el previo no est\u00e1 asimilado, o si la asignatura prerrequisito no est\u00e1 aprobada o que un estudiante no debe ser promovido al grado inmediato superior si que no completa los logros del anterior, consideramos que para iniciar o\u2026","rel":"","context":"En \u00abYo opino - WMCMF\u00bb","block_context":{"text":"Yo opino - WMCMF","link":"https:\/\/webdelmaestrocmf.com\/portal\/category\/jamb\/"},"img":{"alt_text":"","src":"https:\/\/i0.wp.com\/webdelmaestrocmf.com\/portal\/wp-content\/uploads\/2021\/02\/1-27.jpg?resize=350%2C200&ssl=1","width":350,"height":200,"srcset":"https:\/\/i0.wp.com\/webdelmaestrocmf.com\/portal\/wp-content\/uploads\/2021\/02\/1-27.jpg?resize=350%2C200&ssl=1 1x, https:\/\/i0.wp.com\/webdelmaestrocmf.com\/portal\/wp-content\/uploads\/2021\/02\/1-27.jpg?resize=525%2C300&ssl=1 1.5x, https:\/\/i0.wp.com\/webdelmaestrocmf.com\/portal\/wp-content\/uploads\/2021\/02\/1-27.jpg?resize=700%2C400&ssl=1 2x, https:\/\/i0.wp.com\/webdelmaestrocmf.com\/portal\/wp-content\/uploads\/2021\/02\/1-27.jpg?resize=1050%2C600&ssl=1 3x"},"classes":[]},{"id":80778,"url":"https:\/\/webdelmaestrocmf.com\/portal\/dia-internacional-del-maestro-gracias-a-los-maestros-que-apoyaron-la-formacion-academica-de-sus-estudiantes-y-al-uso-de-nuevas-rutas-educativas\/","url_meta":{"origin":66944,"position":5},"title":"D\u00eda Internacional del Maestro: Gracias a los maestros que apoyaron la formaci\u00f3n acad\u00e9mica de sus estudiantes y al uso de nuevas rutas educativas","author":"Web del Maestro CMF","date":"5 octubre, 2022","format":false,"excerpt":"La UNESCO y la Organizaci\u00f3n Internacional del Trabajo (OIT) en 1994 estableci\u00f3 el 05 de octubre para celebrar el D\u00eda Mundial de los Docentes, con la finalidad y el objetivo de hacer m\u00e1s actual, visible y consciente una de las profesiones m\u00e1s valiosas dentro de la sociedad. Su singular vocaci\u00f3n\u2026","rel":"","context":"En \u00abYo opino - WMCMF\u00bb","block_context":{"text":"Yo opino - WMCMF","link":"https:\/\/webdelmaestrocmf.com\/portal\/category\/jamb\/"},"img":{"alt_text":"","src":"https:\/\/i0.wp.com\/webdelmaestrocmf.com\/portal\/wp-content\/uploads\/2022\/10\/1a-2.jpg?resize=350%2C200&ssl=1","width":350,"height":200,"srcset":"https:\/\/i0.wp.com\/webdelmaestrocmf.com\/portal\/wp-content\/uploads\/2022\/10\/1a-2.jpg?resize=350%2C200&ssl=1 1x, https:\/\/i0.wp.com\/webdelmaestrocmf.com\/portal\/wp-content\/uploads\/2022\/10\/1a-2.jpg?resize=525%2C300&ssl=1 1.5x, https:\/\/i0.wp.com\/webdelmaestrocmf.com\/portal\/wp-content\/uploads\/2022\/10\/1a-2.jpg?resize=700%2C400&ssl=1 2x"},"classes":[]}],"_links":{"self":[{"href":"https:\/\/webdelmaestrocmf.com\/portal\/wp-json\/wp\/v2\/posts\/66944","targetHints":{"allow":["GET"]}}],"collection":[{"href":"https:\/\/webdelmaestrocmf.com\/portal\/wp-json\/wp\/v2\/posts"}],"about":[{"href":"https:\/\/webdelmaestrocmf.com\/portal\/wp-json\/wp\/v2\/types\/post"}],"author":[{"embeddable":true,"href":"https:\/\/webdelmaestrocmf.com\/portal\/wp-json\/wp\/v2\/users\/1"}],"replies":[{"embeddable":true,"href":"https:\/\/webdelmaestrocmf.com\/portal\/wp-json\/wp\/v2\/comments?post=66944"}],"version-history":[{"count":0,"href":"https:\/\/webdelmaestrocmf.com\/portal\/wp-json\/wp\/v2\/posts\/66944\/revisions"}],"wp:featuredmedia":[{"embeddable":true,"href":"https:\/\/webdelmaestrocmf.com\/portal\/wp-json\/wp\/v2\/media\/66949"}],"wp:attachment":[{"href":"https:\/\/webdelmaestrocmf.com\/portal\/wp-json\/wp\/v2\/media?parent=66944"}],"wp:term":[{"taxonomy":"category","embeddable":true,"href":"https:\/\/webdelmaestrocmf.com\/portal\/wp-json\/wp\/v2\/categories?post=66944"},{"taxonomy":"post_tag","embeddable":true,"href":"https:\/\/webdelmaestrocmf.com\/portal\/wp-json\/wp\/v2\/tags?post=66944"}],"curies":[{"name":"wp","href":"https:\/\/api.w.org\/{rel}","templated":true}]}}