{"id":66732,"date":"2021-08-18T17:59:48","date_gmt":"2021-08-18T21:59:48","guid":{"rendered":"https:\/\/webdelmaestrocmf.com\/portal\/?p=66732"},"modified":"2021-08-19T10:39:01","modified_gmt":"2021-08-19T14:39:01","slug":"10-puntos-claves-para-aplicar-el-aprendizaje-hibrido","status":"publish","type":"post","link":"https:\/\/webdelmaestrocmf.com\/portal\/10-puntos-claves-para-aplicar-el-aprendizaje-hibrido\/","title":{"rendered":"10 puntos claves para aplicar el aprendizaje h\u00edbrido"},"content":{"rendered":"<h5 style=\"text-align: justify;\">Partir de un diagn\u00f3stico realista, aprovechar al m\u00e1ximo las instancias presenciales, potenciar la autonom\u00eda de los estudiantes y repensar la evaluaci\u00f3n son algunas propuestas de un nuevo documento del proyecto \u201cLas preguntas educativas\u201d elaborado por Ezequiel G\u00f3mez Caride.<\/h5>\n<p><!--more--><\/p>\n<h5 style=\"text-align: justify;\">Los modelos educativos \u201ch\u00edbridos\u201d no son nuevos, pero ocuparon el centro de la escena con la llegada de la pandemia. Un documento reciente del Centro de Investigaci\u00f3n Aplicada en Educaci\u00f3n San Andr\u00e9s (CIAESA) aporta varias ideas centrales para entender este modelo, que supone integrar la ense\u00f1anza presencial y la ense\u00f1anza remota en proporciones similares: 50% de presencialidad y 50% de ense\u00f1anza remota (sincr\u00f3nica o asincr\u00f3nica).<\/h5>\n<p style=\"text-align: justify;\">Las propuestas pertenecen al documento \u201c\u00bfQu\u00e9 es el modelo h\u00edbrido y c\u00f3mo ponerlo en pr\u00e1ctica?\u201d, elaborado por Ezequiel G\u00f3mez Caride en el marco del proyecto Las preguntas educativas.<\/p>\n<h5 style=\"text-align: justify;\">1. Partir de un diagn\u00f3stico realista<\/h5>\n<p style=\"text-align: justify;\">El documento se\u00f1ala la necesidad de \u201cdiagnosticar cu\u00e1l es el umbral y el rango de brechas digitales de los estudiantes a fin de determinar qu\u00e9 tipo de modalidad h\u00edbrida implementar. El diagn\u00f3stico eval\u00faa tanto los recursos tecnol\u00f3gicos y conectividad como las habilidades digitales. Para ello es necesario un diagn\u00f3stico realista de los recursos tecnol\u00f3gicos de cada grupo para poder dise\u00f1ar la mejor experiencia de aprendizaje posible para cada contexto\u201d.<\/p>\n<h5 style=\"text-align: justify;\">2. Cuidar la comunicaci\u00f3n y la planificaci\u00f3n<\/h5>\n<p style=\"text-align: justify;\">Es importante que, al comenzar, se expliciten los canales de comunicaci\u00f3n que se utilizar\u00e1n durante el curso. Los estudiantes y sus familias deber\u00e1n tener claro cu\u00e1l ser\u00e1 el balance entre la ense\u00f1anza remota y presencial. Adem\u00e1s, es necesario proveer a los estudiantes de los materiales requeridos (textos, videos, contrase\u00f1as, links, etc.), chequeando que esos materiales sean efectivamente accesibles.<\/p>\n<p style=\"text-align: justify;\">Los estudiantes y sus familias deber\u00e1n tener claro cu\u00e1l ser\u00e1 el balance entre la ense\u00f1anza remota y presencial. Adem\u00e1s, es necesario proveer a los estudiantes de los materiales requeridos (textos, videos, contrase\u00f1as, links, etc.), chequeando que esos materiales sean efectivamente accesibles<\/p>\n<h5 style=\"text-align: justify;\">3. Aprovechar al m\u00e1ximo las instancias presenciales<\/h5>\n<p style=\"text-align: justify;\">En este modelo el uso del tiempo presencial se transforma en un recurso muy valioso, explica el autor: \u201cPor ello, actividades que en las clases tradicionales se realizan de modo presencial \u2013como la lectura de un texto, mirar un video e inclusive una presentaci\u00f3n del docente (grabado en video)\u2013 se trasladan a la modalidad remota\u201d. En ese sentido, es fundamental \u201cel uso adecuado del tiempo presencial con actividades que requieran la presencia f\u00edsica del docente\u201d.<\/p>\n<h5 style=\"text-align: justify;\">4. Potenciar la autonom\u00eda de los estudiantes<\/h5>\n<p style=\"text-align: justify;\">\u201cConviene explicitar propuestas de autorregulaci\u00f3n y organizaci\u00f3n aut\u00f3noma del trabajo\u201d, sobre todo para las instancias remotas, propone G\u00f3mez Caride. Si bien el modelo h\u00edbrido plantea una relaci\u00f3n pedag\u00f3gica con mayores espacios para la autonom\u00eda de los estudiantes, es necesario recordar que \u201cla autonom\u00eda no es una habilidad innata que se desarrolla de manera lineal o espont\u00e1nea\u201d.<\/p>\n<h5 style=\"text-align: justify;\">5. Proponer actividades que alienten la interacci\u00f3n<\/h5>\n<p style=\"text-align: justify;\">Las actividades propuestas deben estar alineadas con los objetivos del curso, evitando sobrecargar a los estudiantes. Adem\u00e1s, es importante que tengan instrucciones claras y precisas. Es deseable que haya diversidad de actividades, que promuevan la interacci\u00f3n entre los estudiantes, con el docente y con el contenido.<\/p>\n<h5 style=\"text-align: justify;\">6. Repensar la evaluaci\u00f3n<\/h5>\n<p style=\"text-align: justify;\">El dise\u00f1o de la evaluaci\u00f3n debe ser coherente con las pr\u00e1cticas de ense\u00f1anza y debe pensarse como parte integral de las mismas: \u201cEn este sentido, es fundamental identificar con qu\u00e9 herramientas se trabaj\u00f3, qu\u00e9 tipo de actividades se llevaron a cabo y acercar propuestas de evaluaci\u00f3n que contemplen todo el proceso. La modalidad h\u00edbrida permite explorar nuevos instrumentos, como la discusi\u00f3n en foros o los trabajos domiciliarios\u201d.<\/p>\n<h5 style=\"text-align: justify;\">7. Garantizar la capacitaci\u00f3n y los tiempos de planificaci\u00f3n<\/h5>\n<p style=\"text-align: justify;\">Es fundamental empoderar y acompa\u00f1ar a los profesores, invirtiendo en el desarrollo de las habilidades necesarias y en su capacitaci\u00f3n para poder as\u00ed explotar todo el potencial del aprendizaje h\u00edbrido. \u201cLa implementaci\u00f3n de una modalidad h\u00edbrida requiere de cambios institucionales que posibiliten a los docentes dedicarle tiempo para planificar una propuesta de ense\u00f1anza h\u00edbrida\u201d, sostiene el autor.<\/p>\n<p style=\"text-align: justify;\">Es fundamental identificar con qu\u00e9 herramientas se trabaj\u00f3, qu\u00e9 tipo de actividades se llevaron a cabo y acercar propuestas de evaluaci\u00f3n que contemplen todo el proceso. La modalidad h\u00edbrida permite explorar nuevos instrumentos, como la discusi\u00f3n en foros o los trabajos domiciliarios<\/p>\n<h5 style=\"text-align: justify;\">8. Intercambiar con los colegas y autoevaluarse<\/h5>\n<p style=\"text-align: justify;\">Llevar a la pr\u00e1ctica instancias de autoevaluaci\u00f3n, evaluaci\u00f3n entre pares y retroalimentaci\u00f3n: \u201cGenerar espacios para compartir saberes y experiencias, as\u00ed como para reflexionar sobre la propia pr\u00e1ctica, tanto a nivel individual como colectivo, es fundamental para mejorar la ense\u00f1anza\u201d.<\/p>\n<h5 style=\"text-align: justify;\">9. Problematizar la presencialidad<\/h5>\n<p style=\"text-align: justify;\">Sin romantizar ni ignorar las dificultades de miles de estudiantes, \u201cla pandemia nos ha demostrado que la virtualidad puede \u2018hospedar\u2019 presencias significativas, conexiones y encuentros entre generaciones\u201d, sugiere el autor. Y a\u00f1ade: \u201cNuestra memoria docente nos recuerda que la presencialidad f\u00edsica puede ir acompa\u00f1ada de ausencias absolutas o simulacros en los cuales se cumplen ciertos rituales formales pero que no conforman v\u00ednculos pedag\u00f3gicos\u201d.<\/p>\n<h5 style=\"text-align: justify;\">10. Asegurar la continuidad pedag\u00f3gica de todos<\/h5>\n<p style=\"text-align: justify;\">Ese es el principal desaf\u00edo, subraya G\u00f3mez Caride. Y agrega: \u201cUna de las claves pedag\u00f3gicas para lograrlo es la capacidad de las escuelas y los docentes de reconocer los fundamentos pedag\u00f3gicos del modelo h\u00edbrido y desarrollar una propuesta educativa que, reconociendo las particularidades de cada comunidad, sea capaz de generar ecosistemas de aprendizaje para todos y todas las estudiantes\u201d.<\/p>\n<p><img loading=\"lazy\" decoding=\"async\" class=\"alignnone size-large wp-image-66733\" src=\"https:\/\/webdelmaestrocmf.com\/portal\/wp-content\/uploads\/2021\/08\/1-123-839x1024.jpg\" alt=\"\" width=\"839\" height=\"1024\" srcset=\"https:\/\/webdelmaestrocmf.com\/portal\/wp-content\/uploads\/2021\/08\/1-123-839x1024.jpg 839w, https:\/\/webdelmaestrocmf.com\/portal\/wp-content\/uploads\/2021\/08\/1-123-246x300.jpg 246w, https:\/\/webdelmaestrocmf.com\/portal\/wp-content\/uploads\/2021\/08\/1-123-768x937.jpg 768w, https:\/\/webdelmaestrocmf.com\/portal\/wp-content\/uploads\/2021\/08\/1-123-110x134.jpg 110w, https:\/\/webdelmaestrocmf.com\/portal\/wp-content\/uploads\/2021\/08\/1-123-200x244.jpg 200w, https:\/\/webdelmaestrocmf.com\/portal\/wp-content\/uploads\/2021\/08\/1-123-380x464.jpg 380w, https:\/\/webdelmaestrocmf.com\/portal\/wp-content\/uploads\/2021\/08\/1-123-255x311.jpg 255w, https:\/\/webdelmaestrocmf.com\/portal\/wp-content\/uploads\/2021\/08\/1-123-300x366.jpg 300w, https:\/\/webdelmaestrocmf.com\/portal\/wp-content\/uploads\/2021\/08\/1-123-550x671.jpg 550w, https:\/\/webdelmaestrocmf.com\/portal\/wp-content\/uploads\/2021\/08\/1-123-800x976.jpg 800w, https:\/\/webdelmaestrocmf.com\/portal\/wp-content\/uploads\/2021\/08\/1-123-220x268.jpg 220w, https:\/\/webdelmaestrocmf.com\/portal\/wp-content\/uploads\/2021\/08\/1-123-400x488.jpg 400w, https:\/\/webdelmaestrocmf.com\/portal\/wp-content\/uploads\/2021\/08\/1-123-760x927.jpg 760w, https:\/\/webdelmaestrocmf.com\/portal\/wp-content\/uploads\/2021\/08\/1-123-510x622.jpg 510w, https:\/\/webdelmaestrocmf.com\/portal\/wp-content\/uploads\/2021\/08\/1-123-600x732.jpg 600w, https:\/\/webdelmaestrocmf.com\/portal\/wp-content\/uploads\/2021\/08\/1-123-492x600.jpg 492w, https:\/\/webdelmaestrocmf.com\/portal\/wp-content\/uploads\/2021\/08\/1-123.jpg 1080w\" sizes=\"auto, (max-width: 839px) 100vw, 839px\" \/><\/p>\n<p><strong>Este contenido ha sido publicado originalmente por Agenda Educativa en la siguiente direcci\u00f3n: <a href=\"http:\/\/agendaeducativa.org\" target=\"_blank\" rel=\"noopener\">agendaeducativa.org<\/a><\/strong><\/p>\n<p style=\"text-align: center;\">Recomendamos a la Comunidad Educativa Digital tener en cuenta que, el enlace y\/o la carpeta en donde est\u00e1n alojados los libros, recursos y\/o materiales, no es administrado por la Web del Maestro CMF, pueda ser que en cuesti\u00f3n de d\u00edas (o seg\u00fan el tiempo transcurrido desde su publicaci\u00f3n), los enlaces no funcionen y el material ya no se encuentre disponible. Gracias por su comprensi\u00f3n.<\/p>\n<h3>ENLACE DE LECTURA:<\/h3>\n<p style=\"text-align: center;\">\u00a1Comparte y as\u00ed m\u00e1s docentes utilizar\u00e1n estos recursos\u00a0gratis! Muchas gracias.<\/p>\n<p style=\"text-align: center;\"><span style=\"color: #000000;\"><a style=\"color: #000000;\" href=\"https:\/\/secureservercdn.net\/198.71.233.106\/rjh.422.myftpupload.com\/wp-content\/uploads\/2021\/06\/15-Hibrido-nuevo.pdf\" target=\"_blank\" rel=\"noopener\">\u00bfQU\u00c9 ES EL MODELO H\u00cdBRIDO Y C\u00d3MO PONERLO EN PR\u00c1CTICA?<\/a><\/span><\/p>\n\t\t<div class=\"pk-inline-posts\">\n\t\t\t\n\t\t\t<div class=\"pk-inline-posts-container pk-inline-posts-template-list\"\n\t\t\t\tdata-columns=\"1\">\n\t\t\t\t\t\t<article id=\"post-115274\" class=\"post-115274 post type-post status-publish format-standard has-post-thumbnail category-informativo-tecnologia category-tecnologia tag-autonomia-estudiantil tag-creatividad tag-educacion-2 tag-formacion-escolar tag-innovacion-educativa-2 tag-inteligencia-artificial tag-pedagogia-2 tag-pensamiento-critico-2 tag-tecnologia-educativa-2 cs-entry cs-video-wrap\">\n\t\t\t<div class=\"pk-post-outer\">\n\n\t\t\t\t\t\t\t\t<div class=\"pk-post-inner\">\n\t\t\t\t\t<div class=\"entry-thumbnail\">\n\t\t\t\t\t\t<div class=\"pk-overlay pk-overlay-ratio pk-ratio-landscape\">\n\t\t\t\t\t\t\t<div class=\"pk-overlay-background\">\n\t\t\t\t\t\t\t\t<a href=\"https:\/\/webdelmaestrocmf.com\/portal\/la-rebelion-del-lapiz-ni-tecnofobia-ni-tecnofilia-en-la-escuela-un-video-desato-un-profundo-debate-entre-el-discurso-y-la-practica-frente-al-uso-de-la-tecnologia-y-la-ia\/\" class=\"pk-overlay-link\">\n\t\t\t\t\t\t\t\t\t<img loading=\"lazy\" decoding=\"async\" width=\"300\" height=\"225\" src=\"https:\/\/webdelmaestrocmf.com\/portal\/wp-content\/uploads\/2026\/02\/1A-Banner-1-portada-imagen-10-1-copia-6-2-300x225.webp\" class=\"attachment-pk-thumbnail size-pk-thumbnail wp-post-image\" alt=\"\" \/>\t\t\t\t\t\t\t\t<\/a>\n\t\t\t\t\t\t\t<\/div>\n\t\t\t\t\t\t<\/div>\n\t\t\t\t\t<\/div>\n\t\t\t\t<\/div>\n\t\t\t\t\n\t\t\t\t<div class=\"pk-post-inner\">\n\t\t\t\t\t<header>\n\t\t\t\t\t\t<h3 class=\"pk-title\"><a href=\"https:\/\/webdelmaestrocmf.com\/portal\/la-rebelion-del-lapiz-ni-tecnofobia-ni-tecnofilia-en-la-escuela-un-video-desato-un-profundo-debate-entre-el-discurso-y-la-practica-frente-al-uso-de-la-tecnologia-y-la-ia\/\" rel=\"bookmark\">La rebeli\u00f3n del l\u00e1piz: ni tecnofobia ni tecnofilia en la escuela. Un video desat\u00f3 un profundo debate entre el discurso y la pr\u00e1ctica frente al uso de la tecnolog\u00eda y la IA<\/a><\/h3>\t\t\t\t\t<\/header><!-- .entry-header -->\n\t\t\t\t<\/div><!-- .post-inner -->\n\n\t\t\t<\/div><!-- .post-outer -->\n\t\t<\/article>\n\t\t\t\t<\/div>\n\t\t<\/div>\n\t\t\n","protected":false},"excerpt":{"rendered":"Partir de un diagn\u00f3stico realista, aprovechar al m\u00e1ximo las instancias presenciales, potenciar la autonom\u00eda de los estudiantes y&hellip;","protected":false},"author":1,"featured_media":66734,"comment_status":"open","ping_status":"closed","sticky":false,"template":"","format":"standard","meta":{"csco_display_header_overlay":false,"csco_singular_sidebar":"default","csco_page_header_type":"default","csco_page_load_nextpost":"default","csco_post_video_location":[],"csco_post_video_location_hash":"","csco_post_video_url":"","csco_post_video_bg_start_time":0,"csco_post_video_bg_end_time":0,"csco_post_video_bg_volume":false,"_jetpack_memberships_contains_paid_content":false,"footnotes":""},"categories":[1805,737],"tags":[664,77,618,5946,2079],"class_list":{"0":"post-66732","1":"post","2":"type-post","3":"status-publish","4":"format-standard","5":"has-post-thumbnail","7":"category-informativo-tecnologia","8":"category-tecnologia","9":"tag-aplicar","10":"tag-aprendizaje","11":"tag-claves","12":"tag-hibrido","13":"tag-puntos","14":"cs-entry","15":"cs-video-wrap"},"yoast_head":"<!-- This site is optimized with the Yoast SEO plugin v27.5 - https:\/\/yoast.com\/product\/yoast-seo-wordpress\/ -->\n<title>10 puntos claves para aplicar el aprendizaje h\u00edbrido - 2026<\/title>\n<meta name=\"description\" content=\"Partir de un diagn\u00f3stico realista, aprovechar al m\u00e1ximo las instancias presenciales, potenciar la autonom\u00eda de los estudiantes y...\" \/>\n<meta name=\"robots\" content=\"index, follow, max-snippet:-1, max-image-preview:large, max-video-preview:-1\" \/>\n<link rel=\"canonical\" href=\"https:\/\/webdelmaestrocmf.com\/portal\/10-puntos-claves-para-aplicar-el-aprendizaje-hibrido\/\" \/>\n<meta property=\"og:locale\" content=\"es_ES\" \/>\n<meta property=\"og:type\" content=\"article\" \/>\n<meta property=\"og:title\" content=\"10 puntos claves para aplicar el aprendizaje h\u00edbrido - 2026\" \/>\n<meta property=\"og:description\" content=\"Partir de un diagn\u00f3stico realista, aprovechar al m\u00e1ximo las instancias presenciales, potenciar la autonom\u00eda de los estudiantes y...\" \/>\n<meta property=\"og:url\" content=\"https:\/\/webdelmaestrocmf.com\/portal\/10-puntos-claves-para-aplicar-el-aprendizaje-hibrido\/\" \/>\n<meta property=\"og:site_name\" content=\"Web del Maestro CMF\" \/>\n<meta property=\"article:publisher\" content=\"https:\/\/www.facebook.com\/WebdelMaestroCMF\/\" \/>\n<meta property=\"article:author\" content=\"https:\/\/www.facebook.com\/WebdelMaestroCMF\/\" \/>\n<meta property=\"article:published_time\" content=\"2021-08-18T21:59:48+00:00\" \/>\n<meta property=\"article:modified_time\" content=\"2021-08-19T14:39:01+00:00\" \/>\n<meta property=\"og:image\" content=\"https:\/\/i0.wp.com\/webdelmaestrocmf.com\/portal\/wp-content\/uploads\/2021\/08\/1-124.jpg?fit=1100%2C680&ssl=1\" \/>\n\t<meta property=\"og:image:width\" content=\"1100\" \/>\n\t<meta property=\"og:image:height\" content=\"680\" \/>\n\t<meta property=\"og:image:type\" content=\"image\/jpeg\" \/>\n<meta name=\"author\" content=\"Web del Maestro CMF\" \/>\n<meta name=\"twitter:card\" content=\"summary_large_image\" \/>\n<meta name=\"twitter:creator\" content=\"@cmf_w\" \/>\n<meta name=\"twitter:site\" content=\"@cmf_w\" \/>\n<script type=\"application\/ld+json\" class=\"yoast-schema-graph\">{\"@context\":\"https:\\\/\\\/schema.org\",\"@graph\":[{\"@type\":\"ScholarlyArticle\",\"@id\":\"https:\\\/\\\/webdelmaestrocmf.com\\\/portal\\\/10-puntos-claves-para-aplicar-el-aprendizaje-hibrido\\\/#article\",\"isPartOf\":{\"@id\":\"https:\\\/\\\/webdelmaestrocmf.com\\\/portal\\\/10-puntos-claves-para-aplicar-el-aprendizaje-hibrido\\\/\"},\"author\":{\"name\":\"Web del Maestro CMF\",\"@id\":\"https:\\\/\\\/webdelmaestrocmf.com\\\/portal\\\/#\\\/schema\\\/person\\\/1072a2ed7bd960df8ef99a551fa35dc5\"},\"headline\":\"10 puntos claves para aplicar el aprendizaje h\u00edbrido\",\"datePublished\":\"2021-08-18T21:59:48+00:00\",\"dateModified\":\"2021-08-19T14:39:01+00:00\",\"mainEntityOfPage\":{\"@id\":\"https:\\\/\\\/webdelmaestrocmf.com\\\/portal\\\/10-puntos-claves-para-aplicar-el-aprendizaje-hibrido\\\/\"},\"wordCount\":1079,\"commentCount\":0,\"publisher\":{\"@id\":\"https:\\\/\\\/webdelmaestrocmf.com\\\/portal\\\/#organization\"},\"image\":{\"@id\":\"https:\\\/\\\/webdelmaestrocmf.com\\\/portal\\\/10-puntos-claves-para-aplicar-el-aprendizaje-hibrido\\\/#primaryimage\"},\"thumbnailUrl\":\"https:\\\/\\\/webdelmaestrocmf.com\\\/portal\\\/wp-content\\\/uploads\\\/2021\\\/08\\\/1-124.jpg\",\"keywords\":[\"APLICAR\",\"aprendizaje\",\"CLAVES\",\"h\u00edbrido\",\"PUNTOS\"],\"articleSection\":[\"Informativo\",\"Tecnolog\u00eda\"],\"inLanguage\":\"es\",\"potentialAction\":[{\"@type\":\"CommentAction\",\"name\":\"Comment\",\"target\":[\"https:\\\/\\\/webdelmaestrocmf.com\\\/portal\\\/10-puntos-claves-para-aplicar-el-aprendizaje-hibrido\\\/#respond\"]}]},{\"@type\":\"WebPage\",\"@id\":\"https:\\\/\\\/webdelmaestrocmf.com\\\/portal\\\/10-puntos-claves-para-aplicar-el-aprendizaje-hibrido\\\/\",\"url\":\"https:\\\/\\\/webdelmaestrocmf.com\\\/portal\\\/10-puntos-claves-para-aplicar-el-aprendizaje-hibrido\\\/\",\"name\":\"10 puntos claves para aplicar el aprendizaje h\u00edbrido - 2026\",\"isPartOf\":{\"@id\":\"https:\\\/\\\/webdelmaestrocmf.com\\\/portal\\\/#website\"},\"primaryImageOfPage\":{\"@id\":\"https:\\\/\\\/webdelmaestrocmf.com\\\/portal\\\/10-puntos-claves-para-aplicar-el-aprendizaje-hibrido\\\/#primaryimage\"},\"image\":{\"@id\":\"https:\\\/\\\/webdelmaestrocmf.com\\\/portal\\\/10-puntos-claves-para-aplicar-el-aprendizaje-hibrido\\\/#primaryimage\"},\"thumbnailUrl\":\"https:\\\/\\\/webdelmaestrocmf.com\\\/portal\\\/wp-content\\\/uploads\\\/2021\\\/08\\\/1-124.jpg\",\"datePublished\":\"2021-08-18T21:59:48+00:00\",\"dateModified\":\"2021-08-19T14:39:01+00:00\",\"description\":\"Partir de un diagn\u00f3stico realista, aprovechar al m\u00e1ximo las instancias presenciales, potenciar la autonom\u00eda de los estudiantes y...\",\"breadcrumb\":{\"@id\":\"https:\\\/\\\/webdelmaestrocmf.com\\\/portal\\\/10-puntos-claves-para-aplicar-el-aprendizaje-hibrido\\\/#breadcrumb\"},\"inLanguage\":\"es\",\"potentialAction\":[{\"@type\":\"ReadAction\",\"target\":[\"https:\\\/\\\/webdelmaestrocmf.com\\\/portal\\\/10-puntos-claves-para-aplicar-el-aprendizaje-hibrido\\\/\"]}]},{\"@type\":\"ImageObject\",\"inLanguage\":\"es\",\"@id\":\"https:\\\/\\\/webdelmaestrocmf.com\\\/portal\\\/10-puntos-claves-para-aplicar-el-aprendizaje-hibrido\\\/#primaryimage\",\"url\":\"https:\\\/\\\/webdelmaestrocmf.com\\\/portal\\\/wp-content\\\/uploads\\\/2021\\\/08\\\/1-124.jpg\",\"contentUrl\":\"https:\\\/\\\/webdelmaestrocmf.com\\\/portal\\\/wp-content\\\/uploads\\\/2021\\\/08\\\/1-124.jpg\",\"width\":1100,\"height\":680},{\"@type\":\"BreadcrumbList\",\"@id\":\"https:\\\/\\\/webdelmaestrocmf.com\\\/portal\\\/10-puntos-claves-para-aplicar-el-aprendizaje-hibrido\\\/#breadcrumb\",\"itemListElement\":[{\"@type\":\"ListItem\",\"position\":1,\"name\":\"Portada\",\"item\":\"https:\\\/\\\/webdelmaestrocmf.com\\\/portal\\\/\"},{\"@type\":\"ListItem\",\"position\":2,\"name\":\"Tecnolog\u00eda\",\"item\":\"https:\\\/\\\/webdelmaestrocmf.com\\\/portal\\\/category\\\/tecnologia\\\/\"},{\"@type\":\"ListItem\",\"position\":3,\"name\":\"10 puntos claves para aplicar el aprendizaje h\u00edbrido\"}]},{\"@type\":\"WebSite\",\"@id\":\"https:\\\/\\\/webdelmaestrocmf.com\\\/portal\\\/#website\",\"url\":\"https:\\\/\\\/webdelmaestrocmf.com\\\/portal\\\/\",\"name\":\"Web del Maestro CMF\",\"description\":\"Maestros al servicio de la educaci\u00f3n\",\"publisher\":{\"@id\":\"https:\\\/\\\/webdelmaestrocmf.com\\\/portal\\\/#organization\"},\"alternateName\":\"WMCMF\",\"potentialAction\":[{\"@type\":\"SearchAction\",\"target\":{\"@type\":\"EntryPoint\",\"urlTemplate\":\"https:\\\/\\\/webdelmaestrocmf.com\\\/portal\\\/?s={search_term_string}\"},\"query-input\":{\"@type\":\"PropertyValueSpecification\",\"valueRequired\":true,\"valueName\":\"search_term_string\"}}],\"inLanguage\":\"es\"},{\"@type\":\"Organization\",\"@id\":\"https:\\\/\\\/webdelmaestrocmf.com\\\/portal\\\/#organization\",\"name\":\"Web del Maestro CMF\",\"alternateName\":\"WMCMF\",\"url\":\"https:\\\/\\\/webdelmaestrocmf.com\\\/portal\\\/\",\"logo\":{\"@type\":\"ImageObject\",\"inLanguage\":\"es\",\"@id\":\"https:\\\/\\\/webdelmaestrocmf.com\\\/portal\\\/#\\\/schema\\\/logo\\\/image\\\/\",\"url\":\"https:\\\/\\\/webdelmaestrocmf.com\\\/portal\\\/wp-content\\\/uploads\\\/2023\\\/01\\\/logo-wmcmf-2.png\",\"contentUrl\":\"https:\\\/\\\/webdelmaestrocmf.com\\\/portal\\\/wp-content\\\/uploads\\\/2023\\\/01\\\/logo-wmcmf-2.png\",\"width\":200,\"height\":60,\"caption\":\"Web del Maestro CMF\"},\"image\":{\"@id\":\"https:\\\/\\\/webdelmaestrocmf.com\\\/portal\\\/#\\\/schema\\\/logo\\\/image\\\/\"},\"sameAs\":[\"https:\\\/\\\/www.facebook.com\\\/WebdelMaestroCMF\\\/\",\"https:\\\/\\\/x.com\\\/cmf_w\",\"https:\\\/\\\/www.pinterest.com\\\/WMCMF\\\/\",\"https:\\\/\\\/www.linkedin.com\\\/company\\\/web-del-maestro-cmf\\\/\",\"https:\\\/\\\/www.instagram.com\\\/wmcmf\\\/\",\"https:\\\/\\\/www.youtube.com\\\/channel\\\/UCDPSvjbdodE5sHnC3OxutHw\",\"https:\\\/\\\/mastodon.social\\\/@wmcmf\",\"https:\\\/\\\/www.tiktok.com\\\/@webdelmaestrocmf\"]},{\"@type\":\"Person\",\"@id\":\"https:\\\/\\\/webdelmaestrocmf.com\\\/portal\\\/#\\\/schema\\\/person\\\/1072a2ed7bd960df8ef99a551fa35dc5\",\"name\":\"Web del Maestro CMF\",\"image\":{\"@type\":\"ImageObject\",\"inLanguage\":\"es\",\"@id\":\"https:\\\/\\\/secure.gravatar.com\\\/avatar\\\/23291dd5b5ae1077dcff3dbb04c3e02bd28403fa75af6d8787d5e97c5bbbe30b?s=96&d=mm&r=g\",\"url\":\"https:\\\/\\\/secure.gravatar.com\\\/avatar\\\/23291dd5b5ae1077dcff3dbb04c3e02bd28403fa75af6d8787d5e97c5bbbe30b?s=96&d=mm&r=g\",\"contentUrl\":\"https:\\\/\\\/secure.gravatar.com\\\/avatar\\\/23291dd5b5ae1077dcff3dbb04c3e02bd28403fa75af6d8787d5e97c5bbbe30b?s=96&d=mm&r=g\",\"caption\":\"Web del Maestro CMF\"},\"description\":\"Esta Web se cre\u00f3 sin fines de lucro, con fines educativos, cient\u00edficos y acad\u00e9micos, para personas que tengan dificultades y\\\/o inconvenientes en visualizar el material original. El objetivo es entregar recursos, compartir experiencias y materiales que ayuden a los padres de familia, maestros y estudiantes en su actualizaci\u00f3n y formaci\u00f3n permanente, en bien de la Educaci\u00f3n.\",\"sameAs\":[\"http:\\\/\\\/webdelmaestrocmf.com\\\/portal\",\"https:\\\/\\\/www.facebook.com\\\/WebdelMaestroCMF\\\/\",\"https:\\\/\\\/www.instagram.com\\\/wmcmf\\\/\",\"https:\\\/\\\/cl.linkedin.com\\\/company\\\/web-del-maestro-cmf\",\"https:\\\/\\\/www.pinterest.com\\\/WMCMF\\\/publicaciones\\\/\",\"https:\\\/\\\/x.com\\\/cmf_w\",\"https:\\\/\\\/www.youtube.com\\\/@WMCMF\"]}]}<\/script>\n<!-- \/ Yoast SEO plugin. -->","yoast_head_json":{"title":"10 puntos claves para aplicar el aprendizaje h\u00edbrido - 2026","description":"Partir de un diagn\u00f3stico realista, aprovechar al m\u00e1ximo las instancias presenciales, potenciar la autonom\u00eda de los estudiantes y...","robots":{"index":"index","follow":"follow","max-snippet":"max-snippet:-1","max-image-preview":"max-image-preview:large","max-video-preview":"max-video-preview:-1"},"canonical":"https:\/\/webdelmaestrocmf.com\/portal\/10-puntos-claves-para-aplicar-el-aprendizaje-hibrido\/","og_locale":"es_ES","og_type":"article","og_title":"10 puntos claves para aplicar el aprendizaje h\u00edbrido - 2026","og_description":"Partir de un diagn\u00f3stico realista, aprovechar al m\u00e1ximo las instancias presenciales, potenciar la autonom\u00eda de los estudiantes y...","og_url":"https:\/\/webdelmaestrocmf.com\/portal\/10-puntos-claves-para-aplicar-el-aprendizaje-hibrido\/","og_site_name":"Web del Maestro CMF","article_publisher":"https:\/\/www.facebook.com\/WebdelMaestroCMF\/","article_author":"https:\/\/www.facebook.com\/WebdelMaestroCMF\/","article_published_time":"2021-08-18T21:59:48+00:00","article_modified_time":"2021-08-19T14:39:01+00:00","og_image":[{"width":1100,"height":680,"url":"https:\/\/i0.wp.com\/webdelmaestrocmf.com\/portal\/wp-content\/uploads\/2021\/08\/1-124.jpg?fit=1100%2C680&ssl=1","type":"image\/jpeg"}],"author":"Web del Maestro CMF","twitter_card":"summary_large_image","twitter_creator":"@cmf_w","twitter_site":"@cmf_w","schema":{"@context":"https:\/\/schema.org","@graph":[{"@type":"ScholarlyArticle","@id":"https:\/\/webdelmaestrocmf.com\/portal\/10-puntos-claves-para-aplicar-el-aprendizaje-hibrido\/#article","isPartOf":{"@id":"https:\/\/webdelmaestrocmf.com\/portal\/10-puntos-claves-para-aplicar-el-aprendizaje-hibrido\/"},"author":{"name":"Web del Maestro CMF","@id":"https:\/\/webdelmaestrocmf.com\/portal\/#\/schema\/person\/1072a2ed7bd960df8ef99a551fa35dc5"},"headline":"10 puntos claves para aplicar el aprendizaje h\u00edbrido","datePublished":"2021-08-18T21:59:48+00:00","dateModified":"2021-08-19T14:39:01+00:00","mainEntityOfPage":{"@id":"https:\/\/webdelmaestrocmf.com\/portal\/10-puntos-claves-para-aplicar-el-aprendizaje-hibrido\/"},"wordCount":1079,"commentCount":0,"publisher":{"@id":"https:\/\/webdelmaestrocmf.com\/portal\/#organization"},"image":{"@id":"https:\/\/webdelmaestrocmf.com\/portal\/10-puntos-claves-para-aplicar-el-aprendizaje-hibrido\/#primaryimage"},"thumbnailUrl":"https:\/\/webdelmaestrocmf.com\/portal\/wp-content\/uploads\/2021\/08\/1-124.jpg","keywords":["APLICAR","aprendizaje","CLAVES","h\u00edbrido","PUNTOS"],"articleSection":["Informativo","Tecnolog\u00eda"],"inLanguage":"es","potentialAction":[{"@type":"CommentAction","name":"Comment","target":["https:\/\/webdelmaestrocmf.com\/portal\/10-puntos-claves-para-aplicar-el-aprendizaje-hibrido\/#respond"]}]},{"@type":"WebPage","@id":"https:\/\/webdelmaestrocmf.com\/portal\/10-puntos-claves-para-aplicar-el-aprendizaje-hibrido\/","url":"https:\/\/webdelmaestrocmf.com\/portal\/10-puntos-claves-para-aplicar-el-aprendizaje-hibrido\/","name":"10 puntos claves para aplicar el aprendizaje h\u00edbrido - 2026","isPartOf":{"@id":"https:\/\/webdelmaestrocmf.com\/portal\/#website"},"primaryImageOfPage":{"@id":"https:\/\/webdelmaestrocmf.com\/portal\/10-puntos-claves-para-aplicar-el-aprendizaje-hibrido\/#primaryimage"},"image":{"@id":"https:\/\/webdelmaestrocmf.com\/portal\/10-puntos-claves-para-aplicar-el-aprendizaje-hibrido\/#primaryimage"},"thumbnailUrl":"https:\/\/webdelmaestrocmf.com\/portal\/wp-content\/uploads\/2021\/08\/1-124.jpg","datePublished":"2021-08-18T21:59:48+00:00","dateModified":"2021-08-19T14:39:01+00:00","description":"Partir de un diagn\u00f3stico realista, aprovechar al m\u00e1ximo las instancias presenciales, potenciar la autonom\u00eda de los estudiantes y...","breadcrumb":{"@id":"https:\/\/webdelmaestrocmf.com\/portal\/10-puntos-claves-para-aplicar-el-aprendizaje-hibrido\/#breadcrumb"},"inLanguage":"es","potentialAction":[{"@type":"ReadAction","target":["https:\/\/webdelmaestrocmf.com\/portal\/10-puntos-claves-para-aplicar-el-aprendizaje-hibrido\/"]}]},{"@type":"ImageObject","inLanguage":"es","@id":"https:\/\/webdelmaestrocmf.com\/portal\/10-puntos-claves-para-aplicar-el-aprendizaje-hibrido\/#primaryimage","url":"https:\/\/webdelmaestrocmf.com\/portal\/wp-content\/uploads\/2021\/08\/1-124.jpg","contentUrl":"https:\/\/webdelmaestrocmf.com\/portal\/wp-content\/uploads\/2021\/08\/1-124.jpg","width":1100,"height":680},{"@type":"BreadcrumbList","@id":"https:\/\/webdelmaestrocmf.com\/portal\/10-puntos-claves-para-aplicar-el-aprendizaje-hibrido\/#breadcrumb","itemListElement":[{"@type":"ListItem","position":1,"name":"Portada","item":"https:\/\/webdelmaestrocmf.com\/portal\/"},{"@type":"ListItem","position":2,"name":"Tecnolog\u00eda","item":"https:\/\/webdelmaestrocmf.com\/portal\/category\/tecnologia\/"},{"@type":"ListItem","position":3,"name":"10 puntos claves para aplicar el aprendizaje h\u00edbrido"}]},{"@type":"WebSite","@id":"https:\/\/webdelmaestrocmf.com\/portal\/#website","url":"https:\/\/webdelmaestrocmf.com\/portal\/","name":"Web del Maestro CMF","description":"Maestros al servicio de la educaci\u00f3n","publisher":{"@id":"https:\/\/webdelmaestrocmf.com\/portal\/#organization"},"alternateName":"WMCMF","potentialAction":[{"@type":"SearchAction","target":{"@type":"EntryPoint","urlTemplate":"https:\/\/webdelmaestrocmf.com\/portal\/?s={search_term_string}"},"query-input":{"@type":"PropertyValueSpecification","valueRequired":true,"valueName":"search_term_string"}}],"inLanguage":"es"},{"@type":"Organization","@id":"https:\/\/webdelmaestrocmf.com\/portal\/#organization","name":"Web del Maestro CMF","alternateName":"WMCMF","url":"https:\/\/webdelmaestrocmf.com\/portal\/","logo":{"@type":"ImageObject","inLanguage":"es","@id":"https:\/\/webdelmaestrocmf.com\/portal\/#\/schema\/logo\/image\/","url":"https:\/\/webdelmaestrocmf.com\/portal\/wp-content\/uploads\/2023\/01\/logo-wmcmf-2.png","contentUrl":"https:\/\/webdelmaestrocmf.com\/portal\/wp-content\/uploads\/2023\/01\/logo-wmcmf-2.png","width":200,"height":60,"caption":"Web del Maestro CMF"},"image":{"@id":"https:\/\/webdelmaestrocmf.com\/portal\/#\/schema\/logo\/image\/"},"sameAs":["https:\/\/www.facebook.com\/WebdelMaestroCMF\/","https:\/\/x.com\/cmf_w","https:\/\/www.pinterest.com\/WMCMF\/","https:\/\/www.linkedin.com\/company\/web-del-maestro-cmf\/","https:\/\/www.instagram.com\/wmcmf\/","https:\/\/www.youtube.com\/channel\/UCDPSvjbdodE5sHnC3OxutHw","https:\/\/mastodon.social\/@wmcmf","https:\/\/www.tiktok.com\/@webdelmaestrocmf"]},{"@type":"Person","@id":"https:\/\/webdelmaestrocmf.com\/portal\/#\/schema\/person\/1072a2ed7bd960df8ef99a551fa35dc5","name":"Web del Maestro CMF","image":{"@type":"ImageObject","inLanguage":"es","@id":"https:\/\/secure.gravatar.com\/avatar\/23291dd5b5ae1077dcff3dbb04c3e02bd28403fa75af6d8787d5e97c5bbbe30b?s=96&d=mm&r=g","url":"https:\/\/secure.gravatar.com\/avatar\/23291dd5b5ae1077dcff3dbb04c3e02bd28403fa75af6d8787d5e97c5bbbe30b?s=96&d=mm&r=g","contentUrl":"https:\/\/secure.gravatar.com\/avatar\/23291dd5b5ae1077dcff3dbb04c3e02bd28403fa75af6d8787d5e97c5bbbe30b?s=96&d=mm&r=g","caption":"Web del Maestro CMF"},"description":"Esta Web se cre\u00f3 sin fines de lucro, con fines educativos, cient\u00edficos y acad\u00e9micos, para personas que tengan dificultades y\/o inconvenientes en visualizar el material original. El objetivo es entregar recursos, compartir experiencias y materiales que ayuden a los padres de familia, maestros y estudiantes en su actualizaci\u00f3n y formaci\u00f3n permanente, en bien de la Educaci\u00f3n.","sameAs":["http:\/\/webdelmaestrocmf.com\/portal","https:\/\/www.facebook.com\/WebdelMaestroCMF\/","https:\/\/www.instagram.com\/wmcmf\/","https:\/\/cl.linkedin.com\/company\/web-del-maestro-cmf","https:\/\/www.pinterest.com\/WMCMF\/publicaciones\/","https:\/\/x.com\/cmf_w","https:\/\/www.youtube.com\/@WMCMF"]}]}},"jetpack_featured_media_url":"https:\/\/webdelmaestrocmf.com\/portal\/wp-content\/uploads\/2021\/08\/1-124.jpg","jetpack_sharing_enabled":true,"jetpack-related-posts":[{"id":56976,"url":"https:\/\/webdelmaestrocmf.com\/portal\/de-la-educacion-a-distancia-a-la-hibrida-4-elementos-clave-para-hacerla-realidad-en-este-2021\/","url_meta":{"origin":66732,"position":0},"title":"De la educaci\u00f3n a distancia a la h\u00edbrida: 4 elementos clave para hacerla realidad","author":"Web del Maestro CMF","date":"5 enero, 2021","format":false,"excerpt":"No pocos pa\u00edses en Am\u00e9rica Latina y el Caribe (ALC) est\u00e1n planificando la\u00a0 vuelta\u00a0 las clases presenciales en las aulas, aunque no todos han hecho un estudio sobre la infraestructura que demandar\u00e1 el regreso a unas instalaciones y a al uso de un mobiliario (donde hab\u00eda) que estaban pensados para\u2026","rel":"","context":"En \u00abAprendizaje h\u00edbrido\u00bb","block_context":{"text":"Aprendizaje h\u00edbrido","link":"https:\/\/webdelmaestrocmf.com\/portal\/category\/pedagogia\/aprendizaje-hibrido\/"},"img":{"alt_text":"","src":"https:\/\/i0.wp.com\/webdelmaestrocmf.com\/portal\/wp-content\/uploads\/2021\/01\/1-copia-29.jpg?resize=350%2C200&ssl=1","width":350,"height":200,"srcset":"https:\/\/i0.wp.com\/webdelmaestrocmf.com\/portal\/wp-content\/uploads\/2021\/01\/1-copia-29.jpg?resize=350%2C200&ssl=1 1x, https:\/\/i0.wp.com\/webdelmaestrocmf.com\/portal\/wp-content\/uploads\/2021\/01\/1-copia-29.jpg?resize=525%2C300&ssl=1 1.5x, https:\/\/i0.wp.com\/webdelmaestrocmf.com\/portal\/wp-content\/uploads\/2021\/01\/1-copia-29.jpg?resize=700%2C400&ssl=1 2x, https:\/\/i0.wp.com\/webdelmaestrocmf.com\/portal\/wp-content\/uploads\/2021\/01\/1-copia-29.jpg?resize=1050%2C600&ssl=1 3x"},"classes":[]},{"id":70784,"url":"https:\/\/webdelmaestrocmf.com\/portal\/el-nacimiento-de-una-nueva-educacion-hibrida\/","url_meta":{"origin":66732,"position":1},"title":"El nacimiento de una nueva educaci\u00f3n hibrida","author":"Web del Maestro CMF","date":"8 noviembre, 2021","format":false,"excerpt":"El cierre prolongado de las escuelas durante el COVID-19 ha sido un desaf\u00edo para los alumnos, docentes y padres. Hoy muchos pa\u00edses est\u00e1n planificando la reapertura de las escuelas de Am\u00e9rica Latina y el Caribe (ALC), y las medidas de distanciamiento social hacen muy probable que el aprendizaje a distancia\u2026","rel":"","context":"En \u00abHibrida\u00bb","block_context":{"text":"Hibrida","link":"https:\/\/webdelmaestrocmf.com\/portal\/category\/pedagogia\/hibrida\/"},"img":{"alt_text":"","src":"https:\/\/i0.wp.com\/webdelmaestrocmf.com\/portal\/wp-content\/uploads\/2021\/11\/0.jpg?resize=350%2C200&ssl=1","width":350,"height":200,"srcset":"https:\/\/i0.wp.com\/webdelmaestrocmf.com\/portal\/wp-content\/uploads\/2021\/11\/0.jpg?resize=350%2C200&ssl=1 1x, https:\/\/i0.wp.com\/webdelmaestrocmf.com\/portal\/wp-content\/uploads\/2021\/11\/0.jpg?resize=525%2C300&ssl=1 1.5x, https:\/\/i0.wp.com\/webdelmaestrocmf.com\/portal\/wp-content\/uploads\/2021\/11\/0.jpg?resize=700%2C400&ssl=1 2x, https:\/\/i0.wp.com\/webdelmaestrocmf.com\/portal\/wp-content\/uploads\/2021\/11\/0.jpg?resize=1050%2C600&ssl=1 3x"},"classes":[]},{"id":57238,"url":"https:\/\/webdelmaestrocmf.com\/portal\/la-educacion-hibrida-que-es-experiencias-desarrollo-futuro-y-practica-para-despues-de-la-pandemia-y-antes-de-iniciar-el-ano-academico\/","url_meta":{"origin":66732,"position":2},"title":"La educaci\u00f3n h\u00edbrida: qu\u00e9 es, experiencias, desarrollo y futuro como canal de transformaci\u00f3n digital de los sistemas educativos","author":"Web del Maestro CMF","date":"9 enero, 2021","format":false,"excerpt":"\u00bfC\u00f3mo ha tocado la pandemia el desarrollo planificado de las clases presenciales y el proceso ense\u00f1anza \u2013 aprendizaje? \u00bfQu\u00e9 rutas nuevas ha aprendido (en este tiempo de educaci\u00f3n a distancia) para impartir las clases o lecciones? \u00bfHa tenido la experiencia de volver a las clases presenciales? \u00bfCu\u00e1nto tiempo le ha\u2026","rel":"","context":"En \u00abYo opino - WMCMF\u00bb","block_context":{"text":"Yo opino - WMCMF","link":"https:\/\/webdelmaestrocmf.com\/portal\/category\/jamb\/"},"img":{"alt_text":"","src":"https:\/\/i0.wp.com\/webdelmaestrocmf.com\/portal\/wp-content\/uploads\/2021\/01\/1-62.jpg?resize=350%2C200&ssl=1","width":350,"height":200,"srcset":"https:\/\/i0.wp.com\/webdelmaestrocmf.com\/portal\/wp-content\/uploads\/2021\/01\/1-62.jpg?resize=350%2C200&ssl=1 1x, https:\/\/i0.wp.com\/webdelmaestrocmf.com\/portal\/wp-content\/uploads\/2021\/01\/1-62.jpg?resize=525%2C300&ssl=1 1.5x, https:\/\/i0.wp.com\/webdelmaestrocmf.com\/portal\/wp-content\/uploads\/2021\/01\/1-62.jpg?resize=700%2C400&ssl=1 2x, https:\/\/i0.wp.com\/webdelmaestrocmf.com\/portal\/wp-content\/uploads\/2021\/01\/1-62.jpg?resize=1050%2C600&ssl=1 3x"},"classes":[]},{"id":63886,"url":"https:\/\/webdelmaestrocmf.com\/portal\/3-alternativas-de-clases-hibridas-que-puede-aplicar-en-su-regreso-a-clases-presenciales\/","url_meta":{"origin":66732,"position":3},"title":"3 alternativas de clases h\u00edbridas que puede aplicar","author":"Web del Maestro CMF","date":"10 junio, 2021","format":false,"excerpt":"as clases h\u00edbridas han surgido como una respuesta innovadora a los desaf\u00edos educativos planteados por la pandemia de COVID-19 y la necesidad de adaptar los m\u00e9todos de ense\u00f1anza al aprendizaje en l\u00ednea. Esta modalidad combina elementos de la educaci\u00f3n presencial y la educaci\u00f3n a distancia, brindando a los estudiantes la\u2026","rel":"","context":"En \u00abAprendizaje h\u00edbrido\u00bb","block_context":{"text":"Aprendizaje h\u00edbrido","link":"https:\/\/webdelmaestrocmf.com\/portal\/category\/pedagogia\/aprendizaje-hibrido\/"},"img":{"alt_text":"","src":"https:\/\/i0.wp.com\/webdelmaestrocmf.com\/portal\/wp-content\/uploads\/2021\/06\/1-13.jpg?resize=350%2C200&ssl=1","width":350,"height":200,"srcset":"https:\/\/i0.wp.com\/webdelmaestrocmf.com\/portal\/wp-content\/uploads\/2021\/06\/1-13.jpg?resize=350%2C200&ssl=1 1x, https:\/\/i0.wp.com\/webdelmaestrocmf.com\/portal\/wp-content\/uploads\/2021\/06\/1-13.jpg?resize=525%2C300&ssl=1 1.5x, https:\/\/i0.wp.com\/webdelmaestrocmf.com\/portal\/wp-content\/uploads\/2021\/06\/1-13.jpg?resize=700%2C400&ssl=1 2x, https:\/\/i0.wp.com\/webdelmaestrocmf.com\/portal\/wp-content\/uploads\/2021\/06\/1-13.jpg?resize=1050%2C600&ssl=1 3x"},"classes":[]},{"id":74761,"url":"https:\/\/webdelmaestrocmf.com\/portal\/como-aplicar-el-abp-en-la-ensenanza-hibrida\/","url_meta":{"origin":66732,"position":4},"title":"Aplicaci\u00f3n de un modelo h\u00edbrido de aprendizaje basado en problemas como estrategia de evaluaci\u00f3n e interrelaci\u00f3n \u2018multiasignaturas\u2019","author":"Web del Maestro CMF","date":"26 febrero, 2022","format":false,"excerpt":"La educaci\u00f3n h\u00edbrida, que mezcla clases virtuales con momentos presenciales, bien c\u00f3mo aprendizaje s\u00edncrona y as\u00edncrona, se encuentra entre las principales tendencias del siglo XXI. En los \u00faltimos a\u00f1os, ha ganado un espacio cada vez mayor en la educaci\u00f3n superior y ya se estaba probando en la educaci\u00f3n b\u00e1sica. Sin\u2026","rel":"","context":"En \u00abAprendizaje basado proyectos\u00bb","block_context":{"text":"Aprendizaje basado proyectos","link":"https:\/\/webdelmaestrocmf.com\/portal\/category\/pedagogia\/aprendizaje-basado-proyectos\/"},"img":{"alt_text":"","src":"https:\/\/i0.wp.com\/webdelmaestrocmf.com\/portal\/wp-content\/uploads\/2022\/02\/1a12-DESKTOP-DLIPULV-1.jpg?resize=350%2C200&ssl=1","width":350,"height":200,"srcset":"https:\/\/i0.wp.com\/webdelmaestrocmf.com\/portal\/wp-content\/uploads\/2022\/02\/1a12-DESKTOP-DLIPULV-1.jpg?resize=350%2C200&ssl=1 1x, https:\/\/i0.wp.com\/webdelmaestrocmf.com\/portal\/wp-content\/uploads\/2022\/02\/1a12-DESKTOP-DLIPULV-1.jpg?resize=525%2C300&ssl=1 1.5x, https:\/\/i0.wp.com\/webdelmaestrocmf.com\/portal\/wp-content\/uploads\/2022\/02\/1a12-DESKTOP-DLIPULV-1.jpg?resize=700%2C400&ssl=1 2x, https:\/\/i0.wp.com\/webdelmaestrocmf.com\/portal\/wp-content\/uploads\/2022\/02\/1a12-DESKTOP-DLIPULV-1.jpg?resize=1050%2C600&ssl=1 3x"},"classes":[]},{"id":113922,"url":"https:\/\/webdelmaestrocmf.com\/portal\/albert-sangra-no-es-cierto-que-no-se-pueda-aprender-igual-de-bien-de-forma-online-que-presencialmente\/","url_meta":{"origin":66732,"position":5},"title":"Albert Sangr\u00e0: No es cierto que no se pueda aprender igual de bien de forma \u2018online\u2019 que presencialmente","author":"Web del Maestro CMF","date":"10 diciembre, 2025","format":false,"excerpt":"La pandemia no revel\u00f3 fallas del aprendizaje online, sino nuestra falta de preparaci\u00f3n. Bien dise\u00f1ada, la educaci\u00f3n digital puede igualar y hasta superar la presencial.","rel":"","context":"En \u00abEntrevistas\u00bb","block_context":{"text":"Entrevistas","link":"https:\/\/webdelmaestrocmf.com\/portal\/category\/noticias\/entrevistas\/"},"img":{"alt_text":"","src":"https:\/\/i0.wp.com\/webdelmaestrocmf.com\/portal\/wp-content\/uploads\/2025\/12\/1A-Banner-1-portada-imagen-10-1-copia-2-2.webp?resize=350%2C200&ssl=1","width":350,"height":200,"srcset":"https:\/\/i0.wp.com\/webdelmaestrocmf.com\/portal\/wp-content\/uploads\/2025\/12\/1A-Banner-1-portada-imagen-10-1-copia-2-2.webp?resize=350%2C200&ssl=1 1x, https:\/\/i0.wp.com\/webdelmaestrocmf.com\/portal\/wp-content\/uploads\/2025\/12\/1A-Banner-1-portada-imagen-10-1-copia-2-2.webp?resize=525%2C300&ssl=1 1.5x, https:\/\/i0.wp.com\/webdelmaestrocmf.com\/portal\/wp-content\/uploads\/2025\/12\/1A-Banner-1-portada-imagen-10-1-copia-2-2.webp?resize=700%2C400&ssl=1 2x"},"classes":[]}],"_links":{"self":[{"href":"https:\/\/webdelmaestrocmf.com\/portal\/wp-json\/wp\/v2\/posts\/66732","targetHints":{"allow":["GET"]}}],"collection":[{"href":"https:\/\/webdelmaestrocmf.com\/portal\/wp-json\/wp\/v2\/posts"}],"about":[{"href":"https:\/\/webdelmaestrocmf.com\/portal\/wp-json\/wp\/v2\/types\/post"}],"author":[{"embeddable":true,"href":"https:\/\/webdelmaestrocmf.com\/portal\/wp-json\/wp\/v2\/users\/1"}],"replies":[{"embeddable":true,"href":"https:\/\/webdelmaestrocmf.com\/portal\/wp-json\/wp\/v2\/comments?post=66732"}],"version-history":[{"count":0,"href":"https:\/\/webdelmaestrocmf.com\/portal\/wp-json\/wp\/v2\/posts\/66732\/revisions"}],"wp:featuredmedia":[{"embeddable":true,"href":"https:\/\/webdelmaestrocmf.com\/portal\/wp-json\/wp\/v2\/media\/66734"}],"wp:attachment":[{"href":"https:\/\/webdelmaestrocmf.com\/portal\/wp-json\/wp\/v2\/media?parent=66732"}],"wp:term":[{"taxonomy":"category","embeddable":true,"href":"https:\/\/webdelmaestrocmf.com\/portal\/wp-json\/wp\/v2\/categories?post=66732"},{"taxonomy":"post_tag","embeddable":true,"href":"https:\/\/webdelmaestrocmf.com\/portal\/wp-json\/wp\/v2\/tags?post=66732"}],"curies":[{"name":"wp","href":"https:\/\/api.w.org\/{rel}","templated":true}]}}