{"id":66576,"date":"2024-10-01T19:00:57","date_gmt":"2024-10-01T22:00:57","guid":{"rendered":"https:\/\/webdelmaestrocmf.com\/portal\/?p=66576"},"modified":"2024-10-01T19:29:58","modified_gmt":"2024-10-01T22:29:58","slug":"los-cuatro-pilares-de-la-educacion","status":"publish","type":"post","link":"https:\/\/webdelmaestrocmf.com\/portal\/los-cuatro-pilares-de-la-educacion\/","title":{"rendered":"Los cuatro pilares de la educaci\u00f3n"},"content":{"rendered":"<p style=\"text-align: justify;\"><strong>El siglo XXI, que ofrecer\u00e1 recursos sin precedentes tanto a la circulaci\u00f3n y al almacenamiento de informaciones como a la comunicaci\u00f3n, plantear\u00e1 a la educaci\u00f3n una doble exigencia que, a primera vista, puede parecer casi contradictoria:\u00a0 la educaci\u00f3n deber\u00e1 transmitir, masiva y eficazmente, un volumen cada vez mayor de conocimientos te\u00f3ricos y t\u00e9cnicos evolutivos, adaptados a la civilizaci\u00f3n cognoscitiva, porque son las bases de las competencias del futuro.<\/strong><!--more--><\/p>\n<p style=\"text-align: justify;\">Simult\u00e1neamente, deber\u00e1 hallar y definir orientaciones que permitan no dejarse sumergir por la corrientes de informaciones m\u00e1s o menos ef\u00edmeras que invaden los espacios p\u00fablicos y privados y conservar el rumbo en proyectos de desarrollo individuales y colectivos. En cierto sentido, la educaci\u00f3n\u00a0 se ve obligada a proporcionar las cartas n\u00e1uticas de un mundo complejo y en perpetua agitaci\u00f3n y, al mismo tiempo, la br\u00fajula para poder navegar por \u00e9l.<\/p>\n<p style=\"text-align: justify;\">Con esas perspectivas se ha vuelto imposible, y hasta inadecuado, responder de manera puramente cuantitativa a la insaciable demanda de educaci\u00f3n, que entra\u00f1a un bagaje escolar cada vez m\u00e1s voluminoso. Es que ya no basta con que cada individuo acumule al comienzo de su vida una reserva de conocimientos a la que podr\u00e1 recurrir despu\u00e9s sin limites. Sobre todo, debe estar en condiciones de aprovechar y utilizar durante toda la vida cada oportunidad que se le presente de actualizar, profundizar y enriquecer ese primer saber y de adaptarse a un mundo en permanente cambio.<\/p>\n<p style=\"text-align: justify;\">Para cumplir el conjunto de las misiones que les son propias, la educaci\u00f3n debe estructurarse en torno a cuatro aprendizajes fundamentales que en el transcurso de la vida ser\u00e1n para cada persona, en cierto sentido, los pilares del conocimiento: aprender a conocer, es decir, adquirir los instrumentos de la comprensi\u00f3n; aprender a hacer, para poder influir sobre el propio entorno; aprender a vivir juntos, para participar y cooperar con los dem\u00e1s en todas las actividades humanas; por ultimo, aprender a ser, un proceso fundamental que recoge elementos de los tres anteriores. Por supuesto, estas cuatro v\u00edas del saber convergen en una sola, ya que hay entre ellas m\u00faltiples puntos de contacto, coincidencia e intercambio.<\/p>\n<p style=\"text-align: justify;\">Mas, en general, la ense\u00f1anza escolar se orienta esencialmente, por no decir que de manera exclusiva, hacia el aprender a conocer y, en menor medida, el aprender a hacer. Las otras dos formas de aprendizajes dependen las m\u00e1s de las veces de circunstancias aleatorias, cuando no se les considera una mera prolongaci\u00f3n, de alguna manera natural, de las dos primeras. Pues bien, la comisi\u00f3n estima que, en cualquier sistema de ense\u00f1anza estructurado, cada uno de esos cuatro \u201cpilares del conocimiento\u201d debe recibir una atenci\u00f3n equivalente a fin de que la educaci\u00f3n sea para el ser humano, en su calidad de persona y de miembro de la sociedad, una experiencia global y que dure toda la vida en los planos cognoscitivos y practico.<\/p>\n<p style=\"text-align: justify;\">Desde el comienzo de su actuaci\u00f3n, los miembros de la Comisi\u00f3n fueron conscientes de que, para hacer frente a los retos del siglo XXI, seria indispensable asignar nuevos objetivos a la educaci\u00f3n y, por consiguiente, modificar la idea que nos hacemos de su utilidad. Una nueva concepci\u00f3n m\u00e1s amplia de la educaci\u00f3n deber\u00eda llevar a cada persona a descubrir, despertar e incrementar sus posibilidades creativas, actualizando as\u00ed el tesoro escondido en cada uno de nosotros, lo cual supone trascender una visi\u00f3n puramente instrumental de la educaci\u00f3n, percibida como la v\u00eda obligada para obtener determinados resultados (experiencia pr\u00e1ctica, adquisici\u00f3n de capacidades diversas, fines de car\u00e1cter econ\u00f3mico), para considerar su funci\u00f3n en toda su plenitud, a saber, la realizaci\u00f3n de la persona que, toda ella, aprender a ser.<\/p>\n<p><img loading=\"lazy\" decoding=\"async\" class=\"alignnone size-large wp-image-66577\" src=\"https:\/\/webdelmaestrocmf.com\/portal\/wp-content\/uploads\/2021\/08\/1-26-1010x1024.png\" alt=\"\" width=\"1010\" height=\"1024\" srcset=\"https:\/\/webdelmaestrocmf.com\/portal\/wp-content\/uploads\/2021\/08\/1-26-1010x1024.png 1010w, https:\/\/webdelmaestrocmf.com\/portal\/wp-content\/uploads\/2021\/08\/1-26-296x300.png 296w, https:\/\/webdelmaestrocmf.com\/portal\/wp-content\/uploads\/2021\/08\/1-26-768x779.png 768w, https:\/\/webdelmaestrocmf.com\/portal\/wp-content\/uploads\/2021\/08\/1-26-1515x1536.png 1515w, https:\/\/webdelmaestrocmf.com\/portal\/wp-content\/uploads\/2021\/08\/1-26-80x80.png 80w, https:\/\/webdelmaestrocmf.com\/portal\/wp-content\/uploads\/2021\/08\/1-26-110x112.png 110w, https:\/\/webdelmaestrocmf.com\/portal\/wp-content\/uploads\/2021\/08\/1-26-200x203.png 200w, https:\/\/webdelmaestrocmf.com\/portal\/wp-content\/uploads\/2021\/08\/1-26-380x385.png 380w, https:\/\/webdelmaestrocmf.com\/portal\/wp-content\/uploads\/2021\/08\/1-26-255x259.png 255w, https:\/\/webdelmaestrocmf.com\/portal\/wp-content\/uploads\/2021\/08\/1-26-300x304.png 300w, https:\/\/webdelmaestrocmf.com\/portal\/wp-content\/uploads\/2021\/08\/1-26-550x558.png 550w, https:\/\/webdelmaestrocmf.com\/portal\/wp-content\/uploads\/2021\/08\/1-26-800x811.png 800w, https:\/\/webdelmaestrocmf.com\/portal\/wp-content\/uploads\/2021\/08\/1-26-1160x1176.png 1160w, https:\/\/webdelmaestrocmf.com\/portal\/wp-content\/uploads\/2021\/08\/1-26-220x223.png 220w, https:\/\/webdelmaestrocmf.com\/portal\/wp-content\/uploads\/2021\/08\/1-26-400x406.png 400w, https:\/\/webdelmaestrocmf.com\/portal\/wp-content\/uploads\/2021\/08\/1-26-760x771.png 760w, https:\/\/webdelmaestrocmf.com\/portal\/wp-content\/uploads\/2021\/08\/1-26-510x517.png 510w, https:\/\/webdelmaestrocmf.com\/portal\/wp-content\/uploads\/2021\/08\/1-26-600x608.png 600w, https:\/\/webdelmaestrocmf.com\/portal\/wp-content\/uploads\/2021\/08\/1-26-1100x1115.png 1100w, https:\/\/webdelmaestrocmf.com\/portal\/wp-content\/uploads\/2021\/08\/1-26-1600x1622.png 1600w, https:\/\/webdelmaestrocmf.com\/portal\/wp-content\/uploads\/2021\/08\/1-26-592x600.png 592w, https:\/\/webdelmaestrocmf.com\/portal\/wp-content\/uploads\/2021\/08\/1-26-1536x1557.png 1536w, https:\/\/webdelmaestrocmf.com\/portal\/wp-content\/uploads\/2021\/08\/1-26.png 2008w\" sizes=\"auto, (max-width: 1010px) 100vw, 1010px\" \/><\/p>\n<h5 style=\"text-align: justify;\">1. Aprender a conocer<\/h5>\n<p style=\"text-align: justify;\">Este tipo de aprendizaje, que tiende menos a la adquisici\u00f3n de conocimientos clasificados y codificados que al dominio de los instrumentos mismos del saber, puede considerarse ala vez medio y finalidad de la vida humana.<\/p>\n<p style=\"text-align: justify;\">En cuanto a medio, consiste para cada persona en aprender a comprender el mundo que la rodea, al menos suficientemente para vivir con dignidad, desarrollar sus capacidades profesionales y comunicarse con los dem\u00e1s. Como fin, su justificaci\u00f3n es el placer de comprender, conocer, de descubrir.<\/p>\n<p style=\"text-align: justify;\">Aunque el estudio sin aplicaci\u00f3n inmediata este cediendo terreno frente al predomino actual de los conocimientos \u00fatiles,\u00a0 la tendencia a prolongar la escolaridad e incrementar el tiempo libre deber\u00eda permitir a un numero cada vez mayor de adultos apreciar las bondades del conocimiento y de la investigaci\u00f3n individual. El incremento del saber, que permite comprender mejor las m\u00faltiples facetas del propio entorno, favorece el despertar de la curiosidad intelectual, estimula el sentido critico y permite descifrar la realidad, adquiriendo al mismo tiempo una autonom\u00eda de juicio. Desde esa perspectiva, insistimos en ello, es fundamental que cada ni\u00f1o , donde quiera que este, pueda acceder de manera adecuada al razonamiento cient\u00edfico y convertirse para toda la vida en un \u201camigo de la ciencia\u201d <a href=\"#_ftn1\" name=\"_ftnref1\"><sup>[1]<\/sup><\/a> en los niveles de ense\u00f1anza secundaria y superior, la formaci\u00f3n inicial de proporcionar a todos los alumnos los instrumentos, conceptos y modos de referencia resultantes del progreso cient\u00edfico y de los paradigmas del \u00e9poca.<\/p>\n<p style=\"text-align: justify;\">Sin embargo, puesto que el conocimiento es m\u00faltiple e infinitamente evolutivo, resulta cada vez m\u00e1s ut\u00f3pico pretender conocerlo todo; por ello m\u00e1s all\u00e1 de la ense\u00f1anza b\u00e1sica, la idea de un saber omnisciente es ilusoria. Al mismo tiempo, la especializaci\u00f3n incluso en el caso de futuros investigadores no debe excluir una cultura general. \u201cEn nuestros d\u00edas una mente verdaderamente formada necesita una amplia cultura general y tener la facilidad de estudiar a fondo un peque\u00f1o numero de materias. De un extremo a otro de la ense\u00f1anza, debemos favorecer la simultaneidad de ambas tendencias\u201d<a href=\"#_ftn2\" name=\"_ftnref2\"><sup>[2]<\/sup><\/a> pues la cultura general, apertura a otros lenguajes y conocimientos, permite ante todo comunicar. Encerrado en su propia ciencia, el especialista corre un riego de desinteresarse de lo que hacen los dem\u00e1s. En cualesquiera circunstancias, le resultara dif\u00edcil cooperar. Por otra parte, argamasa de las sociedades en el tiempo y en el tiempo y en el espacio, la formaci\u00f3n cultural entra\u00f1a a una apertura a otros campos del saber, lo que contribuye a fecundas sinergia entre disciplinas diversas. En el \u00e1mbito de la investigaci\u00f3n, en particular, el progreso de los conocimientos se produce a veces en el punto en el que confluyen disciplinas diversas.<\/p>\n<p style=\"text-align: justify;\">Aprender para conocer supone, en primer termino, aprender a aprender, ejercitando la atenci\u00f3n, la memoria y el pensamiento. Desde la infancia, sobre todo en las sociedades dominadas por la imagen televisiva,\u00a0 el joven debe aprender a concentrar su atenci\u00f3n alas cosas y alas personas. La vertiginosa sucesi\u00f3n de informaciones en los medios de comunicaci\u00f3n y el frecuente cambio del canal de televisi\u00f3n, atenta contra el proceso de descubrimiento, que requiere una permanencia y una profundizaci\u00f3n de la informaci\u00f3n captada. Este aprendizaje de la atenci\u00f3n puede adoptar formas diversas\u00a0 y sacar provecho de m\u00faltiples ocasiones de la vida (juegos, visitas a empresas, viajes, trabajos pr\u00e1cticos, asignaturas cient\u00edficas, etc.).<\/p>\n<p style=\"text-align: justify;\">El ejercicio de la memoria, por otra parte, es un ant\u00eddoto necesario contra la invasi\u00f3n de las informaciones instant\u00e1neas\u00a0 que difunden los medios de comunicaci\u00f3n masiva. Seria peligroso imaginar que la memoria ha perdido su utilidad debido a la formidable capacidad\u00a0 de almacenamiento y difusi\u00f3n de datos de que disponemos en la actualidad. Desde luego, hay que ser selectivos, en la elecci\u00f3n de los datos que aprenderemos \u201cde memoria\u201d, pero debe cultivarse con esmero la facultad intr\u00ednsecamente humana de memorizaci\u00f3n asociativa, irreductible a un automatismo. Todos los especialistas coinciden en afirmar la necesidad de entrenar la memoria desde la infancia y estiman inadecuado suprimir de la pr\u00e1ctica escolar algunos ejercicios tradicionales considerados tediosos.<\/p>\n<p style=\"text-align: justify;\">Por \u00faltimo, el ejercicio del pensamiento, en el que el ni\u00f1o es iniciado primero por sus padres y m\u00e1s tarde por sus maestros, debe entra\u00f1ar una articulaci\u00f3n entre lo concreto y lo abstracto. Asimismo, convendr\u00eda combinar tanto en la ense\u00f1anza como en la investigaci\u00f3n los dos m\u00e9todos, el deductivo y el inductivo, a menudo presentados como opuestos. Seg\u00fan las disciplinas que se ense\u00f1en, uno resultar\u00e1 m\u00e1s pertinente que el otro, pero en la mayor\u00eda de los casos la concatenaci\u00f3n del pensamiento requiere combinar ambos.<\/p>\n<p style=\"text-align: justify;\">El proceso de adquisici\u00f3n del conocimiento no concluye nunca y puede nutrirse de todo tipo de experiencias. En ese sentido, se entrelaza de manera creciente con la experiencia del trabajo, a medida que \u00e9ste pierde su aspecto rutinario. Puede considerarse que la ense\u00f1anza b\u00e1sica tiene \u00e9xito si aporta el impulso y las bases que permitir\u00e1n seguir aprendiendo durante toda\u00a0 la vida, no s\u00f3lo en el empleo sino tambi\u00e9n al margen de \u00e9l.<\/p>\n<h5 style=\"text-align: justify;\">2. Aprender a hacer<\/h5>\n<p style=\"text-align: justify;\">Aprender a conocer y aprender a hacer son, en gran medida, indisociables. Pero lo segundo esta m\u00e1s estrechamente vinculado a la cuesti\u00f3n de la forma profesional: \u00bfc\u00f3mo ense\u00f1ar al alumno a poner en pr\u00e1ctica sus conocimientos y, al mismo tiempo, como adaptar la ense\u00f1anza al futuro mercado del trabajo, cuya evoluci\u00f3n no es totalmente previsible? La comisi\u00f3n procurara responder en particular a esta \u00faltima interrogante.<\/p>\n<p style=\"text-align: justify;\">Al respecto, corresponde establecer una diferencia entre las econom\u00edas industriales, en las que predomina el trabajo asalariado, y las dem\u00e1s, en las que subsiste todav\u00eda de manera generalizada\u00a0 el trabajo independiente o ajeno al sector estructurado de la econom\u00eda. En las sociedades basadas en el salario que se han desarrollado a lo largo del siglo XX conforme al modelo industrial, la sustituci\u00f3n del trabajo humano por maquinas convierte a aquel en algo cada vez m\u00e1s inmaterial y acent\u00faa el car\u00e1cter conflictivo de las tareas, incluso la industria, as\u00ed como la importancia de los servicios en la actividad econ\u00f3mica. Por lo dem\u00e1s, el futuro de esas econom\u00edas esta suspendido a su capacidad de transformar el progreso de los conocimientos e innovaciones generadoras de nuevos empleos y empresas. As\u00ed pues, ya no puede darse a la expresi\u00f3n \u201caprender a hacer\u201d el significado simple que tenia cuando se trataba de preparar a alguien para una tarea material bien definida, para que participase en la fabricaci\u00f3n de algo. Los aprendizajes deben, as\u00ed pues, evolucionar y ya no pueden considerarse mera transmisi\u00f3n de practicas mas o menos rutinarias, aunque estos conserven un valor formativo que no debemos desestimar.<\/p>\n<p style=\"text-align: justify;\"><strong>De la noci\u00f3n de calificaci\u00f3n a la de competencia<\/strong><\/p>\n<p style=\"text-align: justify;\">El dominio de las dimensiones cognoscitiva e informativa en los sistemas de producci\u00f3n industrial vuelve algo caduca la noci\u00f3n de calificaci\u00f3n profesional, entre otros en el caso de los operarios y los t\u00e9cnicos, y tienden a privilegiar la de competencia personal. En efecto, el progreso t\u00e9cnico modifica de manera ineluctable las calificaciones que requieren los nuevos procesos de producci\u00f3n. A las tareas puramente f\u00edsicas suceden tareas de producci\u00f3n m\u00e1s intelectuales, m\u00e1s cerebrales como el mando de maquinas, su mantenimiento y supervisi\u00f3n y tareas de dise\u00f1o, estudio y organizaci\u00f3n, a medida que las propias maquinas se vuelven m\u00e1s \u201cinteligentes\u201d y que el trabajo se \u201cdesmaterializa\u201d.<\/p>\n<p style=\"text-align: justify;\">Este incremento general de los niveles de calificaci\u00f3n exigidos tiene varios or\u00edgenes. Con respecto a los operarios,\u00a0 la yuxtaposici\u00f3n de las tareas obligadas y del trabajo fragmentado sede ante una organizaci\u00f3n \u201ccolectivos de trabajo\u201d o \u201cgrupos de proyecto\u201d,\u00a0 siguiendo las practicas de las empresas japonesas: una especie de taylorismo al rev\u00e9s; los desempleados dejan de ser intercambiables y las tareas se personalizan. Cada vez con mas frecuencia, los empleadores ya no exigen una calificaci\u00f3n determinada, que consideran demasiado unida todav\u00eda a la idea de pericia material, y piden, en cambio, un conjunto de competencias especificas a cada persona, que combina la calificaci\u00f3n propiamente dicha, adquirida mediante la formaci\u00f3n t\u00e9cnica y profesional, el comportamiento social, la aptitud\u00a0 para trabajar en equipo, la capacidad de iniciativa y la de asumir riesgos.<\/p>\n<p style=\"text-align: justify;\">Si a estas nuevas exigencias a\u00f1adimos la de un empe\u00f1o personal del trabajador, considerando como agente del cambio, resulta claro que ciertas cualidades muy subjetivas, innatas o adquiridas que los empresarios denominan a menudo \u201csaber ser\u201d se combinan con los conocimientos te\u00f3ricos y pr\u00e1cticos para componer las competencias solicitadas; esta situaci\u00f3n ilustra de manera elocuente, como ha destacado la comisi\u00f3n, \u00e9l vinculo que la educaci\u00f3n debe mantener entre los diversos aspectos del aprendizaje entre estas cualidades, cobra cada vez mayor importancia la capacidad de comunicarse y de trabajar con los dem\u00e1s, de afrontar y solucionar conflictos. El desarrollo de las actividades de servicios tiende a acentuar esta tendencia.<\/p>\n<p style=\"text-align: justify;\">La \u201cdesmaterializaci\u00f3n\u201d del trabajo y las actividades de servicios en el sector asalariado. Las repercusiones de la \u201cdesmaterializaci\u00f3n \u201cde las econom\u00edas avanzadas en el aprendizaje se ponen en manifiesto inmediatamente al observar la evoluci\u00f3n cuantitativa y cualitativa de los servicios, categor\u00eda muy diversificada que se define sobre todo por exclusi\u00f3n, como aquella que agrupa actividades que no son ni industriales ni agr\u00edcolas y que, a pesar de su diversidad, tienen en com\u00fan el hecho de no producir ning\u00fan bien material.<\/p>\n<p style=\"text-align: justify;\">Muchos servicios se definen principalmente en funci\u00f3n de la relaci\u00f3n interpersonal que generan. Podemos citar ejemplos tanto en el sector comercial (peritajes de todo tipo, servicios de supervisi\u00f3n o de asesoramiento tecnol\u00f3gico, servicios financieros, contables o administrativos) que proliferan nutri\u00e9ndose de la creciente complejidad de las econom\u00edas, como la del sector no comercial m\u00e1s tradicional (servicios sociales, de ense\u00f1anza, de sanidad, etc.). En ambos casos, es primordial la actividad de informaci\u00f3n y de comunicaci\u00f3n; se pone al acento en el acopio y la elaboraci\u00f3n personalizada de informaciones especificas, destinadas a un proyecto preciso. En ese tipo de servicios, la calidad de la relaci\u00f3n entre el prestatario y el usuario dependen tambi\u00e9n en gran medida del segundo. Resulta entonces comprensible que la tarea de la que se trate ya no pueda prepararse de la misma manera que si se fuera a trabajar la tierra o a fabricar una chapa met\u00e1lica. La relaci\u00f3n con la materia y la t\u00e9cnica debe ser complementada por una aptitud para las relaciones interpersonales. El desarrollo de los servicios obliga, pues, a cultivar cualidades humanas que las formaciones tradicionales no siempre inculcan y que corresponden a la capacidad de establecer relaciones estables y eficaces entre las personas.<\/p>\n<p style=\"text-align: justify;\">Por \u00faltimo, es concebible que en las sociedades ultratecnificadas del futuro la deficiente interacci\u00f3n entre los individuos puede provocar graves disfunciones, cuyas superaci\u00f3n exijan nuevas calificaciones, basadas mas en el comportamiento que en el bagaje intelectual, lo que quiz\u00e1 ofrezca posibilidades a las personas con pocos o sin estudios escolares, pues la instituci\u00f3n, el discernimiento, la capacidad de prever el futuro y de crear un esp\u00edritu de equipo no son cualidades reservadas forzosamente a los mas diplomados. \u00bfC\u00f3mo y donde ense\u00f1ar estas cualidades, innatas? No es tan f\u00e1cil deducir cuales deben ser los contenidos de una formaci\u00f3n que permita adquirir las capacidades o aptitudes necesarias. El problema se plantea tambi\u00e9n a prop\u00f3sito de la formaci\u00f3n profesional en los piases en desarrollo.<\/p>\n<p style=\"text-align: justify;\"><strong>El trabajo en la econom\u00eda no estructurada<\/strong><\/p>\n<p style=\"text-align: justify;\">En las econom\u00edas en desarrollo donde la actividad asalariada no predomina, el trabajo es de naturaleza muy distinta. Hay mucho pa\u00edses de \u00c1frica subsaarihana y algunos de Am\u00e9rica latina y Asia solo un peque\u00f1o segmento de la poblaci\u00f3n trabaja el r\u00e9gimen asalariado y la inmensa mayor\u00eda participa en la econom\u00eda tradicional de subsistencia. Hablando con propiedad, no existen ninguna funci\u00f3n referencial laboral; los conocimientos t\u00e9cnicos suelen ser de tipo tradicional. Adem\u00e1s, la funci\u00f3n del aprendizaje no se limita al trabajo, si no que debe satisfacer el objetivo m\u00e1s amplio de una participaci\u00f3n y de desarrollo dentro de los sectores estructurado o no estructurado de la econom\u00eda. A menudo, se trata de adquirir a la vez una calificaci\u00f3n social y una formaci\u00f3n profesional.<\/p>\n<p style=\"text-align: justify;\">En otros pa\u00edses en desarrollo hay, adem\u00e1s de la agricultura y de un reducido sector estructurado, un sector econ\u00f3mico al mismo tiempo moderno y no estructurado, a veces bastante din\u00e1mico, formado por actividades artesanales, comerciales y financieras, que indican que existen posibilidades empresariales perfectamente adaptadas\u00a0 a las condiciones locales.<\/p>\n<p style=\"text-align: justify;\">En ambos casos, de los numerosos estudios realizados en pa\u00edses en desarrollo se desprende que estos consideran que su futuro estar\u00e1 estrechamente vinculado a la adquisici\u00f3n de la cultura cient\u00edfica que les permitir\u00e1 acceder a la tecnolog\u00eda moderna, sin descuidar por ello las capacidades concretas de innovaci\u00f3n y creaci\u00f3n inherentes al contexto local.<\/p>\n<p style=\"text-align: justify;\">Se plantea entonces una pregunta com\u00fan a los pa\u00edses, desarrollados y en desarrollo: \u00bfC\u00f3mo aprender a comportarse eficazmente en una situaci\u00f3n de incertidumbre, como participar en la creaci\u00f3n del futuro?<\/p>\n<h5 style=\"text-align: justify;\">3. Aprender a vivir juntos, aprender a vivir con los dem\u00e1s<\/h5>\n<p style=\"text-align: justify;\">Sin duda, este aprendizaje constituye una de las principales empresas de la educaci\u00f3n contempor\u00e1nea. Demasiado a menudo, la violencia que impera en el mundo contradice la esperanza que algunos hab\u00edan depositado en el progreso de la humanidad. La historia humana siempre ha sido conflictiva, pero hay elementos nuevos que acent\u00faan el riesgo, en particular el extraordinario potencial de autodestrucci\u00f3n que la humanidad misma ha creado durante el siglo XX. A trav\u00e9s de los medios de comunicaci\u00f3n masiva, la opini\u00f3n p\u00fablica se convierte en observadora impotente, y hasta en reh\u00e9n, de quienes generan o mantienen vivos los conflictos. Hasta el momento, la educaci\u00f3n no ha podido hacer mucho para modificar esta situaci\u00f3n. \u00bfSeria posible concebir una educaci\u00f3n que permitiera evitar los conflictos o solucionarlos de manera pacifica, fomentando el conocimiento de los dem\u00e1s, de sus culturas y espiritualidad?<\/p>\n<p style=\"text-align: justify;\">La idea de ense\u00f1ar la no-violencia en la escuela es loable, aunque solo sea un instrumento entre varios para combatir los prejuicios que llevan al enfrentamiento. Es una tarea ardua, ya que, como es natural, los seres humanos tienden a valorar en exceso sus cualidades y las del grupo al que pertenecen y a alimentar prejuicios desfavorables hacia los dem\u00e1s. La actual atm\u00f3sfera competitiva imp\u00e9rate en la actividad econ\u00f3mica de cada naci\u00f3n y, sobre todo a nivel internacional, tiende adem\u00e1s a privilegiar el esp\u00edritu de competencia y el \u00e9xito individual. De hacho, esa competencia da lugar a una guerra econ\u00f3mica despiadada y provoca tensiones entre los poseedores y los despose\u00eddos que fracturan las naciones y el mundo y exacerban las rivalidades hist\u00f3ricas. Es de lamentar que, a veces, a la educaci\u00f3n contribuya a mantener ese clima al interpretar de manera err\u00f3nea la idea de emulaci\u00f3n.<\/p>\n<p style=\"text-align: justify;\">\u00bfC\u00f3mo mejorar esta situaci\u00f3n? La experiencia demuestra que, para disminuir ese riesgo, no basta con organizar el contacto y la comunicaci\u00f3n entre miembros de grupos diferentes (por ejemplo, en escuelas a las que concurran ni\u00f1os de varias etnias o religiones).<\/p>\n<p style=\"text-align: justify;\">Por el contrario, si esos grupos compiten unos con otros o no est\u00e1n en una situaci\u00f3n equitativa en el espacio com\u00fan, este tipo de contacto puede agravar las tensiones latentes y degenerar en conflictos. En cambio, si la relaci\u00f3n se establece en un contexto de igualdad y se formulan objetivos y proyectos comunes, los prejuicios y la hostilidad subyacente pueden dar lugar a una cooperaci\u00f3n m\u00e1s serena e, incluso, a la amistad.<\/p>\n<p style=\"text-align: justify;\">Parecer\u00eda entonces adecuado dar a la educaci\u00f3n dos orientaciones complementarias. En el primer nivel, el descubrimiento gradual del otro. En el segundo, y durante toda la vida, la participaci\u00f3n en proyectos comunes, un m\u00e9todo quiz\u00e1 eficaz para evitar o resolver los conflictos latentes.<\/p>\n<p style=\"text-align: justify;\"><strong>El descubrimiento del otro<\/strong><\/p>\n<p style=\"text-align: justify;\">La educaci\u00f3n tiene una doble misi\u00f3n: ense\u00f1ar la diversidad de la especie humana y contribuir a una toma de coincidencia de las semejanzas y la interdependencia entre todos los seres humanos. Desde la primera infancia, la escuela debe, pues, aprovechar todas las oportunidades que se presenten para esa doble ense\u00f1anza. Algunas disciplinas se prestan particularmente a hacerlo, como la geograf\u00eda humana desde la ense\u00f1anza primaria y, m\u00e1s tarde, los idiomas extranjeros.<\/p>\n<p style=\"text-align: justify;\">El descubrimiento del otro pasa forzosamente por el descubrimiento de uno mismo; por consiguiente, para desarrollar en el ni\u00f1o y el adolescente una visi\u00f3n cabal del mundo la educaci\u00f3n, tanto si la imparte la familia como si la imparte la comunidad o la escuela, primero debe hacerle descubrir quien es. Solo entonces podr\u00e1 realmente ponerse en el lugar de los dem\u00e1s y comprender sus reacciones. El fomento de esta actitud de empat\u00eda en la escuela era fecundo para los comportamientos sociales a lo largo de la vida. As\u00ed, por ejemplo si se ense\u00f1a a los j\u00f3venes adoptar el punto de vista de otros grupos \u00e9tnicos o religiosos, se pueden editar incomprensiones generadoras del odio y violencia en los adultos. As\u00ed pues, la ense\u00f1anza de la historia de las religiones o de los usos y costumbre puede servir de \u00fatil referencia para futuros comportamientos 3 por ultimo, la forma misma de la ense\u00f1anza no debe oponerse a este reconocimiento del otro. Los profesores que, a fuerza de dogmatismo, destruyen la curiosidad o el esp\u00edritu cr\u00edtico en lugar de despertarlos en sus alumnos, pueden ser m\u00e1s perjudiciales que ben\u00e9ficos. Al olvidar que son modelos para los j\u00f3venes, su actitud puede atentar de manera permanente contra la capacidad de sus alumnos de aceptar la alteridad y hacer frente a las inevitables tensiones entres seres humanos, grupos y naciones. El enfrentamiento, mediante el dialogo y el intercambio de argumentos, ser\u00e1 unos de los instrumento necesarios de la educaci\u00f3n del siglo XXI.<\/p>\n<p style=\"text-align: justify;\"><strong>Tender hacia objetivos comunes<\/strong><\/p>\n<p style=\"text-align: justify;\">Cuando se trabaja mancomunadamente en proyectos motivadores que permiten escapar a la rutina, disminuyen y a veces hasta desaparecen las diferencias e incluso los conflictos entre los individuos. Esos proyectos que permiten superar los h\u00e1bitos individuales y valoran los puntos de convergencia por encima de los aspectos que se paran, dan origen a un nuevo modo de identificaci\u00f3n. Por ejemplo, gracias a la practica del deporte, \u00a1cuantas tensiones entre clases sociales o nacionalidades han acabado por transformarse en solidaridad, a trav\u00e9s de la pugna y la felicidad del esfuerzo com\u00fan\u00a1. As\u00ed mismo, en el trabajo,\u00a0 \u00a1cuantas realizaciones podr\u00edan no haberse concretado si los conflictos habituales de las organizaciones jerarquizadas no hubieran sido superados por un proyecto de todos\u00a1. En consecuencia, en sus programas la educaci\u00f3n escolar debe reservar tiempo y ocasiones suficientes para iniciar desde muy temprano a los j\u00f3venes en proyectos cooperativos, en el marco de actividades deportivas y culturales y mediante su participaci\u00f3n en actividades sociales: renovaci\u00f3n de barrios, ayuda a los mas desfavorecidos, acci\u00f3n humanitaria servicio de solidaridad entre las generaciones, etc\u00e9tera. Las dem\u00e1s organizaciones educativas y las asociaciones deben tomar el relevo de la escuela en estas actividades. Adem\u00e1s, en la practica escolar cotidiana, la participaci\u00f3n de lo profesores y\u00a0 alumnos en proyectos comunes pueden engendrar el aprendizaje de un m\u00e9todo de soluci\u00f3n de conflictos y ser una referencia para la vida futura de los j\u00f3venes, enriqueciendo al mismo tiempo la relaci\u00f3n entre educadores y educandos.<\/p>\n<h5 style=\"text-align: justify;\">4. \u00e5Aprender a ser<\/h5>\n<p style=\"text-align: justify;\">Desde su primera reuni\u00f3n, la comisi\u00f3n ha reafirmado en\u00e9rgicamente un principio fundamental: la educaci\u00f3n debe contribuir al desarrollo global de cada persona: cuerpo y mente, inteligencia, sensibilidad, sentido est\u00e9tico, responsabilidad individual, espiritualidad. Todos los seres humanos deben estar en condiciones, en particular gracias a la educaci\u00f3n recibida en su juventud, de dotarse de un pensamiento aut\u00f3nomo y cr\u00edtico y de elaborar un juicio propio, para determinar por s\u00ed mismos qu\u00e9 deben hacer en las diferentes circunstancias de la vida.<\/p>\n<p style=\"text-align: justify;\">El informe aprende a hacer (1972) manifestaba en su pre\u00e1mbulo el temor a una deshumanizaci\u00f3n del mundo vinculada a la evoluci\u00f3n tecnol\u00f3gica.<a href=\"#_ftn3\" name=\"_ftnref3\"><sup>[3]<\/sup><\/a>. La evoluci\u00f3n general de las sociedades desde entonces y, entre otras cosas, el formidable poder adquirido por los medios de comunicaci\u00f3n masiva, ha agudizado ese temor y dado m\u00e1s legitimidad a la advertencia que suscit\u00f3. Posiblemente, en el siglo XXI amplificar\u00e1 estos fen\u00f3menos, pero el problema ya no ser\u00e1 tanto preparar\u00a0 a los ni\u00f1os para vivir en una sociedad determinada sino, m{as bien, dotar a cada cual de fuerzas y puntos de referencia intelectuales permanentes que le permitan comprender el mundo que le rodea y comportarse como un elemento responsable y justo. M\u00e1s que nunca, la funci\u00f3n\u00a0 esencial de la educaci\u00f3n es conferir a todos los seres humanos la libertad de pensamiento, de juicio, de sentimientos y de imaginaci\u00f3n que necesitan para que sus talentos alcancen la plenitud y seguir siendo art\u00edfices, en la medida de lo posible, de su destino.<\/p>\n<p style=\"text-align: justify;\">Este imperativo no es solo de naturaleza individualista: la experiencia reciente demuestra que lo que pudiera parecer \u00fanicamente un modo de defensa del ser humano frente a un sistema alienante o percibido como hostil es tambi\u00e9n, a veces, la mejor oportunidad de progreso para las sociedades. La diversidad de personalidades, la autonom\u00eda y el esp\u00edritu de iniciativa, incluso el gusto por la provocaci\u00f3n son garantes de la creatividad y la innovaci\u00f3n. Para disminuir la violencia o luchar contra los distintos flagelos que afectan a la sociedad, m\u00e9todos in\u00e9ditos derivados de experiencias sobre el terreno, han dado prueba de su eficacia.<\/p>\n<p style=\"text-align: justify;\">En un mundo en permanente cambio uno de cuyos motores principales parece ser la innovaci\u00f3n tanto social como econ\u00f3mica, hay que conceder un lugar especial a la imaginaci\u00f3n y a la creatividad; manifestaciones por excelencia de la libertad humana, pueden verse amenazadas por cierta normalizaci\u00f3n\u00a0 de la conducta individual. El siglo XXI necesitar\u00e1 muy diversos talentos y personalidades, adem\u00e1s de individuos excepcionales, tambi\u00e9n esenciales en toda civilizaci\u00f3n. Por ello, habr\u00e1 que ofrecer a ni\u00f1os y j\u00f3venes todas las oportunidades posibles de descubrimiento y experimentaci\u00f3n est\u00e9tica, art\u00edstica, deportiva, cient\u00edfica, cultural y social que completaran la presentaci\u00f3n atractiva de lo que en esos \u00e1mbitos hayan creado las generaciones anteriores o sus contempor\u00e1neos. En la escuela, el arte y la poes\u00eda deber\u00edan recuperar un lugar m\u00e1s importante que el que les concede, en muchos pa\u00edses, una ense\u00f1anza interesada en lo utilitario m\u00e1s que en lo cultural. El af\u00e1n de fomentar la imaginaci\u00f3n y la creatividad deber\u00eda tambi\u00e9n llevar a revalorar la cultura oral y los conocimientos extra\u00eddos de la experiencia del ni\u00f1o o del adulto.<\/p>\n<p style=\"text-align: justify;\">As\u00ed pues, la Comisi\u00f3n hace plenamente suyo el postulado del informe aprender a ser \u201c&#8230; El desarrollo tiene por objeto el despliegue completo del hombre en toda su riqueza y en la complejidad de sus expresiones y de sus compromisos; individuo, miembro de una familia y de su colectividad, ciudadano y productor, inventor de t\u00e9cnicas y creador de sue\u00f1os\u201d. Este desarrollo del ser humano, que va del nacimiento al fin de la vida, es un proceso dial\u00e9ctico que comienza por el conocimiento de s\u00ed mismo y se abre despu\u00e9s a las relaciones con los dem\u00e1s. En este sentido, la educaci\u00f3n es ante todo un viaje interior cuyas etapas corresponden a las de la maduraci\u00f3n, constante de la personalidad. En el caso de una experiencia profesional positiva, la educaci\u00f3n, como medio para alcanzar esa realizaci\u00f3n, es, pues, a la vez un proceso extremadamente individualizado y una estructuraci\u00f3n social interactiva.<\/p>\n<p style=\"text-align: justify;\">Huelga decir que los cuatro pilares de la educaci\u00f3n que acabamos de describir no pueden limitarse a una etapa de la vida o a un solo lugar. Como veremos en el capitulo siguiente, es necesario replantear los tiempos y los \u00e1mbitos de la educaci\u00f3n, y que se complementen e imbriquen entre si, a fin de que cada persona, durante toda su vida, pueda aprovechar al m\u00e1ximo un contexto educativo e constante enriquecimiento.<\/p>\n<h5 style=\"text-align: justify;\">Pistas y recomendaciones<\/h5>\n<ul style=\"text-align: justify;\">\n<li>La educaci\u00f3n a lo largo de la vida se basa en cuatro pilares: aprender a conocer, aprender a hacer, aprender a vivir juntos, aprender a ser.<\/li>\n<li>Aprender a conocer, combinando una cultura general suficientemente amplia con la posibilidad de profundizar los conocimientos en un peque\u00f1o n\u00famero de materias. Lo que supone adem\u00e1s: aprender a aprender para poder aprovechar las posibilidades que ofrece la educaci\u00f3n a lo largo de la vida.<\/li>\n<li>Aprender a hacer a fin de adquirir no s\u00f3lo una calificaci\u00f3n profesional, m\u00e1s generalmente una competencia que capacite al individuo para hacer frente a gran n\u00famero de situaciones y a trabajar en equipo. Pero, tambi\u00e9n, aprender a hacer en el marco de las distintas experiencias sociales o de trabajo que se ofrecen a los j\u00f3venes y adolescentes bien espont\u00e1neamente a causa del contexto social o nacional, bien formalmente gracias al desarrollo de la ense\u00f1anza por alternancia.<\/li>\n<li>Aprender a vivir juntos desarrollando la comprensi\u00f3n del otro y la percepci\u00f3n de las formas de interdependencia realizar proyectos comunes y prepararse para tratar los conflictos respetando los valores de pluralismo, comprensi\u00f3n mutua y paz.<\/li>\n<li>Aprender hacer para que florezca mejor la propia personalidad y se est\u00e9 en condiciones de obrar con creciente capacidad de autonom\u00eda, de juicio y de responsabilidad personal. Con tal fin, no menos preciar en la educaci\u00f3n ninguna de las posibilidades de cada individuo: memoria, razonamiento, sentido est\u00e9tico, capacidades f\u00edsicas, aptitudes para comunicar&#8230; Mientras los sistemas educativos formales propenden a dar prioridad a la adquisici\u00f3n de conocimientos, en detrimento de otras formas de aprendizaje, importa concebir la educaci\u00f3n como un todo. En esa concepci\u00f3n deben buscar inspiraci\u00f3n y orientaci\u00f3n las reformas educativas, en la elaboraci\u00f3n de los programas y en la definici\u00f3n de nuevas pol\u00edticas pedag\u00f3gicas.<\/li>\n<\/ul>\n<p style=\"text-align: justify;\"><a href=\"#_ftnref1\" name=\"_ftn1\">[1]<\/a> Informe de la tercera reuni\u00f3n de comisi\u00f3n par\u00eds, 12-15 de enero de 1994<\/p>\n<p style=\"text-align: justify;\"><a href=\"#_ftnref2\" name=\"_ftn2\">[2]<\/a> V\u00e9ase Lurent Schwartz \u201c L\u2019enseignement scientifique\u201d, en Institut de France, Reflexions sur L\u2019enseignement, Paria, Flammarion, 1993.<\/p>\n<p style=\"text-align: justify;\"><a href=\"#_ftnref3\" name=\"_ftn3\">[3]<\/a> \u201c&#8230; el riesgo de alimentaci\u00f3n de su\u00a0 personalidad, impl\u00edcito en las formas obsesivas de la propaganda y de la publicidad, en el conformismo de los comportamientos que pueden ser impuestos desde el exterior, en detrimento de las necesidades autenticas y de la identidad intelectual y afectiva de cada cual. \u201criesgo de expulsi\u00f3n, por las maquinas, del mundo laboral donde tenia al menos la impresi\u00f3n de moverse libremente y determinarse a su arbitrio\u201d. Aprender a ser, informe de la Comisi\u00f3n Internacional para el desarrollo de la Educaci\u00f3n, UNESCO- Alianza Editorial, Madrid, 1987,p\u00e1g. 31<\/p>\n<p style=\"text-align: center;\">Recomendamos a la Comunidad Educativa Digital tener en cuenta que, el enlace y\/o la carpeta en donde est\u00e1n alojados los libros, recursos y\/o materiales, no es administrado por la Web del Maestro CMF, pueda ser que en cuesti\u00f3n de d\u00edas (o seg\u00fan el tiempo transcurrido desde su publicaci\u00f3n), los enlaces no funcionen y el material ya no se encuentre disponible. Gracias por su comprensi\u00f3n.<\/p>\n<h3>ENLACE DE LECTURA:<\/h3>\n<p style=\"text-align: center;\">comparte y as\u00ed m\u00e1s docentes utilizaron estos recursos gratis! Muchas gracias.<\/p>\n<p style=\"text-align: center;\"><a href=\"https:\/\/www.uv.mx\/dgdaie\/files\/2012\/11\/CPP-DC-Delors-Los-cuatro-pilares.pdf\" target=\"_blank\" rel=\"noopener\">CUATRO PILARES DE LA EDUCACI\u00d3N<\/a><\/p>\n\t\t<div class=\"pk-inline-posts\">\n\t\t\t\n\t\t\t<div class=\"pk-inline-posts-container pk-inline-posts-template-list\"\n\t\t\t\tdata-columns=\"1\">\n\t\t\t\t\t\t<article id=\"post-95551\" class=\"post-95551 post type-post status-publish format-standard has-post-thumbnail category-deficit-de-atencion category-descargas-manuales-pdf category-pedagogia tag-actividades-al-aire-libre tag-actividades-en-casa tag-actividades-escolares tag-ambiente-de-aprendizaje tag-atencion tag-atencion-plena tag-comprension-lectora tag-concentracion tag-desarrollo-cognitivo tag-educacion tag-ejercicios-de-atencion tag-ejercicios-de-respiracion tag-estrategias-educativas tag-habilidades-de-atencio tag-herramientas-visuales tag-juegos-de-atencion tag-juegos-de-mesa tag-lectura-conjunta tag-limitar-tiempo-de-pantalla tag-mindfulness tag-ninos-distraidos tag-organizacion tag-pausas-activas tag-rompecabezas tag-rutinas tag-tareas-domesticas tag-tdah tag-tecnicas-de-concentracion tag-tiempo-de-silencio cs-entry cs-video-wrap\">\n\t\t\t<div class=\"pk-post-outer\">\n\n\t\t\t\t\t\t\t\t<div class=\"pk-post-inner\">\n\t\t\t\t\t<div class=\"entry-thumbnail\">\n\t\t\t\t\t\t<div class=\"pk-overlay pk-overlay-ratio pk-ratio-landscape\">\n\t\t\t\t\t\t\t<div class=\"pk-overlay-background\">\n\t\t\t\t\t\t\t\t<a href=\"https:\/\/webdelmaestrocmf.com\/portal\/como-educar-a-ninos-distraidos-o-despistados-que-se-puede-hacer-en-clase\/\" class=\"pk-overlay-link\">\n\t\t\t\t\t\t\t\t\t<img loading=\"lazy\" decoding=\"async\" width=\"300\" height=\"225\" src=\"https:\/\/webdelmaestrocmf.com\/portal\/wp-content\/uploads\/2023\/09\/1A-Banner-1-portada-imagen-10-1-copia-1-300x225.jpg\" class=\"attachment-pk-thumbnail size-pk-thumbnail wp-post-image\" alt=\"\" \/>\t\t\t\t\t\t\t\t<\/a>\n\t\t\t\t\t\t\t<\/div>\n\t\t\t\t\t\t<\/div>\n\t\t\t\t\t<\/div>\n\t\t\t\t<\/div>\n\t\t\t\t\n\t\t\t\t<div class=\"pk-post-inner\">\n\t\t\t\t\t<header>\n\t\t\t\t\t\t<h3 class=\"pk-title\"><a href=\"https:\/\/webdelmaestrocmf.com\/portal\/como-educar-a-ninos-distraidos-o-despistados-que-se-puede-hacer-en-clase\/\" rel=\"bookmark\">C\u00f3mo educar a ni\u00f1os distra\u00eddos o despistados. \u00bfQu\u00e9 se puede hacer en clase? Descarga las 80 actividades para trabajar la atenci\u00f3n en clases<\/a><\/h3>\t\t\t\t\t<\/header><!-- .entry-header -->\n\t\t\t\t<\/div><!-- .post-inner -->\n\n\t\t\t<\/div><!-- .post-outer -->\n\t\t<\/article>\n\t\t\t<article id=\"post-20592\" class=\"post-20592 post type-post status-publish format-standard has-post-thumbnail category-descarga category-descargas-manuales-pdf category-estres category-pedagogia tag-docentes tag-educadores tag-guia tag-mindfulness tag-practica cs-entry cs-video-wrap\">\n\t\t\t<div class=\"pk-post-outer\">\n\n\t\t\t\t\t\t\t\t<div class=\"pk-post-inner\">\n\t\t\t\t\t<div class=\"entry-thumbnail\">\n\t\t\t\t\t\t<div class=\"pk-overlay pk-overlay-ratio pk-ratio-landscape\">\n\t\t\t\t\t\t\t<div class=\"pk-overlay-background\">\n\t\t\t\t\t\t\t\t<a href=\"https:\/\/webdelmaestrocmf.com\/portal\/mindfulness-guia-practica-docentes-educadores\/\" class=\"pk-overlay-link\">\n\t\t\t\t\t\t\t\t\t<img loading=\"lazy\" decoding=\"async\" width=\"300\" height=\"225\" src=\"https:\/\/webdelmaestrocmf.com\/portal\/wp-content\/uploads\/2020\/03\/1AA-Banner-1-portada-imagen-10-1-copia-4-300x225.webp\" class=\"attachment-pk-thumbnail size-pk-thumbnail wp-post-image\" alt=\"\" \/>\t\t\t\t\t\t\t\t<\/a>\n\t\t\t\t\t\t\t<\/div>\n\t\t\t\t\t\t<\/div>\n\t\t\t\t\t<\/div>\n\t\t\t\t<\/div>\n\t\t\t\t\n\t\t\t\t<div class=\"pk-post-inner\">\n\t\t\t\t\t<header>\n\t\t\t\t\t\t<h3 class=\"pk-title\"><a href=\"https:\/\/webdelmaestrocmf.com\/portal\/mindfulness-guia-practica-docentes-educadores\/\" rel=\"bookmark\">Mindfulness: Gu\u00eda pr\u00e1ctica para docentes y educadores<\/a><\/h3>\t\t\t\t\t<\/header><!-- .entry-header -->\n\t\t\t\t<\/div><!-- .post-inner -->\n\n\t\t\t<\/div><!-- .post-outer -->\n\t\t<\/article>\n\t\t\t<article id=\"post-93337\" class=\"post-93337 post type-post status-publish format-standard has-post-thumbnail category-descargas-manuales-pdf category-pedagogia tag-adaptabilidad-educativa tag-alumnos tag-ambiente-familiar tag-analisis-de-datos tag-apoyo-emocional tag-apoyo-integral tag-aprendizaje-centrado-en-el-estudiante tag-circulo-familiar tag-colaboracion-escolar tag-comunicacion-abierta tag-comunicacion-con-padres tag-comunicacion-educativa tag-comunicacion-sensible tag-conectividad-estudiantil tag-datos-de-estudiantes tag-datos-educativos tag-desarrollo-estudiantil tag-desarrollo-psicologico tag-entorno-de-aprendizaje tag-entrevista tag-entrevista-a-padres-de-familia tag-estrategias-de-mejora tag-estrategias-pedagogicas tag-evaluacion-formativa tag-expectativas-educativas tag-familia tag-ficha-de-entrevista tag-padres tag-personalizacion-curricular tag-personalizacion-del-aprendizaje tag-planificacion-educativa tag-recursos-educativos tag-relacion-escuela-hogar tag-rendimiento-academico cs-entry cs-video-wrap\">\n\t\t\t<div class=\"pk-post-outer\">\n\n\t\t\t\t\t\t\t\t<div class=\"pk-post-inner\">\n\t\t\t\t\t<div class=\"entry-thumbnail\">\n\t\t\t\t\t\t<div class=\"pk-overlay pk-overlay-ratio pk-ratio-landscape\">\n\t\t\t\t\t\t\t<div class=\"pk-overlay-background\">\n\t\t\t\t\t\t\t\t<a href=\"https:\/\/webdelmaestrocmf.com\/portal\/entrevista-a-padres-de-familia-y-alumnos\/\" class=\"pk-overlay-link\">\n\t\t\t\t\t\t\t\t\t<img loading=\"lazy\" decoding=\"async\" width=\"300\" height=\"225\" src=\"https:\/\/webdelmaestrocmf.com\/portal\/wp-content\/uploads\/2023\/08\/1AA-Banner-1-portada-imagen-10-1-copia-1-300x225.webp\" class=\"attachment-pk-thumbnail size-pk-thumbnail wp-post-image\" alt=\"\" \/>\t\t\t\t\t\t\t\t<\/a>\n\t\t\t\t\t\t\t<\/div>\n\t\t\t\t\t\t<\/div>\n\t\t\t\t\t<\/div>\n\t\t\t\t<\/div>\n\t\t\t\t\n\t\t\t\t<div class=\"pk-post-inner\">\n\t\t\t\t\t<header>\n\t\t\t\t\t\t<h3 class=\"pk-title\"><a href=\"https:\/\/webdelmaestrocmf.com\/portal\/entrevista-a-padres-de-familia-y-alumnos\/\" rel=\"bookmark\">Entrevista a padres de familia y alumnos<\/a><\/h3>\t\t\t\t\t<\/header><!-- .entry-header -->\n\t\t\t\t<\/div><!-- .post-inner -->\n\n\t\t\t<\/div><!-- .post-outer -->\n\t\t<\/article>\n\t\t\t\t<\/div>\n\t\t<\/div>\n\t\t\n","protected":false},"excerpt":{"rendered":"El siglo XXI, que ofrecer\u00e1 recursos sin precedentes tanto a la circulaci\u00f3n y al almacenamiento de informaciones como&hellip;","protected":false},"author":1,"featured_media":106442,"comment_status":"open","ping_status":"closed","sticky":false,"template":"","format":"standard","meta":{"csco_display_header_overlay":false,"csco_singular_sidebar":"default","csco_page_header_type":"default","csco_page_load_nextpost":"default","csco_post_video_location":[],"csco_post_video_location_hash":"","csco_post_video_url":"","csco_post_video_bg_start_time":0,"csco_post_video_bg_end_time":0,"csco_post_video_bg_volume":false,"_jetpack_memberships_contains_paid_content":false,"footnotes":""},"categories":[2004,735],"tags":[1988,55,1989],"class_list":{"0":"post-66576","1":"post","2":"type-post","3":"status-publish","4":"format-standard","5":"has-post-thumbnail","7":"category-descargas-manuales-pdf","8":"category-pedagogia","9":"tag-cuatro","10":"tag-educacion","11":"tag-pilares","12":"cs-entry","13":"cs-video-wrap"},"yoast_head":"<!-- This site is optimized with the Yoast SEO plugin v27.4 - https:\/\/yoast.com\/product\/yoast-seo-wordpress\/ -->\n<title>Los cuatro pilares de la educaci\u00f3n - 2026<\/title>\n<meta name=\"description\" content=\"El siglo XXI, que ofrecer\u00e1 recursos sin precedentes tanto a la circulaci\u00f3n y al almacenamiento de informaciones como a la...\" \/>\n<meta name=\"robots\" content=\"index, follow, max-snippet:-1, max-image-preview:large, max-video-preview:-1\" \/>\n<link rel=\"canonical\" href=\"https:\/\/webdelmaestrocmf.com\/portal\/los-cuatro-pilares-de-la-educacion\/\" \/>\n<meta property=\"og:locale\" content=\"es_ES\" \/>\n<meta property=\"og:type\" content=\"article\" \/>\n<meta property=\"og:title\" content=\"Los cuatro pilares de la educaci\u00f3n - 2026\" \/>\n<meta property=\"og:description\" content=\"El siglo XXI, que ofrecer\u00e1 recursos sin precedentes tanto a la circulaci\u00f3n y al almacenamiento de informaciones como a la...\" \/>\n<meta property=\"og:url\" content=\"https:\/\/webdelmaestrocmf.com\/portal\/los-cuatro-pilares-de-la-educacion\/\" \/>\n<meta property=\"og:site_name\" content=\"Web del Maestro CMF\" \/>\n<meta property=\"article:publisher\" content=\"https:\/\/www.facebook.com\/WebdelMaestroCMF\/\" \/>\n<meta property=\"article:author\" content=\"https:\/\/www.facebook.com\/WebdelMaestroCMF\/\" \/>\n<meta property=\"article:published_time\" content=\"2024-10-01T22:00:57+00:00\" \/>\n<meta property=\"article:modified_time\" content=\"2024-10-01T22:29:58+00:00\" \/>\n<meta property=\"og:image\" content=\"https:\/\/webdelmaestrocmf.com\/portal\/wp-content\/uploads\/2021\/08\/Banner-1-portada-imagen-10-1-6.jpg\" \/>\n\t<meta property=\"og:image:width\" content=\"1024\" \/>\n\t<meta property=\"og:image:height\" content=\"1024\" \/>\n\t<meta property=\"og:image:type\" content=\"image\/jpeg\" \/>\n<meta name=\"author\" content=\"Web del Maestro CMF\" \/>\n<meta name=\"twitter:card\" content=\"summary_large_image\" \/>\n<meta name=\"twitter:creator\" content=\"@cmf_w\" \/>\n<meta name=\"twitter:site\" content=\"@cmf_w\" \/>\n<meta name=\"twitter:label1\" content=\"Escrito por\" \/>\n\t<meta name=\"twitter:data1\" content=\"Web del Maestro CMF\" \/>\n\t<meta name=\"twitter:label2\" content=\"Tiempo de lectura\" \/>\n\t<meta name=\"twitter:data2\" content=\"24 minutos\" \/>\n<script type=\"application\/ld+json\" class=\"yoast-schema-graph\">{\"@context\":\"https:\\\/\\\/schema.org\",\"@graph\":[{\"@type\":\"ScholarlyArticle\",\"@id\":\"https:\\\/\\\/webdelmaestrocmf.com\\\/portal\\\/los-cuatro-pilares-de-la-educacion\\\/#article\",\"isPartOf\":{\"@id\":\"https:\\\/\\\/webdelmaestrocmf.com\\\/portal\\\/los-cuatro-pilares-de-la-educacion\\\/\"},\"author\":{\"name\":\"Web del Maestro CMF\",\"@id\":\"https:\\\/\\\/webdelmaestrocmf.com\\\/portal\\\/#\\\/schema\\\/person\\\/1072a2ed7bd960df8ef99a551fa35dc5\"},\"headline\":\"Los cuatro pilares de la educaci\u00f3n\",\"datePublished\":\"2024-10-01T22:00:57+00:00\",\"dateModified\":\"2024-10-01T22:29:58+00:00\",\"mainEntityOfPage\":{\"@id\":\"https:\\\/\\\/webdelmaestrocmf.com\\\/portal\\\/los-cuatro-pilares-de-la-educacion\\\/\"},\"wordCount\":5369,\"commentCount\":0,\"publisher\":{\"@id\":\"https:\\\/\\\/webdelmaestrocmf.com\\\/portal\\\/#organization\"},\"image\":{\"@id\":\"https:\\\/\\\/webdelmaestrocmf.com\\\/portal\\\/los-cuatro-pilares-de-la-educacion\\\/#primaryimage\"},\"thumbnailUrl\":\"https:\\\/\\\/webdelmaestrocmf.com\\\/portal\\\/wp-content\\\/uploads\\\/2021\\\/08\\\/Banner-1-portada-imagen-10-1-6.jpg\",\"keywords\":[\"CUATRO\",\"EDUCACI\u00d3N\",\"PILARES\"],\"articleSection\":[\"Descargas Manuales PDF\",\"Recursos\"],\"inLanguage\":\"es\",\"potentialAction\":[{\"@type\":\"CommentAction\",\"name\":\"Comment\",\"target\":[\"https:\\\/\\\/webdelmaestrocmf.com\\\/portal\\\/los-cuatro-pilares-de-la-educacion\\\/#respond\"]}]},{\"@type\":\"WebPage\",\"@id\":\"https:\\\/\\\/webdelmaestrocmf.com\\\/portal\\\/los-cuatro-pilares-de-la-educacion\\\/\",\"url\":\"https:\\\/\\\/webdelmaestrocmf.com\\\/portal\\\/los-cuatro-pilares-de-la-educacion\\\/\",\"name\":\"Los cuatro pilares de la educaci\u00f3n - 2026\",\"isPartOf\":{\"@id\":\"https:\\\/\\\/webdelmaestrocmf.com\\\/portal\\\/#website\"},\"primaryImageOfPage\":{\"@id\":\"https:\\\/\\\/webdelmaestrocmf.com\\\/portal\\\/los-cuatro-pilares-de-la-educacion\\\/#primaryimage\"},\"image\":{\"@id\":\"https:\\\/\\\/webdelmaestrocmf.com\\\/portal\\\/los-cuatro-pilares-de-la-educacion\\\/#primaryimage\"},\"thumbnailUrl\":\"https:\\\/\\\/webdelmaestrocmf.com\\\/portal\\\/wp-content\\\/uploads\\\/2021\\\/08\\\/Banner-1-portada-imagen-10-1-6.jpg\",\"datePublished\":\"2024-10-01T22:00:57+00:00\",\"dateModified\":\"2024-10-01T22:29:58+00:00\",\"description\":\"El siglo XXI, que ofrecer\u00e1 recursos sin precedentes tanto a la circulaci\u00f3n y al almacenamiento de informaciones como a la...\",\"breadcrumb\":{\"@id\":\"https:\\\/\\\/webdelmaestrocmf.com\\\/portal\\\/los-cuatro-pilares-de-la-educacion\\\/#breadcrumb\"},\"inLanguage\":\"es\",\"potentialAction\":[{\"@type\":\"ReadAction\",\"target\":[\"https:\\\/\\\/webdelmaestrocmf.com\\\/portal\\\/los-cuatro-pilares-de-la-educacion\\\/\"]}]},{\"@type\":\"ImageObject\",\"inLanguage\":\"es\",\"@id\":\"https:\\\/\\\/webdelmaestrocmf.com\\\/portal\\\/los-cuatro-pilares-de-la-educacion\\\/#primaryimage\",\"url\":\"https:\\\/\\\/webdelmaestrocmf.com\\\/portal\\\/wp-content\\\/uploads\\\/2021\\\/08\\\/Banner-1-portada-imagen-10-1-6.jpg\",\"contentUrl\":\"https:\\\/\\\/webdelmaestrocmf.com\\\/portal\\\/wp-content\\\/uploads\\\/2021\\\/08\\\/Banner-1-portada-imagen-10-1-6.jpg\",\"width\":1024,\"height\":1024},{\"@type\":\"BreadcrumbList\",\"@id\":\"https:\\\/\\\/webdelmaestrocmf.com\\\/portal\\\/los-cuatro-pilares-de-la-educacion\\\/#breadcrumb\",\"itemListElement\":[{\"@type\":\"ListItem\",\"position\":1,\"name\":\"Portada\",\"item\":\"https:\\\/\\\/webdelmaestrocmf.com\\\/portal\\\/\"},{\"@type\":\"ListItem\",\"position\":2,\"name\":\"Recursos\",\"item\":\"https:\\\/\\\/webdelmaestrocmf.com\\\/portal\\\/category\\\/pedagogia\\\/\"},{\"@type\":\"ListItem\",\"position\":3,\"name\":\"Los cuatro pilares de la educaci\u00f3n\"}]},{\"@type\":\"WebSite\",\"@id\":\"https:\\\/\\\/webdelmaestrocmf.com\\\/portal\\\/#website\",\"url\":\"https:\\\/\\\/webdelmaestrocmf.com\\\/portal\\\/\",\"name\":\"Web del Maestro CMF\",\"description\":\"Maestros al servicio de la educaci\u00f3n\",\"publisher\":{\"@id\":\"https:\\\/\\\/webdelmaestrocmf.com\\\/portal\\\/#organization\"},\"alternateName\":\"WMCMF\",\"potentialAction\":[{\"@type\":\"SearchAction\",\"target\":{\"@type\":\"EntryPoint\",\"urlTemplate\":\"https:\\\/\\\/webdelmaestrocmf.com\\\/portal\\\/?s={search_term_string}\"},\"query-input\":{\"@type\":\"PropertyValueSpecification\",\"valueRequired\":true,\"valueName\":\"search_term_string\"}}],\"inLanguage\":\"es\"},{\"@type\":\"Organization\",\"@id\":\"https:\\\/\\\/webdelmaestrocmf.com\\\/portal\\\/#organization\",\"name\":\"Web del Maestro CMF\",\"alternateName\":\"WMCMF\",\"url\":\"https:\\\/\\\/webdelmaestrocmf.com\\\/portal\\\/\",\"logo\":{\"@type\":\"ImageObject\",\"inLanguage\":\"es\",\"@id\":\"https:\\\/\\\/webdelmaestrocmf.com\\\/portal\\\/#\\\/schema\\\/logo\\\/image\\\/\",\"url\":\"https:\\\/\\\/webdelmaestrocmf.com\\\/portal\\\/wp-content\\\/uploads\\\/2023\\\/01\\\/logo-wmcmf-2.png\",\"contentUrl\":\"https:\\\/\\\/webdelmaestrocmf.com\\\/portal\\\/wp-content\\\/uploads\\\/2023\\\/01\\\/logo-wmcmf-2.png\",\"width\":200,\"height\":60,\"caption\":\"Web del Maestro CMF\"},\"image\":{\"@id\":\"https:\\\/\\\/webdelmaestrocmf.com\\\/portal\\\/#\\\/schema\\\/logo\\\/image\\\/\"},\"sameAs\":[\"https:\\\/\\\/www.facebook.com\\\/WebdelMaestroCMF\\\/\",\"https:\\\/\\\/x.com\\\/cmf_w\",\"https:\\\/\\\/www.pinterest.com\\\/WMCMF\\\/\",\"https:\\\/\\\/www.linkedin.com\\\/company\\\/web-del-maestro-cmf\\\/\",\"https:\\\/\\\/www.instagram.com\\\/wmcmf\\\/\",\"https:\\\/\\\/www.youtube.com\\\/channel\\\/UCDPSvjbdodE5sHnC3OxutHw\",\"https:\\\/\\\/mastodon.social\\\/@wmcmf\",\"https:\\\/\\\/www.tiktok.com\\\/@webdelmaestrocmf\"]},{\"@type\":\"Person\",\"@id\":\"https:\\\/\\\/webdelmaestrocmf.com\\\/portal\\\/#\\\/schema\\\/person\\\/1072a2ed7bd960df8ef99a551fa35dc5\",\"name\":\"Web del Maestro CMF\",\"image\":{\"@type\":\"ImageObject\",\"inLanguage\":\"es\",\"@id\":\"https:\\\/\\\/secure.gravatar.com\\\/avatar\\\/23291dd5b5ae1077dcff3dbb04c3e02bd28403fa75af6d8787d5e97c5bbbe30b?s=96&d=mm&r=g\",\"url\":\"https:\\\/\\\/secure.gravatar.com\\\/avatar\\\/23291dd5b5ae1077dcff3dbb04c3e02bd28403fa75af6d8787d5e97c5bbbe30b?s=96&d=mm&r=g\",\"contentUrl\":\"https:\\\/\\\/secure.gravatar.com\\\/avatar\\\/23291dd5b5ae1077dcff3dbb04c3e02bd28403fa75af6d8787d5e97c5bbbe30b?s=96&d=mm&r=g\",\"caption\":\"Web del Maestro CMF\"},\"description\":\"Esta Web se cre\u00f3 sin fines de lucro, con fines educativos, cient\u00edficos y acad\u00e9micos, para personas que tengan dificultades y\\\/o inconvenientes en visualizar el material original. El objetivo es entregar recursos, compartir experiencias y materiales que ayuden a los padres de familia, maestros y estudiantes en su actualizaci\u00f3n y formaci\u00f3n permanente, en bien de la Educaci\u00f3n.\",\"sameAs\":[\"http:\\\/\\\/webdelmaestrocmf.com\\\/portal\",\"https:\\\/\\\/www.facebook.com\\\/WebdelMaestroCMF\\\/\",\"https:\\\/\\\/www.instagram.com\\\/wmcmf\\\/\",\"https:\\\/\\\/cl.linkedin.com\\\/company\\\/web-del-maestro-cmf\",\"https:\\\/\\\/www.pinterest.com\\\/WMCMF\\\/publicaciones\\\/\",\"https:\\\/\\\/x.com\\\/cmf_w\",\"https:\\\/\\\/www.youtube.com\\\/@WMCMF\"]}]}<\/script>\n<!-- \/ Yoast SEO plugin. -->","yoast_head_json":{"title":"Los cuatro pilares de la educaci\u00f3n - 2026","description":"El siglo XXI, que ofrecer\u00e1 recursos sin precedentes tanto a la circulaci\u00f3n y al almacenamiento de informaciones como a la...","robots":{"index":"index","follow":"follow","max-snippet":"max-snippet:-1","max-image-preview":"max-image-preview:large","max-video-preview":"max-video-preview:-1"},"canonical":"https:\/\/webdelmaestrocmf.com\/portal\/los-cuatro-pilares-de-la-educacion\/","og_locale":"es_ES","og_type":"article","og_title":"Los cuatro pilares de la educaci\u00f3n - 2026","og_description":"El siglo XXI, que ofrecer\u00e1 recursos sin precedentes tanto a la circulaci\u00f3n y al almacenamiento de informaciones como a la...","og_url":"https:\/\/webdelmaestrocmf.com\/portal\/los-cuatro-pilares-de-la-educacion\/","og_site_name":"Web del Maestro CMF","article_publisher":"https:\/\/www.facebook.com\/WebdelMaestroCMF\/","article_author":"https:\/\/www.facebook.com\/WebdelMaestroCMF\/","article_published_time":"2024-10-01T22:00:57+00:00","article_modified_time":"2024-10-01T22:29:58+00:00","og_image":[{"width":1024,"height":1024,"url":"https:\/\/webdelmaestrocmf.com\/portal\/wp-content\/uploads\/2021\/08\/Banner-1-portada-imagen-10-1-6.jpg","type":"image\/jpeg"}],"author":"Web del Maestro CMF","twitter_card":"summary_large_image","twitter_creator":"@cmf_w","twitter_site":"@cmf_w","twitter_misc":{"Escrito por":"Web del Maestro CMF","Tiempo de lectura":"24 minutos"},"schema":{"@context":"https:\/\/schema.org","@graph":[{"@type":"ScholarlyArticle","@id":"https:\/\/webdelmaestrocmf.com\/portal\/los-cuatro-pilares-de-la-educacion\/#article","isPartOf":{"@id":"https:\/\/webdelmaestrocmf.com\/portal\/los-cuatro-pilares-de-la-educacion\/"},"author":{"name":"Web del Maestro CMF","@id":"https:\/\/webdelmaestrocmf.com\/portal\/#\/schema\/person\/1072a2ed7bd960df8ef99a551fa35dc5"},"headline":"Los cuatro pilares de la educaci\u00f3n","datePublished":"2024-10-01T22:00:57+00:00","dateModified":"2024-10-01T22:29:58+00:00","mainEntityOfPage":{"@id":"https:\/\/webdelmaestrocmf.com\/portal\/los-cuatro-pilares-de-la-educacion\/"},"wordCount":5369,"commentCount":0,"publisher":{"@id":"https:\/\/webdelmaestrocmf.com\/portal\/#organization"},"image":{"@id":"https:\/\/webdelmaestrocmf.com\/portal\/los-cuatro-pilares-de-la-educacion\/#primaryimage"},"thumbnailUrl":"https:\/\/webdelmaestrocmf.com\/portal\/wp-content\/uploads\/2021\/08\/Banner-1-portada-imagen-10-1-6.jpg","keywords":["CUATRO","EDUCACI\u00d3N","PILARES"],"articleSection":["Descargas Manuales PDF","Recursos"],"inLanguage":"es","potentialAction":[{"@type":"CommentAction","name":"Comment","target":["https:\/\/webdelmaestrocmf.com\/portal\/los-cuatro-pilares-de-la-educacion\/#respond"]}]},{"@type":"WebPage","@id":"https:\/\/webdelmaestrocmf.com\/portal\/los-cuatro-pilares-de-la-educacion\/","url":"https:\/\/webdelmaestrocmf.com\/portal\/los-cuatro-pilares-de-la-educacion\/","name":"Los cuatro pilares de la educaci\u00f3n - 2026","isPartOf":{"@id":"https:\/\/webdelmaestrocmf.com\/portal\/#website"},"primaryImageOfPage":{"@id":"https:\/\/webdelmaestrocmf.com\/portal\/los-cuatro-pilares-de-la-educacion\/#primaryimage"},"image":{"@id":"https:\/\/webdelmaestrocmf.com\/portal\/los-cuatro-pilares-de-la-educacion\/#primaryimage"},"thumbnailUrl":"https:\/\/webdelmaestrocmf.com\/portal\/wp-content\/uploads\/2021\/08\/Banner-1-portada-imagen-10-1-6.jpg","datePublished":"2024-10-01T22:00:57+00:00","dateModified":"2024-10-01T22:29:58+00:00","description":"El siglo XXI, que ofrecer\u00e1 recursos sin precedentes tanto a la circulaci\u00f3n y al almacenamiento de informaciones como a la...","breadcrumb":{"@id":"https:\/\/webdelmaestrocmf.com\/portal\/los-cuatro-pilares-de-la-educacion\/#breadcrumb"},"inLanguage":"es","potentialAction":[{"@type":"ReadAction","target":["https:\/\/webdelmaestrocmf.com\/portal\/los-cuatro-pilares-de-la-educacion\/"]}]},{"@type":"ImageObject","inLanguage":"es","@id":"https:\/\/webdelmaestrocmf.com\/portal\/los-cuatro-pilares-de-la-educacion\/#primaryimage","url":"https:\/\/webdelmaestrocmf.com\/portal\/wp-content\/uploads\/2021\/08\/Banner-1-portada-imagen-10-1-6.jpg","contentUrl":"https:\/\/webdelmaestrocmf.com\/portal\/wp-content\/uploads\/2021\/08\/Banner-1-portada-imagen-10-1-6.jpg","width":1024,"height":1024},{"@type":"BreadcrumbList","@id":"https:\/\/webdelmaestrocmf.com\/portal\/los-cuatro-pilares-de-la-educacion\/#breadcrumb","itemListElement":[{"@type":"ListItem","position":1,"name":"Portada","item":"https:\/\/webdelmaestrocmf.com\/portal\/"},{"@type":"ListItem","position":2,"name":"Recursos","item":"https:\/\/webdelmaestrocmf.com\/portal\/category\/pedagogia\/"},{"@type":"ListItem","position":3,"name":"Los cuatro pilares de la educaci\u00f3n"}]},{"@type":"WebSite","@id":"https:\/\/webdelmaestrocmf.com\/portal\/#website","url":"https:\/\/webdelmaestrocmf.com\/portal\/","name":"Web del Maestro CMF","description":"Maestros al servicio de la educaci\u00f3n","publisher":{"@id":"https:\/\/webdelmaestrocmf.com\/portal\/#organization"},"alternateName":"WMCMF","potentialAction":[{"@type":"SearchAction","target":{"@type":"EntryPoint","urlTemplate":"https:\/\/webdelmaestrocmf.com\/portal\/?s={search_term_string}"},"query-input":{"@type":"PropertyValueSpecification","valueRequired":true,"valueName":"search_term_string"}}],"inLanguage":"es"},{"@type":"Organization","@id":"https:\/\/webdelmaestrocmf.com\/portal\/#organization","name":"Web del Maestro CMF","alternateName":"WMCMF","url":"https:\/\/webdelmaestrocmf.com\/portal\/","logo":{"@type":"ImageObject","inLanguage":"es","@id":"https:\/\/webdelmaestrocmf.com\/portal\/#\/schema\/logo\/image\/","url":"https:\/\/webdelmaestrocmf.com\/portal\/wp-content\/uploads\/2023\/01\/logo-wmcmf-2.png","contentUrl":"https:\/\/webdelmaestrocmf.com\/portal\/wp-content\/uploads\/2023\/01\/logo-wmcmf-2.png","width":200,"height":60,"caption":"Web del Maestro CMF"},"image":{"@id":"https:\/\/webdelmaestrocmf.com\/portal\/#\/schema\/logo\/image\/"},"sameAs":["https:\/\/www.facebook.com\/WebdelMaestroCMF\/","https:\/\/x.com\/cmf_w","https:\/\/www.pinterest.com\/WMCMF\/","https:\/\/www.linkedin.com\/company\/web-del-maestro-cmf\/","https:\/\/www.instagram.com\/wmcmf\/","https:\/\/www.youtube.com\/channel\/UCDPSvjbdodE5sHnC3OxutHw","https:\/\/mastodon.social\/@wmcmf","https:\/\/www.tiktok.com\/@webdelmaestrocmf"]},{"@type":"Person","@id":"https:\/\/webdelmaestrocmf.com\/portal\/#\/schema\/person\/1072a2ed7bd960df8ef99a551fa35dc5","name":"Web del Maestro CMF","image":{"@type":"ImageObject","inLanguage":"es","@id":"https:\/\/secure.gravatar.com\/avatar\/23291dd5b5ae1077dcff3dbb04c3e02bd28403fa75af6d8787d5e97c5bbbe30b?s=96&d=mm&r=g","url":"https:\/\/secure.gravatar.com\/avatar\/23291dd5b5ae1077dcff3dbb04c3e02bd28403fa75af6d8787d5e97c5bbbe30b?s=96&d=mm&r=g","contentUrl":"https:\/\/secure.gravatar.com\/avatar\/23291dd5b5ae1077dcff3dbb04c3e02bd28403fa75af6d8787d5e97c5bbbe30b?s=96&d=mm&r=g","caption":"Web del Maestro CMF"},"description":"Esta Web se cre\u00f3 sin fines de lucro, con fines educativos, cient\u00edficos y acad\u00e9micos, para personas que tengan dificultades y\/o inconvenientes en visualizar el material original. El objetivo es entregar recursos, compartir experiencias y materiales que ayuden a los padres de familia, maestros y estudiantes en su actualizaci\u00f3n y formaci\u00f3n permanente, en bien de la Educaci\u00f3n.","sameAs":["http:\/\/webdelmaestrocmf.com\/portal","https:\/\/www.facebook.com\/WebdelMaestroCMF\/","https:\/\/www.instagram.com\/wmcmf\/","https:\/\/cl.linkedin.com\/company\/web-del-maestro-cmf","https:\/\/www.pinterest.com\/WMCMF\/publicaciones\/","https:\/\/x.com\/cmf_w","https:\/\/www.youtube.com\/@WMCMF"]}]}},"jetpack_featured_media_url":"https:\/\/webdelmaestrocmf.com\/portal\/wp-content\/uploads\/2021\/08\/Banner-1-portada-imagen-10-1-6.jpg","jetpack_sharing_enabled":true,"jetpack-related-posts":[{"id":16512,"url":"https:\/\/webdelmaestrocmf.com\/portal\/los-cuatro-pilares-de-la-educacion-inculcar-el-gusto-y-el-placer-de-aprender\/","url_meta":{"origin":66576,"position":0},"title":"Los cuatro pilares de la educacion: inculcar el gusto y el placer de aprender","author":"Web del Maestro CMF","date":"29 marzo, 2019","format":false,"excerpt":"Hay diversidad de opiniones sobre la cantidad y cualidad de los fundamentos o bases en que debe apoyarse la educaci\u00f3n. Una muy buena explicaci\u00f3n y s\u00edntesis sobre el planteamiento de Jacques Delors, en torno a cuatro aprendizajes fundamentales, que la UNESCO traz\u00f3 en el Informe Internacional sobre la Educaci\u00f3n del\u2026","rel":"","context":"En \u00abDocentes\u00bb","block_context":{"text":"Docentes","link":"https:\/\/webdelmaestrocmf.com\/portal\/category\/pedagogia\/docentes\/"},"img":{"alt_text":"","src":"https:\/\/i0.wp.com\/webdelmaestrocmf.com\/portal\/wp-content\/uploads\/2019\/03\/1-copia.jpg?resize=350%2C200&ssl=1","width":350,"height":200,"srcset":"https:\/\/i0.wp.com\/webdelmaestrocmf.com\/portal\/wp-content\/uploads\/2019\/03\/1-copia.jpg?resize=350%2C200&ssl=1 1x, https:\/\/i0.wp.com\/webdelmaestrocmf.com\/portal\/wp-content\/uploads\/2019\/03\/1-copia.jpg?resize=525%2C300&ssl=1 1.5x, https:\/\/i0.wp.com\/webdelmaestrocmf.com\/portal\/wp-content\/uploads\/2019\/03\/1-copia.jpg?resize=700%2C400&ssl=1 2x, https:\/\/i0.wp.com\/webdelmaestrocmf.com\/portal\/wp-content\/uploads\/2019\/03\/1-copia.jpg?resize=1050%2C600&ssl=1 3x"},"classes":[]},{"id":87379,"url":"https:\/\/webdelmaestrocmf.com\/portal\/pilares-de-la-educacion-moderna\/","url_meta":{"origin":66576,"position":1},"title":"Pilares de la educaci\u00f3n moderna","author":"Web del Maestro CMF","date":"14 abril, 2023","format":false,"excerpt":"Los pilares de la educaci\u00f3n en el nuevo modelo educativo del siglo XXI. En el a\u00f1o 1996, se public\u00f3 el libro La educaci\u00f3n encierra un tesoro, el cual recoge un informe preparado por la Comisi\u00f3n Internacional sobre la Educaci\u00f3n para el siglo XXI de la UNESCO, presidida por Jacques Delors.\u2026","rel":"","context":"En \u00abPilares educaci\u00f3n\u00bb","block_context":{"text":"Pilares educaci\u00f3n","link":"https:\/\/webdelmaestrocmf.com\/portal\/category\/pedagogia\/pilares-educacion\/"},"img":{"alt_text":"","src":"https:\/\/i0.wp.com\/webdelmaestrocmf.com\/portal\/wp-content\/uploads\/2023\/04\/A12B3C4D-3-4.jpg?resize=350%2C200&ssl=1","width":350,"height":200,"srcset":"https:\/\/i0.wp.com\/webdelmaestrocmf.com\/portal\/wp-content\/uploads\/2023\/04\/A12B3C4D-3-4.jpg?resize=350%2C200&ssl=1 1x, https:\/\/i0.wp.com\/webdelmaestrocmf.com\/portal\/wp-content\/uploads\/2023\/04\/A12B3C4D-3-4.jpg?resize=525%2C300&ssl=1 1.5x, https:\/\/i0.wp.com\/webdelmaestrocmf.com\/portal\/wp-content\/uploads\/2023\/04\/A12B3C4D-3-4.jpg?resize=700%2C400&ssl=1 2x"},"classes":[]},{"id":67616,"url":"https:\/\/webdelmaestrocmf.com\/portal\/5-pilares-de-la-educacion-unesco\/","url_meta":{"origin":66576,"position":2},"title":"5 pilares de la educaci\u00f3n &#8211; UNESCO","author":"Web del Maestro CMF","date":"2 marzo, 2024","format":false,"excerpt":"Los \"cuatro\" pilares de la educaci\u00f3n fueron propuestos por la Comisi\u00f3n Internacional sobre la Educaci\u00f3n para el Siglo XXI, presidida por Jacques Delors, en su informe \"La educaci\u00f3n encierra un tesoro\". Pero en esta ocasi\u00f3n les proporcionaremos una actualizaci\u00f3n o una nueva versi\u00f3n realizada por la UNESCO: \"5 pilares de\u2026","rel":"","context":"En \u00abDocentes\u00bb","block_context":{"text":"Docentes","link":"https:\/\/webdelmaestrocmf.com\/portal\/category\/pedagogia\/docentes\/"},"img":{"alt_text":"pilares de la educaci\u00f3n","src":"https:\/\/i0.wp.com\/webdelmaestrocmf.com\/portal\/wp-content\/uploads\/2023\/11\/Banner-1-portada-imagen-10-1-5.jpg?resize=350%2C200&ssl=1","width":350,"height":200,"srcset":"https:\/\/i0.wp.com\/webdelmaestrocmf.com\/portal\/wp-content\/uploads\/2023\/11\/Banner-1-portada-imagen-10-1-5.jpg?resize=350%2C200&ssl=1 1x, https:\/\/i0.wp.com\/webdelmaestrocmf.com\/portal\/wp-content\/uploads\/2023\/11\/Banner-1-portada-imagen-10-1-5.jpg?resize=525%2C300&ssl=1 1.5x, https:\/\/i0.wp.com\/webdelmaestrocmf.com\/portal\/wp-content\/uploads\/2023\/11\/Banner-1-portada-imagen-10-1-5.jpg?resize=700%2C400&ssl=1 2x"},"classes":[]},{"id":90531,"url":"https:\/\/webdelmaestrocmf.com\/portal\/libros-para-el-maestro-de-la-nueva-escuela-mexicana\/","url_meta":{"origin":66576,"position":3},"title":"Libros para el maestro de la Nueva Escuela Mexicana","author":"Web del Maestro CMF","date":"14 julio, 2023","format":false,"excerpt":"La nueva escuela mexicana es una propuesta de transformaci\u00f3n educativa implementada en M\u00e9xico con el objetivo de mejorar la calidad y equidad en la educaci\u00f3n. Como parte de esta iniciativa, se han desarrollado una serie de materiales y recursos para apoyar a los maestros en su labor docente, entre ellos\u2026","rel":"","context":"En \u00abDescargas Manuales PDF\u00bb","block_context":{"text":"Descargas Manuales PDF","link":"https:\/\/webdelmaestrocmf.com\/portal\/category\/pedagogia\/descargas-manuales-pdf\/"},"img":{"alt_text":"","src":"https:\/\/i0.wp.com\/webdelmaestrocmf.com\/portal\/wp-content\/uploads\/2023\/07\/A12B3C4D-2023-07-14T114942.426.jpg?resize=350%2C200&ssl=1","width":350,"height":200,"srcset":"https:\/\/i0.wp.com\/webdelmaestrocmf.com\/portal\/wp-content\/uploads\/2023\/07\/A12B3C4D-2023-07-14T114942.426.jpg?resize=350%2C200&ssl=1 1x, https:\/\/i0.wp.com\/webdelmaestrocmf.com\/portal\/wp-content\/uploads\/2023\/07\/A12B3C4D-2023-07-14T114942.426.jpg?resize=525%2C300&ssl=1 1.5x, https:\/\/i0.wp.com\/webdelmaestrocmf.com\/portal\/wp-content\/uploads\/2023\/07\/A12B3C4D-2023-07-14T114942.426.jpg?resize=700%2C400&ssl=1 2x"},"classes":[]},{"id":115038,"url":"https:\/\/webdelmaestrocmf.com\/portal\/joseph-oughourlian-defender-el-pensamiento-critico-y-la-verdad-en-tiempos-de-fragilidad-democratica\/","url_meta":{"origin":66576,"position":4},"title":"Joseph Oughourlian: Defender el pensamiento cr\u00edtico y la verdad en tiempos de fragilidad democr\u00e1tica","author":"Web del Maestro CMF","date":"29 enero, 2026","format":false,"excerpt":"Defender el pensamiento cr\u00edtico y la verdad es esencial para fortalecer la democracia, combatir la desinformaci\u00f3n y garantizar educaci\u00f3n de calidad en Am\u00e9rica Latina.","rel":"","context":"En \u00abNoticias Internacionales\u00bb","block_context":{"text":"Noticias Internacionales","link":"https:\/\/webdelmaestrocmf.com\/portal\/category\/noticias-internacionales\/"},"img":{"alt_text":"","src":"https:\/\/i0.wp.com\/webdelmaestrocmf.com\/portal\/wp-content\/uploads\/2026\/01\/1A-Banner-1-portada-imagen-10-1-copia-1-13.webp?resize=350%2C200&ssl=1","width":350,"height":200,"srcset":"https:\/\/i0.wp.com\/webdelmaestrocmf.com\/portal\/wp-content\/uploads\/2026\/01\/1A-Banner-1-portada-imagen-10-1-copia-1-13.webp?resize=350%2C200&ssl=1 1x, https:\/\/i0.wp.com\/webdelmaestrocmf.com\/portal\/wp-content\/uploads\/2026\/01\/1A-Banner-1-portada-imagen-10-1-copia-1-13.webp?resize=525%2C300&ssl=1 1.5x, https:\/\/i0.wp.com\/webdelmaestrocmf.com\/portal\/wp-content\/uploads\/2026\/01\/1A-Banner-1-portada-imagen-10-1-copia-1-13.webp?resize=700%2C400&ssl=1 2x"},"classes":[]},{"id":108548,"url":"https:\/\/webdelmaestrocmf.com\/portal\/informe-de-unesco-llama-a-repensar-la-educacion-de-mercado-la-meritocracia-y-a-mejorar-la-profesion-docente\/","url_meta":{"origin":66576,"position":5},"title":"Informe de UNESCO llama a repensar la educaci\u00f3n de mercado, la meritocracia y a mejorar la profesi\u00f3n docente","author":"Web del Maestro CMF","date":"30 marzo, 2025","format":false,"excerpt":"Reorganizar el curr\u00edculo hacia \u00e1reas como medioambiente, cultura, tecnolog\u00eda, relaciones interpersonales, incorporando recursos digitales de alta calidad; reemplazar el credencialismo y la meritocracia por un sistema que se mueva\u00a0 a potenciar las habilidades de cada persona; y reorganizar el financiamiento de la educaci\u00f3n con foco en la equidad, inclusi\u00f3n y\u2026","rel":"","context":"En \u00abNoticias Internacionales\u00bb","block_context":{"text":"Noticias Internacionales","link":"https:\/\/webdelmaestrocmf.com\/portal\/category\/noticias-internacionales\/"},"img":{"alt_text":"","src":"https:\/\/i0.wp.com\/webdelmaestrocmf.com\/portal\/wp-content\/uploads\/2025\/03\/1A-Banner-1-portada-imagen-10-1-3-3.jpg?resize=350%2C200&ssl=1","width":350,"height":200,"srcset":"https:\/\/i0.wp.com\/webdelmaestrocmf.com\/portal\/wp-content\/uploads\/2025\/03\/1A-Banner-1-portada-imagen-10-1-3-3.jpg?resize=350%2C200&ssl=1 1x, https:\/\/i0.wp.com\/webdelmaestrocmf.com\/portal\/wp-content\/uploads\/2025\/03\/1A-Banner-1-portada-imagen-10-1-3-3.jpg?resize=525%2C300&ssl=1 1.5x, https:\/\/i0.wp.com\/webdelmaestrocmf.com\/portal\/wp-content\/uploads\/2025\/03\/1A-Banner-1-portada-imagen-10-1-3-3.jpg?resize=700%2C400&ssl=1 2x"},"classes":[]}],"_links":{"self":[{"href":"https:\/\/webdelmaestrocmf.com\/portal\/wp-json\/wp\/v2\/posts\/66576","targetHints":{"allow":["GET"]}}],"collection":[{"href":"https:\/\/webdelmaestrocmf.com\/portal\/wp-json\/wp\/v2\/posts"}],"about":[{"href":"https:\/\/webdelmaestrocmf.com\/portal\/wp-json\/wp\/v2\/types\/post"}],"author":[{"embeddable":true,"href":"https:\/\/webdelmaestrocmf.com\/portal\/wp-json\/wp\/v2\/users\/1"}],"replies":[{"embeddable":true,"href":"https:\/\/webdelmaestrocmf.com\/portal\/wp-json\/wp\/v2\/comments?post=66576"}],"version-history":[{"count":0,"href":"https:\/\/webdelmaestrocmf.com\/portal\/wp-json\/wp\/v2\/posts\/66576\/revisions"}],"wp:featuredmedia":[{"embeddable":true,"href":"https:\/\/webdelmaestrocmf.com\/portal\/wp-json\/wp\/v2\/media\/106442"}],"wp:attachment":[{"href":"https:\/\/webdelmaestrocmf.com\/portal\/wp-json\/wp\/v2\/media?parent=66576"}],"wp:term":[{"taxonomy":"category","embeddable":true,"href":"https:\/\/webdelmaestrocmf.com\/portal\/wp-json\/wp\/v2\/categories?post=66576"},{"taxonomy":"post_tag","embeddable":true,"href":"https:\/\/webdelmaestrocmf.com\/portal\/wp-json\/wp\/v2\/tags?post=66576"}],"curies":[{"name":"wp","href":"https:\/\/api.w.org\/{rel}","templated":true}]}}