{"id":66540,"date":"2023-03-14T23:18:14","date_gmt":"2023-03-15T02:18:14","guid":{"rendered":"https:\/\/webdelmaestrocmf.com\/portal\/?p=66540"},"modified":"2023-07-02T22:25:03","modified_gmt":"2023-07-03T02:25:03","slug":"el-humor-es-una-herramienta-de-la-que-hablamos-poco-cuando-estamos-en-momentos-de-tension","status":"publish","type":"post","link":"https:\/\/webdelmaestrocmf.com\/portal\/el-humor-es-una-herramienta-de-la-que-hablamos-poco-cuando-estamos-en-momentos-de-tension\/","title":{"rendered":"Alejandro Rodrigo: Nuestros hijos, todo el rato lo que quieren, y un adolescente lo que busca es sentirse orgulloso de su padre"},"content":{"rendered":"<h5 style=\"text-align: justify;\">XEl experto en An\u00e1lisis e Investigaci\u00f3n Criminal en la U.A.M. Alejandro Rodrigo (Madrid,1981), estudi\u00f3 Magisterio Musical, se inici\u00f3 profesionalmente en el sector de la intervenci\u00f3n social y educativa, siempre <strong>con menores y j\u00f3venes en riesgo de exclusi\u00f3n, sujetos a medidas judiciales<\/strong> por el Juzgado de Menores de Madrid, al principio trabajando en un centro de internamiento y m\u00e1s adelante como T\u00e9cnico de Libertad Vigilada. <strong>Se ha especializado en \u201cMaltrato Intrafamiliar Ascendente<\/strong>, es decir, casos en los que los menores y j\u00f3venes presentan conductas violentas o agresivas en sus domicilios y fundamentalmente hacia sus padres\u201d. Es co-fundador de Gabinete Concordia, colborando \u201ccon asociaciones de padres, centros de psicolog\u00eda, colegios e instituciones ya sea impartiendo talleres,atendiendo directamente a familias o compartiendo su experiencia en formato de charlas y conferencias. <a href=\"https:\/\/alejandrorodrigo.com\/sobre-mi\/\" target=\"_blank\" rel=\"noopener\"><strong>ALEJANDRO RODRIGO<\/strong><\/a><\/h5>\n<p><!--more--><\/p>\n<p style=\"text-align: justify;\">Es autor de <em>\u201cC\u00f3mo prevenir conflictos con adolescentes\u201d, <\/em>Claves para una convivencia feliz (Plataforma Editorial), en el cual se\u00f1ala que hay siete estilos educativos,\u00a0 y cada padre y madre tienen un estilo \u00fanico. Considera que todas y cada una de las asignaturas de la educaci\u00f3n actual, desde infantil hasta la universidad, son una maravillosa v\u00eda para poder trabajar el importante mundo de la Educaci\u00f3n Emocional; \u201c<strong>lo \u00fanico que hace falta es un maestro y un centro educativo con la suficiente sensibilidad<\/strong> para entender que adem\u00e1s de los contenidos curriculares m\u00e1s te\u00f3ricos existe un apartado important\u00edsimo del \u00e1mbito acad\u00e9mico que debe estar centrado en \u201cformar personas\u201d. Seg\u00fan mi humilde punto de vista, este deber\u00eda ser un axioma innegociable\u201d. (Padres y Colegios 18\/03\/2021).<\/p>\n<p style=\"text-align: justify;\">Gracias a la publicaci\u00f3n de El Pa\u00eds (Espa\u00f1a), BBVA y Editorial Santillana, compartimos con fines \u00fanicamente educativos y de formaci\u00f3n permanente, partes del di\u00e1logo entre el Alejandro Rodrigo y Roberto Merino tratando temas como la adolescencia, normas y l\u00edmites, rol de los padres, la prevenci\u00f3n, la subjetividad, la desobediencia, la privacidad del adolescente, la autoafirmaci\u00f3n, caprichos de la adolescencia, el entendimiento, el miedo, el amor y temas colaterales que pueden ser de gran utilidad para los padres de familia y para nosotros, los profesores.<\/p>\n<p style=\"text-align: justify;\">En esta publicaci\u00f3n compartimos los enlaces del video completo y el momento m\u00e1s destacado, as\u00ed como partes del di\u00e1logo, que <strong>recomendamos leer \u00edntegramente en el t\u00edtulo que indicamos al final del art\u00edculo<\/strong>. Es nuestro prop\u00f3sito que esta publicaci\u00f3n sea una invitaci\u00f3n a seguir entusiasmados en nuestra formaci\u00f3n permanente, conociendo los aportes y la experiencia de especialistas cercanos al mundo educativo. Hacemos presente que las letras en negritas y cursivas son nuestras.<\/p>\n<p>Tema Relacionado: <a href=\"https:\/\/webdelmaestrocmf.com\/portal\/lo-que-los-maestros-no-se-atreven-a-decir-a-los-padres-de-familia\/\" target=\"_blank\" rel=\"noopener\">Lo que los maestros no se atreven a decir a los padres de familia<\/a><\/p>\n<h5 style=\"text-align: left;\">ROBERTO MERINO: &#8230; la primera pregunta que te quer\u00eda hacer es que cu\u00e1l es tu visi\u00f3n general sobre esa \u00e9poca de la adolescencia.<\/h5>\n<p style=\"text-align: justify;\"><strong>ALEJANDRO RODRIGO: <\/strong>\u201c[&#8230;] a adolescencia, sin ning\u00fan lugar a dudas, es una \u00e9poca de explosi\u00f3n de las emociones, de gustos, de experimentaci\u00f3n. Lo que pasa es que, claro, la adolescencia es una etapa de autoafirmaci\u00f3n. [&#8230;] es decir, empezar a separarse de los padres. [&#8230;] surgen conflictos y los conflictos no son otra cosa que oportunidades de crecimiento. [&#8230;] como padres debemos tener la mirada bien enfocada y bien apuntando a si tenemos una crisis evolutiva o una crisis involutiva. Crisis evolutivas son esas en las que nuestros ni\u00f1os, nuestras ni\u00f1as, van a enfrentarse a problemas y van a ser capaz de superarlos. Pero las crisis involutivas son ya zonas de mayor riesgo. [&#8230;] cada adolescente es un mundo en s\u00ed mismo. Esto quiere decir que no existen dos iguales. [&#8230;]\u00a0como padres, tenemos la responsabilidad de ser unos verdaderos referentes para nuestros hijos. El espejo en el que se quieran mirar.<\/p>\n<h5 style=\"text-align: left;\">SIETE ESTILOS EDUCATIVOS, \u00bfCU\u00c1L ES EL TUYO? (MOMENTO DESTACADO 05\u00b4 50\u201d)<\/h5>\n<p><iframe loading=\"lazy\" title=\"YouTube video player\" src=\"https:\/\/www.youtube.com\/embed\/yOGauncalrk\" width=\"100%\" height=\"400\" frameborder=\"0\" allowfullscreen=\"allowfullscreen\"><span data-mce-type=\"bookmark\" style=\"display: inline-block; width: 0px; overflow: hidden; line-height: 0;\" class=\"mce_SELRES_start\">\ufeff<\/span><\/iframe><\/p>\n<h5 style=\"text-align: justify;\">ROBERTO MERINO:\u00a0 &#8230; \u00bfQu\u00e9 estilos educativos hay? &#8230;<\/h5>\n<p style=\"text-align: justify;\"><strong>ALEJANDRO RODRIGO: <\/strong>\u201cLos estilos educativos <strong>son esas maneras que tenemos de educar<\/strong>. La manera en la que t\u00fa, en la que yo nos presentamos delante de nuestros hijos, intentamos educarlos lo mejor posible.<\/p>\n<p style=\"text-align: justify;\">[&#8230;] A m\u00ed siempre me ha gustado trabajar con siete muy espec\u00edficos, que son los que yo me he ido encontrando normalmente. Tenemos <strong>el estilo protector, el estilo autoritario, el punitivo, el sacrificante, el negligente, el ausente y el diplom\u00e1tico.<\/strong> Aqu\u00ed no hay un padre cien por cien punitivo, o un padre cien por cien autoritario. Somos una peque\u00f1a mezcla, un peque\u00f1o porcentaje.<\/p>\n<h5 style=\"text-align: left;\">ROBERTO MERINO: &#8230; \u00bfPodr\u00edas darnos un ejemplo o herramientas de cada uno de los estilos?<\/h5>\n<p style=\"text-align: justify;\"><strong>ALEJANDRO RODRIGO<\/strong>: \u201cS\u00ed, el<strong> estilo autoritario<\/strong> es este padre o esta madre que impone su ley. Es decir, esta norma es as\u00ed y por lo tanto no hay dudas al respecto. La fortaleza mayor del estilo autoritario es que los hijos crecen bajo una confianza plena. Lo malo, la debilidad del estilo autoritario, es que evidentemente potencia una separaci\u00f3n emocional, [&#8230;] El <strong>estilo protector<\/strong> crea mucha seguridad tambi\u00e9n a los hijos, pero desde la protecci\u00f3n directa del padre. El hijo sabe que con pap\u00e1 aqu\u00ed al lado a m\u00ed no me va a pasar nada. [&#8230;] si somos excesivamente protectores, es que le estamos coartando su autonom\u00eda. [&#8230;] El <strong>estilo punitivo,<\/strong> [&#8230;] el padre utiliza el castigo como medio educativo, es decir, todo el rato el castigo est\u00e1 encima de la mesa. [&#8230;] El <strong>estilo sacrificante<\/strong> es dif\u00edcil de detectar, [&#8230;]\u00a0una especie de chantaje emocional, [&#8230;] El <strong>negligente <\/strong>[&#8230;]\u00a0lo \u00fanico bueno que tienen es que el hijo a veces desarrolla cierta compasi\u00f3n hacia el padre. [&#8230;]\u00a0El <strong>diplom\u00e1tico<\/strong> [&#8230;]\u00a0hacemos cierta democracia [&#8230;] El hijo se siente valorado. [&#8230;] El <strong>estilo ausente<\/strong> s\u00ed es un estilo que debemos evitar todos, porque no se trata de no estar en casa, sino se trata de cuando verdaderamente a m\u00ed mi hijo no me importa. [&#8230;]\u201d.<\/p>\n<p style=\"text-align: justify;\">Publicaci\u00f3n relacionada y recomendada:<\/p>\n<blockquote class=\"wp-embedded-content\" data-secret=\"Hvqlp540nK\"><p><a href=\"https:\/\/webdelmaestrocmf.com\/portal\/ignacio-sanchez-camara-los-malos-ejemplos-educativos\/\">Los malos ejemplos educativos<\/a><\/p><\/blockquote>\n<p><iframe loading=\"lazy\" class=\"wp-embedded-content\" sandbox=\"allow-scripts\" security=\"restricted\" style=\"position: absolute; clip: rect(1px, 1px, 1px, 1px);\" title=\"\u00abLos malos ejemplos educativos\u00bb \u2014 Web del Maestro CMF\" src=\"https:\/\/webdelmaestrocmf.com\/portal\/ignacio-sanchez-camara-los-malos-ejemplos-educativos\/embed\/#?secret=9Y4lKbskTR#?secret=Hvqlp540nK\" data-secret=\"Hvqlp540nK\" width=\"600\" height=\"338\" frameborder=\"0\" marginwidth=\"0\" marginheight=\"0\" scrolling=\"no\"><\/iframe><\/p>\n<h5 style=\"text-align: justify;\">ROBERTO MERINO:\u00a0 &#8230; no s\u00e9 si hay herramientas o ejemplos buenos que puedas dar, tipo consejo, \u00ab[&#8230;] t\u00e9cnicas que pueden funcionar mejor en casa\u00bb.<\/h5>\n<p style=\"text-align: justify;\"><strong>ALEJANDRO RODRIGO: <\/strong>\u201c[&#8230;] Yo hablo de la caja de herramientas, [&#8230;] En binomios resulta m\u00e1s f\u00e1cil. Normas y l\u00edmites. Consecuencias y castigos. Recompensas y premios. El quid de la cuesti\u00f3n est\u00e1 en la temporalidad. [&#8230;] <strong>el adolescente, el preadolescente, entiende la consecuencia, aunque luego quiera pelearla, pero \u00e9l la entiende profundamente.<\/strong> [&#8230;] La verdadera cuesti\u00f3n es <strong>ser un referente<\/strong> para no tener que llegar a establecer un sistema de normas. No estamos en el trabajo, <strong>estamos en casa, en una din\u00e1mica familiar,<\/strong> con armon\u00eda y amor por encima de todo. [&#8230;]\u00a0La verdadera cuesti\u00f3n es ser un referente [&#8230;] en una din\u00e1mica familiar, con armon\u00eda y amor por encima de todo\u201d.<\/p>\n<h5 style=\"text-align: left;\">HERRAMIENTAS PARA COMPRENDER A TU HIJO ADOLESCENTE\u00a0 (VIDEO COMPLETO 36\u00b4 04\u201d)<\/h5>\n<p><iframe loading=\"lazy\" title=\"YouTube video player\" src=\"https:\/\/www.youtube.com\/embed\/AtXAUKnzwqI\" width=\"100%\" height=\"400\" frameborder=\"0\" allowfullscreen=\"allowfullscreen\"><span data-mce-type=\"bookmark\" style=\"display: inline-block; width: 0px; overflow: hidden; line-height: 0;\" class=\"mce_SELRES_start\">\ufeff<\/span><span data-mce-type=\"bookmark\" style=\"display: inline-block; width: 0px; overflow: hidden; line-height: 0;\" class=\"mce_SELRES_start\">\ufeff<\/span><\/iframe><\/p>\n<h5 style=\"text-align: left;\">ROBERTO MERINO:\u00a0 &#8230; hasta qu\u00e9 punto es el padre culpable y responsable. \u00bfC\u00f3mo se puede explicar?<\/h5>\n<p style=\"text-align: justify;\"><strong>ALEJANDRO RODRIGO: <\/strong>\u201c[&#8230;] hablando de paternidad, de maternidad y de educaci\u00f3n de nuestros hijos, la responsabilidad y la culpabilidad siempre est\u00e1 ah\u00ed, [&#8230;] \u00bfCu\u00e1l es la diferencia? <strong>La diferencia es una delgada l\u00ednea, fin\u00edsima, que separa el concepto responsabilidad del concepto culpabilidad<\/strong>. Culpabilidad [&#8230;] es esta acci\u00f3n por la cual yo genero un da\u00f1o en el otro, en una tercera persona. [&#8230;] Hay que tener unos ojos bien abiertos, con una actitud cr\u00edtica. [&#8230;]\u00a0habi\u00e9ndolo querido o no, siendo intencional o no. [&#8230;]\u00a0tenemos una oportunidad magn\u00edfica para poder ense\u00f1ar, siendo un referente, qu\u00e9 significa el arrepentimiento y la reparaci\u00f3n del da\u00f1o causado. [&#8230;] Porque nuestros hijos, <strong>cuando nos ven que hemos obrado mal y que sabemos aceptarlo, mirarlo, identificarlo y poder reparar el da\u00f1o, es un aprendizaje que se llevan,<\/strong> tremendo, para toda la vida. La responsabilidad es otro concepto m\u00e1s amplio y en las situaciones de tensi\u00f3n que se generan en casa, somos responsables, responsables de c\u00f3mo nos enfrentamos a ello. Somos responsables de elevar o de disminuir el nivel de tensi\u00f3n\u201d.<\/p>\n<p style=\"text-align: justify;\">Publicaci\u00f3n relacionada:<\/p>\n<blockquote class=\"wp-embedded-content\" data-secret=\"TORoYTwlPv\"><p><a href=\"https:\/\/webdelmaestrocmf.com\/portal\/el-mal-humor-del-padre-causa-problemas-en-el-desarrollo-emocional-y-cognitivo-de-sus-hijos\/\">Un padre enojado causa problemas en el desarrollo emocional y cognitivo<\/a><\/p><\/blockquote>\n<p><iframe loading=\"lazy\" class=\"wp-embedded-content\" sandbox=\"allow-scripts\" security=\"restricted\" style=\"position: absolute; clip: rect(1px, 1px, 1px, 1px);\" title=\"\u00abUn padre enojado causa problemas en el desarrollo emocional y cognitivo\u00bb \u2014 Web del Maestro CMF\" src=\"https:\/\/webdelmaestrocmf.com\/portal\/el-mal-humor-del-padre-causa-problemas-en-el-desarrollo-emocional-y-cognitivo-de-sus-hijos\/embed\/#?secret=1geNImQ4Ov#?secret=TORoYTwlPv\" data-secret=\"TORoYTwlPv\" width=\"600\" height=\"338\" frameborder=\"0\" marginwidth=\"0\" marginheight=\"0\" scrolling=\"no\"><\/iframe><\/p>\n<p style=\"text-align: justify;\"><strong>ROBERTO MERINO: <em>&#8230; todos hemos sido adolescentes y parece que nos hemos olvidado, que fue hace tanto tiempo, que no somos capaces de empatizar. \u00bfC\u00f3mo lo podr\u00edas desarrollar esto? \u00bfQu\u00e9 reflexi\u00f3n har\u00edas\u2026?\u00a0 <\/em><\/strong><\/p>\n<p style=\"text-align: justify;\"><strong>ALEJANDRO RODRIGO: <\/strong>\u201c[&#8230;] En la adolescencia, sin embargo, a veces <strong>nos invade el miedo<\/strong> y el miedo, que es un mecanismo muy \u00fatil para protegernos, [&#8230;] es muy importante <strong>conectar con el adolescente que fuimos para poder entender<\/strong>. Es algo por lo que hemos pasado, no es algo ajeno. El adolescente no es un bicho raro que hay. [&#8230;] <strong>No hay mejor mirada para entender lo que le est\u00e1 pasando a este adolescente que la de su padre y la de su madre<\/strong>. [&#8230;]\u00a0la din\u00e1mica familiar no consiste en normas, ni siquiera en tiempo de calidad, tiempo de calidad con mi hijo, ni las dos juntos. <strong>El verdadero secreto es el amor<\/strong>. El amor que como padres tengamos hacia nuestros hijos. Es el primer paso para poder entonces entender a tu hijo y que tu hijo sepa que le est\u00e1s entendiendo\u201d.<\/p>\n<p style=\"text-align: justify;\">Art\u00edculo sugerido:<\/p>\n<blockquote class=\"wp-embedded-content\" data-secret=\"oobiuPw9l9\"><p><a href=\"https:\/\/webdelmaestrocmf.com\/portal\/el-mejor-aliado-del-miedo-es-el-silencio\/\">El mejor aliado del miedo es el silencio<\/a><\/p><\/blockquote>\n<p><iframe loading=\"lazy\" class=\"wp-embedded-content\" sandbox=\"allow-scripts\" security=\"restricted\" style=\"position: absolute; clip: rect(1px, 1px, 1px, 1px);\" title=\"\u00abEl mejor aliado del miedo es el silencio\u00bb \u2014 Web del Maestro CMF\" src=\"https:\/\/webdelmaestrocmf.com\/portal\/el-mejor-aliado-del-miedo-es-el-silencio\/embed\/#?secret=VuL8ZP26mr#?secret=oobiuPw9l9\" data-secret=\"oobiuPw9l9\" width=\"600\" height=\"338\" frameborder=\"0\" marginwidth=\"0\" marginheight=\"0\" scrolling=\"no\"><\/iframe><\/p>\n<p style=\"text-align: justify;\"><strong>ROBERTO MERINO:\u00a0 <em>&#8230;<\/em><\/strong> <strong><em>y digo: \u00abEs que, en realidad, a lo mejor, no s\u00e9 si yo mismo intento ocultar qu\u00e9 miedos o en qu\u00e9 proceso estaba o c\u00f3mo fue ese proceso para m\u00ed\u00bb.<\/em><\/strong><\/p>\n<p style=\"text-align: justify;\"><strong>ALEJANDRO RODRIGO: <\/strong>\u201cConcluyo dici\u00e9ndote que <strong>es difusa porque es muy r\u00e1pida<\/strong>, es muy breve, de los 12 a los 18. Y <strong>es apasionante, tan apasionante que no te paras nunca a escuchar<\/strong>. Por eso decimos a los padres que no hay que hablar tanto, sino hay que proyectar, porque se olvidar\u00e1n de todo lo que les dijiste, <strong>pero jam\u00e1s se olvidar\u00e1n de todo aquello que como padre le transmitiste<\/strong>.\u00a0 [&#8230;]\u201d<\/p>\n<p style=\"text-align: justify;\">La transcripci\u00f3n completa de este di\u00e1logo lo puede Usted leer aqu\u00ed<strong>:<\/strong> <a href=\"https:\/\/aprendemosjuntos.elpais.com\/especial\/siete-estilos-educativos-cual-es-el-tuyo-alejandro-rodrigo\/\" target=\"_blank\" rel=\"noopener\"><strong>SIETE ESTILOS EDUCATIVOS, \u00bfCU\u00c1L ES EL TUYO?<\/strong><\/a><\/p>\n<p style=\"text-align: justify;\">Esta publicaci\u00f3n corresponde a<a href=\"http:\/\/webdelmaestrocmf.com\/portal\/serie-de-videos-aprendamos-juntos-para-sumar-por-la-educacion\/\" target=\"_blank\" rel=\"noopener\"><strong> SERIE DE VIDEOS: APRENDAMOS JUNTOS, PARA SUMAR POR LA EDUCACI\u00d3N<\/strong><\/a><\/p>\n<p style=\"text-align: center;\"><em>\u201cLos hijos nos miran todo el rato, por tanto, somos responsables de c\u00f3mo son ellos en gran medida. Es verdad que hay otros dos aspectos, el gen\u00e9tico, que se nos escapa, y el contexto social en el que se mueven\u201d. (El Peri\u00f3dico de Arag\u00f3n, 11\/03\/2021)<\/em><\/p>\n<p style=\"text-align: right;\"><strong>REDACCI\u00d3N WEB DEL MAESTRO CMF<\/strong><\/p>\n\t\t<div class=\"pk-inline-posts\">\n\t\t\t\n\t\t\t<div class=\"pk-inline-posts-container pk-inline-posts-template-list\"\n\t\t\t\tdata-columns=\"1\">\n\t\t\t\t\t\t<article id=\"post-95717\" class=\"post-95717 post type-post status-publish format-video has-post-thumbnail category-charlas tag-aprendamos-juntos tag-aprendemos-juntos-2030 tag-aprender tag-aprendizaje tag-bbva tag-calificacion-por-notas tag-cerebro tag-compresion tag-descanso tag-dislexia tag-dormir tag-entrevista tag-error tag-escritura tag-fonologia tag-lectura tag-lenguaje-oral tag-matematica tag-memoria tag-neurociencia tag-neurona tag-para-sumar-por-la-educacion tag-pensamiento tag-sinapsis tag-stanislas-dehaene tag-sueno tag-tecnologia tag-videos post_format-post-format-video cs-entry cs-video-wrap\">\n\t\t\t<div class=\"pk-post-outer\">\n\n\t\t\t\t\t\t\t\t<div class=\"pk-post-inner\">\n\t\t\t\t\t<div class=\"entry-thumbnail\">\n\t\t\t\t\t\t<div class=\"pk-overlay pk-overlay-ratio pk-ratio-landscape\">\n\t\t\t\t\t\t\t<div class=\"pk-overlay-background\">\n\t\t\t\t\t\t\t\t<a href=\"https:\/\/webdelmaestrocmf.com\/portal\/stanislas-dehaene-el-mayor-talento-de-un-profesor-es-ser-capaz-de-dirigir-la-atencion-del-alumno-hacia-el-nivel-correcto\/\" class=\"pk-overlay-link\">\n\t\t\t\t\t\t\t\t\t<img loading=\"lazy\" decoding=\"async\" width=\"300\" height=\"225\" src=\"https:\/\/webdelmaestrocmf.com\/portal\/wp-content\/uploads\/2024\/02\/1AA-Banner-1-portada-imagen-10-1-copia-300x225.webp\" class=\"attachment-pk-thumbnail size-pk-thumbnail wp-post-image\" alt=\"\" \/>\t\t\t\t\t\t\t\t<\/a>\n\t\t\t\t\t\t\t<\/div>\n\t\t\t\t\t\t<\/div>\n\t\t\t\t\t<\/div>\n\t\t\t\t<\/div>\n\t\t\t\t\n\t\t\t\t<div class=\"pk-post-inner\">\n\t\t\t\t\t<header>\n\t\t\t\t\t\t<h3 class=\"pk-title\"><a href=\"https:\/\/webdelmaestrocmf.com\/portal\/stanislas-dehaene-el-mayor-talento-de-un-profesor-es-ser-capaz-de-dirigir-la-atencion-del-alumno-hacia-el-nivel-correcto\/\" rel=\"bookmark\">Stanislas Dehaene: El mayor talento de un profesor es ser capaz de dirigir la atenci\u00f3n del alumno, hacia el nivel correcto<\/a><\/h3>\t\t\t\t\t<\/header><!-- .entry-header -->\n\t\t\t\t<\/div><!-- .post-inner -->\n\n\t\t\t<\/div><!-- .post-outer -->\n\t\t<\/article>\n\t\t\t\t<\/div>\n\t\t<\/div>\n\t\t\n","protected":false},"excerpt":{"rendered":"XEl experto en An\u00e1lisis e Investigaci\u00f3n Criminal en la U.A.M. Alejandro Rodrigo (Madrid,1981), estudi\u00f3 Magisterio Musical, se inici\u00f3&hellip;","protected":false},"author":1,"featured_media":85697,"comment_status":"open","ping_status":"closed","sticky":false,"template":"","format":"video","meta":{"csco_display_header_overlay":false,"csco_singular_sidebar":"disabled","csco_page_header_type":"standard","csco_page_load_nextpost":"default","csco_post_video_location":[],"csco_post_video_location_hash":"","csco_post_video_url":"","csco_post_video_bg_start_time":0,"csco_post_video_bg_end_time":0,"csco_post_video_bg_volume":false,"_jetpack_memberships_contains_paid_content":false,"footnotes":""},"categories":[3453],"tags":[5077,5616,13953,2317,1288,843,13954,5766],"class_list":{"0":"post-66540","1":"post","2":"type-post","3":"status-publish","4":"format-video","5":"has-post-thumbnail","7":"category-charlas","8":"tag-cuando","9":"tag-estamos","10":"tag-hablamos","11":"tag-herramienta","12":"tag-humor","13":"tag-momentos","14":"tag-poco","15":"tag-tension","16":"post_format-post-format-video","17":"cs-entry","18":"cs-video-wrap"},"yoast_head":"<!-- This site is optimized with the Yoast SEO plugin v27.5 - https:\/\/yoast.com\/product\/yoast-seo-wordpress\/ -->\n<title>Alejandro Rodrigo: Nuestros hijos, todo el rato lo que quieren, y un adolescente lo que busca es sentirse orgulloso de su padre - 2026<\/title>\n<meta name=\"description\" content=\"El experto en An\u00e1lisis e Investigaci\u00f3n Criminal en la U.A.M. Alejandro Rodrigo (Madrid,1981), estudi\u00f3 Magisterio Musical...\" \/>\n<meta name=\"robots\" content=\"index, follow, max-snippet:-1, max-image-preview:large, max-video-preview:-1\" \/>\n<link rel=\"canonical\" href=\"https:\/\/webdelmaestrocmf.com\/portal\/el-humor-es-una-herramienta-de-la-que-hablamos-poco-cuando-estamos-en-momentos-de-tension\/\" \/>\n<meta property=\"og:locale\" content=\"es_ES\" \/>\n<meta property=\"og:type\" content=\"article\" \/>\n<meta property=\"og:title\" content=\"Alejandro Rodrigo: Nuestros hijos, todo el rato lo que quieren, y un adolescente lo que busca es sentirse orgulloso de su padre - 2026\" \/>\n<meta property=\"og:description\" content=\"El experto en An\u00e1lisis e Investigaci\u00f3n Criminal en la U.A.M. Alejandro Rodrigo (Madrid,1981), estudi\u00f3 Magisterio Musical...\" \/>\n<meta property=\"og:url\" content=\"https:\/\/webdelmaestrocmf.com\/portal\/el-humor-es-una-herramienta-de-la-que-hablamos-poco-cuando-estamos-en-momentos-de-tension\/\" \/>\n<meta property=\"og:site_name\" content=\"Web del Maestro CMF\" \/>\n<meta property=\"article:publisher\" content=\"https:\/\/www.facebook.com\/WebdelMaestroCMF\/\" \/>\n<meta property=\"article:author\" content=\"https:\/\/www.facebook.com\/WebdelMaestroCMF\/\" \/>\n<meta property=\"article:published_time\" content=\"2023-03-15T02:18:14+00:00\" \/>\n<meta property=\"article:modified_time\" content=\"2023-07-03T02:25:03+00:00\" \/>\n<meta property=\"og:image\" content=\"https:\/\/i0.wp.com\/webdelmaestrocmf.com\/portal\/wp-content\/uploads\/2021\/08\/A12B3C4D-5.jpg?fit=900%2C556&ssl=1\" \/>\n\t<meta property=\"og:image:width\" content=\"900\" \/>\n\t<meta property=\"og:image:height\" content=\"556\" \/>\n\t<meta property=\"og:image:type\" content=\"image\/jpeg\" \/>\n<meta name=\"author\" content=\"Web del Maestro CMF\" \/>\n<meta name=\"twitter:card\" content=\"summary_large_image\" \/>\n<meta name=\"twitter:creator\" content=\"@cmf_w\" \/>\n<meta name=\"twitter:site\" content=\"@cmf_w\" \/>\n<script type=\"application\/ld+json\" class=\"yoast-schema-graph\">{\"@context\":\"https:\\\/\\\/schema.org\",\"@graph\":[{\"@type\":\"ScholarlyArticle\",\"@id\":\"https:\\\/\\\/webdelmaestrocmf.com\\\/portal\\\/el-humor-es-una-herramienta-de-la-que-hablamos-poco-cuando-estamos-en-momentos-de-tension\\\/#article\",\"isPartOf\":{\"@id\":\"https:\\\/\\\/webdelmaestrocmf.com\\\/portal\\\/el-humor-es-una-herramienta-de-la-que-hablamos-poco-cuando-estamos-en-momentos-de-tension\\\/\"},\"author\":{\"name\":\"Web del Maestro CMF\",\"@id\":\"https:\\\/\\\/webdelmaestrocmf.com\\\/portal\\\/#\\\/schema\\\/person\\\/1072a2ed7bd960df8ef99a551fa35dc5\"},\"headline\":\"Alejandro Rodrigo: Nuestros hijos, todo el rato lo que quieren, y un adolescente lo que busca es sentirse orgulloso de su padre\",\"datePublished\":\"2023-03-15T02:18:14+00:00\",\"dateModified\":\"2023-07-03T02:25:03+00:00\",\"mainEntityOfPage\":{\"@id\":\"https:\\\/\\\/webdelmaestrocmf.com\\\/portal\\\/el-humor-es-una-herramienta-de-la-que-hablamos-poco-cuando-estamos-en-momentos-de-tension\\\/\"},\"wordCount\":1745,\"commentCount\":0,\"publisher\":{\"@id\":\"https:\\\/\\\/webdelmaestrocmf.com\\\/portal\\\/#organization\"},\"image\":{\"@id\":\"https:\\\/\\\/webdelmaestrocmf.com\\\/portal\\\/el-humor-es-una-herramienta-de-la-que-hablamos-poco-cuando-estamos-en-momentos-de-tension\\\/#primaryimage\"},\"thumbnailUrl\":\"https:\\\/\\\/webdelmaestrocmf.com\\\/portal\\\/wp-content\\\/uploads\\\/2021\\\/08\\\/A12B3C4D-5.jpg\",\"keywords\":[\"Cuando\",\"estamos\",\"hablamos\",\"HERRAMIENTA\",\"HUMOR\",\"momentos\",\"poco\",\"tensi\u00f3n\"],\"articleSection\":[\"Charlas\"],\"inLanguage\":\"es\",\"potentialAction\":[{\"@type\":\"CommentAction\",\"name\":\"Comment\",\"target\":[\"https:\\\/\\\/webdelmaestrocmf.com\\\/portal\\\/el-humor-es-una-herramienta-de-la-que-hablamos-poco-cuando-estamos-en-momentos-de-tension\\\/#respond\"]}]},{\"@type\":\"WebPage\",\"@id\":\"https:\\\/\\\/webdelmaestrocmf.com\\\/portal\\\/el-humor-es-una-herramienta-de-la-que-hablamos-poco-cuando-estamos-en-momentos-de-tension\\\/\",\"url\":\"https:\\\/\\\/webdelmaestrocmf.com\\\/portal\\\/el-humor-es-una-herramienta-de-la-que-hablamos-poco-cuando-estamos-en-momentos-de-tension\\\/\",\"name\":\"Alejandro Rodrigo: Nuestros hijos, todo el rato lo que quieren, y un adolescente lo que busca es sentirse orgulloso de su padre - 2026\",\"isPartOf\":{\"@id\":\"https:\\\/\\\/webdelmaestrocmf.com\\\/portal\\\/#website\"},\"primaryImageOfPage\":{\"@id\":\"https:\\\/\\\/webdelmaestrocmf.com\\\/portal\\\/el-humor-es-una-herramienta-de-la-que-hablamos-poco-cuando-estamos-en-momentos-de-tension\\\/#primaryimage\"},\"image\":{\"@id\":\"https:\\\/\\\/webdelmaestrocmf.com\\\/portal\\\/el-humor-es-una-herramienta-de-la-que-hablamos-poco-cuando-estamos-en-momentos-de-tension\\\/#primaryimage\"},\"thumbnailUrl\":\"https:\\\/\\\/webdelmaestrocmf.com\\\/portal\\\/wp-content\\\/uploads\\\/2021\\\/08\\\/A12B3C4D-5.jpg\",\"datePublished\":\"2023-03-15T02:18:14+00:00\",\"dateModified\":\"2023-07-03T02:25:03+00:00\",\"description\":\"El experto en An\u00e1lisis e Investigaci\u00f3n Criminal en la U.A.M. Alejandro Rodrigo (Madrid,1981), estudi\u00f3 Magisterio Musical...\",\"breadcrumb\":{\"@id\":\"https:\\\/\\\/webdelmaestrocmf.com\\\/portal\\\/el-humor-es-una-herramienta-de-la-que-hablamos-poco-cuando-estamos-en-momentos-de-tension\\\/#breadcrumb\"},\"inLanguage\":\"es\",\"potentialAction\":[{\"@type\":\"ReadAction\",\"target\":[\"https:\\\/\\\/webdelmaestrocmf.com\\\/portal\\\/el-humor-es-una-herramienta-de-la-que-hablamos-poco-cuando-estamos-en-momentos-de-tension\\\/\"]}]},{\"@type\":\"ImageObject\",\"inLanguage\":\"es\",\"@id\":\"https:\\\/\\\/webdelmaestrocmf.com\\\/portal\\\/el-humor-es-una-herramienta-de-la-que-hablamos-poco-cuando-estamos-en-momentos-de-tension\\\/#primaryimage\",\"url\":\"https:\\\/\\\/webdelmaestrocmf.com\\\/portal\\\/wp-content\\\/uploads\\\/2021\\\/08\\\/A12B3C4D-5.jpg\",\"contentUrl\":\"https:\\\/\\\/webdelmaestrocmf.com\\\/portal\\\/wp-content\\\/uploads\\\/2021\\\/08\\\/A12B3C4D-5.jpg\",\"width\":900,\"height\":556},{\"@type\":\"BreadcrumbList\",\"@id\":\"https:\\\/\\\/webdelmaestrocmf.com\\\/portal\\\/el-humor-es-una-herramienta-de-la-que-hablamos-poco-cuando-estamos-en-momentos-de-tension\\\/#breadcrumb\",\"itemListElement\":[{\"@type\":\"ListItem\",\"position\":1,\"name\":\"Portada\",\"item\":\"https:\\\/\\\/webdelmaestrocmf.com\\\/portal\\\/\"},{\"@type\":\"ListItem\",\"position\":2,\"name\":\"Charlas\",\"item\":\"https:\\\/\\\/webdelmaestrocmf.com\\\/portal\\\/category\\\/charlas\\\/\"},{\"@type\":\"ListItem\",\"position\":3,\"name\":\"Alejandro Rodrigo: Nuestros hijos, todo el rato lo que quieren, y un adolescente lo que busca es sentirse orgulloso de su padre\"}]},{\"@type\":\"WebSite\",\"@id\":\"https:\\\/\\\/webdelmaestrocmf.com\\\/portal\\\/#website\",\"url\":\"https:\\\/\\\/webdelmaestrocmf.com\\\/portal\\\/\",\"name\":\"Web del Maestro CMF\",\"description\":\"Maestros al servicio de la educaci\u00f3n\",\"publisher\":{\"@id\":\"https:\\\/\\\/webdelmaestrocmf.com\\\/portal\\\/#organization\"},\"alternateName\":\"WMCMF\",\"potentialAction\":[{\"@type\":\"SearchAction\",\"target\":{\"@type\":\"EntryPoint\",\"urlTemplate\":\"https:\\\/\\\/webdelmaestrocmf.com\\\/portal\\\/?s={search_term_string}\"},\"query-input\":{\"@type\":\"PropertyValueSpecification\",\"valueRequired\":true,\"valueName\":\"search_term_string\"}}],\"inLanguage\":\"es\"},{\"@type\":\"Organization\",\"@id\":\"https:\\\/\\\/webdelmaestrocmf.com\\\/portal\\\/#organization\",\"name\":\"Web del Maestro CMF\",\"alternateName\":\"WMCMF\",\"url\":\"https:\\\/\\\/webdelmaestrocmf.com\\\/portal\\\/\",\"logo\":{\"@type\":\"ImageObject\",\"inLanguage\":\"es\",\"@id\":\"https:\\\/\\\/webdelmaestrocmf.com\\\/portal\\\/#\\\/schema\\\/logo\\\/image\\\/\",\"url\":\"https:\\\/\\\/webdelmaestrocmf.com\\\/portal\\\/wp-content\\\/uploads\\\/2023\\\/01\\\/logo-wmcmf-2.png\",\"contentUrl\":\"https:\\\/\\\/webdelmaestrocmf.com\\\/portal\\\/wp-content\\\/uploads\\\/2023\\\/01\\\/logo-wmcmf-2.png\",\"width\":200,\"height\":60,\"caption\":\"Web del Maestro CMF\"},\"image\":{\"@id\":\"https:\\\/\\\/webdelmaestrocmf.com\\\/portal\\\/#\\\/schema\\\/logo\\\/image\\\/\"},\"sameAs\":[\"https:\\\/\\\/www.facebook.com\\\/WebdelMaestroCMF\\\/\",\"https:\\\/\\\/x.com\\\/cmf_w\",\"https:\\\/\\\/www.pinterest.com\\\/WMCMF\\\/\",\"https:\\\/\\\/www.linkedin.com\\\/company\\\/web-del-maestro-cmf\\\/\",\"https:\\\/\\\/www.instagram.com\\\/wmcmf\\\/\",\"https:\\\/\\\/www.youtube.com\\\/channel\\\/UCDPSvjbdodE5sHnC3OxutHw\",\"https:\\\/\\\/mastodon.social\\\/@wmcmf\",\"https:\\\/\\\/www.tiktok.com\\\/@webdelmaestrocmf\"]},{\"@type\":\"Person\",\"@id\":\"https:\\\/\\\/webdelmaestrocmf.com\\\/portal\\\/#\\\/schema\\\/person\\\/1072a2ed7bd960df8ef99a551fa35dc5\",\"name\":\"Web del Maestro CMF\",\"image\":{\"@type\":\"ImageObject\",\"inLanguage\":\"es\",\"@id\":\"https:\\\/\\\/secure.gravatar.com\\\/avatar\\\/23291dd5b5ae1077dcff3dbb04c3e02bd28403fa75af6d8787d5e97c5bbbe30b?s=96&d=mm&r=g\",\"url\":\"https:\\\/\\\/secure.gravatar.com\\\/avatar\\\/23291dd5b5ae1077dcff3dbb04c3e02bd28403fa75af6d8787d5e97c5bbbe30b?s=96&d=mm&r=g\",\"contentUrl\":\"https:\\\/\\\/secure.gravatar.com\\\/avatar\\\/23291dd5b5ae1077dcff3dbb04c3e02bd28403fa75af6d8787d5e97c5bbbe30b?s=96&d=mm&r=g\",\"caption\":\"Web del Maestro CMF\"},\"description\":\"Esta Web se cre\u00f3 sin fines de lucro, con fines educativos, cient\u00edficos y acad\u00e9micos, para personas que tengan dificultades y\\\/o inconvenientes en visualizar el material original. El objetivo es entregar recursos, compartir experiencias y materiales que ayuden a los padres de familia, maestros y estudiantes en su actualizaci\u00f3n y formaci\u00f3n permanente, en bien de la Educaci\u00f3n.\",\"sameAs\":[\"http:\\\/\\\/webdelmaestrocmf.com\\\/portal\",\"https:\\\/\\\/www.facebook.com\\\/WebdelMaestroCMF\\\/\",\"https:\\\/\\\/www.instagram.com\\\/wmcmf\\\/\",\"https:\\\/\\\/cl.linkedin.com\\\/company\\\/web-del-maestro-cmf\",\"https:\\\/\\\/www.pinterest.com\\\/WMCMF\\\/publicaciones\\\/\",\"https:\\\/\\\/x.com\\\/cmf_w\",\"https:\\\/\\\/www.youtube.com\\\/@WMCMF\"]}]}<\/script>\n<!-- \/ Yoast SEO plugin. -->","yoast_head_json":{"title":"Alejandro Rodrigo: Nuestros hijos, todo el rato lo que quieren, y un adolescente lo que busca es sentirse orgulloso de su padre - 2026","description":"El experto en An\u00e1lisis e Investigaci\u00f3n Criminal en la U.A.M. Alejandro Rodrigo (Madrid,1981), estudi\u00f3 Magisterio Musical...","robots":{"index":"index","follow":"follow","max-snippet":"max-snippet:-1","max-image-preview":"max-image-preview:large","max-video-preview":"max-video-preview:-1"},"canonical":"https:\/\/webdelmaestrocmf.com\/portal\/el-humor-es-una-herramienta-de-la-que-hablamos-poco-cuando-estamos-en-momentos-de-tension\/","og_locale":"es_ES","og_type":"article","og_title":"Alejandro Rodrigo: Nuestros hijos, todo el rato lo que quieren, y un adolescente lo que busca es sentirse orgulloso de su padre - 2026","og_description":"El experto en An\u00e1lisis e Investigaci\u00f3n Criminal en la U.A.M. Alejandro Rodrigo (Madrid,1981), estudi\u00f3 Magisterio Musical...","og_url":"https:\/\/webdelmaestrocmf.com\/portal\/el-humor-es-una-herramienta-de-la-que-hablamos-poco-cuando-estamos-en-momentos-de-tension\/","og_site_name":"Web del Maestro CMF","article_publisher":"https:\/\/www.facebook.com\/WebdelMaestroCMF\/","article_author":"https:\/\/www.facebook.com\/WebdelMaestroCMF\/","article_published_time":"2023-03-15T02:18:14+00:00","article_modified_time":"2023-07-03T02:25:03+00:00","og_image":[{"width":900,"height":556,"url":"https:\/\/i0.wp.com\/webdelmaestrocmf.com\/portal\/wp-content\/uploads\/2021\/08\/A12B3C4D-5.jpg?fit=900%2C556&ssl=1","type":"image\/jpeg"}],"author":"Web del Maestro CMF","twitter_card":"summary_large_image","twitter_creator":"@cmf_w","twitter_site":"@cmf_w","schema":{"@context":"https:\/\/schema.org","@graph":[{"@type":"ScholarlyArticle","@id":"https:\/\/webdelmaestrocmf.com\/portal\/el-humor-es-una-herramienta-de-la-que-hablamos-poco-cuando-estamos-en-momentos-de-tension\/#article","isPartOf":{"@id":"https:\/\/webdelmaestrocmf.com\/portal\/el-humor-es-una-herramienta-de-la-que-hablamos-poco-cuando-estamos-en-momentos-de-tension\/"},"author":{"name":"Web del Maestro CMF","@id":"https:\/\/webdelmaestrocmf.com\/portal\/#\/schema\/person\/1072a2ed7bd960df8ef99a551fa35dc5"},"headline":"Alejandro Rodrigo: Nuestros hijos, todo el rato lo que quieren, y un adolescente lo que busca es sentirse orgulloso de su padre","datePublished":"2023-03-15T02:18:14+00:00","dateModified":"2023-07-03T02:25:03+00:00","mainEntityOfPage":{"@id":"https:\/\/webdelmaestrocmf.com\/portal\/el-humor-es-una-herramienta-de-la-que-hablamos-poco-cuando-estamos-en-momentos-de-tension\/"},"wordCount":1745,"commentCount":0,"publisher":{"@id":"https:\/\/webdelmaestrocmf.com\/portal\/#organization"},"image":{"@id":"https:\/\/webdelmaestrocmf.com\/portal\/el-humor-es-una-herramienta-de-la-que-hablamos-poco-cuando-estamos-en-momentos-de-tension\/#primaryimage"},"thumbnailUrl":"https:\/\/webdelmaestrocmf.com\/portal\/wp-content\/uploads\/2021\/08\/A12B3C4D-5.jpg","keywords":["Cuando","estamos","hablamos","HERRAMIENTA","HUMOR","momentos","poco","tensi\u00f3n"],"articleSection":["Charlas"],"inLanguage":"es","potentialAction":[{"@type":"CommentAction","name":"Comment","target":["https:\/\/webdelmaestrocmf.com\/portal\/el-humor-es-una-herramienta-de-la-que-hablamos-poco-cuando-estamos-en-momentos-de-tension\/#respond"]}]},{"@type":"WebPage","@id":"https:\/\/webdelmaestrocmf.com\/portal\/el-humor-es-una-herramienta-de-la-que-hablamos-poco-cuando-estamos-en-momentos-de-tension\/","url":"https:\/\/webdelmaestrocmf.com\/portal\/el-humor-es-una-herramienta-de-la-que-hablamos-poco-cuando-estamos-en-momentos-de-tension\/","name":"Alejandro Rodrigo: Nuestros hijos, todo el rato lo que quieren, y un adolescente lo que busca es sentirse orgulloso de su padre - 2026","isPartOf":{"@id":"https:\/\/webdelmaestrocmf.com\/portal\/#website"},"primaryImageOfPage":{"@id":"https:\/\/webdelmaestrocmf.com\/portal\/el-humor-es-una-herramienta-de-la-que-hablamos-poco-cuando-estamos-en-momentos-de-tension\/#primaryimage"},"image":{"@id":"https:\/\/webdelmaestrocmf.com\/portal\/el-humor-es-una-herramienta-de-la-que-hablamos-poco-cuando-estamos-en-momentos-de-tension\/#primaryimage"},"thumbnailUrl":"https:\/\/webdelmaestrocmf.com\/portal\/wp-content\/uploads\/2021\/08\/A12B3C4D-5.jpg","datePublished":"2023-03-15T02:18:14+00:00","dateModified":"2023-07-03T02:25:03+00:00","description":"El experto en An\u00e1lisis e Investigaci\u00f3n Criminal en la U.A.M. Alejandro Rodrigo (Madrid,1981), estudi\u00f3 Magisterio Musical...","breadcrumb":{"@id":"https:\/\/webdelmaestrocmf.com\/portal\/el-humor-es-una-herramienta-de-la-que-hablamos-poco-cuando-estamos-en-momentos-de-tension\/#breadcrumb"},"inLanguage":"es","potentialAction":[{"@type":"ReadAction","target":["https:\/\/webdelmaestrocmf.com\/portal\/el-humor-es-una-herramienta-de-la-que-hablamos-poco-cuando-estamos-en-momentos-de-tension\/"]}]},{"@type":"ImageObject","inLanguage":"es","@id":"https:\/\/webdelmaestrocmf.com\/portal\/el-humor-es-una-herramienta-de-la-que-hablamos-poco-cuando-estamos-en-momentos-de-tension\/#primaryimage","url":"https:\/\/webdelmaestrocmf.com\/portal\/wp-content\/uploads\/2021\/08\/A12B3C4D-5.jpg","contentUrl":"https:\/\/webdelmaestrocmf.com\/portal\/wp-content\/uploads\/2021\/08\/A12B3C4D-5.jpg","width":900,"height":556},{"@type":"BreadcrumbList","@id":"https:\/\/webdelmaestrocmf.com\/portal\/el-humor-es-una-herramienta-de-la-que-hablamos-poco-cuando-estamos-en-momentos-de-tension\/#breadcrumb","itemListElement":[{"@type":"ListItem","position":1,"name":"Portada","item":"https:\/\/webdelmaestrocmf.com\/portal\/"},{"@type":"ListItem","position":2,"name":"Charlas","item":"https:\/\/webdelmaestrocmf.com\/portal\/category\/charlas\/"},{"@type":"ListItem","position":3,"name":"Alejandro Rodrigo: Nuestros hijos, todo el rato lo que quieren, y un adolescente lo que busca es sentirse orgulloso de su padre"}]},{"@type":"WebSite","@id":"https:\/\/webdelmaestrocmf.com\/portal\/#website","url":"https:\/\/webdelmaestrocmf.com\/portal\/","name":"Web del Maestro CMF","description":"Maestros al servicio de la educaci\u00f3n","publisher":{"@id":"https:\/\/webdelmaestrocmf.com\/portal\/#organization"},"alternateName":"WMCMF","potentialAction":[{"@type":"SearchAction","target":{"@type":"EntryPoint","urlTemplate":"https:\/\/webdelmaestrocmf.com\/portal\/?s={search_term_string}"},"query-input":{"@type":"PropertyValueSpecification","valueRequired":true,"valueName":"search_term_string"}}],"inLanguage":"es"},{"@type":"Organization","@id":"https:\/\/webdelmaestrocmf.com\/portal\/#organization","name":"Web del Maestro CMF","alternateName":"WMCMF","url":"https:\/\/webdelmaestrocmf.com\/portal\/","logo":{"@type":"ImageObject","inLanguage":"es","@id":"https:\/\/webdelmaestrocmf.com\/portal\/#\/schema\/logo\/image\/","url":"https:\/\/webdelmaestrocmf.com\/portal\/wp-content\/uploads\/2023\/01\/logo-wmcmf-2.png","contentUrl":"https:\/\/webdelmaestrocmf.com\/portal\/wp-content\/uploads\/2023\/01\/logo-wmcmf-2.png","width":200,"height":60,"caption":"Web del Maestro CMF"},"image":{"@id":"https:\/\/webdelmaestrocmf.com\/portal\/#\/schema\/logo\/image\/"},"sameAs":["https:\/\/www.facebook.com\/WebdelMaestroCMF\/","https:\/\/x.com\/cmf_w","https:\/\/www.pinterest.com\/WMCMF\/","https:\/\/www.linkedin.com\/company\/web-del-maestro-cmf\/","https:\/\/www.instagram.com\/wmcmf\/","https:\/\/www.youtube.com\/channel\/UCDPSvjbdodE5sHnC3OxutHw","https:\/\/mastodon.social\/@wmcmf","https:\/\/www.tiktok.com\/@webdelmaestrocmf"]},{"@type":"Person","@id":"https:\/\/webdelmaestrocmf.com\/portal\/#\/schema\/person\/1072a2ed7bd960df8ef99a551fa35dc5","name":"Web del Maestro CMF","image":{"@type":"ImageObject","inLanguage":"es","@id":"https:\/\/secure.gravatar.com\/avatar\/23291dd5b5ae1077dcff3dbb04c3e02bd28403fa75af6d8787d5e97c5bbbe30b?s=96&d=mm&r=g","url":"https:\/\/secure.gravatar.com\/avatar\/23291dd5b5ae1077dcff3dbb04c3e02bd28403fa75af6d8787d5e97c5bbbe30b?s=96&d=mm&r=g","contentUrl":"https:\/\/secure.gravatar.com\/avatar\/23291dd5b5ae1077dcff3dbb04c3e02bd28403fa75af6d8787d5e97c5bbbe30b?s=96&d=mm&r=g","caption":"Web del Maestro CMF"},"description":"Esta Web se cre\u00f3 sin fines de lucro, con fines educativos, cient\u00edficos y acad\u00e9micos, para personas que tengan dificultades y\/o inconvenientes en visualizar el material original. El objetivo es entregar recursos, compartir experiencias y materiales que ayuden a los padres de familia, maestros y estudiantes en su actualizaci\u00f3n y formaci\u00f3n permanente, en bien de la Educaci\u00f3n.","sameAs":["http:\/\/webdelmaestrocmf.com\/portal","https:\/\/www.facebook.com\/WebdelMaestroCMF\/","https:\/\/www.instagram.com\/wmcmf\/","https:\/\/cl.linkedin.com\/company\/web-del-maestro-cmf","https:\/\/www.pinterest.com\/WMCMF\/publicaciones\/","https:\/\/x.com\/cmf_w","https:\/\/www.youtube.com\/@WMCMF"]}]}},"jetpack_featured_media_url":"https:\/\/webdelmaestrocmf.com\/portal\/wp-content\/uploads\/2021\/08\/A12B3C4D-5.jpg","jetpack_sharing_enabled":true,"jetpack-related-posts":[{"id":54949,"url":"https:\/\/webdelmaestrocmf.com\/portal\/armate-de-valentia-porque-todo-lo-que-lograras-esta-justo-al-otro-lado-del-miedo\/","url_meta":{"origin":66540,"position":0},"title":"\u00c1rmate de valent\u00eda, porque todo lo que lograr\u00e1s est\u00e1 justo al otro lado del miedo","author":"Web del Maestro CMF","date":"20 noviembre, 2020","format":"video","excerpt":"Hoy tenemos la oportunidad de ver y escuchar el di\u00e1logo con adolescentes a la periodista, psic\u00f3loga, escritora, conferenciante, humanista y deportista espa\u00f1ola Irene Villa (Madrid, 1978), quien a la edad de doce a\u00f1os sobrevivi\u00f3 a un atentado terrorista, con secuelas muy graves. Su recuerdo es capaz de ense\u00f1ar a los\u2026","rel":"","context":"En \u00abAdolescente\u00bb","block_context":{"text":"Adolescente","link":"https:\/\/webdelmaestrocmf.com\/portal\/category\/adolescente\/"},"img":{"alt_text":"","src":"https:\/\/i0.wp.com\/webdelmaestrocmf.com\/portal\/wp-content\/uploads\/2020\/11\/1-copia-61.jpg?resize=350%2C200&ssl=1","width":350,"height":200,"srcset":"https:\/\/i0.wp.com\/webdelmaestrocmf.com\/portal\/wp-content\/uploads\/2020\/11\/1-copia-61.jpg?resize=350%2C200&ssl=1 1x, https:\/\/i0.wp.com\/webdelmaestrocmf.com\/portal\/wp-content\/uploads\/2020\/11\/1-copia-61.jpg?resize=525%2C300&ssl=1 1.5x, https:\/\/i0.wp.com\/webdelmaestrocmf.com\/portal\/wp-content\/uploads\/2020\/11\/1-copia-61.jpg?resize=700%2C400&ssl=1 2x, https:\/\/i0.wp.com\/webdelmaestrocmf.com\/portal\/wp-content\/uploads\/2020\/11\/1-copia-61.jpg?resize=1050%2C600&ssl=1 3x"},"classes":[]},{"id":113561,"url":"https:\/\/webdelmaestrocmf.com\/portal\/adolescente-de-13-anos-le-dispara-a-su-madre-en-la-mandibula-luego-de-que-ella-le-quitara-el-celular\/","url_meta":{"origin":66540,"position":1},"title":"Adolescente de 13 a\u00f1os le dispara a su madre en la mand\u00edbula, luego de que ella le quitara el celular","author":"Web del Maestro CMF","date":"22 noviembre, 2025","format":false,"excerpt":"Adolescente de 13 a\u00f1os dispar\u00f3 a su madre en la mand\u00edbula tras quitarle el celular por consumir alcohol; fue liberado y sigue investigado.","rel":"","context":"En \u00abNoticias Internacionales\u00bb","block_context":{"text":"Noticias Internacionales","link":"https:\/\/webdelmaestrocmf.com\/portal\/category\/noticias-internacionales\/"},"img":{"alt_text":"","src":"https:\/\/i0.wp.com\/webdelmaestrocmf.com\/portal\/wp-content\/uploads\/2025\/11\/1A-Banner-1-portada-imagen-10-1-copia-16.webp?resize=350%2C200&ssl=1","width":350,"height":200,"srcset":"https:\/\/i0.wp.com\/webdelmaestrocmf.com\/portal\/wp-content\/uploads\/2025\/11\/1A-Banner-1-portada-imagen-10-1-copia-16.webp?resize=350%2C200&ssl=1 1x, https:\/\/i0.wp.com\/webdelmaestrocmf.com\/portal\/wp-content\/uploads\/2025\/11\/1A-Banner-1-portada-imagen-10-1-copia-16.webp?resize=525%2C300&ssl=1 1.5x, https:\/\/i0.wp.com\/webdelmaestrocmf.com\/portal\/wp-content\/uploads\/2025\/11\/1A-Banner-1-portada-imagen-10-1-copia-16.webp?resize=700%2C400&ssl=1 2x"},"classes":[]},{"id":115126,"url":"https:\/\/webdelmaestrocmf.com\/portal\/madre-corrige-a-su-hijo-por-insultar-a-su-profesor-y-molestar-a-sus-companeras\/","url_meta":{"origin":66540,"position":2},"title":"Madre corrige a su hijo por insultar a su profesor y molestar a sus compa\u00f1eras","author":"Web del Maestro CMF","date":"4 febrero, 2026","format":false,"excerpt":"Madre admite haber corregido f\u00edsicamente a su hijo de 12 a\u00f1os tras denuncias de insultos a un profesor: \u201c...prefiere corregirlo ahora antes de que se convierta en un delincuente en el futuro\u201d.","rel":"","context":"En \u00abNoticias Internacionales\u00bb","block_context":{"text":"Noticias Internacionales","link":"https:\/\/webdelmaestrocmf.com\/portal\/category\/noticias-internacionales\/"},"img":{"alt_text":"","src":"https:\/\/i0.wp.com\/webdelmaestrocmf.com\/portal\/wp-content\/uploads\/2026\/02\/1A-Banner-1-portada-imagen-10-1-copia-6.webp?resize=350%2C200&ssl=1","width":350,"height":200,"srcset":"https:\/\/i0.wp.com\/webdelmaestrocmf.com\/portal\/wp-content\/uploads\/2026\/02\/1A-Banner-1-portada-imagen-10-1-copia-6.webp?resize=350%2C200&ssl=1 1x, https:\/\/i0.wp.com\/webdelmaestrocmf.com\/portal\/wp-content\/uploads\/2026\/02\/1A-Banner-1-portada-imagen-10-1-copia-6.webp?resize=525%2C300&ssl=1 1.5x, https:\/\/i0.wp.com\/webdelmaestrocmf.com\/portal\/wp-content\/uploads\/2026\/02\/1A-Banner-1-portada-imagen-10-1-copia-6.webp?resize=700%2C400&ssl=1 2x"},"classes":[]},{"id":112072,"url":"https:\/\/webdelmaestrocmf.com\/portal\/padre-de-nino-de-10-anos-que-resulto-empalado-en-colegio-solicita-ayuda-menor-requiere-nuevas-cirugias-de-reconstruccion\/","url_meta":{"origin":66540,"position":3},"title":"Padre de ni\u00f1o de 10 a\u00f1os que result\u00f3 empalado en colegio solicita ayuda: menor requiere nuevas cirug\u00edas de reconstrucci\u00f3n","author":"Web del Maestro CMF","date":"11 septiembre, 2025","format":false,"excerpt":"A trav\u00e9s de un video en Instagram, el padre cont\u00f3 que su hijo ya ha pasado por cinco cirug\u00edas y necesita al menos dos m\u00e1s.","rel":"","context":"En \u00abNoticias Internacionales\u00bb","block_context":{"text":"Noticias Internacionales","link":"https:\/\/webdelmaestrocmf.com\/portal\/category\/noticias-internacionales\/"},"img":{"alt_text":"","src":"https:\/\/i0.wp.com\/webdelmaestrocmf.com\/portal\/wp-content\/uploads\/2025\/09\/1A-Banner-1-portada-imagen-10-1-copia-2025-09-11T203142.037.webp?resize=350%2C200&ssl=1","width":350,"height":200,"srcset":"https:\/\/i0.wp.com\/webdelmaestrocmf.com\/portal\/wp-content\/uploads\/2025\/09\/1A-Banner-1-portada-imagen-10-1-copia-2025-09-11T203142.037.webp?resize=350%2C200&ssl=1 1x, https:\/\/i0.wp.com\/webdelmaestrocmf.com\/portal\/wp-content\/uploads\/2025\/09\/1A-Banner-1-portada-imagen-10-1-copia-2025-09-11T203142.037.webp?resize=525%2C300&ssl=1 1.5x, https:\/\/i0.wp.com\/webdelmaestrocmf.com\/portal\/wp-content\/uploads\/2025\/09\/1A-Banner-1-portada-imagen-10-1-copia-2025-09-11T203142.037.webp?resize=700%2C400&ssl=1 2x"},"classes":[]},{"id":115646,"url":"https:\/\/webdelmaestrocmf.com\/portal\/alumno-agredio-a-companera-en-secundaria-de-veracruz-autoridades-activan-protocolos\/","url_meta":{"origin":66540,"position":4},"title":"Alumno agredi\u00f3 a compa\u00f1era en secundaria de Veracruz; autoridades activan protocolos","author":"Web del Maestro CMF","date":"2 marzo, 2026","format":false,"excerpt":"Un alumno de secundaria agredi\u00f3 brutalmente a una compa\u00f1era dentro del plantel. El hecho fue grabado por estudiantes, difundido en redes sociales y oblig\u00f3 a autoridades educativas a activar protocolos.","rel":"","context":"En \u00abNoticias Internacionales\u00bb","block_context":{"text":"Noticias Internacionales","link":"https:\/\/webdelmaestrocmf.com\/portal\/category\/noticias-internacionales\/"},"img":{"alt_text":"","src":"https:\/\/i0.wp.com\/webdelmaestrocmf.com\/portal\/wp-content\/uploads\/2026\/03\/1A-Banner-1-portada-imagen-10-1-copia-8.webp?resize=350%2C200&ssl=1","width":350,"height":200,"srcset":"https:\/\/i0.wp.com\/webdelmaestrocmf.com\/portal\/wp-content\/uploads\/2026\/03\/1A-Banner-1-portada-imagen-10-1-copia-8.webp?resize=350%2C200&ssl=1 1x, https:\/\/i0.wp.com\/webdelmaestrocmf.com\/portal\/wp-content\/uploads\/2026\/03\/1A-Banner-1-portada-imagen-10-1-copia-8.webp?resize=525%2C300&ssl=1 1.5x, https:\/\/i0.wp.com\/webdelmaestrocmf.com\/portal\/wp-content\/uploads\/2026\/03\/1A-Banner-1-portada-imagen-10-1-copia-8.webp?resize=700%2C400&ssl=1 2x"},"classes":[]},{"id":106856,"url":"https:\/\/webdelmaestrocmf.com\/portal\/proponen-prohiben-el-uso-de-redes-sociales-a-menores-de-16-anos\/","url_meta":{"origin":66540,"position":5},"title":"Proponen prohibir el uso de redes sociales a menores de 16 a\u00f1os","author":"Web del Maestro CMF","date":"7 noviembre, 2024","format":false,"excerpt":"Recientemente, el gobierno de Australia ha anunciado un ambicioso proyecto de ley para prohibir el uso de redes sociales a menores de 16 a\u00f1os. La iniciativa, impulsada por el primer ministro Anthony Albanese, busca proteger a los adolescentes de los efectos nocivos de redes como TikTok, Instagram y Facebook, argumentando\u2026","rel":"","context":"En \u00abNoticias Internacionales\u00bb","block_context":{"text":"Noticias Internacionales","link":"https:\/\/webdelmaestrocmf.com\/portal\/category\/noticias-internacionales\/"},"img":{"alt_text":"","src":"https:\/\/i0.wp.com\/webdelmaestrocmf.com\/portal\/wp-content\/uploads\/2024\/11\/Banner-1-portada-imagen-10-1-29.jpg?resize=350%2C200&ssl=1","width":350,"height":200,"srcset":"https:\/\/i0.wp.com\/webdelmaestrocmf.com\/portal\/wp-content\/uploads\/2024\/11\/Banner-1-portada-imagen-10-1-29.jpg?resize=350%2C200&ssl=1 1x, https:\/\/i0.wp.com\/webdelmaestrocmf.com\/portal\/wp-content\/uploads\/2024\/11\/Banner-1-portada-imagen-10-1-29.jpg?resize=525%2C300&ssl=1 1.5x, https:\/\/i0.wp.com\/webdelmaestrocmf.com\/portal\/wp-content\/uploads\/2024\/11\/Banner-1-portada-imagen-10-1-29.jpg?resize=700%2C400&ssl=1 2x"},"classes":[]}],"_links":{"self":[{"href":"https:\/\/webdelmaestrocmf.com\/portal\/wp-json\/wp\/v2\/posts\/66540","targetHints":{"allow":["GET"]}}],"collection":[{"href":"https:\/\/webdelmaestrocmf.com\/portal\/wp-json\/wp\/v2\/posts"}],"about":[{"href":"https:\/\/webdelmaestrocmf.com\/portal\/wp-json\/wp\/v2\/types\/post"}],"author":[{"embeddable":true,"href":"https:\/\/webdelmaestrocmf.com\/portal\/wp-json\/wp\/v2\/users\/1"}],"replies":[{"embeddable":true,"href":"https:\/\/webdelmaestrocmf.com\/portal\/wp-json\/wp\/v2\/comments?post=66540"}],"version-history":[{"count":0,"href":"https:\/\/webdelmaestrocmf.com\/portal\/wp-json\/wp\/v2\/posts\/66540\/revisions"}],"wp:featuredmedia":[{"embeddable":true,"href":"https:\/\/webdelmaestrocmf.com\/portal\/wp-json\/wp\/v2\/media\/85697"}],"wp:attachment":[{"href":"https:\/\/webdelmaestrocmf.com\/portal\/wp-json\/wp\/v2\/media?parent=66540"}],"wp:term":[{"taxonomy":"category","embeddable":true,"href":"https:\/\/webdelmaestrocmf.com\/portal\/wp-json\/wp\/v2\/categories?post=66540"},{"taxonomy":"post_tag","embeddable":true,"href":"https:\/\/webdelmaestrocmf.com\/portal\/wp-json\/wp\/v2\/tags?post=66540"}],"curies":[{"name":"wp","href":"https:\/\/api.w.org\/{rel}","templated":true}]}}