{"id":66496,"date":"2021-08-12T23:20:59","date_gmt":"2021-08-13T03:20:59","guid":{"rendered":"https:\/\/webdelmaestrocmf.com\/portal\/?p=66496"},"modified":"2022-04-29T01:26:12","modified_gmt":"2022-04-29T05:26:12","slug":"juanjo-vergara-tambien-es-necesario-que-los-profesores-sean-capaces-de-hacerse-preguntas","status":"publish","type":"post","link":"https:\/\/webdelmaestrocmf.com\/portal\/juanjo-vergara-tambien-es-necesario-que-los-profesores-sean-capaces-de-hacerse-preguntas\/","title":{"rendered":"Juanjo Vergara: Tambi\u00e9n es necesario que los profesores sean capaces de hacerse preguntas"},"content":{"rendered":"<h5 class=\"font_8\" style=\"text-align: justify;\">Especialista en innovaci\u00f3n educativa y metodolog\u00edas activas. Formador y docente en ejercicio. Ha trabajado en muchos contextos educativos: educaci\u00f3n primaria, secundaria, formaci\u00f3n profesional, adultos, educaci\u00f3n en prisiones, educaci\u00f3n comunitaria. Presidente del LABoratorio de INnovaci\u00f3n Educativa [<a href=\"http:\/\/labine.org\/\" target=\"_blank\" rel=\"noopener\">labine.org<\/a>]<\/h5>\n<p><!--more--><\/p>\n<h5 class=\"font_8\" style=\"text-align: justify;\">Es pedagogo especializado en gesti\u00f3n y direcci\u00f3n de centros educativos con estudios de postgrado en animaci\u00f3n sociocultural y\u00a0 en educaci\u00f3n de adultos. Tambi\u00e9n es Maestro.<\/h5>\n<p style=\"text-align: justify;\">\u00ab<strong>Solo se aprende lo que emociona\u00bb<\/strong>. Esta es una de las frases que siempre repite Juanjo Vergara, especialista en innovaci\u00f3n educativa y metodolog\u00edas activas, educador y presidente del\u00a0Laboratorio de Innovaci\u00f3n Educativa. En Colegios Zola, como parte de nuestra apuesta por la Innovaci\u00f3n Educativa, hablamos con \u00e9l sobre el papel de los docentes, de las familias, sobre emociones e innovaci\u00f3n en las aulas.<\/p>\n<h5>\u00bfQu\u00e9 deber\u00edan hacer los profesores para emocionar a los alumnos?<\/h5>\n<p style=\"text-align: justify;\">Deber\u00edan preguntarse qu\u00e9 dicen los contenidos de los alumnos y eso es lo que no se hace normalmente en la ense\u00f1anza. Es decir, d\u00f3nde puede ver el alumno en su vida cotidiana los contenidos que est\u00e1 trabajando, y as\u00ed va a establecer un v\u00ednculo emocional con lo que aprende.<\/p>\n<p style=\"text-align: justify;\">Cada vez hay m\u00e1s docentes que dejan de tener miedo a equivocarse y<strong>\u00a0estamos en la l\u00ednea de innovaci\u00f3n<\/strong>, pero tambi\u00e9n hay mucho movimiento que se basa en la rendici\u00f3n de cuentas y esos docentes no se preocupan tanto sobre qu\u00e9 dice el contenido del alumno sino m\u00e1s bien qu\u00e9 dice el alumno del contenido.<\/p>\n<p><a href=\"https:\/\/webdelmaestrocmf.com\/portal\/wp-content\/uploads\/2021\/08\/1-80.jpg\"><img loading=\"lazy\" decoding=\"async\" class=\"alignnone size-large wp-image-66497\" src=\"https:\/\/webdelmaestrocmf.com\/portal\/wp-content\/uploads\/2021\/08\/1-80-1024x633.jpg\" alt=\"\" width=\"1024\" height=\"633\" srcset=\"https:\/\/webdelmaestrocmf.com\/portal\/wp-content\/uploads\/2021\/08\/1-80-1024x633.jpg 1024w, https:\/\/webdelmaestrocmf.com\/portal\/wp-content\/uploads\/2021\/08\/1-80-300x185.jpg 300w, https:\/\/webdelmaestrocmf.com\/portal\/wp-content\/uploads\/2021\/08\/1-80-768x475.jpg 768w, https:\/\/webdelmaestrocmf.com\/portal\/wp-content\/uploads\/2021\/08\/1-80-110x68.jpg 110w, https:\/\/webdelmaestrocmf.com\/portal\/wp-content\/uploads\/2021\/08\/1-80-200x124.jpg 200w, https:\/\/webdelmaestrocmf.com\/portal\/wp-content\/uploads\/2021\/08\/1-80-380x235.jpg 380w, https:\/\/webdelmaestrocmf.com\/portal\/wp-content\/uploads\/2021\/08\/1-80-255x158.jpg 255w, https:\/\/webdelmaestrocmf.com\/portal\/wp-content\/uploads\/2021\/08\/1-80-550x340.jpg 550w, https:\/\/webdelmaestrocmf.com\/portal\/wp-content\/uploads\/2021\/08\/1-80-800x495.jpg 800w, https:\/\/webdelmaestrocmf.com\/portal\/wp-content\/uploads\/2021\/08\/1-80-220x136.jpg 220w, https:\/\/webdelmaestrocmf.com\/portal\/wp-content\/uploads\/2021\/08\/1-80-400x247.jpg 400w, https:\/\/webdelmaestrocmf.com\/portal\/wp-content\/uploads\/2021\/08\/1-80-760x470.jpg 760w, https:\/\/webdelmaestrocmf.com\/portal\/wp-content\/uploads\/2021\/08\/1-80-510x315.jpg 510w, https:\/\/webdelmaestrocmf.com\/portal\/wp-content\/uploads\/2021\/08\/1-80-600x371.jpg 600w, https:\/\/webdelmaestrocmf.com\/portal\/wp-content\/uploads\/2021\/08\/1-80.jpg 1100w\" sizes=\"auto, (max-width: 1024px) 100vw, 1024px\" \/><\/a><\/p>\n<h5>\u00bfQu\u00e9 papel cree que tiene una adecuada gesti\u00f3n de las emociones en la educaci\u00f3n?<\/h5>\n<p style=\"text-align: justify;\">Yo creo que es fundamental. Creo que hay cuatro\u00a0<strong>elementos b\u00e1sicos en el aprendizaje.<\/strong>\u00a0Me gusta llamarlo \u00abla mesa del aprendizaje\u00bb. Una mesa sin una pata se cae, necesita cuatro apoyos, pues en el aprendizaje ocurre lo mismo. Una \u00abpata\u00bb son las\u00a0<strong>ideas, el contenido, la raz\u00f3n<\/strong>; otra \u00abpata\u00bb son las\u00a0<strong>emociones<\/strong>\u00a0porque si no hay un v\u00ednculo emocional con el contenido entonces no aprendes; y las otras dos \u00abpatas\u00bb son las\u00a0<strong>relaciones<\/strong>\u00a0porque se aprende mejor juntos que separado y<strong>\u00a0la acci\u00f3n<\/strong>, puesto que hay que aprender haciendo.<\/p>\n<div class=\"pk-content-block pk-block-bg pk-block-bg-inverse\" style=\"text-align: center;\">Hay cuatro elementos b\u00e1sicos en el aprendizaje: ideas (contenido y raz\u00f3n), emociones, relaciones y acci\u00f3n<\/div>\n<h5>\u00bfAprendemos mejor juntos y cara a cara preferiblemente?<\/h5>\n<p style=\"text-align: justify;\">Nada puede sustituir la ense\u00f1anza presencial, pero tambi\u00e9n es verdad que en la sociedad en la que vivimos, antes est\u00e1bamos f\u00edsicamente muy cerca pero emocional y relacionalmente, vitalmente, muy lejos.<\/p>\n<h5>Para tener profesores innovadores es necesario\u2026<\/h5>\n<p style=\"text-align: justify;\">Un equipo directivo y un equipo docente que quiera innovar va a convertir su centro en un centro innovador porque ellos son los que m\u00e1s saben de sus alumnos. Tambi\u00e9n es necesario que los profesores sean capaces de hacerse preguntas. Los profesores est\u00e1n acostumbrados a dar respuestas, pero si conseguimos docentes que tengan siempre una pregunta en la boca, entonces tenemos la innovaci\u00f3n dentro del centro.\u00a0<strong>Es importante que no se pierda el pensamiento cr\u00edtico, el miedo a equivocarse, las ganas de investigar y de ensayar<\/strong>, todo ese conjunto de cosas que conlleva hacerse preguntas.<\/p>\n<div class=\"pk-content-block pk-block-bg pk-block-bg-inverse\" style=\"text-align: center;\">\u00abSi conseguimos docentes que tengan siempre una pregunta en la boca, entonces tenemos la innovaci\u00f3n dentro del centro\u00bb<\/div>\n<h5>Aprendizaje por proyectos, cooperativos, aprendizaje-servicio, \u00bfa veces los alumnos est\u00e1n al servicio de las metodolog\u00edas y no al contrario?<\/h5>\n<p style=\"text-align: justify;\">S\u00ed, efectivamente. Igual que hay gente que lo est\u00e1 haciendo muy bien, tambi\u00e9n hay gente que est\u00e1 muy en la carrera de ponerse la medalla de la innovaci\u00f3n, de ensayar cualquier cosa nueva. Por ejemplo jugar, siempre hemos jugado, ahora gamificamos. Nos apuntamos a esto. Lo importante es que el docente haga una cosa que no hace habitualmente que es empoderarse y darse cuenta de que el experto en la educaci\u00f3n de sus ni\u00f1os es \u00e9l. Los expertos cuando vamos all\u00ed a contar metodolog\u00edas lo que hacemos es contar un marco, unos par\u00e1metros generales.<\/p>\n<div class=\"pk-content-block pk-block-bg pk-block-bg-inverse\">\u00abEl docente tiene que empoderarse y darse cuenta de que el experto en la educaci\u00f3n de sus ni\u00f1os es \u00e9l\u00bb<\/div>\n<h5>\u00bfQu\u00e9 pueden hacer las familias para incentivar la innovaci\u00f3n y la creatividad en sus hijos?<\/h5>\n<p style=\"text-align: justify;\">Tener\u00a0<strong>confianza en los centros educativos<\/strong>. Muchas veces las peleas tit\u00e1nicas entre familia y centro son absurdas. Despu\u00e9s, sumarse, porque si las familias se suman y conf\u00edan pueden ser un gente maravilloso en la educaci\u00f3n.<\/p>\n<h5>\u00bfQu\u00e9 falta en el sistema educativo espa\u00f1ol para que la innovaci\u00f3n est\u00e9 realmente presente en el aula?<\/h5>\n<p style=\"text-align: justify;\">Que cuando se configuren los curr\u00edculos est\u00e9n realmente orientados, y no s\u00f3lo de palabra, al desarrollo de competencias y habilidades; que se piense en las necesidades formativas del siglo XXI; que cuando se hable de formaci\u00f3n y de inserci\u00f3n laboral no se hable solo de emprendimiento; que no haya fuga de talentos\u2026 A m\u00ed me preocupa lo que podemos hacer dentro del aula,\u00a0<strong>que nos preguntemos qu\u00e9 necesitan los alumnos<\/strong>\u00a0para ser felices y para aprender muchas cosas y desenvolverse bien en la vida y desenvolverse bien la vida se cuantifica en hacerlo bien en el trabajo, en las relaciones, en la familia y en la comunidad. En este sentido, las habilidades que hay que desarrollar son siempre las mismas, pues trabajemos con ellas.<\/p>\n<p style=\"text-align: justify;\">Hay docentes que est\u00e1n haciendo cosas maravillosas y hay otros que, con pandemia o sin pandemia, hacen cosas desastrosas. Por lo tanto, midamos a cada cu\u00e1l por lo que est\u00e1 haciendo.<\/p>\n<div class=\"pk-content-block pk-block-bg pk-block-bg-inverse\" style=\"text-align: center;\">\u00abMe preocupa lo que podemos hacer dentro del aula, que nos preguntemos qu\u00e9 necesitan los alumnos para ser felices y desenvolverse bien en la vida\u00bb<\/div>\n<h5>\u00bfC\u00f3mo cree que va a salir el sistema educativo de esta pandemia?<\/h5>\n<p style=\"text-align: justify;\">Hay que alertar de que la pandemia no puede servir para dar un paso atr\u00e1s en el modelo de rendici\u00f3n de cuentas. S\u00ed que hay una cosa que saldr\u00e1 tocada y es el tema de los afectos y c\u00f3mo est\u00e1n viviendo los docentes y el alumnado este tema. En los alumnos he visto que hay cuadros de depresi\u00f3n, de des\u00e1nimo, de que no est\u00e1n aprendiendo y los profesores tambi\u00e9n. El mundo emocional es el m\u00e1s afectado.<\/p>\n<h5>\u00bfEn qu\u00e9 proyectos est\u00e1 inmerso?<\/h5>\n<p style=\"text-align: justify;\">Hace poco creamos una asociaci\u00f3n que presido que se llama Laboratorio de Innovaci\u00f3n Educativa y estamos montando una escuela online para trabajar con docentes, hemos hecho formaciones sobre metodolog\u00edas activas\u2026 Adem\u00e1s, este a\u00f1o publicar\u00e9 un nuevo libro sobre aprendizaje basado en proyectos que tentativamente se titular\u00e1 \u201cUn aula, un proyecto\u201d.<\/p>\n<p><strong>Este contenido ha sido publicado originalmente por Zola Villafranca en la siguiente direcci\u00f3n: <a href=\"http:\/\/colegiozolavillafranca.es\" target=\"_blank\" rel=\"noopener\">colegiozolavillafranca.es<\/a><\/strong><\/p>\n\t\t<div class=\"pk-inline-posts\">\n\t\t\t\n\t\t\t<div class=\"pk-inline-posts-container pk-inline-posts-template-list\"\n\t\t\t\tdata-columns=\"1\">\n\t\t\t\t\t\t<article id=\"post-118510\" class=\"post-118510 post type-post status-publish format-standard has-post-thumbnail category-entrevistas category-noticias tag-aprendizaje tag-aula tag-docentes tag-educacion-2 tag-estudiantes tag-filosofia-2 tag-formacion-2 tag-inteligencia tag-jose-antonio-marina tag-pedagogia-2 tag-pensamiento-critico-2 cs-entry cs-video-wrap\">\n\t\t\t<div class=\"pk-post-outer\">\n\n\t\t\t\t\t\t\t\t<div class=\"pk-post-inner\">\n\t\t\t\t\t<div class=\"entry-thumbnail\">\n\t\t\t\t\t\t<div class=\"pk-overlay pk-overlay-ratio pk-ratio-landscape\">\n\t\t\t\t\t\t\t<div class=\"pk-overlay-background\">\n\t\t\t\t\t\t\t\t<a href=\"https:\/\/webdelmaestrocmf.com\/portal\/jose-antonio-marina-si-no-teneis-pensamiento-critico-o-si-no-hay-pensamiento-critico-la-manipulacion-va-a-ser-muy-sencilla\/\" class=\"pk-overlay-link\">\n\t\t\t\t\t\t\t\t\t<img loading=\"lazy\" decoding=\"async\" width=\"300\" height=\"225\" src=\"https:\/\/webdelmaestrocmf.com\/portal\/wp-content\/uploads\/2026\/04\/1AA-Banner-1-portada-imagen-10-1-copia-5-6-300x225.webp\" class=\"attachment-pk-thumbnail size-pk-thumbnail wp-post-image\" alt=\"\" \/>\t\t\t\t\t\t\t\t<\/a>\n\t\t\t\t\t\t\t<\/div>\n\t\t\t\t\t\t<\/div>\n\t\t\t\t\t<\/div>\n\t\t\t\t<\/div>\n\t\t\t\t\n\t\t\t\t<div class=\"pk-post-inner\">\n\t\t\t\t\t<header>\n\t\t\t\t\t\t<h3 class=\"pk-title\"><a href=\"https:\/\/webdelmaestrocmf.com\/portal\/jose-antonio-marina-si-no-teneis-pensamiento-critico-o-si-no-hay-pensamiento-critico-la-manipulacion-va-a-ser-muy-sencilla\/\" rel=\"bookmark\">Jos\u00e9 Antonio Marina: Si no ten\u00e9is pensamiento cr\u00edtico, o si no hay pensamiento cr\u00edtico, la manipulaci\u00f3n va a ser muy sencilla<\/a><\/h3>\t\t\t\t\t<\/header><!-- .entry-header -->\n\t\t\t\t<\/div><!-- .post-inner -->\n\n\t\t\t<\/div><!-- .post-outer -->\n\t\t<\/article>\n\t\t\t\t<\/div>\n\t\t<\/div>\n\t\t\n","protected":false},"excerpt":{"rendered":"Especialista en innovaci\u00f3n educativa y metodolog\u00edas activas. Formador y docente en ejercicio. Ha trabajado en muchos contextos educativos:&hellip;","protected":false},"author":1,"featured_media":66498,"comment_status":"open","ping_status":"closed","sticky":false,"template":"","format":"standard","meta":{"csco_display_header_overlay":false,"csco_singular_sidebar":"disabled","csco_page_header_type":"standard","csco_page_load_nextpost":"default","csco_post_video_location":[],"csco_post_video_location_hash":"","csco_post_video_url":"","csco_post_video_bg_start_time":0,"csco_post_video_bg_end_time":0,"csco_post_video_bg_volume":false,"_jetpack_memberships_contains_paid_content":false,"footnotes":""},"categories":[48,47],"tags":[1215,13948,4633,5166,13946,2165,13947],"class_list":{"0":"post-66496","1":"post","2":"type-post","3":"status-publish","4":"format-standard","5":"has-post-thumbnail","7":"category-entrevistas","8":"category-noticias","9":"tag-critico","10":"tag-equivocarse","11":"tag-importante","12":"tag-investigar","13":"tag-juanjo-vergara","14":"tag-pensamiento","15":"tag-pierda","16":"cs-entry","17":"cs-video-wrap"},"yoast_head":"<!-- This site is optimized with the Yoast SEO plugin v27.5 - https:\/\/yoast.com\/product\/yoast-seo-wordpress\/ -->\n<title>Juanjo Vergara: Tambi\u00e9n es necesario que los profesores sean capaces de hacerse preguntas - 2026<\/title>\n<meta name=\"description\" content=\"Especialista en innovaci\u00f3n educativa y metodolog\u00edas activas. Formador y docente en ejercicio. Ha trabajado en muchos...\" \/>\n<meta name=\"robots\" content=\"index, follow, max-snippet:-1, max-image-preview:large, max-video-preview:-1\" \/>\n<link rel=\"canonical\" href=\"https:\/\/webdelmaestrocmf.com\/portal\/juanjo-vergara-tambien-es-necesario-que-los-profesores-sean-capaces-de-hacerse-preguntas\/\" \/>\n<meta property=\"og:locale\" content=\"es_ES\" \/>\n<meta property=\"og:type\" content=\"article\" \/>\n<meta property=\"og:title\" content=\"Juanjo Vergara: Tambi\u00e9n es necesario que los profesores sean capaces de hacerse preguntas - 2026\" \/>\n<meta property=\"og:description\" content=\"Especialista en innovaci\u00f3n educativa y metodolog\u00edas activas. Formador y docente en ejercicio. Ha trabajado en muchos...\" \/>\n<meta property=\"og:url\" content=\"https:\/\/webdelmaestrocmf.com\/portal\/juanjo-vergara-tambien-es-necesario-que-los-profesores-sean-capaces-de-hacerse-preguntas\/\" \/>\n<meta property=\"og:site_name\" content=\"Web del Maestro CMF\" \/>\n<meta property=\"article:publisher\" content=\"https:\/\/www.facebook.com\/WebdelMaestroCMF\/\" \/>\n<meta property=\"article:author\" content=\"https:\/\/www.facebook.com\/WebdelMaestroCMF\/\" \/>\n<meta property=\"article:published_time\" content=\"2021-08-13T03:20:59+00:00\" \/>\n<meta property=\"article:modified_time\" content=\"2022-04-29T05:26:12+00:00\" \/>\n<meta property=\"og:image\" content=\"https:\/\/i0.wp.com\/webdelmaestrocmf.com\/portal\/wp-content\/uploads\/2021\/08\/2-6.jpg?fit=1100%2C680&ssl=1\" \/>\n\t<meta property=\"og:image:width\" content=\"1100\" \/>\n\t<meta property=\"og:image:height\" content=\"680\" \/>\n\t<meta property=\"og:image:type\" content=\"image\/jpeg\" \/>\n<meta name=\"author\" content=\"Web del Maestro CMF\" \/>\n<meta name=\"twitter:card\" content=\"summary_large_image\" \/>\n<meta name=\"twitter:creator\" content=\"@cmf_w\" \/>\n<meta name=\"twitter:site\" content=\"@cmf_w\" \/>\n<script type=\"application\/ld+json\" class=\"yoast-schema-graph\">{\"@context\":\"https:\\\/\\\/schema.org\",\"@graph\":[{\"@type\":\"ScholarlyArticle\",\"@id\":\"https:\\\/\\\/webdelmaestrocmf.com\\\/portal\\\/juanjo-vergara-tambien-es-necesario-que-los-profesores-sean-capaces-de-hacerse-preguntas\\\/#article\",\"isPartOf\":{\"@id\":\"https:\\\/\\\/webdelmaestrocmf.com\\\/portal\\\/juanjo-vergara-tambien-es-necesario-que-los-profesores-sean-capaces-de-hacerse-preguntas\\\/\"},\"author\":{\"name\":\"Web del Maestro CMF\",\"@id\":\"https:\\\/\\\/webdelmaestrocmf.com\\\/portal\\\/#\\\/schema\\\/person\\\/1072a2ed7bd960df8ef99a551fa35dc5\"},\"headline\":\"Juanjo Vergara: Tambi\u00e9n es necesario que los profesores sean capaces de hacerse preguntas\",\"datePublished\":\"2021-08-13T03:20:59+00:00\",\"dateModified\":\"2022-04-29T05:26:12+00:00\",\"mainEntityOfPage\":{\"@id\":\"https:\\\/\\\/webdelmaestrocmf.com\\\/portal\\\/juanjo-vergara-tambien-es-necesario-que-los-profesores-sean-capaces-de-hacerse-preguntas\\\/\"},\"wordCount\":1155,\"commentCount\":0,\"publisher\":{\"@id\":\"https:\\\/\\\/webdelmaestrocmf.com\\\/portal\\\/#organization\"},\"image\":{\"@id\":\"https:\\\/\\\/webdelmaestrocmf.com\\\/portal\\\/juanjo-vergara-tambien-es-necesario-que-los-profesores-sean-capaces-de-hacerse-preguntas\\\/#primaryimage\"},\"thumbnailUrl\":\"https:\\\/\\\/webdelmaestrocmf.com\\\/portal\\\/wp-content\\\/uploads\\\/2021\\\/08\\\/2-6.jpg\",\"keywords\":[\"CR\u00cdTICO\",\"equivocarse\",\"importante\",\"investigar\",\"Juanjo Vergara\",\"PENSAMIENTO\",\"pierda\"],\"articleSection\":[\"Entrevistas\",\"Noticias\"],\"inLanguage\":\"es\",\"potentialAction\":[{\"@type\":\"CommentAction\",\"name\":\"Comment\",\"target\":[\"https:\\\/\\\/webdelmaestrocmf.com\\\/portal\\\/juanjo-vergara-tambien-es-necesario-que-los-profesores-sean-capaces-de-hacerse-preguntas\\\/#respond\"]}]},{\"@type\":\"WebPage\",\"@id\":\"https:\\\/\\\/webdelmaestrocmf.com\\\/portal\\\/juanjo-vergara-tambien-es-necesario-que-los-profesores-sean-capaces-de-hacerse-preguntas\\\/\",\"url\":\"https:\\\/\\\/webdelmaestrocmf.com\\\/portal\\\/juanjo-vergara-tambien-es-necesario-que-los-profesores-sean-capaces-de-hacerse-preguntas\\\/\",\"name\":\"Juanjo Vergara: Tambi\u00e9n es necesario que los profesores sean capaces de hacerse preguntas - 2026\",\"isPartOf\":{\"@id\":\"https:\\\/\\\/webdelmaestrocmf.com\\\/portal\\\/#website\"},\"primaryImageOfPage\":{\"@id\":\"https:\\\/\\\/webdelmaestrocmf.com\\\/portal\\\/juanjo-vergara-tambien-es-necesario-que-los-profesores-sean-capaces-de-hacerse-preguntas\\\/#primaryimage\"},\"image\":{\"@id\":\"https:\\\/\\\/webdelmaestrocmf.com\\\/portal\\\/juanjo-vergara-tambien-es-necesario-que-los-profesores-sean-capaces-de-hacerse-preguntas\\\/#primaryimage\"},\"thumbnailUrl\":\"https:\\\/\\\/webdelmaestrocmf.com\\\/portal\\\/wp-content\\\/uploads\\\/2021\\\/08\\\/2-6.jpg\",\"datePublished\":\"2021-08-13T03:20:59+00:00\",\"dateModified\":\"2022-04-29T05:26:12+00:00\",\"description\":\"Especialista en innovaci\u00f3n educativa y metodolog\u00edas activas. Formador y docente en ejercicio. Ha trabajado en muchos...\",\"breadcrumb\":{\"@id\":\"https:\\\/\\\/webdelmaestrocmf.com\\\/portal\\\/juanjo-vergara-tambien-es-necesario-que-los-profesores-sean-capaces-de-hacerse-preguntas\\\/#breadcrumb\"},\"inLanguage\":\"es\",\"potentialAction\":[{\"@type\":\"ReadAction\",\"target\":[\"https:\\\/\\\/webdelmaestrocmf.com\\\/portal\\\/juanjo-vergara-tambien-es-necesario-que-los-profesores-sean-capaces-de-hacerse-preguntas\\\/\"]}]},{\"@type\":\"ImageObject\",\"inLanguage\":\"es\",\"@id\":\"https:\\\/\\\/webdelmaestrocmf.com\\\/portal\\\/juanjo-vergara-tambien-es-necesario-que-los-profesores-sean-capaces-de-hacerse-preguntas\\\/#primaryimage\",\"url\":\"https:\\\/\\\/webdelmaestrocmf.com\\\/portal\\\/wp-content\\\/uploads\\\/2021\\\/08\\\/2-6.jpg\",\"contentUrl\":\"https:\\\/\\\/webdelmaestrocmf.com\\\/portal\\\/wp-content\\\/uploads\\\/2021\\\/08\\\/2-6.jpg\",\"width\":1100,\"height\":680},{\"@type\":\"BreadcrumbList\",\"@id\":\"https:\\\/\\\/webdelmaestrocmf.com\\\/portal\\\/juanjo-vergara-tambien-es-necesario-que-los-profesores-sean-capaces-de-hacerse-preguntas\\\/#breadcrumb\",\"itemListElement\":[{\"@type\":\"ListItem\",\"position\":1,\"name\":\"Portada\",\"item\":\"https:\\\/\\\/webdelmaestrocmf.com\\\/portal\\\/\"},{\"@type\":\"ListItem\",\"position\":2,\"name\":\"Noticias\",\"item\":\"https:\\\/\\\/webdelmaestrocmf.com\\\/portal\\\/category\\\/noticias\\\/\"},{\"@type\":\"ListItem\",\"position\":3,\"name\":\"Juanjo Vergara: Tambi\u00e9n es necesario que los profesores sean capaces de hacerse preguntas\"}]},{\"@type\":\"WebSite\",\"@id\":\"https:\\\/\\\/webdelmaestrocmf.com\\\/portal\\\/#website\",\"url\":\"https:\\\/\\\/webdelmaestrocmf.com\\\/portal\\\/\",\"name\":\"Web del Maestro CMF\",\"description\":\"Maestros al servicio de la educaci\u00f3n\",\"publisher\":{\"@id\":\"https:\\\/\\\/webdelmaestrocmf.com\\\/portal\\\/#organization\"},\"alternateName\":\"WMCMF\",\"potentialAction\":[{\"@type\":\"SearchAction\",\"target\":{\"@type\":\"EntryPoint\",\"urlTemplate\":\"https:\\\/\\\/webdelmaestrocmf.com\\\/portal\\\/?s={search_term_string}\"},\"query-input\":{\"@type\":\"PropertyValueSpecification\",\"valueRequired\":true,\"valueName\":\"search_term_string\"}}],\"inLanguage\":\"es\"},{\"@type\":\"Organization\",\"@id\":\"https:\\\/\\\/webdelmaestrocmf.com\\\/portal\\\/#organization\",\"name\":\"Web del Maestro CMF\",\"alternateName\":\"WMCMF\",\"url\":\"https:\\\/\\\/webdelmaestrocmf.com\\\/portal\\\/\",\"logo\":{\"@type\":\"ImageObject\",\"inLanguage\":\"es\",\"@id\":\"https:\\\/\\\/webdelmaestrocmf.com\\\/portal\\\/#\\\/schema\\\/logo\\\/image\\\/\",\"url\":\"https:\\\/\\\/webdelmaestrocmf.com\\\/portal\\\/wp-content\\\/uploads\\\/2023\\\/01\\\/logo-wmcmf-2.png\",\"contentUrl\":\"https:\\\/\\\/webdelmaestrocmf.com\\\/portal\\\/wp-content\\\/uploads\\\/2023\\\/01\\\/logo-wmcmf-2.png\",\"width\":200,\"height\":60,\"caption\":\"Web del Maestro CMF\"},\"image\":{\"@id\":\"https:\\\/\\\/webdelmaestrocmf.com\\\/portal\\\/#\\\/schema\\\/logo\\\/image\\\/\"},\"sameAs\":[\"https:\\\/\\\/www.facebook.com\\\/WebdelMaestroCMF\\\/\",\"https:\\\/\\\/x.com\\\/cmf_w\",\"https:\\\/\\\/www.pinterest.com\\\/WMCMF\\\/\",\"https:\\\/\\\/www.linkedin.com\\\/company\\\/web-del-maestro-cmf\\\/\",\"https:\\\/\\\/www.instagram.com\\\/wmcmf\\\/\",\"https:\\\/\\\/www.youtube.com\\\/channel\\\/UCDPSvjbdodE5sHnC3OxutHw\",\"https:\\\/\\\/mastodon.social\\\/@wmcmf\",\"https:\\\/\\\/www.tiktok.com\\\/@webdelmaestrocmf\"]},{\"@type\":\"Person\",\"@id\":\"https:\\\/\\\/webdelmaestrocmf.com\\\/portal\\\/#\\\/schema\\\/person\\\/1072a2ed7bd960df8ef99a551fa35dc5\",\"name\":\"Web del Maestro CMF\",\"image\":{\"@type\":\"ImageObject\",\"inLanguage\":\"es\",\"@id\":\"https:\\\/\\\/secure.gravatar.com\\\/avatar\\\/23291dd5b5ae1077dcff3dbb04c3e02bd28403fa75af6d8787d5e97c5bbbe30b?s=96&d=mm&r=g\",\"url\":\"https:\\\/\\\/secure.gravatar.com\\\/avatar\\\/23291dd5b5ae1077dcff3dbb04c3e02bd28403fa75af6d8787d5e97c5bbbe30b?s=96&d=mm&r=g\",\"contentUrl\":\"https:\\\/\\\/secure.gravatar.com\\\/avatar\\\/23291dd5b5ae1077dcff3dbb04c3e02bd28403fa75af6d8787d5e97c5bbbe30b?s=96&d=mm&r=g\",\"caption\":\"Web del Maestro CMF\"},\"description\":\"Esta Web se cre\u00f3 sin fines de lucro, con fines educativos, cient\u00edficos y acad\u00e9micos, para personas que tengan dificultades y\\\/o inconvenientes en visualizar el material original. El objetivo es entregar recursos, compartir experiencias y materiales que ayuden a los padres de familia, maestros y estudiantes en su actualizaci\u00f3n y formaci\u00f3n permanente, en bien de la Educaci\u00f3n.\",\"sameAs\":[\"http:\\\/\\\/webdelmaestrocmf.com\\\/portal\",\"https:\\\/\\\/www.facebook.com\\\/WebdelMaestroCMF\\\/\",\"https:\\\/\\\/www.instagram.com\\\/wmcmf\\\/\",\"https:\\\/\\\/cl.linkedin.com\\\/company\\\/web-del-maestro-cmf\",\"https:\\\/\\\/www.pinterest.com\\\/WMCMF\\\/publicaciones\\\/\",\"https:\\\/\\\/x.com\\\/cmf_w\",\"https:\\\/\\\/www.youtube.com\\\/@WMCMF\"]}]}<\/script>\n<!-- \/ Yoast SEO plugin. -->","yoast_head_json":{"title":"Juanjo Vergara: Tambi\u00e9n es necesario que los profesores sean capaces de hacerse preguntas - 2026","description":"Especialista en innovaci\u00f3n educativa y metodolog\u00edas activas. Formador y docente en ejercicio. Ha trabajado en muchos...","robots":{"index":"index","follow":"follow","max-snippet":"max-snippet:-1","max-image-preview":"max-image-preview:large","max-video-preview":"max-video-preview:-1"},"canonical":"https:\/\/webdelmaestrocmf.com\/portal\/juanjo-vergara-tambien-es-necesario-que-los-profesores-sean-capaces-de-hacerse-preguntas\/","og_locale":"es_ES","og_type":"article","og_title":"Juanjo Vergara: Tambi\u00e9n es necesario que los profesores sean capaces de hacerse preguntas - 2026","og_description":"Especialista en innovaci\u00f3n educativa y metodolog\u00edas activas. Formador y docente en ejercicio. Ha trabajado en muchos...","og_url":"https:\/\/webdelmaestrocmf.com\/portal\/juanjo-vergara-tambien-es-necesario-que-los-profesores-sean-capaces-de-hacerse-preguntas\/","og_site_name":"Web del Maestro CMF","article_publisher":"https:\/\/www.facebook.com\/WebdelMaestroCMF\/","article_author":"https:\/\/www.facebook.com\/WebdelMaestroCMF\/","article_published_time":"2021-08-13T03:20:59+00:00","article_modified_time":"2022-04-29T05:26:12+00:00","og_image":[{"width":1100,"height":680,"url":"https:\/\/i0.wp.com\/webdelmaestrocmf.com\/portal\/wp-content\/uploads\/2021\/08\/2-6.jpg?fit=1100%2C680&ssl=1","type":"image\/jpeg"}],"author":"Web del Maestro CMF","twitter_card":"summary_large_image","twitter_creator":"@cmf_w","twitter_site":"@cmf_w","schema":{"@context":"https:\/\/schema.org","@graph":[{"@type":"ScholarlyArticle","@id":"https:\/\/webdelmaestrocmf.com\/portal\/juanjo-vergara-tambien-es-necesario-que-los-profesores-sean-capaces-de-hacerse-preguntas\/#article","isPartOf":{"@id":"https:\/\/webdelmaestrocmf.com\/portal\/juanjo-vergara-tambien-es-necesario-que-los-profesores-sean-capaces-de-hacerse-preguntas\/"},"author":{"name":"Web del Maestro CMF","@id":"https:\/\/webdelmaestrocmf.com\/portal\/#\/schema\/person\/1072a2ed7bd960df8ef99a551fa35dc5"},"headline":"Juanjo Vergara: Tambi\u00e9n es necesario que los profesores sean capaces de hacerse preguntas","datePublished":"2021-08-13T03:20:59+00:00","dateModified":"2022-04-29T05:26:12+00:00","mainEntityOfPage":{"@id":"https:\/\/webdelmaestrocmf.com\/portal\/juanjo-vergara-tambien-es-necesario-que-los-profesores-sean-capaces-de-hacerse-preguntas\/"},"wordCount":1155,"commentCount":0,"publisher":{"@id":"https:\/\/webdelmaestrocmf.com\/portal\/#organization"},"image":{"@id":"https:\/\/webdelmaestrocmf.com\/portal\/juanjo-vergara-tambien-es-necesario-que-los-profesores-sean-capaces-de-hacerse-preguntas\/#primaryimage"},"thumbnailUrl":"https:\/\/webdelmaestrocmf.com\/portal\/wp-content\/uploads\/2021\/08\/2-6.jpg","keywords":["CR\u00cdTICO","equivocarse","importante","investigar","Juanjo Vergara","PENSAMIENTO","pierda"],"articleSection":["Entrevistas","Noticias"],"inLanguage":"es","potentialAction":[{"@type":"CommentAction","name":"Comment","target":["https:\/\/webdelmaestrocmf.com\/portal\/juanjo-vergara-tambien-es-necesario-que-los-profesores-sean-capaces-de-hacerse-preguntas\/#respond"]}]},{"@type":"WebPage","@id":"https:\/\/webdelmaestrocmf.com\/portal\/juanjo-vergara-tambien-es-necesario-que-los-profesores-sean-capaces-de-hacerse-preguntas\/","url":"https:\/\/webdelmaestrocmf.com\/portal\/juanjo-vergara-tambien-es-necesario-que-los-profesores-sean-capaces-de-hacerse-preguntas\/","name":"Juanjo Vergara: Tambi\u00e9n es necesario que los profesores sean capaces de hacerse preguntas - 2026","isPartOf":{"@id":"https:\/\/webdelmaestrocmf.com\/portal\/#website"},"primaryImageOfPage":{"@id":"https:\/\/webdelmaestrocmf.com\/portal\/juanjo-vergara-tambien-es-necesario-que-los-profesores-sean-capaces-de-hacerse-preguntas\/#primaryimage"},"image":{"@id":"https:\/\/webdelmaestrocmf.com\/portal\/juanjo-vergara-tambien-es-necesario-que-los-profesores-sean-capaces-de-hacerse-preguntas\/#primaryimage"},"thumbnailUrl":"https:\/\/webdelmaestrocmf.com\/portal\/wp-content\/uploads\/2021\/08\/2-6.jpg","datePublished":"2021-08-13T03:20:59+00:00","dateModified":"2022-04-29T05:26:12+00:00","description":"Especialista en innovaci\u00f3n educativa y metodolog\u00edas activas. Formador y docente en ejercicio. Ha trabajado en muchos...","breadcrumb":{"@id":"https:\/\/webdelmaestrocmf.com\/portal\/juanjo-vergara-tambien-es-necesario-que-los-profesores-sean-capaces-de-hacerse-preguntas\/#breadcrumb"},"inLanguage":"es","potentialAction":[{"@type":"ReadAction","target":["https:\/\/webdelmaestrocmf.com\/portal\/juanjo-vergara-tambien-es-necesario-que-los-profesores-sean-capaces-de-hacerse-preguntas\/"]}]},{"@type":"ImageObject","inLanguage":"es","@id":"https:\/\/webdelmaestrocmf.com\/portal\/juanjo-vergara-tambien-es-necesario-que-los-profesores-sean-capaces-de-hacerse-preguntas\/#primaryimage","url":"https:\/\/webdelmaestrocmf.com\/portal\/wp-content\/uploads\/2021\/08\/2-6.jpg","contentUrl":"https:\/\/webdelmaestrocmf.com\/portal\/wp-content\/uploads\/2021\/08\/2-6.jpg","width":1100,"height":680},{"@type":"BreadcrumbList","@id":"https:\/\/webdelmaestrocmf.com\/portal\/juanjo-vergara-tambien-es-necesario-que-los-profesores-sean-capaces-de-hacerse-preguntas\/#breadcrumb","itemListElement":[{"@type":"ListItem","position":1,"name":"Portada","item":"https:\/\/webdelmaestrocmf.com\/portal\/"},{"@type":"ListItem","position":2,"name":"Noticias","item":"https:\/\/webdelmaestrocmf.com\/portal\/category\/noticias\/"},{"@type":"ListItem","position":3,"name":"Juanjo Vergara: Tambi\u00e9n es necesario que los profesores sean capaces de hacerse preguntas"}]},{"@type":"WebSite","@id":"https:\/\/webdelmaestrocmf.com\/portal\/#website","url":"https:\/\/webdelmaestrocmf.com\/portal\/","name":"Web del Maestro CMF","description":"Maestros al servicio de la educaci\u00f3n","publisher":{"@id":"https:\/\/webdelmaestrocmf.com\/portal\/#organization"},"alternateName":"WMCMF","potentialAction":[{"@type":"SearchAction","target":{"@type":"EntryPoint","urlTemplate":"https:\/\/webdelmaestrocmf.com\/portal\/?s={search_term_string}"},"query-input":{"@type":"PropertyValueSpecification","valueRequired":true,"valueName":"search_term_string"}}],"inLanguage":"es"},{"@type":"Organization","@id":"https:\/\/webdelmaestrocmf.com\/portal\/#organization","name":"Web del Maestro CMF","alternateName":"WMCMF","url":"https:\/\/webdelmaestrocmf.com\/portal\/","logo":{"@type":"ImageObject","inLanguage":"es","@id":"https:\/\/webdelmaestrocmf.com\/portal\/#\/schema\/logo\/image\/","url":"https:\/\/webdelmaestrocmf.com\/portal\/wp-content\/uploads\/2023\/01\/logo-wmcmf-2.png","contentUrl":"https:\/\/webdelmaestrocmf.com\/portal\/wp-content\/uploads\/2023\/01\/logo-wmcmf-2.png","width":200,"height":60,"caption":"Web del Maestro CMF"},"image":{"@id":"https:\/\/webdelmaestrocmf.com\/portal\/#\/schema\/logo\/image\/"},"sameAs":["https:\/\/www.facebook.com\/WebdelMaestroCMF\/","https:\/\/x.com\/cmf_w","https:\/\/www.pinterest.com\/WMCMF\/","https:\/\/www.linkedin.com\/company\/web-del-maestro-cmf\/","https:\/\/www.instagram.com\/wmcmf\/","https:\/\/www.youtube.com\/channel\/UCDPSvjbdodE5sHnC3OxutHw","https:\/\/mastodon.social\/@wmcmf","https:\/\/www.tiktok.com\/@webdelmaestrocmf"]},{"@type":"Person","@id":"https:\/\/webdelmaestrocmf.com\/portal\/#\/schema\/person\/1072a2ed7bd960df8ef99a551fa35dc5","name":"Web del Maestro CMF","image":{"@type":"ImageObject","inLanguage":"es","@id":"https:\/\/secure.gravatar.com\/avatar\/23291dd5b5ae1077dcff3dbb04c3e02bd28403fa75af6d8787d5e97c5bbbe30b?s=96&d=mm&r=g","url":"https:\/\/secure.gravatar.com\/avatar\/23291dd5b5ae1077dcff3dbb04c3e02bd28403fa75af6d8787d5e97c5bbbe30b?s=96&d=mm&r=g","contentUrl":"https:\/\/secure.gravatar.com\/avatar\/23291dd5b5ae1077dcff3dbb04c3e02bd28403fa75af6d8787d5e97c5bbbe30b?s=96&d=mm&r=g","caption":"Web del Maestro CMF"},"description":"Esta Web se cre\u00f3 sin fines de lucro, con fines educativos, cient\u00edficos y acad\u00e9micos, para personas que tengan dificultades y\/o inconvenientes en visualizar el material original. El objetivo es entregar recursos, compartir experiencias y materiales que ayuden a los padres de familia, maestros y estudiantes en su actualizaci\u00f3n y formaci\u00f3n permanente, en bien de la Educaci\u00f3n.","sameAs":["http:\/\/webdelmaestrocmf.com\/portal","https:\/\/www.facebook.com\/WebdelMaestroCMF\/","https:\/\/www.instagram.com\/wmcmf\/","https:\/\/cl.linkedin.com\/company\/web-del-maestro-cmf","https:\/\/www.pinterest.com\/WMCMF\/publicaciones\/","https:\/\/x.com\/cmf_w","https:\/\/www.youtube.com\/@WMCMF"]}]}},"jetpack_featured_media_url":"https:\/\/webdelmaestrocmf.com\/portal\/wp-content\/uploads\/2021\/08\/2-6.jpg","jetpack_sharing_enabled":true,"jetpack-related-posts":[{"id":91153,"url":"https:\/\/webdelmaestrocmf.com\/portal\/libros-que-te-ayudaran-a-descubrir-todo-lo-que-necesitas-sobre-el-abp\/","url_meta":{"origin":66496,"position":0},"title":"Libros que te ayudar\u00e1n a descubrir todo lo que necesitas sobre el ABP","author":"Web del Maestro CMF","date":"30 julio, 2023","format":false,"excerpt":"El Aprendizaje Basado en Proyectos (ABP) ha revolucionado la forma en que se aborda la educaci\u00f3n, poniendo al estudiante en el centro del proceso de aprendizaje y permiti\u00e9ndoles convertirse en creadores activos de conocimiento. Esta selecci\u00f3n de libros ofrece una gu\u00eda invaluable para aquellos que buscan incursionar en esta metodolog\u00eda\u2026","rel":"","context":"En \u00abAprendizaje basado en proyectos\u00bb","block_context":{"text":"Aprendizaje basado en proyectos","link":"https:\/\/webdelmaestrocmf.com\/portal\/category\/pedagogia\/aprendizaje-basado-en-proyectos\/"},"img":{"alt_text":"","src":"https:\/\/i0.wp.com\/webdelmaestrocmf.com\/portal\/wp-content\/uploads\/2023\/07\/A12B3C4D-17-2.jpg?resize=350%2C200&ssl=1","width":350,"height":200,"srcset":"https:\/\/i0.wp.com\/webdelmaestrocmf.com\/portal\/wp-content\/uploads\/2023\/07\/A12B3C4D-17-2.jpg?resize=350%2C200&ssl=1 1x, https:\/\/i0.wp.com\/webdelmaestrocmf.com\/portal\/wp-content\/uploads\/2023\/07\/A12B3C4D-17-2.jpg?resize=525%2C300&ssl=1 1.5x, https:\/\/i0.wp.com\/webdelmaestrocmf.com\/portal\/wp-content\/uploads\/2023\/07\/A12B3C4D-17-2.jpg?resize=700%2C400&ssl=1 2x"},"classes":[]},{"id":111529,"url":"https:\/\/webdelmaestrocmf.com\/portal\/carlos-magro-prohibir-los-moviles-no-protege-ni-educa\/","url_meta":{"origin":66496,"position":1},"title":"Carlos Magro: Prohibir los m\u00f3viles no protege ni educa","author":"Web del Maestro CMF","date":"26 julio, 2025","format":false,"excerpt":"La prohibici\u00f3n es una falsa soluci\u00f3n r\u00e1pida a una problem\u00e1tica compleja que debe abordarse con educaci\u00f3n, acompa\u00f1amiento y regulaci\u00f3n adecuada.","rel":"","context":"En \u00abEntrevistas\u00bb","block_context":{"text":"Entrevistas","link":"https:\/\/webdelmaestrocmf.com\/portal\/category\/noticias\/entrevistas\/"},"img":{"alt_text":"","src":"https:\/\/i0.wp.com\/webdelmaestrocmf.com\/portal\/wp-content\/uploads\/2025\/07\/1A-Banner-1-portada-imagen-10-1-copia-6.webp?resize=350%2C200&ssl=1","width":350,"height":200,"srcset":"https:\/\/i0.wp.com\/webdelmaestrocmf.com\/portal\/wp-content\/uploads\/2025\/07\/1A-Banner-1-portada-imagen-10-1-copia-6.webp?resize=350%2C200&ssl=1 1x, https:\/\/i0.wp.com\/webdelmaestrocmf.com\/portal\/wp-content\/uploads\/2025\/07\/1A-Banner-1-portada-imagen-10-1-copia-6.webp?resize=525%2C300&ssl=1 1.5x, https:\/\/i0.wp.com\/webdelmaestrocmf.com\/portal\/wp-content\/uploads\/2025\/07\/1A-Banner-1-portada-imagen-10-1-copia-6.webp?resize=700%2C400&ssl=1 2x"},"classes":[]},{"id":13433,"url":"https:\/\/webdelmaestrocmf.com\/portal\/tony-wagner-experto-educacion-dice-educar-la-innovacion-educativa\/","url_meta":{"origin":66496,"position":2},"title":"Tony Wagner: educar para la innovaci\u00f3n educativa","author":"Web del Maestro CMF","date":"1 enero, 2023","format":false,"excerpt":"Tony Wagner, experto de la Universidad de Harvard en el laboratorio de innovaci\u00f3n, \u201cha desterrado la palabra \u201ctemor\u201d de su vocabulario. Y anima a que profesores, educadores e instituciones hagan lo mismo. Hay que reinventar la educaci\u00f3n y dar un sentido moral a todo lo que hacemos. Es, afirma, \u201cun\u2026","rel":"","context":"En \u00abEntrevistas\u00bb","block_context":{"text":"Entrevistas","link":"https:\/\/webdelmaestrocmf.com\/portal\/category\/noticias\/entrevistas\/"},"img":{"alt_text":"","src":"https:\/\/i0.wp.com\/webdelmaestrocmf.com\/portal\/wp-content\/uploads\/2017\/01\/3ABC.jpg?resize=350%2C200&ssl=1","width":350,"height":200,"srcset":"https:\/\/i0.wp.com\/webdelmaestrocmf.com\/portal\/wp-content\/uploads\/2017\/01\/3ABC.jpg?resize=350%2C200&ssl=1 1x, https:\/\/i0.wp.com\/webdelmaestrocmf.com\/portal\/wp-content\/uploads\/2017\/01\/3ABC.jpg?resize=525%2C300&ssl=1 1.5x, https:\/\/i0.wp.com\/webdelmaestrocmf.com\/portal\/wp-content\/uploads\/2017\/01\/3ABC.jpg?resize=700%2C400&ssl=1 2x"},"classes":[]},{"id":111462,"url":"https:\/\/webdelmaestrocmf.com\/portal\/como-implementar-proyectos-de-innovacion-en-el-aula-descarga-esta-valiosa-guia-azul-en-formato-pdf\/","url_meta":{"origin":66496,"position":3},"title":"\u00bfC\u00f3mo implementar proyectos de innovaci\u00f3n en el aula? Descarga esta valiosa Gu\u00eda Azul en formato PDF","author":"Web del Maestro CMF","date":"24 julio, 2025","format":false,"excerpt":"\u00bfQu\u00e9 se necesita para que una idea innovadora transforme realmente una escuela?","rel":"","context":"En \u00abDescarga\u00bb","block_context":{"text":"Descarga","link":"https:\/\/webdelmaestrocmf.com\/portal\/category\/descarga\/"},"img":{"alt_text":"","src":"https:\/\/i0.wp.com\/webdelmaestrocmf.com\/portal\/wp-content\/uploads\/2025\/07\/1A-Banner-1-portada-imagen-10-1-copia-77.webp?resize=350%2C200&ssl=1","width":350,"height":200,"srcset":"https:\/\/i0.wp.com\/webdelmaestrocmf.com\/portal\/wp-content\/uploads\/2025\/07\/1A-Banner-1-portada-imagen-10-1-copia-77.webp?resize=350%2C200&ssl=1 1x, https:\/\/i0.wp.com\/webdelmaestrocmf.com\/portal\/wp-content\/uploads\/2025\/07\/1A-Banner-1-portada-imagen-10-1-copia-77.webp?resize=525%2C300&ssl=1 1.5x, https:\/\/i0.wp.com\/webdelmaestrocmf.com\/portal\/wp-content\/uploads\/2025\/07\/1A-Banner-1-portada-imagen-10-1-copia-77.webp?resize=700%2C400&ssl=1 2x"},"classes":[]},{"id":102995,"url":"https:\/\/webdelmaestrocmf.com\/portal\/libro-un-aula-un-proyecto-el-abp-y-la-nueva-educacion\/","url_meta":{"origin":66496,"position":4},"title":"Libro: Un aula, un proyecto | El ABP y la nueva educaci\u00f3n","author":"Web del Maestro CMF","date":"28 febrero, 2026","format":false,"excerpt":"El libro Un aula, un proyecto: El ABP y la nueva educaci\u00f3n, de Juan Jos\u00e9 Vergara, presenta el aprendizaje basado en proyectos como una metodolog\u00eda centrada en el estudiante que promueve el aprendizaje activo, colaborativo y orientado a la resoluci\u00f3n de problemas reales.","rel":"","context":"En \u00abLibros\u00bb","block_context":{"text":"Libros","link":"https:\/\/webdelmaestrocmf.com\/portal\/category\/pedagogia\/libros\/"},"img":{"alt_text":"Los alumnos hablan del ABP: esto es lo que m\u00e1s les gusta","src":"https:\/\/i0.wp.com\/webdelmaestrocmf.com\/portal\/wp-content\/uploads\/2024\/01\/Banner-1-portada-imagen-10-24.jpg?resize=350%2C200&ssl=1","width":350,"height":200,"srcset":"https:\/\/i0.wp.com\/webdelmaestrocmf.com\/portal\/wp-content\/uploads\/2024\/01\/Banner-1-portada-imagen-10-24.jpg?resize=350%2C200&ssl=1 1x, https:\/\/i0.wp.com\/webdelmaestrocmf.com\/portal\/wp-content\/uploads\/2024\/01\/Banner-1-portada-imagen-10-24.jpg?resize=525%2C300&ssl=1 1.5x, https:\/\/i0.wp.com\/webdelmaestrocmf.com\/portal\/wp-content\/uploads\/2024\/01\/Banner-1-portada-imagen-10-24.jpg?resize=700%2C400&ssl=1 2x"},"classes":[]},{"id":114885,"url":"https:\/\/webdelmaestrocmf.com\/portal\/descarga-el-libro-academico-estrategias-e-investigaciones-desde-la-didactica-e-innovacion\/","url_meta":{"origin":66496,"position":5},"title":"Descarga el libro acad\u00e9mico Estrategias e investigaciones desde la did\u00e1ctica e innovaci\u00f3n","author":"Web del Maestro CMF","date":"20 enero, 2026","format":false,"excerpt":"Libro acad\u00e9mico imprescindible para docentes, con investigaciones, estrategias did\u00e1cticas e innovaci\u00f3n educativa, disponible para descarga gratuita al final del art\u00edculo.","rel":"","context":"En \u00abLibros\u00bb","block_context":{"text":"Libros","link":"https:\/\/webdelmaestrocmf.com\/portal\/category\/pedagogia\/libros\/"},"img":{"alt_text":"","src":"https:\/\/i0.wp.com\/webdelmaestrocmf.com\/portal\/wp-content\/uploads\/2026\/01\/1A-Banner-1-portada-imagen-10-1-copia-3-5.webp?resize=350%2C200&ssl=1","width":350,"height":200,"srcset":"https:\/\/i0.wp.com\/webdelmaestrocmf.com\/portal\/wp-content\/uploads\/2026\/01\/1A-Banner-1-portada-imagen-10-1-copia-3-5.webp?resize=350%2C200&ssl=1 1x, https:\/\/i0.wp.com\/webdelmaestrocmf.com\/portal\/wp-content\/uploads\/2026\/01\/1A-Banner-1-portada-imagen-10-1-copia-3-5.webp?resize=525%2C300&ssl=1 1.5x, https:\/\/i0.wp.com\/webdelmaestrocmf.com\/portal\/wp-content\/uploads\/2026\/01\/1A-Banner-1-portada-imagen-10-1-copia-3-5.webp?resize=700%2C400&ssl=1 2x"},"classes":[]}],"_links":{"self":[{"href":"https:\/\/webdelmaestrocmf.com\/portal\/wp-json\/wp\/v2\/posts\/66496","targetHints":{"allow":["GET"]}}],"collection":[{"href":"https:\/\/webdelmaestrocmf.com\/portal\/wp-json\/wp\/v2\/posts"}],"about":[{"href":"https:\/\/webdelmaestrocmf.com\/portal\/wp-json\/wp\/v2\/types\/post"}],"author":[{"embeddable":true,"href":"https:\/\/webdelmaestrocmf.com\/portal\/wp-json\/wp\/v2\/users\/1"}],"replies":[{"embeddable":true,"href":"https:\/\/webdelmaestrocmf.com\/portal\/wp-json\/wp\/v2\/comments?post=66496"}],"version-history":[{"count":0,"href":"https:\/\/webdelmaestrocmf.com\/portal\/wp-json\/wp\/v2\/posts\/66496\/revisions"}],"wp:featuredmedia":[{"embeddable":true,"href":"https:\/\/webdelmaestrocmf.com\/portal\/wp-json\/wp\/v2\/media\/66498"}],"wp:attachment":[{"href":"https:\/\/webdelmaestrocmf.com\/portal\/wp-json\/wp\/v2\/media?parent=66496"}],"wp:term":[{"taxonomy":"category","embeddable":true,"href":"https:\/\/webdelmaestrocmf.com\/portal\/wp-json\/wp\/v2\/categories?post=66496"},{"taxonomy":"post_tag","embeddable":true,"href":"https:\/\/webdelmaestrocmf.com\/portal\/wp-json\/wp\/v2\/tags?post=66496"}],"curies":[{"name":"wp","href":"https:\/\/api.w.org\/{rel}","templated":true}]}}