{"id":66409,"date":"2021-08-10T11:21:14","date_gmt":"2021-08-10T15:21:14","guid":{"rendered":"https:\/\/webdelmaestrocmf.com\/portal\/?p=66409"},"modified":"2021-08-20T15:20:59","modified_gmt":"2021-08-20T19:20:59","slug":"baul-del-docente-ortografia-el-corrector-de-word-no-lo-es-todo","status":"publish","type":"post","link":"https:\/\/webdelmaestrocmf.com\/portal\/baul-del-docente-ortografia-el-corrector-de-word-no-lo-es-todo\/","title":{"rendered":"[Ba\u00fal del Docente] Ortograf\u00eda: El corrector de Word no lo es todo"},"content":{"rendered":"<h5 style=\"text-align: justify;\">Estimados docentes: Recientemente, ha aparecido en el Per\u00fa un comercial de televisi\u00f3n, de una conocida marca de cerveza, en el que se usa de manera incorrecta una palabra inexistente en el diccionario oficial del idioma espa\u00f1ol: \u201crefrescancia\u201d. Este sustantivo, inventado por j\u00f3venes publicistas incultos en el manejo del idioma, formados en universidades capitalinas y privadas, desplaz\u00f3 a la \u201cfrescura\u201d y al \u201cfrescor\u201d, sustantivos mucho m\u00e1s conocidos y ampliamente utilizados para describir una bebida capaz de refrescarnos si tenemos sed.<\/h5>\n<p><!--more--><\/p>\n<h5 style=\"text-align: justify;\">Aunque no se trata de una \u201cfalla ortogr\u00e1fica\u201d estrictamente hablando \u2013es un texto dicho por un locutor, no est\u00e1 escrito- es una muestra de lo mal que queda un profesional cuando no aprende a usar su idioma correctamente. Lamentablemente, al tratarse de un comercial hecho por grupos dominantes de la capital, nadie dice nada formal al respecto y el error \u2013con consecuencias potenciales al difundir masivamente una palabra que no existe y que, por lo tanto, nadie deber\u00eda aprender ni usar- queda impune.<\/h5>\n<p style=\"text-align: justify;\">Y, como sabemos, al momento de grabar un texto hablado no hay correctores autom\u00e1ticos que nos salven. Eso, por fortuna para muchos, s\u00ed existe en el procesador de textos de Word, que detecta, casi siempre, los errores ortogr\u00e1ficos y corrige, de tres maneras: o modifica autom\u00e1ticamente la palabra, por la correcta. O la subraya de rojo para que el redactor vea con claridad d\u00f3nde est\u00e1 la falla y la subsane. O la subraya de azul si la falla es de sintaxis. Pero la idea no es dejar todo en manos del corrector sino ser lo suficientemente eficiente ortogr\u00e1ficamente para escribir de manera apropiada sobre la pantalla.<\/p>\n<p style=\"text-align: justify;\">La importancia de tener una buena ortograf\u00eda, como se explica en los links y videos que acompa\u00f1an este post, incide en la imagen que damos como estudiantes e incluso como personas serias. No hay nada m\u00e1s desagradable que, por ejemplo, un jefe escriba, en un correo electr\u00f3nico, chat o informe cosas como estas: \u201cvistes\u201d en lugar de \u201cviste\u201d, \u201cvamos haber\u201d en lugar de \u201cvamos a ver\u201d, \u201cculturisar\u201d por \u201cculturizar\u201d. O \u201crebisa\u201d por \u201crevisa\u201d. Hay casos. Es terrible. Demuestra falta de cultura, poca seriedad, informalidad profesional.<\/p>\n<p><img loading=\"lazy\" decoding=\"async\" class=\"alignnone size-large wp-image-66411\" src=\"https:\/\/webdelmaestrocmf.com\/portal\/wp-content\/uploads\/2021\/08\/1-66-1024x534.jpg\" alt=\"\" width=\"1024\" height=\"534\" srcset=\"https:\/\/webdelmaestrocmf.com\/portal\/wp-content\/uploads\/2021\/08\/1-66-1024x534.jpg 1024w, https:\/\/webdelmaestrocmf.com\/portal\/wp-content\/uploads\/2021\/08\/1-66-300x157.jpg 300w, https:\/\/webdelmaestrocmf.com\/portal\/wp-content\/uploads\/2021\/08\/1-66-768x401.jpg 768w, https:\/\/webdelmaestrocmf.com\/portal\/wp-content\/uploads\/2021\/08\/1-66-110x57.jpg 110w, https:\/\/webdelmaestrocmf.com\/portal\/wp-content\/uploads\/2021\/08\/1-66-200x104.jpg 200w, https:\/\/webdelmaestrocmf.com\/portal\/wp-content\/uploads\/2021\/08\/1-66-380x198.jpg 380w, https:\/\/webdelmaestrocmf.com\/portal\/wp-content\/uploads\/2021\/08\/1-66-255x133.jpg 255w, https:\/\/webdelmaestrocmf.com\/portal\/wp-content\/uploads\/2021\/08\/1-66-550x287.jpg 550w, https:\/\/webdelmaestrocmf.com\/portal\/wp-content\/uploads\/2021\/08\/1-66-800x417.jpg 800w, https:\/\/webdelmaestrocmf.com\/portal\/wp-content\/uploads\/2021\/08\/1-66-220x115.jpg 220w, https:\/\/webdelmaestrocmf.com\/portal\/wp-content\/uploads\/2021\/08\/1-66-400x209.jpg 400w, https:\/\/webdelmaestrocmf.com\/portal\/wp-content\/uploads\/2021\/08\/1-66-760x397.jpg 760w, https:\/\/webdelmaestrocmf.com\/portal\/wp-content\/uploads\/2021\/08\/1-66-510x266.jpg 510w, https:\/\/webdelmaestrocmf.com\/portal\/wp-content\/uploads\/2021\/08\/1-66-600x313.jpg 600w, https:\/\/webdelmaestrocmf.com\/portal\/wp-content\/uploads\/2021\/08\/1-66.jpg 1100w\" sizes=\"auto, (max-width: 1024px) 100vw, 1024px\" \/><\/p>\n<p style=\"text-align: justify;\">La \u00fanica herramienta efectiva para superar las fallas ortogr\u00e1ficas \u2013comprensibles para los m\u00e1s peque\u00f1os porque est\u00e1n a\u00fan aprendiendo, pero inaceptables para personas adultas que han atravesado alguna instituci\u00f3n de educaci\u00f3n superior- es la lectura. Y si hay dudas, en internet hay, literalmente, cientos de opciones entre diccionarios online, ejemplos en video, y hasta memes con las fallas ortogr\u00e1ficas m\u00e1s comunes. No dejemos todo al corrector que, a veces, tambi\u00e9n tiene imperfecciones.<\/p>\n<p style=\"text-align: justify;\">Lectura recomendada: <a href=\"https:\/\/es.eserp.com\/articulos\/buena-ortografia-beneficios-escribir-bien\/?_adin=02021864894\" target=\"_blank\" rel=\"noopener\"><strong>BUENA ORTOGRAF\u00cdA: BENEFICIOS DE ESCRIBIR BIEN<\/strong><\/a><\/p>\n<h5 style=\"text-align: justify;\">EL DATO<\/h5>\n<ul style=\"text-align: justify;\">\n<li>Una buena comunicaci\u00f3n escrita permite al destinatario recibir adecuadamente las percepciones que deseamos trasmitir. Adem\u00e1s, el cuidado de la ortograf\u00eda refleja inter\u00e9s, competencia y profesionalismo por parte de quien escribe, logrando relaciones de mayor colaboraci\u00f3n.<\/li>\n<li>Una ortograf\u00eda correcta hace que quienes nos leen perciban una personalidad agradable y positiva, mientras que si escribimos, por ejemplo, con abreviaturas o errores ortogr\u00e1ficos, la idea de nuestra personalidad ser\u00e1 de alguien desorganizado y distante.<\/li>\n<li>En los j\u00f3venes se dan interacciones que pueden llevar al descuido de la ortograf\u00eda, por ejemplo, el env\u00edo de mensajes de texto, chatear o la comunicaci\u00f3n informal en redes sociales, por lo que es importante hacer contrapeso a estos fen\u00f3menos enfocando la atenci\u00f3n a la escritura durante las clases.<\/li>\n<\/ul>\n<p style=\"text-align: justify;\">Fuente: <a href=\"https:\/\/blog.colegiowilliams.edu.mx\/importancia-buena-ortografia\"><strong>IMPORTANCIA DE LA BUENA ORTOGRAF\u00cdA<\/strong><\/a><\/p>\n<p style=\"text-align: justify;\"><strong>NOTA DE REDACCI\u00d3N: <\/strong>La Web del Maestro CMF publica los textos originales de su autor, no necesariamente coincide con lo expuesto en el tema, no se hace responsable de las opiniones expresadas, y no promociona ning\u00fan producto, servicio, marca o empresa.<\/p>\n<table class=\" alignleft\" border=\"0\" width=\"100%\" cellspacing=\"10\" cellpadding=\"10\">\n<tbody>\n<tr>\n<td style=\"text-align: center;\" width=\"30%\"><strong><img loading=\"lazy\" decoding=\"async\" class=\"size-full wp-image-62269 aligncenter\" src=\"https:\/\/webdelmaestrocmf.com\/portal\/wp-content\/uploads\/2021\/04\/1-136.jpg\" alt=\"\" width=\"200\" height=\"200\" srcset=\"https:\/\/webdelmaestrocmf.com\/portal\/wp-content\/uploads\/2021\/04\/1-136.jpg 200w, https:\/\/webdelmaestrocmf.com\/portal\/wp-content\/uploads\/2021\/04\/1-136-150x150.jpg 150w, https:\/\/webdelmaestrocmf.com\/portal\/wp-content\/uploads\/2021\/04\/1-136-80x80.jpg 80w, https:\/\/webdelmaestrocmf.com\/portal\/wp-content\/uploads\/2021\/04\/1-136-110x110.jpg 110w, https:\/\/webdelmaestrocmf.com\/portal\/wp-content\/uploads\/2021\/04\/1-136-160x160.jpg 160w\" sizes=\"auto, (max-width: 200px) 100vw, 200px\" \/><\/strong><br \/>\nEste art\u00edculo ha sido publicado en el blog Ba\u00fal del Docente, portal de recursos educativos de la Derrama Magisterial del Per\u00fa, y lo puede encontrar en este enlace: <a href=\"https:\/\/bauldocente.pe\/\" target=\"_blank\" rel=\"noopener\"><strong>BLOG BA\u00daL DEL DOCENTE<\/strong><\/a>.<br \/>\nY este es el enlace del Profesor <strong>Jorge Luis Tineo Rendon: <\/strong><a href=\"mailto:jtineo@derrama.org.pe\">jtineo@derrama.org.pe<\/a>.<strong><br \/>\n<\/strong><\/td>\n<\/tr>\n<\/tbody>\n<\/table>\n<p style=\"text-align: left;\">.<\/p>\n\t\t<div class=\"pk-inline-posts\">\n\t\t\t\n\t\t\t<div class=\"pk-inline-posts-container pk-inline-posts-template-list\"\n\t\t\t\tdata-columns=\"1\">\n\t\t\t\t\t\t<article id=\"post-106869\" class=\"post-106869 post type-post status-publish format-standard has-post-thumbnail category-colaborador category-z-colaboradores-baul-del-docente tag-baul-del-docente tag-criticas tag-exageraciones tag-prevencion tag-tecnologia cs-entry cs-video-wrap\">\n\t\t\t<div class=\"pk-post-outer\">\n\n\t\t\t\t\t\t\t\t<div class=\"pk-post-inner\">\n\t\t\t\t\t<div class=\"entry-thumbnail\">\n\t\t\t\t\t\t<div class=\"pk-overlay pk-overlay-ratio pk-ratio-landscape\">\n\t\t\t\t\t\t\t<div class=\"pk-overlay-background\">\n\t\t\t\t\t\t\t\t<a href=\"https:\/\/webdelmaestrocmf.com\/portal\/baul-del-docente-criticas-a-la-tecnologia-prevencion-o-exageraciones\/\" class=\"pk-overlay-link\">\n\t\t\t\t\t\t\t\t\t<img loading=\"lazy\" decoding=\"async\" width=\"300\" height=\"225\" src=\"https:\/\/webdelmaestrocmf.com\/portal\/wp-content\/uploads\/2024\/11\/Banner-1-portada-imagen-10-1-30-300x225.jpg\" class=\"attachment-pk-thumbnail size-pk-thumbnail wp-post-image\" alt=\"\" \/>\t\t\t\t\t\t\t\t<\/a>\n\t\t\t\t\t\t\t<\/div>\n\t\t\t\t\t\t<\/div>\n\t\t\t\t\t<\/div>\n\t\t\t\t<\/div>\n\t\t\t\t\n\t\t\t\t<div class=\"pk-post-inner\">\n\t\t\t\t\t<header>\n\t\t\t\t\t\t<h3 class=\"pk-title\"><a href=\"https:\/\/webdelmaestrocmf.com\/portal\/baul-del-docente-criticas-a-la-tecnologia-prevencion-o-exageraciones\/\" rel=\"bookmark\">[Ba\u00fal del docente] Cr\u00edticas a la tecnolog\u00eda: \u00bfPrevenci\u00f3n o exageraciones?<\/a><\/h3>\t\t\t\t\t<\/header><!-- .entry-header -->\n\t\t\t\t<\/div><!-- .post-inner -->\n\n\t\t\t<\/div><!-- .post-outer -->\n\t\t<\/article>\n\t\t\t\t<\/div>\n\t\t<\/div>\n\t\t\n","protected":false},"excerpt":{"rendered":"Estimados docentes: Recientemente, ha aparecido en el Per\u00fa un comercial de televisi\u00f3n, de una conocida marca de cerveza,&hellip;","protected":false},"author":1,"featured_media":66412,"comment_status":"open","ping_status":"closed","sticky":false,"template":"","format":"standard","meta":{"csco_display_header_overlay":false,"csco_singular_sidebar":"default","csco_page_header_type":"default","csco_page_load_nextpost":"default","csco_post_video_location":[],"csco_post_video_location_hash":"","csco_post_video_url":"","csco_post_video_bg_start_time":0,"csco_post_video_bg_end_time":0,"csco_post_video_bg_volume":false,"_jetpack_memberships_contains_paid_content":false,"footnotes":""},"categories":[1790,6829],"tags":[6867,13940,1959,2684,779],"class_list":{"0":"post-66409","1":"post","2":"type-post","3":"status-publish","4":"format-standard","5":"has-post-thumbnail","7":"category-colaborador","8":"category-z-colaboradores-baul-del-docente","9":"tag-baul-del-docente","10":"tag-corrector","11":"tag-ortografia","12":"tag-todo","13":"tag-word","14":"cs-entry","15":"cs-video-wrap"},"yoast_head":"<!-- This site is optimized with the Yoast SEO plugin v27.5 - https:\/\/yoast.com\/product\/yoast-seo-wordpress\/ -->\n<title>[Ba\u00fal del Docente] Ortograf\u00eda: El corrector de Word no lo es todo - 2026<\/title>\n<meta name=\"description\" content=\"Estimados docentes: Recientemente, ha aparecido en el Per\u00fa un comercial de televisi\u00f3n, de una conocida marca de cerveza, en el que se usa...\" \/>\n<meta name=\"robots\" content=\"index, follow, max-snippet:-1, max-image-preview:large, max-video-preview:-1\" \/>\n<link rel=\"canonical\" href=\"https:\/\/webdelmaestrocmf.com\/portal\/baul-del-docente-ortografia-el-corrector-de-word-no-lo-es-todo\/\" \/>\n<meta property=\"og:locale\" content=\"es_ES\" \/>\n<meta property=\"og:type\" content=\"article\" \/>\n<meta property=\"og:title\" content=\"[Ba\u00fal del Docente] Ortograf\u00eda: El corrector de Word no lo es todo - 2026\" \/>\n<meta property=\"og:description\" content=\"Estimados docentes: Recientemente, ha aparecido en el Per\u00fa un comercial de televisi\u00f3n, de una conocida marca de cerveza, en el que se usa...\" \/>\n<meta property=\"og:url\" content=\"https:\/\/webdelmaestrocmf.com\/portal\/baul-del-docente-ortografia-el-corrector-de-word-no-lo-es-todo\/\" \/>\n<meta property=\"og:site_name\" content=\"Web del Maestro CMF\" \/>\n<meta property=\"article:publisher\" content=\"https:\/\/www.facebook.com\/WebdelMaestroCMF\/\" \/>\n<meta property=\"article:author\" content=\"https:\/\/www.facebook.com\/WebdelMaestroCMF\/\" \/>\n<meta property=\"article:published_time\" content=\"2021-08-10T15:21:14+00:00\" \/>\n<meta property=\"article:modified_time\" content=\"2021-08-20T19:20:59+00:00\" \/>\n<meta property=\"og:image\" content=\"https:\/\/i0.wp.com\/webdelmaestrocmf.com\/portal\/wp-content\/uploads\/2021\/08\/2-3.jpg?fit=1100%2C680&ssl=1\" \/>\n\t<meta property=\"og:image:width\" content=\"1100\" \/>\n\t<meta property=\"og:image:height\" content=\"680\" \/>\n\t<meta property=\"og:image:type\" content=\"image\/jpeg\" \/>\n<meta name=\"author\" content=\"Web del Maestro CMF\" \/>\n<meta name=\"twitter:card\" content=\"summary_large_image\" \/>\n<meta name=\"twitter:creator\" content=\"@cmf_w\" \/>\n<meta name=\"twitter:site\" content=\"@cmf_w\" \/>\n<script type=\"application\/ld+json\" class=\"yoast-schema-graph\">{\"@context\":\"https:\\\/\\\/schema.org\",\"@graph\":[{\"@type\":\"ScholarlyArticle\",\"@id\":\"https:\\\/\\\/webdelmaestrocmf.com\\\/portal\\\/baul-del-docente-ortografia-el-corrector-de-word-no-lo-es-todo\\\/#article\",\"isPartOf\":{\"@id\":\"https:\\\/\\\/webdelmaestrocmf.com\\\/portal\\\/baul-del-docente-ortografia-el-corrector-de-word-no-lo-es-todo\\\/\"},\"author\":{\"name\":\"Web del Maestro CMF\",\"@id\":\"https:\\\/\\\/webdelmaestrocmf.com\\\/portal\\\/#\\\/schema\\\/person\\\/1072a2ed7bd960df8ef99a551fa35dc5\"},\"headline\":\"[Ba\u00fal del Docente] Ortograf\u00eda: El corrector de Word no lo es todo\",\"datePublished\":\"2021-08-10T15:21:14+00:00\",\"dateModified\":\"2021-08-20T19:20:59+00:00\",\"mainEntityOfPage\":{\"@id\":\"https:\\\/\\\/webdelmaestrocmf.com\\\/portal\\\/baul-del-docente-ortografia-el-corrector-de-word-no-lo-es-todo\\\/\"},\"wordCount\":709,\"commentCount\":0,\"publisher\":{\"@id\":\"https:\\\/\\\/webdelmaestrocmf.com\\\/portal\\\/#organization\"},\"image\":{\"@id\":\"https:\\\/\\\/webdelmaestrocmf.com\\\/portal\\\/baul-del-docente-ortografia-el-corrector-de-word-no-lo-es-todo\\\/#primaryimage\"},\"thumbnailUrl\":\"https:\\\/\\\/webdelmaestrocmf.com\\\/portal\\\/wp-content\\\/uploads\\\/2021\\\/08\\\/2-3.jpg\",\"keywords\":[\"Ba\u00fal del Docente\",\"corrector\",\"ORTOGRAF\u00cdA\",\"TODO\",\"WORD\"],\"articleSection\":[\"Z-Colaboradores\",\"Z-Colaboradores-Ba\u00fal-del-Docente\"],\"inLanguage\":\"es\",\"potentialAction\":[{\"@type\":\"CommentAction\",\"name\":\"Comment\",\"target\":[\"https:\\\/\\\/webdelmaestrocmf.com\\\/portal\\\/baul-del-docente-ortografia-el-corrector-de-word-no-lo-es-todo\\\/#respond\"]}]},{\"@type\":\"WebPage\",\"@id\":\"https:\\\/\\\/webdelmaestrocmf.com\\\/portal\\\/baul-del-docente-ortografia-el-corrector-de-word-no-lo-es-todo\\\/\",\"url\":\"https:\\\/\\\/webdelmaestrocmf.com\\\/portal\\\/baul-del-docente-ortografia-el-corrector-de-word-no-lo-es-todo\\\/\",\"name\":\"[Ba\u00fal del Docente] Ortograf\u00eda: El corrector de Word no lo es todo - 2026\",\"isPartOf\":{\"@id\":\"https:\\\/\\\/webdelmaestrocmf.com\\\/portal\\\/#website\"},\"primaryImageOfPage\":{\"@id\":\"https:\\\/\\\/webdelmaestrocmf.com\\\/portal\\\/baul-del-docente-ortografia-el-corrector-de-word-no-lo-es-todo\\\/#primaryimage\"},\"image\":{\"@id\":\"https:\\\/\\\/webdelmaestrocmf.com\\\/portal\\\/baul-del-docente-ortografia-el-corrector-de-word-no-lo-es-todo\\\/#primaryimage\"},\"thumbnailUrl\":\"https:\\\/\\\/webdelmaestrocmf.com\\\/portal\\\/wp-content\\\/uploads\\\/2021\\\/08\\\/2-3.jpg\",\"datePublished\":\"2021-08-10T15:21:14+00:00\",\"dateModified\":\"2021-08-20T19:20:59+00:00\",\"description\":\"Estimados docentes: Recientemente, ha aparecido en el Per\u00fa un comercial de televisi\u00f3n, de una conocida marca de cerveza, en el que se usa...\",\"breadcrumb\":{\"@id\":\"https:\\\/\\\/webdelmaestrocmf.com\\\/portal\\\/baul-del-docente-ortografia-el-corrector-de-word-no-lo-es-todo\\\/#breadcrumb\"},\"inLanguage\":\"es\",\"potentialAction\":[{\"@type\":\"ReadAction\",\"target\":[\"https:\\\/\\\/webdelmaestrocmf.com\\\/portal\\\/baul-del-docente-ortografia-el-corrector-de-word-no-lo-es-todo\\\/\"]}]},{\"@type\":\"ImageObject\",\"inLanguage\":\"es\",\"@id\":\"https:\\\/\\\/webdelmaestrocmf.com\\\/portal\\\/baul-del-docente-ortografia-el-corrector-de-word-no-lo-es-todo\\\/#primaryimage\",\"url\":\"https:\\\/\\\/webdelmaestrocmf.com\\\/portal\\\/wp-content\\\/uploads\\\/2021\\\/08\\\/2-3.jpg\",\"contentUrl\":\"https:\\\/\\\/webdelmaestrocmf.com\\\/portal\\\/wp-content\\\/uploads\\\/2021\\\/08\\\/2-3.jpg\",\"width\":1100,\"height\":680},{\"@type\":\"BreadcrumbList\",\"@id\":\"https:\\\/\\\/webdelmaestrocmf.com\\\/portal\\\/baul-del-docente-ortografia-el-corrector-de-word-no-lo-es-todo\\\/#breadcrumb\",\"itemListElement\":[{\"@type\":\"ListItem\",\"position\":1,\"name\":\"Portada\",\"item\":\"https:\\\/\\\/webdelmaestrocmf.com\\\/portal\\\/\"},{\"@type\":\"ListItem\",\"position\":2,\"name\":\"Z-Colaboradores\",\"item\":\"https:\\\/\\\/webdelmaestrocmf.com\\\/portal\\\/category\\\/colaborador\\\/\"},{\"@type\":\"ListItem\",\"position\":3,\"name\":\"[Ba\u00fal del Docente] Ortograf\u00eda: El corrector de Word no lo es todo\"}]},{\"@type\":\"WebSite\",\"@id\":\"https:\\\/\\\/webdelmaestrocmf.com\\\/portal\\\/#website\",\"url\":\"https:\\\/\\\/webdelmaestrocmf.com\\\/portal\\\/\",\"name\":\"Web del Maestro CMF\",\"description\":\"Maestros al servicio de la educaci\u00f3n\",\"publisher\":{\"@id\":\"https:\\\/\\\/webdelmaestrocmf.com\\\/portal\\\/#organization\"},\"alternateName\":\"WMCMF\",\"potentialAction\":[{\"@type\":\"SearchAction\",\"target\":{\"@type\":\"EntryPoint\",\"urlTemplate\":\"https:\\\/\\\/webdelmaestrocmf.com\\\/portal\\\/?s={search_term_string}\"},\"query-input\":{\"@type\":\"PropertyValueSpecification\",\"valueRequired\":true,\"valueName\":\"search_term_string\"}}],\"inLanguage\":\"es\"},{\"@type\":\"Organization\",\"@id\":\"https:\\\/\\\/webdelmaestrocmf.com\\\/portal\\\/#organization\",\"name\":\"Web del Maestro CMF\",\"alternateName\":\"WMCMF\",\"url\":\"https:\\\/\\\/webdelmaestrocmf.com\\\/portal\\\/\",\"logo\":{\"@type\":\"ImageObject\",\"inLanguage\":\"es\",\"@id\":\"https:\\\/\\\/webdelmaestrocmf.com\\\/portal\\\/#\\\/schema\\\/logo\\\/image\\\/\",\"url\":\"https:\\\/\\\/webdelmaestrocmf.com\\\/portal\\\/wp-content\\\/uploads\\\/2023\\\/01\\\/logo-wmcmf-2.png\",\"contentUrl\":\"https:\\\/\\\/webdelmaestrocmf.com\\\/portal\\\/wp-content\\\/uploads\\\/2023\\\/01\\\/logo-wmcmf-2.png\",\"width\":200,\"height\":60,\"caption\":\"Web del Maestro CMF\"},\"image\":{\"@id\":\"https:\\\/\\\/webdelmaestrocmf.com\\\/portal\\\/#\\\/schema\\\/logo\\\/image\\\/\"},\"sameAs\":[\"https:\\\/\\\/www.facebook.com\\\/WebdelMaestroCMF\\\/\",\"https:\\\/\\\/x.com\\\/cmf_w\",\"https:\\\/\\\/www.pinterest.com\\\/WMCMF\\\/\",\"https:\\\/\\\/www.linkedin.com\\\/company\\\/web-del-maestro-cmf\\\/\",\"https:\\\/\\\/www.instagram.com\\\/wmcmf\\\/\",\"https:\\\/\\\/www.youtube.com\\\/channel\\\/UCDPSvjbdodE5sHnC3OxutHw\",\"https:\\\/\\\/mastodon.social\\\/@wmcmf\",\"https:\\\/\\\/www.tiktok.com\\\/@webdelmaestrocmf\"]},{\"@type\":\"Person\",\"@id\":\"https:\\\/\\\/webdelmaestrocmf.com\\\/portal\\\/#\\\/schema\\\/person\\\/1072a2ed7bd960df8ef99a551fa35dc5\",\"name\":\"Web del Maestro CMF\",\"image\":{\"@type\":\"ImageObject\",\"inLanguage\":\"es\",\"@id\":\"https:\\\/\\\/secure.gravatar.com\\\/avatar\\\/23291dd5b5ae1077dcff3dbb04c3e02bd28403fa75af6d8787d5e97c5bbbe30b?s=96&d=mm&r=g\",\"url\":\"https:\\\/\\\/secure.gravatar.com\\\/avatar\\\/23291dd5b5ae1077dcff3dbb04c3e02bd28403fa75af6d8787d5e97c5bbbe30b?s=96&d=mm&r=g\",\"contentUrl\":\"https:\\\/\\\/secure.gravatar.com\\\/avatar\\\/23291dd5b5ae1077dcff3dbb04c3e02bd28403fa75af6d8787d5e97c5bbbe30b?s=96&d=mm&r=g\",\"caption\":\"Web del Maestro CMF\"},\"description\":\"Esta Web se cre\u00f3 sin fines de lucro, con fines educativos, cient\u00edficos y acad\u00e9micos, para personas que tengan dificultades y\\\/o inconvenientes en visualizar el material original. El objetivo es entregar recursos, compartir experiencias y materiales que ayuden a los padres de familia, maestros y estudiantes en su actualizaci\u00f3n y formaci\u00f3n permanente, en bien de la Educaci\u00f3n.\",\"sameAs\":[\"http:\\\/\\\/webdelmaestrocmf.com\\\/portal\",\"https:\\\/\\\/www.facebook.com\\\/WebdelMaestroCMF\\\/\",\"https:\\\/\\\/www.instagram.com\\\/wmcmf\\\/\",\"https:\\\/\\\/cl.linkedin.com\\\/company\\\/web-del-maestro-cmf\",\"https:\\\/\\\/www.pinterest.com\\\/WMCMF\\\/publicaciones\\\/\",\"https:\\\/\\\/x.com\\\/cmf_w\",\"https:\\\/\\\/www.youtube.com\\\/@WMCMF\"]}]}<\/script>\n<!-- \/ Yoast SEO plugin. -->","yoast_head_json":{"title":"[Ba\u00fal del Docente] Ortograf\u00eda: El corrector de Word no lo es todo - 2026","description":"Estimados docentes: Recientemente, ha aparecido en el Per\u00fa un comercial de televisi\u00f3n, de una conocida marca de cerveza, en el que se usa...","robots":{"index":"index","follow":"follow","max-snippet":"max-snippet:-1","max-image-preview":"max-image-preview:large","max-video-preview":"max-video-preview:-1"},"canonical":"https:\/\/webdelmaestrocmf.com\/portal\/baul-del-docente-ortografia-el-corrector-de-word-no-lo-es-todo\/","og_locale":"es_ES","og_type":"article","og_title":"[Ba\u00fal del Docente] Ortograf\u00eda: El corrector de Word no lo es todo - 2026","og_description":"Estimados docentes: Recientemente, ha aparecido en el Per\u00fa un comercial de televisi\u00f3n, de una conocida marca de cerveza, en el que se usa...","og_url":"https:\/\/webdelmaestrocmf.com\/portal\/baul-del-docente-ortografia-el-corrector-de-word-no-lo-es-todo\/","og_site_name":"Web del Maestro CMF","article_publisher":"https:\/\/www.facebook.com\/WebdelMaestroCMF\/","article_author":"https:\/\/www.facebook.com\/WebdelMaestroCMF\/","article_published_time":"2021-08-10T15:21:14+00:00","article_modified_time":"2021-08-20T19:20:59+00:00","og_image":[{"width":1100,"height":680,"url":"https:\/\/i0.wp.com\/webdelmaestrocmf.com\/portal\/wp-content\/uploads\/2021\/08\/2-3.jpg?fit=1100%2C680&ssl=1","type":"image\/jpeg"}],"author":"Web del Maestro CMF","twitter_card":"summary_large_image","twitter_creator":"@cmf_w","twitter_site":"@cmf_w","schema":{"@context":"https:\/\/schema.org","@graph":[{"@type":"ScholarlyArticle","@id":"https:\/\/webdelmaestrocmf.com\/portal\/baul-del-docente-ortografia-el-corrector-de-word-no-lo-es-todo\/#article","isPartOf":{"@id":"https:\/\/webdelmaestrocmf.com\/portal\/baul-del-docente-ortografia-el-corrector-de-word-no-lo-es-todo\/"},"author":{"name":"Web del Maestro CMF","@id":"https:\/\/webdelmaestrocmf.com\/portal\/#\/schema\/person\/1072a2ed7bd960df8ef99a551fa35dc5"},"headline":"[Ba\u00fal del Docente] Ortograf\u00eda: El corrector de Word no lo es todo","datePublished":"2021-08-10T15:21:14+00:00","dateModified":"2021-08-20T19:20:59+00:00","mainEntityOfPage":{"@id":"https:\/\/webdelmaestrocmf.com\/portal\/baul-del-docente-ortografia-el-corrector-de-word-no-lo-es-todo\/"},"wordCount":709,"commentCount":0,"publisher":{"@id":"https:\/\/webdelmaestrocmf.com\/portal\/#organization"},"image":{"@id":"https:\/\/webdelmaestrocmf.com\/portal\/baul-del-docente-ortografia-el-corrector-de-word-no-lo-es-todo\/#primaryimage"},"thumbnailUrl":"https:\/\/webdelmaestrocmf.com\/portal\/wp-content\/uploads\/2021\/08\/2-3.jpg","keywords":["Ba\u00fal del Docente","corrector","ORTOGRAF\u00cdA","TODO","WORD"],"articleSection":["Z-Colaboradores","Z-Colaboradores-Ba\u00fal-del-Docente"],"inLanguage":"es","potentialAction":[{"@type":"CommentAction","name":"Comment","target":["https:\/\/webdelmaestrocmf.com\/portal\/baul-del-docente-ortografia-el-corrector-de-word-no-lo-es-todo\/#respond"]}]},{"@type":"WebPage","@id":"https:\/\/webdelmaestrocmf.com\/portal\/baul-del-docente-ortografia-el-corrector-de-word-no-lo-es-todo\/","url":"https:\/\/webdelmaestrocmf.com\/portal\/baul-del-docente-ortografia-el-corrector-de-word-no-lo-es-todo\/","name":"[Ba\u00fal del Docente] Ortograf\u00eda: El corrector de Word no lo es todo - 2026","isPartOf":{"@id":"https:\/\/webdelmaestrocmf.com\/portal\/#website"},"primaryImageOfPage":{"@id":"https:\/\/webdelmaestrocmf.com\/portal\/baul-del-docente-ortografia-el-corrector-de-word-no-lo-es-todo\/#primaryimage"},"image":{"@id":"https:\/\/webdelmaestrocmf.com\/portal\/baul-del-docente-ortografia-el-corrector-de-word-no-lo-es-todo\/#primaryimage"},"thumbnailUrl":"https:\/\/webdelmaestrocmf.com\/portal\/wp-content\/uploads\/2021\/08\/2-3.jpg","datePublished":"2021-08-10T15:21:14+00:00","dateModified":"2021-08-20T19:20:59+00:00","description":"Estimados docentes: Recientemente, ha aparecido en el Per\u00fa un comercial de televisi\u00f3n, de una conocida marca de cerveza, en el que se usa...","breadcrumb":{"@id":"https:\/\/webdelmaestrocmf.com\/portal\/baul-del-docente-ortografia-el-corrector-de-word-no-lo-es-todo\/#breadcrumb"},"inLanguage":"es","potentialAction":[{"@type":"ReadAction","target":["https:\/\/webdelmaestrocmf.com\/portal\/baul-del-docente-ortografia-el-corrector-de-word-no-lo-es-todo\/"]}]},{"@type":"ImageObject","inLanguage":"es","@id":"https:\/\/webdelmaestrocmf.com\/portal\/baul-del-docente-ortografia-el-corrector-de-word-no-lo-es-todo\/#primaryimage","url":"https:\/\/webdelmaestrocmf.com\/portal\/wp-content\/uploads\/2021\/08\/2-3.jpg","contentUrl":"https:\/\/webdelmaestrocmf.com\/portal\/wp-content\/uploads\/2021\/08\/2-3.jpg","width":1100,"height":680},{"@type":"BreadcrumbList","@id":"https:\/\/webdelmaestrocmf.com\/portal\/baul-del-docente-ortografia-el-corrector-de-word-no-lo-es-todo\/#breadcrumb","itemListElement":[{"@type":"ListItem","position":1,"name":"Portada","item":"https:\/\/webdelmaestrocmf.com\/portal\/"},{"@type":"ListItem","position":2,"name":"Z-Colaboradores","item":"https:\/\/webdelmaestrocmf.com\/portal\/category\/colaborador\/"},{"@type":"ListItem","position":3,"name":"[Ba\u00fal del Docente] Ortograf\u00eda: El corrector de Word no lo es todo"}]},{"@type":"WebSite","@id":"https:\/\/webdelmaestrocmf.com\/portal\/#website","url":"https:\/\/webdelmaestrocmf.com\/portal\/","name":"Web del Maestro CMF","description":"Maestros al servicio de la educaci\u00f3n","publisher":{"@id":"https:\/\/webdelmaestrocmf.com\/portal\/#organization"},"alternateName":"WMCMF","potentialAction":[{"@type":"SearchAction","target":{"@type":"EntryPoint","urlTemplate":"https:\/\/webdelmaestrocmf.com\/portal\/?s={search_term_string}"},"query-input":{"@type":"PropertyValueSpecification","valueRequired":true,"valueName":"search_term_string"}}],"inLanguage":"es"},{"@type":"Organization","@id":"https:\/\/webdelmaestrocmf.com\/portal\/#organization","name":"Web del Maestro CMF","alternateName":"WMCMF","url":"https:\/\/webdelmaestrocmf.com\/portal\/","logo":{"@type":"ImageObject","inLanguage":"es","@id":"https:\/\/webdelmaestrocmf.com\/portal\/#\/schema\/logo\/image\/","url":"https:\/\/webdelmaestrocmf.com\/portal\/wp-content\/uploads\/2023\/01\/logo-wmcmf-2.png","contentUrl":"https:\/\/webdelmaestrocmf.com\/portal\/wp-content\/uploads\/2023\/01\/logo-wmcmf-2.png","width":200,"height":60,"caption":"Web del Maestro CMF"},"image":{"@id":"https:\/\/webdelmaestrocmf.com\/portal\/#\/schema\/logo\/image\/"},"sameAs":["https:\/\/www.facebook.com\/WebdelMaestroCMF\/","https:\/\/x.com\/cmf_w","https:\/\/www.pinterest.com\/WMCMF\/","https:\/\/www.linkedin.com\/company\/web-del-maestro-cmf\/","https:\/\/www.instagram.com\/wmcmf\/","https:\/\/www.youtube.com\/channel\/UCDPSvjbdodE5sHnC3OxutHw","https:\/\/mastodon.social\/@wmcmf","https:\/\/www.tiktok.com\/@webdelmaestrocmf"]},{"@type":"Person","@id":"https:\/\/webdelmaestrocmf.com\/portal\/#\/schema\/person\/1072a2ed7bd960df8ef99a551fa35dc5","name":"Web del Maestro CMF","image":{"@type":"ImageObject","inLanguage":"es","@id":"https:\/\/secure.gravatar.com\/avatar\/23291dd5b5ae1077dcff3dbb04c3e02bd28403fa75af6d8787d5e97c5bbbe30b?s=96&d=mm&r=g","url":"https:\/\/secure.gravatar.com\/avatar\/23291dd5b5ae1077dcff3dbb04c3e02bd28403fa75af6d8787d5e97c5bbbe30b?s=96&d=mm&r=g","contentUrl":"https:\/\/secure.gravatar.com\/avatar\/23291dd5b5ae1077dcff3dbb04c3e02bd28403fa75af6d8787d5e97c5bbbe30b?s=96&d=mm&r=g","caption":"Web del Maestro CMF"},"description":"Esta Web se cre\u00f3 sin fines de lucro, con fines educativos, cient\u00edficos y acad\u00e9micos, para personas que tengan dificultades y\/o inconvenientes en visualizar el material original. El objetivo es entregar recursos, compartir experiencias y materiales que ayuden a los padres de familia, maestros y estudiantes en su actualizaci\u00f3n y formaci\u00f3n permanente, en bien de la Educaci\u00f3n.","sameAs":["http:\/\/webdelmaestrocmf.com\/portal","https:\/\/www.facebook.com\/WebdelMaestroCMF\/","https:\/\/www.instagram.com\/wmcmf\/","https:\/\/cl.linkedin.com\/company\/web-del-maestro-cmf","https:\/\/www.pinterest.com\/WMCMF\/publicaciones\/","https:\/\/x.com\/cmf_w","https:\/\/www.youtube.com\/@WMCMF"]}]}},"jetpack_featured_media_url":"https:\/\/webdelmaestrocmf.com\/portal\/wp-content\/uploads\/2021\/08\/2-3.jpg","jetpack_sharing_enabled":true,"jetpack-related-posts":[{"id":79793,"url":"https:\/\/webdelmaestrocmf.com\/portal\/baul-del-docente-ortografia-y-tecnologia-una-ayuda-util\/","url_meta":{"origin":66409,"position":0},"title":"[Ba\u00fal del Docente] Ortograf\u00eda y tecnolog\u00eda: una ayuda \u00fatil","author":"Web del Maestro CMF","date":"29 agosto, 2022","format":false,"excerpt":"Estimados docentes: Tener buena ortograf\u00eda es s\u00edmbolo de buena educaci\u00f3n, inteligencia y cultura. La buena ortograf\u00eda es resultado de haber pasado horas leyendo -peri\u00f3dicos, revistas, libros, p\u00e1ginas web- p\u00e1rrafos escritos correctamente. Revisando la p\u00e1gina web de Daddy Yankee no vas a obtener una buena ortograf\u00eda. Tampoco mirando una y otra\u2026","rel":"","context":"En \u00abZ-Colaboradores\u00bb","block_context":{"text":"Z-Colaboradores","link":"https:\/\/webdelmaestrocmf.com\/portal\/category\/colaborador\/"},"img":{"alt_text":"","src":"https:\/\/i0.wp.com\/webdelmaestrocmf.com\/portal\/wp-content\/uploads\/2022\/08\/1-64.jpg?resize=350%2C200&ssl=1","width":350,"height":200,"srcset":"https:\/\/i0.wp.com\/webdelmaestrocmf.com\/portal\/wp-content\/uploads\/2022\/08\/1-64.jpg?resize=350%2C200&ssl=1 1x, https:\/\/i0.wp.com\/webdelmaestrocmf.com\/portal\/wp-content\/uploads\/2022\/08\/1-64.jpg?resize=525%2C300&ssl=1 1.5x, https:\/\/i0.wp.com\/webdelmaestrocmf.com\/portal\/wp-content\/uploads\/2022\/08\/1-64.jpg?resize=700%2C400&ssl=1 2x"},"classes":[]},{"id":101969,"url":"https:\/\/webdelmaestrocmf.com\/portal\/baul-del-docente-por-que-celebramos-el-ano-nuevo\/","url_meta":{"origin":66409,"position":1},"title":"[Ba\u00fal del Docente] \u00bfPor qu\u00e9 celebramos el A\u00f1o Nuevo?","author":"Web del Maestro CMF","date":"28 diciembre, 2023","format":false,"excerpt":"Estimados docentes: El domingo 31 por la noche, cuando lleguen las doce, muchos de nosotros nos apuraremos en comer doce uvas para que la buena suerte nos acompa\u00f1e en cada uno de los doce meses del nuevo a\u00f1o que comienza. Otros saldremos a correr una vuelta a la manzana abrazados\u2026","rel":"","context":"En \u00abZ-Colaboradores\u00bb","block_context":{"text":"Z-Colaboradores","link":"https:\/\/webdelmaestrocmf.com\/portal\/category\/colaborador\/"},"img":{"alt_text":"","src":"https:\/\/i0.wp.com\/webdelmaestrocmf.com\/portal\/wp-content\/uploads\/2023\/12\/A12B3C4D-2-5.jpg?resize=350%2C200&ssl=1","width":350,"height":200,"srcset":"https:\/\/i0.wp.com\/webdelmaestrocmf.com\/portal\/wp-content\/uploads\/2023\/12\/A12B3C4D-2-5.jpg?resize=350%2C200&ssl=1 1x, https:\/\/i0.wp.com\/webdelmaestrocmf.com\/portal\/wp-content\/uploads\/2023\/12\/A12B3C4D-2-5.jpg?resize=525%2C300&ssl=1 1.5x, https:\/\/i0.wp.com\/webdelmaestrocmf.com\/portal\/wp-content\/uploads\/2023\/12\/A12B3C4D-2-5.jpg?resize=700%2C400&ssl=1 2x"},"classes":[]},{"id":104079,"url":"https:\/\/webdelmaestrocmf.com\/portal\/baul-del-docente-campana-como-recuperamos-los-valores\/","url_meta":{"origin":66409,"position":2},"title":"[Ba\u00fal del Docente] Campa\u00f1a: \u00bfC\u00f3mo recuperamos los valores?","author":"Web del Maestro CMF","date":"19 febrero, 2024","format":false,"excerpt":"Estimados docentes: Recuperar los valores es una tarea tit\u00e1nica en el mundo entero. Las nociones de respeto, pudor, correcci\u00f3n, legalidad, lealtad y dem\u00e1s est\u00e1n, hoy en d\u00eda, devaluadas y no forman parte del proyecto de vida de grandes mayor\u00edas que han mal entendido, a trav\u00e9s de m\u00faltiples ejemplos, que no\u2026","rel":"","context":"En \u00abZ-Colaboradores\u00bb","block_context":{"text":"Z-Colaboradores","link":"https:\/\/webdelmaestrocmf.com\/portal\/category\/colaborador\/"},"img":{"alt_text":"","src":"https:\/\/i0.wp.com\/webdelmaestrocmf.com\/portal\/wp-content\/uploads\/2024\/02\/Banner-1-portada-imagen-10-1-21-1.jpg?resize=350%2C200&ssl=1","width":350,"height":200,"srcset":"https:\/\/i0.wp.com\/webdelmaestrocmf.com\/portal\/wp-content\/uploads\/2024\/02\/Banner-1-portada-imagen-10-1-21-1.jpg?resize=350%2C200&ssl=1 1x, https:\/\/i0.wp.com\/webdelmaestrocmf.com\/portal\/wp-content\/uploads\/2024\/02\/Banner-1-portada-imagen-10-1-21-1.jpg?resize=525%2C300&ssl=1 1.5x, https:\/\/i0.wp.com\/webdelmaestrocmf.com\/portal\/wp-content\/uploads\/2024\/02\/Banner-1-portada-imagen-10-1-21-1.jpg?resize=700%2C400&ssl=1 2x"},"classes":[]},{"id":105235,"url":"https:\/\/webdelmaestrocmf.com\/portal\/baul-del-docente-educacion-religiosa-como-desarrollar-esta-materia\/","url_meta":{"origin":66409,"position":3},"title":"[Ba\u00fal del docente] Educaci\u00f3n Religiosa: \u00bfC\u00f3mo desarrollar esta materia?","author":"Web del Maestro CMF","date":"1 mayo, 2024","format":false,"excerpt":"Estimados docentes: En el sistema educativo peruano, el curso de Religi\u00f3n es opcional. Esto significa que aquellas familias que no profesen la religi\u00f3n cat\u00f3lica -religi\u00f3n oficial del Estado- tienen el derecho de solicitar la exoneraci\u00f3n de sus hijos de esta asignatura, sin ning\u00fan perjuicio a sus promedios ponderados en base\u2026","rel":"","context":"En \u00abZ-Colaboradores\u00bb","block_context":{"text":"Z-Colaboradores","link":"https:\/\/webdelmaestrocmf.com\/portal\/category\/colaborador\/"},"img":{"alt_text":"","src":"https:\/\/i0.wp.com\/webdelmaestrocmf.com\/portal\/wp-content\/uploads\/2024\/05\/Banner-1-portada-imagen-10-1-59.jpg?resize=350%2C200&ssl=1","width":350,"height":200,"srcset":"https:\/\/i0.wp.com\/webdelmaestrocmf.com\/portal\/wp-content\/uploads\/2024\/05\/Banner-1-portada-imagen-10-1-59.jpg?resize=350%2C200&ssl=1 1x, https:\/\/i0.wp.com\/webdelmaestrocmf.com\/portal\/wp-content\/uploads\/2024\/05\/Banner-1-portada-imagen-10-1-59.jpg?resize=525%2C300&ssl=1 1.5x, https:\/\/i0.wp.com\/webdelmaestrocmf.com\/portal\/wp-content\/uploads\/2024\/05\/Banner-1-portada-imagen-10-1-59.jpg?resize=700%2C400&ssl=1 2x"},"classes":[]},{"id":106869,"url":"https:\/\/webdelmaestrocmf.com\/portal\/baul-del-docente-criticas-a-la-tecnologia-prevencion-o-exageraciones\/","url_meta":{"origin":66409,"position":4},"title":"[Ba\u00fal del docente] Cr\u00edticas a la tecnolog\u00eda: \u00bfPrevenci\u00f3n o exageraciones?","author":"Web del Maestro CMF","date":"9 noviembre, 2024","format":false,"excerpt":"Estimados docentes: La sobreexposici\u00f3n a las redes sociales y, en general, a las herramientas tecnol\u00f3gicas, est\u00e1 trayendo una serie de riesgos como vimos la semana pasada, relacionados a la seguridad e integridad f\u00edsica de los ciudadanos. Secuestros, extorsiones, acosos telef\u00f3nicos, abusos y estafas de toda clase, llegan unidas al uso\u2026","rel":"","context":"En \u00abZ-Colaboradores\u00bb","block_context":{"text":"Z-Colaboradores","link":"https:\/\/webdelmaestrocmf.com\/portal\/category\/colaborador\/"},"img":{"alt_text":"","src":"https:\/\/i0.wp.com\/webdelmaestrocmf.com\/portal\/wp-content\/uploads\/2024\/11\/Banner-1-portada-imagen-10-1-30.jpg?resize=350%2C200&ssl=1","width":350,"height":200,"srcset":"https:\/\/i0.wp.com\/webdelmaestrocmf.com\/portal\/wp-content\/uploads\/2024\/11\/Banner-1-portada-imagen-10-1-30.jpg?resize=350%2C200&ssl=1 1x, https:\/\/i0.wp.com\/webdelmaestrocmf.com\/portal\/wp-content\/uploads\/2024\/11\/Banner-1-portada-imagen-10-1-30.jpg?resize=525%2C300&ssl=1 1.5x, https:\/\/i0.wp.com\/webdelmaestrocmf.com\/portal\/wp-content\/uploads\/2024\/11\/Banner-1-portada-imagen-10-1-30.jpg?resize=700%2C400&ssl=1 2x"},"classes":[]},{"id":104289,"url":"https:\/\/webdelmaestrocmf.com\/portal\/baul-del-docente-el-amor-en-tiempos-de-internet-y-redes\/","url_meta":{"origin":66409,"position":5},"title":"[Ba\u00fal del Docente] El amor en tiempos de internet y redes","author":"Web del Maestro CMF","date":"25 febrero, 2024","format":false,"excerpt":"Estimados docentes: Uno de los aspectos m\u00e1s delicados y trascendentales, para los docentes de Secundaria -e inclusive, en las \u00faltimas d\u00e9cadas, en el nivel Primaria tambi\u00e9n con mucha m\u00e1s fuerza que antes- es aprender a lidiar con las penas amorosas de sus alumnos. Ya sea que est\u00e9n trabajando en instituciones\u2026","rel":"","context":"En \u00abZ-Colaboradores\u00bb","block_context":{"text":"Z-Colaboradores","link":"https:\/\/webdelmaestrocmf.com\/portal\/category\/colaborador\/"},"img":{"alt_text":"","src":"https:\/\/i0.wp.com\/webdelmaestrocmf.com\/portal\/wp-content\/uploads\/2024\/02\/Banner-1-portada-imagen-10-1-51.jpg?resize=350%2C200&ssl=1","width":350,"height":200,"srcset":"https:\/\/i0.wp.com\/webdelmaestrocmf.com\/portal\/wp-content\/uploads\/2024\/02\/Banner-1-portada-imagen-10-1-51.jpg?resize=350%2C200&ssl=1 1x, https:\/\/i0.wp.com\/webdelmaestrocmf.com\/portal\/wp-content\/uploads\/2024\/02\/Banner-1-portada-imagen-10-1-51.jpg?resize=525%2C300&ssl=1 1.5x, https:\/\/i0.wp.com\/webdelmaestrocmf.com\/portal\/wp-content\/uploads\/2024\/02\/Banner-1-portada-imagen-10-1-51.jpg?resize=700%2C400&ssl=1 2x"},"classes":[]}],"_links":{"self":[{"href":"https:\/\/webdelmaestrocmf.com\/portal\/wp-json\/wp\/v2\/posts\/66409","targetHints":{"allow":["GET"]}}],"collection":[{"href":"https:\/\/webdelmaestrocmf.com\/portal\/wp-json\/wp\/v2\/posts"}],"about":[{"href":"https:\/\/webdelmaestrocmf.com\/portal\/wp-json\/wp\/v2\/types\/post"}],"author":[{"embeddable":true,"href":"https:\/\/webdelmaestrocmf.com\/portal\/wp-json\/wp\/v2\/users\/1"}],"replies":[{"embeddable":true,"href":"https:\/\/webdelmaestrocmf.com\/portal\/wp-json\/wp\/v2\/comments?post=66409"}],"version-history":[{"count":0,"href":"https:\/\/webdelmaestrocmf.com\/portal\/wp-json\/wp\/v2\/posts\/66409\/revisions"}],"wp:featuredmedia":[{"embeddable":true,"href":"https:\/\/webdelmaestrocmf.com\/portal\/wp-json\/wp\/v2\/media\/66412"}],"wp:attachment":[{"href":"https:\/\/webdelmaestrocmf.com\/portal\/wp-json\/wp\/v2\/media?parent=66409"}],"wp:term":[{"taxonomy":"category","embeddable":true,"href":"https:\/\/webdelmaestrocmf.com\/portal\/wp-json\/wp\/v2\/categories?post=66409"},{"taxonomy":"post_tag","embeddable":true,"href":"https:\/\/webdelmaestrocmf.com\/portal\/wp-json\/wp\/v2\/tags?post=66409"}],"curies":[{"name":"wp","href":"https:\/\/api.w.org\/{rel}","templated":true}]}}