{"id":66076,"date":"2022-09-07T21:03:31","date_gmt":"2022-09-08T01:03:31","guid":{"rendered":"https:\/\/webdelmaestrocmf.com\/portal\/?p=66076"},"modified":"2022-09-07T21:04:09","modified_gmt":"2022-09-08T01:04:09","slug":"aprendizajes-clave-para-la-educacion-integral","status":"publish","type":"post","link":"https:\/\/webdelmaestrocmf.com\/portal\/aprendizajes-clave-para-la-educacion-integral\/","title":{"rendered":"Aprendizajes clave para la educaci\u00f3n integral"},"content":{"rendered":"<h5 style=\"text-align: justify;\">En el \u00e1mbito nacional e internacional existen diversos fundamentos jur\u00eddicos que sustentan los principios de la educaci\u00f3n inclusiva y la obligaci\u00f3n de los Estados para lograr la equidad e inclusi\u00f3n en la educaci\u00f3n.<\/h5>\n<p><!--more--><\/p>\n<h5 style=\"text-align: justify;\">En el \u00e1mbito internacional<\/h5>\n<h5 style=\"text-align: justify;\">La Declaraci\u00f3n Universal de los Derechos Humanos establece que \u201cTodos somos iguales ante la ley, sin distinci\u00f3n y en contra de toda discriminaci\u00f3n\u201d (art\u00edculo 7). Esta Declaraci\u00f3n ha promovido que los Estados que la suscriben incorporen los derechos humanos en sus legislaciones nacionales para vincularlas a sus pol\u00edticas y planes de desarrollo.<\/h5>\n<p style=\"text-align: justify;\">La Convenci\u00f3n sobre los Derechos del Ni\u00f1o dispuso que los derechos de todos los ni\u00f1os deben ser respetados sin excepci\u00f3n alguna e incluy\u00f3 en sus art\u00edculos que los ni\u00f1os con discapacidad deben \u201cdisfrutar de una vida plena, decente, en condiciones que aseguren su dignidad y les permitan llegar a la autonom\u00eda y con esto facilitar la participaci\u00f3n activa en su comunidad\u201d (art\u00edculo 23). Tambi\u00e9n estableci\u00f3, como obligaci\u00f3n del Estado, tomar las medidas necesarias para protegerlos de toda forma de discriminaci\u00f3n.<\/p>\n<p style=\"text-align: justify;\">La Convenci\u00f3n sobre los Derechos de las Personas con Discapacidad de la Organizaci\u00f3n de las Naciones Unidas (ONU), que M\u00e9xico promovi\u00f3 y firm\u00f3 en el a\u00f1o 2007; la cual tiene como prop\u00f3sito promover, proteger y asegurar el goce pleno y en condiciones de igualdad de todos los derechos humanos y libertades fundamentales para todas las personas con discapacidad y promover el respeto de su dignidad inherente. En su art\u00edculo 24, referente a la educaci\u00f3n, establece que los Estados Partes deben asegurar un sistema de educaci\u00f3n inclusivo en todos los niveles; que las personas con discapacidad puedan acceder a una educaci\u00f3n primaria y secundaria inclusiva, de calidad y gratuita, en igualdad de condiciones con los dem\u00e1s; que se hagan ajustes razonables en funci\u00f3n de las necesidades individuales en el marco del sistema general de educaci\u00f3n para facilitar su formaci\u00f3n y que se brinden medidas de apoyo personalizadas y efectivas en entornos que fomenten al m\u00e1ximo el desarrollo acad\u00e9mico y social, de conformidad con el objetivo de la plena inclusi\u00f3n. Adem\u00e1s, en su art\u00edculo 23 se\u00f1ala que se debe respetar el derecho de las personas con discapacidad a tener acceso a la informaci\u00f3n, educaci\u00f3n sobre reproducci\u00f3n y planificaci\u00f3n familiar apropiada para su edad y asimismo se ofrezcan los medios necesarios que les permitan ejercer esos derechos.<\/p>\n<p><img loading=\"lazy\" decoding=\"async\" class=\"alignnone size-large wp-image-66077\" src=\"https:\/\/webdelmaestrocmf.com\/portal\/wp-content\/uploads\/2021\/08\/1-8-1024x534.jpg\" alt=\"\" width=\"1024\" height=\"534\" srcset=\"https:\/\/webdelmaestrocmf.com\/portal\/wp-content\/uploads\/2021\/08\/1-8-1024x534.jpg 1024w, https:\/\/webdelmaestrocmf.com\/portal\/wp-content\/uploads\/2021\/08\/1-8-300x157.jpg 300w, https:\/\/webdelmaestrocmf.com\/portal\/wp-content\/uploads\/2021\/08\/1-8-768x401.jpg 768w, https:\/\/webdelmaestrocmf.com\/portal\/wp-content\/uploads\/2021\/08\/1-8-110x57.jpg 110w, https:\/\/webdelmaestrocmf.com\/portal\/wp-content\/uploads\/2021\/08\/1-8-200x104.jpg 200w, https:\/\/webdelmaestrocmf.com\/portal\/wp-content\/uploads\/2021\/08\/1-8-380x198.jpg 380w, https:\/\/webdelmaestrocmf.com\/portal\/wp-content\/uploads\/2021\/08\/1-8-255x133.jpg 255w, https:\/\/webdelmaestrocmf.com\/portal\/wp-content\/uploads\/2021\/08\/1-8-550x287.jpg 550w, https:\/\/webdelmaestrocmf.com\/portal\/wp-content\/uploads\/2021\/08\/1-8-800x417.jpg 800w, https:\/\/webdelmaestrocmf.com\/portal\/wp-content\/uploads\/2021\/08\/1-8-220x115.jpg 220w, https:\/\/webdelmaestrocmf.com\/portal\/wp-content\/uploads\/2021\/08\/1-8-400x209.jpg 400w, https:\/\/webdelmaestrocmf.com\/portal\/wp-content\/uploads\/2021\/08\/1-8-760x397.jpg 760w, https:\/\/webdelmaestrocmf.com\/portal\/wp-content\/uploads\/2021\/08\/1-8-510x266.jpg 510w, https:\/\/webdelmaestrocmf.com\/portal\/wp-content\/uploads\/2021\/08\/1-8-600x313.jpg 600w, https:\/\/webdelmaestrocmf.com\/portal\/wp-content\/uploads\/2021\/08\/1-8.jpg 1100w\" sizes=\"auto, (max-width: 1024px) 100vw, 1024px\" \/><\/p>\n<p style=\"text-align: justify;\">En el a\u00f1o 2014 M\u00e9xico present\u00f3 el Informe Inicial acerca de las medidas adoptadas en nuestro pa\u00eds para su cumplimiento. El Comit\u00e9 de los Derechos de las Personas con Discapacidad de la ONU emiti\u00f3 diversas observaciones y recomendaciones que el Estado mexicano debe atender. Las principales recomendaciones en materia educativa hablan sobre la necesidad de crear un sistema inclusivo en todos los niveles de la educaci\u00f3n, tanto en la legislaci\u00f3n como en las pol\u00edticas; del desarrollo de ajustes razonables con recursos presupuestarios suficientes y de la formaci\u00f3n adecuada de los docentes.<\/p>\n<p style=\"text-align: justify;\">La Agenda Mundial 2030 para el Desarrollo Sostenible considera la equidad y la inclusi\u00f3n educativa como centro del Objetivo de Desarrollo Sostenible (ODS) 4, el cual busca \u201cGarantizar una educaci\u00f3n inclusiva, equitativa y de calidad y promover oportunidades de aprendizaje durante toda la vida para todas y todos\u201d, para ello incorpor\u00f3 como una de sus metas \u201cgarantizar el acceso en condiciones de igualdad a las personas vulnerables, incluidas las personas con discapacidad, los pueblos ind\u00edgenas y los ni\u00f1os en situaciones de vulnerabilidad, a todos los niveles de la ense\u00f1anza y la formaci\u00f3n profesional\u201d. A partir de esta agenda, la Organizaci\u00f3n de las Naciones Unidas para la Educaci\u00f3n, la Ciencia y la Cultura (UNESCO) da seguimiento a los pa\u00edses para el cumplimiento de las metas establecidas.<\/p>\n<p style=\"text-align: justify;\">En el \u00e1mbito nacional<\/p>\n<p style=\"text-align: justify;\">La Constituci\u00f3n Pol\u00edtica de los Estados Unidos Mexicanos, en su art\u00edculo 1, establece que todas las personas gozar\u00e1n de los derechos humanos reconocidos en la Constituci\u00f3n y en los tratados internacionales de los que el Estado Mexicano sea parte, as\u00ed como de las garant\u00edas para su protecci\u00f3n, cuyo ejercicio no podr\u00e1 restringirse ni suspenderse. Proh\u00edbe toda discriminaci\u00f3n motivada por origen \u00e9tnico o nacional, el g\u00e9nero, la edad, las discapacidades, la condici\u00f3n social, las condiciones de salud, la religi\u00f3n, las opiniones, las preferencias sexuales, el estado civil o cualquier otra que atente contra la dignidad humana y tenga por objeto anular o menoscabar los derechos y libertades de las personas. Mandata que todas las autoridades, en el \u00e1mbito de sus competencias, tienen la obligaci\u00f3n de promover, respetar, proteger y garantizar los derechos humanos de conformidad con los principios de universalidad, interdependencia, indivisibilidad y progresividad.<\/p>\n<p style=\"text-align: justify;\">Asimismo, el art\u00edculo 3 establece que toda persona tiene derecho a recibir educaci\u00f3n; la ense\u00f1anza que imparta el Estado tender\u00e1 a desarrollar arm\u00f3nicamente todas las facultades del ser humano, luchar\u00e1 contra la ignorancia y sus efectos, las servidumbres y los prejuicios, contribuir\u00e1 a una mejor convivencia humana, a fin de fortalecer el aprecio y respeto por la diversidad cultural, la dignidad, los ideales de fraternidad e igualdad de derechos de todos. El Estado garantizar\u00e1 la calidad en la educaci\u00f3n obligatoria, de manera que los materiales y m\u00e9todos educativos, la organizaci\u00f3n escolar, la infraestructura educativa y la idoneidad de los docentes y los directivos garanticen el m\u00e1ximo logro de aprendizaje de los educandos. Adem\u00e1s, el Estado (Federaci\u00f3n, Estados, Ciudad de M\u00e9xico y Municipios), impartir\u00e1 educaci\u00f3n preescolar, primaria, secundaria y media superior y tambi\u00e9n promover\u00e1 y atender\u00e1 todos los tipos y modalidades educativas, incluyendo, entre otras, la educaci\u00f3n superior, necesarias para el desarrollo de la naci\u00f3n.<\/p>\n<p style=\"text-align: justify;\">La Ley General de Educaci\u00f3n establece que las autoridades educativas tomar\u00e1n medidas dirigidas a establecer condiciones que permitan el ejercicio pleno del derecho a la educaci\u00f3n de calidad de cada individuo, una mayor equidad educativa, as\u00ed como el logro de la efectiva igualdad en oportunidades de acceso y permanencia en los servicios educativos (art\u00edculo 32, primer p\u00e1rrafo). Asimismo, se\u00f1ala que las autoridades educativas desarrollar\u00e1n, bajo el principio de inclusi\u00f3n, programas de capacitaci\u00f3n, asesor\u00eda y apoyo a los maestros que atiendan alumnos con discapacidad y aptitudes sobresalientes, en t\u00e9rminos de lo dispuesto en el art\u00edculo 33. Igualmente, hace \u00e9nfasis en que se atender\u00e1 a los educandos de manera \u00f3ptima de acuerdo con sus propias condiciones, estilos y ritmos de aprendizaje, en un contexto educativo incluyente, el cual se debe basar en los principios de respeto, equidad, no discriminaci\u00f3n, igualdad sustantiva y perspectiva de g\u00e9nero (art\u00edculo 41).<\/p>\n<p style=\"text-align: justify;\">La Ley General de los Derechos de Ni\u00f1as, Ni\u00f1os y Adolescentes, en sus art\u00edculos 36, 37, 39, 54 y 57, establece el derecho de la igualdad sustantiva, es decir, el derecho al acceso, al mismo trato y mismas oportunidades para el reconocimiento, goce o ejercicio de los derechos de todas las ni\u00f1as, ni\u00f1os y adolescentes. Las autoridades federales y estatales deber\u00e1n garantizar la igualdad sustantiva mediante acciones afirmativas encaminadas a eliminar los obst\u00e1culos que impidan la igualdad de acceso y de oportunidades a los derechos. La Ley tambi\u00e9n establece el derecho de inclusi\u00f3n de las ni\u00f1as, ni\u00f1os y adolescentes con discapacidad, es decir, a vivir incluidos en la comunidad, en igualdad de condiciones que los dem\u00e1s. Las entidades federativas y municipales est\u00e1n obligadas a implementar medidas de nivelaci\u00f3n e inclusi\u00f3n as\u00ed como acciones afirmativas que consideren los principios de participaci\u00f3n e inclusi\u00f3n; respetar la diferencia y la aceptaci\u00f3n de las personas con discapacidad, adem\u00e1s de fomentar la inclusi\u00f3n social y establecer el Dise\u00f1o Universal (DU) de accesibilidad de ni\u00f1as, ni\u00f1os y adolescentes con discapacidad. La negaci\u00f3n de ajustes razonables se considera discriminaci\u00f3n. El art\u00edculo 58, p\u00e1rrafo I, refiere promover en ni\u00f1as, ni\u00f1os y adolescentes los valores fundamentales y el respeto a la identidad propia, as\u00ed como a las diferencias culturales y opiniones diversas.<\/p>\n<p style=\"text-align: justify;\">La Ley Federal para Prevenir y Eliminar la Discriminaci\u00f3n, se\u00f1ala que las acciones afirmativas que se implementen podr\u00e1n incluir aquellas que favorezcan el acceso, permanencia y promoci\u00f3n de personas pertenecientes a grupos en situaci\u00f3n de discriminaci\u00f3n y subrepresentados.<\/p>\n<p style=\"text-align: justify;\">En conclusi\u00f3n, existe un marco legal nacional e internacional que faculta a las autoridades gubernamentales para generar estrategias orientadas a favorecer la inclusi\u00f3n con el prop\u00f3sito de construir sociedades m\u00e1s justas y equitativas.<\/p>\n<p style=\"text-align: center;\">Recomendamos a la Comunidad Educativa Digital tener en cuenta que, el enlace y\/o la carpeta en donde est\u00e1n alojados los libros, recursos y\/o materiales, no es administrado por la Web del Maestro CMF, pueda ser que en cuesti\u00f3n de d\u00edas (o seg\u00fan el tiempo transcurrido desde su publicaci\u00f3n), los enlaces no funcionen y el material ya no se encuentre disponible. Gracias por su comprensi\u00f3n.<\/p>\n<h3>ENLACE DE LECTURA:<\/h3>\n<p style=\"text-align: center;\">\u00a1Comparte y as\u00ed m\u00e1s docentes utilizar\u00e1n estos recursos\u00a0gratis! Muchas gracias.<\/p>\n<p style=\"text-align: center;\">ENLACE 1: <span style=\"color: #000000;\"><a style=\"color: #000000;\" href=\"https:\/\/www.planyprogramasdestudio.sep.gob.mx\/descargables\/biblioteca\/basica-equidad\/I-contexto.pdf?fbclid=IwAR3PIw_oogePkLlIyRiLI7f6BoxBzY_dDoow6Z1lTkt77VQf-0L6_XHcaaUhttps:\/\/www.planyprogramasdestudio.sep.gob.mx\/descargables\/biblioteca\/basica-equidad\/I-contexto.pdf?fbclid=IwAR3PIw_oogePkLlIyRiLI7f6BoxBzY_dDoow6Z1lTkt77VQf-0L6_XHcaaU\" target=\"_blank\" rel=\"noopener\">APRENDIZAJES CLAVE PARA LA EDUCACI\u00d3N INTEGRAL<\/a><\/span><\/p>\n\t\t<div class=\"pk-inline-posts\">\n\t\t\t\n\t\t\t<div class=\"pk-inline-posts-container pk-inline-posts-template-list\"\n\t\t\t\tdata-columns=\"1\">\n\t\t\t\t\t\t<article id=\"post-101267\" class=\"post-101267 post type-post status-publish format-standard has-post-thumbnail category-calculo category-descargas-manuales-pdf category-pedagogia tag-calculo tag-desarrollar tag-guia tag-mental tag-ninos cs-entry cs-video-wrap\">\n\t\t\t<div class=\"pk-post-outer\">\n\n\t\t\t\t\t\t\t\t<div class=\"pk-post-inner\">\n\t\t\t\t\t<div class=\"entry-thumbnail\">\n\t\t\t\t\t\t<div class=\"pk-overlay pk-overlay-ratio pk-ratio-landscape\">\n\t\t\t\t\t\t\t<div class=\"pk-overlay-background\">\n\t\t\t\t\t\t\t\t<a href=\"https:\/\/webdelmaestrocmf.com\/portal\/guia-para-desarrollar-el-calculo-mental-en-ninos\/\" class=\"pk-overlay-link\">\n\t\t\t\t\t\t\t\t\t<img loading=\"lazy\" decoding=\"async\" width=\"300\" height=\"225\" src=\"https:\/\/webdelmaestrocmf.com\/portal\/wp-content\/uploads\/2023\/11\/1AA-Banner-1-portada-imagen-10-1-copia-1-300x225.webp\" class=\"attachment-pk-thumbnail size-pk-thumbnail wp-post-image\" alt=\"\" \/>\t\t\t\t\t\t\t\t<\/a>\n\t\t\t\t\t\t\t<\/div>\n\t\t\t\t\t\t<\/div>\n\t\t\t\t\t<\/div>\n\t\t\t\t<\/div>\n\t\t\t\t\n\t\t\t\t<div class=\"pk-post-inner\">\n\t\t\t\t\t<header>\n\t\t\t\t\t\t<h3 class=\"pk-title\"><a href=\"https:\/\/webdelmaestrocmf.com\/portal\/guia-para-desarrollar-el-calculo-mental-en-ninos\/\" rel=\"bookmark\">Gu\u00eda pr\u00e1ctica para desarrollar el c\u00e1lculo mental en ni\u00f1os: descarga los tres cuadernillos de c\u00e1lculo mental<\/a><\/h3>\t\t\t\t\t<\/header><!-- .entry-header -->\n\t\t\t\t<\/div><!-- .post-inner -->\n\n\t\t\t<\/div><!-- .post-outer -->\n\t\t<\/article>\n\t\t\t\t<\/div>\n\t\t<\/div>\n\t\t\n","protected":false},"excerpt":{"rendered":"En el \u00e1mbito nacional e internacional existen diversos fundamentos jur\u00eddicos que sustentan los principios de la educaci\u00f3n inclusiva&hellip;","protected":false},"author":1,"featured_media":66078,"comment_status":"open","ping_status":"closed","sticky":false,"template":"","format":"standard","meta":{"csco_display_header_overlay":false,"csco_singular_sidebar":"default","csco_page_header_type":"default","csco_page_load_nextpost":"default","csco_post_video_location":[],"csco_post_video_location_hash":"","csco_post_video_url":"","csco_post_video_bg_start_time":0,"csco_post_video_bg_end_time":0,"csco_post_video_bg_volume":false,"_jetpack_memberships_contains_paid_content":false,"footnotes":""},"categories":[2004,735],"tags":[1788,275,55,13903],"class_list":{"0":"post-66076","1":"post","2":"type-post","3":"status-publish","4":"format-standard","5":"has-post-thumbnail","7":"category-descargas-manuales-pdf","8":"category-pedagogia","9":"tag-aprendizajes","10":"tag-clave","11":"tag-educacion","12":"tag-integral","13":"cs-entry","14":"cs-video-wrap"},"yoast_head":"<!-- This site is optimized with the Yoast SEO plugin v27.5 - https:\/\/yoast.com\/product\/yoast-seo-wordpress\/ -->\n<title>Aprendizajes clave para la educaci\u00f3n integral - 2026<\/title>\n<meta name=\"description\" content=\"En el \u00e1mbito nacional e internacional existen diversos fundamentos jur\u00eddicos que sustentan los principios de la educaci\u00f3n...\" \/>\n<meta name=\"robots\" content=\"index, follow, max-snippet:-1, max-image-preview:large, max-video-preview:-1\" \/>\n<link rel=\"canonical\" href=\"https:\/\/webdelmaestrocmf.com\/portal\/aprendizajes-clave-para-la-educacion-integral\/\" \/>\n<meta property=\"og:locale\" content=\"es_ES\" \/>\n<meta property=\"og:type\" content=\"article\" \/>\n<meta property=\"og:title\" content=\"Aprendizajes clave para la educaci\u00f3n integral - 2026\" \/>\n<meta property=\"og:description\" content=\"En el \u00e1mbito nacional e internacional existen diversos fundamentos jur\u00eddicos que sustentan los principios de la educaci\u00f3n...\" \/>\n<meta property=\"og:url\" content=\"https:\/\/webdelmaestrocmf.com\/portal\/aprendizajes-clave-para-la-educacion-integral\/\" \/>\n<meta property=\"og:site_name\" content=\"Web del Maestro CMF\" \/>\n<meta property=\"article:publisher\" content=\"https:\/\/www.facebook.com\/WebdelMaestroCMF\/\" \/>\n<meta property=\"article:author\" content=\"https:\/\/www.facebook.com\/WebdelMaestroCMF\/\" \/>\n<meta property=\"article:published_time\" content=\"2022-09-08T01:03:31+00:00\" \/>\n<meta property=\"article:modified_time\" content=\"2022-09-08T01:04:09+00:00\" \/>\n<meta property=\"og:image\" content=\"https:\/\/i0.wp.com\/webdelmaestrocmf.com\/portal\/wp-content\/uploads\/2021\/08\/1-9.jpg?fit=1100%2C680&ssl=1\" \/>\n\t<meta property=\"og:image:width\" content=\"1100\" \/>\n\t<meta property=\"og:image:height\" content=\"680\" \/>\n\t<meta property=\"og:image:type\" content=\"image\/jpeg\" \/>\n<meta name=\"author\" content=\"Web del Maestro CMF\" \/>\n<meta name=\"twitter:card\" content=\"summary_large_image\" \/>\n<meta name=\"twitter:creator\" content=\"@cmf_w\" \/>\n<meta name=\"twitter:site\" content=\"@cmf_w\" \/>\n<script type=\"application\/ld+json\" class=\"yoast-schema-graph\">{\"@context\":\"https:\\\/\\\/schema.org\",\"@graph\":[{\"@type\":\"ScholarlyArticle\",\"@id\":\"https:\\\/\\\/webdelmaestrocmf.com\\\/portal\\\/aprendizajes-clave-para-la-educacion-integral\\\/#article\",\"isPartOf\":{\"@id\":\"https:\\\/\\\/webdelmaestrocmf.com\\\/portal\\\/aprendizajes-clave-para-la-educacion-integral\\\/\"},\"author\":{\"name\":\"Web del Maestro CMF\",\"@id\":\"https:\\\/\\\/webdelmaestrocmf.com\\\/portal\\\/#\\\/schema\\\/person\\\/1072a2ed7bd960df8ef99a551fa35dc5\"},\"headline\":\"Aprendizajes clave para la educaci\u00f3n integral\",\"datePublished\":\"2022-09-08T01:03:31+00:00\",\"dateModified\":\"2022-09-08T01:04:09+00:00\",\"mainEntityOfPage\":{\"@id\":\"https:\\\/\\\/webdelmaestrocmf.com\\\/portal\\\/aprendizajes-clave-para-la-educacion-integral\\\/\"},\"wordCount\":1559,\"commentCount\":0,\"publisher\":{\"@id\":\"https:\\\/\\\/webdelmaestrocmf.com\\\/portal\\\/#organization\"},\"image\":{\"@id\":\"https:\\\/\\\/webdelmaestrocmf.com\\\/portal\\\/aprendizajes-clave-para-la-educacion-integral\\\/#primaryimage\"},\"thumbnailUrl\":\"https:\\\/\\\/webdelmaestrocmf.com\\\/portal\\\/wp-content\\\/uploads\\\/2021\\\/08\\\/1-9.jpg\",\"keywords\":[\"APRENDIZAJES\",\"CLAVE\",\"EDUCACI\u00d3N\",\"integral\"],\"articleSection\":[\"Descargas Manuales PDF\",\"Recursos\"],\"inLanguage\":\"es\",\"potentialAction\":[{\"@type\":\"CommentAction\",\"name\":\"Comment\",\"target\":[\"https:\\\/\\\/webdelmaestrocmf.com\\\/portal\\\/aprendizajes-clave-para-la-educacion-integral\\\/#respond\"]}]},{\"@type\":\"WebPage\",\"@id\":\"https:\\\/\\\/webdelmaestrocmf.com\\\/portal\\\/aprendizajes-clave-para-la-educacion-integral\\\/\",\"url\":\"https:\\\/\\\/webdelmaestrocmf.com\\\/portal\\\/aprendizajes-clave-para-la-educacion-integral\\\/\",\"name\":\"Aprendizajes clave para la educaci\u00f3n integral - 2026\",\"isPartOf\":{\"@id\":\"https:\\\/\\\/webdelmaestrocmf.com\\\/portal\\\/#website\"},\"primaryImageOfPage\":{\"@id\":\"https:\\\/\\\/webdelmaestrocmf.com\\\/portal\\\/aprendizajes-clave-para-la-educacion-integral\\\/#primaryimage\"},\"image\":{\"@id\":\"https:\\\/\\\/webdelmaestrocmf.com\\\/portal\\\/aprendizajes-clave-para-la-educacion-integral\\\/#primaryimage\"},\"thumbnailUrl\":\"https:\\\/\\\/webdelmaestrocmf.com\\\/portal\\\/wp-content\\\/uploads\\\/2021\\\/08\\\/1-9.jpg\",\"datePublished\":\"2022-09-08T01:03:31+00:00\",\"dateModified\":\"2022-09-08T01:04:09+00:00\",\"description\":\"En el \u00e1mbito nacional e internacional existen diversos fundamentos jur\u00eddicos que sustentan los principios de la educaci\u00f3n...\",\"breadcrumb\":{\"@id\":\"https:\\\/\\\/webdelmaestrocmf.com\\\/portal\\\/aprendizajes-clave-para-la-educacion-integral\\\/#breadcrumb\"},\"inLanguage\":\"es\",\"potentialAction\":[{\"@type\":\"ReadAction\",\"target\":[\"https:\\\/\\\/webdelmaestrocmf.com\\\/portal\\\/aprendizajes-clave-para-la-educacion-integral\\\/\"]}]},{\"@type\":\"ImageObject\",\"inLanguage\":\"es\",\"@id\":\"https:\\\/\\\/webdelmaestrocmf.com\\\/portal\\\/aprendizajes-clave-para-la-educacion-integral\\\/#primaryimage\",\"url\":\"https:\\\/\\\/webdelmaestrocmf.com\\\/portal\\\/wp-content\\\/uploads\\\/2021\\\/08\\\/1-9.jpg\",\"contentUrl\":\"https:\\\/\\\/webdelmaestrocmf.com\\\/portal\\\/wp-content\\\/uploads\\\/2021\\\/08\\\/1-9.jpg\",\"width\":1100,\"height\":680},{\"@type\":\"BreadcrumbList\",\"@id\":\"https:\\\/\\\/webdelmaestrocmf.com\\\/portal\\\/aprendizajes-clave-para-la-educacion-integral\\\/#breadcrumb\",\"itemListElement\":[{\"@type\":\"ListItem\",\"position\":1,\"name\":\"Portada\",\"item\":\"https:\\\/\\\/webdelmaestrocmf.com\\\/portal\\\/\"},{\"@type\":\"ListItem\",\"position\":2,\"name\":\"Recursos\",\"item\":\"https:\\\/\\\/webdelmaestrocmf.com\\\/portal\\\/category\\\/pedagogia\\\/\"},{\"@type\":\"ListItem\",\"position\":3,\"name\":\"Aprendizajes clave para la educaci\u00f3n integral\"}]},{\"@type\":\"WebSite\",\"@id\":\"https:\\\/\\\/webdelmaestrocmf.com\\\/portal\\\/#website\",\"url\":\"https:\\\/\\\/webdelmaestrocmf.com\\\/portal\\\/\",\"name\":\"Web del Maestro CMF\",\"description\":\"Maestros al servicio de la educaci\u00f3n\",\"publisher\":{\"@id\":\"https:\\\/\\\/webdelmaestrocmf.com\\\/portal\\\/#organization\"},\"alternateName\":\"WMCMF\",\"potentialAction\":[{\"@type\":\"SearchAction\",\"target\":{\"@type\":\"EntryPoint\",\"urlTemplate\":\"https:\\\/\\\/webdelmaestrocmf.com\\\/portal\\\/?s={search_term_string}\"},\"query-input\":{\"@type\":\"PropertyValueSpecification\",\"valueRequired\":true,\"valueName\":\"search_term_string\"}}],\"inLanguage\":\"es\"},{\"@type\":\"Organization\",\"@id\":\"https:\\\/\\\/webdelmaestrocmf.com\\\/portal\\\/#organization\",\"name\":\"Web del Maestro CMF\",\"alternateName\":\"WMCMF\",\"url\":\"https:\\\/\\\/webdelmaestrocmf.com\\\/portal\\\/\",\"logo\":{\"@type\":\"ImageObject\",\"inLanguage\":\"es\",\"@id\":\"https:\\\/\\\/webdelmaestrocmf.com\\\/portal\\\/#\\\/schema\\\/logo\\\/image\\\/\",\"url\":\"https:\\\/\\\/webdelmaestrocmf.com\\\/portal\\\/wp-content\\\/uploads\\\/2023\\\/01\\\/logo-wmcmf-2.png\",\"contentUrl\":\"https:\\\/\\\/webdelmaestrocmf.com\\\/portal\\\/wp-content\\\/uploads\\\/2023\\\/01\\\/logo-wmcmf-2.png\",\"width\":200,\"height\":60,\"caption\":\"Web del Maestro CMF\"},\"image\":{\"@id\":\"https:\\\/\\\/webdelmaestrocmf.com\\\/portal\\\/#\\\/schema\\\/logo\\\/image\\\/\"},\"sameAs\":[\"https:\\\/\\\/www.facebook.com\\\/WebdelMaestroCMF\\\/\",\"https:\\\/\\\/x.com\\\/cmf_w\",\"https:\\\/\\\/www.pinterest.com\\\/WMCMF\\\/\",\"https:\\\/\\\/www.linkedin.com\\\/company\\\/web-del-maestro-cmf\\\/\",\"https:\\\/\\\/www.instagram.com\\\/wmcmf\\\/\",\"https:\\\/\\\/www.youtube.com\\\/channel\\\/UCDPSvjbdodE5sHnC3OxutHw\",\"https:\\\/\\\/mastodon.social\\\/@wmcmf\",\"https:\\\/\\\/www.tiktok.com\\\/@webdelmaestrocmf\"]},{\"@type\":\"Person\",\"@id\":\"https:\\\/\\\/webdelmaestrocmf.com\\\/portal\\\/#\\\/schema\\\/person\\\/1072a2ed7bd960df8ef99a551fa35dc5\",\"name\":\"Web del Maestro CMF\",\"image\":{\"@type\":\"ImageObject\",\"inLanguage\":\"es\",\"@id\":\"https:\\\/\\\/secure.gravatar.com\\\/avatar\\\/23291dd5b5ae1077dcff3dbb04c3e02bd28403fa75af6d8787d5e97c5bbbe30b?s=96&d=mm&r=g\",\"url\":\"https:\\\/\\\/secure.gravatar.com\\\/avatar\\\/23291dd5b5ae1077dcff3dbb04c3e02bd28403fa75af6d8787d5e97c5bbbe30b?s=96&d=mm&r=g\",\"contentUrl\":\"https:\\\/\\\/secure.gravatar.com\\\/avatar\\\/23291dd5b5ae1077dcff3dbb04c3e02bd28403fa75af6d8787d5e97c5bbbe30b?s=96&d=mm&r=g\",\"caption\":\"Web del Maestro CMF\"},\"description\":\"Esta Web se cre\u00f3 sin fines de lucro, con fines educativos, cient\u00edficos y acad\u00e9micos, para personas que tengan dificultades y\\\/o inconvenientes en visualizar el material original. El objetivo es entregar recursos, compartir experiencias y materiales que ayuden a los padres de familia, maestros y estudiantes en su actualizaci\u00f3n y formaci\u00f3n permanente, en bien de la Educaci\u00f3n.\",\"sameAs\":[\"http:\\\/\\\/webdelmaestrocmf.com\\\/portal\",\"https:\\\/\\\/www.facebook.com\\\/WebdelMaestroCMF\\\/\",\"https:\\\/\\\/www.instagram.com\\\/wmcmf\\\/\",\"https:\\\/\\\/cl.linkedin.com\\\/company\\\/web-del-maestro-cmf\",\"https:\\\/\\\/www.pinterest.com\\\/WMCMF\\\/publicaciones\\\/\",\"https:\\\/\\\/x.com\\\/cmf_w\",\"https:\\\/\\\/www.youtube.com\\\/@WMCMF\"]}]}<\/script>\n<!-- \/ Yoast SEO plugin. -->","yoast_head_json":{"title":"Aprendizajes clave para la educaci\u00f3n integral - 2026","description":"En el \u00e1mbito nacional e internacional existen diversos fundamentos jur\u00eddicos que sustentan los principios de la educaci\u00f3n...","robots":{"index":"index","follow":"follow","max-snippet":"max-snippet:-1","max-image-preview":"max-image-preview:large","max-video-preview":"max-video-preview:-1"},"canonical":"https:\/\/webdelmaestrocmf.com\/portal\/aprendizajes-clave-para-la-educacion-integral\/","og_locale":"es_ES","og_type":"article","og_title":"Aprendizajes clave para la educaci\u00f3n integral - 2026","og_description":"En el \u00e1mbito nacional e internacional existen diversos fundamentos jur\u00eddicos que sustentan los principios de la educaci\u00f3n...","og_url":"https:\/\/webdelmaestrocmf.com\/portal\/aprendizajes-clave-para-la-educacion-integral\/","og_site_name":"Web del Maestro CMF","article_publisher":"https:\/\/www.facebook.com\/WebdelMaestroCMF\/","article_author":"https:\/\/www.facebook.com\/WebdelMaestroCMF\/","article_published_time":"2022-09-08T01:03:31+00:00","article_modified_time":"2022-09-08T01:04:09+00:00","og_image":[{"width":1100,"height":680,"url":"https:\/\/i0.wp.com\/webdelmaestrocmf.com\/portal\/wp-content\/uploads\/2021\/08\/1-9.jpg?fit=1100%2C680&ssl=1","type":"image\/jpeg"}],"author":"Web del Maestro CMF","twitter_card":"summary_large_image","twitter_creator":"@cmf_w","twitter_site":"@cmf_w","schema":{"@context":"https:\/\/schema.org","@graph":[{"@type":"ScholarlyArticle","@id":"https:\/\/webdelmaestrocmf.com\/portal\/aprendizajes-clave-para-la-educacion-integral\/#article","isPartOf":{"@id":"https:\/\/webdelmaestrocmf.com\/portal\/aprendizajes-clave-para-la-educacion-integral\/"},"author":{"name":"Web del Maestro CMF","@id":"https:\/\/webdelmaestrocmf.com\/portal\/#\/schema\/person\/1072a2ed7bd960df8ef99a551fa35dc5"},"headline":"Aprendizajes clave para la educaci\u00f3n integral","datePublished":"2022-09-08T01:03:31+00:00","dateModified":"2022-09-08T01:04:09+00:00","mainEntityOfPage":{"@id":"https:\/\/webdelmaestrocmf.com\/portal\/aprendizajes-clave-para-la-educacion-integral\/"},"wordCount":1559,"commentCount":0,"publisher":{"@id":"https:\/\/webdelmaestrocmf.com\/portal\/#organization"},"image":{"@id":"https:\/\/webdelmaestrocmf.com\/portal\/aprendizajes-clave-para-la-educacion-integral\/#primaryimage"},"thumbnailUrl":"https:\/\/webdelmaestrocmf.com\/portal\/wp-content\/uploads\/2021\/08\/1-9.jpg","keywords":["APRENDIZAJES","CLAVE","EDUCACI\u00d3N","integral"],"articleSection":["Descargas Manuales PDF","Recursos"],"inLanguage":"es","potentialAction":[{"@type":"CommentAction","name":"Comment","target":["https:\/\/webdelmaestrocmf.com\/portal\/aprendizajes-clave-para-la-educacion-integral\/#respond"]}]},{"@type":"WebPage","@id":"https:\/\/webdelmaestrocmf.com\/portal\/aprendizajes-clave-para-la-educacion-integral\/","url":"https:\/\/webdelmaestrocmf.com\/portal\/aprendizajes-clave-para-la-educacion-integral\/","name":"Aprendizajes clave para la educaci\u00f3n integral - 2026","isPartOf":{"@id":"https:\/\/webdelmaestrocmf.com\/portal\/#website"},"primaryImageOfPage":{"@id":"https:\/\/webdelmaestrocmf.com\/portal\/aprendizajes-clave-para-la-educacion-integral\/#primaryimage"},"image":{"@id":"https:\/\/webdelmaestrocmf.com\/portal\/aprendizajes-clave-para-la-educacion-integral\/#primaryimage"},"thumbnailUrl":"https:\/\/webdelmaestrocmf.com\/portal\/wp-content\/uploads\/2021\/08\/1-9.jpg","datePublished":"2022-09-08T01:03:31+00:00","dateModified":"2022-09-08T01:04:09+00:00","description":"En el \u00e1mbito nacional e internacional existen diversos fundamentos jur\u00eddicos que sustentan los principios de la educaci\u00f3n...","breadcrumb":{"@id":"https:\/\/webdelmaestrocmf.com\/portal\/aprendizajes-clave-para-la-educacion-integral\/#breadcrumb"},"inLanguage":"es","potentialAction":[{"@type":"ReadAction","target":["https:\/\/webdelmaestrocmf.com\/portal\/aprendizajes-clave-para-la-educacion-integral\/"]}]},{"@type":"ImageObject","inLanguage":"es","@id":"https:\/\/webdelmaestrocmf.com\/portal\/aprendizajes-clave-para-la-educacion-integral\/#primaryimage","url":"https:\/\/webdelmaestrocmf.com\/portal\/wp-content\/uploads\/2021\/08\/1-9.jpg","contentUrl":"https:\/\/webdelmaestrocmf.com\/portal\/wp-content\/uploads\/2021\/08\/1-9.jpg","width":1100,"height":680},{"@type":"BreadcrumbList","@id":"https:\/\/webdelmaestrocmf.com\/portal\/aprendizajes-clave-para-la-educacion-integral\/#breadcrumb","itemListElement":[{"@type":"ListItem","position":1,"name":"Portada","item":"https:\/\/webdelmaestrocmf.com\/portal\/"},{"@type":"ListItem","position":2,"name":"Recursos","item":"https:\/\/webdelmaestrocmf.com\/portal\/category\/pedagogia\/"},{"@type":"ListItem","position":3,"name":"Aprendizajes clave para la educaci\u00f3n integral"}]},{"@type":"WebSite","@id":"https:\/\/webdelmaestrocmf.com\/portal\/#website","url":"https:\/\/webdelmaestrocmf.com\/portal\/","name":"Web del Maestro CMF","description":"Maestros al servicio de la educaci\u00f3n","publisher":{"@id":"https:\/\/webdelmaestrocmf.com\/portal\/#organization"},"alternateName":"WMCMF","potentialAction":[{"@type":"SearchAction","target":{"@type":"EntryPoint","urlTemplate":"https:\/\/webdelmaestrocmf.com\/portal\/?s={search_term_string}"},"query-input":{"@type":"PropertyValueSpecification","valueRequired":true,"valueName":"search_term_string"}}],"inLanguage":"es"},{"@type":"Organization","@id":"https:\/\/webdelmaestrocmf.com\/portal\/#organization","name":"Web del Maestro CMF","alternateName":"WMCMF","url":"https:\/\/webdelmaestrocmf.com\/portal\/","logo":{"@type":"ImageObject","inLanguage":"es","@id":"https:\/\/webdelmaestrocmf.com\/portal\/#\/schema\/logo\/image\/","url":"https:\/\/webdelmaestrocmf.com\/portal\/wp-content\/uploads\/2023\/01\/logo-wmcmf-2.png","contentUrl":"https:\/\/webdelmaestrocmf.com\/portal\/wp-content\/uploads\/2023\/01\/logo-wmcmf-2.png","width":200,"height":60,"caption":"Web del Maestro CMF"},"image":{"@id":"https:\/\/webdelmaestrocmf.com\/portal\/#\/schema\/logo\/image\/"},"sameAs":["https:\/\/www.facebook.com\/WebdelMaestroCMF\/","https:\/\/x.com\/cmf_w","https:\/\/www.pinterest.com\/WMCMF\/","https:\/\/www.linkedin.com\/company\/web-del-maestro-cmf\/","https:\/\/www.instagram.com\/wmcmf\/","https:\/\/www.youtube.com\/channel\/UCDPSvjbdodE5sHnC3OxutHw","https:\/\/mastodon.social\/@wmcmf","https:\/\/www.tiktok.com\/@webdelmaestrocmf"]},{"@type":"Person","@id":"https:\/\/webdelmaestrocmf.com\/portal\/#\/schema\/person\/1072a2ed7bd960df8ef99a551fa35dc5","name":"Web del Maestro CMF","image":{"@type":"ImageObject","inLanguage":"es","@id":"https:\/\/secure.gravatar.com\/avatar\/23291dd5b5ae1077dcff3dbb04c3e02bd28403fa75af6d8787d5e97c5bbbe30b?s=96&d=mm&r=g","url":"https:\/\/secure.gravatar.com\/avatar\/23291dd5b5ae1077dcff3dbb04c3e02bd28403fa75af6d8787d5e97c5bbbe30b?s=96&d=mm&r=g","contentUrl":"https:\/\/secure.gravatar.com\/avatar\/23291dd5b5ae1077dcff3dbb04c3e02bd28403fa75af6d8787d5e97c5bbbe30b?s=96&d=mm&r=g","caption":"Web del Maestro CMF"},"description":"Esta Web se cre\u00f3 sin fines de lucro, con fines educativos, cient\u00edficos y acad\u00e9micos, para personas que tengan dificultades y\/o inconvenientes en visualizar el material original. El objetivo es entregar recursos, compartir experiencias y materiales que ayuden a los padres de familia, maestros y estudiantes en su actualizaci\u00f3n y formaci\u00f3n permanente, en bien de la Educaci\u00f3n.","sameAs":["http:\/\/webdelmaestrocmf.com\/portal","https:\/\/www.facebook.com\/WebdelMaestroCMF\/","https:\/\/www.instagram.com\/wmcmf\/","https:\/\/cl.linkedin.com\/company\/web-del-maestro-cmf","https:\/\/www.pinterest.com\/WMCMF\/publicaciones\/","https:\/\/x.com\/cmf_w","https:\/\/www.youtube.com\/@WMCMF"]}]}},"jetpack_featured_media_url":"https:\/\/webdelmaestrocmf.com\/portal\/wp-content\/uploads\/2021\/08\/1-9.jpg","jetpack_sharing_enabled":true,"jetpack-related-posts":[{"id":108066,"url":"https:\/\/webdelmaestrocmf.com\/portal\/el-calendario-unicef-2025-sobre-los-derechos-de-ninos-y-ninas\/","url_meta":{"origin":66076,"position":0},"title":"El Calendario UNICEF 2025 sobre los derechos de ni\u00f1os y ni\u00f1as","author":"Web del Maestro CMF","date":"20 febrero, 2025","format":false,"excerpt":"Cada a\u00f1o, UNICEF presenta su calendario tem\u00e1tico con el prop\u00f3sito de visibilizar y promover los derechos de los ni\u00f1os, ni\u00f1as y adolescentes. La edici\u00f3n de 2025, ilustrada por Pedro Prado, no solo funciona como una herramienta organizativa, sino como un recordatorio constante de los derechos fundamentales que deben garantizarse para\u2026","rel":"","context":"En \u00abCalendario\u00bb","block_context":{"text":"Calendario","link":"https:\/\/webdelmaestrocmf.com\/portal\/category\/pedagogia\/calendario\/"},"img":{"alt_text":"","src":"https:\/\/i0.wp.com\/webdelmaestrocmf.com\/portal\/wp-content\/uploads\/2025\/02\/1A-Banner-1-portada-imagen-10-1-86.jpg?resize=350%2C200&ssl=1","width":350,"height":200,"srcset":"https:\/\/i0.wp.com\/webdelmaestrocmf.com\/portal\/wp-content\/uploads\/2025\/02\/1A-Banner-1-portada-imagen-10-1-86.jpg?resize=350%2C200&ssl=1 1x, https:\/\/i0.wp.com\/webdelmaestrocmf.com\/portal\/wp-content\/uploads\/2025\/02\/1A-Banner-1-portada-imagen-10-1-86.jpg?resize=525%2C300&ssl=1 1.5x, https:\/\/i0.wp.com\/webdelmaestrocmf.com\/portal\/wp-content\/uploads\/2025\/02\/1A-Banner-1-portada-imagen-10-1-86.jpg?resize=700%2C400&ssl=1 2x"},"classes":[]},{"id":99167,"url":"https:\/\/webdelmaestrocmf.com\/portal\/derechos-de-los-ninos-de-5-a-8-anos\/","url_meta":{"origin":66076,"position":1},"title":"Derechos de los ni\u00f1os y ni\u00f1as para descargar","author":"Web del Maestro CMF","date":"2 noviembre, 2023","format":false,"excerpt":"Queremos destacar un recurso invaluable que los docentes tienen a su disposici\u00f3n: un cuadernillo en formato PDF que aborda los principales derechos de los ni\u00f1os. Este documento, elaborado por La Convenci\u00f3n sobre los Derechos del Ni\u00f1o (CDN), se erige como una herramienta esencial en la labor de promover y defender\u2026","rel":"","context":"En \u00abDerechos\u00bb","block_context":{"text":"Derechos","link":"https:\/\/webdelmaestrocmf.com\/portal\/category\/pedagogia\/derechos\/"},"img":{"alt_text":"Derechos de los ni\u00f1os","src":"https:\/\/i0.wp.com\/webdelmaestrocmf.com\/portal\/wp-content\/uploads\/2023\/11\/A12B3C4D-5.jpg?resize=350%2C200&ssl=1","width":350,"height":200,"srcset":"https:\/\/i0.wp.com\/webdelmaestrocmf.com\/portal\/wp-content\/uploads\/2023\/11\/A12B3C4D-5.jpg?resize=350%2C200&ssl=1 1x, https:\/\/i0.wp.com\/webdelmaestrocmf.com\/portal\/wp-content\/uploads\/2023\/11\/A12B3C4D-5.jpg?resize=525%2C300&ssl=1 1.5x, https:\/\/i0.wp.com\/webdelmaestrocmf.com\/portal\/wp-content\/uploads\/2023\/11\/A12B3C4D-5.jpg?resize=700%2C400&ssl=1 2x"},"classes":[]},{"id":61435,"url":"https:\/\/webdelmaestrocmf.com\/portal\/david-auris-dia-mundial-de-la-educacion\/","url_meta":{"origin":66076,"position":2},"title":"[David Auris] D\u00eda Mundial de la Educaci\u00f3n","author":"Web del Maestro CMF","date":"6 abril, 2021","format":false,"excerpt":"Hagamos que toda persona acceda a la educaci\u00f3n. La educaci\u00f3n es un derecho fundamental, declarado en el art\u00edculo 26 de La Declaraci\u00f3n Universal de los Derechos Humanos. Abre lumbreras hacia una vida plena de oportunidades para nuestro desarrollo integral, creando equidad y convivencia solidaria en un cosmos sostenible y pac\u00edfico.\u2026","rel":"","context":"En \u00abZ-Colaborador-David-Auris\u00bb","block_context":{"text":"Z-Colaborador-David-Auris","link":"https:\/\/webdelmaestrocmf.com\/portal\/category\/colaborador\/z-colaborador-david-auris\/"},"img":{"alt_text":"","src":"https:\/\/i0.wp.com\/webdelmaestrocmf.com\/portal\/wp-content\/uploads\/2021\/04\/1-copia-4.jpg?resize=350%2C200&ssl=1","width":350,"height":200,"srcset":"https:\/\/i0.wp.com\/webdelmaestrocmf.com\/portal\/wp-content\/uploads\/2021\/04\/1-copia-4.jpg?resize=350%2C200&ssl=1 1x, https:\/\/i0.wp.com\/webdelmaestrocmf.com\/portal\/wp-content\/uploads\/2021\/04\/1-copia-4.jpg?resize=525%2C300&ssl=1 1.5x, https:\/\/i0.wp.com\/webdelmaestrocmf.com\/portal\/wp-content\/uploads\/2021\/04\/1-copia-4.jpg?resize=700%2C400&ssl=1 2x, https:\/\/i0.wp.com\/webdelmaestrocmf.com\/portal\/wp-content\/uploads\/2021\/04\/1-copia-4.jpg?resize=1050%2C600&ssl=1 3x"},"classes":[]},{"id":50681,"url":"https:\/\/webdelmaestrocmf.com\/portal\/educacion-a-distancia-inclusiva-con-planes-de-aprendizaje-accesibles-adaptados-e-individualizados\/","url_meta":{"origin":66076,"position":3},"title":"Educaci\u00f3n a Distancia Inclusiva con planes de aprendizaje accesibles, adaptados e individualizados","author":"Web del Maestro CMF","date":"31 agosto, 2020","format":false,"excerpt":"El Programa de Acci\u00f3n Mundial para las Personas con Discapacidad (GLAD, por sus siglas en ingl\u00e9s), hace un llamado a garantizar el derecho a la educaci\u00f3n de los educandos discapacitados en este tiempo de emergencia educativa a causa del Covid 19, y nos llama a reducir las desigualdades que parecen\u2026","rel":"","context":"En \u00abYo opino - WMCMF\u00bb","block_context":{"text":"Yo opino - WMCMF","link":"https:\/\/webdelmaestrocmf.com\/portal\/category\/jamb\/"},"img":{"alt_text":"","src":"https:\/\/i0.wp.com\/webdelmaestrocmf.com\/portal\/wp-content\/uploads\/2020\/08\/1-copia-76.jpg?resize=350%2C200&ssl=1","width":350,"height":200,"srcset":"https:\/\/i0.wp.com\/webdelmaestrocmf.com\/portal\/wp-content\/uploads\/2020\/08\/1-copia-76.jpg?resize=350%2C200&ssl=1 1x, https:\/\/i0.wp.com\/webdelmaestrocmf.com\/portal\/wp-content\/uploads\/2020\/08\/1-copia-76.jpg?resize=525%2C300&ssl=1 1.5x, https:\/\/i0.wp.com\/webdelmaestrocmf.com\/portal\/wp-content\/uploads\/2020\/08\/1-copia-76.jpg?resize=700%2C400&ssl=1 2x, https:\/\/i0.wp.com\/webdelmaestrocmf.com\/portal\/wp-content\/uploads\/2020\/08\/1-copia-76.jpg?resize=1050%2C600&ssl=1 3x"},"classes":[]},{"id":105659,"url":"https:\/\/webdelmaestrocmf.com\/portal\/cuales-deben-ser-las-competencias-de-un-docente-segun-la-unesco-unicef-y-la-onu\/","url_meta":{"origin":66076,"position":4},"title":"Cu\u00e1les deben ser las competencias de un docente seg\u00fan la UNESCO, UNICEF y la ONU","author":"Web del Maestro CMF","date":"22 mayo, 2024","format":false,"excerpt":"La educaci\u00f3n se erige como el pilar fundamental para el desarrollo individual y colectivo. En este contexto, la labor docente adquiere una relevancia sin precedentes, pues son los maestros quienes gu\u00edan a las nuevas generaciones hacia un futuro promisorio. Para enfrentar los desaf\u00edos y aprovechar las oportunidades que presenta el\u2026","rel":"","context":"En \u00abCompetencias\u00bb","block_context":{"text":"Competencias","link":"https:\/\/webdelmaestrocmf.com\/portal\/category\/pedagogia\/competencias\/"},"img":{"alt_text":"competencias","src":"https:\/\/i0.wp.com\/webdelmaestrocmf.com\/portal\/wp-content\/uploads\/2024\/05\/Banner-1-portada-imagen-10-1-2024-05-22T131327.223.jpg?resize=350%2C200&ssl=1","width":350,"height":200,"srcset":"https:\/\/i0.wp.com\/webdelmaestrocmf.com\/portal\/wp-content\/uploads\/2024\/05\/Banner-1-portada-imagen-10-1-2024-05-22T131327.223.jpg?resize=350%2C200&ssl=1 1x, https:\/\/i0.wp.com\/webdelmaestrocmf.com\/portal\/wp-content\/uploads\/2024\/05\/Banner-1-portada-imagen-10-1-2024-05-22T131327.223.jpg?resize=525%2C300&ssl=1 1.5x, https:\/\/i0.wp.com\/webdelmaestrocmf.com\/portal\/wp-content\/uploads\/2024\/05\/Banner-1-portada-imagen-10-1-2024-05-22T131327.223.jpg?resize=700%2C400&ssl=1 2x"},"classes":[]},{"id":73514,"url":"https:\/\/webdelmaestrocmf.com\/portal\/la-educacion-en-2022-ocho-estrategias-clave-para-renovar-la-educacion-segun-la-unesco\/","url_meta":{"origin":66076,"position":5},"title":"Ocho estrategias clave para renovar la educaci\u00f3n, seg\u00fan la UNESCO","author":"Web del Maestro CMF","date":"25 enero, 2022","format":false,"excerpt":"En el\u00a0D\u00eda Internacional de la Educaci\u00f3n, (24 de enero), la Organizaci\u00f3n de las Naciones Unidas para la Educaci\u00f3n, la Ciencia y la Cultura (UNESCO) hizo un llamado para que los gobiernos y la sociedad act\u00faen para implementar un nuevo contrato social para la educaci\u00f3n\u00a0e impulsar un\u00a0cambio profundo hacia una formaci\u00f3n\u2026","rel":"","context":"En \u00abNoticias\u00bb","block_context":{"text":"Noticias","link":"https:\/\/webdelmaestrocmf.com\/portal\/category\/pedagogia\/noticias-pedagogia\/"},"img":{"alt_text":"","src":"https:\/\/i0.wp.com\/webdelmaestrocmf.com\/portal\/wp-content\/uploads\/2022\/01\/1-147.jpg?resize=350%2C200&ssl=1","width":350,"height":200,"srcset":"https:\/\/i0.wp.com\/webdelmaestrocmf.com\/portal\/wp-content\/uploads\/2022\/01\/1-147.jpg?resize=350%2C200&ssl=1 1x, https:\/\/i0.wp.com\/webdelmaestrocmf.com\/portal\/wp-content\/uploads\/2022\/01\/1-147.jpg?resize=525%2C300&ssl=1 1.5x, https:\/\/i0.wp.com\/webdelmaestrocmf.com\/portal\/wp-content\/uploads\/2022\/01\/1-147.jpg?resize=700%2C400&ssl=1 2x, https:\/\/i0.wp.com\/webdelmaestrocmf.com\/portal\/wp-content\/uploads\/2022\/01\/1-147.jpg?resize=1050%2C600&ssl=1 3x"},"classes":[]}],"_links":{"self":[{"href":"https:\/\/webdelmaestrocmf.com\/portal\/wp-json\/wp\/v2\/posts\/66076","targetHints":{"allow":["GET"]}}],"collection":[{"href":"https:\/\/webdelmaestrocmf.com\/portal\/wp-json\/wp\/v2\/posts"}],"about":[{"href":"https:\/\/webdelmaestrocmf.com\/portal\/wp-json\/wp\/v2\/types\/post"}],"author":[{"embeddable":true,"href":"https:\/\/webdelmaestrocmf.com\/portal\/wp-json\/wp\/v2\/users\/1"}],"replies":[{"embeddable":true,"href":"https:\/\/webdelmaestrocmf.com\/portal\/wp-json\/wp\/v2\/comments?post=66076"}],"version-history":[{"count":0,"href":"https:\/\/webdelmaestrocmf.com\/portal\/wp-json\/wp\/v2\/posts\/66076\/revisions"}],"wp:featuredmedia":[{"embeddable":true,"href":"https:\/\/webdelmaestrocmf.com\/portal\/wp-json\/wp\/v2\/media\/66078"}],"wp:attachment":[{"href":"https:\/\/webdelmaestrocmf.com\/portal\/wp-json\/wp\/v2\/media?parent=66076"}],"wp:term":[{"taxonomy":"category","embeddable":true,"href":"https:\/\/webdelmaestrocmf.com\/portal\/wp-json\/wp\/v2\/categories?post=66076"},{"taxonomy":"post_tag","embeddable":true,"href":"https:\/\/webdelmaestrocmf.com\/portal\/wp-json\/wp\/v2\/tags?post=66076"}],"curies":[{"name":"wp","href":"https:\/\/api.w.org\/{rel}","templated":true}]}}