{"id":66049,"date":"2021-08-01T15:27:05","date_gmt":"2021-08-01T19:27:05","guid":{"rendered":"https:\/\/webdelmaestrocmf.com\/portal\/?p=66049"},"modified":"2021-08-08T15:36:46","modified_gmt":"2021-08-08T19:36:46","slug":"alexander-ortiz-que-es-la-inteligencia-humana","status":"publish","type":"post","link":"https:\/\/webdelmaestrocmf.com\/portal\/alexander-ortiz-que-es-la-inteligencia-humana\/","title":{"rendered":"[Alexander Ortiz] \u00bfQu\u00e9 es la inteligencia humana?"},"content":{"rendered":"<h5 style=\"text-align: justify;\">Uno de los conceptos m\u00e1s pol\u00e9micos en la historia de la humanidad es el de inteligencia, incluso no existe un concepto un\u00edvoco, \u00fanico y uniforme sobre la inteligencia humana. Seg\u00fan Ander-Egg la palabra inteligencia proviene del lat\u00edn <em>intelligentia<\/em>, del verbo <em>intelligere<\/em>: <em>inter<\/em> (entre), <em>legere<\/em> (escoger, captar, leer). En sentido lato, designa la capacidad para escoger una u otra cosa. Leonardo da Vinci ha dicho que la inteligencia es <em>sapere vedere<\/em> (saber ver)<\/h5>\n<p><!--more--><\/p>\n<h5 style=\"text-align: justify;\">La inteligencia se ha definido como capacidad para resolver problemas, como capacidad para adaptarse al medio y a las nuevas circunstancias, como ingeniosidad o capacidad creativa, como capacidad para establecer relaciones sociales, como capacidad cognitiva y como capacidad general.<\/h5>\n<p style=\"text-align: justify;\">Desde los primeros estudios cient\u00edficos sobre la inteligencia, iniciados en el siglo XIX por el Ingl\u00e9s Francis S. Galton<a href=\"#_ftn1\" name=\"_ftnref1\">[1]<\/a>, las controversias entre las distintas teor\u00edas de la inteligencia han ido aumentando. A\u00fan hoy en d\u00eda existen psic\u00f3logos para quienes el t\u00e9rmino inteligencia es una palabra carente de significado ps\u00edquico. La doctrina se encuentra muy dividida y muy mediatizada por la aceptaci\u00f3n social de sus propuestas.<\/p>\n<p style=\"text-align: justify;\">La inteligencia se ha definido de diversas maneras, incluso incompatibles y contradictorias entre s\u00ed, lo que pone de manifiesto las inmensas dificultades que han existido, y a\u00fan existen, para definirla, lo cual nos lleva a pensar que ser\u00e1 muy dif\u00edcil que alg\u00fan d\u00eda la comunidad cient\u00edfica llegue a un consenso sobre la inteligencia ya que es un t\u00e9rmino abierto, lo que no facilita establecer un acuerdo universal.<\/p>\n<p style=\"text-align: justify;\">Por otro lado, desde hace casi cinco d\u00e9cadas ha estado planteado el debate acerca del car\u00e1cter social o hereditario de la inteligencia, de la configuraci\u00f3n del cerebro y, por consiguiente, del desarrollo de la personalidad. A\u00fan hoy se discute qu\u00e9 influye m\u00e1s en el desarrollo del ser humano: la herencia o el medio y el contexto, lo innato o lo adquirido, la transmisi\u00f3n gen\u00e9tica o el aprendizaje social, los condicionamientos neurobiol\u00f3gicos o el impacto sociocultural, la dotaci\u00f3n y potencial gen\u00e9tico o el entorno y la circunstancia.<\/p>\n<p style=\"text-align: justify;\">Aunque hay un acuerdo universal entre los miembros de la comunidad acad\u00e9mica y cient\u00edfica en que ambos factores est\u00e1n presentes en el desarrollo de la inteligencia, el punto m\u00e1s importante del an\u00e1lisis es cu\u00e1les son las relaciones que se establecen entre estos factores, cu\u00e1l de los dos influye y determina m\u00e1s, c\u00f3mo se relacionan y combinan estas influencias y c\u00f3mo se mide o eval\u00faa el impacto de cada factor. \u00a1A\u00fan no se ha logrado un consenso al respecto!<\/p>\n<p style=\"text-align: justify;\">A lo largo de varios siglos han proliferado en la historia de la psicolog\u00eda contempor\u00e1nea dos tesis incompatibles y contrapuestas: la que enfatiza en la herencia como elemento determinante en la inteligencia y la que, por el contrario, considera que lo decisivo es lo adquirido mediante de la cultura. Esta dicotom\u00eda entre lo biol\u00f3gico y lo social es, a mi juicio, la raz\u00f3n principal por la que existen tantas concepciones diversas sobre el desarrollo de la inteligencia humana.<\/p>\n<p style=\"text-align: justify;\">Partiendo de lo anterior, har\u00e9 una s\u00edntesis sobre algunos aspectos que a mi juicio son esenciales en este tema, con el fin de asumir una posici\u00f3n al respecto, sin intenciones de ignorar o superar teor\u00edas y concepciones anteriores, muy valiosas. Es mi prop\u00f3sito asumir una concepci\u00f3n m\u00e1s realista, hol\u00edstica, integradora y configuracional acerca de la inteligencia humana, como un aporte v\u00e1lido, uno m\u00e1s, que deseo compartir con el lector.<\/p>\n<p style=\"text-align: justify;\">Para Binet, el coeficiente de inteligencia era estable a lo largo de la vida del individuo y su factor determinante era la herencia. Terman inicia un proyecto de caracterizaci\u00f3n de escolares superdotados, a los que defini\u00f3 con un coeficiente de inteligencia superior de acuerdo con los par\u00e1metros establecidos por \u00e9l.<\/p>\n<p style=\"text-align: justify;\">Seg\u00fan Ander-Egg, la inteligencia es una combinaci\u00f3n del potencial gen\u00e9tico, es decir, lo innato \u2013 factor de la herencia \u2013 pero lo innato modificado, habida cuenta de que el aprendizaje social modifica las conexiones neuronales.<\/p>\n<p style=\"text-align: justify;\">No podemos separar lo interno de lo externo en el desarrollo de la inteligencia humana, ambos factores, lo biol\u00f3gico y lo social, se configuran en el cerebro, modificando \u00e1reas, zonas, estructuras, redes y circuitos neuronales.<\/p>\n<p style=\"text-align: justify;\">Es por lo anterior que no se puede privilegiar un elemento por encima del otro, ambos son complementarios, constituyen eslabones igualmente valiosos del collar del desarrollo humano. La importancia respectiva de cada uno de estos factores es diferente en el desarrollo de la inteligencia de cada individuo, en algunas personas influye m\u00e1s lo gen\u00e9tico y en otras personas tiene mayor impacto lo social, pero en ambas personas se combinan de manera arm\u00f3nica lo cultural y lo biol\u00f3gico, configurando nuevas redes y circuitos neuronales y modificando los ya existentes.<\/p>\n<p style=\"text-align: justify;\">Lo gen\u00e9tico es lo heredado, pero el medio ambiente modifica las conexiones neuronales. Es decir, todos los seres humanos nacemos con determinadas potencialidades bien marcadas por la gen\u00e9tica, o sea, lo innato, la herencia, los condicionamientos biol\u00f3gicos; pero esas potencialidades se desarrollan o se deterioran en dependencia del entorno psicosocial, ps\u00edquico y cultural del ser humano. Lo biol\u00f3gico o gen\u00e9tico y lo social o cultural son dos fuerzas complementarias e inseparables en el desarrollo de la inteligencia humana. El ser humano es un ser biopsicosocial.<\/p>\n<p style=\"text-align: justify;\">Estas consideraciones permiten acercarnos a una mejor y m\u00e1s completa conceptualizaci\u00f3n acerca de la inteligencia humana. Tradicionalmente, se ha entendido la inteligencia, sobre todo en el \u00e1mbito de la psicolog\u00eda, como la capacidad de resolver problemas nuevos de manera estrat\u00e9gica, y me adscribo a esta regularidad, pero el problema consiste en c\u00f3mo medir la inteligencia de un ser humano y, lo m\u00e1s importante, qu\u00e9 sentido tendr\u00eda y si es l\u00f3gico y justo hacerlo.<\/p>\n<p style=\"text-align: justify;\">Boring afirm\u00f3 que la inteligencia es lo que miden los test. Esa cultura de los test de inteligencia, proveniente principalmente de los Estados Unidos, trata de establecer el coeficiente intelectual del ser humano despu\u00e9s de pasar una gran cantidad de pruebas.<\/p>\n<p style=\"text-align: justify;\">Los test llegan a Latinoam\u00e9rica traducidos de las pruebas norteamericanas. Lo que yo no acepto de esos test (Binet, Spearman, Thurstone, Guilford, Cattell, Terman, Thorndike y Hagen, Vernon, Horn) es la forma norteamericana de clasificar, catalogar y encasillar a los estudiantes, prediciendo su futuro seg\u00fan el puntaje obtenido en dichos test de inteligencia.<\/p>\n<p style=\"text-align: justify;\">Esta concepci\u00f3n de inteligencia se relaciona \u00fanicamente con lo productivo, lo cual es injusto porque existen muchas capacidades inteligentes en el ser humano que son dif\u00edciles de plasmar en productos observables.<\/p>\n<p style=\"text-align: justify;\">Los estudios que investigan la inteligencia con test son estudios de inteligencia acad\u00e9mica. Es decir, que sus conclusiones no son extrapolables a la inteligencia en la vida real, que es justamente el \u00e1mbito donde se debe investigar la inteligencia.<\/p>\n<p style=\"text-align: justify;\">La vida real es donde opera la inteligencia y no en el sal\u00f3n de clases, la verdadera medida del \u00e9xito no es cu\u00e1n bien te vaya en la escuela, sino cu\u00e1n bien te va en la vida.<\/p>\n<p style=\"text-align: justify;\">Es evidente que la inteligencia se desarrolla, todos los seres humanos somos inteligentes de alguna manera, unos m\u00e1s que otros, pero todos lo somos, en alguna medida y en alguna actividad mostramos el grado de desarrollo de nuestra inteligencia. De hecho, no existe la inteligencia cero o vac\u00eda, nula, y tampoco existe la inteligencia total.<\/p>\n<p style=\"text-align: justify;\">Como se aprecia, el concepto de inteligencia engloba un conjunto de aptitudes y procesos (aprendizaje, memoria, almacenamiento de informaci\u00f3n, percepci\u00f3n selectiva, habilidades sociales, entre otras) que permite al ser humano adaptarse al mundo que le rodea, transformarlo, transformarse y solucionar sus problemas estrat\u00e9gicamente y con eficacia.<\/p>\n<p style=\"text-align: justify;\">El insigne psic\u00f3logo norteamericano Howard Gardner define la inteligencia como la capacidad de resolver problemas, o de crear productos que sean valiosos en uno o m\u00e1s ambientes culturales. En efecto esta definici\u00f3n no se relaciona con las fuentes generadoras de la inteligencia humana ni con los instrumentos correctos para medirla.<\/p>\n<p style=\"text-align: justify;\">Algunos investigadores como Galton, Binet y Terman afirman que la inteligencia est\u00e1 determinada por la herencia, sin embargo, se ha demostrado que no es una cualidad heredada o natural, pero s\u00ed se integran en ella lo natural heredado o cong\u00e9nito y lo sociocultural.<\/p>\n<p style=\"text-align: justify;\">La inteligencia no es s\u00f3lo de car\u00e1cter cognitivo, sino que tiene que ver, adem\u00e1s, con el mundo de las emociones, tan dif\u00edcil de cualificar. En efecto, la actuaci\u00f3n humana est\u00e1 precedida de un impacto emocional, el ser humano act\u00faa y piensa seg\u00fan siente, las emociones afectan de una u otra manera la conducta humana. En este sentido es importante tener en cuenta los aportes de Daniel Goleman relacionados con la inteligencia emocional, aunque yo prefiero hablar de emociones inteligentes, para darle el papel preponderante en la conducta humana al proceso que lo tiene: precisamente las emociones. \u00a1Al C\u00e9sar lo que es del C\u00e9sar! Por otro lado, Humberto Maturana nos demuestra, desde una dimensi\u00f3n biol\u00f3gica, que la vida humana sigue el curso de las emociones, no de la raz\u00f3n y que esto no es una limitaci\u00f3n sino un rasgo de nuestra configuraci\u00f3n como seres vivos.<\/p>\n<p style=\"text-align: justify;\">Para este autor chileno, el amor es la \u00fanica emoci\u00f3n que expande nuestra actitud inteligente al ampliar nuestra visi\u00f3n sobre los dem\u00e1s y sobre el mundo. As\u00ed es, como expresa el cantautor cubano Silvio Rodr\u00edguez en una de sus tantas hermosas canciones: \u201cs\u00f3lo al amor engendra la maravilla, s\u00f3lo el amor consigue encender lo muerto, s\u00f3lo el amor alumbra lo que perdura, s\u00f3lo el amor convierte en milagro el barro\u201d<\/p>\n<p style=\"text-align: justify;\">El amor genera una mayor plasticidad estructural en el cerebro humano que ocasiona una mayor actuaci\u00f3n estrat\u00e9gica inteligente con el fin de generar interacciones recursivas, afectivas y trascendentes con los dem\u00e1s. El cerebro necesita del amor para su desarrollo. Debemos instaurar nuestro coraz\u00f3n en el cerebro. Eso es ser inteligente. Y eso s\u00f3lo se valora en la vida, en la actuaci\u00f3n cotidiana, en la pr\u00e1ctica hist\u00f3rico-social del ser humano.<\/p>\n<p style=\"text-align: justify;\">En efecto, no podemos hacer un an\u00e1lisis simplista y aislado de los diversos, contradictorios e ininteligibles procesos, redes y circuitos que conforman el cerebro humano. No podemos analizar la inteligencia de una manera tan sencilla y reduccionista, sino en su naturaleza compleja, hol\u00edstica y configuracional.<\/p>\n<p style=\"text-align: justify;\">Es interesante utilizar la categor\u00eda configuraci\u00f3n para revelar el car\u00e1cter din\u00e1mico, complejo, individual, irregular y contradictorio que tiene la organizaci\u00f3n de la personalidad y la inteligencia como proceso cognitivo superior y complejo de ella. En consecuencia, la inteligencia no es un instrumento s\u00f3lo para aprender Matem\u00e1tica, F\u00edsica, Qu\u00edmica o Biolog\u00eda, no es un instrumento para aprender asignaturas, no es una herramienta para hacer un examen y aprobarlo con m\u00e1ximas calificaciones, ser inteligente no es leer y aprenderlo todo de una vez para luego repetirlo ante el docente y los dem\u00e1s compa\u00f1eros de aula. La inteligencia es un instrumento al servicio de la vida. Inteligencia para vivir. Es decir para vivir bien. Es decir para vivir en el amor.<\/p>\n<p style=\"text-align: justify;\">La inteligencia es una capacidad de adaptaci\u00f3n del ser humano al contexto cultural, mediado por la afectividad, que permite solucionar problemas, incluso los m\u00e1s complejos, para vivir en armon\u00eda, paz y tranquilidad, solos y\/o en la interacci\u00f3n con los dem\u00e1s.<\/p>\n<p style=\"text-align: justify;\">En consecuencia, por las razones antes expuestas, conceptualizo la inteligencia utilizando un enfoque hol\u00edstico y configuracional de naturaleza afectivo\u2013motivacional, ejecutora y cognitiva. Por lo tanto, asumo la inteligencia como una configuraci\u00f3n subjetiva de configuraciones neuropsicol\u00f3gicas que expresa la capacidad que tiene el ser humano de aplicar sus conocimientos y pensamientos en un contexto diverso, probl\u00e9mico y cambiante, utilizando convenientemente sus habilidades y destrezas; as\u00ed como sus emociones, sentimientos, actitudes y valores, para solucionar problemas del entorno y de sus relaciones con los dem\u00e1s, que le permitan triunfar en las actividades que desarrolla, vivir en paz, armon\u00eda y sosiego, estar preparado para los embates y dificultades de la vida, ser exitoso, feliz, y hacer felices a los dem\u00e1s. De ah\u00ed que la inteligencia no sea otra cosa que una configuraci\u00f3n tr\u00edadica de amor, actuaci\u00f3n afectiva, asertiva y efectiva, y sobre todo pensamiento alterativo, positivo, disruptivo y optimista.<strong>\u00a0<\/strong><\/p>\n<p style=\"text-align: justify;\"><a href=\"#_ftnref1\" name=\"_ftn1\">[1]<\/a>\u00a0 Para Galton el factor m\u00e1s importante de la inteligencia era el gen\u00e9tico, mucho m\u00e1s que el ambiental, Mediante un estudio estad\u00edstico de hechos biogr\u00e1ficos, concluye que el genio y las diferencias individuales est\u00e1n determinados por la herencia.<\/p>\n<p style=\"text-align: justify;\"><strong>NOTA DE REDACCI\u00d3N: <\/strong>La Web del Maestro CMF publica los textos originales de su autor, no necesariamente coincide con lo expuesto en el tema, y no se hace responsable de las opiniones expresadas.<\/p>\n<table class=\" alignleft\" border=\"0\" width=\"100%\" cellspacing=\"10\" cellpadding=\"10\">\n<tbody>\n<tr>\n<td style=\"text-align: center;\" width=\"30%\"><strong><img loading=\"lazy\" decoding=\"async\" class=\"size-full wp-image-50550 aligncenter\" src=\"https:\/\/webdelmaestrocmf.com\/portal\/wp-content\/uploads\/2020\/08\/1-copia-68.jpg\" alt=\"\" width=\"200\" height=\"200\" srcset=\"https:\/\/webdelmaestrocmf.com\/portal\/wp-content\/uploads\/2020\/08\/1-copia-68.jpg 200w, https:\/\/webdelmaestrocmf.com\/portal\/wp-content\/uploads\/2020\/08\/1-copia-68-150x150.jpg 150w, https:\/\/webdelmaestrocmf.com\/portal\/wp-content\/uploads\/2020\/08\/1-copia-68-80x80.jpg 80w, https:\/\/webdelmaestrocmf.com\/portal\/wp-content\/uploads\/2020\/08\/1-copia-68-110x110.jpg 110w, https:\/\/webdelmaestrocmf.com\/portal\/wp-content\/uploads\/2020\/08\/1-copia-68-160x160.jpg 160w\" sizes=\"auto, (max-width: 200px) 100vw, 200px\" \/><br \/>\nAutor:<\/strong> Alexander Ortiz Oca\u00f1a, ciudadano cubano-colombiano.<br \/>\nUniversidad del Magdalena Santa Marta, Colombia<br \/>\nDoctor en Ciencias Pedag\u00f3gicas, Universidad Pedag\u00f3gica de Holgu\u00edn, Cuba. Doctor Honoris Causa en Iberoam\u00e9rica, Consejo Iberoamericano en Honor a la Calidad Educativa (CIHCE), Lima. Per\u00fa. Mag\u00edster en Gesti\u00f3n Educativa en Iberoam\u00e9rica, CIHCE, Lima, Per\u00fa. Mag\u00edster en Pedagog\u00eda Profesional, Universidad Pedag\u00f3gica y Tecnol\u00f3gica de la Habana. Licenciado en Educaci\u00f3n.<br \/>\n<strong style=\"font-family: inherit; font-size: inherit; background-color: transparent;\">Correo electr\u00f3nico:<\/strong> <a style=\"font-family: inherit; font-size: inherit; background-color: transparent;\" href=\"mailto:aortiz@unimagdalena.edu.co\">aortiz@unimagdalena.edu.co<\/a><span style=\"font-family: inherit; font-size: inherit; background-color: transparent;\"> \/ <a href=\"mailto:alexanderortiz5000@gmail.com\">alexanderortiz5000@gmail.com<\/a><\/span><\/td>\n<\/tr>\n<\/tbody>\n<\/table>\n<p style=\"text-align: left;\">.<\/p>\n\t\t<div class=\"pk-inline-posts\">\n\t\t\t\n\t\t\t<div class=\"pk-inline-posts-container pk-inline-posts-template-list\"\n\t\t\t\tdata-columns=\"1\">\n\t\t\t\t\t\t<article id=\"post-105999\" class=\"post-105999 post type-post status-publish format-standard has-post-thumbnail category-colaborador category-z-colaboradores-alexander-ortiz tag-alexander-ortiz tag-exhala tag-inhala tag-respira tag-suspira cs-entry cs-video-wrap\">\n\t\t\t<div class=\"pk-post-outer\">\n\n\t\t\t\t\t\t\t\t<div class=\"pk-post-inner\">\n\t\t\t\t\t<div class=\"entry-thumbnail\">\n\t\t\t\t\t\t<div class=\"pk-overlay pk-overlay-ratio pk-ratio-landscape\">\n\t\t\t\t\t\t\t<div class=\"pk-overlay-background\">\n\t\t\t\t\t\t\t\t<a href=\"https:\/\/webdelmaestrocmf.com\/portal\/alexander-ortiz-el-giro-emocional-devolverse-hacia-la-apertura-mental-mediante-la-estrategia-ries-respira-inhala-exhala-y-suspira\/\" class=\"pk-overlay-link\">\n\t\t\t\t\t\t\t\t\t<img loading=\"lazy\" decoding=\"async\" width=\"300\" height=\"225\" src=\"https:\/\/webdelmaestrocmf.com\/portal\/wp-content\/uploads\/2024\/06\/Banner-1-portada-imagen-10-1-2024-06-12T215842.738-300x225.jpg\" class=\"attachment-pk-thumbnail size-pk-thumbnail wp-post-image\" alt=\"\" \/>\t\t\t\t\t\t\t\t<\/a>\n\t\t\t\t\t\t\t<\/div>\n\t\t\t\t\t\t<\/div>\n\t\t\t\t\t<\/div>\n\t\t\t\t<\/div>\n\t\t\t\t\n\t\t\t\t<div class=\"pk-post-inner\">\n\t\t\t\t\t<header>\n\t\t\t\t\t\t<h3 class=\"pk-title\"><a href=\"https:\/\/webdelmaestrocmf.com\/portal\/alexander-ortiz-el-giro-emocional-devolverse-hacia-la-apertura-mental-mediante-la-estrategia-ries-respira-inhala-exhala-y-suspira\/\" rel=\"bookmark\">[Alexander Ortiz] El giro emocional: devolverse hacia la apertura mental, mediante la Estrategia R\u00cdES: Respira, Inhala, Exhala y Suspira.<\/a><\/h3>\t\t\t\t\t<\/header><!-- .entry-header -->\n\t\t\t\t<\/div><!-- .post-inner -->\n\n\t\t\t<\/div><!-- .post-outer -->\n\t\t<\/article>\n\t\t\t\t<\/div>\n\t\t<\/div>\n\t\t\n","protected":false},"excerpt":{"rendered":"Uno de los conceptos m\u00e1s pol\u00e9micos en la historia de la humanidad es el de inteligencia, incluso no&hellip;","protected":false},"author":1,"featured_media":66050,"comment_status":"open","ping_status":"closed","sticky":false,"template":"","format":"standard","meta":{"csco_display_header_overlay":false,"csco_singular_sidebar":"default","csco_page_header_type":"default","csco_page_load_nextpost":"default","csco_post_video_location":[],"csco_post_video_location_hash":"","csco_post_video_url":"","csco_post_video_bg_start_time":0,"csco_post_video_bg_end_time":0,"csco_post_video_bg_volume":false,"_jetpack_memberships_contains_paid_content":false,"footnotes":""},"categories":[1790,5156],"tags":[5141,5038,387],"class_list":{"0":"post-66049","1":"post","2":"type-post","3":"status-publish","4":"format-standard","5":"has-post-thumbnail","7":"category-colaborador","8":"category-z-colaboradores-alexander-ortiz","9":"tag-alexander-ortiz","10":"tag-humana","11":"tag-inteligencia","12":"cs-entry","13":"cs-video-wrap"},"yoast_head":"<!-- This site is optimized with the Yoast SEO plugin v27.5 - https:\/\/yoast.com\/product\/yoast-seo-wordpress\/ -->\n<title>[Alexander Ortiz] \u00bfQu\u00e9 es la inteligencia humana? - 2026<\/title>\n<meta name=\"description\" content=\"Uno de los conceptos m\u00e1s pol\u00e9micos en la historia de la humanidad es el de inteligencia, incluso no existe un concepto...\" \/>\n<meta name=\"robots\" content=\"index, follow, max-snippet:-1, max-image-preview:large, max-video-preview:-1\" \/>\n<link rel=\"canonical\" href=\"https:\/\/webdelmaestrocmf.com\/portal\/alexander-ortiz-que-es-la-inteligencia-humana\/\" \/>\n<meta property=\"og:locale\" content=\"es_ES\" \/>\n<meta property=\"og:type\" content=\"article\" \/>\n<meta property=\"og:title\" content=\"[Alexander Ortiz] \u00bfQu\u00e9 es la inteligencia humana? - 2026\" \/>\n<meta property=\"og:description\" content=\"Uno de los conceptos m\u00e1s pol\u00e9micos en la historia de la humanidad es el de inteligencia, incluso no existe un concepto...\" \/>\n<meta property=\"og:url\" content=\"https:\/\/webdelmaestrocmf.com\/portal\/alexander-ortiz-que-es-la-inteligencia-humana\/\" \/>\n<meta property=\"og:site_name\" content=\"Web del Maestro CMF\" \/>\n<meta property=\"article:publisher\" content=\"https:\/\/www.facebook.com\/WebdelMaestroCMF\/\" \/>\n<meta property=\"article:author\" content=\"https:\/\/www.facebook.com\/WebdelMaestroCMF\/\" \/>\n<meta property=\"article:published_time\" content=\"2021-08-01T19:27:05+00:00\" \/>\n<meta property=\"article:modified_time\" content=\"2021-08-08T19:36:46+00:00\" \/>\n<meta property=\"og:image\" content=\"https:\/\/i0.wp.com\/webdelmaestrocmf.com\/portal\/wp-content\/uploads\/2021\/08\/1-1.jpg?fit=1100%2C680&ssl=1\" \/>\n\t<meta property=\"og:image:width\" content=\"1100\" \/>\n\t<meta property=\"og:image:height\" content=\"680\" \/>\n\t<meta property=\"og:image:type\" content=\"image\/jpeg\" \/>\n<meta name=\"author\" content=\"Web del Maestro CMF\" \/>\n<meta name=\"twitter:card\" content=\"summary_large_image\" \/>\n<meta name=\"twitter:creator\" content=\"@cmf_w\" \/>\n<meta name=\"twitter:site\" content=\"@cmf_w\" \/>\n<script type=\"application\/ld+json\" class=\"yoast-schema-graph\">{\"@context\":\"https:\\\/\\\/schema.org\",\"@graph\":[{\"@type\":\"ScholarlyArticle\",\"@id\":\"https:\\\/\\\/webdelmaestrocmf.com\\\/portal\\\/alexander-ortiz-que-es-la-inteligencia-humana\\\/#article\",\"isPartOf\":{\"@id\":\"https:\\\/\\\/webdelmaestrocmf.com\\\/portal\\\/alexander-ortiz-que-es-la-inteligencia-humana\\\/\"},\"author\":{\"name\":\"Web del Maestro CMF\",\"@id\":\"https:\\\/\\\/webdelmaestrocmf.com\\\/portal\\\/#\\\/schema\\\/person\\\/1072a2ed7bd960df8ef99a551fa35dc5\"},\"headline\":\"[Alexander Ortiz] \u00bfQu\u00e9 es la inteligencia humana?\",\"datePublished\":\"2021-08-01T19:27:05+00:00\",\"dateModified\":\"2021-08-08T19:36:46+00:00\",\"mainEntityOfPage\":{\"@id\":\"https:\\\/\\\/webdelmaestrocmf.com\\\/portal\\\/alexander-ortiz-que-es-la-inteligencia-humana\\\/\"},\"wordCount\":2274,\"commentCount\":2,\"publisher\":{\"@id\":\"https:\\\/\\\/webdelmaestrocmf.com\\\/portal\\\/#organization\"},\"image\":{\"@id\":\"https:\\\/\\\/webdelmaestrocmf.com\\\/portal\\\/alexander-ortiz-que-es-la-inteligencia-humana\\\/#primaryimage\"},\"thumbnailUrl\":\"https:\\\/\\\/webdelmaestrocmf.com\\\/portal\\\/wp-content\\\/uploads\\\/2021\\\/08\\\/1-1.jpg\",\"keywords\":[\"Alexander Ortiz\",\"humana\",\"INTELIGENCIA\"],\"articleSection\":[\"Z-Colaboradores\",\"Z-Colaboradores-Alexander-Ortiz\"],\"inLanguage\":\"es\",\"potentialAction\":[{\"@type\":\"CommentAction\",\"name\":\"Comment\",\"target\":[\"https:\\\/\\\/webdelmaestrocmf.com\\\/portal\\\/alexander-ortiz-que-es-la-inteligencia-humana\\\/#respond\"]}]},{\"@type\":\"WebPage\",\"@id\":\"https:\\\/\\\/webdelmaestrocmf.com\\\/portal\\\/alexander-ortiz-que-es-la-inteligencia-humana\\\/\",\"url\":\"https:\\\/\\\/webdelmaestrocmf.com\\\/portal\\\/alexander-ortiz-que-es-la-inteligencia-humana\\\/\",\"name\":\"[Alexander Ortiz] \u00bfQu\u00e9 es la inteligencia humana? - 2026\",\"isPartOf\":{\"@id\":\"https:\\\/\\\/webdelmaestrocmf.com\\\/portal\\\/#website\"},\"primaryImageOfPage\":{\"@id\":\"https:\\\/\\\/webdelmaestrocmf.com\\\/portal\\\/alexander-ortiz-que-es-la-inteligencia-humana\\\/#primaryimage\"},\"image\":{\"@id\":\"https:\\\/\\\/webdelmaestrocmf.com\\\/portal\\\/alexander-ortiz-que-es-la-inteligencia-humana\\\/#primaryimage\"},\"thumbnailUrl\":\"https:\\\/\\\/webdelmaestrocmf.com\\\/portal\\\/wp-content\\\/uploads\\\/2021\\\/08\\\/1-1.jpg\",\"datePublished\":\"2021-08-01T19:27:05+00:00\",\"dateModified\":\"2021-08-08T19:36:46+00:00\",\"description\":\"Uno de los conceptos m\u00e1s pol\u00e9micos en la historia de la humanidad es el de inteligencia, incluso no existe un concepto...\",\"breadcrumb\":{\"@id\":\"https:\\\/\\\/webdelmaestrocmf.com\\\/portal\\\/alexander-ortiz-que-es-la-inteligencia-humana\\\/#breadcrumb\"},\"inLanguage\":\"es\",\"potentialAction\":[{\"@type\":\"ReadAction\",\"target\":[\"https:\\\/\\\/webdelmaestrocmf.com\\\/portal\\\/alexander-ortiz-que-es-la-inteligencia-humana\\\/\"]}]},{\"@type\":\"ImageObject\",\"inLanguage\":\"es\",\"@id\":\"https:\\\/\\\/webdelmaestrocmf.com\\\/portal\\\/alexander-ortiz-que-es-la-inteligencia-humana\\\/#primaryimage\",\"url\":\"https:\\\/\\\/webdelmaestrocmf.com\\\/portal\\\/wp-content\\\/uploads\\\/2021\\\/08\\\/1-1.jpg\",\"contentUrl\":\"https:\\\/\\\/webdelmaestrocmf.com\\\/portal\\\/wp-content\\\/uploads\\\/2021\\\/08\\\/1-1.jpg\",\"width\":1100,\"height\":680},{\"@type\":\"BreadcrumbList\",\"@id\":\"https:\\\/\\\/webdelmaestrocmf.com\\\/portal\\\/alexander-ortiz-que-es-la-inteligencia-humana\\\/#breadcrumb\",\"itemListElement\":[{\"@type\":\"ListItem\",\"position\":1,\"name\":\"Portada\",\"item\":\"https:\\\/\\\/webdelmaestrocmf.com\\\/portal\\\/\"},{\"@type\":\"ListItem\",\"position\":2,\"name\":\"Z-Colaboradores\",\"item\":\"https:\\\/\\\/webdelmaestrocmf.com\\\/portal\\\/category\\\/colaborador\\\/\"},{\"@type\":\"ListItem\",\"position\":3,\"name\":\"[Alexander Ortiz] \u00bfQu\u00e9 es la inteligencia humana?\"}]},{\"@type\":\"WebSite\",\"@id\":\"https:\\\/\\\/webdelmaestrocmf.com\\\/portal\\\/#website\",\"url\":\"https:\\\/\\\/webdelmaestrocmf.com\\\/portal\\\/\",\"name\":\"Web del Maestro CMF\",\"description\":\"Maestros al servicio de la educaci\u00f3n\",\"publisher\":{\"@id\":\"https:\\\/\\\/webdelmaestrocmf.com\\\/portal\\\/#organization\"},\"alternateName\":\"WMCMF\",\"potentialAction\":[{\"@type\":\"SearchAction\",\"target\":{\"@type\":\"EntryPoint\",\"urlTemplate\":\"https:\\\/\\\/webdelmaestrocmf.com\\\/portal\\\/?s={search_term_string}\"},\"query-input\":{\"@type\":\"PropertyValueSpecification\",\"valueRequired\":true,\"valueName\":\"search_term_string\"}}],\"inLanguage\":\"es\"},{\"@type\":\"Organization\",\"@id\":\"https:\\\/\\\/webdelmaestrocmf.com\\\/portal\\\/#organization\",\"name\":\"Web del Maestro CMF\",\"alternateName\":\"WMCMF\",\"url\":\"https:\\\/\\\/webdelmaestrocmf.com\\\/portal\\\/\",\"logo\":{\"@type\":\"ImageObject\",\"inLanguage\":\"es\",\"@id\":\"https:\\\/\\\/webdelmaestrocmf.com\\\/portal\\\/#\\\/schema\\\/logo\\\/image\\\/\",\"url\":\"https:\\\/\\\/webdelmaestrocmf.com\\\/portal\\\/wp-content\\\/uploads\\\/2023\\\/01\\\/logo-wmcmf-2.png\",\"contentUrl\":\"https:\\\/\\\/webdelmaestrocmf.com\\\/portal\\\/wp-content\\\/uploads\\\/2023\\\/01\\\/logo-wmcmf-2.png\",\"width\":200,\"height\":60,\"caption\":\"Web del Maestro CMF\"},\"image\":{\"@id\":\"https:\\\/\\\/webdelmaestrocmf.com\\\/portal\\\/#\\\/schema\\\/logo\\\/image\\\/\"},\"sameAs\":[\"https:\\\/\\\/www.facebook.com\\\/WebdelMaestroCMF\\\/\",\"https:\\\/\\\/x.com\\\/cmf_w\",\"https:\\\/\\\/www.pinterest.com\\\/WMCMF\\\/\",\"https:\\\/\\\/www.linkedin.com\\\/company\\\/web-del-maestro-cmf\\\/\",\"https:\\\/\\\/www.instagram.com\\\/wmcmf\\\/\",\"https:\\\/\\\/www.youtube.com\\\/channel\\\/UCDPSvjbdodE5sHnC3OxutHw\",\"https:\\\/\\\/mastodon.social\\\/@wmcmf\",\"https:\\\/\\\/www.tiktok.com\\\/@webdelmaestrocmf\"]},{\"@type\":\"Person\",\"@id\":\"https:\\\/\\\/webdelmaestrocmf.com\\\/portal\\\/#\\\/schema\\\/person\\\/1072a2ed7bd960df8ef99a551fa35dc5\",\"name\":\"Web del Maestro CMF\",\"image\":{\"@type\":\"ImageObject\",\"inLanguage\":\"es\",\"@id\":\"https:\\\/\\\/secure.gravatar.com\\\/avatar\\\/23291dd5b5ae1077dcff3dbb04c3e02bd28403fa75af6d8787d5e97c5bbbe30b?s=96&d=mm&r=g\",\"url\":\"https:\\\/\\\/secure.gravatar.com\\\/avatar\\\/23291dd5b5ae1077dcff3dbb04c3e02bd28403fa75af6d8787d5e97c5bbbe30b?s=96&d=mm&r=g\",\"contentUrl\":\"https:\\\/\\\/secure.gravatar.com\\\/avatar\\\/23291dd5b5ae1077dcff3dbb04c3e02bd28403fa75af6d8787d5e97c5bbbe30b?s=96&d=mm&r=g\",\"caption\":\"Web del Maestro CMF\"},\"description\":\"Esta Web se cre\u00f3 sin fines de lucro, con fines educativos, cient\u00edficos y acad\u00e9micos, para personas que tengan dificultades y\\\/o inconvenientes en visualizar el material original. El objetivo es entregar recursos, compartir experiencias y materiales que ayuden a los padres de familia, maestros y estudiantes en su actualizaci\u00f3n y formaci\u00f3n permanente, en bien de la Educaci\u00f3n.\",\"sameAs\":[\"http:\\\/\\\/webdelmaestrocmf.com\\\/portal\",\"https:\\\/\\\/www.facebook.com\\\/WebdelMaestroCMF\\\/\",\"https:\\\/\\\/www.instagram.com\\\/wmcmf\\\/\",\"https:\\\/\\\/cl.linkedin.com\\\/company\\\/web-del-maestro-cmf\",\"https:\\\/\\\/www.pinterest.com\\\/WMCMF\\\/publicaciones\\\/\",\"https:\\\/\\\/x.com\\\/cmf_w\",\"https:\\\/\\\/www.youtube.com\\\/@WMCMF\"]}]}<\/script>\n<!-- \/ Yoast SEO plugin. -->","yoast_head_json":{"title":"[Alexander Ortiz] \u00bfQu\u00e9 es la inteligencia humana? - 2026","description":"Uno de los conceptos m\u00e1s pol\u00e9micos en la historia de la humanidad es el de inteligencia, incluso no existe un concepto...","robots":{"index":"index","follow":"follow","max-snippet":"max-snippet:-1","max-image-preview":"max-image-preview:large","max-video-preview":"max-video-preview:-1"},"canonical":"https:\/\/webdelmaestrocmf.com\/portal\/alexander-ortiz-que-es-la-inteligencia-humana\/","og_locale":"es_ES","og_type":"article","og_title":"[Alexander Ortiz] \u00bfQu\u00e9 es la inteligencia humana? - 2026","og_description":"Uno de los conceptos m\u00e1s pol\u00e9micos en la historia de la humanidad es el de inteligencia, incluso no existe un concepto...","og_url":"https:\/\/webdelmaestrocmf.com\/portal\/alexander-ortiz-que-es-la-inteligencia-humana\/","og_site_name":"Web del Maestro CMF","article_publisher":"https:\/\/www.facebook.com\/WebdelMaestroCMF\/","article_author":"https:\/\/www.facebook.com\/WebdelMaestroCMF\/","article_published_time":"2021-08-01T19:27:05+00:00","article_modified_time":"2021-08-08T19:36:46+00:00","og_image":[{"width":1100,"height":680,"url":"https:\/\/i0.wp.com\/webdelmaestrocmf.com\/portal\/wp-content\/uploads\/2021\/08\/1-1.jpg?fit=1100%2C680&ssl=1","type":"image\/jpeg"}],"author":"Web del Maestro CMF","twitter_card":"summary_large_image","twitter_creator":"@cmf_w","twitter_site":"@cmf_w","schema":{"@context":"https:\/\/schema.org","@graph":[{"@type":"ScholarlyArticle","@id":"https:\/\/webdelmaestrocmf.com\/portal\/alexander-ortiz-que-es-la-inteligencia-humana\/#article","isPartOf":{"@id":"https:\/\/webdelmaestrocmf.com\/portal\/alexander-ortiz-que-es-la-inteligencia-humana\/"},"author":{"name":"Web del Maestro CMF","@id":"https:\/\/webdelmaestrocmf.com\/portal\/#\/schema\/person\/1072a2ed7bd960df8ef99a551fa35dc5"},"headline":"[Alexander Ortiz] \u00bfQu\u00e9 es la inteligencia humana?","datePublished":"2021-08-01T19:27:05+00:00","dateModified":"2021-08-08T19:36:46+00:00","mainEntityOfPage":{"@id":"https:\/\/webdelmaestrocmf.com\/portal\/alexander-ortiz-que-es-la-inteligencia-humana\/"},"wordCount":2274,"commentCount":2,"publisher":{"@id":"https:\/\/webdelmaestrocmf.com\/portal\/#organization"},"image":{"@id":"https:\/\/webdelmaestrocmf.com\/portal\/alexander-ortiz-que-es-la-inteligencia-humana\/#primaryimage"},"thumbnailUrl":"https:\/\/webdelmaestrocmf.com\/portal\/wp-content\/uploads\/2021\/08\/1-1.jpg","keywords":["Alexander Ortiz","humana","INTELIGENCIA"],"articleSection":["Z-Colaboradores","Z-Colaboradores-Alexander-Ortiz"],"inLanguage":"es","potentialAction":[{"@type":"CommentAction","name":"Comment","target":["https:\/\/webdelmaestrocmf.com\/portal\/alexander-ortiz-que-es-la-inteligencia-humana\/#respond"]}]},{"@type":"WebPage","@id":"https:\/\/webdelmaestrocmf.com\/portal\/alexander-ortiz-que-es-la-inteligencia-humana\/","url":"https:\/\/webdelmaestrocmf.com\/portal\/alexander-ortiz-que-es-la-inteligencia-humana\/","name":"[Alexander Ortiz] \u00bfQu\u00e9 es la inteligencia humana? - 2026","isPartOf":{"@id":"https:\/\/webdelmaestrocmf.com\/portal\/#website"},"primaryImageOfPage":{"@id":"https:\/\/webdelmaestrocmf.com\/portal\/alexander-ortiz-que-es-la-inteligencia-humana\/#primaryimage"},"image":{"@id":"https:\/\/webdelmaestrocmf.com\/portal\/alexander-ortiz-que-es-la-inteligencia-humana\/#primaryimage"},"thumbnailUrl":"https:\/\/webdelmaestrocmf.com\/portal\/wp-content\/uploads\/2021\/08\/1-1.jpg","datePublished":"2021-08-01T19:27:05+00:00","dateModified":"2021-08-08T19:36:46+00:00","description":"Uno de los conceptos m\u00e1s pol\u00e9micos en la historia de la humanidad es el de inteligencia, incluso no existe un concepto...","breadcrumb":{"@id":"https:\/\/webdelmaestrocmf.com\/portal\/alexander-ortiz-que-es-la-inteligencia-humana\/#breadcrumb"},"inLanguage":"es","potentialAction":[{"@type":"ReadAction","target":["https:\/\/webdelmaestrocmf.com\/portal\/alexander-ortiz-que-es-la-inteligencia-humana\/"]}]},{"@type":"ImageObject","inLanguage":"es","@id":"https:\/\/webdelmaestrocmf.com\/portal\/alexander-ortiz-que-es-la-inteligencia-humana\/#primaryimage","url":"https:\/\/webdelmaestrocmf.com\/portal\/wp-content\/uploads\/2021\/08\/1-1.jpg","contentUrl":"https:\/\/webdelmaestrocmf.com\/portal\/wp-content\/uploads\/2021\/08\/1-1.jpg","width":1100,"height":680},{"@type":"BreadcrumbList","@id":"https:\/\/webdelmaestrocmf.com\/portal\/alexander-ortiz-que-es-la-inteligencia-humana\/#breadcrumb","itemListElement":[{"@type":"ListItem","position":1,"name":"Portada","item":"https:\/\/webdelmaestrocmf.com\/portal\/"},{"@type":"ListItem","position":2,"name":"Z-Colaboradores","item":"https:\/\/webdelmaestrocmf.com\/portal\/category\/colaborador\/"},{"@type":"ListItem","position":3,"name":"[Alexander Ortiz] \u00bfQu\u00e9 es la inteligencia humana?"}]},{"@type":"WebSite","@id":"https:\/\/webdelmaestrocmf.com\/portal\/#website","url":"https:\/\/webdelmaestrocmf.com\/portal\/","name":"Web del Maestro CMF","description":"Maestros al servicio de la educaci\u00f3n","publisher":{"@id":"https:\/\/webdelmaestrocmf.com\/portal\/#organization"},"alternateName":"WMCMF","potentialAction":[{"@type":"SearchAction","target":{"@type":"EntryPoint","urlTemplate":"https:\/\/webdelmaestrocmf.com\/portal\/?s={search_term_string}"},"query-input":{"@type":"PropertyValueSpecification","valueRequired":true,"valueName":"search_term_string"}}],"inLanguage":"es"},{"@type":"Organization","@id":"https:\/\/webdelmaestrocmf.com\/portal\/#organization","name":"Web del Maestro CMF","alternateName":"WMCMF","url":"https:\/\/webdelmaestrocmf.com\/portal\/","logo":{"@type":"ImageObject","inLanguage":"es","@id":"https:\/\/webdelmaestrocmf.com\/portal\/#\/schema\/logo\/image\/","url":"https:\/\/webdelmaestrocmf.com\/portal\/wp-content\/uploads\/2023\/01\/logo-wmcmf-2.png","contentUrl":"https:\/\/webdelmaestrocmf.com\/portal\/wp-content\/uploads\/2023\/01\/logo-wmcmf-2.png","width":200,"height":60,"caption":"Web del Maestro CMF"},"image":{"@id":"https:\/\/webdelmaestrocmf.com\/portal\/#\/schema\/logo\/image\/"},"sameAs":["https:\/\/www.facebook.com\/WebdelMaestroCMF\/","https:\/\/x.com\/cmf_w","https:\/\/www.pinterest.com\/WMCMF\/","https:\/\/www.linkedin.com\/company\/web-del-maestro-cmf\/","https:\/\/www.instagram.com\/wmcmf\/","https:\/\/www.youtube.com\/channel\/UCDPSvjbdodE5sHnC3OxutHw","https:\/\/mastodon.social\/@wmcmf","https:\/\/www.tiktok.com\/@webdelmaestrocmf"]},{"@type":"Person","@id":"https:\/\/webdelmaestrocmf.com\/portal\/#\/schema\/person\/1072a2ed7bd960df8ef99a551fa35dc5","name":"Web del Maestro CMF","image":{"@type":"ImageObject","inLanguage":"es","@id":"https:\/\/secure.gravatar.com\/avatar\/23291dd5b5ae1077dcff3dbb04c3e02bd28403fa75af6d8787d5e97c5bbbe30b?s=96&d=mm&r=g","url":"https:\/\/secure.gravatar.com\/avatar\/23291dd5b5ae1077dcff3dbb04c3e02bd28403fa75af6d8787d5e97c5bbbe30b?s=96&d=mm&r=g","contentUrl":"https:\/\/secure.gravatar.com\/avatar\/23291dd5b5ae1077dcff3dbb04c3e02bd28403fa75af6d8787d5e97c5bbbe30b?s=96&d=mm&r=g","caption":"Web del Maestro CMF"},"description":"Esta Web se cre\u00f3 sin fines de lucro, con fines educativos, cient\u00edficos y acad\u00e9micos, para personas que tengan dificultades y\/o inconvenientes en visualizar el material original. El objetivo es entregar recursos, compartir experiencias y materiales que ayuden a los padres de familia, maestros y estudiantes en su actualizaci\u00f3n y formaci\u00f3n permanente, en bien de la Educaci\u00f3n.","sameAs":["http:\/\/webdelmaestrocmf.com\/portal","https:\/\/www.facebook.com\/WebdelMaestroCMF\/","https:\/\/www.instagram.com\/wmcmf\/","https:\/\/cl.linkedin.com\/company\/web-del-maestro-cmf","https:\/\/www.pinterest.com\/WMCMF\/publicaciones\/","https:\/\/x.com\/cmf_w","https:\/\/www.youtube.com\/@WMCMF"]}]}},"jetpack_featured_media_url":"https:\/\/webdelmaestrocmf.com\/portal\/wp-content\/uploads\/2021\/08\/1-1.jpg","jetpack_sharing_enabled":true,"jetpack-related-posts":[{"id":77539,"url":"https:\/\/webdelmaestrocmf.com\/portal\/alexander-ortiz-que-es-la-inteligencia-humana-como-se-genera-el-comportamiento-inteligente\/","url_meta":{"origin":66049,"position":0},"title":"[Alexander Ortiz] \u00bfQu\u00e9 es la Inteligencia Humana? \u00bfC\u00f3mo se genera el comportamiento inteligente?","author":"Web del Maestro CMF","date":"14 junio, 2022","format":false,"excerpt":"Uno de los conceptos m\u00e1s pol\u00e9micos en la historia de la psicolog\u00eda contempor\u00e1nea es el de inteligencia, incluso no existe un concepto un\u00edvoco, \u00fanico y uniforme sobre la inteligencia humana. Seg\u00fan Humberto Maturana, la palabra \"inteligencia\" hace referencia connotativa a este fen\u00f3meno que no es directamente observable, y que resulta\u2026","rel":"","context":"En \u00abZ-Colaboradores\u00bb","block_context":{"text":"Z-Colaboradores","link":"https:\/\/webdelmaestrocmf.com\/portal\/category\/colaborador\/"},"img":{"alt_text":"","src":"https:\/\/i0.wp.com\/webdelmaestrocmf.com\/portal\/wp-content\/uploads\/2022\/06\/1-31.jpg?resize=350%2C200&ssl=1","width":350,"height":200,"srcset":"https:\/\/i0.wp.com\/webdelmaestrocmf.com\/portal\/wp-content\/uploads\/2022\/06\/1-31.jpg?resize=350%2C200&ssl=1 1x, https:\/\/i0.wp.com\/webdelmaestrocmf.com\/portal\/wp-content\/uploads\/2022\/06\/1-31.jpg?resize=525%2C300&ssl=1 1.5x, https:\/\/i0.wp.com\/webdelmaestrocmf.com\/portal\/wp-content\/uploads\/2022\/06\/1-31.jpg?resize=700%2C400&ssl=1 2x, https:\/\/i0.wp.com\/webdelmaestrocmf.com\/portal\/wp-content\/uploads\/2022\/06\/1-31.jpg?resize=1050%2C600&ssl=1 3x"},"classes":[]},{"id":66829,"url":"https:\/\/webdelmaestrocmf.com\/portal\/alexander-ortiz-existen-multiples-inteligencias-humanas-o-en-realidad-es-solo-una\/","url_meta":{"origin":66049,"position":1},"title":"[Alexander Ortiz] \u00bfExisten m\u00faltiples inteligencias humanas o en realidad es solo una?","author":"Web del Maestro CMF","date":"20 agosto, 2021","format":false,"excerpt":"La idea de fraccionar al ser humano en m\u00faltiples destrezas, habilidades, aptitudes y\/o capacidades no es nueva en la historia de la humanidad. Siempre han existido autores que han propuesto varios indicadores o facultades humanas. A lo largo de la historia de la humanidad el n\u00famero de aptitudes ha venido\u2026","rel":"","context":"En \u00abZ-Colaboradores\u00bb","block_context":{"text":"Z-Colaboradores","link":"https:\/\/webdelmaestrocmf.com\/portal\/category\/colaborador\/"},"img":{"alt_text":"","src":"https:\/\/i0.wp.com\/webdelmaestrocmf.com\/portal\/wp-content\/uploads\/2021\/08\/1-139.jpg?resize=350%2C200&ssl=1","width":350,"height":200,"srcset":"https:\/\/i0.wp.com\/webdelmaestrocmf.com\/portal\/wp-content\/uploads\/2021\/08\/1-139.jpg?resize=350%2C200&ssl=1 1x, https:\/\/i0.wp.com\/webdelmaestrocmf.com\/portal\/wp-content\/uploads\/2021\/08\/1-139.jpg?resize=525%2C300&ssl=1 1.5x, https:\/\/i0.wp.com\/webdelmaestrocmf.com\/portal\/wp-content\/uploads\/2021\/08\/1-139.jpg?resize=700%2C400&ssl=1 2x, https:\/\/i0.wp.com\/webdelmaestrocmf.com\/portal\/wp-content\/uploads\/2021\/08\/1-139.jpg?resize=1050%2C600&ssl=1 3x"},"classes":[]},{"id":69119,"url":"https:\/\/webdelmaestrocmf.com\/portal\/alexander-ortiz-influencia-de-las-emociones-en-el-aprendizaje-humano\/","url_meta":{"origin":66049,"position":2},"title":"[Alexander Ortiz] Influencia de las emociones en el aprendizaje humano","author":"Web del Maestro CMF","date":"11 octubre, 2021","format":false,"excerpt":"Las emociones a veces se confunden con los sentimientos, existe una emoci\u00f3n muy controvertida que algunos autores la ubican en la categor\u00eda de sentimiento: la pasi\u00f3n. En este proceso afectivo se combinan caracter\u00edsticas de la emoci\u00f3n, con otras que forman parte de los sentimientos. Al tratar sobre las emociones observamos\u2026","rel":"","context":"En \u00abZ-Colaboradores\u00bb","block_context":{"text":"Z-Colaboradores","link":"https:\/\/webdelmaestrocmf.com\/portal\/category\/colaborador\/"},"img":{"alt_text":"","src":"https:\/\/i0.wp.com\/webdelmaestrocmf.com\/portal\/wp-content\/uploads\/2021\/10\/1-59.jpg?resize=350%2C200&ssl=1","width":350,"height":200,"srcset":"https:\/\/i0.wp.com\/webdelmaestrocmf.com\/portal\/wp-content\/uploads\/2021\/10\/1-59.jpg?resize=350%2C200&ssl=1 1x, https:\/\/i0.wp.com\/webdelmaestrocmf.com\/portal\/wp-content\/uploads\/2021\/10\/1-59.jpg?resize=525%2C300&ssl=1 1.5x, https:\/\/i0.wp.com\/webdelmaestrocmf.com\/portal\/wp-content\/uploads\/2021\/10\/1-59.jpg?resize=700%2C400&ssl=1 2x, https:\/\/i0.wp.com\/webdelmaestrocmf.com\/portal\/wp-content\/uploads\/2021\/10\/1-59.jpg?resize=1050%2C600&ssl=1 3x"},"classes":[]},{"id":62390,"url":"https:\/\/webdelmaestrocmf.com\/portal\/alexander-ortiz-resiliencia-capacidad-humana-o-actitud-ante-la-vida\/","url_meta":{"origin":66049,"position":3},"title":"[Alexander Ortiz] Resiliencia: \u00bfCapacidad humana o actitud ante la vida?","author":"Web del Maestro CMF","date":"30 abril, 2021","format":false,"excerpt":"La resiliencia es una cualidad humana que observa otra persona o uno mismo, cuando se adapta a un cambio, tambi\u00e9n observado. Pero la resiliencia no tiene existencia ontol\u00f3gica, no es una cosa, no podemos reificarla. El ser humano no es que tenga resiliencia, sencillamente act\u00faa de manera resiliente, y eso\u2026","rel":"","context":"En \u00abZ-Colaboradores\u00bb","block_context":{"text":"Z-Colaboradores","link":"https:\/\/webdelmaestrocmf.com\/portal\/category\/colaborador\/"},"img":{"alt_text":"","src":"https:\/\/i0.wp.com\/webdelmaestrocmf.com\/portal\/wp-content\/uploads\/2021\/04\/1-copia-31.jpg?resize=350%2C200&ssl=1","width":350,"height":200,"srcset":"https:\/\/i0.wp.com\/webdelmaestrocmf.com\/portal\/wp-content\/uploads\/2021\/04\/1-copia-31.jpg?resize=350%2C200&ssl=1 1x, https:\/\/i0.wp.com\/webdelmaestrocmf.com\/portal\/wp-content\/uploads\/2021\/04\/1-copia-31.jpg?resize=525%2C300&ssl=1 1.5x, https:\/\/i0.wp.com\/webdelmaestrocmf.com\/portal\/wp-content\/uploads\/2021\/04\/1-copia-31.jpg?resize=700%2C400&ssl=1 2x, https:\/\/i0.wp.com\/webdelmaestrocmf.com\/portal\/wp-content\/uploads\/2021\/04\/1-copia-31.jpg?resize=1050%2C600&ssl=1 3x"},"classes":[]},{"id":63860,"url":"https:\/\/webdelmaestrocmf.com\/portal\/alexander-ortiz-cual-es-el-rol-del-cerebro-en-la-educacion-del-ser-humano\/","url_meta":{"origin":66049,"position":4},"title":"[Alexander Ortiz] \u00bfCu\u00e1l es el rol del cerebro en la educaci\u00f3n del ser humano?","author":"Web del Maestro CMF","date":"9 junio, 2021","format":false,"excerpt":"A lo largo de la historia de la humanidad han proliferado una diversidad de teor\u00edas, enfoques, corrientes, tendencias, modelos y concepciones sobre la educaci\u00f3n, tanto desde dimensiones sociol\u00f3gicas y antropol\u00f3gicas, como psicol\u00f3gicas y pedag\u00f3gicas. Sin embargo, en la actualidad, la Neuropsicolog\u00eda y las neurociencias est\u00e1n generando nuevas reflexiones y lecturas\u2026","rel":"","context":"En \u00abZ-Colaboradores\u00bb","block_context":{"text":"Z-Colaboradores","link":"https:\/\/webdelmaestrocmf.com\/portal\/category\/colaborador\/"},"img":{"alt_text":"","src":"https:\/\/i0.wp.com\/webdelmaestrocmf.com\/portal\/wp-content\/uploads\/2021\/06\/1-copia-4.jpg?resize=350%2C200&ssl=1","width":350,"height":200,"srcset":"https:\/\/i0.wp.com\/webdelmaestrocmf.com\/portal\/wp-content\/uploads\/2021\/06\/1-copia-4.jpg?resize=350%2C200&ssl=1 1x, https:\/\/i0.wp.com\/webdelmaestrocmf.com\/portal\/wp-content\/uploads\/2021\/06\/1-copia-4.jpg?resize=525%2C300&ssl=1 1.5x, https:\/\/i0.wp.com\/webdelmaestrocmf.com\/portal\/wp-content\/uploads\/2021\/06\/1-copia-4.jpg?resize=700%2C400&ssl=1 2x, https:\/\/i0.wp.com\/webdelmaestrocmf.com\/portal\/wp-content\/uploads\/2021\/06\/1-copia-4.jpg?resize=1050%2C600&ssl=1 3x"},"classes":[]},{"id":63673,"url":"https:\/\/webdelmaestrocmf.com\/portal\/alexander-ortiz-neuroeducacion-como-aprende-el-cerebro-humano-y-como-deberian-ensenar-los-docentes\/","url_meta":{"origin":66049,"position":5},"title":"[Alexander Ortiz] Neuroeducaci\u00f3n \u00bfC\u00f3mo aprende el cerebro humano y c\u00f3mo deber\u00edan ense\u00f1ar los docentes?","author":"Web del Maestro CMF","date":"2 junio, 2021","format":false,"excerpt":"El cerebro humano es la estructura f\u00edsica m\u00e1s compleja, hol\u00edstica, sist\u00e9mica y dial\u00e9ctica del universo. Uno de los m\u00e1s importantes, b\u00e1sicos y trascendentales interrogantes que el ser humano se ha planteado a lo largo de la historia de la especie es precisamente c\u00f3mo funciona el cerebro humano y c\u00f3mo se\u2026","rel":"","context":"En \u00abZ-Colaboradores\u00bb","block_context":{"text":"Z-Colaboradores","link":"https:\/\/webdelmaestrocmf.com\/portal\/category\/colaborador\/"},"img":{"alt_text":"","src":"https:\/\/i0.wp.com\/webdelmaestrocmf.com\/portal\/wp-content\/uploads\/2021\/06\/1.jpg-13.png?resize=350%2C200&ssl=1","width":350,"height":200,"srcset":"https:\/\/i0.wp.com\/webdelmaestrocmf.com\/portal\/wp-content\/uploads\/2021\/06\/1.jpg-13.png?resize=350%2C200&ssl=1 1x, https:\/\/i0.wp.com\/webdelmaestrocmf.com\/portal\/wp-content\/uploads\/2021\/06\/1.jpg-13.png?resize=525%2C300&ssl=1 1.5x, https:\/\/i0.wp.com\/webdelmaestrocmf.com\/portal\/wp-content\/uploads\/2021\/06\/1.jpg-13.png?resize=700%2C400&ssl=1 2x, https:\/\/i0.wp.com\/webdelmaestrocmf.com\/portal\/wp-content\/uploads\/2021\/06\/1.jpg-13.png?resize=1050%2C600&ssl=1 3x"},"classes":[]}],"_links":{"self":[{"href":"https:\/\/webdelmaestrocmf.com\/portal\/wp-json\/wp\/v2\/posts\/66049","targetHints":{"allow":["GET"]}}],"collection":[{"href":"https:\/\/webdelmaestrocmf.com\/portal\/wp-json\/wp\/v2\/posts"}],"about":[{"href":"https:\/\/webdelmaestrocmf.com\/portal\/wp-json\/wp\/v2\/types\/post"}],"author":[{"embeddable":true,"href":"https:\/\/webdelmaestrocmf.com\/portal\/wp-json\/wp\/v2\/users\/1"}],"replies":[{"embeddable":true,"href":"https:\/\/webdelmaestrocmf.com\/portal\/wp-json\/wp\/v2\/comments?post=66049"}],"version-history":[{"count":0,"href":"https:\/\/webdelmaestrocmf.com\/portal\/wp-json\/wp\/v2\/posts\/66049\/revisions"}],"wp:featuredmedia":[{"embeddable":true,"href":"https:\/\/webdelmaestrocmf.com\/portal\/wp-json\/wp\/v2\/media\/66050"}],"wp:attachment":[{"href":"https:\/\/webdelmaestrocmf.com\/portal\/wp-json\/wp\/v2\/media?parent=66049"}],"wp:term":[{"taxonomy":"category","embeddable":true,"href":"https:\/\/webdelmaestrocmf.com\/portal\/wp-json\/wp\/v2\/categories?post=66049"},{"taxonomy":"post_tag","embeddable":true,"href":"https:\/\/webdelmaestrocmf.com\/portal\/wp-json\/wp\/v2\/tags?post=66049"}],"curies":[{"name":"wp","href":"https:\/\/api.w.org\/{rel}","templated":true}]}}