{"id":65669,"date":"2021-07-24T20:00:49","date_gmt":"2021-07-25T00:00:49","guid":{"rendered":"https:\/\/webdelmaestrocmf.com\/portal\/?p=65669"},"modified":"2022-08-12T23:14:57","modified_gmt":"2022-08-13T03:14:57","slug":"estas-son-las-edades-apropiadas-para-las-tareas-domesticas","status":"publish","type":"post","link":"https:\/\/webdelmaestrocmf.com\/portal\/estas-son-las-edades-apropiadas-para-las-tareas-domesticas\/","title":{"rendered":"Est\u00e1s son las edades apropiadas para las tareas dom\u00e9sticas"},"content":{"rendered":"<h5 style=\"text-align: justify;\">Te has planteado alguna vez cual es la edad adecuada para empezar a ense\u00f1ar a tus hijos a realizar las tareas dom\u00e9sticas. Desde Im\u00e1genes Educativas hemos preparado esta lista por que te orientes, esperamos que te sea de utilidad.<\/h5>\n<p><!--more--><\/p>\n<h5 style=\"text-align: justify;\">Los ni\u00f1os necesitan estar a cargo de tareas peque\u00f1as en la casa. Ayudar en casa les ense\u00f1a responsabilidad social y familiar. Adem\u00e1s, les proporciona una sensaci\u00f3n de logro y de orgullo y les ayuda a adquirir habilidades. Si tu ni\u00f1o contribuye con los quehaceres del hogar, se sentir\u00e1 importante y parte de un \u00abequipo\u00bb. Asimismo, si ve que en su familia todos ayudan y colaboran, sentir\u00e1 que no es el centro del universo.<\/h5>\n<p style=\"text-align: justify;\">Recuerda darle muchos elogios por lograr sus tareas y ten en mente que todo lo que perseveres en ense\u00f1ar a tu hijo respecto al cuidado del hogar le servir\u00e1 para toda la vida.<\/p>\n<h5 style=\"text-align: justify;\">2 a 3 A\u00f1os<\/h5>\n<ul style=\"text-align: justify;\">\n<li>Echar sus juguetes a una caja.<\/li>\n<li>Poner sus libros en las repisas.<\/li>\n<li>Colocar su ropa sucia en su canasto.<\/li>\n<li>Botar su basura.<\/li>\n<li>Doblar su ropa limpia.<\/li>\n<li>Poner la mesa.<\/li>\n<li>Traer pa\u00f1ales y pa\u00f1uelos h\u00famedos cuando los necesite.<\/li>\n<\/ul>\n<p><img loading=\"lazy\" decoding=\"async\" class=\"size-full wp-image-65670 aligncenter\" src=\"https:\/\/webdelmaestrocmf.com\/portal\/wp-content\/uploads\/2021\/07\/1-31.png\" alt=\"\" width=\"400\" height=\"400\" srcset=\"https:\/\/webdelmaestrocmf.com\/portal\/wp-content\/uploads\/2021\/07\/1-31.png 400w, https:\/\/webdelmaestrocmf.com\/portal\/wp-content\/uploads\/2021\/07\/1-31-300x300.png 300w, https:\/\/webdelmaestrocmf.com\/portal\/wp-content\/uploads\/2021\/07\/1-31-150x150.png 150w, https:\/\/webdelmaestrocmf.com\/portal\/wp-content\/uploads\/2021\/07\/1-31-80x80.png 80w, https:\/\/webdelmaestrocmf.com\/portal\/wp-content\/uploads\/2021\/07\/1-31-110x110.png 110w, https:\/\/webdelmaestrocmf.com\/portal\/wp-content\/uploads\/2021\/07\/1-31-200x200.png 200w, https:\/\/webdelmaestrocmf.com\/portal\/wp-content\/uploads\/2021\/07\/1-31-380x380.png 380w, https:\/\/webdelmaestrocmf.com\/portal\/wp-content\/uploads\/2021\/07\/1-31-255x255.png 255w, https:\/\/webdelmaestrocmf.com\/portal\/wp-content\/uploads\/2021\/07\/1-31-160x160.png 160w, https:\/\/webdelmaestrocmf.com\/portal\/wp-content\/uploads\/2021\/07\/1-31-220x220.png 220w\" sizes=\"auto, (max-width: 400px) 100vw, 400px\" \/><\/p>\n<h5 style=\"text-align: justify;\">4 a 5 A\u00f1os<\/h5>\n<ul>\n<li>Alimentar mascotas.<\/li>\n<li>Limpiar derrames l\u00edquidos.<\/li>\n<li>Ordenar sus juguetes.<\/li>\n<li>Hacer su cama.<\/li>\n<li>Ordenar su dormitorio.<\/li>\n<li>Regar plantas.<\/li>\n<li>Preparar bocadillos simples.<\/li>\n<li>Limpiar la mesa de la cocina.<\/li>\n<li>Usar la aspiradora.<\/li>\n<li>Secar y guardar la loza.<\/li>\n<\/ul>\n<p><img loading=\"lazy\" decoding=\"async\" class=\"size-full wp-image-65671 aligncenter\" src=\"https:\/\/webdelmaestrocmf.com\/portal\/wp-content\/uploads\/2021\/07\/1-32.png\" alt=\"\" width=\"400\" height=\"400\" srcset=\"https:\/\/webdelmaestrocmf.com\/portal\/wp-content\/uploads\/2021\/07\/1-32.png 400w, https:\/\/webdelmaestrocmf.com\/portal\/wp-content\/uploads\/2021\/07\/1-32-300x300.png 300w, https:\/\/webdelmaestrocmf.com\/portal\/wp-content\/uploads\/2021\/07\/1-32-150x150.png 150w, https:\/\/webdelmaestrocmf.com\/portal\/wp-content\/uploads\/2021\/07\/1-32-80x80.png 80w, https:\/\/webdelmaestrocmf.com\/portal\/wp-content\/uploads\/2021\/07\/1-32-110x110.png 110w, https:\/\/webdelmaestrocmf.com\/portal\/wp-content\/uploads\/2021\/07\/1-32-200x200.png 200w, https:\/\/webdelmaestrocmf.com\/portal\/wp-content\/uploads\/2021\/07\/1-32-380x380.png 380w, https:\/\/webdelmaestrocmf.com\/portal\/wp-content\/uploads\/2021\/07\/1-32-255x255.png 255w, https:\/\/webdelmaestrocmf.com\/portal\/wp-content\/uploads\/2021\/07\/1-32-160x160.png 160w, https:\/\/webdelmaestrocmf.com\/portal\/wp-content\/uploads\/2021\/07\/1-32-220x220.png 220w\" sizes=\"auto, (max-width: 400px) 100vw, 400px\" \/><\/p>\n<h5 style=\"text-align: justify;\">6 a 7 A\u00f1os<\/h5>\n<ul style=\"text-align: justify;\">\n<li>Reunir la basura y reciclar.<\/li>\n<li>Doblar toallas.<\/li>\n<li>Trapear el polvo del piso.<\/li>\n<li>Vaciar el lavavajillas.<\/li>\n<li>Emparejar calcetines.<\/li>\n<li>Regar el pasto.<\/li>\n<li>Rastrillar las hojas.<\/li>\n<li>Pelar papas o zanahorias.<\/li>\n<li>Hacer ensalada.<\/li>\n<li>Reemplazar el papel higi\u00e9nico.<\/li>\n<\/ul>\n<p><img loading=\"lazy\" decoding=\"async\" class=\"size-full wp-image-65672 aligncenter\" src=\"https:\/\/webdelmaestrocmf.com\/portal\/wp-content\/uploads\/2021\/07\/1-33.png\" alt=\"\" width=\"400\" height=\"400\" srcset=\"https:\/\/webdelmaestrocmf.com\/portal\/wp-content\/uploads\/2021\/07\/1-33.png 400w, https:\/\/webdelmaestrocmf.com\/portal\/wp-content\/uploads\/2021\/07\/1-33-300x300.png 300w, https:\/\/webdelmaestrocmf.com\/portal\/wp-content\/uploads\/2021\/07\/1-33-150x150.png 150w, https:\/\/webdelmaestrocmf.com\/portal\/wp-content\/uploads\/2021\/07\/1-33-80x80.png 80w, https:\/\/webdelmaestrocmf.com\/portal\/wp-content\/uploads\/2021\/07\/1-33-110x110.png 110w, https:\/\/webdelmaestrocmf.com\/portal\/wp-content\/uploads\/2021\/07\/1-33-200x200.png 200w, https:\/\/webdelmaestrocmf.com\/portal\/wp-content\/uploads\/2021\/07\/1-33-380x380.png 380w, https:\/\/webdelmaestrocmf.com\/portal\/wp-content\/uploads\/2021\/07\/1-33-255x255.png 255w, https:\/\/webdelmaestrocmf.com\/portal\/wp-content\/uploads\/2021\/07\/1-33-160x160.png 160w, https:\/\/webdelmaestrocmf.com\/portal\/wp-content\/uploads\/2021\/07\/1-33-220x220.png 220w\" sizes=\"auto, (max-width: 400px) 100vw, 400px\" \/><\/p>\n<h5 style=\"text-align: justify;\">8 a 9 A\u00f1os<\/h5>\n<ul style=\"text-align: justify;\">\n<li>Cargar el lavavajillas.<\/li>\n<li>Cambiar ampolletas.<\/li>\n<li>Usar la lavadora de ropa.<\/li>\n<li>Colgar y doblar la ropa limpia.<\/li>\n<li>Sacudir los muebles.<\/li>\n<li>Guardar la mercader\u00eda.<\/li>\n<li>Hacer huevos revueltos.<\/li>\n<li>Hornear galletas.<\/li>\n<li>Pasear al perro.<\/li>\n<li>Barrer la calle.<\/li>\n<li>Recoger y limpiar la mesa.<\/li>\n<\/ul>\n<p><img loading=\"lazy\" decoding=\"async\" class=\"size-full wp-image-65673 aligncenter\" src=\"https:\/\/webdelmaestrocmf.com\/portal\/wp-content\/uploads\/2021\/07\/1-34.png\" alt=\"\" width=\"400\" height=\"400\" srcset=\"https:\/\/webdelmaestrocmf.com\/portal\/wp-content\/uploads\/2021\/07\/1-34.png 400w, https:\/\/webdelmaestrocmf.com\/portal\/wp-content\/uploads\/2021\/07\/1-34-300x300.png 300w, https:\/\/webdelmaestrocmf.com\/portal\/wp-content\/uploads\/2021\/07\/1-34-150x150.png 150w, https:\/\/webdelmaestrocmf.com\/portal\/wp-content\/uploads\/2021\/07\/1-34-80x80.png 80w, https:\/\/webdelmaestrocmf.com\/portal\/wp-content\/uploads\/2021\/07\/1-34-110x110.png 110w, https:\/\/webdelmaestrocmf.com\/portal\/wp-content\/uploads\/2021\/07\/1-34-200x200.png 200w, https:\/\/webdelmaestrocmf.com\/portal\/wp-content\/uploads\/2021\/07\/1-34-380x380.png 380w, https:\/\/webdelmaestrocmf.com\/portal\/wp-content\/uploads\/2021\/07\/1-34-255x255.png 255w, https:\/\/webdelmaestrocmf.com\/portal\/wp-content\/uploads\/2021\/07\/1-34-160x160.png 160w, https:\/\/webdelmaestrocmf.com\/portal\/wp-content\/uploads\/2021\/07\/1-34-220x220.png 220w\" sizes=\"auto, (max-width: 400px) 100vw, 400px\" \/><\/p>\n<h5 style=\"text-align: justify;\">10 a 11 A\u00f1os<\/h5>\n<ul style=\"text-align: justify;\">\n<li>Limpiar ba\u00f1os.<\/li>\n<li>Aspirar alfombras.<\/li>\n<li>Limpiar mesones.<\/li>\n<li>Aseo profundo de la cocina.<\/li>\n<li>Preparar una comida simple.<\/li>\n<li>Cortar el pasto.<\/li>\n<li>Traer la correspondencia.<\/li>\n<li>Remiendos simples, pegar botones.<\/li>\n<\/ul>\n<p><img loading=\"lazy\" decoding=\"async\" class=\"size-full wp-image-65674 aligncenter\" src=\"https:\/\/webdelmaestrocmf.com\/portal\/wp-content\/uploads\/2021\/07\/1-35.png\" alt=\"\" width=\"400\" height=\"400\" srcset=\"https:\/\/webdelmaestrocmf.com\/portal\/wp-content\/uploads\/2021\/07\/1-35.png 400w, https:\/\/webdelmaestrocmf.com\/portal\/wp-content\/uploads\/2021\/07\/1-35-300x300.png 300w, https:\/\/webdelmaestrocmf.com\/portal\/wp-content\/uploads\/2021\/07\/1-35-150x150.png 150w, https:\/\/webdelmaestrocmf.com\/portal\/wp-content\/uploads\/2021\/07\/1-35-80x80.png 80w, https:\/\/webdelmaestrocmf.com\/portal\/wp-content\/uploads\/2021\/07\/1-35-110x110.png 110w, https:\/\/webdelmaestrocmf.com\/portal\/wp-content\/uploads\/2021\/07\/1-35-200x200.png 200w, https:\/\/webdelmaestrocmf.com\/portal\/wp-content\/uploads\/2021\/07\/1-35-380x380.png 380w, https:\/\/webdelmaestrocmf.com\/portal\/wp-content\/uploads\/2021\/07\/1-35-255x255.png 255w, https:\/\/webdelmaestrocmf.com\/portal\/wp-content\/uploads\/2021\/07\/1-35-160x160.png 160w, https:\/\/webdelmaestrocmf.com\/portal\/wp-content\/uploads\/2021\/07\/1-35-220x220.png 220w\" sizes=\"auto, (max-width: 400px) 100vw, 400px\" \/><\/p>\n<h5 style=\"text-align: justify;\">12 A\u00f1os y m\u00e1s<\/h5>\n<ul>\n<li style=\"text-align: justify;\">Trapear los pisos con l\u00edquidos.<\/li>\n<li style=\"text-align: justify;\">Lavar y aspirar el auto.<\/li>\n<li style=\"text-align: justify;\">Podar arbustos.<\/li>\n<li style=\"text-align: justify;\">Pintar murallas.<\/li>\n<li style=\"text-align: justify;\">Comprar una lista de mercado.<\/li>\n<li style=\"text-align: justify;\">Cocinar una comida completa.<\/li>\n<li style=\"text-align: justify;\">Hornear pan o queques.<\/li>\n<li style=\"text-align: justify;\">Hacer reparaciones simples.<\/li>\n<li style=\"text-align: justify;\">Lavar ventanas.<\/li>\n<li style=\"text-align: justify;\">Planchar ropa.<\/li>\n<li style=\"text-align: justify;\">Cuidar a sus hermanos peque\u00f1os.<\/li>\n<\/ul>\n<p><img loading=\"lazy\" decoding=\"async\" class=\"size-full wp-image-65675 aligncenter\" src=\"https:\/\/webdelmaestrocmf.com\/portal\/wp-content\/uploads\/2021\/07\/1-36.png\" alt=\"\" width=\"400\" height=\"400\" srcset=\"https:\/\/webdelmaestrocmf.com\/portal\/wp-content\/uploads\/2021\/07\/1-36.png 400w, https:\/\/webdelmaestrocmf.com\/portal\/wp-content\/uploads\/2021\/07\/1-36-300x300.png 300w, https:\/\/webdelmaestrocmf.com\/portal\/wp-content\/uploads\/2021\/07\/1-36-150x150.png 150w, https:\/\/webdelmaestrocmf.com\/portal\/wp-content\/uploads\/2021\/07\/1-36-80x80.png 80w, https:\/\/webdelmaestrocmf.com\/portal\/wp-content\/uploads\/2021\/07\/1-36-110x110.png 110w, https:\/\/webdelmaestrocmf.com\/portal\/wp-content\/uploads\/2021\/07\/1-36-200x200.png 200w, https:\/\/webdelmaestrocmf.com\/portal\/wp-content\/uploads\/2021\/07\/1-36-380x380.png 380w, https:\/\/webdelmaestrocmf.com\/portal\/wp-content\/uploads\/2021\/07\/1-36-255x255.png 255w, https:\/\/webdelmaestrocmf.com\/portal\/wp-content\/uploads\/2021\/07\/1-36-160x160.png 160w, https:\/\/webdelmaestrocmf.com\/portal\/wp-content\/uploads\/2021\/07\/1-36-220x220.png 220w\" sizes=\"auto, (max-width: 400px) 100vw, 400px\" \/><\/p>\n<p><a href=\"https:\/\/webdelmaestrocmf.com\/portal\/wp-content\/uploads\/2021\/07\/1-131.jpg\"><img loading=\"lazy\" decoding=\"async\" class=\"alignnone size-full wp-image-65676\" src=\"https:\/\/webdelmaestrocmf.com\/portal\/wp-content\/uploads\/2021\/07\/1-131.jpg\" alt=\"\" width=\"1000\" height=\"583\" srcset=\"https:\/\/webdelmaestrocmf.com\/portal\/wp-content\/uploads\/2021\/07\/1-131.jpg 1000w, https:\/\/webdelmaestrocmf.com\/portal\/wp-content\/uploads\/2021\/07\/1-131-300x175.jpg 300w, https:\/\/webdelmaestrocmf.com\/portal\/wp-content\/uploads\/2021\/07\/1-131-768x448.jpg 768w, https:\/\/webdelmaestrocmf.com\/portal\/wp-content\/uploads\/2021\/07\/1-131-110x64.jpg 110w, https:\/\/webdelmaestrocmf.com\/portal\/wp-content\/uploads\/2021\/07\/1-131-200x117.jpg 200w, https:\/\/webdelmaestrocmf.com\/portal\/wp-content\/uploads\/2021\/07\/1-131-380x222.jpg 380w, https:\/\/webdelmaestrocmf.com\/portal\/wp-content\/uploads\/2021\/07\/1-131-255x149.jpg 255w, https:\/\/webdelmaestrocmf.com\/portal\/wp-content\/uploads\/2021\/07\/1-131-550x321.jpg 550w, https:\/\/webdelmaestrocmf.com\/portal\/wp-content\/uploads\/2021\/07\/1-131-800x466.jpg 800w, https:\/\/webdelmaestrocmf.com\/portal\/wp-content\/uploads\/2021\/07\/1-131-220x128.jpg 220w, https:\/\/webdelmaestrocmf.com\/portal\/wp-content\/uploads\/2021\/07\/1-131-400x233.jpg 400w, https:\/\/webdelmaestrocmf.com\/portal\/wp-content\/uploads\/2021\/07\/1-131-760x443.jpg 760w, https:\/\/webdelmaestrocmf.com\/portal\/wp-content\/uploads\/2021\/07\/1-131-510x297.jpg 510w, https:\/\/webdelmaestrocmf.com\/portal\/wp-content\/uploads\/2021\/07\/1-131-600x350.jpg 600w\" sizes=\"auto, (max-width: 1000px) 100vw, 1000px\" \/><\/a><\/p>\n<p><strong>Este contenido ha sido publicado originalmente por Im\u00e1genes Educativas en la siguiente direcci\u00f3n: <a href=\"http:\/\/imageneseducativas.com\" target=\"_blank\" rel=\"noopener\">imageneseducativas.com<\/a><\/strong><\/p>\n<p style=\"text-align: center;\">Recomendamos a la Comunidad Educativa Digital tener en cuenta que, el enlace y\/o la carpeta en donde est\u00e1n alojados los libros, recursos y\/o materiales, no es administrado por la Web del Maestro CMF, pueda ser que en cuesti\u00f3n de d\u00edas (o seg\u00fan el tiempo transcurrido desde su publicaci\u00f3n), los enlaces no funcionen y el material ya no se encuentre disponible. Gracias por su comprensi\u00f3n.<\/p>\n<h3>ENLACE DE LECTURA:<\/h3>\n<p style=\"text-align: center;\">\u00a1Comparte y as\u00ed m\u00e1s docentes utilizar\u00e1n estos recursos\u00a0gratis! Muchas gracias.<\/p>\n<p style=\"text-align: center;\">LECTURA 1: <span style=\"color: #000000;\"><a style=\"color: #000000;\" href=\"https:\/\/jitp.info\/files\/jitp-45-y-46-meses.pdf\" target=\"_blank\" rel=\"noopener\">EST\u00c1S SON LAS EDADES APROPIADAS PARA LAS TAREAS DOM\u00c9STICAS<\/a><\/span><\/p>\n\t\t<div class=\"pk-inline-posts\">\n\t\t\t\n\t\t\t<div class=\"pk-inline-posts-container pk-inline-posts-template-list\"\n\t\t\t\tdata-columns=\"1\">\n\t\t\t\t\t\t<article id=\"post-118381\" class=\"post-118381 post type-post status-publish format-standard has-post-thumbnail category-bienestar-familiar category-pedagogia tag-aprendizaje tag-autonomia-3 tag-crianza-consciente tag-desarrollo-infantil tag-docentes tag-educacion-infantil tag-empatia-2 tag-funciones-ejecutivas tag-padres tag-responsabilidad cs-entry cs-video-wrap\">\n\t\t\t<div class=\"pk-post-outer\">\n\n\t\t\t\t\t\t\t\t<div class=\"pk-post-inner\">\n\t\t\t\t\t<div class=\"entry-thumbnail\">\n\t\t\t\t\t\t<div class=\"pk-overlay pk-overlay-ratio pk-ratio-landscape\">\n\t\t\t\t\t\t\t<div class=\"pk-overlay-background\">\n\t\t\t\t\t\t\t\t<a href=\"https:\/\/webdelmaestrocmf.com\/portal\/si-tu-hijo-hace-estas-3-cosas-felicidades-tienes-un-hijo-listo-para-toda-la-vida\/\" class=\"pk-overlay-link\">\n\t\t\t\t\t\t\t\t\t<img loading=\"lazy\" decoding=\"async\" width=\"300\" height=\"225\" src=\"https:\/\/webdelmaestrocmf.com\/portal\/wp-content\/uploads\/2026\/04\/1AA-Banner-1-portada-imagen-10-1-copia-3-7-300x225.webp\" class=\"attachment-pk-thumbnail size-pk-thumbnail wp-post-image\" alt=\"\" \/>\t\t\t\t\t\t\t\t<\/a>\n\t\t\t\t\t\t\t<\/div>\n\t\t\t\t\t\t<\/div>\n\t\t\t\t\t<\/div>\n\t\t\t\t<\/div>\n\t\t\t\t\n\t\t\t\t<div class=\"pk-post-inner\">\n\t\t\t\t\t<header>\n\t\t\t\t\t\t<h3 class=\"pk-title\"><a href=\"https:\/\/webdelmaestrocmf.com\/portal\/si-tu-hijo-hace-estas-3-cosas-felicidades-tienes-un-hijo-listo-para-toda-la-vida\/\" rel=\"bookmark\">Si tu hijo hace estas 3 cosas, felicidades: tienes un hijo listo para toda la vida<\/a><\/h3>\t\t\t\t\t<\/header><!-- .entry-header -->\n\t\t\t\t<\/div><!-- .post-inner -->\n\n\t\t\t<\/div><!-- .post-outer -->\n\t\t<\/article>\n\t\t\t\t<\/div>\n\t\t<\/div>\n\t\t\n","protected":false},"excerpt":{"rendered":"Te has planteado alguna vez cual es la edad adecuada para empezar a ense\u00f1ar a tus hijos a&hellip;","protected":false},"author":1,"featured_media":65680,"comment_status":"open","ping_status":"closed","sticky":false,"template":"","format":"standard","meta":{"csco_display_header_overlay":false,"csco_singular_sidebar":"default","csco_page_header_type":"default","csco_page_load_nextpost":"default","csco_post_video_location":[],"csco_post_video_location_hash":"","csco_post_video_url":"","csco_post_video_bg_start_time":0,"csco_post_video_bg_end_time":0,"csco_post_video_bg_volume":false,"_jetpack_memberships_contains_paid_content":false,"footnotes":""},"categories":[464,735],"tags":[13848,13849,2556,633],"class_list":{"0":"post-65669","1":"post","2":"type-post","3":"status-publish","4":"format-standard","5":"has-post-thumbnail","7":"category-bienestar-familiar","8":"category-pedagogia","9":"tag-apropiadas","10":"tag-domesticas","11":"tag-edades","12":"tag-tareas","13":"cs-entry","14":"cs-video-wrap"},"yoast_head":"<!-- This site is optimized with the Yoast SEO plugin v27.5 - https:\/\/yoast.com\/product\/yoast-seo-wordpress\/ -->\n<title>Est\u00e1s son las edades apropiadas para las tareas dom\u00e9sticas - 2026<\/title>\n<meta name=\"description\" content=\"Te has planteado alguna vez cual es la edad adecuada para empezar a ense\u00f1ar a tus hijos a realizar las tareas dom\u00e9sticas. Desde Im\u00e1genes...\" \/>\n<meta name=\"robots\" content=\"index, follow, max-snippet:-1, max-image-preview:large, max-video-preview:-1\" \/>\n<link rel=\"canonical\" href=\"https:\/\/webdelmaestrocmf.com\/portal\/estas-son-las-edades-apropiadas-para-las-tareas-domesticas\/\" \/>\n<meta property=\"og:locale\" content=\"es_ES\" \/>\n<meta property=\"og:type\" content=\"article\" \/>\n<meta property=\"og:title\" content=\"Est\u00e1s son las edades apropiadas para las tareas dom\u00e9sticas - 2026\" \/>\n<meta property=\"og:description\" content=\"Te has planteado alguna vez cual es la edad adecuada para empezar a ense\u00f1ar a tus hijos a realizar las tareas dom\u00e9sticas. Desde Im\u00e1genes...\" \/>\n<meta property=\"og:url\" content=\"https:\/\/webdelmaestrocmf.com\/portal\/estas-son-las-edades-apropiadas-para-las-tareas-domesticas\/\" \/>\n<meta property=\"og:site_name\" content=\"Web del Maestro CMF\" \/>\n<meta property=\"article:publisher\" content=\"https:\/\/www.facebook.com\/WebdelMaestroCMF\/\" \/>\n<meta property=\"article:author\" content=\"https:\/\/www.facebook.com\/WebdelMaestroCMF\/\" \/>\n<meta property=\"article:published_time\" content=\"2021-07-25T00:00:49+00:00\" \/>\n<meta property=\"article:modified_time\" content=\"2022-08-13T03:14:57+00:00\" \/>\n<meta property=\"og:image\" content=\"https:\/\/i0.wp.com\/webdelmaestrocmf.com\/portal\/wp-content\/uploads\/2021\/07\/1-132.jpg?fit=1100%2C680&ssl=1\" \/>\n\t<meta property=\"og:image:width\" content=\"1100\" \/>\n\t<meta property=\"og:image:height\" content=\"680\" \/>\n\t<meta property=\"og:image:type\" content=\"image\/jpeg\" \/>\n<meta name=\"author\" content=\"Web del Maestro CMF\" \/>\n<meta name=\"twitter:card\" content=\"summary_large_image\" \/>\n<meta name=\"twitter:creator\" content=\"@cmf_w\" \/>\n<meta name=\"twitter:site\" content=\"@cmf_w\" \/>\n<script type=\"application\/ld+json\" class=\"yoast-schema-graph\">{\"@context\":\"https:\\\/\\\/schema.org\",\"@graph\":[{\"@type\":\"ScholarlyArticle\",\"@id\":\"https:\\\/\\\/webdelmaestrocmf.com\\\/portal\\\/estas-son-las-edades-apropiadas-para-las-tareas-domesticas\\\/#article\",\"isPartOf\":{\"@id\":\"https:\\\/\\\/webdelmaestrocmf.com\\\/portal\\\/estas-son-las-edades-apropiadas-para-las-tareas-domesticas\\\/\"},\"author\":{\"name\":\"Web del Maestro CMF\",\"@id\":\"https:\\\/\\\/webdelmaestrocmf.com\\\/portal\\\/#\\\/schema\\\/person\\\/1072a2ed7bd960df8ef99a551fa35dc5\"},\"headline\":\"Est\u00e1s son las edades apropiadas para las tareas dom\u00e9sticas\",\"datePublished\":\"2021-07-25T00:00:49+00:00\",\"dateModified\":\"2022-08-13T03:14:57+00:00\",\"mainEntityOfPage\":{\"@id\":\"https:\\\/\\\/webdelmaestrocmf.com\\\/portal\\\/estas-son-las-edades-apropiadas-para-las-tareas-domesticas\\\/\"},\"wordCount\":519,\"commentCount\":0,\"publisher\":{\"@id\":\"https:\\\/\\\/webdelmaestrocmf.com\\\/portal\\\/#organization\"},\"image\":{\"@id\":\"https:\\\/\\\/webdelmaestrocmf.com\\\/portal\\\/estas-son-las-edades-apropiadas-para-las-tareas-domesticas\\\/#primaryimage\"},\"thumbnailUrl\":\"https:\\\/\\\/webdelmaestrocmf.com\\\/portal\\\/wp-content\\\/uploads\\\/2021\\\/07\\\/1-132.jpg\",\"keywords\":[\"apropiadas\",\"dom\u00e9sticas\",\"EDADES\",\"TAREAS\"],\"articleSection\":[\"Bienestar Familiar\",\"Recursos\"],\"inLanguage\":\"es\",\"potentialAction\":[{\"@type\":\"CommentAction\",\"name\":\"Comment\",\"target\":[\"https:\\\/\\\/webdelmaestrocmf.com\\\/portal\\\/estas-son-las-edades-apropiadas-para-las-tareas-domesticas\\\/#respond\"]}]},{\"@type\":\"WebPage\",\"@id\":\"https:\\\/\\\/webdelmaestrocmf.com\\\/portal\\\/estas-son-las-edades-apropiadas-para-las-tareas-domesticas\\\/\",\"url\":\"https:\\\/\\\/webdelmaestrocmf.com\\\/portal\\\/estas-son-las-edades-apropiadas-para-las-tareas-domesticas\\\/\",\"name\":\"Est\u00e1s son las edades apropiadas para las tareas dom\u00e9sticas - 2026\",\"isPartOf\":{\"@id\":\"https:\\\/\\\/webdelmaestrocmf.com\\\/portal\\\/#website\"},\"primaryImageOfPage\":{\"@id\":\"https:\\\/\\\/webdelmaestrocmf.com\\\/portal\\\/estas-son-las-edades-apropiadas-para-las-tareas-domesticas\\\/#primaryimage\"},\"image\":{\"@id\":\"https:\\\/\\\/webdelmaestrocmf.com\\\/portal\\\/estas-son-las-edades-apropiadas-para-las-tareas-domesticas\\\/#primaryimage\"},\"thumbnailUrl\":\"https:\\\/\\\/webdelmaestrocmf.com\\\/portal\\\/wp-content\\\/uploads\\\/2021\\\/07\\\/1-132.jpg\",\"datePublished\":\"2021-07-25T00:00:49+00:00\",\"dateModified\":\"2022-08-13T03:14:57+00:00\",\"description\":\"Te has planteado alguna vez cual es la edad adecuada para empezar a ense\u00f1ar a tus hijos a realizar las tareas dom\u00e9sticas. Desde Im\u00e1genes...\",\"breadcrumb\":{\"@id\":\"https:\\\/\\\/webdelmaestrocmf.com\\\/portal\\\/estas-son-las-edades-apropiadas-para-las-tareas-domesticas\\\/#breadcrumb\"},\"inLanguage\":\"es\",\"potentialAction\":[{\"@type\":\"ReadAction\",\"target\":[\"https:\\\/\\\/webdelmaestrocmf.com\\\/portal\\\/estas-son-las-edades-apropiadas-para-las-tareas-domesticas\\\/\"]}]},{\"@type\":\"ImageObject\",\"inLanguage\":\"es\",\"@id\":\"https:\\\/\\\/webdelmaestrocmf.com\\\/portal\\\/estas-son-las-edades-apropiadas-para-las-tareas-domesticas\\\/#primaryimage\",\"url\":\"https:\\\/\\\/webdelmaestrocmf.com\\\/portal\\\/wp-content\\\/uploads\\\/2021\\\/07\\\/1-132.jpg\",\"contentUrl\":\"https:\\\/\\\/webdelmaestrocmf.com\\\/portal\\\/wp-content\\\/uploads\\\/2021\\\/07\\\/1-132.jpg\",\"width\":1100,\"height\":680},{\"@type\":\"BreadcrumbList\",\"@id\":\"https:\\\/\\\/webdelmaestrocmf.com\\\/portal\\\/estas-son-las-edades-apropiadas-para-las-tareas-domesticas\\\/#breadcrumb\",\"itemListElement\":[{\"@type\":\"ListItem\",\"position\":1,\"name\":\"Portada\",\"item\":\"https:\\\/\\\/webdelmaestrocmf.com\\\/portal\\\/\"},{\"@type\":\"ListItem\",\"position\":2,\"name\":\"Recursos\",\"item\":\"https:\\\/\\\/webdelmaestrocmf.com\\\/portal\\\/category\\\/pedagogia\\\/\"},{\"@type\":\"ListItem\",\"position\":3,\"name\":\"Est\u00e1s son las edades apropiadas para las tareas dom\u00e9sticas\"}]},{\"@type\":\"WebSite\",\"@id\":\"https:\\\/\\\/webdelmaestrocmf.com\\\/portal\\\/#website\",\"url\":\"https:\\\/\\\/webdelmaestrocmf.com\\\/portal\\\/\",\"name\":\"Web del Maestro CMF\",\"description\":\"Maestros al servicio de la educaci\u00f3n\",\"publisher\":{\"@id\":\"https:\\\/\\\/webdelmaestrocmf.com\\\/portal\\\/#organization\"},\"alternateName\":\"WMCMF\",\"potentialAction\":[{\"@type\":\"SearchAction\",\"target\":{\"@type\":\"EntryPoint\",\"urlTemplate\":\"https:\\\/\\\/webdelmaestrocmf.com\\\/portal\\\/?s={search_term_string}\"},\"query-input\":{\"@type\":\"PropertyValueSpecification\",\"valueRequired\":true,\"valueName\":\"search_term_string\"}}],\"inLanguage\":\"es\"},{\"@type\":\"Organization\",\"@id\":\"https:\\\/\\\/webdelmaestrocmf.com\\\/portal\\\/#organization\",\"name\":\"Web del Maestro CMF\",\"alternateName\":\"WMCMF\",\"url\":\"https:\\\/\\\/webdelmaestrocmf.com\\\/portal\\\/\",\"logo\":{\"@type\":\"ImageObject\",\"inLanguage\":\"es\",\"@id\":\"https:\\\/\\\/webdelmaestrocmf.com\\\/portal\\\/#\\\/schema\\\/logo\\\/image\\\/\",\"url\":\"https:\\\/\\\/webdelmaestrocmf.com\\\/portal\\\/wp-content\\\/uploads\\\/2023\\\/01\\\/logo-wmcmf-2.png\",\"contentUrl\":\"https:\\\/\\\/webdelmaestrocmf.com\\\/portal\\\/wp-content\\\/uploads\\\/2023\\\/01\\\/logo-wmcmf-2.png\",\"width\":200,\"height\":60,\"caption\":\"Web del Maestro CMF\"},\"image\":{\"@id\":\"https:\\\/\\\/webdelmaestrocmf.com\\\/portal\\\/#\\\/schema\\\/logo\\\/image\\\/\"},\"sameAs\":[\"https:\\\/\\\/www.facebook.com\\\/WebdelMaestroCMF\\\/\",\"https:\\\/\\\/x.com\\\/cmf_w\",\"https:\\\/\\\/www.pinterest.com\\\/WMCMF\\\/\",\"https:\\\/\\\/www.linkedin.com\\\/company\\\/web-del-maestro-cmf\\\/\",\"https:\\\/\\\/www.instagram.com\\\/wmcmf\\\/\",\"https:\\\/\\\/www.youtube.com\\\/channel\\\/UCDPSvjbdodE5sHnC3OxutHw\",\"https:\\\/\\\/mastodon.social\\\/@wmcmf\",\"https:\\\/\\\/www.tiktok.com\\\/@webdelmaestrocmf\"]},{\"@type\":\"Person\",\"@id\":\"https:\\\/\\\/webdelmaestrocmf.com\\\/portal\\\/#\\\/schema\\\/person\\\/1072a2ed7bd960df8ef99a551fa35dc5\",\"name\":\"Web del Maestro CMF\",\"image\":{\"@type\":\"ImageObject\",\"inLanguage\":\"es\",\"@id\":\"https:\\\/\\\/secure.gravatar.com\\\/avatar\\\/23291dd5b5ae1077dcff3dbb04c3e02bd28403fa75af6d8787d5e97c5bbbe30b?s=96&d=mm&r=g\",\"url\":\"https:\\\/\\\/secure.gravatar.com\\\/avatar\\\/23291dd5b5ae1077dcff3dbb04c3e02bd28403fa75af6d8787d5e97c5bbbe30b?s=96&d=mm&r=g\",\"contentUrl\":\"https:\\\/\\\/secure.gravatar.com\\\/avatar\\\/23291dd5b5ae1077dcff3dbb04c3e02bd28403fa75af6d8787d5e97c5bbbe30b?s=96&d=mm&r=g\",\"caption\":\"Web del Maestro CMF\"},\"description\":\"Esta Web se cre\u00f3 sin fines de lucro, con fines educativos, cient\u00edficos y acad\u00e9micos, para personas que tengan dificultades y\\\/o inconvenientes en visualizar el material original. El objetivo es entregar recursos, compartir experiencias y materiales que ayuden a los padres de familia, maestros y estudiantes en su actualizaci\u00f3n y formaci\u00f3n permanente, en bien de la Educaci\u00f3n.\",\"sameAs\":[\"http:\\\/\\\/webdelmaestrocmf.com\\\/portal\",\"https:\\\/\\\/www.facebook.com\\\/WebdelMaestroCMF\\\/\",\"https:\\\/\\\/www.instagram.com\\\/wmcmf\\\/\",\"https:\\\/\\\/cl.linkedin.com\\\/company\\\/web-del-maestro-cmf\",\"https:\\\/\\\/www.pinterest.com\\\/WMCMF\\\/publicaciones\\\/\",\"https:\\\/\\\/x.com\\\/cmf_w\",\"https:\\\/\\\/www.youtube.com\\\/@WMCMF\"]}]}<\/script>\n<!-- \/ Yoast SEO plugin. -->","yoast_head_json":{"title":"Est\u00e1s son las edades apropiadas para las tareas dom\u00e9sticas - 2026","description":"Te has planteado alguna vez cual es la edad adecuada para empezar a ense\u00f1ar a tus hijos a realizar las tareas dom\u00e9sticas. Desde Im\u00e1genes...","robots":{"index":"index","follow":"follow","max-snippet":"max-snippet:-1","max-image-preview":"max-image-preview:large","max-video-preview":"max-video-preview:-1"},"canonical":"https:\/\/webdelmaestrocmf.com\/portal\/estas-son-las-edades-apropiadas-para-las-tareas-domesticas\/","og_locale":"es_ES","og_type":"article","og_title":"Est\u00e1s son las edades apropiadas para las tareas dom\u00e9sticas - 2026","og_description":"Te has planteado alguna vez cual es la edad adecuada para empezar a ense\u00f1ar a tus hijos a realizar las tareas dom\u00e9sticas. Desde Im\u00e1genes...","og_url":"https:\/\/webdelmaestrocmf.com\/portal\/estas-son-las-edades-apropiadas-para-las-tareas-domesticas\/","og_site_name":"Web del Maestro CMF","article_publisher":"https:\/\/www.facebook.com\/WebdelMaestroCMF\/","article_author":"https:\/\/www.facebook.com\/WebdelMaestroCMF\/","article_published_time":"2021-07-25T00:00:49+00:00","article_modified_time":"2022-08-13T03:14:57+00:00","og_image":[{"width":1100,"height":680,"url":"https:\/\/i0.wp.com\/webdelmaestrocmf.com\/portal\/wp-content\/uploads\/2021\/07\/1-132.jpg?fit=1100%2C680&ssl=1","type":"image\/jpeg"}],"author":"Web del Maestro CMF","twitter_card":"summary_large_image","twitter_creator":"@cmf_w","twitter_site":"@cmf_w","schema":{"@context":"https:\/\/schema.org","@graph":[{"@type":"ScholarlyArticle","@id":"https:\/\/webdelmaestrocmf.com\/portal\/estas-son-las-edades-apropiadas-para-las-tareas-domesticas\/#article","isPartOf":{"@id":"https:\/\/webdelmaestrocmf.com\/portal\/estas-son-las-edades-apropiadas-para-las-tareas-domesticas\/"},"author":{"name":"Web del Maestro CMF","@id":"https:\/\/webdelmaestrocmf.com\/portal\/#\/schema\/person\/1072a2ed7bd960df8ef99a551fa35dc5"},"headline":"Est\u00e1s son las edades apropiadas para las tareas dom\u00e9sticas","datePublished":"2021-07-25T00:00:49+00:00","dateModified":"2022-08-13T03:14:57+00:00","mainEntityOfPage":{"@id":"https:\/\/webdelmaestrocmf.com\/portal\/estas-son-las-edades-apropiadas-para-las-tareas-domesticas\/"},"wordCount":519,"commentCount":0,"publisher":{"@id":"https:\/\/webdelmaestrocmf.com\/portal\/#organization"},"image":{"@id":"https:\/\/webdelmaestrocmf.com\/portal\/estas-son-las-edades-apropiadas-para-las-tareas-domesticas\/#primaryimage"},"thumbnailUrl":"https:\/\/webdelmaestrocmf.com\/portal\/wp-content\/uploads\/2021\/07\/1-132.jpg","keywords":["apropiadas","dom\u00e9sticas","EDADES","TAREAS"],"articleSection":["Bienestar Familiar","Recursos"],"inLanguage":"es","potentialAction":[{"@type":"CommentAction","name":"Comment","target":["https:\/\/webdelmaestrocmf.com\/portal\/estas-son-las-edades-apropiadas-para-las-tareas-domesticas\/#respond"]}]},{"@type":"WebPage","@id":"https:\/\/webdelmaestrocmf.com\/portal\/estas-son-las-edades-apropiadas-para-las-tareas-domesticas\/","url":"https:\/\/webdelmaestrocmf.com\/portal\/estas-son-las-edades-apropiadas-para-las-tareas-domesticas\/","name":"Est\u00e1s son las edades apropiadas para las tareas dom\u00e9sticas - 2026","isPartOf":{"@id":"https:\/\/webdelmaestrocmf.com\/portal\/#website"},"primaryImageOfPage":{"@id":"https:\/\/webdelmaestrocmf.com\/portal\/estas-son-las-edades-apropiadas-para-las-tareas-domesticas\/#primaryimage"},"image":{"@id":"https:\/\/webdelmaestrocmf.com\/portal\/estas-son-las-edades-apropiadas-para-las-tareas-domesticas\/#primaryimage"},"thumbnailUrl":"https:\/\/webdelmaestrocmf.com\/portal\/wp-content\/uploads\/2021\/07\/1-132.jpg","datePublished":"2021-07-25T00:00:49+00:00","dateModified":"2022-08-13T03:14:57+00:00","description":"Te has planteado alguna vez cual es la edad adecuada para empezar a ense\u00f1ar a tus hijos a realizar las tareas dom\u00e9sticas. Desde Im\u00e1genes...","breadcrumb":{"@id":"https:\/\/webdelmaestrocmf.com\/portal\/estas-son-las-edades-apropiadas-para-las-tareas-domesticas\/#breadcrumb"},"inLanguage":"es","potentialAction":[{"@type":"ReadAction","target":["https:\/\/webdelmaestrocmf.com\/portal\/estas-son-las-edades-apropiadas-para-las-tareas-domesticas\/"]}]},{"@type":"ImageObject","inLanguage":"es","@id":"https:\/\/webdelmaestrocmf.com\/portal\/estas-son-las-edades-apropiadas-para-las-tareas-domesticas\/#primaryimage","url":"https:\/\/webdelmaestrocmf.com\/portal\/wp-content\/uploads\/2021\/07\/1-132.jpg","contentUrl":"https:\/\/webdelmaestrocmf.com\/portal\/wp-content\/uploads\/2021\/07\/1-132.jpg","width":1100,"height":680},{"@type":"BreadcrumbList","@id":"https:\/\/webdelmaestrocmf.com\/portal\/estas-son-las-edades-apropiadas-para-las-tareas-domesticas\/#breadcrumb","itemListElement":[{"@type":"ListItem","position":1,"name":"Portada","item":"https:\/\/webdelmaestrocmf.com\/portal\/"},{"@type":"ListItem","position":2,"name":"Recursos","item":"https:\/\/webdelmaestrocmf.com\/portal\/category\/pedagogia\/"},{"@type":"ListItem","position":3,"name":"Est\u00e1s son las edades apropiadas para las tareas dom\u00e9sticas"}]},{"@type":"WebSite","@id":"https:\/\/webdelmaestrocmf.com\/portal\/#website","url":"https:\/\/webdelmaestrocmf.com\/portal\/","name":"Web del Maestro CMF","description":"Maestros al servicio de la educaci\u00f3n","publisher":{"@id":"https:\/\/webdelmaestrocmf.com\/portal\/#organization"},"alternateName":"WMCMF","potentialAction":[{"@type":"SearchAction","target":{"@type":"EntryPoint","urlTemplate":"https:\/\/webdelmaestrocmf.com\/portal\/?s={search_term_string}"},"query-input":{"@type":"PropertyValueSpecification","valueRequired":true,"valueName":"search_term_string"}}],"inLanguage":"es"},{"@type":"Organization","@id":"https:\/\/webdelmaestrocmf.com\/portal\/#organization","name":"Web del Maestro CMF","alternateName":"WMCMF","url":"https:\/\/webdelmaestrocmf.com\/portal\/","logo":{"@type":"ImageObject","inLanguage":"es","@id":"https:\/\/webdelmaestrocmf.com\/portal\/#\/schema\/logo\/image\/","url":"https:\/\/webdelmaestrocmf.com\/portal\/wp-content\/uploads\/2023\/01\/logo-wmcmf-2.png","contentUrl":"https:\/\/webdelmaestrocmf.com\/portal\/wp-content\/uploads\/2023\/01\/logo-wmcmf-2.png","width":200,"height":60,"caption":"Web del Maestro CMF"},"image":{"@id":"https:\/\/webdelmaestrocmf.com\/portal\/#\/schema\/logo\/image\/"},"sameAs":["https:\/\/www.facebook.com\/WebdelMaestroCMF\/","https:\/\/x.com\/cmf_w","https:\/\/www.pinterest.com\/WMCMF\/","https:\/\/www.linkedin.com\/company\/web-del-maestro-cmf\/","https:\/\/www.instagram.com\/wmcmf\/","https:\/\/www.youtube.com\/channel\/UCDPSvjbdodE5sHnC3OxutHw","https:\/\/mastodon.social\/@wmcmf","https:\/\/www.tiktok.com\/@webdelmaestrocmf"]},{"@type":"Person","@id":"https:\/\/webdelmaestrocmf.com\/portal\/#\/schema\/person\/1072a2ed7bd960df8ef99a551fa35dc5","name":"Web del Maestro CMF","image":{"@type":"ImageObject","inLanguage":"es","@id":"https:\/\/secure.gravatar.com\/avatar\/23291dd5b5ae1077dcff3dbb04c3e02bd28403fa75af6d8787d5e97c5bbbe30b?s=96&d=mm&r=g","url":"https:\/\/secure.gravatar.com\/avatar\/23291dd5b5ae1077dcff3dbb04c3e02bd28403fa75af6d8787d5e97c5bbbe30b?s=96&d=mm&r=g","contentUrl":"https:\/\/secure.gravatar.com\/avatar\/23291dd5b5ae1077dcff3dbb04c3e02bd28403fa75af6d8787d5e97c5bbbe30b?s=96&d=mm&r=g","caption":"Web del Maestro CMF"},"description":"Esta Web se cre\u00f3 sin fines de lucro, con fines educativos, cient\u00edficos y acad\u00e9micos, para personas que tengan dificultades y\/o inconvenientes en visualizar el material original. El objetivo es entregar recursos, compartir experiencias y materiales que ayuden a los padres de familia, maestros y estudiantes en su actualizaci\u00f3n y formaci\u00f3n permanente, en bien de la Educaci\u00f3n.","sameAs":["http:\/\/webdelmaestrocmf.com\/portal","https:\/\/www.facebook.com\/WebdelMaestroCMF\/","https:\/\/www.instagram.com\/wmcmf\/","https:\/\/cl.linkedin.com\/company\/web-del-maestro-cmf","https:\/\/www.pinterest.com\/WMCMF\/publicaciones\/","https:\/\/x.com\/cmf_w","https:\/\/www.youtube.com\/@WMCMF"]}]}},"jetpack_featured_media_url":"https:\/\/webdelmaestrocmf.com\/portal\/wp-content\/uploads\/2021\/07\/1-132.jpg","jetpack_sharing_enabled":true,"jetpack-related-posts":[{"id":114802,"url":"https:\/\/webdelmaestrocmf.com\/portal\/la-participacion-de-los-ninos-en-las-tareas-del-hogar-evidencia-cientifica-sobre-su-impacto-en-el-desarrollo-integral\/","url_meta":{"origin":65669,"position":0},"title":"La participaci\u00f3n de los ni\u00f1os en las tareas del hogar: evidencia cient\u00edfica sobre su impacto en el desarrollo integral","author":"Web del Maestro CMF","date":"16 enero, 2026","format":false,"excerpt":"La participaci\u00f3n de los ni\u00f1os en las tareas del hogar ha sido tradicionalmente un tema pol\u00e9mico en contextos familiares y educativos. Mientras algunos adultos lo perciben como una \u201cobligaci\u00f3n\u201d o una carga, diversas investigaciones en psicolog\u00eda del desarrollo, educaci\u00f3n familiar y ciencias sociales han demostrado que esta pr\u00e1ctica \u2014cuando se\u2026","rel":"","context":"En \u00abBienestar Familiar\u00bb","block_context":{"text":"Bienestar Familiar","link":"https:\/\/webdelmaestrocmf.com\/portal\/category\/pedagogia\/bienestar-familiar\/"},"img":{"alt_text":"","src":"https:\/\/i0.wp.com\/webdelmaestrocmf.com\/portal\/wp-content\/uploads\/2026\/01\/1A-Banner-1-portada-imagen-10-1-copia-14.webp?resize=350%2C200&ssl=1","width":350,"height":200,"srcset":"https:\/\/i0.wp.com\/webdelmaestrocmf.com\/portal\/wp-content\/uploads\/2026\/01\/1A-Banner-1-portada-imagen-10-1-copia-14.webp?resize=350%2C200&ssl=1 1x, https:\/\/i0.wp.com\/webdelmaestrocmf.com\/portal\/wp-content\/uploads\/2026\/01\/1A-Banner-1-portada-imagen-10-1-copia-14.webp?resize=525%2C300&ssl=1 1.5x, https:\/\/i0.wp.com\/webdelmaestrocmf.com\/portal\/wp-content\/uploads\/2026\/01\/1A-Banner-1-portada-imagen-10-1-copia-14.webp?resize=700%2C400&ssl=1 2x"},"classes":[]},{"id":16293,"url":"https:\/\/webdelmaestrocmf.com\/portal\/tareas-puede-hacer-su-hijo-segun-su-edad\/","url_meta":{"origin":65669,"position":1},"title":"Tabla Montessori: Descubre qu\u00e9 tareas puede hacer tu hijo solo seg\u00fan su edad","author":"Web del Maestro CMF","date":"18 octubre, 2024","format":false,"excerpt":"Las tareas que debe realizar un ni\u00f1o o adolescente depende de muchas variables: maduraci\u00f3n del ni\u00f1o, conocimientos, educaci\u00f3n de los padres, entorno en el que vive, n\u00famero de hermanos, ambiente afectivo, relaciones sociales, ..., sin embargo, seg\u00fan los expertos, los padres apenas exigen tareas a sus hijos ni a edades\u2026","rel":"","context":"En \u00abEducaci\u00f3n y Familia\u00bb","block_context":{"text":"Educaci\u00f3n y Familia","link":"https:\/\/webdelmaestrocmf.com\/portal\/category\/pedagogia\/educacion-y-familia\/"},"img":{"alt_text":"","src":"https:\/\/i0.wp.com\/webdelmaestrocmf.com\/portal\/wp-content\/uploads\/2021\/12\/Banner-1-portada-imagen-10-1-45.jpg?resize=350%2C200&ssl=1","width":350,"height":200,"srcset":"https:\/\/i0.wp.com\/webdelmaestrocmf.com\/portal\/wp-content\/uploads\/2021\/12\/Banner-1-portada-imagen-10-1-45.jpg?resize=350%2C200&ssl=1 1x, https:\/\/i0.wp.com\/webdelmaestrocmf.com\/portal\/wp-content\/uploads\/2021\/12\/Banner-1-portada-imagen-10-1-45.jpg?resize=525%2C300&ssl=1 1.5x, https:\/\/i0.wp.com\/webdelmaestrocmf.com\/portal\/wp-content\/uploads\/2021\/12\/Banner-1-portada-imagen-10-1-45.jpg?resize=700%2C400&ssl=1 2x"},"classes":[]},{"id":114781,"url":"https:\/\/webdelmaestrocmf.com\/portal\/mama-furiosa-reclama-a-maestra-por-la-tarea-que-dejo\/","url_meta":{"origin":65669,"position":2},"title":"Mam\u00e1 furiosa reclama a maestra por la tarea que dej\u00f3","author":"Web del Maestro CMF","date":"16 enero, 2026","format":false,"excerpt":"tareas escolares, educaci\u00f3n, familia y escuela, aprendizaje infantil, psicolog\u00eda educativa, neuroeducaci\u00f3n, h\u00e1bitos de estudio, bienestar infantil, docencia, crianza responsable...","rel":"","context":"En \u00abNoticias Internacionales\u00bb","block_context":{"text":"Noticias Internacionales","link":"https:\/\/webdelmaestrocmf.com\/portal\/category\/noticias-internacionales\/"},"img":{"alt_text":"","src":"https:\/\/i0.wp.com\/webdelmaestrocmf.com\/portal\/wp-content\/uploads\/2026\/01\/1AA-Banner-1-portada-imagen-10-1-copia-11.webp?resize=350%2C200&ssl=1","width":350,"height":200,"srcset":"https:\/\/i0.wp.com\/webdelmaestrocmf.com\/portal\/wp-content\/uploads\/2026\/01\/1AA-Banner-1-portada-imagen-10-1-copia-11.webp?resize=350%2C200&ssl=1 1x, https:\/\/i0.wp.com\/webdelmaestrocmf.com\/portal\/wp-content\/uploads\/2026\/01\/1AA-Banner-1-portada-imagen-10-1-copia-11.webp?resize=525%2C300&ssl=1 1.5x, https:\/\/i0.wp.com\/webdelmaestrocmf.com\/portal\/wp-content\/uploads\/2026\/01\/1AA-Banner-1-portada-imagen-10-1-copia-11.webp?resize=700%2C400&ssl=1 2x, https:\/\/i0.wp.com\/webdelmaestrocmf.com\/portal\/wp-content\/uploads\/2026\/01\/1AA-Banner-1-portada-imagen-10-1-copia-11.webp?resize=1050%2C600&ssl=1 3x"},"classes":[]},{"id":43286,"url":"https:\/\/webdelmaestrocmf.com\/portal\/deberiamos-reformular-la-practica-de-los-deberes-escolares-para-la-casa-y-o-en-vacaciones-parte-i\/","url_meta":{"origin":65669,"position":3},"title":"\u00bfDeber\u00edamos reformular la pr\u00e1ctica de los deberes escolares para la casa y\/o en vacaciones? (Parte I)","author":"Web del Maestro CMF","date":"4 enero, 2022","format":false,"excerpt":"En m\u00e1s de un espacio educativo del mundo, -quiz\u00e1 en el suyo-, sin distinci\u00f3n del sistema educativo o su ubicaci\u00f3n en PISA\u00a0 se contin\u00faa debatiendo sobre la necesidad de poner l\u00edmites o \u201cdesterrar\u201d las tareas escolares, cuyo objetivo principal se plantea como un \u201cpracticar y revisar el material de aprendizaje\u2026","rel":"","context":"En \u00abYo opino - WMCMF\u00bb","block_context":{"text":"Yo opino - WMCMF","link":"https:\/\/webdelmaestrocmf.com\/portal\/category\/jamb\/"},"img":{"alt_text":"","src":"https:\/\/i0.wp.com\/webdelmaestrocmf.com\/portal\/wp-content\/uploads\/2020\/01\/1-122.jpg?resize=350%2C200&ssl=1","width":350,"height":200,"srcset":"https:\/\/i0.wp.com\/webdelmaestrocmf.com\/portal\/wp-content\/uploads\/2020\/01\/1-122.jpg?resize=350%2C200&ssl=1 1x, https:\/\/i0.wp.com\/webdelmaestrocmf.com\/portal\/wp-content\/uploads\/2020\/01\/1-122.jpg?resize=525%2C300&ssl=1 1.5x, https:\/\/i0.wp.com\/webdelmaestrocmf.com\/portal\/wp-content\/uploads\/2020\/01\/1-122.jpg?resize=700%2C400&ssl=1 2x, https:\/\/i0.wp.com\/webdelmaestrocmf.com\/portal\/wp-content\/uploads\/2020\/01\/1-122.jpg?resize=1050%2C600&ssl=1 3x"},"classes":[]},{"id":54529,"url":"https:\/\/webdelmaestrocmf.com\/portal\/como-lograr-que-tu-hijo-ponga-atencion-con-los-siguientes-actividades-y-consejos\/","url_meta":{"origin":65669,"position":4},"title":"C\u00f3mo lograr que tu hijo ponga atenci\u00f3n","author":"Web del Maestro CMF","date":"24 marzo, 2022","format":false,"excerpt":"\u00bfTu hijo se distrae mucho y ya no sabes qu\u00e9 hacer? Practica estos ejercicios para mejorar su atenci\u00f3n y rendimiento escolar. Cada d\u00eda que enviamos a nuestros hijos a la escuela les damos la misma recomendaci\u00f3n: \u201cPon atenci\u00f3n a la maestra (o)\u201d, \u201c No te distraigas\u201d y en m\u00e1s de\u2026","rel":"","context":"En \u00abBienestar Familiar\u00bb","block_context":{"text":"Bienestar Familiar","link":"https:\/\/webdelmaestrocmf.com\/portal\/category\/pedagogia\/bienestar-familiar\/"},"img":{"alt_text":"","src":"https:\/\/i0.wp.com\/webdelmaestrocmf.com\/portal\/wp-content\/uploads\/2020\/11\/1-10.jpeg?resize=350%2C200&ssl=1","width":350,"height":200,"srcset":"https:\/\/i0.wp.com\/webdelmaestrocmf.com\/portal\/wp-content\/uploads\/2020\/11\/1-10.jpeg?resize=350%2C200&ssl=1 1x, https:\/\/i0.wp.com\/webdelmaestrocmf.com\/portal\/wp-content\/uploads\/2020\/11\/1-10.jpeg?resize=525%2C300&ssl=1 1.5x, https:\/\/i0.wp.com\/webdelmaestrocmf.com\/portal\/wp-content\/uploads\/2020\/11\/1-10.jpeg?resize=700%2C400&ssl=1 2x, https:\/\/i0.wp.com\/webdelmaestrocmf.com\/portal\/wp-content\/uploads\/2020\/11\/1-10.jpeg?resize=1050%2C600&ssl=1 3x"},"classes":[]},{"id":67526,"url":"https:\/\/webdelmaestrocmf.com\/portal\/que-puedo-esperar-de-mi-hijo-disciplina-y-limites-para-el-nino-segun-su-edad\/","url_meta":{"origin":65669,"position":5},"title":"Disciplina y l\u00edmites para el ni\u00f1o seg\u00fan su edad","author":"Web del Maestro CMF","date":"4 febrero, 2024","format":false,"excerpt":"Saber exactamente de qu\u00e9 son capaces los hijos es una preocupaci\u00f3n com\u00fan entre los padres. Distintas culturas, distintas expectativas por parte de los padres e informaciones contradictorias pueden hacer que sea dif\u00edcil saber\u00a0qu\u00e9 l\u00edmites se han de poner a su comportamiento y cu\u00e1ndo hemos de esperar que los hijos respeten\u2026","rel":"","context":"En \u00abEducaci\u00f3n y Familia\u00bb","block_context":{"text":"Educaci\u00f3n y Familia","link":"https:\/\/webdelmaestrocmf.com\/portal\/category\/pedagogia\/educacion-y-familia\/"},"img":{"alt_text":"","src":"https:\/\/i0.wp.com\/webdelmaestrocmf.com\/portal\/wp-content\/uploads\/2021\/09\/Banner-1-portada-imagen-10-1.jpg?resize=350%2C200&ssl=1","width":350,"height":200,"srcset":"https:\/\/i0.wp.com\/webdelmaestrocmf.com\/portal\/wp-content\/uploads\/2021\/09\/Banner-1-portada-imagen-10-1.jpg?resize=350%2C200&ssl=1 1x, https:\/\/i0.wp.com\/webdelmaestrocmf.com\/portal\/wp-content\/uploads\/2021\/09\/Banner-1-portada-imagen-10-1.jpg?resize=525%2C300&ssl=1 1.5x, https:\/\/i0.wp.com\/webdelmaestrocmf.com\/portal\/wp-content\/uploads\/2021\/09\/Banner-1-portada-imagen-10-1.jpg?resize=700%2C400&ssl=1 2x"},"classes":[]}],"_links":{"self":[{"href":"https:\/\/webdelmaestrocmf.com\/portal\/wp-json\/wp\/v2\/posts\/65669","targetHints":{"allow":["GET"]}}],"collection":[{"href":"https:\/\/webdelmaestrocmf.com\/portal\/wp-json\/wp\/v2\/posts"}],"about":[{"href":"https:\/\/webdelmaestrocmf.com\/portal\/wp-json\/wp\/v2\/types\/post"}],"author":[{"embeddable":true,"href":"https:\/\/webdelmaestrocmf.com\/portal\/wp-json\/wp\/v2\/users\/1"}],"replies":[{"embeddable":true,"href":"https:\/\/webdelmaestrocmf.com\/portal\/wp-json\/wp\/v2\/comments?post=65669"}],"version-history":[{"count":0,"href":"https:\/\/webdelmaestrocmf.com\/portal\/wp-json\/wp\/v2\/posts\/65669\/revisions"}],"wp:featuredmedia":[{"embeddable":true,"href":"https:\/\/webdelmaestrocmf.com\/portal\/wp-json\/wp\/v2\/media\/65680"}],"wp:attachment":[{"href":"https:\/\/webdelmaestrocmf.com\/portal\/wp-json\/wp\/v2\/media?parent=65669"}],"wp:term":[{"taxonomy":"category","embeddable":true,"href":"https:\/\/webdelmaestrocmf.com\/portal\/wp-json\/wp\/v2\/categories?post=65669"},{"taxonomy":"post_tag","embeddable":true,"href":"https:\/\/webdelmaestrocmf.com\/portal\/wp-json\/wp\/v2\/tags?post=65669"}],"curies":[{"name":"wp","href":"https:\/\/api.w.org\/{rel}","templated":true}]}}