{"id":65510,"date":"2021-07-19T20:26:07","date_gmt":"2021-07-20T00:26:07","guid":{"rendered":"https:\/\/webdelmaestrocmf.com\/portal\/?p=65510"},"modified":"2021-07-20T10:35:19","modified_gmt":"2021-07-20T14:35:19","slug":"la-actitud-hacia-la-diversidad-escolar-como-generadora-de-barreras-para-el-aprendizaje","status":"publish","type":"post","link":"https:\/\/webdelmaestrocmf.com\/portal\/la-actitud-hacia-la-diversidad-escolar-como-generadora-de-barreras-para-el-aprendizaje\/","title":{"rendered":"La actitud hacia la diversidad escolar como generadora de barreras para el aprendizaje"},"content":{"rendered":"<h5 style=\"text-align: justify;\">Bajo el enfoque de la educaci\u00f3n inclusiva se ha generado el concepto de barreras para el aprendizaje y la participaci\u00f3n como un mecanismo que moviliza los paradigmas en educaci\u00f3n y, a su vez, como la v\u00eda para caminar hacia la eliminaci\u00f3n de pr\u00e1cticas educativas que han generado segregaci\u00f3n, discriminaci\u00f3n o exclusi\u00f3n en las escuelas con respecto a los grupos m\u00e1s vulnerables o en situaci\u00f3n de riesgo. Este concepto fue definido inicialmente por Tony Booth y Mel Ainscow (entre otros) en el a\u00f1o 1999 y forma parte del documento Index for inclusion, traducido al castellano como el \u00cdndice para la inclusi\u00f3n o Gu\u00eda para la educaci\u00f3n inclusiva (Booth y Ainscow, 2000).<\/h5>\n<p><!--more--><\/p>\n<p style=\"text-align: justify;\">A continuaci\u00f3n compartimos con fines \u00fanicamente educativos y de formaci\u00f3n permanente, la publicaci\u00f3n del Profesor\u00a0<strong>Arturo Barraza Mac\u00edas<\/strong>, en donde nos ofrece su punto de vista y que nos puede servir de reflexi\u00f3n a toda la comunidad docente. Esperamos que el siguiente material sea de utilidad.<\/p>\n<h5 style=\"text-align: left;\">La actitud hacia la diversidad escolar como generadora de barreras para el aprendizaje<\/h5>\n<p style=\"text-align: justify;\">En la <a href=\"https:\/\/educomentarios-barraza.blogspot.com\/2021\/06\/la-metodologia-didactica-como-barrera.html\" target=\"_blank\" rel=\"noopener\">entrada del 27 de junio de este blog habl\u00e9 sobre\u00a0la pertinencia de construir nuestra propia tipolog\u00eda de barreras para el aprendizaje<\/a> y la participaci\u00f3n con base en dos argumentos:<\/p>\n<ol>\n<li style=\"text-align: justify;\">Las dimensiones y secciones planteadas por Aincow y Booth, en su \u00edndice de inclusi\u00f3n, surgen y se validan en el contexto metodol\u00f3gico de una investigaci\u00f3n acci\u00f3n que, como todos sabemos, no es generalizable, y<\/li>\n<li style=\"text-align: justify;\">La investigaci\u00f3n acci\u00f3n realizada por estos autores tuvo lugar en el Reino Unido cuyo sistema educativo abierto, en t\u00e9rminos curriculares y de gesti\u00f3n, lo aleja del sistema educativo mexicano altamente centralizado y cerrado.<\/li>\n<\/ol>\n<p style=\"text-align: justify;\">En esa entrada habl\u00e9 de lo que, desde mi perspectiva, es una de las principales barreras para el aprendizaje y la participaci\u00f3n: la metodolog\u00eda did\u00e1ctica homogeneizadora; sin embargo, al analizar\u00a0las posibilidades reales de un\u00a0cambio record\u00e9 a Rafael Porl\u00e1n que, en su libro cl\u00e1sico EL DIARIO DEL PROFESOR, afirmaba\u00a0que para que\u00a0se diera un cambio en las pr\u00e1cticas de los docentes primeros\u00a0se deber\u00edan de cambiar sus creencias.<\/p>\n<p><img loading=\"lazy\" decoding=\"async\" class=\"alignnone size-full wp-image-65513\" src=\"https:\/\/webdelmaestrocmf.com\/portal\/wp-content\/uploads\/2021\/07\/1-105.jpg\" alt=\"\" width=\"800\" height=\"533\" srcset=\"https:\/\/webdelmaestrocmf.com\/portal\/wp-content\/uploads\/2021\/07\/1-105.jpg 800w, https:\/\/webdelmaestrocmf.com\/portal\/wp-content\/uploads\/2021\/07\/1-105-300x200.jpg 300w, https:\/\/webdelmaestrocmf.com\/portal\/wp-content\/uploads\/2021\/07\/1-105-768x512.jpg 768w, https:\/\/webdelmaestrocmf.com\/portal\/wp-content\/uploads\/2021\/07\/1-105-110x73.jpg 110w, https:\/\/webdelmaestrocmf.com\/portal\/wp-content\/uploads\/2021\/07\/1-105-200x133.jpg 200w, https:\/\/webdelmaestrocmf.com\/portal\/wp-content\/uploads\/2021\/07\/1-105-380x253.jpg 380w, https:\/\/webdelmaestrocmf.com\/portal\/wp-content\/uploads\/2021\/07\/1-105-255x170.jpg 255w, https:\/\/webdelmaestrocmf.com\/portal\/wp-content\/uploads\/2021\/07\/1-105-550x366.jpg 550w, https:\/\/webdelmaestrocmf.com\/portal\/wp-content\/uploads\/2021\/07\/1-105-220x147.jpg 220w, https:\/\/webdelmaestrocmf.com\/portal\/wp-content\/uploads\/2021\/07\/1-105-400x267.jpg 400w, https:\/\/webdelmaestrocmf.com\/portal\/wp-content\/uploads\/2021\/07\/1-105-760x506.jpg 760w, https:\/\/webdelmaestrocmf.com\/portal\/wp-content\/uploads\/2021\/07\/1-105-510x340.jpg 510w, https:\/\/webdelmaestrocmf.com\/portal\/wp-content\/uploads\/2021\/07\/1-105-600x400.jpg 600w\" sizes=\"auto, (max-width: 800px) 100vw, 800px\" \/><\/p>\n<p style=\"text-align: justify;\">Esto me condujo a pensar en un nuevo constructo como lo ser\u00eda la ACTITUD HACIA LA DIVERSIDAD ESCOLAR, en el entendido de que:<\/p>\n<ol>\n<li style=\"text-align: justify;\">La actitud es un aspecto predisponente\u00a0 de la acci\u00f3n, ya que determina la disposici\u00f3n, motivaci\u00f3n y compromiso con la consecuci\u00f3n de una actividad,<\/li>\n<li style=\"text-align: justify;\">La actitud es el conjunto de creencias y valores\u00a0 que son relativamente estables a los largo del tiempo,<\/li>\n<li style=\"text-align: justify;\">La diversidad, llevada al \u00e1mbito escolar, gira alrededor del aprendizaje por lo que se puede hablar de diversidad con relaci\u00f3n al nivel de los conocimientos previos de los alumnos, de sus estilos de aprendizaje, de las estrategias de aprendizaje que utilizan, de las habilidades metacognitivas que ponen en juego, etc. y<\/li>\n<li style=\"text-align: justify;\">La diversidad que nos interesa en el \u00e1mbito escolar es la diversidad cognitiva.<\/li>\n<\/ol>\n<p style=\"text-align: justify;\">Sin embargo, este nuevo constructo debe\u00a0tener su instrumento que permita su\u00a0 medici\u00f3n y por lo tanto ayude a determinar\u00a0si existe como barrera para el aprendizaje y la participaci\u00f3n.<\/p>\n<p style=\"text-align: justify;\">Con base en esa idea me di a la tarea de construir una ESCALA DE ACTITUD HACIA LA DIVERSIDAD ESCOLAR que en esta ocasi\u00f3n me permito present\u00e1rselas. Esta escala consta de 14 \u00edtems:<\/p>\n<ol>\n<li style=\"text-align: justify;\">Todos mis alumnos deben alcanzar necesariamente los objetivos propuestos por el programa de estudio,<\/li>\n<li style=\"text-align: justify;\">El contenido de aprendizaje propuesto por el programa de estudios es el adecuado para todos mis alumnos.<\/li>\n<li style=\"text-align: justify;\">Las actividades de aprendizaje que utilizo son efectivas para todos mis alumnos.<\/li>\n<li style=\"text-align: justify;\">El usar un solo tipo de recursos para el aprendizaje con todo mi grupo es la manera correcta de trabajar.<\/li>\n<li style=\"text-align: justify;\">Es necesario evaluar igual a todos mis alumnos.<\/li>\n<li style=\"text-align: justify;\">Es bueno tener un solo tipo de objetivos para todos mis alumnos.<\/li>\n<li style=\"text-align: justify;\">Un solo tipo de actividad para todos mis alumnos es una buena manera de trabajar con ellos.<\/li>\n<li style=\"text-align: justify;\">Se debe dise\u00f1ar una secuencia did\u00e1ctica con un solo tipo de actividades para todo el grupo.<\/li>\n<li style=\"text-align: justify;\">Es bueno evaluar a todo el grupo con el mismo instrumento de evaluaci\u00f3n.<\/li>\n<li style=\"text-align: justify;\">Se logra mayor efectividad si se utiliza un solo tipo de metodolog\u00eda para todo el grupo.<\/li>\n<li style=\"text-align: justify;\">No se deben hacer adaptaciones a los contenidos de aprendizaje propuestos por el programa de estudios.<\/li>\n<li style=\"text-align: justify;\">El material did\u00e1ctico que utilizo debe ser igual para todo el grupo.<\/li>\n<li style=\"text-align: justify;\">Se debe utilizar el mismo m\u00e9todo para propiciar el aprendizaje con todos los alumnos.<\/li>\n<li style=\"text-align: justify;\">Lo m\u00e1s importante para mi labor docente es lograr los objetivos que me propone el programa de estudios.<\/li>\n<\/ol>\n<p style=\"text-align: justify;\">Estos 14 \u00edtems\u00a0pueden\u00a0ser respondidos mediante un escalamiento\u00a0tipo Likert de cuatro valores: Totalmente en desacuerdo, En desacuerdo, De acuerdo y Totalmente de acuerdo. Estos\u00a0valores se codifican con los n\u00fameros\u00a00, 1, 2 y 3 para poder obtener\u00a0la media correspondiente, Una vez obtenida la media se multiplica por 33 y el resultado es el porcentaje\u00a0obtenido\u00a0que se puede interpretar con este baremo normativo de car\u00e1cter provisional:<\/p>\n<ul>\n<li style=\"text-align: justify;\">De cero a 24% (<b>actitud positiva hacia la diversidad escolar:<\/b>\u00a0este tipo de actitud se deriva de las siguientes creencias que, en mayor o menor medida, compartir\u00edan sus poseedores: La diversidad de alumnos es una realidad en mi grupo escolar; la diversidad de caracter\u00edsticas de mis alumnos me obliga a que piense en una forma diferente de trabajar con ellos para atender a esa diversidad).<\/li>\n<li style=\"text-align: justify;\">De 25% a37% (actitud neutra)<\/li>\n<li style=\"text-align: justify;\">De 38% al 1&#8217;00% (<b>actitud negativa hacia la diversidad escolar<\/b>: este tipo de actitud se deriva de las siguientes creencias que, en mayor o menor medida,\u00a0 compartir\u00edan sus poseedores: La diversidad que se encuentra presente en mi grupo no es tan marcada ni amerita prestarle una atenci\u00f3n especial; la diversidad presente en mis alumnos no\u00a0 necesariamente me obliga\u00a0 que piense en una forma diferente de trabajar con ellos).<\/li>\n<\/ul>\n<p style=\"text-align: justify;\">Esta escala presenta\u00a0una confiabilidad\u00a0en alfa de Cronbach de .91 y sus \u00edtems\u00a0presentan un nivel de discriminaci\u00f3n\u00a0adecuado\u00a0(<i>p<\/i>&lt;.001) y una buena correlaci\u00f3n \u00edtem-test (<i>p<\/i>&lt;.001). El proceso\u00a0completo de construcci\u00f3n y validaci\u00f3n de esta escala lo publicar\u00e9 en fecha pr\u00f3xima.<\/p>\n<p style=\"text-align: justify;\">Esta escala puede ser utilizada\u00a0tanto con fines de investigaci\u00f3n, como con fines de diagn\u00f3stico. En el segundo caso se puede aplicar a los colectivos escolares de las escuelas\u00a0para determinar\u00a0si existe una actitud negativa a la diversidad\u00a0escolar\u00a0\u00a0y, por ende, la necesidad de trabajar al respecto.<\/p>\n<p><strong>Este contenido ha sido publicado originalmente por <a href=\"http:\/\/educomentarios-barraza.blogspot.com\" target=\"_blank\" rel=\"noopener\">educomentarios-barraza.blogspot.com en<\/a><\/strong><\/p>\n<p style=\"text-align: center;\">Recomendamos a la Comunidad Educativa Digital tener en cuenta que, el enlace y\/o la carpeta en donde est\u00e1n alojados los libros, recursos y\/o materiales, no es administrado por la Web del Maestro CMF, pueda ser que en cuesti\u00f3n de d\u00edas (o seg\u00fan el tiempo transcurrido desde su publicaci\u00f3n), los enlaces no funcionen y el material ya no se encuentre disponible. Gracias por su comprensi\u00f3n.<\/p>\n<h3>ENLACE DE LECTURA:<\/h3>\n<p style=\"text-align: center;\">\u00a1Comparte y as\u00ed m\u00e1s docentes utilizar\u00e1n estos recursos\u00a0gratis! Muchas gracias.<\/p>\n<p style=\"text-align: center;\"><span style=\"color: #000000;\">LECTURA 1: <a style=\"color: #000000;\" href=\"http:\/\/ensech.edu.mx\/pdf\/maestria\/libro4\/TP04-2-05-Covarrubias.pdf\" target=\"_blank\" rel=\"noopener\">BARRERAS PARA EL APRENDIZAJE Y LA PARTICIPACI\u00d3N: UNA PROPUESTA PARA SU CLASIFICACI\u00d3N<\/a><\/span><\/p>\n\t\t<div class=\"pk-inline-posts\">\n\t\t\t\n\t\t\t<div class=\"pk-inline-posts-container pk-inline-posts-template-list\"\n\t\t\t\tdata-columns=\"1\">\n\t\t\t\t\t\t<article id=\"post-114355\" class=\"post-114355 post type-post status-publish format-standard has-post-thumbnail category-docentes category-noticias-pedagogia category-pedagogia tag-derechos-del-nino tag-docentes-en-redes-sociales tag-educacion-responsable tag-etica-docente tag-legislacion-educativa tag-privacidad-infantil tag-profesores-influencers tag-proteccion-de-datos tag-uso-de-imagen cs-entry cs-video-wrap\">\n\t\t\t<div class=\"pk-post-outer\">\n\n\t\t\t\t\t\t\t\t<div class=\"pk-post-inner\">\n\t\t\t\t\t<div class=\"entry-thumbnail\">\n\t\t\t\t\t\t<div class=\"pk-overlay pk-overlay-ratio pk-ratio-landscape\">\n\t\t\t\t\t\t\t<div class=\"pk-overlay-background\">\n\t\t\t\t\t\t\t\t<a href=\"https:\/\/webdelmaestrocmf.com\/portal\/atencion-profesores-tiktokers-por-que-no-pueden-usar-imagenes-fotos-de-sus-estudiantes-en-redes-sociales-personales\/\" class=\"pk-overlay-link\">\n\t\t\t\t\t\t\t\t\t<img loading=\"lazy\" decoding=\"async\" width=\"300\" height=\"225\" src=\"https:\/\/webdelmaestrocmf.com\/portal\/wp-content\/uploads\/2025\/12\/1A-Banner-1-portada-imagen-10-1-copia-1-18-300x225.webp\" class=\"attachment-pk-thumbnail size-pk-thumbnail wp-post-image\" alt=\"\" \/>\t\t\t\t\t\t\t\t<\/a>\n\t\t\t\t\t\t\t<\/div>\n\t\t\t\t\t\t<\/div>\n\t\t\t\t\t<\/div>\n\t\t\t\t<\/div>\n\t\t\t\t\n\t\t\t\t<div class=\"pk-post-inner\">\n\t\t\t\t\t<header>\n\t\t\t\t\t\t<h3 class=\"pk-title\"><a href=\"https:\/\/webdelmaestrocmf.com\/portal\/atencion-profesores-tiktokers-por-que-no-pueden-usar-imagenes-fotos-de-sus-estudiantes-en-redes-sociales-personales\/\" rel=\"bookmark\">Atenci\u00f3n, profesores tiktokers: por qu\u00e9 no pueden usar im\u00e1genes (fotos) de sus estudiantes en redes sociales personales<\/a><\/h3>\t\t\t\t\t<\/header><!-- .entry-header -->\n\t\t\t\t<\/div><!-- .post-inner -->\n\n\t\t\t<\/div><!-- .post-outer -->\n\t\t<\/article>\n\t\t\t\t<\/div>\n\t\t<\/div>\n\t\t\n","protected":false},"excerpt":{"rendered":"Bajo el enfoque de la educaci\u00f3n inclusiva se ha generado el concepto de barreras para el aprendizaje y&hellip;","protected":false},"author":1,"featured_media":65511,"comment_status":"open","ping_status":"closed","sticky":false,"template":"","format":"standard","meta":{"csco_display_header_overlay":false,"csco_singular_sidebar":"default","csco_page_header_type":"default","csco_page_load_nextpost":"default","csco_post_video_location":[],"csco_post_video_location_hash":"","csco_post_video_url":"","csco_post_video_bg_start_time":0,"csco_post_video_bg_end_time":0,"csco_post_video_bg_volume":false,"_jetpack_memberships_contains_paid_content":false,"footnotes":""},"categories":[5375,735],"tags":[6080,77,13833,4328,608,13832],"class_list":{"0":"post-65510","1":"post","2":"type-post","3":"status-publish","4":"format-standard","5":"has-post-thumbnail","7":"category-noticias-pedagogia","8":"category-pedagogia","9":"tag-actitud","10":"tag-aprendizaje","11":"tag-barreras","12":"tag-diversidad","13":"tag-escolar","14":"tag-generadora","15":"cs-entry","16":"cs-video-wrap"},"yoast_head":"<!-- This site is optimized with the Yoast SEO plugin v27.5 - https:\/\/yoast.com\/product\/yoast-seo-wordpress\/ -->\n<title>La actitud hacia la diversidad escolar como generadora de barreras para el aprendizaje - 2026<\/title>\n<meta name=\"description\" content=\"Comunidad de Maestros, Docentes y Profesores, en donde encontrar\u00e1s material, informaci\u00f3n y noticias del \u00e1mbito nacional y mundial.\" \/>\n<meta name=\"robots\" content=\"index, follow, max-snippet:-1, max-image-preview:large, max-video-preview:-1\" \/>\n<link rel=\"canonical\" href=\"https:\/\/webdelmaestrocmf.com\/portal\/la-actitud-hacia-la-diversidad-escolar-como-generadora-de-barreras-para-el-aprendizaje\/\" \/>\n<meta property=\"og:locale\" content=\"es_ES\" \/>\n<meta property=\"og:type\" content=\"article\" \/>\n<meta property=\"og:title\" content=\"La actitud hacia la diversidad escolar como generadora de barreras para el aprendizaje - 2026\" \/>\n<meta property=\"og:description\" content=\"Comunidad de Maestros, Docentes y Profesores, en donde encontrar\u00e1s material, informaci\u00f3n y noticias del \u00e1mbito nacional y mundial.\" \/>\n<meta property=\"og:url\" content=\"https:\/\/webdelmaestrocmf.com\/portal\/la-actitud-hacia-la-diversidad-escolar-como-generadora-de-barreras-para-el-aprendizaje\/\" \/>\n<meta property=\"og:site_name\" content=\"Web del Maestro CMF\" \/>\n<meta property=\"article:publisher\" content=\"https:\/\/www.facebook.com\/WebdelMaestroCMF\/\" \/>\n<meta property=\"article:author\" content=\"https:\/\/www.facebook.com\/WebdelMaestroCMF\/\" \/>\n<meta property=\"article:published_time\" content=\"2021-07-20T00:26:07+00:00\" \/>\n<meta property=\"article:modified_time\" content=\"2021-07-20T14:35:19+00:00\" \/>\n<meta property=\"og:image\" content=\"https:\/\/i0.wp.com\/webdelmaestrocmf.com\/portal\/wp-content\/uploads\/2021\/07\/1-104.jpg?fit=1100%2C680&ssl=1\" \/>\n\t<meta property=\"og:image:width\" content=\"1100\" \/>\n\t<meta property=\"og:image:height\" content=\"680\" \/>\n\t<meta property=\"og:image:type\" content=\"image\/jpeg\" \/>\n<meta name=\"author\" content=\"Web del Maestro CMF\" \/>\n<meta name=\"twitter:card\" content=\"summary_large_image\" \/>\n<meta name=\"twitter:creator\" content=\"@cmf_w\" \/>\n<meta name=\"twitter:site\" content=\"@cmf_w\" \/>\n<script type=\"application\/ld+json\" class=\"yoast-schema-graph\">{\"@context\":\"https:\\\/\\\/schema.org\",\"@graph\":[{\"@type\":\"ScholarlyArticle\",\"@id\":\"https:\\\/\\\/webdelmaestrocmf.com\\\/portal\\\/la-actitud-hacia-la-diversidad-escolar-como-generadora-de-barreras-para-el-aprendizaje\\\/#article\",\"isPartOf\":{\"@id\":\"https:\\\/\\\/webdelmaestrocmf.com\\\/portal\\\/la-actitud-hacia-la-diversidad-escolar-como-generadora-de-barreras-para-el-aprendizaje\\\/\"},\"author\":{\"name\":\"Web del Maestro CMF\",\"@id\":\"https:\\\/\\\/webdelmaestrocmf.com\\\/portal\\\/#\\\/schema\\\/person\\\/1072a2ed7bd960df8ef99a551fa35dc5\"},\"headline\":\"La actitud hacia la diversidad escolar como generadora de barreras para el aprendizaje\",\"datePublished\":\"2021-07-20T00:26:07+00:00\",\"dateModified\":\"2021-07-20T14:35:19+00:00\",\"mainEntityOfPage\":{\"@id\":\"https:\\\/\\\/webdelmaestrocmf.com\\\/portal\\\/la-actitud-hacia-la-diversidad-escolar-como-generadora-de-barreras-para-el-aprendizaje\\\/\"},\"wordCount\":1216,\"commentCount\":0,\"publisher\":{\"@id\":\"https:\\\/\\\/webdelmaestrocmf.com\\\/portal\\\/#organization\"},\"image\":{\"@id\":\"https:\\\/\\\/webdelmaestrocmf.com\\\/portal\\\/la-actitud-hacia-la-diversidad-escolar-como-generadora-de-barreras-para-el-aprendizaje\\\/#primaryimage\"},\"thumbnailUrl\":\"https:\\\/\\\/webdelmaestrocmf.com\\\/portal\\\/wp-content\\\/uploads\\\/2021\\\/07\\\/1-104.jpg\",\"keywords\":[\"ACTITUD\",\"aprendizaje\",\"barreras\",\"DIVERSIDAD\",\"ESCOLAR\",\"generadora\"],\"articleSection\":[\"Noticias\",\"Recursos\"],\"inLanguage\":\"es\",\"potentialAction\":[{\"@type\":\"CommentAction\",\"name\":\"Comment\",\"target\":[\"https:\\\/\\\/webdelmaestrocmf.com\\\/portal\\\/la-actitud-hacia-la-diversidad-escolar-como-generadora-de-barreras-para-el-aprendizaje\\\/#respond\"]}]},{\"@type\":\"WebPage\",\"@id\":\"https:\\\/\\\/webdelmaestrocmf.com\\\/portal\\\/la-actitud-hacia-la-diversidad-escolar-como-generadora-de-barreras-para-el-aprendizaje\\\/\",\"url\":\"https:\\\/\\\/webdelmaestrocmf.com\\\/portal\\\/la-actitud-hacia-la-diversidad-escolar-como-generadora-de-barreras-para-el-aprendizaje\\\/\",\"name\":\"La actitud hacia la diversidad escolar como generadora de barreras para el aprendizaje - 2026\",\"isPartOf\":{\"@id\":\"https:\\\/\\\/webdelmaestrocmf.com\\\/portal\\\/#website\"},\"primaryImageOfPage\":{\"@id\":\"https:\\\/\\\/webdelmaestrocmf.com\\\/portal\\\/la-actitud-hacia-la-diversidad-escolar-como-generadora-de-barreras-para-el-aprendizaje\\\/#primaryimage\"},\"image\":{\"@id\":\"https:\\\/\\\/webdelmaestrocmf.com\\\/portal\\\/la-actitud-hacia-la-diversidad-escolar-como-generadora-de-barreras-para-el-aprendizaje\\\/#primaryimage\"},\"thumbnailUrl\":\"https:\\\/\\\/webdelmaestrocmf.com\\\/portal\\\/wp-content\\\/uploads\\\/2021\\\/07\\\/1-104.jpg\",\"datePublished\":\"2021-07-20T00:26:07+00:00\",\"dateModified\":\"2021-07-20T14:35:19+00:00\",\"description\":\"Comunidad de Maestros, Docentes y Profesores, en donde encontrar\u00e1s material, informaci\u00f3n y noticias del \u00e1mbito nacional y mundial.\",\"breadcrumb\":{\"@id\":\"https:\\\/\\\/webdelmaestrocmf.com\\\/portal\\\/la-actitud-hacia-la-diversidad-escolar-como-generadora-de-barreras-para-el-aprendizaje\\\/#breadcrumb\"},\"inLanguage\":\"es\",\"potentialAction\":[{\"@type\":\"ReadAction\",\"target\":[\"https:\\\/\\\/webdelmaestrocmf.com\\\/portal\\\/la-actitud-hacia-la-diversidad-escolar-como-generadora-de-barreras-para-el-aprendizaje\\\/\"]}]},{\"@type\":\"ImageObject\",\"inLanguage\":\"es\",\"@id\":\"https:\\\/\\\/webdelmaestrocmf.com\\\/portal\\\/la-actitud-hacia-la-diversidad-escolar-como-generadora-de-barreras-para-el-aprendizaje\\\/#primaryimage\",\"url\":\"https:\\\/\\\/webdelmaestrocmf.com\\\/portal\\\/wp-content\\\/uploads\\\/2021\\\/07\\\/1-104.jpg\",\"contentUrl\":\"https:\\\/\\\/webdelmaestrocmf.com\\\/portal\\\/wp-content\\\/uploads\\\/2021\\\/07\\\/1-104.jpg\",\"width\":1100,\"height\":680},{\"@type\":\"BreadcrumbList\",\"@id\":\"https:\\\/\\\/webdelmaestrocmf.com\\\/portal\\\/la-actitud-hacia-la-diversidad-escolar-como-generadora-de-barreras-para-el-aprendizaje\\\/#breadcrumb\",\"itemListElement\":[{\"@type\":\"ListItem\",\"position\":1,\"name\":\"Portada\",\"item\":\"https:\\\/\\\/webdelmaestrocmf.com\\\/portal\\\/\"},{\"@type\":\"ListItem\",\"position\":2,\"name\":\"Recursos\",\"item\":\"https:\\\/\\\/webdelmaestrocmf.com\\\/portal\\\/category\\\/pedagogia\\\/\"},{\"@type\":\"ListItem\",\"position\":3,\"name\":\"La actitud hacia la diversidad escolar como generadora de barreras para el aprendizaje\"}]},{\"@type\":\"WebSite\",\"@id\":\"https:\\\/\\\/webdelmaestrocmf.com\\\/portal\\\/#website\",\"url\":\"https:\\\/\\\/webdelmaestrocmf.com\\\/portal\\\/\",\"name\":\"Web del Maestro CMF\",\"description\":\"Maestros al servicio de la educaci\u00f3n\",\"publisher\":{\"@id\":\"https:\\\/\\\/webdelmaestrocmf.com\\\/portal\\\/#organization\"},\"alternateName\":\"WMCMF\",\"potentialAction\":[{\"@type\":\"SearchAction\",\"target\":{\"@type\":\"EntryPoint\",\"urlTemplate\":\"https:\\\/\\\/webdelmaestrocmf.com\\\/portal\\\/?s={search_term_string}\"},\"query-input\":{\"@type\":\"PropertyValueSpecification\",\"valueRequired\":true,\"valueName\":\"search_term_string\"}}],\"inLanguage\":\"es\"},{\"@type\":\"Organization\",\"@id\":\"https:\\\/\\\/webdelmaestrocmf.com\\\/portal\\\/#organization\",\"name\":\"Web del Maestro CMF\",\"alternateName\":\"WMCMF\",\"url\":\"https:\\\/\\\/webdelmaestrocmf.com\\\/portal\\\/\",\"logo\":{\"@type\":\"ImageObject\",\"inLanguage\":\"es\",\"@id\":\"https:\\\/\\\/webdelmaestrocmf.com\\\/portal\\\/#\\\/schema\\\/logo\\\/image\\\/\",\"url\":\"https:\\\/\\\/webdelmaestrocmf.com\\\/portal\\\/wp-content\\\/uploads\\\/2023\\\/01\\\/logo-wmcmf-2.png\",\"contentUrl\":\"https:\\\/\\\/webdelmaestrocmf.com\\\/portal\\\/wp-content\\\/uploads\\\/2023\\\/01\\\/logo-wmcmf-2.png\",\"width\":200,\"height\":60,\"caption\":\"Web del Maestro CMF\"},\"image\":{\"@id\":\"https:\\\/\\\/webdelmaestrocmf.com\\\/portal\\\/#\\\/schema\\\/logo\\\/image\\\/\"},\"sameAs\":[\"https:\\\/\\\/www.facebook.com\\\/WebdelMaestroCMF\\\/\",\"https:\\\/\\\/x.com\\\/cmf_w\",\"https:\\\/\\\/www.pinterest.com\\\/WMCMF\\\/\",\"https:\\\/\\\/www.linkedin.com\\\/company\\\/web-del-maestro-cmf\\\/\",\"https:\\\/\\\/www.instagram.com\\\/wmcmf\\\/\",\"https:\\\/\\\/www.youtube.com\\\/channel\\\/UCDPSvjbdodE5sHnC3OxutHw\",\"https:\\\/\\\/mastodon.social\\\/@wmcmf\",\"https:\\\/\\\/www.tiktok.com\\\/@webdelmaestrocmf\"]},{\"@type\":\"Person\",\"@id\":\"https:\\\/\\\/webdelmaestrocmf.com\\\/portal\\\/#\\\/schema\\\/person\\\/1072a2ed7bd960df8ef99a551fa35dc5\",\"name\":\"Web del Maestro CMF\",\"image\":{\"@type\":\"ImageObject\",\"inLanguage\":\"es\",\"@id\":\"https:\\\/\\\/secure.gravatar.com\\\/avatar\\\/23291dd5b5ae1077dcff3dbb04c3e02bd28403fa75af6d8787d5e97c5bbbe30b?s=96&d=mm&r=g\",\"url\":\"https:\\\/\\\/secure.gravatar.com\\\/avatar\\\/23291dd5b5ae1077dcff3dbb04c3e02bd28403fa75af6d8787d5e97c5bbbe30b?s=96&d=mm&r=g\",\"contentUrl\":\"https:\\\/\\\/secure.gravatar.com\\\/avatar\\\/23291dd5b5ae1077dcff3dbb04c3e02bd28403fa75af6d8787d5e97c5bbbe30b?s=96&d=mm&r=g\",\"caption\":\"Web del Maestro CMF\"},\"description\":\"Esta Web se cre\u00f3 sin fines de lucro, con fines educativos, cient\u00edficos y acad\u00e9micos, para personas que tengan dificultades y\\\/o inconvenientes en visualizar el material original. El objetivo es entregar recursos, compartir experiencias y materiales que ayuden a los padres de familia, maestros y estudiantes en su actualizaci\u00f3n y formaci\u00f3n permanente, en bien de la Educaci\u00f3n.\",\"sameAs\":[\"http:\\\/\\\/webdelmaestrocmf.com\\\/portal\",\"https:\\\/\\\/www.facebook.com\\\/WebdelMaestroCMF\\\/\",\"https:\\\/\\\/www.instagram.com\\\/wmcmf\\\/\",\"https:\\\/\\\/cl.linkedin.com\\\/company\\\/web-del-maestro-cmf\",\"https:\\\/\\\/www.pinterest.com\\\/WMCMF\\\/publicaciones\\\/\",\"https:\\\/\\\/x.com\\\/cmf_w\",\"https:\\\/\\\/www.youtube.com\\\/@WMCMF\"]}]}<\/script>\n<!-- \/ Yoast SEO plugin. -->","yoast_head_json":{"title":"La actitud hacia la diversidad escolar como generadora de barreras para el aprendizaje - 2026","description":"Comunidad de Maestros, Docentes y Profesores, en donde encontrar\u00e1s material, informaci\u00f3n y noticias del \u00e1mbito nacional y mundial.","robots":{"index":"index","follow":"follow","max-snippet":"max-snippet:-1","max-image-preview":"max-image-preview:large","max-video-preview":"max-video-preview:-1"},"canonical":"https:\/\/webdelmaestrocmf.com\/portal\/la-actitud-hacia-la-diversidad-escolar-como-generadora-de-barreras-para-el-aprendizaje\/","og_locale":"es_ES","og_type":"article","og_title":"La actitud hacia la diversidad escolar como generadora de barreras para el aprendizaje - 2026","og_description":"Comunidad de Maestros, Docentes y Profesores, en donde encontrar\u00e1s material, informaci\u00f3n y noticias del \u00e1mbito nacional y mundial.","og_url":"https:\/\/webdelmaestrocmf.com\/portal\/la-actitud-hacia-la-diversidad-escolar-como-generadora-de-barreras-para-el-aprendizaje\/","og_site_name":"Web del Maestro CMF","article_publisher":"https:\/\/www.facebook.com\/WebdelMaestroCMF\/","article_author":"https:\/\/www.facebook.com\/WebdelMaestroCMF\/","article_published_time":"2021-07-20T00:26:07+00:00","article_modified_time":"2021-07-20T14:35:19+00:00","og_image":[{"width":1100,"height":680,"url":"https:\/\/i0.wp.com\/webdelmaestrocmf.com\/portal\/wp-content\/uploads\/2021\/07\/1-104.jpg?fit=1100%2C680&ssl=1","type":"image\/jpeg"}],"author":"Web del Maestro CMF","twitter_card":"summary_large_image","twitter_creator":"@cmf_w","twitter_site":"@cmf_w","schema":{"@context":"https:\/\/schema.org","@graph":[{"@type":"ScholarlyArticle","@id":"https:\/\/webdelmaestrocmf.com\/portal\/la-actitud-hacia-la-diversidad-escolar-como-generadora-de-barreras-para-el-aprendizaje\/#article","isPartOf":{"@id":"https:\/\/webdelmaestrocmf.com\/portal\/la-actitud-hacia-la-diversidad-escolar-como-generadora-de-barreras-para-el-aprendizaje\/"},"author":{"name":"Web del Maestro CMF","@id":"https:\/\/webdelmaestrocmf.com\/portal\/#\/schema\/person\/1072a2ed7bd960df8ef99a551fa35dc5"},"headline":"La actitud hacia la diversidad escolar como generadora de barreras para el aprendizaje","datePublished":"2021-07-20T00:26:07+00:00","dateModified":"2021-07-20T14:35:19+00:00","mainEntityOfPage":{"@id":"https:\/\/webdelmaestrocmf.com\/portal\/la-actitud-hacia-la-diversidad-escolar-como-generadora-de-barreras-para-el-aprendizaje\/"},"wordCount":1216,"commentCount":0,"publisher":{"@id":"https:\/\/webdelmaestrocmf.com\/portal\/#organization"},"image":{"@id":"https:\/\/webdelmaestrocmf.com\/portal\/la-actitud-hacia-la-diversidad-escolar-como-generadora-de-barreras-para-el-aprendizaje\/#primaryimage"},"thumbnailUrl":"https:\/\/webdelmaestrocmf.com\/portal\/wp-content\/uploads\/2021\/07\/1-104.jpg","keywords":["ACTITUD","aprendizaje","barreras","DIVERSIDAD","ESCOLAR","generadora"],"articleSection":["Noticias","Recursos"],"inLanguage":"es","potentialAction":[{"@type":"CommentAction","name":"Comment","target":["https:\/\/webdelmaestrocmf.com\/portal\/la-actitud-hacia-la-diversidad-escolar-como-generadora-de-barreras-para-el-aprendizaje\/#respond"]}]},{"@type":"WebPage","@id":"https:\/\/webdelmaestrocmf.com\/portal\/la-actitud-hacia-la-diversidad-escolar-como-generadora-de-barreras-para-el-aprendizaje\/","url":"https:\/\/webdelmaestrocmf.com\/portal\/la-actitud-hacia-la-diversidad-escolar-como-generadora-de-barreras-para-el-aprendizaje\/","name":"La actitud hacia la diversidad escolar como generadora de barreras para el aprendizaje - 2026","isPartOf":{"@id":"https:\/\/webdelmaestrocmf.com\/portal\/#website"},"primaryImageOfPage":{"@id":"https:\/\/webdelmaestrocmf.com\/portal\/la-actitud-hacia-la-diversidad-escolar-como-generadora-de-barreras-para-el-aprendizaje\/#primaryimage"},"image":{"@id":"https:\/\/webdelmaestrocmf.com\/portal\/la-actitud-hacia-la-diversidad-escolar-como-generadora-de-barreras-para-el-aprendizaje\/#primaryimage"},"thumbnailUrl":"https:\/\/webdelmaestrocmf.com\/portal\/wp-content\/uploads\/2021\/07\/1-104.jpg","datePublished":"2021-07-20T00:26:07+00:00","dateModified":"2021-07-20T14:35:19+00:00","description":"Comunidad de Maestros, Docentes y Profesores, en donde encontrar\u00e1s material, informaci\u00f3n y noticias del \u00e1mbito nacional y mundial.","breadcrumb":{"@id":"https:\/\/webdelmaestrocmf.com\/portal\/la-actitud-hacia-la-diversidad-escolar-como-generadora-de-barreras-para-el-aprendizaje\/#breadcrumb"},"inLanguage":"es","potentialAction":[{"@type":"ReadAction","target":["https:\/\/webdelmaestrocmf.com\/portal\/la-actitud-hacia-la-diversidad-escolar-como-generadora-de-barreras-para-el-aprendizaje\/"]}]},{"@type":"ImageObject","inLanguage":"es","@id":"https:\/\/webdelmaestrocmf.com\/portal\/la-actitud-hacia-la-diversidad-escolar-como-generadora-de-barreras-para-el-aprendizaje\/#primaryimage","url":"https:\/\/webdelmaestrocmf.com\/portal\/wp-content\/uploads\/2021\/07\/1-104.jpg","contentUrl":"https:\/\/webdelmaestrocmf.com\/portal\/wp-content\/uploads\/2021\/07\/1-104.jpg","width":1100,"height":680},{"@type":"BreadcrumbList","@id":"https:\/\/webdelmaestrocmf.com\/portal\/la-actitud-hacia-la-diversidad-escolar-como-generadora-de-barreras-para-el-aprendizaje\/#breadcrumb","itemListElement":[{"@type":"ListItem","position":1,"name":"Portada","item":"https:\/\/webdelmaestrocmf.com\/portal\/"},{"@type":"ListItem","position":2,"name":"Recursos","item":"https:\/\/webdelmaestrocmf.com\/portal\/category\/pedagogia\/"},{"@type":"ListItem","position":3,"name":"La actitud hacia la diversidad escolar como generadora de barreras para el aprendizaje"}]},{"@type":"WebSite","@id":"https:\/\/webdelmaestrocmf.com\/portal\/#website","url":"https:\/\/webdelmaestrocmf.com\/portal\/","name":"Web del Maestro CMF","description":"Maestros al servicio de la educaci\u00f3n","publisher":{"@id":"https:\/\/webdelmaestrocmf.com\/portal\/#organization"},"alternateName":"WMCMF","potentialAction":[{"@type":"SearchAction","target":{"@type":"EntryPoint","urlTemplate":"https:\/\/webdelmaestrocmf.com\/portal\/?s={search_term_string}"},"query-input":{"@type":"PropertyValueSpecification","valueRequired":true,"valueName":"search_term_string"}}],"inLanguage":"es"},{"@type":"Organization","@id":"https:\/\/webdelmaestrocmf.com\/portal\/#organization","name":"Web del Maestro CMF","alternateName":"WMCMF","url":"https:\/\/webdelmaestrocmf.com\/portal\/","logo":{"@type":"ImageObject","inLanguage":"es","@id":"https:\/\/webdelmaestrocmf.com\/portal\/#\/schema\/logo\/image\/","url":"https:\/\/webdelmaestrocmf.com\/portal\/wp-content\/uploads\/2023\/01\/logo-wmcmf-2.png","contentUrl":"https:\/\/webdelmaestrocmf.com\/portal\/wp-content\/uploads\/2023\/01\/logo-wmcmf-2.png","width":200,"height":60,"caption":"Web del Maestro CMF"},"image":{"@id":"https:\/\/webdelmaestrocmf.com\/portal\/#\/schema\/logo\/image\/"},"sameAs":["https:\/\/www.facebook.com\/WebdelMaestroCMF\/","https:\/\/x.com\/cmf_w","https:\/\/www.pinterest.com\/WMCMF\/","https:\/\/www.linkedin.com\/company\/web-del-maestro-cmf\/","https:\/\/www.instagram.com\/wmcmf\/","https:\/\/www.youtube.com\/channel\/UCDPSvjbdodE5sHnC3OxutHw","https:\/\/mastodon.social\/@wmcmf","https:\/\/www.tiktok.com\/@webdelmaestrocmf"]},{"@type":"Person","@id":"https:\/\/webdelmaestrocmf.com\/portal\/#\/schema\/person\/1072a2ed7bd960df8ef99a551fa35dc5","name":"Web del Maestro CMF","image":{"@type":"ImageObject","inLanguage":"es","@id":"https:\/\/secure.gravatar.com\/avatar\/23291dd5b5ae1077dcff3dbb04c3e02bd28403fa75af6d8787d5e97c5bbbe30b?s=96&d=mm&r=g","url":"https:\/\/secure.gravatar.com\/avatar\/23291dd5b5ae1077dcff3dbb04c3e02bd28403fa75af6d8787d5e97c5bbbe30b?s=96&d=mm&r=g","contentUrl":"https:\/\/secure.gravatar.com\/avatar\/23291dd5b5ae1077dcff3dbb04c3e02bd28403fa75af6d8787d5e97c5bbbe30b?s=96&d=mm&r=g","caption":"Web del Maestro CMF"},"description":"Esta Web se cre\u00f3 sin fines de lucro, con fines educativos, cient\u00edficos y acad\u00e9micos, para personas que tengan dificultades y\/o inconvenientes en visualizar el material original. El objetivo es entregar recursos, compartir experiencias y materiales que ayuden a los padres de familia, maestros y estudiantes en su actualizaci\u00f3n y formaci\u00f3n permanente, en bien de la Educaci\u00f3n.","sameAs":["http:\/\/webdelmaestrocmf.com\/portal","https:\/\/www.facebook.com\/WebdelMaestroCMF\/","https:\/\/www.instagram.com\/wmcmf\/","https:\/\/cl.linkedin.com\/company\/web-del-maestro-cmf","https:\/\/www.pinterest.com\/WMCMF\/publicaciones\/","https:\/\/x.com\/cmf_w","https:\/\/www.youtube.com\/@WMCMF"]}]}},"jetpack_featured_media_url":"https:\/\/webdelmaestrocmf.com\/portal\/wp-content\/uploads\/2021\/07\/1-104.jpg","jetpack_sharing_enabled":true,"jetpack-related-posts":[{"id":91046,"url":"https:\/\/webdelmaestrocmf.com\/portal\/las-barreras-en-el-aprendizaje-5-aspectos-que-como-docente-debe-conocer\/","url_meta":{"origin":65510,"position":0},"title":"Las barreras en el aprendizaje: 5 aspectos que como docente debe conocer","author":"Web del Maestro CMF","date":"26 julio, 2023","format":false,"excerpt":"Booth y Ainscow. (2002). Manifiestan que: El enfoque de barreras para el aprendizaje y la participaci\u00f3n se basa en el modelo social de la discapacidad, a partir del cual se entiende que las limitaciones o restricciones enfrentadas por las personas con discapacidad surgen en contextos sociales particulares.[1]\u00a0Bas\u00e1ndonos en la definici\u00f3n\u2026","rel":"","context":"En \u00abBarreras en el aprendizaje\u00bb","block_context":{"text":"Barreras en el aprendizaje","link":"https:\/\/webdelmaestrocmf.com\/portal\/category\/pedagogia\/barreras-en-el-aprendizaje\/"},"img":{"alt_text":"","src":"https:\/\/i0.wp.com\/webdelmaestrocmf.com\/portal\/wp-content\/uploads\/2023\/07\/A12B3C4D-8-1.jpg?resize=350%2C200&ssl=1","width":350,"height":200,"srcset":"https:\/\/i0.wp.com\/webdelmaestrocmf.com\/portal\/wp-content\/uploads\/2023\/07\/A12B3C4D-8-1.jpg?resize=350%2C200&ssl=1 1x, https:\/\/i0.wp.com\/webdelmaestrocmf.com\/portal\/wp-content\/uploads\/2023\/07\/A12B3C4D-8-1.jpg?resize=525%2C300&ssl=1 1.5x, https:\/\/i0.wp.com\/webdelmaestrocmf.com\/portal\/wp-content\/uploads\/2023\/07\/A12B3C4D-8-1.jpg?resize=700%2C400&ssl=1 2x"},"classes":[]},{"id":89741,"url":"https:\/\/webdelmaestrocmf.com\/portal\/inclusion-educativa-que-es-y-como-se-aplica\/","url_meta":{"origin":65510,"position":1},"title":"Inclusi\u00f3n educativa \u00bfQu\u00e9 es y c\u00f3mo se aplica? Descarga las Herramientas de inclusi\u00f3n educativa para aulas diversas","author":"Web del Maestro CMF","date":"1 junio, 2023","format":false,"excerpt":"La inclusi\u00f3n educativa es un enfoque pedag\u00f3gico que busca garantizar que todos los estudiantes, independientemente de sus caracter\u00edsticas, necesidades o habilidades, tengan acceso equitativo a la educaci\u00f3n y participen plenamente en el proceso de ense\u00f1anza-aprendizaje. En un entorno inclusivo, se valora y respeta la diversidad, se promueve la igualdad de\u2026","rel":"","context":"En \u00abInclusi\u00f3n educativa\u00bb","block_context":{"text":"Inclusi\u00f3n educativa","link":"https:\/\/webdelmaestrocmf.com\/portal\/category\/pedagogia\/inclusion-educativa\/"},"img":{"alt_text":"","src":"https:\/\/i0.wp.com\/webdelmaestrocmf.com\/portal\/wp-content\/uploads\/2023\/06\/1A-Banner-1-portada-imagen-10-1-copia-2-1.jpg?resize=350%2C200&ssl=1","width":350,"height":200,"srcset":"https:\/\/i0.wp.com\/webdelmaestrocmf.com\/portal\/wp-content\/uploads\/2023\/06\/1A-Banner-1-portada-imagen-10-1-copia-2-1.jpg?resize=350%2C200&ssl=1 1x, https:\/\/i0.wp.com\/webdelmaestrocmf.com\/portal\/wp-content\/uploads\/2023\/06\/1A-Banner-1-portada-imagen-10-1-copia-2-1.jpg?resize=525%2C300&ssl=1 1.5x, https:\/\/i0.wp.com\/webdelmaestrocmf.com\/portal\/wp-content\/uploads\/2023\/06\/1A-Banner-1-portada-imagen-10-1-copia-2-1.jpg?resize=700%2C400&ssl=1 2x"},"classes":[]},{"id":98782,"url":"https:\/\/webdelmaestrocmf.com\/portal\/estrategias-para-eliminar-las-barreras-para-el-aprendizaje-y-la-participacion-bap\/","url_meta":{"origin":65510,"position":2},"title":"Estrategias para eliminar las barreras para el aprendizaje y la participaci\u00f3n (BAP)","author":"Web del Maestro CMF","date":"28 octubre, 2023","format":false,"excerpt":"En el vasto mundo de la educaci\u00f3n, donde cada estudiante es \u00fanico y enfrenta desaf\u00edos y oportunidades diversos, es esencial abordar las barreras para el aprendizaje y la participaci\u00f3n (BAP) con determinaci\u00f3n y comprensi\u00f3n. Estas barreras pueden manifestarse de diversas formas, ya sea en la forma de obst\u00e1culos personales, ambientales\u2026","rel":"","context":"En \u00abBarreras para el Aprendizaje y la Participaci\u00f3n\u00bb","block_context":{"text":"Barreras para el Aprendizaje y la Participaci\u00f3n","link":"https:\/\/webdelmaestrocmf.com\/portal\/category\/pedagogia\/barreras-para-el-aprendizaje-y-la-participacion\/"},"img":{"alt_text":"Ejemplos de BAP barreras para el aprendizaje y la participaci\u00f3n","src":"https:\/\/i0.wp.com\/webdelmaestrocmf.com\/portal\/wp-content\/uploads\/2023\/10\/A12B3C4D-48.jpg?resize=350%2C200&ssl=1","width":350,"height":200,"srcset":"https:\/\/i0.wp.com\/webdelmaestrocmf.com\/portal\/wp-content\/uploads\/2023\/10\/A12B3C4D-48.jpg?resize=350%2C200&ssl=1 1x, https:\/\/i0.wp.com\/webdelmaestrocmf.com\/portal\/wp-content\/uploads\/2023\/10\/A12B3C4D-48.jpg?resize=525%2C300&ssl=1 1.5x, https:\/\/i0.wp.com\/webdelmaestrocmf.com\/portal\/wp-content\/uploads\/2023\/10\/A12B3C4D-48.jpg?resize=700%2C400&ssl=1 2x"},"classes":[]},{"id":94246,"url":"https:\/\/webdelmaestrocmf.com\/portal\/hay-diferencia-entre-la-educacion-integradora-y-la-educacion-inclusiva-usted-que-opina\/","url_meta":{"origin":65510,"position":3},"title":"\u00bfHay diferencia entre la educaci\u00f3n integradora y la educaci\u00f3n inclusiva? Usted \u00bfqu\u00e9 opina?","author":"Web del Maestro CMF","date":"13 julio, 2025","format":false,"excerpt":"La inclusi\u00f3n no es un favor, es un derecho. Una escuela verdaderamente inclusiva adapta su cultura, sus m\u00e9todos y su estructura para que nadie quede fuera del aprendizaje ni de la comunidad","rel":"","context":"En \u00abYo opino - WMCMF\u00bb","block_context":{"text":"Yo opino - WMCMF","link":"https:\/\/webdelmaestrocmf.com\/portal\/category\/jamb\/"},"img":{"alt_text":"","src":"https:\/\/i0.wp.com\/webdelmaestrocmf.com\/portal\/wp-content\/uploads\/2023\/09\/Banner-1-portada-imagen-10-1-2024-06-28T201137.338.jpg?resize=350%2C200&ssl=1","width":350,"height":200,"srcset":"https:\/\/i0.wp.com\/webdelmaestrocmf.com\/portal\/wp-content\/uploads\/2023\/09\/Banner-1-portada-imagen-10-1-2024-06-28T201137.338.jpg?resize=350%2C200&ssl=1 1x, https:\/\/i0.wp.com\/webdelmaestrocmf.com\/portal\/wp-content\/uploads\/2023\/09\/Banner-1-portada-imagen-10-1-2024-06-28T201137.338.jpg?resize=525%2C300&ssl=1 1.5x, https:\/\/i0.wp.com\/webdelmaestrocmf.com\/portal\/wp-content\/uploads\/2023\/09\/Banner-1-portada-imagen-10-1-2024-06-28T201137.338.jpg?resize=700%2C400&ssl=1 2x"},"classes":[]},{"id":98522,"url":"https:\/\/webdelmaestrocmf.com\/portal\/como-identificar-las-barreras-para-el-aprendizaje-y-la-participacion-bap\/","url_meta":{"origin":65510,"position":4},"title":"C\u00f3mo identificar las Barreras para el Aprendizaje y la Participaci\u00f3n (BAP)","author":"Web del Maestro CMF","date":"25 octubre, 2023","format":false,"excerpt":"La promoci\u00f3n de la educaci\u00f3n inclusiva es un imperativo en la sociedad actual. Para lograrlo, es esencial abordar y superar las Barreras para el Aprendizaje y la Participaci\u00f3n (BAP) que pueden limitar el acceso a la educaci\u00f3n y la participaci\u00f3n plena en el entorno escolar. Estas barreras, que pueden manifestarse\u2026","rel":"","context":"En \u00abBarreras para el Aprendizaje y la Participaci\u00f3n\u00bb","block_context":{"text":"Barreras para el Aprendizaje y la Participaci\u00f3n","link":"https:\/\/webdelmaestrocmf.com\/portal\/category\/pedagogia\/barreras-para-el-aprendizaje-y-la-participacion\/"},"img":{"alt_text":"Barreras para el Aprendizaje y la Participaci\u00f3n","src":"https:\/\/i0.wp.com\/webdelmaestrocmf.com\/portal\/wp-content\/uploads\/2023\/10\/A12B3C4D-39-1.jpg?resize=350%2C200&ssl=1","width":350,"height":200,"srcset":"https:\/\/i0.wp.com\/webdelmaestrocmf.com\/portal\/wp-content\/uploads\/2023\/10\/A12B3C4D-39-1.jpg?resize=350%2C200&ssl=1 1x, https:\/\/i0.wp.com\/webdelmaestrocmf.com\/portal\/wp-content\/uploads\/2023\/10\/A12B3C4D-39-1.jpg?resize=525%2C300&ssl=1 1.5x, https:\/\/i0.wp.com\/webdelmaestrocmf.com\/portal\/wp-content\/uploads\/2023\/10\/A12B3C4D-39-1.jpg?resize=700%2C400&ssl=1 2x"},"classes":[]},{"id":20351,"url":"https:\/\/webdelmaestrocmf.com\/portal\/guia-educativa-apoyo-ninos-sindrome-down\/","url_meta":{"origin":65510,"position":5},"title":"Gu\u00eda educativa de apoyo para ni\u00f1os con capacidades diferentes","author":"Web del Maestro CMF","date":"8 enero, 2020","format":false,"excerpt":"El siguiente material, que compartimos con fines \u00fanicamente educativos, puede se de gran ayuda para los docentes que desean mejorar sus conocimientos sobre la ense\u00f1anza - aprendizaje de los ni\u00f1os con capacidades diferentes ACNEAE (Alumnos con Necesidades Espec\u00edficas de Apoyo Educativo) o NEE (Necesidades Educativas Especiales). Desde una perspectiva optimista,\u2026","rel":"","context":"En \u00abEducaci\u00f3n Especial\u00bb","block_context":{"text":"Educaci\u00f3n Especial","link":"https:\/\/webdelmaestrocmf.com\/portal\/category\/pedagogia\/educacion-especial\/"},"img":{"alt_text":"","src":"https:\/\/i0.wp.com\/webdelmaestrocmf.com\/portal\/wp-content\/uploads\/2020\/01\/1-115.jpg?resize=350%2C200&ssl=1","width":350,"height":200,"srcset":"https:\/\/i0.wp.com\/webdelmaestrocmf.com\/portal\/wp-content\/uploads\/2020\/01\/1-115.jpg?resize=350%2C200&ssl=1 1x, https:\/\/i0.wp.com\/webdelmaestrocmf.com\/portal\/wp-content\/uploads\/2020\/01\/1-115.jpg?resize=525%2C300&ssl=1 1.5x, https:\/\/i0.wp.com\/webdelmaestrocmf.com\/portal\/wp-content\/uploads\/2020\/01\/1-115.jpg?resize=700%2C400&ssl=1 2x, https:\/\/i0.wp.com\/webdelmaestrocmf.com\/portal\/wp-content\/uploads\/2020\/01\/1-115.jpg?resize=1050%2C600&ssl=1 3x"},"classes":[]}],"_links":{"self":[{"href":"https:\/\/webdelmaestrocmf.com\/portal\/wp-json\/wp\/v2\/posts\/65510","targetHints":{"allow":["GET"]}}],"collection":[{"href":"https:\/\/webdelmaestrocmf.com\/portal\/wp-json\/wp\/v2\/posts"}],"about":[{"href":"https:\/\/webdelmaestrocmf.com\/portal\/wp-json\/wp\/v2\/types\/post"}],"author":[{"embeddable":true,"href":"https:\/\/webdelmaestrocmf.com\/portal\/wp-json\/wp\/v2\/users\/1"}],"replies":[{"embeddable":true,"href":"https:\/\/webdelmaestrocmf.com\/portal\/wp-json\/wp\/v2\/comments?post=65510"}],"version-history":[{"count":0,"href":"https:\/\/webdelmaestrocmf.com\/portal\/wp-json\/wp\/v2\/posts\/65510\/revisions"}],"wp:featuredmedia":[{"embeddable":true,"href":"https:\/\/webdelmaestrocmf.com\/portal\/wp-json\/wp\/v2\/media\/65511"}],"wp:attachment":[{"href":"https:\/\/webdelmaestrocmf.com\/portal\/wp-json\/wp\/v2\/media?parent=65510"}],"wp:term":[{"taxonomy":"category","embeddable":true,"href":"https:\/\/webdelmaestrocmf.com\/portal\/wp-json\/wp\/v2\/categories?post=65510"},{"taxonomy":"post_tag","embeddable":true,"href":"https:\/\/webdelmaestrocmf.com\/portal\/wp-json\/wp\/v2\/tags?post=65510"}],"curies":[{"name":"wp","href":"https:\/\/api.w.org\/{rel}","templated":true}]}}