{"id":65484,"date":"2021-07-19T17:26:41","date_gmt":"2021-07-19T21:26:41","guid":{"rendered":"https:\/\/webdelmaestrocmf.com\/portal\/?p=65484"},"modified":"2022-07-08T20:28:37","modified_gmt":"2022-07-09T00:28:37","slug":"conoce-los-perfiles-que-se-necesitan-para-ser-director-y-sub-director-en-una-institucion-educativa-minedu-julio-2021","status":"publish","type":"post","link":"https:\/\/webdelmaestrocmf.com\/portal\/conoce-los-perfiles-que-se-necesitan-para-ser-director-y-sub-director-en-una-institucion-educativa-minedu-julio-2021\/","title":{"rendered":"Conoce los perfiles que se necesitan para ser Director y Sub Director en una Instituci\u00f3n Educativa &#8211; MINEDU"},"content":{"rendered":"<h5 style=\"text-align: justify;\">Que, el art\u00edculo 3 de la Ley N\u00b0 31224, Ley de Organizaci\u00f3n y Funciones del Ministerio de Educaci\u00f3n del Per\u00fa, establece que el Sector Educaci\u00f3n se encuentra bajo la conducci\u00f3n y rector\u00eda del Ministerio de Educaci\u00f3n; asimismo, de acuerdo con el literal a) del numeral 1 y el literal a) del numeral 2 del art\u00edculo 5 de la citada Ley, son funciones rectoras y t\u00e9cnico-normativas del Ministerio de Educaci\u00f3n, formular, planear, dirigir, ejecutar, supervisar y evaluar la pol\u00edtica nacional y sectorial bajo su competencia, aplicable a todos los niveles de gobierno; as\u00ed como aprobar las disposiciones normativas vinculadas con sus \u00e1mbitos de competencia, respectivamente;<\/h5>\n<p><!--more--><\/p>\n<p style=\"text-align: justify;\">Que, el art\u00edculo 79 de la Ley N\u00b0 28044, Ley General de Educaci\u00f3n, establece que el Ministerio de Educaci\u00f3n es el \u00f3rgano del Gobierno Nacional que tiene por finalidad definir, dirigir y articular la pol\u00edtica de educaci\u00f3n, recreaci\u00f3n y deporte, en concordancia con la pol\u00edtica general del Estado;<\/p>\n<p style=\"text-align: justify;\">Que, de acuerdo con lo dispuesto por el literal h) del art\u00edculo 80 de la referida Ley, es funci\u00f3n del Ministerio de Educaci\u00f3n definir las pol\u00edticas sectoriales de personal, programas de mejoramiento del personal directivo, docente y administrativo del sector e implementar la Carrera P\u00fablica Magisterial;<\/p>\n<p style=\"text-align: justify;\">Que, conforme al art\u00edculo 1 de la Ley N\u00b0 29944, Ley de Reforma Magisterial, la citada Ley tiene como objeto normar las relaciones entre el Estado y los profesores que prestan servicios en las instituciones y programas educativos p\u00fablicos de educaci\u00f3n b\u00e1sica y t\u00e9cnicoproductiva y en las instancias de gesti\u00f3n educativa descentralizada. Regula sus deberes y derechos, la formaci\u00f3n continua, la Carrera P\u00fablica Magisterial, la evaluaci\u00f3n, el proceso disciplinario, las remuneraciones y los est\u00edmulos e incentivos;<\/p>\n<p style=\"text-align: justify;\">Que, mediante Decreto Supremo N\u00b0 001-2015-MINEDU, se aprueba el Reglamento de Organizaci\u00f3n y Funciones del Ministerio de Educaci\u00f3n, el cual establece en su Primera Disposici\u00f3n Complementaria Final que el Ministerio de Educaci\u00f3n aprobar\u00e1 las normas complementarias y documentos de gesti\u00f3n correspondientes, para el adecuado cumplimiento e implementaci\u00f3n de lo dispuesto en el referido Reglamento;<\/p>\n<p><img loading=\"lazy\" decoding=\"async\" class=\"alignnone size-large wp-image-65488\" src=\"https:\/\/webdelmaestrocmf.com\/portal\/wp-content\/uploads\/2021\/07\/1-103-1024x534.jpg\" alt=\"\" width=\"1024\" height=\"534\" srcset=\"https:\/\/webdelmaestrocmf.com\/portal\/wp-content\/uploads\/2021\/07\/1-103-1024x534.jpg 1024w, https:\/\/webdelmaestrocmf.com\/portal\/wp-content\/uploads\/2021\/07\/1-103-300x157.jpg 300w, https:\/\/webdelmaestrocmf.com\/portal\/wp-content\/uploads\/2021\/07\/1-103-768x401.jpg 768w, https:\/\/webdelmaestrocmf.com\/portal\/wp-content\/uploads\/2021\/07\/1-103-110x57.jpg 110w, https:\/\/webdelmaestrocmf.com\/portal\/wp-content\/uploads\/2021\/07\/1-103-200x104.jpg 200w, https:\/\/webdelmaestrocmf.com\/portal\/wp-content\/uploads\/2021\/07\/1-103-380x198.jpg 380w, https:\/\/webdelmaestrocmf.com\/portal\/wp-content\/uploads\/2021\/07\/1-103-255x133.jpg 255w, https:\/\/webdelmaestrocmf.com\/portal\/wp-content\/uploads\/2021\/07\/1-103-550x287.jpg 550w, https:\/\/webdelmaestrocmf.com\/portal\/wp-content\/uploads\/2021\/07\/1-103-800x417.jpg 800w, https:\/\/webdelmaestrocmf.com\/portal\/wp-content\/uploads\/2021\/07\/1-103-220x115.jpg 220w, https:\/\/webdelmaestrocmf.com\/portal\/wp-content\/uploads\/2021\/07\/1-103-400x209.jpg 400w, https:\/\/webdelmaestrocmf.com\/portal\/wp-content\/uploads\/2021\/07\/1-103-760x397.jpg 760w, https:\/\/webdelmaestrocmf.com\/portal\/wp-content\/uploads\/2021\/07\/1-103-510x266.jpg 510w, https:\/\/webdelmaestrocmf.com\/portal\/wp-content\/uploads\/2021\/07\/1-103-600x313.jpg 600w, https:\/\/webdelmaestrocmf.com\/portal\/wp-content\/uploads\/2021\/07\/1-103.jpg 1100w\" sizes=\"auto, (max-width: 1024px) 100vw, 1024px\" \/><\/p>\n<p style=\"text-align: justify;\">Que, conforme a lo establecido en el Anexo 04 de la versi\u00f3n actualizada de la Directiva N\u00b0 002-2015-SERVIR\/GDSRH \u00abNormas para la gesti\u00f3n del proceso de administraci\u00f3n de puestos y elaboraci\u00f3n y aprobaci\u00f3n del Cuadro de Puestos de la Entidad &#8211; CPE\u00bb, aprobada por Resoluci\u00f3n de Presidencia Ejecutiva N\u00b0 057-2016-SERVIRPE y modificada por Resoluci\u00f3n de Presidencia Ejecutiva N\u00b0 092-2016-SERVIR-PE, el Clasificador de Cargos de la Carrera P\u00fablica Magisterial es un instrumento de gesti\u00f3n necesario para la elaboraci\u00f3n del Cuadro para Asignaci\u00f3n de Personal Provisional &#8211; CAP Provisional y Perfiles de Cargos;<\/p>\n<p style=\"text-align: justify;\">Que, mediante la Resoluci\u00f3n Viceministerial N\u00b0 093-2021-MINEDU se aprob\u00f3 el Clasificador de Cargos de la Carrera P\u00fablica Magisterial cuyo objetivo general es establecer y ordenar los cargos de la Carrera P\u00fablica Magisterial, seg\u00fan las distintas \u00e1reas de desempe\u00f1o docente establecidas en la Ley de Reforma Magisterial, definiendo sus funciones principales y requisitos m\u00ednimos para su cobertura;<\/p>\n<p style=\"text-align: justify;\">Que, asimismo, mediante la Resoluci\u00f3n Viceministerial N\u00b0 051-2021-MINEDU, se aprob\u00f3 el documento normativo denominado \u00abDisposiciones para la gesti\u00f3n de cargos en las \u00e1reas de desempe\u00f1o laboral de la Carrera P\u00fablica Magisterial\u00bb cuyo objetivo es establecer acciones t\u00e9cnicas y administrativas para la creaci\u00f3n, normalizaci\u00f3n o supresi\u00f3n de cargos en las \u00e1reas de desempe\u00f1o laboral por necesidad del servicio educativo, a fin de atender las caracter\u00edsticas y requerimientos de las diversas modalidades, de conformidad con lo regulado en la Ley N\u00b0 29944 y su Reglamento, aprobado por el Decreto Supremo N\u00b0 004-2013-ED;<\/p>\n<p style=\"text-align: justify;\">Que, bajo ese marco normativo, mediante los Oficios N\u00b0 00388-2021-MINEDU\/VMGP-DIGEDD y N\u00b0 00476-2021-MINEDU\/VMGP-DIGEDD, la Direcci\u00f3n General de Desarrollo Docente remite al Despacho Viceministerial de Gesti\u00f3n Pedag\u00f3gica los informes N\u00b0 00360-2021-MINEDU\/VMGP-DIGEDD-DITEN y N\u00b0 00440-2021-MINEDU\/VMGP-DIGEDD-DITEN, respectivamente, elaborados por la Direcci\u00f3n T\u00e9cnico Normativa de Docentes, dependiente de la referida Direcci\u00f3n General, que sustentan: (i) la aprobaci\u00f3n de los perfiles de cargos de Director y Subdirector de Instituciones Educativas P\u00fablicas de Educaci\u00f3n B\u00e1sica; (ii) la aprobaci\u00f3n de la clasificaci\u00f3n del cargo de Profesor Coordinador de Programas No Escolarizados de Educaci\u00f3n Inicial; (iii) la exclusi\u00f3n del Clasificador de Cargos del Ministerio de Educaci\u00f3n del cargo de Coordinador de Programa No Escolarizado; (iv) la incorporaci\u00f3n en el Clasificador de Cargos de la Carrera P\u00fablica Magisterial del cargo de Profesor Coordinador de Programas no Escolarizados de Educaci\u00f3n Inicial; (v) la aprobaci\u00f3n del perfil de cargo de Profesor Coordinador de Programas No Escolarizados de Educaci\u00f3n Inicial (en adelante, la propuesta);<\/p>\n<p style=\"text-align: justify;\">Que, conforme se desprende de los citados informes, se advierte que los extremos de la propuesta referidos a la aprobaci\u00f3n de la clasificaci\u00f3n y del perfil de cargo de Profesor Coordinador de Programas no escolarizados de educaci\u00f3n inicial han sido formulados mediante el Informe N\u00b0 00271-2021-MINEDU\/VMGP-DIGEBR-DEI elaborado por la Direcci\u00f3n de Educaci\u00f3n Inicial (DEI) de la Direcci\u00f3n General de Educaci\u00f3n B\u00e1sica Regular (DIGEBR) y cuenta con la opini\u00f3n favorable de la Direcci\u00f3n General de Educaci\u00f3n B\u00e1sica Alternativa, Intercultural Biling\u00fce y de Servicios Educativos en el \u00c1mbito Rural (DIGEIBIRA);<\/p>\n<p style=\"text-align: justify;\">Que, asimismo, el extremo de la propuesta referido a la aprobaci\u00f3n de los perfiles de cargo de Director y Subdirector de Instituciones Educativas P\u00fablicas de Educaci\u00f3n B\u00e1sica ha sido formulada mediante el Informe N\u00b0 00028-2021-MINEDU\/VMGI-DIGC elaborado por la Direcci\u00f3n General de Calidad de la Gesti\u00f3n Escolar (DIGC) y cuenta con la opini\u00f3n favorable de la Direcci\u00f3n General de Educaci\u00f3n B\u00e1sica Regular (DIGEBR), de la Direcci\u00f3n General de Educaci\u00f3n B\u00e1sica Alternativa, Intercultural Biling\u00fce y de Servicios Educativos en el \u00c1mbito Rural (DIGEIBIRA) y de la Direcci\u00f3n General de Servicios Educativos Especializados (DIGESE);<\/p>\n<p style=\"text-align: justify;\">Que mediante el Informe N\u00b0 00733-2021-MINEDU\/SPE-OPEP-UPP, la Unidad de Planificaci\u00f3n y Presupuesto de la Oficina de Planificaci\u00f3n Estrat\u00e9gica y Presupuesto, dependiente de la Secretar\u00eda de Planificaci\u00f3n Estrat\u00e9gica, emite opini\u00f3n favorable a la propuesta dado que se encuentra alineada con los objetivos y acciones estrat\u00e9gicas e institucionales del Sector Educaci\u00f3n y desde el punto de vista presupuestal, no irroga gastos adicionales a los programados en el presupuesto institucional del Pliego 010: Ministerio de Educaci\u00f3n;<\/p>\n<p style=\"text-align: justify;\">Que, mediante el Informe N\u00b0 00866-2021-MINEDU\/SG-OGAJ, la Oficina General de Asesor\u00eda Jur\u00eddica emite opini\u00f3n legal favorable a la propuesta y recomend\u00f3 continuar con el tr\u00e1mite correspondiente para su aprobaci\u00f3n;<\/p>\n<p style=\"text-align: justify;\">De conformidad con la Ley N\u00b0 31224, Ley de Organizaci\u00f3n y Funciones del Ministerio de Educaci\u00f3n; la Ley N\u00b0 29944, Ley de Reforma Magisterial, el Reglamento de la Ley N\u00b0 29944, aprobado por Decreto Supremo N\u00b0 004-2013-ED; el Reglamento de Organizaci\u00f3n y Funciones del Ministerio de Educaci\u00f3n, aprobado por Decreto Supremo N\u00ba 001-2015-MINEDU; y, en virtud de las facultades delegadas mediante Resoluci\u00f3n Ministerial N\u00b0 571-2020-MINEDU.<\/p>\n<h5 style=\"text-align: justify;\"><strong>SE RESUELVE:<\/strong><\/h5>\n<p style=\"text-align: justify;\"><strong>Art\u00edculo 1.-<\/strong>\u00a0Aprobar los perfiles de cargo de Director y Subdirector de Instituciones Educativas P\u00fablicas de Educaci\u00f3n B\u00e1sica, conforme se detalla en el Anexo N\u00b0 1 que forma parte integrante de la presente resoluci\u00f3n.<\/p>\n<p style=\"text-align: justify;\"><strong>Art\u00edculo 2.-<\/strong>\u00a0Aprobar la clasificaci\u00f3n del cargo de Profesor Coordinador de Programas No Escolarizados de Educaci\u00f3n Inicial, conforme se detalla en el Anexo N\u00b0 2 que forma parte integrante de la presente resoluci\u00f3n.<\/p>\n<p style=\"text-align: justify;\"><strong>Art\u00edculo 3.-<\/strong>\u00a0Excluir del Clasificador de Cargos del Ministerio de Educaci\u00f3n, aprobado mediante Resoluci\u00f3n Ministerial N\u00b0 0091-2012-ED y sus modificatorias, el cargo de Coordinador de Programa No Escolarizado, cuyo cargo equivalente se incorpora al Clasificador de Cargos de la Carrera P\u00fablica Magisterial, seg\u00fan los t\u00e9rminos de la siguiente Tabla de Equivalencias que se incorpora al Anexo N\u00b0 01 del Clasificador de Cargos de la Carrera P\u00fablica Magisterial, aprobado mediante Resoluci\u00f3n Viceministerial N\u00b0 093-2021-MINEDU:<\/p>\n<table class=\"nl1\">\n<tbody>\n<tr>\n<td class=\"t1\">R. M. N\u00b0 0091-2012-ED que aprueba el Manual de Clasificador de Cargos del MINEDU<\/td>\n<td class=\"t1\">Cargo Estructural del Clasificador de Cargos<\/td>\n<\/tr>\n<tr>\n<td>Coordinador de Programa No Escolarizado<\/td>\n<td>Profesor Coordinador de Programas no escolarizados de educaci\u00f3n inicial<\/td>\n<\/tr>\n<\/tbody>\n<\/table>\n<p style=\"text-align: justify;\"><strong>Art\u00edculo 4.<\/strong>&#8211; Aprobar el perfil de cargo de Profesor Coordinador de Programas No Escolarizados de Educaci\u00f3n Inicial, conforme se detalla en el Anexo N\u00b0 3 que forma parte integrante de la presente resoluci\u00f3n.<\/p>\n<p style=\"text-align: justify;\"><strong>Art\u00edculo 5.-<\/strong>\u00a0Disponer que las instancias de gesti\u00f3n educativa descentralizada del Ministerio de Educaci\u00f3n, adec\u00faen sus instrumentos de gesti\u00f3n de recursos humanos, seg\u00fan corresponda, de acuerdo a lo establecido en la presente resoluci\u00f3n.<\/p>\n<p style=\"text-align: justify;\"><strong>Art\u00edculo 6.-<\/strong>\u00a0Disponer la publicaci\u00f3n de la presente resoluci\u00f3n y sus anexos en el\u00a0Sistema de Informaci\u00f3n Jur\u00eddica del Ministerio de Educaci\u00f3n &#8211; SIJE, ubicado en el Portal Institucional del Ministerio de Educaci\u00f3n (<a href=\"http:\/\/www.gob.pe\/minedu\" target=\"_blank\" rel=\"noopener\">www.gob.pe\/minedu<\/a>), el mismo d\u00eda de su publicaci\u00f3n en el\u00a0diario oficial \u00abEl Peruano\u00bb.<\/p>\n<p><iframe loading=\"lazy\" src=\"https:\/\/drive.google.com\/file\/d\/1uoBzUiLrKJXyv9OgWD8BW8MxbB3HzBIi\/preview\" width=\"100%\" height=\"480\"><\/iframe><\/p>\n<p style=\"text-align: center;\">Recomendamos a la Comunidad Educativa Digital tener en cuenta que, el enlace y\/o la carpeta en donde est\u00e1n alojados los libros, recursos y\/o materiales, no es administrado por la Web del Maestro CMF, pueda ser que en cuesti\u00f3n de d\u00edas (o seg\u00fan el tiempo transcurrido desde su publicaci\u00f3n), los enlaces no funcionen y el material ya no se encuentre disponible. Gracias por su comprensi\u00f3n.<\/p>\n<h3>ENLACE DE LECTURA:<\/h3>\n<p style=\"text-align: center;\">\u00a1Comparte y as\u00ed m\u00e1s docentes utilizar\u00e1n estos recursos\u00a0gratis! Muchas gracias.<\/p>\n<p style=\"text-align: center;\">LECTURA 1: <span style=\"color: #000000;\"><a style=\"color: #000000;\" href=\"https:\/\/drive.google.com\/file\/d\/1uoBzUiLrKJXyv9OgWD8BW8MxbB3HzBIi\/view?fbclid=IwAR1bhNf8ZAY7hWluYBzkaQRyJvi9SY2FCY7r6YaExBs7DG4ingbxHlO0bEI\" target=\"_blank\" rel=\"noopener\">CONOCE LOS PERFILES QUE SE NECESITAN PARA SER DIRECTOR Y SUB DIRECTOR EN UNA INSTITUCI\u00d3N EDUCATIVA &#8211; MINEDU<\/a><\/span><\/p>\n\t\t<div class=\"pk-inline-posts\">\n\t\t\t\n\t\t\t<div class=\"pk-inline-posts-container pk-inline-posts-template-list\"\n\t\t\t\tdata-columns=\"1\">\n\t\t\t\t\t\t<article id=\"post-118538\" class=\"post-118538 post type-post status-publish format-standard has-post-thumbnail category-descargas-manuales-pdf category-pedagogia category-tea tag-aprendizaje tag-aula tag-crisis-educativa tag-docentes tag-educacion-3 tag-escuela tag-pedagogia-3 tag-reflexion-docente-2 tag-rol-docente tag-sistema-educativo cs-entry cs-video-wrap\">\n\t\t\t<div class=\"pk-post-outer\">\n\n\t\t\t\t\t\t\t\t<div class=\"pk-post-inner\">\n\t\t\t\t\t<div class=\"entry-thumbnail\">\n\t\t\t\t\t\t<div class=\"pk-overlay pk-overlay-ratio pk-ratio-landscape\">\n\t\t\t\t\t\t\t<div class=\"pk-overlay-background\">\n\t\t\t\t\t\t\t\t<a href=\"https:\/\/webdelmaestrocmf.com\/portal\/nuevo-recurso-clave-para-el-aula-descarga-una-lista-de-control-para-la-deteccion-inicial-del-tea-trastorno-del-espectro-autista\/\" class=\"pk-overlay-link\">\n\t\t\t\t\t\t\t\t\t<img loading=\"lazy\" decoding=\"async\" width=\"300\" height=\"225\" src=\"https:\/\/webdelmaestrocmf.com\/portal\/wp-content\/uploads\/2026\/05\/1AA-Banner-1-portada-imagen-10-1-copia-1-300x225.webp\" class=\"attachment-pk-thumbnail size-pk-thumbnail wp-post-image\" alt=\"\" \/>\t\t\t\t\t\t\t\t<\/a>\n\t\t\t\t\t\t\t<\/div>\n\t\t\t\t\t\t<\/div>\n\t\t\t\t\t<\/div>\n\t\t\t\t<\/div>\n\t\t\t\t\n\t\t\t\t<div class=\"pk-post-inner\">\n\t\t\t\t\t<header>\n\t\t\t\t\t\t<h3 class=\"pk-title\"><a href=\"https:\/\/webdelmaestrocmf.com\/portal\/nuevo-recurso-clave-para-el-aula-descarga-una-lista-de-control-para-la-deteccion-inicial-del-tea-trastorno-del-espectro-autista\/\" rel=\"bookmark\">Nuevo recurso clave para el aula: descarga una lista de control para la detecci\u00f3n inicial del TEA (Trastorno del Espectro Autista)<\/a><\/h3>\t\t\t\t\t<\/header><!-- .entry-header -->\n\t\t\t\t<\/div><!-- .post-inner -->\n\n\t\t\t<\/div><!-- .post-outer -->\n\t\t<\/article>\n\t\t\t\t<\/div>\n\t\t<\/div>\n\t\t\n","protected":false},"excerpt":{"rendered":"Que, el art\u00edculo 3 de la Ley N\u00b0 31224, Ley de Organizaci\u00f3n y Funciones del Ministerio de Educaci\u00f3n&hellip;","protected":false},"author":1,"featured_media":65487,"comment_status":"open","ping_status":"closed","sticky":false,"template":"","format":"standard","meta":{"csco_display_header_overlay":false,"csco_singular_sidebar":"default","csco_page_header_type":"default","csco_page_load_nextpost":"default","csco_post_video_location":[],"csco_post_video_location_hash":"","csco_post_video_url":"","csco_post_video_bg_start_time":0,"csco_post_video_bg_end_time":0,"csco_post_video_bg_volume":false,"_jetpack_memberships_contains_paid_content":false,"footnotes":""},"categories":[2004,735],"tags":[2330,3673,13830,13831],"class_list":{"0":"post-65484","1":"post","2":"type-post","3":"status-publish","4":"format-standard","5":"has-post-thumbnail","7":"category-descargas-manuales-pdf","8":"category-pedagogia","9":"tag-director","10":"tag-necesitan","11":"tag-perfiles","12":"tag-sub-director","13":"cs-entry","14":"cs-video-wrap"},"yoast_head":"<!-- This site is optimized with the Yoast SEO plugin v27.5 - https:\/\/yoast.com\/product\/yoast-seo-wordpress\/ -->\n<title>Conoce los perfiles que se necesitan para ser Director y Sub Director en una Instituci\u00f3n Educativa - MINEDU - 2026<\/title>\n<meta name=\"description\" content=\"Que, el art\u00edculo 3 de la Ley N\u00b0 31224, Ley de Organizaci\u00f3n y Funciones del Ministerio de Educaci\u00f3n del Per\u00fa, establece que el Sector...\" \/>\n<meta name=\"robots\" content=\"index, follow, max-snippet:-1, max-image-preview:large, max-video-preview:-1\" \/>\n<link rel=\"canonical\" href=\"https:\/\/webdelmaestrocmf.com\/portal\/conoce-los-perfiles-que-se-necesitan-para-ser-director-y-sub-director-en-una-institucion-educativa-minedu-julio-2021\/\" \/>\n<meta property=\"og:locale\" content=\"es_ES\" \/>\n<meta property=\"og:type\" content=\"article\" \/>\n<meta property=\"og:title\" content=\"Conoce los perfiles que se necesitan para ser Director y Sub Director en una Instituci\u00f3n Educativa - MINEDU - 2026\" \/>\n<meta property=\"og:description\" content=\"Que, el art\u00edculo 3 de la Ley N\u00b0 31224, Ley de Organizaci\u00f3n y Funciones del Ministerio de Educaci\u00f3n del Per\u00fa, establece que el Sector...\" \/>\n<meta property=\"og:url\" content=\"https:\/\/webdelmaestrocmf.com\/portal\/conoce-los-perfiles-que-se-necesitan-para-ser-director-y-sub-director-en-una-institucion-educativa-minedu-julio-2021\/\" \/>\n<meta property=\"og:site_name\" content=\"Web del Maestro CMF\" \/>\n<meta property=\"article:publisher\" content=\"https:\/\/www.facebook.com\/WebdelMaestroCMF\/\" \/>\n<meta property=\"article:author\" content=\"https:\/\/www.facebook.com\/WebdelMaestroCMF\/\" \/>\n<meta property=\"article:published_time\" content=\"2021-07-19T21:26:41+00:00\" \/>\n<meta property=\"article:modified_time\" content=\"2022-07-09T00:28:37+00:00\" \/>\n<meta property=\"og:image\" content=\"https:\/\/i0.wp.com\/webdelmaestrocmf.com\/portal\/wp-content\/uploads\/2021\/07\/1-102.jpg?fit=1100%2C680&ssl=1\" \/>\n\t<meta property=\"og:image:width\" content=\"1100\" \/>\n\t<meta property=\"og:image:height\" content=\"680\" \/>\n\t<meta property=\"og:image:type\" content=\"image\/jpeg\" \/>\n<meta name=\"author\" content=\"Web del Maestro CMF\" \/>\n<meta name=\"twitter:card\" content=\"summary_large_image\" \/>\n<meta name=\"twitter:creator\" content=\"@cmf_w\" \/>\n<meta name=\"twitter:site\" content=\"@cmf_w\" \/>\n<script type=\"application\/ld+json\" class=\"yoast-schema-graph\">{\"@context\":\"https:\\\/\\\/schema.org\",\"@graph\":[{\"@type\":\"ScholarlyArticle\",\"@id\":\"https:\\\/\\\/webdelmaestrocmf.com\\\/portal\\\/conoce-los-perfiles-que-se-necesitan-para-ser-director-y-sub-director-en-una-institucion-educativa-minedu-julio-2021\\\/#article\",\"isPartOf\":{\"@id\":\"https:\\\/\\\/webdelmaestrocmf.com\\\/portal\\\/conoce-los-perfiles-que-se-necesitan-para-ser-director-y-sub-director-en-una-institucion-educativa-minedu-julio-2021\\\/\"},\"author\":{\"name\":\"Web del Maestro CMF\",\"@id\":\"https:\\\/\\\/webdelmaestrocmf.com\\\/portal\\\/#\\\/schema\\\/person\\\/1072a2ed7bd960df8ef99a551fa35dc5\"},\"headline\":\"Conoce los perfiles que se necesitan para ser Director y Sub Director en una Instituci\u00f3n Educativa &#8211; MINEDU\",\"datePublished\":\"2021-07-19T21:26:41+00:00\",\"dateModified\":\"2022-07-09T00:28:37+00:00\",\"mainEntityOfPage\":{\"@id\":\"https:\\\/\\\/webdelmaestrocmf.com\\\/portal\\\/conoce-los-perfiles-que-se-necesitan-para-ser-director-y-sub-director-en-una-institucion-educativa-minedu-julio-2021\\\/\"},\"wordCount\":1663,\"commentCount\":0,\"publisher\":{\"@id\":\"https:\\\/\\\/webdelmaestrocmf.com\\\/portal\\\/#organization\"},\"image\":{\"@id\":\"https:\\\/\\\/webdelmaestrocmf.com\\\/portal\\\/conoce-los-perfiles-que-se-necesitan-para-ser-director-y-sub-director-en-una-institucion-educativa-minedu-julio-2021\\\/#primaryimage\"},\"thumbnailUrl\":\"https:\\\/\\\/webdelmaestrocmf.com\\\/portal\\\/wp-content\\\/uploads\\\/2021\\\/07\\\/1-102.jpg\",\"keywords\":[\"DIRECTOR\",\"NECESITAN\",\"perfiles\",\"Sub Director\"],\"articleSection\":[\"Descargas Manuales PDF\",\"Recursos\"],\"inLanguage\":\"es\",\"potentialAction\":[{\"@type\":\"CommentAction\",\"name\":\"Comment\",\"target\":[\"https:\\\/\\\/webdelmaestrocmf.com\\\/portal\\\/conoce-los-perfiles-que-se-necesitan-para-ser-director-y-sub-director-en-una-institucion-educativa-minedu-julio-2021\\\/#respond\"]}]},{\"@type\":\"WebPage\",\"@id\":\"https:\\\/\\\/webdelmaestrocmf.com\\\/portal\\\/conoce-los-perfiles-que-se-necesitan-para-ser-director-y-sub-director-en-una-institucion-educativa-minedu-julio-2021\\\/\",\"url\":\"https:\\\/\\\/webdelmaestrocmf.com\\\/portal\\\/conoce-los-perfiles-que-se-necesitan-para-ser-director-y-sub-director-en-una-institucion-educativa-minedu-julio-2021\\\/\",\"name\":\"Conoce los perfiles que se necesitan para ser Director y Sub Director en una Instituci\u00f3n Educativa - MINEDU - 2026\",\"isPartOf\":{\"@id\":\"https:\\\/\\\/webdelmaestrocmf.com\\\/portal\\\/#website\"},\"primaryImageOfPage\":{\"@id\":\"https:\\\/\\\/webdelmaestrocmf.com\\\/portal\\\/conoce-los-perfiles-que-se-necesitan-para-ser-director-y-sub-director-en-una-institucion-educativa-minedu-julio-2021\\\/#primaryimage\"},\"image\":{\"@id\":\"https:\\\/\\\/webdelmaestrocmf.com\\\/portal\\\/conoce-los-perfiles-que-se-necesitan-para-ser-director-y-sub-director-en-una-institucion-educativa-minedu-julio-2021\\\/#primaryimage\"},\"thumbnailUrl\":\"https:\\\/\\\/webdelmaestrocmf.com\\\/portal\\\/wp-content\\\/uploads\\\/2021\\\/07\\\/1-102.jpg\",\"datePublished\":\"2021-07-19T21:26:41+00:00\",\"dateModified\":\"2022-07-09T00:28:37+00:00\",\"description\":\"Que, el art\u00edculo 3 de la Ley N\u00b0 31224, Ley de Organizaci\u00f3n y Funciones del Ministerio de Educaci\u00f3n del Per\u00fa, establece que el Sector...\",\"breadcrumb\":{\"@id\":\"https:\\\/\\\/webdelmaestrocmf.com\\\/portal\\\/conoce-los-perfiles-que-se-necesitan-para-ser-director-y-sub-director-en-una-institucion-educativa-minedu-julio-2021\\\/#breadcrumb\"},\"inLanguage\":\"es\",\"potentialAction\":[{\"@type\":\"ReadAction\",\"target\":[\"https:\\\/\\\/webdelmaestrocmf.com\\\/portal\\\/conoce-los-perfiles-que-se-necesitan-para-ser-director-y-sub-director-en-una-institucion-educativa-minedu-julio-2021\\\/\"]}]},{\"@type\":\"ImageObject\",\"inLanguage\":\"es\",\"@id\":\"https:\\\/\\\/webdelmaestrocmf.com\\\/portal\\\/conoce-los-perfiles-que-se-necesitan-para-ser-director-y-sub-director-en-una-institucion-educativa-minedu-julio-2021\\\/#primaryimage\",\"url\":\"https:\\\/\\\/webdelmaestrocmf.com\\\/portal\\\/wp-content\\\/uploads\\\/2021\\\/07\\\/1-102.jpg\",\"contentUrl\":\"https:\\\/\\\/webdelmaestrocmf.com\\\/portal\\\/wp-content\\\/uploads\\\/2021\\\/07\\\/1-102.jpg\",\"width\":1100,\"height\":680},{\"@type\":\"BreadcrumbList\",\"@id\":\"https:\\\/\\\/webdelmaestrocmf.com\\\/portal\\\/conoce-los-perfiles-que-se-necesitan-para-ser-director-y-sub-director-en-una-institucion-educativa-minedu-julio-2021\\\/#breadcrumb\",\"itemListElement\":[{\"@type\":\"ListItem\",\"position\":1,\"name\":\"Portada\",\"item\":\"https:\\\/\\\/webdelmaestrocmf.com\\\/portal\\\/\"},{\"@type\":\"ListItem\",\"position\":2,\"name\":\"Recursos\",\"item\":\"https:\\\/\\\/webdelmaestrocmf.com\\\/portal\\\/category\\\/pedagogia\\\/\"},{\"@type\":\"ListItem\",\"position\":3,\"name\":\"Descargas Manuales PDF\",\"item\":\"https:\\\/\\\/webdelmaestrocmf.com\\\/portal\\\/category\\\/pedagogia\\\/descargas-manuales-pdf\\\/\"},{\"@type\":\"ListItem\",\"position\":4,\"name\":\"Conoce los perfiles que se necesitan para ser Director y Sub Director en una Instituci\u00f3n Educativa &#8211; MINEDU\"}]},{\"@type\":\"WebSite\",\"@id\":\"https:\\\/\\\/webdelmaestrocmf.com\\\/portal\\\/#website\",\"url\":\"https:\\\/\\\/webdelmaestrocmf.com\\\/portal\\\/\",\"name\":\"Web del Maestro CMF\",\"description\":\"Maestros al servicio de la educaci\u00f3n\",\"publisher\":{\"@id\":\"https:\\\/\\\/webdelmaestrocmf.com\\\/portal\\\/#organization\"},\"alternateName\":\"WMCMF\",\"potentialAction\":[{\"@type\":\"SearchAction\",\"target\":{\"@type\":\"EntryPoint\",\"urlTemplate\":\"https:\\\/\\\/webdelmaestrocmf.com\\\/portal\\\/?s={search_term_string}\"},\"query-input\":{\"@type\":\"PropertyValueSpecification\",\"valueRequired\":true,\"valueName\":\"search_term_string\"}}],\"inLanguage\":\"es\"},{\"@type\":\"Organization\",\"@id\":\"https:\\\/\\\/webdelmaestrocmf.com\\\/portal\\\/#organization\",\"name\":\"Web del Maestro CMF\",\"alternateName\":\"WMCMF\",\"url\":\"https:\\\/\\\/webdelmaestrocmf.com\\\/portal\\\/\",\"logo\":{\"@type\":\"ImageObject\",\"inLanguage\":\"es\",\"@id\":\"https:\\\/\\\/webdelmaestrocmf.com\\\/portal\\\/#\\\/schema\\\/logo\\\/image\\\/\",\"url\":\"https:\\\/\\\/webdelmaestrocmf.com\\\/portal\\\/wp-content\\\/uploads\\\/2023\\\/01\\\/logo-wmcmf-2.png\",\"contentUrl\":\"https:\\\/\\\/webdelmaestrocmf.com\\\/portal\\\/wp-content\\\/uploads\\\/2023\\\/01\\\/logo-wmcmf-2.png\",\"width\":200,\"height\":60,\"caption\":\"Web del Maestro CMF\"},\"image\":{\"@id\":\"https:\\\/\\\/webdelmaestrocmf.com\\\/portal\\\/#\\\/schema\\\/logo\\\/image\\\/\"},\"sameAs\":[\"https:\\\/\\\/www.facebook.com\\\/WebdelMaestroCMF\\\/\",\"https:\\\/\\\/x.com\\\/cmf_w\",\"https:\\\/\\\/www.pinterest.com\\\/WMCMF\\\/\",\"https:\\\/\\\/www.linkedin.com\\\/company\\\/web-del-maestro-cmf\\\/\",\"https:\\\/\\\/www.instagram.com\\\/wmcmf\\\/\",\"https:\\\/\\\/www.youtube.com\\\/channel\\\/UCDPSvjbdodE5sHnC3OxutHw\",\"https:\\\/\\\/mastodon.social\\\/@wmcmf\",\"https:\\\/\\\/www.tiktok.com\\\/@webdelmaestrocmf\"]},{\"@type\":\"Person\",\"@id\":\"https:\\\/\\\/webdelmaestrocmf.com\\\/portal\\\/#\\\/schema\\\/person\\\/1072a2ed7bd960df8ef99a551fa35dc5\",\"name\":\"Web del Maestro CMF\",\"image\":{\"@type\":\"ImageObject\",\"inLanguage\":\"es\",\"@id\":\"https:\\\/\\\/secure.gravatar.com\\\/avatar\\\/23291dd5b5ae1077dcff3dbb04c3e02bd28403fa75af6d8787d5e97c5bbbe30b?s=96&d=mm&r=g\",\"url\":\"https:\\\/\\\/secure.gravatar.com\\\/avatar\\\/23291dd5b5ae1077dcff3dbb04c3e02bd28403fa75af6d8787d5e97c5bbbe30b?s=96&d=mm&r=g\",\"contentUrl\":\"https:\\\/\\\/secure.gravatar.com\\\/avatar\\\/23291dd5b5ae1077dcff3dbb04c3e02bd28403fa75af6d8787d5e97c5bbbe30b?s=96&d=mm&r=g\",\"caption\":\"Web del Maestro CMF\"},\"description\":\"Esta Web se cre\u00f3 sin fines de lucro, con fines educativos, cient\u00edficos y acad\u00e9micos, para personas que tengan dificultades y\\\/o inconvenientes en visualizar el material original. El objetivo es entregar recursos, compartir experiencias y materiales que ayuden a los padres de familia, maestros y estudiantes en su actualizaci\u00f3n y formaci\u00f3n permanente, en bien de la Educaci\u00f3n.\",\"sameAs\":[\"http:\\\/\\\/webdelmaestrocmf.com\\\/portal\",\"https:\\\/\\\/www.facebook.com\\\/WebdelMaestroCMF\\\/\",\"https:\\\/\\\/www.instagram.com\\\/wmcmf\\\/\",\"https:\\\/\\\/cl.linkedin.com\\\/company\\\/web-del-maestro-cmf\",\"https:\\\/\\\/www.pinterest.com\\\/WMCMF\\\/publicaciones\\\/\",\"https:\\\/\\\/x.com\\\/cmf_w\",\"https:\\\/\\\/www.youtube.com\\\/@WMCMF\"]}]}<\/script>\n<!-- \/ Yoast SEO plugin. -->","yoast_head_json":{"title":"Conoce los perfiles que se necesitan para ser Director y Sub Director en una Instituci\u00f3n Educativa - MINEDU - 2026","description":"Que, el art\u00edculo 3 de la Ley N\u00b0 31224, Ley de Organizaci\u00f3n y Funciones del Ministerio de Educaci\u00f3n del Per\u00fa, establece que el Sector...","robots":{"index":"index","follow":"follow","max-snippet":"max-snippet:-1","max-image-preview":"max-image-preview:large","max-video-preview":"max-video-preview:-1"},"canonical":"https:\/\/webdelmaestrocmf.com\/portal\/conoce-los-perfiles-que-se-necesitan-para-ser-director-y-sub-director-en-una-institucion-educativa-minedu-julio-2021\/","og_locale":"es_ES","og_type":"article","og_title":"Conoce los perfiles que se necesitan para ser Director y Sub Director en una Instituci\u00f3n Educativa - MINEDU - 2026","og_description":"Que, el art\u00edculo 3 de la Ley N\u00b0 31224, Ley de Organizaci\u00f3n y Funciones del Ministerio de Educaci\u00f3n del Per\u00fa, establece que el Sector...","og_url":"https:\/\/webdelmaestrocmf.com\/portal\/conoce-los-perfiles-que-se-necesitan-para-ser-director-y-sub-director-en-una-institucion-educativa-minedu-julio-2021\/","og_site_name":"Web del Maestro CMF","article_publisher":"https:\/\/www.facebook.com\/WebdelMaestroCMF\/","article_author":"https:\/\/www.facebook.com\/WebdelMaestroCMF\/","article_published_time":"2021-07-19T21:26:41+00:00","article_modified_time":"2022-07-09T00:28:37+00:00","og_image":[{"width":1100,"height":680,"url":"https:\/\/i0.wp.com\/webdelmaestrocmf.com\/portal\/wp-content\/uploads\/2021\/07\/1-102.jpg?fit=1100%2C680&ssl=1","type":"image\/jpeg"}],"author":"Web del Maestro CMF","twitter_card":"summary_large_image","twitter_creator":"@cmf_w","twitter_site":"@cmf_w","schema":{"@context":"https:\/\/schema.org","@graph":[{"@type":"ScholarlyArticle","@id":"https:\/\/webdelmaestrocmf.com\/portal\/conoce-los-perfiles-que-se-necesitan-para-ser-director-y-sub-director-en-una-institucion-educativa-minedu-julio-2021\/#article","isPartOf":{"@id":"https:\/\/webdelmaestrocmf.com\/portal\/conoce-los-perfiles-que-se-necesitan-para-ser-director-y-sub-director-en-una-institucion-educativa-minedu-julio-2021\/"},"author":{"name":"Web del Maestro CMF","@id":"https:\/\/webdelmaestrocmf.com\/portal\/#\/schema\/person\/1072a2ed7bd960df8ef99a551fa35dc5"},"headline":"Conoce los perfiles que se necesitan para ser Director y Sub Director en una Instituci\u00f3n Educativa &#8211; MINEDU","datePublished":"2021-07-19T21:26:41+00:00","dateModified":"2022-07-09T00:28:37+00:00","mainEntityOfPage":{"@id":"https:\/\/webdelmaestrocmf.com\/portal\/conoce-los-perfiles-que-se-necesitan-para-ser-director-y-sub-director-en-una-institucion-educativa-minedu-julio-2021\/"},"wordCount":1663,"commentCount":0,"publisher":{"@id":"https:\/\/webdelmaestrocmf.com\/portal\/#organization"},"image":{"@id":"https:\/\/webdelmaestrocmf.com\/portal\/conoce-los-perfiles-que-se-necesitan-para-ser-director-y-sub-director-en-una-institucion-educativa-minedu-julio-2021\/#primaryimage"},"thumbnailUrl":"https:\/\/webdelmaestrocmf.com\/portal\/wp-content\/uploads\/2021\/07\/1-102.jpg","keywords":["DIRECTOR","NECESITAN","perfiles","Sub Director"],"articleSection":["Descargas Manuales PDF","Recursos"],"inLanguage":"es","potentialAction":[{"@type":"CommentAction","name":"Comment","target":["https:\/\/webdelmaestrocmf.com\/portal\/conoce-los-perfiles-que-se-necesitan-para-ser-director-y-sub-director-en-una-institucion-educativa-minedu-julio-2021\/#respond"]}]},{"@type":"WebPage","@id":"https:\/\/webdelmaestrocmf.com\/portal\/conoce-los-perfiles-que-se-necesitan-para-ser-director-y-sub-director-en-una-institucion-educativa-minedu-julio-2021\/","url":"https:\/\/webdelmaestrocmf.com\/portal\/conoce-los-perfiles-que-se-necesitan-para-ser-director-y-sub-director-en-una-institucion-educativa-minedu-julio-2021\/","name":"Conoce los perfiles que se necesitan para ser Director y Sub Director en una Instituci\u00f3n Educativa - MINEDU - 2026","isPartOf":{"@id":"https:\/\/webdelmaestrocmf.com\/portal\/#website"},"primaryImageOfPage":{"@id":"https:\/\/webdelmaestrocmf.com\/portal\/conoce-los-perfiles-que-se-necesitan-para-ser-director-y-sub-director-en-una-institucion-educativa-minedu-julio-2021\/#primaryimage"},"image":{"@id":"https:\/\/webdelmaestrocmf.com\/portal\/conoce-los-perfiles-que-se-necesitan-para-ser-director-y-sub-director-en-una-institucion-educativa-minedu-julio-2021\/#primaryimage"},"thumbnailUrl":"https:\/\/webdelmaestrocmf.com\/portal\/wp-content\/uploads\/2021\/07\/1-102.jpg","datePublished":"2021-07-19T21:26:41+00:00","dateModified":"2022-07-09T00:28:37+00:00","description":"Que, el art\u00edculo 3 de la Ley N\u00b0 31224, Ley de Organizaci\u00f3n y Funciones del Ministerio de Educaci\u00f3n del Per\u00fa, establece que el Sector...","breadcrumb":{"@id":"https:\/\/webdelmaestrocmf.com\/portal\/conoce-los-perfiles-que-se-necesitan-para-ser-director-y-sub-director-en-una-institucion-educativa-minedu-julio-2021\/#breadcrumb"},"inLanguage":"es","potentialAction":[{"@type":"ReadAction","target":["https:\/\/webdelmaestrocmf.com\/portal\/conoce-los-perfiles-que-se-necesitan-para-ser-director-y-sub-director-en-una-institucion-educativa-minedu-julio-2021\/"]}]},{"@type":"ImageObject","inLanguage":"es","@id":"https:\/\/webdelmaestrocmf.com\/portal\/conoce-los-perfiles-que-se-necesitan-para-ser-director-y-sub-director-en-una-institucion-educativa-minedu-julio-2021\/#primaryimage","url":"https:\/\/webdelmaestrocmf.com\/portal\/wp-content\/uploads\/2021\/07\/1-102.jpg","contentUrl":"https:\/\/webdelmaestrocmf.com\/portal\/wp-content\/uploads\/2021\/07\/1-102.jpg","width":1100,"height":680},{"@type":"BreadcrumbList","@id":"https:\/\/webdelmaestrocmf.com\/portal\/conoce-los-perfiles-que-se-necesitan-para-ser-director-y-sub-director-en-una-institucion-educativa-minedu-julio-2021\/#breadcrumb","itemListElement":[{"@type":"ListItem","position":1,"name":"Portada","item":"https:\/\/webdelmaestrocmf.com\/portal\/"},{"@type":"ListItem","position":2,"name":"Recursos","item":"https:\/\/webdelmaestrocmf.com\/portal\/category\/pedagogia\/"},{"@type":"ListItem","position":3,"name":"Descargas Manuales PDF","item":"https:\/\/webdelmaestrocmf.com\/portal\/category\/pedagogia\/descargas-manuales-pdf\/"},{"@type":"ListItem","position":4,"name":"Conoce los perfiles que se necesitan para ser Director y Sub Director en una Instituci\u00f3n Educativa &#8211; MINEDU"}]},{"@type":"WebSite","@id":"https:\/\/webdelmaestrocmf.com\/portal\/#website","url":"https:\/\/webdelmaestrocmf.com\/portal\/","name":"Web del Maestro CMF","description":"Maestros al servicio de la educaci\u00f3n","publisher":{"@id":"https:\/\/webdelmaestrocmf.com\/portal\/#organization"},"alternateName":"WMCMF","potentialAction":[{"@type":"SearchAction","target":{"@type":"EntryPoint","urlTemplate":"https:\/\/webdelmaestrocmf.com\/portal\/?s={search_term_string}"},"query-input":{"@type":"PropertyValueSpecification","valueRequired":true,"valueName":"search_term_string"}}],"inLanguage":"es"},{"@type":"Organization","@id":"https:\/\/webdelmaestrocmf.com\/portal\/#organization","name":"Web del Maestro CMF","alternateName":"WMCMF","url":"https:\/\/webdelmaestrocmf.com\/portal\/","logo":{"@type":"ImageObject","inLanguage":"es","@id":"https:\/\/webdelmaestrocmf.com\/portal\/#\/schema\/logo\/image\/","url":"https:\/\/webdelmaestrocmf.com\/portal\/wp-content\/uploads\/2023\/01\/logo-wmcmf-2.png","contentUrl":"https:\/\/webdelmaestrocmf.com\/portal\/wp-content\/uploads\/2023\/01\/logo-wmcmf-2.png","width":200,"height":60,"caption":"Web del Maestro CMF"},"image":{"@id":"https:\/\/webdelmaestrocmf.com\/portal\/#\/schema\/logo\/image\/"},"sameAs":["https:\/\/www.facebook.com\/WebdelMaestroCMF\/","https:\/\/x.com\/cmf_w","https:\/\/www.pinterest.com\/WMCMF\/","https:\/\/www.linkedin.com\/company\/web-del-maestro-cmf\/","https:\/\/www.instagram.com\/wmcmf\/","https:\/\/www.youtube.com\/channel\/UCDPSvjbdodE5sHnC3OxutHw","https:\/\/mastodon.social\/@wmcmf","https:\/\/www.tiktok.com\/@webdelmaestrocmf"]},{"@type":"Person","@id":"https:\/\/webdelmaestrocmf.com\/portal\/#\/schema\/person\/1072a2ed7bd960df8ef99a551fa35dc5","name":"Web del Maestro CMF","image":{"@type":"ImageObject","inLanguage":"es","@id":"https:\/\/secure.gravatar.com\/avatar\/23291dd5b5ae1077dcff3dbb04c3e02bd28403fa75af6d8787d5e97c5bbbe30b?s=96&d=mm&r=g","url":"https:\/\/secure.gravatar.com\/avatar\/23291dd5b5ae1077dcff3dbb04c3e02bd28403fa75af6d8787d5e97c5bbbe30b?s=96&d=mm&r=g","contentUrl":"https:\/\/secure.gravatar.com\/avatar\/23291dd5b5ae1077dcff3dbb04c3e02bd28403fa75af6d8787d5e97c5bbbe30b?s=96&d=mm&r=g","caption":"Web del Maestro CMF"},"description":"Esta Web se cre\u00f3 sin fines de lucro, con fines educativos, cient\u00edficos y acad\u00e9micos, para personas que tengan dificultades y\/o inconvenientes en visualizar el material original. El objetivo es entregar recursos, compartir experiencias y materiales que ayuden a los padres de familia, maestros y estudiantes en su actualizaci\u00f3n y formaci\u00f3n permanente, en bien de la Educaci\u00f3n.","sameAs":["http:\/\/webdelmaestrocmf.com\/portal","https:\/\/www.facebook.com\/WebdelMaestroCMF\/","https:\/\/www.instagram.com\/wmcmf\/","https:\/\/cl.linkedin.com\/company\/web-del-maestro-cmf","https:\/\/www.pinterest.com\/WMCMF\/publicaciones\/","https:\/\/x.com\/cmf_w","https:\/\/www.youtube.com\/@WMCMF"]}]}},"jetpack_featured_media_url":"https:\/\/webdelmaestrocmf.com\/portal\/wp-content\/uploads\/2021\/07\/1-102.jpg","jetpack_sharing_enabled":true,"jetpack-related-posts":[{"id":63362,"url":"https:\/\/webdelmaestrocmf.com\/portal\/fernando-gamarra-algunas-precisiones-normativas-del-trabajo-remoto-en-el-peru\/","url_meta":{"origin":65484,"position":0},"title":"[Fernando Gamarra] Algunas precisiones normativas del trabajo remoto en el Per\u00fa","author":"Web del Maestro CMF","date":"24 mayo, 2021","format":false,"excerpt":"(\u2026) No es saludable mantener a los estudiantes muchas horas frente a la computadora, viendo televisi\u00f3n o haciendo tareas. El horario de estudio se organiza en per\u00edodos m\u00e1s cortos, de acuerdo con las edades, garantizando que no se agobie a los estudiantes con muchas tareas. (R.VM. N\u00ba 093-2020-MINEDU, numeral 5.2.1,\u2026","rel":"","context":"En \u00abZ-Colaborador-Fernando-Gamarra\u00bb","block_context":{"text":"Z-Colaborador-Fernando-Gamarra","link":"https:\/\/webdelmaestrocmf.com\/portal\/category\/colaborador\/z-colaborador-fernando-gamarra\/"},"img":{"alt_text":"","src":"https:\/\/i0.wp.com\/webdelmaestrocmf.com\/portal\/wp-content\/uploads\/2021\/05\/1-copia-31.jpg?resize=350%2C200&ssl=1","width":350,"height":200,"srcset":"https:\/\/i0.wp.com\/webdelmaestrocmf.com\/portal\/wp-content\/uploads\/2021\/05\/1-copia-31.jpg?resize=350%2C200&ssl=1 1x, https:\/\/i0.wp.com\/webdelmaestrocmf.com\/portal\/wp-content\/uploads\/2021\/05\/1-copia-31.jpg?resize=525%2C300&ssl=1 1.5x, https:\/\/i0.wp.com\/webdelmaestrocmf.com\/portal\/wp-content\/uploads\/2021\/05\/1-copia-31.jpg?resize=700%2C400&ssl=1 2x, https:\/\/i0.wp.com\/webdelmaestrocmf.com\/portal\/wp-content\/uploads\/2021\/05\/1-copia-31.jpg?resize=1050%2C600&ssl=1 3x"},"classes":[]},{"id":73193,"url":"https:\/\/webdelmaestrocmf.com\/portal\/fernando-gamarra-bonificacion-por-escolaridad-para-profesores-y-auxiliares-de-educacion-contratados-en-el-peru\/","url_meta":{"origin":65484,"position":1},"title":"[Fernando Gamarra] Bonificaci\u00f3n por escolaridad para profesores y auxiliares de educaci\u00f3n contratados en el Per\u00fa","author":"Web del Maestro CMF","date":"17 enero, 2022","format":false,"excerpt":"El 14 de enero de 2022, en edici\u00f3n extraordinaria se public\u00f3 el D.S. N\u00ba 001-2022-EF que establece disposiciones reglamentarias para el otorgamiento de la Bonificaci\u00f3n por Escolaridad cuyo monto es fijado por la Ley N\u00ba 31365, Ley de Presupuesto del Sector P\u00fablico para el A\u00f1o Fiscal 2022, y que asciende\u2026","rel":"","context":"En \u00abZ-Colaborador-Fernando-Gamarra\u00bb","block_context":{"text":"Z-Colaborador-Fernando-Gamarra","link":"https:\/\/webdelmaestrocmf.com\/portal\/category\/colaborador\/z-colaborador-fernando-gamarra\/"},"img":{"alt_text":"","src":"https:\/\/i0.wp.com\/webdelmaestrocmf.com\/portal\/wp-content\/uploads\/2022\/01\/1-102.jpg?resize=350%2C200&ssl=1","width":350,"height":200,"srcset":"https:\/\/i0.wp.com\/webdelmaestrocmf.com\/portal\/wp-content\/uploads\/2022\/01\/1-102.jpg?resize=350%2C200&ssl=1 1x, https:\/\/i0.wp.com\/webdelmaestrocmf.com\/portal\/wp-content\/uploads\/2022\/01\/1-102.jpg?resize=525%2C300&ssl=1 1.5x, https:\/\/i0.wp.com\/webdelmaestrocmf.com\/portal\/wp-content\/uploads\/2022\/01\/1-102.jpg?resize=700%2C400&ssl=1 2x, https:\/\/i0.wp.com\/webdelmaestrocmf.com\/portal\/wp-content\/uploads\/2022\/01\/1-102.jpg?resize=1050%2C600&ssl=1 3x"},"classes":[]},{"id":86612,"url":"https:\/\/webdelmaestrocmf.com\/portal\/evaluacion-nacional-de-logros-de-aprendizaje-2023\/","url_meta":{"origin":65484,"position":2},"title":"Evaluaci\u00f3n Nacional de Logros de Aprendizaje 2023","author":"Web del Maestro CMF","date":"4 abril, 2023","format":false,"excerpt":"VISTOS, el Expediente N\u00ba UMC2023-INT-0013606, el Informe N\u00ba 00327-2023-MINEDU\/SPE-UMC de la Oficina de Medici\u00f3n de la Calidad de los Aprendizajes, el Informe N\u00ba 00502-2023-MINEDU\/SPE-OPEP-UPP de la Unidad de Planificaci\u00f3n y Presupuesto de la Oficina de Planificaci\u00f3n Estrat\u00e9gica y Presupuesto, el Informe N\u00ba 00366-2023-MINEDU\/SG-OGAJ de la Oficina General de Asesor\u00eda Jur\u00eddica,\u2026","rel":"","context":"En \u00abDescargas Manuales PDF\u00bb","block_context":{"text":"Descargas Manuales PDF","link":"https:\/\/webdelmaestrocmf.com\/portal\/category\/pedagogia\/descargas-manuales-pdf\/"},"img":{"alt_text":"","src":"https:\/\/i0.wp.com\/webdelmaestrocmf.com\/portal\/wp-content\/uploads\/2023\/04\/A12B3C4D-72.jpg?resize=350%2C200&ssl=1","width":350,"height":200,"srcset":"https:\/\/i0.wp.com\/webdelmaestrocmf.com\/portal\/wp-content\/uploads\/2023\/04\/A12B3C4D-72.jpg?resize=350%2C200&ssl=1 1x, https:\/\/i0.wp.com\/webdelmaestrocmf.com\/portal\/wp-content\/uploads\/2023\/04\/A12B3C4D-72.jpg?resize=525%2C300&ssl=1 1.5x, https:\/\/i0.wp.com\/webdelmaestrocmf.com\/portal\/wp-content\/uploads\/2023\/04\/A12B3C4D-72.jpg?resize=700%2C400&ssl=1 2x"},"classes":[]},{"id":76908,"url":"https:\/\/webdelmaestrocmf.com\/portal\/fernando-gamarra-concurso-excepcional-para-profesores-que-se-desempenaron-como-personal-directivo-en-ii-ee-hasta-el-ano-2014-y-que-fueron-ubicados-como-profesores-a-partir-del-ano-2015\/","url_meta":{"origin":65484,"position":3},"title":"[Fernando Gamarra] Concurso excepcional para profesores que se desempe\u00f1aron como personal directivo en II.EE. hasta el a\u00f1o 2014 y que fueron ubicados como profesores a partir del a\u00f1o 2015","author":"Web del Maestro CMF","date":"10 mayo, 2022","format":false,"excerpt":"El D.S. N\u00ba 003-2014-MINEDU (publicado el 20\u00b705\u00b72014) incorpor\u00f3 una Disposici\u00f3n Complementaria Transitoria al Reglamento de la Ley de Reforma Magisterial: \u201cDECIMA PRIMERA: Procedimiento excepcional de evaluaci\u00f3n para los profesores que se desempe\u00f1an como director o subdirector en Instituciones Educativas. Los profesores que vienen ejerciendo funciones de directivos en instituciones educativas\u2026","rel":"","context":"En \u00abZ-Colaborador-Fernando-Gamarra\u00bb","block_context":{"text":"Z-Colaborador-Fernando-Gamarra","link":"https:\/\/webdelmaestrocmf.com\/portal\/category\/colaborador\/z-colaborador-fernando-gamarra\/"},"img":{"alt_text":"","src":"https:\/\/i0.wp.com\/webdelmaestrocmf.com\/portal\/wp-content\/uploads\/2022\/05\/1-1.jpg?resize=350%2C200&ssl=1","width":350,"height":200,"srcset":"https:\/\/i0.wp.com\/webdelmaestrocmf.com\/portal\/wp-content\/uploads\/2022\/05\/1-1.jpg?resize=350%2C200&ssl=1 1x, https:\/\/i0.wp.com\/webdelmaestrocmf.com\/portal\/wp-content\/uploads\/2022\/05\/1-1.jpg?resize=525%2C300&ssl=1 1.5x, https:\/\/i0.wp.com\/webdelmaestrocmf.com\/portal\/wp-content\/uploads\/2022\/05\/1-1.jpg?resize=700%2C400&ssl=1 2x, https:\/\/i0.wp.com\/webdelmaestrocmf.com\/portal\/wp-content\/uploads\/2022\/05\/1-1.jpg?resize=1050%2C600&ssl=1 3x"},"classes":[]},{"id":78673,"url":"https:\/\/webdelmaestrocmf.com\/portal\/fernando-gamarra-auxiliares-de-educacion-y-el-permiso-por-el-dia-del-maestro\/","url_meta":{"origin":65484,"position":4},"title":"[Fernando Gamarra] Auxiliares de Educaci\u00f3n y el permiso por el D\u00eda del Maestro","author":"Web del Maestro CMF","date":"19 julio, 2022","format":false,"excerpt":"La Segunda Disposici\u00f3n Complementaria, Final y Transitoria de la Ley N\u00ba 29944 regula la situaci\u00f3n jur\u00eddica de los Auxiliares de educaci\u00f3n, pues aqu\u00ed prescribe que los auxiliares de educaci\u00f3n se rigen por dicha ley en todo lo que les corresponda. Siendo as\u00ed, los Auxiliares de Educaci\u00f3n se rigen por las\u2026","rel":"","context":"En \u00abZ-Colaborador-Fernando-Gamarra\u00bb","block_context":{"text":"Z-Colaborador-Fernando-Gamarra","link":"https:\/\/webdelmaestrocmf.com\/portal\/category\/colaborador\/z-colaborador-fernando-gamarra\/"},"img":{"alt_text":"","src":"https:\/\/i0.wp.com\/webdelmaestrocmf.com\/portal\/wp-content\/uploads\/2022\/07\/1c-2.jpg?resize=350%2C200&ssl=1","width":350,"height":200,"srcset":"https:\/\/i0.wp.com\/webdelmaestrocmf.com\/portal\/wp-content\/uploads\/2022\/07\/1c-2.jpg?resize=350%2C200&ssl=1 1x, https:\/\/i0.wp.com\/webdelmaestrocmf.com\/portal\/wp-content\/uploads\/2022\/07\/1c-2.jpg?resize=525%2C300&ssl=1 1.5x, https:\/\/i0.wp.com\/webdelmaestrocmf.com\/portal\/wp-content\/uploads\/2022\/07\/1c-2.jpg?resize=700%2C400&ssl=1 2x"},"classes":[]},{"id":109383,"url":"https:\/\/webdelmaestrocmf.com\/portal\/peru-promulga-ley-que-restringe-el-uso-de-celulares-en-colegios-para-proteger-la-salud-mental-de-los-estudiantes\/","url_meta":{"origin":65484,"position":5},"title":"Per\u00fa promulga ley que restringe el uso de celulares en colegios para proteger la salud mental de los estudiantes","author":"Web del Maestro CMF","date":"13 junio, 2025","format":false,"excerpt":"El Gobierno peruano, encabezado por la presidenta Dina Boluarte, ha promulgado la Ley 32385, publicada en el diario oficial El Peruano, que regula el uso de tel\u00e9fonos celulares y dispositivos electr\u00f3nicos similares en todas las instituciones y programas educativos de Educaci\u00f3n B\u00e1sica, tanto p\u00fablicos como privados. Esta normativa tiene como\u2026","rel":"","context":"En \u00abNoticias Internacionales\u00bb","block_context":{"text":"Noticias Internacionales","link":"https:\/\/webdelmaestrocmf.com\/portal\/category\/noticias-internacionales\/"},"img":{"alt_text":"","src":"https:\/\/i0.wp.com\/webdelmaestrocmf.com\/portal\/wp-content\/uploads\/2025\/06\/1A-Banner-1-portada-imagen-10-1-44.jpg?resize=350%2C200&ssl=1","width":350,"height":200,"srcset":"https:\/\/i0.wp.com\/webdelmaestrocmf.com\/portal\/wp-content\/uploads\/2025\/06\/1A-Banner-1-portada-imagen-10-1-44.jpg?resize=350%2C200&ssl=1 1x, https:\/\/i0.wp.com\/webdelmaestrocmf.com\/portal\/wp-content\/uploads\/2025\/06\/1A-Banner-1-portada-imagen-10-1-44.jpg?resize=525%2C300&ssl=1 1.5x, https:\/\/i0.wp.com\/webdelmaestrocmf.com\/portal\/wp-content\/uploads\/2025\/06\/1A-Banner-1-portada-imagen-10-1-44.jpg?resize=700%2C400&ssl=1 2x"},"classes":[]}],"_links":{"self":[{"href":"https:\/\/webdelmaestrocmf.com\/portal\/wp-json\/wp\/v2\/posts\/65484","targetHints":{"allow":["GET"]}}],"collection":[{"href":"https:\/\/webdelmaestrocmf.com\/portal\/wp-json\/wp\/v2\/posts"}],"about":[{"href":"https:\/\/webdelmaestrocmf.com\/portal\/wp-json\/wp\/v2\/types\/post"}],"author":[{"embeddable":true,"href":"https:\/\/webdelmaestrocmf.com\/portal\/wp-json\/wp\/v2\/users\/1"}],"replies":[{"embeddable":true,"href":"https:\/\/webdelmaestrocmf.com\/portal\/wp-json\/wp\/v2\/comments?post=65484"}],"version-history":[{"count":0,"href":"https:\/\/webdelmaestrocmf.com\/portal\/wp-json\/wp\/v2\/posts\/65484\/revisions"}],"wp:featuredmedia":[{"embeddable":true,"href":"https:\/\/webdelmaestrocmf.com\/portal\/wp-json\/wp\/v2\/media\/65487"}],"wp:attachment":[{"href":"https:\/\/webdelmaestrocmf.com\/portal\/wp-json\/wp\/v2\/media?parent=65484"}],"wp:term":[{"taxonomy":"category","embeddable":true,"href":"https:\/\/webdelmaestrocmf.com\/portal\/wp-json\/wp\/v2\/categories?post=65484"},{"taxonomy":"post_tag","embeddable":true,"href":"https:\/\/webdelmaestrocmf.com\/portal\/wp-json\/wp\/v2\/tags?post=65484"}],"curies":[{"name":"wp","href":"https:\/\/api.w.org\/{rel}","templated":true}]}}