{"id":65287,"date":"2021-07-16T18:31:20","date_gmt":"2021-07-16T22:31:20","guid":{"rendered":"https:\/\/webdelmaestrocmf.com\/portal\/?p=65287"},"modified":"2023-07-11T19:17:07","modified_gmt":"2023-07-11T23:17:07","slug":"los-12-principios-de-aprendizaje-del-cerebro-y-sus-aplicaciones","status":"publish","type":"post","link":"https:\/\/webdelmaestrocmf.com\/portal\/los-12-principios-de-aprendizaje-del-cerebro-y-sus-aplicaciones\/","title":{"rendered":"Los 12 principios de aprendizaje del cerebro y sus aplicaciones"},"content":{"rendered":"<h5 style=\"text-align: justify;\">Nuestro cerebro est\u00e1 en constante funcionamiento todo el d\u00eda, a diario; trabajamos, estudiamos, comemos, socializamos, mientras nuestro cerebro no deja de trabajar \u00bfpero que sabemos realmente de \u00e9l?<\/h5>\n<p><!--more--><\/p>\n<h5 style=\"text-align: justify;\">Antes de adentrarnos un poco m\u00e1s en el conocimiento del cerebro, nos parece interesante presentar, debido a su valor actual, el estudio que Caine y Caine realizaron entre 1989 y 1997, en el que sintetizaron la investigaci\u00f3n proveniente de muchas disciplinas en un\u00a0<em>conjunto de principios de aprendizaje del cerebro<\/em>\u00a0y que justifican de forma breve el por qu\u00e9 deber\u00edamos incluir este conocimiento en el aula.<\/h5>\n<p style=\"text-align: justify;\">Aunque dicha lista se ha ido reformando, reestructurando y poniendo al d\u00eda peri\u00f3dicamente, aqu\u00ed presentamos la original, debido a que sigue teniendo un gran valor en la actualidad. En cada caso se\u00f1alamos ejemplos de la implicaci\u00f3n real de usar\u00a0<em>principios de aprendizaje del cerebro<\/em>\u00a0y que justifican de forma breve el por qu\u00e9 deber\u00edamos incluir este conocimiento \u200ben nuestras aulas.<\/p>\n<p><img loading=\"lazy\" decoding=\"async\" class=\"alignnone size-large wp-image-65288\" src=\"https:\/\/webdelmaestrocmf.com\/portal\/wp-content\/uploads\/2021\/07\/1-60-1024x576.jpg\" alt=\"\" width=\"1024\" height=\"576\" srcset=\"https:\/\/webdelmaestrocmf.com\/portal\/wp-content\/uploads\/2021\/07\/1-60-1024x576.jpg 1024w, https:\/\/webdelmaestrocmf.com\/portal\/wp-content\/uploads\/2021\/07\/1-60-300x169.jpg 300w, https:\/\/webdelmaestrocmf.com\/portal\/wp-content\/uploads\/2021\/07\/1-60-768x432.jpg 768w, https:\/\/webdelmaestrocmf.com\/portal\/wp-content\/uploads\/2021\/07\/1-60-110x62.jpg 110w, https:\/\/webdelmaestrocmf.com\/portal\/wp-content\/uploads\/2021\/07\/1-60-200x113.jpg 200w, https:\/\/webdelmaestrocmf.com\/portal\/wp-content\/uploads\/2021\/07\/1-60-380x214.jpg 380w, https:\/\/webdelmaestrocmf.com\/portal\/wp-content\/uploads\/2021\/07\/1-60-255x143.jpg 255w, https:\/\/webdelmaestrocmf.com\/portal\/wp-content\/uploads\/2021\/07\/1-60-550x309.jpg 550w, https:\/\/webdelmaestrocmf.com\/portal\/wp-content\/uploads\/2021\/07\/1-60-800x450.jpg 800w, https:\/\/webdelmaestrocmf.com\/portal\/wp-content\/uploads\/2021\/07\/1-60-1160x653.jpg 1160w, https:\/\/webdelmaestrocmf.com\/portal\/wp-content\/uploads\/2021\/07\/1-60-220x124.jpg 220w, https:\/\/webdelmaestrocmf.com\/portal\/wp-content\/uploads\/2021\/07\/1-60-400x225.jpg 400w, https:\/\/webdelmaestrocmf.com\/portal\/wp-content\/uploads\/2021\/07\/1-60-760x428.jpg 760w, https:\/\/webdelmaestrocmf.com\/portal\/wp-content\/uploads\/2021\/07\/1-60-510x287.jpg 510w, https:\/\/webdelmaestrocmf.com\/portal\/wp-content\/uploads\/2021\/07\/1-60-600x338.jpg 600w, https:\/\/webdelmaestrocmf.com\/portal\/wp-content\/uploads\/2021\/07\/1-60-1100x619.jpg 1100w, https:\/\/webdelmaestrocmf.com\/portal\/wp-content\/uploads\/2021\/07\/1-60.jpg 1280w\" sizes=\"auto, (max-width: 1024px) 100vw, 1024px\" \/><\/p>\n<h5 style=\"text-align: justify;\">1. Todo aprendizaje es fisiol\u00f3gico<\/h5>\n<p style=\"text-align: justify;\">El cerebro cambia como resultado de la experiencia, un fen\u00f3meno conocido como plasticidad neuronal. El cuerpo cambia tambi\u00e9n, as\u00ed que el aprendizaje est\u00e1 literalmente estructurado en la fisiolog\u00eda. A veces esto es llamado \u201ccognici\u00f3n incorporada\u201d (Varella et al., 1991; Lakoff &amp; Johnson, 1999; Thompson, 2007).<\/p>\n<p style=\"padding-left: 40px; text-align: justify;\"><strong>Aplicaci\u00f3n pr\u00e1ctica<\/strong>:<\/p>\n<p style=\"padding-left: 40px; text-align: justify;\">Los alumnos y los profesores necesitan un compromiso sensorial adecuado, movimiento f\u00edsico y acci\u00f3n. Sentarse quieto todo el tiempo cansa, es aburrido y contraproducente.<\/p>\n<p style=\"padding-left: 40px; text-align: justify;\">Tambi\u00e9n necesitan tomar algunas acciones para poner en pr\u00e1ctica lo que estudian, como por ejemplo, un juego de rol o presentaciones, trabajar en proyectos sustanciales que incorporen algunos de los est\u00e1ndares. Esto se aplica tanto a las destrezas como a las ideas y conceptos abstractos.<\/p>\n<h5 style=\"text-align: justify;\">2. El cerebro-mente es social<\/h5>\n<p style=\"text-align: justify;\">Todos nosotros nacemos con lo que Gopnik et al. (1999) han denominado \u201cnecesidad de contacto\u201d. Recientes investigaciones sobre las neuronas espejo confirman que la naturaleza social de los seres humanos se basa en la biolog\u00eda (Rizzolati, 2008). El cerebro \/ mente est\u00e1 dise\u00f1ado para aprender por imitaci\u00f3n y modelado. La naturaleza social del aprendizaje es a veces descripta en t\u00e9rminos de aprendizaje localizado (Lave et al., 1991). Goleman (2007) habla de inteligencia social.<\/p>\n<p style=\"padding-left: 40px; text-align: justify;\"><strong>Aplicaci\u00f3n pr\u00e1ctica:\u00a0 <\/strong><\/p>\n<p style=\"padding-left: 40px; text-align: justify;\">Es importante para los estudiantes de todas las edades tener oportunidad de sentarse juntos, conversar y trabajar entre s\u00ed, por lo que se deben crear comunidades de pr\u00e1ctica (Wenger et al., 2002) y oportunidades para incorporar material a trav\u00e9s de conversaciones informales entre amigos, colegas y otros. Adicionalmente, hay que asegurarse que los estudiantes vean y experimenten el nuevo material cuando es usado en forma apropiada y natural.<\/p>\n<h5 style=\"text-align: justify;\">3. La b\u00fasqueda de significado es innata<\/h5>\n<p style=\"text-align: justify;\">Todos tenemos lo que ha sido llamado \u201cunidad aclaratoria\u201d (Gopnik et al., 1999). En la pr\u00e1ctica esto significa que todos tienden a filtrar lo que entra, a organizar la informaci\u00f3n y la experiencia y a formular preguntas de acuerdo a lo que les interesa e importa. En un nivel profundo hay un ansia por encontrar significado y prop\u00f3sito (Frankl, 2006; Hillman, 1996).<\/p>\n<p style=\"padding-left: 40px; text-align: justify;\"><strong>Aplicaci\u00f3n pr\u00e1ctica<\/strong>:<\/p>\n<p style=\"padding-left: 40px; text-align: justify;\">Se deben encontrar formas de relacionar la nueva informaci\u00f3n y las pr\u00e1cticas con los intereses, interrogantes, prop\u00f3sitos, ideas y pasiones reales de los alumnos.<\/p>\n<p style=\"padding-left: 40px; text-align: justify;\">Tambi\u00e9n se deben encontrar formas de brindar un reconocimiento a las interrogantes y toma de decisiones de los alumnos en su proceso de aprendizaje.<\/p>\n<h5 style=\"text-align: justify;\">4. La b\u00fasqueda de significado se produce a trav\u00e9s de patrones<\/h5>\n<p style=\"text-align: justify;\">El cerebro y la mente naturalmente extraen e imponen patrones de y a la realidad (Restak, 1995), por lo tanto, el significado est\u00e1 basado en c\u00f3mo las cosas se conectan entre s\u00ed. Los psic\u00f3logos cognitivos usan diferentes t\u00e9rminos para describir estos patrones: categor\u00edas, marcos, esquemas.<\/p>\n<p style=\"padding-left: 40px; text-align: justify;\"><strong>Aplicaci\u00f3n pr\u00e1ctica:\u00a0 <\/strong><\/p>\n<p style=\"padding-left: 40px; text-align: justify;\">Encontrar formas de ayudar a los estudiantes a hacer conexiones a trav\u00e9s de met\u00e1foras, identificaci\u00f3n de etapas comunes, preguntas, observaciones, descubrimiento de enlaces con lo ya aprendido.<\/p>\n<p style=\"padding-left: 40px; text-align: justify;\">Tambi\u00e9n usar proyectos y problemas que naturalmente organicen la informaci\u00f3n y la experiencia de modo que tengan sentido.<\/p>\n<h5 style=\"text-align: justify;\">5. Las emociones son vitales para la elaboraci\u00f3n de patrones<\/h5>\n<p style=\"text-align: justify;\">La cognici\u00f3n y la emoci\u00f3n interact\u00faan. La Neurociencia demuestra (Pert, 1997, Damasio, 1999) que las emociones est\u00e1n involucradas en cada pensamiento, decisi\u00f3n y respuesta.<\/p>\n<p style=\"text-align: justify;\">El aprendizaje se favorece con ricas experiencias emocionales guiadas y moderadas por funciones de orden superior. De hecho, las reacciones emocionales y f\u00edsicas est\u00e1n tan ligadas a la comprensi\u00f3n que el psic\u00f3logo<\/p>\n<p style=\"text-align: justify;\">Eugene Gendin (1981) describe al enlace como<\/p>\n<p style=\"text-align: justify;\">\u201csignificado sensorial\u201d. El neurocient\u00edfico Antonio Damasio (1999) habla de la \u201csensaci\u00f3n de lo que sucede\u201d, esto significa que la forma en que una persona se siente con respecto a una idea o destreza, siempre influye en la manera en que \u00e9sta se entiende o domina.<\/p>\n<p style=\"padding-left: 40px; text-align: justify;\"><strong>Aplicaci\u00f3n pr\u00e1ctica:\u00a0 <\/strong><\/p>\n<p style=\"padding-left: 40px; text-align: justify;\">Introducir el nuevo material de manera que sea atractivo y que permita a los estudiantes establecer un enlace emocional positivo con \u00e9l.<\/p>\n<h5 style=\"text-align: justify;\">6. El cerebro-mente procesa las partes y los todos de manera simult\u00e1nea<\/h5>\n<p style=\"text-align: justify;\">El cerebro tiene m\u00f3dulos para discernir lo espec\u00edfico y separar rasgos de la realidad.<\/p>\n<p style=\"text-align: justify;\">Tambi\u00e9n existe una constante s\u00edntesis de experiencia a diferentes niveles de jerarqu\u00eda que culminan en la corteza pre frontal, a veces llamada la corteza integradora (Fuster, 2003). La psicolog\u00eda gest\u00e1ltica (Sternberg, 2006) muestra expl\u00edcitamente c\u00f3mo la mente conecta las partes para hacer esos todos. Algunas de las m\u00e1s recientes investigaciones sobre el cerebro est\u00e1n explorando estas relaciones entre las partes y los todos en t\u00e9rminos de redes neuronales \u2013 enrejados de neuronas individuales que se activan juntas (Fuster,<\/p>\n<p style=\"text-align: justify;\">2003). Esto significa que cada destreza y concepto se entiende y<\/p>\n<p style=\"text-align: justify;\">maneja mejor cuando hay una interacci\u00f3 n entre los elementos espec\u00edficos y el concepto o destreza como un todo.<\/p>\n<p style=\"padding-left: 40px; text-align: justify;\"><strong>Aplicaci\u00f3n pr\u00e1ctica<\/strong>:<\/p>\n<p style=\"padding-left: 40px; text-align: justify;\">Introducir y organizar el nuevo material como un todo (proyectos, historias y grandes ideas).<\/p>\n<h5 style=\"text-align: justify;\">7. El aprendizaje involucra tanto la atenci\u00f3n focalizada como la percepci\u00f3n perif\u00e9rica<\/h5>\n<p style=\"text-align: justify;\">Todos estamos continuamente inmersos en un campo de est\u00edmulos y constantemente seleccionando una parte de ese campo para atender. La atenci\u00f3n es un fen\u00f3meno natural guiado por el inter\u00e9s, lo novedoso, la emoci\u00f3n y el significado, y prestar atenci\u00f3n es vital. Adem\u00e1s, los seres humanos tambi\u00e9n aprenden del pasado \u2013 el contexto al que no se atiende conscientemente. Esto ha sido ilustrado por la investigaci\u00f3n de la memoria impl\u00edcita (Schacter, 1996), as\u00ed como tambi\u00e9n de las neuronas espejo (Rizzolati, G. &amp; Craighero, L., 2004), lo cual muestra c\u00f3mo los ni\u00f1os<\/p>\n<p style=\"text-align: justify;\">\u201crecolectan\u201d comportamientos, creencias, gustos o disgustos, mientras se involucran en la experiencia de vida. Claxton (1999) describe esto como \u201caprendizaje por \u00f3smosis\u201d.<\/p>\n<p style=\"padding-left: 40px; text-align: justify;\"><strong>Aplicaci\u00f3n pr\u00e1ctica:\u00a0 <\/strong><\/p>\n<p style=\"padding-left: 40px; text-align: justify;\">Adem\u00e1s de encontrar formas para ayudar a los estudiantes a permanecer \u00a0\u00a0 involucrados, dise\u00f1ar el contexto f\u00edsico para que \u00e9ste, indirectamente, env\u00ede informaci\u00f3n, conexiones \u00a0 y sugerencias que sostengan lo que se est\u00e1 aprendiendo.<\/p>\n<h5 style=\"text-align: justify;\">8. El aprendizaje es a la vez consciente e inconsciente<\/h5>\n<p style=\"text-align: justify;\">Adem\u00e1s de tratar de dar sentido a las cosas de manera intencional y de dominarlas, el cerebro-mente tambi\u00e9n procesa informaci\u00f3n y experiencias por debajo del nivel de conciencia. Esto puede ser llamado el inconsciente cognitivo (Lakoff &amp; Jonson, 1999).<\/p>\n<p style=\"padding-left: 40px; text-align: justify;\"><strong>Aplicaci\u00f3n pr\u00e1ctica<\/strong>:<\/p>\n<p style=\"padding-left: 40px; text-align: justify;\">Incorporar procesos tales como el arte, que da prioridad a la incubaci\u00f3n inconsciente y ayudar a los estudiantes a desarrollar sus capacidades metacognitivas para que se vuelvan m\u00e1s conscientes y se hagan cargo de una mejor manera de las formas en que procesan y digieren la experiencia.<\/p>\n<h5 style=\"text-align: justify;\">9. Existen al menos dos tipos de memoria<\/h5>\n<p style=\"text-align: justify;\">Los cient\u00edficos han identificado varios sistemas de memoria diferentes (Schacter, 1996). Sin embargo, todos ellos interact\u00faan en la experiencia diaria (Fuster, 2003). Una distinci\u00f3n clave es entre sistemas que se usan para archivar y guardar informaci\u00f3n y rutinas y sistemas que naturalmente registran, dan sentido y guardan la experiencia.<\/p>\n<p style=\"padding-left: 40px; text-align: justify;\"><strong>Aplicaci\u00f3n pr\u00e1ctica<\/strong>:<\/p>\n<p style=\"padding-left: 40px; text-align: justify;\">Usar proyectos, historias, situaciones y problemas que organicen el material en forma de experiencias que naturalmente se recuerden.<\/p>\n<p style=\"padding-left: 40px; text-align: justify;\">\u00a0Ayudar a los estudiantes de todas las edades a utilizar la observaci\u00f3n en profundidad y el an\u00e1lisis de lo que sucede y guiarlos hacia una comprensi\u00f3n profunda a trav\u00e9s de un efectivo cuestionamiento.<\/p>\n<p style=\"padding-left: 40px; text-align: justify;\">T\u00e9cnicas de memorizaci\u00f3n tales como pr\u00e1ctica y ensayo pueden ser empleadas ocasionalmente y cuando sea necesario.<\/p>\n<h5 style=\"text-align: justify;\">10. El aprendizaje es un proceso de desarrollo<\/h5>\n<p style=\"text-align: justify;\">Hay al menos dos dimensiones diferentes de desarrollo. En primer lugar, existen varias teor\u00edas sobre el desarrollo de la identidad y de las capacidades generales, tales como el pasaje del pensamiento concreto al abstracto. En segundo lugar, hay una progresi\u00f3n en el dominio de una disciplina, del nivel de novicio al de experto.<\/p>\n<p style=\"padding-left: 40px; text-align: justify;\"><strong>Aplicaci\u00f3n pr\u00e1ctica:\u00a0 <\/strong><\/p>\n<p style=\"padding-left: 40px; text-align: justify;\">El desarrollo profesional y el aprendizaje en el aula deber\u00edan servir de andamiaje para tomar en consideraci\u00f3n las capacidades de los alumnos y el estado actual de sus conocimientos y competencias. Y deber\u00edan existir oportunidades para reflexionar sobre la experiencia, tomando en cuenta la retroalimentaci\u00f3n, para que la comprensi\u00f3n y la intuici\u00f3n puedan desarrollarse con el tiempo.<\/p>\n<h5 style=\"text-align: justify;\">11. El aprendizaje complejo mejora con el desaf\u00edo y se inhibe con la amenaza asociada a la impotencia y\/o fatiga<\/h5>\n<p style=\"text-align: justify;\">Una gran cantidad de investigaciones de disciplinas tales como las neurociencias (LeDoux, 1996), teor\u00eda de la creatividad (Deci &amp; Ryan, 1987), teor\u00eda del stress (Sapolsky, 1998; Lazarus, 1999) y psicolog\u00eda perceptiva (Combs, 1999) muestran que el funcionamiento mental efectivo puede ser saboteado por miedos asociados a la impotencia. El cerebro \/ mente literalmente se vuelve menos efectivo y la persona pierde el acceso a sus propias capacidades para un funcionamiento superior y a la creatividad cuando entra en juego el riesgo de supervivencia. LeDoux llama a este tipo de respuesta \u201cel camino inferior\u201d (LeDoux, 1996), Olsen y Sexton (2008) lo llaman \u201crigidez de la amenaza\u201d. Este tipo de respuesta se dispara por factores tales como sentirse abrumado, perder el control, experimentar excesiva tensi\u00f3n y falta de sentido.<\/p>\n<p style=\"padding-left: 40px; text-align: justify;\"><strong>Aplicaci\u00f3n pr\u00e1ctica<\/strong>:<\/p>\n<p style=\"padding-left: 40px; text-align: justify;\">El cerebro aprende de manera \u00f3ptima cuando es desafiado apropiadamente en un entorno que estimula el asumir riesgos y, contrariamente, se retrae cuando percibe una amenaza. Es por eso que se debe crear una atm\u00f3sfera de alerta relajada, lo que implica baja amenaza y alto desaf\u00edo. Es importante, por lo tanto, establecer buenas relaciones dentro del sal\u00f3n de clase o entorno de manera que los adultos y los estudiantes,<\/p>\n<p style=\"padding-left: 40px; text-align: justify;\">alumnos y docentes, se escuchen unos a otros y los estudiantes se sientan seguros cuando formulan interrogantes, hacen sugerencias y pruebas. Utilizar proyectos y procesos que tengan sentido y permitan a los estudiantes perseguir sus propios intereses dentro del contexto de los mismos. Asegurarse que los alumnos tengan los recursos adecuados, as\u00ed como cierto control sobre el uso de su tiempo y de c\u00f3mo proceder.<\/p>\n<h5 style=\"text-align: justify;\">12. Cada cerebro est\u00e1 organizado de manera \u00fanica<\/h5>\n<p style=\"text-align: justify;\">A pesar de que todas las personas tienen muchas capacidades y cualidades en com\u00fan, cada uno es una combinaci\u00f3n \u00fanica de experiencia y gen\u00e9tica. Existen varias formas de identificar diferencias individuales: un buen ejemplo es la teor\u00eda de las inteligencias m\u00faltiples de Gardner (1993), otro es la tipolog\u00eda de personalidades de Myers-Briggs. Hemos desarrollado nuestro propio perfil de identidad mediante la s\u00edntesis de varias de las opciones disponibles. Adem\u00e1s de las diferencias individuales existen diferencias socioculturales que influyen en c\u00f3mo se aprende.<\/p>\n<p style=\"padding-left: 40px; text-align: justify;\"><strong>Aplicaci\u00f3n pr\u00e1ctica:\u00a0 <\/strong><\/p>\n<p style=\"padding-left: 40px; text-align: justify;\">El desarrollo profesional y el aprendizaje dentro del aula deben estar dise\u00f1ados de tal forma que ambos traten a todos equitativamente y al mismo tiempo, ayudando a los individuos a capitalizar sus propias fortalezas. Es de gran ayuda utilizar un buen inventario de estilos de aprendizaje, de manera que los participantes puedan hacer uso de sus propias predisposiciones y preferencias. Los educadores deben tomar conciencia de las diferentes culturas y costumbres.<\/p>\n<p><iframe loading=\"lazy\" title=\"YouTube video player\" src=\"https:\/\/www.youtube.com\/embed\/tG9EQ_fQR10\" width=\"100%\" height=\"400\" frameborder=\"0\" allowfullscreen=\"allowfullscreen\"><span data-mce-type=\"bookmark\" style=\"display: inline-block; width: 0px; overflow: hidden; line-height: 0;\" class=\"mce_SELRES_start\">\ufeff<\/span><\/iframe><\/p>\n<p><strong>Este contenido ha sido publicado originalmente por CreActiva en la siguiente direcci\u00f3n: <a href=\"http:\/\/creactiva.cl\" target=\"_blank\" rel=\"noopener\">creactiva.cl<\/a><\/strong><\/p>\n<p style=\"text-align: center;\">Recomendamos a la Comunidad Educativa Digital tener en cuenta que, el enlace y\/o la carpeta en donde est\u00e1n alojados los libros, recursos y\/o materiales, no es administrado por la Web del Maestro CMF, pueda ser que en cuesti\u00f3n de d\u00edas (o seg\u00fan el tiempo transcurrido desde su publicaci\u00f3n), los enlaces no funcionen y el material ya no se encuentre disponible. Gracias por su comprensi\u00f3n.<\/p>\n<h3>ENLACE DE LECTURA:<\/h3>\n<p style=\"text-align: center;\">\u00a1Comparte y as\u00ed m\u00e1s docentes utilizar\u00e1n estos recursos\u00a0gratis! Muchas gracias.<\/p>\n<p style=\"text-align: center;\">LECTURA 1: <span style=\"color: #000000;\"><a style=\"color: #000000;\" href=\"https:\/\/creactiva.cl\/wp-content\/uploads\/2015\/12\/Los-12-Principios-del-Aprendizaje-del-Cerebro.pdf\" target=\"_blank\" rel=\"noopener\">LOS 12 PRINCIPIOS DEL APRENDIZAJE DEL CEREBRO-MENTE<\/a><\/span><\/p>\n\t\t<div class=\"pk-inline-posts\">\n\t\t\t\n\t\t\t<div class=\"pk-inline-posts-container pk-inline-posts-template-list\"\n\t\t\t\tdata-columns=\"1\">\n\t\t\t\t\t\t<article id=\"post-44992\" class=\"post-44992 post type-post status-publish format-standard has-post-thumbnail category-educacion-pedagogia category-pedagogia category-tecnicas tag-ensenanza tag-estudiantes tag-mejorar tag-motivacion tag-tecnicas cs-entry cs-video-wrap\">\n\t\t\t<div class=\"pk-post-outer\">\n\n\t\t\t\t\t\t\t\t<div class=\"pk-post-inner\">\n\t\t\t\t\t<div class=\"entry-thumbnail\">\n\t\t\t\t\t\t<div class=\"pk-overlay pk-overlay-ratio pk-ratio-landscape\">\n\t\t\t\t\t\t\t<div class=\"pk-overlay-background\">\n\t\t\t\t\t\t\t\t<a href=\"https:\/\/webdelmaestrocmf.com\/portal\/tecnicas-de-ensenanza-para-mejorar-la-motivacion-de-los-estudiantes\/\" class=\"pk-overlay-link\">\n\t\t\t\t\t\t\t\t\t<img loading=\"lazy\" decoding=\"async\" width=\"300\" height=\"225\" src=\"https:\/\/webdelmaestrocmf.com\/portal\/wp-content\/uploads\/2023\/11\/1AA-Banner-1-portada-imagen-10-1-copia-9-300x225.webp\" class=\"attachment-pk-thumbnail size-pk-thumbnail wp-post-image\" alt=\"\" \/>\t\t\t\t\t\t\t\t<\/a>\n\t\t\t\t\t\t\t<\/div>\n\t\t\t\t\t\t<\/div>\n\t\t\t\t\t<\/div>\n\t\t\t\t<\/div>\n\t\t\t\t\n\t\t\t\t<div class=\"pk-post-inner\">\n\t\t\t\t\t<header>\n\t\t\t\t\t\t<h3 class=\"pk-title\"><a href=\"https:\/\/webdelmaestrocmf.com\/portal\/tecnicas-de-ensenanza-para-mejorar-la-motivacion-de-los-estudiantes\/\" rel=\"bookmark\">T\u00e9cnicas de ense\u00f1anza para crear un ambiente de aprendizaje efectivo<\/a><\/h3>\t\t\t\t\t<\/header><!-- .entry-header -->\n\t\t\t\t<\/div><!-- .post-inner -->\n\n\t\t\t<\/div><!-- .post-outer -->\n\t\t<\/article>\n\t\t\t\t<\/div>\n\t\t<\/div>\n\t\t\n","protected":false},"excerpt":{"rendered":"Nuestro cerebro est\u00e1 en constante funcionamiento todo el d\u00eda, a diario; trabajamos, estudiamos, comemos, socializamos, mientras nuestro cerebro&hellip;","protected":false},"author":1,"featured_media":65290,"comment_status":"open","ping_status":"closed","sticky":false,"template":"","format":"standard","meta":{"csco_display_header_overlay":false,"csco_singular_sidebar":"default","csco_page_header_type":"default","csco_page_load_nextpost":"default","csco_post_video_location":[],"csco_post_video_location_hash":"","csco_post_video_url":"","csco_post_video_bg_start_time":0,"csco_post_video_bg_end_time":0,"csco_post_video_bg_volume":false,"_jetpack_memberships_contains_paid_content":false,"footnotes":""},"categories":[442,735],"tags":[2026,77,662,2534],"class_list":{"0":"post-65287","1":"post","2":"type-post","3":"status-publish","4":"format-standard","5":"has-post-thumbnail","7":"category-educacion-pedagogia","8":"category-pedagogia","9":"tag-aplicaciones","10":"tag-aprendizaje","11":"tag-cerebro","12":"tag-principios","13":"cs-entry","14":"cs-video-wrap"},"yoast_head":"<!-- This site is optimized with the Yoast SEO plugin v27.5 - https:\/\/yoast.com\/product\/yoast-seo-wordpress\/ -->\n<title>Los 12 principios de aprendizaje del cerebro y sus aplicaciones - 2026<\/title>\n<meta name=\"description\" content=\"Nuestro cerebro est\u00e1 en constante funcionamiento todo el d\u00eda, a diario; trabajamos, estudiamos, comemos, socializamos, mientras nuestro...\" \/>\n<meta name=\"robots\" content=\"index, follow, max-snippet:-1, max-image-preview:large, max-video-preview:-1\" \/>\n<link rel=\"canonical\" href=\"https:\/\/webdelmaestrocmf.com\/portal\/los-12-principios-de-aprendizaje-del-cerebro-y-sus-aplicaciones\/\" \/>\n<meta property=\"og:locale\" content=\"es_ES\" \/>\n<meta property=\"og:type\" content=\"article\" \/>\n<meta property=\"og:title\" content=\"Los 12 principios de aprendizaje del cerebro y sus aplicaciones - 2026\" \/>\n<meta property=\"og:description\" content=\"Nuestro cerebro est\u00e1 en constante funcionamiento todo el d\u00eda, a diario; trabajamos, estudiamos, comemos, socializamos, mientras nuestro...\" \/>\n<meta property=\"og:url\" content=\"https:\/\/webdelmaestrocmf.com\/portal\/los-12-principios-de-aprendizaje-del-cerebro-y-sus-aplicaciones\/\" \/>\n<meta property=\"og:site_name\" content=\"Web del Maestro CMF\" \/>\n<meta property=\"article:publisher\" content=\"https:\/\/www.facebook.com\/WebdelMaestroCMF\/\" \/>\n<meta property=\"article:author\" content=\"https:\/\/www.facebook.com\/WebdelMaestroCMF\/\" \/>\n<meta property=\"article:published_time\" content=\"2021-07-16T22:31:20+00:00\" \/>\n<meta property=\"article:modified_time\" content=\"2023-07-11T23:17:07+00:00\" \/>\n<meta property=\"og:image\" content=\"https:\/\/i0.wp.com\/webdelmaestrocmf.com\/portal\/wp-content\/uploads\/2021\/07\/1-101.jpeg?fit=1100%2C680&ssl=1\" \/>\n\t<meta property=\"og:image:width\" content=\"1100\" \/>\n\t<meta property=\"og:image:height\" content=\"680\" \/>\n\t<meta property=\"og:image:type\" content=\"image\/jpeg\" \/>\n<meta name=\"author\" content=\"Web del Maestro CMF\" \/>\n<meta name=\"twitter:card\" content=\"summary_large_image\" \/>\n<meta name=\"twitter:creator\" content=\"@cmf_w\" \/>\n<meta name=\"twitter:site\" content=\"@cmf_w\" \/>\n<script type=\"application\/ld+json\" class=\"yoast-schema-graph\">{\"@context\":\"https:\\\/\\\/schema.org\",\"@graph\":[{\"@type\":\"ScholarlyArticle\",\"@id\":\"https:\\\/\\\/webdelmaestrocmf.com\\\/portal\\\/los-12-principios-de-aprendizaje-del-cerebro-y-sus-aplicaciones\\\/#article\",\"isPartOf\":{\"@id\":\"https:\\\/\\\/webdelmaestrocmf.com\\\/portal\\\/los-12-principios-de-aprendizaje-del-cerebro-y-sus-aplicaciones\\\/\"},\"author\":{\"name\":\"Web del Maestro CMF\",\"@id\":\"https:\\\/\\\/webdelmaestrocmf.com\\\/portal\\\/#\\\/schema\\\/person\\\/1072a2ed7bd960df8ef99a551fa35dc5\"},\"headline\":\"Los 12 principios de aprendizaje del cerebro y sus aplicaciones\",\"datePublished\":\"2021-07-16T22:31:20+00:00\",\"dateModified\":\"2023-07-11T23:17:07+00:00\",\"mainEntityOfPage\":{\"@id\":\"https:\\\/\\\/webdelmaestrocmf.com\\\/portal\\\/los-12-principios-de-aprendizaje-del-cerebro-y-sus-aplicaciones\\\/\"},\"wordCount\":2114,\"commentCount\":0,\"publisher\":{\"@id\":\"https:\\\/\\\/webdelmaestrocmf.com\\\/portal\\\/#organization\"},\"image\":{\"@id\":\"https:\\\/\\\/webdelmaestrocmf.com\\\/portal\\\/los-12-principios-de-aprendizaje-del-cerebro-y-sus-aplicaciones\\\/#primaryimage\"},\"thumbnailUrl\":\"https:\\\/\\\/webdelmaestrocmf.com\\\/portal\\\/wp-content\\\/uploads\\\/2021\\\/07\\\/1-101.jpeg\",\"keywords\":[\"APLICACIONES\",\"aprendizaje\",\"Cerebro\",\"PRINCIPIOS\"],\"articleSection\":[\"Pedagog\u00eda\",\"Recursos\"],\"inLanguage\":\"es\",\"potentialAction\":[{\"@type\":\"CommentAction\",\"name\":\"Comment\",\"target\":[\"https:\\\/\\\/webdelmaestrocmf.com\\\/portal\\\/los-12-principios-de-aprendizaje-del-cerebro-y-sus-aplicaciones\\\/#respond\"]}]},{\"@type\":\"WebPage\",\"@id\":\"https:\\\/\\\/webdelmaestrocmf.com\\\/portal\\\/los-12-principios-de-aprendizaje-del-cerebro-y-sus-aplicaciones\\\/\",\"url\":\"https:\\\/\\\/webdelmaestrocmf.com\\\/portal\\\/los-12-principios-de-aprendizaje-del-cerebro-y-sus-aplicaciones\\\/\",\"name\":\"Los 12 principios de aprendizaje del cerebro y sus aplicaciones - 2026\",\"isPartOf\":{\"@id\":\"https:\\\/\\\/webdelmaestrocmf.com\\\/portal\\\/#website\"},\"primaryImageOfPage\":{\"@id\":\"https:\\\/\\\/webdelmaestrocmf.com\\\/portal\\\/los-12-principios-de-aprendizaje-del-cerebro-y-sus-aplicaciones\\\/#primaryimage\"},\"image\":{\"@id\":\"https:\\\/\\\/webdelmaestrocmf.com\\\/portal\\\/los-12-principios-de-aprendizaje-del-cerebro-y-sus-aplicaciones\\\/#primaryimage\"},\"thumbnailUrl\":\"https:\\\/\\\/webdelmaestrocmf.com\\\/portal\\\/wp-content\\\/uploads\\\/2021\\\/07\\\/1-101.jpeg\",\"datePublished\":\"2021-07-16T22:31:20+00:00\",\"dateModified\":\"2023-07-11T23:17:07+00:00\",\"description\":\"Nuestro cerebro est\u00e1 en constante funcionamiento todo el d\u00eda, a diario; trabajamos, estudiamos, comemos, socializamos, mientras nuestro...\",\"breadcrumb\":{\"@id\":\"https:\\\/\\\/webdelmaestrocmf.com\\\/portal\\\/los-12-principios-de-aprendizaje-del-cerebro-y-sus-aplicaciones\\\/#breadcrumb\"},\"inLanguage\":\"es\",\"potentialAction\":[{\"@type\":\"ReadAction\",\"target\":[\"https:\\\/\\\/webdelmaestrocmf.com\\\/portal\\\/los-12-principios-de-aprendizaje-del-cerebro-y-sus-aplicaciones\\\/\"]}]},{\"@type\":\"ImageObject\",\"inLanguage\":\"es\",\"@id\":\"https:\\\/\\\/webdelmaestrocmf.com\\\/portal\\\/los-12-principios-de-aprendizaje-del-cerebro-y-sus-aplicaciones\\\/#primaryimage\",\"url\":\"https:\\\/\\\/webdelmaestrocmf.com\\\/portal\\\/wp-content\\\/uploads\\\/2021\\\/07\\\/1-101.jpeg\",\"contentUrl\":\"https:\\\/\\\/webdelmaestrocmf.com\\\/portal\\\/wp-content\\\/uploads\\\/2021\\\/07\\\/1-101.jpeg\",\"width\":1100,\"height\":680},{\"@type\":\"BreadcrumbList\",\"@id\":\"https:\\\/\\\/webdelmaestrocmf.com\\\/portal\\\/los-12-principios-de-aprendizaje-del-cerebro-y-sus-aplicaciones\\\/#breadcrumb\",\"itemListElement\":[{\"@type\":\"ListItem\",\"position\":1,\"name\":\"Portada\",\"item\":\"https:\\\/\\\/webdelmaestrocmf.com\\\/portal\\\/\"},{\"@type\":\"ListItem\",\"position\":2,\"name\":\"Recursos\",\"item\":\"https:\\\/\\\/webdelmaestrocmf.com\\\/portal\\\/category\\\/pedagogia\\\/\"},{\"@type\":\"ListItem\",\"position\":3,\"name\":\"Los 12 principios de aprendizaje del cerebro y sus aplicaciones\"}]},{\"@type\":\"WebSite\",\"@id\":\"https:\\\/\\\/webdelmaestrocmf.com\\\/portal\\\/#website\",\"url\":\"https:\\\/\\\/webdelmaestrocmf.com\\\/portal\\\/\",\"name\":\"Web del Maestro CMF\",\"description\":\"Maestros al servicio de la educaci\u00f3n\",\"publisher\":{\"@id\":\"https:\\\/\\\/webdelmaestrocmf.com\\\/portal\\\/#organization\"},\"alternateName\":\"WMCMF\",\"potentialAction\":[{\"@type\":\"SearchAction\",\"target\":{\"@type\":\"EntryPoint\",\"urlTemplate\":\"https:\\\/\\\/webdelmaestrocmf.com\\\/portal\\\/?s={search_term_string}\"},\"query-input\":{\"@type\":\"PropertyValueSpecification\",\"valueRequired\":true,\"valueName\":\"search_term_string\"}}],\"inLanguage\":\"es\"},{\"@type\":\"Organization\",\"@id\":\"https:\\\/\\\/webdelmaestrocmf.com\\\/portal\\\/#organization\",\"name\":\"Web del Maestro CMF\",\"alternateName\":\"WMCMF\",\"url\":\"https:\\\/\\\/webdelmaestrocmf.com\\\/portal\\\/\",\"logo\":{\"@type\":\"ImageObject\",\"inLanguage\":\"es\",\"@id\":\"https:\\\/\\\/webdelmaestrocmf.com\\\/portal\\\/#\\\/schema\\\/logo\\\/image\\\/\",\"url\":\"https:\\\/\\\/webdelmaestrocmf.com\\\/portal\\\/wp-content\\\/uploads\\\/2023\\\/01\\\/logo-wmcmf-2.png\",\"contentUrl\":\"https:\\\/\\\/webdelmaestrocmf.com\\\/portal\\\/wp-content\\\/uploads\\\/2023\\\/01\\\/logo-wmcmf-2.png\",\"width\":200,\"height\":60,\"caption\":\"Web del Maestro CMF\"},\"image\":{\"@id\":\"https:\\\/\\\/webdelmaestrocmf.com\\\/portal\\\/#\\\/schema\\\/logo\\\/image\\\/\"},\"sameAs\":[\"https:\\\/\\\/www.facebook.com\\\/WebdelMaestroCMF\\\/\",\"https:\\\/\\\/x.com\\\/cmf_w\",\"https:\\\/\\\/www.pinterest.com\\\/WMCMF\\\/\",\"https:\\\/\\\/www.linkedin.com\\\/company\\\/web-del-maestro-cmf\\\/\",\"https:\\\/\\\/www.instagram.com\\\/wmcmf\\\/\",\"https:\\\/\\\/www.youtube.com\\\/channel\\\/UCDPSvjbdodE5sHnC3OxutHw\",\"https:\\\/\\\/mastodon.social\\\/@wmcmf\",\"https:\\\/\\\/www.tiktok.com\\\/@webdelmaestrocmf\"]},{\"@type\":\"Person\",\"@id\":\"https:\\\/\\\/webdelmaestrocmf.com\\\/portal\\\/#\\\/schema\\\/person\\\/1072a2ed7bd960df8ef99a551fa35dc5\",\"name\":\"Web del Maestro CMF\",\"image\":{\"@type\":\"ImageObject\",\"inLanguage\":\"es\",\"@id\":\"https:\\\/\\\/secure.gravatar.com\\\/avatar\\\/23291dd5b5ae1077dcff3dbb04c3e02bd28403fa75af6d8787d5e97c5bbbe30b?s=96&d=mm&r=g\",\"url\":\"https:\\\/\\\/secure.gravatar.com\\\/avatar\\\/23291dd5b5ae1077dcff3dbb04c3e02bd28403fa75af6d8787d5e97c5bbbe30b?s=96&d=mm&r=g\",\"contentUrl\":\"https:\\\/\\\/secure.gravatar.com\\\/avatar\\\/23291dd5b5ae1077dcff3dbb04c3e02bd28403fa75af6d8787d5e97c5bbbe30b?s=96&d=mm&r=g\",\"caption\":\"Web del Maestro CMF\"},\"description\":\"Esta Web se cre\u00f3 sin fines de lucro, con fines educativos, cient\u00edficos y acad\u00e9micos, para personas que tengan dificultades y\\\/o inconvenientes en visualizar el material original. El objetivo es entregar recursos, compartir experiencias y materiales que ayuden a los padres de familia, maestros y estudiantes en su actualizaci\u00f3n y formaci\u00f3n permanente, en bien de la Educaci\u00f3n.\",\"sameAs\":[\"http:\\\/\\\/webdelmaestrocmf.com\\\/portal\",\"https:\\\/\\\/www.facebook.com\\\/WebdelMaestroCMF\\\/\",\"https:\\\/\\\/www.instagram.com\\\/wmcmf\\\/\",\"https:\\\/\\\/cl.linkedin.com\\\/company\\\/web-del-maestro-cmf\",\"https:\\\/\\\/www.pinterest.com\\\/WMCMF\\\/publicaciones\\\/\",\"https:\\\/\\\/x.com\\\/cmf_w\",\"https:\\\/\\\/www.youtube.com\\\/@WMCMF\"]}]}<\/script>\n<!-- \/ Yoast SEO plugin. -->","yoast_head_json":{"title":"Los 12 principios de aprendizaje del cerebro y sus aplicaciones - 2026","description":"Nuestro cerebro est\u00e1 en constante funcionamiento todo el d\u00eda, a diario; trabajamos, estudiamos, comemos, socializamos, mientras nuestro...","robots":{"index":"index","follow":"follow","max-snippet":"max-snippet:-1","max-image-preview":"max-image-preview:large","max-video-preview":"max-video-preview:-1"},"canonical":"https:\/\/webdelmaestrocmf.com\/portal\/los-12-principios-de-aprendizaje-del-cerebro-y-sus-aplicaciones\/","og_locale":"es_ES","og_type":"article","og_title":"Los 12 principios de aprendizaje del cerebro y sus aplicaciones - 2026","og_description":"Nuestro cerebro est\u00e1 en constante funcionamiento todo el d\u00eda, a diario; trabajamos, estudiamos, comemos, socializamos, mientras nuestro...","og_url":"https:\/\/webdelmaestrocmf.com\/portal\/los-12-principios-de-aprendizaje-del-cerebro-y-sus-aplicaciones\/","og_site_name":"Web del Maestro CMF","article_publisher":"https:\/\/www.facebook.com\/WebdelMaestroCMF\/","article_author":"https:\/\/www.facebook.com\/WebdelMaestroCMF\/","article_published_time":"2021-07-16T22:31:20+00:00","article_modified_time":"2023-07-11T23:17:07+00:00","og_image":[{"width":1100,"height":680,"url":"https:\/\/i0.wp.com\/webdelmaestrocmf.com\/portal\/wp-content\/uploads\/2021\/07\/1-101.jpeg?fit=1100%2C680&ssl=1","type":"image\/jpeg"}],"author":"Web del Maestro CMF","twitter_card":"summary_large_image","twitter_creator":"@cmf_w","twitter_site":"@cmf_w","schema":{"@context":"https:\/\/schema.org","@graph":[{"@type":"ScholarlyArticle","@id":"https:\/\/webdelmaestrocmf.com\/portal\/los-12-principios-de-aprendizaje-del-cerebro-y-sus-aplicaciones\/#article","isPartOf":{"@id":"https:\/\/webdelmaestrocmf.com\/portal\/los-12-principios-de-aprendizaje-del-cerebro-y-sus-aplicaciones\/"},"author":{"name":"Web del Maestro CMF","@id":"https:\/\/webdelmaestrocmf.com\/portal\/#\/schema\/person\/1072a2ed7bd960df8ef99a551fa35dc5"},"headline":"Los 12 principios de aprendizaje del cerebro y sus aplicaciones","datePublished":"2021-07-16T22:31:20+00:00","dateModified":"2023-07-11T23:17:07+00:00","mainEntityOfPage":{"@id":"https:\/\/webdelmaestrocmf.com\/portal\/los-12-principios-de-aprendizaje-del-cerebro-y-sus-aplicaciones\/"},"wordCount":2114,"commentCount":0,"publisher":{"@id":"https:\/\/webdelmaestrocmf.com\/portal\/#organization"},"image":{"@id":"https:\/\/webdelmaestrocmf.com\/portal\/los-12-principios-de-aprendizaje-del-cerebro-y-sus-aplicaciones\/#primaryimage"},"thumbnailUrl":"https:\/\/webdelmaestrocmf.com\/portal\/wp-content\/uploads\/2021\/07\/1-101.jpeg","keywords":["APLICACIONES","aprendizaje","Cerebro","PRINCIPIOS"],"articleSection":["Pedagog\u00eda","Recursos"],"inLanguage":"es","potentialAction":[{"@type":"CommentAction","name":"Comment","target":["https:\/\/webdelmaestrocmf.com\/portal\/los-12-principios-de-aprendizaje-del-cerebro-y-sus-aplicaciones\/#respond"]}]},{"@type":"WebPage","@id":"https:\/\/webdelmaestrocmf.com\/portal\/los-12-principios-de-aprendizaje-del-cerebro-y-sus-aplicaciones\/","url":"https:\/\/webdelmaestrocmf.com\/portal\/los-12-principios-de-aprendizaje-del-cerebro-y-sus-aplicaciones\/","name":"Los 12 principios de aprendizaje del cerebro y sus aplicaciones - 2026","isPartOf":{"@id":"https:\/\/webdelmaestrocmf.com\/portal\/#website"},"primaryImageOfPage":{"@id":"https:\/\/webdelmaestrocmf.com\/portal\/los-12-principios-de-aprendizaje-del-cerebro-y-sus-aplicaciones\/#primaryimage"},"image":{"@id":"https:\/\/webdelmaestrocmf.com\/portal\/los-12-principios-de-aprendizaje-del-cerebro-y-sus-aplicaciones\/#primaryimage"},"thumbnailUrl":"https:\/\/webdelmaestrocmf.com\/portal\/wp-content\/uploads\/2021\/07\/1-101.jpeg","datePublished":"2021-07-16T22:31:20+00:00","dateModified":"2023-07-11T23:17:07+00:00","description":"Nuestro cerebro est\u00e1 en constante funcionamiento todo el d\u00eda, a diario; trabajamos, estudiamos, comemos, socializamos, mientras nuestro...","breadcrumb":{"@id":"https:\/\/webdelmaestrocmf.com\/portal\/los-12-principios-de-aprendizaje-del-cerebro-y-sus-aplicaciones\/#breadcrumb"},"inLanguage":"es","potentialAction":[{"@type":"ReadAction","target":["https:\/\/webdelmaestrocmf.com\/portal\/los-12-principios-de-aprendizaje-del-cerebro-y-sus-aplicaciones\/"]}]},{"@type":"ImageObject","inLanguage":"es","@id":"https:\/\/webdelmaestrocmf.com\/portal\/los-12-principios-de-aprendizaje-del-cerebro-y-sus-aplicaciones\/#primaryimage","url":"https:\/\/webdelmaestrocmf.com\/portal\/wp-content\/uploads\/2021\/07\/1-101.jpeg","contentUrl":"https:\/\/webdelmaestrocmf.com\/portal\/wp-content\/uploads\/2021\/07\/1-101.jpeg","width":1100,"height":680},{"@type":"BreadcrumbList","@id":"https:\/\/webdelmaestrocmf.com\/portal\/los-12-principios-de-aprendizaje-del-cerebro-y-sus-aplicaciones\/#breadcrumb","itemListElement":[{"@type":"ListItem","position":1,"name":"Portada","item":"https:\/\/webdelmaestrocmf.com\/portal\/"},{"@type":"ListItem","position":2,"name":"Recursos","item":"https:\/\/webdelmaestrocmf.com\/portal\/category\/pedagogia\/"},{"@type":"ListItem","position":3,"name":"Los 12 principios de aprendizaje del cerebro y sus aplicaciones"}]},{"@type":"WebSite","@id":"https:\/\/webdelmaestrocmf.com\/portal\/#website","url":"https:\/\/webdelmaestrocmf.com\/portal\/","name":"Web del Maestro CMF","description":"Maestros al servicio de la educaci\u00f3n","publisher":{"@id":"https:\/\/webdelmaestrocmf.com\/portal\/#organization"},"alternateName":"WMCMF","potentialAction":[{"@type":"SearchAction","target":{"@type":"EntryPoint","urlTemplate":"https:\/\/webdelmaestrocmf.com\/portal\/?s={search_term_string}"},"query-input":{"@type":"PropertyValueSpecification","valueRequired":true,"valueName":"search_term_string"}}],"inLanguage":"es"},{"@type":"Organization","@id":"https:\/\/webdelmaestrocmf.com\/portal\/#organization","name":"Web del Maestro CMF","alternateName":"WMCMF","url":"https:\/\/webdelmaestrocmf.com\/portal\/","logo":{"@type":"ImageObject","inLanguage":"es","@id":"https:\/\/webdelmaestrocmf.com\/portal\/#\/schema\/logo\/image\/","url":"https:\/\/webdelmaestrocmf.com\/portal\/wp-content\/uploads\/2023\/01\/logo-wmcmf-2.png","contentUrl":"https:\/\/webdelmaestrocmf.com\/portal\/wp-content\/uploads\/2023\/01\/logo-wmcmf-2.png","width":200,"height":60,"caption":"Web del Maestro CMF"},"image":{"@id":"https:\/\/webdelmaestrocmf.com\/portal\/#\/schema\/logo\/image\/"},"sameAs":["https:\/\/www.facebook.com\/WebdelMaestroCMF\/","https:\/\/x.com\/cmf_w","https:\/\/www.pinterest.com\/WMCMF\/","https:\/\/www.linkedin.com\/company\/web-del-maestro-cmf\/","https:\/\/www.instagram.com\/wmcmf\/","https:\/\/www.youtube.com\/channel\/UCDPSvjbdodE5sHnC3OxutHw","https:\/\/mastodon.social\/@wmcmf","https:\/\/www.tiktok.com\/@webdelmaestrocmf"]},{"@type":"Person","@id":"https:\/\/webdelmaestrocmf.com\/portal\/#\/schema\/person\/1072a2ed7bd960df8ef99a551fa35dc5","name":"Web del Maestro CMF","image":{"@type":"ImageObject","inLanguage":"es","@id":"https:\/\/secure.gravatar.com\/avatar\/23291dd5b5ae1077dcff3dbb04c3e02bd28403fa75af6d8787d5e97c5bbbe30b?s=96&d=mm&r=g","url":"https:\/\/secure.gravatar.com\/avatar\/23291dd5b5ae1077dcff3dbb04c3e02bd28403fa75af6d8787d5e97c5bbbe30b?s=96&d=mm&r=g","contentUrl":"https:\/\/secure.gravatar.com\/avatar\/23291dd5b5ae1077dcff3dbb04c3e02bd28403fa75af6d8787d5e97c5bbbe30b?s=96&d=mm&r=g","caption":"Web del Maestro CMF"},"description":"Esta Web se cre\u00f3 sin fines de lucro, con fines educativos, cient\u00edficos y acad\u00e9micos, para personas que tengan dificultades y\/o inconvenientes en visualizar el material original. El objetivo es entregar recursos, compartir experiencias y materiales que ayuden a los padres de familia, maestros y estudiantes en su actualizaci\u00f3n y formaci\u00f3n permanente, en bien de la Educaci\u00f3n.","sameAs":["http:\/\/webdelmaestrocmf.com\/portal","https:\/\/www.facebook.com\/WebdelMaestroCMF\/","https:\/\/www.instagram.com\/wmcmf\/","https:\/\/cl.linkedin.com\/company\/web-del-maestro-cmf","https:\/\/www.pinterest.com\/WMCMF\/publicaciones\/","https:\/\/x.com\/cmf_w","https:\/\/www.youtube.com\/@WMCMF"]}]}},"jetpack_featured_media_url":"https:\/\/webdelmaestrocmf.com\/portal\/wp-content\/uploads\/2021\/07\/1-101.jpeg","jetpack_sharing_enabled":true,"jetpack-related-posts":[{"id":107494,"url":"https:\/\/webdelmaestrocmf.com\/portal\/la-neuroplasticidad-en-el-aula-como-los-docentes-pueden-aprovecharla\/","url_meta":{"origin":65287,"position":0},"title":"La neuroplasticidad en el aula: c\u00f3mo los docentes pueden aprovecharla","author":"Web del Maestro CMF","date":"14 enero, 2025","format":false,"excerpt":"La neuroplasticidad, la capacidad del cerebro para adaptarse y cambiar a lo largo de la vida, es un concepto revolucionario que ofrece a los docentes la posibilidad de transformar sus pr\u00e1cticas pedag\u00f3gicas. Al comprender c\u00f3mo funciona el cerebro y aplicar este conocimiento en el aula, los educadores pueden crear experiencias\u2026","rel":"","context":"En \u00abNeurociencia\u00bb","block_context":{"text":"Neurociencia","link":"https:\/\/webdelmaestrocmf.com\/portal\/category\/pedagogia\/neurociencia\/"},"img":{"alt_text":"","src":"https:\/\/i0.wp.com\/webdelmaestrocmf.com\/portal\/wp-content\/uploads\/2025\/01\/1A-Banner-1-portada-imagen-10-1-1-1.jpg?resize=350%2C200&ssl=1","width":350,"height":200,"srcset":"https:\/\/i0.wp.com\/webdelmaestrocmf.com\/portal\/wp-content\/uploads\/2025\/01\/1A-Banner-1-portada-imagen-10-1-1-1.jpg?resize=350%2C200&ssl=1 1x, https:\/\/i0.wp.com\/webdelmaestrocmf.com\/portal\/wp-content\/uploads\/2025\/01\/1A-Banner-1-portada-imagen-10-1-1-1.jpg?resize=525%2C300&ssl=1 1.5x, https:\/\/i0.wp.com\/webdelmaestrocmf.com\/portal\/wp-content\/uploads\/2025\/01\/1A-Banner-1-portada-imagen-10-1-1-1.jpg?resize=700%2C400&ssl=1 2x"},"classes":[]},{"id":27566,"url":"https:\/\/webdelmaestrocmf.com\/portal\/neurociencia-y-educacion-12-principios-que-todo-educador-deberia-conocer\/","url_meta":{"origin":65287,"position":1},"title":"Neuroeducaci\u00f3n: Principios que todo educador deber\u00eda conocer","author":"Web del Maestro CMF","date":"3 marzo, 2024","format":false,"excerpt":"Emp\u00edricamente se sabe que ninguna innovaci\u00f3n en los m\u00e9todos de ense\u00f1anza tendr\u00e1 \u00e9xito si no se entiende la forma en que aprenden los estudiantes y el propio docente. No obstante, a pesar de los avances en curr\u00edculo educativo \u2026se desconoce fehacientemente c\u00f3mo aprenden los alumnos. Como humanos, las emociones son\u2026","rel":"","context":"En \u00abNeurociencia\u00bb","block_context":{"text":"Neurociencia","link":"https:\/\/webdelmaestrocmf.com\/portal\/category\/pedagogia\/neurociencia\/"},"img":{"alt_text":"","src":"https:\/\/i0.wp.com\/webdelmaestrocmf.com\/portal\/wp-content\/uploads\/2020\/01\/Banner-1-portada-imagen-10-1-8.jpg?resize=350%2C200&ssl=1","width":350,"height":200,"srcset":"https:\/\/i0.wp.com\/webdelmaestrocmf.com\/portal\/wp-content\/uploads\/2020\/01\/Banner-1-portada-imagen-10-1-8.jpg?resize=350%2C200&ssl=1 1x, https:\/\/i0.wp.com\/webdelmaestrocmf.com\/portal\/wp-content\/uploads\/2020\/01\/Banner-1-portada-imagen-10-1-8.jpg?resize=525%2C300&ssl=1 1.5x, https:\/\/i0.wp.com\/webdelmaestrocmf.com\/portal\/wp-content\/uploads\/2020\/01\/Banner-1-portada-imagen-10-1-8.jpg?resize=700%2C400&ssl=1 2x"},"classes":[]},{"id":41767,"url":"https:\/\/webdelmaestrocmf.com\/portal\/la-programacion-de-aula-desde-los-principios-de-la-neurociencia\/","url_meta":{"origin":65287,"position":2},"title":"La Programaci\u00f3n de aula desde los principios de la Neurociencia","author":"Web del Maestro CMF","date":"11 noviembre, 2023","format":false,"excerpt":"La neurociencia educativa es una disciplina que estudia c\u00f3mo el cerebro aprende. Los avances en este campo nos han proporcionado una mejor comprensi\u00f3n de los procesos cognitivos que subyacen al aprendizaje. Esta comprensi\u00f3n puede ayudarnos a mejorar la programaci\u00f3n de aula para que sea m\u00e1s efectiva. En el presente art\u00edculo,\u2026","rel":"","context":"En \u00abNeurociencia\u00bb","block_context":{"text":"Neurociencia","link":"https:\/\/webdelmaestrocmf.com\/portal\/category\/pedagogia\/neurociencia\/"},"img":{"alt_text":"principios de la neurociencia","src":"https:\/\/i0.wp.com\/webdelmaestrocmf.com\/portal\/wp-content\/uploads\/2023\/11\/A12B3C4D-5-2.jpg?resize=350%2C200&ssl=1","width":350,"height":200,"srcset":"https:\/\/i0.wp.com\/webdelmaestrocmf.com\/portal\/wp-content\/uploads\/2023\/11\/A12B3C4D-5-2.jpg?resize=350%2C200&ssl=1 1x, https:\/\/i0.wp.com\/webdelmaestrocmf.com\/portal\/wp-content\/uploads\/2023\/11\/A12B3C4D-5-2.jpg?resize=525%2C300&ssl=1 1.5x, https:\/\/i0.wp.com\/webdelmaestrocmf.com\/portal\/wp-content\/uploads\/2023\/11\/A12B3C4D-5-2.jpg?resize=700%2C400&ssl=1 2x"},"classes":[]},{"id":102738,"url":"https:\/\/webdelmaestrocmf.com\/portal\/el-interes-del-docente-por-el-cerebro-del-alumno\/","url_meta":{"origin":65287,"position":3},"title":"El inter\u00e9s del docente por el cerebro del alumno","author":"Web del Maestro CMF","date":"17 enero, 2024","format":false,"excerpt":"Los docentes est\u00e1n interesados en el cerebro por una variedad de razones. En primer lugar, el cerebro es el \u00f3rgano responsable del aprendizaje, por lo que comprender c\u00f3mo funciona es esencial para mejorar la ense\u00f1anza y el aprendizaje. En segundo lugar, el cerebro es pl\u00e1stico, lo que significa que puede\u2026","rel":"","context":"En \u00abNeurociencia\u00bb","block_context":{"text":"Neurociencia","link":"https:\/\/webdelmaestrocmf.com\/portal\/category\/pedagogia\/neurociencia\/"},"img":{"alt_text":"","src":"https:\/\/i0.wp.com\/webdelmaestrocmf.com\/portal\/wp-content\/uploads\/2024\/01\/Banner-1-portada-imagen-10-1.jpg?resize=350%2C200&ssl=1","width":350,"height":200,"srcset":"https:\/\/i0.wp.com\/webdelmaestrocmf.com\/portal\/wp-content\/uploads\/2024\/01\/Banner-1-portada-imagen-10-1.jpg?resize=350%2C200&ssl=1 1x, https:\/\/i0.wp.com\/webdelmaestrocmf.com\/portal\/wp-content\/uploads\/2024\/01\/Banner-1-portada-imagen-10-1.jpg?resize=525%2C300&ssl=1 1.5x, https:\/\/i0.wp.com\/webdelmaestrocmf.com\/portal\/wp-content\/uploads\/2024\/01\/Banner-1-portada-imagen-10-1.jpg?resize=700%2C400&ssl=1 2x"},"classes":[]},{"id":101347,"url":"https:\/\/webdelmaestrocmf.com\/portal\/stanislas-dehaene-ahora-sabemos-mucho-sobre-como-el-cerebro-aprende-a-leer\/","url_meta":{"origin":65287,"position":4},"title":"Stanislas Dehaene: Ahora sabemos mucho sobre c\u00f3mo el cerebro aprende a leer","author":"Web del Maestro CMF","date":"2 diciembre, 2023","format":false,"excerpt":"El neurocient\u00edfico franc\u00e9s Stanislas Dehaene (1965) ha realizado contribuciones significativas al campo de la neurociencia, espec\u00edficamente en el estudio de los procesos cerebrales relacionados con leer, la numeraci\u00f3n y el procesamiento matem\u00e1tico. Fue el ganador del Brain Prize, considerado el \u2018Nobel de neurociencia\u2019, elegido para la C\u00e1tedra de Psicolog\u00eda Experimental\u2026","rel":"","context":"En \u00abEntrevistas\u00bb","block_context":{"text":"Entrevistas","link":"https:\/\/webdelmaestrocmf.com\/portal\/category\/noticias\/entrevistas\/"},"img":{"alt_text":"Stanislas Dehaene - cerebro aprende a leer","src":"https:\/\/i0.wp.com\/webdelmaestrocmf.com\/portal\/wp-content\/uploads\/2023\/12\/A12B3C4D-1.jpg?resize=350%2C200&ssl=1","width":350,"height":200,"srcset":"https:\/\/i0.wp.com\/webdelmaestrocmf.com\/portal\/wp-content\/uploads\/2023\/12\/A12B3C4D-1.jpg?resize=350%2C200&ssl=1 1x, https:\/\/i0.wp.com\/webdelmaestrocmf.com\/portal\/wp-content\/uploads\/2023\/12\/A12B3C4D-1.jpg?resize=525%2C300&ssl=1 1.5x, https:\/\/i0.wp.com\/webdelmaestrocmf.com\/portal\/wp-content\/uploads\/2023\/12\/A12B3C4D-1.jpg?resize=700%2C400&ssl=1 2x"},"classes":[]},{"id":89680,"url":"https:\/\/webdelmaestrocmf.com\/portal\/el-modelo-pedagogico-de-los-4-cerebros\/","url_meta":{"origin":65287,"position":5},"title":"El Modelo Pedag\u00f3gico de los 4 Cerebros","author":"Web del Maestro CMF","date":"31 mayo, 2023","format":false,"excerpt":"En el mundo educativo, cada estudiante tiene su propio estilo de aprendizaje y preferencias cognitivas \u00fanicas. Reconociendo esta diversidad, el Modelo Pedag\u00f3gico de los 4 Cerebros (MPCC) ofrece un enfoque revolucionario que busca maximizar el potencial de cada individuo en el proceso de ense\u00f1anza y aprendizaje. Basado en la teor\u00eda\u2026","rel":"","context":"En \u00abModelos\u00bb","block_context":{"text":"Modelos","link":"https:\/\/webdelmaestrocmf.com\/portal\/category\/pedagogia\/modelos\/"},"img":{"alt_text":"","src":"https:\/\/i0.wp.com\/webdelmaestrocmf.com\/portal\/wp-content\/uploads\/2023\/05\/A12B3C4D-2023-05-31T203513.246.jpg?resize=350%2C200&ssl=1","width":350,"height":200,"srcset":"https:\/\/i0.wp.com\/webdelmaestrocmf.com\/portal\/wp-content\/uploads\/2023\/05\/A12B3C4D-2023-05-31T203513.246.jpg?resize=350%2C200&ssl=1 1x, https:\/\/i0.wp.com\/webdelmaestrocmf.com\/portal\/wp-content\/uploads\/2023\/05\/A12B3C4D-2023-05-31T203513.246.jpg?resize=525%2C300&ssl=1 1.5x, https:\/\/i0.wp.com\/webdelmaestrocmf.com\/portal\/wp-content\/uploads\/2023\/05\/A12B3C4D-2023-05-31T203513.246.jpg?resize=700%2C400&ssl=1 2x"},"classes":[]}],"_links":{"self":[{"href":"https:\/\/webdelmaestrocmf.com\/portal\/wp-json\/wp\/v2\/posts\/65287","targetHints":{"allow":["GET"]}}],"collection":[{"href":"https:\/\/webdelmaestrocmf.com\/portal\/wp-json\/wp\/v2\/posts"}],"about":[{"href":"https:\/\/webdelmaestrocmf.com\/portal\/wp-json\/wp\/v2\/types\/post"}],"author":[{"embeddable":true,"href":"https:\/\/webdelmaestrocmf.com\/portal\/wp-json\/wp\/v2\/users\/1"}],"replies":[{"embeddable":true,"href":"https:\/\/webdelmaestrocmf.com\/portal\/wp-json\/wp\/v2\/comments?post=65287"}],"version-history":[{"count":0,"href":"https:\/\/webdelmaestrocmf.com\/portal\/wp-json\/wp\/v2\/posts\/65287\/revisions"}],"wp:featuredmedia":[{"embeddable":true,"href":"https:\/\/webdelmaestrocmf.com\/portal\/wp-json\/wp\/v2\/media\/65290"}],"wp:attachment":[{"href":"https:\/\/webdelmaestrocmf.com\/portal\/wp-json\/wp\/v2\/media?parent=65287"}],"wp:term":[{"taxonomy":"category","embeddable":true,"href":"https:\/\/webdelmaestrocmf.com\/portal\/wp-json\/wp\/v2\/categories?post=65287"},{"taxonomy":"post_tag","embeddable":true,"href":"https:\/\/webdelmaestrocmf.com\/portal\/wp-json\/wp\/v2\/tags?post=65287"}],"curies":[{"name":"wp","href":"https:\/\/api.w.org\/{rel}","templated":true}]}}