{"id":65252,"date":"2021-07-15T23:02:15","date_gmt":"2021-07-16T03:02:15","guid":{"rendered":"https:\/\/webdelmaestrocmf.com\/portal\/?p=65252"},"modified":"2023-03-27T19:41:38","modified_gmt":"2023-03-27T22:41:38","slug":"leon-trahtemberg-las-normas-que-hacen-imposible-el-reinicio-de-clases-semipresenciales","status":"publish","type":"post","link":"https:\/\/webdelmaestrocmf.com\/portal\/leon-trahtemberg-las-normas-que-hacen-imposible-el-reinicio-de-clases-semipresenciales\/","title":{"rendered":"Le\u00f3n Trahtemberg: Las normas que hacen imposible el reinicio de clases semipresenciales"},"content":{"rendered":"<h5 style=\"text-align: justify;\">Para el profesor Francesco Tonucci, en una conferencia virtual para<strong> educarchile<\/strong> y el <strong>Grupo Educativo <\/strong>(03\/06\/2020) que est\u00e1 en YouTube, afirm\u00f3 que <strong>la crisis<\/strong> que ha tra\u00eddo el cierre de las escuelas, <strong>a causa de la pandemia del Covid 19,\u00a0 y la inminente y necesaria vuelta a las clases presenciales, es tambi\u00e9n una oportunidad para reinventar la escuela,<\/strong> pero <strong>con la opini\u00f3n de los estudiantes, padres de familia y profesores<\/strong>, pues no ser\u00e1 solo el cambio a un modo (semipresencial, h\u00edbrida, &#8230;) de desarrollar el proceso ense\u00f1anza \u2013 aprendizaje, sino un nuevo panorama que debe <em>\u201cbasarse sobre la confianza y autonom\u00eda de los alumnos y alumnas, y no sobre la desconfianza porque eso trae la transgresi\u00f3n\u201d.<\/em><\/h5>\n<p><!--more--><\/p>\n<p style=\"text-align: justify;\">El retorno a las clases presenciales deber\u00eda ser una novedad entusiasmante por su motivaci\u00f3n y coparticipaci\u00f3n, en la cual la planificaci\u00f3n y las responsabilidades deber\u00e1n ser compartidas desde <strong>un nuevo pacto educativo en que los actores del proceso educativo no sean destinatarios pasivos de reglas, normas y orientaciones (<\/strong>muchas generadas en escritorios)<strong> decididas por las autoridades de turno del gobierno<\/strong>, sino que <strong>hagan visible el aporte de sus protagonistas<\/strong>. Cada uno de los actores del proceso ense\u00f1anza \u2013 aprendizaje deben sentir y vivir que son ellos los que <strong>caminan un itinerario de consenso<\/strong>, en que los acuerdos son decisiones tomadas en el intercambio de opiniones y la capacidad de llegar a un mutuo acuerdo. Si los mayores llegamos a este punto, ser\u00e1 posible afirmar con el profesor Tonucci: \u201csi los ni\u00f1os y ni\u00f1as comparten las decisiones, las respetar\u00e1n\u201d.\u00a0 <a href=\"https:\/\/www.educarchile.cl\/francesco-tonucci-al-pensar-en-el-regreso-clases-presenciales-el-cambio-no-es-mas-una-eleccion#:~:text=%E2%80%9CAl%20pensar%20en%20el%20regreso%20a%20las%20clases%20presenciales%2C%20el,lo%20cual%20debemos%20inventar%20algo%E2%80%A6\" target=\"_blank\" rel=\"noopener\"><strong>FRANCESCO TONUCCI: \u201cAL PENSAR EN EL REGRESO A CLASES PRESENCIALES, EL CAMBIO NO ES M\u00c1S UNA ELECCI\u00d3N\u201d<\/strong><\/a><\/p>\n<p><a href=\"https:\/\/webdelmaestrocmf.com\/portal\/wp-content\/uploads\/2021\/07\/1-56.jpg\"><img loading=\"lazy\" decoding=\"async\" class=\"alignnone size-large wp-image-65254\" src=\"https:\/\/webdelmaestrocmf.com\/portal\/wp-content\/uploads\/2021\/07\/1-56-1024x633.jpg\" alt=\"\" width=\"1024\" height=\"633\" srcset=\"https:\/\/webdelmaestrocmf.com\/portal\/wp-content\/uploads\/2021\/07\/1-56-1024x633.jpg 1024w, https:\/\/webdelmaestrocmf.com\/portal\/wp-content\/uploads\/2021\/07\/1-56-300x185.jpg 300w, https:\/\/webdelmaestrocmf.com\/portal\/wp-content\/uploads\/2021\/07\/1-56-768x475.jpg 768w, https:\/\/webdelmaestrocmf.com\/portal\/wp-content\/uploads\/2021\/07\/1-56-110x68.jpg 110w, https:\/\/webdelmaestrocmf.com\/portal\/wp-content\/uploads\/2021\/07\/1-56-200x124.jpg 200w, https:\/\/webdelmaestrocmf.com\/portal\/wp-content\/uploads\/2021\/07\/1-56-380x235.jpg 380w, https:\/\/webdelmaestrocmf.com\/portal\/wp-content\/uploads\/2021\/07\/1-56-255x158.jpg 255w, https:\/\/webdelmaestrocmf.com\/portal\/wp-content\/uploads\/2021\/07\/1-56-550x340.jpg 550w, https:\/\/webdelmaestrocmf.com\/portal\/wp-content\/uploads\/2021\/07\/1-56-800x495.jpg 800w, https:\/\/webdelmaestrocmf.com\/portal\/wp-content\/uploads\/2021\/07\/1-56-220x136.jpg 220w, https:\/\/webdelmaestrocmf.com\/portal\/wp-content\/uploads\/2021\/07\/1-56-400x247.jpg 400w, https:\/\/webdelmaestrocmf.com\/portal\/wp-content\/uploads\/2021\/07\/1-56-760x470.jpg 760w, https:\/\/webdelmaestrocmf.com\/portal\/wp-content\/uploads\/2021\/07\/1-56-510x315.jpg 510w, https:\/\/webdelmaestrocmf.com\/portal\/wp-content\/uploads\/2021\/07\/1-56-600x371.jpg 600w, https:\/\/webdelmaestrocmf.com\/portal\/wp-content\/uploads\/2021\/07\/1-56.jpg 1100w\" sizes=\"auto, (max-width: 1024px) 100vw, 1024px\" \/><\/a><\/p>\n<p style=\"text-align: justify;\">El especialista en educaci\u00f3n <strong>Le\u00f3n Trahtemberg <\/strong>(Lima, Per\u00fa, 1951), egresado de la Universidad Nacional de Ingenier\u00eda (UNI), con diversos estudios de post grado: Especializaci\u00f3n en Administraci\u00f3n de la Educaci\u00f3n, Universidad de Lima; egresado del Mag\u00edster en Administraci\u00f3n de Empresas, Universidad del Pac\u00edfico. Mag\u00edster en Educaci\u00f3n, Universidad Hebrea de Jerusal\u00e9n, diversos doctorados Honoris Causa y las Palmas Magisteriales en grado de\u00a0 Amauta, ha publicado en su Blog algunas <strong>reflexiones sobre el\u00a0 \u201cm\u00e9todo castrense\u201d que tienen<\/strong>\u00a0 <strong>las propuestas, planificaciones o protocolos para el retorno a las clases presenciales, <\/strong>\u00a0que garanticen <strong>seguridad, flexibilidad, gradualidad y sean de car\u00e1cter voluntario<\/strong>, seg\u00fan las condiciones epidemiol\u00f3gicas, sociales y de bioseguridad de cada localidad, y que depender\u00e1 del Ministerio de Educaci\u00f3n, el Ministerio de Salud y las autoridades locales, y que ha comenzando (en Per\u00fa) por programar la vacunaci\u00f3n de los profesores de zonas rurales.<\/p>\n<p style=\"text-align: justify;\">Art\u00edculo relacionado, desde la perspectiva de tener en cuenta las caracter\u00edsticas generacionales:\u00a0<b>\u00a0<\/b><\/p>\n<blockquote class=\"wp-embedded-content\" data-secret=\"HBu18leral\"><p><a href=\"https:\/\/webdelmaestrocmf.com\/portal\/3-alternativas-de-clases-hibridas-que-puede-aplicar-en-su-regreso-a-clases-presenciales\/\">3 alternativas de clases h\u00edbridas que puede aplicar<\/a><\/p><\/blockquote>\n<p><iframe loading=\"lazy\" class=\"wp-embedded-content\" sandbox=\"allow-scripts\" security=\"restricted\" style=\"position: absolute; clip: rect(1px, 1px, 1px, 1px);\" title=\"\u00ab3 alternativas de clases h\u00edbridas que puede aplicar\u00bb \u2014 Web del Maestro CMF\" src=\"https:\/\/webdelmaestrocmf.com\/portal\/3-alternativas-de-clases-hibridas-que-puede-aplicar-en-su-regreso-a-clases-presenciales\/embed\/#?secret=3pV853TFpY#?secret=HBu18leral\" data-secret=\"HBu18leral\" width=\"600\" height=\"338\" frameborder=\"0\" marginwidth=\"0\" marginheight=\"0\" scrolling=\"no\"><\/iframe><\/p>\n<p style=\"text-align: justify;\">Nos permitimos compartir con Ustedes, por motivos \u00fanicamente educativos y de formaci\u00f3n permanente, algunas <strong>reflexiones que hace Trahtemberg sobre las pol\u00edticas educativas peruanas sobre el retorno a las clases semipresenciales y presenciales en el Per\u00fa<\/strong>, e intercalando otras publicaciones (que pueden hacer larga esta lectura, pero consideramos importante),<\/p>\n<p style=\"text-align: justify;\">Intentamos motivar la reflexi\u00f3n sobre las <strong>caracter\u00edsticas<\/strong> y el esp\u00edritu de <strong>gesti\u00f3n<\/strong>, sobre los protocolos para el retorno a clases en las escuelas; adem\u00e1s de tener en cuenta la <strong>importancia de la participaci\u00f3n real de los tres actores principales de todo proceso educativo<\/strong>; pues volver a las clases presenciales no puede ser como si nada hubiera pasado y continuar con los m\u00e9todos, paradigmas y mentalidad de la educaci\u00f3n de la era industrial o pre pandemia. Tambi\u00e9n compartimos un video del profesor Marco Loret de Mola, director de MatLab (mencionado Trahtemberg).\u00a0 Los animamos y <strong>sugerimos la lectura de la publicaci\u00f3n completa del art\u00edculo <\/strong>en el enlace que indicamos al final de esta publicaci\u00f3n.<\/p>\n<h5 style=\"text-align: justify;\"><strong>\u00bfLOS COLEGIOS DEBEN ABRIR YA? <\/strong>(04\u00b4 14\u201d)<\/h5>\n<p style=\"text-align: justify;\"><iframe loading=\"lazy\" title=\"YouTube video player\" src=\"https:\/\/www.youtube.com\/embed\/zwOtgz_2XPw\" width=\"100%\" height=\"400\" frameborder=\"0\" allowfullscreen=\"allowfullscreen\"><span data-mce-type=\"bookmark\" style=\"display: inline-block; width: 0px; overflow: hidden; line-height: 0;\" class=\"mce_SELRES_start\">\ufeff<\/span><\/iframe><\/p>\n<p style=\"text-align: justify;\">Las autoridades de gobierno, en conferencia de prensa el 29\/06\/2021, indicaron que en Per\u00fa (Ministerio de Educaci\u00f3n, MINEDU), que se estudia el retorno a las aulas indicando protocolos \u201cgenerales, universales, uniformes, &#8230;\u201d, y tres razones:<\/p>\n<ul style=\"text-align: justify;\">\n<li><strong>es importante la relaci\u00f3n con el docente para alcanzar ciertos aprendizajes,<\/strong><\/li>\n<li><strong>la escuela es un ambiente seguro <\/strong>y<\/li>\n<li>es <strong>una alternativa para las familias<\/strong>, en las que ambos padres trabajan fuera de casa.<\/li>\n<\/ul>\n<p style=\"text-align: justify;\">\u00bfY c\u00f3mo se est\u00e1 procediendo para el retorno a las clases presenciales, semipresenciales, &#8230;en Per\u00fa? Siguiendo un an\u00e1lisis de Le\u00f3n Trahtemberg sobre los protocolos presentados, nos dice que las autoridades educativas peruanas, al menos <strong>en los \u00faltimos 50 a\u00f1os,<\/strong> evidencian algunas deficiencias en sus planes operativos (<strong>producto de la elucubraci\u00f3n de los especialistas del Ministerio de Educaci\u00f3n<\/strong>), porque no son un producto elaborado del di\u00e1logo y la socializaci\u00f3n con la comunidad educativa, sino de sus acuerdos en las oficinas ministeriales<\/p>\n<p style=\"text-align: justify;\">Nos hemos permitido agrupar en dos temas importantes en toda planificaci\u00f3n pedag\u00f3gica: las caracter\u00edsticas y la gesti\u00f3n. <strong>Dejamos a su reflexi\u00f3n, personal y comunitaria,<\/strong> el an\u00e1lisis de estas propuestas, tomar lo que es v\u00e1lido, descartar lo que no va con su realidad educativa y mejorar lo que crea que puede ser \u00fatil.<\/p>\n<p style=\"text-align: justify;\"><strong>Caracter\u00edsticas de las normas y orientaciones de las autoridades educativas para el retorno a las escuelas<\/strong><\/p>\n<ul style=\"text-align: justify;\">\n<li><strong>Desconocen la capacidad de los padres y profesores<\/strong> para decidir lo que es mejor para sus hijos y alumnos.<\/li>\n<li>Hacen depender el reinicio de clases presenciales a <strong>cumplir con condiciones maximalistas<\/strong> de no contagio por el covid en cada distrito que mayoritariamente son <strong>imposibles de cumplir<\/strong> para el reinicio de clases presenciales, haciendo m\u00e1s evidente la discriminaci\u00f3n entre escuela y escuela, entre colegio y colegio.<\/li>\n<li><strong>Desvalorizan el criterio que pueden tener maestros y padres de famili<\/strong>a sobre la viabilidad y conveniencia escolar si deciden env\u00edar o no a sus hijos a clases semipresenciales.<\/li>\n<li>Asumen su rol rector de la educaci\u00f3n en <strong>todos los otros temas<\/strong>, como la de un comandante general de la educaci\u00f3n.<\/li>\n<li>Elaboran consignas que <strong>se imponen a las instituciones educativas<\/strong>, ignorando que son las que realmente conocen el d\u00eda a d\u00eda de la vivencia escolar y lo que necesitan para perfeccionar su rol educativo.<\/li>\n<li>El Ministerio de Educaci\u00f3n, por s\u00ed y ante s\u00ed <strong>define pol\u00edticas, prioridades, estrategias, y luego encargan a sus asesores legales redactar las normas y reglamentos<\/strong>, que fieles al estilo militar son verticales, autoritarios, reglamentaristas, conductistas, para que los autoridades subalternas las apliquen dr\u00e1sticamente y si alguno se sale de los protocolos y normas establecidas, <strong>existe un largo listado de sanciones para todo aqu\u00e9l no se ci\u00f1e fielmente al mandato<\/strong><\/li>\n<li>La poll\u00edtica verticalista <strong>no deja espacio para la innovaci\u00f3n escolar, la autonom\u00eda de gesti\u00f3n, no hay incentivos para el desarrollo de iniciativas originales, no hay opciones para contextualizar y adecuar la propuesta educativa a las realidades <\/strong>y posibilidades de cada localidad y cada escuela.<\/li>\n<li>Esas pol\u00edticas <strong>parecen no respetar el profesionalismo de los profeso<\/strong>res y su capacidad de decidir qu\u00e9 es lo mejor para sus alumnos.<\/li>\n<li>Las normas <strong>consideran como buen profesor el que cumple al pie de la letra<\/strong> lo que a semejenaza del ordneamiento militar, cumple lo que el comandante general a trav\u00e9s de la jerarqu\u00eda militar le demand\u00f3 hacer.<\/li>\n<\/ul>\n<p style=\"text-align: justify;\">Art\u00edculo relacionado:<\/p>\n<blockquote class=\"wp-embedded-content\" data-secret=\"FFJd30vbd4\"><p><a href=\"https:\/\/webdelmaestrocmf.com\/portal\/no-debemos-regresar-a-las-aulas-si-no-hay-garantias-de-las-autoridades-sanitarias-sin-la-actualizacion-de-los-profesores-sin-la-infraestructura-escolar-apropiada-sin-todos-los-recursos-para-las-cla\/\">No debemos regresar a las aulas si no hay garant\u00edas de las autoridades sanitarias, sin la actualizaci\u00f3n de los profesores, sin la infraestructura escolar apropiada, sin todos los recursos para las clases h\u00edbridas<\/a><\/p><\/blockquote>\n<p><iframe loading=\"lazy\" class=\"wp-embedded-content\" sandbox=\"allow-scripts\" security=\"restricted\" style=\"position: absolute; clip: rect(1px, 1px, 1px, 1px);\" title=\"\u00abNo debemos regresar a las aulas si no hay garant\u00edas de las autoridades sanitarias, sin la actualizaci\u00f3n de los profesores, sin la infraestructura escolar apropiada, sin todos los recursos para las clases h\u00edbridas\u00bb \u2014 Web del Maestro CMF\" src=\"https:\/\/webdelmaestrocmf.com\/portal\/no-debemos-regresar-a-las-aulas-si-no-hay-garantias-de-las-autoridades-sanitarias-sin-la-actualizacion-de-los-profesores-sin-la-infraestructura-escolar-apropiada-sin-todos-los-recursos-para-las-cla\/embed\/#?secret=LQ1ZCEFnkY#?secret=FFJd30vbd4\" data-secret=\"FFJd30vbd4\" width=\"600\" height=\"338\" frameborder=\"0\" marginwidth=\"0\" marginheight=\"0\" scrolling=\"no\"><\/iframe><\/p>\n<p style=\"text-align: justify;\"><strong>Ordinariamente <\/strong>(sin se\u00f1alar alguno en particular<strong>) los ministros de educaci\u00f3n en Per\u00fa, han tratado a su sector como comandantes generales de la educaci\u00f3n, <\/strong>haciendo de la gesti\u00f3n educativa una pir\u00e1mide. En su art\u00edculo <strong>analiza los protocolos promulgados como \u00f3rdenes verticales de mando y que se imponen hacia las bases <\/strong>de manera autoritaria, reglamentarista, conductista, &#8230; y que deber\u00e1n cumplirse \u201csin dudas ni murmuraciones\u201d. En esta figura de gesti\u00f3n, <strong>todo viene controlado desde fuera,<\/strong> tantos para los profesores como para los estudiantes; y se decretan normas y orientaciones que son gestoras de alumnos \u201cprofesor dependientes\u201d en las que tampoco \u201c<strong>los estudiantes deciden nada ni tienen espacio para opinar libremente y cultivar su pensamiento cr\u00edtico<\/strong>. Todo viene dado y controlado desde fuera de los alumnos\u201d. Cf <a href=\"https:\/\/www.trahtemberg.com\/articulos\/3160-te-someto-o-te-inspiro.html\" target=\"_blank\" rel=\"noopener\"><strong>TE SOMETO O TE INSPIRO<\/strong><\/a><\/p>\n<p style=\"text-align: justify;\">Como educadores, <strong>encargados de suscitar y promover el pensamiento reflexivo y cr\u00edtico de nuestros estudiantes e hijos<\/strong>, es bueno revisar los protocolos del futuro reinicio de las clases presenciales, con el prop\u00f3sito de practicar y motivar la escucha, la lectura comprensiva y el an\u00e1lisis comparativo de <strong>las caracter\u00edsticas de las normas<\/strong> <strong>protocolares dictadas<\/strong> por las autoridades educativas y mejorarlas; tema sobre el que Le\u00f3n Trahtemberg nos dice:<\/p>\n<ul style=\"text-align: justify;\">\n<li>Si el ministerio tiene que ser el \u00f3rgano rector del sector, <strong>no tiene, ni debe ser el \u00f3rgano impositor, carcelario, que no deja espacios para la adecuaci\u00f3n e innovaci\u00f3n y act\u00faa con esp\u00edritu persecutorio y sancionador<\/strong>.<\/li>\n<li>Que <strong>jam\u00e1s un ministerio de educaci\u00f3n<\/strong> en ninguna parte del mundo <strong>podr\u00e1 actuar<\/strong> -para adecuarse a la realidad r\u00e1pidamente cambiante- con la rapidez y adecuaci\u00f3n a las situaciones particulares, comparable <strong>con la velocidad de reacci\u00f3n y adecuaci\u00f3n de cada instituci\u00f3n educativa<\/strong>.<\/li>\n<li><strong>Solo las escuelas y colegios son los m\u00e1s sensibles a los cambios en la tecnolog\u00eda y sus posibles aportes<\/strong>, las demandas del <strong>mundo laboral, <\/strong>los <strong>problemas socioemocionales<\/strong> de los alumnos [dejados como invisibles o inexistentes], las <strong>realidades econ\u00f3micas de cada familia<\/strong>, los temas que involucran el <strong>mundo digital y global, las nuevas demandas curriculares<\/strong>\u2026<\/li>\n<li>Los ministeriosn o secretar\u00edas de educaci\u00f3n <strong>tardan mucho tiempo en detectar las demandas y problemas educativos de su \u00e1mbito de responsabilidad, y darles soluci\u00f3n<\/strong>. Lo que un colegio o instituci\u00f3n educativa puede adecuar de un a\u00f1o al otro, a los ministerios de educaci\u00f3n les toma 10, 20 o m\u00e1s a\u00f1os.<\/li>\n<li>La cultura ministerial deber\u00eda de cambiar de una vez por todas, puesto que <strong>no puede pretender saber m\u00e1s que cada una de las instituciones educativas <\/strong>sobre lo que es mejor para los alumnos, anulando la capacidad de propuesta de <strong>los maestros, que son los profesionales de la educaci\u00f3n, tan o m\u00e1s competentes como los que se sientan en las oficinas ministeriales<\/strong>.<\/li>\n<li>Las normas (ordinariamente) <strong>no permiten a los directores y maestros que act\u00faen como colectivo<\/strong> en cada instituci\u00f3n educativa para definir la ruta a seguir y optimizar los aprendizajes y el bienestar socioemocional de sus alumnos.<\/li>\n<\/ul>\n<p style=\"text-align: justify;\">\u00bfSon caracter\u00edsticas parecidas a su realidad educativa? \u00bfCree que hay material para analizar su propia realidad?<\/p>\n<p style=\"text-align: justify;\">De otro lado, por informes, an\u00e1lisis y experiencias compartidas, sabemos que, antes del cierre de las escuelas, los pa\u00edses que progresaban en su educaci\u00f3n, ciencia y tecnolog\u00eda eran los que tuvieron como pol\u00edticas propias el <strong>fomentar la innovaci\u00f3n a todo nivel<\/strong>, permitiendo que <strong>las autoridades ocasionales<\/strong> est\u00e9n all\u00ed para aumentar el efecto multiplicador de las ideas novedosas y las buenas pr\u00e1cticas, sin apagar o minusvalorar las iniciativas de los estudiantes, padres de familia y profesores, y <strong>otorgando amplios m\u00e1rgenes de autonom\u00eda a instituciones educativas, y sin obligarlas a someterse a un modelo uniforme <\/strong>gestado en los escritorios ministeriales.<\/p>\n<p style=\"text-align: justify;\">Podr\u00eda ser de su inter\u00e9s esta publicaci\u00f3n anterior:<\/p>\n<blockquote class=\"wp-embedded-content\" data-secret=\"DoPuHocOxj\"><p><a href=\"https:\/\/webdelmaestrocmf.com\/portal\/las-politicas-educativas-elaboradas-los-escritorios-los-ministerios-no-responden-la-realidad\/\">Las pol\u00edticas educativas elaboradas en los escritorios de los ministerios, no responden a la realidad<\/a><\/p><\/blockquote>\n<p><iframe loading=\"lazy\" class=\"wp-embedded-content\" sandbox=\"allow-scripts\" security=\"restricted\" style=\"position: absolute; clip: rect(1px, 1px, 1px, 1px);\" title=\"\u00abLas pol\u00edticas educativas elaboradas en los escritorios de los ministerios, no responden a la realidad\u00bb \u2014 Web del Maestro CMF\" src=\"https:\/\/webdelmaestrocmf.com\/portal\/las-politicas-educativas-elaboradas-los-escritorios-los-ministerios-no-responden-la-realidad\/embed\/#?secret=fqxqSJtPLv#?secret=DoPuHocOxj\" data-secret=\"DoPuHocOxj\" width=\"600\" height=\"338\" frameborder=\"0\" marginwidth=\"0\" marginheight=\"0\" scrolling=\"no\"><\/iframe><\/p>\n<p style=\"text-align: justify;\">No es muy dif\u00edcil comprobar que las comunidades educativas que trabajan en <strong>el di\u00e1logo abierto y en la escucha son las m\u00e1s \u201csensibles a los cambios <\/strong>en la tecnolog\u00eda y sus posibles aportes, las demandas del mundo laboral, los problemas socioemocionales de los alumnos, las realidades econ\u00f3micas de cada familia, los temas que involucran el mundo digital y global, las nuevas demandas curriculares\u2026\u201d<\/p>\n<p style=\"text-align: justify;\">Muchos de los textos, sobre las caracter\u00edsticas y gesti\u00f3n de los protocolos para el retorno a las clases presenciales en Per\u00fa, han sido extra\u00eddos del art\u00edculo publicado en el Blog<strong> Le\u00f3n Trahtemberg<\/strong> y por eso les sugerimos leer completo su contenido en este enlace: <a href=\"https:\/\/www.trahtemberg.com\/articulos\/3798-2021-07-11-14-52-21.html\" target=\"_blank\" rel=\"noopener\"><strong>\u00bfES EL ROL DEL MINISTRO DE EDUCACI\u00d3N SER EL COMANDANTE GENERAL DE LA EDUCACI\u00d3N?<\/strong><\/a><\/p>\n<p style=\"text-align: justify;\">Finalmente consideramos que <strong>hay un gran ausente en estos protocolos<\/strong>, y que quiz\u00e1 sea el \u201cacompa\u00f1ante invisible\u201d o desapercibido con que cada estudiante, los padres y madres de familia y profesores reingresar\u00e1n a la escuela, a las clases semipresenciales o h\u00edbridas, a la vida escolar en la escuela: <strong>la salud mental y el bienestar socioemocional<\/strong>. No es tan dif\u00edcil comprobar o al menos estar de acuerdo, que cuando se cerraron las escuelas se ten\u00eda un estado mental y emocional diferente a las que ahora tenemos, y con el cual volveremos a reencontrarnos.<\/p>\n<p style=\"text-align: justify;\">En casi ning\u00fan protocolo del regreso a las clases presenciales nos habla de la salud mental con que regresan a la escuela los profesores, y que ya hab\u00edamos tratado en una anterior (puesta como enlace) y en esta publicaci\u00f3n:<\/p>\n<p style=\"text-align: justify;\">Publicaci\u00f3n recomendada:<a href=\"https:\/\/www.trahtemberg.com\/articulos\/3647-2020-08-05-21-35-28.html\" target=\"_blank\" rel=\"noopener\"><strong> \u00bfY LA SALUD MENTAL DE LOS NI\u00d1OS?<\/strong><\/a><\/p>\n<blockquote class=\"wp-embedded-content\" data-secret=\"pa3tAEMgGE\"><p><a href=\"https:\/\/webdelmaestrocmf.com\/portal\/salud-mental-de-profesores-empeoro-desde-la-pandemia\/\">Salud mental de profesores empeor\u00f3 desde la pandemia<\/a><\/p><\/blockquote>\n<p><iframe loading=\"lazy\" class=\"wp-embedded-content\" sandbox=\"allow-scripts\" security=\"restricted\" style=\"position: absolute; clip: rect(1px, 1px, 1px, 1px);\" title=\"\u00abSalud mental de profesores empeor\u00f3 desde la pandemia\u00bb \u2014 Web del Maestro CMF\" src=\"https:\/\/webdelmaestrocmf.com\/portal\/salud-mental-de-profesores-empeoro-desde-la-pandemia\/embed\/#?secret=9AoZZGqAjg#?secret=pa3tAEMgGE\" data-secret=\"pa3tAEMgGE\" width=\"600\" height=\"338\" frameborder=\"0\" marginwidth=\"0\" marginheight=\"0\" scrolling=\"no\"><\/iframe><\/p>\n<p style=\"text-align: justify;\">Durante el tiempo de confinamiento por la pandemia, los estudiantes no han recibido atenci\u00f3n en su salud mental en la escuela ni han sido derivados (los que necesitaban) a especialistas, aunque sabemos que es en el hogar donde se forma y consolida la salud emocional. De otro lado, y no menos importante, ser\u00eda bueno <strong>revisar la salud mental de los otros actores del proceso ense\u00f1anza \u2013 aprendizaje<\/strong>, quienes tambi\u00e9n han vivido o est\u00e1n viviendo impactos trascendentes en su vida socioemocional, en su salud mental. Les sugerimos esta publicaci\u00f3n:<\/p>\n<blockquote class=\"wp-embedded-content\" data-secret=\"B7zJEEu5h8\"><p><a href=\"https:\/\/webdelmaestrocmf.com\/portal\/deberia-recoger-curriculo-oficial-la-importancia-la-educacion-emocional\/\">Bego\u00f1a Ibarrola: Es necesario comprender que la base de la educaci\u00f3n emocional se forma dentro de la familia y no \u00fanicamente desde la escuela<\/a><\/p><\/blockquote>\n<p><iframe loading=\"lazy\" class=\"wp-embedded-content\" sandbox=\"allow-scripts\" security=\"restricted\" style=\"position: absolute; clip: rect(1px, 1px, 1px, 1px);\" title=\"\u00abBego\u00f1a Ibarrola: Es necesario comprender que la base de la educaci\u00f3n emocional se forma dentro de la familia y no \u00fanicamente desde la escuela\u00bb \u2014 Web del Maestro CMF\" src=\"https:\/\/webdelmaestrocmf.com\/portal\/deberia-recoger-curriculo-oficial-la-importancia-la-educacion-emocional\/embed\/#?secret=ceQCbik2ZL#?secret=B7zJEEu5h8\" data-secret=\"B7zJEEu5h8\" width=\"600\" height=\"338\" frameborder=\"0\" marginwidth=\"0\" marginheight=\"0\" scrolling=\"no\"><\/iframe><\/p>\n<p style=\"text-align: justify;\">La experiencia del cierre de las escuelas y el volver a abrirlas, nos tiene que hacer <strong>repensar la educaci\u00f3n que queremos<\/strong>, y darnos cuenta que se requiere honestidad y coherencia en el di\u00e1logo, a fin de superar el individualismo (que tanto ense\u00f1an y se practica con los tel\u00e9fonos inteligentes, las tabletas, &#8230;), y <strong>potenciar la cooperaci\u00f3n<\/strong>, el trabajo juntos, la suma de propuestas, talentos y sue\u00f1os. El cierre de las escuelas nos ha mostrado (a un buen n\u00famero de profesores) \u201cque <strong>no podemos vivir sin el otro, o peor a\u00fan, uno contra el otro<\/strong>\u201d, y que de esta experiencia no salimos iguales.<\/p>\n<p style=\"text-align: justify;\">Transformemos ese desaf\u00edo, encontrando el camino de la nueva normalidad educativa como una oportunidad para construir juntos, una vez m\u00e1s, la educaci\u00f3n inclusiva, equitativa, que <strong>fortalezca el contacto humano<\/strong> en la comunidad educativa (tan extra\u00f1ada durante el confinamiento o lockdown), que entusiasme en el <strong>compromiso personal y la corresponsabilidad<\/strong>,\u00a0 que <strong>no margine, descarte ni ignore a nadie<\/strong>, que acompa\u00f1e <strong>en la soluci\u00f3n de los problemas de aprendizaje,<\/strong> que optimiza el conocimiento y <strong>manejo de las herramientas <\/strong>digitales que aportan a la creatividad metodol\u00f3gica de la ense\u00f1anza y que y <strong>que revaloriza la profesi\u00f3n docente; <\/strong>como lo expusimos en este art\u00edculo, y que le sugerimos leer:<\/p>\n<blockquote class=\"wp-embedded-content\" data-secret=\"RHjxyaq6SE\"><p><a href=\"https:\/\/webdelmaestrocmf.com\/portal\/la-educacion-pos-pandemia-por-medio-de-la-nueva-normalidad-educativa-parte-i\/\">La educaci\u00f3n pos pandemia por medio de la nueva normalidad educativa (Parte I)<\/a><\/p><\/blockquote>\n<p><iframe loading=\"lazy\" class=\"wp-embedded-content\" sandbox=\"allow-scripts\" security=\"restricted\" style=\"position: absolute; clip: rect(1px, 1px, 1px, 1px);\" title=\"\u00abLa educaci\u00f3n pos pandemia por medio de la nueva normalidad educativa (Parte I)\u00bb \u2014 Web del Maestro CMF\" src=\"https:\/\/webdelmaestrocmf.com\/portal\/la-educacion-pos-pandemia-por-medio-de-la-nueva-normalidad-educativa-parte-i\/embed\/#?secret=mEXcwxfBff#?secret=RHjxyaq6SE\" data-secret=\"RHjxyaq6SE\" width=\"600\" height=\"338\" frameborder=\"0\" marginwidth=\"0\" marginheight=\"0\" scrolling=\"no\"><\/iframe><\/p>\n<p style=\"text-align: center;\">\u201c<em>Toda innovaci\u00f3n pasa por una curva de aprendizaje, que arranca con el shock inicial de la confusi\u00f3n por el cambio de las reglas de juego al migrar de la presencial a la virtual, sin saber bien c\u00f3mo y por cu\u00e1nto tiempo, seguido por ensayo y error al escoger tecnolog\u00eda, contenidos y modelo educativo. Luego viene la etapa de pulido y ajuste para llegar a un primer nivel de madurez en el que profesores ya est\u00e1n c\u00f3modos con el trabajo, los alumnos pueden asumirlo y los padres lo entienden<\/em>\u201d. (19\/04\/2020).<\/p>\n<p style=\"text-align: right;\"><strong>REDACCI\u00d3N WEB DEL MAESTRO CMF<\/strong><\/p>\n\t\t<div class=\"pk-inline-posts\">\n\t\t\t\n\t\t\t<div class=\"pk-inline-posts-container pk-inline-posts-template-list\"\n\t\t\t\tdata-columns=\"1\">\n\t\t\t\t\t\t<article id=\"post-118510\" class=\"post-118510 post type-post status-publish format-standard has-post-thumbnail category-entrevistas category-noticias tag-aprendizaje tag-aula tag-docentes tag-educacion-2 tag-estudiantes tag-filosofia-2 tag-formacion-2 tag-inteligencia tag-jose-antonio-marina tag-pedagogia-2 tag-pensamiento-critico-2 cs-entry cs-video-wrap\">\n\t\t\t<div class=\"pk-post-outer\">\n\n\t\t\t\t\t\t\t\t<div class=\"pk-post-inner\">\n\t\t\t\t\t<div class=\"entry-thumbnail\">\n\t\t\t\t\t\t<div class=\"pk-overlay pk-overlay-ratio pk-ratio-landscape\">\n\t\t\t\t\t\t\t<div class=\"pk-overlay-background\">\n\t\t\t\t\t\t\t\t<a href=\"https:\/\/webdelmaestrocmf.com\/portal\/jose-antonio-marina-si-no-teneis-pensamiento-critico-o-si-no-hay-pensamiento-critico-la-manipulacion-va-a-ser-muy-sencilla\/\" class=\"pk-overlay-link\">\n\t\t\t\t\t\t\t\t\t<img loading=\"lazy\" decoding=\"async\" width=\"300\" height=\"225\" src=\"https:\/\/webdelmaestrocmf.com\/portal\/wp-content\/uploads\/2026\/04\/1AA-Banner-1-portada-imagen-10-1-copia-5-6-300x225.webp\" class=\"attachment-pk-thumbnail size-pk-thumbnail wp-post-image\" alt=\"\" \/>\t\t\t\t\t\t\t\t<\/a>\n\t\t\t\t\t\t\t<\/div>\n\t\t\t\t\t\t<\/div>\n\t\t\t\t\t<\/div>\n\t\t\t\t<\/div>\n\t\t\t\t\n\t\t\t\t<div class=\"pk-post-inner\">\n\t\t\t\t\t<header>\n\t\t\t\t\t\t<h3 class=\"pk-title\"><a href=\"https:\/\/webdelmaestrocmf.com\/portal\/jose-antonio-marina-si-no-teneis-pensamiento-critico-o-si-no-hay-pensamiento-critico-la-manipulacion-va-a-ser-muy-sencilla\/\" rel=\"bookmark\">Jos\u00e9 Antonio Marina: Si no ten\u00e9is pensamiento cr\u00edtico, o si no hay pensamiento cr\u00edtico, la manipulaci\u00f3n va a ser muy sencilla<\/a><\/h3>\t\t\t\t\t<\/header><!-- .entry-header -->\n\t\t\t\t<\/div><!-- .post-inner -->\n\n\t\t\t<\/div><!-- .post-outer -->\n\t\t<\/article>\n\t\t\t\t<\/div>\n\t\t<\/div>\n\t\t\n","protected":false},"excerpt":{"rendered":"Para el profesor Francesco Tonucci, en una conferencia virtual para educarchile y el Grupo Educativo (03\/06\/2020) que est\u00e1&hellip;","protected":false},"author":1,"featured_media":65255,"comment_status":"open","ping_status":"closed","sticky":false,"template":"","format":"standard","meta":{"csco_display_header_overlay":false,"csco_singular_sidebar":"disabled","csco_page_header_type":"standard","csco_page_load_nextpost":"default","csco_post_video_location":[],"csco_post_video_location_hash":"","csco_post_video_url":"","csco_post_video_bg_start_time":0,"csco_post_video_bg_end_time":0,"csco_post_video_bg_volume":false,"_jetpack_memberships_contains_paid_content":false,"footnotes":""},"categories":[48,47],"tags":[634,3006,5252,285,1041,4707,13807],"class_list":{"0":"post-65252","1":"post","2":"type-post","3":"status-publish","4":"format-standard","5":"has-post-thumbnail","7":"category-entrevistas","8":"category-noticias","9":"tag-clases","10":"tag-hacen","11":"tag-imposible","12":"tag-leon-trahtemberg","13":"tag-normas","14":"tag-reinicio","15":"tag-semipresenciales","16":"cs-entry","17":"cs-video-wrap"},"yoast_head":"<!-- This site is optimized with the Yoast SEO plugin v27.5 - https:\/\/yoast.com\/product\/yoast-seo-wordpress\/ -->\n<title>Le\u00f3n Trahtemberg: Las normas que hacen imposible el reinicio de clases semipresenciales - 2026<\/title>\n<meta name=\"description\" content=\"Para el profesor Francesco Tonucci, en una conferencia virtual para educarchile y el Grupo Educativo (03\/06\/2020) que est\u00e1 en...\" \/>\n<meta name=\"robots\" content=\"index, follow, max-snippet:-1, max-image-preview:large, max-video-preview:-1\" \/>\n<link rel=\"canonical\" href=\"https:\/\/webdelmaestrocmf.com\/portal\/leon-trahtemberg-las-normas-que-hacen-imposible-el-reinicio-de-clases-semipresenciales\/\" \/>\n<meta property=\"og:locale\" content=\"es_ES\" \/>\n<meta property=\"og:type\" content=\"article\" \/>\n<meta property=\"og:title\" content=\"Le\u00f3n Trahtemberg: Las normas que hacen imposible el reinicio de clases semipresenciales - 2026\" \/>\n<meta property=\"og:description\" content=\"Para el profesor Francesco Tonucci, en una conferencia virtual para educarchile y el Grupo Educativo (03\/06\/2020) que est\u00e1 en...\" \/>\n<meta property=\"og:url\" content=\"https:\/\/webdelmaestrocmf.com\/portal\/leon-trahtemberg-las-normas-que-hacen-imposible-el-reinicio-de-clases-semipresenciales\/\" \/>\n<meta property=\"og:site_name\" content=\"Web del Maestro CMF\" \/>\n<meta property=\"article:publisher\" content=\"https:\/\/www.facebook.com\/WebdelMaestroCMF\/\" \/>\n<meta property=\"article:author\" content=\"https:\/\/www.facebook.com\/WebdelMaestroCMF\/\" \/>\n<meta property=\"article:published_time\" content=\"2021-07-16T03:02:15+00:00\" \/>\n<meta property=\"article:modified_time\" content=\"2023-03-27T22:41:38+00:00\" \/>\n<meta property=\"og:image\" content=\"https:\/\/i0.wp.com\/webdelmaestrocmf.com\/portal\/wp-content\/uploads\/2021\/07\/2-3.jpg?fit=1100%2C680&ssl=1\" \/>\n\t<meta property=\"og:image:width\" content=\"1100\" \/>\n\t<meta property=\"og:image:height\" content=\"680\" \/>\n\t<meta property=\"og:image:type\" content=\"image\/jpeg\" \/>\n<meta name=\"author\" content=\"Web del Maestro CMF\" \/>\n<meta name=\"twitter:card\" content=\"summary_large_image\" \/>\n<meta name=\"twitter:creator\" content=\"@cmf_w\" \/>\n<meta name=\"twitter:site\" content=\"@cmf_w\" \/>\n<script type=\"application\/ld+json\" class=\"yoast-schema-graph\">{\"@context\":\"https:\\\/\\\/schema.org\",\"@graph\":[{\"@type\":\"ScholarlyArticle\",\"@id\":\"https:\\\/\\\/webdelmaestrocmf.com\\\/portal\\\/leon-trahtemberg-las-normas-que-hacen-imposible-el-reinicio-de-clases-semipresenciales\\\/#article\",\"isPartOf\":{\"@id\":\"https:\\\/\\\/webdelmaestrocmf.com\\\/portal\\\/leon-trahtemberg-las-normas-que-hacen-imposible-el-reinicio-de-clases-semipresenciales\\\/\"},\"author\":{\"name\":\"Web del Maestro CMF\",\"@id\":\"https:\\\/\\\/webdelmaestrocmf.com\\\/portal\\\/#\\\/schema\\\/person\\\/1072a2ed7bd960df8ef99a551fa35dc5\"},\"headline\":\"Le\u00f3n Trahtemberg: Las normas que hacen imposible el reinicio de clases semipresenciales\",\"datePublished\":\"2021-07-16T03:02:15+00:00\",\"dateModified\":\"2023-03-27T22:41:38+00:00\",\"mainEntityOfPage\":{\"@id\":\"https:\\\/\\\/webdelmaestrocmf.com\\\/portal\\\/leon-trahtemberg-las-normas-que-hacen-imposible-el-reinicio-de-clases-semipresenciales\\\/\"},\"wordCount\":2597,\"commentCount\":0,\"publisher\":{\"@id\":\"https:\\\/\\\/webdelmaestrocmf.com\\\/portal\\\/#organization\"},\"image\":{\"@id\":\"https:\\\/\\\/webdelmaestrocmf.com\\\/portal\\\/leon-trahtemberg-las-normas-que-hacen-imposible-el-reinicio-de-clases-semipresenciales\\\/#primaryimage\"},\"thumbnailUrl\":\"https:\\\/\\\/webdelmaestrocmf.com\\\/portal\\\/wp-content\\\/uploads\\\/2021\\\/07\\\/2-3.jpg\",\"keywords\":[\"clases\",\"HACEN\",\"imposible\",\"Le\u00f3n Trahtemberg\",\"normas\",\"reinicio\",\"semipresenciales\"],\"articleSection\":[\"Entrevistas\",\"Noticias\"],\"inLanguage\":\"es\",\"potentialAction\":[{\"@type\":\"CommentAction\",\"name\":\"Comment\",\"target\":[\"https:\\\/\\\/webdelmaestrocmf.com\\\/portal\\\/leon-trahtemberg-las-normas-que-hacen-imposible-el-reinicio-de-clases-semipresenciales\\\/#respond\"]}]},{\"@type\":\"WebPage\",\"@id\":\"https:\\\/\\\/webdelmaestrocmf.com\\\/portal\\\/leon-trahtemberg-las-normas-que-hacen-imposible-el-reinicio-de-clases-semipresenciales\\\/\",\"url\":\"https:\\\/\\\/webdelmaestrocmf.com\\\/portal\\\/leon-trahtemberg-las-normas-que-hacen-imposible-el-reinicio-de-clases-semipresenciales\\\/\",\"name\":\"Le\u00f3n Trahtemberg: Las normas que hacen imposible el reinicio de clases semipresenciales - 2026\",\"isPartOf\":{\"@id\":\"https:\\\/\\\/webdelmaestrocmf.com\\\/portal\\\/#website\"},\"primaryImageOfPage\":{\"@id\":\"https:\\\/\\\/webdelmaestrocmf.com\\\/portal\\\/leon-trahtemberg-las-normas-que-hacen-imposible-el-reinicio-de-clases-semipresenciales\\\/#primaryimage\"},\"image\":{\"@id\":\"https:\\\/\\\/webdelmaestrocmf.com\\\/portal\\\/leon-trahtemberg-las-normas-que-hacen-imposible-el-reinicio-de-clases-semipresenciales\\\/#primaryimage\"},\"thumbnailUrl\":\"https:\\\/\\\/webdelmaestrocmf.com\\\/portal\\\/wp-content\\\/uploads\\\/2021\\\/07\\\/2-3.jpg\",\"datePublished\":\"2021-07-16T03:02:15+00:00\",\"dateModified\":\"2023-03-27T22:41:38+00:00\",\"description\":\"Para el profesor Francesco Tonucci, en una conferencia virtual para educarchile y el Grupo Educativo (03\\\/06\\\/2020) que est\u00e1 en...\",\"breadcrumb\":{\"@id\":\"https:\\\/\\\/webdelmaestrocmf.com\\\/portal\\\/leon-trahtemberg-las-normas-que-hacen-imposible-el-reinicio-de-clases-semipresenciales\\\/#breadcrumb\"},\"inLanguage\":\"es\",\"potentialAction\":[{\"@type\":\"ReadAction\",\"target\":[\"https:\\\/\\\/webdelmaestrocmf.com\\\/portal\\\/leon-trahtemberg-las-normas-que-hacen-imposible-el-reinicio-de-clases-semipresenciales\\\/\"]}]},{\"@type\":\"ImageObject\",\"inLanguage\":\"es\",\"@id\":\"https:\\\/\\\/webdelmaestrocmf.com\\\/portal\\\/leon-trahtemberg-las-normas-que-hacen-imposible-el-reinicio-de-clases-semipresenciales\\\/#primaryimage\",\"url\":\"https:\\\/\\\/webdelmaestrocmf.com\\\/portal\\\/wp-content\\\/uploads\\\/2021\\\/07\\\/2-3.jpg\",\"contentUrl\":\"https:\\\/\\\/webdelmaestrocmf.com\\\/portal\\\/wp-content\\\/uploads\\\/2021\\\/07\\\/2-3.jpg\",\"width\":1100,\"height\":680},{\"@type\":\"BreadcrumbList\",\"@id\":\"https:\\\/\\\/webdelmaestrocmf.com\\\/portal\\\/leon-trahtemberg-las-normas-que-hacen-imposible-el-reinicio-de-clases-semipresenciales\\\/#breadcrumb\",\"itemListElement\":[{\"@type\":\"ListItem\",\"position\":1,\"name\":\"Portada\",\"item\":\"https:\\\/\\\/webdelmaestrocmf.com\\\/portal\\\/\"},{\"@type\":\"ListItem\",\"position\":2,\"name\":\"Noticias\",\"item\":\"https:\\\/\\\/webdelmaestrocmf.com\\\/portal\\\/category\\\/noticias\\\/\"},{\"@type\":\"ListItem\",\"position\":3,\"name\":\"Le\u00f3n Trahtemberg: Las normas que hacen imposible el reinicio de clases semipresenciales\"}]},{\"@type\":\"WebSite\",\"@id\":\"https:\\\/\\\/webdelmaestrocmf.com\\\/portal\\\/#website\",\"url\":\"https:\\\/\\\/webdelmaestrocmf.com\\\/portal\\\/\",\"name\":\"Web del Maestro CMF\",\"description\":\"Maestros al servicio de la educaci\u00f3n\",\"publisher\":{\"@id\":\"https:\\\/\\\/webdelmaestrocmf.com\\\/portal\\\/#organization\"},\"alternateName\":\"WMCMF\",\"potentialAction\":[{\"@type\":\"SearchAction\",\"target\":{\"@type\":\"EntryPoint\",\"urlTemplate\":\"https:\\\/\\\/webdelmaestrocmf.com\\\/portal\\\/?s={search_term_string}\"},\"query-input\":{\"@type\":\"PropertyValueSpecification\",\"valueRequired\":true,\"valueName\":\"search_term_string\"}}],\"inLanguage\":\"es\"},{\"@type\":\"Organization\",\"@id\":\"https:\\\/\\\/webdelmaestrocmf.com\\\/portal\\\/#organization\",\"name\":\"Web del Maestro CMF\",\"alternateName\":\"WMCMF\",\"url\":\"https:\\\/\\\/webdelmaestrocmf.com\\\/portal\\\/\",\"logo\":{\"@type\":\"ImageObject\",\"inLanguage\":\"es\",\"@id\":\"https:\\\/\\\/webdelmaestrocmf.com\\\/portal\\\/#\\\/schema\\\/logo\\\/image\\\/\",\"url\":\"https:\\\/\\\/webdelmaestrocmf.com\\\/portal\\\/wp-content\\\/uploads\\\/2023\\\/01\\\/logo-wmcmf-2.png\",\"contentUrl\":\"https:\\\/\\\/webdelmaestrocmf.com\\\/portal\\\/wp-content\\\/uploads\\\/2023\\\/01\\\/logo-wmcmf-2.png\",\"width\":200,\"height\":60,\"caption\":\"Web del Maestro CMF\"},\"image\":{\"@id\":\"https:\\\/\\\/webdelmaestrocmf.com\\\/portal\\\/#\\\/schema\\\/logo\\\/image\\\/\"},\"sameAs\":[\"https:\\\/\\\/www.facebook.com\\\/WebdelMaestroCMF\\\/\",\"https:\\\/\\\/x.com\\\/cmf_w\",\"https:\\\/\\\/www.pinterest.com\\\/WMCMF\\\/\",\"https:\\\/\\\/www.linkedin.com\\\/company\\\/web-del-maestro-cmf\\\/\",\"https:\\\/\\\/www.instagram.com\\\/wmcmf\\\/\",\"https:\\\/\\\/www.youtube.com\\\/channel\\\/UCDPSvjbdodE5sHnC3OxutHw\",\"https:\\\/\\\/mastodon.social\\\/@wmcmf\",\"https:\\\/\\\/www.tiktok.com\\\/@webdelmaestrocmf\"]},{\"@type\":\"Person\",\"@id\":\"https:\\\/\\\/webdelmaestrocmf.com\\\/portal\\\/#\\\/schema\\\/person\\\/1072a2ed7bd960df8ef99a551fa35dc5\",\"name\":\"Web del Maestro CMF\",\"image\":{\"@type\":\"ImageObject\",\"inLanguage\":\"es\",\"@id\":\"https:\\\/\\\/secure.gravatar.com\\\/avatar\\\/23291dd5b5ae1077dcff3dbb04c3e02bd28403fa75af6d8787d5e97c5bbbe30b?s=96&d=mm&r=g\",\"url\":\"https:\\\/\\\/secure.gravatar.com\\\/avatar\\\/23291dd5b5ae1077dcff3dbb04c3e02bd28403fa75af6d8787d5e97c5bbbe30b?s=96&d=mm&r=g\",\"contentUrl\":\"https:\\\/\\\/secure.gravatar.com\\\/avatar\\\/23291dd5b5ae1077dcff3dbb04c3e02bd28403fa75af6d8787d5e97c5bbbe30b?s=96&d=mm&r=g\",\"caption\":\"Web del Maestro CMF\"},\"description\":\"Esta Web se cre\u00f3 sin fines de lucro, con fines educativos, cient\u00edficos y acad\u00e9micos, para personas que tengan dificultades y\\\/o inconvenientes en visualizar el material original. El objetivo es entregar recursos, compartir experiencias y materiales que ayuden a los padres de familia, maestros y estudiantes en su actualizaci\u00f3n y formaci\u00f3n permanente, en bien de la Educaci\u00f3n.\",\"sameAs\":[\"http:\\\/\\\/webdelmaestrocmf.com\\\/portal\",\"https:\\\/\\\/www.facebook.com\\\/WebdelMaestroCMF\\\/\",\"https:\\\/\\\/www.instagram.com\\\/wmcmf\\\/\",\"https:\\\/\\\/cl.linkedin.com\\\/company\\\/web-del-maestro-cmf\",\"https:\\\/\\\/www.pinterest.com\\\/WMCMF\\\/publicaciones\\\/\",\"https:\\\/\\\/x.com\\\/cmf_w\",\"https:\\\/\\\/www.youtube.com\\\/@WMCMF\"]}]}<\/script>\n<!-- \/ Yoast SEO plugin. -->","yoast_head_json":{"title":"Le\u00f3n Trahtemberg: Las normas que hacen imposible el reinicio de clases semipresenciales - 2026","description":"Para el profesor Francesco Tonucci, en una conferencia virtual para educarchile y el Grupo Educativo (03\/06\/2020) que est\u00e1 en...","robots":{"index":"index","follow":"follow","max-snippet":"max-snippet:-1","max-image-preview":"max-image-preview:large","max-video-preview":"max-video-preview:-1"},"canonical":"https:\/\/webdelmaestrocmf.com\/portal\/leon-trahtemberg-las-normas-que-hacen-imposible-el-reinicio-de-clases-semipresenciales\/","og_locale":"es_ES","og_type":"article","og_title":"Le\u00f3n Trahtemberg: Las normas que hacen imposible el reinicio de clases semipresenciales - 2026","og_description":"Para el profesor Francesco Tonucci, en una conferencia virtual para educarchile y el Grupo Educativo (03\/06\/2020) que est\u00e1 en...","og_url":"https:\/\/webdelmaestrocmf.com\/portal\/leon-trahtemberg-las-normas-que-hacen-imposible-el-reinicio-de-clases-semipresenciales\/","og_site_name":"Web del Maestro CMF","article_publisher":"https:\/\/www.facebook.com\/WebdelMaestroCMF\/","article_author":"https:\/\/www.facebook.com\/WebdelMaestroCMF\/","article_published_time":"2021-07-16T03:02:15+00:00","article_modified_time":"2023-03-27T22:41:38+00:00","og_image":[{"width":1100,"height":680,"url":"https:\/\/i0.wp.com\/webdelmaestrocmf.com\/portal\/wp-content\/uploads\/2021\/07\/2-3.jpg?fit=1100%2C680&ssl=1","type":"image\/jpeg"}],"author":"Web del Maestro CMF","twitter_card":"summary_large_image","twitter_creator":"@cmf_w","twitter_site":"@cmf_w","schema":{"@context":"https:\/\/schema.org","@graph":[{"@type":"ScholarlyArticle","@id":"https:\/\/webdelmaestrocmf.com\/portal\/leon-trahtemberg-las-normas-que-hacen-imposible-el-reinicio-de-clases-semipresenciales\/#article","isPartOf":{"@id":"https:\/\/webdelmaestrocmf.com\/portal\/leon-trahtemberg-las-normas-que-hacen-imposible-el-reinicio-de-clases-semipresenciales\/"},"author":{"name":"Web del Maestro CMF","@id":"https:\/\/webdelmaestrocmf.com\/portal\/#\/schema\/person\/1072a2ed7bd960df8ef99a551fa35dc5"},"headline":"Le\u00f3n Trahtemberg: Las normas que hacen imposible el reinicio de clases semipresenciales","datePublished":"2021-07-16T03:02:15+00:00","dateModified":"2023-03-27T22:41:38+00:00","mainEntityOfPage":{"@id":"https:\/\/webdelmaestrocmf.com\/portal\/leon-trahtemberg-las-normas-que-hacen-imposible-el-reinicio-de-clases-semipresenciales\/"},"wordCount":2597,"commentCount":0,"publisher":{"@id":"https:\/\/webdelmaestrocmf.com\/portal\/#organization"},"image":{"@id":"https:\/\/webdelmaestrocmf.com\/portal\/leon-trahtemberg-las-normas-que-hacen-imposible-el-reinicio-de-clases-semipresenciales\/#primaryimage"},"thumbnailUrl":"https:\/\/webdelmaestrocmf.com\/portal\/wp-content\/uploads\/2021\/07\/2-3.jpg","keywords":["clases","HACEN","imposible","Le\u00f3n Trahtemberg","normas","reinicio","semipresenciales"],"articleSection":["Entrevistas","Noticias"],"inLanguage":"es","potentialAction":[{"@type":"CommentAction","name":"Comment","target":["https:\/\/webdelmaestrocmf.com\/portal\/leon-trahtemberg-las-normas-que-hacen-imposible-el-reinicio-de-clases-semipresenciales\/#respond"]}]},{"@type":"WebPage","@id":"https:\/\/webdelmaestrocmf.com\/portal\/leon-trahtemberg-las-normas-que-hacen-imposible-el-reinicio-de-clases-semipresenciales\/","url":"https:\/\/webdelmaestrocmf.com\/portal\/leon-trahtemberg-las-normas-que-hacen-imposible-el-reinicio-de-clases-semipresenciales\/","name":"Le\u00f3n Trahtemberg: Las normas que hacen imposible el reinicio de clases semipresenciales - 2026","isPartOf":{"@id":"https:\/\/webdelmaestrocmf.com\/portal\/#website"},"primaryImageOfPage":{"@id":"https:\/\/webdelmaestrocmf.com\/portal\/leon-trahtemberg-las-normas-que-hacen-imposible-el-reinicio-de-clases-semipresenciales\/#primaryimage"},"image":{"@id":"https:\/\/webdelmaestrocmf.com\/portal\/leon-trahtemberg-las-normas-que-hacen-imposible-el-reinicio-de-clases-semipresenciales\/#primaryimage"},"thumbnailUrl":"https:\/\/webdelmaestrocmf.com\/portal\/wp-content\/uploads\/2021\/07\/2-3.jpg","datePublished":"2021-07-16T03:02:15+00:00","dateModified":"2023-03-27T22:41:38+00:00","description":"Para el profesor Francesco Tonucci, en una conferencia virtual para educarchile y el Grupo Educativo (03\/06\/2020) que est\u00e1 en...","breadcrumb":{"@id":"https:\/\/webdelmaestrocmf.com\/portal\/leon-trahtemberg-las-normas-que-hacen-imposible-el-reinicio-de-clases-semipresenciales\/#breadcrumb"},"inLanguage":"es","potentialAction":[{"@type":"ReadAction","target":["https:\/\/webdelmaestrocmf.com\/portal\/leon-trahtemberg-las-normas-que-hacen-imposible-el-reinicio-de-clases-semipresenciales\/"]}]},{"@type":"ImageObject","inLanguage":"es","@id":"https:\/\/webdelmaestrocmf.com\/portal\/leon-trahtemberg-las-normas-que-hacen-imposible-el-reinicio-de-clases-semipresenciales\/#primaryimage","url":"https:\/\/webdelmaestrocmf.com\/portal\/wp-content\/uploads\/2021\/07\/2-3.jpg","contentUrl":"https:\/\/webdelmaestrocmf.com\/portal\/wp-content\/uploads\/2021\/07\/2-3.jpg","width":1100,"height":680},{"@type":"BreadcrumbList","@id":"https:\/\/webdelmaestrocmf.com\/portal\/leon-trahtemberg-las-normas-que-hacen-imposible-el-reinicio-de-clases-semipresenciales\/#breadcrumb","itemListElement":[{"@type":"ListItem","position":1,"name":"Portada","item":"https:\/\/webdelmaestrocmf.com\/portal\/"},{"@type":"ListItem","position":2,"name":"Noticias","item":"https:\/\/webdelmaestrocmf.com\/portal\/category\/noticias\/"},{"@type":"ListItem","position":3,"name":"Le\u00f3n Trahtemberg: Las normas que hacen imposible el reinicio de clases semipresenciales"}]},{"@type":"WebSite","@id":"https:\/\/webdelmaestrocmf.com\/portal\/#website","url":"https:\/\/webdelmaestrocmf.com\/portal\/","name":"Web del Maestro CMF","description":"Maestros al servicio de la educaci\u00f3n","publisher":{"@id":"https:\/\/webdelmaestrocmf.com\/portal\/#organization"},"alternateName":"WMCMF","potentialAction":[{"@type":"SearchAction","target":{"@type":"EntryPoint","urlTemplate":"https:\/\/webdelmaestrocmf.com\/portal\/?s={search_term_string}"},"query-input":{"@type":"PropertyValueSpecification","valueRequired":true,"valueName":"search_term_string"}}],"inLanguage":"es"},{"@type":"Organization","@id":"https:\/\/webdelmaestrocmf.com\/portal\/#organization","name":"Web del Maestro CMF","alternateName":"WMCMF","url":"https:\/\/webdelmaestrocmf.com\/portal\/","logo":{"@type":"ImageObject","inLanguage":"es","@id":"https:\/\/webdelmaestrocmf.com\/portal\/#\/schema\/logo\/image\/","url":"https:\/\/webdelmaestrocmf.com\/portal\/wp-content\/uploads\/2023\/01\/logo-wmcmf-2.png","contentUrl":"https:\/\/webdelmaestrocmf.com\/portal\/wp-content\/uploads\/2023\/01\/logo-wmcmf-2.png","width":200,"height":60,"caption":"Web del Maestro CMF"},"image":{"@id":"https:\/\/webdelmaestrocmf.com\/portal\/#\/schema\/logo\/image\/"},"sameAs":["https:\/\/www.facebook.com\/WebdelMaestroCMF\/","https:\/\/x.com\/cmf_w","https:\/\/www.pinterest.com\/WMCMF\/","https:\/\/www.linkedin.com\/company\/web-del-maestro-cmf\/","https:\/\/www.instagram.com\/wmcmf\/","https:\/\/www.youtube.com\/channel\/UCDPSvjbdodE5sHnC3OxutHw","https:\/\/mastodon.social\/@wmcmf","https:\/\/www.tiktok.com\/@webdelmaestrocmf"]},{"@type":"Person","@id":"https:\/\/webdelmaestrocmf.com\/portal\/#\/schema\/person\/1072a2ed7bd960df8ef99a551fa35dc5","name":"Web del Maestro CMF","image":{"@type":"ImageObject","inLanguage":"es","@id":"https:\/\/secure.gravatar.com\/avatar\/23291dd5b5ae1077dcff3dbb04c3e02bd28403fa75af6d8787d5e97c5bbbe30b?s=96&d=mm&r=g","url":"https:\/\/secure.gravatar.com\/avatar\/23291dd5b5ae1077dcff3dbb04c3e02bd28403fa75af6d8787d5e97c5bbbe30b?s=96&d=mm&r=g","contentUrl":"https:\/\/secure.gravatar.com\/avatar\/23291dd5b5ae1077dcff3dbb04c3e02bd28403fa75af6d8787d5e97c5bbbe30b?s=96&d=mm&r=g","caption":"Web del Maestro CMF"},"description":"Esta Web se cre\u00f3 sin fines de lucro, con fines educativos, cient\u00edficos y acad\u00e9micos, para personas que tengan dificultades y\/o inconvenientes en visualizar el material original. El objetivo es entregar recursos, compartir experiencias y materiales que ayuden a los padres de familia, maestros y estudiantes en su actualizaci\u00f3n y formaci\u00f3n permanente, en bien de la Educaci\u00f3n.","sameAs":["http:\/\/webdelmaestrocmf.com\/portal","https:\/\/www.facebook.com\/WebdelMaestroCMF\/","https:\/\/www.instagram.com\/wmcmf\/","https:\/\/cl.linkedin.com\/company\/web-del-maestro-cmf","https:\/\/www.pinterest.com\/WMCMF\/publicaciones\/","https:\/\/x.com\/cmf_w","https:\/\/www.youtube.com\/@WMCMF"]}]}},"jetpack_featured_media_url":"https:\/\/webdelmaestrocmf.com\/portal\/wp-content\/uploads\/2021\/07\/2-3.jpg","jetpack_sharing_enabled":true,"jetpack-related-posts":[{"id":111170,"url":"https:\/\/webdelmaestrocmf.com\/portal\/leon-trahtemberg-los-dilemas-invisibles-del-educador-entre-la-vocacion-y-la-realidad\/","url_meta":{"origin":65252,"position":0},"title":"Le\u00f3n Trahtemberg: Los dilemas invisibles del educador: entre la vocaci\u00f3n y la realidad","author":"Web del Maestro CMF","date":"12 julio, 2025","format":false,"excerpt":"Entre lo correcto y lo posible, cada decisi\u00f3n del docente revela las tensiones ocultas de una profesi\u00f3n que exige m\u00e1s de lo que reconoce","rel":"","context":"En \u00abEntrevistas\u00bb","block_context":{"text":"Entrevistas","link":"https:\/\/webdelmaestrocmf.com\/portal\/category\/noticias\/entrevistas\/"},"img":{"alt_text":"","src":"https:\/\/i0.wp.com\/webdelmaestrocmf.com\/portal\/wp-content\/uploads\/2025\/07\/1A-Banner-1-portada-imagen-10-1-copia-45.webp?resize=350%2C200&ssl=1","width":350,"height":200,"srcset":"https:\/\/i0.wp.com\/webdelmaestrocmf.com\/portal\/wp-content\/uploads\/2025\/07\/1A-Banner-1-portada-imagen-10-1-copia-45.webp?resize=350%2C200&ssl=1 1x, https:\/\/i0.wp.com\/webdelmaestrocmf.com\/portal\/wp-content\/uploads\/2025\/07\/1A-Banner-1-portada-imagen-10-1-copia-45.webp?resize=525%2C300&ssl=1 1.5x, https:\/\/i0.wp.com\/webdelmaestrocmf.com\/portal\/wp-content\/uploads\/2025\/07\/1A-Banner-1-portada-imagen-10-1-copia-45.webp?resize=700%2C400&ssl=1 2x"},"classes":[]},{"id":65982,"url":"https:\/\/webdelmaestrocmf.com\/portal\/el-cierre-de-las-escuelas-ha-afectado-negativamente-a-toda-una-generacion-provocando-perdida-de-conocimientos-y-habilidades\/","url_meta":{"origin":65252,"position":1},"title":"El cierre de las escuelas ha afectado negativamente a toda una generaci\u00f3n, provocando p\u00e9rdida de conocimientos y habilidades","author":"Web del Maestro CMF","date":"30 julio, 2021","format":false,"excerpt":"Una publicaci\u00f3n de la UNICEF (07\/06\/2021) afirma que, con el cierre prolongado de escuelas, en no pocos pa\u00edses, se ha afectado negativamente a toda una generaci\u00f3n que sufrir\u00e1 la p\u00e9rdida de conocimientos y habilidades en su aprendizaje, agrav\u00e1ndose una crisis prexistente; pues seg\u00fan la evaluaci\u00f3n PLANEA 2018, casi el 80%\u2026","rel":"","context":"En \u00abYo opino - WMCMF\u00bb","block_context":{"text":"Yo opino - WMCMF","link":"https:\/\/webdelmaestrocmf.com\/portal\/category\/jamb\/"},"img":{"alt_text":"","src":"https:\/\/i0.wp.com\/webdelmaestrocmf.com\/portal\/wp-content\/uploads\/2021\/07\/1-199.jpg?resize=350%2C200&ssl=1","width":350,"height":200,"srcset":"https:\/\/i0.wp.com\/webdelmaestrocmf.com\/portal\/wp-content\/uploads\/2021\/07\/1-199.jpg?resize=350%2C200&ssl=1 1x, https:\/\/i0.wp.com\/webdelmaestrocmf.com\/portal\/wp-content\/uploads\/2021\/07\/1-199.jpg?resize=525%2C300&ssl=1 1.5x, https:\/\/i0.wp.com\/webdelmaestrocmf.com\/portal\/wp-content\/uploads\/2021\/07\/1-199.jpg?resize=700%2C400&ssl=1 2x, https:\/\/i0.wp.com\/webdelmaestrocmf.com\/portal\/wp-content\/uploads\/2021\/07\/1-199.jpg?resize=1050%2C600&ssl=1 3x"},"classes":[]},{"id":68676,"url":"https:\/\/webdelmaestrocmf.com\/portal\/baul-del-docente-como-organizar-una-clase-semipresencial\/","url_meta":{"origin":65252,"position":2},"title":"[Ba\u00fal del Docente] \u00bfC\u00f3mo organizar una clase semipresencial?","author":"Web del Maestro CMF","date":"1 octubre, 2021","format":false,"excerpt":"Estimados docentes: Ahora que estamos debatiendo, en el mundo entero, la necesidad de regresar a las aulas, se plantea la implementaci\u00f3n de un sistema mixto, h\u00edbrido o tambi\u00e9n llamado semipresencial. Aun cuando el nombre es bastante obvio, y que es un sistema de planificaci\u00f3n de clases a distancia muy utilizado\u2026","rel":"","context":"En \u00abZ-Colaboradores\u00bb","block_context":{"text":"Z-Colaboradores","link":"https:\/\/webdelmaestrocmf.com\/portal\/category\/colaborador\/"},"img":{"alt_text":"","src":"https:\/\/i0.wp.com\/webdelmaestrocmf.com\/portal\/wp-content\/uploads\/2021\/10\/1.jpg?resize=350%2C200&ssl=1","width":350,"height":200,"srcset":"https:\/\/i0.wp.com\/webdelmaestrocmf.com\/portal\/wp-content\/uploads\/2021\/10\/1.jpg?resize=350%2C200&ssl=1 1x, https:\/\/i0.wp.com\/webdelmaestrocmf.com\/portal\/wp-content\/uploads\/2021\/10\/1.jpg?resize=525%2C300&ssl=1 1.5x, https:\/\/i0.wp.com\/webdelmaestrocmf.com\/portal\/wp-content\/uploads\/2021\/10\/1.jpg?resize=700%2C400&ssl=1 2x, https:\/\/i0.wp.com\/webdelmaestrocmf.com\/portal\/wp-content\/uploads\/2021\/10\/1.jpg?resize=1050%2C600&ssl=1 3x"},"classes":[]},{"id":65395,"url":"https:\/\/webdelmaestrocmf.com\/portal\/pedro-kestelman-en-la-escuela-el-vinculo-de-confianza-con-el-docente-hace-que-los-chicos-puedan-hablar\/","url_meta":{"origin":65252,"position":3},"title":"Pedro Kestelman: En la escuela, el v\u00ednculo de confianza con el docente hace que los chicos puedan hablar","author":"Web del Maestro CMF","date":"17 julio, 2021","format":false,"excerpt":"El doctor Pedro Kestelman psiquiatra especializado en ni\u00f1os y adolescentes, considera que \"no hay una sola pandemia ni un solo aislamiento\", todos compartimos, m\u00e1s all\u00e1 de nuestra condici\u00f3n social y situaci\u00f3n familiar, que esta experiencia nos ha llevado a \"una incertidumbre inusual que, en muchos casos, est\u00e1 dando paso a\u2026","rel":"","context":"En \u00abEntrevistas\u00bb","block_context":{"text":"Entrevistas","link":"https:\/\/webdelmaestrocmf.com\/portal\/category\/noticias\/entrevistas\/"},"img":{"alt_text":"","src":"https:\/\/i0.wp.com\/webdelmaestrocmf.com\/portal\/wp-content\/uploads\/2021\/07\/2-5.jpg?resize=350%2C200&ssl=1","width":350,"height":200,"srcset":"https:\/\/i0.wp.com\/webdelmaestrocmf.com\/portal\/wp-content\/uploads\/2021\/07\/2-5.jpg?resize=350%2C200&ssl=1 1x, https:\/\/i0.wp.com\/webdelmaestrocmf.com\/portal\/wp-content\/uploads\/2021\/07\/2-5.jpg?resize=525%2C300&ssl=1 1.5x, https:\/\/i0.wp.com\/webdelmaestrocmf.com\/portal\/wp-content\/uploads\/2021\/07\/2-5.jpg?resize=700%2C400&ssl=1 2x, https:\/\/i0.wp.com\/webdelmaestrocmf.com\/portal\/wp-content\/uploads\/2021\/07\/2-5.jpg?resize=1050%2C600&ssl=1 3x"},"classes":[]},{"id":113290,"url":"https:\/\/webdelmaestrocmf.com\/portal\/leon-trahtemberg-estudiantes-son-ovejas-excelentes-con-mentes-dormidas\/","url_meta":{"origin":65252,"position":4},"title":"Le\u00f3n Trahtemberg: Estudiantes son ovejas excelentes, con mentes dormidas","author":"Web del Maestro CMF","date":"7 noviembre, 2025","format":false,"excerpt":"Educar no es criar ovejas obedientes, sino despertar mentes libres, curiosas y cr\u00edticas capaces de pensar, sentir y transformar el mundo.","rel":"","context":"En \u00abEntrevistas\u00bb","block_context":{"text":"Entrevistas","link":"https:\/\/webdelmaestrocmf.com\/portal\/category\/noticias\/entrevistas\/"},"img":{"alt_text":"","src":"https:\/\/i0.wp.com\/webdelmaestrocmf.com\/portal\/wp-content\/uploads\/2025\/11\/1A-Banner-1-portadcca-imagen-10-1-copia.jpg?resize=350%2C200&ssl=1","width":350,"height":200,"srcset":"https:\/\/i0.wp.com\/webdelmaestrocmf.com\/portal\/wp-content\/uploads\/2025\/11\/1A-Banner-1-portadcca-imagen-10-1-copia.jpg?resize=350%2C200&ssl=1 1x, https:\/\/i0.wp.com\/webdelmaestrocmf.com\/portal\/wp-content\/uploads\/2025\/11\/1A-Banner-1-portadcca-imagen-10-1-copia.jpg?resize=525%2C300&ssl=1 1.5x, https:\/\/i0.wp.com\/webdelmaestrocmf.com\/portal\/wp-content\/uploads\/2025\/11\/1A-Banner-1-portadcca-imagen-10-1-copia.jpg?resize=700%2C400&ssl=1 2x"},"classes":[]},{"id":9050,"url":"https:\/\/webdelmaestrocmf.com\/portal\/economistas-valoren-a-los-educadores-por-leon-trahtemberg\/","url_meta":{"origin":65252,"position":5},"title":"Economistas: valoren a los educadores, por Le\u00f3n Trahtemberg","author":"Web del Maestro CMF","date":"20 agosto, 2017","format":false,"excerpt":"\"Los procesos de aprendizaje no siguen las reglas de la econom\u00eda\". Los organismos internacionales que \u201capoyan\u201dla educaci\u00f3n b\u00e1sica (BID, BM, OECD-PISA, etc.) est\u00e1n liderados por economistas y administradores cuyas decisiones se inspiran en conceptos propios de su profesi\u00f3n. Ellos han introducido a la educaci\u00f3n conceptos e indicadores medibles que son\u2026","rel":"","context":"En \u00abEntrevistas\u00bb","block_context":{"text":"Entrevistas","link":"https:\/\/webdelmaestrocmf.com\/portal\/category\/noticias\/entrevistas\/"},"img":{"alt_text":"","src":"https:\/\/i0.wp.com\/webdelmaestrocmf.com\/portal\/wp-content\/uploads\/2021\/07\/2-3.jpg?resize=350%2C200&ssl=1","width":350,"height":200,"srcset":"https:\/\/i0.wp.com\/webdelmaestrocmf.com\/portal\/wp-content\/uploads\/2021\/07\/2-3.jpg?resize=350%2C200&ssl=1 1x, https:\/\/i0.wp.com\/webdelmaestrocmf.com\/portal\/wp-content\/uploads\/2021\/07\/2-3.jpg?resize=525%2C300&ssl=1 1.5x, https:\/\/i0.wp.com\/webdelmaestrocmf.com\/portal\/wp-content\/uploads\/2021\/07\/2-3.jpg?resize=700%2C400&ssl=1 2x, https:\/\/i0.wp.com\/webdelmaestrocmf.com\/portal\/wp-content\/uploads\/2021\/07\/2-3.jpg?resize=1050%2C600&ssl=1 3x"},"classes":[]}],"_links":{"self":[{"href":"https:\/\/webdelmaestrocmf.com\/portal\/wp-json\/wp\/v2\/posts\/65252","targetHints":{"allow":["GET"]}}],"collection":[{"href":"https:\/\/webdelmaestrocmf.com\/portal\/wp-json\/wp\/v2\/posts"}],"about":[{"href":"https:\/\/webdelmaestrocmf.com\/portal\/wp-json\/wp\/v2\/types\/post"}],"author":[{"embeddable":true,"href":"https:\/\/webdelmaestrocmf.com\/portal\/wp-json\/wp\/v2\/users\/1"}],"replies":[{"embeddable":true,"href":"https:\/\/webdelmaestrocmf.com\/portal\/wp-json\/wp\/v2\/comments?post=65252"}],"version-history":[{"count":0,"href":"https:\/\/webdelmaestrocmf.com\/portal\/wp-json\/wp\/v2\/posts\/65252\/revisions"}],"wp:featuredmedia":[{"embeddable":true,"href":"https:\/\/webdelmaestrocmf.com\/portal\/wp-json\/wp\/v2\/media\/65255"}],"wp:attachment":[{"href":"https:\/\/webdelmaestrocmf.com\/portal\/wp-json\/wp\/v2\/media?parent=65252"}],"wp:term":[{"taxonomy":"category","embeddable":true,"href":"https:\/\/webdelmaestrocmf.com\/portal\/wp-json\/wp\/v2\/categories?post=65252"},{"taxonomy":"post_tag","embeddable":true,"href":"https:\/\/webdelmaestrocmf.com\/portal\/wp-json\/wp\/v2\/tags?post=65252"}],"curies":[{"name":"wp","href":"https:\/\/api.w.org\/{rel}","templated":true}]}}