{"id":65199,"date":"2021-07-14T13:59:35","date_gmt":"2021-07-14T17:59:35","guid":{"rendered":"https:\/\/webdelmaestrocmf.com\/portal\/?p=65199"},"modified":"2021-07-14T14:19:16","modified_gmt":"2021-07-14T18:19:16","slug":"david-auris-humberto-maturana-educador-del-alma","status":"publish","type":"post","link":"https:\/\/webdelmaestrocmf.com\/portal\/david-auris-humberto-maturana-educador-del-alma\/","title":{"rendered":"[David Auris] Humberto Maturana: educador del alma"},"content":{"rendered":"<h5 style=\"text-align: justify;\">Con su discurso, amar educa, Humberto Maturana, ha renovado nuestro ritual docente, comprometi\u00e9ndonos a devolver lo mejor de nosotros a la sociedad y construir un ecosistema sostenible, aceptando cada individualidad, como ciudadanos capaces de colaborar y convivir respetuosamente.<\/h5>\n<p><!--more--><\/p>\n<h5 style=\"text-align: justify;\">En esta convulsionada \u00e9poca, impregnada de incertidumbre y brutal inequidad, encaminado a ensanchar la brecha humana, considerando al otro, nuestro competidor, Maturana nos recuerda al pr\u00f3jimo, como \u00fanico socio solidario para aprender haciendo y atravesar exitosamente las tempestuosas aguas de la vida.<\/h5>\n<h5 style=\"text-align: justify;\">Influyente bi\u00f3logo del amor, nieto boliviano, c\u00e9lebre fil\u00f3sofo del siglo XXI, cient\u00edfico, conferencista, escritor y Premio Nacional de Ciencias, comparable a Paulo Freire en el terreno educativo, naci\u00f3 en Chile el 14 de setiembre de 1928. Despu\u00e9s de una vida productiva, cuando el pa\u00eds sure\u00f1o, atraviesa su hist\u00f3rica transformaci\u00f3n social hacia una sociedad desarrollada, parti\u00f3 a la eternidad un 6 de mayo de 2021.<\/h5>\n<p style=\"text-align: justify;\">Entre sus libros publicados, Maturana junto a Francisco Varela, escribi\u00f3: De M\u00e1quinas y seres vivos y El \u00e1rbol del conocimiento, donde definieron magistralmente el concepto de autopoiesis, entendi\u00e9ndose que un sistema tiene la cualidad de autoproducirse y mantenerse a s\u00ed mismo. Adem\u00e1s, junto a otros investigadores, public\u00f3 su famoso <em>paper<\/em>, <em>Lo que el ojo de la rana le dice al cerebro de la rana<\/em>, considerado un texto altamente citado en los pasillos cient\u00edficos.<\/p>\n<p style=\"text-align: justify;\">En este art\u00edculo esbozo algunos aportes de Maturana al campo educativo y c\u00f3mo aplicar en nuestra pr\u00e1ctica pedag\u00f3gica. Sol\u00eda invitarnos a practicar los valores y vivir sin hacer trampas. Asign\u00e1ndonos la tarea pedag\u00f3gica de empoderar valores en estudiantes de todo nivel, por una vida plena, sincera, coherente y sin mediocridad, para construir una sociedad m\u00e1s transparente y generar una confianza vital.<\/p>\n<p><img loading=\"lazy\" decoding=\"async\" class=\"alignnone size-large wp-image-65201\" src=\"https:\/\/webdelmaestrocmf.com\/portal\/wp-content\/uploads\/2021\/07\/1-94-1024x576.jpeg\" alt=\"\" width=\"1024\" height=\"576\" srcset=\"https:\/\/webdelmaestrocmf.com\/portal\/wp-content\/uploads\/2021\/07\/1-94-1024x576.jpeg 1024w, https:\/\/webdelmaestrocmf.com\/portal\/wp-content\/uploads\/2021\/07\/1-94-300x169.jpeg 300w, https:\/\/webdelmaestrocmf.com\/portal\/wp-content\/uploads\/2021\/07\/1-94-768x432.jpeg 768w, https:\/\/webdelmaestrocmf.com\/portal\/wp-content\/uploads\/2021\/07\/1-94-110x62.jpeg 110w, https:\/\/webdelmaestrocmf.com\/portal\/wp-content\/uploads\/2021\/07\/1-94-200x113.jpeg 200w, https:\/\/webdelmaestrocmf.com\/portal\/wp-content\/uploads\/2021\/07\/1-94-380x214.jpeg 380w, https:\/\/webdelmaestrocmf.com\/portal\/wp-content\/uploads\/2021\/07\/1-94-255x143.jpeg 255w, https:\/\/webdelmaestrocmf.com\/portal\/wp-content\/uploads\/2021\/07\/1-94-550x309.jpeg 550w, https:\/\/webdelmaestrocmf.com\/portal\/wp-content\/uploads\/2021\/07\/1-94-800x450.jpeg 800w, https:\/\/webdelmaestrocmf.com\/portal\/wp-content\/uploads\/2021\/07\/1-94-1160x653.jpeg 1160w, https:\/\/webdelmaestrocmf.com\/portal\/wp-content\/uploads\/2021\/07\/1-94-220x124.jpeg 220w, https:\/\/webdelmaestrocmf.com\/portal\/wp-content\/uploads\/2021\/07\/1-94-400x225.jpeg 400w, https:\/\/webdelmaestrocmf.com\/portal\/wp-content\/uploads\/2021\/07\/1-94-760x428.jpeg 760w, https:\/\/webdelmaestrocmf.com\/portal\/wp-content\/uploads\/2021\/07\/1-94-510x287.jpeg 510w, https:\/\/webdelmaestrocmf.com\/portal\/wp-content\/uploads\/2021\/07\/1-94-600x338.jpeg 600w, https:\/\/webdelmaestrocmf.com\/portal\/wp-content\/uploads\/2021\/07\/1-94-1100x619.jpeg 1100w, https:\/\/webdelmaestrocmf.com\/portal\/wp-content\/uploads\/2021\/07\/1-94.jpeg 1200w\" sizes=\"auto, (max-width: 1024px) 100vw, 1024px\" \/><\/p>\n<p style=\"text-align: justify;\">Adem\u00e1s, nos comprometi\u00f3 aprender a escuchar a los dem\u00e1s. \u00bfPodremos educar el arte de escuchar en las aulas? Como l\u00edderes educativos, limitemos nuestros discursos y escuchemos al estudiante con inter\u00e9s y respeto. A trav\u00e9s de debates interactivos, generemos en la comunidad estudiantil, la cultura de escuchar a sus condisc\u00edpulos, como una forma de vida, prestando atenci\u00f3n a aquellos quienes piensan diferente, que m\u00e1s tarde les ser\u00e1n herramientas imprescindibles, para construir una tolerante convivencia.<\/p>\n<p style=\"text-align: justify;\">Cuando las pol\u00edticas educativas del planeta, est\u00e1n centradas en el conocimiento debido a la reputada meritocracia, este maestro de la reflexi\u00f3n, nos desaf\u00eda a desarrollar la pedagog\u00eda del entendimiento en base a las emociones, resaltando el verbo amar, para encontrar sentido a la vida. Tarea a ejecutarse en las escuelas, como un contenido transversal hol\u00edstico, apelando a sencillas preguntas filos\u00f3ficas entre estudiantes, gui\u00e1ndolos a comprender el significado de nuestro destino.<\/p>\n<p style=\"text-align: justify;\">Asimismo, Maturana plantea la pedagog\u00eda de la transformaci\u00f3n humana, a trav\u00e9s del di\u00e1logo docente y estudiantes y entre la misma comunidad estudiantil, para reinventarnos y empoderar la responsabilidad social. Los educadores, permanentemente debemos comunicarnos con empat\u00eda y respeto en las escuelas, valorando a cada ni\u00f1o y ni\u00f1a, incit\u00e1ndolos hacia un cambio de vida y lograr una versi\u00f3n mejorada de toda su humanidad.<\/p>\n<p style=\"text-align: justify;\">Ante una educaci\u00f3n que condena los fracasos y errores de los estudiantes, cual S\u00f3crates del siglo XXI, Maturana nos adoctrin\u00f3 el derecho a cambiar de opini\u00f3n, a madurar y equivocarnos. \u00bfEs posible valorar los errores de los ni\u00f1os? Si. Como pedagogos, ayudemos amorosamente a los estudiantes a reconocer sus desaciertos, para robustecer su vida a lo largo de nuestras actividades pedag\u00f3gicas y erigir una sociedad superior a la nuestra.<\/p>\n<p style=\"text-align: justify;\">Finalmente, la universalidad del pensamiento humanista de Maturana como autopoiesis, matr\u00edztica y sus ideas pedag\u00f3gicas, son adaptables en todos los saberes humanos. Particularmente en la educaci\u00f3n, como educadores junto a los educandos, ejerzamos su magisterio y desarrollemos el entendimiento, la convivencia, la escucha y las emociones de los estudiantes, ampliando las fronteras de nuestra mente y el esp\u00edritu con el objetivo de encontrar un sentido a la vida.<\/p>\n<h5 style=\"text-align: justify;\">Fuentes:<\/h5>\n<ul style=\"text-align: justify;\">\n<li>Cuatro reflexiones de Humberto Maturana sobre aprendizaje y educaci\u00f3n. (2021) <a style=\"font-family: -apple-system, BlinkMacSystemFont, 'Segoe UI', Roboto, 'Helvetica Neue', Arial, 'Noto Sans', sans-serif, 'Apple Color Emoji', 'Segoe UI Emoji', 'Segoe UI Symbol', 'Noto Color Emoji';\" href=\"http:\/\/www.ie.uchile.cl\/index.php?page=view_vinculacion&amp;langSite=es&amp;id=2257\" target=\"_blank\" rel=\"noopener\">http:\/\/www.ie.uchile.cl\/<\/a><\/li>\n<li>Humberto Maturana. (2021) <a style=\"font-family: -apple-system, BlinkMacSystemFont, 'Segoe UI', Roboto, 'Helvetica Neue', Arial, 'Noto Sans', sans-serif, 'Apple Color Emoji', 'Segoe UI Emoji', 'Segoe UI Symbol', 'Noto Color Emoji';\" href=\"https:\/\/es.wikipedia.org\/wiki\/Humberto_Maturana\" target=\"_blank\" rel=\"noopener\">https:\/\/es.wikipedia.org<\/a><\/li>\n<li>Humberto Maturana. Educar es amar. (2017) <a style=\"font-family: -apple-system, BlinkMacSystemFont, 'Segoe UI', Roboto, 'Helvetica Neue', Arial, 'Noto Sans', sans-serif, 'Apple Color Emoji', 'Segoe UI Emoji', 'Segoe UI Symbol', 'Noto Color Emoji';\" href=\"https:\/\/www.youtube.com\/watch?v=8bbO1vx-ILQ&amp;t=3142s\">https:\/\/www.youtube.com\/<\/a><\/li>\n<\/ul>\n<p style=\"text-align: justify;\"><strong style=\"font-family: -apple-system, BlinkMacSystemFont, 'Segoe UI', Roboto, 'Helvetica Neue', Arial, 'Noto Sans', sans-serif, 'Apple Color Emoji', 'Segoe UI Emoji', 'Segoe UI Symbol', 'Noto Color Emoji';\">NOTA DE REDACCI\u00d3N:<\/strong><span style=\"font-family: -apple-system, BlinkMacSystemFont, 'Segoe UI', Roboto, 'Helvetica Neue', Arial, 'Noto Sans', sans-serif, 'Apple Color Emoji', 'Segoe UI Emoji', 'Segoe UI Symbol', 'Noto Color Emoji';\"> La Web del Maestro CMF publica los textos originales de su autor, no necesariamente coincide con lo expuesto en el tema, no se hace responsable de las opiniones expresadas, y no promociona ning\u00fan producto, servicio, marca o empresa.<\/span><\/p>\n<p style=\"text-align: justify;\">\u00a9 David Auris Villegas. Escritor, columnista y pedagogo peruano. Te\u00f3rico de la educaci\u00f3n para el desarrollo sostenible.<\/p>\n<table class=\" alignleft\" border=\"0\" width=\"100%\" cellspacing=\"10\" cellpadding=\"10\">\n<tbody>\n<tr>\n<td style=\"text-align: center;\" width=\"30%\"><strong><img loading=\"lazy\" decoding=\"async\" class=\"size-full wp-image-49380 aligncenter\" src=\"https:\/\/webdelmaestrocmf.com\/portal\/wp-content\/uploads\/2020\/07\/2-copia-3.jpg\" alt=\"\" width=\"200\" height=\"200\" srcset=\"https:\/\/webdelmaestrocmf.com\/portal\/wp-content\/uploads\/2020\/07\/2-copia-3.jpg 200w, https:\/\/webdelmaestrocmf.com\/portal\/wp-content\/uploads\/2020\/07\/2-copia-3-150x150.jpg 150w, https:\/\/webdelmaestrocmf.com\/portal\/wp-content\/uploads\/2020\/07\/2-copia-3-80x80.jpg 80w, https:\/\/webdelmaestrocmf.com\/portal\/wp-content\/uploads\/2020\/07\/2-copia-3-110x110.jpg 110w\" sizes=\"auto, (max-width: 200px) 100vw, 200px\" \/><br \/>\nAutor: <\/strong>David Auris Villegas (Per\u00fa, 1975) Escritor, pedagogo, editor, columnista, profesor universitario y te\u00f3rico de la pedagog\u00eda \u00e9tica, educaci\u00f3n ciudadana, cultura de paz. <strong><br \/>\nExperiencia laboral:<\/strong> Licenciado en educaci\u00f3n por la Universidad Nacional Mayor de San Marcos y m\u00e1ster en educaci\u00f3n por la Universidad de la Habana. Ha sido profesor capacitador en la Universidad Nacional Mayor de San Marcos y profesor de posgrado en varias universidades peruanas. Ha publicado: <em>\u201cCuentos de medianoche\u201d, \u201cMa\u00f1ana al despertar piensa en m\u00ed\u201d, \u00abEstrategias did\u00e1cticas de comprensi\u00f3n lectora para la vida\u00bb, \u00abC\u00f3mo redactar art\u00edculos cient\u00edficos\u00bb <\/em>y<em> \u201cMinicuentos para so\u00f1ar\u201d<\/em>. Antologado en: <em>A Orillas del r\u00edo Ichu<\/em> y en, <em>Palabras sin fronteras, fronteras sin palabras, <\/em>y ha aparecido en las revistas: <em>La Tortuga Ecuestre<\/em>, <em>N\u00e9mesis<\/em> y <em>Entre par\u00e9ntesis<\/em>. Publica sus art\u00edculos pedag\u00f3gicos cada semana en varios portales del mundo. <strong><br \/>\nCorreo electr\u00f3nico: <\/strong><a href=\"mailto:davidauris@gmail.com\">davidauris@gmail.com<\/a><br \/>\n<strong>Cuenta de Facebook:<\/strong> <a href=\"https:\/\/www.facebook.com\/david.aurisvillegas.77\" target=\"_blank\" rel=\"noopener noreferrer\">david.aurisvillegas.77<\/a><\/td>\n<\/tr>\n<\/tbody>\n<\/table>\n<p style=\"text-align: left;\">.<\/p>\n\t\t<div class=\"pk-inline-posts\">\n\t\t\t\n\t\t\t<div class=\"pk-inline-posts-container pk-inline-posts-template-list\"\n\t\t\t\tdata-columns=\"1\">\n\t\t\t\t\t\t<article id=\"post-112061\" class=\"post-112061 post type-post status-publish format-standard has-post-thumbnail category-z-colaborador-david-auris category-colaborador tag-funcionarios tag-pedagogia tag-perversos cs-entry cs-video-wrap\">\n\t\t\t<div class=\"pk-post-outer\">\n\n\t\t\t\t\t\t\t\t<div class=\"pk-post-inner\">\n\t\t\t\t\t<div class=\"entry-thumbnail\">\n\t\t\t\t\t\t<div class=\"pk-overlay pk-overlay-ratio pk-ratio-landscape\">\n\t\t\t\t\t\t\t<div class=\"pk-overlay-background\">\n\t\t\t\t\t\t\t\t<a href=\"https:\/\/webdelmaestrocmf.com\/portal\/david-auris-poderosa-pedagogia-de-los-perversos-funcionarios-y-politicos-peruanos-2\/\" class=\"pk-overlay-link\">\n\t\t\t\t\t\t\t\t\t<img loading=\"lazy\" decoding=\"async\" width=\"300\" height=\"225\" src=\"https:\/\/webdelmaestrocmf.com\/portal\/wp-content\/uploads\/2025\/09\/1A-Banner-1-portada-imagen-10-1-copia-2025-09-11T183111.574-300x225.webp\" class=\"attachment-pk-thumbnail size-pk-thumbnail wp-post-image\" alt=\"\" \/>\t\t\t\t\t\t\t\t<\/a>\n\t\t\t\t\t\t\t<\/div>\n\t\t\t\t\t\t<\/div>\n\t\t\t\t\t<\/div>\n\t\t\t\t<\/div>\n\t\t\t\t\n\t\t\t\t<div class=\"pk-post-inner\">\n\t\t\t\t\t<header>\n\t\t\t\t\t\t<h3 class=\"pk-title\"><a href=\"https:\/\/webdelmaestrocmf.com\/portal\/david-auris-poderosa-pedagogia-de-los-perversos-funcionarios-y-politicos-peruanos-2\/\" rel=\"bookmark\">[David Auris] Poderosa pedagog\u00eda de los perversos funcionarios y pol\u00edticos peruanos\u00a0<\/a><\/h3>\t\t\t\t\t<\/header><!-- .entry-header -->\n\t\t\t\t<\/div><!-- .post-inner -->\n\n\t\t\t<\/div><!-- .post-outer -->\n\t\t<\/article>\n\t\t\t\t<\/div>\n\t\t<\/div>\n\t\t\n","protected":false},"excerpt":{"rendered":"Con su discurso, amar educa, Humberto Maturana, ha renovado nuestro ritual docente, comprometi\u00e9ndonos a devolver lo mejor de&hellip;","protected":false},"author":1,"featured_media":65200,"comment_status":"open","ping_status":"closed","sticky":false,"template":"","format":"standard","meta":{"csco_display_header_overlay":false,"csco_singular_sidebar":"default","csco_page_header_type":"default","csco_page_load_nextpost":"default","csco_post_video_location":[],"csco_post_video_location_hash":"","csco_post_video_url":"","csco_post_video_bg_start_time":0,"csco_post_video_bg_end_time":0,"csco_post_video_bg_volume":false,"_jetpack_memberships_contains_paid_content":false,"footnotes":""},"categories":[5341,1790],"tags":[2249,5342,1578,2608],"class_list":{"0":"post-65199","1":"post","2":"type-post","3":"status-publish","4":"format-standard","5":"has-post-thumbnail","7":"category-z-colaborador-david-auris","8":"category-colaborador","9":"tag-alma","10":"tag-david-auris","11":"tag-educador","12":"tag-humberto-maturana","13":"cs-entry","14":"cs-video-wrap"},"yoast_head":"<!-- This site is optimized with the Yoast SEO plugin v27.5 - https:\/\/yoast.com\/product\/yoast-seo-wordpress\/ -->\n<title>[David Auris] Humberto Maturana: educador del alma - 2026<\/title>\n<meta name=\"description\" content=\"Con su discurso, amar educa, Humberto Maturana, ha renovado nuestro ritual docente, comprometi\u00e9ndonos a devolver...\" \/>\n<meta name=\"robots\" content=\"index, follow, max-snippet:-1, max-image-preview:large, max-video-preview:-1\" \/>\n<link rel=\"canonical\" href=\"https:\/\/webdelmaestrocmf.com\/portal\/david-auris-humberto-maturana-educador-del-alma\/\" \/>\n<meta property=\"og:locale\" content=\"es_ES\" \/>\n<meta property=\"og:type\" content=\"article\" \/>\n<meta property=\"og:title\" content=\"[David Auris] Humberto Maturana: educador del alma - 2026\" \/>\n<meta property=\"og:description\" content=\"Con su discurso, amar educa, Humberto Maturana, ha renovado nuestro ritual docente, comprometi\u00e9ndonos a devolver...\" \/>\n<meta property=\"og:url\" content=\"https:\/\/webdelmaestrocmf.com\/portal\/david-auris-humberto-maturana-educador-del-alma\/\" \/>\n<meta property=\"og:site_name\" content=\"Web del Maestro CMF\" \/>\n<meta property=\"article:publisher\" content=\"https:\/\/www.facebook.com\/WebdelMaestroCMF\/\" \/>\n<meta property=\"article:author\" content=\"https:\/\/www.facebook.com\/WebdelMaestroCMF\/\" \/>\n<meta property=\"article:published_time\" content=\"2021-07-14T17:59:35+00:00\" \/>\n<meta property=\"article:modified_time\" content=\"2021-07-14T18:19:16+00:00\" \/>\n<meta property=\"og:image\" content=\"https:\/\/i0.wp.com\/webdelmaestrocmf.com\/portal\/wp-content\/uploads\/2021\/07\/1-52.jpg?fit=1100%2C680&ssl=1\" \/>\n\t<meta property=\"og:image:width\" content=\"1100\" \/>\n\t<meta property=\"og:image:height\" content=\"680\" \/>\n\t<meta property=\"og:image:type\" content=\"image\/jpeg\" \/>\n<meta name=\"author\" content=\"Web del Maestro CMF\" \/>\n<meta name=\"twitter:card\" content=\"summary_large_image\" \/>\n<meta name=\"twitter:creator\" content=\"@cmf_w\" \/>\n<meta name=\"twitter:site\" content=\"@cmf_w\" \/>\n<script type=\"application\/ld+json\" class=\"yoast-schema-graph\">{\"@context\":\"https:\\\/\\\/schema.org\",\"@graph\":[{\"@type\":\"ScholarlyArticle\",\"@id\":\"https:\\\/\\\/webdelmaestrocmf.com\\\/portal\\\/david-auris-humberto-maturana-educador-del-alma\\\/#article\",\"isPartOf\":{\"@id\":\"https:\\\/\\\/webdelmaestrocmf.com\\\/portal\\\/david-auris-humberto-maturana-educador-del-alma\\\/\"},\"author\":{\"name\":\"Web del Maestro CMF\",\"@id\":\"https:\\\/\\\/webdelmaestrocmf.com\\\/portal\\\/#\\\/schema\\\/person\\\/1072a2ed7bd960df8ef99a551fa35dc5\"},\"headline\":\"[David Auris] Humberto Maturana: educador del alma\",\"datePublished\":\"2021-07-14T17:59:35+00:00\",\"dateModified\":\"2021-07-14T18:19:16+00:00\",\"mainEntityOfPage\":{\"@id\":\"https:\\\/\\\/webdelmaestrocmf.com\\\/portal\\\/david-auris-humberto-maturana-educador-del-alma\\\/\"},\"wordCount\":935,\"commentCount\":0,\"publisher\":{\"@id\":\"https:\\\/\\\/webdelmaestrocmf.com\\\/portal\\\/#organization\"},\"image\":{\"@id\":\"https:\\\/\\\/webdelmaestrocmf.com\\\/portal\\\/david-auris-humberto-maturana-educador-del-alma\\\/#primaryimage\"},\"thumbnailUrl\":\"https:\\\/\\\/webdelmaestrocmf.com\\\/portal\\\/wp-content\\\/uploads\\\/2021\\\/07\\\/1-52.jpg\",\"keywords\":[\"ALMA\",\"David Auris\",\"EDUCADOR\",\"HUMBERTO MATURANA\"],\"articleSection\":[\"Z-Colaborador-David-Auris\",\"Z-Colaboradores\"],\"inLanguage\":\"es\",\"potentialAction\":[{\"@type\":\"CommentAction\",\"name\":\"Comment\",\"target\":[\"https:\\\/\\\/webdelmaestrocmf.com\\\/portal\\\/david-auris-humberto-maturana-educador-del-alma\\\/#respond\"]}]},{\"@type\":\"WebPage\",\"@id\":\"https:\\\/\\\/webdelmaestrocmf.com\\\/portal\\\/david-auris-humberto-maturana-educador-del-alma\\\/\",\"url\":\"https:\\\/\\\/webdelmaestrocmf.com\\\/portal\\\/david-auris-humberto-maturana-educador-del-alma\\\/\",\"name\":\"[David Auris] Humberto Maturana: educador del alma - 2026\",\"isPartOf\":{\"@id\":\"https:\\\/\\\/webdelmaestrocmf.com\\\/portal\\\/#website\"},\"primaryImageOfPage\":{\"@id\":\"https:\\\/\\\/webdelmaestrocmf.com\\\/portal\\\/david-auris-humberto-maturana-educador-del-alma\\\/#primaryimage\"},\"image\":{\"@id\":\"https:\\\/\\\/webdelmaestrocmf.com\\\/portal\\\/david-auris-humberto-maturana-educador-del-alma\\\/#primaryimage\"},\"thumbnailUrl\":\"https:\\\/\\\/webdelmaestrocmf.com\\\/portal\\\/wp-content\\\/uploads\\\/2021\\\/07\\\/1-52.jpg\",\"datePublished\":\"2021-07-14T17:59:35+00:00\",\"dateModified\":\"2021-07-14T18:19:16+00:00\",\"description\":\"Con su discurso, amar educa, Humberto Maturana, ha renovado nuestro ritual docente, comprometi\u00e9ndonos a devolver...\",\"breadcrumb\":{\"@id\":\"https:\\\/\\\/webdelmaestrocmf.com\\\/portal\\\/david-auris-humberto-maturana-educador-del-alma\\\/#breadcrumb\"},\"inLanguage\":\"es\",\"potentialAction\":[{\"@type\":\"ReadAction\",\"target\":[\"https:\\\/\\\/webdelmaestrocmf.com\\\/portal\\\/david-auris-humberto-maturana-educador-del-alma\\\/\"]}]},{\"@type\":\"ImageObject\",\"inLanguage\":\"es\",\"@id\":\"https:\\\/\\\/webdelmaestrocmf.com\\\/portal\\\/david-auris-humberto-maturana-educador-del-alma\\\/#primaryimage\",\"url\":\"https:\\\/\\\/webdelmaestrocmf.com\\\/portal\\\/wp-content\\\/uploads\\\/2021\\\/07\\\/1-52.jpg\",\"contentUrl\":\"https:\\\/\\\/webdelmaestrocmf.com\\\/portal\\\/wp-content\\\/uploads\\\/2021\\\/07\\\/1-52.jpg\",\"width\":1100,\"height\":680},{\"@type\":\"BreadcrumbList\",\"@id\":\"https:\\\/\\\/webdelmaestrocmf.com\\\/portal\\\/david-auris-humberto-maturana-educador-del-alma\\\/#breadcrumb\",\"itemListElement\":[{\"@type\":\"ListItem\",\"position\":1,\"name\":\"Portada\",\"item\":\"https:\\\/\\\/webdelmaestrocmf.com\\\/portal\\\/\"},{\"@type\":\"ListItem\",\"position\":2,\"name\":\"Z-Colaboradores\",\"item\":\"https:\\\/\\\/webdelmaestrocmf.com\\\/portal\\\/category\\\/colaborador\\\/\"},{\"@type\":\"ListItem\",\"position\":3,\"name\":\"[David Auris] Humberto Maturana: educador del alma\"}]},{\"@type\":\"WebSite\",\"@id\":\"https:\\\/\\\/webdelmaestrocmf.com\\\/portal\\\/#website\",\"url\":\"https:\\\/\\\/webdelmaestrocmf.com\\\/portal\\\/\",\"name\":\"Web del Maestro CMF\",\"description\":\"Maestros al servicio de la educaci\u00f3n\",\"publisher\":{\"@id\":\"https:\\\/\\\/webdelmaestrocmf.com\\\/portal\\\/#organization\"},\"alternateName\":\"WMCMF\",\"potentialAction\":[{\"@type\":\"SearchAction\",\"target\":{\"@type\":\"EntryPoint\",\"urlTemplate\":\"https:\\\/\\\/webdelmaestrocmf.com\\\/portal\\\/?s={search_term_string}\"},\"query-input\":{\"@type\":\"PropertyValueSpecification\",\"valueRequired\":true,\"valueName\":\"search_term_string\"}}],\"inLanguage\":\"es\"},{\"@type\":\"Organization\",\"@id\":\"https:\\\/\\\/webdelmaestrocmf.com\\\/portal\\\/#organization\",\"name\":\"Web del Maestro CMF\",\"alternateName\":\"WMCMF\",\"url\":\"https:\\\/\\\/webdelmaestrocmf.com\\\/portal\\\/\",\"logo\":{\"@type\":\"ImageObject\",\"inLanguage\":\"es\",\"@id\":\"https:\\\/\\\/webdelmaestrocmf.com\\\/portal\\\/#\\\/schema\\\/logo\\\/image\\\/\",\"url\":\"https:\\\/\\\/webdelmaestrocmf.com\\\/portal\\\/wp-content\\\/uploads\\\/2023\\\/01\\\/logo-wmcmf-2.png\",\"contentUrl\":\"https:\\\/\\\/webdelmaestrocmf.com\\\/portal\\\/wp-content\\\/uploads\\\/2023\\\/01\\\/logo-wmcmf-2.png\",\"width\":200,\"height\":60,\"caption\":\"Web del Maestro CMF\"},\"image\":{\"@id\":\"https:\\\/\\\/webdelmaestrocmf.com\\\/portal\\\/#\\\/schema\\\/logo\\\/image\\\/\"},\"sameAs\":[\"https:\\\/\\\/www.facebook.com\\\/WebdelMaestroCMF\\\/\",\"https:\\\/\\\/x.com\\\/cmf_w\",\"https:\\\/\\\/www.pinterest.com\\\/WMCMF\\\/\",\"https:\\\/\\\/www.linkedin.com\\\/company\\\/web-del-maestro-cmf\\\/\",\"https:\\\/\\\/www.instagram.com\\\/wmcmf\\\/\",\"https:\\\/\\\/www.youtube.com\\\/channel\\\/UCDPSvjbdodE5sHnC3OxutHw\",\"https:\\\/\\\/mastodon.social\\\/@wmcmf\",\"https:\\\/\\\/www.tiktok.com\\\/@webdelmaestrocmf\"]},{\"@type\":\"Person\",\"@id\":\"https:\\\/\\\/webdelmaestrocmf.com\\\/portal\\\/#\\\/schema\\\/person\\\/1072a2ed7bd960df8ef99a551fa35dc5\",\"name\":\"Web del Maestro CMF\",\"image\":{\"@type\":\"ImageObject\",\"inLanguage\":\"es\",\"@id\":\"https:\\\/\\\/secure.gravatar.com\\\/avatar\\\/23291dd5b5ae1077dcff3dbb04c3e02bd28403fa75af6d8787d5e97c5bbbe30b?s=96&d=mm&r=g\",\"url\":\"https:\\\/\\\/secure.gravatar.com\\\/avatar\\\/23291dd5b5ae1077dcff3dbb04c3e02bd28403fa75af6d8787d5e97c5bbbe30b?s=96&d=mm&r=g\",\"contentUrl\":\"https:\\\/\\\/secure.gravatar.com\\\/avatar\\\/23291dd5b5ae1077dcff3dbb04c3e02bd28403fa75af6d8787d5e97c5bbbe30b?s=96&d=mm&r=g\",\"caption\":\"Web del Maestro CMF\"},\"description\":\"Esta Web se cre\u00f3 sin fines de lucro, con fines educativos, cient\u00edficos y acad\u00e9micos, para personas que tengan dificultades y\\\/o inconvenientes en visualizar el material original. El objetivo es entregar recursos, compartir experiencias y materiales que ayuden a los padres de familia, maestros y estudiantes en su actualizaci\u00f3n y formaci\u00f3n permanente, en bien de la Educaci\u00f3n.\",\"sameAs\":[\"http:\\\/\\\/webdelmaestrocmf.com\\\/portal\",\"https:\\\/\\\/www.facebook.com\\\/WebdelMaestroCMF\\\/\",\"https:\\\/\\\/www.instagram.com\\\/wmcmf\\\/\",\"https:\\\/\\\/cl.linkedin.com\\\/company\\\/web-del-maestro-cmf\",\"https:\\\/\\\/www.pinterest.com\\\/WMCMF\\\/publicaciones\\\/\",\"https:\\\/\\\/x.com\\\/cmf_w\",\"https:\\\/\\\/www.youtube.com\\\/@WMCMF\"]}]}<\/script>\n<!-- \/ Yoast SEO plugin. -->","yoast_head_json":{"title":"[David Auris] Humberto Maturana: educador del alma - 2026","description":"Con su discurso, amar educa, Humberto Maturana, ha renovado nuestro ritual docente, comprometi\u00e9ndonos a devolver...","robots":{"index":"index","follow":"follow","max-snippet":"max-snippet:-1","max-image-preview":"max-image-preview:large","max-video-preview":"max-video-preview:-1"},"canonical":"https:\/\/webdelmaestrocmf.com\/portal\/david-auris-humberto-maturana-educador-del-alma\/","og_locale":"es_ES","og_type":"article","og_title":"[David Auris] Humberto Maturana: educador del alma - 2026","og_description":"Con su discurso, amar educa, Humberto Maturana, ha renovado nuestro ritual docente, comprometi\u00e9ndonos a devolver...","og_url":"https:\/\/webdelmaestrocmf.com\/portal\/david-auris-humberto-maturana-educador-del-alma\/","og_site_name":"Web del Maestro CMF","article_publisher":"https:\/\/www.facebook.com\/WebdelMaestroCMF\/","article_author":"https:\/\/www.facebook.com\/WebdelMaestroCMF\/","article_published_time":"2021-07-14T17:59:35+00:00","article_modified_time":"2021-07-14T18:19:16+00:00","og_image":[{"width":1100,"height":680,"url":"https:\/\/i0.wp.com\/webdelmaestrocmf.com\/portal\/wp-content\/uploads\/2021\/07\/1-52.jpg?fit=1100%2C680&ssl=1","type":"image\/jpeg"}],"author":"Web del Maestro CMF","twitter_card":"summary_large_image","twitter_creator":"@cmf_w","twitter_site":"@cmf_w","schema":{"@context":"https:\/\/schema.org","@graph":[{"@type":"ScholarlyArticle","@id":"https:\/\/webdelmaestrocmf.com\/portal\/david-auris-humberto-maturana-educador-del-alma\/#article","isPartOf":{"@id":"https:\/\/webdelmaestrocmf.com\/portal\/david-auris-humberto-maturana-educador-del-alma\/"},"author":{"name":"Web del Maestro CMF","@id":"https:\/\/webdelmaestrocmf.com\/portal\/#\/schema\/person\/1072a2ed7bd960df8ef99a551fa35dc5"},"headline":"[David Auris] Humberto Maturana: educador del alma","datePublished":"2021-07-14T17:59:35+00:00","dateModified":"2021-07-14T18:19:16+00:00","mainEntityOfPage":{"@id":"https:\/\/webdelmaestrocmf.com\/portal\/david-auris-humberto-maturana-educador-del-alma\/"},"wordCount":935,"commentCount":0,"publisher":{"@id":"https:\/\/webdelmaestrocmf.com\/portal\/#organization"},"image":{"@id":"https:\/\/webdelmaestrocmf.com\/portal\/david-auris-humberto-maturana-educador-del-alma\/#primaryimage"},"thumbnailUrl":"https:\/\/webdelmaestrocmf.com\/portal\/wp-content\/uploads\/2021\/07\/1-52.jpg","keywords":["ALMA","David Auris","EDUCADOR","HUMBERTO MATURANA"],"articleSection":["Z-Colaborador-David-Auris","Z-Colaboradores"],"inLanguage":"es","potentialAction":[{"@type":"CommentAction","name":"Comment","target":["https:\/\/webdelmaestrocmf.com\/portal\/david-auris-humberto-maturana-educador-del-alma\/#respond"]}]},{"@type":"WebPage","@id":"https:\/\/webdelmaestrocmf.com\/portal\/david-auris-humberto-maturana-educador-del-alma\/","url":"https:\/\/webdelmaestrocmf.com\/portal\/david-auris-humberto-maturana-educador-del-alma\/","name":"[David Auris] Humberto Maturana: educador del alma - 2026","isPartOf":{"@id":"https:\/\/webdelmaestrocmf.com\/portal\/#website"},"primaryImageOfPage":{"@id":"https:\/\/webdelmaestrocmf.com\/portal\/david-auris-humberto-maturana-educador-del-alma\/#primaryimage"},"image":{"@id":"https:\/\/webdelmaestrocmf.com\/portal\/david-auris-humberto-maturana-educador-del-alma\/#primaryimage"},"thumbnailUrl":"https:\/\/webdelmaestrocmf.com\/portal\/wp-content\/uploads\/2021\/07\/1-52.jpg","datePublished":"2021-07-14T17:59:35+00:00","dateModified":"2021-07-14T18:19:16+00:00","description":"Con su discurso, amar educa, Humberto Maturana, ha renovado nuestro ritual docente, comprometi\u00e9ndonos a devolver...","breadcrumb":{"@id":"https:\/\/webdelmaestrocmf.com\/portal\/david-auris-humberto-maturana-educador-del-alma\/#breadcrumb"},"inLanguage":"es","potentialAction":[{"@type":"ReadAction","target":["https:\/\/webdelmaestrocmf.com\/portal\/david-auris-humberto-maturana-educador-del-alma\/"]}]},{"@type":"ImageObject","inLanguage":"es","@id":"https:\/\/webdelmaestrocmf.com\/portal\/david-auris-humberto-maturana-educador-del-alma\/#primaryimage","url":"https:\/\/webdelmaestrocmf.com\/portal\/wp-content\/uploads\/2021\/07\/1-52.jpg","contentUrl":"https:\/\/webdelmaestrocmf.com\/portal\/wp-content\/uploads\/2021\/07\/1-52.jpg","width":1100,"height":680},{"@type":"BreadcrumbList","@id":"https:\/\/webdelmaestrocmf.com\/portal\/david-auris-humberto-maturana-educador-del-alma\/#breadcrumb","itemListElement":[{"@type":"ListItem","position":1,"name":"Portada","item":"https:\/\/webdelmaestrocmf.com\/portal\/"},{"@type":"ListItem","position":2,"name":"Z-Colaboradores","item":"https:\/\/webdelmaestrocmf.com\/portal\/category\/colaborador\/"},{"@type":"ListItem","position":3,"name":"[David Auris] Humberto Maturana: educador del alma"}]},{"@type":"WebSite","@id":"https:\/\/webdelmaestrocmf.com\/portal\/#website","url":"https:\/\/webdelmaestrocmf.com\/portal\/","name":"Web del Maestro CMF","description":"Maestros al servicio de la educaci\u00f3n","publisher":{"@id":"https:\/\/webdelmaestrocmf.com\/portal\/#organization"},"alternateName":"WMCMF","potentialAction":[{"@type":"SearchAction","target":{"@type":"EntryPoint","urlTemplate":"https:\/\/webdelmaestrocmf.com\/portal\/?s={search_term_string}"},"query-input":{"@type":"PropertyValueSpecification","valueRequired":true,"valueName":"search_term_string"}}],"inLanguage":"es"},{"@type":"Organization","@id":"https:\/\/webdelmaestrocmf.com\/portal\/#organization","name":"Web del Maestro CMF","alternateName":"WMCMF","url":"https:\/\/webdelmaestrocmf.com\/portal\/","logo":{"@type":"ImageObject","inLanguage":"es","@id":"https:\/\/webdelmaestrocmf.com\/portal\/#\/schema\/logo\/image\/","url":"https:\/\/webdelmaestrocmf.com\/portal\/wp-content\/uploads\/2023\/01\/logo-wmcmf-2.png","contentUrl":"https:\/\/webdelmaestrocmf.com\/portal\/wp-content\/uploads\/2023\/01\/logo-wmcmf-2.png","width":200,"height":60,"caption":"Web del Maestro CMF"},"image":{"@id":"https:\/\/webdelmaestrocmf.com\/portal\/#\/schema\/logo\/image\/"},"sameAs":["https:\/\/www.facebook.com\/WebdelMaestroCMF\/","https:\/\/x.com\/cmf_w","https:\/\/www.pinterest.com\/WMCMF\/","https:\/\/www.linkedin.com\/company\/web-del-maestro-cmf\/","https:\/\/www.instagram.com\/wmcmf\/","https:\/\/www.youtube.com\/channel\/UCDPSvjbdodE5sHnC3OxutHw","https:\/\/mastodon.social\/@wmcmf","https:\/\/www.tiktok.com\/@webdelmaestrocmf"]},{"@type":"Person","@id":"https:\/\/webdelmaestrocmf.com\/portal\/#\/schema\/person\/1072a2ed7bd960df8ef99a551fa35dc5","name":"Web del Maestro CMF","image":{"@type":"ImageObject","inLanguage":"es","@id":"https:\/\/secure.gravatar.com\/avatar\/23291dd5b5ae1077dcff3dbb04c3e02bd28403fa75af6d8787d5e97c5bbbe30b?s=96&d=mm&r=g","url":"https:\/\/secure.gravatar.com\/avatar\/23291dd5b5ae1077dcff3dbb04c3e02bd28403fa75af6d8787d5e97c5bbbe30b?s=96&d=mm&r=g","contentUrl":"https:\/\/secure.gravatar.com\/avatar\/23291dd5b5ae1077dcff3dbb04c3e02bd28403fa75af6d8787d5e97c5bbbe30b?s=96&d=mm&r=g","caption":"Web del Maestro CMF"},"description":"Esta Web se cre\u00f3 sin fines de lucro, con fines educativos, cient\u00edficos y acad\u00e9micos, para personas que tengan dificultades y\/o inconvenientes en visualizar el material original. El objetivo es entregar recursos, compartir experiencias y materiales que ayuden a los padres de familia, maestros y estudiantes en su actualizaci\u00f3n y formaci\u00f3n permanente, en bien de la Educaci\u00f3n.","sameAs":["http:\/\/webdelmaestrocmf.com\/portal","https:\/\/www.facebook.com\/WebdelMaestroCMF\/","https:\/\/www.instagram.com\/wmcmf\/","https:\/\/cl.linkedin.com\/company\/web-del-maestro-cmf","https:\/\/www.pinterest.com\/WMCMF\/publicaciones\/","https:\/\/x.com\/cmf_w","https:\/\/www.youtube.com\/@WMCMF"]}]}},"jetpack_featured_media_url":"https:\/\/webdelmaestrocmf.com\/portal\/wp-content\/uploads\/2021\/07\/1-52.jpg","jetpack_sharing_enabled":true,"jetpack-related-posts":[{"id":66326,"url":"https:\/\/webdelmaestrocmf.com\/portal\/david-auris-educacion-motor-del-bicentenario-peruano\/","url_meta":{"origin":65199,"position":0},"title":"[David Auris] Educaci\u00f3n: motor del Bicentenario peruano","author":"Web del Maestro CMF","date":"8 agosto, 2021","format":false,"excerpt":"La Educaci\u00f3n necesita morar en crisis para perfeccionarla continuamente, de lo contrario, ser\u00eda perfecta lindando con lo absurdo. Por ello, cuando escuchamos al gobernante peruano, declararla en emergencia, sencillamente est\u00e1 reivindicando su importancia en el Bicentenario que, ciertamente hay poco por celebrar, salvo nuestra sobrevivencia al Covid-19 y, la esperanza\u2026","rel":"","context":"En \u00abZ-Colaborador-David-Auris\u00bb","block_context":{"text":"Z-Colaborador-David-Auris","link":"https:\/\/webdelmaestrocmf.com\/portal\/category\/colaborador\/z-colaborador-david-auris\/"},"img":{"alt_text":"","src":"https:\/\/i0.wp.com\/webdelmaestrocmf.com\/portal\/wp-content\/uploads\/2021\/08\/1-53.jpg?resize=350%2C200&ssl=1","width":350,"height":200,"srcset":"https:\/\/i0.wp.com\/webdelmaestrocmf.com\/portal\/wp-content\/uploads\/2021\/08\/1-53.jpg?resize=350%2C200&ssl=1 1x, https:\/\/i0.wp.com\/webdelmaestrocmf.com\/portal\/wp-content\/uploads\/2021\/08\/1-53.jpg?resize=525%2C300&ssl=1 1.5x, https:\/\/i0.wp.com\/webdelmaestrocmf.com\/portal\/wp-content\/uploads\/2021\/08\/1-53.jpg?resize=700%2C400&ssl=1 2x, https:\/\/i0.wp.com\/webdelmaestrocmf.com\/portal\/wp-content\/uploads\/2021\/08\/1-53.jpg?resize=1050%2C600&ssl=1 3x"},"classes":[]},{"id":50413,"url":"https:\/\/webdelmaestrocmf.com\/portal\/humberto-maturana-lo-fundamental-de-la-convivencia-es-la-honestidad-y-el-mutuo-respeto\/","url_meta":{"origin":65199,"position":1},"title":"Humberto Maturana: Lo fundamental de la convivencia es la honestidad y el mutuo respeto","author":"Web del Maestro CMF","date":"28 agosto, 2022","format":false,"excerpt":"El bi\u00f3logo y Premio Nacional de Ciencias, fundador de la escuela de pensamiento Matr\u00edztica, Humberto Maturana (1928), estudi\u00f3 medicina y biolog\u00eda en la Universidad de Chile, anatom\u00eda y neurofisiolog\u00eda en el University College de Londres y se doctor\u00f3 en biolog\u00eda por la Universidad de Harvard (USA). Es doctor 'honoris causa'\u2026","rel":"","context":"En \u00abEntrevistas\u00bb","block_context":{"text":"Entrevistas","link":"https:\/\/webdelmaestrocmf.com\/portal\/category\/noticias\/entrevistas\/"},"img":{"alt_text":"","src":"https:\/\/i0.wp.com\/webdelmaestrocmf.com\/portal\/wp-content\/uploads\/2020\/08\/1-copia-54.jpg?resize=350%2C200&ssl=1","width":350,"height":200,"srcset":"https:\/\/i0.wp.com\/webdelmaestrocmf.com\/portal\/wp-content\/uploads\/2020\/08\/1-copia-54.jpg?resize=350%2C200&ssl=1 1x, https:\/\/i0.wp.com\/webdelmaestrocmf.com\/portal\/wp-content\/uploads\/2020\/08\/1-copia-54.jpg?resize=525%2C300&ssl=1 1.5x, https:\/\/i0.wp.com\/webdelmaestrocmf.com\/portal\/wp-content\/uploads\/2020\/08\/1-copia-54.jpg?resize=700%2C400&ssl=1 2x, https:\/\/i0.wp.com\/webdelmaestrocmf.com\/portal\/wp-content\/uploads\/2020\/08\/1-copia-54.jpg?resize=1050%2C600&ssl=1 3x"},"classes":[]},{"id":62607,"url":"https:\/\/webdelmaestrocmf.com\/portal\/humberto-maturana-in-memoriam-el-ser-humano-posee-dos-vias-para-acceder-al-conocimiento-la-razon-y-el-amor\/","url_meta":{"origin":65199,"position":2},"title":"Humberto Maturana, in memoriam: El ser humano posee dos v\u00edas para acceder al conocimiento: la raz\u00f3n y el amor","author":"Web del Maestro CMF","date":"6 mayo, 2021","format":false,"excerpt":"El profesor chileno Humberto Augusto Maturana Romec\u00edn (1928 \u2013 2021), estudi\u00f3 en el Liceo Manuel de Salas y en 1950 ingres\u00f3 a la Facultad de Medicina de la Universidad de Chile. En el a\u00f1o 1954 se traslad\u00f3 al University College de Londres (Inglaterra) para estudiar anatom\u00eda y neurofisiolog\u00eda, gracias a\u2026","rel":"","context":"En \u00abEntrevistas\u00bb","block_context":{"text":"Entrevistas","link":"https:\/\/webdelmaestrocmf.com\/portal\/category\/noticias\/entrevistas\/"},"img":{"alt_text":"Humberto Maturana","src":"https:\/\/i0.wp.com\/webdelmaestrocmf.com\/portal\/wp-content\/uploads\/2021\/05\/2-1.jpg?resize=350%2C200&ssl=1","width":350,"height":200,"srcset":"https:\/\/i0.wp.com\/webdelmaestrocmf.com\/portal\/wp-content\/uploads\/2021\/05\/2-1.jpg?resize=350%2C200&ssl=1 1x, https:\/\/i0.wp.com\/webdelmaestrocmf.com\/portal\/wp-content\/uploads\/2021\/05\/2-1.jpg?resize=525%2C300&ssl=1 1.5x, https:\/\/i0.wp.com\/webdelmaestrocmf.com\/portal\/wp-content\/uploads\/2021\/05\/2-1.jpg?resize=700%2C400&ssl=1 2x, https:\/\/i0.wp.com\/webdelmaestrocmf.com\/portal\/wp-content\/uploads\/2021\/05\/2-1.jpg?resize=1050%2C600&ssl=1 3x"},"classes":[]},{"id":21233,"url":"https:\/\/webdelmaestrocmf.com\/portal\/mensajes-humberto-maturana-los-educadores-amar-educa\/","url_meta":{"origin":65199,"position":3},"title":"Mensaje de Humberto Maturana a los educadores: \u201camar educa\u201d","author":"Web del Maestro CMF","date":"12 noviembre, 2018","format":false,"excerpt":"Naci\u00f3 el 14 de septiembre de\u00a01928 en Santiago. Estudi\u00f3 en el\u00a0Liceo Manuel de Salas\u00a0y en 1950 ingres\u00f3 a a\u00a0Facultad de Medicina de la Universidad de Chile. En 1954 se traslad\u00f3 al\u00a0University College London\u00a0para estudiar anatom\u00eda y neurofisiolog\u00eda, gracias a una beca de la\u00a0Fundaci\u00f3n Rockefeller. En 1958 obtuvo el\u00a0Doctorado en Biolog\u00eda\u00a0de\u2026","rel":"","context":"En \u00abEntrevistas\u00bb","block_context":{"text":"Entrevistas","link":"https:\/\/webdelmaestrocmf.com\/portal\/category\/noticias\/entrevistas\/"},"img":{"alt_text":"","src":"https:\/\/i0.wp.com\/webdelmaestrocmf.com\/portal\/wp-content\/uploads\/2018\/11\/2-32.jpg?resize=350%2C200&ssl=1","width":350,"height":200,"srcset":"https:\/\/i0.wp.com\/webdelmaestrocmf.com\/portal\/wp-content\/uploads\/2018\/11\/2-32.jpg?resize=350%2C200&ssl=1 1x, https:\/\/i0.wp.com\/webdelmaestrocmf.com\/portal\/wp-content\/uploads\/2018\/11\/2-32.jpg?resize=525%2C300&ssl=1 1.5x, https:\/\/i0.wp.com\/webdelmaestrocmf.com\/portal\/wp-content\/uploads\/2018\/11\/2-32.jpg?resize=700%2C400&ssl=1 2x, https:\/\/i0.wp.com\/webdelmaestrocmf.com\/portal\/wp-content\/uploads\/2018\/11\/2-32.jpg?resize=1050%2C600&ssl=1 3x"},"classes":[]},{"id":77391,"url":"https:\/\/webdelmaestrocmf.com\/portal\/alexander-ortiz-que-es-la-conciencia-y-el-yo\/","url_meta":{"origin":65199,"position":4},"title":"[Alexander Ortiz] \u00bfQu\u00e9 es la conciencia y el \u201cyo\u201d?","author":"Web del Maestro CMF","date":"8 junio, 2022","format":false,"excerpt":"La actividad del ser humano se gu\u00eda, direcciona y est\u00e1 conducida, generalmente, por complejidades imperativas que con frecuencia se denominan \u00absuperiores\u00bb, \u00abespirituales\u00bb o \u00abtrascendentales\u00bb. Ahora bien, seg\u00fan Humberto Maturana, si llamamos distinci\u00f3n a la recursi\u00f3n en la coordinaci\u00f3n conductual consensual, el observador en su proceso comunicativo nombra objetos o sustantivos\u2026","rel":"","context":"En \u00abZ-Colaboradores\u00bb","block_context":{"text":"Z-Colaboradores","link":"https:\/\/webdelmaestrocmf.com\/portal\/category\/colaborador\/"},"img":{"alt_text":"","src":"https:\/\/i0.wp.com\/webdelmaestrocmf.com\/portal\/wp-content\/uploads\/2022\/06\/1-17.jpg?resize=350%2C200&ssl=1","width":350,"height":200,"srcset":"https:\/\/i0.wp.com\/webdelmaestrocmf.com\/portal\/wp-content\/uploads\/2022\/06\/1-17.jpg?resize=350%2C200&ssl=1 1x, https:\/\/i0.wp.com\/webdelmaestrocmf.com\/portal\/wp-content\/uploads\/2022\/06\/1-17.jpg?resize=525%2C300&ssl=1 1.5x, https:\/\/i0.wp.com\/webdelmaestrocmf.com\/portal\/wp-content\/uploads\/2022\/06\/1-17.jpg?resize=700%2C400&ssl=1 2x, https:\/\/i0.wp.com\/webdelmaestrocmf.com\/portal\/wp-content\/uploads\/2022\/06\/1-17.jpg?resize=1050%2C600&ssl=1 3x"},"classes":[]},{"id":77539,"url":"https:\/\/webdelmaestrocmf.com\/portal\/alexander-ortiz-que-es-la-inteligencia-humana-como-se-genera-el-comportamiento-inteligente\/","url_meta":{"origin":65199,"position":5},"title":"[Alexander Ortiz] \u00bfQu\u00e9 es la Inteligencia Humana? \u00bfC\u00f3mo se genera el comportamiento inteligente?","author":"Web del Maestro CMF","date":"14 junio, 2022","format":false,"excerpt":"Uno de los conceptos m\u00e1s pol\u00e9micos en la historia de la psicolog\u00eda contempor\u00e1nea es el de inteligencia, incluso no existe un concepto un\u00edvoco, \u00fanico y uniforme sobre la inteligencia humana. Seg\u00fan Humberto Maturana, la palabra \"inteligencia\" hace referencia connotativa a este fen\u00f3meno que no es directamente observable, y que resulta\u2026","rel":"","context":"En \u00abZ-Colaboradores\u00bb","block_context":{"text":"Z-Colaboradores","link":"https:\/\/webdelmaestrocmf.com\/portal\/category\/colaborador\/"},"img":{"alt_text":"","src":"https:\/\/i0.wp.com\/webdelmaestrocmf.com\/portal\/wp-content\/uploads\/2022\/06\/1-31.jpg?resize=350%2C200&ssl=1","width":350,"height":200,"srcset":"https:\/\/i0.wp.com\/webdelmaestrocmf.com\/portal\/wp-content\/uploads\/2022\/06\/1-31.jpg?resize=350%2C200&ssl=1 1x, https:\/\/i0.wp.com\/webdelmaestrocmf.com\/portal\/wp-content\/uploads\/2022\/06\/1-31.jpg?resize=525%2C300&ssl=1 1.5x, https:\/\/i0.wp.com\/webdelmaestrocmf.com\/portal\/wp-content\/uploads\/2022\/06\/1-31.jpg?resize=700%2C400&ssl=1 2x, https:\/\/i0.wp.com\/webdelmaestrocmf.com\/portal\/wp-content\/uploads\/2022\/06\/1-31.jpg?resize=1050%2C600&ssl=1 3x"},"classes":[]}],"_links":{"self":[{"href":"https:\/\/webdelmaestrocmf.com\/portal\/wp-json\/wp\/v2\/posts\/65199","targetHints":{"allow":["GET"]}}],"collection":[{"href":"https:\/\/webdelmaestrocmf.com\/portal\/wp-json\/wp\/v2\/posts"}],"about":[{"href":"https:\/\/webdelmaestrocmf.com\/portal\/wp-json\/wp\/v2\/types\/post"}],"author":[{"embeddable":true,"href":"https:\/\/webdelmaestrocmf.com\/portal\/wp-json\/wp\/v2\/users\/1"}],"replies":[{"embeddable":true,"href":"https:\/\/webdelmaestrocmf.com\/portal\/wp-json\/wp\/v2\/comments?post=65199"}],"version-history":[{"count":0,"href":"https:\/\/webdelmaestrocmf.com\/portal\/wp-json\/wp\/v2\/posts\/65199\/revisions"}],"wp:featuredmedia":[{"embeddable":true,"href":"https:\/\/webdelmaestrocmf.com\/portal\/wp-json\/wp\/v2\/media\/65200"}],"wp:attachment":[{"href":"https:\/\/webdelmaestrocmf.com\/portal\/wp-json\/wp\/v2\/media?parent=65199"}],"wp:term":[{"taxonomy":"category","embeddable":true,"href":"https:\/\/webdelmaestrocmf.com\/portal\/wp-json\/wp\/v2\/categories?post=65199"},{"taxonomy":"post_tag","embeddable":true,"href":"https:\/\/webdelmaestrocmf.com\/portal\/wp-json\/wp\/v2\/tags?post=65199"}],"curies":[{"name":"wp","href":"https:\/\/api.w.org\/{rel}","templated":true}]}}