{"id":64910,"date":"2021-07-08T00:10:26","date_gmt":"2021-07-08T04:10:26","guid":{"rendered":"https:\/\/webdelmaestrocmf.com\/portal\/?p=64910"},"modified":"2021-07-09T10:52:22","modified_gmt":"2021-07-09T14:52:22","slug":"estudio-realizado-en-colombia-mexico-y-peru-muestra-que-solo-el-35-de-los-padres-se-sienten-satisfechos-con-la-educacion-en-linea","status":"publish","type":"post","link":"https:\/\/webdelmaestrocmf.com\/portal\/estudio-realizado-en-colombia-mexico-y-peru-muestra-que-solo-el-35-de-los-padres-se-sienten-satisfechos-con-la-educacion-en-linea\/","title":{"rendered":"Estudio realizado en Colombia, M\u00e9xico y Per\u00fa muestra que solo el 35% de los padres se sienten satisfechos con la educaci\u00f3n en l\u00ednea"},"content":{"rendered":"<h5 style=\"text-align: justify;\">Desde el comienzo de la pandemia se evidenciaron sus efectos en la educaci\u00f3n de los colombianos con el cierre de colegios y universidades, y con la necesidad de adoptar esquemas virtuales para que los estudiantes de educaci\u00f3n b\u00e1sica y media pudieran continuar con sus estudios.<\/h5>\n<p><!--more--><\/p>\n<h5 style=\"text-align: justify;\">Sin embargo, el reciente estudio de EY Parthenon realizada en Colombia, M\u00e9xico y Per\u00fa, reflej\u00f3 que el 36% de los padres colombianos consideran mejor la experiencia de aprendizaje de las clases presenciales a las clases en l\u00ednea, mientras que el 35% considera que dicha experiencia es peor para los ni\u00f1o y j\u00f3venes de niveles de educaci\u00f3n b\u00e1sica y secundaria.<\/h5>\n<p style=\"text-align: justify;\">De igual manera, solo el 6% de los estudiantes de educaci\u00f3n superior se sienten a gusto con la educaci\u00f3n online, a pesar de los esfuerzos y las mejoras realizadas por las universidades, durante este periodo.<\/p>\n<p style=\"text-align: justify;\">Seg\u00fan el estudio de EY Parthenon, que realiz\u00f3 una encuesta a m\u00e1s de 1.600 a padres que tienen a sus hijos en el colegio y a m\u00e1s de 1.000 estudiantes de educaci\u00f3n superior, el esquema de ense\u00f1anza predilecto contin\u00faa siendo el presencial, sin embargo, entre los universitarios se han ido popularizando los programas h\u00edbridos, pues cada vez m\u00e1s estudiantes est\u00e1n considerando la posibilidad de terminar sus estudios en una modalidad de educaci\u00f3n semipresencial con un m\u00e9todo de aprendizaje mixto.<\/p>\n<p style=\"text-align: justify;\">\u00abEn Colombia entre el 30% y el 47% de los estudiantes de educaci\u00f3n superior consideran terminar sus estudios de manera remota, en comparaci\u00f3n con el 6% y el 11% de los estudiantes que ten\u00edan en cuenta esta posibilidad antes de que comenzara la pandemia\u00bb afirm\u00f3 Juan Felipe Arango, L\u00edder de EY Parthenon en Colombia.<\/p>\n<h5 style=\"text-align: justify;\">Algo temporal<\/h5>\n<p style=\"text-align: justify;\">Por otro lado, la mayor\u00eda de los padres con hijos en educaci\u00f3n primaria y secundaria considera atractiva la educaci\u00f3n online solo si es temporal y est\u00e1n dispuestos a enviar a sus hijos a las instituciones tan pronto las vuelvan a abrir.<\/p>\n<p style=\"text-align: justify;\">El estudio de EY Parthenon demuestra que la falta de interacci\u00f3n entre los alumnos en el entorno virtual es una de las principales preocupaciones, pues el 79% dice tener dificultad para prestar atenci\u00f3n durante la clase, el 54% de los encuestados considera que la relaci\u00f3n con los compa\u00f1eros de clase ha empeorado, el 49% que las destrezas de trabajo en equipo se han deteriorado y el 46% que las habilidades sociales est\u00e1n poco desarrolladas.<\/p>\n<p><img loading=\"lazy\" decoding=\"async\" class=\"alignnone size-full wp-image-64911\" src=\"https:\/\/webdelmaestrocmf.com\/portal\/wp-content\/uploads\/2021\/07\/1-4.png\" alt=\"\" width=\"611\" height=\"385\" srcset=\"https:\/\/webdelmaestrocmf.com\/portal\/wp-content\/uploads\/2021\/07\/1-4.png 611w, https:\/\/webdelmaestrocmf.com\/portal\/wp-content\/uploads\/2021\/07\/1-4-300x189.png 300w, https:\/\/webdelmaestrocmf.com\/portal\/wp-content\/uploads\/2021\/07\/1-4-110x69.png 110w, https:\/\/webdelmaestrocmf.com\/portal\/wp-content\/uploads\/2021\/07\/1-4-200x126.png 200w, https:\/\/webdelmaestrocmf.com\/portal\/wp-content\/uploads\/2021\/07\/1-4-380x239.png 380w, https:\/\/webdelmaestrocmf.com\/portal\/wp-content\/uploads\/2021\/07\/1-4-255x161.png 255w, https:\/\/webdelmaestrocmf.com\/portal\/wp-content\/uploads\/2021\/07\/1-4-550x347.png 550w, https:\/\/webdelmaestrocmf.com\/portal\/wp-content\/uploads\/2021\/07\/1-4-220x139.png 220w, https:\/\/webdelmaestrocmf.com\/portal\/wp-content\/uploads\/2021\/07\/1-4-400x252.png 400w, https:\/\/webdelmaestrocmf.com\/portal\/wp-content\/uploads\/2021\/07\/1-4-510x321.png 510w, https:\/\/webdelmaestrocmf.com\/portal\/wp-content\/uploads\/2021\/07\/1-4-600x378.png 600w\" sizes=\"auto, (max-width: 611px) 100vw, 611px\" \/><\/p>\n<h5 style=\"text-align: justify;\">\u00bfQu\u00e9 dicen los estudiantes?<\/h5>\n<p style=\"text-align: justify;\">La opini\u00f3n de los estudiantes frente a la innovaci\u00f3n de las instituciones con la metodolog\u00eda virtual, demuestra que la mayor\u00eda de los profesores a\u00fan no ha adaptado su material did\u00e1ctico a los cursos en l\u00ednea, lo que hace m\u00e1s dif\u00edcil que los alumnos se interesen por las clases y presten atenci\u00f3n.<\/p>\n<p style=\"text-align: justify;\">Otros aspectos, como el trabajo en equipo y la interacci\u00f3n con los profesores y compa\u00f1eros no se han podido alcanzar a trav\u00e9s de las plataformas digitales; un 59% dice que en la educaci\u00f3n virtual hay menos interacci\u00f3n con los estudiantes y un 50% que hay menor interacci\u00f3n con los profesores.<\/p>\n<p style=\"text-align: justify;\">Por otro lado, un 28% de los estudiantes universitarios considera que la calidad del material educativo ha disminuido y un 26% cree que las clases se volvieron m\u00e1s dif\u00edciles, mientras que el 35% de los padres de estudiantes de primaria y secundaria est\u00e1n insatisfechos con la educaci\u00f3n en l\u00ednea pues perciben que la calidad de las clases ha empeorado.<\/p>\n<p style=\"text-align: justify;\">Sin embargo, los estudiantes consideran que la infraestructura inform\u00e1tica utilizada durante las clases en l\u00ednea es adecuada y manifiestan su preferencia por plataformas intuitivas, que ofrezcan la posibilidad de compartir archivos y brinden acceso a las calificaciones.<\/p>\n<p style=\"text-align: justify;\">Las universidades y colegios han migrado a plataformas m\u00e1s sofisticadas, de las cuales las m\u00e1s utilizadas en Colombia, M\u00e9xico y Per\u00fa son Zoom (42%), Blackboard (27%), Microsoft Teams (10%), Google Classroom (10%) y otras (11%).<\/p>\n<p style=\"text-align: justify;\">En el caso puntual de Colombia, Zoom es la m\u00e1s utilizada tanto por profesores, como por estudiantes.<\/p>\n<p style=\"text-align: justify;\">\u00abLuego de m\u00e1s de un a\u00f1o del comienzo de la pandemia, el 87% de los estudiantes no est\u00e1 de acuerdo con el hecho de pagar el mismo valor de la matr\u00edcula y de pensi\u00f3n por los cursos en l\u00ednea que por los presenciales\u00bb, coment\u00f3 Juan Felipe Arango, l\u00edder de EY Parthenon en Colombia.<\/p>\n<p style=\"text-align: justify;\">Sin embargo, un 65% de los estudiantes encuestados considera que los programas en l\u00ednea podr\u00edan tener costos similares a los de los programas presenciales, solo si ofrecieran determinados beneficios adicionales a los actuales, tales como: servicios de bienestar con psic\u00f3logos o nutri\u00f3logos, cursos en l\u00ednea en el extranjero, m\u00e1s apoyo en la b\u00fasqueda de empleo, plataformas de ejercicio, mejores profesores y cursos biling\u00fces.<\/p>\n<p style=\"text-align: justify;\">Seg\u00fan el estudio realizada, el acceso a internet de banda ancha en el hogar aument\u00f3, encontrando que el 97% de los estudiantes inscritos en universidades privadas dispone de conexi\u00f3n a internet y el 83% de estudiantes de universidades p\u00fablicas.<\/p>\n<p style=\"text-align: justify;\">No obstante, la brecha ha disminuido en comparaci\u00f3n con el a\u00f1o pasado, en el cual los porcentajes eran 88% y 69% respectivamente.<\/p>\n<p style=\"text-align: justify;\">As\u00ed mismo, y dada la situaci\u00f3n de los estudiantes de educaci\u00f3n b\u00e1sica y media, el 46% de sus familias contrataron o mejoraron su servicio de internet.<\/p>\n<p><img loading=\"lazy\" decoding=\"async\" class=\"alignnone size-large wp-image-64914\" src=\"https:\/\/webdelmaestrocmf.com\/portal\/wp-content\/uploads\/2021\/07\/1-49-1024x543.jpeg\" alt=\"\" width=\"1024\" height=\"543\" srcset=\"https:\/\/webdelmaestrocmf.com\/portal\/wp-content\/uploads\/2021\/07\/1-49-1024x543.jpeg 1024w, https:\/\/webdelmaestrocmf.com\/portal\/wp-content\/uploads\/2021\/07\/1-49-300x159.jpeg 300w, https:\/\/webdelmaestrocmf.com\/portal\/wp-content\/uploads\/2021\/07\/1-49-768x408.jpeg 768w, https:\/\/webdelmaestrocmf.com\/portal\/wp-content\/uploads\/2021\/07\/1-49-110x58.jpeg 110w, https:\/\/webdelmaestrocmf.com\/portal\/wp-content\/uploads\/2021\/07\/1-49-200x106.jpeg 200w, https:\/\/webdelmaestrocmf.com\/portal\/wp-content\/uploads\/2021\/07\/1-49-380x202.jpeg 380w, https:\/\/webdelmaestrocmf.com\/portal\/wp-content\/uploads\/2021\/07\/1-49-255x135.jpeg 255w, https:\/\/webdelmaestrocmf.com\/portal\/wp-content\/uploads\/2021\/07\/1-49-550x292.jpeg 550w, https:\/\/webdelmaestrocmf.com\/portal\/wp-content\/uploads\/2021\/07\/1-49-800x425.jpeg 800w, https:\/\/webdelmaestrocmf.com\/portal\/wp-content\/uploads\/2021\/07\/1-49-1160x616.jpeg 1160w, https:\/\/webdelmaestrocmf.com\/portal\/wp-content\/uploads\/2021\/07\/1-49-220x117.jpeg 220w, https:\/\/webdelmaestrocmf.com\/portal\/wp-content\/uploads\/2021\/07\/1-49-400x212.jpeg 400w, https:\/\/webdelmaestrocmf.com\/portal\/wp-content\/uploads\/2021\/07\/1-49-760x403.jpeg 760w, https:\/\/webdelmaestrocmf.com\/portal\/wp-content\/uploads\/2021\/07\/1-49-510x271.jpeg 510w, https:\/\/webdelmaestrocmf.com\/portal\/wp-content\/uploads\/2021\/07\/1-49-600x318.jpeg 600w, https:\/\/webdelmaestrocmf.com\/portal\/wp-content\/uploads\/2021\/07\/1-49-1100x584.jpeg 1100w, https:\/\/webdelmaestrocmf.com\/portal\/wp-content\/uploads\/2021\/07\/1-49.jpeg 1500w\" sizes=\"auto, (max-width: 1024px) 100vw, 1024px\" \/><\/p>\n<h5 style=\"text-align: justify;\">Perspectivas a futuro<\/h5>\n<p style=\"text-align: justify;\">Con base en estos resultados, el estudio plantea que el futuro de la educaci\u00f3n estar\u00e1 determinado por la implementaci\u00f3n de nuevos formatos de clases h\u00edbridas e interacciones internacionales, lo cual desaf\u00eda a los colegios y universidades a desarrollar programas aprovechando las habilidades y los conocimiento desarrollados por las instituciones durante la pandemia, para implementar estos programas, en los que la flexibilidad de tiempo, el acceso a recursos adicionales y la mejora en experiencias sociales y virtuales, seguir\u00e1n tomando relevancia.<\/p>\n<p style=\"text-align: justify;\">\u00abDe esta forma la educaci\u00f3n en Colombia pasar\u00eda a otro nivel, pues a medida que estas ofertas fortalezcan a los estudiantes en t\u00e9rminos de exposici\u00f3n global y desarrollo cultural, se convertir\u00e1n en un factor adicional de exigencia para ellos\u00bb afirm\u00f3 Juan David Taboada, socio de EY Parthenon en Colombia.<\/p>\n<p style=\"text-align: justify;\">En comparaci\u00f3n con el inicio del confinamiento, los padres est\u00e1n de acuerdo con que la mayor\u00eda de las instituciones han fortalecido su oferta educativa a distancia con mejores contenidos y herramientas tecnol\u00f3gicas; sin embargo, no todas las instituciones educativas han hecho frente a la pandemia de forma adecuada, lo que ha provocado que las inscripciones y los precios se vean perjudicados.<\/p>\n<p style=\"text-align: justify;\">EY Parthenon se\u00f1ala que el impacto financiero del COVID-19 en los Colegios-desde nivel b\u00e1sico hasta nivel medio superior- continuar\u00e1 durante 2021 y por esto, tienen el reto de ofrecer programas educativos de alta calidad que incorporen las opciones h\u00edbridas, aprovechando las plataformas tecnol\u00f3gicas adquiridas durante el confinamiento y el conocimiento de los h\u00e1bitos que los estudiantes desarrollaron durante esta \u00e9poca.<\/p>\n<p style=\"text-align: justify;\">Finalmente, escuchar a los j\u00f3venes es imprescindible en este proceso de educaci\u00f3n virtual, por lo que las plataformas de desarrollo de habilidades se har\u00e1n m\u00e1s populares dentro del pensum y calendario acad\u00e9mico, diversificando el tipo de conocimiento que recibir\u00e1n los estudiantes a lo largo de su educaci\u00f3n b\u00e1sica y secundaria.<\/p>\n<p style=\"text-align: justify;\">As\u00ed mismo, es importante que las instituciones cuenten con programas y espacios de acompa\u00f1amiento en temas psicol\u00f3gicos, nutricionales, salud f\u00edsica y emocional, perfeccionamiento de idiomas y portafolios de oportunidades laborales, para que los padres y estudiantes encuentren que costo de la educaci\u00f3n es equitativo, con los servicios y valores agregados que reciben.<\/p>\n<p><strong>Este contenido ha sido publicado originalmente por Occidente en la siguiente direcci\u00f3n: <a href=\"http:\/\/occidente.co\" target=\"_blank\" rel=\"noopener\">occidente.co<\/a><\/strong><\/p>\n\t\t<div class=\"pk-inline-posts\">\n\t\t\t\n\t\t\t<div class=\"pk-inline-posts-container pk-inline-posts-template-list\"\n\t\t\t\tdata-columns=\"1\">\n\t\t\t\t\t\t<article id=\"post-114355\" class=\"post-114355 post type-post status-publish format-standard has-post-thumbnail category-docentes category-noticias-pedagogia category-pedagogia tag-derechos-del-nino tag-docentes-en-redes-sociales tag-educacion-responsable tag-etica-docente tag-legislacion-educativa tag-privacidad-infantil tag-profesores-influencers tag-proteccion-de-datos tag-uso-de-imagen cs-entry cs-video-wrap\">\n\t\t\t<div class=\"pk-post-outer\">\n\n\t\t\t\t\t\t\t\t<div class=\"pk-post-inner\">\n\t\t\t\t\t<div class=\"entry-thumbnail\">\n\t\t\t\t\t\t<div class=\"pk-overlay pk-overlay-ratio pk-ratio-landscape\">\n\t\t\t\t\t\t\t<div class=\"pk-overlay-background\">\n\t\t\t\t\t\t\t\t<a href=\"https:\/\/webdelmaestrocmf.com\/portal\/atencion-profesores-tiktokers-por-que-no-pueden-usar-imagenes-fotos-de-sus-estudiantes-en-redes-sociales-personales\/\" class=\"pk-overlay-link\">\n\t\t\t\t\t\t\t\t\t<img loading=\"lazy\" decoding=\"async\" width=\"300\" height=\"225\" src=\"https:\/\/webdelmaestrocmf.com\/portal\/wp-content\/uploads\/2025\/12\/1A-Banner-1-portada-imagen-10-1-copia-1-18-300x225.webp\" class=\"attachment-pk-thumbnail size-pk-thumbnail wp-post-image\" alt=\"\" \/>\t\t\t\t\t\t\t\t<\/a>\n\t\t\t\t\t\t\t<\/div>\n\t\t\t\t\t\t<\/div>\n\t\t\t\t\t<\/div>\n\t\t\t\t<\/div>\n\t\t\t\t\n\t\t\t\t<div class=\"pk-post-inner\">\n\t\t\t\t\t<header>\n\t\t\t\t\t\t<h3 class=\"pk-title\"><a href=\"https:\/\/webdelmaestrocmf.com\/portal\/atencion-profesores-tiktokers-por-que-no-pueden-usar-imagenes-fotos-de-sus-estudiantes-en-redes-sociales-personales\/\" rel=\"bookmark\">Atenci\u00f3n, profesores tiktokers: por qu\u00e9 no pueden usar im\u00e1genes (fotos) de sus estudiantes en redes sociales personales<\/a><\/h3>\t\t\t\t\t<\/header><!-- .entry-header -->\n\t\t\t\t<\/div><!-- .post-inner -->\n\n\t\t\t<\/div><!-- .post-outer -->\n\t\t<\/article>\n\t\t\t\t<\/div>\n\t\t<\/div>\n\t\t\n","protected":false},"excerpt":{"rendered":"Desde el comienzo de la pandemia se evidenciaron sus efectos en la educaci\u00f3n de los colombianos con el&hellip;","protected":false},"author":1,"featured_media":64912,"comment_status":"open","ping_status":"closed","sticky":false,"template":"","format":"standard","meta":{"csco_display_header_overlay":false,"csco_singular_sidebar":"default","csco_page_header_type":"default","csco_page_load_nextpost":"default","csco_post_video_location":[],"csco_post_video_location_hash":"","csco_post_video_url":"","csco_post_video_bg_start_time":0,"csco_post_video_bg_end_time":0,"csco_post_video_bg_volume":false,"_jetpack_memberships_contains_paid_content":false,"footnotes":""},"categories":[5375,735],"tags":[167,55,1271,1721,161,5022,184,169,13761,13762,4739],"class_list":{"0":"post-64910","1":"post","2":"type-post","3":"status-publish","4":"format-standard","5":"has-post-thumbnail","7":"category-noticias-pedagogia","8":"category-pedagogia","9":"tag-colombia","10":"tag-educacion","11":"tag-estudio","12":"tag-linea","13":"tag-mexico","14":"tag-muestra","15":"tag-padres","16":"tag-peru","17":"tag-realizado","18":"tag-satisfechos","19":"tag-sienten","20":"cs-entry","21":"cs-video-wrap"},"yoast_head":"<!-- This site is optimized with the Yoast SEO plugin v27.5 - https:\/\/yoast.com\/product\/yoast-seo-wordpress\/ -->\n<title>Estudio realizado en Colombia, M\u00e9xico y Per\u00fa muestra que solo el 35% de los padres se sienten satisfechos con la educaci\u00f3n en l\u00ednea - 2026<\/title>\n<meta name=\"description\" content=\"Desde el comienzo de la pandemia se evidenciaron sus efectos en la educaci\u00f3n de los colombianos con el cierre de colegios y...\" \/>\n<meta name=\"robots\" content=\"index, follow, max-snippet:-1, max-image-preview:large, max-video-preview:-1\" \/>\n<link rel=\"canonical\" href=\"https:\/\/webdelmaestrocmf.com\/portal\/estudio-realizado-en-colombia-mexico-y-peru-muestra-que-solo-el-35-de-los-padres-se-sienten-satisfechos-con-la-educacion-en-linea\/\" \/>\n<meta property=\"og:locale\" content=\"es_ES\" \/>\n<meta property=\"og:type\" content=\"article\" \/>\n<meta property=\"og:title\" content=\"Estudio realizado en Colombia, M\u00e9xico y Per\u00fa muestra que solo el 35% de los padres se sienten satisfechos con la educaci\u00f3n en l\u00ednea - 2026\" \/>\n<meta property=\"og:description\" content=\"Desde el comienzo de la pandemia se evidenciaron sus efectos en la educaci\u00f3n de los colombianos con el cierre de colegios y...\" \/>\n<meta property=\"og:url\" content=\"https:\/\/webdelmaestrocmf.com\/portal\/estudio-realizado-en-colombia-mexico-y-peru-muestra-que-solo-el-35-de-los-padres-se-sienten-satisfechos-con-la-educacion-en-linea\/\" \/>\n<meta property=\"og:site_name\" content=\"Web del Maestro CMF\" \/>\n<meta property=\"article:publisher\" content=\"https:\/\/www.facebook.com\/WebdelMaestroCMF\/\" \/>\n<meta property=\"article:author\" content=\"https:\/\/www.facebook.com\/WebdelMaestroCMF\/\" \/>\n<meta property=\"article:published_time\" content=\"2021-07-08T04:10:26+00:00\" \/>\n<meta property=\"article:modified_time\" content=\"2021-07-09T14:52:22+00:00\" \/>\n<meta property=\"og:image\" content=\"https:\/\/i0.wp.com\/webdelmaestrocmf.com\/portal\/wp-content\/uploads\/2021\/07\/1-17.jpg?fit=1100%2C680&ssl=1\" \/>\n\t<meta property=\"og:image:width\" content=\"1100\" \/>\n\t<meta property=\"og:image:height\" content=\"680\" \/>\n\t<meta property=\"og:image:type\" content=\"image\/jpeg\" \/>\n<meta name=\"author\" content=\"Web del Maestro CMF\" \/>\n<meta name=\"twitter:card\" content=\"summary_large_image\" \/>\n<meta name=\"twitter:creator\" content=\"@cmf_w\" \/>\n<meta name=\"twitter:site\" content=\"@cmf_w\" \/>\n<script type=\"application\/ld+json\" class=\"yoast-schema-graph\">{\"@context\":\"https:\\\/\\\/schema.org\",\"@graph\":[{\"@type\":\"ScholarlyArticle\",\"@id\":\"https:\\\/\\\/webdelmaestrocmf.com\\\/portal\\\/estudio-realizado-en-colombia-mexico-y-peru-muestra-que-solo-el-35-de-los-padres-se-sienten-satisfechos-con-la-educacion-en-linea\\\/#article\",\"isPartOf\":{\"@id\":\"https:\\\/\\\/webdelmaestrocmf.com\\\/portal\\\/estudio-realizado-en-colombia-mexico-y-peru-muestra-que-solo-el-35-de-los-padres-se-sienten-satisfechos-con-la-educacion-en-linea\\\/\"},\"author\":{\"name\":\"Web del Maestro CMF\",\"@id\":\"https:\\\/\\\/webdelmaestrocmf.com\\\/portal\\\/#\\\/schema\\\/person\\\/1072a2ed7bd960df8ef99a551fa35dc5\"},\"headline\":\"Estudio realizado en Colombia, M\u00e9xico y Per\u00fa muestra que solo el 35% de los padres se sienten satisfechos con la educaci\u00f3n en l\u00ednea\",\"datePublished\":\"2021-07-08T04:10:26+00:00\",\"dateModified\":\"2021-07-09T14:52:22+00:00\",\"mainEntityOfPage\":{\"@id\":\"https:\\\/\\\/webdelmaestrocmf.com\\\/portal\\\/estudio-realizado-en-colombia-mexico-y-peru-muestra-que-solo-el-35-de-los-padres-se-sienten-satisfechos-con-la-educacion-en-linea\\\/\"},\"wordCount\":1325,\"commentCount\":0,\"publisher\":{\"@id\":\"https:\\\/\\\/webdelmaestrocmf.com\\\/portal\\\/#organization\"},\"image\":{\"@id\":\"https:\\\/\\\/webdelmaestrocmf.com\\\/portal\\\/estudio-realizado-en-colombia-mexico-y-peru-muestra-que-solo-el-35-de-los-padres-se-sienten-satisfechos-con-la-educacion-en-linea\\\/#primaryimage\"},\"thumbnailUrl\":\"https:\\\/\\\/webdelmaestrocmf.com\\\/portal\\\/wp-content\\\/uploads\\\/2021\\\/07\\\/1-17.jpg\",\"keywords\":[\"COLOMBIA\",\"EDUCACI\u00d3N\",\"ESTUDIO\",\"L\u00cdNEA\",\"M\u00e9xico\",\"muestra\",\"padres\",\"Per\u00fa\",\"realizado\",\"satisfechos\",\"sienten\"],\"articleSection\":[\"Noticias\",\"Recursos\"],\"inLanguage\":\"es\",\"potentialAction\":[{\"@type\":\"CommentAction\",\"name\":\"Comment\",\"target\":[\"https:\\\/\\\/webdelmaestrocmf.com\\\/portal\\\/estudio-realizado-en-colombia-mexico-y-peru-muestra-que-solo-el-35-de-los-padres-se-sienten-satisfechos-con-la-educacion-en-linea\\\/#respond\"]}]},{\"@type\":\"WebPage\",\"@id\":\"https:\\\/\\\/webdelmaestrocmf.com\\\/portal\\\/estudio-realizado-en-colombia-mexico-y-peru-muestra-que-solo-el-35-de-los-padres-se-sienten-satisfechos-con-la-educacion-en-linea\\\/\",\"url\":\"https:\\\/\\\/webdelmaestrocmf.com\\\/portal\\\/estudio-realizado-en-colombia-mexico-y-peru-muestra-que-solo-el-35-de-los-padres-se-sienten-satisfechos-con-la-educacion-en-linea\\\/\",\"name\":\"Estudio realizado en Colombia, M\u00e9xico y Per\u00fa muestra que solo el 35% de los padres se sienten satisfechos con la educaci\u00f3n en l\u00ednea - 2026\",\"isPartOf\":{\"@id\":\"https:\\\/\\\/webdelmaestrocmf.com\\\/portal\\\/#website\"},\"primaryImageOfPage\":{\"@id\":\"https:\\\/\\\/webdelmaestrocmf.com\\\/portal\\\/estudio-realizado-en-colombia-mexico-y-peru-muestra-que-solo-el-35-de-los-padres-se-sienten-satisfechos-con-la-educacion-en-linea\\\/#primaryimage\"},\"image\":{\"@id\":\"https:\\\/\\\/webdelmaestrocmf.com\\\/portal\\\/estudio-realizado-en-colombia-mexico-y-peru-muestra-que-solo-el-35-de-los-padres-se-sienten-satisfechos-con-la-educacion-en-linea\\\/#primaryimage\"},\"thumbnailUrl\":\"https:\\\/\\\/webdelmaestrocmf.com\\\/portal\\\/wp-content\\\/uploads\\\/2021\\\/07\\\/1-17.jpg\",\"datePublished\":\"2021-07-08T04:10:26+00:00\",\"dateModified\":\"2021-07-09T14:52:22+00:00\",\"description\":\"Desde el comienzo de la pandemia se evidenciaron sus efectos en la educaci\u00f3n de los colombianos con el cierre de colegios y...\",\"breadcrumb\":{\"@id\":\"https:\\\/\\\/webdelmaestrocmf.com\\\/portal\\\/estudio-realizado-en-colombia-mexico-y-peru-muestra-que-solo-el-35-de-los-padres-se-sienten-satisfechos-con-la-educacion-en-linea\\\/#breadcrumb\"},\"inLanguage\":\"es\",\"potentialAction\":[{\"@type\":\"ReadAction\",\"target\":[\"https:\\\/\\\/webdelmaestrocmf.com\\\/portal\\\/estudio-realizado-en-colombia-mexico-y-peru-muestra-que-solo-el-35-de-los-padres-se-sienten-satisfechos-con-la-educacion-en-linea\\\/\"]}]},{\"@type\":\"ImageObject\",\"inLanguage\":\"es\",\"@id\":\"https:\\\/\\\/webdelmaestrocmf.com\\\/portal\\\/estudio-realizado-en-colombia-mexico-y-peru-muestra-que-solo-el-35-de-los-padres-se-sienten-satisfechos-con-la-educacion-en-linea\\\/#primaryimage\",\"url\":\"https:\\\/\\\/webdelmaestrocmf.com\\\/portal\\\/wp-content\\\/uploads\\\/2021\\\/07\\\/1-17.jpg\",\"contentUrl\":\"https:\\\/\\\/webdelmaestrocmf.com\\\/portal\\\/wp-content\\\/uploads\\\/2021\\\/07\\\/1-17.jpg\",\"width\":1100,\"height\":680},{\"@type\":\"BreadcrumbList\",\"@id\":\"https:\\\/\\\/webdelmaestrocmf.com\\\/portal\\\/estudio-realizado-en-colombia-mexico-y-peru-muestra-que-solo-el-35-de-los-padres-se-sienten-satisfechos-con-la-educacion-en-linea\\\/#breadcrumb\",\"itemListElement\":[{\"@type\":\"ListItem\",\"position\":1,\"name\":\"Portada\",\"item\":\"https:\\\/\\\/webdelmaestrocmf.com\\\/portal\\\/\"},{\"@type\":\"ListItem\",\"position\":2,\"name\":\"Recursos\",\"item\":\"https:\\\/\\\/webdelmaestrocmf.com\\\/portal\\\/category\\\/pedagogia\\\/\"},{\"@type\":\"ListItem\",\"position\":3,\"name\":\"Estudio realizado en Colombia, M\u00e9xico y Per\u00fa muestra que solo el 35% de los padres se sienten satisfechos con la educaci\u00f3n en l\u00ednea\"}]},{\"@type\":\"WebSite\",\"@id\":\"https:\\\/\\\/webdelmaestrocmf.com\\\/portal\\\/#website\",\"url\":\"https:\\\/\\\/webdelmaestrocmf.com\\\/portal\\\/\",\"name\":\"Web del Maestro CMF\",\"description\":\"Maestros al servicio de la educaci\u00f3n\",\"publisher\":{\"@id\":\"https:\\\/\\\/webdelmaestrocmf.com\\\/portal\\\/#organization\"},\"alternateName\":\"WMCMF\",\"potentialAction\":[{\"@type\":\"SearchAction\",\"target\":{\"@type\":\"EntryPoint\",\"urlTemplate\":\"https:\\\/\\\/webdelmaestrocmf.com\\\/portal\\\/?s={search_term_string}\"},\"query-input\":{\"@type\":\"PropertyValueSpecification\",\"valueRequired\":true,\"valueName\":\"search_term_string\"}}],\"inLanguage\":\"es\"},{\"@type\":\"Organization\",\"@id\":\"https:\\\/\\\/webdelmaestrocmf.com\\\/portal\\\/#organization\",\"name\":\"Web del Maestro CMF\",\"alternateName\":\"WMCMF\",\"url\":\"https:\\\/\\\/webdelmaestrocmf.com\\\/portal\\\/\",\"logo\":{\"@type\":\"ImageObject\",\"inLanguage\":\"es\",\"@id\":\"https:\\\/\\\/webdelmaestrocmf.com\\\/portal\\\/#\\\/schema\\\/logo\\\/image\\\/\",\"url\":\"https:\\\/\\\/webdelmaestrocmf.com\\\/portal\\\/wp-content\\\/uploads\\\/2023\\\/01\\\/logo-wmcmf-2.png\",\"contentUrl\":\"https:\\\/\\\/webdelmaestrocmf.com\\\/portal\\\/wp-content\\\/uploads\\\/2023\\\/01\\\/logo-wmcmf-2.png\",\"width\":200,\"height\":60,\"caption\":\"Web del Maestro CMF\"},\"image\":{\"@id\":\"https:\\\/\\\/webdelmaestrocmf.com\\\/portal\\\/#\\\/schema\\\/logo\\\/image\\\/\"},\"sameAs\":[\"https:\\\/\\\/www.facebook.com\\\/WebdelMaestroCMF\\\/\",\"https:\\\/\\\/x.com\\\/cmf_w\",\"https:\\\/\\\/www.pinterest.com\\\/WMCMF\\\/\",\"https:\\\/\\\/www.linkedin.com\\\/company\\\/web-del-maestro-cmf\\\/\",\"https:\\\/\\\/www.instagram.com\\\/wmcmf\\\/\",\"https:\\\/\\\/www.youtube.com\\\/channel\\\/UCDPSvjbdodE5sHnC3OxutHw\",\"https:\\\/\\\/mastodon.social\\\/@wmcmf\",\"https:\\\/\\\/www.tiktok.com\\\/@webdelmaestrocmf\"]},{\"@type\":\"Person\",\"@id\":\"https:\\\/\\\/webdelmaestrocmf.com\\\/portal\\\/#\\\/schema\\\/person\\\/1072a2ed7bd960df8ef99a551fa35dc5\",\"name\":\"Web del Maestro CMF\",\"image\":{\"@type\":\"ImageObject\",\"inLanguage\":\"es\",\"@id\":\"https:\\\/\\\/secure.gravatar.com\\\/avatar\\\/23291dd5b5ae1077dcff3dbb04c3e02bd28403fa75af6d8787d5e97c5bbbe30b?s=96&d=mm&r=g\",\"url\":\"https:\\\/\\\/secure.gravatar.com\\\/avatar\\\/23291dd5b5ae1077dcff3dbb04c3e02bd28403fa75af6d8787d5e97c5bbbe30b?s=96&d=mm&r=g\",\"contentUrl\":\"https:\\\/\\\/secure.gravatar.com\\\/avatar\\\/23291dd5b5ae1077dcff3dbb04c3e02bd28403fa75af6d8787d5e97c5bbbe30b?s=96&d=mm&r=g\",\"caption\":\"Web del Maestro CMF\"},\"description\":\"Esta Web se cre\u00f3 sin fines de lucro, con fines educativos, cient\u00edficos y acad\u00e9micos, para personas que tengan dificultades y\\\/o inconvenientes en visualizar el material original. El objetivo es entregar recursos, compartir experiencias y materiales que ayuden a los padres de familia, maestros y estudiantes en su actualizaci\u00f3n y formaci\u00f3n permanente, en bien de la Educaci\u00f3n.\",\"sameAs\":[\"http:\\\/\\\/webdelmaestrocmf.com\\\/portal\",\"https:\\\/\\\/www.facebook.com\\\/WebdelMaestroCMF\\\/\",\"https:\\\/\\\/www.instagram.com\\\/wmcmf\\\/\",\"https:\\\/\\\/cl.linkedin.com\\\/company\\\/web-del-maestro-cmf\",\"https:\\\/\\\/www.pinterest.com\\\/WMCMF\\\/publicaciones\\\/\",\"https:\\\/\\\/x.com\\\/cmf_w\",\"https:\\\/\\\/www.youtube.com\\\/@WMCMF\"]}]}<\/script>\n<!-- \/ Yoast SEO plugin. -->","yoast_head_json":{"title":"Estudio realizado en Colombia, M\u00e9xico y Per\u00fa muestra que solo el 35% de los padres se sienten satisfechos con la educaci\u00f3n en l\u00ednea - 2026","description":"Desde el comienzo de la pandemia se evidenciaron sus efectos en la educaci\u00f3n de los colombianos con el cierre de colegios y...","robots":{"index":"index","follow":"follow","max-snippet":"max-snippet:-1","max-image-preview":"max-image-preview:large","max-video-preview":"max-video-preview:-1"},"canonical":"https:\/\/webdelmaestrocmf.com\/portal\/estudio-realizado-en-colombia-mexico-y-peru-muestra-que-solo-el-35-de-los-padres-se-sienten-satisfechos-con-la-educacion-en-linea\/","og_locale":"es_ES","og_type":"article","og_title":"Estudio realizado en Colombia, M\u00e9xico y Per\u00fa muestra que solo el 35% de los padres se sienten satisfechos con la educaci\u00f3n en l\u00ednea - 2026","og_description":"Desde el comienzo de la pandemia se evidenciaron sus efectos en la educaci\u00f3n de los colombianos con el cierre de colegios y...","og_url":"https:\/\/webdelmaestrocmf.com\/portal\/estudio-realizado-en-colombia-mexico-y-peru-muestra-que-solo-el-35-de-los-padres-se-sienten-satisfechos-con-la-educacion-en-linea\/","og_site_name":"Web del Maestro CMF","article_publisher":"https:\/\/www.facebook.com\/WebdelMaestroCMF\/","article_author":"https:\/\/www.facebook.com\/WebdelMaestroCMF\/","article_published_time":"2021-07-08T04:10:26+00:00","article_modified_time":"2021-07-09T14:52:22+00:00","og_image":[{"width":1100,"height":680,"url":"https:\/\/i0.wp.com\/webdelmaestrocmf.com\/portal\/wp-content\/uploads\/2021\/07\/1-17.jpg?fit=1100%2C680&ssl=1","type":"image\/jpeg"}],"author":"Web del Maestro CMF","twitter_card":"summary_large_image","twitter_creator":"@cmf_w","twitter_site":"@cmf_w","schema":{"@context":"https:\/\/schema.org","@graph":[{"@type":"ScholarlyArticle","@id":"https:\/\/webdelmaestrocmf.com\/portal\/estudio-realizado-en-colombia-mexico-y-peru-muestra-que-solo-el-35-de-los-padres-se-sienten-satisfechos-con-la-educacion-en-linea\/#article","isPartOf":{"@id":"https:\/\/webdelmaestrocmf.com\/portal\/estudio-realizado-en-colombia-mexico-y-peru-muestra-que-solo-el-35-de-los-padres-se-sienten-satisfechos-con-la-educacion-en-linea\/"},"author":{"name":"Web del Maestro CMF","@id":"https:\/\/webdelmaestrocmf.com\/portal\/#\/schema\/person\/1072a2ed7bd960df8ef99a551fa35dc5"},"headline":"Estudio realizado en Colombia, M\u00e9xico y Per\u00fa muestra que solo el 35% de los padres se sienten satisfechos con la educaci\u00f3n en l\u00ednea","datePublished":"2021-07-08T04:10:26+00:00","dateModified":"2021-07-09T14:52:22+00:00","mainEntityOfPage":{"@id":"https:\/\/webdelmaestrocmf.com\/portal\/estudio-realizado-en-colombia-mexico-y-peru-muestra-que-solo-el-35-de-los-padres-se-sienten-satisfechos-con-la-educacion-en-linea\/"},"wordCount":1325,"commentCount":0,"publisher":{"@id":"https:\/\/webdelmaestrocmf.com\/portal\/#organization"},"image":{"@id":"https:\/\/webdelmaestrocmf.com\/portal\/estudio-realizado-en-colombia-mexico-y-peru-muestra-que-solo-el-35-de-los-padres-se-sienten-satisfechos-con-la-educacion-en-linea\/#primaryimage"},"thumbnailUrl":"https:\/\/webdelmaestrocmf.com\/portal\/wp-content\/uploads\/2021\/07\/1-17.jpg","keywords":["COLOMBIA","EDUCACI\u00d3N","ESTUDIO","L\u00cdNEA","M\u00e9xico","muestra","padres","Per\u00fa","realizado","satisfechos","sienten"],"articleSection":["Noticias","Recursos"],"inLanguage":"es","potentialAction":[{"@type":"CommentAction","name":"Comment","target":["https:\/\/webdelmaestrocmf.com\/portal\/estudio-realizado-en-colombia-mexico-y-peru-muestra-que-solo-el-35-de-los-padres-se-sienten-satisfechos-con-la-educacion-en-linea\/#respond"]}]},{"@type":"WebPage","@id":"https:\/\/webdelmaestrocmf.com\/portal\/estudio-realizado-en-colombia-mexico-y-peru-muestra-que-solo-el-35-de-los-padres-se-sienten-satisfechos-con-la-educacion-en-linea\/","url":"https:\/\/webdelmaestrocmf.com\/portal\/estudio-realizado-en-colombia-mexico-y-peru-muestra-que-solo-el-35-de-los-padres-se-sienten-satisfechos-con-la-educacion-en-linea\/","name":"Estudio realizado en Colombia, M\u00e9xico y Per\u00fa muestra que solo el 35% de los padres se sienten satisfechos con la educaci\u00f3n en l\u00ednea - 2026","isPartOf":{"@id":"https:\/\/webdelmaestrocmf.com\/portal\/#website"},"primaryImageOfPage":{"@id":"https:\/\/webdelmaestrocmf.com\/portal\/estudio-realizado-en-colombia-mexico-y-peru-muestra-que-solo-el-35-de-los-padres-se-sienten-satisfechos-con-la-educacion-en-linea\/#primaryimage"},"image":{"@id":"https:\/\/webdelmaestrocmf.com\/portal\/estudio-realizado-en-colombia-mexico-y-peru-muestra-que-solo-el-35-de-los-padres-se-sienten-satisfechos-con-la-educacion-en-linea\/#primaryimage"},"thumbnailUrl":"https:\/\/webdelmaestrocmf.com\/portal\/wp-content\/uploads\/2021\/07\/1-17.jpg","datePublished":"2021-07-08T04:10:26+00:00","dateModified":"2021-07-09T14:52:22+00:00","description":"Desde el comienzo de la pandemia se evidenciaron sus efectos en la educaci\u00f3n de los colombianos con el cierre de colegios y...","breadcrumb":{"@id":"https:\/\/webdelmaestrocmf.com\/portal\/estudio-realizado-en-colombia-mexico-y-peru-muestra-que-solo-el-35-de-los-padres-se-sienten-satisfechos-con-la-educacion-en-linea\/#breadcrumb"},"inLanguage":"es","potentialAction":[{"@type":"ReadAction","target":["https:\/\/webdelmaestrocmf.com\/portal\/estudio-realizado-en-colombia-mexico-y-peru-muestra-que-solo-el-35-de-los-padres-se-sienten-satisfechos-con-la-educacion-en-linea\/"]}]},{"@type":"ImageObject","inLanguage":"es","@id":"https:\/\/webdelmaestrocmf.com\/portal\/estudio-realizado-en-colombia-mexico-y-peru-muestra-que-solo-el-35-de-los-padres-se-sienten-satisfechos-con-la-educacion-en-linea\/#primaryimage","url":"https:\/\/webdelmaestrocmf.com\/portal\/wp-content\/uploads\/2021\/07\/1-17.jpg","contentUrl":"https:\/\/webdelmaestrocmf.com\/portal\/wp-content\/uploads\/2021\/07\/1-17.jpg","width":1100,"height":680},{"@type":"BreadcrumbList","@id":"https:\/\/webdelmaestrocmf.com\/portal\/estudio-realizado-en-colombia-mexico-y-peru-muestra-que-solo-el-35-de-los-padres-se-sienten-satisfechos-con-la-educacion-en-linea\/#breadcrumb","itemListElement":[{"@type":"ListItem","position":1,"name":"Portada","item":"https:\/\/webdelmaestrocmf.com\/portal\/"},{"@type":"ListItem","position":2,"name":"Recursos","item":"https:\/\/webdelmaestrocmf.com\/portal\/category\/pedagogia\/"},{"@type":"ListItem","position":3,"name":"Estudio realizado en Colombia, M\u00e9xico y Per\u00fa muestra que solo el 35% de los padres se sienten satisfechos con la educaci\u00f3n en l\u00ednea"}]},{"@type":"WebSite","@id":"https:\/\/webdelmaestrocmf.com\/portal\/#website","url":"https:\/\/webdelmaestrocmf.com\/portal\/","name":"Web del Maestro CMF","description":"Maestros al servicio de la educaci\u00f3n","publisher":{"@id":"https:\/\/webdelmaestrocmf.com\/portal\/#organization"},"alternateName":"WMCMF","potentialAction":[{"@type":"SearchAction","target":{"@type":"EntryPoint","urlTemplate":"https:\/\/webdelmaestrocmf.com\/portal\/?s={search_term_string}"},"query-input":{"@type":"PropertyValueSpecification","valueRequired":true,"valueName":"search_term_string"}}],"inLanguage":"es"},{"@type":"Organization","@id":"https:\/\/webdelmaestrocmf.com\/portal\/#organization","name":"Web del Maestro CMF","alternateName":"WMCMF","url":"https:\/\/webdelmaestrocmf.com\/portal\/","logo":{"@type":"ImageObject","inLanguage":"es","@id":"https:\/\/webdelmaestrocmf.com\/portal\/#\/schema\/logo\/image\/","url":"https:\/\/webdelmaestrocmf.com\/portal\/wp-content\/uploads\/2023\/01\/logo-wmcmf-2.png","contentUrl":"https:\/\/webdelmaestrocmf.com\/portal\/wp-content\/uploads\/2023\/01\/logo-wmcmf-2.png","width":200,"height":60,"caption":"Web del Maestro CMF"},"image":{"@id":"https:\/\/webdelmaestrocmf.com\/portal\/#\/schema\/logo\/image\/"},"sameAs":["https:\/\/www.facebook.com\/WebdelMaestroCMF\/","https:\/\/x.com\/cmf_w","https:\/\/www.pinterest.com\/WMCMF\/","https:\/\/www.linkedin.com\/company\/web-del-maestro-cmf\/","https:\/\/www.instagram.com\/wmcmf\/","https:\/\/www.youtube.com\/channel\/UCDPSvjbdodE5sHnC3OxutHw","https:\/\/mastodon.social\/@wmcmf","https:\/\/www.tiktok.com\/@webdelmaestrocmf"]},{"@type":"Person","@id":"https:\/\/webdelmaestrocmf.com\/portal\/#\/schema\/person\/1072a2ed7bd960df8ef99a551fa35dc5","name":"Web del Maestro CMF","image":{"@type":"ImageObject","inLanguage":"es","@id":"https:\/\/secure.gravatar.com\/avatar\/23291dd5b5ae1077dcff3dbb04c3e02bd28403fa75af6d8787d5e97c5bbbe30b?s=96&d=mm&r=g","url":"https:\/\/secure.gravatar.com\/avatar\/23291dd5b5ae1077dcff3dbb04c3e02bd28403fa75af6d8787d5e97c5bbbe30b?s=96&d=mm&r=g","contentUrl":"https:\/\/secure.gravatar.com\/avatar\/23291dd5b5ae1077dcff3dbb04c3e02bd28403fa75af6d8787d5e97c5bbbe30b?s=96&d=mm&r=g","caption":"Web del Maestro CMF"},"description":"Esta Web se cre\u00f3 sin fines de lucro, con fines educativos, cient\u00edficos y acad\u00e9micos, para personas que tengan dificultades y\/o inconvenientes en visualizar el material original. El objetivo es entregar recursos, compartir experiencias y materiales que ayuden a los padres de familia, maestros y estudiantes en su actualizaci\u00f3n y formaci\u00f3n permanente, en bien de la Educaci\u00f3n.","sameAs":["http:\/\/webdelmaestrocmf.com\/portal","https:\/\/www.facebook.com\/WebdelMaestroCMF\/","https:\/\/www.instagram.com\/wmcmf\/","https:\/\/cl.linkedin.com\/company\/web-del-maestro-cmf","https:\/\/www.pinterest.com\/WMCMF\/publicaciones\/","https:\/\/x.com\/cmf_w","https:\/\/www.youtube.com\/@WMCMF"]}]}},"jetpack_featured_media_url":"https:\/\/webdelmaestrocmf.com\/portal\/wp-content\/uploads\/2021\/07\/1-17.jpg","jetpack_sharing_enabled":true,"jetpack-related-posts":[{"id":6886,"url":"https:\/\/webdelmaestrocmf.com\/portal\/la-calidad-educativa-en-la-agenda-de-chile-colombia-mexico-y-peru\/","url_meta":{"origin":64910,"position":0},"title":"La calidad educativa en la agenda de Chile, Colombia, M\u00e9xico y Per\u00fa","author":"Web del Maestro CMF","date":"6 junio, 2016","format":false,"excerpt":"La Alianza del Pac\u00edfico articula la pol\u00edtica, la econom\u00eda y la cooperaci\u00f3n e integraci\u00f3n entre Chile, Colombia, M\u00e9xico y Per\u00fa, desde 2011, bajo un Acuerdo Marco en que tambi\u00e9n est\u00e1 el fomentar una mejor coordinaci\u00f3n de las pol\u00edticas educativas. Se han reunido en Lima (en mayo del 2016) los miembros\u2026","rel":"","context":"En \u00abYo opino - WMCMF\u00bb","block_context":{"text":"Yo opino - WMCMF","link":"https:\/\/webdelmaestrocmf.com\/portal\/category\/jamb\/"},"img":{"alt_text":"","src":"https:\/\/i0.wp.com\/webdelmaestrocmf.com\/portal\/wp-content\/uploads\/2016\/06\/a2.jpg?resize=350%2C200&ssl=1","width":350,"height":200,"srcset":"https:\/\/i0.wp.com\/webdelmaestrocmf.com\/portal\/wp-content\/uploads\/2016\/06\/a2.jpg?resize=350%2C200&ssl=1 1x, https:\/\/i0.wp.com\/webdelmaestrocmf.com\/portal\/wp-content\/uploads\/2016\/06\/a2.jpg?resize=525%2C300&ssl=1 1.5x, https:\/\/i0.wp.com\/webdelmaestrocmf.com\/portal\/wp-content\/uploads\/2016\/06\/a2.jpg?resize=700%2C400&ssl=1 2x, https:\/\/i0.wp.com\/webdelmaestrocmf.com\/portal\/wp-content\/uploads\/2016\/06\/a2.jpg?resize=1050%2C600&ssl=1 3x"},"classes":[]},{"id":36704,"url":"https:\/\/webdelmaestrocmf.com\/portal\/la-carrera-de-educacion-es-una-de-las-peores-pagadas-dentro-los-ultimos-cinco-anos\/","url_meta":{"origin":64910,"position":1},"title":"La carrera de educaci\u00f3n es una de las peores pagadas dentro de los \u00faltimos a\u00f1os en Latinoam\u00e9rica","author":"Web del Maestro CMF","date":"30 noviembre, 2019","format":false,"excerpt":"La profesi\u00f3n docente, en general, est\u00e1 muy poco remunerada si tenemos en cuenta la gran preparaci\u00f3n que se requiere para el desempe\u00f1o de la misma. Al margen del hecho de que el total de los sueldos de los maestros constituye la mayor parte de los gastos de ense\u00f1anza y de\u2026","rel":"","context":"En \u00abDocentes\u00bb","block_context":{"text":"Docentes","link":"https:\/\/webdelmaestrocmf.com\/portal\/category\/pedagogia\/docentes\/"},"img":{"alt_text":"","src":"https:\/\/i0.wp.com\/webdelmaestrocmf.com\/portal\/wp-content\/uploads\/2019\/11\/2a.jpg?resize=350%2C200&ssl=1","width":350,"height":200,"srcset":"https:\/\/i0.wp.com\/webdelmaestrocmf.com\/portal\/wp-content\/uploads\/2019\/11\/2a.jpg?resize=350%2C200&ssl=1 1x, https:\/\/i0.wp.com\/webdelmaestrocmf.com\/portal\/wp-content\/uploads\/2019\/11\/2a.jpg?resize=525%2C300&ssl=1 1.5x, https:\/\/i0.wp.com\/webdelmaestrocmf.com\/portal\/wp-content\/uploads\/2019\/11\/2a.jpg?resize=700%2C400&ssl=1 2x, https:\/\/i0.wp.com\/webdelmaestrocmf.com\/portal\/wp-content\/uploads\/2019\/11\/2a.jpg?resize=1050%2C600&ssl=1 3x"},"classes":[]},{"id":112599,"url":"https:\/\/webdelmaestrocmf.com\/portal\/colombia-lidera-el-ranking-mundial-de-felicidad-docente\/","url_meta":{"origin":64910,"position":2},"title":"Colombia lidera el ranking mundial de felicidad docente","author":"Web del Maestro CMF","date":"14 octubre, 2025","format":false,"excerpt":"Colombia lidera la felicidad docente mundial: nueve de cada diez maestros volver\u00edan a ense\u00f1ar, reflejando bienestar, vocaci\u00f3n y reconocimiento social.","rel":"","context":"En \u00abNoticias Internacionales\u00bb","block_context":{"text":"Noticias Internacionales","link":"https:\/\/webdelmaestrocmf.com\/portal\/category\/noticias-internacionales\/"},"img":{"alt_text":"","src":"https:\/\/i0.wp.com\/webdelmaestrocmf.com\/portal\/wp-content\/uploads\/2025\/10\/1A-Banner-1-portada-imagen-10-1-copia-1-4.jpg?resize=350%2C200&ssl=1","width":350,"height":200,"srcset":"https:\/\/i0.wp.com\/webdelmaestrocmf.com\/portal\/wp-content\/uploads\/2025\/10\/1A-Banner-1-portada-imagen-10-1-copia-1-4.jpg?resize=350%2C200&ssl=1 1x, https:\/\/i0.wp.com\/webdelmaestrocmf.com\/portal\/wp-content\/uploads\/2025\/10\/1A-Banner-1-portada-imagen-10-1-copia-1-4.jpg?resize=525%2C300&ssl=1 1.5x, https:\/\/i0.wp.com\/webdelmaestrocmf.com\/portal\/wp-content\/uploads\/2025\/10\/1A-Banner-1-portada-imagen-10-1-copia-1-4.jpg?resize=700%2C400&ssl=1 2x"},"classes":[]},{"id":111092,"url":"https:\/\/webdelmaestrocmf.com\/portal\/colombia-crea-una-nueva-materia-obligatoria-educacion-emocional-sera-parte-del-curriculo-escolar\/","url_meta":{"origin":64910,"position":3},"title":"Colombia crea una nueva materia obligatoria: Educaci\u00f3n Emocional ser\u00e1 parte del curr\u00edculo escolar","author":"Web del Maestro CMF","date":"10 julio, 2025","format":false,"excerpt":"Por ley, todos los colegios del pa\u00eds deber\u00e1n incluir la asignatura desde preescolar hasta educaci\u00f3n media","rel":"","context":"En \u00abNoticias Internacionales\u00bb","block_context":{"text":"Noticias Internacionales","link":"https:\/\/webdelmaestrocmf.com\/portal\/category\/noticias-internacionales\/"},"img":{"alt_text":"","src":"https:\/\/i0.wp.com\/webdelmaestrocmf.com\/portal\/wp-content\/uploads\/2025\/07\/1A-Banner-1-portada-imagen-10-1-copia-37.webp?resize=350%2C200&ssl=1","width":350,"height":200,"srcset":"https:\/\/i0.wp.com\/webdelmaestrocmf.com\/portal\/wp-content\/uploads\/2025\/07\/1A-Banner-1-portada-imagen-10-1-copia-37.webp?resize=350%2C200&ssl=1 1x, https:\/\/i0.wp.com\/webdelmaestrocmf.com\/portal\/wp-content\/uploads\/2025\/07\/1A-Banner-1-portada-imagen-10-1-copia-37.webp?resize=525%2C300&ssl=1 1.5x, https:\/\/i0.wp.com\/webdelmaestrocmf.com\/portal\/wp-content\/uploads\/2025\/07\/1A-Banner-1-portada-imagen-10-1-copia-37.webp?resize=700%2C400&ssl=1 2x"},"classes":[]},{"id":98367,"url":"https:\/\/webdelmaestrocmf.com\/portal\/la-evaluacion-formativa-nuevos-cambios-y-actualizaciones\/","url_meta":{"origin":64910,"position":4},"title":"La evaluaci\u00f3n formativa: nuevos cambios y actualizaciones","author":"Web del Maestro CMF","date":"23 octubre, 2023","format":false,"excerpt":"La evaluaci\u00f3n formativa es un proceso continuo de recolecci\u00f3n de informaci\u00f3n durante el proceso de ense\u00f1anza y aprendizaje, con el fin de proporcionar retroalimentaci\u00f3n y guiar la toma de decisiones en el aula. En el a\u00f1o 2023, la evaluaci\u00f3n formativa presenta algunos nuevos cambios y actualizaciones que buscan mejorar su\u2026","rel":"","context":"En \u00abEvaluaci\u00f3n formativa\u00bb","block_context":{"text":"Evaluaci\u00f3n formativa","link":"https:\/\/webdelmaestrocmf.com\/portal\/category\/pedagogia\/evaluacion-formativa\/"},"img":{"alt_text":"evaluaci\u00f3n formativa","src":"https:\/\/i0.wp.com\/webdelmaestrocmf.com\/portal\/wp-content\/uploads\/2023\/10\/A12B3C4D-34-1.jpg?resize=350%2C200&ssl=1","width":350,"height":200,"srcset":"https:\/\/i0.wp.com\/webdelmaestrocmf.com\/portal\/wp-content\/uploads\/2023\/10\/A12B3C4D-34-1.jpg?resize=350%2C200&ssl=1 1x, https:\/\/i0.wp.com\/webdelmaestrocmf.com\/portal\/wp-content\/uploads\/2023\/10\/A12B3C4D-34-1.jpg?resize=525%2C300&ssl=1 1.5x, https:\/\/i0.wp.com\/webdelmaestrocmf.com\/portal\/wp-content\/uploads\/2023\/10\/A12B3C4D-34-1.jpg?resize=700%2C400&ssl=1 2x"},"classes":[]},{"id":111746,"url":"https:\/\/webdelmaestrocmf.com\/portal\/petro-acusa-a-peru-de-haber-copado-un-territorio-de-colombia-en-el-amazonas\/","url_meta":{"origin":64910,"position":5},"title":"Petro acusa a Per\u00fa de haber \u00abcopado\u00bb un territorio de Colombia en el Amazonas","author":"Web del Maestro CMF","date":"5 agosto, 2025","format":false,"excerpt":"Han aparecido islas que est\u00e1n al norte de la actual l\u00ednea m\u00e1s profunda, y el gobierno del Per\u00fa acaba de apropi\u00e1rselas por ley y poner la capital de un municipio en un terreno que, por el tratado, debe pertenecer a Colombia\u201d","rel":"","context":"En \u00abNoticias Internacionales\u00bb","block_context":{"text":"Noticias Internacionales","link":"https:\/\/webdelmaestrocmf.com\/portal\/category\/noticias-internacionales\/"},"img":{"alt_text":"","src":"https:\/\/i0.wp.com\/webdelmaestrocmf.com\/portal\/wp-content\/uploads\/2025\/08\/1A-Banner-1-portada-imagen-10-1-copia-2025-08-05T125039.155.webp?resize=350%2C200&ssl=1","width":350,"height":200,"srcset":"https:\/\/i0.wp.com\/webdelmaestrocmf.com\/portal\/wp-content\/uploads\/2025\/08\/1A-Banner-1-portada-imagen-10-1-copia-2025-08-05T125039.155.webp?resize=350%2C200&ssl=1 1x, https:\/\/i0.wp.com\/webdelmaestrocmf.com\/portal\/wp-content\/uploads\/2025\/08\/1A-Banner-1-portada-imagen-10-1-copia-2025-08-05T125039.155.webp?resize=525%2C300&ssl=1 1.5x, https:\/\/i0.wp.com\/webdelmaestrocmf.com\/portal\/wp-content\/uploads\/2025\/08\/1A-Banner-1-portada-imagen-10-1-copia-2025-08-05T125039.155.webp?resize=700%2C400&ssl=1 2x"},"classes":[]}],"_links":{"self":[{"href":"https:\/\/webdelmaestrocmf.com\/portal\/wp-json\/wp\/v2\/posts\/64910","targetHints":{"allow":["GET"]}}],"collection":[{"href":"https:\/\/webdelmaestrocmf.com\/portal\/wp-json\/wp\/v2\/posts"}],"about":[{"href":"https:\/\/webdelmaestrocmf.com\/portal\/wp-json\/wp\/v2\/types\/post"}],"author":[{"embeddable":true,"href":"https:\/\/webdelmaestrocmf.com\/portal\/wp-json\/wp\/v2\/users\/1"}],"replies":[{"embeddable":true,"href":"https:\/\/webdelmaestrocmf.com\/portal\/wp-json\/wp\/v2\/comments?post=64910"}],"version-history":[{"count":0,"href":"https:\/\/webdelmaestrocmf.com\/portal\/wp-json\/wp\/v2\/posts\/64910\/revisions"}],"wp:featuredmedia":[{"embeddable":true,"href":"https:\/\/webdelmaestrocmf.com\/portal\/wp-json\/wp\/v2\/media\/64912"}],"wp:attachment":[{"href":"https:\/\/webdelmaestrocmf.com\/portal\/wp-json\/wp\/v2\/media?parent=64910"}],"wp:term":[{"taxonomy":"category","embeddable":true,"href":"https:\/\/webdelmaestrocmf.com\/portal\/wp-json\/wp\/v2\/categories?post=64910"},{"taxonomy":"post_tag","embeddable":true,"href":"https:\/\/webdelmaestrocmf.com\/portal\/wp-json\/wp\/v2\/tags?post=64910"}],"curies":[{"name":"wp","href":"https:\/\/api.w.org\/{rel}","templated":true}]}}