{"id":64834,"date":"2023-03-26T11:30:12","date_gmt":"2023-03-26T14:30:12","guid":{"rendered":"https:\/\/webdelmaestrocmf.com\/portal\/?p=64834"},"modified":"2026-01-30T12:32:57","modified_gmt":"2026-01-30T15:32:57","slug":"las-emociones-son-las-guardianas-del-aprendizaje-porque-son-las-responsables-de-la-memoria","status":"publish","type":"post","link":"https:\/\/webdelmaestrocmf.com\/portal\/las-emociones-son-las-guardianas-del-aprendizaje-porque-son-las-responsables-de-la-memoria\/","title":{"rendered":"Bego\u00f1a Ibarrola: Las emociones son las guardianas del aprendizaje, porque son las responsables de la memoria"},"content":{"rendered":"\n<p>Bego\u00f1a Ibarrola (Bilbao, Espa\u00f1a, 1954) es Licenciada en Psicolog\u00eda en la Universidad Complutense (Madrid), \u201ces especialista en musicoterapia, inteligencia emocional y ejerci\u00f3 como psic\u00f3loga infantil durante quince a\u00f1os. En su consulta descubri\u00f3 que las historias eran una poderosa herramienta terap\u00e9utica y hoy, volcada en la escritura, ya ha publicado m\u00e1s de doscientos cuentos con el n\u00facleo en las emociones\u201d.<\/p>\n\n\n\n<!--more-->\n\n\n\n<p>En la Web del Maestro CMF hemos compartido m\u00e1s de nueve publicaciones sobre temas que, como educadores, nos plantea \u201cel uso de todas nuestras capacidades y de nuevas competencias personales, sociales y profesionales para poder conseguir un desempe\u00f1o efectivo y afrontar los continuos cambios que se nos imponen.<\/p>\n\n\n\n<p>Sin embargo, en muchos casos, las herramientas que utilizamos para lograr estos objetivos no son las m\u00e1s adecuadas y solo conducen a la frustraci\u00f3n, la ansiedad o al estr\u00e9s, que nos hace comportarnos de una manera inadecuada tanto con nosotros como con los dem\u00e1s, creando un c\u00edrculo vicioso que por desgracia transmitimos a nuestros hijos y alumnos\u201d. Cf VII Congreso de Educaci\u00f3n y Gesti\u00f3n (2003).<\/p>\n\n\n\n<p>Publicaci\u00f3n anterior recomendada: <a href=\"https:\/\/webdelmaestrocmf.com\/portal\/dirigir-y-educar-con-inteligencia-emocional\/\" target=\"_top\" rel=\"noopener\">Bego\u00f1a Ibarrola: Dirigir y educar con inteligencia emocional<\/a><\/p>\n\n\n\n<p>Por motivos \u00fanicamente educativos y de formaci\u00f3n permanente compartimos, gracias a la publicaci\u00f3n de El Pa\u00eds (Espa\u00f1a), BBVA y Editorial Santillana, compartimos dos videos y partes del di\u00e1logo que la profesora Ibarrola sostiene con la psic\u00f3loga Teresa Mulet sobre la lectura, las emociones, los sentimientos, la inteligencia emocional, las emociones, la conciencia emocional, la regulaci\u00f3n emocional, las competencias emocionales, empat\u00eda, resoluci\u00f3n de conflictos, un interesante dec\u00e1logo de la felicidad, el esfuerzo, los l\u00edmites, las normas, la formaci\u00f3n docente y temas de gran actualidad e importancia. Escuchar a la profesora Bego\u00f1a es una gran oportunidad de actualizaci\u00f3n y reflexi\u00f3n. Ojal\u00e1 esta publicaci\u00f3n sea motivo para buscar y encontrar espacios para socializar conceptos tan importantes en nuestra tarea docente.<\/p>\n\n\n\n<p>Como siempre, les <strong>recomendamos leer \u00edntegramente la entrevista completa en el enlace que indicamos al final del art\u00edculo<\/strong>. Es nuestro prop\u00f3sito motivarles a seguir entusiasmados nuestra formaci\u00f3n permanente, conociendo los aportes y la experiencia de especialistas cercanos al mundo educativo. Hacemos presente que las letras en negritas y cursivas son nuestras.<\/p>\n\n\n\n<h2 class=\"wp-block-heading\"><strong>Teresa Mulet: &#8230; \u00bfC\u00f3mo pueden los cuentos ayudarnos a educar?<\/strong><\/h2>\n\n\n\n<p><strong>BEGO\u00d1A IBARROLA: <\/strong>\u201c[&#8230;] desde que empec\u00e9 a trabajar como psic\u00f3loga, me di cuenta de que <strong>los cuentos eran una herramienta poderos\u00edsima,<\/strong> porque el lector o el escuchante, en el caso de que sea un ni\u00f1o que escucha cuentos porque todav\u00eda no sabe leer, se mete en la vida de los personajes. [&#8230;] <strong>el poder de los cuentos es tremendo<\/strong>, no solamente ya como un elemento de educaci\u00f3n emocional y de desarrollo de la empat\u00eda, sino porque le ayudan al lector a comprenderse a s\u00ed mismo a trav\u00e9s de la vida de los personajes. [&#8230;] es tremendamente importante que todos los d\u00edas los adultos busquen un rato para <strong>leer cuentos a sus hijos que no sean lectores<\/strong>, incluso aunque sepan leer. Porque en ese momento el encuentro afectivo, el puente que se genera entre coraz\u00f3n y coraz\u00f3n, es tremendamente importante. [&#8230;] Y, adem\u00e1s el adulto si quiere, y si el cree que es momento oportuno, le puede hacer preguntas despu\u00e9s de la lectura del cuento [&#8230;] son herramientas <strong>para aprender a manejar su mundo<\/strong>. Su mundo interior, pero tambi\u00e9n su mundo exterior\u201d.<\/p>\n\n\n\n<p>Publicaci\u00f3n recomendada:<a href=\"https:\/\/webdelmaestrocmf.com\/portal\/en-las-escuelas-tienen-una-lista-de-lectura-aburridisima-pasada-de-moda\/\" target=\"_top\" rel=\"noopener\">En las escuelas tienen una lista de lectura aburrid\u00edsima, pasada de moda<\/a><\/p>\n\n\n\n<h2 class=\"wp-block-heading\"><strong>Teresa Mulet: <\/strong><strong>&#8230; O\u00edmos mucho hablar de inteligencia emocional, de educaci\u00f3n emocional, \u00bfpero exactamente qu\u00e9 es? \u00bfEn qu\u00e9 consiste?<\/strong><\/h2>\n\n\n\n<p><strong>BEGO\u00d1A IBARROLA: <\/strong>\u201c[&#8230;] <strong>ser emocionalmente inteligente<\/strong> es tener una serie de capacidades que tienen que ver\u2026 que giran alrededor del mundo de las emociones, esa dimensi\u00f3n emocional que es tan importante en el ser humano. Porque <strong>somos seres que sentimos antes de ser seres que pensamos.<\/strong> [&#8230;] las emociones son un campo de investigaci\u00f3n bastante reciente. [&#8230;] o que est\u00e1 claro es que <strong>la inteligencia emocional es una capacidad de la mente para percibir, para comprender, para expresar y regular emociones y para percibir y comprender las emociones de los dem\u00e1s<\/strong> y que esta informaci\u00f3n gu\u00ede nuestra conducta o nuestros pensamientos y sepamos en cada momento c\u00f3mo tenemos que comportarnos o incluso tomar decisiones, [&#8230;] <strong>la primera competencia es conocerse a s\u00ed mismo, poner nombre a esas emociones y luego saberlas expresar.<\/strong> [&#8230;con] dos requisitos: que no hagamos da\u00f1o a los dem\u00e1s, pero que tampoco me haga da\u00f1o a m\u00ed. [&#8230;] a esto se une la automotivaci\u00f3n: el tener metas, objetivos e ir a por ellos. Tener ese fuego interior, [&#8230;] Yo creo que, si en todos los colegios del mundo y en todas las familias se trabajaran estas diez competencias, la sociedad ser\u00eda totalmente diferente\u201d<\/p>\n\n\n\n<p>Lectura relacionada: <a href=\"https:\/\/webdelmaestrocmf.com\/portal\/papa-francisco-educamos-la-felicidad\/\" target=\"_top\" rel=\"noopener\">Papa Francisco: \u00bfeducamos para la felicidad?<\/a><\/p>\n\n\n\n<h2 class=\"wp-block-heading\"><strong>Las emociones son las guardianas del aprendizaje&nbsp; <\/strong>(Momento destacado 05\u00b4 38\u201d)<\/h2>\n\n\n\n<p><iframe loading=\"lazy\" title=\"&quot;Las emociones son las guardianas del aprendizaje&quot;. Bego\u00f1a Ibarrola, psic\u00f3loga y escritora\" src=\"https:\/\/www.youtube.com\/embed\/r1MJIhLtggk\" width=\"100%\" height=\"315\" frameborder=\"0\" allowfullscreen=\"allowfullscreen\"><span data-mce-type=\"bookmark\" style=\"display: inline-block; width: 0px; overflow: hidden; line-height: 0;\" class=\"mce_SELRES_start\">\ufeff<\/span><\/iframe><\/p>\n\n\n\n<h2 class=\"wp-block-heading\"><strong>Teresa Mulet:<\/strong><strong> &#8230; \u00bfCu\u00e1les ser\u00edan las claves, como t\u00fa bien dices, para educar a los ni\u00f1os en la felicidad?<\/strong><\/h2>\n\n\n\n<p><strong>BEGO\u00d1A IBARROLA: <\/strong>\u201c[&#8230;] los padres no pueden provocar la felicidad en sus hijos, pero s\u00ed pueden ayudarles a que ellos mismos encuentren su felicidad. \u00bfC\u00f3mo? Pues yo <strong>dise\u00f1\u00e9 diez puntos importantes<\/strong>. El primero: <strong>amor incondicional<\/strong>. [&#8230;] Se lo tienes que demostrar. Los ni\u00f1os necesitan demostraciones de afecto. [&#8230;] En segundo lugar, que se quieran a s\u00ed mismos. <strong>Desarrollar su autoestima<\/strong> haci\u00e9ndole ver que es un ser \u00fanico, con talentos, con limitaciones, [&#8230;] la educaci\u00f3n tradicional, prestaba m\u00e1s atenci\u00f3n al corregir que al valorar. Y tiene que haber un equilibrio. [&#8230;]&nbsp;La tercera, [&#8230;] <strong>desarrollar su autonom\u00eda<\/strong>. [&#8230;] que se sientan independientes. [&#8230;]&nbsp;La sobreprotecci\u00f3n es el primer enemigo de la autonom\u00eda y luego les hace sentirse incapaces. [&#8230;] la capacidad de aprender marca una diferencia tremenda en el rendimiento de los alumnos [&#8230;] el siguiente punto del dec\u00e1logo es <strong>valorar el esfuerzo, la constancia, la persistencia<\/strong>. [&#8230;] antes la palabra \u00abesfuerzo\u00bb se asociaba al sufrimiento. \u00abLa letra con sangre entra\u00bb, [&#8230;otra es] apostar por <strong>ser sinceros, ser honestos. <\/strong>Yo creo que la educaci\u00f3n en valores tiene que ir orientada a una \u00e9tica, a una forma de relacionarnos con los dem\u00e1s donde est\u00e9 basada en la confianza mutua. Y hay confianza cuando la persona es honesta. [&#8230;] Las relaciones de confianza en la familia son b\u00e1sicas para la felicidad. [&#8230;] otro punto del dec\u00e1logo, tambi\u00e9n muy importante, es <strong>respetar su individualidad<\/strong>. [&#8230;] Ese respeto a la individualidad un ni\u00f1o lo percibe [&#8230;] Pero tambi\u00e9n para ser felices necesitan <strong>l\u00edmites y norma<\/strong>s [&#8230;] Los l\u00edmites hacen que los ni\u00f1os se sientan seguros. Les ayudan a crecer felices, les ayudan a saber qu\u00e9 pueden hacer, qu\u00e9 no pueden hacer y tambi\u00e9n a <strong>prever las consecuencias<\/strong> [&#8230;] Si ense\u00f1amos a los ni\u00f1os desde peque\u00f1os que el entorno normativo lo que nos permite es <strong>vivir en comunidad y convivir entre todos <\/strong>[&#8230;]&nbsp;un entorno emocionalmente seguro. [&#8230;]&nbsp;Donde haya <strong>confianza<\/strong>, donde cada uno se pueda expresar con libertad. [&#8230;] un noveno elemento en este dec\u00e1logo muy importante, que es aportarles <strong>seguridad.<\/strong> [&#8230;]\u201d.<\/p>\n\n\n\n<p>Publicaci\u00f3n relacionada: <a href=\"https:\/\/webdelmaestrocmf.com\/portal\/alexander-ortiz-la-felicidad-plena-una-utopia\/\" target=\"_top\" rel=\"noopener\">[Alexander Ortiz] La felicidad plena: \u00bfuna utop\u00eda?<\/a><\/p>\n\n\n\n<h2 class=\"wp-block-heading\"><strong>Teresa Mulet: <\/strong><strong style=\"font-size: 16px;\">&#8230; \u00bfC\u00f3mo influyen las emociones en el aprendizaje?<\/strong><\/h2>\n\n\n\n<p><strong>BEGO\u00d1A IBARROLA<\/strong>: \u201c<strong>Aprender es un proceso que a nuestro cerebro<\/strong> se le da estupendamente, es lo que m\u00e1s le gusta al cerebro. Pero la neurociencia y todas las investigaciones recientes apuntan a que aprender, y que todo <strong>el proceso cognitivo que se da con el aprendizaje es un binomio donde la cognici\u00f3n y la emoci\u00f3n<\/strong> van juntas. [&#8230;] <strong>las emociones son las guardianas del aprendizaje.<\/strong> \u00bfPor qu\u00e9? Porque son las responsables de la memoria. Lo que est\u00e1 claro es que solo nos acordamos lo que hemos aprendido con emoci\u00f3n o lo que hemos vivido en nuestra vida con alguna emoci\u00f3n. <strong>El cerebro nuestro es selectivo. Las emociones son el pegamento de los recuerdos<\/strong>. [&#8230;]&nbsp;Hay unas emociones que nos ayudan a aprender. La primera es <strong>la curiosidad<\/strong>. [&#8230;] Si uno conf\u00eda en que tiene capacidad para aprender, va a aprender m\u00e1s, se va a poner retos mucho m\u00e1s complejos [&#8230;] su nivel de autoexigencia va a ser mayor, [&#8230;]&nbsp;Crear entornos seguros de confianza en el aula se sabe que potencia el aprendizaje. [&#8230;] Pero tambi\u00e9n <strong>hay emociones que dificultan el aprendizaje<\/strong>. La primera, <strong>el miedo<\/strong>. La primera, el miedo, porque el miedo bloquea el acceso a la memoria. [&#8230;] Los problemas de <strong>ansiedad<\/strong> y de <strong>estr\u00e9s<\/strong> est\u00e1n disparando el fracaso escolar [&#8230;]&nbsp;no olvidemos que las emociones son como vasos comunicantes: si aumenta la calma, disminuye el estr\u00e9s, si aumenta la confianza, disminuye el miedo. [&#8230;]&nbsp;Y otra emoci\u00f3n que, yo no es que diga que perjudique el aprendizaje, sino que lo bloquea directamente, es <strong>la envidia<\/strong>. [&#8230;]&nbsp;te genera tal tensi\u00f3n que es imposible que te relajes y te centres en lo tuyo. [&#8230;]&nbsp;<strong>lo importante es que el profesorado comprenda esta relaci\u00f3n entre estados emocionales favorables al aprendizaje<\/strong> o estados emocionales desfavorables [&#8230;]&nbsp;Para que den el resultado \u00f3ptimo\u201d.<\/p>\n\n\n\n<h2 class=\"wp-block-heading\"><strong>Educar para sentir&nbsp; <\/strong>(video completo 01h 10\u00b4 56\u201d)<\/h2>\n\n\n\n<p><iframe loading=\"lazy\" title=\"V. Completa. Educar para sentir. Bego\u00f1a Ibarrola, psic\u00f3loga y escritora\" src=\"https:\/\/www.youtube.com\/embed\/SW9yNpGYXoM\" width=\"100%\" height=\"315\" frameborder=\"0\" allowfullscreen=\"allowfullscreen\"><span data-mce-type=\"bookmark\" style=\"display: inline-block; width: 0px; overflow: hidden; line-height: 0;\" class=\"mce_SELRES_start\">\ufeff<\/span><\/iframe><\/p>\n\n\n\n<h2 class=\"wp-block-heading\"><strong>Teresa Mulet:<\/strong><strong> &#8230; \u00bfSe puede aprender a convivir? \u00bfQu\u00e9 habilidades sociales y personales crees que deber\u00edamos fomentar en los ni\u00f1os para tener una buena convivencia?<\/strong><\/h2>\n\n\n\n<p><strong>BEGO\u00d1A IBARROLA: <\/strong>\u201c[&#8230;] el aprendizaje de la convivencia no solamente es una necesidad, porque <strong>somos seres sociales<\/strong> y estamos continuamente conviviendo incluso con personas que no elegimos, que tenemos que convivir, sino que nos hace a nosotros madurar. Porque los dem\u00e1s, de alguna forma, nos est\u00e1n poniendo a prueba en la vida, en la vida cotidiana, en el d\u00eda a d\u00eda. [&#8230;] <strong>la amabilidad<\/strong> para m\u00ed es un valor muy importante. [&#8230;] si los ni\u00f1os son emp\u00e1ticos, saben qu\u00e9 necesita su amigo, qu\u00e9 le va a hacer ilusi\u00f3n al amigo, qu\u00e9 le va a gustar al amigo. [&#8230;]&nbsp;tener esa delicadeza de ponerte en el lugar del otro sirve para convivir y que los dem\u00e1s valoren tambi\u00e9n tu trato. [&#8230;] si t\u00fa convives, hay unas normas de convivencia. Si t\u00fa las respetas, vas a ser m\u00e1s respetado por los dem\u00e1s. [&#8230;] una de las cosas que m\u00e1s <strong>favorece la convivencia<\/strong> tambi\u00e9n es la capacidad de ayudar a los otros. [&#8230;] esto lo que hace es demostrar que la convivencia no es una cosa de uno. <strong>Es una cosa grupal<\/strong>. Pero cuando uno destaca en esas capacidades para convivir, resolver conflictos, ser asertivo, los dem\u00e1s se lo valoran. [&#8230;]\u201d.<\/p>\n\n\n\n<h2 class=\"wp-block-heading\"><strong>Teresa Mulet:<\/strong><strong> &#8230; \u00bfCu\u00e1les ser\u00edan las urgencias en cuanto a formaci\u00f3n del profesorado se refiere?<\/strong><\/h2>\n\n\n\n<p><strong>BEGO\u00d1A IBARROLA: <\/strong>\u201c[&#8230;] el profesorado <strong>tiene que trabajarse sus propias competencias emocionales<\/strong> porque nos encontramos muchas veces que, si a ellos les falta autocontrol, \u00bfc\u00f3mo van a ense\u00f1ar a los alumnos a autocontrolarse? [&#8230;]&nbsp;Goleman en la comida habl\u00f3 con nosotros y nos dijo: \u00abEs que nunca los profesores, o sea, casi nunca quieren trabajarse ellos primero\u00bb. [&#8230;] Y <strong>eso no se ense\u00f1a en el Magisterio<\/strong>. Les ense\u00f1an metodolog\u00eda, les ense\u00f1an\u2026 [&#8230;]&nbsp;hay una exigencia por parte del Ministerio de Educaci\u00f3n de considerar en los planes de formaci\u00f3n del profesorado el desarrollo de competencias emocionales personales y en el aula. En los dos campos. Esperemos que alg\u00fan d\u00eda llegue\u201d.<\/p>\n\n\n\n<p>Publicaci\u00f3n recomendada: <a href=\"https:\/\/webdelmaestrocmf.com\/portal\/entrevista-a-carmen-fernandez-morante-la-importancia-de-la-formacion-inicial-docente\/\" target=\"_top\" rel=\"noopener\">Carmen Fern\u00e1ndez Morante: La importancia de la formaci\u00f3n inicial docente<\/a><\/p>\n\n\n\n<h2 class=\"wp-block-heading\"><strong>Teresa Mulet:<\/strong><strong> &#8230; \u00bfc\u00f3mo te gustar\u00eda que fuera la educaci\u00f3n, [&#8230;?] \u00bfCu\u00e1l es la escuela que t\u00fa sue\u00f1as?<\/strong><\/h2>\n\n\n\n<p><strong>BEGO\u00d1A IBARROLA: <\/strong>\u201c[&#8230;] sue\u00f1o con una escuela, primero, <strong>inclusiva <\/strong>y que cualquier persona del mundo pueda acceder, [&#8230;] <strong>Una educaci\u00f3n de calidad<\/strong>. [&#8230;] Me imagino y sue\u00f1o con una educaci\u00f3n sin asignaturas. Una educaci\u00f3n por proyectos, por programas, por tareas [&#8230;]&nbsp;y est\u00e9n relacionados de forma transversal [&#8230;] el profesor del futuro va a ser <strong>un acompa\u00f1ante, un \u2018coach\u2019, un entrenador<\/strong>. No va a ser el que va a dar informaci\u00f3n. Va a facilitar las v\u00edas <strong>para que el alumno encuentre la informaci\u00f3n<\/strong> y sea significativa para \u00e9l y la pueda comparar con su d\u00eda a d\u00eda. [&#8230;] sue\u00f1o con una educaci\u00f3n muy respetuosa con el entorno. [&#8230;] sue\u00f1o con escuelas que est\u00e9n abiertas las 24 horas. [&#8230;] educaci\u00f3n <strong>ya no se da en el aula.<\/strong> La educaci\u00f3n es la vida. [&#8230;] yo no concibo que a alguien le den el t\u00edtulo, \u00abale, ya est\u00e1s preparado para salir al mundo\u00bb, sin que conozcan realmente otros mundos, otras realidades. [&#8230;] Donde la falta de recursos tecnol\u00f3gicos no sea un impedimento para acceder al saber. [&#8230; que la tecnolog\u00eda] no sea la reina del aula, sino que sean <strong>las relaciones emocionales, afectivas, la convivencia<\/strong>. Y que el aprender a ser sea desde el coraz\u00f3n, no desde una tablet. [&#8230;]\u201d.<\/p>\n\n\n\n<p>La transcripci\u00f3n completa de este di\u00e1logo lo puede Usted leer aqu\u00ed<strong>:<\/strong> <a href=\"https:\/\/aprendemosjuntos.elpais.com\/especial\/las-emociones-son-las-guardianas-del-aprendizaje-begona-ibarrola\/\" target=\"_blank\" rel=\"noopener\"><strong>LAS EMOCIONES SON LAS GUARDIANAS DEL APRENDIZAJE<\/strong><\/a><\/p>\n\n\n\n<p>Esta publicaci\u00f3n corresponde a<a href=\"http:\/\/webdelmaestrocmf.com\/portal\/serie-de-videos-aprendamos-juntos-para-sumar-por-la-educacion\/\" target=\"_blank\" rel=\"noopener\"><strong> SERIE DE VIDEOS: APRENDAMOS JUNTOS, PARA SUMAR POR LA EDUCACI\u00d3N<\/strong><\/a><\/p>\n\n\n\n<p class=\"has-text-align-center\">\u201cSe ha comprobado que los programas de alfabetizaci\u00f3n emocional mejoran las calificaciones acad\u00e9micas y el desempe\u00f1o escolar. Este no es un descubrimiento aislado: aparece una y otra vez en diferentes estudios. [&#8230;] En este sentido, la alfabetizaci\u00f3n emocional mejora la capacidad de la escuela para ense\u00f1a\u201d.<\/p>\n\n\n\n<p class=\"has-text-align-right\"><strong>REDACCI\u00d3N WEB DEL MAESTRO CMF<\/strong><\/p>\n\n\n\t\t<div class=\"pk-inline-posts\">\n\t\t\t\n\t\t\t<div class=\"pk-inline-posts-container pk-inline-posts-template-list\"\n\t\t\t\tdata-columns=\"1\">\n\t\t\t\t\t\t<article id=\"post-95717\" class=\"post-95717 post type-post status-publish format-video has-post-thumbnail category-charlas tag-aprendamos-juntos tag-aprendemos-juntos-2030 tag-aprender tag-aprendizaje tag-bbva tag-calificacion-por-notas tag-cerebro tag-compresion tag-descanso tag-dislexia tag-dormir tag-entrevista tag-error tag-escritura tag-fonologia tag-lectura tag-lenguaje-oral tag-matematica tag-memoria tag-neurociencia tag-neurona tag-para-sumar-por-la-educacion tag-pensamiento tag-sinapsis tag-stanislas-dehaene tag-sueno tag-tecnologia tag-videos post_format-post-format-video cs-entry cs-video-wrap\">\n\t\t\t<div class=\"pk-post-outer\">\n\n\t\t\t\t\t\t\t\t<div class=\"pk-post-inner\">\n\t\t\t\t\t<div class=\"entry-thumbnail\">\n\t\t\t\t\t\t<div class=\"pk-overlay pk-overlay-ratio pk-ratio-landscape\">\n\t\t\t\t\t\t\t<div class=\"pk-overlay-background\">\n\t\t\t\t\t\t\t\t<a href=\"https:\/\/webdelmaestrocmf.com\/portal\/stanislas-dehaene-el-mayor-talento-de-un-profesor-es-ser-capaz-de-dirigir-la-atencion-del-alumno-hacia-el-nivel-correcto\/\" class=\"pk-overlay-link\">\n\t\t\t\t\t\t\t\t\t<img loading=\"lazy\" decoding=\"async\" width=\"300\" height=\"225\" src=\"https:\/\/webdelmaestrocmf.com\/portal\/wp-content\/uploads\/2024\/02\/1AA-Banner-1-portada-imagen-10-1-copia-300x225.webp\" class=\"attachment-pk-thumbnail size-pk-thumbnail wp-post-image\" alt=\"\" \/>\t\t\t\t\t\t\t\t<\/a>\n\t\t\t\t\t\t\t<\/div>\n\t\t\t\t\t\t<\/div>\n\t\t\t\t\t<\/div>\n\t\t\t\t<\/div>\n\t\t\t\t\n\t\t\t\t<div class=\"pk-post-inner\">\n\t\t\t\t\t<header>\n\t\t\t\t\t\t<h3 class=\"pk-title\"><a href=\"https:\/\/webdelmaestrocmf.com\/portal\/stanislas-dehaene-el-mayor-talento-de-un-profesor-es-ser-capaz-de-dirigir-la-atencion-del-alumno-hacia-el-nivel-correcto\/\" rel=\"bookmark\">Stanislas Dehaene: El mayor talento de un profesor es ser capaz de dirigir la atenci\u00f3n del alumno, hacia el nivel correcto<\/a><\/h3>\t\t\t\t\t<\/header><!-- .entry-header -->\n\t\t\t\t<\/div><!-- .post-inner -->\n\n\t\t\t<\/div><!-- .post-outer -->\n\t\t<\/article>\n\t\t\t<article id=\"post-98898\" class=\"post-98898 post type-post status-publish format-video has-post-thumbnail category-charlas tag-duermen-poco tag-estudiantes tag-estudiantes-que-duermen-poco tag-javier-albares tag-problemas-escolares post_format-post-format-video cs-entry cs-video-wrap\">\n\t\t\t<div class=\"pk-post-outer\">\n\n\t\t\t\t\t\t\t\t<div class=\"pk-post-inner\">\n\t\t\t\t\t<div class=\"entry-thumbnail\">\n\t\t\t\t\t\t<div class=\"pk-overlay pk-overlay-ratio pk-ratio-landscape\">\n\t\t\t\t\t\t\t<div class=\"pk-overlay-background\">\n\t\t\t\t\t\t\t\t<a href=\"https:\/\/webdelmaestrocmf.com\/portal\/javier-albares-los-estudiantes-que-duermen-poco-tienen-muchisimos-mas-problemas-escolares\/\" class=\"pk-overlay-link\">\n\t\t\t\t\t\t\t\t\t<img loading=\"lazy\" decoding=\"async\" width=\"300\" height=\"225\" src=\"https:\/\/webdelmaestrocmf.com\/portal\/wp-content\/uploads\/2023\/10\/A12B3C4D-4-2-300x225.jpg\" class=\"attachment-pk-thumbnail size-pk-thumbnail wp-post-image\" alt=\"Javier Albares\" \/>\t\t\t\t\t\t\t\t<\/a>\n\t\t\t\t\t\t\t<\/div>\n\t\t\t\t\t\t<\/div>\n\t\t\t\t\t<\/div>\n\t\t\t\t<\/div>\n\t\t\t\t\n\t\t\t\t<div class=\"pk-post-inner\">\n\t\t\t\t\t<header>\n\t\t\t\t\t\t<h3 class=\"pk-title\"><a href=\"https:\/\/webdelmaestrocmf.com\/portal\/javier-albares-los-estudiantes-que-duermen-poco-tienen-muchisimos-mas-problemas-escolares\/\" rel=\"bookmark\">Javier Albares: Los estudiantes que duermen poco, tienen much\u00edsimos m\u00e1s problemas escolares<\/a><\/h3>\t\t\t\t\t<\/header><!-- .entry-header -->\n\t\t\t\t<\/div><!-- .post-inner -->\n\n\t\t\t<\/div><!-- .post-outer -->\n\t\t<\/article>\n\t\t\t<article id=\"post-77345\" class=\"post-77345 post type-post status-publish format-video has-post-thumbnail category-charlas tag-amor tag-antonio-rios-sarrio tag-autoridad tag-hijo post_format-post-format-video cs-entry cs-video-wrap\">\n\t\t\t<div class=\"pk-post-outer\">\n\n\t\t\t\t\t\t\t\t<div class=\"pk-post-inner\">\n\t\t\t\t\t<div class=\"entry-thumbnail\">\n\t\t\t\t\t\t<div class=\"pk-overlay pk-overlay-ratio pk-ratio-landscape\">\n\t\t\t\t\t\t\t<div class=\"pk-overlay-background\">\n\t\t\t\t\t\t\t\t<a href=\"https:\/\/webdelmaestrocmf.com\/portal\/mucho-amor-eso-no-puede-faltar-nunca-en-la-vida-de-un-hijo-y-mucha-autoridad\/\" class=\"pk-overlay-link\">\n\t\t\t\t\t\t\t\t\t<img loading=\"lazy\" decoding=\"async\" width=\"300\" height=\"225\" src=\"https:\/\/webdelmaestrocmf.com\/portal\/wp-content\/uploads\/2025\/06\/1AA-Banner-1-portada-imagen-10-1-copia-5-300x225.webp\" class=\"attachment-pk-thumbnail size-pk-thumbnail wp-post-image\" alt=\"\" \/>\t\t\t\t\t\t\t\t<\/a>\n\t\t\t\t\t\t\t<\/div>\n\t\t\t\t\t\t<\/div>\n\t\t\t\t\t<\/div>\n\t\t\t\t<\/div>\n\t\t\t\t\n\t\t\t\t<div class=\"pk-post-inner\">\n\t\t\t\t\t<header>\n\t\t\t\t\t\t<h3 class=\"pk-title\"><a href=\"https:\/\/webdelmaestrocmf.com\/portal\/mucho-amor-eso-no-puede-faltar-nunca-en-la-vida-de-un-hijo-y-mucha-autoridad\/\" rel=\"bookmark\">Antonio R\u00edos: Mucho amor, eso no puede faltar nunca en la vida de un hijo, y mucha autoridad<\/a><\/h3>\t\t\t\t\t<\/header><!-- .entry-header -->\n\t\t\t\t<\/div><!-- .post-inner -->\n\n\t\t\t<\/div><!-- .post-outer -->\n\t\t<\/article>\n\t\t\t\t<\/div>\n\t\t<\/div>\n\t\t\n","protected":false},"excerpt":{"rendered":"Bego\u00f1a Ibarrola (Bilbao, Espa\u00f1a, 1954) es Licenciada en Psicolog\u00eda en la Universidad Complutense (Madrid), \u201ces especialista en musicoterapia,&hellip;","protected":false},"author":1,"featured_media":86322,"comment_status":"open","ping_status":"closed","sticky":false,"template":"","format":"video","meta":{"csco_display_header_overlay":false,"csco_singular_sidebar":"disabled","csco_page_header_type":"large","csco_page_load_nextpost":"default","csco_post_video_location":[],"csco_post_video_location_hash":"","csco_post_video_url":"","csco_post_video_bg_start_time":0,"csco_post_video_bg_end_time":0,"csco_post_video_bg_volume":false,"_jetpack_memberships_contains_paid_content":false,"footnotes":""},"categories":[3453],"tags":[77,274,276,13752],"class_list":{"0":"post-64834","1":"post","2":"type-post","3":"status-publish","4":"format-video","5":"has-post-thumbnail","7":"category-charlas","8":"tag-aprendizaje","9":"tag-begona-ibarrola","10":"tag-emociones","11":"tag-guardianas","12":"post_format-post-format-video","13":"cs-entry","14":"cs-video-wrap"},"yoast_head":"<!-- This site is optimized with the Yoast SEO plugin v27.5 - https:\/\/yoast.com\/product\/yoast-seo-wordpress\/ -->\n<title>Bego\u00f1a Ibarrola: Las emociones son las guardianas del aprendizaje, porque son las responsables de la memoria - 2026<\/title>\n<meta name=\"description\" content=\"Bego\u00f1a Ibarrola (Bilbao, Espa\u00f1a, 1954) es Licenciada en Psicolog\u00eda en la Universidad Complutense (Madrid), \u201ces especialista...\" \/>\n<meta name=\"robots\" content=\"index, follow, max-snippet:-1, max-image-preview:large, max-video-preview:-1\" \/>\n<link rel=\"canonical\" href=\"https:\/\/webdelmaestrocmf.com\/portal\/las-emociones-son-las-guardianas-del-aprendizaje-porque-son-las-responsables-de-la-memoria\/\" \/>\n<meta property=\"og:locale\" content=\"es_ES\" \/>\n<meta property=\"og:type\" content=\"article\" \/>\n<meta property=\"og:title\" content=\"Bego\u00f1a Ibarrola: Las emociones son las guardianas del aprendizaje, porque son las responsables de la memoria - 2026\" \/>\n<meta property=\"og:description\" content=\"Bego\u00f1a Ibarrola (Bilbao, Espa\u00f1a, 1954) es Licenciada en Psicolog\u00eda en la Universidad Complutense (Madrid), \u201ces especialista...\" \/>\n<meta property=\"og:url\" content=\"https:\/\/webdelmaestrocmf.com\/portal\/las-emociones-son-las-guardianas-del-aprendizaje-porque-son-las-responsables-de-la-memoria\/\" \/>\n<meta property=\"og:site_name\" content=\"Web del Maestro CMF\" \/>\n<meta property=\"article:publisher\" content=\"https:\/\/www.facebook.com\/WebdelMaestroCMF\/\" \/>\n<meta property=\"article:author\" content=\"https:\/\/www.facebook.com\/WebdelMaestroCMF\/\" \/>\n<meta property=\"article:published_time\" content=\"2023-03-26T14:30:12+00:00\" \/>\n<meta property=\"article:modified_time\" content=\"2026-01-30T15:32:57+00:00\" \/>\n<meta property=\"og:image\" content=\"https:\/\/webdelmaestrocmf.com\/portal\/wp-content\/uploads\/2022\/07\/Banner-Facebook-2023-2.jpg\" \/>\n\t<meta property=\"og:image:width\" content=\"900\" \/>\n\t<meta property=\"og:image:height\" content=\"556\" \/>\n\t<meta property=\"og:image:type\" content=\"image\/jpeg\" \/>\n<meta name=\"author\" content=\"Web del Maestro CMF\" \/>\n<meta name=\"twitter:card\" content=\"summary_large_image\" \/>\n<meta name=\"twitter:creator\" content=\"@cmf_w\" \/>\n<meta name=\"twitter:site\" content=\"@cmf_w\" \/>\n<script type=\"application\/ld+json\" class=\"yoast-schema-graph\">{\"@context\":\"https:\\\/\\\/schema.org\",\"@graph\":[{\"@type\":\"ScholarlyArticle\",\"@id\":\"https:\\\/\\\/webdelmaestrocmf.com\\\/portal\\\/las-emociones-son-las-guardianas-del-aprendizaje-porque-son-las-responsables-de-la-memoria\\\/#article\",\"isPartOf\":{\"@id\":\"https:\\\/\\\/webdelmaestrocmf.com\\\/portal\\\/las-emociones-son-las-guardianas-del-aprendizaje-porque-son-las-responsables-de-la-memoria\\\/\"},\"author\":{\"name\":\"Web del Maestro CMF\",\"@id\":\"https:\\\/\\\/webdelmaestrocmf.com\\\/portal\\\/#\\\/schema\\\/person\\\/1072a2ed7bd960df8ef99a551fa35dc5\"},\"headline\":\"Bego\u00f1a Ibarrola: Las emociones son las guardianas del aprendizaje, porque son las responsables de la memoria\",\"datePublished\":\"2023-03-26T14:30:12+00:00\",\"dateModified\":\"2026-01-30T15:32:57+00:00\",\"mainEntityOfPage\":{\"@id\":\"https:\\\/\\\/webdelmaestrocmf.com\\\/portal\\\/las-emociones-son-las-guardianas-del-aprendizaje-porque-son-las-responsables-de-la-memoria\\\/\"},\"wordCount\":2285,\"commentCount\":1,\"publisher\":{\"@id\":\"https:\\\/\\\/webdelmaestrocmf.com\\\/portal\\\/#organization\"},\"image\":{\"@id\":\"https:\\\/\\\/webdelmaestrocmf.com\\\/portal\\\/las-emociones-son-las-guardianas-del-aprendizaje-porque-son-las-responsables-de-la-memoria\\\/#primaryimage\"},\"thumbnailUrl\":\"https:\\\/\\\/webdelmaestrocmf.com\\\/portal\\\/wp-content\\\/uploads\\\/2022\\\/07\\\/Banner-Facebook-2023-2.jpg\",\"keywords\":[\"aprendizaje\",\"BEGO\u00d1A IBARROLA\",\"EMOCIONES\",\"guardianas\"],\"articleSection\":[\"Charlas\"],\"inLanguage\":\"es\",\"potentialAction\":[{\"@type\":\"CommentAction\",\"name\":\"Comment\",\"target\":[\"https:\\\/\\\/webdelmaestrocmf.com\\\/portal\\\/las-emociones-son-las-guardianas-del-aprendizaje-porque-son-las-responsables-de-la-memoria\\\/#respond\"]}]},{\"@type\":\"WebPage\",\"@id\":\"https:\\\/\\\/webdelmaestrocmf.com\\\/portal\\\/las-emociones-son-las-guardianas-del-aprendizaje-porque-son-las-responsables-de-la-memoria\\\/\",\"url\":\"https:\\\/\\\/webdelmaestrocmf.com\\\/portal\\\/las-emociones-son-las-guardianas-del-aprendizaje-porque-son-las-responsables-de-la-memoria\\\/\",\"name\":\"Bego\u00f1a Ibarrola: Las emociones son las guardianas del aprendizaje, porque son las responsables de la memoria - 2026\",\"isPartOf\":{\"@id\":\"https:\\\/\\\/webdelmaestrocmf.com\\\/portal\\\/#website\"},\"primaryImageOfPage\":{\"@id\":\"https:\\\/\\\/webdelmaestrocmf.com\\\/portal\\\/las-emociones-son-las-guardianas-del-aprendizaje-porque-son-las-responsables-de-la-memoria\\\/#primaryimage\"},\"image\":{\"@id\":\"https:\\\/\\\/webdelmaestrocmf.com\\\/portal\\\/las-emociones-son-las-guardianas-del-aprendizaje-porque-son-las-responsables-de-la-memoria\\\/#primaryimage\"},\"thumbnailUrl\":\"https:\\\/\\\/webdelmaestrocmf.com\\\/portal\\\/wp-content\\\/uploads\\\/2022\\\/07\\\/Banner-Facebook-2023-2.jpg\",\"datePublished\":\"2023-03-26T14:30:12+00:00\",\"dateModified\":\"2026-01-30T15:32:57+00:00\",\"description\":\"Bego\u00f1a Ibarrola (Bilbao, Espa\u00f1a, 1954) es Licenciada en Psicolog\u00eda en la Universidad Complutense (Madrid), \u201ces especialista...\",\"breadcrumb\":{\"@id\":\"https:\\\/\\\/webdelmaestrocmf.com\\\/portal\\\/las-emociones-son-las-guardianas-del-aprendizaje-porque-son-las-responsables-de-la-memoria\\\/#breadcrumb\"},\"inLanguage\":\"es\",\"potentialAction\":[{\"@type\":\"ReadAction\",\"target\":[\"https:\\\/\\\/webdelmaestrocmf.com\\\/portal\\\/las-emociones-son-las-guardianas-del-aprendizaje-porque-son-las-responsables-de-la-memoria\\\/\"]}]},{\"@type\":\"ImageObject\",\"inLanguage\":\"es\",\"@id\":\"https:\\\/\\\/webdelmaestrocmf.com\\\/portal\\\/las-emociones-son-las-guardianas-del-aprendizaje-porque-son-las-responsables-de-la-memoria\\\/#primaryimage\",\"url\":\"https:\\\/\\\/webdelmaestrocmf.com\\\/portal\\\/wp-content\\\/uploads\\\/2022\\\/07\\\/Banner-Facebook-2023-2.jpg\",\"contentUrl\":\"https:\\\/\\\/webdelmaestrocmf.com\\\/portal\\\/wp-content\\\/uploads\\\/2022\\\/07\\\/Banner-Facebook-2023-2.jpg\",\"width\":900,\"height\":556},{\"@type\":\"BreadcrumbList\",\"@id\":\"https:\\\/\\\/webdelmaestrocmf.com\\\/portal\\\/las-emociones-son-las-guardianas-del-aprendizaje-porque-son-las-responsables-de-la-memoria\\\/#breadcrumb\",\"itemListElement\":[{\"@type\":\"ListItem\",\"position\":1,\"name\":\"Portada\",\"item\":\"https:\\\/\\\/webdelmaestrocmf.com\\\/portal\\\/\"},{\"@type\":\"ListItem\",\"position\":2,\"name\":\"Charlas\",\"item\":\"https:\\\/\\\/webdelmaestrocmf.com\\\/portal\\\/category\\\/charlas\\\/\"},{\"@type\":\"ListItem\",\"position\":3,\"name\":\"Bego\u00f1a Ibarrola: Las emociones son las guardianas del aprendizaje, porque son las responsables de la memoria\"}]},{\"@type\":\"WebSite\",\"@id\":\"https:\\\/\\\/webdelmaestrocmf.com\\\/portal\\\/#website\",\"url\":\"https:\\\/\\\/webdelmaestrocmf.com\\\/portal\\\/\",\"name\":\"Web del Maestro CMF\",\"description\":\"Maestros al servicio de la educaci\u00f3n\",\"publisher\":{\"@id\":\"https:\\\/\\\/webdelmaestrocmf.com\\\/portal\\\/#organization\"},\"alternateName\":\"WMCMF\",\"potentialAction\":[{\"@type\":\"SearchAction\",\"target\":{\"@type\":\"EntryPoint\",\"urlTemplate\":\"https:\\\/\\\/webdelmaestrocmf.com\\\/portal\\\/?s={search_term_string}\"},\"query-input\":{\"@type\":\"PropertyValueSpecification\",\"valueRequired\":true,\"valueName\":\"search_term_string\"}}],\"inLanguage\":\"es\"},{\"@type\":\"Organization\",\"@id\":\"https:\\\/\\\/webdelmaestrocmf.com\\\/portal\\\/#organization\",\"name\":\"Web del Maestro CMF\",\"alternateName\":\"WMCMF\",\"url\":\"https:\\\/\\\/webdelmaestrocmf.com\\\/portal\\\/\",\"logo\":{\"@type\":\"ImageObject\",\"inLanguage\":\"es\",\"@id\":\"https:\\\/\\\/webdelmaestrocmf.com\\\/portal\\\/#\\\/schema\\\/logo\\\/image\\\/\",\"url\":\"https:\\\/\\\/webdelmaestrocmf.com\\\/portal\\\/wp-content\\\/uploads\\\/2023\\\/01\\\/logo-wmcmf-2.png\",\"contentUrl\":\"https:\\\/\\\/webdelmaestrocmf.com\\\/portal\\\/wp-content\\\/uploads\\\/2023\\\/01\\\/logo-wmcmf-2.png\",\"width\":200,\"height\":60,\"caption\":\"Web del Maestro CMF\"},\"image\":{\"@id\":\"https:\\\/\\\/webdelmaestrocmf.com\\\/portal\\\/#\\\/schema\\\/logo\\\/image\\\/\"},\"sameAs\":[\"https:\\\/\\\/www.facebook.com\\\/WebdelMaestroCMF\\\/\",\"https:\\\/\\\/x.com\\\/cmf_w\",\"https:\\\/\\\/www.pinterest.com\\\/WMCMF\\\/\",\"https:\\\/\\\/www.linkedin.com\\\/company\\\/web-del-maestro-cmf\\\/\",\"https:\\\/\\\/www.instagram.com\\\/wmcmf\\\/\",\"https:\\\/\\\/www.youtube.com\\\/channel\\\/UCDPSvjbdodE5sHnC3OxutHw\",\"https:\\\/\\\/mastodon.social\\\/@wmcmf\",\"https:\\\/\\\/www.tiktok.com\\\/@webdelmaestrocmf\"]},{\"@type\":\"Person\",\"@id\":\"https:\\\/\\\/webdelmaestrocmf.com\\\/portal\\\/#\\\/schema\\\/person\\\/1072a2ed7bd960df8ef99a551fa35dc5\",\"name\":\"Web del Maestro CMF\",\"image\":{\"@type\":\"ImageObject\",\"inLanguage\":\"es\",\"@id\":\"https:\\\/\\\/secure.gravatar.com\\\/avatar\\\/23291dd5b5ae1077dcff3dbb04c3e02bd28403fa75af6d8787d5e97c5bbbe30b?s=96&d=mm&r=g\",\"url\":\"https:\\\/\\\/secure.gravatar.com\\\/avatar\\\/23291dd5b5ae1077dcff3dbb04c3e02bd28403fa75af6d8787d5e97c5bbbe30b?s=96&d=mm&r=g\",\"contentUrl\":\"https:\\\/\\\/secure.gravatar.com\\\/avatar\\\/23291dd5b5ae1077dcff3dbb04c3e02bd28403fa75af6d8787d5e97c5bbbe30b?s=96&d=mm&r=g\",\"caption\":\"Web del Maestro CMF\"},\"description\":\"Esta Web se cre\u00f3 sin fines de lucro, con fines educativos, cient\u00edficos y acad\u00e9micos, para personas que tengan dificultades y\\\/o inconvenientes en visualizar el material original. El objetivo es entregar recursos, compartir experiencias y materiales que ayuden a los padres de familia, maestros y estudiantes en su actualizaci\u00f3n y formaci\u00f3n permanente, en bien de la Educaci\u00f3n.\",\"sameAs\":[\"http:\\\/\\\/webdelmaestrocmf.com\\\/portal\",\"https:\\\/\\\/www.facebook.com\\\/WebdelMaestroCMF\\\/\",\"https:\\\/\\\/www.instagram.com\\\/wmcmf\\\/\",\"https:\\\/\\\/cl.linkedin.com\\\/company\\\/web-del-maestro-cmf\",\"https:\\\/\\\/www.pinterest.com\\\/WMCMF\\\/publicaciones\\\/\",\"https:\\\/\\\/x.com\\\/cmf_w\",\"https:\\\/\\\/www.youtube.com\\\/@WMCMF\"]}]}<\/script>\n<!-- \/ Yoast SEO plugin. -->","yoast_head_json":{"title":"Bego\u00f1a Ibarrola: Las emociones son las guardianas del aprendizaje, porque son las responsables de la memoria - 2026","description":"Bego\u00f1a Ibarrola (Bilbao, Espa\u00f1a, 1954) es Licenciada en Psicolog\u00eda en la Universidad Complutense (Madrid), \u201ces especialista...","robots":{"index":"index","follow":"follow","max-snippet":"max-snippet:-1","max-image-preview":"max-image-preview:large","max-video-preview":"max-video-preview:-1"},"canonical":"https:\/\/webdelmaestrocmf.com\/portal\/las-emociones-son-las-guardianas-del-aprendizaje-porque-son-las-responsables-de-la-memoria\/","og_locale":"es_ES","og_type":"article","og_title":"Bego\u00f1a Ibarrola: Las emociones son las guardianas del aprendizaje, porque son las responsables de la memoria - 2026","og_description":"Bego\u00f1a Ibarrola (Bilbao, Espa\u00f1a, 1954) es Licenciada en Psicolog\u00eda en la Universidad Complutense (Madrid), \u201ces especialista...","og_url":"https:\/\/webdelmaestrocmf.com\/portal\/las-emociones-son-las-guardianas-del-aprendizaje-porque-son-las-responsables-de-la-memoria\/","og_site_name":"Web del Maestro CMF","article_publisher":"https:\/\/www.facebook.com\/WebdelMaestroCMF\/","article_author":"https:\/\/www.facebook.com\/WebdelMaestroCMF\/","article_published_time":"2023-03-26T14:30:12+00:00","article_modified_time":"2026-01-30T15:32:57+00:00","og_image":[{"width":900,"height":556,"url":"https:\/\/webdelmaestrocmf.com\/portal\/wp-content\/uploads\/2022\/07\/Banner-Facebook-2023-2.jpg","type":"image\/jpeg"}],"author":"Web del Maestro CMF","twitter_card":"summary_large_image","twitter_creator":"@cmf_w","twitter_site":"@cmf_w","schema":{"@context":"https:\/\/schema.org","@graph":[{"@type":"ScholarlyArticle","@id":"https:\/\/webdelmaestrocmf.com\/portal\/las-emociones-son-las-guardianas-del-aprendizaje-porque-son-las-responsables-de-la-memoria\/#article","isPartOf":{"@id":"https:\/\/webdelmaestrocmf.com\/portal\/las-emociones-son-las-guardianas-del-aprendizaje-porque-son-las-responsables-de-la-memoria\/"},"author":{"name":"Web del Maestro CMF","@id":"https:\/\/webdelmaestrocmf.com\/portal\/#\/schema\/person\/1072a2ed7bd960df8ef99a551fa35dc5"},"headline":"Bego\u00f1a Ibarrola: Las emociones son las guardianas del aprendizaje, porque son las responsables de la memoria","datePublished":"2023-03-26T14:30:12+00:00","dateModified":"2026-01-30T15:32:57+00:00","mainEntityOfPage":{"@id":"https:\/\/webdelmaestrocmf.com\/portal\/las-emociones-son-las-guardianas-del-aprendizaje-porque-son-las-responsables-de-la-memoria\/"},"wordCount":2285,"commentCount":1,"publisher":{"@id":"https:\/\/webdelmaestrocmf.com\/portal\/#organization"},"image":{"@id":"https:\/\/webdelmaestrocmf.com\/portal\/las-emociones-son-las-guardianas-del-aprendizaje-porque-son-las-responsables-de-la-memoria\/#primaryimage"},"thumbnailUrl":"https:\/\/webdelmaestrocmf.com\/portal\/wp-content\/uploads\/2022\/07\/Banner-Facebook-2023-2.jpg","keywords":["aprendizaje","BEGO\u00d1A IBARROLA","EMOCIONES","guardianas"],"articleSection":["Charlas"],"inLanguage":"es","potentialAction":[{"@type":"CommentAction","name":"Comment","target":["https:\/\/webdelmaestrocmf.com\/portal\/las-emociones-son-las-guardianas-del-aprendizaje-porque-son-las-responsables-de-la-memoria\/#respond"]}]},{"@type":"WebPage","@id":"https:\/\/webdelmaestrocmf.com\/portal\/las-emociones-son-las-guardianas-del-aprendizaje-porque-son-las-responsables-de-la-memoria\/","url":"https:\/\/webdelmaestrocmf.com\/portal\/las-emociones-son-las-guardianas-del-aprendizaje-porque-son-las-responsables-de-la-memoria\/","name":"Bego\u00f1a Ibarrola: Las emociones son las guardianas del aprendizaje, porque son las responsables de la memoria - 2026","isPartOf":{"@id":"https:\/\/webdelmaestrocmf.com\/portal\/#website"},"primaryImageOfPage":{"@id":"https:\/\/webdelmaestrocmf.com\/portal\/las-emociones-son-las-guardianas-del-aprendizaje-porque-son-las-responsables-de-la-memoria\/#primaryimage"},"image":{"@id":"https:\/\/webdelmaestrocmf.com\/portal\/las-emociones-son-las-guardianas-del-aprendizaje-porque-son-las-responsables-de-la-memoria\/#primaryimage"},"thumbnailUrl":"https:\/\/webdelmaestrocmf.com\/portal\/wp-content\/uploads\/2022\/07\/Banner-Facebook-2023-2.jpg","datePublished":"2023-03-26T14:30:12+00:00","dateModified":"2026-01-30T15:32:57+00:00","description":"Bego\u00f1a Ibarrola (Bilbao, Espa\u00f1a, 1954) es Licenciada en Psicolog\u00eda en la Universidad Complutense (Madrid), \u201ces especialista...","breadcrumb":{"@id":"https:\/\/webdelmaestrocmf.com\/portal\/las-emociones-son-las-guardianas-del-aprendizaje-porque-son-las-responsables-de-la-memoria\/#breadcrumb"},"inLanguage":"es","potentialAction":[{"@type":"ReadAction","target":["https:\/\/webdelmaestrocmf.com\/portal\/las-emociones-son-las-guardianas-del-aprendizaje-porque-son-las-responsables-de-la-memoria\/"]}]},{"@type":"ImageObject","inLanguage":"es","@id":"https:\/\/webdelmaestrocmf.com\/portal\/las-emociones-son-las-guardianas-del-aprendizaje-porque-son-las-responsables-de-la-memoria\/#primaryimage","url":"https:\/\/webdelmaestrocmf.com\/portal\/wp-content\/uploads\/2022\/07\/Banner-Facebook-2023-2.jpg","contentUrl":"https:\/\/webdelmaestrocmf.com\/portal\/wp-content\/uploads\/2022\/07\/Banner-Facebook-2023-2.jpg","width":900,"height":556},{"@type":"BreadcrumbList","@id":"https:\/\/webdelmaestrocmf.com\/portal\/las-emociones-son-las-guardianas-del-aprendizaje-porque-son-las-responsables-de-la-memoria\/#breadcrumb","itemListElement":[{"@type":"ListItem","position":1,"name":"Portada","item":"https:\/\/webdelmaestrocmf.com\/portal\/"},{"@type":"ListItem","position":2,"name":"Charlas","item":"https:\/\/webdelmaestrocmf.com\/portal\/category\/charlas\/"},{"@type":"ListItem","position":3,"name":"Bego\u00f1a Ibarrola: Las emociones son las guardianas del aprendizaje, porque son las responsables de la memoria"}]},{"@type":"WebSite","@id":"https:\/\/webdelmaestrocmf.com\/portal\/#website","url":"https:\/\/webdelmaestrocmf.com\/portal\/","name":"Web del Maestro CMF","description":"Maestros al servicio de la educaci\u00f3n","publisher":{"@id":"https:\/\/webdelmaestrocmf.com\/portal\/#organization"},"alternateName":"WMCMF","potentialAction":[{"@type":"SearchAction","target":{"@type":"EntryPoint","urlTemplate":"https:\/\/webdelmaestrocmf.com\/portal\/?s={search_term_string}"},"query-input":{"@type":"PropertyValueSpecification","valueRequired":true,"valueName":"search_term_string"}}],"inLanguage":"es"},{"@type":"Organization","@id":"https:\/\/webdelmaestrocmf.com\/portal\/#organization","name":"Web del Maestro CMF","alternateName":"WMCMF","url":"https:\/\/webdelmaestrocmf.com\/portal\/","logo":{"@type":"ImageObject","inLanguage":"es","@id":"https:\/\/webdelmaestrocmf.com\/portal\/#\/schema\/logo\/image\/","url":"https:\/\/webdelmaestrocmf.com\/portal\/wp-content\/uploads\/2023\/01\/logo-wmcmf-2.png","contentUrl":"https:\/\/webdelmaestrocmf.com\/portal\/wp-content\/uploads\/2023\/01\/logo-wmcmf-2.png","width":200,"height":60,"caption":"Web del Maestro CMF"},"image":{"@id":"https:\/\/webdelmaestrocmf.com\/portal\/#\/schema\/logo\/image\/"},"sameAs":["https:\/\/www.facebook.com\/WebdelMaestroCMF\/","https:\/\/x.com\/cmf_w","https:\/\/www.pinterest.com\/WMCMF\/","https:\/\/www.linkedin.com\/company\/web-del-maestro-cmf\/","https:\/\/www.instagram.com\/wmcmf\/","https:\/\/www.youtube.com\/channel\/UCDPSvjbdodE5sHnC3OxutHw","https:\/\/mastodon.social\/@wmcmf","https:\/\/www.tiktok.com\/@webdelmaestrocmf"]},{"@type":"Person","@id":"https:\/\/webdelmaestrocmf.com\/portal\/#\/schema\/person\/1072a2ed7bd960df8ef99a551fa35dc5","name":"Web del Maestro CMF","image":{"@type":"ImageObject","inLanguage":"es","@id":"https:\/\/secure.gravatar.com\/avatar\/23291dd5b5ae1077dcff3dbb04c3e02bd28403fa75af6d8787d5e97c5bbbe30b?s=96&d=mm&r=g","url":"https:\/\/secure.gravatar.com\/avatar\/23291dd5b5ae1077dcff3dbb04c3e02bd28403fa75af6d8787d5e97c5bbbe30b?s=96&d=mm&r=g","contentUrl":"https:\/\/secure.gravatar.com\/avatar\/23291dd5b5ae1077dcff3dbb04c3e02bd28403fa75af6d8787d5e97c5bbbe30b?s=96&d=mm&r=g","caption":"Web del Maestro CMF"},"description":"Esta Web se cre\u00f3 sin fines de lucro, con fines educativos, cient\u00edficos y acad\u00e9micos, para personas que tengan dificultades y\/o inconvenientes en visualizar el material original. El objetivo es entregar recursos, compartir experiencias y materiales que ayuden a los padres de familia, maestros y estudiantes en su actualizaci\u00f3n y formaci\u00f3n permanente, en bien de la Educaci\u00f3n.","sameAs":["http:\/\/webdelmaestrocmf.com\/portal","https:\/\/www.facebook.com\/WebdelMaestroCMF\/","https:\/\/www.instagram.com\/wmcmf\/","https:\/\/cl.linkedin.com\/company\/web-del-maestro-cmf","https:\/\/www.pinterest.com\/WMCMF\/publicaciones\/","https:\/\/x.com\/cmf_w","https:\/\/www.youtube.com\/@WMCMF"]}]}},"jetpack_featured_media_url":"https:\/\/webdelmaestrocmf.com\/portal\/wp-content\/uploads\/2022\/07\/Banner-Facebook-2023-2.jpg","jetpack_sharing_enabled":true,"jetpack-related-posts":[{"id":76360,"url":"https:\/\/webdelmaestrocmf.com\/portal\/begona-ibarrola-el-binomio-emocion-cognicion-es-indisoluble-en-el-proceso-de-aprendizaje\/","url_meta":{"origin":64834,"position":0},"title":"Bego\u00f1a Ibarrola: El binomio emoci\u00f3n-cognici\u00f3n es indisoluble en el proceso de aprendizaje","author":"Web del Maestro CMF","date":"7 noviembre, 2022","format":false,"excerpt":"La Psic\u00f3loga, escritora infantil y juvenil especialista en inteligencia emocional Bego\u00f1a Ibarrola (Bilbao, Espa\u00f1a, 1954) se inici\u00f3 como terapeuta infantil durante quince a\u00f1os, y despu\u00e9s de obtener la Licenciatura en Psicolog\u00eda por la Universidad Complutense de Madrid, escribi\u00f3 cuentos en los que muestra el camino de las emociones como recurso\u2026","rel":"","context":"En \u00abEntrevistas\u00bb","block_context":{"text":"Entrevistas","link":"https:\/\/webdelmaestrocmf.com\/portal\/category\/noticias\/entrevistas\/"},"img":{"alt_text":"","src":"https:\/\/i0.wp.com\/webdelmaestrocmf.com\/portal\/wp-content\/uploads\/2022\/04\/2-5.jpg?resize=350%2C200&ssl=1","width":350,"height":200,"srcset":"https:\/\/i0.wp.com\/webdelmaestrocmf.com\/portal\/wp-content\/uploads\/2022\/04\/2-5.jpg?resize=350%2C200&ssl=1 1x, https:\/\/i0.wp.com\/webdelmaestrocmf.com\/portal\/wp-content\/uploads\/2022\/04\/2-5.jpg?resize=525%2C300&ssl=1 1.5x, https:\/\/i0.wp.com\/webdelmaestrocmf.com\/portal\/wp-content\/uploads\/2022\/04\/2-5.jpg?resize=700%2C400&ssl=1 2x, https:\/\/i0.wp.com\/webdelmaestrocmf.com\/portal\/wp-content\/uploads\/2022\/04\/2-5.jpg?resize=1050%2C600&ssl=1 3x"},"classes":[]},{"id":19842,"url":"https:\/\/webdelmaestrocmf.com\/portal\/aplicar-la-inteligencia-emocional-previene-el-bullying-y-el-consumo-de-drogas\/","url_meta":{"origin":64834,"position":1},"title":"Bego\u00f1a Ibarrola: Aplicar la inteligencia emocional previene el \u2018bullying\u2019 y el consumo de drogas","author":"Web del Maestro CMF","date":"28 mayo, 2019","format":false,"excerpt":"Bego\u00f1a Ibarrola (Bilbao, 1954) siempre ha estado cuidando de los m\u00e1s peque\u00f1os. Primero como terapeuta infantil durante quince a\u00f1os, tras su licenciatura en psicolog\u00eda (UCM,1977), m\u00e1s tarde escribiendo para ellos un extenso cat\u00e1logo de cuentos en los que les muestra el camino de las emociones como recurso para la vida.\u2026","rel":"","context":"En \u00abEntrevistas\u00bb","block_context":{"text":"Entrevistas","link":"https:\/\/webdelmaestrocmf.com\/portal\/category\/noticias\/entrevistas\/"},"img":{"alt_text":"","src":"https:\/\/i0.wp.com\/webdelmaestrocmf.com\/portal\/wp-content\/uploads\/2019\/05\/1c-1.jpg?resize=350%2C200&ssl=1","width":350,"height":200,"srcset":"https:\/\/i0.wp.com\/webdelmaestrocmf.com\/portal\/wp-content\/uploads\/2019\/05\/1c-1.jpg?resize=350%2C200&ssl=1 1x, https:\/\/i0.wp.com\/webdelmaestrocmf.com\/portal\/wp-content\/uploads\/2019\/05\/1c-1.jpg?resize=525%2C300&ssl=1 1.5x, https:\/\/i0.wp.com\/webdelmaestrocmf.com\/portal\/wp-content\/uploads\/2019\/05\/1c-1.jpg?resize=700%2C400&ssl=1 2x, https:\/\/i0.wp.com\/webdelmaestrocmf.com\/portal\/wp-content\/uploads\/2019\/05\/1c-1.jpg?resize=1050%2C600&ssl=1 3x"},"classes":[]},{"id":113504,"url":"https:\/\/webdelmaestrocmf.com\/portal\/begona-ibarrola-debemos-distinguir-entre-un-alumno-verdaderamente-vago-y-uno-que-esta-desmotivado-porque-anticipa-el-fracaso\/","url_meta":{"origin":64834,"position":2},"title":"Bego\u00f1a Ibarrola: Debemos distinguir entre un alumno verdaderamente vago y uno que est\u00e1 desmotivado porque anticipa el fracaso","author":"Web del Maestro CMF","date":"15 noviembre, 2025","format":false,"excerpt":"La desmotivaci\u00f3n nace del miedo, la memoria emocional negativa y la sensaci\u00f3n de incapacidad. No es pereza: es bloqueo emocional profundo.","rel":"","context":"En \u00abEntrevistas\u00bb","block_context":{"text":"Entrevistas","link":"https:\/\/webdelmaestrocmf.com\/portal\/category\/noticias\/entrevistas\/"},"img":{"alt_text":"","src":"https:\/\/i0.wp.com\/webdelmaestrocmf.com\/portal\/wp-content\/uploads\/2025\/11\/1A-Banner-1-portada-imagen-10-1-copia-6-1.webp?resize=350%2C200&ssl=1","width":350,"height":200,"srcset":"https:\/\/i0.wp.com\/webdelmaestrocmf.com\/portal\/wp-content\/uploads\/2025\/11\/1A-Banner-1-portada-imagen-10-1-copia-6-1.webp?resize=350%2C200&ssl=1 1x, https:\/\/i0.wp.com\/webdelmaestrocmf.com\/portal\/wp-content\/uploads\/2025\/11\/1A-Banner-1-portada-imagen-10-1-copia-6-1.webp?resize=525%2C300&ssl=1 1.5x, https:\/\/i0.wp.com\/webdelmaestrocmf.com\/portal\/wp-content\/uploads\/2025\/11\/1A-Banner-1-portada-imagen-10-1-copia-6-1.webp?resize=700%2C400&ssl=1 2x"},"classes":[]},{"id":63083,"url":"https:\/\/webdelmaestrocmf.com\/portal\/begona-ibarrola-la-emocion-es-un-ingrediente-basico-del-proceso-cognitivo-del-razonamiento\/","url_meta":{"origin":64834,"position":3},"title":"Bego\u00f1a Ibarrola: La emoci\u00f3n es un ingrediente b\u00e1sico del proceso cognitivo, del razonamiento","author":"Web del Maestro CMF","date":"17 mayo, 2021","format":false,"excerpt":"Bego\u00f1a Ibarrola es psic\u00f3loga, escritora infantil y juvenil especialista en inteligencia emocional y musicoterapia. En esta entrevista destaca el papel relevante que ocupa en la ense\u00f1anza la educaci\u00f3n emocional, adem\u00e1s nos habla de su nuevo proyecto \"Cuentos para una nueva realidad\" desarrollado con la editorial Planeta. Bego\u00f1a Ibarrola\u00a0es natural de\u2026","rel":"","context":"En \u00abEntrevistas\u00bb","block_context":{"text":"Entrevistas","link":"https:\/\/webdelmaestrocmf.com\/portal\/category\/noticias\/entrevistas\/"},"img":{"alt_text":"","src":"https:\/\/i0.wp.com\/webdelmaestrocmf.com\/portal\/wp-content\/uploads\/2021\/05\/1-copia-21.jpg?resize=350%2C200&ssl=1","width":350,"height":200,"srcset":"https:\/\/i0.wp.com\/webdelmaestrocmf.com\/portal\/wp-content\/uploads\/2021\/05\/1-copia-21.jpg?resize=350%2C200&ssl=1 1x, https:\/\/i0.wp.com\/webdelmaestrocmf.com\/portal\/wp-content\/uploads\/2021\/05\/1-copia-21.jpg?resize=525%2C300&ssl=1 1.5x, https:\/\/i0.wp.com\/webdelmaestrocmf.com\/portal\/wp-content\/uploads\/2021\/05\/1-copia-21.jpg?resize=700%2C400&ssl=1 2x, https:\/\/i0.wp.com\/webdelmaestrocmf.com\/portal\/wp-content\/uploads\/2021\/05\/1-copia-21.jpg?resize=1050%2C600&ssl=1 3x"},"classes":[]},{"id":14842,"url":"https:\/\/webdelmaestrocmf.com\/portal\/begona-ibarrola-consejos-nino-crezca-seguro-feliz\/","url_meta":{"origin":64834,"position":4},"title":"Bego\u00f1a Ibarrola: Consejos para que un ni\u00f1o crezca seguro y feliz","author":"Web del Maestro CMF","date":"15 febrero, 2017","format":"video","excerpt":"Licenciada en Psicolog\u00eda, terapeuta infantil y Musicoterapeuta infantil, Bego\u00f1a Ibarrola, especialista en inteligencia emocional, desea que todas las personas se desarrollen teniendo \u201cestrategias para hacer frente a las situaciones dif\u00edciles y a los retos que, con toda seguridad, tendr\u00e1n que afrontar a lo largo de su vida\u201d. As\u00ed lo expresa\u2026","rel":"","context":"En \u00abPersona\u00bb","block_context":{"text":"Persona","link":"https:\/\/webdelmaestrocmf.com\/portal\/category\/video\/persona\/"},"img":{"alt_text":"","src":"https:\/\/i0.wp.com\/webdelmaestrocmf.com\/portal\/wp-content\/uploads\/2017\/02\/1234abd.jpg?resize=350%2C200&ssl=1","width":350,"height":200,"srcset":"https:\/\/i0.wp.com\/webdelmaestrocmf.com\/portal\/wp-content\/uploads\/2017\/02\/1234abd.jpg?resize=350%2C200&ssl=1 1x, https:\/\/i0.wp.com\/webdelmaestrocmf.com\/portal\/wp-content\/uploads\/2017\/02\/1234abd.jpg?resize=525%2C300&ssl=1 1.5x, https:\/\/i0.wp.com\/webdelmaestrocmf.com\/portal\/wp-content\/uploads\/2017\/02\/1234abd.jpg?resize=700%2C400&ssl=1 2x"},"classes":[]},{"id":13571,"url":"https:\/\/webdelmaestrocmf.com\/portal\/begona-ibarrola-un-buen-profesor-con-sensibilidad-te-puede-cambiar-la-vida\/","url_meta":{"origin":64834,"position":5},"title":"Bego\u00f1a Ibarrola: Un buen profesor, con sensibilidad, te puede cambiar la vida","author":"Web del Maestro CMF","date":"18 enero, 2017","format":false,"excerpt":"El fil\u00f3sofo franc\u00e9s Olivier Reboul dijo: \u201c Educar no es fabricar adultos seg\u00fan un modelo sino liberar en cada hombre lo que le impide ser \u00e9l mismo, permitirle realizarse seg\u00fan su genio singular\u201d, y la especialista en educaci\u00f3n emocional, la espa\u00f1ola Bego\u00f1a Ibarrola, nos dice hoy: \u201cen un futuro muy\u2026","rel":"","context":"En \u00abEntrevistas\u00bb","block_context":{"text":"Entrevistas","link":"https:\/\/webdelmaestrocmf.com\/portal\/category\/noticias\/entrevistas\/"},"img":{"alt_text":"","src":"https:\/\/i0.wp.com\/webdelmaestrocmf.com\/portal\/wp-content\/uploads\/2021\/05\/1-copia-21.jpg?resize=350%2C200&ssl=1","width":350,"height":200,"srcset":"https:\/\/i0.wp.com\/webdelmaestrocmf.com\/portal\/wp-content\/uploads\/2021\/05\/1-copia-21.jpg?resize=350%2C200&ssl=1 1x, https:\/\/i0.wp.com\/webdelmaestrocmf.com\/portal\/wp-content\/uploads\/2021\/05\/1-copia-21.jpg?resize=525%2C300&ssl=1 1.5x, https:\/\/i0.wp.com\/webdelmaestrocmf.com\/portal\/wp-content\/uploads\/2021\/05\/1-copia-21.jpg?resize=700%2C400&ssl=1 2x, https:\/\/i0.wp.com\/webdelmaestrocmf.com\/portal\/wp-content\/uploads\/2021\/05\/1-copia-21.jpg?resize=1050%2C600&ssl=1 3x"},"classes":[]}],"_links":{"self":[{"href":"https:\/\/webdelmaestrocmf.com\/portal\/wp-json\/wp\/v2\/posts\/64834","targetHints":{"allow":["GET"]}}],"collection":[{"href":"https:\/\/webdelmaestrocmf.com\/portal\/wp-json\/wp\/v2\/posts"}],"about":[{"href":"https:\/\/webdelmaestrocmf.com\/portal\/wp-json\/wp\/v2\/types\/post"}],"author":[{"embeddable":true,"href":"https:\/\/webdelmaestrocmf.com\/portal\/wp-json\/wp\/v2\/users\/1"}],"replies":[{"embeddable":true,"href":"https:\/\/webdelmaestrocmf.com\/portal\/wp-json\/wp\/v2\/comments?post=64834"}],"version-history":[{"count":1,"href":"https:\/\/webdelmaestrocmf.com\/portal\/wp-json\/wp\/v2\/posts\/64834\/revisions"}],"predecessor-version":[{"id":115056,"href":"https:\/\/webdelmaestrocmf.com\/portal\/wp-json\/wp\/v2\/posts\/64834\/revisions\/115056"}],"wp:featuredmedia":[{"embeddable":true,"href":"https:\/\/webdelmaestrocmf.com\/portal\/wp-json\/wp\/v2\/media\/86322"}],"wp:attachment":[{"href":"https:\/\/webdelmaestrocmf.com\/portal\/wp-json\/wp\/v2\/media?parent=64834"}],"wp:term":[{"taxonomy":"category","embeddable":true,"href":"https:\/\/webdelmaestrocmf.com\/portal\/wp-json\/wp\/v2\/categories?post=64834"},{"taxonomy":"post_tag","embeddable":true,"href":"https:\/\/webdelmaestrocmf.com\/portal\/wp-json\/wp\/v2\/tags?post=64834"}],"curies":[{"name":"wp","href":"https:\/\/api.w.org\/{rel}","templated":true}]}}