{"id":64695,"date":"2022-05-23T19:23:32","date_gmt":"2022-05-23T23:23:32","guid":{"rendered":"https:\/\/webdelmaestrocmf.com\/portal\/?p=64695"},"modified":"2022-11-22T11:20:38","modified_gmt":"2022-11-22T14:20:38","slug":"calendario-de-inteligencias-multiples-de-enero-a-diciembre","status":"publish","type":"post","link":"https:\/\/webdelmaestrocmf.com\/portal\/calendario-de-inteligencias-multiples-de-enero-a-diciembre\/","title":{"rendered":"Calendario de Inteligencias M\u00faltiples de enero a diciembre"},"content":{"rendered":"<h5 style=\"text-align: justify;\">La\u00a0<strong>Teor\u00eda de las Inteligencias M\u00faltiples<\/strong>\u00a0fue ideada por el psic\u00f3logo estadounidense\u00a0Howard Gardner como contrapeso al paradigma de una inteligencia \u00fanica. Gardner propuso que la vida humana requiere del desarrollo de varios tipos de inteligencia. As\u00ed pues, Gardner no entra en contradicci\u00f3n con la definici\u00f3n cient\u00edfica de la inteligencia, como la \u00abcapacidad de solucionar problemas o elaborar bienes valiosos\u00bb.<\/h5>\n<p><!--more--><\/p>\n<h5 style=\"text-align: justify;\">Howard Gardner y sus colaboradores de la\u00a0<strong>prestigiosa Universidad de Harvard<\/strong>\u00a0advirtieron que la inteligencia acad\u00e9mica (la obtenci\u00f3n de titulaciones y m\u00e9ritos educativos; el expediente acad\u00e9mico) no es un factor decisivo para conocer la inteligencia de una persona.<\/h5>\n<p style=\"text-align: justify;\">Un buen ejemplo de esta idea se observa en personas que, a pesar de obtener excelentes calificaciones acad\u00e9micas, presentan problemas importantes para relacionarse con otras personas o para manejar otras facetas de su vida.\u00a0<strong>Gardner y sus colaboradores podr\u00edan afirmar que Stephen Hawking no posee una mayor inteligencia que Leo Messi<\/strong>, sino que cada uno de ellos ha desarrollado un tipo de inteligencia diferente.<\/p>\n<p style=\"text-align: justify;\">Por otro lado, Howard Gardner se\u00f1ala que existen casos claros en los que personas presentan unas habilidades cognitivas extremadamente desarrolladas, y otras muy poco desarrolladas:\u00a0<strong>es el caso de los savants<\/strong>. Un ejemplo de savant fue\u00a0Kim Peek, que a pesar de que en general ten\u00eda poca habilidad para razonar, era capaz de memorizar mapas y libros enteros, en pr\u00e1cticamente todos sus detalles.<\/p>\n<p style=\"text-align: justify;\">Estos casos excepcionales hicieron que Gardner pensase que la inteligencia no existe, sino que en realidad hay muchas inteligencias independientes.<\/p>\n<p><img loading=\"lazy\" decoding=\"async\" class=\"alignnone wp-image-77108 size-full\" src=\"https:\/\/webdelmaestrocmf.com\/portal\/wp-content\/uploads\/2022\/05\/1.jpeg\" alt=\"\" width=\"1024\" height=\"576\" srcset=\"https:\/\/webdelmaestrocmf.com\/portal\/wp-content\/uploads\/2022\/05\/1.jpeg 1024w, https:\/\/webdelmaestrocmf.com\/portal\/wp-content\/uploads\/2022\/05\/1-300x169.jpeg 300w, https:\/\/webdelmaestrocmf.com\/portal\/wp-content\/uploads\/2022\/05\/1-768x432.jpeg 768w, https:\/\/webdelmaestrocmf.com\/portal\/wp-content\/uploads\/2022\/05\/1-110x62.jpeg 110w, https:\/\/webdelmaestrocmf.com\/portal\/wp-content\/uploads\/2022\/05\/1-200x113.jpeg 200w, https:\/\/webdelmaestrocmf.com\/portal\/wp-content\/uploads\/2022\/05\/1-380x214.jpeg 380w, https:\/\/webdelmaestrocmf.com\/portal\/wp-content\/uploads\/2022\/05\/1-255x143.jpeg 255w, https:\/\/webdelmaestrocmf.com\/portal\/wp-content\/uploads\/2022\/05\/1-550x309.jpeg 550w, https:\/\/webdelmaestrocmf.com\/portal\/wp-content\/uploads\/2022\/05\/1-800x450.jpeg 800w\" sizes=\"auto, (max-width: 1024px) 100vw, 1024px\" \/><\/p>\n<p style=\"text-align: center;\">Recomendamos a la Comunidad Educativa Digital tener en cuenta que, el enlace y\/o la carpeta en donde est\u00e1n alojados los libros, recursos y\/o materiales, no es administrado por la Web del Maestro CMF, pueda ser que en cuesti\u00f3n de d\u00edas (o seg\u00fan el tiempo transcurrido desde su publicaci\u00f3n), los enlaces no funcionen y el material ya no se encuentre disponible. Gracias por su comprensi\u00f3n.<\/p>\n<h3>ENLACE DE LECTURA:<\/h3>\n<p style=\"text-align: center;\">\u00a1Comparte y as\u00ed m\u00e1s docentes utilizar\u00e1n estos recursos\u00a0gratis! Muchas gracias.<\/p>\n<p style=\"text-align: center;\">ENLACE 1: <span style=\"color: #000000;\"><a style=\"color: #000000;\" href=\"https:\/\/mega.nz\/folder\/7yhWCSyL#gfX3GcdBEnrMcHM1nbXWNg\" target=\"_blank\" rel=\"noopener\">CALENDARIO DE INTELIGENCIAS M\u00daLTIPLES DE ENERO A DICIEMBRE<\/a><\/span><\/p>\n\t\t<div class=\"pk-inline-posts\">\n\t\t\t\n\t\t\t<div class=\"pk-inline-posts-container pk-inline-posts-template-list\"\n\t\t\t\tdata-columns=\"1\">\n\t\t\t\t\t\t<article id=\"post-31801\" class=\"post-31801 post type-post status-publish format-standard has-post-thumbnail category-inteligencias-multiples category-pedagogia tag-aula tag-estrategias-clave tag-guia-para-docentes tag-inteligencias tag-inteligencias-multiples tag-inteligencias-multiples-en-el-aula tag-multiples cs-entry cs-video-wrap\">\n\t\t\t<div class=\"pk-post-outer\">\n\n\t\t\t\t\t\t\t\t<div class=\"pk-post-inner\">\n\t\t\t\t\t<div class=\"entry-thumbnail\">\n\t\t\t\t\t\t<div class=\"pk-overlay pk-overlay-ratio pk-ratio-landscape\">\n\t\t\t\t\t\t\t<div class=\"pk-overlay-background\">\n\t\t\t\t\t\t\t\t<a href=\"https:\/\/webdelmaestrocmf.com\/portal\/guia-para-docentes-las-inteligencias-multiples-en-el-aula\/\" class=\"pk-overlay-link\">\n\t\t\t\t\t\t\t\t\t<img loading=\"lazy\" decoding=\"async\" width=\"300\" height=\"225\" src=\"https:\/\/webdelmaestrocmf.com\/portal\/wp-content\/uploads\/2020\/11\/Banner-1-portada-imagen-10-1-15-300x225.jpg\" class=\"attachment-pk-thumbnail size-pk-thumbnail wp-post-image\" alt=\"inteligencias m\u00faltiples\" \/>\t\t\t\t\t\t\t\t<\/a>\n\t\t\t\t\t\t\t<\/div>\n\t\t\t\t\t\t<\/div>\n\t\t\t\t\t<\/div>\n\t\t\t\t<\/div>\n\t\t\t\t\n\t\t\t\t<div class=\"pk-post-inner\">\n\t\t\t\t\t<header>\n\t\t\t\t\t\t<h3 class=\"pk-title\"><a href=\"https:\/\/webdelmaestrocmf.com\/portal\/guia-para-docentes-las-inteligencias-multiples-en-el-aula\/\" rel=\"bookmark\">Gu\u00eda para docentes sobre las inteligencias m\u00faltiples en el aula<\/a><\/h3>\t\t\t\t\t<\/header><!-- .entry-header -->\n\t\t\t\t<\/div><!-- .post-inner -->\n\n\t\t\t<\/div><!-- .post-outer -->\n\t\t<\/article>\n\t\t\t\t<\/div>\n\t\t<\/div>\n\t\t\n","protected":false},"excerpt":{"rendered":"La\u00a0Teor\u00eda de las Inteligencias M\u00faltiples\u00a0fue ideada por el psic\u00f3logo estadounidense\u00a0Howard Gardner como contrapeso al paradigma de una inteligencia&hellip;","protected":false},"author":1,"featured_media":64697,"comment_status":"open","ping_status":"closed","sticky":false,"template":"","format":"standard","meta":{"csco_display_header_overlay":false,"csco_singular_sidebar":"default","csco_page_header_type":"default","csco_page_load_nextpost":"default","csco_post_video_location":[],"csco_post_video_location_hash":"","csco_post_video_url":"","csco_post_video_bg_start_time":0,"csco_post_video_bg_end_time":0,"csco_post_video_bg_volume":false,"_jetpack_memberships_contains_paid_content":false,"footnotes":""},"categories":[612,735],"tags":[4764,4268,6416,995,996],"class_list":{"0":"post-64695","1":"post","2":"type-post","3":"status-publish","4":"format-standard","5":"has-post-thumbnail","7":"category-inteligencias-multiples","8":"category-pedagogia","9":"tag-calendario","10":"tag-diciembre","11":"tag-enero","12":"tag-inteligencias","13":"tag-multiples","14":"cs-entry","15":"cs-video-wrap"},"yoast_head":"<!-- This site is optimized with the Yoast SEO plugin v27.5 - https:\/\/yoast.com\/product\/yoast-seo-wordpress\/ -->\n<title>Calendario de Inteligencias M\u00faltiples de enero a diciembre - 2026<\/title>\n<meta name=\"description\" content=\"La\u00a0Teor\u00eda de las Inteligencias M\u00faltiples\u00a0fue ideada por el psic\u00f3logo estadounidense\u00a0Howard Gardner como contrapeso...\" \/>\n<meta name=\"robots\" content=\"index, follow, max-snippet:-1, max-image-preview:large, max-video-preview:-1\" \/>\n<link rel=\"canonical\" href=\"https:\/\/webdelmaestrocmf.com\/portal\/calendario-de-inteligencias-multiples-de-enero-a-diciembre\/\" \/>\n<meta property=\"og:locale\" content=\"es_ES\" \/>\n<meta property=\"og:type\" content=\"article\" \/>\n<meta property=\"og:title\" content=\"Calendario de Inteligencias M\u00faltiples de enero a diciembre - 2026\" \/>\n<meta property=\"og:description\" content=\"La\u00a0Teor\u00eda de las Inteligencias M\u00faltiples\u00a0fue ideada por el psic\u00f3logo estadounidense\u00a0Howard Gardner como contrapeso...\" \/>\n<meta property=\"og:url\" content=\"https:\/\/webdelmaestrocmf.com\/portal\/calendario-de-inteligencias-multiples-de-enero-a-diciembre\/\" \/>\n<meta property=\"og:site_name\" content=\"Web del Maestro CMF\" \/>\n<meta property=\"article:publisher\" content=\"https:\/\/www.facebook.com\/WebdelMaestroCMF\/\" \/>\n<meta property=\"article:author\" content=\"https:\/\/www.facebook.com\/WebdelMaestroCMF\/\" \/>\n<meta property=\"article:published_time\" content=\"2022-05-23T23:23:32+00:00\" \/>\n<meta property=\"article:modified_time\" content=\"2022-11-22T14:20:38+00:00\" \/>\n<meta property=\"og:image\" content=\"https:\/\/i0.wp.com\/webdelmaestrocmf.com\/portal\/wp-content\/uploads\/2021\/07\/1-5.jpg?fit=1100%2C680&ssl=1\" \/>\n\t<meta property=\"og:image:width\" content=\"1100\" \/>\n\t<meta property=\"og:image:height\" content=\"680\" \/>\n\t<meta property=\"og:image:type\" content=\"image\/jpeg\" \/>\n<meta name=\"author\" content=\"Web del Maestro CMF\" \/>\n<meta name=\"twitter:card\" content=\"summary_large_image\" \/>\n<meta name=\"twitter:creator\" content=\"@cmf_w\" \/>\n<meta name=\"twitter:site\" content=\"@cmf_w\" \/>\n<script type=\"application\/ld+json\" class=\"yoast-schema-graph\">{\"@context\":\"https:\\\/\\\/schema.org\",\"@graph\":[{\"@type\":\"ScholarlyArticle\",\"@id\":\"https:\\\/\\\/webdelmaestrocmf.com\\\/portal\\\/calendario-de-inteligencias-multiples-de-enero-a-diciembre\\\/#article\",\"isPartOf\":{\"@id\":\"https:\\\/\\\/webdelmaestrocmf.com\\\/portal\\\/calendario-de-inteligencias-multiples-de-enero-a-diciembre\\\/\"},\"author\":{\"name\":\"Web del Maestro CMF\",\"@id\":\"https:\\\/\\\/webdelmaestrocmf.com\\\/portal\\\/#\\\/schema\\\/person\\\/1072a2ed7bd960df8ef99a551fa35dc5\"},\"headline\":\"Calendario de Inteligencias M\u00faltiples de enero a diciembre\",\"datePublished\":\"2022-05-23T23:23:32+00:00\",\"dateModified\":\"2022-11-22T14:20:38+00:00\",\"mainEntityOfPage\":{\"@id\":\"https:\\\/\\\/webdelmaestrocmf.com\\\/portal\\\/calendario-de-inteligencias-multiples-de-enero-a-diciembre\\\/\"},\"wordCount\":369,\"commentCount\":0,\"publisher\":{\"@id\":\"https:\\\/\\\/webdelmaestrocmf.com\\\/portal\\\/#organization\"},\"image\":{\"@id\":\"https:\\\/\\\/webdelmaestrocmf.com\\\/portal\\\/calendario-de-inteligencias-multiples-de-enero-a-diciembre\\\/#primaryimage\"},\"thumbnailUrl\":\"https:\\\/\\\/webdelmaestrocmf.com\\\/portal\\\/wp-content\\\/uploads\\\/2021\\\/07\\\/1-5.jpg\",\"keywords\":[\"Calendario\",\"DICIEMBRE\",\"Enero\",\"INTELIGENCIAS\",\"M\u00daLTIPLES\"],\"articleSection\":[\"Inteligencias m\u00faltiples\",\"Recursos\"],\"inLanguage\":\"es\",\"potentialAction\":[{\"@type\":\"CommentAction\",\"name\":\"Comment\",\"target\":[\"https:\\\/\\\/webdelmaestrocmf.com\\\/portal\\\/calendario-de-inteligencias-multiples-de-enero-a-diciembre\\\/#respond\"]}]},{\"@type\":\"WebPage\",\"@id\":\"https:\\\/\\\/webdelmaestrocmf.com\\\/portal\\\/calendario-de-inteligencias-multiples-de-enero-a-diciembre\\\/\",\"url\":\"https:\\\/\\\/webdelmaestrocmf.com\\\/portal\\\/calendario-de-inteligencias-multiples-de-enero-a-diciembre\\\/\",\"name\":\"Calendario de Inteligencias M\u00faltiples de enero a diciembre - 2026\",\"isPartOf\":{\"@id\":\"https:\\\/\\\/webdelmaestrocmf.com\\\/portal\\\/#website\"},\"primaryImageOfPage\":{\"@id\":\"https:\\\/\\\/webdelmaestrocmf.com\\\/portal\\\/calendario-de-inteligencias-multiples-de-enero-a-diciembre\\\/#primaryimage\"},\"image\":{\"@id\":\"https:\\\/\\\/webdelmaestrocmf.com\\\/portal\\\/calendario-de-inteligencias-multiples-de-enero-a-diciembre\\\/#primaryimage\"},\"thumbnailUrl\":\"https:\\\/\\\/webdelmaestrocmf.com\\\/portal\\\/wp-content\\\/uploads\\\/2021\\\/07\\\/1-5.jpg\",\"datePublished\":\"2022-05-23T23:23:32+00:00\",\"dateModified\":\"2022-11-22T14:20:38+00:00\",\"description\":\"La\u00a0Teor\u00eda de las Inteligencias M\u00faltiples\u00a0fue ideada por el psic\u00f3logo estadounidense\u00a0Howard Gardner como contrapeso...\",\"breadcrumb\":{\"@id\":\"https:\\\/\\\/webdelmaestrocmf.com\\\/portal\\\/calendario-de-inteligencias-multiples-de-enero-a-diciembre\\\/#breadcrumb\"},\"inLanguage\":\"es\",\"potentialAction\":[{\"@type\":\"ReadAction\",\"target\":[\"https:\\\/\\\/webdelmaestrocmf.com\\\/portal\\\/calendario-de-inteligencias-multiples-de-enero-a-diciembre\\\/\"]}]},{\"@type\":\"ImageObject\",\"inLanguage\":\"es\",\"@id\":\"https:\\\/\\\/webdelmaestrocmf.com\\\/portal\\\/calendario-de-inteligencias-multiples-de-enero-a-diciembre\\\/#primaryimage\",\"url\":\"https:\\\/\\\/webdelmaestrocmf.com\\\/portal\\\/wp-content\\\/uploads\\\/2021\\\/07\\\/1-5.jpg\",\"contentUrl\":\"https:\\\/\\\/webdelmaestrocmf.com\\\/portal\\\/wp-content\\\/uploads\\\/2021\\\/07\\\/1-5.jpg\",\"width\":1100,\"height\":680},{\"@type\":\"BreadcrumbList\",\"@id\":\"https:\\\/\\\/webdelmaestrocmf.com\\\/portal\\\/calendario-de-inteligencias-multiples-de-enero-a-diciembre\\\/#breadcrumb\",\"itemListElement\":[{\"@type\":\"ListItem\",\"position\":1,\"name\":\"Portada\",\"item\":\"https:\\\/\\\/webdelmaestrocmf.com\\\/portal\\\/\"},{\"@type\":\"ListItem\",\"position\":2,\"name\":\"Recursos\",\"item\":\"https:\\\/\\\/webdelmaestrocmf.com\\\/portal\\\/category\\\/pedagogia\\\/\"},{\"@type\":\"ListItem\",\"position\":3,\"name\":\"Calendario de Inteligencias M\u00faltiples de enero a diciembre\"}]},{\"@type\":\"WebSite\",\"@id\":\"https:\\\/\\\/webdelmaestrocmf.com\\\/portal\\\/#website\",\"url\":\"https:\\\/\\\/webdelmaestrocmf.com\\\/portal\\\/\",\"name\":\"Web del Maestro CMF\",\"description\":\"Maestros al servicio de la educaci\u00f3n\",\"publisher\":{\"@id\":\"https:\\\/\\\/webdelmaestrocmf.com\\\/portal\\\/#organization\"},\"alternateName\":\"WMCMF\",\"potentialAction\":[{\"@type\":\"SearchAction\",\"target\":{\"@type\":\"EntryPoint\",\"urlTemplate\":\"https:\\\/\\\/webdelmaestrocmf.com\\\/portal\\\/?s={search_term_string}\"},\"query-input\":{\"@type\":\"PropertyValueSpecification\",\"valueRequired\":true,\"valueName\":\"search_term_string\"}}],\"inLanguage\":\"es\"},{\"@type\":\"Organization\",\"@id\":\"https:\\\/\\\/webdelmaestrocmf.com\\\/portal\\\/#organization\",\"name\":\"Web del Maestro CMF\",\"alternateName\":\"WMCMF\",\"url\":\"https:\\\/\\\/webdelmaestrocmf.com\\\/portal\\\/\",\"logo\":{\"@type\":\"ImageObject\",\"inLanguage\":\"es\",\"@id\":\"https:\\\/\\\/webdelmaestrocmf.com\\\/portal\\\/#\\\/schema\\\/logo\\\/image\\\/\",\"url\":\"https:\\\/\\\/webdelmaestrocmf.com\\\/portal\\\/wp-content\\\/uploads\\\/2023\\\/01\\\/logo-wmcmf-2.png\",\"contentUrl\":\"https:\\\/\\\/webdelmaestrocmf.com\\\/portal\\\/wp-content\\\/uploads\\\/2023\\\/01\\\/logo-wmcmf-2.png\",\"width\":200,\"height\":60,\"caption\":\"Web del Maestro CMF\"},\"image\":{\"@id\":\"https:\\\/\\\/webdelmaestrocmf.com\\\/portal\\\/#\\\/schema\\\/logo\\\/image\\\/\"},\"sameAs\":[\"https:\\\/\\\/www.facebook.com\\\/WebdelMaestroCMF\\\/\",\"https:\\\/\\\/x.com\\\/cmf_w\",\"https:\\\/\\\/www.pinterest.com\\\/WMCMF\\\/\",\"https:\\\/\\\/www.linkedin.com\\\/company\\\/web-del-maestro-cmf\\\/\",\"https:\\\/\\\/www.instagram.com\\\/wmcmf\\\/\",\"https:\\\/\\\/www.youtube.com\\\/channel\\\/UCDPSvjbdodE5sHnC3OxutHw\",\"https:\\\/\\\/mastodon.social\\\/@wmcmf\",\"https:\\\/\\\/www.tiktok.com\\\/@webdelmaestrocmf\"]},{\"@type\":\"Person\",\"@id\":\"https:\\\/\\\/webdelmaestrocmf.com\\\/portal\\\/#\\\/schema\\\/person\\\/1072a2ed7bd960df8ef99a551fa35dc5\",\"name\":\"Web del Maestro CMF\",\"image\":{\"@type\":\"ImageObject\",\"inLanguage\":\"es\",\"@id\":\"https:\\\/\\\/secure.gravatar.com\\\/avatar\\\/23291dd5b5ae1077dcff3dbb04c3e02bd28403fa75af6d8787d5e97c5bbbe30b?s=96&d=mm&r=g\",\"url\":\"https:\\\/\\\/secure.gravatar.com\\\/avatar\\\/23291dd5b5ae1077dcff3dbb04c3e02bd28403fa75af6d8787d5e97c5bbbe30b?s=96&d=mm&r=g\",\"contentUrl\":\"https:\\\/\\\/secure.gravatar.com\\\/avatar\\\/23291dd5b5ae1077dcff3dbb04c3e02bd28403fa75af6d8787d5e97c5bbbe30b?s=96&d=mm&r=g\",\"caption\":\"Web del Maestro CMF\"},\"description\":\"Esta Web se cre\u00f3 sin fines de lucro, con fines educativos, cient\u00edficos y acad\u00e9micos, para personas que tengan dificultades y\\\/o inconvenientes en visualizar el material original. El objetivo es entregar recursos, compartir experiencias y materiales que ayuden a los padres de familia, maestros y estudiantes en su actualizaci\u00f3n y formaci\u00f3n permanente, en bien de la Educaci\u00f3n.\",\"sameAs\":[\"http:\\\/\\\/webdelmaestrocmf.com\\\/portal\",\"https:\\\/\\\/www.facebook.com\\\/WebdelMaestroCMF\\\/\",\"https:\\\/\\\/www.instagram.com\\\/wmcmf\\\/\",\"https:\\\/\\\/cl.linkedin.com\\\/company\\\/web-del-maestro-cmf\",\"https:\\\/\\\/www.pinterest.com\\\/WMCMF\\\/publicaciones\\\/\",\"https:\\\/\\\/x.com\\\/cmf_w\",\"https:\\\/\\\/www.youtube.com\\\/@WMCMF\"]}]}<\/script>\n<!-- \/ Yoast SEO plugin. -->","yoast_head_json":{"title":"Calendario de Inteligencias M\u00faltiples de enero a diciembre - 2026","description":"La\u00a0Teor\u00eda de las Inteligencias M\u00faltiples\u00a0fue ideada por el psic\u00f3logo estadounidense\u00a0Howard Gardner como contrapeso...","robots":{"index":"index","follow":"follow","max-snippet":"max-snippet:-1","max-image-preview":"max-image-preview:large","max-video-preview":"max-video-preview:-1"},"canonical":"https:\/\/webdelmaestrocmf.com\/portal\/calendario-de-inteligencias-multiples-de-enero-a-diciembre\/","og_locale":"es_ES","og_type":"article","og_title":"Calendario de Inteligencias M\u00faltiples de enero a diciembre - 2026","og_description":"La\u00a0Teor\u00eda de las Inteligencias M\u00faltiples\u00a0fue ideada por el psic\u00f3logo estadounidense\u00a0Howard Gardner como contrapeso...","og_url":"https:\/\/webdelmaestrocmf.com\/portal\/calendario-de-inteligencias-multiples-de-enero-a-diciembre\/","og_site_name":"Web del Maestro CMF","article_publisher":"https:\/\/www.facebook.com\/WebdelMaestroCMF\/","article_author":"https:\/\/www.facebook.com\/WebdelMaestroCMF\/","article_published_time":"2022-05-23T23:23:32+00:00","article_modified_time":"2022-11-22T14:20:38+00:00","og_image":[{"width":1100,"height":680,"url":"https:\/\/i0.wp.com\/webdelmaestrocmf.com\/portal\/wp-content\/uploads\/2021\/07\/1-5.jpg?fit=1100%2C680&ssl=1","type":"image\/jpeg"}],"author":"Web del Maestro CMF","twitter_card":"summary_large_image","twitter_creator":"@cmf_w","twitter_site":"@cmf_w","schema":{"@context":"https:\/\/schema.org","@graph":[{"@type":"ScholarlyArticle","@id":"https:\/\/webdelmaestrocmf.com\/portal\/calendario-de-inteligencias-multiples-de-enero-a-diciembre\/#article","isPartOf":{"@id":"https:\/\/webdelmaestrocmf.com\/portal\/calendario-de-inteligencias-multiples-de-enero-a-diciembre\/"},"author":{"name":"Web del Maestro CMF","@id":"https:\/\/webdelmaestrocmf.com\/portal\/#\/schema\/person\/1072a2ed7bd960df8ef99a551fa35dc5"},"headline":"Calendario de Inteligencias M\u00faltiples de enero a diciembre","datePublished":"2022-05-23T23:23:32+00:00","dateModified":"2022-11-22T14:20:38+00:00","mainEntityOfPage":{"@id":"https:\/\/webdelmaestrocmf.com\/portal\/calendario-de-inteligencias-multiples-de-enero-a-diciembre\/"},"wordCount":369,"commentCount":0,"publisher":{"@id":"https:\/\/webdelmaestrocmf.com\/portal\/#organization"},"image":{"@id":"https:\/\/webdelmaestrocmf.com\/portal\/calendario-de-inteligencias-multiples-de-enero-a-diciembre\/#primaryimage"},"thumbnailUrl":"https:\/\/webdelmaestrocmf.com\/portal\/wp-content\/uploads\/2021\/07\/1-5.jpg","keywords":["Calendario","DICIEMBRE","Enero","INTELIGENCIAS","M\u00daLTIPLES"],"articleSection":["Inteligencias m\u00faltiples","Recursos"],"inLanguage":"es","potentialAction":[{"@type":"CommentAction","name":"Comment","target":["https:\/\/webdelmaestrocmf.com\/portal\/calendario-de-inteligencias-multiples-de-enero-a-diciembre\/#respond"]}]},{"@type":"WebPage","@id":"https:\/\/webdelmaestrocmf.com\/portal\/calendario-de-inteligencias-multiples-de-enero-a-diciembre\/","url":"https:\/\/webdelmaestrocmf.com\/portal\/calendario-de-inteligencias-multiples-de-enero-a-diciembre\/","name":"Calendario de Inteligencias M\u00faltiples de enero a diciembre - 2026","isPartOf":{"@id":"https:\/\/webdelmaestrocmf.com\/portal\/#website"},"primaryImageOfPage":{"@id":"https:\/\/webdelmaestrocmf.com\/portal\/calendario-de-inteligencias-multiples-de-enero-a-diciembre\/#primaryimage"},"image":{"@id":"https:\/\/webdelmaestrocmf.com\/portal\/calendario-de-inteligencias-multiples-de-enero-a-diciembre\/#primaryimage"},"thumbnailUrl":"https:\/\/webdelmaestrocmf.com\/portal\/wp-content\/uploads\/2021\/07\/1-5.jpg","datePublished":"2022-05-23T23:23:32+00:00","dateModified":"2022-11-22T14:20:38+00:00","description":"La\u00a0Teor\u00eda de las Inteligencias M\u00faltiples\u00a0fue ideada por el psic\u00f3logo estadounidense\u00a0Howard Gardner como contrapeso...","breadcrumb":{"@id":"https:\/\/webdelmaestrocmf.com\/portal\/calendario-de-inteligencias-multiples-de-enero-a-diciembre\/#breadcrumb"},"inLanguage":"es","potentialAction":[{"@type":"ReadAction","target":["https:\/\/webdelmaestrocmf.com\/portal\/calendario-de-inteligencias-multiples-de-enero-a-diciembre\/"]}]},{"@type":"ImageObject","inLanguage":"es","@id":"https:\/\/webdelmaestrocmf.com\/portal\/calendario-de-inteligencias-multiples-de-enero-a-diciembre\/#primaryimage","url":"https:\/\/webdelmaestrocmf.com\/portal\/wp-content\/uploads\/2021\/07\/1-5.jpg","contentUrl":"https:\/\/webdelmaestrocmf.com\/portal\/wp-content\/uploads\/2021\/07\/1-5.jpg","width":1100,"height":680},{"@type":"BreadcrumbList","@id":"https:\/\/webdelmaestrocmf.com\/portal\/calendario-de-inteligencias-multiples-de-enero-a-diciembre\/#breadcrumb","itemListElement":[{"@type":"ListItem","position":1,"name":"Portada","item":"https:\/\/webdelmaestrocmf.com\/portal\/"},{"@type":"ListItem","position":2,"name":"Recursos","item":"https:\/\/webdelmaestrocmf.com\/portal\/category\/pedagogia\/"},{"@type":"ListItem","position":3,"name":"Calendario de Inteligencias M\u00faltiples de enero a diciembre"}]},{"@type":"WebSite","@id":"https:\/\/webdelmaestrocmf.com\/portal\/#website","url":"https:\/\/webdelmaestrocmf.com\/portal\/","name":"Web del Maestro CMF","description":"Maestros al servicio de la educaci\u00f3n","publisher":{"@id":"https:\/\/webdelmaestrocmf.com\/portal\/#organization"},"alternateName":"WMCMF","potentialAction":[{"@type":"SearchAction","target":{"@type":"EntryPoint","urlTemplate":"https:\/\/webdelmaestrocmf.com\/portal\/?s={search_term_string}"},"query-input":{"@type":"PropertyValueSpecification","valueRequired":true,"valueName":"search_term_string"}}],"inLanguage":"es"},{"@type":"Organization","@id":"https:\/\/webdelmaestrocmf.com\/portal\/#organization","name":"Web del Maestro CMF","alternateName":"WMCMF","url":"https:\/\/webdelmaestrocmf.com\/portal\/","logo":{"@type":"ImageObject","inLanguage":"es","@id":"https:\/\/webdelmaestrocmf.com\/portal\/#\/schema\/logo\/image\/","url":"https:\/\/webdelmaestrocmf.com\/portal\/wp-content\/uploads\/2023\/01\/logo-wmcmf-2.png","contentUrl":"https:\/\/webdelmaestrocmf.com\/portal\/wp-content\/uploads\/2023\/01\/logo-wmcmf-2.png","width":200,"height":60,"caption":"Web del Maestro CMF"},"image":{"@id":"https:\/\/webdelmaestrocmf.com\/portal\/#\/schema\/logo\/image\/"},"sameAs":["https:\/\/www.facebook.com\/WebdelMaestroCMF\/","https:\/\/x.com\/cmf_w","https:\/\/www.pinterest.com\/WMCMF\/","https:\/\/www.linkedin.com\/company\/web-del-maestro-cmf\/","https:\/\/www.instagram.com\/wmcmf\/","https:\/\/www.youtube.com\/channel\/UCDPSvjbdodE5sHnC3OxutHw","https:\/\/mastodon.social\/@wmcmf","https:\/\/www.tiktok.com\/@webdelmaestrocmf"]},{"@type":"Person","@id":"https:\/\/webdelmaestrocmf.com\/portal\/#\/schema\/person\/1072a2ed7bd960df8ef99a551fa35dc5","name":"Web del Maestro CMF","image":{"@type":"ImageObject","inLanguage":"es","@id":"https:\/\/secure.gravatar.com\/avatar\/23291dd5b5ae1077dcff3dbb04c3e02bd28403fa75af6d8787d5e97c5bbbe30b?s=96&d=mm&r=g","url":"https:\/\/secure.gravatar.com\/avatar\/23291dd5b5ae1077dcff3dbb04c3e02bd28403fa75af6d8787d5e97c5bbbe30b?s=96&d=mm&r=g","contentUrl":"https:\/\/secure.gravatar.com\/avatar\/23291dd5b5ae1077dcff3dbb04c3e02bd28403fa75af6d8787d5e97c5bbbe30b?s=96&d=mm&r=g","caption":"Web del Maestro CMF"},"description":"Esta Web se cre\u00f3 sin fines de lucro, con fines educativos, cient\u00edficos y acad\u00e9micos, para personas que tengan dificultades y\/o inconvenientes en visualizar el material original. El objetivo es entregar recursos, compartir experiencias y materiales que ayuden a los padres de familia, maestros y estudiantes en su actualizaci\u00f3n y formaci\u00f3n permanente, en bien de la Educaci\u00f3n.","sameAs":["http:\/\/webdelmaestrocmf.com\/portal","https:\/\/www.facebook.com\/WebdelMaestroCMF\/","https:\/\/www.instagram.com\/wmcmf\/","https:\/\/cl.linkedin.com\/company\/web-del-maestro-cmf","https:\/\/www.pinterest.com\/WMCMF\/publicaciones\/","https:\/\/x.com\/cmf_w","https:\/\/www.youtube.com\/@WMCMF"]}]}},"jetpack_featured_media_url":"https:\/\/webdelmaestrocmf.com\/portal\/wp-content\/uploads\/2021\/07\/1-5.jpg","jetpack_sharing_enabled":true,"jetpack-related-posts":[{"id":86288,"url":"https:\/\/webdelmaestrocmf.com\/portal\/inteligencias-multiples-para-el-aula-de-howard-gardner-y-thomas-armstrong\/","url_meta":{"origin":64695,"position":0},"title":"Inteligencias m\u00faltiples: H. Gardner, T. Armstrong y D. Goleman","author":"Web del Maestro CMF","date":"5 mayo, 2024","format":false,"excerpt":"En este art\u00edculo, exploraremos con detenimiento la teor\u00eda de las inteligencias m\u00faltiples, un resumen de su historia y las contribuciones de Howard Gardner. Tambi\u00e9n examinaremos las ocho tipos de inteligencias seg\u00fan su propuesta, su aplicaci\u00f3n en el aula, las aportaciones de otros expertos como Thomas Armstrong y Daniel Goleman, tambi\u00e9n\u2026","rel":"","context":"En \u00abInteligencias m\u00faltiples\u00bb","block_context":{"text":"Inteligencias m\u00faltiples","link":"https:\/\/webdelmaestrocmf.com\/portal\/category\/pedagogia\/inteligencias-multiples\/"},"img":{"alt_text":"","src":"https:\/\/i0.wp.com\/webdelmaestrocmf.com\/portal\/wp-content\/uploads\/2023\/11\/Banner-1-portada-imagen-10-1-13.jpg?resize=350%2C200&ssl=1","width":350,"height":200,"srcset":"https:\/\/i0.wp.com\/webdelmaestrocmf.com\/portal\/wp-content\/uploads\/2023\/11\/Banner-1-portada-imagen-10-1-13.jpg?resize=350%2C200&ssl=1 1x, https:\/\/i0.wp.com\/webdelmaestrocmf.com\/portal\/wp-content\/uploads\/2023\/11\/Banner-1-portada-imagen-10-1-13.jpg?resize=525%2C300&ssl=1 1.5x, https:\/\/i0.wp.com\/webdelmaestrocmf.com\/portal\/wp-content\/uploads\/2023\/11\/Banner-1-portada-imagen-10-1-13.jpg?resize=700%2C400&ssl=1 2x"},"classes":[]},{"id":24986,"url":"https:\/\/webdelmaestrocmf.com\/portal\/los-test-que-miden-el-coeficiente-intelectual-no-sirven\/","url_meta":{"origin":64695,"position":1},"title":"Howard Gardner: Los test que miden el coeficiente intelectual, no sirven","author":"Web del Maestro CMF","date":"8 febrero, 2022","format":false,"excerpt":"La interpretaci\u00f3n de los test de inteligencia ha cambiado mucho en las \u00faltimas d\u00e9cadas. Frente a la tradicional clasificaci\u00f3n de las personas seg\u00fan sus resultados, actualmente los psic\u00f3logos conciben la inteligencia como algo global, a lo que denominan inteligencias m\u00faltiples; una persona no es una cifra. El WISC y el\u2026","rel":"","context":"En \u00abEntrevistas\u00bb","block_context":{"text":"Entrevistas","link":"https:\/\/webdelmaestrocmf.com\/portal\/category\/noticias\/entrevistas\/"},"img":{"alt_text":"","src":"https:\/\/i0.wp.com\/webdelmaestrocmf.com\/portal\/wp-content\/uploads\/2018\/01\/2-19.jpg?resize=350%2C200&ssl=1","width":350,"height":200,"srcset":"https:\/\/i0.wp.com\/webdelmaestrocmf.com\/portal\/wp-content\/uploads\/2018\/01\/2-19.jpg?resize=350%2C200&ssl=1 1x, https:\/\/i0.wp.com\/webdelmaestrocmf.com\/portal\/wp-content\/uploads\/2018\/01\/2-19.jpg?resize=525%2C300&ssl=1 1.5x, https:\/\/i0.wp.com\/webdelmaestrocmf.com\/portal\/wp-content\/uploads\/2018\/01\/2-19.jpg?resize=700%2C400&ssl=1 2x, https:\/\/i0.wp.com\/webdelmaestrocmf.com\/portal\/wp-content\/uploads\/2018\/01\/2-19.jpg?resize=1050%2C600&ssl=1 3x"},"classes":[]},{"id":66829,"url":"https:\/\/webdelmaestrocmf.com\/portal\/alexander-ortiz-existen-multiples-inteligencias-humanas-o-en-realidad-es-solo-una\/","url_meta":{"origin":64695,"position":2},"title":"[Alexander Ortiz] \u00bfExisten m\u00faltiples inteligencias humanas o en realidad es solo una?","author":"Web del Maestro CMF","date":"20 agosto, 2021","format":false,"excerpt":"La idea de fraccionar al ser humano en m\u00faltiples destrezas, habilidades, aptitudes y\/o capacidades no es nueva en la historia de la humanidad. Siempre han existido autores que han propuesto varios indicadores o facultades humanas. A lo largo de la historia de la humanidad el n\u00famero de aptitudes ha venido\u2026","rel":"","context":"En \u00abZ-Colaboradores\u00bb","block_context":{"text":"Z-Colaboradores","link":"https:\/\/webdelmaestrocmf.com\/portal\/category\/colaborador\/"},"img":{"alt_text":"","src":"https:\/\/i0.wp.com\/webdelmaestrocmf.com\/portal\/wp-content\/uploads\/2021\/08\/1-139.jpg?resize=350%2C200&ssl=1","width":350,"height":200,"srcset":"https:\/\/i0.wp.com\/webdelmaestrocmf.com\/portal\/wp-content\/uploads\/2021\/08\/1-139.jpg?resize=350%2C200&ssl=1 1x, https:\/\/i0.wp.com\/webdelmaestrocmf.com\/portal\/wp-content\/uploads\/2021\/08\/1-139.jpg?resize=525%2C300&ssl=1 1.5x, https:\/\/i0.wp.com\/webdelmaestrocmf.com\/portal\/wp-content\/uploads\/2021\/08\/1-139.jpg?resize=700%2C400&ssl=1 2x, https:\/\/i0.wp.com\/webdelmaestrocmf.com\/portal\/wp-content\/uploads\/2021\/08\/1-139.jpg?resize=1050%2C600&ssl=1 3x"},"classes":[]},{"id":20556,"url":"https:\/\/webdelmaestrocmf.com\/portal\/12-desafios-implantar-las-inteligencias-multiples-infografia\/","url_meta":{"origin":64695,"position":3},"title":"12 desaf\u00edos para implementar las inteligencias m\u00faltiples","author":"Web del Maestro CMF","date":"21 marzo, 2022","format":false,"excerpt":"La\u00a0teor\u00eda de las inteligencias m\u00faltiples de\u00a0Howard Gardner\u00a0propone que existen\u00a0diferentes tipos inteligencias que est\u00e1n presentes en todas las personas, siendo una de ellas\u00a0la que sobresale o predomina. Antes de esta teor\u00eda se pensaba\u00a0en la inteligencia como una entidad \u00fanica, relacionada b\u00e1sicamente con la capacidad para resolver problemas y que puede \u201cmedirse\u201d\u2026","rel":"","context":"En \u00abInteligencias m\u00faltiples\u00bb","block_context":{"text":"Inteligencias m\u00faltiples","link":"https:\/\/webdelmaestrocmf.com\/portal\/category\/pedagogia\/inteligencias-multiples\/"},"img":{"alt_text":"","src":"https:\/\/i0.wp.com\/webdelmaestrocmf.com\/portal\/wp-content\/uploads\/2022\/03\/1-44.jpg?resize=350%2C200&ssl=1","width":350,"height":200,"srcset":"https:\/\/i0.wp.com\/webdelmaestrocmf.com\/portal\/wp-content\/uploads\/2022\/03\/1-44.jpg?resize=350%2C200&ssl=1 1x, https:\/\/i0.wp.com\/webdelmaestrocmf.com\/portal\/wp-content\/uploads\/2022\/03\/1-44.jpg?resize=525%2C300&ssl=1 1.5x, https:\/\/i0.wp.com\/webdelmaestrocmf.com\/portal\/wp-content\/uploads\/2022\/03\/1-44.jpg?resize=700%2C400&ssl=1 2x, https:\/\/i0.wp.com\/webdelmaestrocmf.com\/portal\/wp-content\/uploads\/2022\/03\/1-44.jpg?resize=1050%2C600&ssl=1 3x"},"classes":[]},{"id":17077,"url":"https:\/\/webdelmaestrocmf.com\/portal\/5-consejos-howard-gardner-madres-padres-educacion-2\/","url_meta":{"origin":64695,"position":4},"title":"5 consejos de Howard Gardner para madres y padres en la educaci\u00f3n de sus hijos","author":"Web del Maestro CMF","date":"15 abril, 2019","format":false,"excerpt":"La semana pasada\u00a0el Dr. Howard Gardner, el creador de la Teor\u00eda de las Inteligencias M\u00faltiples, visitaba el Colegio Montserrat de Barcelona para hablar con alumnos y profesores durante las actividades de aula y observar\u00a0la aplicaci\u00f3n de su teor\u00eda en la pr\u00e1ctica real. Igualmente un grupo de padres y madres \u00e9ramos\u2026","rel":"","context":"En \u00abBienestar Familiar\u00bb","block_context":{"text":"Bienestar Familiar","link":"https:\/\/webdelmaestrocmf.com\/portal\/category\/pedagogia\/bienestar-familiar\/"},"img":{"alt_text":"","src":"https:\/\/i0.wp.com\/webdelmaestrocmf.com\/portal\/wp-content\/uploads\/2018\/05\/1-70.jpg?resize=350%2C200&ssl=1","width":350,"height":200,"srcset":"https:\/\/i0.wp.com\/webdelmaestrocmf.com\/portal\/wp-content\/uploads\/2018\/05\/1-70.jpg?resize=350%2C200&ssl=1 1x, https:\/\/i0.wp.com\/webdelmaestrocmf.com\/portal\/wp-content\/uploads\/2018\/05\/1-70.jpg?resize=525%2C300&ssl=1 1.5x, https:\/\/i0.wp.com\/webdelmaestrocmf.com\/portal\/wp-content\/uploads\/2018\/05\/1-70.jpg?resize=700%2C400&ssl=1 2x, https:\/\/i0.wp.com\/webdelmaestrocmf.com\/portal\/wp-content\/uploads\/2018\/05\/1-70.jpg?resize=1050%2C600&ssl=1 3x"},"classes":[]},{"id":84979,"url":"https:\/\/webdelmaestrocmf.com\/portal\/calendario-de-inteligencias-multiples-del-mes-de-marzo-2023-adaptado-a-infantil\/","url_meta":{"origin":64695,"position":5},"title":"Calendario de Inteligencias M\u00faltiples del mes de marzo 2023 adaptado a Infantil","author":"Web del Maestro CMF","date":"1 marzo, 2023","format":false,"excerpt":"Las inteligencias m\u00faltiples son un marco te\u00f3rico propuesto por el psic\u00f3logo Howard Gardner que sugiere que cada persona tiene diferentes tipos de inteligencias, que van m\u00e1s all\u00e1 de la inteligencia acad\u00e9mica tradicional. Estas inteligencias incluyen habilidades en \u00e1reas como la musicalidad, la inteligencia interpersonal, la inteligencia intrapersonal, la capacidad espacial,\u2026","rel":"","context":"En \u00abInteligencias m\u00faltiples\u00bb","block_context":{"text":"Inteligencias m\u00faltiples","link":"https:\/\/webdelmaestrocmf.com\/portal\/category\/pedagogia\/inteligencias-multiples\/"},"img":{"alt_text":"","src":"https:\/\/i0.wp.com\/webdelmaestrocmf.com\/portal\/wp-content\/uploads\/2023\/03\/1ABW.jpg?resize=350%2C200&ssl=1","width":350,"height":200,"srcset":"https:\/\/i0.wp.com\/webdelmaestrocmf.com\/portal\/wp-content\/uploads\/2023\/03\/1ABW.jpg?resize=350%2C200&ssl=1 1x, https:\/\/i0.wp.com\/webdelmaestrocmf.com\/portal\/wp-content\/uploads\/2023\/03\/1ABW.jpg?resize=525%2C300&ssl=1 1.5x, https:\/\/i0.wp.com\/webdelmaestrocmf.com\/portal\/wp-content\/uploads\/2023\/03\/1ABW.jpg?resize=700%2C400&ssl=1 2x"},"classes":[]}],"_links":{"self":[{"href":"https:\/\/webdelmaestrocmf.com\/portal\/wp-json\/wp\/v2\/posts\/64695","targetHints":{"allow":["GET"]}}],"collection":[{"href":"https:\/\/webdelmaestrocmf.com\/portal\/wp-json\/wp\/v2\/posts"}],"about":[{"href":"https:\/\/webdelmaestrocmf.com\/portal\/wp-json\/wp\/v2\/types\/post"}],"author":[{"embeddable":true,"href":"https:\/\/webdelmaestrocmf.com\/portal\/wp-json\/wp\/v2\/users\/1"}],"replies":[{"embeddable":true,"href":"https:\/\/webdelmaestrocmf.com\/portal\/wp-json\/wp\/v2\/comments?post=64695"}],"version-history":[{"count":0,"href":"https:\/\/webdelmaestrocmf.com\/portal\/wp-json\/wp\/v2\/posts\/64695\/revisions"}],"wp:featuredmedia":[{"embeddable":true,"href":"https:\/\/webdelmaestrocmf.com\/portal\/wp-json\/wp\/v2\/media\/64697"}],"wp:attachment":[{"href":"https:\/\/webdelmaestrocmf.com\/portal\/wp-json\/wp\/v2\/media?parent=64695"}],"wp:term":[{"taxonomy":"category","embeddable":true,"href":"https:\/\/webdelmaestrocmf.com\/portal\/wp-json\/wp\/v2\/categories?post=64695"},{"taxonomy":"post_tag","embeddable":true,"href":"https:\/\/webdelmaestrocmf.com\/portal\/wp-json\/wp\/v2\/tags?post=64695"}],"curies":[{"name":"wp","href":"https:\/\/api.w.org\/{rel}","templated":true}]}}