{"id":64610,"date":"2023-01-02T11:26:36","date_gmt":"2023-01-02T14:26:36","guid":{"rendered":"https:\/\/webdelmaestrocmf.com\/portal\/?p=64610"},"modified":"2024-03-16T11:11:25","modified_gmt":"2024-03-16T14:11:25","slug":"kit-de-evaluacion-diagnostica-para-primaria-y-secundaria","status":"publish","type":"post","link":"https:\/\/webdelmaestrocmf.com\/portal\/kit-de-evaluacion-diagnostica-para-primaria-y-secundaria\/","title":{"rendered":"Kit de evaluaci\u00f3n diagn\u00f3stica para Primaria y Secundaria"},"content":{"rendered":"<p style=\"text-align: justify;\"><strong>Esta gu\u00eda brinda orientaciones especiales para la distribuci\u00f3n y aplicaci\u00f3n de las pruebas del Kit, como parte del refuerzo escolar 2021, en las escuelas que realizan ense\u00f1anza a distancia debido al actual contexto de emergencia sanitaria.<\/strong><\/p>\n<p><!--more--><\/p>\n<p style=\"text-align: justify;\">Es un conjunto de herramientas de f\u00e1cil y r\u00e1pida aplicaci\u00f3n que permitir\u00e1 diagnosticar los logros y las dificultades de aprendizaje de los estudiantes. Con esta informaci\u00f3n, los docentes podr\u00e1n reorientar su pr\u00e1ctica pedag\u00f3gica y retroalimentar a los estudiantes en funci\u00f3n de sus necesidades de aprendizaje en competencias que les habilitan seguir aprendiendo en las dem\u00e1s \u00e1reas del Curr\u00edculo Nacional.<\/p>\n<p style=\"text-align: justify;\">La informaci\u00f3n obtenida ayudar\u00e1 a responder preguntas como:<\/p>\n<ul style=\"text-align: justify;\">\n<li>\u00bfHemos logrado consolidar aprendizajes pendientes del 2020?<\/li>\n<li>\u00bfQu\u00e9 aprendizajes a\u00fan requieren ser reforzados?<\/li>\n<li>\u00bfCu\u00e1les son los estudiantes que tienen mayores dificultades y, por tanto,<br \/>\nnecesitan mayor apoyo?<\/li>\n<li>\u00bfQu\u00e9 nuevas decisiones son necesarias para desarrollar los aprendizajes de nuestros estudiantes?<\/li>\n<\/ul>\n<p style=\"text-align: justify;\">El kit tiene tres herramientas: (1) Pruebas de diagn\u00f3stico, (2) Manual de uso de las pruebas y (3) Registro para el docente.<\/p>\n<p style=\"text-align: justify;\">En esta oportunidad, el Kit incluye pruebas de Lectura, Escritura y Matem\u00e1tica para todos los grados de primaria1 y secundaria.<\/p>\n<p><img loading=\"lazy\" decoding=\"async\" class=\"alignnone size-large wp-image-64611\" src=\"https:\/\/webdelmaestrocmf.com\/portal\/wp-content\/uploads\/2021\/07\/1-1024x534.jpeg\" alt=\"\" width=\"1024\" height=\"534\" srcset=\"https:\/\/webdelmaestrocmf.com\/portal\/wp-content\/uploads\/2021\/07\/1-1024x534.jpeg 1024w, https:\/\/webdelmaestrocmf.com\/portal\/wp-content\/uploads\/2021\/07\/1-300x157.jpeg 300w, https:\/\/webdelmaestrocmf.com\/portal\/wp-content\/uploads\/2021\/07\/1-768x401.jpeg 768w, https:\/\/webdelmaestrocmf.com\/portal\/wp-content\/uploads\/2021\/07\/1-110x57.jpeg 110w, https:\/\/webdelmaestrocmf.com\/portal\/wp-content\/uploads\/2021\/07\/1-200x104.jpeg 200w, https:\/\/webdelmaestrocmf.com\/portal\/wp-content\/uploads\/2021\/07\/1-380x198.jpeg 380w, https:\/\/webdelmaestrocmf.com\/portal\/wp-content\/uploads\/2021\/07\/1-255x133.jpeg 255w, https:\/\/webdelmaestrocmf.com\/portal\/wp-content\/uploads\/2021\/07\/1-550x287.jpeg 550w, https:\/\/webdelmaestrocmf.com\/portal\/wp-content\/uploads\/2021\/07\/1-800x417.jpeg 800w, https:\/\/webdelmaestrocmf.com\/portal\/wp-content\/uploads\/2021\/07\/1-220x115.jpeg 220w, https:\/\/webdelmaestrocmf.com\/portal\/wp-content\/uploads\/2021\/07\/1-400x209.jpeg 400w, https:\/\/webdelmaestrocmf.com\/portal\/wp-content\/uploads\/2021\/07\/1-760x397.jpeg 760w, https:\/\/webdelmaestrocmf.com\/portal\/wp-content\/uploads\/2021\/07\/1-510x266.jpeg 510w, https:\/\/webdelmaestrocmf.com\/portal\/wp-content\/uploads\/2021\/07\/1-600x313.jpeg 600w, https:\/\/webdelmaestrocmf.com\/portal\/wp-content\/uploads\/2021\/07\/1.jpeg 1100w\" sizes=\"auto, (max-width: 1024px) 100vw, 1024px\" \/><\/p>\n<p style=\"text-align: center;\">Recomendamos a la Comunidad Educativa Digital tener en cuenta que, el enlace y\/o la carpeta en donde est\u00e1n alojados los libros, recursos y\/o materiales, no es administrado por la Web del Maestro CMF, pueda ser que en cuesti\u00f3n de d\u00edas (o seg\u00fan el tiempo transcurrido desde su publicaci\u00f3n), los enlaces no funcionen y el material ya no se encuentre disponible. Gracias por su comprensi\u00f3n.<\/p>\n<h3>ENLACE DE LECTURA:<\/h3>\n<p style=\"text-align: center;\">\u00a1Comparte y as\u00ed m\u00e1s docentes utilizar\u00e1n estos recursos\u00a0gratis! Muchas gracias.<\/p>\n<p style=\"text-align: center;\">LECTURA 1: <a href=\"https:\/\/drive.google.com\/drive\/u\/0\/folders\/1Rb493zOmlNqfww3ejb1aaQaOGAYNs-pj?fbclid=IwAR10dX-8qeVNaq3kfkTnVb_vMeTExQ26PQk_vFUh-Zj4bh6OsxssIi9lUd4\" target=\"_blank\" rel=\"noopener\">KIT DE EVALUACI\u00d3N DIAGN\u00d3STICA PARA PRIMARIA Y SECUNDARIA<\/a><br \/>\nLECTURA 2:<a href=\"https:\/\/mega.nz\/folder\/3nhTnSRQ#29uG5hO_o5C4U4hmeMwJMQ\" target=\"_blank\" rel=\"noopener\"> EVALUACI\u00d3N DIAGN\u00d3STICA PARA PRIMARIA Y SECUNDARIA<\/a><br \/>\nLECTURA 3: <a href=\"https:\/\/drive.google.com\/drive\/folders\/1QOqI5as7iknQvMtM5dIt9uOThgQC81o2\" target=\"_blank\" rel=\"noopener\">KIT DE EVALUACI\u00d3N DIAGN\u00d3STICA PARA PRIMARIA Y SECUNDARIA<\/a><span style=\"color: #000000;\"><br \/>\n<\/span><\/p>\n\t\t<div class=\"pk-inline-posts\">\n\t\t\t\n\t\t\t<div class=\"pk-inline-posts-container pk-inline-posts-template-list\"\n\t\t\t\tdata-columns=\"1\">\n\t\t\t\t\t\t<article id=\"post-101267\" class=\"post-101267 post type-post status-publish format-standard has-post-thumbnail category-calculo category-descargas-manuales-pdf category-pedagogia tag-calculo tag-desarrollar tag-guia tag-mental tag-ninos cs-entry cs-video-wrap\">\n\t\t\t<div class=\"pk-post-outer\">\n\n\t\t\t\t\t\t\t\t<div class=\"pk-post-inner\">\n\t\t\t\t\t<div class=\"entry-thumbnail\">\n\t\t\t\t\t\t<div class=\"pk-overlay pk-overlay-ratio pk-ratio-landscape\">\n\t\t\t\t\t\t\t<div class=\"pk-overlay-background\">\n\t\t\t\t\t\t\t\t<a href=\"https:\/\/webdelmaestrocmf.com\/portal\/guia-para-desarrollar-el-calculo-mental-en-ninos\/\" class=\"pk-overlay-link\">\n\t\t\t\t\t\t\t\t\t<img loading=\"lazy\" decoding=\"async\" width=\"300\" height=\"225\" src=\"https:\/\/webdelmaestrocmf.com\/portal\/wp-content\/uploads\/2023\/11\/1AA-Banner-1-portada-imagen-10-1-copia-1-300x225.webp\" class=\"attachment-pk-thumbnail size-pk-thumbnail wp-post-image\" alt=\"\" \/>\t\t\t\t\t\t\t\t<\/a>\n\t\t\t\t\t\t\t<\/div>\n\t\t\t\t\t\t<\/div>\n\t\t\t\t\t<\/div>\n\t\t\t\t<\/div>\n\t\t\t\t\n\t\t\t\t<div class=\"pk-post-inner\">\n\t\t\t\t\t<header>\n\t\t\t\t\t\t<h3 class=\"pk-title\"><a href=\"https:\/\/webdelmaestrocmf.com\/portal\/guia-para-desarrollar-el-calculo-mental-en-ninos\/\" rel=\"bookmark\">Gu\u00eda pr\u00e1ctica para desarrollar el c\u00e1lculo mental en ni\u00f1os: descarga los tres cuadernillos de c\u00e1lculo mental<\/a><\/h3>\t\t\t\t\t<\/header><!-- .entry-header -->\n\t\t\t\t<\/div><!-- .post-inner -->\n\n\t\t\t<\/div><!-- .post-outer -->\n\t\t<\/article>\n\t\t\t\t<\/div>\n\t\t<\/div>\n\t\t\n","protected":false},"excerpt":{"rendered":"Esta gu\u00eda brinda orientaciones especiales para la distribuci\u00f3n y aplicaci\u00f3n de las pruebas del Kit, como parte del&hellip;","protected":false},"author":1,"featured_media":64612,"comment_status":"open","ping_status":"closed","sticky":false,"template":"","format":"standard","meta":{"csco_display_header_overlay":false,"csco_singular_sidebar":"default","csco_page_header_type":"default","csco_page_load_nextpost":"default","csco_post_video_location":[],"csco_post_video_location_hash":"","csco_post_video_url":"","csco_post_video_bg_start_time":0,"csco_post_video_bg_end_time":0,"csco_post_video_bg_volume":false,"_jetpack_memberships_contains_paid_content":false,"footnotes":""},"categories":[2004,735],"tags":[4361,1278,6352,2587,714],"class_list":{"0":"post-64610","1":"post","2":"type-post","3":"status-publish","4":"format-standard","5":"has-post-thumbnail","7":"category-descargas-manuales-pdf","8":"category-pedagogia","9":"tag-diagnostica","10":"tag-evaluacion","11":"tag-kit","12":"tag-primaria","13":"tag-secundaria","14":"cs-entry","15":"cs-video-wrap"},"yoast_head":"<!-- This site is optimized with the Yoast SEO plugin v27.5 - https:\/\/yoast.com\/product\/yoast-seo-wordpress\/ -->\n<title>Kit de evaluaci\u00f3n diagn\u00f3stica para Primaria y Secundaria - 2026<\/title>\n<meta name=\"description\" content=\"Esta gu\u00eda brinda orientaciones especiales para la distribuci\u00f3n y aplicaci\u00f3n de las pruebas del Kit, como parte del refuerzo escolar 2021...\" \/>\n<meta name=\"robots\" content=\"index, follow, max-snippet:-1, max-image-preview:large, max-video-preview:-1\" \/>\n<link rel=\"canonical\" href=\"https:\/\/webdelmaestrocmf.com\/portal\/kit-de-evaluacion-diagnostica-para-primaria-y-secundaria\/\" \/>\n<meta property=\"og:locale\" content=\"es_ES\" \/>\n<meta property=\"og:type\" content=\"article\" \/>\n<meta property=\"og:title\" content=\"Kit de evaluaci\u00f3n diagn\u00f3stica para Primaria y Secundaria - 2026\" \/>\n<meta property=\"og:description\" content=\"Esta gu\u00eda brinda orientaciones especiales para la distribuci\u00f3n y aplicaci\u00f3n de las pruebas del Kit, como parte del refuerzo escolar 2021...\" \/>\n<meta property=\"og:url\" content=\"https:\/\/webdelmaestrocmf.com\/portal\/kit-de-evaluacion-diagnostica-para-primaria-y-secundaria\/\" \/>\n<meta property=\"og:site_name\" content=\"Web del Maestro CMF\" \/>\n<meta property=\"article:publisher\" content=\"https:\/\/www.facebook.com\/WebdelMaestroCMF\/\" \/>\n<meta property=\"article:author\" content=\"https:\/\/www.facebook.com\/WebdelMaestroCMF\/\" \/>\n<meta property=\"article:published_time\" content=\"2023-01-02T14:26:36+00:00\" \/>\n<meta property=\"article:modified_time\" content=\"2024-03-16T14:11:25+00:00\" \/>\n<meta property=\"og:image\" content=\"https:\/\/webdelmaestrocmf.com\/portal\/wp-content\/uploads\/2021\/07\/1-1.jpeg\" \/>\n\t<meta property=\"og:image:width\" content=\"1100\" \/>\n\t<meta property=\"og:image:height\" content=\"680\" \/>\n\t<meta property=\"og:image:type\" content=\"image\/jpeg\" \/>\n<meta name=\"author\" content=\"Web del Maestro CMF\" \/>\n<meta name=\"twitter:card\" content=\"summary_large_image\" \/>\n<meta name=\"twitter:creator\" content=\"@cmf_w\" \/>\n<meta name=\"twitter:site\" content=\"@cmf_w\" \/>\n<script type=\"application\/ld+json\" class=\"yoast-schema-graph\">{\"@context\":\"https:\\\/\\\/schema.org\",\"@graph\":[{\"@type\":\"ScholarlyArticle\",\"@id\":\"https:\\\/\\\/webdelmaestrocmf.com\\\/portal\\\/kit-de-evaluacion-diagnostica-para-primaria-y-secundaria\\\/#article\",\"isPartOf\":{\"@id\":\"https:\\\/\\\/webdelmaestrocmf.com\\\/portal\\\/kit-de-evaluacion-diagnostica-para-primaria-y-secundaria\\\/\"},\"author\":{\"name\":\"Web del Maestro CMF\",\"@id\":\"https:\\\/\\\/webdelmaestrocmf.com\\\/portal\\\/#\\\/schema\\\/person\\\/1072a2ed7bd960df8ef99a551fa35dc5\"},\"headline\":\"Kit de evaluaci\u00f3n diagn\u00f3stica para Primaria y Secundaria\",\"datePublished\":\"2023-01-02T14:26:36+00:00\",\"dateModified\":\"2024-03-16T14:11:25+00:00\",\"mainEntityOfPage\":{\"@id\":\"https:\\\/\\\/webdelmaestrocmf.com\\\/portal\\\/kit-de-evaluacion-diagnostica-para-primaria-y-secundaria\\\/\"},\"wordCount\":329,\"commentCount\":1,\"publisher\":{\"@id\":\"https:\\\/\\\/webdelmaestrocmf.com\\\/portal\\\/#organization\"},\"image\":{\"@id\":\"https:\\\/\\\/webdelmaestrocmf.com\\\/portal\\\/kit-de-evaluacion-diagnostica-para-primaria-y-secundaria\\\/#primaryimage\"},\"thumbnailUrl\":\"https:\\\/\\\/webdelmaestrocmf.com\\\/portal\\\/wp-content\\\/uploads\\\/2021\\\/07\\\/1-1.jpeg\",\"keywords\":[\"DIAGN\u00d3STICA\",\"EVALUACI\u00d3N\",\"kit\",\"PRIMARIA\",\"SECUNDARIA\"],\"articleSection\":[\"Descargas Manuales PDF\",\"Recursos\"],\"inLanguage\":\"es\",\"potentialAction\":[{\"@type\":\"CommentAction\",\"name\":\"Comment\",\"target\":[\"https:\\\/\\\/webdelmaestrocmf.com\\\/portal\\\/kit-de-evaluacion-diagnostica-para-primaria-y-secundaria\\\/#respond\"]}]},{\"@type\":\"WebPage\",\"@id\":\"https:\\\/\\\/webdelmaestrocmf.com\\\/portal\\\/kit-de-evaluacion-diagnostica-para-primaria-y-secundaria\\\/\",\"url\":\"https:\\\/\\\/webdelmaestrocmf.com\\\/portal\\\/kit-de-evaluacion-diagnostica-para-primaria-y-secundaria\\\/\",\"name\":\"Kit de evaluaci\u00f3n diagn\u00f3stica para Primaria y Secundaria - 2026\",\"isPartOf\":{\"@id\":\"https:\\\/\\\/webdelmaestrocmf.com\\\/portal\\\/#website\"},\"primaryImageOfPage\":{\"@id\":\"https:\\\/\\\/webdelmaestrocmf.com\\\/portal\\\/kit-de-evaluacion-diagnostica-para-primaria-y-secundaria\\\/#primaryimage\"},\"image\":{\"@id\":\"https:\\\/\\\/webdelmaestrocmf.com\\\/portal\\\/kit-de-evaluacion-diagnostica-para-primaria-y-secundaria\\\/#primaryimage\"},\"thumbnailUrl\":\"https:\\\/\\\/webdelmaestrocmf.com\\\/portal\\\/wp-content\\\/uploads\\\/2021\\\/07\\\/1-1.jpeg\",\"datePublished\":\"2023-01-02T14:26:36+00:00\",\"dateModified\":\"2024-03-16T14:11:25+00:00\",\"description\":\"Esta gu\u00eda brinda orientaciones especiales para la distribuci\u00f3n y aplicaci\u00f3n de las pruebas del Kit, como parte del refuerzo escolar 2021...\",\"breadcrumb\":{\"@id\":\"https:\\\/\\\/webdelmaestrocmf.com\\\/portal\\\/kit-de-evaluacion-diagnostica-para-primaria-y-secundaria\\\/#breadcrumb\"},\"inLanguage\":\"es\",\"potentialAction\":[{\"@type\":\"ReadAction\",\"target\":[\"https:\\\/\\\/webdelmaestrocmf.com\\\/portal\\\/kit-de-evaluacion-diagnostica-para-primaria-y-secundaria\\\/\"]}]},{\"@type\":\"ImageObject\",\"inLanguage\":\"es\",\"@id\":\"https:\\\/\\\/webdelmaestrocmf.com\\\/portal\\\/kit-de-evaluacion-diagnostica-para-primaria-y-secundaria\\\/#primaryimage\",\"url\":\"https:\\\/\\\/webdelmaestrocmf.com\\\/portal\\\/wp-content\\\/uploads\\\/2021\\\/07\\\/1-1.jpeg\",\"contentUrl\":\"https:\\\/\\\/webdelmaestrocmf.com\\\/portal\\\/wp-content\\\/uploads\\\/2021\\\/07\\\/1-1.jpeg\",\"width\":1100,\"height\":680},{\"@type\":\"BreadcrumbList\",\"@id\":\"https:\\\/\\\/webdelmaestrocmf.com\\\/portal\\\/kit-de-evaluacion-diagnostica-para-primaria-y-secundaria\\\/#breadcrumb\",\"itemListElement\":[{\"@type\":\"ListItem\",\"position\":1,\"name\":\"Portada\",\"item\":\"https:\\\/\\\/webdelmaestrocmf.com\\\/portal\\\/\"},{\"@type\":\"ListItem\",\"position\":2,\"name\":\"Recursos\",\"item\":\"https:\\\/\\\/webdelmaestrocmf.com\\\/portal\\\/category\\\/pedagogia\\\/\"},{\"@type\":\"ListItem\",\"position\":3,\"name\":\"Kit de evaluaci\u00f3n diagn\u00f3stica para Primaria y Secundaria\"}]},{\"@type\":\"WebSite\",\"@id\":\"https:\\\/\\\/webdelmaestrocmf.com\\\/portal\\\/#website\",\"url\":\"https:\\\/\\\/webdelmaestrocmf.com\\\/portal\\\/\",\"name\":\"Web del Maestro CMF\",\"description\":\"Maestros al servicio de la educaci\u00f3n\",\"publisher\":{\"@id\":\"https:\\\/\\\/webdelmaestrocmf.com\\\/portal\\\/#organization\"},\"alternateName\":\"WMCMF\",\"potentialAction\":[{\"@type\":\"SearchAction\",\"target\":{\"@type\":\"EntryPoint\",\"urlTemplate\":\"https:\\\/\\\/webdelmaestrocmf.com\\\/portal\\\/?s={search_term_string}\"},\"query-input\":{\"@type\":\"PropertyValueSpecification\",\"valueRequired\":true,\"valueName\":\"search_term_string\"}}],\"inLanguage\":\"es\"},{\"@type\":\"Organization\",\"@id\":\"https:\\\/\\\/webdelmaestrocmf.com\\\/portal\\\/#organization\",\"name\":\"Web del Maestro CMF\",\"alternateName\":\"WMCMF\",\"url\":\"https:\\\/\\\/webdelmaestrocmf.com\\\/portal\\\/\",\"logo\":{\"@type\":\"ImageObject\",\"inLanguage\":\"es\",\"@id\":\"https:\\\/\\\/webdelmaestrocmf.com\\\/portal\\\/#\\\/schema\\\/logo\\\/image\\\/\",\"url\":\"https:\\\/\\\/webdelmaestrocmf.com\\\/portal\\\/wp-content\\\/uploads\\\/2023\\\/01\\\/logo-wmcmf-2.png\",\"contentUrl\":\"https:\\\/\\\/webdelmaestrocmf.com\\\/portal\\\/wp-content\\\/uploads\\\/2023\\\/01\\\/logo-wmcmf-2.png\",\"width\":200,\"height\":60,\"caption\":\"Web del Maestro CMF\"},\"image\":{\"@id\":\"https:\\\/\\\/webdelmaestrocmf.com\\\/portal\\\/#\\\/schema\\\/logo\\\/image\\\/\"},\"sameAs\":[\"https:\\\/\\\/www.facebook.com\\\/WebdelMaestroCMF\\\/\",\"https:\\\/\\\/x.com\\\/cmf_w\",\"https:\\\/\\\/www.pinterest.com\\\/WMCMF\\\/\",\"https:\\\/\\\/www.linkedin.com\\\/company\\\/web-del-maestro-cmf\\\/\",\"https:\\\/\\\/www.instagram.com\\\/wmcmf\\\/\",\"https:\\\/\\\/www.youtube.com\\\/channel\\\/UCDPSvjbdodE5sHnC3OxutHw\",\"https:\\\/\\\/mastodon.social\\\/@wmcmf\",\"https:\\\/\\\/www.tiktok.com\\\/@webdelmaestrocmf\"]},{\"@type\":\"Person\",\"@id\":\"https:\\\/\\\/webdelmaestrocmf.com\\\/portal\\\/#\\\/schema\\\/person\\\/1072a2ed7bd960df8ef99a551fa35dc5\",\"name\":\"Web del Maestro CMF\",\"image\":{\"@type\":\"ImageObject\",\"inLanguage\":\"es\",\"@id\":\"https:\\\/\\\/secure.gravatar.com\\\/avatar\\\/23291dd5b5ae1077dcff3dbb04c3e02bd28403fa75af6d8787d5e97c5bbbe30b?s=96&d=mm&r=g\",\"url\":\"https:\\\/\\\/secure.gravatar.com\\\/avatar\\\/23291dd5b5ae1077dcff3dbb04c3e02bd28403fa75af6d8787d5e97c5bbbe30b?s=96&d=mm&r=g\",\"contentUrl\":\"https:\\\/\\\/secure.gravatar.com\\\/avatar\\\/23291dd5b5ae1077dcff3dbb04c3e02bd28403fa75af6d8787d5e97c5bbbe30b?s=96&d=mm&r=g\",\"caption\":\"Web del Maestro CMF\"},\"description\":\"Esta Web se cre\u00f3 sin fines de lucro, con fines educativos, cient\u00edficos y acad\u00e9micos, para personas que tengan dificultades y\\\/o inconvenientes en visualizar el material original. El objetivo es entregar recursos, compartir experiencias y materiales que ayuden a los padres de familia, maestros y estudiantes en su actualizaci\u00f3n y formaci\u00f3n permanente, en bien de la Educaci\u00f3n.\",\"sameAs\":[\"http:\\\/\\\/webdelmaestrocmf.com\\\/portal\",\"https:\\\/\\\/www.facebook.com\\\/WebdelMaestroCMF\\\/\",\"https:\\\/\\\/www.instagram.com\\\/wmcmf\\\/\",\"https:\\\/\\\/cl.linkedin.com\\\/company\\\/web-del-maestro-cmf\",\"https:\\\/\\\/www.pinterest.com\\\/WMCMF\\\/publicaciones\\\/\",\"https:\\\/\\\/x.com\\\/cmf_w\",\"https:\\\/\\\/www.youtube.com\\\/@WMCMF\"]}]}<\/script>\n<!-- \/ Yoast SEO plugin. -->","yoast_head_json":{"title":"Kit de evaluaci\u00f3n diagn\u00f3stica para Primaria y Secundaria - 2026","description":"Esta gu\u00eda brinda orientaciones especiales para la distribuci\u00f3n y aplicaci\u00f3n de las pruebas del Kit, como parte del refuerzo escolar 2021...","robots":{"index":"index","follow":"follow","max-snippet":"max-snippet:-1","max-image-preview":"max-image-preview:large","max-video-preview":"max-video-preview:-1"},"canonical":"https:\/\/webdelmaestrocmf.com\/portal\/kit-de-evaluacion-diagnostica-para-primaria-y-secundaria\/","og_locale":"es_ES","og_type":"article","og_title":"Kit de evaluaci\u00f3n diagn\u00f3stica para Primaria y Secundaria - 2026","og_description":"Esta gu\u00eda brinda orientaciones especiales para la distribuci\u00f3n y aplicaci\u00f3n de las pruebas del Kit, como parte del refuerzo escolar 2021...","og_url":"https:\/\/webdelmaestrocmf.com\/portal\/kit-de-evaluacion-diagnostica-para-primaria-y-secundaria\/","og_site_name":"Web del Maestro CMF","article_publisher":"https:\/\/www.facebook.com\/WebdelMaestroCMF\/","article_author":"https:\/\/www.facebook.com\/WebdelMaestroCMF\/","article_published_time":"2023-01-02T14:26:36+00:00","article_modified_time":"2024-03-16T14:11:25+00:00","og_image":[{"width":1100,"height":680,"url":"https:\/\/webdelmaestrocmf.com\/portal\/wp-content\/uploads\/2021\/07\/1-1.jpeg","type":"image\/jpeg"}],"author":"Web del Maestro CMF","twitter_card":"summary_large_image","twitter_creator":"@cmf_w","twitter_site":"@cmf_w","schema":{"@context":"https:\/\/schema.org","@graph":[{"@type":"ScholarlyArticle","@id":"https:\/\/webdelmaestrocmf.com\/portal\/kit-de-evaluacion-diagnostica-para-primaria-y-secundaria\/#article","isPartOf":{"@id":"https:\/\/webdelmaestrocmf.com\/portal\/kit-de-evaluacion-diagnostica-para-primaria-y-secundaria\/"},"author":{"name":"Web del Maestro CMF","@id":"https:\/\/webdelmaestrocmf.com\/portal\/#\/schema\/person\/1072a2ed7bd960df8ef99a551fa35dc5"},"headline":"Kit de evaluaci\u00f3n diagn\u00f3stica para Primaria y Secundaria","datePublished":"2023-01-02T14:26:36+00:00","dateModified":"2024-03-16T14:11:25+00:00","mainEntityOfPage":{"@id":"https:\/\/webdelmaestrocmf.com\/portal\/kit-de-evaluacion-diagnostica-para-primaria-y-secundaria\/"},"wordCount":329,"commentCount":1,"publisher":{"@id":"https:\/\/webdelmaestrocmf.com\/portal\/#organization"},"image":{"@id":"https:\/\/webdelmaestrocmf.com\/portal\/kit-de-evaluacion-diagnostica-para-primaria-y-secundaria\/#primaryimage"},"thumbnailUrl":"https:\/\/webdelmaestrocmf.com\/portal\/wp-content\/uploads\/2021\/07\/1-1.jpeg","keywords":["DIAGN\u00d3STICA","EVALUACI\u00d3N","kit","PRIMARIA","SECUNDARIA"],"articleSection":["Descargas Manuales PDF","Recursos"],"inLanguage":"es","potentialAction":[{"@type":"CommentAction","name":"Comment","target":["https:\/\/webdelmaestrocmf.com\/portal\/kit-de-evaluacion-diagnostica-para-primaria-y-secundaria\/#respond"]}]},{"@type":"WebPage","@id":"https:\/\/webdelmaestrocmf.com\/portal\/kit-de-evaluacion-diagnostica-para-primaria-y-secundaria\/","url":"https:\/\/webdelmaestrocmf.com\/portal\/kit-de-evaluacion-diagnostica-para-primaria-y-secundaria\/","name":"Kit de evaluaci\u00f3n diagn\u00f3stica para Primaria y Secundaria - 2026","isPartOf":{"@id":"https:\/\/webdelmaestrocmf.com\/portal\/#website"},"primaryImageOfPage":{"@id":"https:\/\/webdelmaestrocmf.com\/portal\/kit-de-evaluacion-diagnostica-para-primaria-y-secundaria\/#primaryimage"},"image":{"@id":"https:\/\/webdelmaestrocmf.com\/portal\/kit-de-evaluacion-diagnostica-para-primaria-y-secundaria\/#primaryimage"},"thumbnailUrl":"https:\/\/webdelmaestrocmf.com\/portal\/wp-content\/uploads\/2021\/07\/1-1.jpeg","datePublished":"2023-01-02T14:26:36+00:00","dateModified":"2024-03-16T14:11:25+00:00","description":"Esta gu\u00eda brinda orientaciones especiales para la distribuci\u00f3n y aplicaci\u00f3n de las pruebas del Kit, como parte del refuerzo escolar 2021...","breadcrumb":{"@id":"https:\/\/webdelmaestrocmf.com\/portal\/kit-de-evaluacion-diagnostica-para-primaria-y-secundaria\/#breadcrumb"},"inLanguage":"es","potentialAction":[{"@type":"ReadAction","target":["https:\/\/webdelmaestrocmf.com\/portal\/kit-de-evaluacion-diagnostica-para-primaria-y-secundaria\/"]}]},{"@type":"ImageObject","inLanguage":"es","@id":"https:\/\/webdelmaestrocmf.com\/portal\/kit-de-evaluacion-diagnostica-para-primaria-y-secundaria\/#primaryimage","url":"https:\/\/webdelmaestrocmf.com\/portal\/wp-content\/uploads\/2021\/07\/1-1.jpeg","contentUrl":"https:\/\/webdelmaestrocmf.com\/portal\/wp-content\/uploads\/2021\/07\/1-1.jpeg","width":1100,"height":680},{"@type":"BreadcrumbList","@id":"https:\/\/webdelmaestrocmf.com\/portal\/kit-de-evaluacion-diagnostica-para-primaria-y-secundaria\/#breadcrumb","itemListElement":[{"@type":"ListItem","position":1,"name":"Portada","item":"https:\/\/webdelmaestrocmf.com\/portal\/"},{"@type":"ListItem","position":2,"name":"Recursos","item":"https:\/\/webdelmaestrocmf.com\/portal\/category\/pedagogia\/"},{"@type":"ListItem","position":3,"name":"Kit de evaluaci\u00f3n diagn\u00f3stica para Primaria y Secundaria"}]},{"@type":"WebSite","@id":"https:\/\/webdelmaestrocmf.com\/portal\/#website","url":"https:\/\/webdelmaestrocmf.com\/portal\/","name":"Web del Maestro CMF","description":"Maestros al servicio de la educaci\u00f3n","publisher":{"@id":"https:\/\/webdelmaestrocmf.com\/portal\/#organization"},"alternateName":"WMCMF","potentialAction":[{"@type":"SearchAction","target":{"@type":"EntryPoint","urlTemplate":"https:\/\/webdelmaestrocmf.com\/portal\/?s={search_term_string}"},"query-input":{"@type":"PropertyValueSpecification","valueRequired":true,"valueName":"search_term_string"}}],"inLanguage":"es"},{"@type":"Organization","@id":"https:\/\/webdelmaestrocmf.com\/portal\/#organization","name":"Web del Maestro CMF","alternateName":"WMCMF","url":"https:\/\/webdelmaestrocmf.com\/portal\/","logo":{"@type":"ImageObject","inLanguage":"es","@id":"https:\/\/webdelmaestrocmf.com\/portal\/#\/schema\/logo\/image\/","url":"https:\/\/webdelmaestrocmf.com\/portal\/wp-content\/uploads\/2023\/01\/logo-wmcmf-2.png","contentUrl":"https:\/\/webdelmaestrocmf.com\/portal\/wp-content\/uploads\/2023\/01\/logo-wmcmf-2.png","width":200,"height":60,"caption":"Web del Maestro CMF"},"image":{"@id":"https:\/\/webdelmaestrocmf.com\/portal\/#\/schema\/logo\/image\/"},"sameAs":["https:\/\/www.facebook.com\/WebdelMaestroCMF\/","https:\/\/x.com\/cmf_w","https:\/\/www.pinterest.com\/WMCMF\/","https:\/\/www.linkedin.com\/company\/web-del-maestro-cmf\/","https:\/\/www.instagram.com\/wmcmf\/","https:\/\/www.youtube.com\/channel\/UCDPSvjbdodE5sHnC3OxutHw","https:\/\/mastodon.social\/@wmcmf","https:\/\/www.tiktok.com\/@webdelmaestrocmf"]},{"@type":"Person","@id":"https:\/\/webdelmaestrocmf.com\/portal\/#\/schema\/person\/1072a2ed7bd960df8ef99a551fa35dc5","name":"Web del Maestro CMF","image":{"@type":"ImageObject","inLanguage":"es","@id":"https:\/\/secure.gravatar.com\/avatar\/23291dd5b5ae1077dcff3dbb04c3e02bd28403fa75af6d8787d5e97c5bbbe30b?s=96&d=mm&r=g","url":"https:\/\/secure.gravatar.com\/avatar\/23291dd5b5ae1077dcff3dbb04c3e02bd28403fa75af6d8787d5e97c5bbbe30b?s=96&d=mm&r=g","contentUrl":"https:\/\/secure.gravatar.com\/avatar\/23291dd5b5ae1077dcff3dbb04c3e02bd28403fa75af6d8787d5e97c5bbbe30b?s=96&d=mm&r=g","caption":"Web del Maestro CMF"},"description":"Esta Web se cre\u00f3 sin fines de lucro, con fines educativos, cient\u00edficos y acad\u00e9micos, para personas que tengan dificultades y\/o inconvenientes en visualizar el material original. El objetivo es entregar recursos, compartir experiencias y materiales que ayuden a los padres de familia, maestros y estudiantes en su actualizaci\u00f3n y formaci\u00f3n permanente, en bien de la Educaci\u00f3n.","sameAs":["http:\/\/webdelmaestrocmf.com\/portal","https:\/\/www.facebook.com\/WebdelMaestroCMF\/","https:\/\/www.instagram.com\/wmcmf\/","https:\/\/cl.linkedin.com\/company\/web-del-maestro-cmf","https:\/\/www.pinterest.com\/WMCMF\/publicaciones\/","https:\/\/x.com\/cmf_w","https:\/\/www.youtube.com\/@WMCMF"]}]}},"jetpack_featured_media_url":"https:\/\/webdelmaestrocmf.com\/portal\/wp-content\/uploads\/2021\/07\/1-1.jpeg","jetpack_sharing_enabled":true,"jetpack-related-posts":[{"id":103608,"url":"https:\/\/webdelmaestrocmf.com\/portal\/evaluaciones-diagnosticas-para-el-nivel-de-secundaria\/","url_meta":{"origin":64610,"position":0},"title":"Evaluaciones Diagn\u00f3sticas para el nivel de secundaria","author":"Web del Maestro CMF","date":"8 febrero, 2024","format":false,"excerpt":"Las evaluaciones diagn\u00f3sticas son herramientas fundamentales para comprender las necesidades y habilidades de los estudiantes al comienzo de un nuevo ciclo escolar Estas evaluaciones no solo sirven para medir el conocimiento adquirido, sino tambi\u00e9n para identificar \u00e1reas de mejora y dise\u00f1ar estrategias pedag\u00f3gicas efectivas. \u00bfPor qu\u00e9 Evaluamos al Inicio del\u2026","rel":"","context":"En \u00abDiagn\u00f3stico\u00bb","block_context":{"text":"Diagn\u00f3stico","link":"https:\/\/webdelmaestrocmf.com\/portal\/category\/pedagogia\/diagnostico\/"},"img":{"alt_text":"evaluacion diagnostica secundaria","src":"https:\/\/i0.wp.com\/webdelmaestrocmf.com\/portal\/wp-content\/uploads\/2024\/02\/Banner-1-portada-imagen-10-1-10.jpg?resize=350%2C200&ssl=1","width":350,"height":200,"srcset":"https:\/\/i0.wp.com\/webdelmaestrocmf.com\/portal\/wp-content\/uploads\/2024\/02\/Banner-1-portada-imagen-10-1-10.jpg?resize=350%2C200&ssl=1 1x, https:\/\/i0.wp.com\/webdelmaestrocmf.com\/portal\/wp-content\/uploads\/2024\/02\/Banner-1-portada-imagen-10-1-10.jpg?resize=525%2C300&ssl=1 1.5x, https:\/\/i0.wp.com\/webdelmaestrocmf.com\/portal\/wp-content\/uploads\/2024\/02\/Banner-1-portada-imagen-10-1-10.jpg?resize=700%2C400&ssl=1 2x"},"classes":[]},{"id":103892,"url":"https:\/\/webdelmaestrocmf.com\/portal\/caracteristicas-de-una-evaluacion-diagnostica-efectiva\/","url_meta":{"origin":64610,"position":1},"title":"Caracter\u00edsticas de una evaluaci\u00f3n diagn\u00f3stica efectiva","author":"Web del Maestro CMF","date":"15 febrero, 2024","format":false,"excerpt":"La evaluaci\u00f3n diagn\u00f3stica es un proceso fundamental en la educaci\u00f3n inicial y primaria, ya que permite obtener informaci\u00f3n precisa sobre los conocimientos, habilidades y necesidades de los estudiantes al inicio del ciclo escolar. Esta informaci\u00f3n es vital para que los docentes puedan adaptar sus estrategias pedag\u00f3gicas y brindar una atenci\u00f3n\u2026","rel":"","context":"En \u00abExamen diagnostico\u00bb","block_context":{"text":"Examen diagnostico","link":"https:\/\/webdelmaestrocmf.com\/portal\/category\/pedagogia\/examen-diagnostico\/"},"img":{"alt_text":"","src":"https:\/\/i0.wp.com\/webdelmaestrocmf.com\/portal\/wp-content\/uploads\/2024\/02\/Banner-1-portada-imagen-10-1-12-1.jpg?resize=350%2C200&ssl=1","width":350,"height":200,"srcset":"https:\/\/i0.wp.com\/webdelmaestrocmf.com\/portal\/wp-content\/uploads\/2024\/02\/Banner-1-portada-imagen-10-1-12-1.jpg?resize=350%2C200&ssl=1 1x, https:\/\/i0.wp.com\/webdelmaestrocmf.com\/portal\/wp-content\/uploads\/2024\/02\/Banner-1-portada-imagen-10-1-12-1.jpg?resize=525%2C300&ssl=1 1.5x, https:\/\/i0.wp.com\/webdelmaestrocmf.com\/portal\/wp-content\/uploads\/2024\/02\/Banner-1-portada-imagen-10-1-12-1.jpg?resize=700%2C400&ssl=1 2x"},"classes":[]},{"id":86294,"url":"https:\/\/webdelmaestrocmf.com\/portal\/matriz-consolidada-de-la-evaluacion-diagnostica\/","url_meta":{"origin":64610,"position":2},"title":"Matriz consolidada de la Evaluaci\u00f3n Diagn\u00f3stica","author":"Web del Maestro CMF","date":"26 marzo, 2023","format":false,"excerpt":"Lee diversos tipos de textos de estructura simple en los que predominan palabras conocidas e ilustraciones que apoyan las ideas centrales. Obtiene informaci\u00f3n poco evidente distingui\u00e9ndola de otra semejante y realiza inferencias locales a partir de informaci\u00f3n expl\u00edcita. Interpreta el texto considerando informaci\u00f3n recurrente para construir su sentido global. Opina\u2026","rel":"","context":"En \u00abDescargas Manuales PDF\u00bb","block_context":{"text":"Descargas Manuales PDF","link":"https:\/\/webdelmaestrocmf.com\/portal\/category\/pedagogia\/descargas-manuales-pdf\/"},"img":{"alt_text":"","src":"https:\/\/i0.wp.com\/webdelmaestrocmf.com\/portal\/wp-content\/uploads\/2023\/03\/A12B3C4D-46.jpg?resize=350%2C200&ssl=1","width":350,"height":200,"srcset":"https:\/\/i0.wp.com\/webdelmaestrocmf.com\/portal\/wp-content\/uploads\/2023\/03\/A12B3C4D-46.jpg?resize=350%2C200&ssl=1 1x, https:\/\/i0.wp.com\/webdelmaestrocmf.com\/portal\/wp-content\/uploads\/2023\/03\/A12B3C4D-46.jpg?resize=525%2C300&ssl=1 1.5x, https:\/\/i0.wp.com\/webdelmaestrocmf.com\/portal\/wp-content\/uploads\/2023\/03\/A12B3C4D-46.jpg?resize=700%2C400&ssl=1 2x"},"classes":[]},{"id":108185,"url":"https:\/\/webdelmaestrocmf.com\/portal\/como-hacer-una-evaluacion-diagnostica-para-el-nivel-inicial-el-antes-durante-y-despues\/","url_meta":{"origin":64610,"position":3},"title":"C\u00f3mo realizar una evaluaci\u00f3n diagn\u00f3stica en el nivel inicial: el antes, durante y despu\u00e9s. Descarga las evaluaciones diagn\u00f3sticas completas para los niveles de inicial, primaria y secundaria","author":"Web del Maestro CMF","date":"10 noviembre, 2025","format":false,"excerpt":"La evaluaci\u00f3n diagn\u00f3stica en el nivel inicial permite conocer las habilidades, intereses y necesidades de los ni\u00f1os para planificar estrategias pedag\u00f3gicas personalizadas que favorezcan un aprendizaje significativo desde los primeros a\u00f1os, fortaleciendo su desarrollo integral, emocional, cognitivo y social desde el inicio del ciclo escolar.","rel":"","context":"En \u00abDiagn\u00f3stico\u00bb","block_context":{"text":"Diagn\u00f3stico","link":"https:\/\/webdelmaestrocmf.com\/portal\/category\/pedagogia\/diagnostico\/"},"img":{"alt_text":"","src":"https:\/\/i0.wp.com\/webdelmaestrocmf.com\/portal\/wp-content\/uploads\/2025\/11\/caricatura-de-una-nutricionista-china-sonriendo-scaled.jpg?resize=350%2C200&ssl=1","width":350,"height":200,"srcset":"https:\/\/i0.wp.com\/webdelmaestrocmf.com\/portal\/wp-content\/uploads\/2025\/11\/caricatura-de-una-nutricionista-china-sonriendo-scaled.jpg?resize=350%2C200&ssl=1 1x, https:\/\/i0.wp.com\/webdelmaestrocmf.com\/portal\/wp-content\/uploads\/2025\/11\/caricatura-de-una-nutricionista-china-sonriendo-scaled.jpg?resize=525%2C300&ssl=1 1.5x, https:\/\/i0.wp.com\/webdelmaestrocmf.com\/portal\/wp-content\/uploads\/2025\/11\/caricatura-de-una-nutricionista-china-sonriendo-scaled.jpg?resize=700%2C400&ssl=1 2x, https:\/\/i0.wp.com\/webdelmaestrocmf.com\/portal\/wp-content\/uploads\/2025\/11\/caricatura-de-una-nutricionista-china-sonriendo-scaled.jpg?resize=1050%2C600&ssl=1 3x, https:\/\/i0.wp.com\/webdelmaestrocmf.com\/portal\/wp-content\/uploads\/2025\/11\/caricatura-de-una-nutricionista-china-sonriendo-scaled.jpg?resize=1400%2C800&ssl=1 4x"},"classes":[]},{"id":97170,"url":"https:\/\/webdelmaestrocmf.com\/portal\/banco-de-examenes-para-reforzar-al-alumno\/","url_meta":{"origin":64610,"position":4},"title":"Banco de ex\u00e1menes para reforzar al alumno","author":"Web del Maestro CMF","date":"11 octubre, 2023","format":false,"excerpt":"La Evaluaci\u00f3n Censal de Estudiantes (ECE) es un componente fundamental del sistema educativo peruano. Realizada anualmente por el Ministerio de Educaci\u00f3n, la ECE tiene como objetivo principal medir los logros de aprendizaje de los estudiantes en todo el pa\u00eds. Este proceso evaluativo abarca a todos los grados de primaria y\u2026","rel":"","context":"En \u00abExamenes alumnos\u00bb","block_context":{"text":"Examenes alumnos","link":"https:\/\/webdelmaestrocmf.com\/portal\/category\/pedagogia\/examenes-alumnos\/"},"img":{"alt_text":"Banco de ex\u00e1menes","src":"https:\/\/i0.wp.com\/webdelmaestrocmf.com\/portal\/wp-content\/uploads\/2023\/10\/A12B3C4D-38.jpg?resize=350%2C200&ssl=1","width":350,"height":200,"srcset":"https:\/\/i0.wp.com\/webdelmaestrocmf.com\/portal\/wp-content\/uploads\/2023\/10\/A12B3C4D-38.jpg?resize=350%2C200&ssl=1 1x, https:\/\/i0.wp.com\/webdelmaestrocmf.com\/portal\/wp-content\/uploads\/2023\/10\/A12B3C4D-38.jpg?resize=525%2C300&ssl=1 1.5x, https:\/\/i0.wp.com\/webdelmaestrocmf.com\/portal\/wp-content\/uploads\/2023\/10\/A12B3C4D-38.jpg?resize=700%2C400&ssl=1 2x"},"classes":[]},{"id":84514,"url":"https:\/\/webdelmaestrocmf.com\/portal\/evaluacion-diagnostica-para-el-nivel-de-secundaria-todas-las-areas\/","url_meta":{"origin":64610,"position":5},"title":"Evaluaci\u00f3n diagn\u00f3stica para el nivel Secundaria  todas las \u00e1reas","author":"Web del Maestro CMF","date":"1 marzo, 2025","format":false,"excerpt":"Hacer un examen diagn\u00f3stico es una de las pr\u00e1cticas empleadas para valorar cu\u00e1l es el grado de conocimientos que un estudiante posee en torno a una tem\u00e1tica o asignatura en particular.\u00a0Este suele ser un instrumento de evaluaci\u00f3n muy \u00fatil para saber de qu\u00e9 modo se podr\u00e1n valorar las estrategias de\u2026","rel":"","context":"En \u00abDescargas Manuales PDF\u00bb","block_context":{"text":"Descargas Manuales PDF","link":"https:\/\/webdelmaestrocmf.com\/portal\/category\/pedagogia\/descargas-manuales-pdf\/"},"img":{"alt_text":"","src":"https:\/\/i0.wp.com\/webdelmaestrocmf.com\/portal\/wp-content\/uploads\/2023\/04\/Banner-1-portada-imagen-10-1-6.jpg?resize=350%2C200&ssl=1","width":350,"height":200,"srcset":"https:\/\/i0.wp.com\/webdelmaestrocmf.com\/portal\/wp-content\/uploads\/2023\/04\/Banner-1-portada-imagen-10-1-6.jpg?resize=350%2C200&ssl=1 1x, https:\/\/i0.wp.com\/webdelmaestrocmf.com\/portal\/wp-content\/uploads\/2023\/04\/Banner-1-portada-imagen-10-1-6.jpg?resize=525%2C300&ssl=1 1.5x, https:\/\/i0.wp.com\/webdelmaestrocmf.com\/portal\/wp-content\/uploads\/2023\/04\/Banner-1-portada-imagen-10-1-6.jpg?resize=700%2C400&ssl=1 2x"},"classes":[]}],"_links":{"self":[{"href":"https:\/\/webdelmaestrocmf.com\/portal\/wp-json\/wp\/v2\/posts\/64610","targetHints":{"allow":["GET"]}}],"collection":[{"href":"https:\/\/webdelmaestrocmf.com\/portal\/wp-json\/wp\/v2\/posts"}],"about":[{"href":"https:\/\/webdelmaestrocmf.com\/portal\/wp-json\/wp\/v2\/types\/post"}],"author":[{"embeddable":true,"href":"https:\/\/webdelmaestrocmf.com\/portal\/wp-json\/wp\/v2\/users\/1"}],"replies":[{"embeddable":true,"href":"https:\/\/webdelmaestrocmf.com\/portal\/wp-json\/wp\/v2\/comments?post=64610"}],"version-history":[{"count":0,"href":"https:\/\/webdelmaestrocmf.com\/portal\/wp-json\/wp\/v2\/posts\/64610\/revisions"}],"wp:featuredmedia":[{"embeddable":true,"href":"https:\/\/webdelmaestrocmf.com\/portal\/wp-json\/wp\/v2\/media\/64612"}],"wp:attachment":[{"href":"https:\/\/webdelmaestrocmf.com\/portal\/wp-json\/wp\/v2\/media?parent=64610"}],"wp:term":[{"taxonomy":"category","embeddable":true,"href":"https:\/\/webdelmaestrocmf.com\/portal\/wp-json\/wp\/v2\/categories?post=64610"},{"taxonomy":"post_tag","embeddable":true,"href":"https:\/\/webdelmaestrocmf.com\/portal\/wp-json\/wp\/v2\/tags?post=64610"}],"curies":[{"name":"wp","href":"https:\/\/api.w.org\/{rel}","templated":true}]}}