{"id":64331,"date":"2021-06-24T13:32:11","date_gmt":"2021-06-24T17:32:11","guid":{"rendered":"https:\/\/webdelmaestrocmf.com\/portal\/?p=64331"},"modified":"2023-10-15T21:17:38","modified_gmt":"2023-10-16T00:17:38","slug":"miguel-angel-gallegos-nueva-realidad-a-partir-de-la-revolucion-tecno-digital-y-la-crisis-pandemica","status":"publish","type":"post","link":"https:\/\/webdelmaestrocmf.com\/portal\/miguel-angel-gallegos-nueva-realidad-a-partir-de-la-revolucion-tecno-digital-y-la-crisis-pandemica\/","title":{"rendered":"[Miguel \u00c1ngel Gallegos] Nueva realidad a partir de la revoluci\u00f3n tecno-digital y la crisis pand\u00e9mica"},"content":{"rendered":"<p style=\"text-align: justify;\"><strong>\u201cLa manera m\u00e1s peligrosa de enga\u00f1arse a s\u00ed mismo es creer que existeuna sola realidad. De hecho existen innumerables versiones de la realidad y pueden llegar a ser muy opuestas entre s\u00ed. Todas ellas son resultado de la comunicaci\u00f3n\u201d. (Paul Watzlawick) <\/strong><\/p>\n<p><!--more--><\/p>\n<p style=\"text-align: justify;\">Entender que la realidad que hemos comenzado a vivir no volver\u00e1 a ser igual a la que est\u00e1bamos acostumbrados, no es una tarea sencilla. Se requiere aceptaci\u00f3n, voluntad y cooperaci\u00f3n para adaptarse y salir adelante.<\/p>\n<p style=\"text-align: justify;\">En t\u00e9rminos individuales y sociales, todas las personas estaban acostumbradas a una forma de ser y de hacer en los diferentes \u00e1mbitos de participaci\u00f3n y desarrollo que la sociedad brindaba. En la esfera pol\u00edtica, econ\u00f3mica y social las reglas estaban escritas hasta hace poco.<\/p>\n<p style=\"text-align: justify;\">Recordemos que a lo largo de la historia, las Revoluciones Industriales fueron haciendo su aparici\u00f3n de manera paulatina y al mismo tiempo generando ajustes en la configuraci\u00f3n de las realidades sociales. Cada una de estas disrupciones industria-tecnol\u00f3gicas impact\u00f3 de manera distinta en los diferentes planos:<\/p>\n<ul style=\"text-align: justify;\">\n<li><strong>Primera<\/strong>: Mecanizaci\u00f3n, energ\u00eda hidr\u00e1ulica y de vapor. A mediados del siglo XVIII, se presentaron cambios en los procesos de producci\u00f3n y en las formas de transportaci\u00f3n.<\/li>\n<li><strong>Segunda<\/strong>: Producci\u00f3n en masa, l\u00ednea de montaje, electricidad. Despu\u00e9s de la segunda mitad del siglo XIX, Thomas Alva Edison ilumin\u00f3 el mundo y con ello vino la aceleraci\u00f3n en la producci\u00f3n de masas. Al mismo tiempo se presentaron diversas y nuevas formas de transportaci\u00f3n y comunicaci\u00f3n.<\/li>\n<li><strong>Tercera:<\/strong> Inform\u00e1tica y automatizaci\u00f3n. A mediados del siglo XX, nuevas tecnolog\u00edas de informaci\u00f3n y comunicaci\u00f3n aparecieron. Tambi\u00e9n se le conoce como la revoluci\u00f3n cient\u00edfico-t\u00e9cnica. Esta evoluci\u00f3n sembr\u00f3 los cimientos de lo que viene implicando la transformaci\u00f3n digital de la sociedad.<\/li>\n<\/ul>\n<p style=\"text-align: justify;\">Al pensar en las primeras tecnolog\u00edas computacionales, es necesario recordar la creaci\u00f3n del \u00e1baco y al mismo tiempo recordar al ingeniero Persa Al-Juarismi, quien desarroll\u00f3 la teor\u00eda del algoritmo y con ello sent\u00f3 las bases de lo que ser\u00eda la inteligencia artificial, es decir, hacer que las m\u00e1quinas tomen decisiones mediante la configuraci\u00f3n de ciertas operaciones matem\u00e1ticas. Lo que nos sit\u00faa en el presente, cargado de una nueva revoluci\u00f3n y al mismo tiempo de una nueva realidad.<\/p>\n<p style=\"text-align: justify;\">Klaus Schwab se\u00f1ala que, entre el a\u00f1o 2011 y 2016, se configur\u00f3 la Cuarta revoluci\u00f3n industrial, lo que implica pensar en \u201cla transformaci\u00f3n de la humanidad, debido a la convergencia de sistemas digitales, f\u00edsicos y biol\u00f3gicos que la protagonizan\u201d. \u00a0Es decir, que a menos de una d\u00e9cada de iniciada la tambi\u00e9n llamada, Revoluci\u00f3n 4.0, se han comenzado a transformar de manera exponencial las formas de comunicaci\u00f3n, de interacci\u00f3n, de producci\u00f3n e incluso de la propia realidad, dado que est\u00e1 puede ser influenciada, manipulada y controlada a trav\u00e9s de las modernas tecnolog\u00edas y medios de informaci\u00f3n y comunicaci\u00f3n, que posibilitan la gestaci\u00f3n de una nueva sociedad, como se\u00f1al\u00e9 en una colaboraci\u00f3n pasada.<a href=\"#_ftn1\" name=\"_ftnref1\">[1]<\/a><\/p>\n<p style=\"text-align: justify;\">La automatizaci\u00f3n global, la intercomunicaci\u00f3n sin importar distancias y el intercambio masivo de todo tipo de informaci\u00f3n se hicieron presentes y cada vez con m\u00e1s fuerza, a partir del surgimiento de la era informacional que llev\u00f3 al mismo tiempo a la revoluci\u00f3n 4.0. Los cambios que antes tardaban siglos, dejaron de serlo. Ahora todo cambia de un momento a otro, de manera s\u00fabita e intempestiva. A partir de las disrupciones tecno-digitales la realidad tiene nuevas caras como alerta Paul Watzlawick.<\/p>\n<p style=\"text-align: justify;\">Ahora bien, al pensar en algunas de las implicaciones generadas en el \u00faltimo a\u00f1o y medio, conviene destacar las siete paradojas que recientemente se\u00f1al\u00f3 el trabajo de Ivan Krastev en su obra \u201cYa es ma\u00f1ana. C\u00f3mo la pandemia cambiar\u00e1 el mundo\u201d. Krastev (2020) se\u00f1ala:<\/p>\n<ul style=\"text-align: justify;\">\n<li>El mundo se sincroniz\u00f3 y de alguna forma nos uni\u00f3 como ninguna otra crisis.<\/li>\n<li>Una pandemia es una crisis que permite que la humanidad experimente su interdependencia y uni\u00f3n. Las esperanzas de la humanidad se apoyan en la ciencia y la raz\u00f3n.<\/li>\n<li>El miedo al virus durante las primeras etapas de la pandemia impuls\u00f3 un estado de unidad nacional que muchas sociedades no hab\u00edan experimentado desde hac\u00eda a\u00f1os, aunque a largo plazo provocar\u00e1n un aumento de las divisiones sociales y pol\u00edticas.<\/li>\n<li>Al inicio de la crisis, se entreg\u00f3 una gran confianza y poder de decisi\u00f3n a los gobiernos, pero esta se reducir\u00e1 en la medida en que la preocupaci\u00f3n econ\u00f3mica, suplante a la de la salud p\u00fablica.<\/li>\n<li>La pandemia puede llegar a ser m\u00e1s decisiva para el futuro de la humanidad que cualquier otro suceso en su historia.<\/li>\n<li>La crisis ha obligado a revisar los resultados, decisiones y medidas adoptadas durante la propia pandemia.<\/li>\n<li>El coronavirus ha ense\u00f1ado que si una naci\u00f3n se quiere mantener a salvo, no puede aceptar un mundo en el que la mayor\u00eda de las necesidades m\u00e9dicas se produzcan fuera de su pa\u00eds.<\/li>\n<\/ul>\n<p style=\"text-align: justify;\">Este es el mundo de constantes cambios, de contradicciones y de nuevos retos que han de enfrentar las generaciones de ni\u00f1os, j\u00f3venes y adultos que han sobrevivido a la Pandemia. Un mundo de nuevas realidades.<\/p>\n<p style=\"text-align: justify;\">Hoy la humanidad camina con miedos y sensaciones semejantes, sobre el mismo riel de la industria, de la tecnolog\u00eda y de la ciencia, que as\u00ed como nos une, tambi\u00e9n nos aleja.<\/p>\n<p style=\"text-align: justify;\">Si la sociedad sufri\u00f3 impactos en cada revoluci\u00f3n industrio-tecnol\u00f3gica, lo que ha generado la crisis COVID-19, es una serie de ajustes inimaginables que deben inquietar a todos, pero que al mismo tiempo deben orillar a unirnos como humanidad.<\/p>\n<p style=\"text-align: justify;\">En un entorno inestable en que no tenemos certeza de nada como expresara Zigmunt Bauman, en medio de una Modernidad l\u00edquida, en la que nada es est\u00e1tico, todo fluye y tiene diversas caras; es necesario reflexionar en qu\u00e9 industria, tecnolog\u00eda, crisis y lucha por la salud dan sentido a la nueva realidad.<\/p>\n<p style=\"text-align: justify;\">No basta con volver a una aparente nueva normalidad, el reto es adaptarse y comprender la realidad que se ha comenzado a conformar.<\/p>\n<ul>\n<li><a href=\"#_ftnref1\" name=\"_ftn1\">[1]<\/a> La gestaci\u00f3n de una nueva sociedad: https:\/\/www.cronica.com.mx\/<\/li>\n<\/ul>\n<p style=\"text-align: justify;\"><strong>NOTA DE REDACCI\u00d3N: <\/strong>La Web del Maestro CMF publica los textos originales de su autor, no necesariamente coincide con lo expuesto en el tema, y no se hace responsable de las opiniones expresadas.<\/p>\n<table class=\" alignleft\" border=\"0\" width=\"100%\" cellspacing=\"10\" cellpadding=\"10\">\n<tbody>\n<tr>\n<td style=\"text-align: center;\" width=\"30%\"><strong><img loading=\"lazy\" decoding=\"async\" class=\"size-full wp-image-58013 aligncenter\" src=\"https:\/\/webdelmaestrocmf.com\/portal\/wp-content\/uploads\/2021\/01\/1-copia-110.jpg\" alt=\"\" width=\"200\" height=\"200\" srcset=\"https:\/\/webdelmaestrocmf.com\/portal\/wp-content\/uploads\/2021\/01\/1-copia-110.jpg 200w, https:\/\/webdelmaestrocmf.com\/portal\/wp-content\/uploads\/2021\/01\/1-copia-110-150x150.jpg 150w, https:\/\/webdelmaestrocmf.com\/portal\/wp-content\/uploads\/2021\/01\/1-copia-110-80x80.jpg 80w, https:\/\/webdelmaestrocmf.com\/portal\/wp-content\/uploads\/2021\/01\/1-copia-110-110x110.jpg 110w, https:\/\/webdelmaestrocmf.com\/portal\/wp-content\/uploads\/2021\/01\/1-copia-110-160x160.jpg 160w\" sizes=\"auto, (max-width: 200px) 100vw, 200px\" \/><br \/>\nAutor:<\/strong>Miguel \u00c1ngel Gallegos, ciudadano mexicano, nacido en M\u00e9xico. <strong><br \/>\nExperiencia laboral: <\/strong>Doctorante en Ciencias Sociales en el \u00c1rea Sociedad y Educaci\u00f3n, Maestro en Desarrollo y Planeaci\u00f3n de la Educaci\u00f3n y Licenciado en Administraci\u00f3n por la Universidad Aut\u00f3noma Metropolitana (UAM), en la Ciudad de M\u00e9xico. Es docente en el Sistema de Educaci\u00f3n B\u00e1sica y Superior, enfocado en temas sociales, educativos y tecnol\u00f3gicos. Es director del programa de alfabetizaci\u00f3n digital de la Red Educativa Mundial (REDEM). Es coordinador y coautor del libro \u201cLas Pol\u00edticas Educativas en M\u00e9xico: problemas y desaf\u00edos\u201d.<strong><br \/>\nCorreo electr\u00f3nico: <\/strong><a href=\"mailto:miangaca@hotmail.com\">miangaca@hotmail.com<\/a><strong><br \/>\nCuenta de twitter: <\/strong><a href=\"https:\/\/twitter.com\/MiguelAGallegos\" target=\"_blank\" rel=\"noopener\">@MiguelAGallegos<\/a><strong><br \/>\n<\/strong><\/td>\n<\/tr>\n<\/tbody>\n<\/table>\n<p style=\"text-align: left;\">.<\/p>\n\t\t<div class=\"pk-inline-posts\">\n\t\t\t\n\t\t\t<div class=\"pk-inline-posts-container pk-inline-posts-template-list\"\n\t\t\t\tdata-columns=\"1\">\n\t\t\t\t\t\t<article id=\"post-77945\" class=\"post-77945 post type-post status-publish format-standard has-post-thumbnail category-colaborador category-z-colaboradores-miguel-angel-gallegos tag-escuelas tag-miguel-angel-gallegos tag-reglamento tag-segura tag-tragedia cs-entry cs-video-wrap\">\n\t\t\t<div class=\"pk-post-outer\">\n\n\t\t\t\t\t\t\t\t<div class=\"pk-post-inner\">\n\t\t\t\t\t<div class=\"entry-thumbnail\">\n\t\t\t\t\t\t<div class=\"pk-overlay pk-overlay-ratio pk-ratio-landscape\">\n\t\t\t\t\t\t\t<div class=\"pk-overlay-background\">\n\t\t\t\t\t\t\t\t<a href=\"https:\/\/webdelmaestrocmf.com\/portal\/miguel-angel-gallegos-escuelas-sin-reglamento-tragedia-segura\/\" class=\"pk-overlay-link\">\n\t\t\t\t\t\t\t\t\t<img loading=\"lazy\" decoding=\"async\" width=\"300\" height=\"225\" src=\"https:\/\/webdelmaestrocmf.com\/portal\/wp-content\/uploads\/2022\/06\/1a-3-300x225.jpg\" class=\"attachment-pk-thumbnail size-pk-thumbnail wp-post-image\" alt=\"\" \/>\t\t\t\t\t\t\t\t<\/a>\n\t\t\t\t\t\t\t<\/div>\n\t\t\t\t\t\t<\/div>\n\t\t\t\t\t<\/div>\n\t\t\t\t<\/div>\n\t\t\t\t\n\t\t\t\t<div class=\"pk-post-inner\">\n\t\t\t\t\t<header>\n\t\t\t\t\t\t<h3 class=\"pk-title\"><a href=\"https:\/\/webdelmaestrocmf.com\/portal\/miguel-angel-gallegos-escuelas-sin-reglamento-tragedia-segura\/\" rel=\"bookmark\">[Miguel \u00c1ngel Gallegos] Escuelas sin Reglamento, tragedia segura<\/a><\/h3>\t\t\t\t\t<\/header><!-- .entry-header -->\n\t\t\t\t<\/div><!-- .post-inner -->\n\n\t\t\t<\/div><!-- .post-outer -->\n\t\t<\/article>\n\t\t\t<article id=\"post-74254\" class=\"post-74254 post type-post status-publish format-standard has-post-thumbnail category-colaborador category-z-colaboradores-miguel-angel-gallegos tag-mexicana tag-miguel-angel-gallegos tag-nueva-nueva-escuela-mexicana-utopia-o-realidadescuela tag-realidad tag-utopia cs-entry cs-video-wrap\">\n\t\t\t<div class=\"pk-post-outer\">\n\n\t\t\t\t\t\t\t\t<div class=\"pk-post-inner\">\n\t\t\t\t\t<div class=\"entry-thumbnail\">\n\t\t\t\t\t\t<div class=\"pk-overlay pk-overlay-ratio pk-ratio-landscape\">\n\t\t\t\t\t\t\t<div class=\"pk-overlay-background\">\n\t\t\t\t\t\t\t\t<a href=\"https:\/\/webdelmaestrocmf.com\/portal\/miguel-angel-gallegos-la-nueva-escuela-mexicana-utopia-o-realidad\/\" class=\"pk-overlay-link\">\n\t\t\t\t\t\t\t\t\t<img loading=\"lazy\" decoding=\"async\" width=\"300\" height=\"225\" src=\"https:\/\/webdelmaestrocmf.com\/portal\/wp-content\/uploads\/2022\/02\/1-72-300x225.jpg\" class=\"attachment-pk-thumbnail size-pk-thumbnail wp-post-image\" alt=\"\" \/>\t\t\t\t\t\t\t\t<\/a>\n\t\t\t\t\t\t\t<\/div>\n\t\t\t\t\t\t<\/div>\n\t\t\t\t\t<\/div>\n\t\t\t\t<\/div>\n\t\t\t\t\n\t\t\t\t<div class=\"pk-post-inner\">\n\t\t\t\t\t<header>\n\t\t\t\t\t\t<h3 class=\"pk-title\"><a href=\"https:\/\/webdelmaestrocmf.com\/portal\/miguel-angel-gallegos-la-nueva-escuela-mexicana-utopia-o-realidad\/\" rel=\"bookmark\">[Miguel \u00c1ngel Gallegos] La Nueva Escuela Mexicana: Utop\u00eda o Realidad<\/a><\/h3>\t\t\t\t\t<\/header><!-- .entry-header -->\n\t\t\t\t<\/div><!-- .post-inner -->\n\n\t\t\t<\/div><!-- .post-outer -->\n\t\t<\/article>\n\t\t\t<article id=\"post-73056\" class=\"post-73056 post type-post status-publish format-standard has-post-thumbnail category-colaborador category-z-colaboradores-miguel-angel-gallegos tag-educacion tag-mexico tag-miguel-angel-gallegos tag-potenciar tag-secundaria tag-tecnologia cs-entry cs-video-wrap\">\n\t\t\t<div class=\"pk-post-outer\">\n\n\t\t\t\t\t\t\t\t<div class=\"pk-post-inner\">\n\t\t\t\t\t<div class=\"entry-thumbnail\">\n\t\t\t\t\t\t<div class=\"pk-overlay pk-overlay-ratio pk-ratio-landscape\">\n\t\t\t\t\t\t\t<div class=\"pk-overlay-background\">\n\t\t\t\t\t\t\t\t<a href=\"https:\/\/webdelmaestrocmf.com\/portal\/miguel-angel-gallegos-la-tecnologia-en-educacion-secundaria-para-potenciar-a-mexico\/\" class=\"pk-overlay-link\">\n\t\t\t\t\t\t\t\t\t<img loading=\"lazy\" decoding=\"async\" width=\"300\" height=\"225\" src=\"https:\/\/webdelmaestrocmf.com\/portal\/wp-content\/uploads\/2022\/01\/1-78-300x225.jpg\" class=\"attachment-pk-thumbnail size-pk-thumbnail wp-post-image\" alt=\"\" \/>\t\t\t\t\t\t\t\t<\/a>\n\t\t\t\t\t\t\t<\/div>\n\t\t\t\t\t\t<\/div>\n\t\t\t\t\t<\/div>\n\t\t\t\t<\/div>\n\t\t\t\t\n\t\t\t\t<div class=\"pk-post-inner\">\n\t\t\t\t\t<header>\n\t\t\t\t\t\t<h3 class=\"pk-title\"><a href=\"https:\/\/webdelmaestrocmf.com\/portal\/miguel-angel-gallegos-la-tecnologia-en-educacion-secundaria-para-potenciar-a-mexico\/\" rel=\"bookmark\">[Miguel \u00c1ngel Gallegos] La tecnolog\u00eda en educaci\u00f3n secundaria para potenciar a M\u00e9xico<\/a><\/h3>\t\t\t\t\t<\/header><!-- .entry-header -->\n\t\t\t\t<\/div><!-- .post-inner -->\n\n\t\t\t<\/div><!-- .post-outer -->\n\t\t<\/article>\n\t\t\t\t<\/div>\n\t\t<\/div>\n\t\t\n","protected":false},"excerpt":{"rendered":"\u201cLa manera m\u00e1s peligrosa de enga\u00f1arse a s\u00ed mismo es creer que existeuna sola realidad. De hecho existen&hellip;","protected":false},"author":1,"featured_media":64333,"comment_status":"open","ping_status":"closed","sticky":false,"template":"","format":"standard","meta":{"csco_display_header_overlay":false,"csco_singular_sidebar":"default","csco_page_header_type":"default","csco_page_load_nextpost":"default","csco_post_video_location":[],"csco_post_video_location_hash":"","csco_post_video_url":"","csco_post_video_bg_start_time":0,"csco_post_video_bg_end_time":0,"csco_post_video_bg_volume":false,"_jetpack_memberships_contains_paid_content":false,"footnotes":""},"categories":[1790,6440],"tags":[6441,5782,5274,2157,1809,13708],"class_list":{"0":"post-64331","1":"post","2":"type-post","3":"status-publish","4":"format-standard","5":"has-post-thumbnail","7":"category-colaborador","8":"category-z-colaboradores-miguel-angel-gallegos","9":"tag-miguel-angel-gallegos","10":"tag-nueva","11":"tag-partir","12":"tag-realidad","13":"tag-revolucion","14":"tag-tecno-digital","15":"cs-entry","16":"cs-video-wrap"},"yoast_head":"<!-- This site is optimized with the Yoast SEO plugin v27.5 - https:\/\/yoast.com\/product\/yoast-seo-wordpress\/ -->\n<title>[Miguel \u00c1ngel Gallegos] Nueva realidad a partir de la revoluci\u00f3n tecno-digital y la crisis pand\u00e9mica - 2026<\/title>\n<meta name=\"description\" content=\"\u201cLa manera m\u00e1s peligrosa de enga\u00f1arse a s\u00ed mismo es creer que existeuna sola realidad. De hecho existen innumerables versiones...\" \/>\n<meta name=\"robots\" content=\"index, follow, max-snippet:-1, max-image-preview:large, max-video-preview:-1\" \/>\n<link rel=\"canonical\" href=\"https:\/\/webdelmaestrocmf.com\/portal\/miguel-angel-gallegos-nueva-realidad-a-partir-de-la-revolucion-tecno-digital-y-la-crisis-pandemica\/\" \/>\n<meta property=\"og:locale\" content=\"es_ES\" \/>\n<meta property=\"og:type\" content=\"article\" \/>\n<meta property=\"og:title\" content=\"[Miguel \u00c1ngel Gallegos] Nueva realidad a partir de la revoluci\u00f3n tecno-digital y la crisis pand\u00e9mica - 2026\" \/>\n<meta property=\"og:description\" content=\"\u201cLa manera m\u00e1s peligrosa de enga\u00f1arse a s\u00ed mismo es creer que existeuna sola realidad. De hecho existen innumerables versiones...\" \/>\n<meta property=\"og:url\" content=\"https:\/\/webdelmaestrocmf.com\/portal\/miguel-angel-gallegos-nueva-realidad-a-partir-de-la-revolucion-tecno-digital-y-la-crisis-pandemica\/\" \/>\n<meta property=\"og:site_name\" content=\"Web del Maestro CMF\" \/>\n<meta property=\"article:publisher\" content=\"https:\/\/www.facebook.com\/WebdelMaestroCMF\/\" \/>\n<meta property=\"article:author\" content=\"https:\/\/www.facebook.com\/WebdelMaestroCMF\/\" \/>\n<meta property=\"article:published_time\" content=\"2021-06-24T17:32:11+00:00\" \/>\n<meta property=\"article:modified_time\" content=\"2023-10-16T00:17:38+00:00\" \/>\n<meta property=\"og:image\" content=\"https:\/\/webdelmaestrocmf.com\/portal\/wp-content\/uploads\/2021\/06\/1-copia-30.jpg\" \/>\n\t<meta property=\"og:image:width\" content=\"1100\" \/>\n\t<meta property=\"og:image:height\" content=\"680\" \/>\n\t<meta property=\"og:image:type\" content=\"image\/jpeg\" \/>\n<meta name=\"author\" content=\"Web del Maestro CMF\" \/>\n<meta name=\"twitter:card\" content=\"summary_large_image\" \/>\n<meta name=\"twitter:creator\" content=\"@cmf_w\" \/>\n<meta name=\"twitter:site\" content=\"@cmf_w\" \/>\n<script type=\"application\/ld+json\" class=\"yoast-schema-graph\">{\"@context\":\"https:\\\/\\\/schema.org\",\"@graph\":[{\"@type\":\"ScholarlyArticle\",\"@id\":\"https:\\\/\\\/webdelmaestrocmf.com\\\/portal\\\/miguel-angel-gallegos-nueva-realidad-a-partir-de-la-revolucion-tecno-digital-y-la-crisis-pandemica\\\/#article\",\"isPartOf\":{\"@id\":\"https:\\\/\\\/webdelmaestrocmf.com\\\/portal\\\/miguel-angel-gallegos-nueva-realidad-a-partir-de-la-revolucion-tecno-digital-y-la-crisis-pandemica\\\/\"},\"author\":{\"name\":\"Web del Maestro CMF\",\"@id\":\"https:\\\/\\\/webdelmaestrocmf.com\\\/portal\\\/#\\\/schema\\\/person\\\/1072a2ed7bd960df8ef99a551fa35dc5\"},\"headline\":\"[Miguel \u00c1ngel Gallegos] Nueva realidad a partir de la revoluci\u00f3n tecno-digital y la crisis pand\u00e9mica\",\"datePublished\":\"2021-06-24T17:32:11+00:00\",\"dateModified\":\"2023-10-16T00:17:38+00:00\",\"mainEntityOfPage\":{\"@id\":\"https:\\\/\\\/webdelmaestrocmf.com\\\/portal\\\/miguel-angel-gallegos-nueva-realidad-a-partir-de-la-revolucion-tecno-digital-y-la-crisis-pandemica\\\/\"},\"wordCount\":1229,\"commentCount\":0,\"publisher\":{\"@id\":\"https:\\\/\\\/webdelmaestrocmf.com\\\/portal\\\/#organization\"},\"image\":{\"@id\":\"https:\\\/\\\/webdelmaestrocmf.com\\\/portal\\\/miguel-angel-gallegos-nueva-realidad-a-partir-de-la-revolucion-tecno-digital-y-la-crisis-pandemica\\\/#primaryimage\"},\"thumbnailUrl\":\"https:\\\/\\\/webdelmaestrocmf.com\\\/portal\\\/wp-content\\\/uploads\\\/2021\\\/06\\\/1-copia-30.jpg\",\"keywords\":[\"Miguel \u00c1ngel Gallegos\",\"nueva\",\"partir\",\"REALIDAD\",\"REVOLUCI\u00d3N\",\"tecno-digital\"],\"articleSection\":[\"Z-Colaboradores\",\"Z-Colaboradores-Miguel-\u00c1ngel-Gallegos\"],\"inLanguage\":\"es\",\"potentialAction\":[{\"@type\":\"CommentAction\",\"name\":\"Comment\",\"target\":[\"https:\\\/\\\/webdelmaestrocmf.com\\\/portal\\\/miguel-angel-gallegos-nueva-realidad-a-partir-de-la-revolucion-tecno-digital-y-la-crisis-pandemica\\\/#respond\"]}]},{\"@type\":\"WebPage\",\"@id\":\"https:\\\/\\\/webdelmaestrocmf.com\\\/portal\\\/miguel-angel-gallegos-nueva-realidad-a-partir-de-la-revolucion-tecno-digital-y-la-crisis-pandemica\\\/\",\"url\":\"https:\\\/\\\/webdelmaestrocmf.com\\\/portal\\\/miguel-angel-gallegos-nueva-realidad-a-partir-de-la-revolucion-tecno-digital-y-la-crisis-pandemica\\\/\",\"name\":\"[Miguel \u00c1ngel Gallegos] Nueva realidad a partir de la revoluci\u00f3n tecno-digital y la crisis pand\u00e9mica - 2026\",\"isPartOf\":{\"@id\":\"https:\\\/\\\/webdelmaestrocmf.com\\\/portal\\\/#website\"},\"primaryImageOfPage\":{\"@id\":\"https:\\\/\\\/webdelmaestrocmf.com\\\/portal\\\/miguel-angel-gallegos-nueva-realidad-a-partir-de-la-revolucion-tecno-digital-y-la-crisis-pandemica\\\/#primaryimage\"},\"image\":{\"@id\":\"https:\\\/\\\/webdelmaestrocmf.com\\\/portal\\\/miguel-angel-gallegos-nueva-realidad-a-partir-de-la-revolucion-tecno-digital-y-la-crisis-pandemica\\\/#primaryimage\"},\"thumbnailUrl\":\"https:\\\/\\\/webdelmaestrocmf.com\\\/portal\\\/wp-content\\\/uploads\\\/2021\\\/06\\\/1-copia-30.jpg\",\"datePublished\":\"2021-06-24T17:32:11+00:00\",\"dateModified\":\"2023-10-16T00:17:38+00:00\",\"description\":\"\u201cLa manera m\u00e1s peligrosa de enga\u00f1arse a s\u00ed mismo es creer que existeuna sola realidad. De hecho existen innumerables versiones...\",\"breadcrumb\":{\"@id\":\"https:\\\/\\\/webdelmaestrocmf.com\\\/portal\\\/miguel-angel-gallegos-nueva-realidad-a-partir-de-la-revolucion-tecno-digital-y-la-crisis-pandemica\\\/#breadcrumb\"},\"inLanguage\":\"es\",\"potentialAction\":[{\"@type\":\"ReadAction\",\"target\":[\"https:\\\/\\\/webdelmaestrocmf.com\\\/portal\\\/miguel-angel-gallegos-nueva-realidad-a-partir-de-la-revolucion-tecno-digital-y-la-crisis-pandemica\\\/\"]}]},{\"@type\":\"ImageObject\",\"inLanguage\":\"es\",\"@id\":\"https:\\\/\\\/webdelmaestrocmf.com\\\/portal\\\/miguel-angel-gallegos-nueva-realidad-a-partir-de-la-revolucion-tecno-digital-y-la-crisis-pandemica\\\/#primaryimage\",\"url\":\"https:\\\/\\\/webdelmaestrocmf.com\\\/portal\\\/wp-content\\\/uploads\\\/2021\\\/06\\\/1-copia-30.jpg\",\"contentUrl\":\"https:\\\/\\\/webdelmaestrocmf.com\\\/portal\\\/wp-content\\\/uploads\\\/2021\\\/06\\\/1-copia-30.jpg\",\"width\":1100,\"height\":680},{\"@type\":\"BreadcrumbList\",\"@id\":\"https:\\\/\\\/webdelmaestrocmf.com\\\/portal\\\/miguel-angel-gallegos-nueva-realidad-a-partir-de-la-revolucion-tecno-digital-y-la-crisis-pandemica\\\/#breadcrumb\",\"itemListElement\":[{\"@type\":\"ListItem\",\"position\":1,\"name\":\"Portada\",\"item\":\"https:\\\/\\\/webdelmaestrocmf.com\\\/portal\\\/\"},{\"@type\":\"ListItem\",\"position\":2,\"name\":\"Z-Colaboradores\",\"item\":\"https:\\\/\\\/webdelmaestrocmf.com\\\/portal\\\/category\\\/colaborador\\\/\"},{\"@type\":\"ListItem\",\"position\":3,\"name\":\"Z-Colaboradores-Miguel-\u00c1ngel-Gallegos\",\"item\":\"https:\\\/\\\/webdelmaestrocmf.com\\\/portal\\\/category\\\/colaborador\\\/z-colaboradores-miguel-angel-gallegos\\\/\"},{\"@type\":\"ListItem\",\"position\":4,\"name\":\"[Miguel \u00c1ngel Gallegos] Nueva realidad a partir de la revoluci\u00f3n tecno-digital y la crisis pand\u00e9mica\"}]},{\"@type\":\"WebSite\",\"@id\":\"https:\\\/\\\/webdelmaestrocmf.com\\\/portal\\\/#website\",\"url\":\"https:\\\/\\\/webdelmaestrocmf.com\\\/portal\\\/\",\"name\":\"Web del Maestro CMF\",\"description\":\"Maestros al servicio de la educaci\u00f3n\",\"publisher\":{\"@id\":\"https:\\\/\\\/webdelmaestrocmf.com\\\/portal\\\/#organization\"},\"alternateName\":\"WMCMF\",\"potentialAction\":[{\"@type\":\"SearchAction\",\"target\":{\"@type\":\"EntryPoint\",\"urlTemplate\":\"https:\\\/\\\/webdelmaestrocmf.com\\\/portal\\\/?s={search_term_string}\"},\"query-input\":{\"@type\":\"PropertyValueSpecification\",\"valueRequired\":true,\"valueName\":\"search_term_string\"}}],\"inLanguage\":\"es\"},{\"@type\":\"Organization\",\"@id\":\"https:\\\/\\\/webdelmaestrocmf.com\\\/portal\\\/#organization\",\"name\":\"Web del Maestro CMF\",\"alternateName\":\"WMCMF\",\"url\":\"https:\\\/\\\/webdelmaestrocmf.com\\\/portal\\\/\",\"logo\":{\"@type\":\"ImageObject\",\"inLanguage\":\"es\",\"@id\":\"https:\\\/\\\/webdelmaestrocmf.com\\\/portal\\\/#\\\/schema\\\/logo\\\/image\\\/\",\"url\":\"https:\\\/\\\/webdelmaestrocmf.com\\\/portal\\\/wp-content\\\/uploads\\\/2023\\\/01\\\/logo-wmcmf-2.png\",\"contentUrl\":\"https:\\\/\\\/webdelmaestrocmf.com\\\/portal\\\/wp-content\\\/uploads\\\/2023\\\/01\\\/logo-wmcmf-2.png\",\"width\":200,\"height\":60,\"caption\":\"Web del Maestro CMF\"},\"image\":{\"@id\":\"https:\\\/\\\/webdelmaestrocmf.com\\\/portal\\\/#\\\/schema\\\/logo\\\/image\\\/\"},\"sameAs\":[\"https:\\\/\\\/www.facebook.com\\\/WebdelMaestroCMF\\\/\",\"https:\\\/\\\/x.com\\\/cmf_w\",\"https:\\\/\\\/www.pinterest.com\\\/WMCMF\\\/\",\"https:\\\/\\\/www.linkedin.com\\\/company\\\/web-del-maestro-cmf\\\/\",\"https:\\\/\\\/www.instagram.com\\\/wmcmf\\\/\",\"https:\\\/\\\/www.youtube.com\\\/channel\\\/UCDPSvjbdodE5sHnC3OxutHw\",\"https:\\\/\\\/mastodon.social\\\/@wmcmf\",\"https:\\\/\\\/www.tiktok.com\\\/@webdelmaestrocmf\"]},{\"@type\":\"Person\",\"@id\":\"https:\\\/\\\/webdelmaestrocmf.com\\\/portal\\\/#\\\/schema\\\/person\\\/1072a2ed7bd960df8ef99a551fa35dc5\",\"name\":\"Web del Maestro CMF\",\"image\":{\"@type\":\"ImageObject\",\"inLanguage\":\"es\",\"@id\":\"https:\\\/\\\/secure.gravatar.com\\\/avatar\\\/23291dd5b5ae1077dcff3dbb04c3e02bd28403fa75af6d8787d5e97c5bbbe30b?s=96&d=mm&r=g\",\"url\":\"https:\\\/\\\/secure.gravatar.com\\\/avatar\\\/23291dd5b5ae1077dcff3dbb04c3e02bd28403fa75af6d8787d5e97c5bbbe30b?s=96&d=mm&r=g\",\"contentUrl\":\"https:\\\/\\\/secure.gravatar.com\\\/avatar\\\/23291dd5b5ae1077dcff3dbb04c3e02bd28403fa75af6d8787d5e97c5bbbe30b?s=96&d=mm&r=g\",\"caption\":\"Web del Maestro CMF\"},\"description\":\"Esta Web se cre\u00f3 sin fines de lucro, con fines educativos, cient\u00edficos y acad\u00e9micos, para personas que tengan dificultades y\\\/o inconvenientes en visualizar el material original. El objetivo es entregar recursos, compartir experiencias y materiales que ayuden a los padres de familia, maestros y estudiantes en su actualizaci\u00f3n y formaci\u00f3n permanente, en bien de la Educaci\u00f3n.\",\"sameAs\":[\"http:\\\/\\\/webdelmaestrocmf.com\\\/portal\",\"https:\\\/\\\/www.facebook.com\\\/WebdelMaestroCMF\\\/\",\"https:\\\/\\\/www.instagram.com\\\/wmcmf\\\/\",\"https:\\\/\\\/cl.linkedin.com\\\/company\\\/web-del-maestro-cmf\",\"https:\\\/\\\/www.pinterest.com\\\/WMCMF\\\/publicaciones\\\/\",\"https:\\\/\\\/x.com\\\/cmf_w\",\"https:\\\/\\\/www.youtube.com\\\/@WMCMF\"]}]}<\/script>\n<!-- \/ Yoast SEO plugin. -->","yoast_head_json":{"title":"[Miguel \u00c1ngel Gallegos] Nueva realidad a partir de la revoluci\u00f3n tecno-digital y la crisis pand\u00e9mica - 2026","description":"\u201cLa manera m\u00e1s peligrosa de enga\u00f1arse a s\u00ed mismo es creer que existeuna sola realidad. De hecho existen innumerables versiones...","robots":{"index":"index","follow":"follow","max-snippet":"max-snippet:-1","max-image-preview":"max-image-preview:large","max-video-preview":"max-video-preview:-1"},"canonical":"https:\/\/webdelmaestrocmf.com\/portal\/miguel-angel-gallegos-nueva-realidad-a-partir-de-la-revolucion-tecno-digital-y-la-crisis-pandemica\/","og_locale":"es_ES","og_type":"article","og_title":"[Miguel \u00c1ngel Gallegos] Nueva realidad a partir de la revoluci\u00f3n tecno-digital y la crisis pand\u00e9mica - 2026","og_description":"\u201cLa manera m\u00e1s peligrosa de enga\u00f1arse a s\u00ed mismo es creer que existeuna sola realidad. De hecho existen innumerables versiones...","og_url":"https:\/\/webdelmaestrocmf.com\/portal\/miguel-angel-gallegos-nueva-realidad-a-partir-de-la-revolucion-tecno-digital-y-la-crisis-pandemica\/","og_site_name":"Web del Maestro CMF","article_publisher":"https:\/\/www.facebook.com\/WebdelMaestroCMF\/","article_author":"https:\/\/www.facebook.com\/WebdelMaestroCMF\/","article_published_time":"2021-06-24T17:32:11+00:00","article_modified_time":"2023-10-16T00:17:38+00:00","og_image":[{"width":1100,"height":680,"url":"https:\/\/webdelmaestrocmf.com\/portal\/wp-content\/uploads\/2021\/06\/1-copia-30.jpg","type":"image\/jpeg"}],"author":"Web del Maestro CMF","twitter_card":"summary_large_image","twitter_creator":"@cmf_w","twitter_site":"@cmf_w","schema":{"@context":"https:\/\/schema.org","@graph":[{"@type":"ScholarlyArticle","@id":"https:\/\/webdelmaestrocmf.com\/portal\/miguel-angel-gallegos-nueva-realidad-a-partir-de-la-revolucion-tecno-digital-y-la-crisis-pandemica\/#article","isPartOf":{"@id":"https:\/\/webdelmaestrocmf.com\/portal\/miguel-angel-gallegos-nueva-realidad-a-partir-de-la-revolucion-tecno-digital-y-la-crisis-pandemica\/"},"author":{"name":"Web del Maestro CMF","@id":"https:\/\/webdelmaestrocmf.com\/portal\/#\/schema\/person\/1072a2ed7bd960df8ef99a551fa35dc5"},"headline":"[Miguel \u00c1ngel Gallegos] Nueva realidad a partir de la revoluci\u00f3n tecno-digital y la crisis pand\u00e9mica","datePublished":"2021-06-24T17:32:11+00:00","dateModified":"2023-10-16T00:17:38+00:00","mainEntityOfPage":{"@id":"https:\/\/webdelmaestrocmf.com\/portal\/miguel-angel-gallegos-nueva-realidad-a-partir-de-la-revolucion-tecno-digital-y-la-crisis-pandemica\/"},"wordCount":1229,"commentCount":0,"publisher":{"@id":"https:\/\/webdelmaestrocmf.com\/portal\/#organization"},"image":{"@id":"https:\/\/webdelmaestrocmf.com\/portal\/miguel-angel-gallegos-nueva-realidad-a-partir-de-la-revolucion-tecno-digital-y-la-crisis-pandemica\/#primaryimage"},"thumbnailUrl":"https:\/\/webdelmaestrocmf.com\/portal\/wp-content\/uploads\/2021\/06\/1-copia-30.jpg","keywords":["Miguel \u00c1ngel Gallegos","nueva","partir","REALIDAD","REVOLUCI\u00d3N","tecno-digital"],"articleSection":["Z-Colaboradores","Z-Colaboradores-Miguel-\u00c1ngel-Gallegos"],"inLanguage":"es","potentialAction":[{"@type":"CommentAction","name":"Comment","target":["https:\/\/webdelmaestrocmf.com\/portal\/miguel-angel-gallegos-nueva-realidad-a-partir-de-la-revolucion-tecno-digital-y-la-crisis-pandemica\/#respond"]}]},{"@type":"WebPage","@id":"https:\/\/webdelmaestrocmf.com\/portal\/miguel-angel-gallegos-nueva-realidad-a-partir-de-la-revolucion-tecno-digital-y-la-crisis-pandemica\/","url":"https:\/\/webdelmaestrocmf.com\/portal\/miguel-angel-gallegos-nueva-realidad-a-partir-de-la-revolucion-tecno-digital-y-la-crisis-pandemica\/","name":"[Miguel \u00c1ngel Gallegos] Nueva realidad a partir de la revoluci\u00f3n tecno-digital y la crisis pand\u00e9mica - 2026","isPartOf":{"@id":"https:\/\/webdelmaestrocmf.com\/portal\/#website"},"primaryImageOfPage":{"@id":"https:\/\/webdelmaestrocmf.com\/portal\/miguel-angel-gallegos-nueva-realidad-a-partir-de-la-revolucion-tecno-digital-y-la-crisis-pandemica\/#primaryimage"},"image":{"@id":"https:\/\/webdelmaestrocmf.com\/portal\/miguel-angel-gallegos-nueva-realidad-a-partir-de-la-revolucion-tecno-digital-y-la-crisis-pandemica\/#primaryimage"},"thumbnailUrl":"https:\/\/webdelmaestrocmf.com\/portal\/wp-content\/uploads\/2021\/06\/1-copia-30.jpg","datePublished":"2021-06-24T17:32:11+00:00","dateModified":"2023-10-16T00:17:38+00:00","description":"\u201cLa manera m\u00e1s peligrosa de enga\u00f1arse a s\u00ed mismo es creer que existeuna sola realidad. De hecho existen innumerables versiones...","breadcrumb":{"@id":"https:\/\/webdelmaestrocmf.com\/portal\/miguel-angel-gallegos-nueva-realidad-a-partir-de-la-revolucion-tecno-digital-y-la-crisis-pandemica\/#breadcrumb"},"inLanguage":"es","potentialAction":[{"@type":"ReadAction","target":["https:\/\/webdelmaestrocmf.com\/portal\/miguel-angel-gallegos-nueva-realidad-a-partir-de-la-revolucion-tecno-digital-y-la-crisis-pandemica\/"]}]},{"@type":"ImageObject","inLanguage":"es","@id":"https:\/\/webdelmaestrocmf.com\/portal\/miguel-angel-gallegos-nueva-realidad-a-partir-de-la-revolucion-tecno-digital-y-la-crisis-pandemica\/#primaryimage","url":"https:\/\/webdelmaestrocmf.com\/portal\/wp-content\/uploads\/2021\/06\/1-copia-30.jpg","contentUrl":"https:\/\/webdelmaestrocmf.com\/portal\/wp-content\/uploads\/2021\/06\/1-copia-30.jpg","width":1100,"height":680},{"@type":"BreadcrumbList","@id":"https:\/\/webdelmaestrocmf.com\/portal\/miguel-angel-gallegos-nueva-realidad-a-partir-de-la-revolucion-tecno-digital-y-la-crisis-pandemica\/#breadcrumb","itemListElement":[{"@type":"ListItem","position":1,"name":"Portada","item":"https:\/\/webdelmaestrocmf.com\/portal\/"},{"@type":"ListItem","position":2,"name":"Z-Colaboradores","item":"https:\/\/webdelmaestrocmf.com\/portal\/category\/colaborador\/"},{"@type":"ListItem","position":3,"name":"Z-Colaboradores-Miguel-\u00c1ngel-Gallegos","item":"https:\/\/webdelmaestrocmf.com\/portal\/category\/colaborador\/z-colaboradores-miguel-angel-gallegos\/"},{"@type":"ListItem","position":4,"name":"[Miguel \u00c1ngel Gallegos] Nueva realidad a partir de la revoluci\u00f3n tecno-digital y la crisis pand\u00e9mica"}]},{"@type":"WebSite","@id":"https:\/\/webdelmaestrocmf.com\/portal\/#website","url":"https:\/\/webdelmaestrocmf.com\/portal\/","name":"Web del Maestro CMF","description":"Maestros al servicio de la educaci\u00f3n","publisher":{"@id":"https:\/\/webdelmaestrocmf.com\/portal\/#organization"},"alternateName":"WMCMF","potentialAction":[{"@type":"SearchAction","target":{"@type":"EntryPoint","urlTemplate":"https:\/\/webdelmaestrocmf.com\/portal\/?s={search_term_string}"},"query-input":{"@type":"PropertyValueSpecification","valueRequired":true,"valueName":"search_term_string"}}],"inLanguage":"es"},{"@type":"Organization","@id":"https:\/\/webdelmaestrocmf.com\/portal\/#organization","name":"Web del Maestro CMF","alternateName":"WMCMF","url":"https:\/\/webdelmaestrocmf.com\/portal\/","logo":{"@type":"ImageObject","inLanguage":"es","@id":"https:\/\/webdelmaestrocmf.com\/portal\/#\/schema\/logo\/image\/","url":"https:\/\/webdelmaestrocmf.com\/portal\/wp-content\/uploads\/2023\/01\/logo-wmcmf-2.png","contentUrl":"https:\/\/webdelmaestrocmf.com\/portal\/wp-content\/uploads\/2023\/01\/logo-wmcmf-2.png","width":200,"height":60,"caption":"Web del Maestro CMF"},"image":{"@id":"https:\/\/webdelmaestrocmf.com\/portal\/#\/schema\/logo\/image\/"},"sameAs":["https:\/\/www.facebook.com\/WebdelMaestroCMF\/","https:\/\/x.com\/cmf_w","https:\/\/www.pinterest.com\/WMCMF\/","https:\/\/www.linkedin.com\/company\/web-del-maestro-cmf\/","https:\/\/www.instagram.com\/wmcmf\/","https:\/\/www.youtube.com\/channel\/UCDPSvjbdodE5sHnC3OxutHw","https:\/\/mastodon.social\/@wmcmf","https:\/\/www.tiktok.com\/@webdelmaestrocmf"]},{"@type":"Person","@id":"https:\/\/webdelmaestrocmf.com\/portal\/#\/schema\/person\/1072a2ed7bd960df8ef99a551fa35dc5","name":"Web del Maestro CMF","image":{"@type":"ImageObject","inLanguage":"es","@id":"https:\/\/secure.gravatar.com\/avatar\/23291dd5b5ae1077dcff3dbb04c3e02bd28403fa75af6d8787d5e97c5bbbe30b?s=96&d=mm&r=g","url":"https:\/\/secure.gravatar.com\/avatar\/23291dd5b5ae1077dcff3dbb04c3e02bd28403fa75af6d8787d5e97c5bbbe30b?s=96&d=mm&r=g","contentUrl":"https:\/\/secure.gravatar.com\/avatar\/23291dd5b5ae1077dcff3dbb04c3e02bd28403fa75af6d8787d5e97c5bbbe30b?s=96&d=mm&r=g","caption":"Web del Maestro CMF"},"description":"Esta Web se cre\u00f3 sin fines de lucro, con fines educativos, cient\u00edficos y acad\u00e9micos, para personas que tengan dificultades y\/o inconvenientes en visualizar el material original. El objetivo es entregar recursos, compartir experiencias y materiales que ayuden a los padres de familia, maestros y estudiantes en su actualizaci\u00f3n y formaci\u00f3n permanente, en bien de la Educaci\u00f3n.","sameAs":["http:\/\/webdelmaestrocmf.com\/portal","https:\/\/www.facebook.com\/WebdelMaestroCMF\/","https:\/\/www.instagram.com\/wmcmf\/","https:\/\/cl.linkedin.com\/company\/web-del-maestro-cmf","https:\/\/www.pinterest.com\/WMCMF\/publicaciones\/","https:\/\/x.com\/cmf_w","https:\/\/www.youtube.com\/@WMCMF"]}]}},"jetpack_featured_media_url":"https:\/\/webdelmaestrocmf.com\/portal\/wp-content\/uploads\/2021\/06\/1-copia-30.jpg","jetpack_sharing_enabled":true,"jetpack-related-posts":[{"id":60818,"url":"https:\/\/webdelmaestrocmf.com\/portal\/miguel-angel-gallegos-areas-de-direccion-digital-para-mejorar-los-sistemas-educativos\/","url_meta":{"origin":64331,"position":0},"title":"[Miguel \u00c1ngel Gallegos] \u00c1reas de direcci\u00f3n digital para mejorar los sistemas educativos","author":"Web del Maestro CMF","date":"21 marzo, 2021","format":false,"excerpt":"Este a\u00f1o, todos estamos conscientes de que las cosas han cambiado, que ya no son como antes, como est\u00e1bamos acostumbrados hasta hace muy poco. La pandemia trajo aceleraciones en muchos sectores de la sociedad, pero tambi\u00e9n en las personas y en su hacer cotidiano. Nos estamos acostumbrando al nuevo acontecer\u2026","rel":"","context":"En \u00abZ-Colaboradores\u00bb","block_context":{"text":"Z-Colaboradores","link":"https:\/\/webdelmaestrocmf.com\/portal\/category\/colaborador\/"},"img":{"alt_text":"","src":"https:\/\/i0.wp.com\/webdelmaestrocmf.com\/portal\/wp-content\/uploads\/2021\/03\/1-112.jpg?resize=350%2C200&ssl=1","width":350,"height":200,"srcset":"https:\/\/i0.wp.com\/webdelmaestrocmf.com\/portal\/wp-content\/uploads\/2021\/03\/1-112.jpg?resize=350%2C200&ssl=1 1x, https:\/\/i0.wp.com\/webdelmaestrocmf.com\/portal\/wp-content\/uploads\/2021\/03\/1-112.jpg?resize=525%2C300&ssl=1 1.5x, https:\/\/i0.wp.com\/webdelmaestrocmf.com\/portal\/wp-content\/uploads\/2021\/03\/1-112.jpg?resize=700%2C400&ssl=1 2x, https:\/\/i0.wp.com\/webdelmaestrocmf.com\/portal\/wp-content\/uploads\/2021\/03\/1-112.jpg?resize=1050%2C600&ssl=1 3x"},"classes":[]},{"id":73056,"url":"https:\/\/webdelmaestrocmf.com\/portal\/miguel-angel-gallegos-la-tecnologia-en-educacion-secundaria-para-potenciar-a-mexico\/","url_meta":{"origin":64331,"position":1},"title":"[Miguel \u00c1ngel Gallegos] La tecnolog\u00eda en educaci\u00f3n secundaria para potenciar a M\u00e9xico","author":"Web del Maestro CMF","date":"14 enero, 2022","format":false,"excerpt":"El impulso al desarrollo tecnol\u00f3gico no es una opci\u00f3n voluntaria, m\u00e1s bien, es el camino a seguir para los pa\u00edses que aspiran a posicionarse como potencias econ\u00f3micas en el mundo. Esto no es nuevo, es una constante y factor del progreso en diversos pa\u00edses, particularmente en los asi\u00e1ticos. Evidencia de\u2026","rel":"","context":"En \u00abZ-Colaboradores\u00bb","block_context":{"text":"Z-Colaboradores","link":"https:\/\/webdelmaestrocmf.com\/portal\/category\/colaborador\/"},"img":{"alt_text":"","src":"https:\/\/i0.wp.com\/webdelmaestrocmf.com\/portal\/wp-content\/uploads\/2022\/01\/1-78.jpg?resize=350%2C200&ssl=1","width":350,"height":200,"srcset":"https:\/\/i0.wp.com\/webdelmaestrocmf.com\/portal\/wp-content\/uploads\/2022\/01\/1-78.jpg?resize=350%2C200&ssl=1 1x, https:\/\/i0.wp.com\/webdelmaestrocmf.com\/portal\/wp-content\/uploads\/2022\/01\/1-78.jpg?resize=525%2C300&ssl=1 1.5x, https:\/\/i0.wp.com\/webdelmaestrocmf.com\/portal\/wp-content\/uploads\/2022\/01\/1-78.jpg?resize=700%2C400&ssl=1 2x, https:\/\/i0.wp.com\/webdelmaestrocmf.com\/portal\/wp-content\/uploads\/2022\/01\/1-78.jpg?resize=1050%2C600&ssl=1 3x"},"classes":[]},{"id":62170,"url":"https:\/\/webdelmaestrocmf.com\/portal\/miguel-angel-gallegos-la-gestacion-de-una-nueva-sociedad\/","url_meta":{"origin":64331,"position":2},"title":"[Miguel \u00c1ngel Gallegos] La gestaci\u00f3n de una nueva sociedad","author":"Web del Maestro CMF","date":"25 abril, 2021","format":false,"excerpt":"Actualmente la sociedad registra gran cantidad de perdidas humanas, cambios de empleo, restricciones en movilidad, econom\u00eda y convivencia. Encierro y aislamiento f\u00edsico han orillado a la interacci\u00f3n virtual y nuevos h\u00e1bitos. La mayor\u00eda de las personas se encuentra bajo presi\u00f3n laboral en el llamado \u201cHome Office\u201d, en armon\u00eda o en\u2026","rel":"","context":"En \u00abZ-Colaboradores\u00bb","block_context":{"text":"Z-Colaboradores","link":"https:\/\/webdelmaestrocmf.com\/portal\/category\/colaborador\/"},"img":{"alt_text":"","src":"https:\/\/i0.wp.com\/webdelmaestrocmf.com\/portal\/wp-content\/uploads\/2021\/04\/1-copia-24.jpg?resize=350%2C200&ssl=1","width":350,"height":200,"srcset":"https:\/\/i0.wp.com\/webdelmaestrocmf.com\/portal\/wp-content\/uploads\/2021\/04\/1-copia-24.jpg?resize=350%2C200&ssl=1 1x, https:\/\/i0.wp.com\/webdelmaestrocmf.com\/portal\/wp-content\/uploads\/2021\/04\/1-copia-24.jpg?resize=525%2C300&ssl=1 1.5x, https:\/\/i0.wp.com\/webdelmaestrocmf.com\/portal\/wp-content\/uploads\/2021\/04\/1-copia-24.jpg?resize=700%2C400&ssl=1 2x, https:\/\/i0.wp.com\/webdelmaestrocmf.com\/portal\/wp-content\/uploads\/2021\/04\/1-copia-24.jpg?resize=1050%2C600&ssl=1 3x"},"classes":[]},{"id":59526,"url":"https:\/\/webdelmaestrocmf.com\/portal\/miguel-angel-gallegos-los-retos-para-la-universidad-del-futuro\/","url_meta":{"origin":64331,"position":3},"title":"[Miguel \u00c1ngel Gallegos] Los Retos para la Universidad del Futuro","author":"Web del Maestro CMF","date":"19 febrero, 2021","format":false,"excerpt":"El a\u00f1o 2020 ha marcado un antes y un despu\u00e9s para la humanidad. La pandemia ha dejado secuelas en muchos planos de la sociedad, tanto en la salud, la econom\u00eda, las formas de trabajar, de convivir y, sobre todo en los Sistemas Educativos en todo el mundo. Entre marzo y\u2026","rel":"","context":"En \u00abZ-Colaboradores\u00bb","block_context":{"text":"Z-Colaboradores","link":"https:\/\/webdelmaestrocmf.com\/portal\/category\/colaborador\/"},"img":{"alt_text":"","src":"https:\/\/i0.wp.com\/webdelmaestrocmf.com\/portal\/wp-content\/uploads\/2021\/02\/1-copia-55.jpg?resize=350%2C200&ssl=1","width":350,"height":200,"srcset":"https:\/\/i0.wp.com\/webdelmaestrocmf.com\/portal\/wp-content\/uploads\/2021\/02\/1-copia-55.jpg?resize=350%2C200&ssl=1 1x, https:\/\/i0.wp.com\/webdelmaestrocmf.com\/portal\/wp-content\/uploads\/2021\/02\/1-copia-55.jpg?resize=525%2C300&ssl=1 1.5x, https:\/\/i0.wp.com\/webdelmaestrocmf.com\/portal\/wp-content\/uploads\/2021\/02\/1-copia-55.jpg?resize=700%2C400&ssl=1 2x, https:\/\/i0.wp.com\/webdelmaestrocmf.com\/portal\/wp-content\/uploads\/2021\/02\/1-copia-55.jpg?resize=1050%2C600&ssl=1 3x"},"classes":[]},{"id":74254,"url":"https:\/\/webdelmaestrocmf.com\/portal\/miguel-angel-gallegos-la-nueva-escuela-mexicana-utopia-o-realidad\/","url_meta":{"origin":64331,"position":4},"title":"[Miguel \u00c1ngel Gallegos] La Nueva Escuela Mexicana: Utop\u00eda o Realidad","author":"Web del Maestro CMF","date":"12 febrero, 2022","format":false,"excerpt":"Cuando un nuevo gobierno asume el poder, tambi\u00e9n llegan nuevas propuestas a implementar que por lo general responden a promesas realizadas en campa\u00f1a. En M\u00e9xico, en el terreno de la educaci\u00f3n, sepultar el pasado inmediato en cuanto a la \u201cmal llamada Reforma Educativa\u201d fue un compromiso que el gobierno de\u2026","rel":"","context":"En \u00abZ-Colaboradores\u00bb","block_context":{"text":"Z-Colaboradores","link":"https:\/\/webdelmaestrocmf.com\/portal\/category\/colaborador\/"},"img":{"alt_text":"","src":"https:\/\/i0.wp.com\/webdelmaestrocmf.com\/portal\/wp-content\/uploads\/2022\/02\/1-72.jpg?resize=350%2C200&ssl=1","width":350,"height":200,"srcset":"https:\/\/i0.wp.com\/webdelmaestrocmf.com\/portal\/wp-content\/uploads\/2022\/02\/1-72.jpg?resize=350%2C200&ssl=1 1x, https:\/\/i0.wp.com\/webdelmaestrocmf.com\/portal\/wp-content\/uploads\/2022\/02\/1-72.jpg?resize=525%2C300&ssl=1 1.5x, https:\/\/i0.wp.com\/webdelmaestrocmf.com\/portal\/wp-content\/uploads\/2022\/02\/1-72.jpg?resize=700%2C400&ssl=1 2x, https:\/\/i0.wp.com\/webdelmaestrocmf.com\/portal\/wp-content\/uploads\/2022\/02\/1-72.jpg?resize=1050%2C600&ssl=1 3x"},"classes":[]},{"id":58545,"url":"https:\/\/webdelmaestrocmf.com\/portal\/miguel-angel-gallegos-los-modelos-educativos-deben-replantearse-ante-las-nuevas-formas-de-trabajo\/","url_meta":{"origin":64331,"position":5},"title":"[Miguel \u00c1ngel Gallegos] Los modelos educativos deben replantearse ante las nuevas formas de trabajo","author":"Web del Maestro CMF","date":"29 enero, 2021","format":false,"excerpt":"Despu\u00e9s de la pandemia del COVID-19 habr\u00e1 que replantearse los modelos educativos, ante las nuevas formas y las necesidades laborales que demandan, tanto la sociedad como el propio sector industrial, asegur\u00f3 el maestro Miguel \u00c1ngel Gallegos C\u00e1rdenas, doctorante de la Universidad Aut\u00f3noma Metropolitana (UAM). El estudiante del Posgrado en Ciencias\u2026","rel":"","context":"En \u00abZ-Colaboradores\u00bb","block_context":{"text":"Z-Colaboradores","link":"https:\/\/webdelmaestrocmf.com\/portal\/category\/colaborador\/"},"img":{"alt_text":"","src":"https:\/\/i0.wp.com\/webdelmaestrocmf.com\/portal\/wp-content\/uploads\/2021\/01\/1-copia-139.jpg?resize=350%2C200&ssl=1","width":350,"height":200,"srcset":"https:\/\/i0.wp.com\/webdelmaestrocmf.com\/portal\/wp-content\/uploads\/2021\/01\/1-copia-139.jpg?resize=350%2C200&ssl=1 1x, https:\/\/i0.wp.com\/webdelmaestrocmf.com\/portal\/wp-content\/uploads\/2021\/01\/1-copia-139.jpg?resize=525%2C300&ssl=1 1.5x, https:\/\/i0.wp.com\/webdelmaestrocmf.com\/portal\/wp-content\/uploads\/2021\/01\/1-copia-139.jpg?resize=700%2C400&ssl=1 2x, https:\/\/i0.wp.com\/webdelmaestrocmf.com\/portal\/wp-content\/uploads\/2021\/01\/1-copia-139.jpg?resize=1050%2C600&ssl=1 3x"},"classes":[]}],"_links":{"self":[{"href":"https:\/\/webdelmaestrocmf.com\/portal\/wp-json\/wp\/v2\/posts\/64331","targetHints":{"allow":["GET"]}}],"collection":[{"href":"https:\/\/webdelmaestrocmf.com\/portal\/wp-json\/wp\/v2\/posts"}],"about":[{"href":"https:\/\/webdelmaestrocmf.com\/portal\/wp-json\/wp\/v2\/types\/post"}],"author":[{"embeddable":true,"href":"https:\/\/webdelmaestrocmf.com\/portal\/wp-json\/wp\/v2\/users\/1"}],"replies":[{"embeddable":true,"href":"https:\/\/webdelmaestrocmf.com\/portal\/wp-json\/wp\/v2\/comments?post=64331"}],"version-history":[{"count":0,"href":"https:\/\/webdelmaestrocmf.com\/portal\/wp-json\/wp\/v2\/posts\/64331\/revisions"}],"wp:featuredmedia":[{"embeddable":true,"href":"https:\/\/webdelmaestrocmf.com\/portal\/wp-json\/wp\/v2\/media\/64333"}],"wp:attachment":[{"href":"https:\/\/webdelmaestrocmf.com\/portal\/wp-json\/wp\/v2\/media?parent=64331"}],"wp:term":[{"taxonomy":"category","embeddable":true,"href":"https:\/\/webdelmaestrocmf.com\/portal\/wp-json\/wp\/v2\/categories?post=64331"},{"taxonomy":"post_tag","embeddable":true,"href":"https:\/\/webdelmaestrocmf.com\/portal\/wp-json\/wp\/v2\/tags?post=64331"}],"curies":[{"name":"wp","href":"https:\/\/api.w.org\/{rel}","templated":true}]}}