{"id":64195,"date":"2021-06-21T13:11:45","date_gmt":"2021-06-21T17:11:45","guid":{"rendered":"https:\/\/webdelmaestrocmf.com\/portal\/?p=64195"},"modified":"2021-06-21T13:11:45","modified_gmt":"2021-06-21T17:11:45","slug":"alexander-ortiz-educar-es-amar-y-conversar-evocando-a-freire","status":"publish","type":"post","link":"https:\/\/webdelmaestrocmf.com\/portal\/alexander-ortiz-educar-es-amar-y-conversar-evocando-a-freire\/","title":{"rendered":"[Alexander Ortiz] Educar es amar y conversar: evocando a Freire"},"content":{"rendered":"<h5 style=\"text-align: justify;\">La escuela es una organizaci\u00f3n humana que tiene una alta capacidad de aprendizaje, debe tener tambi\u00e9n la voluntad de aplicar dicha capacidad y disfrutar ese proceso de aprender. Sin embargo, algunos profesores han ca\u00eddo en una desmotivaci\u00f3n y una pasividad sin l\u00edmites que los paraliza en su cotidianidad rutinizada. Existe un fatalismo que conduce a la pasividad y al inmovilismo (Freire, 1997).<\/h5>\n<p><!--more--><\/p>\n<h5 style=\"text-align: justify;\">Hoy conversaremos sobre los principales aportes de Freire (1994, 1997, 1999, 2011, 2012a, 2012b, 2013, 2014), fundamentalmente los tesoros conceptuales, program\u00e1ticos y axiol\u00f3gicos descubiertos en sus Cartas a quien pretende ense\u00f1ar y en su ya eterna Pedagog\u00eda del Oprimido. \u00a0Freire (1921-1997) tambi\u00e9n parte del supuesto b\u00e1sico de \u00abla educaci\u00f3n como pr\u00e1ctica de la libertad\u00bb, que utiliza como t\u00edtulo para su primer libro (Freire, 1969).<\/h5>\n<p style=\"text-align: justify;\">Es imprescindible hacer la reflexi\u00f3n pedag\u00f3gica, aunque Freire (2012b) considera que los problemas educativos no tienen una soluci\u00f3n solamente pedag\u00f3gica, sino que tambi\u00e9n influyen los aspectos pol\u00edticos y \u00e9ticos, no obstante, considera que sin la educaci\u00f3n no se genera la transformaci\u00f3n social, aunque reconoce que la educaci\u00f3n no es el \u00fanico factor de transformaci\u00f3n de la sociedad. De cualquier manera, las reflexiones pedag\u00f3gicas contribuyen a tener una mayor claridad sobre el hecho educativo y, por consiguiente, esto redundar\u00e1 en una concepci\u00f3n m\u00e1s coherente sobre la escuela, en la cual se debe educar para la transformaci\u00f3n.<\/p>\n<p style=\"text-align: justify;\">La teor\u00eda de la acci\u00f3n dial\u00f3gica configurada por Paulo Freire tiene cuatro caracter\u00edsticas esenciales: la colaboraci\u00f3n, la uni\u00f3n, la organizaci\u00f3n y la s\u00edntesis cultural. Freire llega a delinear estas caracter\u00edsticas a partir de un recorrido amplio y profundo por los ejes de su gran teor\u00eda, que a mi juicio no es la teor\u00eda dial\u00f3gica sino la teor\u00eda del amar. La teor\u00eda dial\u00f3gica es el resultado y consecuencia de su teor\u00eda del amar. La teor\u00eda dial\u00f3gica se deriva de su teor\u00eda del amar. Entonces la pedagog\u00eda dial\u00f3gica de Paulo Freire es una pedagog\u00eda del amar.<\/p>\n<p style=\"text-align: justify;\">Ejes de reflexi\u00f3n en la pedagog\u00eda dial\u00f3gica (del amar) de Paulo Freire:<\/p>\n<ul style=\"text-align: justify;\">\n<li>Educaci\u00f3n bancaria<\/li>\n<li>Intenciones formativas<\/li>\n<li>Escuela<\/li>\n<li>Ense\u00f1anza-aprendizaje<\/li>\n<li>M\u00e9todo de Concienciaci\u00f3n<\/li>\n<li>Di\u00e1logo<\/li>\n<li>Lectura<\/li>\n<li>Investigaci\u00f3n<\/li>\n<li>Profesor<\/li>\n<li>Estudiantes<\/li>\n<\/ul>\n<h5 style=\"text-align: justify;\">Educaci\u00f3n bancaria<\/h5>\n<p style=\"text-align: justify;\">Como es conocido, Freire (2012a) hace una fuerte cr\u00edtica a la educaci\u00f3n tradicional que \u00e9l denomin\u00f3 educaci\u00f3n bancaria. Es aquella educaci\u00f3n en la que se utiliza un m\u00e9todo narrativo, expositivo, el profesor como sujeto explica, y los estudiantes memorizan mec\u00e1nicamente el contenido de la asignatura. Los estudiantes son vasijas, recipientes que el profesor llena de informaci\u00f3n y datos. En esta educaci\u00f3n bancaria se considera que un profesor es bueno mientras m\u00e1s deposite en sus estudiantes, y \u00e9stos son buenos mientras m\u00e1s d\u00f3ciles sean y se dejen llenar de datos y conceptos abstractos. \u201cDe este modo, la educaci\u00f3n se transforma en un acto de depositar en el cual los educandos son los depositarios y el educador quien deposita\u201d (p. 62).<\/p>\n<p style=\"text-align: justify;\">En este m\u00e9todo bancario el profesor habla y los estudiantes escuchan, el profesor sabe y los estudiantes no saben, el profesor es un sabio, un erudito, y los estudiantes son ignorantes, el profesor manda y ordena, los estudiantes obedecen y ejecutan, el profesor es un sujeto y los estudiantes son objeto. En fin, el profesor es un opresor y los estudiantes son los oprimidos. Esta realidad descrita anteriormente cada vez es m\u00e1s concientizada por los profesores.<strong>\u00a0<\/strong><\/p>\n<h5 style=\"text-align: justify;\">Intenciones formativas<\/h5>\n<p style=\"text-align: justify;\">Freire (2014) insist\u00eda en que formar es mucho m\u00e1s que simplemente adiestrar al estudiante en el desempe\u00f1o de destrezas, es importante tener en cuenta el valor de las emociones, de la sensibilidad y de la afectividad. Tampoco es un acto acabado, terminado, la formaci\u00f3n implica la inconclusi\u00f3n del ser humano, de su inserci\u00f3n en un permanente proceso de b\u00fasqueda, de ah\u00ed que \u201cquien forma se forma y reforma al formar, y quien es formado se forma y forma al ser formado\u201d (p.25).<\/p>\n<p style=\"text-align: justify;\">El reto es conceptualizar la formaci\u00f3n, resignificarla, deconstruirla y reconfigurarla, para que exprese su verdadero sentido y significado: brindar las opciones educativas para que el estudiante opte, decida y elija su propia auto-configuraci\u00f3n, respaldando la intencionalidad de su emancipaci\u00f3n, quien tiene que configurar su propio perfil, independientemente del modelo y el perfil que la escuela configura, como prop\u00f3sitos e intenciones formativas, \u00bfo autoconfigurativas?<\/p>\n<p style=\"text-align: justify;\">El estudiante del siglo XXI debe pensar de manera cr\u00edtica y reflexiva, lo cual implica configurar un punto de vista que cuestione incluso el punto de vista de Freire (2009, 2011, 2012a, 2012b, 2013), que plantea la emancipaci\u00f3n del sujeto hist\u00f3rico gracias a la educaci\u00f3n y a la legitimidad de los movimientos sociales.<\/p>\n<h5 style=\"text-align: justify;\">La escuela<\/h5>\n<p style=\"text-align: justify;\">Freire (2012) consideraba que la escuela moderna, la escuela competente, capaz, alegre, feliz, democr\u00e1tica, participativa y progresista, deb\u00eda repensar todo lo relacionado con la comprensi\u00f3n del mundo, las relaciones entre la conciencia y el mundo, y la configuraci\u00f3n hist\u00f3rica de la conciencia y la comprensi\u00f3n en el propio mundo configurado por el sujeto consciente en sus interacciones con el mundo creado por \u00e9l mismo. \u201cCreo que de esta comprensi\u00f3n resultar\u00e1 una nueva manera de entender lo que es ense\u00f1ar, lo que es aprender, lo que es conocer\u201d (Freire, 2012, p. 95), de manera que en la escuela democr\u00e1tica no s\u00f3lo el maestro ense\u00f1e, no s\u00f3lo el estudiante aprenda y no s\u00f3lo el rector mande y ordene, sino que sea una escuela donde todos ense\u00f1emos, todos aprendamos y todos mandemos y ordenemos, una verdadera escuela participativa, un modelo de democracia.<\/p>\n<h5 style=\"text-align: justify;\">Ense\u00f1anza-aprendizaje<\/h5>\n<p style=\"text-align: justify;\">Para que la actividad de ense\u00f1anza cumpla su funci\u00f3n es necesario que \u201cel acto de aprender sea precedido por, o concomitante de, el acto de aprehender el contenido o el objeto cognoscible, con el que el educando tambi\u00e9n se hace productor del conocimiento que le fue ense\u00f1ado\u201d (Freire, 2012, p. 143). Ense\u00f1ar no es transferir conocimiento sino crear un ambiente de aprendizaje para que el estudiante tenga las posibilidades de su configuraci\u00f3n. Ense\u00f1anza y aprendizaje forman un par dial\u00e9ctico, son procesos dial\u00f3gicos y complementarios. Ense\u00f1ar no existe sin aprender y viceversa. El estudiante, cuando aprende, ense\u00f1a en su proceso de aprendizaje, y el profesor, al ense\u00f1ar, aprende en su proceso de ense\u00f1anza.<\/p>\n<p style=\"text-align: justify;\">El aprendizaje surgi\u00f3 primero que la ense\u00f1anza en la historia de la humanidad. Fue aprendiendo socialmente que los seres humanos se percataron que era posible ense\u00f1ar. Aprender precedi\u00f3 a ense\u00f1ar y la ense\u00f1anza se dilu\u00eda en la experiencia realmente fundadora de aprender (Freire, 2014). La ense\u00f1anza no es v\u00e1lida si no logra que el estudiante aprenda recreando y reconfigurando lo ense\u00f1ado. Un profesor ense\u00f1a cuando fomenta el aprendizaje de sus estudiantes, cuando estimula y facilita que los estudiantes se motiven, comprometan y participen de manera activa en ese proceso de configuraci\u00f3n cognitiva y axiol\u00f3gica, cuestionando sus propias formas de pensar y creando nuevos paradigmas mentales, nuevas formas de pensar, aprender, reaprender y reconfigurar el mundo en que vive.<\/p>\n<p style=\"text-align: justify;\">Es urgente rescatar las pedagog\u00edas liberadoras, de la autonom\u00eda, de la esperanza (Freire, 1994, 2011, 2012a, 2012b, 2014), que sin lugar a dudas constituyen un punto de vista radical sobre la educaci\u00f3n de los ni\u00f1os y ni\u00f1as.<\/p>\n<p style=\"text-align: justify;\">Freire (2014) afirmaba que no hay docencia sin discencia, lo que equivale a decir que no hay ense\u00f1anza sin aprendizaje, ambos procesos forman una unidad dial\u00e9ctica, y en este sentido la clase exige amar a los estudiantes, alegr\u00eda y esperanza, afectividad, aprehensi\u00f3n de la realidad sociocultural, autoridad, buen juicio, capacidad cient\u00edfica, competencia pedag\u00f3gica profesional, comprender que la educaci\u00f3n es una forma de intervenci\u00f3n en el mundo, compromiso, conciencia del inacabamiento, por cuanto siempre nos estamos formando, la educaci\u00f3n es interminable; la clase exige cr\u00edtica, curiosidad, motivaci\u00f3n, capacidad de asombro, disponibilidad para el di\u00e1logo, ejemplo m\u00e1s que palabras, m\u00e1s acci\u00f3n y menos discurso, el reconocimiento de ser condicionado hist\u00f3rica y socialmente, esp\u00edritu creativo, est\u00e9tica y \u00e9tica, generosidad, humildad, investigaci\u00f3n, la convicci\u00f3n de que el cambio y la transformaci\u00f3n humana es posible, leer el contexto y no s\u00f3lo las palabras de los textos, libertad, rechazo de toda forma de exclusi\u00f3n y discriminaci\u00f3n, reconocer que la educaci\u00f3n es pol\u00edtica e ideol\u00f3gica, reconocimiento y asunci\u00f3n de la identidad cultural, reflexi\u00f3n cr\u00edtica sobre la pr\u00e1ctica y sobre la teor\u00eda le\u00edda en los libros, respeto a los saberes y a la autonom\u00eda del ser del estudiante, riesgo, asunci\u00f3n de lo nuevo y problem\u00e1tico, rigor met\u00f3dico, dominio t\u00e9cnico al servicio del cambio, saber escuchar, seguridad, tolerancia y una toma consciente de decisiones.<\/p>\n<h5 style=\"text-align: justify;\">M\u00e9todo de Concienciaci\u00f3n<\/h5>\n<p style=\"text-align: justify;\">Paulo Freire cre\u00f3 un m\u00e9todo de ense\u00f1anza y alfabetizaci\u00f3n que no comulga con la pedagog\u00eda tradicional, no es un m\u00e9todo repetitivo, reproductivo, que exige al educando pensar las palabras a partir de la l\u00f3gica del discurso te\u00f3rico y abstracto del profesor, no es un m\u00e9todo para aprender repitiendo las palabras, es un m\u00e9todo en el que el estudiante reconfigura de manera cr\u00edtica las palabras de su cotidianidad, con el fin de que sepa y pueda decir su palabra en la oportunidad debida.<\/p>\n<p style=\"text-align: justify;\">El M\u00e9todo de Concienciaci\u00f3n de Freire no es un m\u00e9todo de ense\u00f1anza sino de aprendizaje, a partir del cual el ser humano aprende a emanciparse, aprende a hacer efectiva y ejercer su libertad. La pedagog\u00eda del oprimido es el m\u00e9todo a trav\u00e9s del cual los dominados luchan para decir su palabra, para lo cual deben aprender a tomarla de los que la retienen y niegan a los dem\u00e1s, de ah\u00ed que la liberaci\u00f3n sea considerada un parto doloroso. \u201cEl hombre que nace de \u00e9l es un hombre nuevo, hombre que s\u00f3lo es viable en la y por la superaci\u00f3n de la contradicci\u00f3n opresores-oprimidos que en \u00faltima instancia es la liberaci\u00f3n de todos\u201d (Freire, 2012a, p. 37).<\/p>\n<h5 style=\"text-align: justify;\">Di\u00e1logo<\/h5>\n<p style=\"text-align: justify;\">El di\u00e1logo es imprescindible para el aprendizaje humano. El di\u00e1logo nos humaniza. A trav\u00e9s del di\u00e1logo el estudiante tiene la posibilidad de expresar sus opiniones de manera individual y\/o colectiva, oral y\/o escrita. El profesor ense\u00f1ando, aprende; y los estudiantes, aprendiendo, ense\u00f1an. Esto nos recuerda la idea de Freire (1994) de que nadie educa nadie y nadie se educa solo, sino que nos educamos entre todos. En este sentido, la autoeducaci\u00f3n es tambi\u00e9n intereducaci\u00f3n.<\/p>\n<h5 style=\"text-align: justify;\">Lectura<\/h5>\n<p style=\"text-align: justify;\">La lectura tambi\u00e9n es una forma de di\u00e1logo, por cuanto la letra impresa refleja el pensamiento de un ser humano. La lectura es imprescindibles para el aprendizaje humano. La lectura nos humaniza.<\/p>\n<p style=\"text-align: justify;\">La lectura activa en clases es un di\u00e1logo, un intercambio de opiniones con ese autor, lo cual le permitir\u00e1 al estudiante desarrollar tambi\u00e9n sus competencias escriturales. \u201cSi nuestras escuelas, desde la m\u00e1s tierna edad de sus estudiantes, se entregasen al trabajo de estimular en ellos el gusto por la lectura y la escritura, y si ese gusto continuase siendo estimulado durante todo el tiempo de su escolaridad, posiblemente habr\u00eda un n\u00famero bastante menor de posgraduados hablando de su inseguridad o de su incapacidad para escribir\u201d (Freire, 2012b, p. 56).<\/p>\n<p style=\"text-align: justify;\">\u201cCuando el lector alcanza cr\u00edticamente la inteligencia del objeto del que habla el autor, conoce la inteligencia del texto y se transforma en coautor de esta inteligencia\u201d (Freire, 2012, p. 64), y ya no habla de ella como alguien que ha escuchado hablar de ella sino como autor de la misma. De esta manera el apasionante acto de leer se convierte en un proceso de aprendizaje configurativo. Sin embargo, los estudiantes casi siempre corren despavoridos huyendo de los libros. No les gusta leer. Pero pienso que son v\u00edctimas del propio sistema educativo que pretende ense\u00f1ar a partir de la lectura, pero para ellos los obligan a leer cualquier libro, sin antes analizar si ese texto les interesa o no. Adem\u00e1s de obligarlos a leerlo, los reprenden en p\u00fablico por no comprenderlo, se averg\u00fcenzan y no quieren leer m\u00e1s por temor a hacer el rid\u00edculo.<\/p>\n<p style=\"text-align: justify;\">Nosotros har\u00edamos lo mismo si en un curso de postgrado nos obligaran a leer determinado libro y luego nos increparan por no haberlo comprendido. La amonestaci\u00f3n p\u00fablica por la falta de comprensi\u00f3n aniquila el inter\u00e9s por la lectura. Es por ello que los libros utilizados de manera inadecuada pueden convertirse en un peligro para la escuela, porque se convierten en una fuente de humillaciones p\u00fablicas y fracasos, desestimulando la lectura.<\/p>\n<p style=\"text-align: justify;\">A veces se piensa que el profesor adoctrina a sus estudiantes cuando les asigna algunos textos para leer en clases, sin embargo, cuando el estudiante lee un texto, si lo hace de manera seria, profunda y anal\u00edtica, no se alinea con el texto le\u00eddo por cuanto tiene la posibilidad de cuestionar a su autor, ya que estudia el estudio de quien estudiando lo escribi\u00f3 (Freire, 2013), percibiendo el condicionamiento hist\u00f3rico social del conocimiento, y de esta manera el estudiante reinventa, recrea, reconfigura y reescribe el texto le\u00eddo, convirti\u00e9ndolo en su propio texto, por lo tanto ya no ser\u00eda el texto del autor le\u00eddo, y el estudiante no cumple la funci\u00f3n de objeto o receptor pasivo, sino de participante activo, sujeto del conocimiento, asumiendo una actitud cr\u00edtica frente al texto le\u00eddo.<\/p>\n<p style=\"text-align: justify;\">De hecho, estudiar y leer en clases no puede convertirse en un acto reproductivo de consumir ideas de otros, es m\u00e1s bien un acto creativo en el que el estudiante crea y recrea ideas y conocimiento, para lo cual debe comprender el texto le\u00eddo, develando la trama del mismo, las complejas relaciones entre los componentes del mismo y sus relaciones con el aprendizaje precedente del estudiante. No existe un texto sin contexto, lo m\u00e1s importante no es leer la palabra sino leer el mundo, que siempre precede a la lectura de la palabra (Freire, 2013).<\/p>\n<p style=\"text-align: justify;\">Lo anterior exige que el estudiante problematice el texto le\u00eddo, en la interacci\u00f3n con sus compa\u00f1eros de aula. El aprendizaje, el conocimiento y el pensamiento son procesos dial\u00f3gicos, actos sociales, no singulares sino sociales. No existe el \u201cyo pienso\u201d en singular sino un \u201cnosotros pensamos\u201d, que es el que me permite pensar. De esta manera, leer en clases es un m\u00e9todo muy valioso no para memorizar y reproducir mec\u00e1nicamente los contenidos de la lectura sino para pensar y reescribir.<\/p>\n<h5 style=\"text-align: justify;\">Investigaci\u00f3n<\/h5>\n<p style=\"text-align: justify;\">Freire (2014) se\u00f1alaba que el profesor debe respetar el derecho del estudiante a indagar, dudar, criticar, afirmaba que lo importante es que el profesor y los estudiantes se asuman como seres epistemol\u00f3gicamente curiosos, imaginativos, intuitivos, que se impliquen con sus emociones en el aprendizaje cognitivo y muestren su capacidad de conjeturar, de comparar, procesos b\u00e1sicos de la investigaci\u00f3n.<\/p>\n<p style=\"text-align: justify;\">No hay investigaci\u00f3n sin ense\u00f1anza ni ense\u00f1anza sin investigaci\u00f3n (Freire, 2014). La investigaci\u00f3n, la b\u00fasqueda, la indagaci\u00f3n, son procesos inmanentes al acto de ense\u00f1ar, son cualidades inherentes al rol del profesor, quien busca, indaga e investiga para poder ense\u00f1ar. Por eso hablar de profesor investigador es una tautolog\u00eda, porque la investigaci\u00f3n es condici\u00f3n de la ense\u00f1anza, todo profesor es investigador, es redundante hablar del profesor investigador, lo que se necesita es que los profesores en nuestra praxis pedag\u00f3gica cotidiana nos asumamos como investigadores por el mismo hecho de ser profesores.<\/p>\n<h5 style=\"text-align: justify;\">El profesor<\/h5>\n<p style=\"text-align: justify;\">Un profesor de excelencia se preocupa por sus estudiantes y por su actividad mental, estimula su pensamiento y se concentra m\u00e1s en ellos que en la asignatura que desarrolla, para de esta manera \u201cdesafiar a sus estudiantes desde la m\u00e1s tierna y adecuada edad a trav\u00e9s de juegos, de historias, de lecturas para comprender la necesidad de la coherencia entre el discurso y la pr\u00e1ctica\u201d (Freire, 2012, p. 42).<\/p>\n<p style=\"text-align: justify;\">Los profesores \u201csomos pol\u00edticos, hacemos pol\u00edtica al hacer educaci\u00f3n. Y si so\u00f1amos con la democracia debemos luchar d\u00eda y noche por una escuela en la que hablemos a los educandos y con los educandos, para que escuch\u00e1ndolos podamos tambi\u00e9n ser o\u00eddos por ellos\u201d (Freire, 2012, p. 114), aprender de ellos, porque los estudiantes nos pueden ense\u00f1ar mucho, no s\u00f3lo ellos aprenden de nosotros sino que el profesor tambi\u00e9n aprende mucho de sus estudiantes.<\/p>\n<p style=\"text-align: justify;\">El profesor que se niega a aprender junto a sus estudiantes rompe la unidad dial\u00e9ctica entre ense\u00f1ar y aprender y se convierte en un ser elitista (Freire, 2013) olvidando as\u00ed uno de los postulados fundamentales de Marx en su tercera tesis sobre Feuerbach en la que nos advierte que el propio educador necesita ser educado, y \u00bfqu\u00e9 mejor educador para los profesores que sus propios estudiantes?<\/p>\n<p style=\"text-align: justify;\">Freire (2012) sintetiza las cualidades indispensables para llevar a cabo una pr\u00e1ctica pedag\u00f3gica progresista por parte del profesor: humildad, amor, valent\u00eda, tolerancia y justicia. Seg\u00fan Freire, la humildad no implica cobard\u00eda o falta de respeto hacia nosotros mismos, sino que nos ense\u00f1a que nadie lo sabe todo y nadie lo ignora todo, m\u00e1s bien todos sabemos algo y todos ignoramos algo. La amorosidad est\u00e1 relacionada con la pasi\u00f3n por la ense\u00f1anza y la aceptaci\u00f3n de nuestros estudiantes. La valent\u00eda incluye al miedo. Hay miedo sin valent\u00eda, pero no hay valent\u00eda sin miedo, pero es un miedo limitado, sometido y controlado. La tolerancia es la virtud que nos ense\u00f1a a respetar lo diferente, convivir con lo diferente y aprender con lo diferente. Por \u00faltimo, el profesor progresista debe buscar de manera permanente la justicia. Por ejemplo, nadie puede impedir que se implique m\u00e1s afectivamente con un estudiante que con otro, pero lo que el profesor no puede hacer es favorecer a su estudiante preferido en detrimento del derecho de los dem\u00e1s. Tensi\u00f3n entre paciencia e impaciencia, seguridad, decisi\u00f3n y alegr\u00eda de vivir se funden como cualidades que deben ser cultivadas por los profesores progresistas.<strong>\u00a0<\/strong><\/p>\n<h5 style=\"text-align: justify;\">Los estudiantes<\/h5>\n<p style=\"text-align: justify;\">Los estudiantes tienen un saber muy valioso que los profesores deber\u00edamos asumir. Nosotros no lo sabemos todo y tampoco lo ignoramos todo. Los estudiantes tampoco. Todos los seres humanos sabemos algo y todos ignoramos algo, por eso siempre estamos aprendiendo entre todos. La idea de que el profesor sabe y por eso ense\u00f1a al estudiante que no sabe, es una idea autoritaria y excluyente que considera al estudiante un objeto. Tanto el profesor como los estudiantes son sujetos de la educaci\u00f3n. Ambos educan y son educados mutuamente. El conocimiento no es un dato, inm\u00f3vil, concluido, terminado, para ser transferido por quien lo adquiri\u00f3 a quien supuestamente todav\u00eda no lo posee (Freire, 2013).<\/p>\n<h5 style=\"text-align: justify;\">Amar y conversar: evocando a Freire<\/h5>\n<p style=\"text-align: justify;\">La educaci\u00f3n es un acto estrictamente humano, por eso debe ser afectiva y cognitiva, emocional y racional. En la educaci\u00f3n no se deben reprimir los sentimientos, las emociones, los deseos, los sue\u00f1os, en funci\u00f3n de enarbolar una dictadura racionalista, pero tampoco debe faltar el rigor generado por la disciplina intelectual y la libertad del estudiante de elegir y ser. La idea de que el profesor debe desarrollar al estudiante es parad\u00f3jicamente excluyente e insultante porque presupone que este no es lo que debe ser.<\/p>\n<p style=\"text-align: justify;\">Y este deber ser lo ha impuesto otra persona y no es una decisi\u00f3n del estudiante. Esta idea es excluyente en sus propios t\u00e9rminos. La educaci\u00f3n debe ser un acto de amistad, en el que ambos, profesor y estudiante, se aceptan tal y como son y no pretenden cambiarse uno al otro. La educaci\u00f3n es un acto de amor, aceptaci\u00f3n sin condiciones y consideraci\u00f3n del estudiante, es mirarse en el rostro del otro. Educar es compartir, relacionarse, interactuar, amar. Educar no es instruir, ni capacitar, ni desarrollar. Si pensamos que educar es capacitar entonces estamos asumiendo que el estudiante no est\u00e1 capacitado, no tiene saber y es un ignorante. De esta manera, la educaci\u00f3n se convierte en un acto que rechaza la condici\u00f3n del estudiante, lo desprecia al considerar que no sabe y que por tanto el docente le debe transmitir su saber. \u00a1Insultante!<\/p>\n<p style=\"text-align: justify;\">Ser\u00eda interesante y verdaderamente emancipador y reconfortante que el estudiante transite por los distintos niveles educativos de la escuela sin serlo. Es decir, sin ser un estudiante sino solo un ser humano, un ser vivo. Esto no implica que el estudiante tenga que dejar de aprender y el profesor tenga que dejar de ense\u00f1ar. Estas categor\u00edas seguir\u00e1n siendo muy valiosas para comprender el campo did\u00e1ctico y formativo, pero debemos reconceptualizarlas. La ense\u00f1anza y el aprendizaje forman, son inmanentes a la vida humana. Sin aprendizaje no hay vida. Y sin vida no hay aprendizaje. Aprender es vivir, y vivir es aprender. Ahora bien, ense\u00f1ar no es transmitir conocimientos, sino orientar el aprendizaje, y aprender no es asimilar o apropiarse de un conocimiento, sino reconfigurar modos de actuaci\u00f3n a trav\u00e9s del lenguaje.<\/p>\n<p style=\"text-align: justify;\">En la escuela debemos aprender a escuchar, ese es el reto m\u00e1s grande que tiene un ser humano. La estrategia es escuchar para aprender de los dem\u00e1s, no encerrarnos en nuestras propias ideas, abrir nuestra mente a la escucha, la reflexi\u00f3n y el aprendizaje.<\/p>\n<p style=\"text-align: justify;\">Los seres humanos somos conversacionales. La educaci\u00f3n es un sistema conversacional. El \u00e9xito o fracaso de la educaci\u00f3n est\u00e1 dado en la red din\u00e1mica de conversaciones. Dime c\u00f3mo conversa el profesor con sus estudiantes y c\u00f3mo conversan los estudiantes entre ellos y te dir\u00e9 que enfoque educativo subyace esa pr\u00e1ctica. La educaci\u00f3n es un proceso interactivo entre sujetos ling\u00fc\u00edsticos. La relaci\u00f3n sujeto-sujeto caracteriza la actividad did\u00e1ctica del profesor.<\/p>\n<p style=\"text-align: justify;\">Cuando llegamos a las instituciones educativas lo primero que preguntamos est\u00e1 relacionado con las formas de conversaci\u00f3n, sobre qu\u00e9 conversan, para qu\u00e9; es decir, indagamos la estrategia, el contenido y las intenciones de las conversaciones y qu\u00e9 competencias conversacionales tienen los profesores y los estudiantes. Si los profesores logran penetrar la configuraci\u00f3n de conversaciones de sus estudiantes lograr\u00e1n transformaciones en sus desempe\u00f1os.<\/p>\n<p style=\"text-align: justify;\">El concepto de competencias conversacionales es muy importante en esta mirada de la educaci\u00f3n. Es importante estimular este tipo de competencias por cuanto nos dedicamos m\u00e1s a las competencias espec\u00edficas, t\u00e9cnicas y funcionales, que no definen el proyecto de vida del estudiante. En cambio el cimiento epist\u00e9mico para ello son las competencias conversacionales como la capacidad de escuchar, de juzgar (formular un juicio), cumplir un compromiso, callar, saber argumentar una idea, retroalimentar con reflexiones cr\u00edticas o configurar espacios ps\u00edquicos emocionales que expandan la capacidad de amar.<\/p>\n<p style=\"text-align: justify;\">Los seres humanos somos configuraciones ling\u00fc\u00edsticas. Somos una red de conversaciones, y a trav\u00e9s del di\u00e1logo los estudiantes deben aprender a aprender y los profesores debemos aprender a ense\u00f1ar. El estudiante no llega a la escuela sabiendo aprender, necesita una orientaci\u00f3n para aprender. Es el profesor quien debe ofrecer dicha orientaci\u00f3n y estimular el proceso de aprendizaje porque a aprender se aprende aprendiendo. La orientaci\u00f3n de las acciones de aprendizaje se logra ofreciendo al estudiante procedimientos para el estudio y su actividad independiente.<\/p>\n<p style=\"text-align: justify;\">La educaci\u00f3n es un foro cultural. La educaci\u00f3n deber\u00eda ser un espacio de conversaci\u00f3n amena y apacible, un espacio para el di\u00e1logo entre iguales, un espacio donde seres humanos, estudiantes y profesores, hablan, comparten, discuten, valoran, debaten, argumentan, problematizan, e incluso, por qu\u00e9 no, r\u00eden y lloran, se ponen tristes y son felices. En la educaci\u00f3n emergente se reconfiguran contenidos curriculares y c\u00f3digos, de manera que los saberes disciplinares no son s\u00f3lo conceptuales, sino que incluyen adem\u00e1s, lo que es m\u00e1s importante, habilidades, valores, actitudes, afectos, emociones y sobre todo sentimientos humanos. En resumen, la educaci\u00f3n debe ser alegre, din\u00e1mica, no debe ser aburridora ni tediosa. Este es un requisito indispensable para que el estudiante tenga una disposici\u00f3n psicol\u00f3gica positiva para el aprendizaje. La estimulaci\u00f3n del inter\u00e9s y el deseo por aprender dependen en gran medida de la relaci\u00f3n afectiva y motivacional que el estudiante establezca con el contenido y con el profesor. El humor es esencial en la educaci\u00f3n, lo cual no significa que el \u00e9xito acad\u00e9mico se logra solamente en la educaci\u00f3n alegre en la que prolifere la risa, pero s\u00ed significa que en la educaci\u00f3n apacible, amena y atractiva se neutraliza la pasividad, y el estado psicol\u00f3gico del estudiante transita a la actividad consciente, motivada y autorregulada, lo cual garantiza un aprendizaje aut\u00e9ntico y desarrollador.<\/p>\n<p style=\"text-align: justify;\">La educaci\u00f3n debe ser un puente, un viaducto, entre los deseos y necesidades de los estudiantes y las intencionalidades formativas del profesor. La educaci\u00f3n debe lograr que emerja en los estudiantes el deseo de aprender, con el fin de hacer coincidir los intereses de ambos sujetos del proceso formativo, el profesor y los estudiantes. Estos tienen una intencionalidad que no siempre es coincidente con la intencionalidad de la escuela, y aunque es cierto que deben cumplir los prop\u00f3sitos establecidos, la educaci\u00f3n debe desarrollarse a partir de las experiencias y ritmos de aprendizaje de los estudiantes, y sin soslayar sus estilos y estrategias, que los estudiantes utilizan seg\u00fan sus intereses y necesidades, que est\u00e1n determinadas por su voluntad.<\/p>\n<p style=\"text-align: justify;\">No podemos pedirle al profesor cosas que \u00e9ste no puede hacer, pero s\u00ed debemos exigirle humildad y profesionalismo, amor y ciencia. Esto no es trivial, tiene una alta significaci\u00f3n, en el sentido de que el ser humano que somos emerge de nuestras biopraxis cotidianas en el convivir que configuramos en los ambientes culturales y de aprendizaje que vivimos. De ah\u00ed que todas las experiencias que viven los estudiantes en su convivencia con el profesor permiten expandir el espacio bio-ps\u00edquico-cultural que los configura como seres humanos. No existe experiencia nula, toda experiencia forma. Lo que el profesor no puede dejar de hacer es dar cari\u00f1o y ternura a sus estudiantes, escolarizar el amor y llevar a los est\u00e1ndares m\u00e1s altos los postulados y principios del curr\u00edculo humanista.<\/p>\n<p style=\"text-align: justify;\">Una educaci\u00f3n excelente deber\u00eda estar encaminada a colaborarles a los estudiantes en la toma de decisiones relacionadas con su proyecto de vida, para que est\u00e9n en capacidad de elegir lo que desean llegar a ser y lo que son. La educaci\u00f3n emergente reconoce que todos los estudiantes son diferentes, que no existen dos estudiantes que sientan, piensen o act\u00faen de la misma manera y, por consiguiente, no existen dos estudiantes que aprendan de la misma manera. Este tipo de educaci\u00f3n ayuda a que los estudiantes no intenten imitar a los dem\u00e1s, que sean menos como los otros y m\u00e1s como ellos mismos, configurando as\u00ed su identidad aut\u00f3noma y aut\u00e9ntica, \u00fanica y especial. En la educaci\u00f3n emergente el estudiante no es formado a partir de un est\u00e1ndar o molde previamente determinado, sino que se autoconfigura, porque aprende a indagar su propia personalidad, comprenderse a s\u00ed mismo, asignarle significado a sus experiencias y darle sentido a su vida. En este modelo el profesor es un mediador, y educa amando y conversando.<\/p>\n<p style=\"text-align: justify;\">Finalicemos entonces con un pensamiento que est\u00e1 diluido en toda la obra de Paulo Freire y que \u00e9l lo utiliza al final de su obra Pedagog\u00eda del Oprimido: \u201cSi nada queda de estas p\u00e1ginas, esperamos que por lo menos algo permanezca: nuestra confianza en el pueblo. Nuestra fe en los hombres y en la creaci\u00f3n de un mundo en el que sea menos dif\u00edcil amar\u201d<\/p>\n<h5 style=\"text-align: justify;\">Referencias<\/h5>\n<ul>\n<li style=\"text-align: justify;\">Freire, P. (1994). Educaci\u00f3n y participaci\u00f3n comunitaria. En: Gastells, M. et. al. Nuevas perspectivas cr\u00edticas en educaci\u00f3n. Barcelona: Paid\u00f3s.<\/li>\n<li style=\"text-align: justify;\">Freire, P. (1997). A la sombra de este \u00e1rbol. Barcelona: El Roure.<\/li>\n<li style=\"text-align: justify;\">Freire, p. (2009\/1992). Pedagog\u00eda de la Esperanza. M\u00e9xico: Siglo XXI.<\/li>\n<li style=\"text-align: justify;\">Freire, P. (2011\/1969). La educaci\u00f3n como pr\u00e1ctica de la libertad. Madrid: Siglo XXI.<\/li>\n<li style=\"text-align: justify;\">Freire, P. (2012a\/1970). Pedagog\u00eda del Oprimido. Madrid: Siglo XXI.<\/li>\n<li style=\"text-align: justify;\">Freire, P. (2012b\/1993). Cartas a quien pretende ense\u00f1ar. M\u00e9xico: Siglo XXI.<\/li>\n<li style=\"text-align: justify;\">Freire, P. (2013\/1984). La importancia de leer y el proceso de liberaci\u00f3n. M\u00e9xico: Siglo XXI.<\/li>\n<li style=\"text-align: justify;\">Freire, P. (2014\/1996). Pedagog\u00eda de la Autonom\u00eda. Saberes necesarios para la pr\u00e1ctica educativa. M\u00e9xico: Siglo XXI.<\/li>\n<\/ul>\n<p style=\"text-align: justify;\"><strong>NOTA DE REDACCI\u00d3N: <\/strong>La Web del Maestro CMF publica los textos originales de su autor, no necesariamente coincide con lo expuesto en el tema, y no se hace responsable de las opiniones expresadas.<\/p>\n<table class=\" alignleft\" border=\"0\" width=\"100%\" cellspacing=\"10\" cellpadding=\"10\">\n<tbody>\n<tr>\n<td style=\"text-align: center;\" width=\"30%\"><strong><img loading=\"lazy\" decoding=\"async\" class=\"size-full wp-image-50550 aligncenter\" src=\"https:\/\/webdelmaestrocmf.com\/portal\/wp-content\/uploads\/2020\/08\/1-copia-68.jpg\" alt=\"\" width=\"200\" height=\"200\" srcset=\"https:\/\/webdelmaestrocmf.com\/portal\/wp-content\/uploads\/2020\/08\/1-copia-68.jpg 200w, https:\/\/webdelmaestrocmf.com\/portal\/wp-content\/uploads\/2020\/08\/1-copia-68-150x150.jpg 150w, https:\/\/webdelmaestrocmf.com\/portal\/wp-content\/uploads\/2020\/08\/1-copia-68-80x80.jpg 80w, https:\/\/webdelmaestrocmf.com\/portal\/wp-content\/uploads\/2020\/08\/1-copia-68-110x110.jpg 110w, https:\/\/webdelmaestrocmf.com\/portal\/wp-content\/uploads\/2020\/08\/1-copia-68-160x160.jpg 160w\" sizes=\"auto, (max-width: 200px) 100vw, 200px\" \/><br \/>\nAutor:<\/strong> Alexander Ortiz Oca\u00f1a, ciudadano cubano-colombiano.<br \/>\nUniversidad del Magdalena Santa Marta, Colombia<br \/>\nDoctor en Ciencias Pedag\u00f3gicas, Universidad Pedag\u00f3gica de Holgu\u00edn, Cuba. Doctor Honoris Causa en Iberoam\u00e9rica, Consejo Iberoamericano en Honor a la Calidad Educativa (CIHCE), Lima. Per\u00fa. Mag\u00edster en Gesti\u00f3n Educativa en Iberoam\u00e9rica, CIHCE, Lima, Per\u00fa. Mag\u00edster en Pedagog\u00eda Profesional, Universidad Pedag\u00f3gica y Tecnol\u00f3gica de la Habana. Licenciado en Educaci\u00f3n.<br \/>\n<strong style=\"font-family: inherit; font-size: inherit; background-color: transparent;\">Correo electr\u00f3nico:<\/strong> <a style=\"font-family: inherit; font-size: inherit; background-color: transparent;\" href=\"mailto:aortiz@unimagdalena.edu.co\">aortiz@unimagdalena.edu.co<\/a><span style=\"font-family: inherit; font-size: inherit; background-color: transparent;\"> \/ <a href=\"mailto:alexanderortiz5000@gmail.com\">alexanderortiz5000@gmail.com<\/a><\/span><\/td>\n<\/tr>\n<\/tbody>\n<\/table>\n<p style=\"text-align: left;\">.<\/p>\n\t\t<div class=\"pk-inline-posts\">\n\t\t\t\n\t\t\t<div class=\"pk-inline-posts-container pk-inline-posts-template-list\"\n\t\t\t\tdata-columns=\"1\">\n\t\t\t\t\t\t<article id=\"post-105999\" class=\"post-105999 post type-post status-publish format-standard has-post-thumbnail category-colaborador category-z-colaboradores-alexander-ortiz tag-alexander-ortiz tag-exhala tag-inhala tag-respira tag-suspira cs-entry cs-video-wrap\">\n\t\t\t<div class=\"pk-post-outer\">\n\n\t\t\t\t\t\t\t\t<div class=\"pk-post-inner\">\n\t\t\t\t\t<div class=\"entry-thumbnail\">\n\t\t\t\t\t\t<div class=\"pk-overlay pk-overlay-ratio pk-ratio-landscape\">\n\t\t\t\t\t\t\t<div class=\"pk-overlay-background\">\n\t\t\t\t\t\t\t\t<a href=\"https:\/\/webdelmaestrocmf.com\/portal\/alexander-ortiz-el-giro-emocional-devolverse-hacia-la-apertura-mental-mediante-la-estrategia-ries-respira-inhala-exhala-y-suspira\/\" class=\"pk-overlay-link\">\n\t\t\t\t\t\t\t\t\t<img loading=\"lazy\" decoding=\"async\" width=\"300\" height=\"225\" src=\"https:\/\/webdelmaestrocmf.com\/portal\/wp-content\/uploads\/2024\/06\/Banner-1-portada-imagen-10-1-2024-06-12T215842.738-300x225.jpg\" class=\"attachment-pk-thumbnail size-pk-thumbnail wp-post-image\" alt=\"\" \/>\t\t\t\t\t\t\t\t<\/a>\n\t\t\t\t\t\t\t<\/div>\n\t\t\t\t\t\t<\/div>\n\t\t\t\t\t<\/div>\n\t\t\t\t<\/div>\n\t\t\t\t\n\t\t\t\t<div class=\"pk-post-inner\">\n\t\t\t\t\t<header>\n\t\t\t\t\t\t<h3 class=\"pk-title\"><a href=\"https:\/\/webdelmaestrocmf.com\/portal\/alexander-ortiz-el-giro-emocional-devolverse-hacia-la-apertura-mental-mediante-la-estrategia-ries-respira-inhala-exhala-y-suspira\/\" rel=\"bookmark\">[Alexander Ortiz] El giro emocional: devolverse hacia la apertura mental, mediante la Estrategia R\u00cdES: Respira, Inhala, Exhala y Suspira.<\/a><\/h3>\t\t\t\t\t<\/header><!-- .entry-header -->\n\t\t\t\t<\/div><!-- .post-inner -->\n\n\t\t\t<\/div><!-- .post-outer -->\n\t\t<\/article>\n\t\t\t\t<\/div>\n\t\t<\/div>\n\t\t\n","protected":false},"excerpt":{"rendered":"La escuela es una organizaci\u00f3n humana que tiene una alta capacidad de aprendizaje, debe tener tambi\u00e9n la voluntad&hellip;","protected":false},"author":1,"featured_media":64198,"comment_status":"open","ping_status":"closed","sticky":false,"template":"","format":"standard","meta":{"csco_display_header_overlay":false,"csco_singular_sidebar":"default","csco_page_header_type":"default","csco_page_load_nextpost":"default","csco_post_video_location":[],"csco_post_video_location_hash":"","csco_post_video_url":"","csco_post_video_bg_start_time":0,"csco_post_video_bg_end_time":0,"csco_post_video_bg_volume":false,"_jetpack_memberships_contains_paid_content":false,"footnotes":""},"categories":[1790,5156],"tags":[5141,4283,5293,236,13687,4161],"class_list":{"0":"post-64195","1":"post","2":"type-post","3":"status-publish","4":"format-standard","5":"has-post-thumbnail","7":"category-colaborador","8":"category-z-colaboradores-alexander-ortiz","9":"tag-alexander-ortiz","10":"tag-amar","11":"tag-conversar","12":"tag-educar","13":"tag-evocando","14":"tag-freire","15":"cs-entry","16":"cs-video-wrap"},"yoast_head":"<!-- This site is optimized with the Yoast SEO plugin v27.5 - https:\/\/yoast.com\/product\/yoast-seo-wordpress\/ -->\n<title>[Alexander Ortiz] Educar es amar y conversar: evocando a Freire - 2026<\/title>\n<meta name=\"description\" content=\"La escuela es una organizaci\u00f3n humana que tiene una alta capacidad de aprendizaje, debe tener tambi\u00e9n la voluntad de aplicar...\" \/>\n<meta name=\"robots\" content=\"index, follow, max-snippet:-1, max-image-preview:large, max-video-preview:-1\" \/>\n<link rel=\"canonical\" href=\"https:\/\/webdelmaestrocmf.com\/portal\/alexander-ortiz-educar-es-amar-y-conversar-evocando-a-freire\/\" \/>\n<meta property=\"og:locale\" content=\"es_ES\" \/>\n<meta property=\"og:type\" content=\"article\" \/>\n<meta property=\"og:title\" content=\"[Alexander Ortiz] Educar es amar y conversar: evocando a Freire - 2026\" \/>\n<meta property=\"og:description\" content=\"La escuela es una organizaci\u00f3n humana que tiene una alta capacidad de aprendizaje, debe tener tambi\u00e9n la voluntad de aplicar...\" \/>\n<meta property=\"og:url\" content=\"https:\/\/webdelmaestrocmf.com\/portal\/alexander-ortiz-educar-es-amar-y-conversar-evocando-a-freire\/\" \/>\n<meta property=\"og:site_name\" content=\"Web del Maestro CMF\" \/>\n<meta property=\"article:publisher\" content=\"https:\/\/www.facebook.com\/WebdelMaestroCMF\/\" \/>\n<meta property=\"article:author\" content=\"https:\/\/www.facebook.com\/WebdelMaestroCMF\/\" \/>\n<meta property=\"article:published_time\" content=\"2021-06-21T17:11:45+00:00\" \/>\n<meta property=\"og:image\" content=\"https:\/\/i0.wp.com\/webdelmaestrocmf.com\/portal\/wp-content\/uploads\/2021\/06\/1-copia-22.jpg?fit=1100%2C680&ssl=1\" \/>\n\t<meta property=\"og:image:width\" content=\"1100\" \/>\n\t<meta property=\"og:image:height\" content=\"680\" \/>\n\t<meta property=\"og:image:type\" content=\"image\/jpeg\" \/>\n<meta name=\"author\" content=\"Web del Maestro CMF\" \/>\n<meta name=\"twitter:card\" content=\"summary_large_image\" \/>\n<meta name=\"twitter:creator\" content=\"@cmf_w\" \/>\n<meta name=\"twitter:site\" content=\"@cmf_w\" \/>\n<script type=\"application\/ld+json\" class=\"yoast-schema-graph\">{\"@context\":\"https:\\\/\\\/schema.org\",\"@graph\":[{\"@type\":\"ScholarlyArticle\",\"@id\":\"https:\\\/\\\/webdelmaestrocmf.com\\\/portal\\\/alexander-ortiz-educar-es-amar-y-conversar-evocando-a-freire\\\/#article\",\"isPartOf\":{\"@id\":\"https:\\\/\\\/webdelmaestrocmf.com\\\/portal\\\/alexander-ortiz-educar-es-amar-y-conversar-evocando-a-freire\\\/\"},\"author\":{\"name\":\"Web del Maestro CMF\",\"@id\":\"https:\\\/\\\/webdelmaestrocmf.com\\\/portal\\\/#\\\/schema\\\/person\\\/1072a2ed7bd960df8ef99a551fa35dc5\"},\"headline\":\"[Alexander Ortiz] Educar es amar y conversar: evocando a Freire\",\"datePublished\":\"2021-06-21T17:11:45+00:00\",\"mainEntityOfPage\":{\"@id\":\"https:\\\/\\\/webdelmaestrocmf.com\\\/portal\\\/alexander-ortiz-educar-es-amar-y-conversar-evocando-a-freire\\\/\"},\"wordCount\":4967,\"commentCount\":0,\"publisher\":{\"@id\":\"https:\\\/\\\/webdelmaestrocmf.com\\\/portal\\\/#organization\"},\"image\":{\"@id\":\"https:\\\/\\\/webdelmaestrocmf.com\\\/portal\\\/alexander-ortiz-educar-es-amar-y-conversar-evocando-a-freire\\\/#primaryimage\"},\"thumbnailUrl\":\"https:\\\/\\\/webdelmaestrocmf.com\\\/portal\\\/wp-content\\\/uploads\\\/2021\\\/06\\\/1-copia-22.jpg\",\"keywords\":[\"Alexander Ortiz\",\"AMAR\",\"conversar\",\"educar\",\"evocando\",\"Freire\"],\"articleSection\":[\"Z-Colaboradores\",\"Z-Colaboradores-Alexander-Ortiz\"],\"inLanguage\":\"es\",\"potentialAction\":[{\"@type\":\"CommentAction\",\"name\":\"Comment\",\"target\":[\"https:\\\/\\\/webdelmaestrocmf.com\\\/portal\\\/alexander-ortiz-educar-es-amar-y-conversar-evocando-a-freire\\\/#respond\"]}]},{\"@type\":\"WebPage\",\"@id\":\"https:\\\/\\\/webdelmaestrocmf.com\\\/portal\\\/alexander-ortiz-educar-es-amar-y-conversar-evocando-a-freire\\\/\",\"url\":\"https:\\\/\\\/webdelmaestrocmf.com\\\/portal\\\/alexander-ortiz-educar-es-amar-y-conversar-evocando-a-freire\\\/\",\"name\":\"[Alexander Ortiz] Educar es amar y conversar: evocando a Freire - 2026\",\"isPartOf\":{\"@id\":\"https:\\\/\\\/webdelmaestrocmf.com\\\/portal\\\/#website\"},\"primaryImageOfPage\":{\"@id\":\"https:\\\/\\\/webdelmaestrocmf.com\\\/portal\\\/alexander-ortiz-educar-es-amar-y-conversar-evocando-a-freire\\\/#primaryimage\"},\"image\":{\"@id\":\"https:\\\/\\\/webdelmaestrocmf.com\\\/portal\\\/alexander-ortiz-educar-es-amar-y-conversar-evocando-a-freire\\\/#primaryimage\"},\"thumbnailUrl\":\"https:\\\/\\\/webdelmaestrocmf.com\\\/portal\\\/wp-content\\\/uploads\\\/2021\\\/06\\\/1-copia-22.jpg\",\"datePublished\":\"2021-06-21T17:11:45+00:00\",\"description\":\"La escuela es una organizaci\u00f3n humana que tiene una alta capacidad de aprendizaje, debe tener tambi\u00e9n la voluntad de aplicar...\",\"breadcrumb\":{\"@id\":\"https:\\\/\\\/webdelmaestrocmf.com\\\/portal\\\/alexander-ortiz-educar-es-amar-y-conversar-evocando-a-freire\\\/#breadcrumb\"},\"inLanguage\":\"es\",\"potentialAction\":[{\"@type\":\"ReadAction\",\"target\":[\"https:\\\/\\\/webdelmaestrocmf.com\\\/portal\\\/alexander-ortiz-educar-es-amar-y-conversar-evocando-a-freire\\\/\"]}]},{\"@type\":\"ImageObject\",\"inLanguage\":\"es\",\"@id\":\"https:\\\/\\\/webdelmaestrocmf.com\\\/portal\\\/alexander-ortiz-educar-es-amar-y-conversar-evocando-a-freire\\\/#primaryimage\",\"url\":\"https:\\\/\\\/webdelmaestrocmf.com\\\/portal\\\/wp-content\\\/uploads\\\/2021\\\/06\\\/1-copia-22.jpg\",\"contentUrl\":\"https:\\\/\\\/webdelmaestrocmf.com\\\/portal\\\/wp-content\\\/uploads\\\/2021\\\/06\\\/1-copia-22.jpg\",\"width\":1100,\"height\":680},{\"@type\":\"BreadcrumbList\",\"@id\":\"https:\\\/\\\/webdelmaestrocmf.com\\\/portal\\\/alexander-ortiz-educar-es-amar-y-conversar-evocando-a-freire\\\/#breadcrumb\",\"itemListElement\":[{\"@type\":\"ListItem\",\"position\":1,\"name\":\"Portada\",\"item\":\"https:\\\/\\\/webdelmaestrocmf.com\\\/portal\\\/\"},{\"@type\":\"ListItem\",\"position\":2,\"name\":\"Z-Colaboradores\",\"item\":\"https:\\\/\\\/webdelmaestrocmf.com\\\/portal\\\/category\\\/colaborador\\\/\"},{\"@type\":\"ListItem\",\"position\":3,\"name\":\"[Alexander Ortiz] Educar es amar y conversar: evocando a Freire\"}]},{\"@type\":\"WebSite\",\"@id\":\"https:\\\/\\\/webdelmaestrocmf.com\\\/portal\\\/#website\",\"url\":\"https:\\\/\\\/webdelmaestrocmf.com\\\/portal\\\/\",\"name\":\"Web del Maestro CMF\",\"description\":\"Maestros al servicio de la educaci\u00f3n\",\"publisher\":{\"@id\":\"https:\\\/\\\/webdelmaestrocmf.com\\\/portal\\\/#organization\"},\"alternateName\":\"WMCMF\",\"potentialAction\":[{\"@type\":\"SearchAction\",\"target\":{\"@type\":\"EntryPoint\",\"urlTemplate\":\"https:\\\/\\\/webdelmaestrocmf.com\\\/portal\\\/?s={search_term_string}\"},\"query-input\":{\"@type\":\"PropertyValueSpecification\",\"valueRequired\":true,\"valueName\":\"search_term_string\"}}],\"inLanguage\":\"es\"},{\"@type\":\"Organization\",\"@id\":\"https:\\\/\\\/webdelmaestrocmf.com\\\/portal\\\/#organization\",\"name\":\"Web del Maestro CMF\",\"alternateName\":\"WMCMF\",\"url\":\"https:\\\/\\\/webdelmaestrocmf.com\\\/portal\\\/\",\"logo\":{\"@type\":\"ImageObject\",\"inLanguage\":\"es\",\"@id\":\"https:\\\/\\\/webdelmaestrocmf.com\\\/portal\\\/#\\\/schema\\\/logo\\\/image\\\/\",\"url\":\"https:\\\/\\\/webdelmaestrocmf.com\\\/portal\\\/wp-content\\\/uploads\\\/2023\\\/01\\\/logo-wmcmf-2.png\",\"contentUrl\":\"https:\\\/\\\/webdelmaestrocmf.com\\\/portal\\\/wp-content\\\/uploads\\\/2023\\\/01\\\/logo-wmcmf-2.png\",\"width\":200,\"height\":60,\"caption\":\"Web del Maestro CMF\"},\"image\":{\"@id\":\"https:\\\/\\\/webdelmaestrocmf.com\\\/portal\\\/#\\\/schema\\\/logo\\\/image\\\/\"},\"sameAs\":[\"https:\\\/\\\/www.facebook.com\\\/WebdelMaestroCMF\\\/\",\"https:\\\/\\\/x.com\\\/cmf_w\",\"https:\\\/\\\/www.pinterest.com\\\/WMCMF\\\/\",\"https:\\\/\\\/www.linkedin.com\\\/company\\\/web-del-maestro-cmf\\\/\",\"https:\\\/\\\/www.instagram.com\\\/wmcmf\\\/\",\"https:\\\/\\\/www.youtube.com\\\/channel\\\/UCDPSvjbdodE5sHnC3OxutHw\",\"https:\\\/\\\/mastodon.social\\\/@wmcmf\",\"https:\\\/\\\/www.tiktok.com\\\/@webdelmaestrocmf\"]},{\"@type\":\"Person\",\"@id\":\"https:\\\/\\\/webdelmaestrocmf.com\\\/portal\\\/#\\\/schema\\\/person\\\/1072a2ed7bd960df8ef99a551fa35dc5\",\"name\":\"Web del Maestro CMF\",\"image\":{\"@type\":\"ImageObject\",\"inLanguage\":\"es\",\"@id\":\"https:\\\/\\\/secure.gravatar.com\\\/avatar\\\/23291dd5b5ae1077dcff3dbb04c3e02bd28403fa75af6d8787d5e97c5bbbe30b?s=96&d=mm&r=g\",\"url\":\"https:\\\/\\\/secure.gravatar.com\\\/avatar\\\/23291dd5b5ae1077dcff3dbb04c3e02bd28403fa75af6d8787d5e97c5bbbe30b?s=96&d=mm&r=g\",\"contentUrl\":\"https:\\\/\\\/secure.gravatar.com\\\/avatar\\\/23291dd5b5ae1077dcff3dbb04c3e02bd28403fa75af6d8787d5e97c5bbbe30b?s=96&d=mm&r=g\",\"caption\":\"Web del Maestro CMF\"},\"description\":\"Esta Web se cre\u00f3 sin fines de lucro, con fines educativos, cient\u00edficos y acad\u00e9micos, para personas que tengan dificultades y\\\/o inconvenientes en visualizar el material original. El objetivo es entregar recursos, compartir experiencias y materiales que ayuden a los padres de familia, maestros y estudiantes en su actualizaci\u00f3n y formaci\u00f3n permanente, en bien de la Educaci\u00f3n.\",\"sameAs\":[\"http:\\\/\\\/webdelmaestrocmf.com\\\/portal\",\"https:\\\/\\\/www.facebook.com\\\/WebdelMaestroCMF\\\/\",\"https:\\\/\\\/www.instagram.com\\\/wmcmf\\\/\",\"https:\\\/\\\/cl.linkedin.com\\\/company\\\/web-del-maestro-cmf\",\"https:\\\/\\\/www.pinterest.com\\\/WMCMF\\\/publicaciones\\\/\",\"https:\\\/\\\/x.com\\\/cmf_w\",\"https:\\\/\\\/www.youtube.com\\\/@WMCMF\"]}]}<\/script>\n<!-- \/ Yoast SEO plugin. -->","yoast_head_json":{"title":"[Alexander Ortiz] Educar es amar y conversar: evocando a Freire - 2026","description":"La escuela es una organizaci\u00f3n humana que tiene una alta capacidad de aprendizaje, debe tener tambi\u00e9n la voluntad de aplicar...","robots":{"index":"index","follow":"follow","max-snippet":"max-snippet:-1","max-image-preview":"max-image-preview:large","max-video-preview":"max-video-preview:-1"},"canonical":"https:\/\/webdelmaestrocmf.com\/portal\/alexander-ortiz-educar-es-amar-y-conversar-evocando-a-freire\/","og_locale":"es_ES","og_type":"article","og_title":"[Alexander Ortiz] Educar es amar y conversar: evocando a Freire - 2026","og_description":"La escuela es una organizaci\u00f3n humana que tiene una alta capacidad de aprendizaje, debe tener tambi\u00e9n la voluntad de aplicar...","og_url":"https:\/\/webdelmaestrocmf.com\/portal\/alexander-ortiz-educar-es-amar-y-conversar-evocando-a-freire\/","og_site_name":"Web del Maestro CMF","article_publisher":"https:\/\/www.facebook.com\/WebdelMaestroCMF\/","article_author":"https:\/\/www.facebook.com\/WebdelMaestroCMF\/","article_published_time":"2021-06-21T17:11:45+00:00","og_image":[{"width":1100,"height":680,"url":"https:\/\/i0.wp.com\/webdelmaestrocmf.com\/portal\/wp-content\/uploads\/2021\/06\/1-copia-22.jpg?fit=1100%2C680&ssl=1","type":"image\/jpeg"}],"author":"Web del Maestro CMF","twitter_card":"summary_large_image","twitter_creator":"@cmf_w","twitter_site":"@cmf_w","schema":{"@context":"https:\/\/schema.org","@graph":[{"@type":"ScholarlyArticle","@id":"https:\/\/webdelmaestrocmf.com\/portal\/alexander-ortiz-educar-es-amar-y-conversar-evocando-a-freire\/#article","isPartOf":{"@id":"https:\/\/webdelmaestrocmf.com\/portal\/alexander-ortiz-educar-es-amar-y-conversar-evocando-a-freire\/"},"author":{"name":"Web del Maestro CMF","@id":"https:\/\/webdelmaestrocmf.com\/portal\/#\/schema\/person\/1072a2ed7bd960df8ef99a551fa35dc5"},"headline":"[Alexander Ortiz] Educar es amar y conversar: evocando a Freire","datePublished":"2021-06-21T17:11:45+00:00","mainEntityOfPage":{"@id":"https:\/\/webdelmaestrocmf.com\/portal\/alexander-ortiz-educar-es-amar-y-conversar-evocando-a-freire\/"},"wordCount":4967,"commentCount":0,"publisher":{"@id":"https:\/\/webdelmaestrocmf.com\/portal\/#organization"},"image":{"@id":"https:\/\/webdelmaestrocmf.com\/portal\/alexander-ortiz-educar-es-amar-y-conversar-evocando-a-freire\/#primaryimage"},"thumbnailUrl":"https:\/\/webdelmaestrocmf.com\/portal\/wp-content\/uploads\/2021\/06\/1-copia-22.jpg","keywords":["Alexander Ortiz","AMAR","conversar","educar","evocando","Freire"],"articleSection":["Z-Colaboradores","Z-Colaboradores-Alexander-Ortiz"],"inLanguage":"es","potentialAction":[{"@type":"CommentAction","name":"Comment","target":["https:\/\/webdelmaestrocmf.com\/portal\/alexander-ortiz-educar-es-amar-y-conversar-evocando-a-freire\/#respond"]}]},{"@type":"WebPage","@id":"https:\/\/webdelmaestrocmf.com\/portal\/alexander-ortiz-educar-es-amar-y-conversar-evocando-a-freire\/","url":"https:\/\/webdelmaestrocmf.com\/portal\/alexander-ortiz-educar-es-amar-y-conversar-evocando-a-freire\/","name":"[Alexander Ortiz] Educar es amar y conversar: evocando a Freire - 2026","isPartOf":{"@id":"https:\/\/webdelmaestrocmf.com\/portal\/#website"},"primaryImageOfPage":{"@id":"https:\/\/webdelmaestrocmf.com\/portal\/alexander-ortiz-educar-es-amar-y-conversar-evocando-a-freire\/#primaryimage"},"image":{"@id":"https:\/\/webdelmaestrocmf.com\/portal\/alexander-ortiz-educar-es-amar-y-conversar-evocando-a-freire\/#primaryimage"},"thumbnailUrl":"https:\/\/webdelmaestrocmf.com\/portal\/wp-content\/uploads\/2021\/06\/1-copia-22.jpg","datePublished":"2021-06-21T17:11:45+00:00","description":"La escuela es una organizaci\u00f3n humana que tiene una alta capacidad de aprendizaje, debe tener tambi\u00e9n la voluntad de aplicar...","breadcrumb":{"@id":"https:\/\/webdelmaestrocmf.com\/portal\/alexander-ortiz-educar-es-amar-y-conversar-evocando-a-freire\/#breadcrumb"},"inLanguage":"es","potentialAction":[{"@type":"ReadAction","target":["https:\/\/webdelmaestrocmf.com\/portal\/alexander-ortiz-educar-es-amar-y-conversar-evocando-a-freire\/"]}]},{"@type":"ImageObject","inLanguage":"es","@id":"https:\/\/webdelmaestrocmf.com\/portal\/alexander-ortiz-educar-es-amar-y-conversar-evocando-a-freire\/#primaryimage","url":"https:\/\/webdelmaestrocmf.com\/portal\/wp-content\/uploads\/2021\/06\/1-copia-22.jpg","contentUrl":"https:\/\/webdelmaestrocmf.com\/portal\/wp-content\/uploads\/2021\/06\/1-copia-22.jpg","width":1100,"height":680},{"@type":"BreadcrumbList","@id":"https:\/\/webdelmaestrocmf.com\/portal\/alexander-ortiz-educar-es-amar-y-conversar-evocando-a-freire\/#breadcrumb","itemListElement":[{"@type":"ListItem","position":1,"name":"Portada","item":"https:\/\/webdelmaestrocmf.com\/portal\/"},{"@type":"ListItem","position":2,"name":"Z-Colaboradores","item":"https:\/\/webdelmaestrocmf.com\/portal\/category\/colaborador\/"},{"@type":"ListItem","position":3,"name":"[Alexander Ortiz] Educar es amar y conversar: evocando a Freire"}]},{"@type":"WebSite","@id":"https:\/\/webdelmaestrocmf.com\/portal\/#website","url":"https:\/\/webdelmaestrocmf.com\/portal\/","name":"Web del Maestro CMF","description":"Maestros al servicio de la educaci\u00f3n","publisher":{"@id":"https:\/\/webdelmaestrocmf.com\/portal\/#organization"},"alternateName":"WMCMF","potentialAction":[{"@type":"SearchAction","target":{"@type":"EntryPoint","urlTemplate":"https:\/\/webdelmaestrocmf.com\/portal\/?s={search_term_string}"},"query-input":{"@type":"PropertyValueSpecification","valueRequired":true,"valueName":"search_term_string"}}],"inLanguage":"es"},{"@type":"Organization","@id":"https:\/\/webdelmaestrocmf.com\/portal\/#organization","name":"Web del Maestro CMF","alternateName":"WMCMF","url":"https:\/\/webdelmaestrocmf.com\/portal\/","logo":{"@type":"ImageObject","inLanguage":"es","@id":"https:\/\/webdelmaestrocmf.com\/portal\/#\/schema\/logo\/image\/","url":"https:\/\/webdelmaestrocmf.com\/portal\/wp-content\/uploads\/2023\/01\/logo-wmcmf-2.png","contentUrl":"https:\/\/webdelmaestrocmf.com\/portal\/wp-content\/uploads\/2023\/01\/logo-wmcmf-2.png","width":200,"height":60,"caption":"Web del Maestro CMF"},"image":{"@id":"https:\/\/webdelmaestrocmf.com\/portal\/#\/schema\/logo\/image\/"},"sameAs":["https:\/\/www.facebook.com\/WebdelMaestroCMF\/","https:\/\/x.com\/cmf_w","https:\/\/www.pinterest.com\/WMCMF\/","https:\/\/www.linkedin.com\/company\/web-del-maestro-cmf\/","https:\/\/www.instagram.com\/wmcmf\/","https:\/\/www.youtube.com\/channel\/UCDPSvjbdodE5sHnC3OxutHw","https:\/\/mastodon.social\/@wmcmf","https:\/\/www.tiktok.com\/@webdelmaestrocmf"]},{"@type":"Person","@id":"https:\/\/webdelmaestrocmf.com\/portal\/#\/schema\/person\/1072a2ed7bd960df8ef99a551fa35dc5","name":"Web del Maestro CMF","image":{"@type":"ImageObject","inLanguage":"es","@id":"https:\/\/secure.gravatar.com\/avatar\/23291dd5b5ae1077dcff3dbb04c3e02bd28403fa75af6d8787d5e97c5bbbe30b?s=96&d=mm&r=g","url":"https:\/\/secure.gravatar.com\/avatar\/23291dd5b5ae1077dcff3dbb04c3e02bd28403fa75af6d8787d5e97c5bbbe30b?s=96&d=mm&r=g","contentUrl":"https:\/\/secure.gravatar.com\/avatar\/23291dd5b5ae1077dcff3dbb04c3e02bd28403fa75af6d8787d5e97c5bbbe30b?s=96&d=mm&r=g","caption":"Web del Maestro CMF"},"description":"Esta Web se cre\u00f3 sin fines de lucro, con fines educativos, cient\u00edficos y acad\u00e9micos, para personas que tengan dificultades y\/o inconvenientes en visualizar el material original. El objetivo es entregar recursos, compartir experiencias y materiales que ayuden a los padres de familia, maestros y estudiantes en su actualizaci\u00f3n y formaci\u00f3n permanente, en bien de la Educaci\u00f3n.","sameAs":["http:\/\/webdelmaestrocmf.com\/portal","https:\/\/www.facebook.com\/WebdelMaestroCMF\/","https:\/\/www.instagram.com\/wmcmf\/","https:\/\/cl.linkedin.com\/company\/web-del-maestro-cmf","https:\/\/www.pinterest.com\/WMCMF\/publicaciones\/","https:\/\/x.com\/cmf_w","https:\/\/www.youtube.com\/@WMCMF"]}]}},"jetpack_featured_media_url":"https:\/\/webdelmaestrocmf.com\/portal\/wp-content\/uploads\/2021\/06\/1-copia-22.jpg","jetpack_sharing_enabled":true,"jetpack-related-posts":[{"id":91285,"url":"https:\/\/webdelmaestrocmf.com\/portal\/maria-laura-espido-freire-cree-usted-que-habla-mejor-o-peor-que-sus-abuelos\/","url_meta":{"origin":64195,"position":0},"title":"\u00bfCree usted que habla mejor o peor que sus abuelos?","author":"Web del Maestro CMF","date":"2 agosto, 2023","format":"video","excerpt":"Mar\u00eda Laura Espido Freire, \u200bconocida como Espido Freire (Bilbao, Espa\u00f1a,1974), creci\u00f3 en Llodio (\u00c1lava) en una familia de origen gallego. Se licenci\u00f3 en Filolog\u00eda Inglesa y diplom\u00f3 en Edici\u00f3n y Publicaci\u00f3n de Textos en la Universidad de Deusto (Espa\u00f1a). Estudi\u00f3 tambi\u00e9n m\u00fasica y canto en el Conservatorio Superior de Bilbao\u2026","rel":"","context":"En \u00abAdolescente\u00bb","block_context":{"text":"Adolescente","link":"https:\/\/webdelmaestrocmf.com\/portal\/category\/adolescente\/"},"img":{"alt_text":"Mar\u00eda Laura Espido Freire","src":"https:\/\/i0.wp.com\/webdelmaestrocmf.com\/portal\/wp-content\/uploads\/2023\/08\/A12B3C4D-16-1.jpg?resize=350%2C200&ssl=1","width":350,"height":200,"srcset":"https:\/\/i0.wp.com\/webdelmaestrocmf.com\/portal\/wp-content\/uploads\/2023\/08\/A12B3C4D-16-1.jpg?resize=350%2C200&ssl=1 1x, https:\/\/i0.wp.com\/webdelmaestrocmf.com\/portal\/wp-content\/uploads\/2023\/08\/A12B3C4D-16-1.jpg?resize=525%2C300&ssl=1 1.5x, https:\/\/i0.wp.com\/webdelmaestrocmf.com\/portal\/wp-content\/uploads\/2023\/08\/A12B3C4D-16-1.jpg?resize=700%2C400&ssl=1 2x"},"classes":[]},{"id":84830,"url":"https:\/\/webdelmaestrocmf.com\/portal\/que-es-ensenar-paulo-freire\/","url_meta":{"origin":64195,"position":1},"title":"\u00bfQu\u00e9 es ense\u00f1ar? | Paulo Freire","author":"Web del Maestro CMF","date":"26 febrero, 2023","format":false,"excerpt":"Para Paulo Freire, ense\u00f1ar es desafiar a los estudiantes a que piensen su pr\u00e1ctica desde la pr\u00e1ctica social. Esto significa que ense\u00f1ar tiene que ver con la unidad dial\u00e9ctica pr\u00e1ctica-teor\u00eda. Freire tambi\u00e9n dijo que ense\u00f1ar no es transferir conocimientos sino crear las condiciones para su producci\u00f3n o construcci\u00f3n. Para Freire,\u2026","rel":"","context":"En \u00abDocentes\u00bb","block_context":{"text":"Docentes","link":"https:\/\/webdelmaestrocmf.com\/portal\/category\/pedagogia\/docentes\/"},"img":{"alt_text":"","src":"https:\/\/i0.wp.com\/webdelmaestrocmf.com\/portal\/wp-content\/uploads\/2023\/02\/3ABC-7.jpg?resize=350%2C200&ssl=1","width":350,"height":200,"srcset":"https:\/\/i0.wp.com\/webdelmaestrocmf.com\/portal\/wp-content\/uploads\/2023\/02\/3ABC-7.jpg?resize=350%2C200&ssl=1 1x, https:\/\/i0.wp.com\/webdelmaestrocmf.com\/portal\/wp-content\/uploads\/2023\/02\/3ABC-7.jpg?resize=525%2C300&ssl=1 1.5x, https:\/\/i0.wp.com\/webdelmaestrocmf.com\/portal\/wp-content\/uploads\/2023\/02\/3ABC-7.jpg?resize=700%2C400&ssl=1 2x"},"classes":[]},{"id":49088,"url":"https:\/\/webdelmaestrocmf.com\/portal\/alexander-ortiz-educar-es-amar-y-conversar\/","url_meta":{"origin":64195,"position":2},"title":"[Alexander Ortiz] Educar es amar y conversar","author":"Web del Maestro CMF","date":"14 julio, 2020","format":false,"excerpt":"La educaci\u00f3n es un acto estrictamente humano, por eso debe ser afectiva y cognitiva, emocional y racional. En la educaci\u00f3n no se deben reprimir los sentimientos, las emociones, los deseos, los sue\u00f1os. No se debe enarbolar una dictadura racionalista, pero tampoco debe faltar el rigor generado por la disciplina intelectual\u2026","rel":"","context":"En \u00abZ-Colaboradores\u00bb","block_context":{"text":"Z-Colaboradores","link":"https:\/\/webdelmaestrocmf.com\/portal\/category\/colaborador\/"},"img":{"alt_text":"","src":"https:\/\/i0.wp.com\/webdelmaestrocmf.com\/portal\/wp-content\/uploads\/2020\/07\/1-48.jpg?resize=350%2C200&ssl=1","width":350,"height":200,"srcset":"https:\/\/i0.wp.com\/webdelmaestrocmf.com\/portal\/wp-content\/uploads\/2020\/07\/1-48.jpg?resize=350%2C200&ssl=1 1x, https:\/\/i0.wp.com\/webdelmaestrocmf.com\/portal\/wp-content\/uploads\/2020\/07\/1-48.jpg?resize=525%2C300&ssl=1 1.5x, https:\/\/i0.wp.com\/webdelmaestrocmf.com\/portal\/wp-content\/uploads\/2020\/07\/1-48.jpg?resize=700%2C400&ssl=1 2x, https:\/\/i0.wp.com\/webdelmaestrocmf.com\/portal\/wp-content\/uploads\/2020\/07\/1-48.jpg?resize=1050%2C600&ssl=1 3x"},"classes":[]},{"id":12894,"url":"https:\/\/webdelmaestrocmf.com\/portal\/14-libros-pdf-paulo-freire-la-educacion-al-servicio-la-humanidad\/","url_meta":{"origin":64195,"position":3},"title":"Doce mejores libros de Paulo Freire que todo docente debe leer","author":"Web del Maestro CMF","date":"24 junio, 2025","format":false,"excerpt":"Paulo Freire es uno de los principales representantes de la pedagog\u00eda cr\u00edtica, una corriente que ha influido profundamente en la educaci\u00f3n contempor\u00e1nea por su enfoque emancipador y su apuesta por una ense\u00f1anza consciente, reflexiva y transformadora","rel":"","context":"En \u00abLibros\u00bb","block_context":{"text":"Libros","link":"https:\/\/webdelmaestrocmf.com\/portal\/category\/pedagogia\/libros\/"},"img":{"alt_text":"libros de Paulo Freire","src":"https:\/\/i0.wp.com\/webdelmaestrocmf.com\/portal\/wp-content\/uploads\/2023\/12\/B-dibujos-1-9.webp?resize=350%2C200&ssl=1","width":350,"height":200,"srcset":"https:\/\/i0.wp.com\/webdelmaestrocmf.com\/portal\/wp-content\/uploads\/2023\/12\/B-dibujos-1-9.webp?resize=350%2C200&ssl=1 1x, https:\/\/i0.wp.com\/webdelmaestrocmf.com\/portal\/wp-content\/uploads\/2023\/12\/B-dibujos-1-9.webp?resize=525%2C300&ssl=1 1.5x, https:\/\/i0.wp.com\/webdelmaestrocmf.com\/portal\/wp-content\/uploads\/2023\/12\/B-dibujos-1-9.webp?resize=700%2C400&ssl=1 2x"},"classes":[]},{"id":62390,"url":"https:\/\/webdelmaestrocmf.com\/portal\/alexander-ortiz-resiliencia-capacidad-humana-o-actitud-ante-la-vida\/","url_meta":{"origin":64195,"position":4},"title":"[Alexander Ortiz] Resiliencia: \u00bfCapacidad humana o actitud ante la vida?","author":"Web del Maestro CMF","date":"30 abril, 2021","format":false,"excerpt":"La resiliencia es una cualidad humana que observa otra persona o uno mismo, cuando se adapta a un cambio, tambi\u00e9n observado. Pero la resiliencia no tiene existencia ontol\u00f3gica, no es una cosa, no podemos reificarla. El ser humano no es que tenga resiliencia, sencillamente act\u00faa de manera resiliente, y eso\u2026","rel":"","context":"En \u00abZ-Colaboradores\u00bb","block_context":{"text":"Z-Colaboradores","link":"https:\/\/webdelmaestrocmf.com\/portal\/category\/colaborador\/"},"img":{"alt_text":"","src":"https:\/\/i0.wp.com\/webdelmaestrocmf.com\/portal\/wp-content\/uploads\/2021\/04\/1-copia-31.jpg?resize=350%2C200&ssl=1","width":350,"height":200,"srcset":"https:\/\/i0.wp.com\/webdelmaestrocmf.com\/portal\/wp-content\/uploads\/2021\/04\/1-copia-31.jpg?resize=350%2C200&ssl=1 1x, https:\/\/i0.wp.com\/webdelmaestrocmf.com\/portal\/wp-content\/uploads\/2021\/04\/1-copia-31.jpg?resize=525%2C300&ssl=1 1.5x, https:\/\/i0.wp.com\/webdelmaestrocmf.com\/portal\/wp-content\/uploads\/2021\/04\/1-copia-31.jpg?resize=700%2C400&ssl=1 2x, https:\/\/i0.wp.com\/webdelmaestrocmf.com\/portal\/wp-content\/uploads\/2021\/04\/1-copia-31.jpg?resize=1050%2C600&ssl=1 3x"},"classes":[]},{"id":113511,"url":"https:\/\/webdelmaestrocmf.com\/portal\/la-relacion-pedagogica-segun-paulo-freire-respeto-dialogo-autoridad-y-responsabilidad\/","url_meta":{"origin":64195,"position":5},"title":"La Relaci\u00f3n Pedag\u00f3gica Seg\u00fan Paulo Freire: Respeto, Di\u00e1logo, Autoridad y Responsabilidad","author":"Web del Maestro CMF","date":"16 noviembre, 2025","format":false,"excerpt":"la relaci\u00f3n pedag\u00f3gica requiere respeto mutuo, di\u00e1logo, reconocimiento de la autoridad pedag\u00f3gica del docente y responsabilidad del estudiante.","rel":"","context":"En \u00abPedagog\u00eda\u00bb","block_context":{"text":"Pedagog\u00eda","link":"https:\/\/webdelmaestrocmf.com\/portal\/category\/pedagogia\/pedagogia-pedagogia\/"},"img":{"alt_text":"","src":"https:\/\/i0.wp.com\/webdelmaestrocmf.com\/portal\/wp-content\/uploads\/2025\/11\/Portada-articulos-1-8.jpg?resize=350%2C200&ssl=1","width":350,"height":200,"srcset":"https:\/\/i0.wp.com\/webdelmaestrocmf.com\/portal\/wp-content\/uploads\/2025\/11\/Portada-articulos-1-8.jpg?resize=350%2C200&ssl=1 1x, https:\/\/i0.wp.com\/webdelmaestrocmf.com\/portal\/wp-content\/uploads\/2025\/11\/Portada-articulos-1-8.jpg?resize=525%2C300&ssl=1 1.5x, https:\/\/i0.wp.com\/webdelmaestrocmf.com\/portal\/wp-content\/uploads\/2025\/11\/Portada-articulos-1-8.jpg?resize=700%2C400&ssl=1 2x"},"classes":[]}],"_links":{"self":[{"href":"https:\/\/webdelmaestrocmf.com\/portal\/wp-json\/wp\/v2\/posts\/64195","targetHints":{"allow":["GET"]}}],"collection":[{"href":"https:\/\/webdelmaestrocmf.com\/portal\/wp-json\/wp\/v2\/posts"}],"about":[{"href":"https:\/\/webdelmaestrocmf.com\/portal\/wp-json\/wp\/v2\/types\/post"}],"author":[{"embeddable":true,"href":"https:\/\/webdelmaestrocmf.com\/portal\/wp-json\/wp\/v2\/users\/1"}],"replies":[{"embeddable":true,"href":"https:\/\/webdelmaestrocmf.com\/portal\/wp-json\/wp\/v2\/comments?post=64195"}],"version-history":[{"count":0,"href":"https:\/\/webdelmaestrocmf.com\/portal\/wp-json\/wp\/v2\/posts\/64195\/revisions"}],"wp:featuredmedia":[{"embeddable":true,"href":"https:\/\/webdelmaestrocmf.com\/portal\/wp-json\/wp\/v2\/media\/64198"}],"wp:attachment":[{"href":"https:\/\/webdelmaestrocmf.com\/portal\/wp-json\/wp\/v2\/media?parent=64195"}],"wp:term":[{"taxonomy":"category","embeddable":true,"href":"https:\/\/webdelmaestrocmf.com\/portal\/wp-json\/wp\/v2\/categories?post=64195"},{"taxonomy":"post_tag","embeddable":true,"href":"https:\/\/webdelmaestrocmf.com\/portal\/wp-json\/wp\/v2\/tags?post=64195"}],"curies":[{"name":"wp","href":"https:\/\/api.w.org\/{rel}","templated":true}]}}