{"id":63664,"date":"2021-06-02T17:39:17","date_gmt":"2021-06-02T21:39:17","guid":{"rendered":"https:\/\/webdelmaestrocmf.com\/portal\/?p=63664"},"modified":"2021-06-02T17:46:50","modified_gmt":"2021-06-02T21:46:50","slug":"fernando-gamarra-ultima-semana-de-campana-electoral-en-el-peru","status":"publish","type":"post","link":"https:\/\/webdelmaestrocmf.com\/portal\/fernando-gamarra-ultima-semana-de-campana-electoral-en-el-peru\/","title":{"rendered":"[Fernando Gamarra] \u00daltima semana de campa\u00f1a electoral en el Per\u00fa"},"content":{"rendered":"<h5 style=\"text-align: justify;\">En esta \u00faltima semana de campa\u00f1a, los dos candidatos a la presidencia de la Rep\u00fablica deben difundir sus programas de gobierno de la forma m\u00e1s clara y did\u00e1ctica posible para poder fomentar en la poblaci\u00f3n un voto m\u00e1s informado y responsable. Despu\u00e9s del debate es necesario que sigan explicando sus propuestas dirigidas a resolver los problemas de nuestro pa\u00eds. El camino para un voto responsable NO es que ambos se resten credibilidad mutuamente.<\/h5>\n<p><!--more--><\/p>\n<p style=\"text-align: justify;\">Los problemas como la pandemia, el aumento de la pobreza debido a la emergencia sanitaria y la p\u00e9rdida de empleos entre otros, amenaza el avance de nuestro pa\u00eds. Por lo tanto, ser\u00eda una p\u00e9rdida de tiempo y de energ\u00eda que en estos \u00faltimos d\u00edas de campa\u00f1a electoral ambos candidatos se esfuercen por desacreditarse mutuamente, en vez de explicar a la ciudadan\u00eda con claridad y precisi\u00f3n c\u00f3mo har\u00e1n para que el Per\u00fa progrese y derrotar la pandemia.<\/p>\n<p style=\"text-align: justify;\">Todos debemos informarnos cr\u00edticamente, SIN VIOLENCIA de ninguna clase, sobre las propuestas de los postulantes para poder definir de manera responsable nuestro voto. Elegir al Presidente de la Rep\u00fablica es un tema muy importante y de mucha responsabilidad que tendr\u00e1 impacto no solo en asuntos p\u00fablicos, sino tambi\u00e9n en el d\u00eda a d\u00eda de las familias. Son estas razones m\u00e1s que suficientes para que cada uno de los peruanos que acudir\u00e1n a las urnas aborde el deber de votar con la seriedad que el caso amerita.<\/p>\n<p><img loading=\"lazy\" decoding=\"async\" class=\"size-full wp-image-63667 aligncenter\" src=\"https:\/\/webdelmaestrocmf.com\/portal\/wp-content\/uploads\/2021\/06\/votar.png\" alt=\"\" width=\"500\" height=\"500\" srcset=\"https:\/\/webdelmaestrocmf.com\/portal\/wp-content\/uploads\/2021\/06\/votar.png 500w, https:\/\/webdelmaestrocmf.com\/portal\/wp-content\/uploads\/2021\/06\/votar-300x300.png 300w, https:\/\/webdelmaestrocmf.com\/portal\/wp-content\/uploads\/2021\/06\/votar-150x150.png 150w, https:\/\/webdelmaestrocmf.com\/portal\/wp-content\/uploads\/2021\/06\/votar-80x80.png 80w, https:\/\/webdelmaestrocmf.com\/portal\/wp-content\/uploads\/2021\/06\/votar-110x110.png 110w, https:\/\/webdelmaestrocmf.com\/portal\/wp-content\/uploads\/2021\/06\/votar-200x200.png 200w, https:\/\/webdelmaestrocmf.com\/portal\/wp-content\/uploads\/2021\/06\/votar-380x380.png 380w, https:\/\/webdelmaestrocmf.com\/portal\/wp-content\/uploads\/2021\/06\/votar-255x255.png 255w, https:\/\/webdelmaestrocmf.com\/portal\/wp-content\/uploads\/2021\/06\/votar-160x160.png 160w, https:\/\/webdelmaestrocmf.com\/portal\/wp-content\/uploads\/2021\/06\/votar-220x220.png 220w, https:\/\/webdelmaestrocmf.com\/portal\/wp-content\/uploads\/2021\/06\/votar-400x400.png 400w\" sizes=\"auto, (max-width: 500px) 100vw, 500px\" \/><\/p>\n<p style=\"text-align: justify;\"><strong>NOTA DE REDACCI\u00d3N:<\/strong> La Web del Maestro CMF publica los textos originales de su autor, no necesariamente coincide con lo expuesto en el tema, y no se hace responsable de las opiniones expresadas.<\/p>\n<table class=\" alignleft\" border=\"0\" width=\"100%\" cellspacing=\"10\" cellpadding=\"10\">\n<tbody>\n<tr>\n<td style=\"text-align: center;\" width=\"30%\"><strong><img loading=\"lazy\" decoding=\"async\" class=\"size-full wp-image-60586 aligncenter\" src=\"https:\/\/webdelmaestrocmf.com\/portal\/wp-content\/uploads\/2021\/03\/1-copia-27.jpg\" alt=\"\" width=\"200\" height=\"200\" srcset=\"https:\/\/webdelmaestrocmf.com\/portal\/wp-content\/uploads\/2021\/03\/1-copia-27.jpg 200w, https:\/\/webdelmaestrocmf.com\/portal\/wp-content\/uploads\/2021\/03\/1-copia-27-150x150.jpg 150w, https:\/\/webdelmaestrocmf.com\/portal\/wp-content\/uploads\/2021\/03\/1-copia-27-80x80.jpg 80w, https:\/\/webdelmaestrocmf.com\/portal\/wp-content\/uploads\/2021\/03\/1-copia-27-110x110.jpg 110w, https:\/\/webdelmaestrocmf.com\/portal\/wp-content\/uploads\/2021\/03\/1-copia-27-160x160.jpg 160w\" sizes=\"auto, (max-width: 200px) 100vw, 200px\" \/><br \/>\nAutor: <\/strong>Fernando Gamarra Morales Tacna, Per\u00fa.<br \/>\nEx Secretario General del SUTEP Tacna.<br \/>\nProfesor de Matem\u00e1tica y F\u00edsica de la I.E. Guillermo Auza Arce.<strong><br \/>\nEmial:<\/strong>\u00a0<a href=\"mailto:fer_gamarra@hotmail.com\">fer_gamarra@hotmail.com<\/a><strong><br \/>\n<\/strong><\/p>\n<div>\n<div class=\"_1t_p clearfix\">\n<div class=\"_41ud\">\n<div class=\"clearfix _o46 _3erg _29_7 _8lma direction_ltr text_align_ltr\">\n<div id=\"js_39\" class=\"_3058 _ui9 _hh7 _6ybn _s1- _52mr _3oh-\" data-tooltip-content=\"domingo 16:17\" data-hover=\"tooltip\" data-tooltip-position=\"left\">\n<div class=\"_aok\" tabindex=\"0\"><span class=\"_3oh- _58nk\"><strong>Celular:<\/strong> 51952290888<\/span><\/div>\n<\/div>\n<\/div>\n<\/div>\n<\/div>\n<\/div>\n<\/td>\n<\/tr>\n<\/tbody>\n<\/table>\n<p style=\"text-align: left;\">.<\/p>\n\t\t<div class=\"pk-inline-posts\">\n\t\t\t\n\t\t\t<div class=\"pk-inline-posts-container pk-inline-posts-template-list\"\n\t\t\t\tdata-columns=\"1\">\n\t\t\t\t\t\t<article id=\"post-84497\" class=\"post-84497 post type-post status-publish format-standard has-post-thumbnail category-z-colaborador-fernando-gamarra category-colaborador tag-area tag-descanso tag-fernando-gamarra tag-gestion tag-pedagogica tag-profesores tag-vacacional cs-entry cs-video-wrap\">\n\t\t\t<div class=\"pk-post-outer\">\n\n\t\t\t\t\t\t\t\t<div class=\"pk-post-inner\">\n\t\t\t\t\t<div class=\"entry-thumbnail\">\n\t\t\t\t\t\t<div class=\"pk-overlay pk-overlay-ratio pk-ratio-landscape\">\n\t\t\t\t\t\t\t<div class=\"pk-overlay-background\">\n\t\t\t\t\t\t\t\t<a href=\"https:\/\/webdelmaestrocmf.com\/portal\/fernando-gamarra-descanso-vacacional-2023-de-los-profesores-del-area-de-gestion-pedagogica-peru\/\" class=\"pk-overlay-link\">\n\t\t\t\t\t\t\t\t\t<img loading=\"lazy\" decoding=\"async\" width=\"300\" height=\"225\" src=\"https:\/\/webdelmaestrocmf.com\/portal\/wp-content\/uploads\/2023\/02\/1abc-5-300x225.jpg\" class=\"attachment-pk-thumbnail size-pk-thumbnail wp-post-image\" alt=\"\" srcset=\"https:\/\/webdelmaestrocmf.com\/portal\/wp-content\/uploads\/2023\/02\/1abc-5-300x225.jpg 300w, https:\/\/webdelmaestrocmf.com\/portal\/wp-content\/uploads\/2023\/02\/1abc-5-200x150.jpg 200w, https:\/\/webdelmaestrocmf.com\/portal\/wp-content\/uploads\/2023\/02\/1abc-5-260x195.jpg 260w\" sizes=\"auto, (max-width: 300px) 100vw, 300px\" \/>\t\t\t\t\t\t\t\t<\/a>\n\t\t\t\t\t\t\t<\/div>\n\t\t\t\t\t\t<\/div>\n\t\t\t\t\t<\/div>\n\t\t\t\t<\/div>\n\t\t\t\t\n\t\t\t\t<div class=\"pk-post-inner\">\n\t\t\t\t\t<header>\n\t\t\t\t\t\t<h3 class=\"pk-title\"><a href=\"https:\/\/webdelmaestrocmf.com\/portal\/fernando-gamarra-descanso-vacacional-2023-de-los-profesores-del-area-de-gestion-pedagogica-peru\/\" rel=\"bookmark\">[Fernando Gamarra] Descanso vacacional 2023 de los profesores del \u00e1rea de gesti\u00f3n pedag\u00f3gica (Per\u00fa)<\/a><\/h3>\t\t\t\t\t<\/header><!-- .entry-header -->\n\t\t\t\t<\/div><!-- .post-inner -->\n\n\t\t\t<\/div><!-- .post-outer -->\n\t\t<\/article>\n\t\t\t\t<\/div>\n\t\t<\/div>\n\t\t\n","protected":false},"excerpt":{"rendered":"En esta \u00faltima semana de campa\u00f1a, los dos candidatos a la presidencia de la Rep\u00fablica deben difundir sus&hellip;","protected":false},"author":1,"featured_media":63666,"comment_status":"open","ping_status":"closed","sticky":false,"template":"","format":"standard","meta":{"csco_display_header_overlay":false,"csco_singular_sidebar":"default","csco_page_header_type":"default","csco_page_load_nextpost":"default","csco_post_video_location":[],"csco_post_video_location_hash":"","csco_post_video_url":"","csco_post_video_bg_start_time":0,"csco_post_video_bg_end_time":0,"csco_post_video_bg_volume":false,"_jetpack_memberships_contains_paid_content":false,"footnotes":""},"categories":[1965,1790],"tags":[1072,13577,1966,169,5481,13628],"class_list":{"0":"post-63664","1":"post","2":"type-post","3":"status-publish","4":"format-standard","5":"has-post-thumbnail","7":"category-z-colaborador-fernando-gamarra","8":"category-colaborador","9":"tag-campana","10":"tag-electoral","11":"tag-fernando-gamarra","12":"tag-peru","13":"tag-semana","14":"tag-ultima","15":"cs-entry","16":"cs-video-wrap"},"yoast_head":"<!-- This site is optimized with the Yoast SEO plugin v27.5 - https:\/\/yoast.com\/product\/yoast-seo-wordpress\/ -->\n<title>[Fernando Gamarra] \u00daltima semana de campa\u00f1a electoral en el Per\u00fa - 2026<\/title>\n<meta name=\"description\" content=\"En esta \u00faltima semana de campa\u00f1a, los dos candidatos a la presidencia de la Rep\u00fablica deben difundir sus programas de...\" \/>\n<meta name=\"robots\" content=\"index, follow, max-snippet:-1, max-image-preview:large, max-video-preview:-1\" \/>\n<link rel=\"canonical\" href=\"https:\/\/webdelmaestrocmf.com\/portal\/fernando-gamarra-ultima-semana-de-campana-electoral-en-el-peru\/\" \/>\n<meta property=\"og:locale\" content=\"es_ES\" \/>\n<meta property=\"og:type\" content=\"article\" \/>\n<meta property=\"og:title\" content=\"[Fernando Gamarra] \u00daltima semana de campa\u00f1a electoral en el Per\u00fa - 2026\" \/>\n<meta property=\"og:description\" content=\"En esta \u00faltima semana de campa\u00f1a, los dos candidatos a la presidencia de la Rep\u00fablica deben difundir sus programas de...\" \/>\n<meta property=\"og:url\" content=\"https:\/\/webdelmaestrocmf.com\/portal\/fernando-gamarra-ultima-semana-de-campana-electoral-en-el-peru\/\" \/>\n<meta property=\"og:site_name\" content=\"Web del Maestro CMF\" \/>\n<meta property=\"article:publisher\" content=\"https:\/\/www.facebook.com\/WebdelMaestroCMF\/\" \/>\n<meta property=\"article:author\" content=\"https:\/\/www.facebook.com\/WebdelMaestroCMF\/\" \/>\n<meta property=\"article:published_time\" content=\"2021-06-02T21:39:17+00:00\" \/>\n<meta property=\"article:modified_time\" content=\"2021-06-02T21:46:50+00:00\" \/>\n<meta property=\"og:image\" content=\"https:\/\/i0.wp.com\/webdelmaestrocmf.com\/portal\/wp-content\/uploads\/2021\/06\/1.jpg-10.png?fit=1100%2C680&ssl=1\" \/>\n\t<meta property=\"og:image:width\" content=\"1100\" \/>\n\t<meta property=\"og:image:height\" content=\"680\" \/>\n\t<meta property=\"og:image:type\" content=\"image\/png\" \/>\n<meta name=\"author\" content=\"Web del Maestro CMF\" \/>\n<meta name=\"twitter:card\" content=\"summary_large_image\" \/>\n<meta name=\"twitter:creator\" content=\"@cmf_w\" \/>\n<meta name=\"twitter:site\" content=\"@cmf_w\" \/>\n<script type=\"application\/ld+json\" class=\"yoast-schema-graph\">{\"@context\":\"https:\\\/\\\/schema.org\",\"@graph\":[{\"@type\":\"ScholarlyArticle\",\"@id\":\"https:\\\/\\\/webdelmaestrocmf.com\\\/portal\\\/fernando-gamarra-ultima-semana-de-campana-electoral-en-el-peru\\\/#article\",\"isPartOf\":{\"@id\":\"https:\\\/\\\/webdelmaestrocmf.com\\\/portal\\\/fernando-gamarra-ultima-semana-de-campana-electoral-en-el-peru\\\/\"},\"author\":{\"name\":\"Web del Maestro CMF\",\"@id\":\"https:\\\/\\\/webdelmaestrocmf.com\\\/portal\\\/#\\\/schema\\\/person\\\/1072a2ed7bd960df8ef99a551fa35dc5\"},\"headline\":\"[Fernando Gamarra] \u00daltima semana de campa\u00f1a electoral en el Per\u00fa\",\"datePublished\":\"2021-06-02T21:39:17+00:00\",\"dateModified\":\"2021-06-02T21:46:50+00:00\",\"mainEntityOfPage\":{\"@id\":\"https:\\\/\\\/webdelmaestrocmf.com\\\/portal\\\/fernando-gamarra-ultima-semana-de-campana-electoral-en-el-peru\\\/\"},\"wordCount\":341,\"commentCount\":0,\"publisher\":{\"@id\":\"https:\\\/\\\/webdelmaestrocmf.com\\\/portal\\\/#organization\"},\"image\":{\"@id\":\"https:\\\/\\\/webdelmaestrocmf.com\\\/portal\\\/fernando-gamarra-ultima-semana-de-campana-electoral-en-el-peru\\\/#primaryimage\"},\"thumbnailUrl\":\"https:\\\/\\\/webdelmaestrocmf.com\\\/portal\\\/wp-content\\\/uploads\\\/2021\\\/06\\\/1.jpg-10.png\",\"keywords\":[\"Campa\u00f1a\",\"electoral\",\"FERNANDO GAMARRA\",\"Per\u00fa\",\"semana\",\"\u00daltima\"],\"articleSection\":[\"Z-Colaborador-Fernando-Gamarra\",\"Z-Colaboradores\"],\"inLanguage\":\"es\",\"potentialAction\":[{\"@type\":\"CommentAction\",\"name\":\"Comment\",\"target\":[\"https:\\\/\\\/webdelmaestrocmf.com\\\/portal\\\/fernando-gamarra-ultima-semana-de-campana-electoral-en-el-peru\\\/#respond\"]}]},{\"@type\":\"WebPage\",\"@id\":\"https:\\\/\\\/webdelmaestrocmf.com\\\/portal\\\/fernando-gamarra-ultima-semana-de-campana-electoral-en-el-peru\\\/\",\"url\":\"https:\\\/\\\/webdelmaestrocmf.com\\\/portal\\\/fernando-gamarra-ultima-semana-de-campana-electoral-en-el-peru\\\/\",\"name\":\"[Fernando Gamarra] \u00daltima semana de campa\u00f1a electoral en el Per\u00fa - 2026\",\"isPartOf\":{\"@id\":\"https:\\\/\\\/webdelmaestrocmf.com\\\/portal\\\/#website\"},\"primaryImageOfPage\":{\"@id\":\"https:\\\/\\\/webdelmaestrocmf.com\\\/portal\\\/fernando-gamarra-ultima-semana-de-campana-electoral-en-el-peru\\\/#primaryimage\"},\"image\":{\"@id\":\"https:\\\/\\\/webdelmaestrocmf.com\\\/portal\\\/fernando-gamarra-ultima-semana-de-campana-electoral-en-el-peru\\\/#primaryimage\"},\"thumbnailUrl\":\"https:\\\/\\\/webdelmaestrocmf.com\\\/portal\\\/wp-content\\\/uploads\\\/2021\\\/06\\\/1.jpg-10.png\",\"datePublished\":\"2021-06-02T21:39:17+00:00\",\"dateModified\":\"2021-06-02T21:46:50+00:00\",\"description\":\"En esta \u00faltima semana de campa\u00f1a, los dos candidatos a la presidencia de la Rep\u00fablica deben difundir sus programas de...\",\"breadcrumb\":{\"@id\":\"https:\\\/\\\/webdelmaestrocmf.com\\\/portal\\\/fernando-gamarra-ultima-semana-de-campana-electoral-en-el-peru\\\/#breadcrumb\"},\"inLanguage\":\"es\",\"potentialAction\":[{\"@type\":\"ReadAction\",\"target\":[\"https:\\\/\\\/webdelmaestrocmf.com\\\/portal\\\/fernando-gamarra-ultima-semana-de-campana-electoral-en-el-peru\\\/\"]}]},{\"@type\":\"ImageObject\",\"inLanguage\":\"es\",\"@id\":\"https:\\\/\\\/webdelmaestrocmf.com\\\/portal\\\/fernando-gamarra-ultima-semana-de-campana-electoral-en-el-peru\\\/#primaryimage\",\"url\":\"https:\\\/\\\/webdelmaestrocmf.com\\\/portal\\\/wp-content\\\/uploads\\\/2021\\\/06\\\/1.jpg-10.png\",\"contentUrl\":\"https:\\\/\\\/webdelmaestrocmf.com\\\/portal\\\/wp-content\\\/uploads\\\/2021\\\/06\\\/1.jpg-10.png\",\"width\":1100,\"height\":680},{\"@type\":\"BreadcrumbList\",\"@id\":\"https:\\\/\\\/webdelmaestrocmf.com\\\/portal\\\/fernando-gamarra-ultima-semana-de-campana-electoral-en-el-peru\\\/#breadcrumb\",\"itemListElement\":[{\"@type\":\"ListItem\",\"position\":1,\"name\":\"Portada\",\"item\":\"https:\\\/\\\/webdelmaestrocmf.com\\\/portal\\\/\"},{\"@type\":\"ListItem\",\"position\":2,\"name\":\"Z-Colaboradores\",\"item\":\"https:\\\/\\\/webdelmaestrocmf.com\\\/portal\\\/category\\\/colaborador\\\/\"},{\"@type\":\"ListItem\",\"position\":3,\"name\":\"[Fernando Gamarra] \u00daltima semana de campa\u00f1a electoral en el Per\u00fa\"}]},{\"@type\":\"WebSite\",\"@id\":\"https:\\\/\\\/webdelmaestrocmf.com\\\/portal\\\/#website\",\"url\":\"https:\\\/\\\/webdelmaestrocmf.com\\\/portal\\\/\",\"name\":\"Web del Maestro CMF\",\"description\":\"Maestros al servicio de la educaci\u00f3n\",\"publisher\":{\"@id\":\"https:\\\/\\\/webdelmaestrocmf.com\\\/portal\\\/#organization\"},\"alternateName\":\"WMCMF\",\"potentialAction\":[{\"@type\":\"SearchAction\",\"target\":{\"@type\":\"EntryPoint\",\"urlTemplate\":\"https:\\\/\\\/webdelmaestrocmf.com\\\/portal\\\/?s={search_term_string}\"},\"query-input\":{\"@type\":\"PropertyValueSpecification\",\"valueRequired\":true,\"valueName\":\"search_term_string\"}}],\"inLanguage\":\"es\"},{\"@type\":\"Organization\",\"@id\":\"https:\\\/\\\/webdelmaestrocmf.com\\\/portal\\\/#organization\",\"name\":\"Web del Maestro CMF\",\"alternateName\":\"WMCMF\",\"url\":\"https:\\\/\\\/webdelmaestrocmf.com\\\/portal\\\/\",\"logo\":{\"@type\":\"ImageObject\",\"inLanguage\":\"es\",\"@id\":\"https:\\\/\\\/webdelmaestrocmf.com\\\/portal\\\/#\\\/schema\\\/logo\\\/image\\\/\",\"url\":\"https:\\\/\\\/webdelmaestrocmf.com\\\/portal\\\/wp-content\\\/uploads\\\/2023\\\/01\\\/logo-wmcmf-2.png\",\"contentUrl\":\"https:\\\/\\\/webdelmaestrocmf.com\\\/portal\\\/wp-content\\\/uploads\\\/2023\\\/01\\\/logo-wmcmf-2.png\",\"width\":200,\"height\":60,\"caption\":\"Web del Maestro CMF\"},\"image\":{\"@id\":\"https:\\\/\\\/webdelmaestrocmf.com\\\/portal\\\/#\\\/schema\\\/logo\\\/image\\\/\"},\"sameAs\":[\"https:\\\/\\\/www.facebook.com\\\/WebdelMaestroCMF\\\/\",\"https:\\\/\\\/x.com\\\/cmf_w\",\"https:\\\/\\\/www.pinterest.com\\\/WMCMF\\\/\",\"https:\\\/\\\/www.linkedin.com\\\/company\\\/web-del-maestro-cmf\\\/\",\"https:\\\/\\\/www.instagram.com\\\/wmcmf\\\/\",\"https:\\\/\\\/www.youtube.com\\\/channel\\\/UCDPSvjbdodE5sHnC3OxutHw\",\"https:\\\/\\\/mastodon.social\\\/@wmcmf\",\"https:\\\/\\\/www.tiktok.com\\\/@webdelmaestrocmf\"]},{\"@type\":\"Person\",\"@id\":\"https:\\\/\\\/webdelmaestrocmf.com\\\/portal\\\/#\\\/schema\\\/person\\\/1072a2ed7bd960df8ef99a551fa35dc5\",\"name\":\"Web del Maestro CMF\",\"image\":{\"@type\":\"ImageObject\",\"inLanguage\":\"es\",\"@id\":\"https:\\\/\\\/secure.gravatar.com\\\/avatar\\\/23291dd5b5ae1077dcff3dbb04c3e02bd28403fa75af6d8787d5e97c5bbbe30b?s=96&d=mm&r=g\",\"url\":\"https:\\\/\\\/secure.gravatar.com\\\/avatar\\\/23291dd5b5ae1077dcff3dbb04c3e02bd28403fa75af6d8787d5e97c5bbbe30b?s=96&d=mm&r=g\",\"contentUrl\":\"https:\\\/\\\/secure.gravatar.com\\\/avatar\\\/23291dd5b5ae1077dcff3dbb04c3e02bd28403fa75af6d8787d5e97c5bbbe30b?s=96&d=mm&r=g\",\"caption\":\"Web del Maestro CMF\"},\"description\":\"Esta Web se cre\u00f3 sin fines de lucro, con fines educativos, cient\u00edficos y acad\u00e9micos, para personas que tengan dificultades y\\\/o inconvenientes en visualizar el material original. El objetivo es entregar recursos, compartir experiencias y materiales que ayuden a los padres de familia, maestros y estudiantes en su actualizaci\u00f3n y formaci\u00f3n permanente, en bien de la Educaci\u00f3n.\",\"sameAs\":[\"http:\\\/\\\/webdelmaestrocmf.com\\\/portal\",\"https:\\\/\\\/www.facebook.com\\\/WebdelMaestroCMF\\\/\",\"https:\\\/\\\/www.instagram.com\\\/wmcmf\\\/\",\"https:\\\/\\\/cl.linkedin.com\\\/company\\\/web-del-maestro-cmf\",\"https:\\\/\\\/www.pinterest.com\\\/WMCMF\\\/publicaciones\\\/\",\"https:\\\/\\\/x.com\\\/cmf_w\",\"https:\\\/\\\/www.youtube.com\\\/@WMCMF\"]}]}<\/script>\n<!-- \/ Yoast SEO plugin. -->","yoast_head_json":{"title":"[Fernando Gamarra] \u00daltima semana de campa\u00f1a electoral en el Per\u00fa - 2026","description":"En esta \u00faltima semana de campa\u00f1a, los dos candidatos a la presidencia de la Rep\u00fablica deben difundir sus programas de...","robots":{"index":"index","follow":"follow","max-snippet":"max-snippet:-1","max-image-preview":"max-image-preview:large","max-video-preview":"max-video-preview:-1"},"canonical":"https:\/\/webdelmaestrocmf.com\/portal\/fernando-gamarra-ultima-semana-de-campana-electoral-en-el-peru\/","og_locale":"es_ES","og_type":"article","og_title":"[Fernando Gamarra] \u00daltima semana de campa\u00f1a electoral en el Per\u00fa - 2026","og_description":"En esta \u00faltima semana de campa\u00f1a, los dos candidatos a la presidencia de la Rep\u00fablica deben difundir sus programas de...","og_url":"https:\/\/webdelmaestrocmf.com\/portal\/fernando-gamarra-ultima-semana-de-campana-electoral-en-el-peru\/","og_site_name":"Web del Maestro CMF","article_publisher":"https:\/\/www.facebook.com\/WebdelMaestroCMF\/","article_author":"https:\/\/www.facebook.com\/WebdelMaestroCMF\/","article_published_time":"2021-06-02T21:39:17+00:00","article_modified_time":"2021-06-02T21:46:50+00:00","og_image":[{"width":1100,"height":680,"url":"https:\/\/i0.wp.com\/webdelmaestrocmf.com\/portal\/wp-content\/uploads\/2021\/06\/1.jpg-10.png?fit=1100%2C680&ssl=1","type":"image\/png"}],"author":"Web del Maestro CMF","twitter_card":"summary_large_image","twitter_creator":"@cmf_w","twitter_site":"@cmf_w","schema":{"@context":"https:\/\/schema.org","@graph":[{"@type":"ScholarlyArticle","@id":"https:\/\/webdelmaestrocmf.com\/portal\/fernando-gamarra-ultima-semana-de-campana-electoral-en-el-peru\/#article","isPartOf":{"@id":"https:\/\/webdelmaestrocmf.com\/portal\/fernando-gamarra-ultima-semana-de-campana-electoral-en-el-peru\/"},"author":{"name":"Web del Maestro CMF","@id":"https:\/\/webdelmaestrocmf.com\/portal\/#\/schema\/person\/1072a2ed7bd960df8ef99a551fa35dc5"},"headline":"[Fernando Gamarra] \u00daltima semana de campa\u00f1a electoral en el Per\u00fa","datePublished":"2021-06-02T21:39:17+00:00","dateModified":"2021-06-02T21:46:50+00:00","mainEntityOfPage":{"@id":"https:\/\/webdelmaestrocmf.com\/portal\/fernando-gamarra-ultima-semana-de-campana-electoral-en-el-peru\/"},"wordCount":341,"commentCount":0,"publisher":{"@id":"https:\/\/webdelmaestrocmf.com\/portal\/#organization"},"image":{"@id":"https:\/\/webdelmaestrocmf.com\/portal\/fernando-gamarra-ultima-semana-de-campana-electoral-en-el-peru\/#primaryimage"},"thumbnailUrl":"https:\/\/webdelmaestrocmf.com\/portal\/wp-content\/uploads\/2021\/06\/1.jpg-10.png","keywords":["Campa\u00f1a","electoral","FERNANDO GAMARRA","Per\u00fa","semana","\u00daltima"],"articleSection":["Z-Colaborador-Fernando-Gamarra","Z-Colaboradores"],"inLanguage":"es","potentialAction":[{"@type":"CommentAction","name":"Comment","target":["https:\/\/webdelmaestrocmf.com\/portal\/fernando-gamarra-ultima-semana-de-campana-electoral-en-el-peru\/#respond"]}]},{"@type":"WebPage","@id":"https:\/\/webdelmaestrocmf.com\/portal\/fernando-gamarra-ultima-semana-de-campana-electoral-en-el-peru\/","url":"https:\/\/webdelmaestrocmf.com\/portal\/fernando-gamarra-ultima-semana-de-campana-electoral-en-el-peru\/","name":"[Fernando Gamarra] \u00daltima semana de campa\u00f1a electoral en el Per\u00fa - 2026","isPartOf":{"@id":"https:\/\/webdelmaestrocmf.com\/portal\/#website"},"primaryImageOfPage":{"@id":"https:\/\/webdelmaestrocmf.com\/portal\/fernando-gamarra-ultima-semana-de-campana-electoral-en-el-peru\/#primaryimage"},"image":{"@id":"https:\/\/webdelmaestrocmf.com\/portal\/fernando-gamarra-ultima-semana-de-campana-electoral-en-el-peru\/#primaryimage"},"thumbnailUrl":"https:\/\/webdelmaestrocmf.com\/portal\/wp-content\/uploads\/2021\/06\/1.jpg-10.png","datePublished":"2021-06-02T21:39:17+00:00","dateModified":"2021-06-02T21:46:50+00:00","description":"En esta \u00faltima semana de campa\u00f1a, los dos candidatos a la presidencia de la Rep\u00fablica deben difundir sus programas de...","breadcrumb":{"@id":"https:\/\/webdelmaestrocmf.com\/portal\/fernando-gamarra-ultima-semana-de-campana-electoral-en-el-peru\/#breadcrumb"},"inLanguage":"es","potentialAction":[{"@type":"ReadAction","target":["https:\/\/webdelmaestrocmf.com\/portal\/fernando-gamarra-ultima-semana-de-campana-electoral-en-el-peru\/"]}]},{"@type":"ImageObject","inLanguage":"es","@id":"https:\/\/webdelmaestrocmf.com\/portal\/fernando-gamarra-ultima-semana-de-campana-electoral-en-el-peru\/#primaryimage","url":"https:\/\/webdelmaestrocmf.com\/portal\/wp-content\/uploads\/2021\/06\/1.jpg-10.png","contentUrl":"https:\/\/webdelmaestrocmf.com\/portal\/wp-content\/uploads\/2021\/06\/1.jpg-10.png","width":1100,"height":680},{"@type":"BreadcrumbList","@id":"https:\/\/webdelmaestrocmf.com\/portal\/fernando-gamarra-ultima-semana-de-campana-electoral-en-el-peru\/#breadcrumb","itemListElement":[{"@type":"ListItem","position":1,"name":"Portada","item":"https:\/\/webdelmaestrocmf.com\/portal\/"},{"@type":"ListItem","position":2,"name":"Z-Colaboradores","item":"https:\/\/webdelmaestrocmf.com\/portal\/category\/colaborador\/"},{"@type":"ListItem","position":3,"name":"[Fernando Gamarra] \u00daltima semana de campa\u00f1a electoral en el Per\u00fa"}]},{"@type":"WebSite","@id":"https:\/\/webdelmaestrocmf.com\/portal\/#website","url":"https:\/\/webdelmaestrocmf.com\/portal\/","name":"Web del Maestro CMF","description":"Maestros al servicio de la educaci\u00f3n","publisher":{"@id":"https:\/\/webdelmaestrocmf.com\/portal\/#organization"},"alternateName":"WMCMF","potentialAction":[{"@type":"SearchAction","target":{"@type":"EntryPoint","urlTemplate":"https:\/\/webdelmaestrocmf.com\/portal\/?s={search_term_string}"},"query-input":{"@type":"PropertyValueSpecification","valueRequired":true,"valueName":"search_term_string"}}],"inLanguage":"es"},{"@type":"Organization","@id":"https:\/\/webdelmaestrocmf.com\/portal\/#organization","name":"Web del Maestro CMF","alternateName":"WMCMF","url":"https:\/\/webdelmaestrocmf.com\/portal\/","logo":{"@type":"ImageObject","inLanguage":"es","@id":"https:\/\/webdelmaestrocmf.com\/portal\/#\/schema\/logo\/image\/","url":"https:\/\/webdelmaestrocmf.com\/portal\/wp-content\/uploads\/2023\/01\/logo-wmcmf-2.png","contentUrl":"https:\/\/webdelmaestrocmf.com\/portal\/wp-content\/uploads\/2023\/01\/logo-wmcmf-2.png","width":200,"height":60,"caption":"Web del Maestro CMF"},"image":{"@id":"https:\/\/webdelmaestrocmf.com\/portal\/#\/schema\/logo\/image\/"},"sameAs":["https:\/\/www.facebook.com\/WebdelMaestroCMF\/","https:\/\/x.com\/cmf_w","https:\/\/www.pinterest.com\/WMCMF\/","https:\/\/www.linkedin.com\/company\/web-del-maestro-cmf\/","https:\/\/www.instagram.com\/wmcmf\/","https:\/\/www.youtube.com\/channel\/UCDPSvjbdodE5sHnC3OxutHw","https:\/\/mastodon.social\/@wmcmf","https:\/\/www.tiktok.com\/@webdelmaestrocmf"]},{"@type":"Person","@id":"https:\/\/webdelmaestrocmf.com\/portal\/#\/schema\/person\/1072a2ed7bd960df8ef99a551fa35dc5","name":"Web del Maestro CMF","image":{"@type":"ImageObject","inLanguage":"es","@id":"https:\/\/secure.gravatar.com\/avatar\/23291dd5b5ae1077dcff3dbb04c3e02bd28403fa75af6d8787d5e97c5bbbe30b?s=96&d=mm&r=g","url":"https:\/\/secure.gravatar.com\/avatar\/23291dd5b5ae1077dcff3dbb04c3e02bd28403fa75af6d8787d5e97c5bbbe30b?s=96&d=mm&r=g","contentUrl":"https:\/\/secure.gravatar.com\/avatar\/23291dd5b5ae1077dcff3dbb04c3e02bd28403fa75af6d8787d5e97c5bbbe30b?s=96&d=mm&r=g","caption":"Web del Maestro CMF"},"description":"Esta Web se cre\u00f3 sin fines de lucro, con fines educativos, cient\u00edficos y acad\u00e9micos, para personas que tengan dificultades y\/o inconvenientes en visualizar el material original. El objetivo es entregar recursos, compartir experiencias y materiales que ayuden a los padres de familia, maestros y estudiantes en su actualizaci\u00f3n y formaci\u00f3n permanente, en bien de la Educaci\u00f3n.","sameAs":["http:\/\/webdelmaestrocmf.com\/portal","https:\/\/www.facebook.com\/WebdelMaestroCMF\/","https:\/\/www.instagram.com\/wmcmf\/","https:\/\/cl.linkedin.com\/company\/web-del-maestro-cmf","https:\/\/www.pinterest.com\/WMCMF\/publicaciones\/","https:\/\/x.com\/cmf_w","https:\/\/www.youtube.com\/@WMCMF"]}]}},"jetpack_featured_media_url":"https:\/\/webdelmaestrocmf.com\/portal\/wp-content\/uploads\/2021\/06\/1.jpg-10.png","jetpack_sharing_enabled":true,"jetpack-related-posts":[{"id":63101,"url":"https:\/\/webdelmaestrocmf.com\/portal\/fernando-gamarra-ante-la-segunda-vuelta-electoral-del-2021-en-peru\/","url_meta":{"origin":63664,"position":0},"title":"[Fernando Gamarra] Ante la segunda vuelta electoral del 2021 en Per\u00fa","author":"Web del Maestro CMF","date":"18 mayo, 2021","format":false,"excerpt":"El domingo 11 de abril participamos en las Elecciones Generales 2021, en las cuales deb\u00edamos elegir a la f\u00f3rmula presidencial (Presidente de la Rep\u00fablica y dos Vicepresidentes), a los 130 miembros del Congreso de la Rep\u00fablica y a los 5 representantes ante el Parlamento Andino, para el periodo 2021-2026. En\u2026","rel":"","context":"En \u00abZ-Colaborador-Fernando-Gamarra\u00bb","block_context":{"text":"Z-Colaborador-Fernando-Gamarra","link":"https:\/\/webdelmaestrocmf.com\/portal\/category\/colaborador\/z-colaborador-fernando-gamarra\/"},"img":{"alt_text":"","src":"https:\/\/i0.wp.com\/webdelmaestrocmf.com\/portal\/wp-content\/uploads\/2021\/05\/1-copia-22.jpg?resize=350%2C200&ssl=1","width":350,"height":200,"srcset":"https:\/\/i0.wp.com\/webdelmaestrocmf.com\/portal\/wp-content\/uploads\/2021\/05\/1-copia-22.jpg?resize=350%2C200&ssl=1 1x, https:\/\/i0.wp.com\/webdelmaestrocmf.com\/portal\/wp-content\/uploads\/2021\/05\/1-copia-22.jpg?resize=525%2C300&ssl=1 1.5x, https:\/\/i0.wp.com\/webdelmaestrocmf.com\/portal\/wp-content\/uploads\/2021\/05\/1-copia-22.jpg?resize=700%2C400&ssl=1 2x, https:\/\/i0.wp.com\/webdelmaestrocmf.com\/portal\/wp-content\/uploads\/2021\/05\/1-copia-22.jpg?resize=1050%2C600&ssl=1 3x"},"classes":[]},{"id":62931,"url":"https:\/\/webdelmaestrocmf.com\/portal\/fernando-gamarra-semanas-de-gestion-en-el-ano-lectivo-2021-en-peru\/","url_meta":{"origin":63664,"position":1},"title":"[Fernando Gamarra] Semanas de gesti\u00f3n en el A\u00f1o Lectivo 2021 en Per\u00fa","author":"Web del Maestro CMF","date":"13 mayo, 2021","format":false,"excerpt":"El Compromiso 4: Acompa\u00f1amiento y monitoreo para la mejora de las pr\u00e1cticas pedag\u00f3gicas orientadas al logro de aprendizajes previstos en el CNEB, se\u00f1alado en el Documento Normativo \u201cOrientaciones para el Desarrollo del A\u00f1o Escolar 2021 en Instituciones Educativas y Programas Educativos de la Educaci\u00f3n B\u00e1sica\u201d, permite que el equipo directivo\u2026","rel":"","context":"En \u00abZ-Colaborador-Fernando-Gamarra\u00bb","block_context":{"text":"Z-Colaborador-Fernando-Gamarra","link":"https:\/\/webdelmaestrocmf.com\/portal\/category\/colaborador\/z-colaborador-fernando-gamarra\/"},"img":{"alt_text":"","src":"https:\/\/i0.wp.com\/webdelmaestrocmf.com\/portal\/wp-content\/uploads\/2021\/05\/1-copia-18.jpg?resize=350%2C200&ssl=1","width":350,"height":200,"srcset":"https:\/\/i0.wp.com\/webdelmaestrocmf.com\/portal\/wp-content\/uploads\/2021\/05\/1-copia-18.jpg?resize=350%2C200&ssl=1 1x, https:\/\/i0.wp.com\/webdelmaestrocmf.com\/portal\/wp-content\/uploads\/2021\/05\/1-copia-18.jpg?resize=525%2C300&ssl=1 1.5x, https:\/\/i0.wp.com\/webdelmaestrocmf.com\/portal\/wp-content\/uploads\/2021\/05\/1-copia-18.jpg?resize=700%2C400&ssl=1 2x, https:\/\/i0.wp.com\/webdelmaestrocmf.com\/portal\/wp-content\/uploads\/2021\/05\/1-copia-18.jpg?resize=1050%2C600&ssl=1 3x"},"classes":[]},{"id":67013,"url":"https:\/\/webdelmaestrocmf.com\/portal\/fernando-gamarra-plazas-de-profesor-que-accedieron-por-designacion-a-cargos-en-el-area-de-gestion-institucional-del-peru\/","url_meta":{"origin":63664,"position":2},"title":"[Fernando Gamarra] Plazas de profesor que accedieron por designaci\u00f3n a cargos en el \u00e1rea de gesti\u00f3n institucional del Per\u00fa","author":"Web del Maestro CMF","date":"24 agosto, 2021","format":false,"excerpt":"1v\u00baEl art\u00edculo 12 de la Ley de Reforma Magisterial (LRM), se refiere a las \u00e1reas de desempe\u00f1o laboral, en la cual reconoce cuatro (04) \u00e1reas: a) Gesti\u00f3n pedag\u00f3gica, b) Gesti\u00f3n institucional, c) Formaci\u00f3n docente y d) Innovaci\u00f3n e investigaci\u00f3n. El art\u00edculo 33 de la LRM modificado por la\u00a0Ley 30541\u00a0(publicado el\u2026","rel":"","context":"En \u00abZ-Colaborador-Fernando-Gamarra\u00bb","block_context":{"text":"Z-Colaborador-Fernando-Gamarra","link":"https:\/\/webdelmaestrocmf.com\/portal\/category\/colaborador\/z-colaborador-fernando-gamarra\/"},"img":{"alt_text":"","src":"https:\/\/i0.wp.com\/webdelmaestrocmf.com\/portal\/wp-content\/uploads\/2021\/08\/1-164.jpg?resize=350%2C200&ssl=1","width":350,"height":200,"srcset":"https:\/\/i0.wp.com\/webdelmaestrocmf.com\/portal\/wp-content\/uploads\/2021\/08\/1-164.jpg?resize=350%2C200&ssl=1 1x, https:\/\/i0.wp.com\/webdelmaestrocmf.com\/portal\/wp-content\/uploads\/2021\/08\/1-164.jpg?resize=525%2C300&ssl=1 1.5x, https:\/\/i0.wp.com\/webdelmaestrocmf.com\/portal\/wp-content\/uploads\/2021\/08\/1-164.jpg?resize=700%2C400&ssl=1 2x, https:\/\/i0.wp.com\/webdelmaestrocmf.com\/portal\/wp-content\/uploads\/2021\/08\/1-164.jpg?resize=1050%2C600&ssl=1 3x"},"classes":[]},{"id":75156,"url":"https:\/\/webdelmaestrocmf.com\/portal\/fernando-gamarra-feriados-no-laborables-2022-en-tacna-peru-para-la-calendarizacion-del-ano-escolar\/","url_meta":{"origin":63664,"position":3},"title":"[Fernando Gamarra] Feriados no laborables 2022 en Tacna (Per\u00fa) para la calendarizaci\u00f3n del a\u00f1o escolar","author":"Web del Maestro CMF","date":"9 marzo, 2022","format":false,"excerpt":"El D.S. 006-2021-MINEDU, (publicado el 18\u00b703\u00b72021) aprueba los lineamientos para la gesti\u00f3n escolar de Instituciones Educativas P\u00fablicas de Educaci\u00f3n B\u00e1sica, en ella establece cinco Compromisos de Gesti\u00f3n Escolar (CGE), entre los cuales el CGE 3 se refiere a la Gesti\u00f3n de las condiciones operativas orientada al sostenimiento del servicio educativo\u2026","rel":"","context":"En \u00abZ-Colaborador-Fernando-Gamarra\u00bb","block_context":{"text":"Z-Colaborador-Fernando-Gamarra","link":"https:\/\/webdelmaestrocmf.com\/portal\/category\/colaborador\/z-colaborador-fernando-gamarra\/"},"img":{"alt_text":"","src":"https:\/\/i0.wp.com\/webdelmaestrocmf.com\/portal\/wp-content\/uploads\/2022\/03\/1-13.jpg?resize=350%2C200&ssl=1","width":350,"height":200,"srcset":"https:\/\/i0.wp.com\/webdelmaestrocmf.com\/portal\/wp-content\/uploads\/2022\/03\/1-13.jpg?resize=350%2C200&ssl=1 1x, https:\/\/i0.wp.com\/webdelmaestrocmf.com\/portal\/wp-content\/uploads\/2022\/03\/1-13.jpg?resize=525%2C300&ssl=1 1.5x, https:\/\/i0.wp.com\/webdelmaestrocmf.com\/portal\/wp-content\/uploads\/2022\/03\/1-13.jpg?resize=700%2C400&ssl=1 2x, https:\/\/i0.wp.com\/webdelmaestrocmf.com\/portal\/wp-content\/uploads\/2022\/03\/1-13.jpg?resize=1050%2C600&ssl=1 3x"},"classes":[]},{"id":56409,"url":"https:\/\/webdelmaestrocmf.com\/portal\/fernando-gamarra-aprobacion-de-la-asignacion-de-no-menos-del-6-del-pbi-para-educacion-peru\/","url_meta":{"origin":63664,"position":4},"title":"[Fernando Gamarra] Aprobaci\u00f3n de la asignaci\u00f3n de no menos del 6% del PBI para Educaci\u00f3n (Per\u00fa)","author":"Web del Maestro CMF","date":"27 diciembre, 2020","format":false,"excerpt":"El pleno del Congreso aprob\u00f3, el s\u00e1bado 19 de diciembre de 2020\u00a0 en segunda votaci\u00f3n, modificar la Constituci\u00f3n Pol\u00edtica del Per\u00fa a fin de que el Estado invierta anualmente en el sector Educaci\u00f3n no menos del 6% del Producto Bruto Interno (PBI). Por 94 votos a favor, 6 en contra\u2026","rel":"","context":"En \u00abZ-Colaborador-Fernando-Gamarra\u00bb","block_context":{"text":"Z-Colaborador-Fernando-Gamarra","link":"https:\/\/webdelmaestrocmf.com\/portal\/category\/colaborador\/z-colaborador-fernando-gamarra\/"},"img":{"alt_text":"","src":"https:\/\/i0.wp.com\/webdelmaestrocmf.com\/portal\/wp-content\/uploads\/2020\/12\/1-copia-73.jpg?resize=350%2C200&ssl=1","width":350,"height":200,"srcset":"https:\/\/i0.wp.com\/webdelmaestrocmf.com\/portal\/wp-content\/uploads\/2020\/12\/1-copia-73.jpg?resize=350%2C200&ssl=1 1x, https:\/\/i0.wp.com\/webdelmaestrocmf.com\/portal\/wp-content\/uploads\/2020\/12\/1-copia-73.jpg?resize=525%2C300&ssl=1 1.5x, https:\/\/i0.wp.com\/webdelmaestrocmf.com\/portal\/wp-content\/uploads\/2020\/12\/1-copia-73.jpg?resize=700%2C400&ssl=1 2x, https:\/\/i0.wp.com\/webdelmaestrocmf.com\/portal\/wp-content\/uploads\/2020\/12\/1-copia-73.jpg?resize=1050%2C600&ssl=1 3x"},"classes":[]},{"id":67274,"url":"https:\/\/webdelmaestrocmf.com\/portal\/fernando-gamarra-pago-de-la-deuda-social-2021-en-educacion-de-acuerdo-al-d-s-no-216-2021-ef-ii-parte\/","url_meta":{"origin":63664,"position":5},"title":"[Fernando Gamarra] Pago de la deuda social 2021 en Educaci\u00f3n de acuerdo al D.S. N\u00ba 216-2021-EF (II Parte)","author":"Web del Maestro CMF","date":"30 agosto, 2021","format":false,"excerpt":"En el sector educaci\u00f3n este a\u00f1o 2021, de acuerdo al DS 216-2021-EF, se pagar\u00e1 la deuda social a 29 091 beneficiarios a nivel nacional. El a\u00f1o pasado la deuda social en educaci\u00f3n ascend\u00eda a S\/ 5 876 788 919 correspondiente a 118374 acreedores, por lo que los S\/ 200 000\u2026","rel":"","context":"En \u00abZ-Colaborador-Fernando-Gamarra\u00bb","block_context":{"text":"Z-Colaborador-Fernando-Gamarra","link":"https:\/\/webdelmaestrocmf.com\/portal\/category\/colaborador\/z-colaborador-fernando-gamarra\/"},"img":{"alt_text":"","src":"https:\/\/i0.wp.com\/webdelmaestrocmf.com\/portal\/wp-content\/uploads\/2021\/08\/1-213.jpg?resize=350%2C200&ssl=1","width":350,"height":200,"srcset":"https:\/\/i0.wp.com\/webdelmaestrocmf.com\/portal\/wp-content\/uploads\/2021\/08\/1-213.jpg?resize=350%2C200&ssl=1 1x, https:\/\/i0.wp.com\/webdelmaestrocmf.com\/portal\/wp-content\/uploads\/2021\/08\/1-213.jpg?resize=525%2C300&ssl=1 1.5x, https:\/\/i0.wp.com\/webdelmaestrocmf.com\/portal\/wp-content\/uploads\/2021\/08\/1-213.jpg?resize=700%2C400&ssl=1 2x, https:\/\/i0.wp.com\/webdelmaestrocmf.com\/portal\/wp-content\/uploads\/2021\/08\/1-213.jpg?resize=1050%2C600&ssl=1 3x"},"classes":[]}],"_links":{"self":[{"href":"https:\/\/webdelmaestrocmf.com\/portal\/wp-json\/wp\/v2\/posts\/63664","targetHints":{"allow":["GET"]}}],"collection":[{"href":"https:\/\/webdelmaestrocmf.com\/portal\/wp-json\/wp\/v2\/posts"}],"about":[{"href":"https:\/\/webdelmaestrocmf.com\/portal\/wp-json\/wp\/v2\/types\/post"}],"author":[{"embeddable":true,"href":"https:\/\/webdelmaestrocmf.com\/portal\/wp-json\/wp\/v2\/users\/1"}],"replies":[{"embeddable":true,"href":"https:\/\/webdelmaestrocmf.com\/portal\/wp-json\/wp\/v2\/comments?post=63664"}],"version-history":[{"count":0,"href":"https:\/\/webdelmaestrocmf.com\/portal\/wp-json\/wp\/v2\/posts\/63664\/revisions"}],"wp:featuredmedia":[{"embeddable":true,"href":"https:\/\/webdelmaestrocmf.com\/portal\/wp-json\/wp\/v2\/media\/63666"}],"wp:attachment":[{"href":"https:\/\/webdelmaestrocmf.com\/portal\/wp-json\/wp\/v2\/media?parent=63664"}],"wp:term":[{"taxonomy":"category","embeddable":true,"href":"https:\/\/webdelmaestrocmf.com\/portal\/wp-json\/wp\/v2\/categories?post=63664"},{"taxonomy":"post_tag","embeddable":true,"href":"https:\/\/webdelmaestrocmf.com\/portal\/wp-json\/wp\/v2\/tags?post=63664"}],"curies":[{"name":"wp","href":"https:\/\/api.w.org\/{rel}","templated":true}]}}