{"id":63489,"date":"2021-05-28T14:51:15","date_gmt":"2021-05-28T18:51:15","guid":{"rendered":"https:\/\/webdelmaestrocmf.com\/portal\/?p=63489"},"modified":"2021-12-04T22:44:58","modified_gmt":"2021-12-05T01:44:58","slug":"salud-mental-de-profesores-empeoro-desde-la-pandemia","status":"publish","type":"post","link":"https:\/\/webdelmaestrocmf.com\/portal\/salud-mental-de-profesores-empeoro-desde-la-pandemia\/","title":{"rendered":"Salud mental de profesores empeor\u00f3 desde la pandemia"},"content":{"rendered":"<h5 style=\"text-align: justify;\">La salud mental laboral es un concepto de la salud preventiva que alude a un estado de bienestar integral del trabajador. Lamentablemente, ese bienestar en los profesores, a menudo se deteriora y resulta preocupante, dice Amanda C\u00e9spedes, m\u00e9dica psiquiatra de la Universidad de Chile, que aquellos docentes que sufren de ansiedad o estr\u00e9s por m\u00faltiples razones, deban enfrentarse a la educaci\u00f3n emocional. \u00bfPor qu\u00e9? Porque el cerebro de los ni\u00f1o leen las emociones negativas de una persona que sufre de estr\u00e9s cr\u00f3nico y hace una comprensi\u00f3n impl\u00edcita de \u00e9stas.<\/h5>\n<p><!--more--><\/p>\n<h5 style=\"text-align: justify;\">En otras palabras, las emociones son contagiosas y un profesor que sufre del llamado s\u00edndrome\u00a0<em>burn out<\/em>\u00a0(desgaste), puede llegar a perder la sensibilidad para atender las emociones de sus alumnos. Por lo mismo,\u00a0<strong>proteger la salud mental de los profesores deber\u00eda ser una tarea urgente e ineludible;\u00a0hacerlo\u00a0no s\u00f3lo es proteger sus emociones, sino tambi\u00e9n las de los estudiantes.<\/strong><\/h5>\n<p style=\"text-align: justify;\">Esta tarea, dice la experta, debe abordarse de forma integral. \u00bfC\u00f3mo? No ofreciendo medidas temporales (como una licencia m\u00e9dica), sino m\u00e1s bien otorgando herramientas que perduren en el tiempo, como medidas multidisciplinarias centradas en el trabajo individual, t\u00e9cnicas grupales de efectividad en el tratamiento de conflictos y estrategias organizacionales dentro de las escuelas.<\/p>\n<p style=\"text-align: justify;\">Esto, acompa\u00f1ado de un mejoramiento sustancial de las condiciones laborales, especialmente lo relativo al clima laboral, las remuneraciones, la extensi\u00f3n de jornadas laborales, entre otras.<\/p>\n<p><img loading=\"lazy\" decoding=\"async\" class=\"alignnone size-large wp-image-63490\" src=\"https:\/\/webdelmaestrocmf.com\/portal\/wp-content\/uploads\/2021\/05\/1-44-1024x485.png\" alt=\"\" width=\"1024\" height=\"485\" srcset=\"https:\/\/webdelmaestrocmf.com\/portal\/wp-content\/uploads\/2021\/05\/1-44-1024x485.png 1024w, https:\/\/webdelmaestrocmf.com\/portal\/wp-content\/uploads\/2021\/05\/1-44-300x142.png 300w, https:\/\/webdelmaestrocmf.com\/portal\/wp-content\/uploads\/2021\/05\/1-44-768x364.png 768w, https:\/\/webdelmaestrocmf.com\/portal\/wp-content\/uploads\/2021\/05\/1-44-110x52.png 110w, https:\/\/webdelmaestrocmf.com\/portal\/wp-content\/uploads\/2021\/05\/1-44-200x95.png 200w, https:\/\/webdelmaestrocmf.com\/portal\/wp-content\/uploads\/2021\/05\/1-44-380x180.png 380w, https:\/\/webdelmaestrocmf.com\/portal\/wp-content\/uploads\/2021\/05\/1-44-255x121.png 255w, https:\/\/webdelmaestrocmf.com\/portal\/wp-content\/uploads\/2021\/05\/1-44-550x261.png 550w, https:\/\/webdelmaestrocmf.com\/portal\/wp-content\/uploads\/2021\/05\/1-44-800x379.png 800w, https:\/\/webdelmaestrocmf.com\/portal\/wp-content\/uploads\/2021\/05\/1-44-220x104.png 220w, https:\/\/webdelmaestrocmf.com\/portal\/wp-content\/uploads\/2021\/05\/1-44-400x190.png 400w, https:\/\/webdelmaestrocmf.com\/portal\/wp-content\/uploads\/2021\/05\/1-44-760x360.png 760w, https:\/\/webdelmaestrocmf.com\/portal\/wp-content\/uploads\/2021\/05\/1-44-510x242.png 510w, https:\/\/webdelmaestrocmf.com\/portal\/wp-content\/uploads\/2021\/05\/1-44-600x284.png 600w, https:\/\/webdelmaestrocmf.com\/portal\/wp-content\/uploads\/2021\/05\/1-44.png 1030w\" sizes=\"auto, (max-width: 1024px) 100vw, 1024px\" \/><\/p>\n<div class=\"pk-content-block pk-block-bg pk-block-bg-light\" style=\"text-align: justify;\">\u201cEl profesor que busca efectividad real debe empezar por creer en s\u00ed mismo para poder creer desde el coraz\u00f3n que, como maestro, tiene un papel de trascendencia en el destino de sus alumnos\u201d.<\/div>\n<p style=\"text-align: justify;\">Noticiero central de Mega inform\u00f3 de la situaci\u00f3n de agobio laboral que afecta a los docentes, perjudicando la salud mental del profesorado con extensas jornadas de trabajo y extenuantes labores.<\/p>\n<p><iframe loading=\"lazy\" title=\"YouTube video player\" src=\"https:\/\/www.youtube.com\/embed\/uoVym4ktOr4\" width=\"100%\" height=\"400\" frameborder=\"0\" allowfullscreen=\"allowfullscreen\"><span data-mce-type=\"bookmark\" style=\"display: inline-block; width: 0px; overflow: hidden; line-height: 0;\" class=\"mce_SELRES_start\">\ufeff<\/span><\/iframe><\/p>\n<p><strong>Este contenido ha sido publicado originalmente por Web del Maestro CMF en: <a href=\"https:\/\/webdelmaestrocmf.com\/portal\/la-salud-mental-laboral-es-un-concepto-de-la-salud-preventiva-que-lamentablemente-en-los-profesores-a-menudo-se-deteriora-y-resulta-preocupante\/\" target=\"_blank\" rel=\"noopener\">La salud mental laboral es un concepto de la salud preventiva, que lamentablemente en los profesores, a menudo se deteriora y resulta preocupante<\/a><\/strong><\/p>\n\t\t<div class=\"pk-inline-posts\">\n\t\t\t\n\t\t\t<div class=\"pk-inline-posts-container pk-inline-posts-template-list\"\n\t\t\t\tdata-columns=\"1\">\n\t\t\t\t\t\t<article id=\"post-114355\" class=\"post-114355 post type-post status-publish format-standard has-post-thumbnail category-docentes category-noticias-pedagogia category-pedagogia tag-derechos-del-nino tag-docentes-en-redes-sociales tag-educacion-responsable tag-etica-docente tag-legislacion-educativa tag-privacidad-infantil tag-profesores-influencers tag-proteccion-de-datos tag-uso-de-imagen cs-entry cs-video-wrap\">\n\t\t\t<div class=\"pk-post-outer\">\n\n\t\t\t\t\t\t\t\t<div class=\"pk-post-inner\">\n\t\t\t\t\t<div class=\"entry-thumbnail\">\n\t\t\t\t\t\t<div class=\"pk-overlay pk-overlay-ratio pk-ratio-landscape\">\n\t\t\t\t\t\t\t<div class=\"pk-overlay-background\">\n\t\t\t\t\t\t\t\t<a href=\"https:\/\/webdelmaestrocmf.com\/portal\/atencion-profesores-tiktokers-por-que-no-pueden-usar-imagenes-fotos-de-sus-estudiantes-en-redes-sociales-personales\/\" class=\"pk-overlay-link\">\n\t\t\t\t\t\t\t\t\t<img loading=\"lazy\" decoding=\"async\" width=\"300\" height=\"225\" src=\"https:\/\/webdelmaestrocmf.com\/portal\/wp-content\/uploads\/2025\/12\/1A-Banner-1-portada-imagen-10-1-copia-1-18-300x225.webp\" class=\"attachment-pk-thumbnail size-pk-thumbnail wp-post-image\" alt=\"\" \/>\t\t\t\t\t\t\t\t<\/a>\n\t\t\t\t\t\t\t<\/div>\n\t\t\t\t\t\t<\/div>\n\t\t\t\t\t<\/div>\n\t\t\t\t<\/div>\n\t\t\t\t\n\t\t\t\t<div class=\"pk-post-inner\">\n\t\t\t\t\t<header>\n\t\t\t\t\t\t<h3 class=\"pk-title\"><a href=\"https:\/\/webdelmaestrocmf.com\/portal\/atencion-profesores-tiktokers-por-que-no-pueden-usar-imagenes-fotos-de-sus-estudiantes-en-redes-sociales-personales\/\" rel=\"bookmark\">Atenci\u00f3n, profesores tiktokers: por qu\u00e9 no pueden usar im\u00e1genes (fotos) de sus estudiantes en redes sociales personales<\/a><\/h3>\t\t\t\t\t<\/header><!-- .entry-header -->\n\t\t\t\t<\/div><!-- .post-inner -->\n\n\t\t\t<\/div><!-- .post-outer -->\n\t\t<\/article>\n\t\t\t\t<\/div>\n\t\t<\/div>\n\t\t\n","protected":false},"excerpt":{"rendered":"La salud mental laboral es un concepto de la salud preventiva que alude a un estado de bienestar&hellip;","protected":false},"author":1,"featured_media":63491,"comment_status":"open","ping_status":"closed","sticky":false,"template":"","format":"standard","meta":{"csco_display_header_overlay":false,"csco_singular_sidebar":"default","csco_page_header_type":"default","csco_page_load_nextpost":"default","csco_post_video_location":[],"csco_post_video_location_hash":"","csco_post_video_url":"","csco_post_video_bg_start_time":0,"csco_post_video_bg_end_time":0,"csco_post_video_bg_volume":false,"_jetpack_memberships_contains_paid_content":false,"footnotes":""},"categories":[5375,735],"tags":[13606,3671,4863,62,1205],"class_list":{"0":"post-63489","1":"post","2":"type-post","3":"status-publish","4":"format-standard","5":"has-post-thumbnail","7":"category-noticias-pedagogia","8":"category-pedagogia","9":"tag-empeoro","10":"tag-mental","11":"tag-pandemia","12":"tag-profesores","13":"tag-salud","14":"cs-entry","15":"cs-video-wrap"},"yoast_head":"<!-- This site is optimized with the Yoast SEO plugin v27.5 - https:\/\/yoast.com\/product\/yoast-seo-wordpress\/ -->\n<title>Salud mental de profesores empeor\u00f3 desde la pandemia - 2026<\/title>\n<meta name=\"description\" content=\"La salud mental laboral es un concepto de la salud preventiva que alude a un estado de\u00a0bienestar integral del trabajador.\" \/>\n<meta name=\"robots\" content=\"index, follow, max-snippet:-1, max-image-preview:large, max-video-preview:-1\" \/>\n<link rel=\"canonical\" href=\"https:\/\/webdelmaestrocmf.com\/portal\/salud-mental-de-profesores-empeoro-desde-la-pandemia\/\" \/>\n<meta property=\"og:locale\" content=\"es_ES\" \/>\n<meta property=\"og:type\" content=\"article\" \/>\n<meta property=\"og:title\" content=\"Salud mental de profesores empeor\u00f3 desde la pandemia - 2026\" \/>\n<meta property=\"og:description\" content=\"La salud mental laboral es un concepto de la salud preventiva que alude a un estado de\u00a0bienestar integral del trabajador.\" \/>\n<meta property=\"og:url\" content=\"https:\/\/webdelmaestrocmf.com\/portal\/salud-mental-de-profesores-empeoro-desde-la-pandemia\/\" \/>\n<meta property=\"og:site_name\" content=\"Web del Maestro CMF\" \/>\n<meta property=\"article:publisher\" content=\"https:\/\/www.facebook.com\/WebdelMaestroCMF\/\" \/>\n<meta property=\"article:author\" content=\"https:\/\/www.facebook.com\/WebdelMaestroCMF\/\" \/>\n<meta property=\"article:published_time\" content=\"2021-05-28T18:51:15+00:00\" \/>\n<meta property=\"article:modified_time\" content=\"2021-12-05T01:44:58+00:00\" \/>\n<meta property=\"og:image\" content=\"https:\/\/i0.wp.com\/webdelmaestrocmf.com\/portal\/wp-content\/uploads\/2021\/05\/1-copia-36.jpg?fit=1100%2C680&ssl=1\" \/>\n\t<meta property=\"og:image:width\" content=\"1100\" \/>\n\t<meta property=\"og:image:height\" content=\"680\" \/>\n\t<meta property=\"og:image:type\" content=\"image\/jpeg\" \/>\n<meta name=\"author\" content=\"Web del Maestro CMF\" \/>\n<meta name=\"twitter:card\" content=\"summary_large_image\" \/>\n<meta name=\"twitter:creator\" content=\"@cmf_w\" \/>\n<meta name=\"twitter:site\" content=\"@cmf_w\" \/>\n<script type=\"application\/ld+json\" class=\"yoast-schema-graph\">{\"@context\":\"https:\\\/\\\/schema.org\",\"@graph\":[{\"@type\":\"ScholarlyArticle\",\"@id\":\"https:\\\/\\\/webdelmaestrocmf.com\\\/portal\\\/salud-mental-de-profesores-empeoro-desde-la-pandemia\\\/#article\",\"isPartOf\":{\"@id\":\"https:\\\/\\\/webdelmaestrocmf.com\\\/portal\\\/salud-mental-de-profesores-empeoro-desde-la-pandemia\\\/\"},\"author\":{\"name\":\"Web del Maestro CMF\",\"@id\":\"https:\\\/\\\/webdelmaestrocmf.com\\\/portal\\\/#\\\/schema\\\/person\\\/1072a2ed7bd960df8ef99a551fa35dc5\"},\"headline\":\"Salud mental de profesores empeor\u00f3 desde la pandemia\",\"datePublished\":\"2021-05-28T18:51:15+00:00\",\"dateModified\":\"2021-12-05T01:44:58+00:00\",\"mainEntityOfPage\":{\"@id\":\"https:\\\/\\\/webdelmaestrocmf.com\\\/portal\\\/salud-mental-de-profesores-empeoro-desde-la-pandemia\\\/\"},\"wordCount\":358,\"commentCount\":0,\"publisher\":{\"@id\":\"https:\\\/\\\/webdelmaestrocmf.com\\\/portal\\\/#organization\"},\"image\":{\"@id\":\"https:\\\/\\\/webdelmaestrocmf.com\\\/portal\\\/salud-mental-de-profesores-empeoro-desde-la-pandemia\\\/#primaryimage\"},\"thumbnailUrl\":\"https:\\\/\\\/webdelmaestrocmf.com\\\/portal\\\/wp-content\\\/uploads\\\/2021\\\/05\\\/1-copia-36.jpg\",\"keywords\":[\"empeor\u00f3\",\"MENTAL\",\"pandemia\",\"profesores\",\"salud\"],\"articleSection\":[\"Noticias\",\"Recursos\"],\"inLanguage\":\"es\",\"potentialAction\":[{\"@type\":\"CommentAction\",\"name\":\"Comment\",\"target\":[\"https:\\\/\\\/webdelmaestrocmf.com\\\/portal\\\/salud-mental-de-profesores-empeoro-desde-la-pandemia\\\/#respond\"]}]},{\"@type\":\"WebPage\",\"@id\":\"https:\\\/\\\/webdelmaestrocmf.com\\\/portal\\\/salud-mental-de-profesores-empeoro-desde-la-pandemia\\\/\",\"url\":\"https:\\\/\\\/webdelmaestrocmf.com\\\/portal\\\/salud-mental-de-profesores-empeoro-desde-la-pandemia\\\/\",\"name\":\"Salud mental de profesores empeor\u00f3 desde la pandemia - 2026\",\"isPartOf\":{\"@id\":\"https:\\\/\\\/webdelmaestrocmf.com\\\/portal\\\/#website\"},\"primaryImageOfPage\":{\"@id\":\"https:\\\/\\\/webdelmaestrocmf.com\\\/portal\\\/salud-mental-de-profesores-empeoro-desde-la-pandemia\\\/#primaryimage\"},\"image\":{\"@id\":\"https:\\\/\\\/webdelmaestrocmf.com\\\/portal\\\/salud-mental-de-profesores-empeoro-desde-la-pandemia\\\/#primaryimage\"},\"thumbnailUrl\":\"https:\\\/\\\/webdelmaestrocmf.com\\\/portal\\\/wp-content\\\/uploads\\\/2021\\\/05\\\/1-copia-36.jpg\",\"datePublished\":\"2021-05-28T18:51:15+00:00\",\"dateModified\":\"2021-12-05T01:44:58+00:00\",\"description\":\"La salud mental laboral es un concepto de la salud preventiva que alude a un estado de\u00a0bienestar integral del trabajador.\",\"breadcrumb\":{\"@id\":\"https:\\\/\\\/webdelmaestrocmf.com\\\/portal\\\/salud-mental-de-profesores-empeoro-desde-la-pandemia\\\/#breadcrumb\"},\"inLanguage\":\"es\",\"potentialAction\":[{\"@type\":\"ReadAction\",\"target\":[\"https:\\\/\\\/webdelmaestrocmf.com\\\/portal\\\/salud-mental-de-profesores-empeoro-desde-la-pandemia\\\/\"]}]},{\"@type\":\"ImageObject\",\"inLanguage\":\"es\",\"@id\":\"https:\\\/\\\/webdelmaestrocmf.com\\\/portal\\\/salud-mental-de-profesores-empeoro-desde-la-pandemia\\\/#primaryimage\",\"url\":\"https:\\\/\\\/webdelmaestrocmf.com\\\/portal\\\/wp-content\\\/uploads\\\/2021\\\/05\\\/1-copia-36.jpg\",\"contentUrl\":\"https:\\\/\\\/webdelmaestrocmf.com\\\/portal\\\/wp-content\\\/uploads\\\/2021\\\/05\\\/1-copia-36.jpg\",\"width\":1100,\"height\":680},{\"@type\":\"BreadcrumbList\",\"@id\":\"https:\\\/\\\/webdelmaestrocmf.com\\\/portal\\\/salud-mental-de-profesores-empeoro-desde-la-pandemia\\\/#breadcrumb\",\"itemListElement\":[{\"@type\":\"ListItem\",\"position\":1,\"name\":\"Portada\",\"item\":\"https:\\\/\\\/webdelmaestrocmf.com\\\/portal\\\/\"},{\"@type\":\"ListItem\",\"position\":2,\"name\":\"Recursos\",\"item\":\"https:\\\/\\\/webdelmaestrocmf.com\\\/portal\\\/category\\\/pedagogia\\\/\"},{\"@type\":\"ListItem\",\"position\":3,\"name\":\"Salud mental de profesores empeor\u00f3 desde la pandemia\"}]},{\"@type\":\"WebSite\",\"@id\":\"https:\\\/\\\/webdelmaestrocmf.com\\\/portal\\\/#website\",\"url\":\"https:\\\/\\\/webdelmaestrocmf.com\\\/portal\\\/\",\"name\":\"Web del Maestro CMF\",\"description\":\"Maestros al servicio de la educaci\u00f3n\",\"publisher\":{\"@id\":\"https:\\\/\\\/webdelmaestrocmf.com\\\/portal\\\/#organization\"},\"alternateName\":\"WMCMF\",\"potentialAction\":[{\"@type\":\"SearchAction\",\"target\":{\"@type\":\"EntryPoint\",\"urlTemplate\":\"https:\\\/\\\/webdelmaestrocmf.com\\\/portal\\\/?s={search_term_string}\"},\"query-input\":{\"@type\":\"PropertyValueSpecification\",\"valueRequired\":true,\"valueName\":\"search_term_string\"}}],\"inLanguage\":\"es\"},{\"@type\":\"Organization\",\"@id\":\"https:\\\/\\\/webdelmaestrocmf.com\\\/portal\\\/#organization\",\"name\":\"Web del Maestro CMF\",\"alternateName\":\"WMCMF\",\"url\":\"https:\\\/\\\/webdelmaestrocmf.com\\\/portal\\\/\",\"logo\":{\"@type\":\"ImageObject\",\"inLanguage\":\"es\",\"@id\":\"https:\\\/\\\/webdelmaestrocmf.com\\\/portal\\\/#\\\/schema\\\/logo\\\/image\\\/\",\"url\":\"https:\\\/\\\/webdelmaestrocmf.com\\\/portal\\\/wp-content\\\/uploads\\\/2023\\\/01\\\/logo-wmcmf-2.png\",\"contentUrl\":\"https:\\\/\\\/webdelmaestrocmf.com\\\/portal\\\/wp-content\\\/uploads\\\/2023\\\/01\\\/logo-wmcmf-2.png\",\"width\":200,\"height\":60,\"caption\":\"Web del Maestro CMF\"},\"image\":{\"@id\":\"https:\\\/\\\/webdelmaestrocmf.com\\\/portal\\\/#\\\/schema\\\/logo\\\/image\\\/\"},\"sameAs\":[\"https:\\\/\\\/www.facebook.com\\\/WebdelMaestroCMF\\\/\",\"https:\\\/\\\/x.com\\\/cmf_w\",\"https:\\\/\\\/www.pinterest.com\\\/WMCMF\\\/\",\"https:\\\/\\\/www.linkedin.com\\\/company\\\/web-del-maestro-cmf\\\/\",\"https:\\\/\\\/www.instagram.com\\\/wmcmf\\\/\",\"https:\\\/\\\/www.youtube.com\\\/channel\\\/UCDPSvjbdodE5sHnC3OxutHw\",\"https:\\\/\\\/mastodon.social\\\/@wmcmf\",\"https:\\\/\\\/www.tiktok.com\\\/@webdelmaestrocmf\"]},{\"@type\":\"Person\",\"@id\":\"https:\\\/\\\/webdelmaestrocmf.com\\\/portal\\\/#\\\/schema\\\/person\\\/1072a2ed7bd960df8ef99a551fa35dc5\",\"name\":\"Web del Maestro CMF\",\"image\":{\"@type\":\"ImageObject\",\"inLanguage\":\"es\",\"@id\":\"https:\\\/\\\/secure.gravatar.com\\\/avatar\\\/23291dd5b5ae1077dcff3dbb04c3e02bd28403fa75af6d8787d5e97c5bbbe30b?s=96&d=mm&r=g\",\"url\":\"https:\\\/\\\/secure.gravatar.com\\\/avatar\\\/23291dd5b5ae1077dcff3dbb04c3e02bd28403fa75af6d8787d5e97c5bbbe30b?s=96&d=mm&r=g\",\"contentUrl\":\"https:\\\/\\\/secure.gravatar.com\\\/avatar\\\/23291dd5b5ae1077dcff3dbb04c3e02bd28403fa75af6d8787d5e97c5bbbe30b?s=96&d=mm&r=g\",\"caption\":\"Web del Maestro CMF\"},\"description\":\"Esta Web se cre\u00f3 sin fines de lucro, con fines educativos, cient\u00edficos y acad\u00e9micos, para personas que tengan dificultades y\\\/o inconvenientes en visualizar el material original. El objetivo es entregar recursos, compartir experiencias y materiales que ayuden a los padres de familia, maestros y estudiantes en su actualizaci\u00f3n y formaci\u00f3n permanente, en bien de la Educaci\u00f3n.\",\"sameAs\":[\"http:\\\/\\\/webdelmaestrocmf.com\\\/portal\",\"https:\\\/\\\/www.facebook.com\\\/WebdelMaestroCMF\\\/\",\"https:\\\/\\\/www.instagram.com\\\/wmcmf\\\/\",\"https:\\\/\\\/cl.linkedin.com\\\/company\\\/web-del-maestro-cmf\",\"https:\\\/\\\/www.pinterest.com\\\/WMCMF\\\/publicaciones\\\/\",\"https:\\\/\\\/x.com\\\/cmf_w\",\"https:\\\/\\\/www.youtube.com\\\/@WMCMF\"]}]}<\/script>\n<!-- \/ Yoast SEO plugin. -->","yoast_head_json":{"title":"Salud mental de profesores empeor\u00f3 desde la pandemia - 2026","description":"La salud mental laboral es un concepto de la salud preventiva que alude a un estado de\u00a0bienestar integral del trabajador.","robots":{"index":"index","follow":"follow","max-snippet":"max-snippet:-1","max-image-preview":"max-image-preview:large","max-video-preview":"max-video-preview:-1"},"canonical":"https:\/\/webdelmaestrocmf.com\/portal\/salud-mental-de-profesores-empeoro-desde-la-pandemia\/","og_locale":"es_ES","og_type":"article","og_title":"Salud mental de profesores empeor\u00f3 desde la pandemia - 2026","og_description":"La salud mental laboral es un concepto de la salud preventiva que alude a un estado de\u00a0bienestar integral del trabajador.","og_url":"https:\/\/webdelmaestrocmf.com\/portal\/salud-mental-de-profesores-empeoro-desde-la-pandemia\/","og_site_name":"Web del Maestro CMF","article_publisher":"https:\/\/www.facebook.com\/WebdelMaestroCMF\/","article_author":"https:\/\/www.facebook.com\/WebdelMaestroCMF\/","article_published_time":"2021-05-28T18:51:15+00:00","article_modified_time":"2021-12-05T01:44:58+00:00","og_image":[{"width":1100,"height":680,"url":"https:\/\/i0.wp.com\/webdelmaestrocmf.com\/portal\/wp-content\/uploads\/2021\/05\/1-copia-36.jpg?fit=1100%2C680&ssl=1","type":"image\/jpeg"}],"author":"Web del Maestro CMF","twitter_card":"summary_large_image","twitter_creator":"@cmf_w","twitter_site":"@cmf_w","schema":{"@context":"https:\/\/schema.org","@graph":[{"@type":"ScholarlyArticle","@id":"https:\/\/webdelmaestrocmf.com\/portal\/salud-mental-de-profesores-empeoro-desde-la-pandemia\/#article","isPartOf":{"@id":"https:\/\/webdelmaestrocmf.com\/portal\/salud-mental-de-profesores-empeoro-desde-la-pandemia\/"},"author":{"name":"Web del Maestro CMF","@id":"https:\/\/webdelmaestrocmf.com\/portal\/#\/schema\/person\/1072a2ed7bd960df8ef99a551fa35dc5"},"headline":"Salud mental de profesores empeor\u00f3 desde la pandemia","datePublished":"2021-05-28T18:51:15+00:00","dateModified":"2021-12-05T01:44:58+00:00","mainEntityOfPage":{"@id":"https:\/\/webdelmaestrocmf.com\/portal\/salud-mental-de-profesores-empeoro-desde-la-pandemia\/"},"wordCount":358,"commentCount":0,"publisher":{"@id":"https:\/\/webdelmaestrocmf.com\/portal\/#organization"},"image":{"@id":"https:\/\/webdelmaestrocmf.com\/portal\/salud-mental-de-profesores-empeoro-desde-la-pandemia\/#primaryimage"},"thumbnailUrl":"https:\/\/webdelmaestrocmf.com\/portal\/wp-content\/uploads\/2021\/05\/1-copia-36.jpg","keywords":["empeor\u00f3","MENTAL","pandemia","profesores","salud"],"articleSection":["Noticias","Recursos"],"inLanguage":"es","potentialAction":[{"@type":"CommentAction","name":"Comment","target":["https:\/\/webdelmaestrocmf.com\/portal\/salud-mental-de-profesores-empeoro-desde-la-pandemia\/#respond"]}]},{"@type":"WebPage","@id":"https:\/\/webdelmaestrocmf.com\/portal\/salud-mental-de-profesores-empeoro-desde-la-pandemia\/","url":"https:\/\/webdelmaestrocmf.com\/portal\/salud-mental-de-profesores-empeoro-desde-la-pandemia\/","name":"Salud mental de profesores empeor\u00f3 desde la pandemia - 2026","isPartOf":{"@id":"https:\/\/webdelmaestrocmf.com\/portal\/#website"},"primaryImageOfPage":{"@id":"https:\/\/webdelmaestrocmf.com\/portal\/salud-mental-de-profesores-empeoro-desde-la-pandemia\/#primaryimage"},"image":{"@id":"https:\/\/webdelmaestrocmf.com\/portal\/salud-mental-de-profesores-empeoro-desde-la-pandemia\/#primaryimage"},"thumbnailUrl":"https:\/\/webdelmaestrocmf.com\/portal\/wp-content\/uploads\/2021\/05\/1-copia-36.jpg","datePublished":"2021-05-28T18:51:15+00:00","dateModified":"2021-12-05T01:44:58+00:00","description":"La salud mental laboral es un concepto de la salud preventiva que alude a un estado de\u00a0bienestar integral del trabajador.","breadcrumb":{"@id":"https:\/\/webdelmaestrocmf.com\/portal\/salud-mental-de-profesores-empeoro-desde-la-pandemia\/#breadcrumb"},"inLanguage":"es","potentialAction":[{"@type":"ReadAction","target":["https:\/\/webdelmaestrocmf.com\/portal\/salud-mental-de-profesores-empeoro-desde-la-pandemia\/"]}]},{"@type":"ImageObject","inLanguage":"es","@id":"https:\/\/webdelmaestrocmf.com\/portal\/salud-mental-de-profesores-empeoro-desde-la-pandemia\/#primaryimage","url":"https:\/\/webdelmaestrocmf.com\/portal\/wp-content\/uploads\/2021\/05\/1-copia-36.jpg","contentUrl":"https:\/\/webdelmaestrocmf.com\/portal\/wp-content\/uploads\/2021\/05\/1-copia-36.jpg","width":1100,"height":680},{"@type":"BreadcrumbList","@id":"https:\/\/webdelmaestrocmf.com\/portal\/salud-mental-de-profesores-empeoro-desde-la-pandemia\/#breadcrumb","itemListElement":[{"@type":"ListItem","position":1,"name":"Portada","item":"https:\/\/webdelmaestrocmf.com\/portal\/"},{"@type":"ListItem","position":2,"name":"Recursos","item":"https:\/\/webdelmaestrocmf.com\/portal\/category\/pedagogia\/"},{"@type":"ListItem","position":3,"name":"Salud mental de profesores empeor\u00f3 desde la pandemia"}]},{"@type":"WebSite","@id":"https:\/\/webdelmaestrocmf.com\/portal\/#website","url":"https:\/\/webdelmaestrocmf.com\/portal\/","name":"Web del Maestro CMF","description":"Maestros al servicio de la educaci\u00f3n","publisher":{"@id":"https:\/\/webdelmaestrocmf.com\/portal\/#organization"},"alternateName":"WMCMF","potentialAction":[{"@type":"SearchAction","target":{"@type":"EntryPoint","urlTemplate":"https:\/\/webdelmaestrocmf.com\/portal\/?s={search_term_string}"},"query-input":{"@type":"PropertyValueSpecification","valueRequired":true,"valueName":"search_term_string"}}],"inLanguage":"es"},{"@type":"Organization","@id":"https:\/\/webdelmaestrocmf.com\/portal\/#organization","name":"Web del Maestro CMF","alternateName":"WMCMF","url":"https:\/\/webdelmaestrocmf.com\/portal\/","logo":{"@type":"ImageObject","inLanguage":"es","@id":"https:\/\/webdelmaestrocmf.com\/portal\/#\/schema\/logo\/image\/","url":"https:\/\/webdelmaestrocmf.com\/portal\/wp-content\/uploads\/2023\/01\/logo-wmcmf-2.png","contentUrl":"https:\/\/webdelmaestrocmf.com\/portal\/wp-content\/uploads\/2023\/01\/logo-wmcmf-2.png","width":200,"height":60,"caption":"Web del Maestro CMF"},"image":{"@id":"https:\/\/webdelmaestrocmf.com\/portal\/#\/schema\/logo\/image\/"},"sameAs":["https:\/\/www.facebook.com\/WebdelMaestroCMF\/","https:\/\/x.com\/cmf_w","https:\/\/www.pinterest.com\/WMCMF\/","https:\/\/www.linkedin.com\/company\/web-del-maestro-cmf\/","https:\/\/www.instagram.com\/wmcmf\/","https:\/\/www.youtube.com\/channel\/UCDPSvjbdodE5sHnC3OxutHw","https:\/\/mastodon.social\/@wmcmf","https:\/\/www.tiktok.com\/@webdelmaestrocmf"]},{"@type":"Person","@id":"https:\/\/webdelmaestrocmf.com\/portal\/#\/schema\/person\/1072a2ed7bd960df8ef99a551fa35dc5","name":"Web del Maestro CMF","image":{"@type":"ImageObject","inLanguage":"es","@id":"https:\/\/secure.gravatar.com\/avatar\/23291dd5b5ae1077dcff3dbb04c3e02bd28403fa75af6d8787d5e97c5bbbe30b?s=96&d=mm&r=g","url":"https:\/\/secure.gravatar.com\/avatar\/23291dd5b5ae1077dcff3dbb04c3e02bd28403fa75af6d8787d5e97c5bbbe30b?s=96&d=mm&r=g","contentUrl":"https:\/\/secure.gravatar.com\/avatar\/23291dd5b5ae1077dcff3dbb04c3e02bd28403fa75af6d8787d5e97c5bbbe30b?s=96&d=mm&r=g","caption":"Web del Maestro CMF"},"description":"Esta Web se cre\u00f3 sin fines de lucro, con fines educativos, cient\u00edficos y acad\u00e9micos, para personas que tengan dificultades y\/o inconvenientes en visualizar el material original. El objetivo es entregar recursos, compartir experiencias y materiales que ayuden a los padres de familia, maestros y estudiantes en su actualizaci\u00f3n y formaci\u00f3n permanente, en bien de la Educaci\u00f3n.","sameAs":["http:\/\/webdelmaestrocmf.com\/portal","https:\/\/www.facebook.com\/WebdelMaestroCMF\/","https:\/\/www.instagram.com\/wmcmf\/","https:\/\/cl.linkedin.com\/company\/web-del-maestro-cmf","https:\/\/www.pinterest.com\/WMCMF\/publicaciones\/","https:\/\/x.com\/cmf_w","https:\/\/www.youtube.com\/@WMCMF"]}]}},"jetpack_featured_media_url":"https:\/\/webdelmaestrocmf.com\/portal\/wp-content\/uploads\/2021\/05\/1-copia-36.jpg","jetpack_sharing_enabled":true,"jetpack-related-posts":[{"id":61823,"url":"https:\/\/webdelmaestrocmf.com\/portal\/la-salud-mental-laboral-es-un-concepto-de-la-salud-preventiva-que-lamentablemente-en-los-profesores-a-menudo-se-deteriora-y-resulta-preocupante\/","url_meta":{"origin":63489,"position":0},"title":"La salud mental laboral es un concepto de la salud preventiva, que lamentablemente en los profesores, a menudo se deteriora y resulta preocupante. Descarga el cuaderno de ejercicios de estimulaci\u00f3n cognitiva, solo para docentes","author":"Web del Maestro CMF","date":"20 marzo, 2026","format":false,"excerpt":"Descarga estos ejercicios dise\u00f1ados para docentes, ideales para fortalecer la reflexi\u00f3n pedag\u00f3gica, mejorar la planificaci\u00f3n y analizar la realidad escolar con herramientas pr\u00e1cticas, claras y aplicables en el aula.","rel":"","context":"En \u00abEstr\u00e9s\u00bb","block_context":{"text":"Estr\u00e9s","link":"https:\/\/webdelmaestrocmf.com\/portal\/category\/pedagogia\/estres\/"},"img":{"alt_text":"","src":"https:\/\/i0.wp.com\/webdelmaestrocmf.com\/portal\/wp-content\/uploads\/2026\/03\/1AA-Banner-1-portada-imagen-10-1-copia-8-2.webp?resize=350%2C200&ssl=1","width":350,"height":200,"srcset":"https:\/\/i0.wp.com\/webdelmaestrocmf.com\/portal\/wp-content\/uploads\/2026\/03\/1AA-Banner-1-portada-imagen-10-1-copia-8-2.webp?resize=350%2C200&ssl=1 1x, https:\/\/i0.wp.com\/webdelmaestrocmf.com\/portal\/wp-content\/uploads\/2026\/03\/1AA-Banner-1-portada-imagen-10-1-copia-8-2.webp?resize=525%2C300&ssl=1 1.5x, https:\/\/i0.wp.com\/webdelmaestrocmf.com\/portal\/wp-content\/uploads\/2026\/03\/1AA-Banner-1-portada-imagen-10-1-copia-8-2.webp?resize=700%2C400&ssl=1 2x, https:\/\/i0.wp.com\/webdelmaestrocmf.com\/portal\/wp-content\/uploads\/2026\/03\/1AA-Banner-1-portada-imagen-10-1-copia-8-2.webp?resize=1050%2C600&ssl=1 3x"},"classes":[]},{"id":49639,"url":"https:\/\/webdelmaestrocmf.com\/portal\/las-huellas-que-deja-el-covid-19-la-educacion-a-distancia-y-el-confinamiento-en-la-salud-emocional-y-mental-de-los-profesores-parte-i\/","url_meta":{"origin":63489,"position":1},"title":"Equilibrio emocional y la salud mental de los docentes (Parte I)","author":"Web del Maestro CMF","date":"2 enero, 2024","format":false,"excerpt":"La experiencia de la educaci\u00f3n a distancia, adoptada como alternativa a la ense\u00f1anza presencial, puso a prueba no solo las competencias pedag\u00f3gicas, sino tambi\u00e9n la salud mental y emocional de los profesores. La necesidad de reinventar la ense\u00f1anza en tiempo real exigi\u00f3 imaginaci\u00f3n, creatividad, paciencia, autocontrol y una fortaleza emocional\u2026","rel":"","context":"En \u00abYo opino - WMCMF\u00bb","block_context":{"text":"Yo opino - WMCMF","link":"https:\/\/webdelmaestrocmf.com\/portal\/category\/jamb\/"},"img":{"alt_text":"","src":"https:\/\/i0.wp.com\/webdelmaestrocmf.com\/portal\/wp-content\/uploads\/2020\/08\/1A-Banner-1-portada-imagen-10-1.jpg?resize=350%2C200&ssl=1","width":350,"height":200,"srcset":"https:\/\/i0.wp.com\/webdelmaestrocmf.com\/portal\/wp-content\/uploads\/2020\/08\/1A-Banner-1-portada-imagen-10-1.jpg?resize=350%2C200&ssl=1 1x, https:\/\/i0.wp.com\/webdelmaestrocmf.com\/portal\/wp-content\/uploads\/2020\/08\/1A-Banner-1-portada-imagen-10-1.jpg?resize=525%2C300&ssl=1 1.5x, https:\/\/i0.wp.com\/webdelmaestrocmf.com\/portal\/wp-content\/uploads\/2020\/08\/1A-Banner-1-portada-imagen-10-1.jpg?resize=700%2C400&ssl=1 2x"},"classes":[]},{"id":78600,"url":"https:\/\/webdelmaestrocmf.com\/portal\/la-salud-mental-de-los-docentes-un-agente-clave-en-la-educacion-de-las-emociones\/","url_meta":{"origin":63489,"position":2},"title":"Los docentes estamos emocionalmente estables: La salud mental un agente clave en la educaci\u00f3n de las emociones","author":"Web del Maestro CMF","date":"17 julio, 2022","format":false,"excerpt":"En su libro \u201cEducar las emociones, educar para la vida\u201d, la psiquiatra Amanda C\u00e9spedes habla del papel esencial del profesor en la educaci\u00f3n emocional de ni\u00f1os y adolescentes. Amanda C\u00e9spedes es m\u00e9dica psiquiatra de la Universidad de Chile. Se especializ\u00f3 en psiquiatr\u00eda infantil y juvenil. Adem\u00e1s realiz\u00f3 un posgrado en\u2026","rel":"","context":"En \u00abRecursos\u00bb","block_context":{"text":"Recursos","link":"https:\/\/webdelmaestrocmf.com\/portal\/category\/pedagogia\/"},"img":{"alt_text":"","src":"https:\/\/i0.wp.com\/webdelmaestrocmf.com\/portal\/wp-content\/uploads\/2022\/07\/1b-7.jpg?resize=350%2C200&ssl=1","width":350,"height":200,"srcset":"https:\/\/i0.wp.com\/webdelmaestrocmf.com\/portal\/wp-content\/uploads\/2022\/07\/1b-7.jpg?resize=350%2C200&ssl=1 1x, https:\/\/i0.wp.com\/webdelmaestrocmf.com\/portal\/wp-content\/uploads\/2022\/07\/1b-7.jpg?resize=525%2C300&ssl=1 1.5x, https:\/\/i0.wp.com\/webdelmaestrocmf.com\/portal\/wp-content\/uploads\/2022\/07\/1b-7.jpg?resize=700%2C400&ssl=1 2x"},"classes":[]},{"id":50373,"url":"https:\/\/webdelmaestrocmf.com\/portal\/las-huellas-que-deja-el-covid-19-la-educacion-a-distancia-y-el-confinamiento-en-la-salud-emocional-y-mental-de-los-profesores-parte-ii\/","url_meta":{"origin":63489,"position":3},"title":"Equilibrio emocional y la salud mental de los docentes (Parte II)","author":"Web del Maestro CMF","date":"14 diciembre, 2025","format":false,"excerpt":"Como expusimos en la Parte I, del equilibrio emocional y la salud mental del profesor, depende mucho su efectividad y afectividad docente porque su trabajo no es solo transmitir contenidos, sino tambi\u00e9n guiar, motivar y acompa\u00f1ar a sus estudiantes en su desarrollo. La importancia de la salud emocional del docente,\u2026","rel":"","context":"En \u00abYo opino - WMCMF\u00bb","block_context":{"text":"Yo opino - WMCMF","link":"https:\/\/webdelmaestrocmf.com\/portal\/category\/jamb\/"},"img":{"alt_text":"","src":"https:\/\/i0.wp.com\/webdelmaestrocmf.com\/portal\/wp-content\/uploads\/2020\/08\/1A-Banner-1-portada-imagen-10-1-copia-5.webp?resize=350%2C200&ssl=1","width":350,"height":200,"srcset":"https:\/\/i0.wp.com\/webdelmaestrocmf.com\/portal\/wp-content\/uploads\/2020\/08\/1A-Banner-1-portada-imagen-10-1-copia-5.webp?resize=350%2C200&ssl=1 1x, https:\/\/i0.wp.com\/webdelmaestrocmf.com\/portal\/wp-content\/uploads\/2020\/08\/1A-Banner-1-portada-imagen-10-1-copia-5.webp?resize=525%2C300&ssl=1 1.5x, https:\/\/i0.wp.com\/webdelmaestrocmf.com\/portal\/wp-content\/uploads\/2020\/08\/1A-Banner-1-portada-imagen-10-1-copia-5.webp?resize=700%2C400&ssl=1 2x"},"classes":[]},{"id":59930,"url":"https:\/\/webdelmaestrocmf.com\/portal\/luchar-contra-el-estres-la-ansiedad-y-la-depresion-se-convierte-en-una-prioridad-la-salud-mental-de-los-trabajadores-empeora-a-gran-velocidad\/","url_meta":{"origin":63489,"position":4},"title":"Luchar contra el estr\u00e9s, la ansiedad y la depresi\u00f3n se convierte en una prioridad: la salud mental de los trabajadores empeora a gran velocidad","author":"Web del Maestro CMF","date":"27 febrero, 2021","format":false,"excerpt":"Vicente vive solo en un peque\u00f1o apartamento del centro de Madrid que se ha convertido en su base de trabajo y de vida desde hace casi un a\u00f1o. Lejos de su familia, a\u00f1ora las relaciones sociales. Est\u00e1 que se sube por las paredes, deprimido, aseguran sus compa\u00f1eros. \u00c9l refleja un\u2026","rel":"","context":"En \u00abNoticias\u00bb","block_context":{"text":"Noticias","link":"https:\/\/webdelmaestrocmf.com\/portal\/category\/pedagogia\/noticias-pedagogia\/"},"img":{"alt_text":"","src":"https:\/\/i0.wp.com\/webdelmaestrocmf.com\/portal\/wp-content\/uploads\/2021\/02\/1-66.jpg?resize=350%2C200&ssl=1","width":350,"height":200,"srcset":"https:\/\/i0.wp.com\/webdelmaestrocmf.com\/portal\/wp-content\/uploads\/2021\/02\/1-66.jpg?resize=350%2C200&ssl=1 1x, https:\/\/i0.wp.com\/webdelmaestrocmf.com\/portal\/wp-content\/uploads\/2021\/02\/1-66.jpg?resize=525%2C300&ssl=1 1.5x, https:\/\/i0.wp.com\/webdelmaestrocmf.com\/portal\/wp-content\/uploads\/2021\/02\/1-66.jpg?resize=700%2C400&ssl=1 2x, https:\/\/i0.wp.com\/webdelmaestrocmf.com\/portal\/wp-content\/uploads\/2021\/02\/1-66.jpg?resize=1050%2C600&ssl=1 3x"},"classes":[]},{"id":90580,"url":"https:\/\/webdelmaestrocmf.com\/portal\/los-profesores-se-estresan-lloran-se-desesperan-pero-nunca-se-rinden\/","url_meta":{"origin":63489,"position":5},"title":"Los profesores se estresan, lloran, se desesperan, pero nunca se rinden","author":"Web del Maestro CMF","date":"15 julio, 2023","format":false,"excerpt":"La profesi\u00f3n de ense\u00f1anza es una labor noble y desafiante que requiere un compromiso significativo por parte de los educadores. A lo largo de su carrera, los profesores se enfrentan a una variedad de desaf\u00edos y presiones que pueden generar estr\u00e9s y emociones abrumadoras. Sin embargo, a pesar de estos\u2026","rel":"","context":"En \u00abEstr\u00e9s\u00bb","block_context":{"text":"Estr\u00e9s","link":"https:\/\/webdelmaestrocmf.com\/portal\/category\/pedagogia\/estres\/"},"img":{"alt_text":"","src":"https:\/\/i0.wp.com\/webdelmaestrocmf.com\/portal\/wp-content\/uploads\/2023\/07\/A12B3C4D-2023-07-15T184045.678.jpg?resize=350%2C200&ssl=1","width":350,"height":200,"srcset":"https:\/\/i0.wp.com\/webdelmaestrocmf.com\/portal\/wp-content\/uploads\/2023\/07\/A12B3C4D-2023-07-15T184045.678.jpg?resize=350%2C200&ssl=1 1x, https:\/\/i0.wp.com\/webdelmaestrocmf.com\/portal\/wp-content\/uploads\/2023\/07\/A12B3C4D-2023-07-15T184045.678.jpg?resize=525%2C300&ssl=1 1.5x, https:\/\/i0.wp.com\/webdelmaestrocmf.com\/portal\/wp-content\/uploads\/2023\/07\/A12B3C4D-2023-07-15T184045.678.jpg?resize=700%2C400&ssl=1 2x"},"classes":[]}],"_links":{"self":[{"href":"https:\/\/webdelmaestrocmf.com\/portal\/wp-json\/wp\/v2\/posts\/63489","targetHints":{"allow":["GET"]}}],"collection":[{"href":"https:\/\/webdelmaestrocmf.com\/portal\/wp-json\/wp\/v2\/posts"}],"about":[{"href":"https:\/\/webdelmaestrocmf.com\/portal\/wp-json\/wp\/v2\/types\/post"}],"author":[{"embeddable":true,"href":"https:\/\/webdelmaestrocmf.com\/portal\/wp-json\/wp\/v2\/users\/1"}],"replies":[{"embeddable":true,"href":"https:\/\/webdelmaestrocmf.com\/portal\/wp-json\/wp\/v2\/comments?post=63489"}],"version-history":[{"count":0,"href":"https:\/\/webdelmaestrocmf.com\/portal\/wp-json\/wp\/v2\/posts\/63489\/revisions"}],"wp:featuredmedia":[{"embeddable":true,"href":"https:\/\/webdelmaestrocmf.com\/portal\/wp-json\/wp\/v2\/media\/63491"}],"wp:attachment":[{"href":"https:\/\/webdelmaestrocmf.com\/portal\/wp-json\/wp\/v2\/media?parent=63489"}],"wp:term":[{"taxonomy":"category","embeddable":true,"href":"https:\/\/webdelmaestrocmf.com\/portal\/wp-json\/wp\/v2\/categories?post=63489"},{"taxonomy":"post_tag","embeddable":true,"href":"https:\/\/webdelmaestrocmf.com\/portal\/wp-json\/wp\/v2\/tags?post=63489"}],"curies":[{"name":"wp","href":"https:\/\/api.w.org\/{rel}","templated":true}]}}