{"id":63374,"date":"2021-05-24T15:24:52","date_gmt":"2021-05-24T19:24:52","guid":{"rendered":"https:\/\/webdelmaestrocmf.com\/portal\/?p=63374"},"modified":"2021-05-25T18:25:47","modified_gmt":"2021-05-25T22:25:47","slug":"doctoranytime-desarrolla-la-memoria-fotografica-con-estos-consejos","status":"publish","type":"post","link":"https:\/\/webdelmaestrocmf.com\/portal\/doctoranytime-desarrolla-la-memoria-fotografica-con-estos-consejos\/","title":{"rendered":"[Doctoranytime] Desarrolla la memoria fotogr\u00e1fica con estos consejos"},"content":{"rendered":"<h5 style=\"text-align: justify;\">\u00bfSab\u00edas que hay personas capaces de leer una novela completa y recordarla para siempre con total exactitud y detalle? Puede que parezca sacado de una pel\u00edcula de ciencia ficci\u00f3n, pero esto es una habilidad con la que muchas personas cuentan alrededor del mundo. Adem\u00e1s de ser algo curioso, tambi\u00e9n es una herramienta que pueden utilizar tanto en el campo laboral como en el educativo.<\/h5>\n<p><!--more--><\/p>\n<h5 style=\"text-align: justify;\">A este tipo de memoria se le llama eid\u00e9tica, pero coloquialmente su nombre es memoria fotogr\u00e1fica. Si a usted le gustar\u00eda desarrollar esta habilidad, nos acercamos con un <a href=\"https:\/\/www.doctoranytime.mx\/s\/psicologo\/ciudad-de-mexico\" target=\"_blank\" rel=\"noopener\">psic\u00f3logo<\/a> que nos ayudar\u00e1 a comprender m\u00e1s c\u00f3mo lograrlo y en qu\u00e9 consiste la memoria fotogr\u00e1fica.<\/h5>\n<h5 style=\"text-align: justify;\">\u00bfQu\u00e9 es la memoria fotogr\u00e1fica?<\/h5>\n<p style=\"text-align: justify;\">Como mencionamos anteriormente, el nombre cient\u00edfico de este tipo de memoria es \u201cmemoria eid\u00e9tica\u201d. Sin embargo, en el lenguaje cotidiano se utiliza un t\u00e9rmino un poco m\u00e1s amigable y que engloba las ventajas de este tipo de memoria. Ese t\u00e9rmino es \u201cmemoria fotogr\u00e1fica\u201d. Naturalmente, la memoria visual est\u00e1 altamente desarrollada en los humanos cuando somos ni\u00f1os. De esta manera, los ni\u00f1os aprenden los objetos comunes de su alrededor y el nombre que cada uno tiene. Desgraciadamente, esta habilidad se va perdiendo poco a poco para la mayor\u00eda de las personas.<\/p>\n<p style=\"text-align: justify;\">La buena noticia es que muchos se escapan de esta regla y gozan de una muy buena memoria visual por la mayor parte de su vida. Las personas que tienen memoria eid\u00e9tica pueden permitir recordar detalles que, en otros ojos, ser\u00edan insignificantes y en un corto periodo de tiempo, olvidados. Un punto importante que hay que recalcar es que la memoria fotogr\u00e1fica no se limita a im\u00e1genes solamente, como uno pensar\u00eda al escuchar su nombre. Esta habilidad permite que la persona pueda recordar textos, m\u00fasica e incluso sensaciones y olores.<\/p>\n<p><img loading=\"lazy\" decoding=\"async\" class=\"alignnone size-full wp-image-63378\" src=\"https:\/\/webdelmaestrocmf.com\/portal\/wp-content\/uploads\/2021\/05\/1-10.jpeg\" alt=\"\" width=\"600\" height=\"452\" srcset=\"https:\/\/webdelmaestrocmf.com\/portal\/wp-content\/uploads\/2021\/05\/1-10.jpeg 600w, https:\/\/webdelmaestrocmf.com\/portal\/wp-content\/uploads\/2021\/05\/1-10-300x226.jpeg 300w, https:\/\/webdelmaestrocmf.com\/portal\/wp-content\/uploads\/2021\/05\/1-10-110x83.jpeg 110w, https:\/\/webdelmaestrocmf.com\/portal\/wp-content\/uploads\/2021\/05\/1-10-200x151.jpeg 200w, https:\/\/webdelmaestrocmf.com\/portal\/wp-content\/uploads\/2021\/05\/1-10-380x286.jpeg 380w, https:\/\/webdelmaestrocmf.com\/portal\/wp-content\/uploads\/2021\/05\/1-10-255x192.jpeg 255w, https:\/\/webdelmaestrocmf.com\/portal\/wp-content\/uploads\/2021\/05\/1-10-550x414.jpeg 550w, https:\/\/webdelmaestrocmf.com\/portal\/wp-content\/uploads\/2021\/05\/1-10-220x166.jpeg 220w, https:\/\/webdelmaestrocmf.com\/portal\/wp-content\/uploads\/2021\/05\/1-10-400x301.jpeg 400w, https:\/\/webdelmaestrocmf.com\/portal\/wp-content\/uploads\/2021\/05\/1-10-510x384.jpeg 510w\" sizes=\"auto, (max-width: 600px) 100vw, 600px\" \/><\/p>\n<h5 style=\"text-align: justify;\">\u00bfC\u00f3mo puedo mejorar mi memoria?<\/h5>\n<p style=\"text-align: justify;\">Si bien la memoria eid\u00e9tica es una habilidad con la que se nace, existen varios ejercicios que usted puede llevar a cabo para desarrollar mejorar su memoria. Cabe mencionar que la memoria no es una habilidad por s\u00ed sola, sino que depende de muchos factores como la atenci\u00f3n, la percepci\u00f3n, la evocaci\u00f3n, entre otros. Si usted quiere mejorar su proceso memor\u00edstico aqu\u00ed hay algunos consejos:<\/p>\n<ol>\n<li style=\"text-align: justify;\">Escoja una fotograf\u00eda de alg\u00fan libro o revista. Col\u00f3quese en una posici\u00f3n c\u00f3moda y aseg\u00farese de estar en un espacio donde se pueda concentrar, as\u00ed como mantenerse relajado. Observe fijamente la imagen que seleccion\u00f3 por 1 minuto entero. Despu\u00e9s aparte la fotograf\u00eda y trate de recordar con exactitud los detalles de la misma.<br \/>\nAl hacer esto varias veces, notar\u00e1 c\u00f3mo puede retener m\u00e1s y m\u00e1s detalles que la primera vez que lo intent\u00f3.<\/li>\n<li style=\"text-align: justify;\">Un m\u00e9todo muy utilizado para mejorar la memoria es la asociaci\u00f3n absurda. Esta consiste en tratar de recordar una acci\u00f3n que hizo durante el d\u00eda con alguna historia chistosa o absurda. Es decir, si dej\u00f3 su celular en su caj\u00f3n, piense en que su celular se qued\u00f3 bailando en el caj\u00f3n o alguna historia que le cause gracia. Esto le permitir\u00e1 acordarse f\u00e1cilmente de estas peque\u00f1as y rutinarias acciones, lo que a la larga mejorar\u00e1 su retenci\u00f3n de informaci\u00f3n.<\/li>\n<li style=\"text-align: justify;\">Realice ejercicios mnemot\u00e9cnicos: Estos ejercicios consisten en vincular el contenido que queremos aprender a otro que se\u00a0le parezca fon\u00e9ticamente e imaginar una escena donde se asocie con el significado de la palabra de la que queremos aprender.<\/li>\n<li style=\"text-align: justify;\">Es importante recordar que la memoria es un proceso que se asienta sobre una base org\u00e1nica (cerebro), por lo que mantener una salud \u00f3ptima, ayudar\u00e1 a tener buenos procesos mentales superiores. La recomendaci\u00f3n ser\u00eda entonces comer saludablemente, hacer ejercicio y reducir los niveles de estr\u00e9s.<\/li>\n<\/ol>\n<p style=\"text-align: justify;\">Si usted sigue estos consejos, al cabo de un tiempo podr\u00e1 observar c\u00f3mo su memoria va mejorando gradualmente hasta lograr recordar hechos que para otras personas pudieran ser insignificantes.<\/p>\n<h5 style=\"text-align: justify;\">Referencias:<\/h5>\n<ul>\n<li>Redacci\u00f3n. (2015). \u00bfRealmente existe la memoria fotogr\u00e1fica?. Mayo 14, 2021, de BBC. Sitio web: <a style=\"font-family: -apple-system, BlinkMacSystemFont, 'Segoe UI', Roboto, 'Helvetica Neue', Arial, 'Noto Sans', sans-serif, 'Apple Color Emoji', 'Segoe UI Emoji', 'Segoe UI Symbol', 'Noto Color Emoji';\" href=\"https:\/\/www.bbc.com\/mundo\/noticias\/2015\/08\/150715_ciencia_memoria_fotografica_finde_egn\" target=\"_blank\" rel=\"noopener\">bbc.com<\/a><\/li>\n<li>Nu\u00f1o, A. (2021). \u00bfSe puede tener realmente memoria fotogr\u00e1fica?. Mayo 14, 2021, de El Confidencial. Sitio web: <a style=\"font-family: -apple-system, BlinkMacSystemFont, 'Segoe UI', Roboto, 'Helvetica Neue', Arial, 'Noto Sans', sans-serif, 'Apple Color Emoji', 'Segoe UI Emoji', 'Segoe UI Symbol', 'Noto Color Emoji';\" href=\"https:\/\/www.elconfidencial.com\/alma-corazon-vida\/2021-02-08\/memoria-fotografica-mito-realidad-cerebro-mente_2935872\/\" target=\"_blank\" rel=\"noopener\">elconfidencial.com<\/a><\/li>\n<li>Guerri, M. (2021). Memoria eid\u00e9tica o memoria fotogr\u00e1fica. Mayo 12, 2021, de PsicoActiva. Sitio web: <a style=\"font-family: -apple-system, BlinkMacSystemFont, 'Segoe UI', Roboto, 'Helvetica Neue', Arial, 'Noto Sans', sans-serif, 'Apple Color Emoji', 'Segoe UI Emoji', 'Segoe UI Symbol', 'Noto Color Emoji';\" href=\"https:\/\/www.psicoactiva.com\/blog\/memoria-eidetica-o-memoria-fotografica\/\" target=\"_blank\" rel=\"noopener\">psicoactiva.com<\/a><\/li>\n<\/ul>\n<p style=\"text-align: justify;\"><strong>NOTA DE REDACCI\u00d3N: <\/strong>La Web del Maestro CMF publica los textos originales de su autor, no necesariamente coincide con lo expuesto en el tema, y no se hace responsable de las opiniones expresadas.<\/p>\n<p style=\"text-align: justify;\"><strong>Agradecemos la colaboraci\u00f3n de <a href=\"https:\/\/www.doctoranytime.mx\/d\/psicologo\/javier-gazca-gutierrez\" target=\"_blank\" rel=\"noopener\">\u00a0Javier Gazca Guti\u00e9rrez<\/a>, psic\u00f3logo, quien colabor\u00f3 como m\u00e9dico verificador para este art\u00edculo. Obtuvo su t\u00edtulo de la Universidad Intercontinental y posteriormente obtuvo una maestr\u00eda en Psicoterapia Psicoanal\u00edtica por el Centro Eleia. Sus \u00e1reas de especialidad son la Depresi\u00f3n, Ansiedad y Problemas de Pareja. Es docente a nivel licenciatura y maestr\u00eda. Tambi\u00e9n es Psic\u00f3logo Forense en el Tribunal Superior de Justicia del Distrito Federal.<\/strong><\/p>\n\t\t<div class=\"pk-inline-posts\">\n\t\t\t\n\t\t\t<div class=\"pk-inline-posts-container pk-inline-posts-template-list\"\n\t\t\t\tdata-columns=\"1\">\n\t\t\t\t\t\t<article id=\"post-63114\" class=\"post-63114 post type-post status-publish format-standard has-post-thumbnail category-colaborador category-z-colaboradores-doctoranytime tag-depresion tag-doctoranytim tag-identificar tag-ninos cs-entry cs-video-wrap\">\n\t\t\t<div class=\"pk-post-outer\">\n\n\t\t\t\t\t\t\t\t<div class=\"pk-post-inner\">\n\t\t\t\t\t<div class=\"entry-thumbnail\">\n\t\t\t\t\t\t<div class=\"pk-overlay pk-overlay-ratio pk-ratio-landscape\">\n\t\t\t\t\t\t\t<div class=\"pk-overlay-background\">\n\t\t\t\t\t\t\t\t<a href=\"https:\/\/webdelmaestrocmf.com\/portal\/doctoranytime-como-identificar-la-depresion-en-ninos\/\" class=\"pk-overlay-link\">\n\t\t\t\t\t\t\t\t\t<img loading=\"lazy\" decoding=\"async\" width=\"300\" height=\"225\" src=\"https:\/\/webdelmaestrocmf.com\/portal\/wp-content\/uploads\/2021\/05\/1-copia-23-300x225.jpg\" class=\"attachment-pk-thumbnail size-pk-thumbnail wp-post-image\" alt=\"\" srcset=\"https:\/\/webdelmaestrocmf.com\/portal\/wp-content\/uploads\/2021\/05\/1-copia-23-300x225.jpg 300w, https:\/\/webdelmaestrocmf.com\/portal\/wp-content\/uploads\/2021\/05\/1-copia-23-600x450.jpg 600w\" sizes=\"auto, (max-width: 300px) 100vw, 300px\" \/>\t\t\t\t\t\t\t\t<\/a>\n\t\t\t\t\t\t\t<\/div>\n\t\t\t\t\t\t<\/div>\n\t\t\t\t\t<\/div>\n\t\t\t\t<\/div>\n\t\t\t\t\n\t\t\t\t<div class=\"pk-post-inner\">\n\t\t\t\t\t<header>\n\t\t\t\t\t\t<h3 class=\"pk-title\"><a href=\"https:\/\/webdelmaestrocmf.com\/portal\/doctoranytime-como-identificar-la-depresion-en-ninos\/\" rel=\"bookmark\">[Doctoranytime] \u00bfC\u00f3mo identificar la depresi\u00f3n en ni\u00f1os?<\/a><\/h3>\t\t\t\t\t<\/header><!-- .entry-header -->\n\t\t\t\t<\/div><!-- .post-inner -->\n\n\t\t\t<\/div><!-- .post-outer -->\n\t\t<\/article>\n\t\t\t\t<\/div>\n\t\t<\/div>\n\t\t\n","protected":false},"excerpt":{"rendered":"\u00bfSab\u00edas que hay personas capaces de leer una novela completa y recordarla para siempre con total exactitud y&hellip;","protected":false},"author":1,"featured_media":63376,"comment_status":"open","ping_status":"closed","sticky":false,"template":"","format":"standard","meta":{"csco_display_header_overlay":false,"csco_singular_sidebar":"default","csco_page_header_type":"default","csco_page_load_nextpost":"default","csco_post_video_location":[],"csco_post_video_location_hash":"","csco_post_video_url":"","csco_post_video_bg_start_time":0,"csco_post_video_bg_end_time":0,"csco_post_video_bg_volume":false,"_jetpack_memberships_contains_paid_content":false,"footnotes":""},"categories":[1790,5824],"tags":[598,13596,5899,13597,13598],"class_list":{"0":"post-63374","1":"post","2":"type-post","3":"status-publish","4":"format-standard","5":"has-post-thumbnail","7":"category-colaborador","8":"category-z-colaboradores-doctoranytime","9":"tag-consejos","10":"tag-desarrolla","11":"tag-doctoranytime","12":"tag-memoria-f","13":"tag-otografica","14":"cs-entry","15":"cs-video-wrap"},"yoast_head":"<!-- This site is optimized with the Yoast SEO plugin v27.5 - https:\/\/yoast.com\/product\/yoast-seo-wordpress\/ -->\n<title>[Doctoranytime] Desarrolla la memoria fotogr\u00e1fica con estos consejos - 2026<\/title>\n<meta name=\"description\" content=\"\u00bfSab\u00edas que hay personas capaces de leer una novela completa y recordarla para siempre con total exactitud y detalle? Puede...\" \/>\n<meta name=\"robots\" content=\"index, follow, max-snippet:-1, max-image-preview:large, max-video-preview:-1\" \/>\n<link rel=\"canonical\" href=\"https:\/\/webdelmaestrocmf.com\/portal\/doctoranytime-desarrolla-la-memoria-fotografica-con-estos-consejos\/\" \/>\n<meta property=\"og:locale\" content=\"es_ES\" \/>\n<meta property=\"og:type\" content=\"article\" \/>\n<meta property=\"og:title\" content=\"[Doctoranytime] Desarrolla la memoria fotogr\u00e1fica con estos consejos - 2026\" \/>\n<meta property=\"og:description\" content=\"\u00bfSab\u00edas que hay personas capaces de leer una novela completa y recordarla para siempre con total exactitud y detalle? Puede...\" \/>\n<meta property=\"og:url\" content=\"https:\/\/webdelmaestrocmf.com\/portal\/doctoranytime-desarrolla-la-memoria-fotografica-con-estos-consejos\/\" \/>\n<meta property=\"og:site_name\" content=\"Web del Maestro CMF\" \/>\n<meta property=\"article:publisher\" content=\"https:\/\/www.facebook.com\/WebdelMaestroCMF\/\" \/>\n<meta property=\"article:author\" content=\"https:\/\/www.facebook.com\/WebdelMaestroCMF\/\" \/>\n<meta property=\"article:published_time\" content=\"2021-05-24T19:24:52+00:00\" \/>\n<meta property=\"article:modified_time\" content=\"2021-05-25T22:25:47+00:00\" \/>\n<meta property=\"og:image\" content=\"https:\/\/i0.wp.com\/webdelmaestrocmf.com\/portal\/wp-content\/uploads\/2021\/05\/1-copia-33.jpg?fit=1100%2C680&ssl=1\" \/>\n\t<meta property=\"og:image:width\" content=\"1100\" \/>\n\t<meta property=\"og:image:height\" content=\"680\" \/>\n\t<meta property=\"og:image:type\" content=\"image\/jpeg\" \/>\n<meta name=\"author\" content=\"Web del Maestro CMF\" \/>\n<meta name=\"twitter:card\" content=\"summary_large_image\" \/>\n<meta name=\"twitter:creator\" content=\"@cmf_w\" \/>\n<meta name=\"twitter:site\" content=\"@cmf_w\" \/>\n<script type=\"application\/ld+json\" class=\"yoast-schema-graph\">{\"@context\":\"https:\\\/\\\/schema.org\",\"@graph\":[{\"@type\":\"ScholarlyArticle\",\"@id\":\"https:\\\/\\\/webdelmaestrocmf.com\\\/portal\\\/doctoranytime-desarrolla-la-memoria-fotografica-con-estos-consejos\\\/#article\",\"isPartOf\":{\"@id\":\"https:\\\/\\\/webdelmaestrocmf.com\\\/portal\\\/doctoranytime-desarrolla-la-memoria-fotografica-con-estos-consejos\\\/\"},\"author\":{\"name\":\"Web del Maestro CMF\",\"@id\":\"https:\\\/\\\/webdelmaestrocmf.com\\\/portal\\\/#\\\/schema\\\/person\\\/1072a2ed7bd960df8ef99a551fa35dc5\"},\"headline\":\"[Doctoranytime] Desarrolla la memoria fotogr\u00e1fica con estos consejos\",\"datePublished\":\"2021-05-24T19:24:52+00:00\",\"dateModified\":\"2021-05-25T22:25:47+00:00\",\"mainEntityOfPage\":{\"@id\":\"https:\\\/\\\/webdelmaestrocmf.com\\\/portal\\\/doctoranytime-desarrolla-la-memoria-fotografica-con-estos-consejos\\\/\"},\"wordCount\":862,\"commentCount\":0,\"publisher\":{\"@id\":\"https:\\\/\\\/webdelmaestrocmf.com\\\/portal\\\/#organization\"},\"image\":{\"@id\":\"https:\\\/\\\/webdelmaestrocmf.com\\\/portal\\\/doctoranytime-desarrolla-la-memoria-fotografica-con-estos-consejos\\\/#primaryimage\"},\"thumbnailUrl\":\"https:\\\/\\\/webdelmaestrocmf.com\\\/portal\\\/wp-content\\\/uploads\\\/2021\\\/05\\\/1-copia-33.jpg\",\"keywords\":[\"Consejos\",\"Desarrolla\",\"Doctoranytime\",\"memoria f\",\"otogr\u00e1fica\"],\"articleSection\":[\"Z-Colaboradores\",\"Z-Colaboradores-Doctoranytime\"],\"inLanguage\":\"es\",\"potentialAction\":[{\"@type\":\"CommentAction\",\"name\":\"Comment\",\"target\":[\"https:\\\/\\\/webdelmaestrocmf.com\\\/portal\\\/doctoranytime-desarrolla-la-memoria-fotografica-con-estos-consejos\\\/#respond\"]}]},{\"@type\":\"WebPage\",\"@id\":\"https:\\\/\\\/webdelmaestrocmf.com\\\/portal\\\/doctoranytime-desarrolla-la-memoria-fotografica-con-estos-consejos\\\/\",\"url\":\"https:\\\/\\\/webdelmaestrocmf.com\\\/portal\\\/doctoranytime-desarrolla-la-memoria-fotografica-con-estos-consejos\\\/\",\"name\":\"[Doctoranytime] Desarrolla la memoria fotogr\u00e1fica con estos consejos - 2026\",\"isPartOf\":{\"@id\":\"https:\\\/\\\/webdelmaestrocmf.com\\\/portal\\\/#website\"},\"primaryImageOfPage\":{\"@id\":\"https:\\\/\\\/webdelmaestrocmf.com\\\/portal\\\/doctoranytime-desarrolla-la-memoria-fotografica-con-estos-consejos\\\/#primaryimage\"},\"image\":{\"@id\":\"https:\\\/\\\/webdelmaestrocmf.com\\\/portal\\\/doctoranytime-desarrolla-la-memoria-fotografica-con-estos-consejos\\\/#primaryimage\"},\"thumbnailUrl\":\"https:\\\/\\\/webdelmaestrocmf.com\\\/portal\\\/wp-content\\\/uploads\\\/2021\\\/05\\\/1-copia-33.jpg\",\"datePublished\":\"2021-05-24T19:24:52+00:00\",\"dateModified\":\"2021-05-25T22:25:47+00:00\",\"description\":\"\u00bfSab\u00edas que hay personas capaces de leer una novela completa y recordarla para siempre con total exactitud y detalle? Puede...\",\"breadcrumb\":{\"@id\":\"https:\\\/\\\/webdelmaestrocmf.com\\\/portal\\\/doctoranytime-desarrolla-la-memoria-fotografica-con-estos-consejos\\\/#breadcrumb\"},\"inLanguage\":\"es\",\"potentialAction\":[{\"@type\":\"ReadAction\",\"target\":[\"https:\\\/\\\/webdelmaestrocmf.com\\\/portal\\\/doctoranytime-desarrolla-la-memoria-fotografica-con-estos-consejos\\\/\"]}]},{\"@type\":\"ImageObject\",\"inLanguage\":\"es\",\"@id\":\"https:\\\/\\\/webdelmaestrocmf.com\\\/portal\\\/doctoranytime-desarrolla-la-memoria-fotografica-con-estos-consejos\\\/#primaryimage\",\"url\":\"https:\\\/\\\/webdelmaestrocmf.com\\\/portal\\\/wp-content\\\/uploads\\\/2021\\\/05\\\/1-copia-33.jpg\",\"contentUrl\":\"https:\\\/\\\/webdelmaestrocmf.com\\\/portal\\\/wp-content\\\/uploads\\\/2021\\\/05\\\/1-copia-33.jpg\",\"width\":1100,\"height\":680},{\"@type\":\"BreadcrumbList\",\"@id\":\"https:\\\/\\\/webdelmaestrocmf.com\\\/portal\\\/doctoranytime-desarrolla-la-memoria-fotografica-con-estos-consejos\\\/#breadcrumb\",\"itemListElement\":[{\"@type\":\"ListItem\",\"position\":1,\"name\":\"Portada\",\"item\":\"https:\\\/\\\/webdelmaestrocmf.com\\\/portal\\\/\"},{\"@type\":\"ListItem\",\"position\":2,\"name\":\"Z-Colaboradores\",\"item\":\"https:\\\/\\\/webdelmaestrocmf.com\\\/portal\\\/category\\\/colaborador\\\/\"},{\"@type\":\"ListItem\",\"position\":3,\"name\":\"[Doctoranytime] Desarrolla la memoria fotogr\u00e1fica con estos consejos\"}]},{\"@type\":\"WebSite\",\"@id\":\"https:\\\/\\\/webdelmaestrocmf.com\\\/portal\\\/#website\",\"url\":\"https:\\\/\\\/webdelmaestrocmf.com\\\/portal\\\/\",\"name\":\"Web del Maestro CMF\",\"description\":\"Maestros al servicio de la educaci\u00f3n\",\"publisher\":{\"@id\":\"https:\\\/\\\/webdelmaestrocmf.com\\\/portal\\\/#organization\"},\"alternateName\":\"WMCMF\",\"potentialAction\":[{\"@type\":\"SearchAction\",\"target\":{\"@type\":\"EntryPoint\",\"urlTemplate\":\"https:\\\/\\\/webdelmaestrocmf.com\\\/portal\\\/?s={search_term_string}\"},\"query-input\":{\"@type\":\"PropertyValueSpecification\",\"valueRequired\":true,\"valueName\":\"search_term_string\"}}],\"inLanguage\":\"es\"},{\"@type\":\"Organization\",\"@id\":\"https:\\\/\\\/webdelmaestrocmf.com\\\/portal\\\/#organization\",\"name\":\"Web del Maestro CMF\",\"alternateName\":\"WMCMF\",\"url\":\"https:\\\/\\\/webdelmaestrocmf.com\\\/portal\\\/\",\"logo\":{\"@type\":\"ImageObject\",\"inLanguage\":\"es\",\"@id\":\"https:\\\/\\\/webdelmaestrocmf.com\\\/portal\\\/#\\\/schema\\\/logo\\\/image\\\/\",\"url\":\"https:\\\/\\\/webdelmaestrocmf.com\\\/portal\\\/wp-content\\\/uploads\\\/2023\\\/01\\\/logo-wmcmf-2.png\",\"contentUrl\":\"https:\\\/\\\/webdelmaestrocmf.com\\\/portal\\\/wp-content\\\/uploads\\\/2023\\\/01\\\/logo-wmcmf-2.png\",\"width\":200,\"height\":60,\"caption\":\"Web del Maestro CMF\"},\"image\":{\"@id\":\"https:\\\/\\\/webdelmaestrocmf.com\\\/portal\\\/#\\\/schema\\\/logo\\\/image\\\/\"},\"sameAs\":[\"https:\\\/\\\/www.facebook.com\\\/WebdelMaestroCMF\\\/\",\"https:\\\/\\\/x.com\\\/cmf_w\",\"https:\\\/\\\/www.pinterest.com\\\/WMCMF\\\/\",\"https:\\\/\\\/www.linkedin.com\\\/company\\\/web-del-maestro-cmf\\\/\",\"https:\\\/\\\/www.instagram.com\\\/wmcmf\\\/\",\"https:\\\/\\\/www.youtube.com\\\/channel\\\/UCDPSvjbdodE5sHnC3OxutHw\",\"https:\\\/\\\/mastodon.social\\\/@wmcmf\",\"https:\\\/\\\/www.tiktok.com\\\/@webdelmaestrocmf\"]},{\"@type\":\"Person\",\"@id\":\"https:\\\/\\\/webdelmaestrocmf.com\\\/portal\\\/#\\\/schema\\\/person\\\/1072a2ed7bd960df8ef99a551fa35dc5\",\"name\":\"Web del Maestro CMF\",\"image\":{\"@type\":\"ImageObject\",\"inLanguage\":\"es\",\"@id\":\"https:\\\/\\\/secure.gravatar.com\\\/avatar\\\/23291dd5b5ae1077dcff3dbb04c3e02bd28403fa75af6d8787d5e97c5bbbe30b?s=96&d=mm&r=g\",\"url\":\"https:\\\/\\\/secure.gravatar.com\\\/avatar\\\/23291dd5b5ae1077dcff3dbb04c3e02bd28403fa75af6d8787d5e97c5bbbe30b?s=96&d=mm&r=g\",\"contentUrl\":\"https:\\\/\\\/secure.gravatar.com\\\/avatar\\\/23291dd5b5ae1077dcff3dbb04c3e02bd28403fa75af6d8787d5e97c5bbbe30b?s=96&d=mm&r=g\",\"caption\":\"Web del Maestro CMF\"},\"description\":\"Esta Web se cre\u00f3 sin fines de lucro, con fines educativos, cient\u00edficos y acad\u00e9micos, para personas que tengan dificultades y\\\/o inconvenientes en visualizar el material original. El objetivo es entregar recursos, compartir experiencias y materiales que ayuden a los padres de familia, maestros y estudiantes en su actualizaci\u00f3n y formaci\u00f3n permanente, en bien de la Educaci\u00f3n.\",\"sameAs\":[\"http:\\\/\\\/webdelmaestrocmf.com\\\/portal\",\"https:\\\/\\\/www.facebook.com\\\/WebdelMaestroCMF\\\/\",\"https:\\\/\\\/www.instagram.com\\\/wmcmf\\\/\",\"https:\\\/\\\/cl.linkedin.com\\\/company\\\/web-del-maestro-cmf\",\"https:\\\/\\\/www.pinterest.com\\\/WMCMF\\\/publicaciones\\\/\",\"https:\\\/\\\/x.com\\\/cmf_w\",\"https:\\\/\\\/www.youtube.com\\\/@WMCMF\"]}]}<\/script>\n<!-- \/ Yoast SEO plugin. -->","yoast_head_json":{"title":"[Doctoranytime] Desarrolla la memoria fotogr\u00e1fica con estos consejos - 2026","description":"\u00bfSab\u00edas que hay personas capaces de leer una novela completa y recordarla para siempre con total exactitud y detalle? Puede...","robots":{"index":"index","follow":"follow","max-snippet":"max-snippet:-1","max-image-preview":"max-image-preview:large","max-video-preview":"max-video-preview:-1"},"canonical":"https:\/\/webdelmaestrocmf.com\/portal\/doctoranytime-desarrolla-la-memoria-fotografica-con-estos-consejos\/","og_locale":"es_ES","og_type":"article","og_title":"[Doctoranytime] Desarrolla la memoria fotogr\u00e1fica con estos consejos - 2026","og_description":"\u00bfSab\u00edas que hay personas capaces de leer una novela completa y recordarla para siempre con total exactitud y detalle? Puede...","og_url":"https:\/\/webdelmaestrocmf.com\/portal\/doctoranytime-desarrolla-la-memoria-fotografica-con-estos-consejos\/","og_site_name":"Web del Maestro CMF","article_publisher":"https:\/\/www.facebook.com\/WebdelMaestroCMF\/","article_author":"https:\/\/www.facebook.com\/WebdelMaestroCMF\/","article_published_time":"2021-05-24T19:24:52+00:00","article_modified_time":"2021-05-25T22:25:47+00:00","og_image":[{"width":1100,"height":680,"url":"https:\/\/i0.wp.com\/webdelmaestrocmf.com\/portal\/wp-content\/uploads\/2021\/05\/1-copia-33.jpg?fit=1100%2C680&ssl=1","type":"image\/jpeg"}],"author":"Web del Maestro CMF","twitter_card":"summary_large_image","twitter_creator":"@cmf_w","twitter_site":"@cmf_w","schema":{"@context":"https:\/\/schema.org","@graph":[{"@type":"ScholarlyArticle","@id":"https:\/\/webdelmaestrocmf.com\/portal\/doctoranytime-desarrolla-la-memoria-fotografica-con-estos-consejos\/#article","isPartOf":{"@id":"https:\/\/webdelmaestrocmf.com\/portal\/doctoranytime-desarrolla-la-memoria-fotografica-con-estos-consejos\/"},"author":{"name":"Web del Maestro CMF","@id":"https:\/\/webdelmaestrocmf.com\/portal\/#\/schema\/person\/1072a2ed7bd960df8ef99a551fa35dc5"},"headline":"[Doctoranytime] Desarrolla la memoria fotogr\u00e1fica con estos consejos","datePublished":"2021-05-24T19:24:52+00:00","dateModified":"2021-05-25T22:25:47+00:00","mainEntityOfPage":{"@id":"https:\/\/webdelmaestrocmf.com\/portal\/doctoranytime-desarrolla-la-memoria-fotografica-con-estos-consejos\/"},"wordCount":862,"commentCount":0,"publisher":{"@id":"https:\/\/webdelmaestrocmf.com\/portal\/#organization"},"image":{"@id":"https:\/\/webdelmaestrocmf.com\/portal\/doctoranytime-desarrolla-la-memoria-fotografica-con-estos-consejos\/#primaryimage"},"thumbnailUrl":"https:\/\/webdelmaestrocmf.com\/portal\/wp-content\/uploads\/2021\/05\/1-copia-33.jpg","keywords":["Consejos","Desarrolla","Doctoranytime","memoria f","otogr\u00e1fica"],"articleSection":["Z-Colaboradores","Z-Colaboradores-Doctoranytime"],"inLanguage":"es","potentialAction":[{"@type":"CommentAction","name":"Comment","target":["https:\/\/webdelmaestrocmf.com\/portal\/doctoranytime-desarrolla-la-memoria-fotografica-con-estos-consejos\/#respond"]}]},{"@type":"WebPage","@id":"https:\/\/webdelmaestrocmf.com\/portal\/doctoranytime-desarrolla-la-memoria-fotografica-con-estos-consejos\/","url":"https:\/\/webdelmaestrocmf.com\/portal\/doctoranytime-desarrolla-la-memoria-fotografica-con-estos-consejos\/","name":"[Doctoranytime] Desarrolla la memoria fotogr\u00e1fica con estos consejos - 2026","isPartOf":{"@id":"https:\/\/webdelmaestrocmf.com\/portal\/#website"},"primaryImageOfPage":{"@id":"https:\/\/webdelmaestrocmf.com\/portal\/doctoranytime-desarrolla-la-memoria-fotografica-con-estos-consejos\/#primaryimage"},"image":{"@id":"https:\/\/webdelmaestrocmf.com\/portal\/doctoranytime-desarrolla-la-memoria-fotografica-con-estos-consejos\/#primaryimage"},"thumbnailUrl":"https:\/\/webdelmaestrocmf.com\/portal\/wp-content\/uploads\/2021\/05\/1-copia-33.jpg","datePublished":"2021-05-24T19:24:52+00:00","dateModified":"2021-05-25T22:25:47+00:00","description":"\u00bfSab\u00edas que hay personas capaces de leer una novela completa y recordarla para siempre con total exactitud y detalle? Puede...","breadcrumb":{"@id":"https:\/\/webdelmaestrocmf.com\/portal\/doctoranytime-desarrolla-la-memoria-fotografica-con-estos-consejos\/#breadcrumb"},"inLanguage":"es","potentialAction":[{"@type":"ReadAction","target":["https:\/\/webdelmaestrocmf.com\/portal\/doctoranytime-desarrolla-la-memoria-fotografica-con-estos-consejos\/"]}]},{"@type":"ImageObject","inLanguage":"es","@id":"https:\/\/webdelmaestrocmf.com\/portal\/doctoranytime-desarrolla-la-memoria-fotografica-con-estos-consejos\/#primaryimage","url":"https:\/\/webdelmaestrocmf.com\/portal\/wp-content\/uploads\/2021\/05\/1-copia-33.jpg","contentUrl":"https:\/\/webdelmaestrocmf.com\/portal\/wp-content\/uploads\/2021\/05\/1-copia-33.jpg","width":1100,"height":680},{"@type":"BreadcrumbList","@id":"https:\/\/webdelmaestrocmf.com\/portal\/doctoranytime-desarrolla-la-memoria-fotografica-con-estos-consejos\/#breadcrumb","itemListElement":[{"@type":"ListItem","position":1,"name":"Portada","item":"https:\/\/webdelmaestrocmf.com\/portal\/"},{"@type":"ListItem","position":2,"name":"Z-Colaboradores","item":"https:\/\/webdelmaestrocmf.com\/portal\/category\/colaborador\/"},{"@type":"ListItem","position":3,"name":"[Doctoranytime] Desarrolla la memoria fotogr\u00e1fica con estos consejos"}]},{"@type":"WebSite","@id":"https:\/\/webdelmaestrocmf.com\/portal\/#website","url":"https:\/\/webdelmaestrocmf.com\/portal\/","name":"Web del Maestro CMF","description":"Maestros al servicio de la educaci\u00f3n","publisher":{"@id":"https:\/\/webdelmaestrocmf.com\/portal\/#organization"},"alternateName":"WMCMF","potentialAction":[{"@type":"SearchAction","target":{"@type":"EntryPoint","urlTemplate":"https:\/\/webdelmaestrocmf.com\/portal\/?s={search_term_string}"},"query-input":{"@type":"PropertyValueSpecification","valueRequired":true,"valueName":"search_term_string"}}],"inLanguage":"es"},{"@type":"Organization","@id":"https:\/\/webdelmaestrocmf.com\/portal\/#organization","name":"Web del Maestro CMF","alternateName":"WMCMF","url":"https:\/\/webdelmaestrocmf.com\/portal\/","logo":{"@type":"ImageObject","inLanguage":"es","@id":"https:\/\/webdelmaestrocmf.com\/portal\/#\/schema\/logo\/image\/","url":"https:\/\/webdelmaestrocmf.com\/portal\/wp-content\/uploads\/2023\/01\/logo-wmcmf-2.png","contentUrl":"https:\/\/webdelmaestrocmf.com\/portal\/wp-content\/uploads\/2023\/01\/logo-wmcmf-2.png","width":200,"height":60,"caption":"Web del Maestro CMF"},"image":{"@id":"https:\/\/webdelmaestrocmf.com\/portal\/#\/schema\/logo\/image\/"},"sameAs":["https:\/\/www.facebook.com\/WebdelMaestroCMF\/","https:\/\/x.com\/cmf_w","https:\/\/www.pinterest.com\/WMCMF\/","https:\/\/www.linkedin.com\/company\/web-del-maestro-cmf\/","https:\/\/www.instagram.com\/wmcmf\/","https:\/\/www.youtube.com\/channel\/UCDPSvjbdodE5sHnC3OxutHw","https:\/\/mastodon.social\/@wmcmf","https:\/\/www.tiktok.com\/@webdelmaestrocmf"]},{"@type":"Person","@id":"https:\/\/webdelmaestrocmf.com\/portal\/#\/schema\/person\/1072a2ed7bd960df8ef99a551fa35dc5","name":"Web del Maestro CMF","image":{"@type":"ImageObject","inLanguage":"es","@id":"https:\/\/secure.gravatar.com\/avatar\/23291dd5b5ae1077dcff3dbb04c3e02bd28403fa75af6d8787d5e97c5bbbe30b?s=96&d=mm&r=g","url":"https:\/\/secure.gravatar.com\/avatar\/23291dd5b5ae1077dcff3dbb04c3e02bd28403fa75af6d8787d5e97c5bbbe30b?s=96&d=mm&r=g","contentUrl":"https:\/\/secure.gravatar.com\/avatar\/23291dd5b5ae1077dcff3dbb04c3e02bd28403fa75af6d8787d5e97c5bbbe30b?s=96&d=mm&r=g","caption":"Web del Maestro CMF"},"description":"Esta Web se cre\u00f3 sin fines de lucro, con fines educativos, cient\u00edficos y acad\u00e9micos, para personas que tengan dificultades y\/o inconvenientes en visualizar el material original. El objetivo es entregar recursos, compartir experiencias y materiales que ayuden a los padres de familia, maestros y estudiantes en su actualizaci\u00f3n y formaci\u00f3n permanente, en bien de la Educaci\u00f3n.","sameAs":["http:\/\/webdelmaestrocmf.com\/portal","https:\/\/www.facebook.com\/WebdelMaestroCMF\/","https:\/\/www.instagram.com\/wmcmf\/","https:\/\/cl.linkedin.com\/company\/web-del-maestro-cmf","https:\/\/www.pinterest.com\/WMCMF\/publicaciones\/","https:\/\/x.com\/cmf_w","https:\/\/www.youtube.com\/@WMCMF"]}]}},"jetpack_featured_media_url":"https:\/\/webdelmaestrocmf.com\/portal\/wp-content\/uploads\/2021\/05\/1-copia-33.jpg","jetpack_sharing_enabled":true,"jetpack-related-posts":[{"id":55517,"url":"https:\/\/webdelmaestrocmf.com\/portal\/doctoranytime-los-mejores-alimentos-para-aumentar-la-concentracion\/","url_meta":{"origin":63374,"position":0},"title":"[Doctoranytime] Los mejores alimentos para aumentar la concentraci\u00f3n","author":"Web del Maestro CMF","date":"3 diciembre, 2020","format":false,"excerpt":"\u00bfAlguna vez se ha detenido a pensar que la alimentaci\u00f3n es una clave importante para aumentar la concentraci\u00f3n? El cerebro humano es graso, las conexiones nerviosas que se encuentran en \u00e9l necesitan vitaminas (principalmente del grupo B), amino\u00e1cidos y minerales. Por lo que los alimentos ricos en nutrientes, grasas (saludables)\u2026","rel":"","context":"En \u00abZ-Colaboradores\u00bb","block_context":{"text":"Z-Colaboradores","link":"https:\/\/webdelmaestrocmf.com\/portal\/category\/colaborador\/"},"img":{"alt_text":"","src":"https:\/\/i0.wp.com\/webdelmaestrocmf.com\/portal\/wp-content\/uploads\/2020\/12\/1A-Banner-1-portada-imagen-10-1-copia-3.webp?resize=350%2C200&ssl=1","width":350,"height":200,"srcset":"https:\/\/i0.wp.com\/webdelmaestrocmf.com\/portal\/wp-content\/uploads\/2020\/12\/1A-Banner-1-portada-imagen-10-1-copia-3.webp?resize=350%2C200&ssl=1 1x, https:\/\/i0.wp.com\/webdelmaestrocmf.com\/portal\/wp-content\/uploads\/2020\/12\/1A-Banner-1-portada-imagen-10-1-copia-3.webp?resize=525%2C300&ssl=1 1.5x, https:\/\/i0.wp.com\/webdelmaestrocmf.com\/portal\/wp-content\/uploads\/2020\/12\/1A-Banner-1-portada-imagen-10-1-copia-3.webp?resize=700%2C400&ssl=1 2x"},"classes":[]},{"id":56906,"url":"https:\/\/webdelmaestrocmf.com\/portal\/doctoranytime-estos-son-los-beneficios-de-leer-20-minutos-al-dia\/","url_meta":{"origin":63374,"position":1},"title":"[Doctoranytime] Estos son los beneficios de leer 20 minutos al d\u00eda","author":"Web del Maestro CMF","date":"4 enero, 2021","format":false,"excerpt":"Para muchas personas la lectura es algo muy importante y al mismo tiempo complicado, debido a que en muchas ocasiones no tienen el tiempo suficiente para leer, o al menos, eso es lo que creen. Afortunadamente, para leer se pueden encontrar diferentes momentos como al esperar la comida, antes de\u2026","rel":"","context":"En \u00abZ-Colaboradores\u00bb","block_context":{"text":"Z-Colaboradores","link":"https:\/\/webdelmaestrocmf.com\/portal\/category\/colaborador\/"},"img":{"alt_text":"","src":"https:\/\/i0.wp.com\/webdelmaestrocmf.com\/portal\/wp-content\/uploads\/2021\/01\/1-copia-20.jpg?resize=350%2C200&ssl=1","width":350,"height":200,"srcset":"https:\/\/i0.wp.com\/webdelmaestrocmf.com\/portal\/wp-content\/uploads\/2021\/01\/1-copia-20.jpg?resize=350%2C200&ssl=1 1x, https:\/\/i0.wp.com\/webdelmaestrocmf.com\/portal\/wp-content\/uploads\/2021\/01\/1-copia-20.jpg?resize=525%2C300&ssl=1 1.5x, https:\/\/i0.wp.com\/webdelmaestrocmf.com\/portal\/wp-content\/uploads\/2021\/01\/1-copia-20.jpg?resize=700%2C400&ssl=1 2x, https:\/\/i0.wp.com\/webdelmaestrocmf.com\/portal\/wp-content\/uploads\/2021\/01\/1-copia-20.jpg?resize=1050%2C600&ssl=1 3x"},"classes":[]},{"id":53450,"url":"https:\/\/webdelmaestrocmf.com\/portal\/doctoranytime-consejos-para-mejorar-la-concentracion-en-tiempos-de-covid-19\/","url_meta":{"origin":63374,"position":2},"title":"[Doctoranytime] Consejos para mejorar la concentraci\u00f3n en tiempos de COVID \u2013 19","author":"Web del Maestro CMF","date":"26 octubre, 2020","format":false,"excerpt":"A 7 meses de haber sido declarada la pandemia por el COVID\u201319, los efectos del virus se resienten; no s\u00f3lo en lo econ\u00f3mico, lo pol\u00edtico o lo m\u00e9dico, tambi\u00e9n en lo psicol\u00f3gico.\u00a0 Son varias las \u00e1reas afectadas y en esta ocasi\u00f3n nos gustar\u00eda abordar el tema de la concentraci\u00f3n ya\u2026","rel":"","context":"En \u00abZ-Colaboradores\u00bb","block_context":{"text":"Z-Colaboradores","link":"https:\/\/webdelmaestrocmf.com\/portal\/category\/colaborador\/"},"img":{"alt_text":"","src":"https:\/\/i0.wp.com\/webdelmaestrocmf.com\/portal\/wp-content\/uploads\/2020\/10\/1-copia-80.jpg?resize=350%2C200&ssl=1","width":350,"height":200,"srcset":"https:\/\/i0.wp.com\/webdelmaestrocmf.com\/portal\/wp-content\/uploads\/2020\/10\/1-copia-80.jpg?resize=350%2C200&ssl=1 1x, https:\/\/i0.wp.com\/webdelmaestrocmf.com\/portal\/wp-content\/uploads\/2020\/10\/1-copia-80.jpg?resize=525%2C300&ssl=1 1.5x, https:\/\/i0.wp.com\/webdelmaestrocmf.com\/portal\/wp-content\/uploads\/2020\/10\/1-copia-80.jpg?resize=700%2C400&ssl=1 2x, https:\/\/i0.wp.com\/webdelmaestrocmf.com\/portal\/wp-content\/uploads\/2020\/10\/1-copia-80.jpg?resize=1050%2C600&ssl=1 3x"},"classes":[]},{"id":57817,"url":"https:\/\/webdelmaestrocmf.com\/portal\/doctoranytime-a-que-inteligencia-multiple-pertenece-mi-hijo\/","url_meta":{"origin":63374,"position":3},"title":"[Doctoranytime] \u00bfA qu\u00e9 inteligencia m\u00faltiple pertenece mi hijo?","author":"Web del Maestro CMF","date":"16 enero, 2021","format":false,"excerpt":"La teor\u00eda de inteligencias m\u00faltiples se debe al psic\u00f3logo Howard Gardner ya que para \u00e9l \u201cla inteligencia no es un conjunto unitario que agrupa diferentes capacidades espec\u00edficas, pero s\u00ed una red de conjuntos aut\u00f3nomos, relativamente interrelacionados\u201d. B\u00e1sicamente esto se refiere a que la inteligencia depende de tres factores; factor biol\u00f3gico,\u2026","rel":"","context":"En \u00abZ-Colaboradores\u00bb","block_context":{"text":"Z-Colaboradores","link":"https:\/\/webdelmaestrocmf.com\/portal\/category\/colaborador\/"},"img":{"alt_text":"","src":"https:\/\/i0.wp.com\/webdelmaestrocmf.com\/portal\/wp-content\/uploads\/2021\/01\/1-copia-101.jpg?resize=350%2C200&ssl=1","width":350,"height":200,"srcset":"https:\/\/i0.wp.com\/webdelmaestrocmf.com\/portal\/wp-content\/uploads\/2021\/01\/1-copia-101.jpg?resize=350%2C200&ssl=1 1x, https:\/\/i0.wp.com\/webdelmaestrocmf.com\/portal\/wp-content\/uploads\/2021\/01\/1-copia-101.jpg?resize=525%2C300&ssl=1 1.5x, https:\/\/i0.wp.com\/webdelmaestrocmf.com\/portal\/wp-content\/uploads\/2021\/01\/1-copia-101.jpg?resize=700%2C400&ssl=1 2x, https:\/\/i0.wp.com\/webdelmaestrocmf.com\/portal\/wp-content\/uploads\/2021\/01\/1-copia-101.jpg?resize=1050%2C600&ssl=1 3x"},"classes":[]},{"id":60342,"url":"https:\/\/webdelmaestrocmf.com\/portal\/doctoranytime-usar-el-volumen-muy-alto-de-los-audifonos-durante-las-clases-podria-derivar-en-hipoacusia\/","url_meta":{"origin":63374,"position":4},"title":"[Doctoranytime] Usar el volumen muy alto de los aud\u00edfonos durante las clases podr\u00eda derivar en hipoacusia","author":"Web del Maestro CMF","date":"10 marzo, 2021","format":false,"excerpt":"Actualmente es muy com\u00fan que los aud\u00edfonos sean parte de los instrumentos que usamos para nuestra vida diaria. Sin embargo, el uso constante de estos aparatos puede desencadenar una serie de problemas que pueden tener consecuencias a largo plazo. Principalmente, es la audici\u00f3n la que se ve afectada. El t\u00e9rmino\u2026","rel":"","context":"En \u00abZ-Colaboradores\u00bb","block_context":{"text":"Z-Colaboradores","link":"https:\/\/webdelmaestrocmf.com\/portal\/category\/colaborador\/"},"img":{"alt_text":"aud\u00edfonos","src":"https:\/\/i0.wp.com\/webdelmaestrocmf.com\/portal\/wp-content\/uploads\/2021\/03\/1-copia-17.jpg?resize=350%2C200&ssl=1","width":350,"height":200,"srcset":"https:\/\/i0.wp.com\/webdelmaestrocmf.com\/portal\/wp-content\/uploads\/2021\/03\/1-copia-17.jpg?resize=350%2C200&ssl=1 1x, https:\/\/i0.wp.com\/webdelmaestrocmf.com\/portal\/wp-content\/uploads\/2021\/03\/1-copia-17.jpg?resize=525%2C300&ssl=1 1.5x, https:\/\/i0.wp.com\/webdelmaestrocmf.com\/portal\/wp-content\/uploads\/2021\/03\/1-copia-17.jpg?resize=700%2C400&ssl=1 2x, https:\/\/i0.wp.com\/webdelmaestrocmf.com\/portal\/wp-content\/uploads\/2021\/03\/1-copia-17.jpg?resize=1050%2C600&ssl=1 3x"},"classes":[]},{"id":60823,"url":"https:\/\/webdelmaestrocmf.com\/portal\/doctoranytime-como-reconocer-una-autoestima-baja-en-mi-hijo\/","url_meta":{"origin":63374,"position":5},"title":"[Doctoranytime] C\u00f3mo reconocer una autoestima baja en mi hijo","author":"Web del Maestro CMF","date":"21 marzo, 2021","format":false,"excerpt":"El tema de la autoestima en nuestros hijos, es de suma importancia que se cuide y que se tenga presente cultivar, ya que de ello depende la confianza y una parte del bienestar de nuestros hijos. Un ni\u00f1o que es apoyado para tener autoestima alta, es espont\u00e1neo, alegre, expresa su\u2026","rel":"","context":"En \u00abZ-Colaboradores\u00bb","block_context":{"text":"Z-Colaboradores","link":"https:\/\/webdelmaestrocmf.com\/portal\/category\/colaborador\/"},"img":{"alt_text":"","src":"https:\/\/i0.wp.com\/webdelmaestrocmf.com\/portal\/wp-content\/uploads\/2021\/03\/1-115.jpg?resize=350%2C200&ssl=1","width":350,"height":200,"srcset":"https:\/\/i0.wp.com\/webdelmaestrocmf.com\/portal\/wp-content\/uploads\/2021\/03\/1-115.jpg?resize=350%2C200&ssl=1 1x, https:\/\/i0.wp.com\/webdelmaestrocmf.com\/portal\/wp-content\/uploads\/2021\/03\/1-115.jpg?resize=525%2C300&ssl=1 1.5x, https:\/\/i0.wp.com\/webdelmaestrocmf.com\/portal\/wp-content\/uploads\/2021\/03\/1-115.jpg?resize=700%2C400&ssl=1 2x, https:\/\/i0.wp.com\/webdelmaestrocmf.com\/portal\/wp-content\/uploads\/2021\/03\/1-115.jpg?resize=1050%2C600&ssl=1 3x"},"classes":[]}],"_links":{"self":[{"href":"https:\/\/webdelmaestrocmf.com\/portal\/wp-json\/wp\/v2\/posts\/63374","targetHints":{"allow":["GET"]}}],"collection":[{"href":"https:\/\/webdelmaestrocmf.com\/portal\/wp-json\/wp\/v2\/posts"}],"about":[{"href":"https:\/\/webdelmaestrocmf.com\/portal\/wp-json\/wp\/v2\/types\/post"}],"author":[{"embeddable":true,"href":"https:\/\/webdelmaestrocmf.com\/portal\/wp-json\/wp\/v2\/users\/1"}],"replies":[{"embeddable":true,"href":"https:\/\/webdelmaestrocmf.com\/portal\/wp-json\/wp\/v2\/comments?post=63374"}],"version-history":[{"count":0,"href":"https:\/\/webdelmaestrocmf.com\/portal\/wp-json\/wp\/v2\/posts\/63374\/revisions"}],"wp:featuredmedia":[{"embeddable":true,"href":"https:\/\/webdelmaestrocmf.com\/portal\/wp-json\/wp\/v2\/media\/63376"}],"wp:attachment":[{"href":"https:\/\/webdelmaestrocmf.com\/portal\/wp-json\/wp\/v2\/media?parent=63374"}],"wp:term":[{"taxonomy":"category","embeddable":true,"href":"https:\/\/webdelmaestrocmf.com\/portal\/wp-json\/wp\/v2\/categories?post=63374"},{"taxonomy":"post_tag","embeddable":true,"href":"https:\/\/webdelmaestrocmf.com\/portal\/wp-json\/wp\/v2\/tags?post=63374"}],"curies":[{"name":"wp","href":"https:\/\/api.w.org\/{rel}","templated":true}]}}