{"id":63369,"date":"2021-05-24T15:09:07","date_gmt":"2021-05-24T19:09:07","guid":{"rendered":"https:\/\/webdelmaestrocmf.com\/portal\/?p=63369"},"modified":"2021-05-25T09:33:20","modified_gmt":"2021-05-25T13:33:20","slug":"alexander-ortiz-como-aprende-el-cerebro-humano-y-como-deberian-ensenar-los-docentes","status":"publish","type":"post","link":"https:\/\/webdelmaestrocmf.com\/portal\/alexander-ortiz-como-aprende-el-cerebro-humano-y-como-deberian-ensenar-los-docentes\/","title":{"rendered":"[Alexander Ortiz] \u00bfQu\u00e9 significa formar al ser humano?"},"content":{"rendered":"<h5 style=\"text-align: justify;\">No son pocos los pensadores, educadores y pedagogos latinoamericanos que se adelantaron al nuevo siglo, superaron las exigencias de su \u00e9poca y plantearon en sus respectivos tiempos sus preocupaciones por el divorcio entre las exigencias de la \u00e9poca y la educaci\u00f3n. Podr\u00edamos mencionar a Sim\u00f3n Rodr\u00edguez (Venezuela), Altamirano y Barreda (M\u00e9xico), Eugenio Mar\u00eda de Hostos (Puerto Rico), el presb\u00edtero F\u00e9lix Valera (Cuba) y Jos\u00e9 de la Luz y Caballero\u00a0 (Cuba). Sin embargo, Jos\u00e9 Mart\u00ed tiene el gran m\u00e9rito de la s\u00edntesis, ya que pudo integrar el pensamiento pedag\u00f3gico progresista del mundo y de Am\u00e9rica Latina y nos leg\u00f3 en sus obras una fuente incomparable para obtener tesis y valoraciones que nos proyecten hacia el futuro.<\/h5>\n<p><!--more--><\/p>\n<p style=\"text-align: justify;\">Jos\u00e9 Mart\u00ed sit\u00faa al ser humano en el contexto hist\u00f3rico-social en que vive, su felicidad no se completa sino dentro de la sociedad y en su contribuci\u00f3n al mejoramiento y transformaci\u00f3n de la misma. Su pensamiento se sintetiza al expresar que \u201cel amor es el lazo de los hombres, el modo de ense\u00f1ar y el centro del mundo\u201d, expresi\u00f3n que se realza cuando enuncia que \u201cla ense\u00f1anza, \u00bfqui\u00e9n no lo sabe?, es ante todo una obra de infinito amor\u201d<\/p>\n<p style=\"text-align: justify;\">El pensamiento educativo martiano declara adem\u00e1s que la educaci\u00f3n es un derecho y un deber humano, y que debe estar vinculada a la \u00e9poca, a la vida, a la transformaci\u00f3n social y a la felicidad del ser humano. Supo profundizar y sacar a la luz la esencia de la pedagog\u00eda que necesitamos en este tercer milenio: la integraci\u00f3n del sentimiento y el pensamiento en la educaci\u00f3n.<\/p>\n<p style=\"text-align: justify;\">Analicemos los siguientes fragmentos de la obra martiana para que sepamos aquilatar su valor educativo en el siglo XXI:<\/p>\n<p style=\"text-align: justify;\">\u201cLa educaci\u00f3n empieza con la vida y no acaba sino con la muerte. El cuerpo es siempre el mismo, y decae con la edad; la mente cambia sin cesar, y se enriquece y perfecciona con los a\u00f1os. Pero las cualidades esenciales del car\u00e1cter, lo original y energ\u00e9tico de cada hombre, se deja ver desde la infancia en un acto, en una idea, en una mirada\u201d.<\/p>\n<p style=\"text-align: justify;\">\u201cEsta educaci\u00f3n directa y sana; esta aplicaci\u00f3n de la inteligencia que inquiere a la naturaleza que responde; este empleo despreocupado y sereno de la mente en la investigaci\u00f3n de todo lo que salta a ella, la estimula y le da modos de vida; este pleno y equilibrado ejercicio del hombre, de manera que sea como de s\u00ed mismo puede ser, y no como los dem\u00e1s ya fueron; esta educaci\u00f3n natural, quisi\u00e9ramos para todos los pa\u00edses nuevos de la Am\u00e9rica\u201d.<\/p>\n<p style=\"text-align: justify;\">\u201cEl remedio est\u00e1 en desenvolver a la vez la inteligencia del ni\u00f1o y sus cualidades de amor y pasi\u00f3n, con la ense\u00f1anza ordenada y pr\u00e1ctica de los elementos activos de la existencia en que ha de combatir, y la manera de utilizarlos y moverlos\u201d.<\/p>\n<p style=\"text-align: justify;\">\u201c\u00bfNo deber\u00e1 ser toda la educaci\u00f3n, desde su primer arranque en las clases primarias, se preguntan otros, dispuesta de tal modo que desenvuelva libre y ordenadamente la inteligencia, el sentimiento y la mano de los ni\u00f1os?\u201d<\/p>\n<p style=\"text-align: justify;\">\u201cTener talento es tener buen coraz\u00f3n; el que tiene buen coraz\u00f3n \u00e9se es el que tiene talento (&#8230;) Los buenos son los que ganan a la larga\u201d.<\/p>\n<p style=\"text-align: justify;\">\u201cNo hay monstruos mayores que aquellos en que la inteligencia est\u00e1 divorciada del coraz\u00f3n\u201d .<\/p>\n<p style=\"text-align: justify;\">\u201cEl pueblo m\u00e1s feliz es el que tenga mejor educados a sus hijos, en la instrucci\u00f3n del pensamiento,\u00a0 y en la direcci\u00f3n de los sentimientos\u201d.<\/p>\n<p style=\"text-align: justify;\">Como se aprecia en estas frases, en la obra martiana podemos encontrar una riqueza extraordinaria acerca de la educaci\u00f3n, la ense\u00f1anza y c\u00f3mo proyectarnos en el proceso de formaci\u00f3n de nuestros ni\u00f1os y j\u00f3venes. Como resultado de su sistematizaci\u00f3n hemos valorado un conjunto de postulados importantes, de los cuales tomamos doce que tambi\u00e9n sustentan la alternativa educativa presentada en este art\u00edculo:<\/p>\n<ul style=\"text-align: justify;\">\n<li>Los ni\u00f1os saben m\u00e1s de lo que parece.<\/li>\n<li>Lo que importa es que el ni\u00f1o quiera saber.<\/li>\n<li>No se sabe bien sino lo que se descubre.<\/li>\n<li>Que los ni\u00f1os no vean, no toquen, no piensen en nada que no sepan expresar.<\/li>\n<li>La mente es como las ruedas de los carros, y como la palabra: se enciende con el ejercicio.<\/li>\n<li>Que la escuela sea sabrosa y \u00fatil.<\/li>\n<li>Sin pan se vive, sin amor, \u00a1no!<\/li>\n<li>El cari\u00f1o es la m\u00e1s elocuente de todas las gram\u00e1ticas.<\/li>\n<li>Los conocimientos se fijan m\u00e1s, en tanto se les da una forma m\u00e1s amena.<\/li>\n<li>Siendo tiernos, elaboramos la ternura que hemos de gozar nosotros.<\/li>\n<li>Las cualidades morales suben de precio cuando van acompa\u00f1adas de cualidades inteligentes.<\/li>\n<li>El fin de la educaci\u00f3n no es hacer el ser humano desdichado, sino hacerlo feliz.<\/li>\n<\/ul>\n<p style=\"text-align: justify;\">La Educaci\u00f3n, entendida como fen\u00f3meno de car\u00e1cter social refleja, de manera m\u00e1s o menos expl\u00edcita, el grado de desarrollo econ\u00f3mico, pol\u00edtico y social alcanzado por la humanidad en un per\u00edodo hist\u00f3rico concreto.<\/p>\n<p style=\"text-align: justify;\">La Educaci\u00f3n constituye un fen\u00f3meno social que se manifiesta en m\u00faltiples formas, como praxis social, y a niveles sociales totalmente distintos. No se limita a determinada \u00e9poca de la vida ni a una \u00fanica esfera de la vida. Se manifiesta tanto de forma espont\u00e1nea como (en creciente medida) de forma institucionalizada y organizada. De aqu\u00ed que cualquier an\u00e1lisis sobre la Educaci\u00f3n debe partir, necesariamente, del estudio y caracterizaci\u00f3n de la sociedad en que ella se desarrolla, de sus problemas y contradicciones esenciales, que dan lugar y constituyen el fundamento de todo el sistema de educaci\u00f3n social.<\/p>\n<p style=\"text-align: justify;\">Tradicionalmente se consider\u00f3 la educaci\u00f3n desde la perspectiva individual. Esta concepci\u00f3n, pr\u00e1cticamente \u00fanica hasta mediados del siglo XIX, establec\u00eda como objetivo de la educaci\u00f3n el perfeccionamiento de la persona y la posibilidad del logro de su plenitud humana, a trav\u00e9s del \u00e9xito en la vida.<\/p>\n<p style=\"text-align: justify;\">El desarrollo de las corrientes filos\u00f3ficas de finales del siglo XIX dirigi\u00f3 el estudio de los fen\u00f3menos de la educaci\u00f3n hacia su relaci\u00f3n con los procesos de socializaci\u00f3n e individualizaci\u00f3n del ser humano. La Pedagog\u00eda acus\u00f3 la nueva direcci\u00f3n y se interes\u00f3 por la socializaci\u00f3n del individuo, tratando de contribuir a la implantaci\u00f3n de una sociedad m\u00e1s justa y promover el desarrollo social.<\/p>\n<p style=\"text-align: justify;\">Aun cuando no puede considerarse que la educaci\u00f3n sea el factor determinante del desarrollo social, hoy se reconoce su influencia en todos los procesos de cambio. La educaci\u00f3n es un hecho social&#8230; la educaci\u00f3n dada por cada pueblo es hija de sus circunstancias sociales, hall\u00e1ndose vinculada a las necesidades a que \u00e9l se ve sometido y a la idea que se forja de la vida y las personas. En consecuencia la educaci\u00f3n y la ense\u00f1anza pueden considerarse manifestaciones espec\u00edficas de la vida del hombre en todas las esferas de la sociedad, como parte integrante de su verdadero proceso vital, sin que por ello deba considerarse que la educaci\u00f3n abarca todas las formas de la mutua influencia de los hombres.<\/p>\n<p style=\"text-align: justify;\">Siendo entonces la educaci\u00f3n una forma determinada del comportamiento social y, por tanto, un tipo espec\u00edfico de relaci\u00f3n social, su estudio no puede realizarse si no a partir de las condiciones sociales que le dan origen, que constituyen el marco hist\u00f3rico concreto de su existencia y desarrollo.<\/p>\n<p style=\"text-align: justify;\">Las relaciones entre la Educaci\u00f3n y la Sociedad deben analizarse en dos planos diferentes entre s\u00ed: en primer lugar la influencia de la sociedad como base objetiva del proceso de educaci\u00f3n del individuo, con el fin de lograr su integraci\u00f3n al contexto social; en segundo lugar la influencia de la Educaci\u00f3n en el proceso de desarrollo de la sociedad, entendiendo a la primera tanto como factor del progreso econ\u00f3mico y cient\u00edfico-t\u00e9cnico de la sociedad, como tambi\u00e9n factor de desarrollo de la cultura, de los valores \u00e9ticos y en definitiva, del crecimiento espiritual de la misma sociedad.<\/p>\n<p style=\"text-align: justify;\">La educaci\u00f3n es a la vez producto de la sociedad y productora de esa misma sociedad. De esta manera, las influencias entre la sociedad y la Educaci\u00f3n s\u00f3lo pueden entenderse como una interacci\u00f3n rec\u00edproca, una interdependencia que se manifiesta compleja y diversa.<\/p>\n<p style=\"text-align: justify;\">\u201cEducar es depositar en cada hombre toda la obra humana que le ha antecedido, es hacer a cada hombre resumen del mundo viviente hasta el d\u00eda en que vive, es ponerlo a nivel de su tiempo para que flote sobre \u00e9l y no dejarlo debajo de su tiempo con lo que no podr\u00e1 salir a flote; es preparar al hombre para la vida\u201d (Jos\u00e9 Mart\u00ed)<\/p>\n<p style=\"text-align: justify;\">Resulta evidente que en este pensamiento se percibe la idea sobre la educaci\u00f3n para la vida, la cual tiene amplia vigencia en Latinoam\u00e9rica, de modo que se debe ense\u00f1ar al hombre a que comprenda su \u00e9poca, que sea capaz de ser din\u00e1mico y creativo para que pueda \u201csalir a flote\u201d en la soluci\u00f3n de problemas sociales en que vive. Mart\u00ed precis\u00f3, tambi\u00e9n, las caracter\u00edsticas generales de la educaci\u00f3n, plante\u00f3 que \u00e9sta deb\u00eda estar relacionada con la \u00e9poca y que debe ser objetiva, cient\u00edfica y desarrolladora.<\/p>\n<p style=\"text-align: justify;\">La educaci\u00f3n es un proceso conscientemente organizado, dirigido y sistematizado sobre la base de una concepci\u00f3n pedag\u00f3gica determinada, que se plantea como un objetivo m\u00e1s general la formaci\u00f3n multilateral y arm\u00f3nica del educando para que se integre a la sociedad en que vive y la transforme: el n\u00facleo esencial de esa formaci\u00f3n ha de ser la riqueza moral.<\/p>\n<p style=\"text-align: justify;\">En efecto, la educaci\u00f3n no puede ser un proceso espont\u00e1neo, por el contrario, debe estar organizado, dirigido y sistematizado sobre la base de una concepci\u00f3n pedag\u00f3gica determinada, cuya finalidad o meta es la formaci\u00f3n del estudiante. De esta forma, cuando se habla de formaci\u00f3n se est\u00e1 expresando la idea del equilibrio y proporcionalidad que debe existir en cada uno de los componentes del desarrollo integral del ser humano: la dimensi\u00f3n afectiva, la dimensi\u00f3n cognitiva y la dimensi\u00f3n instrumental.<\/p>\n<p style=\"text-align: justify;\">Esta formaci\u00f3n tiene como n\u00facleo b\u00e1sico o eje esencial la riqueza moral y debe tener como objetivo, integrarlo a la sociedad en que vive, para que contribuya a la transformaci\u00f3n de \u00e9sta, mediante la pr\u00e1ctica de sus valores y asumiendo actitudes consecuentes, basadas en sus afectos, emociones y sentimientos positivos.<\/p>\n<p style=\"text-align: justify;\">La formaci\u00f3n humana es el proceso a trav\u00e9s del cual se configuran las configuraciones cerebrales, formando as\u00ed sistemas de configuraciones afectivas, cognitivas e instrumentales que le permitan al ser humano crear y\/o modificar las redes y circuitos de comunicaci\u00f3n neuronal en funci\u00f3n de facilitar el aprendizaje aut\u00f3nomo, aut\u00e9ntico y neuroconfigurador.<\/p>\n<p style=\"text-align: justify;\">Partiendo de lo anterior, uno de los objetivos de la educaci\u00f3n actual deber\u00eda producir buenos aprendices aut\u00f3nomos (esto es, gente que tiene la habilidad y motivaci\u00f3n para aprender por s\u00ed misma), m\u00e1s que el de llegar a contar con individuos que han adquirido mucho conocimiento pero que no saben c\u00f3mo utilizarlo.<\/p>\n<p style=\"text-align: justify;\">\u00bfC\u00f3mo lograr entonces que las organizaciones educativas aprovechen y desarrollen suficientemente toda la experiencia afectiva, volitiva y cognitiva que tiene estudiante?<\/p>\n<p style=\"text-align: justify;\">\u00bfQu\u00e9 hacer para que el estudiante cumpla en la instituci\u00f3n educativa los sue\u00f1os, anhelos y expectativas que se ha formado sobre ella en el per\u00edodo preparatorio a su ingreso?<\/p>\n<p style=\"text-align: justify;\">\u00bfC\u00f3mo lograr que el estudiante se autoestime, se respete a s\u00ed mismo como individualidad, se autocontrole, respete los derechos de los dem\u00e1s y se relacione adecuadamente con quienes los rodean?<\/p>\n<p style=\"text-align: justify;\">\u00bfC\u00f3mo mantener el inter\u00e9s del estudiante por descubrir el porqu\u00e9 de cada hecho y fen\u00f3meno de la vida que les rodea y mantenga vivo el talento, la espontaneidad y la creatividad que demostr\u00f3 tener en edades tempranas?<\/p>\n<p style=\"text-align: justify;\">\u00bfC\u00f3mo puede la organizaci\u00f3n educativa desarrollar a un nivel cualitativamente superior el mundo sentimental, emocional e intelectual del estudiante y su manera de actuar?<\/p>\n<p style=\"text-align: justify;\">Ense\u00f1ar exige respeto a la autonom\u00eda del ser del educando; el respeto a la autonom\u00eda y a la dignidad de cada uno es un imperativo \u00e9tico y no un favor que podemos o no concedernos unos a los otros. El profesor que menosprecia la curiosidad del educando, su gusto est\u00e9tico, su lenguaje, m\u00e1s precisamente su sintaxis y su prosodia; el profesor que trata con iron\u00eda al alumno, que lo minimiza, que lo manda ponerse en su lugar al m\u00e1s leve indicio de su rebeld\u00eda leg\u00edtima, as\u00ed como el profesor que elude el cumplimiento de su deber de poner l\u00edmites a la libertad del alumno, que esquiva el deber de ense\u00f1ar, de estar respetuosamente presente en la experiencia formadora del educando, transgrede los principios fundamentalmente \u00e9ticos de nuestra existencia\u201d (Pablo Freire).<\/p>\n<p style=\"text-align: justify;\">Contra el mecanicismo, el autoritarismo, el formalismo, la competitividad, la disciplina y la falta de reflexi\u00f3n de la escuela tradicional se levantaron las voces de los pedagogos desde fines del siglo XIX y comienzos del XX. Dewey (1859 &#8211; 1952) en Estados Unidos, Clapar\u00e9de (1873 \u2013 1940) y Ferriere (1879 \u2013 1960) en Suiza, Cousinet (1881 \u2013 1973) y Freinet (1896 \u2013 1966) en Francia, Decroly (1871 \u2013 1932) en B\u00e9lgica, y Montessori (1870 \u2013 1952) en Italia, son los primeros y principales exponentes de la concepci\u00f3n pedag\u00f3gica que se autodenomin\u00f3 como Escuela Nueva, pero que a partir de 1921 es reconocida en el mundo como Escuela Activa.<\/p>\n<p style=\"text-align: justify;\">John Dewey introdujo en Estados Unidos en 1909 ideas acerca de c\u00f3mo pensar, plantea utilizar en la pedagog\u00eda las conclusiones cient\u00edficas de los psic\u00f3logos acerca de que el pensamiento es la soluci\u00f3n de problemas. En Colombia, el principal gestor de dicha concepci\u00f3n fue Agust\u00edn Nieto Caballero (1889 \u2013 1975). Posteriormente se destacan Manoel Bergstrom Lourenco, en Brazil, Jos\u00e9 Rezzano en Argentina y Miguel Aguado, en Puerto Rico.<\/p>\n<p style=\"text-align: justify;\">Por otro lado, muchos a\u00f1os antes, ya Sim\u00f3n Rodr\u00edguez (Venezuela), Altamirano y Barreda (M\u00e9xico), Eugenio Mar\u00eda de Hostos (Puerto Rico), y los cubanos, el Padre Jos\u00e9 Agust\u00edn Caballero (1762 \u2013 1835), el presb\u00edtero F\u00e9lix Valera (1788 \u2013 1853), Jos\u00e9 de la Luz y Caballero (1800 \u2013 1862), Enrique Jos\u00e9 Varona (1849 \u2013 1933), y Jos\u00e9 Mart\u00ed P\u00e9rez (1853 \u2013 1895), plantearon en sus respectivos tiempos sus preocupaciones por el divorcio entre las exigencias de la \u00e9poca y la educaci\u00f3n, adelant\u00e1ndose as\u00ed al nuevo siglo y superando las exigencias de su \u00e9poca. Adem\u00e1s, J. A. Comenius (1592 \u2013 1670), considerado por muchos el padre de la Did\u00e1ctica, introduce desde el siglo XVI, ideas en contra del dogmatismo en la ense\u00f1anza, plantea ense\u00f1ar a los ni\u00f1os a pensar con su propia inteligencia.<\/p>\n<p style=\"text-align: justify;\">Tambi\u00e9n desarroll\u00f3 una importante lucha en este sentido J. J. Rousseau (1712 \u2013 1778), quien exig\u00eda m\u00e9todos de ense\u00f1anza que tuvieran en cuenta las particularidades del estudiante y se estableciera una estrecha relaci\u00f3n de la ense\u00f1anza con la vida. Su teor\u00eda de la educaci\u00f3n condujo a m\u00e9todos de ense\u00f1anza infantil m\u00e1s permisivos y de mayor orientaci\u00f3n psicol\u00f3gica, defend\u00eda el aprendizaje a trav\u00e9s de la experiencia m\u00e1s que por el an\u00e1lisis.<\/p>\n<p style=\"text-align: justify;\">A principios del siglo XIX el pedagogo sueco J. H. Pestalozzi (1746 \u2013 1827) difundi\u00f3 ideas encaminadas a activar el aprendizaje de los estudiantes mediante la observaci\u00f3n, la generalizaci\u00f3n y las conclusiones personales para desarrollar el pensamiento de \u00e9stos. Planteaba que el ni\u00f1o deb\u00eda ser guiado para aprender a trav\u00e9s de la pr\u00e1ctica y la observaci\u00f3n, y por medio de la utilizaci\u00f3n natural de los sentidos.<\/p>\n<p style=\"text-align: justify;\">El pedagogo Alem\u00e1n A. Diesterweg (1790 \u2013 1866) dec\u00eda que el mal maestro informa la verdad, mientras que el bueno ense\u00f1a c\u00f3mo encontrarla.<\/p>\n<p style=\"text-align: justify;\">Por otra parte, el gran pedagogo ruso K. D. Ushinski (1824 \u2013 1870) cre\u00f3 un sistema did\u00e1ctico dirigido al desarrollo de las fuerzas intelectuales de los estudiantes, a fin de que \u00e9stos pudieran adquirir nuevos conocimientos de forma independiente.<\/p>\n<p style=\"text-align: justify;\">En la segunda mitad del siglo XIX el pedagogo ingl\u00e9s Armstrong introdujo en la ense\u00f1anza de la Qu\u00edmica el llamado m\u00e9todo heur\u00edstico para desarrollar el pensamiento de los estudiantes. De esta forma critic\u00f3 los m\u00e9todos escol\u00e1sticos.<\/p>\n<p style=\"text-align: justify;\">La aspiraci\u00f3n de estimular la actividad cognoscitiva y en consecuencia ense\u00f1ar a pensar est\u00e1 contenida en el ideario pedag\u00f3gico latinoamericano, enriquecido con las sabias observaciones del Padre Jos\u00e9 Agust\u00edn Caballero (1762 \u2013 1835), quien se manifest\u00f3 en contra del dogmatismo y en pro de reformas en los estudios universitarios.<\/p>\n<p style=\"text-align: justify;\">El ilustre pensador, el presb\u00edtero F\u00e9lix Varela (1788 \u2013 1853), sostuvo ideas progresistas respecto a la educaci\u00f3n, se opuso al escolasticismo imperante en el ambiente filos\u00f3fico de su tiempo, planteaba que al hombre hay que ense\u00f1arlo a pensar desde ni\u00f1o.<\/p>\n<p style=\"text-align: justify;\">En la obra del insigne pedagogo Jos\u00e9 de la Luz y Caballero\u00a0 (1800 \u2013 1862) existen criterios de avanzada sobre los m\u00e9todos de ense\u00f1anza y sobre el trabajo, y a la juventud le ped\u00eda que no repitiera ni aprendiera de memoria. Desarroll\u00f3 un pensamiento de marcado car\u00e1cter empirista.<\/p>\n<p style=\"text-align: justify;\">Tambi\u00e9n se observan criterios destacados en Enrique Jos\u00e9 Varona (1849 \u2013 1933), quien insist\u00eda en la necesidad de instrumentar m\u00e9todos cient\u00edficos en la ense\u00f1anza con el objetivo de desarrollar a los individuos, prepararlos para la vida y despertar en ellos los est\u00edmulos necesarios para impulsar el trabajo.<\/p>\n<p style=\"text-align: justify;\">El ideario pedag\u00f3gico de Jos\u00e9 Mart\u00ed (1853-1895) es muy importante en la historia de la educaci\u00f3n en Am\u00e9rica Latina. Al referirse a la escuela del siglo XIX, Mart\u00ed expres\u00f3: \u201c\u00a1De memoria! As\u00ed rapan los intelectos como las cabezas. As\u00ed sofocan la persona del ni\u00f1o, en vez de facilitar el movimiento y expresi\u00f3n de la originalidad que cada criatura trae en s\u00ed; as\u00ed producen una uniformidad repugnante y est\u00e9ril y una especie de librea de las inteligencias\u201d.<\/p>\n<p style=\"text-align: justify;\"><strong>NOTA DE REDACCI\u00d3N: <\/strong>La Web del Maestro CMF publica los textos originales de su autor, no necesariamente coincide con lo expuesto en el tema, y no se hace responsable de las opiniones expresadas.<\/p>\n<table class=\" alignleft\" border=\"0\" width=\"100%\" cellspacing=\"10\" cellpadding=\"10\">\n<tbody>\n<tr>\n<td style=\"text-align: center;\" width=\"30%\"><strong><img loading=\"lazy\" decoding=\"async\" class=\"size-full wp-image-50550 aligncenter\" src=\"https:\/\/webdelmaestrocmf.com\/portal\/wp-content\/uploads\/2020\/08\/1-copia-68.jpg\" alt=\"\" width=\"200\" height=\"200\" srcset=\"https:\/\/webdelmaestrocmf.com\/portal\/wp-content\/uploads\/2020\/08\/1-copia-68.jpg 200w, https:\/\/webdelmaestrocmf.com\/portal\/wp-content\/uploads\/2020\/08\/1-copia-68-150x150.jpg 150w, https:\/\/webdelmaestrocmf.com\/portal\/wp-content\/uploads\/2020\/08\/1-copia-68-80x80.jpg 80w, https:\/\/webdelmaestrocmf.com\/portal\/wp-content\/uploads\/2020\/08\/1-copia-68-110x110.jpg 110w, https:\/\/webdelmaestrocmf.com\/portal\/wp-content\/uploads\/2020\/08\/1-copia-68-160x160.jpg 160w\" sizes=\"auto, (max-width: 200px) 100vw, 200px\" \/><br \/>\nAutor:<\/strong> Alexander Ortiz Oca\u00f1a, ciudadano cubano-colombiano.<br \/>\nUniversidad del Magdalena Santa Marta, Colombia<br \/>\nDoctor en Ciencias Pedag\u00f3gicas, Universidad Pedag\u00f3gica de Holgu\u00edn, Cuba. Doctor Honoris Causa en Iberoam\u00e9rica, Consejo Iberoamericano en Honor a la Calidad Educativa (CIHCE), Lima. Per\u00fa. Mag\u00edster en Gesti\u00f3n Educativa en Iberoam\u00e9rica, CIHCE, Lima, Per\u00fa. Mag\u00edster en Pedagog\u00eda Profesional, Universidad Pedag\u00f3gica y Tecnol\u00f3gica de la Habana. Licenciado en Educaci\u00f3n.<br \/>\n<strong style=\"font-family: inherit; font-size: inherit; background-color: transparent;\">Correo electr\u00f3nico:<\/strong> <a style=\"font-family: inherit; font-size: inherit; background-color: transparent;\" href=\"mailto:aortiz@unimagdalena.edu.co\">aortiz@unimagdalena.edu.co<\/a><span style=\"font-family: inherit; font-size: inherit; background-color: transparent;\"> \/ <a href=\"mailto:alexanderortiz5000@gmail.com\">alexanderortiz5000@gmail.com<\/a><\/span><\/td>\n<\/tr>\n<\/tbody>\n<\/table>\n<p style=\"text-align: left;\">.<\/p>\n\t\t<div class=\"pk-inline-posts\">\n\t\t\t\n\t\t\t<div class=\"pk-inline-posts-container pk-inline-posts-template-list\"\n\t\t\t\tdata-columns=\"1\">\n\t\t\t\t\t\t<article id=\"post-105999\" class=\"post-105999 post type-post status-publish format-standard has-post-thumbnail category-colaborador category-z-colaboradores-alexander-ortiz tag-alexander-ortiz tag-exhala tag-inhala tag-respira tag-suspira cs-entry cs-video-wrap\">\n\t\t\t<div class=\"pk-post-outer\">\n\n\t\t\t\t\t\t\t\t<div class=\"pk-post-inner\">\n\t\t\t\t\t<div class=\"entry-thumbnail\">\n\t\t\t\t\t\t<div class=\"pk-overlay pk-overlay-ratio pk-ratio-landscape\">\n\t\t\t\t\t\t\t<div class=\"pk-overlay-background\">\n\t\t\t\t\t\t\t\t<a href=\"https:\/\/webdelmaestrocmf.com\/portal\/alexander-ortiz-el-giro-emocional-devolverse-hacia-la-apertura-mental-mediante-la-estrategia-ries-respira-inhala-exhala-y-suspira\/\" class=\"pk-overlay-link\">\n\t\t\t\t\t\t\t\t\t<img loading=\"lazy\" decoding=\"async\" width=\"300\" height=\"225\" src=\"https:\/\/webdelmaestrocmf.com\/portal\/wp-content\/uploads\/2024\/06\/Banner-1-portada-imagen-10-1-2024-06-12T215842.738-300x225.jpg\" class=\"attachment-pk-thumbnail size-pk-thumbnail wp-post-image\" alt=\"\" \/>\t\t\t\t\t\t\t\t<\/a>\n\t\t\t\t\t\t\t<\/div>\n\t\t\t\t\t\t<\/div>\n\t\t\t\t\t<\/div>\n\t\t\t\t<\/div>\n\t\t\t\t\n\t\t\t\t<div class=\"pk-post-inner\">\n\t\t\t\t\t<header>\n\t\t\t\t\t\t<h3 class=\"pk-title\"><a href=\"https:\/\/webdelmaestrocmf.com\/portal\/alexander-ortiz-el-giro-emocional-devolverse-hacia-la-apertura-mental-mediante-la-estrategia-ries-respira-inhala-exhala-y-suspira\/\" rel=\"bookmark\">[Alexander Ortiz] El giro emocional: devolverse hacia la apertura mental, mediante la Estrategia R\u00cdES: Respira, Inhala, Exhala y Suspira.<\/a><\/h3>\t\t\t\t\t<\/header><!-- .entry-header -->\n\t\t\t\t<\/div><!-- .post-inner -->\n\n\t\t\t<\/div><!-- .post-outer -->\n\t\t<\/article>\n\t\t\t\t<\/div>\n\t\t<\/div>\n\t\t\n","protected":false},"excerpt":{"rendered":"No son pocos los pensadores, educadores y pedagogos latinoamericanos que se adelantaron al nuevo siglo, superaron las exigencias&hellip;","protected":false},"author":1,"featured_media":63370,"comment_status":"open","ping_status":"closed","sticky":false,"template":"","format":"standard","meta":{"csco_display_header_overlay":false,"csco_singular_sidebar":"default","csco_page_header_type":"default","csco_page_load_nextpost":"default","csco_post_video_location":[],"csco_post_video_location_hash":"","csco_post_video_url":"","csco_post_video_bg_start_time":0,"csco_post_video_bg_end_time":0,"csco_post_video_bg_volume":false,"_jetpack_memberships_contains_paid_content":false,"footnotes":""},"categories":[1790,5156],"tags":[5141,50,662,4391,58,51,4372],"class_list":{"0":"post-63369","1":"post","2":"type-post","3":"status-publish","4":"format-standard","5":"has-post-thumbnail","7":"category-colaborador","8":"category-z-colaboradores-alexander-ortiz","9":"tag-alexander-ortiz","10":"tag-aprende","11":"tag-cerebro","12":"tag-deberian","13":"tag-docentes","14":"tag-ensenar","15":"tag-humano","16":"cs-entry","17":"cs-video-wrap"},"yoast_head":"<!-- This site is optimized with the Yoast SEO plugin v27.5 - https:\/\/yoast.com\/product\/yoast-seo-wordpress\/ -->\n<title>[Alexander Ortiz] \u00bfQu\u00e9 significa formar al ser humano? - 2026<\/title>\n<meta name=\"description\" content=\"El cerebro humano es la estructura f\u00edsica m\u00e1s compleja, hol\u00edstica, sist\u00e9mica y dial\u00e9ctica del universo. Uno de los m\u00e1s importantes...\" \/>\n<meta name=\"robots\" content=\"index, follow, max-snippet:-1, max-image-preview:large, max-video-preview:-1\" \/>\n<link rel=\"canonical\" href=\"https:\/\/webdelmaestrocmf.com\/portal\/alexander-ortiz-como-aprende-el-cerebro-humano-y-como-deberian-ensenar-los-docentes\/\" \/>\n<meta property=\"og:locale\" content=\"es_ES\" \/>\n<meta property=\"og:type\" content=\"article\" \/>\n<meta property=\"og:title\" content=\"[Alexander Ortiz] \u00bfQu\u00e9 significa formar al ser humano? - 2026\" \/>\n<meta property=\"og:description\" content=\"El cerebro humano es la estructura f\u00edsica m\u00e1s compleja, hol\u00edstica, sist\u00e9mica y dial\u00e9ctica del universo. Uno de los m\u00e1s importantes...\" \/>\n<meta property=\"og:url\" content=\"https:\/\/webdelmaestrocmf.com\/portal\/alexander-ortiz-como-aprende-el-cerebro-humano-y-como-deberian-ensenar-los-docentes\/\" \/>\n<meta property=\"og:site_name\" content=\"Web del Maestro CMF\" \/>\n<meta property=\"article:publisher\" content=\"https:\/\/www.facebook.com\/WebdelMaestroCMF\/\" \/>\n<meta property=\"article:author\" content=\"https:\/\/www.facebook.com\/WebdelMaestroCMF\/\" \/>\n<meta property=\"article:published_time\" content=\"2021-05-24T19:09:07+00:00\" \/>\n<meta property=\"article:modified_time\" content=\"2021-05-25T13:33:20+00:00\" \/>\n<meta property=\"og:image\" content=\"https:\/\/i0.wp.com\/webdelmaestrocmf.com\/portal\/wp-content\/uploads\/2021\/05\/1-copia-32.jpg?fit=1100%2C680&ssl=1\" \/>\n\t<meta property=\"og:image:width\" content=\"1100\" \/>\n\t<meta property=\"og:image:height\" content=\"680\" \/>\n\t<meta property=\"og:image:type\" content=\"image\/jpeg\" \/>\n<meta name=\"author\" content=\"Web del Maestro CMF\" \/>\n<meta name=\"twitter:card\" content=\"summary_large_image\" \/>\n<meta name=\"twitter:creator\" content=\"@cmf_w\" \/>\n<meta name=\"twitter:site\" content=\"@cmf_w\" \/>\n<script type=\"application\/ld+json\" class=\"yoast-schema-graph\">{\"@context\":\"https:\\\/\\\/schema.org\",\"@graph\":[{\"@type\":\"ScholarlyArticle\",\"@id\":\"https:\\\/\\\/webdelmaestrocmf.com\\\/portal\\\/alexander-ortiz-como-aprende-el-cerebro-humano-y-como-deberian-ensenar-los-docentes\\\/#article\",\"isPartOf\":{\"@id\":\"https:\\\/\\\/webdelmaestrocmf.com\\\/portal\\\/alexander-ortiz-como-aprende-el-cerebro-humano-y-como-deberian-ensenar-los-docentes\\\/\"},\"author\":{\"name\":\"Web del Maestro CMF\",\"@id\":\"https:\\\/\\\/webdelmaestrocmf.com\\\/portal\\\/#\\\/schema\\\/person\\\/1072a2ed7bd960df8ef99a551fa35dc5\"},\"headline\":\"[Alexander Ortiz] \u00bfQu\u00e9 significa formar al ser humano?\",\"datePublished\":\"2021-05-24T19:09:07+00:00\",\"dateModified\":\"2021-05-25T13:33:20+00:00\",\"mainEntityOfPage\":{\"@id\":\"https:\\\/\\\/webdelmaestrocmf.com\\\/portal\\\/alexander-ortiz-como-aprende-el-cerebro-humano-y-como-deberian-ensenar-los-docentes\\\/\"},\"wordCount\":3158,\"commentCount\":0,\"publisher\":{\"@id\":\"https:\\\/\\\/webdelmaestrocmf.com\\\/portal\\\/#organization\"},\"image\":{\"@id\":\"https:\\\/\\\/webdelmaestrocmf.com\\\/portal\\\/alexander-ortiz-como-aprende-el-cerebro-humano-y-como-deberian-ensenar-los-docentes\\\/#primaryimage\"},\"thumbnailUrl\":\"https:\\\/\\\/webdelmaestrocmf.com\\\/portal\\\/wp-content\\\/uploads\\\/2021\\\/05\\\/1-copia-32.jpg\",\"keywords\":[\"Alexander Ortiz\",\"APRENDE\",\"Cerebro\",\"DEBER\u00cdAN\",\"DOCENTES\",\"ENSE\u00d1AR\",\"HUMANO\"],\"articleSection\":[\"Z-Colaboradores\",\"Z-Colaboradores-Alexander-Ortiz\"],\"inLanguage\":\"es\",\"potentialAction\":[{\"@type\":\"CommentAction\",\"name\":\"Comment\",\"target\":[\"https:\\\/\\\/webdelmaestrocmf.com\\\/portal\\\/alexander-ortiz-como-aprende-el-cerebro-humano-y-como-deberian-ensenar-los-docentes\\\/#respond\"]}]},{\"@type\":\"WebPage\",\"@id\":\"https:\\\/\\\/webdelmaestrocmf.com\\\/portal\\\/alexander-ortiz-como-aprende-el-cerebro-humano-y-como-deberian-ensenar-los-docentes\\\/\",\"url\":\"https:\\\/\\\/webdelmaestrocmf.com\\\/portal\\\/alexander-ortiz-como-aprende-el-cerebro-humano-y-como-deberian-ensenar-los-docentes\\\/\",\"name\":\"[Alexander Ortiz] \u00bfQu\u00e9 significa formar al ser humano? - 2026\",\"isPartOf\":{\"@id\":\"https:\\\/\\\/webdelmaestrocmf.com\\\/portal\\\/#website\"},\"primaryImageOfPage\":{\"@id\":\"https:\\\/\\\/webdelmaestrocmf.com\\\/portal\\\/alexander-ortiz-como-aprende-el-cerebro-humano-y-como-deberian-ensenar-los-docentes\\\/#primaryimage\"},\"image\":{\"@id\":\"https:\\\/\\\/webdelmaestrocmf.com\\\/portal\\\/alexander-ortiz-como-aprende-el-cerebro-humano-y-como-deberian-ensenar-los-docentes\\\/#primaryimage\"},\"thumbnailUrl\":\"https:\\\/\\\/webdelmaestrocmf.com\\\/portal\\\/wp-content\\\/uploads\\\/2021\\\/05\\\/1-copia-32.jpg\",\"datePublished\":\"2021-05-24T19:09:07+00:00\",\"dateModified\":\"2021-05-25T13:33:20+00:00\",\"description\":\"El cerebro humano es la estructura f\u00edsica m\u00e1s compleja, hol\u00edstica, sist\u00e9mica y dial\u00e9ctica del universo. Uno de los m\u00e1s importantes...\",\"breadcrumb\":{\"@id\":\"https:\\\/\\\/webdelmaestrocmf.com\\\/portal\\\/alexander-ortiz-como-aprende-el-cerebro-humano-y-como-deberian-ensenar-los-docentes\\\/#breadcrumb\"},\"inLanguage\":\"es\",\"potentialAction\":[{\"@type\":\"ReadAction\",\"target\":[\"https:\\\/\\\/webdelmaestrocmf.com\\\/portal\\\/alexander-ortiz-como-aprende-el-cerebro-humano-y-como-deberian-ensenar-los-docentes\\\/\"]}]},{\"@type\":\"ImageObject\",\"inLanguage\":\"es\",\"@id\":\"https:\\\/\\\/webdelmaestrocmf.com\\\/portal\\\/alexander-ortiz-como-aprende-el-cerebro-humano-y-como-deberian-ensenar-los-docentes\\\/#primaryimage\",\"url\":\"https:\\\/\\\/webdelmaestrocmf.com\\\/portal\\\/wp-content\\\/uploads\\\/2021\\\/05\\\/1-copia-32.jpg\",\"contentUrl\":\"https:\\\/\\\/webdelmaestrocmf.com\\\/portal\\\/wp-content\\\/uploads\\\/2021\\\/05\\\/1-copia-32.jpg\",\"width\":1100,\"height\":680},{\"@type\":\"BreadcrumbList\",\"@id\":\"https:\\\/\\\/webdelmaestrocmf.com\\\/portal\\\/alexander-ortiz-como-aprende-el-cerebro-humano-y-como-deberian-ensenar-los-docentes\\\/#breadcrumb\",\"itemListElement\":[{\"@type\":\"ListItem\",\"position\":1,\"name\":\"Portada\",\"item\":\"https:\\\/\\\/webdelmaestrocmf.com\\\/portal\\\/\"},{\"@type\":\"ListItem\",\"position\":2,\"name\":\"Z-Colaboradores\",\"item\":\"https:\\\/\\\/webdelmaestrocmf.com\\\/portal\\\/category\\\/colaborador\\\/\"},{\"@type\":\"ListItem\",\"position\":3,\"name\":\"Z-Colaboradores-Alexander-Ortiz\",\"item\":\"https:\\\/\\\/webdelmaestrocmf.com\\\/portal\\\/category\\\/colaborador\\\/z-colaboradores-alexander-ortiz\\\/\"},{\"@type\":\"ListItem\",\"position\":4,\"name\":\"[Alexander Ortiz] \u00bfQu\u00e9 significa formar al ser humano?\"}]},{\"@type\":\"WebSite\",\"@id\":\"https:\\\/\\\/webdelmaestrocmf.com\\\/portal\\\/#website\",\"url\":\"https:\\\/\\\/webdelmaestrocmf.com\\\/portal\\\/\",\"name\":\"Web del Maestro CMF\",\"description\":\"Maestros al servicio de la educaci\u00f3n\",\"publisher\":{\"@id\":\"https:\\\/\\\/webdelmaestrocmf.com\\\/portal\\\/#organization\"},\"alternateName\":\"WMCMF\",\"potentialAction\":[{\"@type\":\"SearchAction\",\"target\":{\"@type\":\"EntryPoint\",\"urlTemplate\":\"https:\\\/\\\/webdelmaestrocmf.com\\\/portal\\\/?s={search_term_string}\"},\"query-input\":{\"@type\":\"PropertyValueSpecification\",\"valueRequired\":true,\"valueName\":\"search_term_string\"}}],\"inLanguage\":\"es\"},{\"@type\":\"Organization\",\"@id\":\"https:\\\/\\\/webdelmaestrocmf.com\\\/portal\\\/#organization\",\"name\":\"Web del Maestro CMF\",\"alternateName\":\"WMCMF\",\"url\":\"https:\\\/\\\/webdelmaestrocmf.com\\\/portal\\\/\",\"logo\":{\"@type\":\"ImageObject\",\"inLanguage\":\"es\",\"@id\":\"https:\\\/\\\/webdelmaestrocmf.com\\\/portal\\\/#\\\/schema\\\/logo\\\/image\\\/\",\"url\":\"https:\\\/\\\/webdelmaestrocmf.com\\\/portal\\\/wp-content\\\/uploads\\\/2023\\\/01\\\/logo-wmcmf-2.png\",\"contentUrl\":\"https:\\\/\\\/webdelmaestrocmf.com\\\/portal\\\/wp-content\\\/uploads\\\/2023\\\/01\\\/logo-wmcmf-2.png\",\"width\":200,\"height\":60,\"caption\":\"Web del Maestro CMF\"},\"image\":{\"@id\":\"https:\\\/\\\/webdelmaestrocmf.com\\\/portal\\\/#\\\/schema\\\/logo\\\/image\\\/\"},\"sameAs\":[\"https:\\\/\\\/www.facebook.com\\\/WebdelMaestroCMF\\\/\",\"https:\\\/\\\/x.com\\\/cmf_w\",\"https:\\\/\\\/www.pinterest.com\\\/WMCMF\\\/\",\"https:\\\/\\\/www.linkedin.com\\\/company\\\/web-del-maestro-cmf\\\/\",\"https:\\\/\\\/www.instagram.com\\\/wmcmf\\\/\",\"https:\\\/\\\/www.youtube.com\\\/channel\\\/UCDPSvjbdodE5sHnC3OxutHw\",\"https:\\\/\\\/mastodon.social\\\/@wmcmf\",\"https:\\\/\\\/www.tiktok.com\\\/@webdelmaestrocmf\"]},{\"@type\":\"Person\",\"@id\":\"https:\\\/\\\/webdelmaestrocmf.com\\\/portal\\\/#\\\/schema\\\/person\\\/1072a2ed7bd960df8ef99a551fa35dc5\",\"name\":\"Web del Maestro CMF\",\"image\":{\"@type\":\"ImageObject\",\"inLanguage\":\"es\",\"@id\":\"https:\\\/\\\/secure.gravatar.com\\\/avatar\\\/23291dd5b5ae1077dcff3dbb04c3e02bd28403fa75af6d8787d5e97c5bbbe30b?s=96&d=mm&r=g\",\"url\":\"https:\\\/\\\/secure.gravatar.com\\\/avatar\\\/23291dd5b5ae1077dcff3dbb04c3e02bd28403fa75af6d8787d5e97c5bbbe30b?s=96&d=mm&r=g\",\"contentUrl\":\"https:\\\/\\\/secure.gravatar.com\\\/avatar\\\/23291dd5b5ae1077dcff3dbb04c3e02bd28403fa75af6d8787d5e97c5bbbe30b?s=96&d=mm&r=g\",\"caption\":\"Web del Maestro CMF\"},\"description\":\"Esta Web se cre\u00f3 sin fines de lucro, con fines educativos, cient\u00edficos y acad\u00e9micos, para personas que tengan dificultades y\\\/o inconvenientes en visualizar el material original. El objetivo es entregar recursos, compartir experiencias y materiales que ayuden a los padres de familia, maestros y estudiantes en su actualizaci\u00f3n y formaci\u00f3n permanente, en bien de la Educaci\u00f3n.\",\"sameAs\":[\"http:\\\/\\\/webdelmaestrocmf.com\\\/portal\",\"https:\\\/\\\/www.facebook.com\\\/WebdelMaestroCMF\\\/\",\"https:\\\/\\\/www.instagram.com\\\/wmcmf\\\/\",\"https:\\\/\\\/cl.linkedin.com\\\/company\\\/web-del-maestro-cmf\",\"https:\\\/\\\/www.pinterest.com\\\/WMCMF\\\/publicaciones\\\/\",\"https:\\\/\\\/x.com\\\/cmf_w\",\"https:\\\/\\\/www.youtube.com\\\/@WMCMF\"]}]}<\/script>\n<!-- \/ Yoast SEO plugin. -->","yoast_head_json":{"title":"[Alexander Ortiz] \u00bfQu\u00e9 significa formar al ser humano? - 2026","description":"El cerebro humano es la estructura f\u00edsica m\u00e1s compleja, hol\u00edstica, sist\u00e9mica y dial\u00e9ctica del universo. Uno de los m\u00e1s importantes...","robots":{"index":"index","follow":"follow","max-snippet":"max-snippet:-1","max-image-preview":"max-image-preview:large","max-video-preview":"max-video-preview:-1"},"canonical":"https:\/\/webdelmaestrocmf.com\/portal\/alexander-ortiz-como-aprende-el-cerebro-humano-y-como-deberian-ensenar-los-docentes\/","og_locale":"es_ES","og_type":"article","og_title":"[Alexander Ortiz] \u00bfQu\u00e9 significa formar al ser humano? - 2026","og_description":"El cerebro humano es la estructura f\u00edsica m\u00e1s compleja, hol\u00edstica, sist\u00e9mica y dial\u00e9ctica del universo. Uno de los m\u00e1s importantes...","og_url":"https:\/\/webdelmaestrocmf.com\/portal\/alexander-ortiz-como-aprende-el-cerebro-humano-y-como-deberian-ensenar-los-docentes\/","og_site_name":"Web del Maestro CMF","article_publisher":"https:\/\/www.facebook.com\/WebdelMaestroCMF\/","article_author":"https:\/\/www.facebook.com\/WebdelMaestroCMF\/","article_published_time":"2021-05-24T19:09:07+00:00","article_modified_time":"2021-05-25T13:33:20+00:00","og_image":[{"width":1100,"height":680,"url":"https:\/\/i0.wp.com\/webdelmaestrocmf.com\/portal\/wp-content\/uploads\/2021\/05\/1-copia-32.jpg?fit=1100%2C680&ssl=1","type":"image\/jpeg"}],"author":"Web del Maestro CMF","twitter_card":"summary_large_image","twitter_creator":"@cmf_w","twitter_site":"@cmf_w","schema":{"@context":"https:\/\/schema.org","@graph":[{"@type":"ScholarlyArticle","@id":"https:\/\/webdelmaestrocmf.com\/portal\/alexander-ortiz-como-aprende-el-cerebro-humano-y-como-deberian-ensenar-los-docentes\/#article","isPartOf":{"@id":"https:\/\/webdelmaestrocmf.com\/portal\/alexander-ortiz-como-aprende-el-cerebro-humano-y-como-deberian-ensenar-los-docentes\/"},"author":{"name":"Web del Maestro CMF","@id":"https:\/\/webdelmaestrocmf.com\/portal\/#\/schema\/person\/1072a2ed7bd960df8ef99a551fa35dc5"},"headline":"[Alexander Ortiz] \u00bfQu\u00e9 significa formar al ser humano?","datePublished":"2021-05-24T19:09:07+00:00","dateModified":"2021-05-25T13:33:20+00:00","mainEntityOfPage":{"@id":"https:\/\/webdelmaestrocmf.com\/portal\/alexander-ortiz-como-aprende-el-cerebro-humano-y-como-deberian-ensenar-los-docentes\/"},"wordCount":3158,"commentCount":0,"publisher":{"@id":"https:\/\/webdelmaestrocmf.com\/portal\/#organization"},"image":{"@id":"https:\/\/webdelmaestrocmf.com\/portal\/alexander-ortiz-como-aprende-el-cerebro-humano-y-como-deberian-ensenar-los-docentes\/#primaryimage"},"thumbnailUrl":"https:\/\/webdelmaestrocmf.com\/portal\/wp-content\/uploads\/2021\/05\/1-copia-32.jpg","keywords":["Alexander Ortiz","APRENDE","Cerebro","DEBER\u00cdAN","DOCENTES","ENSE\u00d1AR","HUMANO"],"articleSection":["Z-Colaboradores","Z-Colaboradores-Alexander-Ortiz"],"inLanguage":"es","potentialAction":[{"@type":"CommentAction","name":"Comment","target":["https:\/\/webdelmaestrocmf.com\/portal\/alexander-ortiz-como-aprende-el-cerebro-humano-y-como-deberian-ensenar-los-docentes\/#respond"]}]},{"@type":"WebPage","@id":"https:\/\/webdelmaestrocmf.com\/portal\/alexander-ortiz-como-aprende-el-cerebro-humano-y-como-deberian-ensenar-los-docentes\/","url":"https:\/\/webdelmaestrocmf.com\/portal\/alexander-ortiz-como-aprende-el-cerebro-humano-y-como-deberian-ensenar-los-docentes\/","name":"[Alexander Ortiz] \u00bfQu\u00e9 significa formar al ser humano? - 2026","isPartOf":{"@id":"https:\/\/webdelmaestrocmf.com\/portal\/#website"},"primaryImageOfPage":{"@id":"https:\/\/webdelmaestrocmf.com\/portal\/alexander-ortiz-como-aprende-el-cerebro-humano-y-como-deberian-ensenar-los-docentes\/#primaryimage"},"image":{"@id":"https:\/\/webdelmaestrocmf.com\/portal\/alexander-ortiz-como-aprende-el-cerebro-humano-y-como-deberian-ensenar-los-docentes\/#primaryimage"},"thumbnailUrl":"https:\/\/webdelmaestrocmf.com\/portal\/wp-content\/uploads\/2021\/05\/1-copia-32.jpg","datePublished":"2021-05-24T19:09:07+00:00","dateModified":"2021-05-25T13:33:20+00:00","description":"El cerebro humano es la estructura f\u00edsica m\u00e1s compleja, hol\u00edstica, sist\u00e9mica y dial\u00e9ctica del universo. Uno de los m\u00e1s importantes...","breadcrumb":{"@id":"https:\/\/webdelmaestrocmf.com\/portal\/alexander-ortiz-como-aprende-el-cerebro-humano-y-como-deberian-ensenar-los-docentes\/#breadcrumb"},"inLanguage":"es","potentialAction":[{"@type":"ReadAction","target":["https:\/\/webdelmaestrocmf.com\/portal\/alexander-ortiz-como-aprende-el-cerebro-humano-y-como-deberian-ensenar-los-docentes\/"]}]},{"@type":"ImageObject","inLanguage":"es","@id":"https:\/\/webdelmaestrocmf.com\/portal\/alexander-ortiz-como-aprende-el-cerebro-humano-y-como-deberian-ensenar-los-docentes\/#primaryimage","url":"https:\/\/webdelmaestrocmf.com\/portal\/wp-content\/uploads\/2021\/05\/1-copia-32.jpg","contentUrl":"https:\/\/webdelmaestrocmf.com\/portal\/wp-content\/uploads\/2021\/05\/1-copia-32.jpg","width":1100,"height":680},{"@type":"BreadcrumbList","@id":"https:\/\/webdelmaestrocmf.com\/portal\/alexander-ortiz-como-aprende-el-cerebro-humano-y-como-deberian-ensenar-los-docentes\/#breadcrumb","itemListElement":[{"@type":"ListItem","position":1,"name":"Portada","item":"https:\/\/webdelmaestrocmf.com\/portal\/"},{"@type":"ListItem","position":2,"name":"Z-Colaboradores","item":"https:\/\/webdelmaestrocmf.com\/portal\/category\/colaborador\/"},{"@type":"ListItem","position":3,"name":"Z-Colaboradores-Alexander-Ortiz","item":"https:\/\/webdelmaestrocmf.com\/portal\/category\/colaborador\/z-colaboradores-alexander-ortiz\/"},{"@type":"ListItem","position":4,"name":"[Alexander Ortiz] \u00bfQu\u00e9 significa formar al ser humano?"}]},{"@type":"WebSite","@id":"https:\/\/webdelmaestrocmf.com\/portal\/#website","url":"https:\/\/webdelmaestrocmf.com\/portal\/","name":"Web del Maestro CMF","description":"Maestros al servicio de la educaci\u00f3n","publisher":{"@id":"https:\/\/webdelmaestrocmf.com\/portal\/#organization"},"alternateName":"WMCMF","potentialAction":[{"@type":"SearchAction","target":{"@type":"EntryPoint","urlTemplate":"https:\/\/webdelmaestrocmf.com\/portal\/?s={search_term_string}"},"query-input":{"@type":"PropertyValueSpecification","valueRequired":true,"valueName":"search_term_string"}}],"inLanguage":"es"},{"@type":"Organization","@id":"https:\/\/webdelmaestrocmf.com\/portal\/#organization","name":"Web del Maestro CMF","alternateName":"WMCMF","url":"https:\/\/webdelmaestrocmf.com\/portal\/","logo":{"@type":"ImageObject","inLanguage":"es","@id":"https:\/\/webdelmaestrocmf.com\/portal\/#\/schema\/logo\/image\/","url":"https:\/\/webdelmaestrocmf.com\/portal\/wp-content\/uploads\/2023\/01\/logo-wmcmf-2.png","contentUrl":"https:\/\/webdelmaestrocmf.com\/portal\/wp-content\/uploads\/2023\/01\/logo-wmcmf-2.png","width":200,"height":60,"caption":"Web del Maestro CMF"},"image":{"@id":"https:\/\/webdelmaestrocmf.com\/portal\/#\/schema\/logo\/image\/"},"sameAs":["https:\/\/www.facebook.com\/WebdelMaestroCMF\/","https:\/\/x.com\/cmf_w","https:\/\/www.pinterest.com\/WMCMF\/","https:\/\/www.linkedin.com\/company\/web-del-maestro-cmf\/","https:\/\/www.instagram.com\/wmcmf\/","https:\/\/www.youtube.com\/channel\/UCDPSvjbdodE5sHnC3OxutHw","https:\/\/mastodon.social\/@wmcmf","https:\/\/www.tiktok.com\/@webdelmaestrocmf"]},{"@type":"Person","@id":"https:\/\/webdelmaestrocmf.com\/portal\/#\/schema\/person\/1072a2ed7bd960df8ef99a551fa35dc5","name":"Web del Maestro CMF","image":{"@type":"ImageObject","inLanguage":"es","@id":"https:\/\/secure.gravatar.com\/avatar\/23291dd5b5ae1077dcff3dbb04c3e02bd28403fa75af6d8787d5e97c5bbbe30b?s=96&d=mm&r=g","url":"https:\/\/secure.gravatar.com\/avatar\/23291dd5b5ae1077dcff3dbb04c3e02bd28403fa75af6d8787d5e97c5bbbe30b?s=96&d=mm&r=g","contentUrl":"https:\/\/secure.gravatar.com\/avatar\/23291dd5b5ae1077dcff3dbb04c3e02bd28403fa75af6d8787d5e97c5bbbe30b?s=96&d=mm&r=g","caption":"Web del Maestro CMF"},"description":"Esta Web se cre\u00f3 sin fines de lucro, con fines educativos, cient\u00edficos y acad\u00e9micos, para personas que tengan dificultades y\/o inconvenientes en visualizar el material original. El objetivo es entregar recursos, compartir experiencias y materiales que ayuden a los padres de familia, maestros y estudiantes en su actualizaci\u00f3n y formaci\u00f3n permanente, en bien de la Educaci\u00f3n.","sameAs":["http:\/\/webdelmaestrocmf.com\/portal","https:\/\/www.facebook.com\/WebdelMaestroCMF\/","https:\/\/www.instagram.com\/wmcmf\/","https:\/\/cl.linkedin.com\/company\/web-del-maestro-cmf","https:\/\/www.pinterest.com\/WMCMF\/publicaciones\/","https:\/\/x.com\/cmf_w","https:\/\/www.youtube.com\/@WMCMF"]}]}},"jetpack_featured_media_url":"https:\/\/webdelmaestrocmf.com\/portal\/wp-content\/uploads\/2021\/05\/1-copia-32.jpg","jetpack_sharing_enabled":true,"jetpack-related-posts":[{"id":63120,"url":"https:\/\/webdelmaestrocmf.com\/portal\/alexander-ortiz-relacion-de-pareja\/","url_meta":{"origin":63369,"position":0},"title":"[Alexander Ortiz] Relaci\u00f3n de pareja","author":"Web del Maestro CMF","date":"18 mayo, 2021","format":false,"excerpt":"Si buscas una pareja para completarte es porque te sientes vac\u00eda. Si te sientes vac\u00eda inevitablemente en alguna parte de ti te odias. Cuando encuentras pareja desde esa carencia, seguramente encontrar\u00e1s a otro con la misma situaci\u00f3n que t\u00fa. El otro querr\u00e1 ver en ti algo especial que \u00e9l no\u2026","rel":"","context":"En \u00abZ-Colaboradores\u00bb","block_context":{"text":"Z-Colaboradores","link":"https:\/\/webdelmaestrocmf.com\/portal\/category\/colaborador\/"},"img":{"alt_text":"","src":"https:\/\/i0.wp.com\/webdelmaestrocmf.com\/portal\/wp-content\/uploads\/2021\/05\/1-copia-25.jpg?resize=350%2C200&ssl=1","width":350,"height":200,"srcset":"https:\/\/i0.wp.com\/webdelmaestrocmf.com\/portal\/wp-content\/uploads\/2021\/05\/1-copia-25.jpg?resize=350%2C200&ssl=1 1x, https:\/\/i0.wp.com\/webdelmaestrocmf.com\/portal\/wp-content\/uploads\/2021\/05\/1-copia-25.jpg?resize=525%2C300&ssl=1 1.5x, https:\/\/i0.wp.com\/webdelmaestrocmf.com\/portal\/wp-content\/uploads\/2021\/05\/1-copia-25.jpg?resize=700%2C400&ssl=1 2x, https:\/\/i0.wp.com\/webdelmaestrocmf.com\/portal\/wp-content\/uploads\/2021\/05\/1-copia-25.jpg?resize=1050%2C600&ssl=1 3x"},"classes":[]},{"id":50549,"url":"https:\/\/webdelmaestrocmf.com\/portal\/alexander-ortiz-como-educamos-a-nuestros-hijos-y-como-dejar-de-educarlos-asi\/","url_meta":{"origin":63369,"position":1},"title":"[Alexander Ortiz] \u00bfC\u00f3mo educamos a nuestros hijos? y \u00bfC\u00f3mo dejar de educarlos as\u00ed?","author":"Web del Maestro CMF","date":"28 agosto, 2020","format":false,"excerpt":"Casi siempre, sin darnos cuenta, estamos constantemente juzgando a nuestros hijos. \u201cQu\u00e9 lindo te ves hoy\u201d, \u201ceso te queda muy bien\u201d, \u201cque linda te qued\u00f3 la tarea\u201d \u201ceres maravilloso\u201d,\u201ceres el hijo m\u00e1s lindo del mundo\u201d, ... Ingenuamente, no nos percatamos que creamos una dependencia a nuestros juicios y valoraciones, por\u2026","rel":"","context":"En \u00abZ-Colaboradores\u00bb","block_context":{"text":"Z-Colaboradores","link":"https:\/\/webdelmaestrocmf.com\/portal\/category\/colaborador\/"},"img":{"alt_text":"","src":"https:\/\/i0.wp.com\/webdelmaestrocmf.com\/portal\/wp-content\/uploads\/2020\/08\/1-copia-69.jpg?resize=350%2C200&ssl=1","width":350,"height":200,"srcset":"https:\/\/i0.wp.com\/webdelmaestrocmf.com\/portal\/wp-content\/uploads\/2020\/08\/1-copia-69.jpg?resize=350%2C200&ssl=1 1x, https:\/\/i0.wp.com\/webdelmaestrocmf.com\/portal\/wp-content\/uploads\/2020\/08\/1-copia-69.jpg?resize=525%2C300&ssl=1 1.5x, https:\/\/i0.wp.com\/webdelmaestrocmf.com\/portal\/wp-content\/uploads\/2020\/08\/1-copia-69.jpg?resize=700%2C400&ssl=1 2x, https:\/\/i0.wp.com\/webdelmaestrocmf.com\/portal\/wp-content\/uploads\/2020\/08\/1-copia-69.jpg?resize=1050%2C600&ssl=1 3x"},"classes":[]},{"id":62390,"url":"https:\/\/webdelmaestrocmf.com\/portal\/alexander-ortiz-resiliencia-capacidad-humana-o-actitud-ante-la-vida\/","url_meta":{"origin":63369,"position":2},"title":"[Alexander Ortiz] Resiliencia: \u00bfCapacidad humana o actitud ante la vida?","author":"Web del Maestro CMF","date":"30 abril, 2021","format":false,"excerpt":"La resiliencia es una cualidad humana que observa otra persona o uno mismo, cuando se adapta a un cambio, tambi\u00e9n observado. Pero la resiliencia no tiene existencia ontol\u00f3gica, no es una cosa, no podemos reificarla. El ser humano no es que tenga resiliencia, sencillamente act\u00faa de manera resiliente, y eso\u2026","rel":"","context":"En \u00abZ-Colaboradores\u00bb","block_context":{"text":"Z-Colaboradores","link":"https:\/\/webdelmaestrocmf.com\/portal\/category\/colaborador\/"},"img":{"alt_text":"","src":"https:\/\/i0.wp.com\/webdelmaestrocmf.com\/portal\/wp-content\/uploads\/2021\/04\/1-copia-31.jpg?resize=350%2C200&ssl=1","width":350,"height":200,"srcset":"https:\/\/i0.wp.com\/webdelmaestrocmf.com\/portal\/wp-content\/uploads\/2021\/04\/1-copia-31.jpg?resize=350%2C200&ssl=1 1x, https:\/\/i0.wp.com\/webdelmaestrocmf.com\/portal\/wp-content\/uploads\/2021\/04\/1-copia-31.jpg?resize=525%2C300&ssl=1 1.5x, https:\/\/i0.wp.com\/webdelmaestrocmf.com\/portal\/wp-content\/uploads\/2021\/04\/1-copia-31.jpg?resize=700%2C400&ssl=1 2x, https:\/\/i0.wp.com\/webdelmaestrocmf.com\/portal\/wp-content\/uploads\/2021\/04\/1-copia-31.jpg?resize=1050%2C600&ssl=1 3x"},"classes":[]},{"id":105999,"url":"https:\/\/webdelmaestrocmf.com\/portal\/alexander-ortiz-el-giro-emocional-devolverse-hacia-la-apertura-mental-mediante-la-estrategia-ries-respira-inhala-exhala-y-suspira\/","url_meta":{"origin":63369,"position":3},"title":"[Alexander Ortiz] El giro emocional: devolverse hacia la apertura mental, mediante la Estrategia R\u00cdES: Respira, Inhala, Exhala y Suspira.","author":"Web del Maestro CMF","date":"12 junio, 2024","format":false,"excerpt":"La estrategia R\u00cdES, es un modelo Neuro-psico-educativo, que facilita el cuidado de la salud mental, a partir de la autogesti\u00f3n de las emociones. Este modelo describe las habilidades que debemos desarrollar para liberarnos de la c\u00e1rcel de nuestra mente, con el fin de alcanzar la autonom\u00eda psicol\u00f3gica y la apertura\u2026","rel":"","context":"En \u00abZ-Colaboradores\u00bb","block_context":{"text":"Z-Colaboradores","link":"https:\/\/webdelmaestrocmf.com\/portal\/category\/colaborador\/"},"img":{"alt_text":"","src":"https:\/\/i0.wp.com\/webdelmaestrocmf.com\/portal\/wp-content\/uploads\/2024\/06\/Banner-1-portada-imagen-10-1-2024-06-12T215842.738.jpg?resize=350%2C200&ssl=1","width":350,"height":200,"srcset":"https:\/\/i0.wp.com\/webdelmaestrocmf.com\/portal\/wp-content\/uploads\/2024\/06\/Banner-1-portada-imagen-10-1-2024-06-12T215842.738.jpg?resize=350%2C200&ssl=1 1x, https:\/\/i0.wp.com\/webdelmaestrocmf.com\/portal\/wp-content\/uploads\/2024\/06\/Banner-1-portada-imagen-10-1-2024-06-12T215842.738.jpg?resize=525%2C300&ssl=1 1.5x, https:\/\/i0.wp.com\/webdelmaestrocmf.com\/portal\/wp-content\/uploads\/2024\/06\/Banner-1-portada-imagen-10-1-2024-06-12T215842.738.jpg?resize=700%2C400&ssl=1 2x"},"classes":[]},{"id":49319,"url":"https:\/\/webdelmaestrocmf.com\/portal\/alexander-ortiz-el-maestro-inverosimil-parte-i\/","url_meta":{"origin":63369,"position":4},"title":"[Alexander Ortiz] El maestro inveros\u00edmil (Parte I)","author":"Web del Maestro CMF","date":"21 julio, 2020","format":false,"excerpt":"Si reflexionamos sobre el quehacer pedag\u00f3gico de los maestros y los diversos modos de actuaci\u00f3n y conductas que \u00e9ste puede asumir, tendr\u00edamos que llegar a la conclusi\u00f3n que en su desempe\u00f1o el maestro podr\u00eda mostrar al menos una de tres posturas pedag\u00f3gicas: autoritaria, comprensiva o cr\u00edtica, seg\u00fan los intereses que\u2026","rel":"","context":"En \u00abZ-Colaboradores\u00bb","block_context":{"text":"Z-Colaboradores","link":"https:\/\/webdelmaestrocmf.com\/portal\/category\/colaborador\/"},"img":{"alt_text":"","src":"https:\/\/i0.wp.com\/webdelmaestrocmf.com\/portal\/wp-content\/uploads\/2020\/07\/1-69.jpg?resize=350%2C200&ssl=1","width":350,"height":200,"srcset":"https:\/\/i0.wp.com\/webdelmaestrocmf.com\/portal\/wp-content\/uploads\/2020\/07\/1-69.jpg?resize=350%2C200&ssl=1 1x, https:\/\/i0.wp.com\/webdelmaestrocmf.com\/portal\/wp-content\/uploads\/2020\/07\/1-69.jpg?resize=525%2C300&ssl=1 1.5x, https:\/\/i0.wp.com\/webdelmaestrocmf.com\/portal\/wp-content\/uploads\/2020\/07\/1-69.jpg?resize=700%2C400&ssl=1 2x, https:\/\/i0.wp.com\/webdelmaestrocmf.com\/portal\/wp-content\/uploads\/2020\/07\/1-69.jpg?resize=1050%2C600&ssl=1 3x"},"classes":[]},{"id":56076,"url":"https:\/\/webdelmaestrocmf.com\/portal\/alexander-ortiz-emocion-versus-razon-una-paradoja\/","url_meta":{"origin":63369,"position":5},"title":"[Alexander Ortiz] Emoci\u00f3n versus raz\u00f3n: \u00bfuna paradoja?","author":"Web del Maestro CMF","date":"18 diciembre, 2020","format":false,"excerpt":"A lo largo de nuestra historia, los seres humanos siempre hemos pensado que somos seres eminentemente racionales. Es por ello que subvaloramos las emociones y cuestionamos aquellas decisiones que se sustentan en alguna emoci\u00f3n. Criticamos las actuaciones emocionales y enarbolamos toda acci\u00f3n que parezca racional. Ahora bien, esto es lo\u2026","rel":"","context":"En \u00abZ-Colaboradores\u00bb","block_context":{"text":"Z-Colaboradores","link":"https:\/\/webdelmaestrocmf.com\/portal\/category\/colaborador\/"},"img":{"alt_text":"","src":"https:\/\/i0.wp.com\/webdelmaestrocmf.com\/portal\/wp-content\/uploads\/2020\/12\/1-copia-52.jpg?resize=350%2C200&ssl=1","width":350,"height":200,"srcset":"https:\/\/i0.wp.com\/webdelmaestrocmf.com\/portal\/wp-content\/uploads\/2020\/12\/1-copia-52.jpg?resize=350%2C200&ssl=1 1x, https:\/\/i0.wp.com\/webdelmaestrocmf.com\/portal\/wp-content\/uploads\/2020\/12\/1-copia-52.jpg?resize=525%2C300&ssl=1 1.5x, https:\/\/i0.wp.com\/webdelmaestrocmf.com\/portal\/wp-content\/uploads\/2020\/12\/1-copia-52.jpg?resize=700%2C400&ssl=1 2x, https:\/\/i0.wp.com\/webdelmaestrocmf.com\/portal\/wp-content\/uploads\/2020\/12\/1-copia-52.jpg?resize=1050%2C600&ssl=1 3x"},"classes":[]}],"_links":{"self":[{"href":"https:\/\/webdelmaestrocmf.com\/portal\/wp-json\/wp\/v2\/posts\/63369","targetHints":{"allow":["GET"]}}],"collection":[{"href":"https:\/\/webdelmaestrocmf.com\/portal\/wp-json\/wp\/v2\/posts"}],"about":[{"href":"https:\/\/webdelmaestrocmf.com\/portal\/wp-json\/wp\/v2\/types\/post"}],"author":[{"embeddable":true,"href":"https:\/\/webdelmaestrocmf.com\/portal\/wp-json\/wp\/v2\/users\/1"}],"replies":[{"embeddable":true,"href":"https:\/\/webdelmaestrocmf.com\/portal\/wp-json\/wp\/v2\/comments?post=63369"}],"version-history":[{"count":0,"href":"https:\/\/webdelmaestrocmf.com\/portal\/wp-json\/wp\/v2\/posts\/63369\/revisions"}],"wp:featuredmedia":[{"embeddable":true,"href":"https:\/\/webdelmaestrocmf.com\/portal\/wp-json\/wp\/v2\/media\/63370"}],"wp:attachment":[{"href":"https:\/\/webdelmaestrocmf.com\/portal\/wp-json\/wp\/v2\/media?parent=63369"}],"wp:term":[{"taxonomy":"category","embeddable":true,"href":"https:\/\/webdelmaestrocmf.com\/portal\/wp-json\/wp\/v2\/categories?post=63369"},{"taxonomy":"post_tag","embeddable":true,"href":"https:\/\/webdelmaestrocmf.com\/portal\/wp-json\/wp\/v2\/tags?post=63369"}],"curies":[{"name":"wp","href":"https:\/\/api.w.org\/{rel}","templated":true}]}}