{"id":63294,"date":"2021-05-22T19:00:24","date_gmt":"2021-05-22T23:00:24","guid":{"rendered":"https:\/\/webdelmaestrocmf.com\/portal\/?p=63294"},"modified":"2022-11-06T10:25:16","modified_gmt":"2022-11-06T13:25:16","slug":"criterios-de-evaluacion-para-el-analisis-de-evidencias-de-aprendizaje","status":"publish","type":"post","link":"https:\/\/webdelmaestrocmf.com\/portal\/criterios-de-evaluacion-para-el-analisis-de-evidencias-de-aprendizaje\/","title":{"rendered":"Criterios de evaluaci\u00f3n para el an\u00e1lisis de Evidencias de Aprendizaje"},"content":{"rendered":"<h5 style=\"text-align: justify;\">El an\u00e1lisis de evidencias de aprendizaje (producciones o actuaciones) se realiza a partir de criterios de evaluaci\u00f3n que formula el docente en funci\u00f3n de los est\u00e1ndares y desempe\u00f1os. El docente puede realizar dicho an\u00e1lisis utilizando instrumentos como listas de cotejo y r\u00fabricas, entre otros, los cuales deben ser construidos bajo los criterios establecidos. Tambi\u00e9n puede involucrar a los estudiantes en este proceso proponiendo actividades de coevaluaci\u00f3n y autoevaluaci\u00f3n.<\/h5>\n<p><!--more--><\/p>\n<p style=\"text-align: justify;\">Para el docente, la valoraci\u00f3n del desempe\u00f1o significa describir lo que es capaz de saber hacer el estudiante a partir del an\u00e1lisis de la evidencia recogida: qu\u00e9 saberes pone en juego para organizar su respuesta, las relaciones que establece, cu\u00e1les son los principales aciertos y errores cometidos y sus probables razones. Esta informaci\u00f3n le sirve al docente para realizar una retroalimentaci\u00f3n efectiva al estudiante y tambi\u00e9n para corregir o ajustar la ense\u00f1anza misma.<\/p>\n<h5>\u00bfQu\u00e9 debemos tener en cuenta para la elaboraci\u00f3n de criterios de evaluaci\u00f3n?<\/h5>\n<p style=\"text-align: justify;\"><span style=\"font-weight: 400;\">Es necesario revisar y analizar las competencias, capacidades, est\u00e1ndares de aprendizaje y desempe\u00f1os de grado para comprender el actuar competente que se espera del estudiante.<\/span><\/p>\n<p style=\"text-align: justify;\"><span style=\"font-weight: 400;\">Debemos ver de manera hol\u00edstica y articulada los componentes curriculares<\/span><\/p>\n<p style=\"text-align: justify;\"><span style=\"font-weight: 400;\">Estos componentes nos ayudar\u00e1n a establecer los criterios de evaluaci\u00f3n que permitan posteriormente analizar las evidencias dde aprendizaje en base a criterios comunes.<\/span><\/p>\n<p><img loading=\"lazy\" decoding=\"async\" class=\"alignnone wp-image-63295 size-large\" src=\"https:\/\/webdelmaestrocmf.com\/portal\/wp-content\/uploads\/2021\/05\/1-121-e1621724121354-1024x522.jpg\" alt=\"\" width=\"1024\" height=\"522\" srcset=\"https:\/\/webdelmaestrocmf.com\/portal\/wp-content\/uploads\/2021\/05\/1-121-e1621724121354-1024x522.jpg 1024w, https:\/\/webdelmaestrocmf.com\/portal\/wp-content\/uploads\/2021\/05\/1-121-e1621724121354-300x153.jpg 300w, https:\/\/webdelmaestrocmf.com\/portal\/wp-content\/uploads\/2021\/05\/1-121-e1621724121354-768x392.jpg 768w, https:\/\/webdelmaestrocmf.com\/portal\/wp-content\/uploads\/2021\/05\/1-121-e1621724121354-110x56.jpg 110w, https:\/\/webdelmaestrocmf.com\/portal\/wp-content\/uploads\/2021\/05\/1-121-e1621724121354-200x102.jpg 200w, https:\/\/webdelmaestrocmf.com\/portal\/wp-content\/uploads\/2021\/05\/1-121-e1621724121354-380x194.jpg 380w, https:\/\/webdelmaestrocmf.com\/portal\/wp-content\/uploads\/2021\/05\/1-121-e1621724121354-255x130.jpg 255w, https:\/\/webdelmaestrocmf.com\/portal\/wp-content\/uploads\/2021\/05\/1-121-e1621724121354-550x281.jpg 550w, https:\/\/webdelmaestrocmf.com\/portal\/wp-content\/uploads\/2021\/05\/1-121-e1621724121354-800x408.jpg 800w, https:\/\/webdelmaestrocmf.com\/portal\/wp-content\/uploads\/2021\/05\/1-121-e1621724121354-220x112.jpg 220w, https:\/\/webdelmaestrocmf.com\/portal\/wp-content\/uploads\/2021\/05\/1-121-e1621724121354-400x204.jpg 400w, https:\/\/webdelmaestrocmf.com\/portal\/wp-content\/uploads\/2021\/05\/1-121-e1621724121354-760x388.jpg 760w, https:\/\/webdelmaestrocmf.com\/portal\/wp-content\/uploads\/2021\/05\/1-121-e1621724121354-510x260.jpg 510w, https:\/\/webdelmaestrocmf.com\/portal\/wp-content\/uploads\/2021\/05\/1-121-e1621724121354-600x306.jpg 600w, https:\/\/webdelmaestrocmf.com\/portal\/wp-content\/uploads\/2021\/05\/1-121-e1621724121354.jpg 1100w\" sizes=\"auto, (max-width: 1024px) 100vw, 1024px\" \/><\/p>\n<h5 style=\"text-align: justify;\">\u00bfQu\u00e9 es un criterio de evaluaci\u00f3n?<\/h5>\n<p style=\"text-align: justify;\"><span style=\"font-weight: 400;\">Son el referente espec\u00edfico para el juicio de valor sobre el nivel de desarrollo de las competencias, describen las caracter\u00edsticas o cualidades de aquello que se quiere valorar y que deben demostrar los estudiantes en sus actuaciones ante una situaci\u00f3n en un contexto determinado.<\/span><\/p>\n<p style=\"text-align: justify;\"><span style=\"font-weight: 400;\">Es decir describe las caracter\u00edsticas o cualidades de aquello que se quiere valorar. Se relacionan con las capacidades de la competencia que se est\u00e1 desarrollando a trav\u00e9s de una experiencia de aprendizaje.<\/span><\/p>\n<h5 style=\"text-align: justify;\">\u00bfPara qu\u00e9 nos sirven los criterios?<\/h5>\n<p style=\"text-align: justify;\"><span style=\"font-weight: 400;\">Permite valorar el avance de los estudiantes respecto a la competencia, compartiendo con ellos y ofrecerles oportunidades y andamiajes para acompa\u00f1arlos en el logro de la competencia.<\/span><\/p>\n<p style=\"text-align: justify;\"><span style=\"font-weight: 400;\">Sirve para orientar el proceso de ense\u00f1anza, analizar e interpretar las evidencias de aprendizaje con la finalidad de identificar cu\u00e1n cerca o lejos se encuentran los estudiantes de alcanzar el nivel de logro de la competencia.<\/span><\/p>\n<p style=\"text-align: justify;\"><span style=\"font-weight: 400;\">Disminuye la posibilidad de generar malas interpretaciones de las evidencias de aprendizaje.<\/span><\/p>\n<p style=\"text-align: justify;\"><span style=\"font-weight: 400;\">Favorece el desarrollo de la autonom\u00eda y autorregulaci\u00f3n progresiva en el proceso del aprendizaje.<\/span><\/p>\n<p style=\"text-align: justify;\"><span style=\"font-weight: 400;\">Permite identificar lo que hace el estudiante en relaci\u00f3n a las competencias, reconociendo sus logros, avances y dificultades.<\/span><\/p>\n<p><strong>Descargue aqu\u00ed Orientaciones para la elaboraci\u00f3n de criterios de evaluaci\u00f3n para el an\u00e1lisis de evidencias de aprendizaje.<\/strong><\/p>\n<p style=\"text-align: center;\">Recomendamos a la Comunidad Educativa Digital tener en cuenta que, el enlace y\/o la carpeta en donde est\u00e1n alojados los libros, recursos y\/o materiales, no es administrado por la Web del Maestro CMF, pueda ser que en cuesti\u00f3n de d\u00edas (o seg\u00fan el tiempo transcurrido desde su publicaci\u00f3n), los enlaces no funcionen y el material ya no se encuentre disponible. Gracias por su comprensi\u00f3n.<\/p>\n<h3>ENLACE DE LECTURA:<\/h3>\n<p style=\"text-align: center;\">\u00a1Comparte y as\u00ed m\u00e1s docentes utilizar\u00e1n estos recursos\u00a0gratis! Muchas gracias.<\/p>\n<p style=\"text-align: center;\">LECTURA 1: <span style=\"color: #000000;\"><a style=\"color: #000000;\" href=\"https:\/\/drive.google.com\/file\/d\/1RtLcCoF3M_U3nFMzyMeY5jGyFbf0ALjG\/view?fbclid=IwAR1S38BQSMmBpfzhsRjRv9zuNNFdscJwn8SLhiN3IYqaMq7ZWWUJgKOIk-I\" target=\"_blank\" rel=\"noopener\">CRITERIOS DE EVALUACI\u00d3N PARA EL AN\u00c1LISIS DE EVIDENCIAS DE APRENDIZAJE<\/a><\/span><\/p>\n\t\t<div class=\"pk-inline-posts\">\n\t\t\t\n\t\t\t<div class=\"pk-inline-posts-container pk-inline-posts-template-list\"\n\t\t\t\tdata-columns=\"1\">\n\t\t\t\t\t\t<article id=\"post-49931\" class=\"post-49931 post type-post status-publish format-standard has-post-thumbnail category-descargas-manuales-pdf category-evaluar category-pedagogia tag-calificacion tag-como-se-disena-una-rubrica tag-evaluacion tag-rubricas tag-rubricas-de-evaluacion tag-rubricas-docentes tag-rubricas-para-evaluar tag-rubricas-para-maestros cs-entry cs-video-wrap\">\n\t\t\t<div class=\"pk-post-outer\">\n\n\t\t\t\t\t\t\t\t<div class=\"pk-post-inner\">\n\t\t\t\t\t<div class=\"entry-thumbnail\">\n\t\t\t\t\t\t<div class=\"pk-overlay pk-overlay-ratio pk-ratio-landscape\">\n\t\t\t\t\t\t\t<div class=\"pk-overlay-background\">\n\t\t\t\t\t\t\t\t<a href=\"https:\/\/webdelmaestrocmf.com\/portal\/rubricas-evaluacion-mas-alla-de-la-calificacion\/\" class=\"pk-overlay-link\">\n\t\t\t\t\t\t\t\t\t<img loading=\"lazy\" decoding=\"async\" width=\"300\" height=\"225\" src=\"https:\/\/webdelmaestrocmf.com\/portal\/wp-content\/uploads\/2020\/08\/1A-Banner-1-portada-imagen-10-1-1-300x225.jpg\" class=\"attachment-pk-thumbnail size-pk-thumbnail wp-post-image\" alt=\"\" \/>\t\t\t\t\t\t\t\t<\/a>\n\t\t\t\t\t\t\t<\/div>\n\t\t\t\t\t\t<\/div>\n\t\t\t\t\t<\/div>\n\t\t\t\t<\/div>\n\t\t\t\t\n\t\t\t\t<div class=\"pk-post-inner\">\n\t\t\t\t\t<header>\n\t\t\t\t\t\t<h3 class=\"pk-title\"><a href=\"https:\/\/webdelmaestrocmf.com\/portal\/rubricas-evaluacion-mas-alla-de-la-calificacion\/\" rel=\"bookmark\">R\u00fabricas de evaluaci\u00f3n: m\u00e1s all\u00e1 de la calificaci\u00f3n<\/a><\/h3>\t\t\t\t\t<\/header><!-- .entry-header -->\n\t\t\t\t<\/div><!-- .post-inner -->\n\n\t\t\t<\/div><!-- .post-outer -->\n\t\t<\/article>\n\t\t\t\t<\/div>\n\t\t<\/div>\n\t\t\n","protected":false},"excerpt":{"rendered":"El an\u00e1lisis de evidencias de aprendizaje (producciones o actuaciones) se realiza a partir de criterios de evaluaci\u00f3n que&hellip;","protected":false},"author":1,"featured_media":63296,"comment_status":"open","ping_status":"closed","sticky":false,"template":"","format":"standard","meta":{"csco_display_header_overlay":false,"csco_singular_sidebar":"default","csco_page_header_type":"default","csco_page_load_nextpost":"default","csco_post_video_location":[],"csco_post_video_location_hash":"","csco_post_video_url":"","csco_post_video_bg_start_time":0,"csco_post_video_bg_end_time":0,"csco_post_video_bg_volume":false,"_jetpack_memberships_contains_paid_content":false,"footnotes":""},"categories":[1559,735],"tags":[4661,77,4182,1278,5067],"class_list":{"0":"post-63294","1":"post","2":"type-post","3":"status-publish","4":"format-standard","5":"has-post-thumbnail","7":"category-evaluar","8":"category-pedagogia","9":"tag-analisis","10":"tag-aprendizaje","11":"tag-criterios","12":"tag-evaluacion","13":"tag-evidencias","14":"cs-entry","15":"cs-video-wrap"},"yoast_head":"<!-- This site is optimized with the Yoast SEO plugin v27.5 - https:\/\/yoast.com\/product\/yoast-seo-wordpress\/ -->\n<title>Criterios de evaluaci\u00f3n para el an\u00e1lisis de Evidencias de Aprendizaje - 2026<\/title>\n<meta name=\"description\" content=\"El an\u00e1lisis de evidencias de aprendizaje (producciones o actuaciones) se realiza a partir de criterios de evaluaci\u00f3n que formula el...\" \/>\n<meta name=\"robots\" content=\"index, follow, max-snippet:-1, max-image-preview:large, max-video-preview:-1\" \/>\n<link rel=\"canonical\" href=\"https:\/\/webdelmaestrocmf.com\/portal\/criterios-de-evaluacion-para-el-analisis-de-evidencias-de-aprendizaje\/\" \/>\n<meta property=\"og:locale\" content=\"es_ES\" \/>\n<meta property=\"og:type\" content=\"article\" \/>\n<meta property=\"og:title\" content=\"Criterios de evaluaci\u00f3n para el an\u00e1lisis de Evidencias de Aprendizaje - 2026\" \/>\n<meta property=\"og:description\" content=\"El an\u00e1lisis de evidencias de aprendizaje (producciones o actuaciones) se realiza a partir de criterios de evaluaci\u00f3n que formula el...\" \/>\n<meta property=\"og:url\" content=\"https:\/\/webdelmaestrocmf.com\/portal\/criterios-de-evaluacion-para-el-analisis-de-evidencias-de-aprendizaje\/\" \/>\n<meta property=\"og:site_name\" content=\"Web del Maestro CMF\" \/>\n<meta property=\"article:publisher\" content=\"https:\/\/www.facebook.com\/WebdelMaestroCMF\/\" \/>\n<meta property=\"article:author\" content=\"https:\/\/www.facebook.com\/WebdelMaestroCMF\/\" \/>\n<meta property=\"article:published_time\" content=\"2021-05-22T23:00:24+00:00\" \/>\n<meta property=\"article:modified_time\" content=\"2022-11-06T13:25:16+00:00\" \/>\n<meta property=\"og:image\" content=\"https:\/\/i0.wp.com\/webdelmaestrocmf.com\/portal\/wp-content\/uploads\/2021\/05\/1-125.jpg?fit=1100%2C680&ssl=1\" \/>\n\t<meta property=\"og:image:width\" content=\"1100\" \/>\n\t<meta property=\"og:image:height\" content=\"680\" \/>\n\t<meta property=\"og:image:type\" content=\"image\/jpeg\" \/>\n<meta name=\"author\" content=\"Web del Maestro CMF\" \/>\n<meta name=\"twitter:card\" content=\"summary_large_image\" \/>\n<meta name=\"twitter:creator\" content=\"@cmf_w\" \/>\n<meta name=\"twitter:site\" content=\"@cmf_w\" \/>\n<script type=\"application\/ld+json\" class=\"yoast-schema-graph\">{\"@context\":\"https:\\\/\\\/schema.org\",\"@graph\":[{\"@type\":\"ScholarlyArticle\",\"@id\":\"https:\\\/\\\/webdelmaestrocmf.com\\\/portal\\\/criterios-de-evaluacion-para-el-analisis-de-evidencias-de-aprendizaje\\\/#article\",\"isPartOf\":{\"@id\":\"https:\\\/\\\/webdelmaestrocmf.com\\\/portal\\\/criterios-de-evaluacion-para-el-analisis-de-evidencias-de-aprendizaje\\\/\"},\"author\":{\"name\":\"Web del Maestro CMF\",\"@id\":\"https:\\\/\\\/webdelmaestrocmf.com\\\/portal\\\/#\\\/schema\\\/person\\\/1072a2ed7bd960df8ef99a551fa35dc5\"},\"headline\":\"Criterios de evaluaci\u00f3n para el an\u00e1lisis de Evidencias de Aprendizaje\",\"datePublished\":\"2021-05-22T23:00:24+00:00\",\"dateModified\":\"2022-11-06T13:25:16+00:00\",\"mainEntityOfPage\":{\"@id\":\"https:\\\/\\\/webdelmaestrocmf.com\\\/portal\\\/criterios-de-evaluacion-para-el-analisis-de-evidencias-de-aprendizaje\\\/\"},\"wordCount\":578,\"commentCount\":0,\"publisher\":{\"@id\":\"https:\\\/\\\/webdelmaestrocmf.com\\\/portal\\\/#organization\"},\"image\":{\"@id\":\"https:\\\/\\\/webdelmaestrocmf.com\\\/portal\\\/criterios-de-evaluacion-para-el-analisis-de-evidencias-de-aprendizaje\\\/#primaryimage\"},\"thumbnailUrl\":\"https:\\\/\\\/webdelmaestrocmf.com\\\/portal\\\/wp-content\\\/uploads\\\/2021\\\/05\\\/1-125.jpg\",\"keywords\":[\"Analisis\",\"aprendizaje\",\"CRITERIOS\",\"EVALUACI\u00d3N\",\"evidencias\"],\"articleSection\":[\"Evaluar\",\"Recursos\"],\"inLanguage\":\"es\",\"potentialAction\":[{\"@type\":\"CommentAction\",\"name\":\"Comment\",\"target\":[\"https:\\\/\\\/webdelmaestrocmf.com\\\/portal\\\/criterios-de-evaluacion-para-el-analisis-de-evidencias-de-aprendizaje\\\/#respond\"]}]},{\"@type\":\"WebPage\",\"@id\":\"https:\\\/\\\/webdelmaestrocmf.com\\\/portal\\\/criterios-de-evaluacion-para-el-analisis-de-evidencias-de-aprendizaje\\\/\",\"url\":\"https:\\\/\\\/webdelmaestrocmf.com\\\/portal\\\/criterios-de-evaluacion-para-el-analisis-de-evidencias-de-aprendizaje\\\/\",\"name\":\"Criterios de evaluaci\u00f3n para el an\u00e1lisis de Evidencias de Aprendizaje - 2026\",\"isPartOf\":{\"@id\":\"https:\\\/\\\/webdelmaestrocmf.com\\\/portal\\\/#website\"},\"primaryImageOfPage\":{\"@id\":\"https:\\\/\\\/webdelmaestrocmf.com\\\/portal\\\/criterios-de-evaluacion-para-el-analisis-de-evidencias-de-aprendizaje\\\/#primaryimage\"},\"image\":{\"@id\":\"https:\\\/\\\/webdelmaestrocmf.com\\\/portal\\\/criterios-de-evaluacion-para-el-analisis-de-evidencias-de-aprendizaje\\\/#primaryimage\"},\"thumbnailUrl\":\"https:\\\/\\\/webdelmaestrocmf.com\\\/portal\\\/wp-content\\\/uploads\\\/2021\\\/05\\\/1-125.jpg\",\"datePublished\":\"2021-05-22T23:00:24+00:00\",\"dateModified\":\"2022-11-06T13:25:16+00:00\",\"description\":\"El an\u00e1lisis de evidencias de aprendizaje (producciones o actuaciones) se realiza a partir de criterios de evaluaci\u00f3n que formula el...\",\"breadcrumb\":{\"@id\":\"https:\\\/\\\/webdelmaestrocmf.com\\\/portal\\\/criterios-de-evaluacion-para-el-analisis-de-evidencias-de-aprendizaje\\\/#breadcrumb\"},\"inLanguage\":\"es\",\"potentialAction\":[{\"@type\":\"ReadAction\",\"target\":[\"https:\\\/\\\/webdelmaestrocmf.com\\\/portal\\\/criterios-de-evaluacion-para-el-analisis-de-evidencias-de-aprendizaje\\\/\"]}]},{\"@type\":\"ImageObject\",\"inLanguage\":\"es\",\"@id\":\"https:\\\/\\\/webdelmaestrocmf.com\\\/portal\\\/criterios-de-evaluacion-para-el-analisis-de-evidencias-de-aprendizaje\\\/#primaryimage\",\"url\":\"https:\\\/\\\/webdelmaestrocmf.com\\\/portal\\\/wp-content\\\/uploads\\\/2021\\\/05\\\/1-125.jpg\",\"contentUrl\":\"https:\\\/\\\/webdelmaestrocmf.com\\\/portal\\\/wp-content\\\/uploads\\\/2021\\\/05\\\/1-125.jpg\",\"width\":1100,\"height\":680},{\"@type\":\"BreadcrumbList\",\"@id\":\"https:\\\/\\\/webdelmaestrocmf.com\\\/portal\\\/criterios-de-evaluacion-para-el-analisis-de-evidencias-de-aprendizaje\\\/#breadcrumb\",\"itemListElement\":[{\"@type\":\"ListItem\",\"position\":1,\"name\":\"Portada\",\"item\":\"https:\\\/\\\/webdelmaestrocmf.com\\\/portal\\\/\"},{\"@type\":\"ListItem\",\"position\":2,\"name\":\"Recursos\",\"item\":\"https:\\\/\\\/webdelmaestrocmf.com\\\/portal\\\/category\\\/pedagogia\\\/\"},{\"@type\":\"ListItem\",\"position\":3,\"name\":\"Criterios de evaluaci\u00f3n para el an\u00e1lisis de Evidencias de Aprendizaje\"}]},{\"@type\":\"WebSite\",\"@id\":\"https:\\\/\\\/webdelmaestrocmf.com\\\/portal\\\/#website\",\"url\":\"https:\\\/\\\/webdelmaestrocmf.com\\\/portal\\\/\",\"name\":\"Web del Maestro CMF\",\"description\":\"Maestros al servicio de la educaci\u00f3n\",\"publisher\":{\"@id\":\"https:\\\/\\\/webdelmaestrocmf.com\\\/portal\\\/#organization\"},\"alternateName\":\"WMCMF\",\"potentialAction\":[{\"@type\":\"SearchAction\",\"target\":{\"@type\":\"EntryPoint\",\"urlTemplate\":\"https:\\\/\\\/webdelmaestrocmf.com\\\/portal\\\/?s={search_term_string}\"},\"query-input\":{\"@type\":\"PropertyValueSpecification\",\"valueRequired\":true,\"valueName\":\"search_term_string\"}}],\"inLanguage\":\"es\"},{\"@type\":\"Organization\",\"@id\":\"https:\\\/\\\/webdelmaestrocmf.com\\\/portal\\\/#organization\",\"name\":\"Web del Maestro CMF\",\"alternateName\":\"WMCMF\",\"url\":\"https:\\\/\\\/webdelmaestrocmf.com\\\/portal\\\/\",\"logo\":{\"@type\":\"ImageObject\",\"inLanguage\":\"es\",\"@id\":\"https:\\\/\\\/webdelmaestrocmf.com\\\/portal\\\/#\\\/schema\\\/logo\\\/image\\\/\",\"url\":\"https:\\\/\\\/webdelmaestrocmf.com\\\/portal\\\/wp-content\\\/uploads\\\/2023\\\/01\\\/logo-wmcmf-2.png\",\"contentUrl\":\"https:\\\/\\\/webdelmaestrocmf.com\\\/portal\\\/wp-content\\\/uploads\\\/2023\\\/01\\\/logo-wmcmf-2.png\",\"width\":200,\"height\":60,\"caption\":\"Web del Maestro CMF\"},\"image\":{\"@id\":\"https:\\\/\\\/webdelmaestrocmf.com\\\/portal\\\/#\\\/schema\\\/logo\\\/image\\\/\"},\"sameAs\":[\"https:\\\/\\\/www.facebook.com\\\/WebdelMaestroCMF\\\/\",\"https:\\\/\\\/x.com\\\/cmf_w\",\"https:\\\/\\\/www.pinterest.com\\\/WMCMF\\\/\",\"https:\\\/\\\/www.linkedin.com\\\/company\\\/web-del-maestro-cmf\\\/\",\"https:\\\/\\\/www.instagram.com\\\/wmcmf\\\/\",\"https:\\\/\\\/www.youtube.com\\\/channel\\\/UCDPSvjbdodE5sHnC3OxutHw\",\"https:\\\/\\\/mastodon.social\\\/@wmcmf\",\"https:\\\/\\\/www.tiktok.com\\\/@webdelmaestrocmf\"]},{\"@type\":\"Person\",\"@id\":\"https:\\\/\\\/webdelmaestrocmf.com\\\/portal\\\/#\\\/schema\\\/person\\\/1072a2ed7bd960df8ef99a551fa35dc5\",\"name\":\"Web del Maestro CMF\",\"image\":{\"@type\":\"ImageObject\",\"inLanguage\":\"es\",\"@id\":\"https:\\\/\\\/secure.gravatar.com\\\/avatar\\\/23291dd5b5ae1077dcff3dbb04c3e02bd28403fa75af6d8787d5e97c5bbbe30b?s=96&d=mm&r=g\",\"url\":\"https:\\\/\\\/secure.gravatar.com\\\/avatar\\\/23291dd5b5ae1077dcff3dbb04c3e02bd28403fa75af6d8787d5e97c5bbbe30b?s=96&d=mm&r=g\",\"contentUrl\":\"https:\\\/\\\/secure.gravatar.com\\\/avatar\\\/23291dd5b5ae1077dcff3dbb04c3e02bd28403fa75af6d8787d5e97c5bbbe30b?s=96&d=mm&r=g\",\"caption\":\"Web del Maestro CMF\"},\"description\":\"Esta Web se cre\u00f3 sin fines de lucro, con fines educativos, cient\u00edficos y acad\u00e9micos, para personas que tengan dificultades y\\\/o inconvenientes en visualizar el material original. El objetivo es entregar recursos, compartir experiencias y materiales que ayuden a los padres de familia, maestros y estudiantes en su actualizaci\u00f3n y formaci\u00f3n permanente, en bien de la Educaci\u00f3n.\",\"sameAs\":[\"http:\\\/\\\/webdelmaestrocmf.com\\\/portal\",\"https:\\\/\\\/www.facebook.com\\\/WebdelMaestroCMF\\\/\",\"https:\\\/\\\/www.instagram.com\\\/wmcmf\\\/\",\"https:\\\/\\\/cl.linkedin.com\\\/company\\\/web-del-maestro-cmf\",\"https:\\\/\\\/www.pinterest.com\\\/WMCMF\\\/publicaciones\\\/\",\"https:\\\/\\\/x.com\\\/cmf_w\",\"https:\\\/\\\/www.youtube.com\\\/@WMCMF\"]}]}<\/script>\n<!-- \/ Yoast SEO plugin. -->","yoast_head_json":{"title":"Criterios de evaluaci\u00f3n para el an\u00e1lisis de Evidencias de Aprendizaje - 2026","description":"El an\u00e1lisis de evidencias de aprendizaje (producciones o actuaciones) se realiza a partir de criterios de evaluaci\u00f3n que formula el...","robots":{"index":"index","follow":"follow","max-snippet":"max-snippet:-1","max-image-preview":"max-image-preview:large","max-video-preview":"max-video-preview:-1"},"canonical":"https:\/\/webdelmaestrocmf.com\/portal\/criterios-de-evaluacion-para-el-analisis-de-evidencias-de-aprendizaje\/","og_locale":"es_ES","og_type":"article","og_title":"Criterios de evaluaci\u00f3n para el an\u00e1lisis de Evidencias de Aprendizaje - 2026","og_description":"El an\u00e1lisis de evidencias de aprendizaje (producciones o actuaciones) se realiza a partir de criterios de evaluaci\u00f3n que formula el...","og_url":"https:\/\/webdelmaestrocmf.com\/portal\/criterios-de-evaluacion-para-el-analisis-de-evidencias-de-aprendizaje\/","og_site_name":"Web del Maestro CMF","article_publisher":"https:\/\/www.facebook.com\/WebdelMaestroCMF\/","article_author":"https:\/\/www.facebook.com\/WebdelMaestroCMF\/","article_published_time":"2021-05-22T23:00:24+00:00","article_modified_time":"2022-11-06T13:25:16+00:00","og_image":[{"width":1100,"height":680,"url":"https:\/\/i0.wp.com\/webdelmaestrocmf.com\/portal\/wp-content\/uploads\/2021\/05\/1-125.jpg?fit=1100%2C680&ssl=1","type":"image\/jpeg"}],"author":"Web del Maestro CMF","twitter_card":"summary_large_image","twitter_creator":"@cmf_w","twitter_site":"@cmf_w","schema":{"@context":"https:\/\/schema.org","@graph":[{"@type":"ScholarlyArticle","@id":"https:\/\/webdelmaestrocmf.com\/portal\/criterios-de-evaluacion-para-el-analisis-de-evidencias-de-aprendizaje\/#article","isPartOf":{"@id":"https:\/\/webdelmaestrocmf.com\/portal\/criterios-de-evaluacion-para-el-analisis-de-evidencias-de-aprendizaje\/"},"author":{"name":"Web del Maestro CMF","@id":"https:\/\/webdelmaestrocmf.com\/portal\/#\/schema\/person\/1072a2ed7bd960df8ef99a551fa35dc5"},"headline":"Criterios de evaluaci\u00f3n para el an\u00e1lisis de Evidencias de Aprendizaje","datePublished":"2021-05-22T23:00:24+00:00","dateModified":"2022-11-06T13:25:16+00:00","mainEntityOfPage":{"@id":"https:\/\/webdelmaestrocmf.com\/portal\/criterios-de-evaluacion-para-el-analisis-de-evidencias-de-aprendizaje\/"},"wordCount":578,"commentCount":0,"publisher":{"@id":"https:\/\/webdelmaestrocmf.com\/portal\/#organization"},"image":{"@id":"https:\/\/webdelmaestrocmf.com\/portal\/criterios-de-evaluacion-para-el-analisis-de-evidencias-de-aprendizaje\/#primaryimage"},"thumbnailUrl":"https:\/\/webdelmaestrocmf.com\/portal\/wp-content\/uploads\/2021\/05\/1-125.jpg","keywords":["Analisis","aprendizaje","CRITERIOS","EVALUACI\u00d3N","evidencias"],"articleSection":["Evaluar","Recursos"],"inLanguage":"es","potentialAction":[{"@type":"CommentAction","name":"Comment","target":["https:\/\/webdelmaestrocmf.com\/portal\/criterios-de-evaluacion-para-el-analisis-de-evidencias-de-aprendizaje\/#respond"]}]},{"@type":"WebPage","@id":"https:\/\/webdelmaestrocmf.com\/portal\/criterios-de-evaluacion-para-el-analisis-de-evidencias-de-aprendizaje\/","url":"https:\/\/webdelmaestrocmf.com\/portal\/criterios-de-evaluacion-para-el-analisis-de-evidencias-de-aprendizaje\/","name":"Criterios de evaluaci\u00f3n para el an\u00e1lisis de Evidencias de Aprendizaje - 2026","isPartOf":{"@id":"https:\/\/webdelmaestrocmf.com\/portal\/#website"},"primaryImageOfPage":{"@id":"https:\/\/webdelmaestrocmf.com\/portal\/criterios-de-evaluacion-para-el-analisis-de-evidencias-de-aprendizaje\/#primaryimage"},"image":{"@id":"https:\/\/webdelmaestrocmf.com\/portal\/criterios-de-evaluacion-para-el-analisis-de-evidencias-de-aprendizaje\/#primaryimage"},"thumbnailUrl":"https:\/\/webdelmaestrocmf.com\/portal\/wp-content\/uploads\/2021\/05\/1-125.jpg","datePublished":"2021-05-22T23:00:24+00:00","dateModified":"2022-11-06T13:25:16+00:00","description":"El an\u00e1lisis de evidencias de aprendizaje (producciones o actuaciones) se realiza a partir de criterios de evaluaci\u00f3n que formula el...","breadcrumb":{"@id":"https:\/\/webdelmaestrocmf.com\/portal\/criterios-de-evaluacion-para-el-analisis-de-evidencias-de-aprendizaje\/#breadcrumb"},"inLanguage":"es","potentialAction":[{"@type":"ReadAction","target":["https:\/\/webdelmaestrocmf.com\/portal\/criterios-de-evaluacion-para-el-analisis-de-evidencias-de-aprendizaje\/"]}]},{"@type":"ImageObject","inLanguage":"es","@id":"https:\/\/webdelmaestrocmf.com\/portal\/criterios-de-evaluacion-para-el-analisis-de-evidencias-de-aprendizaje\/#primaryimage","url":"https:\/\/webdelmaestrocmf.com\/portal\/wp-content\/uploads\/2021\/05\/1-125.jpg","contentUrl":"https:\/\/webdelmaestrocmf.com\/portal\/wp-content\/uploads\/2021\/05\/1-125.jpg","width":1100,"height":680},{"@type":"BreadcrumbList","@id":"https:\/\/webdelmaestrocmf.com\/portal\/criterios-de-evaluacion-para-el-analisis-de-evidencias-de-aprendizaje\/#breadcrumb","itemListElement":[{"@type":"ListItem","position":1,"name":"Portada","item":"https:\/\/webdelmaestrocmf.com\/portal\/"},{"@type":"ListItem","position":2,"name":"Recursos","item":"https:\/\/webdelmaestrocmf.com\/portal\/category\/pedagogia\/"},{"@type":"ListItem","position":3,"name":"Criterios de evaluaci\u00f3n para el an\u00e1lisis de Evidencias de Aprendizaje"}]},{"@type":"WebSite","@id":"https:\/\/webdelmaestrocmf.com\/portal\/#website","url":"https:\/\/webdelmaestrocmf.com\/portal\/","name":"Web del Maestro CMF","description":"Maestros al servicio de la educaci\u00f3n","publisher":{"@id":"https:\/\/webdelmaestrocmf.com\/portal\/#organization"},"alternateName":"WMCMF","potentialAction":[{"@type":"SearchAction","target":{"@type":"EntryPoint","urlTemplate":"https:\/\/webdelmaestrocmf.com\/portal\/?s={search_term_string}"},"query-input":{"@type":"PropertyValueSpecification","valueRequired":true,"valueName":"search_term_string"}}],"inLanguage":"es"},{"@type":"Organization","@id":"https:\/\/webdelmaestrocmf.com\/portal\/#organization","name":"Web del Maestro CMF","alternateName":"WMCMF","url":"https:\/\/webdelmaestrocmf.com\/portal\/","logo":{"@type":"ImageObject","inLanguage":"es","@id":"https:\/\/webdelmaestrocmf.com\/portal\/#\/schema\/logo\/image\/","url":"https:\/\/webdelmaestrocmf.com\/portal\/wp-content\/uploads\/2023\/01\/logo-wmcmf-2.png","contentUrl":"https:\/\/webdelmaestrocmf.com\/portal\/wp-content\/uploads\/2023\/01\/logo-wmcmf-2.png","width":200,"height":60,"caption":"Web del Maestro CMF"},"image":{"@id":"https:\/\/webdelmaestrocmf.com\/portal\/#\/schema\/logo\/image\/"},"sameAs":["https:\/\/www.facebook.com\/WebdelMaestroCMF\/","https:\/\/x.com\/cmf_w","https:\/\/www.pinterest.com\/WMCMF\/","https:\/\/www.linkedin.com\/company\/web-del-maestro-cmf\/","https:\/\/www.instagram.com\/wmcmf\/","https:\/\/www.youtube.com\/channel\/UCDPSvjbdodE5sHnC3OxutHw","https:\/\/mastodon.social\/@wmcmf","https:\/\/www.tiktok.com\/@webdelmaestrocmf"]},{"@type":"Person","@id":"https:\/\/webdelmaestrocmf.com\/portal\/#\/schema\/person\/1072a2ed7bd960df8ef99a551fa35dc5","name":"Web del Maestro CMF","image":{"@type":"ImageObject","inLanguage":"es","@id":"https:\/\/secure.gravatar.com\/avatar\/23291dd5b5ae1077dcff3dbb04c3e02bd28403fa75af6d8787d5e97c5bbbe30b?s=96&d=mm&r=g","url":"https:\/\/secure.gravatar.com\/avatar\/23291dd5b5ae1077dcff3dbb04c3e02bd28403fa75af6d8787d5e97c5bbbe30b?s=96&d=mm&r=g","contentUrl":"https:\/\/secure.gravatar.com\/avatar\/23291dd5b5ae1077dcff3dbb04c3e02bd28403fa75af6d8787d5e97c5bbbe30b?s=96&d=mm&r=g","caption":"Web del Maestro CMF"},"description":"Esta Web se cre\u00f3 sin fines de lucro, con fines educativos, cient\u00edficos y acad\u00e9micos, para personas que tengan dificultades y\/o inconvenientes en visualizar el material original. El objetivo es entregar recursos, compartir experiencias y materiales que ayuden a los padres de familia, maestros y estudiantes en su actualizaci\u00f3n y formaci\u00f3n permanente, en bien de la Educaci\u00f3n.","sameAs":["http:\/\/webdelmaestrocmf.com\/portal","https:\/\/www.facebook.com\/WebdelMaestroCMF\/","https:\/\/www.instagram.com\/wmcmf\/","https:\/\/cl.linkedin.com\/company\/web-del-maestro-cmf","https:\/\/www.pinterest.com\/WMCMF\/publicaciones\/","https:\/\/x.com\/cmf_w","https:\/\/www.youtube.com\/@WMCMF"]}]}},"jetpack_featured_media_url":"https:\/\/webdelmaestrocmf.com\/portal\/wp-content\/uploads\/2021\/05\/1-125.jpg","jetpack_sharing_enabled":true,"jetpack-related-posts":[{"id":85842,"url":"https:\/\/webdelmaestrocmf.com\/portal\/criterios-de-evaluacion-en-base-a-estandares-de-aprendizajes-y-desempenos\/","url_meta":{"origin":63294,"position":0},"title":"Criterios de evaluaci\u00f3n con base a est\u00e1ndares de aprendizajes y desempe\u00f1os","author":"Web del Maestro CMF","date":"19 marzo, 2023","format":false,"excerpt":"Aqu\u00ed le vamos a compartir una matriz para formular criterios de evaluaci\u00f3n en base a los desempe\u00f1os de est\u00e1ndares de aprendizaje. Los criterios de evaluaci\u00f3n son un medio que permite seleccionar los aprendizajes m\u00e1s relevantes de un objetivo de aprendizaje, ya sean de tipo conceptual, procedimental o actitudinal. Los criterios\u2026","rel":"","context":"En \u00abCriterios\u00bb","block_context":{"text":"Criterios","link":"https:\/\/webdelmaestrocmf.com\/portal\/category\/pedagogia\/criterios\/"},"img":{"alt_text":"criterios de evaluaci\u00f3n","src":"https:\/\/i0.wp.com\/webdelmaestrocmf.com\/portal\/wp-content\/uploads\/2023\/03\/Banner-1-portada-imagen-10-1-1.jpg?resize=350%2C200&ssl=1","width":350,"height":200,"srcset":"https:\/\/i0.wp.com\/webdelmaestrocmf.com\/portal\/wp-content\/uploads\/2023\/03\/Banner-1-portada-imagen-10-1-1.jpg?resize=350%2C200&ssl=1 1x, https:\/\/i0.wp.com\/webdelmaestrocmf.com\/portal\/wp-content\/uploads\/2023\/03\/Banner-1-portada-imagen-10-1-1.jpg?resize=525%2C300&ssl=1 1.5x, https:\/\/i0.wp.com\/webdelmaestrocmf.com\/portal\/wp-content\/uploads\/2023\/03\/Banner-1-portada-imagen-10-1-1.jpg?resize=700%2C400&ssl=1 2x"},"classes":[]},{"id":47573,"url":"https:\/\/webdelmaestrocmf.com\/portal\/pasos-para-crear-un-portafolio-o-carpeta-de-evidencias-para-las-seciones-de-aprendo-en-casa\/","url_meta":{"origin":63294,"position":1},"title":"Pasos para crear un \u201cPortafolio o Carpeta de evidencias\u00bb","author":"Web del Maestro CMF","date":"2 junio, 2020","format":false,"excerpt":"Muchos de los docentes suelen utilizar un portafolio o una carpeta para ir recopilando evidencias de los trabajos de los estudiantes. Dependiendo del nivel o tipo de instituci\u00f3n en que se labore, estas evidencias o producciones pueden ser f\u00edsicas o digitales. El portafolio o carpeta de evidencias tiene, entre otras\u2026","rel":"","context":"En \u00abConsejos\u00bb","block_context":{"text":"Consejos","link":"https:\/\/webdelmaestrocmf.com\/portal\/category\/pedagogia\/consejos\/"},"img":{"alt_text":"Portafolio","src":"https:\/\/i0.wp.com\/webdelmaestrocmf.com\/portal\/wp-content\/uploads\/2020\/06\/A12B3C4D-2.jpg?resize=350%2C200&ssl=1","width":350,"height":200,"srcset":"https:\/\/i0.wp.com\/webdelmaestrocmf.com\/portal\/wp-content\/uploads\/2020\/06\/A12B3C4D-2.jpg?resize=350%2C200&ssl=1 1x, https:\/\/i0.wp.com\/webdelmaestrocmf.com\/portal\/wp-content\/uploads\/2020\/06\/A12B3C4D-2.jpg?resize=525%2C300&ssl=1 1.5x, https:\/\/i0.wp.com\/webdelmaestrocmf.com\/portal\/wp-content\/uploads\/2020\/06\/A12B3C4D-2.jpg?resize=700%2C400&ssl=1 2x"},"classes":[]},{"id":63967,"url":"https:\/\/webdelmaestrocmf.com\/portal\/criterios-de-evaluacion-para-el-analisis-de-las-evidencias-de-aprendizaje\/","url_meta":{"origin":63294,"position":2},"title":"Criterios de evaluaci\u00f3n para el \u00abAn\u00e1lisis de las Evidencias de Aprendizaje\u00bb","author":"Web del Maestro CMF","date":"22 octubre, 2025","format":false,"excerpt":"Los criterios de evaluaci\u00f3n orientan la ense\u00f1anza, permiten analizar evidencias con objetividad y mejorar el aprendizaje mediante retroalimentaci\u00f3n formativa continua.","rel":"","context":"En \u00abDescargas Manuales PDF\u00bb","block_context":{"text":"Descargas Manuales PDF","link":"https:\/\/webdelmaestrocmf.com\/portal\/category\/pedagogia\/descargas-manuales-pdf\/"},"img":{"alt_text":"","src":"https:\/\/i0.wp.com\/webdelmaestrocmf.com\/portal\/wp-content\/uploads\/2021\/06\/1A-Banner-1-portada-imagen-10-1-copia-14.jpg?resize=350%2C200&ssl=1","width":350,"height":200,"srcset":"https:\/\/i0.wp.com\/webdelmaestrocmf.com\/portal\/wp-content\/uploads\/2021\/06\/1A-Banner-1-portada-imagen-10-1-copia-14.jpg?resize=350%2C200&ssl=1 1x, https:\/\/i0.wp.com\/webdelmaestrocmf.com\/portal\/wp-content\/uploads\/2021\/06\/1A-Banner-1-portada-imagen-10-1-copia-14.jpg?resize=525%2C300&ssl=1 1.5x, https:\/\/i0.wp.com\/webdelmaestrocmf.com\/portal\/wp-content\/uploads\/2021\/06\/1A-Banner-1-portada-imagen-10-1-copia-14.jpg?resize=700%2C400&ssl=1 2x"},"classes":[]},{"id":45226,"url":"https:\/\/webdelmaestrocmf.com\/portal\/orientaciones-para-la-evaluacion-formativa-de-las-competencias-en-el-aula\/","url_meta":{"origin":63294,"position":3},"title":"Orientaciones para la Evaluaci\u00f3n Formativa de las competencias en el aula","author":"Web del Maestro CMF","date":"9 marzo, 2020","format":false,"excerpt":"En las tendencias pedag\u00f3gicas contempor\u00e1neas, la idea de evaluaci\u00f3n ha evolucionado significativamente. Ha pasado de comprenderse como una pr\u00e1ctica centrada en la ense\u00f1anza, que calificaba lo correcto y lo incorrecto, y que se situaba \u00fanicamente al final del proceso, a ser entendida como una pr\u00e1ctica centrada en el aprendizaje del\u2026","rel":"","context":"En \u00abDescargas Manuales PDF\u00bb","block_context":{"text":"Descargas Manuales PDF","link":"https:\/\/webdelmaestrocmf.com\/portal\/category\/pedagogia\/descargas-manuales-pdf\/"},"img":{"alt_text":"Evaluaci\u00f3n","src":"https:\/\/i0.wp.com\/webdelmaestrocmf.com\/portal\/wp-content\/uploads\/2020\/03\/1c-15.jpg?resize=350%2C200&ssl=1","width":350,"height":200,"srcset":"https:\/\/i0.wp.com\/webdelmaestrocmf.com\/portal\/wp-content\/uploads\/2020\/03\/1c-15.jpg?resize=350%2C200&ssl=1 1x, https:\/\/i0.wp.com\/webdelmaestrocmf.com\/portal\/wp-content\/uploads\/2020\/03\/1c-15.jpg?resize=525%2C300&ssl=1 1.5x, https:\/\/i0.wp.com\/webdelmaestrocmf.com\/portal\/wp-content\/uploads\/2020\/03\/1c-15.jpg?resize=700%2C400&ssl=1 2x, https:\/\/i0.wp.com\/webdelmaestrocmf.com\/portal\/wp-content\/uploads\/2020\/03\/1c-15.jpg?resize=1050%2C600&ssl=1 3x"},"classes":[]},{"id":101589,"url":"https:\/\/webdelmaestrocmf.com\/portal\/manual-de-orientaciones-para-la-evaluacion-de-competencias\/","url_meta":{"origin":63294,"position":4},"title":"Manual de orientaciones para la Evaluaci\u00f3n de Competencias","author":"Web del Maestro CMF","date":"10 diciembre, 2023","format":false,"excerpt":"La evaluaci\u00f3n de competencias en el \u00e1mbito educativo es esencial para medir el progreso de los estudiantes y su desarrollo integral. En este contexto, la evaluaci\u00f3n formativa al culminar el periodo lectivo se presenta como un elemento clave en el proceso de ense\u00f1anza y aprendizaje. Este enfoque busca no solo\u2026","rel":"","context":"En \u00abcompetencias\u00bb","block_context":{"text":"competencias","link":"https:\/\/webdelmaestrocmf.com\/portal\/category\/pedagogia\/evaluar\/competencias-evaluar\/"},"img":{"alt_text":"Evaluaci\u00f3n de Competencias","src":"https:\/\/i0.wp.com\/webdelmaestrocmf.com\/portal\/wp-content\/uploads\/2023\/12\/Evaluacion-de-Competencias-1.jpg?resize=350%2C200&ssl=1","width":350,"height":200,"srcset":"https:\/\/i0.wp.com\/webdelmaestrocmf.com\/portal\/wp-content\/uploads\/2023\/12\/Evaluacion-de-Competencias-1.jpg?resize=350%2C200&ssl=1 1x, https:\/\/i0.wp.com\/webdelmaestrocmf.com\/portal\/wp-content\/uploads\/2023\/12\/Evaluacion-de-Competencias-1.jpg?resize=525%2C300&ssl=1 1.5x, https:\/\/i0.wp.com\/webdelmaestrocmf.com\/portal\/wp-content\/uploads\/2023\/12\/Evaluacion-de-Competencias-1.jpg?resize=700%2C400&ssl=1 2x"},"classes":[]},{"id":90996,"url":"https:\/\/webdelmaestrocmf.com\/portal\/cuales-son-los-elementos-de-la-evaluacion\/","url_meta":{"origin":63294,"position":5},"title":"Cu\u00e1les son los elementos de la evaluaci\u00f3n","author":"Web del Maestro CMF","date":"25 julio, 2023","format":false,"excerpt":"Cuando se eval\u00faa desde el enfoque formativo se debe tener presente una serie de elementos para el dise\u00f1o, el desarrollo y la reflexi\u00f3n del proceso evaluativo, que se refieren a las siguientes preguntas: \u00bfQu\u00e9 se eval\u00faa? \u00bfPara qu\u00e9 se eval\u00faa? \u00bfQui\u00e9nes eval\u00faan? \u00bfCu\u00e1ndo se eval\u00faa? \u00bfC\u00f3mo se eval\u00faa? \u00bfC\u00f3mo se\u2026","rel":"","context":"En \u00abEvaluar\u00bb","block_context":{"text":"Evaluar","link":"https:\/\/webdelmaestrocmf.com\/portal\/category\/pedagogia\/evaluar\/"},"img":{"alt_text":"","src":"https:\/\/i0.wp.com\/webdelmaestrocmf.com\/portal\/wp-content\/uploads\/2023\/07\/A12B3C4D-3-1.jpg?resize=350%2C200&ssl=1","width":350,"height":200,"srcset":"https:\/\/i0.wp.com\/webdelmaestrocmf.com\/portal\/wp-content\/uploads\/2023\/07\/A12B3C4D-3-1.jpg?resize=350%2C200&ssl=1 1x, https:\/\/i0.wp.com\/webdelmaestrocmf.com\/portal\/wp-content\/uploads\/2023\/07\/A12B3C4D-3-1.jpg?resize=525%2C300&ssl=1 1.5x, https:\/\/i0.wp.com\/webdelmaestrocmf.com\/portal\/wp-content\/uploads\/2023\/07\/A12B3C4D-3-1.jpg?resize=700%2C400&ssl=1 2x"},"classes":[]}],"_links":{"self":[{"href":"https:\/\/webdelmaestrocmf.com\/portal\/wp-json\/wp\/v2\/posts\/63294","targetHints":{"allow":["GET"]}}],"collection":[{"href":"https:\/\/webdelmaestrocmf.com\/portal\/wp-json\/wp\/v2\/posts"}],"about":[{"href":"https:\/\/webdelmaestrocmf.com\/portal\/wp-json\/wp\/v2\/types\/post"}],"author":[{"embeddable":true,"href":"https:\/\/webdelmaestrocmf.com\/portal\/wp-json\/wp\/v2\/users\/1"}],"replies":[{"embeddable":true,"href":"https:\/\/webdelmaestrocmf.com\/portal\/wp-json\/wp\/v2\/comments?post=63294"}],"version-history":[{"count":0,"href":"https:\/\/webdelmaestrocmf.com\/portal\/wp-json\/wp\/v2\/posts\/63294\/revisions"}],"wp:featuredmedia":[{"embeddable":true,"href":"https:\/\/webdelmaestrocmf.com\/portal\/wp-json\/wp\/v2\/media\/63296"}],"wp:attachment":[{"href":"https:\/\/webdelmaestrocmf.com\/portal\/wp-json\/wp\/v2\/media?parent=63294"}],"wp:term":[{"taxonomy":"category","embeddable":true,"href":"https:\/\/webdelmaestrocmf.com\/portal\/wp-json\/wp\/v2\/categories?post=63294"},{"taxonomy":"post_tag","embeddable":true,"href":"https:\/\/webdelmaestrocmf.com\/portal\/wp-json\/wp\/v2\/tags?post=63294"}],"curies":[{"name":"wp","href":"https:\/\/api.w.org\/{rel}","templated":true}]}}