{"id":63110,"date":"2021-05-18T12:58:13","date_gmt":"2021-05-18T16:58:13","guid":{"rendered":"https:\/\/webdelmaestrocmf.com\/portal\/?p=63110"},"modified":"2021-05-18T13:22:27","modified_gmt":"2021-05-18T17:22:27","slug":"baul-del-docente-incertidumbre-mundial-clases-presenciales-o-virtuales","status":"publish","type":"post","link":"https:\/\/webdelmaestrocmf.com\/portal\/baul-del-docente-incertidumbre-mundial-clases-presenciales-o-virtuales\/","title":{"rendered":"[Ba\u00fal del Docente] Incertidumbre mundial: \u00bfclases presenciales o virtuales?"},"content":{"rendered":"<h5 style=\"text-align: justify;\">Estimados docentes: Antes de finalizar el a\u00f1o 2020, en varios pa\u00edses se comenz\u00f3 a especular respecto de la posibilidad de que los alumnos y maestros puedan regresar a las escuelas al a\u00f1o siguiente, con miras a recuperar un poco el espacio perdido por los diez meses de pandemia que azotaron al mundo.<\/h5>\n<p><!--more--><\/p>\n<h5 style=\"text-align: justify;\">La expectativa por la producci\u00f3n masiva de vacunas aument\u00f3 la sensaci\u00f3n de que ya todo estaba pasando y que, una vez cambiado el calendario, comenzar\u00eda a restablecerse la normalidad interrumpida por el coronavirus.<\/h5>\n<p style=\"text-align: justify;\">Sin embargo, la inminente segunda ola de contagios a nivel planetario ha hecho que retrocedamos, pa\u00edses y sistemas educativos, en este empe\u00f1o. La seguridad y la salud de nuestra comunidad docente y estudiantil nos lo exige.<\/p>\n<p style=\"text-align: justify;\">En ese escenario, tenemos que seguir con la educaci\u00f3n remota como \u00fanico sistema posible. No es lo mejor, como ha quedado claro, aun cuando dichas sean las verdades, tampoco es tan malo. Tendencias asociadas a la modernizaci\u00f3n de nuestra carrera, como por ejemplo las aulas invertidas, las t\u00e9cnicas STEAM, la educaci\u00f3n audiovisual y tecnol\u00f3gica, el e-learning, etc., que ya se han venido aplicando como alternativas en tiempos pre-COVID, son ahora lo \u00fanico que tenemos. No hay m\u00e1s.<\/p>\n<p style=\"text-align: justify;\">La educaci\u00f3n presencial no es reemplazable por la virtual. Eso ya est\u00e1 m\u00e1s que definido entre c\u00edrculos pedag\u00f3gicos y expertos. El contacto directo, la interrelaci\u00f3n humana, el afecto, el espacio de la escuela como centro especializado para el proceso ense\u00f1anza-aprendizaje, son fundamentales para una educaci\u00f3n de resultados \u00f3ptimos.<\/p>\n<p><img loading=\"lazy\" decoding=\"async\" class=\"size-large aligncenter\" src=\"https:\/\/image.freepik.com\/vector-gratis\/vista-lateral-nina-usando-computadora-portatil-comunicarse-videoconferencia-maestro-amigos-sobre-fondo-blanco_1308-53071.jpg\" width=\"587\" height=\"626\" \/><\/p>\n<p style=\"text-align: justify;\">Pero en un mundo como el de hoy, con un riesgo tan grave \u2013el coronavirus tiene m\u00e1s de un mill\u00f3n y medio de v\u00edctimas y el conteo sigue subiendo- solo nos queda adaptarnos.<\/p>\n<p style=\"text-align: justify;\">Buscar lo mejor de lo presencial y lo virtual y transformarlo en otra cosa, una forma nueva de educaci\u00f3n, es el camino que estamos siguiendo desde marzo del 2020 y que aun no ha sido recorrido en su totalidad. Tenemos mucho que aprender y no podemos mirar atr\u00e1s.<\/p>\n<p style=\"text-align: justify;\">Publicaci\u00f3n recomendada: <a href=\"https:\/\/www.iberdrola.com\/talento\/educacion-presencial-vs-virtual\" target=\"_blank\" rel=\"noopener\">FORMACI\u00d3N A DISTANCIA O FORMACI\u00d3N PRESENCIAL, \u00bfCU\u00c1L ELEGIR?<\/a><\/p>\n<p style=\"text-align: justify;\"><strong>EL DATO<\/strong><\/p>\n<p style=\"text-align: justify;\">El Secretario General de la ONU, Ant\u00f3nio Guterres, advirti\u00f3 que el mundo enfrenta una \u00abcat\u00e1strofe generacional\u00bb debido al cierre de escuelas en medio de la pandemia de coronavirus. \u201cLa pandemia de covid-19 ha provocado la mayor interrupci\u00f3n de la educaci\u00f3n\u201d, dijo Guterres en un mensaje de video para lanzar la campa\u00f1a Salvemos nuestro futuro junto con socios del sector educaci\u00f3n y agencias de las Naciones Unidas.<\/p>\n<h5 style=\"text-align: justify;\">EL FUTURO DE LA EDUCACI\u00d3N, MENSAJE DE ANT\u00d3NIO GUTERRES. (04\u00b4 41\u201d)<\/h5>\n<p style=\"text-align: justify;\"><iframe loading=\"lazy\" title=\"YouTube video player\" src=\"https:\/\/www.youtube.com\/embed\/LV3ezLY15Fg\" width=\"100%\" height=\"400\" frameborder=\"0\" allowfullscreen=\"allowfullscreen\"><span data-mce-type=\"bookmark\" style=\"display: inline-block; width: 0px; overflow: hidden; line-height: 0;\" class=\"mce_SELRES_start\">\ufeff<\/span><\/iframe><\/p>\n<p style=\"text-align: justify;\">Los cierres masivos de las escuelas provocaron una crisis sin precedentes en todos los \u00e1mbitos, seg\u00fan la Unesco. Y en cuesti\u00f3n de educaci\u00f3n los cierres y \u00f3rdenes de confinamiento hicieron que \u00abm\u00e1s de 1.200 millones de estudiantes de todos los niveles de ense\u00f1anza\u00bb dejaran de tener clases presenciales en todo el mundo.<\/p>\n<h5 style=\"text-align: justify;\">FUENTE: CNN EN ESPA\u00d1OL<\/h5>\n<ul style=\"text-align: justify;\">\n<li><a href=\"https:\/\/cnnespanol.cnn.com\/2020\/12\/23\/de-la-educacion-presencial-a-la-virtual-los-desafios-para-los-estudiantes-debido-a-la-pandemia\/\">CNN En Espa\u00f1ol.com<\/a><\/li>\n<\/ul>\n<p style=\"text-align: justify;\"><strong>NOTA DE REDACCI\u00d3N<\/strong>: La Web del Maestro CMF publica los textos originales de su autor, no necesariamente coincide con lo expuesto en el tema, y no se hace responsable de las opiniones expresadas.<\/p>\n<table class=\" alignleft\" border=\"0\" width=\"100%\" cellspacing=\"10\" cellpadding=\"10\">\n<tbody>\n<tr>\n<td style=\"text-align: center;\" width=\"30%\"><strong><img loading=\"lazy\" decoding=\"async\" class=\"size-full wp-image-62269 aligncenter\" src=\"https:\/\/webdelmaestrocmf.com\/portal\/wp-content\/uploads\/2021\/04\/1-136.jpg\" alt=\"\" width=\"200\" height=\"200\" srcset=\"https:\/\/webdelmaestrocmf.com\/portal\/wp-content\/uploads\/2021\/04\/1-136.jpg 200w, https:\/\/webdelmaestrocmf.com\/portal\/wp-content\/uploads\/2021\/04\/1-136-150x150.jpg 150w, https:\/\/webdelmaestrocmf.com\/portal\/wp-content\/uploads\/2021\/04\/1-136-80x80.jpg 80w, https:\/\/webdelmaestrocmf.com\/portal\/wp-content\/uploads\/2021\/04\/1-136-110x110.jpg 110w, https:\/\/webdelmaestrocmf.com\/portal\/wp-content\/uploads\/2021\/04\/1-136-160x160.jpg 160w\" sizes=\"auto, (max-width: 200px) 100vw, 200px\" \/><\/strong><br \/>\nEste art\u00edculo ha sido publicado en el blog Ba\u00fal del Docente, portal de recursos educativos de la Derrama Magisterial del Per\u00fa, y lo puede encontrar en este enlace: <a href=\"https:\/\/bauldocente.pe\/\" target=\"_blank\" rel=\"noopener\"><strong>BLOG BA\u00daL DEL DOCENTE<\/strong><\/a>.<br \/>\nY este es el enlace del Profesor <strong>Jorge Luis Tineo Rendon: <\/strong><a href=\"mailto:jtineo@derrama.org.pe\">jtineo@derrama.org.pe<\/a>.<strong><br \/>\n<\/strong><\/td>\n<\/tr>\n<\/tbody>\n<\/table>\n<p style=\"text-align: left;\">.<\/p>\n\t\t<div class=\"pk-inline-posts\">\n\t\t\t\n\t\t\t<div class=\"pk-inline-posts-container pk-inline-posts-template-list\"\n\t\t\t\tdata-columns=\"1\">\n\t\t\t\t\t\t<article id=\"post-106869\" class=\"post-106869 post type-post status-publish format-standard has-post-thumbnail category-colaborador category-z-colaboradores-baul-del-docente tag-baul-del-docente tag-criticas tag-exageraciones tag-prevencion tag-tecnologia cs-entry cs-video-wrap\">\n\t\t\t<div class=\"pk-post-outer\">\n\n\t\t\t\t\t\t\t\t<div class=\"pk-post-inner\">\n\t\t\t\t\t<div class=\"entry-thumbnail\">\n\t\t\t\t\t\t<div class=\"pk-overlay pk-overlay-ratio pk-ratio-landscape\">\n\t\t\t\t\t\t\t<div class=\"pk-overlay-background\">\n\t\t\t\t\t\t\t\t<a href=\"https:\/\/webdelmaestrocmf.com\/portal\/baul-del-docente-criticas-a-la-tecnologia-prevencion-o-exageraciones\/\" class=\"pk-overlay-link\">\n\t\t\t\t\t\t\t\t\t<img loading=\"lazy\" decoding=\"async\" width=\"300\" height=\"225\" src=\"https:\/\/webdelmaestrocmf.com\/portal\/wp-content\/uploads\/2024\/11\/Banner-1-portada-imagen-10-1-30-300x225.jpg\" class=\"attachment-pk-thumbnail size-pk-thumbnail wp-post-image\" alt=\"\" \/>\t\t\t\t\t\t\t\t<\/a>\n\t\t\t\t\t\t\t<\/div>\n\t\t\t\t\t\t<\/div>\n\t\t\t\t\t<\/div>\n\t\t\t\t<\/div>\n\t\t\t\t\n\t\t\t\t<div class=\"pk-post-inner\">\n\t\t\t\t\t<header>\n\t\t\t\t\t\t<h3 class=\"pk-title\"><a href=\"https:\/\/webdelmaestrocmf.com\/portal\/baul-del-docente-criticas-a-la-tecnologia-prevencion-o-exageraciones\/\" rel=\"bookmark\">[Ba\u00fal del docente] Cr\u00edticas a la tecnolog\u00eda: \u00bfPrevenci\u00f3n o exageraciones?<\/a><\/h3>\t\t\t\t\t<\/header><!-- .entry-header -->\n\t\t\t\t<\/div><!-- .post-inner -->\n\n\t\t\t<\/div><!-- .post-outer -->\n\t\t<\/article>\n\t\t\t\t<\/div>\n\t\t<\/div>\n\t\t\n","protected":false},"excerpt":{"rendered":"Estimados docentes: Antes de finalizar el a\u00f1o 2020, en varios pa\u00edses se comenz\u00f3 a especular respecto de la&hellip;","protected":false},"author":1,"featured_media":63119,"comment_status":"open","ping_status":"closed","sticky":false,"template":"","format":"standard","meta":{"csco_display_header_overlay":false,"csco_singular_sidebar":"default","csco_page_header_type":"default","csco_page_load_nextpost":"default","csco_post_video_location":[],"csco_post_video_location_hash":"","csco_post_video_url":"","csco_post_video_bg_start_time":0,"csco_post_video_bg_end_time":0,"csco_post_video_bg_volume":false,"_jetpack_memberships_contains_paid_content":false,"footnotes":""},"categories":[1790,6829],"tags":[6867,634,2648,1996,4828,1729],"class_list":{"0":"post-63110","1":"post","2":"type-post","3":"status-publish","4":"format-standard","5":"has-post-thumbnail","7":"category-colaborador","8":"category-z-colaboradores-baul-del-docente","9":"tag-baul-del-docente","10":"tag-clases","11":"tag-incertidumbre","12":"tag-mundial","13":"tag-presenciales","14":"tag-virtuales","15":"cs-entry","16":"cs-video-wrap"},"yoast_head":"<!-- This site is optimized with the Yoast SEO plugin v27.5 - https:\/\/yoast.com\/product\/yoast-seo-wordpress\/ -->\n<title>[Ba\u00fal del Docente] Incertidumbre mundial: \u00bfclases presenciales o virtuales? - 2026<\/title>\n<meta name=\"description\" content=\"Estimados docentes: Antes de finalizar el a\u00f1o 2020, en varios pa\u00edses se comenz\u00f3 a especular respecto de la posibilidad de que los alumnos...\" \/>\n<meta name=\"robots\" content=\"index, follow, max-snippet:-1, max-image-preview:large, max-video-preview:-1\" \/>\n<link rel=\"canonical\" href=\"https:\/\/webdelmaestrocmf.com\/portal\/baul-del-docente-incertidumbre-mundial-clases-presenciales-o-virtuales\/\" \/>\n<meta property=\"og:locale\" content=\"es_ES\" \/>\n<meta property=\"og:type\" content=\"article\" \/>\n<meta property=\"og:title\" content=\"[Ba\u00fal del Docente] Incertidumbre mundial: \u00bfclases presenciales o virtuales? - 2026\" \/>\n<meta property=\"og:description\" content=\"Estimados docentes: Antes de finalizar el a\u00f1o 2020, en varios pa\u00edses se comenz\u00f3 a especular respecto de la posibilidad de que los alumnos...\" \/>\n<meta property=\"og:url\" content=\"https:\/\/webdelmaestrocmf.com\/portal\/baul-del-docente-incertidumbre-mundial-clases-presenciales-o-virtuales\/\" \/>\n<meta property=\"og:site_name\" content=\"Web del Maestro CMF\" \/>\n<meta property=\"article:publisher\" content=\"https:\/\/www.facebook.com\/WebdelMaestroCMF\/\" \/>\n<meta property=\"article:author\" content=\"https:\/\/www.facebook.com\/WebdelMaestroCMF\/\" \/>\n<meta property=\"article:published_time\" content=\"2021-05-18T16:58:13+00:00\" \/>\n<meta property=\"article:modified_time\" content=\"2021-05-18T17:22:27+00:00\" \/>\n<meta property=\"og:image\" content=\"https:\/\/i0.wp.com\/webdelmaestrocmf.com\/portal\/wp-content\/uploads\/2021\/05\/1-copia-24.jpg?fit=1100%2C680&ssl=1\" \/>\n\t<meta property=\"og:image:width\" content=\"1100\" \/>\n\t<meta property=\"og:image:height\" content=\"680\" \/>\n\t<meta property=\"og:image:type\" content=\"image\/jpeg\" \/>\n<meta name=\"author\" content=\"Web del Maestro CMF\" \/>\n<meta name=\"twitter:card\" content=\"summary_large_image\" \/>\n<meta name=\"twitter:creator\" content=\"@cmf_w\" \/>\n<meta name=\"twitter:site\" content=\"@cmf_w\" \/>\n<script type=\"application\/ld+json\" class=\"yoast-schema-graph\">{\"@context\":\"https:\\\/\\\/schema.org\",\"@graph\":[{\"@type\":\"ScholarlyArticle\",\"@id\":\"https:\\\/\\\/webdelmaestrocmf.com\\\/portal\\\/baul-del-docente-incertidumbre-mundial-clases-presenciales-o-virtuales\\\/#article\",\"isPartOf\":{\"@id\":\"https:\\\/\\\/webdelmaestrocmf.com\\\/portal\\\/baul-del-docente-incertidumbre-mundial-clases-presenciales-o-virtuales\\\/\"},\"author\":{\"name\":\"Web del Maestro CMF\",\"@id\":\"https:\\\/\\\/webdelmaestrocmf.com\\\/portal\\\/#\\\/schema\\\/person\\\/1072a2ed7bd960df8ef99a551fa35dc5\"},\"headline\":\"[Ba\u00fal del Docente] Incertidumbre mundial: \u00bfclases presenciales o virtuales?\",\"datePublished\":\"2021-05-18T16:58:13+00:00\",\"dateModified\":\"2021-05-18T17:22:27+00:00\",\"mainEntityOfPage\":{\"@id\":\"https:\\\/\\\/webdelmaestrocmf.com\\\/portal\\\/baul-del-docente-incertidumbre-mundial-clases-presenciales-o-virtuales\\\/\"},\"wordCount\":612,\"commentCount\":0,\"publisher\":{\"@id\":\"https:\\\/\\\/webdelmaestrocmf.com\\\/portal\\\/#organization\"},\"image\":{\"@id\":\"https:\\\/\\\/webdelmaestrocmf.com\\\/portal\\\/baul-del-docente-incertidumbre-mundial-clases-presenciales-o-virtuales\\\/#primaryimage\"},\"thumbnailUrl\":\"https:\\\/\\\/webdelmaestrocmf.com\\\/portal\\\/wp-content\\\/uploads\\\/2021\\\/05\\\/1-copia-24.jpg\",\"keywords\":[\"Ba\u00fal del Docente\",\"clases\",\"INCERTIDUMBRE\",\"MUNDIAL\",\"presenciales\",\"VIRTUALES\"],\"articleSection\":[\"Z-Colaboradores\",\"Z-Colaboradores-Ba\u00fal-del-Docente\"],\"inLanguage\":\"es\",\"potentialAction\":[{\"@type\":\"CommentAction\",\"name\":\"Comment\",\"target\":[\"https:\\\/\\\/webdelmaestrocmf.com\\\/portal\\\/baul-del-docente-incertidumbre-mundial-clases-presenciales-o-virtuales\\\/#respond\"]}]},{\"@type\":\"WebPage\",\"@id\":\"https:\\\/\\\/webdelmaestrocmf.com\\\/portal\\\/baul-del-docente-incertidumbre-mundial-clases-presenciales-o-virtuales\\\/\",\"url\":\"https:\\\/\\\/webdelmaestrocmf.com\\\/portal\\\/baul-del-docente-incertidumbre-mundial-clases-presenciales-o-virtuales\\\/\",\"name\":\"[Ba\u00fal del Docente] Incertidumbre mundial: \u00bfclases presenciales o virtuales? - 2026\",\"isPartOf\":{\"@id\":\"https:\\\/\\\/webdelmaestrocmf.com\\\/portal\\\/#website\"},\"primaryImageOfPage\":{\"@id\":\"https:\\\/\\\/webdelmaestrocmf.com\\\/portal\\\/baul-del-docente-incertidumbre-mundial-clases-presenciales-o-virtuales\\\/#primaryimage\"},\"image\":{\"@id\":\"https:\\\/\\\/webdelmaestrocmf.com\\\/portal\\\/baul-del-docente-incertidumbre-mundial-clases-presenciales-o-virtuales\\\/#primaryimage\"},\"thumbnailUrl\":\"https:\\\/\\\/webdelmaestrocmf.com\\\/portal\\\/wp-content\\\/uploads\\\/2021\\\/05\\\/1-copia-24.jpg\",\"datePublished\":\"2021-05-18T16:58:13+00:00\",\"dateModified\":\"2021-05-18T17:22:27+00:00\",\"description\":\"Estimados docentes: Antes de finalizar el a\u00f1o 2020, en varios pa\u00edses se comenz\u00f3 a especular respecto de la posibilidad de que los alumnos...\",\"breadcrumb\":{\"@id\":\"https:\\\/\\\/webdelmaestrocmf.com\\\/portal\\\/baul-del-docente-incertidumbre-mundial-clases-presenciales-o-virtuales\\\/#breadcrumb\"},\"inLanguage\":\"es\",\"potentialAction\":[{\"@type\":\"ReadAction\",\"target\":[\"https:\\\/\\\/webdelmaestrocmf.com\\\/portal\\\/baul-del-docente-incertidumbre-mundial-clases-presenciales-o-virtuales\\\/\"]}]},{\"@type\":\"ImageObject\",\"inLanguage\":\"es\",\"@id\":\"https:\\\/\\\/webdelmaestrocmf.com\\\/portal\\\/baul-del-docente-incertidumbre-mundial-clases-presenciales-o-virtuales\\\/#primaryimage\",\"url\":\"https:\\\/\\\/webdelmaestrocmf.com\\\/portal\\\/wp-content\\\/uploads\\\/2021\\\/05\\\/1-copia-24.jpg\",\"contentUrl\":\"https:\\\/\\\/webdelmaestrocmf.com\\\/portal\\\/wp-content\\\/uploads\\\/2021\\\/05\\\/1-copia-24.jpg\",\"width\":1100,\"height\":680},{\"@type\":\"BreadcrumbList\",\"@id\":\"https:\\\/\\\/webdelmaestrocmf.com\\\/portal\\\/baul-del-docente-incertidumbre-mundial-clases-presenciales-o-virtuales\\\/#breadcrumb\",\"itemListElement\":[{\"@type\":\"ListItem\",\"position\":1,\"name\":\"Portada\",\"item\":\"https:\\\/\\\/webdelmaestrocmf.com\\\/portal\\\/\"},{\"@type\":\"ListItem\",\"position\":2,\"name\":\"Z-Colaboradores\",\"item\":\"https:\\\/\\\/webdelmaestrocmf.com\\\/portal\\\/category\\\/colaborador\\\/\"},{\"@type\":\"ListItem\",\"position\":3,\"name\":\"[Ba\u00fal del Docente] Incertidumbre mundial: \u00bfclases presenciales o virtuales?\"}]},{\"@type\":\"WebSite\",\"@id\":\"https:\\\/\\\/webdelmaestrocmf.com\\\/portal\\\/#website\",\"url\":\"https:\\\/\\\/webdelmaestrocmf.com\\\/portal\\\/\",\"name\":\"Web del Maestro CMF\",\"description\":\"Maestros al servicio de la educaci\u00f3n\",\"publisher\":{\"@id\":\"https:\\\/\\\/webdelmaestrocmf.com\\\/portal\\\/#organization\"},\"alternateName\":\"WMCMF\",\"potentialAction\":[{\"@type\":\"SearchAction\",\"target\":{\"@type\":\"EntryPoint\",\"urlTemplate\":\"https:\\\/\\\/webdelmaestrocmf.com\\\/portal\\\/?s={search_term_string}\"},\"query-input\":{\"@type\":\"PropertyValueSpecification\",\"valueRequired\":true,\"valueName\":\"search_term_string\"}}],\"inLanguage\":\"es\"},{\"@type\":\"Organization\",\"@id\":\"https:\\\/\\\/webdelmaestrocmf.com\\\/portal\\\/#organization\",\"name\":\"Web del Maestro CMF\",\"alternateName\":\"WMCMF\",\"url\":\"https:\\\/\\\/webdelmaestrocmf.com\\\/portal\\\/\",\"logo\":{\"@type\":\"ImageObject\",\"inLanguage\":\"es\",\"@id\":\"https:\\\/\\\/webdelmaestrocmf.com\\\/portal\\\/#\\\/schema\\\/logo\\\/image\\\/\",\"url\":\"https:\\\/\\\/webdelmaestrocmf.com\\\/portal\\\/wp-content\\\/uploads\\\/2023\\\/01\\\/logo-wmcmf-2.png\",\"contentUrl\":\"https:\\\/\\\/webdelmaestrocmf.com\\\/portal\\\/wp-content\\\/uploads\\\/2023\\\/01\\\/logo-wmcmf-2.png\",\"width\":200,\"height\":60,\"caption\":\"Web del Maestro CMF\"},\"image\":{\"@id\":\"https:\\\/\\\/webdelmaestrocmf.com\\\/portal\\\/#\\\/schema\\\/logo\\\/image\\\/\"},\"sameAs\":[\"https:\\\/\\\/www.facebook.com\\\/WebdelMaestroCMF\\\/\",\"https:\\\/\\\/x.com\\\/cmf_w\",\"https:\\\/\\\/www.pinterest.com\\\/WMCMF\\\/\",\"https:\\\/\\\/www.linkedin.com\\\/company\\\/web-del-maestro-cmf\\\/\",\"https:\\\/\\\/www.instagram.com\\\/wmcmf\\\/\",\"https:\\\/\\\/www.youtube.com\\\/channel\\\/UCDPSvjbdodE5sHnC3OxutHw\",\"https:\\\/\\\/mastodon.social\\\/@wmcmf\",\"https:\\\/\\\/www.tiktok.com\\\/@webdelmaestrocmf\"]},{\"@type\":\"Person\",\"@id\":\"https:\\\/\\\/webdelmaestrocmf.com\\\/portal\\\/#\\\/schema\\\/person\\\/1072a2ed7bd960df8ef99a551fa35dc5\",\"name\":\"Web del Maestro CMF\",\"image\":{\"@type\":\"ImageObject\",\"inLanguage\":\"es\",\"@id\":\"https:\\\/\\\/secure.gravatar.com\\\/avatar\\\/23291dd5b5ae1077dcff3dbb04c3e02bd28403fa75af6d8787d5e97c5bbbe30b?s=96&d=mm&r=g\",\"url\":\"https:\\\/\\\/secure.gravatar.com\\\/avatar\\\/23291dd5b5ae1077dcff3dbb04c3e02bd28403fa75af6d8787d5e97c5bbbe30b?s=96&d=mm&r=g\",\"contentUrl\":\"https:\\\/\\\/secure.gravatar.com\\\/avatar\\\/23291dd5b5ae1077dcff3dbb04c3e02bd28403fa75af6d8787d5e97c5bbbe30b?s=96&d=mm&r=g\",\"caption\":\"Web del Maestro CMF\"},\"description\":\"Esta Web se cre\u00f3 sin fines de lucro, con fines educativos, cient\u00edficos y acad\u00e9micos, para personas que tengan dificultades y\\\/o inconvenientes en visualizar el material original. El objetivo es entregar recursos, compartir experiencias y materiales que ayuden a los padres de familia, maestros y estudiantes en su actualizaci\u00f3n y formaci\u00f3n permanente, en bien de la Educaci\u00f3n.\",\"sameAs\":[\"http:\\\/\\\/webdelmaestrocmf.com\\\/portal\",\"https:\\\/\\\/www.facebook.com\\\/WebdelMaestroCMF\\\/\",\"https:\\\/\\\/www.instagram.com\\\/wmcmf\\\/\",\"https:\\\/\\\/cl.linkedin.com\\\/company\\\/web-del-maestro-cmf\",\"https:\\\/\\\/www.pinterest.com\\\/WMCMF\\\/publicaciones\\\/\",\"https:\\\/\\\/x.com\\\/cmf_w\",\"https:\\\/\\\/www.youtube.com\\\/@WMCMF\"]}]}<\/script>\n<!-- \/ Yoast SEO plugin. -->","yoast_head_json":{"title":"[Ba\u00fal del Docente] Incertidumbre mundial: \u00bfclases presenciales o virtuales? - 2026","description":"Estimados docentes: Antes de finalizar el a\u00f1o 2020, en varios pa\u00edses se comenz\u00f3 a especular respecto de la posibilidad de que los alumnos...","robots":{"index":"index","follow":"follow","max-snippet":"max-snippet:-1","max-image-preview":"max-image-preview:large","max-video-preview":"max-video-preview:-1"},"canonical":"https:\/\/webdelmaestrocmf.com\/portal\/baul-del-docente-incertidumbre-mundial-clases-presenciales-o-virtuales\/","og_locale":"es_ES","og_type":"article","og_title":"[Ba\u00fal del Docente] Incertidumbre mundial: \u00bfclases presenciales o virtuales? - 2026","og_description":"Estimados docentes: Antes de finalizar el a\u00f1o 2020, en varios pa\u00edses se comenz\u00f3 a especular respecto de la posibilidad de que los alumnos...","og_url":"https:\/\/webdelmaestrocmf.com\/portal\/baul-del-docente-incertidumbre-mundial-clases-presenciales-o-virtuales\/","og_site_name":"Web del Maestro CMF","article_publisher":"https:\/\/www.facebook.com\/WebdelMaestroCMF\/","article_author":"https:\/\/www.facebook.com\/WebdelMaestroCMF\/","article_published_time":"2021-05-18T16:58:13+00:00","article_modified_time":"2021-05-18T17:22:27+00:00","og_image":[{"width":1100,"height":680,"url":"https:\/\/i0.wp.com\/webdelmaestrocmf.com\/portal\/wp-content\/uploads\/2021\/05\/1-copia-24.jpg?fit=1100%2C680&ssl=1","type":"image\/jpeg"}],"author":"Web del Maestro CMF","twitter_card":"summary_large_image","twitter_creator":"@cmf_w","twitter_site":"@cmf_w","schema":{"@context":"https:\/\/schema.org","@graph":[{"@type":"ScholarlyArticle","@id":"https:\/\/webdelmaestrocmf.com\/portal\/baul-del-docente-incertidumbre-mundial-clases-presenciales-o-virtuales\/#article","isPartOf":{"@id":"https:\/\/webdelmaestrocmf.com\/portal\/baul-del-docente-incertidumbre-mundial-clases-presenciales-o-virtuales\/"},"author":{"name":"Web del Maestro CMF","@id":"https:\/\/webdelmaestrocmf.com\/portal\/#\/schema\/person\/1072a2ed7bd960df8ef99a551fa35dc5"},"headline":"[Ba\u00fal del Docente] Incertidumbre mundial: \u00bfclases presenciales o virtuales?","datePublished":"2021-05-18T16:58:13+00:00","dateModified":"2021-05-18T17:22:27+00:00","mainEntityOfPage":{"@id":"https:\/\/webdelmaestrocmf.com\/portal\/baul-del-docente-incertidumbre-mundial-clases-presenciales-o-virtuales\/"},"wordCount":612,"commentCount":0,"publisher":{"@id":"https:\/\/webdelmaestrocmf.com\/portal\/#organization"},"image":{"@id":"https:\/\/webdelmaestrocmf.com\/portal\/baul-del-docente-incertidumbre-mundial-clases-presenciales-o-virtuales\/#primaryimage"},"thumbnailUrl":"https:\/\/webdelmaestrocmf.com\/portal\/wp-content\/uploads\/2021\/05\/1-copia-24.jpg","keywords":["Ba\u00fal del Docente","clases","INCERTIDUMBRE","MUNDIAL","presenciales","VIRTUALES"],"articleSection":["Z-Colaboradores","Z-Colaboradores-Ba\u00fal-del-Docente"],"inLanguage":"es","potentialAction":[{"@type":"CommentAction","name":"Comment","target":["https:\/\/webdelmaestrocmf.com\/portal\/baul-del-docente-incertidumbre-mundial-clases-presenciales-o-virtuales\/#respond"]}]},{"@type":"WebPage","@id":"https:\/\/webdelmaestrocmf.com\/portal\/baul-del-docente-incertidumbre-mundial-clases-presenciales-o-virtuales\/","url":"https:\/\/webdelmaestrocmf.com\/portal\/baul-del-docente-incertidumbre-mundial-clases-presenciales-o-virtuales\/","name":"[Ba\u00fal del Docente] Incertidumbre mundial: \u00bfclases presenciales o virtuales? - 2026","isPartOf":{"@id":"https:\/\/webdelmaestrocmf.com\/portal\/#website"},"primaryImageOfPage":{"@id":"https:\/\/webdelmaestrocmf.com\/portal\/baul-del-docente-incertidumbre-mundial-clases-presenciales-o-virtuales\/#primaryimage"},"image":{"@id":"https:\/\/webdelmaestrocmf.com\/portal\/baul-del-docente-incertidumbre-mundial-clases-presenciales-o-virtuales\/#primaryimage"},"thumbnailUrl":"https:\/\/webdelmaestrocmf.com\/portal\/wp-content\/uploads\/2021\/05\/1-copia-24.jpg","datePublished":"2021-05-18T16:58:13+00:00","dateModified":"2021-05-18T17:22:27+00:00","description":"Estimados docentes: Antes de finalizar el a\u00f1o 2020, en varios pa\u00edses se comenz\u00f3 a especular respecto de la posibilidad de que los alumnos...","breadcrumb":{"@id":"https:\/\/webdelmaestrocmf.com\/portal\/baul-del-docente-incertidumbre-mundial-clases-presenciales-o-virtuales\/#breadcrumb"},"inLanguage":"es","potentialAction":[{"@type":"ReadAction","target":["https:\/\/webdelmaestrocmf.com\/portal\/baul-del-docente-incertidumbre-mundial-clases-presenciales-o-virtuales\/"]}]},{"@type":"ImageObject","inLanguage":"es","@id":"https:\/\/webdelmaestrocmf.com\/portal\/baul-del-docente-incertidumbre-mundial-clases-presenciales-o-virtuales\/#primaryimage","url":"https:\/\/webdelmaestrocmf.com\/portal\/wp-content\/uploads\/2021\/05\/1-copia-24.jpg","contentUrl":"https:\/\/webdelmaestrocmf.com\/portal\/wp-content\/uploads\/2021\/05\/1-copia-24.jpg","width":1100,"height":680},{"@type":"BreadcrumbList","@id":"https:\/\/webdelmaestrocmf.com\/portal\/baul-del-docente-incertidumbre-mundial-clases-presenciales-o-virtuales\/#breadcrumb","itemListElement":[{"@type":"ListItem","position":1,"name":"Portada","item":"https:\/\/webdelmaestrocmf.com\/portal\/"},{"@type":"ListItem","position":2,"name":"Z-Colaboradores","item":"https:\/\/webdelmaestrocmf.com\/portal\/category\/colaborador\/"},{"@type":"ListItem","position":3,"name":"[Ba\u00fal del Docente] Incertidumbre mundial: \u00bfclases presenciales o virtuales?"}]},{"@type":"WebSite","@id":"https:\/\/webdelmaestrocmf.com\/portal\/#website","url":"https:\/\/webdelmaestrocmf.com\/portal\/","name":"Web del Maestro CMF","description":"Maestros al servicio de la educaci\u00f3n","publisher":{"@id":"https:\/\/webdelmaestrocmf.com\/portal\/#organization"},"alternateName":"WMCMF","potentialAction":[{"@type":"SearchAction","target":{"@type":"EntryPoint","urlTemplate":"https:\/\/webdelmaestrocmf.com\/portal\/?s={search_term_string}"},"query-input":{"@type":"PropertyValueSpecification","valueRequired":true,"valueName":"search_term_string"}}],"inLanguage":"es"},{"@type":"Organization","@id":"https:\/\/webdelmaestrocmf.com\/portal\/#organization","name":"Web del Maestro CMF","alternateName":"WMCMF","url":"https:\/\/webdelmaestrocmf.com\/portal\/","logo":{"@type":"ImageObject","inLanguage":"es","@id":"https:\/\/webdelmaestrocmf.com\/portal\/#\/schema\/logo\/image\/","url":"https:\/\/webdelmaestrocmf.com\/portal\/wp-content\/uploads\/2023\/01\/logo-wmcmf-2.png","contentUrl":"https:\/\/webdelmaestrocmf.com\/portal\/wp-content\/uploads\/2023\/01\/logo-wmcmf-2.png","width":200,"height":60,"caption":"Web del Maestro CMF"},"image":{"@id":"https:\/\/webdelmaestrocmf.com\/portal\/#\/schema\/logo\/image\/"},"sameAs":["https:\/\/www.facebook.com\/WebdelMaestroCMF\/","https:\/\/x.com\/cmf_w","https:\/\/www.pinterest.com\/WMCMF\/","https:\/\/www.linkedin.com\/company\/web-del-maestro-cmf\/","https:\/\/www.instagram.com\/wmcmf\/","https:\/\/www.youtube.com\/channel\/UCDPSvjbdodE5sHnC3OxutHw","https:\/\/mastodon.social\/@wmcmf","https:\/\/www.tiktok.com\/@webdelmaestrocmf"]},{"@type":"Person","@id":"https:\/\/webdelmaestrocmf.com\/portal\/#\/schema\/person\/1072a2ed7bd960df8ef99a551fa35dc5","name":"Web del Maestro CMF","image":{"@type":"ImageObject","inLanguage":"es","@id":"https:\/\/secure.gravatar.com\/avatar\/23291dd5b5ae1077dcff3dbb04c3e02bd28403fa75af6d8787d5e97c5bbbe30b?s=96&d=mm&r=g","url":"https:\/\/secure.gravatar.com\/avatar\/23291dd5b5ae1077dcff3dbb04c3e02bd28403fa75af6d8787d5e97c5bbbe30b?s=96&d=mm&r=g","contentUrl":"https:\/\/secure.gravatar.com\/avatar\/23291dd5b5ae1077dcff3dbb04c3e02bd28403fa75af6d8787d5e97c5bbbe30b?s=96&d=mm&r=g","caption":"Web del Maestro CMF"},"description":"Esta Web se cre\u00f3 sin fines de lucro, con fines educativos, cient\u00edficos y acad\u00e9micos, para personas que tengan dificultades y\/o inconvenientes en visualizar el material original. El objetivo es entregar recursos, compartir experiencias y materiales que ayuden a los padres de familia, maestros y estudiantes en su actualizaci\u00f3n y formaci\u00f3n permanente, en bien de la Educaci\u00f3n.","sameAs":["http:\/\/webdelmaestrocmf.com\/portal","https:\/\/www.facebook.com\/WebdelMaestroCMF\/","https:\/\/www.instagram.com\/wmcmf\/","https:\/\/cl.linkedin.com\/company\/web-del-maestro-cmf","https:\/\/www.pinterest.com\/WMCMF\/publicaciones\/","https:\/\/x.com\/cmf_w","https:\/\/www.youtube.com\/@WMCMF"]}]}},"jetpack_featured_media_url":"https:\/\/webdelmaestrocmf.com\/portal\/wp-content\/uploads\/2021\/05\/1-copia-24.jpg","jetpack_sharing_enabled":true,"jetpack-related-posts":[{"id":67924,"url":"https:\/\/webdelmaestrocmf.com\/portal\/baul-del-docente-dificultades-en-la-educacion-post-covid\/","url_meta":{"origin":63110,"position":0},"title":"[Ba\u00fal del Docente] Dificultades en la educaci\u00f3n post-covid","author":"Web del Maestro CMF","date":"14 septiembre, 2021","format":false,"excerpt":"Estimados docentes: Uno de los temas que m\u00e1s se viene debatiendo en las comunidades educativas a nivel mundial es el referido al retorno a las clases presenciales. Despu\u00e9s de poco m\u00e1s de un a\u00f1o y medio de clases a distancia y escuelas cerradas, parece ser que son m\u00e1s los perjuicios\u2026","rel":"","context":"En \u00abZ-Colaboradores\u00bb","block_context":{"text":"Z-Colaboradores","link":"https:\/\/webdelmaestrocmf.com\/portal\/category\/colaborador\/"},"img":{"alt_text":"","src":"https:\/\/i0.wp.com\/webdelmaestrocmf.com\/portal\/wp-content\/uploads\/2021\/09\/1-79.jpg?resize=350%2C200&ssl=1","width":350,"height":200,"srcset":"https:\/\/i0.wp.com\/webdelmaestrocmf.com\/portal\/wp-content\/uploads\/2021\/09\/1-79.jpg?resize=350%2C200&ssl=1 1x, https:\/\/i0.wp.com\/webdelmaestrocmf.com\/portal\/wp-content\/uploads\/2021\/09\/1-79.jpg?resize=525%2C300&ssl=1 1.5x, https:\/\/i0.wp.com\/webdelmaestrocmf.com\/portal\/wp-content\/uploads\/2021\/09\/1-79.jpg?resize=700%2C400&ssl=1 2x, https:\/\/i0.wp.com\/webdelmaestrocmf.com\/portal\/wp-content\/uploads\/2021\/09\/1-79.jpg?resize=1050%2C600&ssl=1 3x"},"classes":[]},{"id":75972,"url":"https:\/\/webdelmaestrocmf.com\/portal\/baul-del-docente-estan-preparados-los-colegios-en-tu-pais\/","url_meta":{"origin":63110,"position":1},"title":"[Ba\u00fal del Docente] \u00bfEst\u00e1n preparados los colegios en tu pa\u00eds?","author":"Web del Maestro CMF","date":"4 abril, 2022","format":false,"excerpt":"Estimados docentes: En Per\u00fa, los escolares est\u00e1n regresando a las aulas, desde las primeras semanas de marzo, algunos en jornada completa, otros de manera intercalada, algunos d\u00edas a la semana. Depende de si es un colegio privado o p\u00fablico, de zonas capitalinas c\u00e9ntricas o perif\u00e9ricas, de la capital o de\u2026","rel":"","context":"En \u00abZ-Colaboradores\u00bb","block_context":{"text":"Z-Colaboradores","link":"https:\/\/webdelmaestrocmf.com\/portal\/category\/colaborador\/"},"img":{"alt_text":"","src":"https:\/\/i0.wp.com\/webdelmaestrocmf.com\/portal\/wp-content\/uploads\/2022\/04\/1-1.jpg?resize=350%2C200&ssl=1","width":350,"height":200,"srcset":"https:\/\/i0.wp.com\/webdelmaestrocmf.com\/portal\/wp-content\/uploads\/2022\/04\/1-1.jpg?resize=350%2C200&ssl=1 1x, https:\/\/i0.wp.com\/webdelmaestrocmf.com\/portal\/wp-content\/uploads\/2022\/04\/1-1.jpg?resize=525%2C300&ssl=1 1.5x, https:\/\/i0.wp.com\/webdelmaestrocmf.com\/portal\/wp-content\/uploads\/2022\/04\/1-1.jpg?resize=700%2C400&ssl=1 2x, https:\/\/i0.wp.com\/webdelmaestrocmf.com\/portal\/wp-content\/uploads\/2022\/04\/1-1.jpg?resize=1050%2C600&ssl=1 3x"},"classes":[]},{"id":65203,"url":"https:\/\/webdelmaestrocmf.com\/portal\/baul-del-docente-estrategias-educativas-para-la-educacion-virtual\/","url_meta":{"origin":63110,"position":2},"title":"[Ba\u00fal del docente] Estrategias educativas para la educaci\u00f3n virtual","author":"Web del Maestro CMF","date":"14 julio, 2021","format":false,"excerpt":"Estimados docentes: Nos escriben desde diversos pa\u00edses de la regi\u00f3n \u2013Argentina, Venezuela, Colombia, Per\u00fa- solicitando apoyo para encontrar buenas estrategias educativas que ayuden a que nuestras clases virtuales sean m\u00e1s efectivas, capten la atenci\u00f3n de alumnos generalmente dispersos en contextos digitales y, lo m\u00e1s importante, para que el acto de\u2026","rel":"","context":"En \u00abZ-Colaboradores\u00bb","block_context":{"text":"Z-Colaboradores","link":"https:\/\/webdelmaestrocmf.com\/portal\/category\/colaborador\/"},"img":{"alt_text":"","src":"https:\/\/i0.wp.com\/webdelmaestrocmf.com\/portal\/wp-content\/uploads\/2021\/07\/1-53.jpg?resize=350%2C200&ssl=1","width":350,"height":200,"srcset":"https:\/\/i0.wp.com\/webdelmaestrocmf.com\/portal\/wp-content\/uploads\/2021\/07\/1-53.jpg?resize=350%2C200&ssl=1 1x, https:\/\/i0.wp.com\/webdelmaestrocmf.com\/portal\/wp-content\/uploads\/2021\/07\/1-53.jpg?resize=525%2C300&ssl=1 1.5x, https:\/\/i0.wp.com\/webdelmaestrocmf.com\/portal\/wp-content\/uploads\/2021\/07\/1-53.jpg?resize=700%2C400&ssl=1 2x, https:\/\/i0.wp.com\/webdelmaestrocmf.com\/portal\/wp-content\/uploads\/2021\/07\/1-53.jpg?resize=1050%2C600&ssl=1 3x"},"classes":[]},{"id":75563,"url":"https:\/\/webdelmaestrocmf.com\/portal\/baul-del-docente-educacion-presencial-merecida-revaloracion\/","url_meta":{"origin":63110,"position":3},"title":"[Ba\u00fal del Docente] Educaci\u00f3n presencial: Merecida revaloraci\u00f3n","author":"Web del Maestro CMF","date":"16 marzo, 2022","format":false,"excerpt":"Estimados docentes: Hasta antes de la pandemia, una de las principales cr\u00edticas al sistema educativo \u201ctradicional\u201d era la supuesta conclusi\u00f3n de que las escuelas ya no aportaban lo necesario para la formaci\u00f3n de los estudiantes. Muchos subg\u00e9neros de lo que se consideraba \u201cmoderno\u201d en t\u00e9rminos educativos comenzaron a aparecer: aula\u2026","rel":"","context":"En \u00abZ-Colaboradores\u00bb","block_context":{"text":"Z-Colaboradores","link":"https:\/\/webdelmaestrocmf.com\/portal\/category\/colaborador\/"},"img":{"alt_text":"","src":"https:\/\/i0.wp.com\/webdelmaestrocmf.com\/portal\/wp-content\/uploads\/2022\/03\/1-28.jpg?resize=350%2C200&ssl=1","width":350,"height":200,"srcset":"https:\/\/i0.wp.com\/webdelmaestrocmf.com\/portal\/wp-content\/uploads\/2022\/03\/1-28.jpg?resize=350%2C200&ssl=1 1x, https:\/\/i0.wp.com\/webdelmaestrocmf.com\/portal\/wp-content\/uploads\/2022\/03\/1-28.jpg?resize=525%2C300&ssl=1 1.5x, https:\/\/i0.wp.com\/webdelmaestrocmf.com\/portal\/wp-content\/uploads\/2022\/03\/1-28.jpg?resize=700%2C400&ssl=1 2x, https:\/\/i0.wp.com\/webdelmaestrocmf.com\/portal\/wp-content\/uploads\/2022\/03\/1-28.jpg?resize=1050%2C600&ssl=1 3x"},"classes":[]},{"id":101969,"url":"https:\/\/webdelmaestrocmf.com\/portal\/baul-del-docente-por-que-celebramos-el-ano-nuevo\/","url_meta":{"origin":63110,"position":4},"title":"[Ba\u00fal del Docente] \u00bfPor qu\u00e9 celebramos el A\u00f1o Nuevo?","author":"Web del Maestro CMF","date":"28 diciembre, 2023","format":false,"excerpt":"Estimados docentes: El domingo 31 por la noche, cuando lleguen las doce, muchos de nosotros nos apuraremos en comer doce uvas para que la buena suerte nos acompa\u00f1e en cada uno de los doce meses del nuevo a\u00f1o que comienza. Otros saldremos a correr una vuelta a la manzana abrazados\u2026","rel":"","context":"En \u00abZ-Colaboradores\u00bb","block_context":{"text":"Z-Colaboradores","link":"https:\/\/webdelmaestrocmf.com\/portal\/category\/colaborador\/"},"img":{"alt_text":"","src":"https:\/\/i0.wp.com\/webdelmaestrocmf.com\/portal\/wp-content\/uploads\/2023\/12\/A12B3C4D-2-5.jpg?resize=350%2C200&ssl=1","width":350,"height":200,"srcset":"https:\/\/i0.wp.com\/webdelmaestrocmf.com\/portal\/wp-content\/uploads\/2023\/12\/A12B3C4D-2-5.jpg?resize=350%2C200&ssl=1 1x, https:\/\/i0.wp.com\/webdelmaestrocmf.com\/portal\/wp-content\/uploads\/2023\/12\/A12B3C4D-2-5.jpg?resize=525%2C300&ssl=1 1.5x, https:\/\/i0.wp.com\/webdelmaestrocmf.com\/portal\/wp-content\/uploads\/2023\/12\/A12B3C4D-2-5.jpg?resize=700%2C400&ssl=1 2x"},"classes":[]},{"id":105235,"url":"https:\/\/webdelmaestrocmf.com\/portal\/baul-del-docente-educacion-religiosa-como-desarrollar-esta-materia\/","url_meta":{"origin":63110,"position":5},"title":"[Ba\u00fal del docente] Educaci\u00f3n Religiosa: \u00bfC\u00f3mo desarrollar esta materia?","author":"Web del Maestro CMF","date":"1 mayo, 2024","format":false,"excerpt":"Estimados docentes: En el sistema educativo peruano, el curso de Religi\u00f3n es opcional. Esto significa que aquellas familias que no profesen la religi\u00f3n cat\u00f3lica -religi\u00f3n oficial del Estado- tienen el derecho de solicitar la exoneraci\u00f3n de sus hijos de esta asignatura, sin ning\u00fan perjuicio a sus promedios ponderados en base\u2026","rel":"","context":"En \u00abZ-Colaboradores\u00bb","block_context":{"text":"Z-Colaboradores","link":"https:\/\/webdelmaestrocmf.com\/portal\/category\/colaborador\/"},"img":{"alt_text":"","src":"https:\/\/i0.wp.com\/webdelmaestrocmf.com\/portal\/wp-content\/uploads\/2024\/05\/Banner-1-portada-imagen-10-1-59.jpg?resize=350%2C200&ssl=1","width":350,"height":200,"srcset":"https:\/\/i0.wp.com\/webdelmaestrocmf.com\/portal\/wp-content\/uploads\/2024\/05\/Banner-1-portada-imagen-10-1-59.jpg?resize=350%2C200&ssl=1 1x, https:\/\/i0.wp.com\/webdelmaestrocmf.com\/portal\/wp-content\/uploads\/2024\/05\/Banner-1-portada-imagen-10-1-59.jpg?resize=525%2C300&ssl=1 1.5x, https:\/\/i0.wp.com\/webdelmaestrocmf.com\/portal\/wp-content\/uploads\/2024\/05\/Banner-1-portada-imagen-10-1-59.jpg?resize=700%2C400&ssl=1 2x"},"classes":[]}],"_links":{"self":[{"href":"https:\/\/webdelmaestrocmf.com\/portal\/wp-json\/wp\/v2\/posts\/63110","targetHints":{"allow":["GET"]}}],"collection":[{"href":"https:\/\/webdelmaestrocmf.com\/portal\/wp-json\/wp\/v2\/posts"}],"about":[{"href":"https:\/\/webdelmaestrocmf.com\/portal\/wp-json\/wp\/v2\/types\/post"}],"author":[{"embeddable":true,"href":"https:\/\/webdelmaestrocmf.com\/portal\/wp-json\/wp\/v2\/users\/1"}],"replies":[{"embeddable":true,"href":"https:\/\/webdelmaestrocmf.com\/portal\/wp-json\/wp\/v2\/comments?post=63110"}],"version-history":[{"count":0,"href":"https:\/\/webdelmaestrocmf.com\/portal\/wp-json\/wp\/v2\/posts\/63110\/revisions"}],"wp:featuredmedia":[{"embeddable":true,"href":"https:\/\/webdelmaestrocmf.com\/portal\/wp-json\/wp\/v2\/media\/63119"}],"wp:attachment":[{"href":"https:\/\/webdelmaestrocmf.com\/portal\/wp-json\/wp\/v2\/media?parent=63110"}],"wp:term":[{"taxonomy":"category","embeddable":true,"href":"https:\/\/webdelmaestrocmf.com\/portal\/wp-json\/wp\/v2\/categories?post=63110"},{"taxonomy":"post_tag","embeddable":true,"href":"https:\/\/webdelmaestrocmf.com\/portal\/wp-json\/wp\/v2\/tags?post=63110"}],"curies":[{"name":"wp","href":"https:\/\/api.w.org\/{rel}","templated":true}]}}